{"id":296806,"date":"2024-06-13T15:30:10","date_gmt":"2024-06-13T20:30:10","guid":{"rendered":"https:\/\/www.fiscalia.gov.co\/colombia\/?p=296806"},"modified":"2024-06-13T15:30:10","modified_gmt":"2024-06-13T20:30:10","slug":"en-san-andres-fiscalia-logra-una-medida-y-una-condena-por-porte-de-armas-de-fuego","status":"publish","type":"post","link":"https:\/\/www.fiscalia.gov.co\/colombia\/noticias\/en-san-andres-fiscalia-logra-una-medida-y-una-condena-por-porte-de-armas-de-fuego\/","title":{"rendered":"En San Andr\u00e9s, Fiscal\u00eda logra una medida y una condena por porte de armas de fuego"},"content":{"rendered":"<div>\n<p>Fiscales de la Seccional San Andr\u00e9s Isla lograron, en investigaciones diferentes, que enviaran a la c\u00e1rcel a un hombre por portar armas ilegalmente. Adem\u00e1s, otra persona fue condenada por el mismo delito.<\/p>\n<ul>\n<li>En el primer caso un juez de control de garant\u00edas acogi\u00f3 la petici\u00f3n de un fiscal seccional e impuso medida de aseguramiento en establecimiento carcelario contra Samir Andr\u00e9s Meza Lora, capturado por la Polic\u00eda en el sector de Morislanding del archipi\u00e9lago, el pasado 10 de junio.<\/li>\n<\/ul>\n<figure id=\"attachment_296807\" aria-describedby=\"caption-attachment-296807\" style=\"width: 252px\" class=\"wp-caption aligncenter\"><img loading=\"lazy\" decoding=\"async\" class=\"size-medium wp-image-296807\" src=\"https:\/\/www.fiscalia.gov.co\/colombia\/wp-content\/uploads\/Foto-1-boletin-13-de-junio-medida-de-aseguramiento-porte-de-arma--252x300.jpeg\" alt=\"En la foto est\u00e1 el rostro de un hombre joven, moreno, cabellos cortos crespos, de frente ancha amplia, labios gruesos, vestido con una camiseta blanca. Se encuentra sentado en una silla al interior de una oficina asistiendo virtualmente a la audiencia donde se le proces\u00f3.\" width=\"252\" height=\"300\" srcset=\"https:\/\/www.fiscalia.gov.co\/colombia\/wp-content\/uploads\/Foto-1-boletin-13-de-junio-medida-de-aseguramiento-porte-de-arma--252x300.jpeg 252w, https:\/\/www.fiscalia.gov.co\/colombia\/wp-content\/uploads\/Foto-1-boletin-13-de-junio-medida-de-aseguramiento-porte-de-arma--860x1024.jpeg 860w, https:\/\/www.fiscalia.gov.co\/colombia\/wp-content\/uploads\/Foto-1-boletin-13-de-junio-medida-de-aseguramiento-porte-de-arma--768x915.jpeg 768w, https:\/\/www.fiscalia.gov.co\/colombia\/wp-content\/uploads\/Foto-1-boletin-13-de-junio-medida-de-aseguramiento-porte-de-arma--696x829.jpeg 696w, https:\/\/www.fiscalia.gov.co\/colombia\/wp-content\/uploads\/Foto-1-boletin-13-de-junio-medida-de-aseguramiento-porte-de-arma--353x420.jpeg 353w, https:\/\/www.fiscalia.gov.co\/colombia\/wp-content\/uploads\/Foto-1-boletin-13-de-junio-medida-de-aseguramiento-porte-de-arma-.jpeg 1048w\" sizes=\"auto, (max-width: 252px) 100vw, 252px\" \/><figcaption id=\"caption-attachment-296807\" class=\"wp-caption-text\">Imagen de audiencia. Samir Andr\u00e9s Meza Lora, cumplir\u00e1 la medida de aseguramiento en la c\u00e1rcel Nueva Esperanza de San Andr\u00e9s.<\/figcaption><\/figure>\n<p><strong><em>Le\u00a0<\/em>puede<em>\u00a0interesar: <\/em><\/strong><a href=\"https:\/\/www.fiscalia.gov.co\/colombia\/noticias\/por-porte-de-armas-seis-hombres-fueron-enviados-a-la-carcel-en-bolivar\/\" data-saferedirecturl=\"https:\/\/www.google.com\/url?q=https:\/\/www.fiscalia.gov.co\/colombia\/noticias\/por-porte-de-armas-seis-hombres-fueron-enviados-a-la-carcel-en-bolivar\/&amp;source=gmail&amp;ust=1718396367102000&amp;usg=AOvVaw1_KnmsIKFLbB0RnX8uzl_z\">Por porte de armas seis hombres fueron enviados a la c\u00e1rcel en Bol\u00edvar<\/a><\/p>\n<p>El procesado, de 23 a\u00f1os, se desplazaba en un veh\u00edculo y huy\u00f3 al notar la presencia de las autoridades, pero fue interceptado metros adelante. En su poder le fue hallada una pistola 9 mm, un proveedor y cinco cartuchos sin los respectivos permisos de porte.<\/p>\n<p>Su reclusi\u00f3n se llevar\u00e1 a cabo en la c\u00e1rcel Nueva Esperanza de la isla, por su presunta responsabilidad en el delito de fabricaci\u00f3n, tr\u00e1fico o porte de armas de fuego.<\/p>\n<ul>\n<li>Por otra parte, las pruebas que present\u00f3 la Fiscal\u00eda permitieron que un juez de conocimiento condenara a 5 a\u00f1os y 5 meses de prisi\u00f3n a Derick Andrew Bernard Mosquito, por hechos acontecidos el 17 de febrero de 2023.<\/li>\n<\/ul>\n<figure id=\"attachment_296808\" aria-describedby=\"caption-attachment-296808\" style=\"width: 232px\" class=\"wp-caption aligncenter\"><img loading=\"lazy\" decoding=\"async\" class=\"size-medium wp-image-296808\" src=\"https:\/\/www.fiscalia.gov.co\/colombia\/wp-content\/uploads\/Foto-2-boletin-13-de-junio-condena-porte-de-arma-de-fuego-232x300.jpeg\" alt=\"En la imagen a blanco y negro est\u00e1 el rostro de un hombre moreno, de contextura gruesa, con barba, cabellos cortos negros, cejas pobladas, ojos peque\u00f1os, boca mediana que se encuentra vestido con una camiseta negra.\" width=\"232\" height=\"300\" srcset=\"https:\/\/www.fiscalia.gov.co\/colombia\/wp-content\/uploads\/Foto-2-boletin-13-de-junio-condena-porte-de-arma-de-fuego-232x300.jpeg 232w, https:\/\/www.fiscalia.gov.co\/colombia\/wp-content\/uploads\/Foto-2-boletin-13-de-junio-condena-porte-de-arma-de-fuego-792x1024.jpeg 792w, https:\/\/www.fiscalia.gov.co\/colombia\/wp-content\/uploads\/Foto-2-boletin-13-de-junio-condena-porte-de-arma-de-fuego-768x993.jpeg 768w, https:\/\/www.fiscalia.gov.co\/colombia\/wp-content\/uploads\/Foto-2-boletin-13-de-junio-condena-porte-de-arma-de-fuego-696x900.jpeg 696w, https:\/\/www.fiscalia.gov.co\/colombia\/wp-content\/uploads\/Foto-2-boletin-13-de-junio-condena-porte-de-arma-de-fuego-325x420.jpeg 325w, https:\/\/www.fiscalia.gov.co\/colombia\/wp-content\/uploads\/Foto-2-boletin-13-de-junio-condena-porte-de-arma-de-fuego.jpeg 968w\" sizes=\"auto, (max-width: 232px) 100vw, 232px\" \/><figcaption id=\"caption-attachment-296808\" class=\"wp-caption-text\">Derick Andrew Bernard Mosquito, condenado por el delito de fabricaci\u00f3n, tr\u00e1fico o porte de arma de uso privativo de las Fuerzas Armadas.<\/figcaption><\/figure>\n<p>El condenado fue capturado en una diligencia de registro y allanamiento, en el barrio La Gaviota, con un arma de fuego de uso privativo de las Fuerzas Armadas, un proveedor y cinco cartuchos calibre 9 mm.<\/p>\n<p>&nbsp;<\/p>\n<p>La decisi\u00f3n judicial se da tras el preacuerdo que realiz\u00f3 el hoy sentenciado con el ente acusador por el delito de fabricaci\u00f3n, tr\u00e1fico o porte de arma de fuego de uso privativo de las Fuerzas Armadas. Bernard Mosquito se encuentra privado de la libertad en centro carcelario fuera de San Andr\u00e9s.<\/p>\n<p>&nbsp;<\/p>\n<p>&nbsp;<\/p>\n<p>&nbsp;<\/p>\n<p>Esta informaci\u00f3n se publica por razones de inter\u00e9s general.<\/p>\n<p>&nbsp;<\/p>\n<p>&nbsp;<\/p>\n<p>MEVA\/LMFO\/MAGA\/AA\/ID\/TAM\/DSSPS<\/p>\n<p>&nbsp;<\/p>\n<p>&nbsp;<\/p>\n<p>&nbsp;<\/p>\n<p><em>La informaci\u00f3n contenida en este bolet\u00edn de prensa corresponde a la narraci\u00f3n de los hechos noticiosos objetivos, suministrados por los funcionarios encargados de adelantar las investigaciones penales al interior de la Fiscal\u00eda General de la Naci\u00f3n. Para el momento de la divulgaci\u00f3n de este comunicado, la situaci\u00f3n jur\u00eddica de la(s) persona(s) relacionada(s) se encuentra pendiente de resolver por la autoridad judicial competente, siempre bajo los preceptos de la presunci\u00f3n de inocencia, consagrados en el art\u00edculo 29 de la Constituci\u00f3n Pol\u00edtica y el art\u00edculo 7\u00ba de la Ley 906 de 2004.<\/em><\/p>\n<\/div>\n\n<div class=\"twitter-share\"><a href=\"https:\/\/twitter.com\/intent\/tweet?via=fiscaliacol\" class=\"twitter-share-button\">Tweet<\/a><\/div>\n","protected":false},"excerpt":{"rendered":"<p>Fiscales de la Seccional San Andr\u00e9s Isla lograron, en investigaciones diferentes, que enviaran a la c\u00e1rcel a un hombre por portar armas ilegalmente. Adem\u00e1s, otra persona fue condenada por el [&hellip;]<\/p>\n","protected":false},"author":178,"featured_media":0,"comment_status":"closed","ping_status":"open","sticky":false,"template":"","format":"standard","meta":{"tdm_status":"","tdm_grid_status":"","footnotes":""},"categories":[1,24133,303,24099],"tags":[14550,293,24187,1047,1185,558,933,24237,31013,11515],"class_list":["post-296806","post","type-post","status-publish","format-standard","category-noticias","category-seccional-san-andres","category-seccionales","category-seguridad-territorial","tag-carcel","tag-condena","tag-fiscalia-colombia","tag-fiscalia-general-de-la-nacion","tag-medida-de-aseguramiento","tag-policia-nacional","tag-porte-ilegal-de-armas","tag-prision","tag-san-andres-isla","tag-uso-privativo"],"yoast_head":"<!-- This site is optimized with the Yoast SEO plugin v24.3 - https:\/\/yoast.com\/wordpress\/plugins\/seo\/ -->\n<title>Fiscal\u00eda General de la Naci\u00f3n<\/title>\n<meta name=\"description\" content=\"P\u00e1gina oficial de la Fiscal\u00eda General de la Naci\u00f3n \u2013 Colombia. Garantizamos el acceso efectivo a la justicia, la verdad y la reparaci\u00f3n de las v\u00edctimas de los delitos.\" \/>\n<meta name=\"robots\" content=\"noindex, follow\" \/>\n<meta property=\"og:locale\" content=\"es_ES\" \/>\n<meta property=\"og:type\" content=\"article\" \/>\n<meta property=\"og:title\" content=\"Fiscal\u00eda General de la Naci\u00f3n\" \/>\n<meta property=\"og:description\" content=\"P\u00e1gina oficial de la Fiscal\u00eda General de la Naci\u00f3n \u2013 Colombia. Garantizamos el acceso efectivo a la justicia, la verdad y la reparaci\u00f3n de las v\u00edctimas de los delitos.\" \/>\n<meta property=\"og:url\" content=\"https:\/\/www.fiscalia.gov.co\/colombia\/noticias\/en-san-andres-fiscalia-logra-una-medida-y-una-condena-por-porte-de-armas-de-fuego\/\" \/>\n<meta property=\"og:site_name\" content=\"Fiscal\u00eda General de la Naci\u00f3n\" \/>\n<meta property=\"article:publisher\" content=\"https:\/\/www.facebook.com\/FiscaliaCol\" \/>\n<meta property=\"article:published_time\" content=\"2024-06-13T20:30:10+00:00\" \/>\n<meta property=\"og:image\" content=\"https:\/\/www.fiscalia.gov.co\/colombia\/wp-content\/uploads\/Foto-1-boletin-13-de-junio-medida-de-aseguramiento-porte-de-arma--252x300.jpeg\" \/>\n<meta name=\"author\" content=\"Winnie Geraldine Rodr\u00edguez Navarrete\" \/>\n<meta name=\"twitter:card\" content=\"summary_large_image\" \/>\n<meta name=\"twitter:creator\" content=\"@FiscaliaCol\" \/>\n<meta name=\"twitter:site\" content=\"@FiscaliaCol\" \/>\n<meta name=\"twitter:label1\" content=\"Escrito por\" \/>\n\t<meta name=\"twitter:data1\" content=\"Winnie Geraldine Rodr\u00edguez Navarrete\" \/>\n\t<meta name=\"twitter:label2\" content=\"Tiempo de lectura\" \/>\n\t<meta name=\"twitter:data2\" content=\"3 minutos\" \/>\n<script type=\"application\/ld+json\" class=\"yoast-schema-graph\">{\"@context\":\"https:\/\/schema.org\",\"@graph\":[{\"@type\":\"Article\",\"@id\":\"https:\/\/www.fiscalia.gov.co\/colombia\/noticias\/en-san-andres-fiscalia-logra-una-medida-y-una-condena-por-porte-de-armas-de-fuego\/#article\",\"isPartOf\":{\"@id\":\"https:\/\/www.fiscalia.gov.co\/colombia\/noticias\/en-san-andres-fiscalia-logra-una-medida-y-una-condena-por-porte-de-armas-de-fuego\/\"},\"author\":{\"name\":\"Winnie Geraldine Rodr\u00edguez Navarrete\",\"@id\":\"https:\/\/www.fiscalia.gov.co\/colombia\/#\/schema\/person\/176195b99ebab0a52aafa15197e1bf80\"},\"headline\":\"En San Andr\u00e9s, Fiscal\u00eda logra una medida y una condena por porte de armas de fuego\",\"datePublished\":\"2024-06-13T20:30:10+00:00\",\"dateModified\":\"2024-06-13T20:30:10+00:00\",\"mainEntityOfPage\":{\"@id\":\"https:\/\/www.fiscalia.gov.co\/colombia\/noticias\/en-san-andres-fiscalia-logra-una-medida-y-una-condena-por-porte-de-armas-de-fuego\/\"},\"wordCount\":517,\"publisher\":{\"@id\":\"https:\/\/www.fiscalia.gov.co\/colombia\/#organization\"},\"image\":{\"@id\":\"https:\/\/www.fiscalia.gov.co\/colombia\/noticias\/en-san-andres-fiscalia-logra-una-medida-y-una-condena-por-porte-de-armas-de-fuego\/#primaryimage\"},\"thumbnailUrl\":\"https:\/\/www.fiscalia.gov.co\/colombia\/wp-content\/uploads\/Foto-1-boletin-13-de-junio-medida-de-aseguramiento-porte-de-arma--252x300.jpeg\",\"keywords\":[\"C\u00e1rcel\",\"Condena\",\"Fiscal\u00eda Colombia\",\"Fiscal\u00eda General de la Naci\u00f3n\",\"Medida de aseguramiento\",\"Polic\u00eda Nacional\",\"Porte ilegal de armas\",\"prisi\u00f3n\",\"San Andr\u00e9s Isla\",\"Uso privativo\"],\"articleSection\":[\"Noticias\",\"Seccional San Andr\u00e9s\",\"Seccionales\",\"Seguridad territorial\"],\"inLanguage\":\"es-CO\"},{\"@type\":\"WebPage\",\"@id\":\"https:\/\/www.fiscalia.gov.co\/colombia\/noticias\/en-san-andres-fiscalia-logra-una-medida-y-una-condena-por-porte-de-armas-de-fuego\/\",\"url\":\"https:\/\/www.fiscalia.gov.co\/colombia\/noticias\/en-san-andres-fiscalia-logra-una-medida-y-una-condena-por-porte-de-armas-de-fuego\/\",\"name\":\"Fiscal\u00eda General de la Naci\u00f3n\",\"isPartOf\":{\"@id\":\"https:\/\/www.fiscalia.gov.co\/colombia\/#website\"},\"primaryImageOfPage\":{\"@id\":\"https:\/\/www.fiscalia.gov.co\/colombia\/noticias\/en-san-andres-fiscalia-logra-una-medida-y-una-condena-por-porte-de-armas-de-fuego\/#primaryimage\"},\"image\":{\"@id\":\"https:\/\/www.fiscalia.gov.co\/colombia\/noticias\/en-san-andres-fiscalia-logra-una-medida-y-una-condena-por-porte-de-armas-de-fuego\/#primaryimage\"},\"thumbnailUrl\":\"https:\/\/www.fiscalia.gov.co\/colombia\/wp-content\/uploads\/Foto-1-boletin-13-de-junio-medida-de-aseguramiento-porte-de-arma--252x300.jpeg\",\"datePublished\":\"2024-06-13T20:30:10+00:00\",\"dateModified\":\"2024-06-13T20:30:10+00:00\",\"description\":\"P\u00e1gina oficial de la Fiscal\u00eda General de la Naci\u00f3n \u2013 Colombia. Garantizamos el acceso efectivo a la justicia, la verdad y la reparaci\u00f3n de las v\u00edctimas de los delitos.\",\"breadcrumb\":{\"@id\":\"https:\/\/www.fiscalia.gov.co\/colombia\/noticias\/en-san-andres-fiscalia-logra-una-medida-y-una-condena-por-porte-de-armas-de-fuego\/#breadcrumb\"},\"inLanguage\":\"es-CO\",\"potentialAction\":[{\"@type\":\"ReadAction\",\"target\":[\"https:\/\/www.fiscalia.gov.co\/colombia\/noticias\/en-san-andres-fiscalia-logra-una-medida-y-una-condena-por-porte-de-armas-de-fuego\/\"]}]},{\"@type\":\"ImageObject\",\"inLanguage\":\"es-CO\",\"@id\":\"https:\/\/www.fiscalia.gov.co\/colombia\/noticias\/en-san-andres-fiscalia-logra-una-medida-y-una-condena-por-porte-de-armas-de-fuego\/#primaryimage\",\"url\":\"https:\/\/www.fiscalia.gov.co\/colombia\/wp-content\/uploads\/Foto-1-boletin-13-de-junio-medida-de-aseguramiento-porte-de-arma--252x300.jpeg\",\"contentUrl\":\"https:\/\/www.fiscalia.gov.co\/colombia\/wp-content\/uploads\/Foto-1-boletin-13-de-junio-medida-de-aseguramiento-porte-de-arma--252x300.jpeg\"},{\"@type\":\"BreadcrumbList\",\"@id\":\"https:\/\/www.fiscalia.gov.co\/colombia\/noticias\/en-san-andres-fiscalia-logra-una-medida-y-una-condena-por-porte-de-armas-de-fuego\/#breadcrumb\",\"itemListElement\":[{\"@type\":\"ListItem\",\"position\":1,\"name\":\"Home\",\"item\":\"https:\/\/www.fiscalia.gov.co\/colombia\/\"},{\"@type\":\"ListItem\",\"position\":2,\"name\":\"En San Andr\u00e9s, Fiscal\u00eda logra una medida y una condena por porte de armas de fuego\"}]},{\"@type\":\"WebSite\",\"@id\":\"https:\/\/www.fiscalia.gov.co\/colombia\/#website\",\"url\":\"https:\/\/www.fiscalia.gov.co\/colombia\/\",\"name\":\"Fiscal\u00eda General de la Naci\u00f3n\",\"description\":\"P\u00e1gina oficial de la Fiscal\u00eda General de la Naci\u00f3n \u2013 Colombia. Garantizamos el acceso efectivo a la justicia, la verdad y la reparaci\u00f3n de las v\u00edctimas de los delitos.\",\"publisher\":{\"@id\":\"https:\/\/www.fiscalia.gov.co\/colombia\/#organization\"},\"potentialAction\":[{\"@type\":\"SearchAction\",\"target\":{\"@type\":\"EntryPoint\",\"urlTemplate\":\"https:\/\/www.fiscalia.gov.co\/colombia\/?s={search_term_string}\"},\"query-input\":{\"@type\":\"PropertyValueSpecification\",\"valueRequired\":true,\"valueName\":\"search_term_string\"}}],\"inLanguage\":\"es-CO\"},{\"@type\":\"Organization\",\"@id\":\"https:\/\/www.fiscalia.gov.co\/colombia\/#organization\",\"name\":\"Fiscal\u00eda General de la Naci\u00f3n\",\"url\":\"https:\/\/www.fiscalia.gov.co\/colombia\/\",\"logo\":{\"@type\":\"ImageObject\",\"inLanguage\":\"es-CO\",\"@id\":\"https:\/\/www.fiscalia.gov.co\/colombia\/#\/schema\/logo\/image\/\",\"url\":\"https:\/\/www.fiscalia.gov.co\/colombia\/wp-content\/uploads\/LogoHorizontal_1.jpg\",\"contentUrl\":\"https:\/\/www.fiscalia.gov.co\/colombia\/wp-content\/uploads\/LogoHorizontal_1.jpg\",\"width\":300,\"height\":90,\"caption\":\"Fiscal\u00eda General de la Naci\u00f3n\"},\"image\":{\"@id\":\"https:\/\/www.fiscalia.gov.co\/colombia\/#\/schema\/logo\/image\/\"},\"sameAs\":[\"https:\/\/www.facebook.com\/FiscaliaCol\",\"https:\/\/x.com\/FiscaliaCol\",\"https:\/\/www.instagram.com\/fiscaliacol\",\"https:\/\/www.linkedin.com\/company\/fiscalia-general-de-la-naci-n\/\",\"https:\/\/youtube.com\/@fiscaliageneraldelanacion-4668?si=6nN79nyQICPU5iTh\"]},{\"@type\":\"Person\",\"@id\":\"https:\/\/www.fiscalia.gov.co\/colombia\/#\/schema\/person\/176195b99ebab0a52aafa15197e1bf80\",\"name\":\"Winnie Geraldine Rodr\u00edguez Navarrete\",\"image\":{\"@type\":\"ImageObject\",\"inLanguage\":\"es-CO\",\"@id\":\"https:\/\/www.fiscalia.gov.co\/colombia\/#\/schema\/person\/image\/\",\"url\":\"https:\/\/secure.gravatar.com\/avatar\/c24cf8481dc84fa5e8c7b20bc95ab0c6?s=96&d=mm&r=g\",\"contentUrl\":\"https:\/\/secure.gravatar.com\/avatar\/c24cf8481dc84fa5e8c7b20bc95ab0c6?s=96&d=mm&r=g\",\"caption\":\"Winnie Geraldine Rodr\u00edguez Navarrete\"},\"url\":\"https:\/\/www.fiscalia.gov.co\/colombia\/author\/winnierodriguez\/\"}]}<\/script>\n<!-- \/ Yoast SEO plugin. -->","yoast_head_json":{"title":"Fiscal\u00eda General de la Naci\u00f3n","description":"P\u00e1gina oficial de la Fiscal\u00eda General de la Naci\u00f3n \u2013 Colombia. Garantizamos el acceso efectivo a la justicia, la verdad y la reparaci\u00f3n de las v\u00edctimas de los delitos.","robots":{"index":"noindex","follow":"follow"},"og_locale":"es_ES","og_type":"article","og_title":"Fiscal\u00eda General de la Naci\u00f3n","og_description":"P\u00e1gina oficial de la Fiscal\u00eda General de la Naci\u00f3n \u2013 Colombia. Garantizamos el acceso efectivo a la justicia, la verdad y la reparaci\u00f3n de las v\u00edctimas de los delitos.","og_url":"https:\/\/www.fiscalia.gov.co\/colombia\/noticias\/en-san-andres-fiscalia-logra-una-medida-y-una-condena-por-porte-de-armas-de-fuego\/","og_site_name":"Fiscal\u00eda General de la Naci\u00f3n","article_publisher":"https:\/\/www.facebook.com\/FiscaliaCol","article_published_time":"2024-06-13T20:30:10+00:00","og_image":[{"url":"https:\/\/www.fiscalia.gov.co\/colombia\/wp-content\/uploads\/Foto-1-boletin-13-de-junio-medida-de-aseguramiento-porte-de-arma--252x300.jpeg","type":"","width":"","height":""}],"author":"Winnie Geraldine Rodr\u00edguez Navarrete","twitter_card":"summary_large_image","twitter_creator":"@FiscaliaCol","twitter_site":"@FiscaliaCol","twitter_misc":{"Escrito por":"Winnie Geraldine Rodr\u00edguez Navarrete","Tiempo de lectura":"3 minutos"},"schema":{"@context":"https:\/\/schema.org","@graph":[{"@type":"Article","@id":"https:\/\/www.fiscalia.gov.co\/colombia\/noticias\/en-san-andres-fiscalia-logra-una-medida-y-una-condena-por-porte-de-armas-de-fuego\/#article","isPartOf":{"@id":"https:\/\/www.fiscalia.gov.co\/colombia\/noticias\/en-san-andres-fiscalia-logra-una-medida-y-una-condena-por-porte-de-armas-de-fuego\/"},"author":{"name":"Winnie Geraldine Rodr\u00edguez Navarrete","@id":"https:\/\/www.fiscalia.gov.co\/colombia\/#\/schema\/person\/176195b99ebab0a52aafa15197e1bf80"},"headline":"En San Andr\u00e9s, Fiscal\u00eda logra una medida y una condena por porte de armas de fuego","datePublished":"2024-06-13T20:30:10+00:00","dateModified":"2024-06-13T20:30:10+00:00","mainEntityOfPage":{"@id":"https:\/\/www.fiscalia.gov.co\/colombia\/noticias\/en-san-andres-fiscalia-logra-una-medida-y-una-condena-por-porte-de-armas-de-fuego\/"},"wordCount":517,"publisher":{"@id":"https:\/\/www.fiscalia.gov.co\/colombia\/#organization"},"image":{"@id":"https:\/\/www.fiscalia.gov.co\/colombia\/noticias\/en-san-andres-fiscalia-logra-una-medida-y-una-condena-por-porte-de-armas-de-fuego\/#primaryimage"},"thumbnailUrl":"https:\/\/www.fiscalia.gov.co\/colombia\/wp-content\/uploads\/Foto-1-boletin-13-de-junio-medida-de-aseguramiento-porte-de-arma--252x300.jpeg","keywords":["C\u00e1rcel","Condena","Fiscal\u00eda Colombia","Fiscal\u00eda General de la Naci\u00f3n","Medida de aseguramiento","Polic\u00eda Nacional","Porte ilegal de armas","prisi\u00f3n","San Andr\u00e9s Isla","Uso privativo"],"articleSection":["Noticias","Seccional San Andr\u00e9s","Seccionales","Seguridad territorial"],"inLanguage":"es-CO"},{"@type":"WebPage","@id":"https:\/\/www.fiscalia.gov.co\/colombia\/noticias\/en-san-andres-fiscalia-logra-una-medida-y-una-condena-por-porte-de-armas-de-fuego\/","url":"https:\/\/www.fiscalia.gov.co\/colombia\/noticias\/en-san-andres-fiscalia-logra-una-medida-y-una-condena-por-porte-de-armas-de-fuego\/","name":"Fiscal\u00eda General de la Naci\u00f3n","isPartOf":{"@id":"https:\/\/www.fiscalia.gov.co\/colombia\/#website"},"primaryImageOfPage":{"@id":"https:\/\/www.fiscalia.gov.co\/colombia\/noticias\/en-san-andres-fiscalia-logra-una-medida-y-una-condena-por-porte-de-armas-de-fuego\/#primaryimage"},"image":{"@id":"https:\/\/www.fiscalia.gov.co\/colombia\/noticias\/en-san-andres-fiscalia-logra-una-medida-y-una-condena-por-porte-de-armas-de-fuego\/#primaryimage"},"thumbnailUrl":"https:\/\/www.fiscalia.gov.co\/colombia\/wp-content\/uploads\/Foto-1-boletin-13-de-junio-medida-de-aseguramiento-porte-de-arma--252x300.jpeg","datePublished":"2024-06-13T20:30:10+00:00","dateModified":"2024-06-13T20:30:10+00:00","description":"P\u00e1gina oficial de la Fiscal\u00eda General de la Naci\u00f3n \u2013 Colombia. Garantizamos el acceso efectivo a la justicia, la verdad y la reparaci\u00f3n de las v\u00edctimas de los delitos.","breadcrumb":{"@id":"https:\/\/www.fiscalia.gov.co\/colombia\/noticias\/en-san-andres-fiscalia-logra-una-medida-y-una-condena-por-porte-de-armas-de-fuego\/#breadcrumb"},"inLanguage":"es-CO","potentialAction":[{"@type":"ReadAction","target":["https:\/\/www.fiscalia.gov.co\/colombia\/noticias\/en-san-andres-fiscalia-logra-una-medida-y-una-condena-por-porte-de-armas-de-fuego\/"]}]},{"@type":"ImageObject","inLanguage":"es-CO","@id":"https:\/\/www.fiscalia.gov.co\/colombia\/noticias\/en-san-andres-fiscalia-logra-una-medida-y-una-condena-por-porte-de-armas-de-fuego\/#primaryimage","url":"https:\/\/www.fiscalia.gov.co\/colombia\/wp-content\/uploads\/Foto-1-boletin-13-de-junio-medida-de-aseguramiento-porte-de-arma--252x300.jpeg","contentUrl":"https:\/\/www.fiscalia.gov.co\/colombia\/wp-content\/uploads\/Foto-1-boletin-13-de-junio-medida-de-aseguramiento-porte-de-arma--252x300.jpeg"},{"@type":"BreadcrumbList","@id":"https:\/\/www.fiscalia.gov.co\/colombia\/noticias\/en-san-andres-fiscalia-logra-una-medida-y-una-condena-por-porte-de-armas-de-fuego\/#breadcrumb","itemListElement":[{"@type":"ListItem","position":1,"name":"Home","item":"https:\/\/www.fiscalia.gov.co\/colombia\/"},{"@type":"ListItem","position":2,"name":"En San Andr\u00e9s, Fiscal\u00eda logra una medida y una condena por porte de armas de fuego"}]},{"@type":"WebSite","@id":"https:\/\/www.fiscalia.gov.co\/colombia\/#website","url":"https:\/\/www.fiscalia.gov.co\/colombia\/","name":"Fiscal\u00eda General de la Naci\u00f3n","description":"P\u00e1gina oficial de la Fiscal\u00eda General de la Naci\u00f3n \u2013 Colombia. Garantizamos el acceso efectivo a la justicia, la verdad y la reparaci\u00f3n de las v\u00edctimas de los delitos.","publisher":{"@id":"https:\/\/www.fiscalia.gov.co\/colombia\/#organization"},"potentialAction":[{"@type":"SearchAction","target":{"@type":"EntryPoint","urlTemplate":"https:\/\/www.fiscalia.gov.co\/colombia\/?s={search_term_string}"},"query-input":{"@type":"PropertyValueSpecification","valueRequired":true,"valueName":"search_term_string"}}],"inLanguage":"es-CO"},{"@type":"Organization","@id":"https:\/\/www.fiscalia.gov.co\/colombia\/#organization","name":"Fiscal\u00eda General de la Naci\u00f3n","url":"https:\/\/www.fiscalia.gov.co\/colombia\/","logo":{"@type":"ImageObject","inLanguage":"es-CO","@id":"https:\/\/www.fiscalia.gov.co\/colombia\/#\/schema\/logo\/image\/","url":"https:\/\/www.fiscalia.gov.co\/colombia\/wp-content\/uploads\/LogoHorizontal_1.jpg","contentUrl":"https:\/\/www.fiscalia.gov.co\/colombia\/wp-content\/uploads\/LogoHorizontal_1.jpg","width":300,"height":90,"caption":"Fiscal\u00eda General de la Naci\u00f3n"},"image":{"@id":"https:\/\/www.fiscalia.gov.co\/colombia\/#\/schema\/logo\/image\/"},"sameAs":["https:\/\/www.facebook.com\/FiscaliaCol","https:\/\/x.com\/FiscaliaCol","https:\/\/www.instagram.com\/fiscaliacol","https:\/\/www.linkedin.com\/company\/fiscalia-general-de-la-naci-n\/","https:\/\/youtube.com\/@fiscaliageneraldelanacion-4668?si=6nN79nyQICPU5iTh"]},{"@type":"Person","@id":"https:\/\/www.fiscalia.gov.co\/colombia\/#\/schema\/person\/176195b99ebab0a52aafa15197e1bf80","name":"Winnie Geraldine Rodr\u00edguez Navarrete","image":{"@type":"ImageObject","inLanguage":"es-CO","@id":"https:\/\/www.fiscalia.gov.co\/colombia\/#\/schema\/person\/image\/","url":"https:\/\/secure.gravatar.com\/avatar\/c24cf8481dc84fa5e8c7b20bc95ab0c6?s=96&d=mm&r=g","contentUrl":"https:\/\/secure.gravatar.com\/avatar\/c24cf8481dc84fa5e8c7b20bc95ab0c6?s=96&d=mm&r=g","caption":"Winnie Geraldine Rodr\u00edguez Navarrete"},"url":"https:\/\/www.fiscalia.gov.co\/colombia\/author\/winnierodriguez\/"}]}},"_links":{"self":[{"href":"https:\/\/www.fiscalia.gov.co\/colombia\/wp-json\/wp\/v2\/posts\/296806","targetHints":{"allow":["GET"]}}],"collection":[{"href":"https:\/\/www.fiscalia.gov.co\/colombia\/wp-json\/wp\/v2\/posts"}],"about":[{"href":"https:\/\/www.fiscalia.gov.co\/colombia\/wp-json\/wp\/v2\/types\/post"}],"author":[{"embeddable":true,"href":"https:\/\/www.fiscalia.gov.co\/colombia\/wp-json\/wp\/v2\/users\/178"}],"replies":[{"embeddable":true,"href":"https:\/\/www.fiscalia.gov.co\/colombia\/wp-json\/wp\/v2\/comments?post=296806"}],"version-history":[{"count":1,"href":"https:\/\/www.fiscalia.gov.co\/colombia\/wp-json\/wp\/v2\/posts\/296806\/revisions"}],"predecessor-version":[{"id":296809,"href":"https:\/\/www.fiscalia.gov.co\/colombia\/wp-json\/wp\/v2\/posts\/296806\/revisions\/296809"}],"wp:attachment":[{"href":"https:\/\/www.fiscalia.gov.co\/colombia\/wp-json\/wp\/v2\/media?parent=296806"}],"wp:term":[{"taxonomy":"category","embeddable":true,"href":"https:\/\/www.fiscalia.gov.co\/colombia\/wp-json\/wp\/v2\/categories?post=296806"},{"taxonomy":"post_tag","embeddable":true,"href":"https:\/\/www.fiscalia.gov.co\/colombia\/wp-json\/wp\/v2\/tags?post=296806"}],"curies":[{"name":"wp","href":"https:\/\/api.w.org\/{rel}","templated":true}]}}