{"id":296722,"date":"2024-06-12T11:35:53","date_gmt":"2024-06-12T16:35:53","guid":{"rendered":"https:\/\/www.fiscalia.gov.co\/colombia\/?p=296722"},"modified":"2024-06-12T11:39:44","modified_gmt":"2024-06-12T16:39:44","slug":"fiscalia-judicializa-a-cuatro-mujeres-capturadas-con-estupefacientes-en-aeropuerto-de-cartagena","status":"publish","type":"post","link":"https:\/\/www.fiscalia.gov.co\/colombia\/noticias\/fiscalia-judicializa-a-cuatro-mujeres-capturadas-con-estupefacientes-en-aeropuerto-de-cartagena\/","title":{"rendered":"Fiscal\u00eda judicializa a cuatro mujeres capturadas con estupefacientes en aeropuerto de Cartagena"},"content":{"rendered":"<div>Fiscales de la Unidad de Reacci\u00f3n Inmediata (URI) judicializaron, en procesos distintos, a cuatro mujeres que, al parecer, fueron sorprendidas con estupefacientes en el aeropuerto Rafael N\u00fa\u00f1ez de Cartagena.<\/div>\n<div><\/div>\n<div>\u00b7\u00a0\u00a0\u00a0\u00a0\u00a0\u00a0\u00a0\u00a0 Claudia Yanet Guzm\u00e1n Gonz\u00e1lez y a Vanessa Bustamante Pacheco, ambas de 47 a\u00f1os, fueron capturadas, despu\u00e9s de que expulsaron empaques pl\u00e1sticos con 461 y 718 gramos de coca\u00edna, respectivamente, las cuales pensaban sacar del pa\u00eds con rumbo a Europa.<\/div>\n<div>\n<figure id=\"attachment_296727\" aria-describedby=\"caption-attachment-296727\" style=\"width: 382px\" class=\"wp-caption aligncenter\"><img loading=\"lazy\" decoding=\"async\" class=\" wp-image-296727\" src=\"https:\/\/www.fiscalia.gov.co\/colombia\/wp-content\/uploads\/Foto-1-boletin-12-de-junio-trafico-de-estupefacientes-300x169.jpeg\" alt=\"En la foto est\u00e1n dos mujeres de pie, con las cabezas agachadas, con los brazos atr\u00e1s, una se encuentra con sudadera gris, la otra con camiseta blanca y pantal\u00f3n negro, custodiadas por dos uniformados de la Polic\u00eda Nacional. Delante de ellos hay una mesa con la droga incautada.\" width=\"382\" height=\"215\" srcset=\"https:\/\/www.fiscalia.gov.co\/colombia\/wp-content\/uploads\/Foto-1-boletin-12-de-junio-trafico-de-estupefacientes-300x169.jpeg 300w, https:\/\/www.fiscalia.gov.co\/colombia\/wp-content\/uploads\/Foto-1-boletin-12-de-junio-trafico-de-estupefacientes-1024x576.jpeg 1024w, https:\/\/www.fiscalia.gov.co\/colombia\/wp-content\/uploads\/Foto-1-boletin-12-de-junio-trafico-de-estupefacientes-768x432.jpeg 768w, https:\/\/www.fiscalia.gov.co\/colombia\/wp-content\/uploads\/Foto-1-boletin-12-de-junio-trafico-de-estupefacientes-1536x864.jpeg 1536w, https:\/\/www.fiscalia.gov.co\/colombia\/wp-content\/uploads\/Foto-1-boletin-12-de-junio-trafico-de-estupefacientes-696x392.jpeg 696w, https:\/\/www.fiscalia.gov.co\/colombia\/wp-content\/uploads\/Foto-1-boletin-12-de-junio-trafico-de-estupefacientes-1068x601.jpeg 1068w, https:\/\/www.fiscalia.gov.co\/colombia\/wp-content\/uploads\/Foto-1-boletin-12-de-junio-trafico-de-estupefacientes-747x420.jpeg 747w, https:\/\/www.fiscalia.gov.co\/colombia\/wp-content\/uploads\/Foto-1-boletin-12-de-junio-trafico-de-estupefacientes.jpeg 1600w\" sizes=\"auto, (max-width: 382px) 100vw, 382px\" \/><figcaption id=\"caption-attachment-296727\" class=\"wp-caption-text\">Claudia Yanet Guzm\u00e1n Gonz\u00e1lez y a Vanessa Bustamante Pacheco, cumplir\u00e1n las medidas de aseguramiento en Bogot\u00e1.<\/figcaption><\/figure>\n<\/div>\n<div><\/div>\n<div>Por disposici\u00f3n judicial, Guzm\u00e1n Gonz\u00e1lez cumplir\u00e1 la medida de aseguramiento en centro carcelario de Bogot\u00e1, mientras que Bustamante Pacheco lo har\u00e1 en un lugar de domicilio de la misma ciudad.<\/div>\n<div><\/div>\n<div>\u00b7\u00a0\u00a0\u00a0\u00a0\u00a0\u00a0\u00a0\u00a0 Tambi\u00e9n fue detenida Ruth Cecilia Hern\u00e1ndez Sep\u00falveda de 59 a\u00f1os, cuando intentaba abordar un vuelo con rumbo a Amsterdam. Al realizarle un monitoreo con placas de rayos X le hallaron en su cuerpo un elemento extra\u00f1o que conten\u00edan 671 gramos de coca\u00edna. Su reclusi\u00f3n se llevar\u00e1 a cabo en un centro carcelario de Cartagena.<\/div>\n<div><\/div>\n<div>\n<figure id=\"attachment_296729\" aria-describedby=\"caption-attachment-296729\" style=\"width: 421px\" class=\"wp-caption aligncenter\"><img loading=\"lazy\" decoding=\"async\" class=\" wp-image-296729\" src=\"https:\/\/www.fiscalia.gov.co\/colombia\/wp-content\/uploads\/Foto-2-boletin-12-de-junio-estupefacientes-300x169.jpeg\" alt=\"En la imagen est\u00e1 el medio cuerpo de una mujer, de cabellos negros recogido, piel blanca, se encuentra sentada frente a un escritorio de madera con micr\u00f3fono, vestida con un buzo blanco en la audiencia en la que se le proces\u00f3.\" width=\"421\" height=\"237\" srcset=\"https:\/\/www.fiscalia.gov.co\/colombia\/wp-content\/uploads\/Foto-2-boletin-12-de-junio-estupefacientes-300x169.jpeg 300w, https:\/\/www.fiscalia.gov.co\/colombia\/wp-content\/uploads\/Foto-2-boletin-12-de-junio-estupefacientes-1024x576.jpeg 1024w, https:\/\/www.fiscalia.gov.co\/colombia\/wp-content\/uploads\/Foto-2-boletin-12-de-junio-estupefacientes-768x432.jpeg 768w, https:\/\/www.fiscalia.gov.co\/colombia\/wp-content\/uploads\/Foto-2-boletin-12-de-junio-estupefacientes-1536x864.jpeg 1536w, https:\/\/www.fiscalia.gov.co\/colombia\/wp-content\/uploads\/Foto-2-boletin-12-de-junio-estupefacientes-696x392.jpeg 696w, https:\/\/www.fiscalia.gov.co\/colombia\/wp-content\/uploads\/Foto-2-boletin-12-de-junio-estupefacientes-1068x601.jpeg 1068w, https:\/\/www.fiscalia.gov.co\/colombia\/wp-content\/uploads\/Foto-2-boletin-12-de-junio-estupefacientes-747x420.jpeg 747w, https:\/\/www.fiscalia.gov.co\/colombia\/wp-content\/uploads\/Foto-2-boletin-12-de-junio-estupefacientes.jpeg 1600w\" sizes=\"auto, (max-width: 421px) 100vw, 421px\" \/><figcaption id=\"caption-attachment-296729\" class=\"wp-caption-text\">Imagen de audiencia. Ruth Cecilia Hern\u00e1ndez Sep\u00falveda, judicializada por la Fiscal\u00eda.<\/figcaption><\/figure>\n<\/div>\n<div><\/div>\n<div>\n<div>\u00a0<b><i>Le\u00a0<\/i>puede<i>\u00a0interesar: <\/i><\/b><a id=\"m_-7465226249911783384OWA09c0db53-1bed-cea0-7883-3f83fdde1c5e\" title=\"Cae se\u00f1alado articulador de red narcotraficante a la que se le atribuye el env\u00edo de coca\u00edna a Europa y Asia\" href=\"https:\/\/www.fiscalia.gov.co\/colombia\/noticias\/cae-senalado-articulador-de-red-narcotraficante-a-la-que-se-le-atribuye-el-envio-de-cocaina-a-europa-y-asia\/\" target=\"_blank\" rel=\"noopener\" data-saferedirecturl=\"https:\/\/www.google.com\/url?q=https:\/\/www.fiscalia.gov.co\/colombia\/noticias\/cae-senalado-articulador-de-red-narcotraficante-a-la-que-se-le-atribuye-el-envio-de-cocaina-a-europa-y-asia\/&amp;source=gmail&amp;ust=1718295797544000&amp;usg=AOvVaw1w8ZawHEgLj-WbrfJk4qQO\">Cae se\u00f1alado articulador de red narcotraficante a la que se le atribuye el env\u00edo de coca\u00edna a Europa y Asia<\/a><\/div>\n<\/div>\n<div><\/div>\n<div>\u00b7\u00a0\u00a0\u00a0\u00a0\u00a0\u00a0\u00a0\u00a0 Asimismo, fue enviada a la c\u00e1rcel Yeinis Sof\u00eda Sierra Royet de 22 a\u00f1os, por hechos sucedidos el 29 de mayo \u00faltimo, cuando pretend\u00eda volar a Espa\u00f1a. A quien se le incautaron m\u00e1s de cuatro kilos de coca\u00edna prensada en siete paquetes. La medida ser\u00e1 cumplida en una c\u00e1rcel de la capital de Bol\u00edvar.<\/div>\n<div>\n<figure id=\"attachment_296730\" aria-describedby=\"caption-attachment-296730\" style=\"width: 396px\" class=\"wp-caption aligncenter\"><img loading=\"lazy\" decoding=\"async\" class=\" wp-image-296730\" src=\"https:\/\/www.fiscalia.gov.co\/colombia\/wp-content\/uploads\/Foto-3-boletin-12-de-junio-trafico-de-estupefacientes--300x169.jpeg\" alt=\" En la fotograf\u00eda est\u00e1 el medio cuerpo de una mujer joven, trigue\u00f1a de cabellos crespos negros sueltos, se encuentra sentada frente a un escritorio de madera con micr\u00f3fono, vestida con un buzo blanco en la audiencia en la que se le proces\u00f3.\" width=\"396\" height=\"223\" srcset=\"https:\/\/www.fiscalia.gov.co\/colombia\/wp-content\/uploads\/Foto-3-boletin-12-de-junio-trafico-de-estupefacientes--300x169.jpeg 300w, https:\/\/www.fiscalia.gov.co\/colombia\/wp-content\/uploads\/Foto-3-boletin-12-de-junio-trafico-de-estupefacientes--1024x576.jpeg 1024w, https:\/\/www.fiscalia.gov.co\/colombia\/wp-content\/uploads\/Foto-3-boletin-12-de-junio-trafico-de-estupefacientes--768x432.jpeg 768w, https:\/\/www.fiscalia.gov.co\/colombia\/wp-content\/uploads\/Foto-3-boletin-12-de-junio-trafico-de-estupefacientes--1536x864.jpeg 1536w, https:\/\/www.fiscalia.gov.co\/colombia\/wp-content\/uploads\/Foto-3-boletin-12-de-junio-trafico-de-estupefacientes--696x392.jpeg 696w, https:\/\/www.fiscalia.gov.co\/colombia\/wp-content\/uploads\/Foto-3-boletin-12-de-junio-trafico-de-estupefacientes--1068x601.jpeg 1068w, https:\/\/www.fiscalia.gov.co\/colombia\/wp-content\/uploads\/Foto-3-boletin-12-de-junio-trafico-de-estupefacientes--747x420.jpeg 747w, https:\/\/www.fiscalia.gov.co\/colombia\/wp-content\/uploads\/Foto-3-boletin-12-de-junio-trafico-de-estupefacientes-.jpeg 1600w\" sizes=\"auto, (max-width: 396px) 100vw, 396px\" \/><figcaption id=\"caption-attachment-296730\" class=\"wp-caption-text\">Imagen de audiencia. Yeinis Sof\u00eda Sierra Royet, capturada cuando pretend\u00eda volar a Espa\u00f1a.<\/figcaption><\/figure>\n<\/div>\n<div><\/div>\n<div>Ninguna de las procesadas acept\u00f3 en las audiencias concentradas el delito que imput\u00f3 la Fiscal\u00eda de fabricaci\u00f3n, tr\u00e1fico o estupefacientes.<\/div>\n<div><\/div>\n<div>Esta informaci\u00f3n se publica por razones de inter\u00e9s general.<\/div>\n<div><\/div>\n<div>MEVA\/LMFO\/NA\/PP\/EGM\/DSB<\/div>\n<div><\/div>\n<div><\/div>\n<div><\/div>\n<div><\/div>\n<div><i>La informaci\u00f3n contenida en este bolet\u00edn de prensa corresponde a la narraci\u00f3n de los hechos noticiosos objetivos, suministrados por los funcionarios encargados de adelantar las investigaciones penales al interior de la Fiscal\u00eda General de la Naci\u00f3n. Para el momento de la divulgaci\u00f3n de este comunicado, la situaci\u00f3n jur\u00eddica de la(s) persona(s) relacionada(s) se encuentra pendiente de resolver por la autoridad judicial competente, siempre bajo los preceptos de la presunci\u00f3n de inocencia, consagrados en el art\u00edculo 29 de la Constituci\u00f3n Pol\u00edtica y el art\u00edculo 7\u00ba de la Ley 906 de 2004.<\/i><\/div>\n<div><\/div>\n\n<div class=\"twitter-share\"><a href=\"https:\/\/twitter.com\/intent\/tweet?via=fiscaliacol\" class=\"twitter-share-button\">Tweet<\/a><\/div>\n","protected":false},"excerpt":{"rendered":"<p>Fiscales de la Unidad de Reacci\u00f3n Inmediata (URI) judicializaron, en procesos distintos, a cuatro mujeres que, al parecer, fueron sorprendidas con estupefacientes en el aeropuerto Rafael N\u00fa\u00f1ez de Cartagena. \u00b7\u00a0\u00a0\u00a0\u00a0\u00a0\u00a0\u00a0\u00a0 [&hellip;]<\/p>\n","protected":false},"author":178,"featured_media":0,"comment_status":"closed","ping_status":"open","sticky":false,"template":"","format":"standard","meta":{"tdm_status":"","tdm_grid_status":"","footnotes":""},"categories":[1,24103],"tags":[3265,37609,14550,23819,23998,19,8399,50,19993,24187,1047,5507,38053,558],"class_list":["post-296722","post","type-post","status-publish","format-standard","category-noticias","category-trafico-de-estupefacientes","tag-aeropuerto","tag-amsterdam","tag-carcel","tag-cartagena","tag-cartagena-bolivar","tag-espana","tag-estupefacientes","tag-europa","tag-fiscalia-colombia","tag-fiscalia-general-de-la-nacion","tag-mujeres","tag-paquetes-plasticos","tag-policia-nacional"],"yoast_head":"<!-- This site is optimized with the Yoast SEO plugin v24.3 - https:\/\/yoast.com\/wordpress\/plugins\/seo\/ -->\n<title>Fiscal\u00eda General de la Naci\u00f3n<\/title>\n<meta name=\"description\" content=\"P\u00e1gina oficial de la Fiscal\u00eda General de la Naci\u00f3n \u2013 Colombia. Garantizamos el acceso efectivo a la justicia, la verdad y la reparaci\u00f3n de las v\u00edctimas de los delitos.\" \/>\n<meta name=\"robots\" content=\"noindex, follow\" \/>\n<meta property=\"og:locale\" content=\"es_ES\" \/>\n<meta property=\"og:type\" content=\"article\" \/>\n<meta property=\"og:title\" content=\"Fiscal\u00eda General de la Naci\u00f3n\" \/>\n<meta property=\"og:description\" content=\"P\u00e1gina oficial de la Fiscal\u00eda General de la Naci\u00f3n \u2013 Colombia. Garantizamos el acceso efectivo a la justicia, la verdad y la reparaci\u00f3n de las v\u00edctimas de los delitos.\" \/>\n<meta property=\"og:url\" content=\"https:\/\/www.fiscalia.gov.co\/colombia\/noticias\/fiscalia-judicializa-a-cuatro-mujeres-capturadas-con-estupefacientes-en-aeropuerto-de-cartagena\/\" \/>\n<meta property=\"og:site_name\" content=\"Fiscal\u00eda General de la Naci\u00f3n\" \/>\n<meta property=\"article:publisher\" content=\"https:\/\/www.facebook.com\/FiscaliaCol\" \/>\n<meta property=\"article:published_time\" content=\"2024-06-12T16:35:53+00:00\" \/>\n<meta property=\"article:modified_time\" content=\"2024-06-12T16:39:44+00:00\" \/>\n<meta property=\"og:image\" content=\"https:\/\/www.fiscalia.gov.co\/colombia\/wp-content\/uploads\/Foto-1-boletin-12-de-junio-trafico-de-estupefacientes-300x169.jpeg\" \/>\n<meta name=\"author\" content=\"Winnie Geraldine Rodr\u00edguez Navarrete\" \/>\n<meta name=\"twitter:card\" content=\"summary_large_image\" \/>\n<meta name=\"twitter:creator\" content=\"@FiscaliaCol\" \/>\n<meta name=\"twitter:site\" content=\"@FiscaliaCol\" \/>\n<meta name=\"twitter:label1\" content=\"Escrito por\" \/>\n\t<meta name=\"twitter:data1\" content=\"Winnie Geraldine Rodr\u00edguez Navarrete\" \/>\n\t<meta name=\"twitter:label2\" content=\"Tiempo de lectura\" \/>\n\t<meta name=\"twitter:data2\" content=\"3 minutos\" \/>\n<script type=\"application\/ld+json\" class=\"yoast-schema-graph\">{\"@context\":\"https:\/\/schema.org\",\"@graph\":[{\"@type\":\"Article\",\"@id\":\"https:\/\/www.fiscalia.gov.co\/colombia\/noticias\/fiscalia-judicializa-a-cuatro-mujeres-capturadas-con-estupefacientes-en-aeropuerto-de-cartagena\/#article\",\"isPartOf\":{\"@id\":\"https:\/\/www.fiscalia.gov.co\/colombia\/noticias\/fiscalia-judicializa-a-cuatro-mujeres-capturadas-con-estupefacientes-en-aeropuerto-de-cartagena\/\"},\"author\":{\"name\":\"Winnie Geraldine Rodr\u00edguez Navarrete\",\"@id\":\"https:\/\/www.fiscalia.gov.co\/colombia\/#\/schema\/person\/176195b99ebab0a52aafa15197e1bf80\"},\"headline\":\"Fiscal\u00eda judicializa a cuatro mujeres capturadas con estupefacientes en aeropuerto de Cartagena\",\"datePublished\":\"2024-06-12T16:35:53+00:00\",\"dateModified\":\"2024-06-12T16:39:44+00:00\",\"mainEntityOfPage\":{\"@id\":\"https:\/\/www.fiscalia.gov.co\/colombia\/noticias\/fiscalia-judicializa-a-cuatro-mujeres-capturadas-con-estupefacientes-en-aeropuerto-de-cartagena\/\"},\"wordCount\":478,\"publisher\":{\"@id\":\"https:\/\/www.fiscalia.gov.co\/colombia\/#organization\"},\"image\":{\"@id\":\"https:\/\/www.fiscalia.gov.co\/colombia\/noticias\/fiscalia-judicializa-a-cuatro-mujeres-capturadas-con-estupefacientes-en-aeropuerto-de-cartagena\/#primaryimage\"},\"thumbnailUrl\":\"https:\/\/www.fiscalia.gov.co\/colombia\/wp-content\/uploads\/Foto-1-boletin-12-de-junio-trafico-de-estupefacientes-300x169.jpeg\",\"keywords\":[\"Aeropuerto\",\"Amsterdam\",\"C\u00e1rcel\",\"Cartagena\",\"Cartagena (Bol\u00edvar)\",\"Coca\u00edna\",\"Espa\u00f1a\",\"Estupefacientes\",\"Europa\",\"Fiscal\u00eda Colombia\",\"Fiscal\u00eda General de la Naci\u00f3n\",\"Mujeres\",\"paquetes pl\u00e1sticos\",\"Polic\u00eda Nacional\"],\"articleSection\":[\"Noticias\",\"Tr\u00e1fico de estupefacientes\"],\"inLanguage\":\"es-CO\"},{\"@type\":\"WebPage\",\"@id\":\"https:\/\/www.fiscalia.gov.co\/colombia\/noticias\/fiscalia-judicializa-a-cuatro-mujeres-capturadas-con-estupefacientes-en-aeropuerto-de-cartagena\/\",\"url\":\"https:\/\/www.fiscalia.gov.co\/colombia\/noticias\/fiscalia-judicializa-a-cuatro-mujeres-capturadas-con-estupefacientes-en-aeropuerto-de-cartagena\/\",\"name\":\"Fiscal\u00eda General de la Naci\u00f3n\",\"isPartOf\":{\"@id\":\"https:\/\/www.fiscalia.gov.co\/colombia\/#website\"},\"primaryImageOfPage\":{\"@id\":\"https:\/\/www.fiscalia.gov.co\/colombia\/noticias\/fiscalia-judicializa-a-cuatro-mujeres-capturadas-con-estupefacientes-en-aeropuerto-de-cartagena\/#primaryimage\"},\"image\":{\"@id\":\"https:\/\/www.fiscalia.gov.co\/colombia\/noticias\/fiscalia-judicializa-a-cuatro-mujeres-capturadas-con-estupefacientes-en-aeropuerto-de-cartagena\/#primaryimage\"},\"thumbnailUrl\":\"https:\/\/www.fiscalia.gov.co\/colombia\/wp-content\/uploads\/Foto-1-boletin-12-de-junio-trafico-de-estupefacientes-300x169.jpeg\",\"datePublished\":\"2024-06-12T16:35:53+00:00\",\"dateModified\":\"2024-06-12T16:39:44+00:00\",\"description\":\"P\u00e1gina oficial de la Fiscal\u00eda General de la Naci\u00f3n \u2013 Colombia. Garantizamos el acceso efectivo a la justicia, la verdad y la reparaci\u00f3n de las v\u00edctimas de los delitos.\",\"breadcrumb\":{\"@id\":\"https:\/\/www.fiscalia.gov.co\/colombia\/noticias\/fiscalia-judicializa-a-cuatro-mujeres-capturadas-con-estupefacientes-en-aeropuerto-de-cartagena\/#breadcrumb\"},\"inLanguage\":\"es-CO\",\"potentialAction\":[{\"@type\":\"ReadAction\",\"target\":[\"https:\/\/www.fiscalia.gov.co\/colombia\/noticias\/fiscalia-judicializa-a-cuatro-mujeres-capturadas-con-estupefacientes-en-aeropuerto-de-cartagena\/\"]}]},{\"@type\":\"ImageObject\",\"inLanguage\":\"es-CO\",\"@id\":\"https:\/\/www.fiscalia.gov.co\/colombia\/noticias\/fiscalia-judicializa-a-cuatro-mujeres-capturadas-con-estupefacientes-en-aeropuerto-de-cartagena\/#primaryimage\",\"url\":\"https:\/\/www.fiscalia.gov.co\/colombia\/wp-content\/uploads\/Foto-1-boletin-12-de-junio-trafico-de-estupefacientes-300x169.jpeg\",\"contentUrl\":\"https:\/\/www.fiscalia.gov.co\/colombia\/wp-content\/uploads\/Foto-1-boletin-12-de-junio-trafico-de-estupefacientes-300x169.jpeg\"},{\"@type\":\"BreadcrumbList\",\"@id\":\"https:\/\/www.fiscalia.gov.co\/colombia\/noticias\/fiscalia-judicializa-a-cuatro-mujeres-capturadas-con-estupefacientes-en-aeropuerto-de-cartagena\/#breadcrumb\",\"itemListElement\":[{\"@type\":\"ListItem\",\"position\":1,\"name\":\"Home\",\"item\":\"https:\/\/www.fiscalia.gov.co\/colombia\/\"},{\"@type\":\"ListItem\",\"position\":2,\"name\":\"Fiscal\u00eda judicializa a cuatro mujeres capturadas con estupefacientes en aeropuerto de Cartagena\"}]},{\"@type\":\"WebSite\",\"@id\":\"https:\/\/www.fiscalia.gov.co\/colombia\/#website\",\"url\":\"https:\/\/www.fiscalia.gov.co\/colombia\/\",\"name\":\"Fiscal\u00eda General de la Naci\u00f3n\",\"description\":\"P\u00e1gina oficial de la Fiscal\u00eda General de la Naci\u00f3n \u2013 Colombia. Garantizamos el acceso efectivo a la justicia, la verdad y la reparaci\u00f3n de las v\u00edctimas de los delitos.\",\"publisher\":{\"@id\":\"https:\/\/www.fiscalia.gov.co\/colombia\/#organization\"},\"potentialAction\":[{\"@type\":\"SearchAction\",\"target\":{\"@type\":\"EntryPoint\",\"urlTemplate\":\"https:\/\/www.fiscalia.gov.co\/colombia\/?s={search_term_string}\"},\"query-input\":{\"@type\":\"PropertyValueSpecification\",\"valueRequired\":true,\"valueName\":\"search_term_string\"}}],\"inLanguage\":\"es-CO\"},{\"@type\":\"Organization\",\"@id\":\"https:\/\/www.fiscalia.gov.co\/colombia\/#organization\",\"name\":\"Fiscal\u00eda General de la Naci\u00f3n\",\"url\":\"https:\/\/www.fiscalia.gov.co\/colombia\/\",\"logo\":{\"@type\":\"ImageObject\",\"inLanguage\":\"es-CO\",\"@id\":\"https:\/\/www.fiscalia.gov.co\/colombia\/#\/schema\/logo\/image\/\",\"url\":\"https:\/\/www.fiscalia.gov.co\/colombia\/wp-content\/uploads\/LogoHorizontal_1.jpg\",\"contentUrl\":\"https:\/\/www.fiscalia.gov.co\/colombia\/wp-content\/uploads\/LogoHorizontal_1.jpg\",\"width\":300,\"height\":90,\"caption\":\"Fiscal\u00eda General de la Naci\u00f3n\"},\"image\":{\"@id\":\"https:\/\/www.fiscalia.gov.co\/colombia\/#\/schema\/logo\/image\/\"},\"sameAs\":[\"https:\/\/www.facebook.com\/FiscaliaCol\",\"https:\/\/x.com\/FiscaliaCol\",\"https:\/\/www.instagram.com\/fiscaliacol\",\"https:\/\/www.linkedin.com\/company\/fiscalia-general-de-la-naci-n\/\",\"https:\/\/youtube.com\/@fiscaliageneraldelanacion-4668?si=6nN79nyQICPU5iTh\"]},{\"@type\":\"Person\",\"@id\":\"https:\/\/www.fiscalia.gov.co\/colombia\/#\/schema\/person\/176195b99ebab0a52aafa15197e1bf80\",\"name\":\"Winnie Geraldine Rodr\u00edguez Navarrete\",\"image\":{\"@type\":\"ImageObject\",\"inLanguage\":\"es-CO\",\"@id\":\"https:\/\/www.fiscalia.gov.co\/colombia\/#\/schema\/person\/image\/\",\"url\":\"https:\/\/secure.gravatar.com\/avatar\/c24cf8481dc84fa5e8c7b20bc95ab0c6?s=96&d=mm&r=g\",\"contentUrl\":\"https:\/\/secure.gravatar.com\/avatar\/c24cf8481dc84fa5e8c7b20bc95ab0c6?s=96&d=mm&r=g\",\"caption\":\"Winnie Geraldine Rodr\u00edguez Navarrete\"},\"url\":\"https:\/\/www.fiscalia.gov.co\/colombia\/author\/winnierodriguez\/\"}]}<\/script>\n<!-- \/ Yoast SEO plugin. -->","yoast_head_json":{"title":"Fiscal\u00eda General de la Naci\u00f3n","description":"P\u00e1gina oficial de la Fiscal\u00eda General de la Naci\u00f3n \u2013 Colombia. Garantizamos el acceso efectivo a la justicia, la verdad y la reparaci\u00f3n de las v\u00edctimas de los delitos.","robots":{"index":"noindex","follow":"follow"},"og_locale":"es_ES","og_type":"article","og_title":"Fiscal\u00eda General de la Naci\u00f3n","og_description":"P\u00e1gina oficial de la Fiscal\u00eda General de la Naci\u00f3n \u2013 Colombia. Garantizamos el acceso efectivo a la justicia, la verdad y la reparaci\u00f3n de las v\u00edctimas de los delitos.","og_url":"https:\/\/www.fiscalia.gov.co\/colombia\/noticias\/fiscalia-judicializa-a-cuatro-mujeres-capturadas-con-estupefacientes-en-aeropuerto-de-cartagena\/","og_site_name":"Fiscal\u00eda General de la Naci\u00f3n","article_publisher":"https:\/\/www.facebook.com\/FiscaliaCol","article_published_time":"2024-06-12T16:35:53+00:00","article_modified_time":"2024-06-12T16:39:44+00:00","og_image":[{"url":"https:\/\/www.fiscalia.gov.co\/colombia\/wp-content\/uploads\/Foto-1-boletin-12-de-junio-trafico-de-estupefacientes-300x169.jpeg","type":"","width":"","height":""}],"author":"Winnie Geraldine Rodr\u00edguez Navarrete","twitter_card":"summary_large_image","twitter_creator":"@FiscaliaCol","twitter_site":"@FiscaliaCol","twitter_misc":{"Escrito por":"Winnie Geraldine Rodr\u00edguez Navarrete","Tiempo de lectura":"3 minutos"},"schema":{"@context":"https:\/\/schema.org","@graph":[{"@type":"Article","@id":"https:\/\/www.fiscalia.gov.co\/colombia\/noticias\/fiscalia-judicializa-a-cuatro-mujeres-capturadas-con-estupefacientes-en-aeropuerto-de-cartagena\/#article","isPartOf":{"@id":"https:\/\/www.fiscalia.gov.co\/colombia\/noticias\/fiscalia-judicializa-a-cuatro-mujeres-capturadas-con-estupefacientes-en-aeropuerto-de-cartagena\/"},"author":{"name":"Winnie Geraldine Rodr\u00edguez Navarrete","@id":"https:\/\/www.fiscalia.gov.co\/colombia\/#\/schema\/person\/176195b99ebab0a52aafa15197e1bf80"},"headline":"Fiscal\u00eda judicializa a cuatro mujeres capturadas con estupefacientes en aeropuerto de Cartagena","datePublished":"2024-06-12T16:35:53+00:00","dateModified":"2024-06-12T16:39:44+00:00","mainEntityOfPage":{"@id":"https:\/\/www.fiscalia.gov.co\/colombia\/noticias\/fiscalia-judicializa-a-cuatro-mujeres-capturadas-con-estupefacientes-en-aeropuerto-de-cartagena\/"},"wordCount":478,"publisher":{"@id":"https:\/\/www.fiscalia.gov.co\/colombia\/#organization"},"image":{"@id":"https:\/\/www.fiscalia.gov.co\/colombia\/noticias\/fiscalia-judicializa-a-cuatro-mujeres-capturadas-con-estupefacientes-en-aeropuerto-de-cartagena\/#primaryimage"},"thumbnailUrl":"https:\/\/www.fiscalia.gov.co\/colombia\/wp-content\/uploads\/Foto-1-boletin-12-de-junio-trafico-de-estupefacientes-300x169.jpeg","keywords":["Aeropuerto","Amsterdam","C\u00e1rcel","Cartagena","Cartagena (Bol\u00edvar)","Coca\u00edna","Espa\u00f1a","Estupefacientes","Europa","Fiscal\u00eda Colombia","Fiscal\u00eda General de la Naci\u00f3n","Mujeres","paquetes pl\u00e1sticos","Polic\u00eda Nacional"],"articleSection":["Noticias","Tr\u00e1fico de estupefacientes"],"inLanguage":"es-CO"},{"@type":"WebPage","@id":"https:\/\/www.fiscalia.gov.co\/colombia\/noticias\/fiscalia-judicializa-a-cuatro-mujeres-capturadas-con-estupefacientes-en-aeropuerto-de-cartagena\/","url":"https:\/\/www.fiscalia.gov.co\/colombia\/noticias\/fiscalia-judicializa-a-cuatro-mujeres-capturadas-con-estupefacientes-en-aeropuerto-de-cartagena\/","name":"Fiscal\u00eda General de la Naci\u00f3n","isPartOf":{"@id":"https:\/\/www.fiscalia.gov.co\/colombia\/#website"},"primaryImageOfPage":{"@id":"https:\/\/www.fiscalia.gov.co\/colombia\/noticias\/fiscalia-judicializa-a-cuatro-mujeres-capturadas-con-estupefacientes-en-aeropuerto-de-cartagena\/#primaryimage"},"image":{"@id":"https:\/\/www.fiscalia.gov.co\/colombia\/noticias\/fiscalia-judicializa-a-cuatro-mujeres-capturadas-con-estupefacientes-en-aeropuerto-de-cartagena\/#primaryimage"},"thumbnailUrl":"https:\/\/www.fiscalia.gov.co\/colombia\/wp-content\/uploads\/Foto-1-boletin-12-de-junio-trafico-de-estupefacientes-300x169.jpeg","datePublished":"2024-06-12T16:35:53+00:00","dateModified":"2024-06-12T16:39:44+00:00","description":"P\u00e1gina oficial de la Fiscal\u00eda General de la Naci\u00f3n \u2013 Colombia. Garantizamos el acceso efectivo a la justicia, la verdad y la reparaci\u00f3n de las v\u00edctimas de los delitos.","breadcrumb":{"@id":"https:\/\/www.fiscalia.gov.co\/colombia\/noticias\/fiscalia-judicializa-a-cuatro-mujeres-capturadas-con-estupefacientes-en-aeropuerto-de-cartagena\/#breadcrumb"},"inLanguage":"es-CO","potentialAction":[{"@type":"ReadAction","target":["https:\/\/www.fiscalia.gov.co\/colombia\/noticias\/fiscalia-judicializa-a-cuatro-mujeres-capturadas-con-estupefacientes-en-aeropuerto-de-cartagena\/"]}]},{"@type":"ImageObject","inLanguage":"es-CO","@id":"https:\/\/www.fiscalia.gov.co\/colombia\/noticias\/fiscalia-judicializa-a-cuatro-mujeres-capturadas-con-estupefacientes-en-aeropuerto-de-cartagena\/#primaryimage","url":"https:\/\/www.fiscalia.gov.co\/colombia\/wp-content\/uploads\/Foto-1-boletin-12-de-junio-trafico-de-estupefacientes-300x169.jpeg","contentUrl":"https:\/\/www.fiscalia.gov.co\/colombia\/wp-content\/uploads\/Foto-1-boletin-12-de-junio-trafico-de-estupefacientes-300x169.jpeg"},{"@type":"BreadcrumbList","@id":"https:\/\/www.fiscalia.gov.co\/colombia\/noticias\/fiscalia-judicializa-a-cuatro-mujeres-capturadas-con-estupefacientes-en-aeropuerto-de-cartagena\/#breadcrumb","itemListElement":[{"@type":"ListItem","position":1,"name":"Home","item":"https:\/\/www.fiscalia.gov.co\/colombia\/"},{"@type":"ListItem","position":2,"name":"Fiscal\u00eda judicializa a cuatro mujeres capturadas con estupefacientes en aeropuerto de Cartagena"}]},{"@type":"WebSite","@id":"https:\/\/www.fiscalia.gov.co\/colombia\/#website","url":"https:\/\/www.fiscalia.gov.co\/colombia\/","name":"Fiscal\u00eda General de la Naci\u00f3n","description":"P\u00e1gina oficial de la Fiscal\u00eda General de la Naci\u00f3n \u2013 Colombia. Garantizamos el acceso efectivo a la justicia, la verdad y la reparaci\u00f3n de las v\u00edctimas de los delitos.","publisher":{"@id":"https:\/\/www.fiscalia.gov.co\/colombia\/#organization"},"potentialAction":[{"@type":"SearchAction","target":{"@type":"EntryPoint","urlTemplate":"https:\/\/www.fiscalia.gov.co\/colombia\/?s={search_term_string}"},"query-input":{"@type":"PropertyValueSpecification","valueRequired":true,"valueName":"search_term_string"}}],"inLanguage":"es-CO"},{"@type":"Organization","@id":"https:\/\/www.fiscalia.gov.co\/colombia\/#organization","name":"Fiscal\u00eda General de la Naci\u00f3n","url":"https:\/\/www.fiscalia.gov.co\/colombia\/","logo":{"@type":"ImageObject","inLanguage":"es-CO","@id":"https:\/\/www.fiscalia.gov.co\/colombia\/#\/schema\/logo\/image\/","url":"https:\/\/www.fiscalia.gov.co\/colombia\/wp-content\/uploads\/LogoHorizontal_1.jpg","contentUrl":"https:\/\/www.fiscalia.gov.co\/colombia\/wp-content\/uploads\/LogoHorizontal_1.jpg","width":300,"height":90,"caption":"Fiscal\u00eda General de la Naci\u00f3n"},"image":{"@id":"https:\/\/www.fiscalia.gov.co\/colombia\/#\/schema\/logo\/image\/"},"sameAs":["https:\/\/www.facebook.com\/FiscaliaCol","https:\/\/x.com\/FiscaliaCol","https:\/\/www.instagram.com\/fiscaliacol","https:\/\/www.linkedin.com\/company\/fiscalia-general-de-la-naci-n\/","https:\/\/youtube.com\/@fiscaliageneraldelanacion-4668?si=6nN79nyQICPU5iTh"]},{"@type":"Person","@id":"https:\/\/www.fiscalia.gov.co\/colombia\/#\/schema\/person\/176195b99ebab0a52aafa15197e1bf80","name":"Winnie Geraldine Rodr\u00edguez Navarrete","image":{"@type":"ImageObject","inLanguage":"es-CO","@id":"https:\/\/www.fiscalia.gov.co\/colombia\/#\/schema\/person\/image\/","url":"https:\/\/secure.gravatar.com\/avatar\/c24cf8481dc84fa5e8c7b20bc95ab0c6?s=96&d=mm&r=g","contentUrl":"https:\/\/secure.gravatar.com\/avatar\/c24cf8481dc84fa5e8c7b20bc95ab0c6?s=96&d=mm&r=g","caption":"Winnie Geraldine Rodr\u00edguez Navarrete"},"url":"https:\/\/www.fiscalia.gov.co\/colombia\/author\/winnierodriguez\/"}]}},"_links":{"self":[{"href":"https:\/\/www.fiscalia.gov.co\/colombia\/wp-json\/wp\/v2\/posts\/296722","targetHints":{"allow":["GET"]}}],"collection":[{"href":"https:\/\/www.fiscalia.gov.co\/colombia\/wp-json\/wp\/v2\/posts"}],"about":[{"href":"https:\/\/www.fiscalia.gov.co\/colombia\/wp-json\/wp\/v2\/types\/post"}],"author":[{"embeddable":true,"href":"https:\/\/www.fiscalia.gov.co\/colombia\/wp-json\/wp\/v2\/users\/178"}],"replies":[{"embeddable":true,"href":"https:\/\/www.fiscalia.gov.co\/colombia\/wp-json\/wp\/v2\/comments?post=296722"}],"version-history":[{"count":3,"href":"https:\/\/www.fiscalia.gov.co\/colombia\/wp-json\/wp\/v2\/posts\/296722\/revisions"}],"predecessor-version":[{"id":296731,"href":"https:\/\/www.fiscalia.gov.co\/colombia\/wp-json\/wp\/v2\/posts\/296722\/revisions\/296731"}],"wp:attachment":[{"href":"https:\/\/www.fiscalia.gov.co\/colombia\/wp-json\/wp\/v2\/media?parent=296722"}],"wp:term":[{"taxonomy":"category","embeddable":true,"href":"https:\/\/www.fiscalia.gov.co\/colombia\/wp-json\/wp\/v2\/categories?post=296722"},{"taxonomy":"post_tag","embeddable":true,"href":"https:\/\/www.fiscalia.gov.co\/colombia\/wp-json\/wp\/v2\/tags?post=296722"}],"curies":[{"name":"wp","href":"https:\/\/api.w.org\/{rel}","templated":true}]}}