{"id":296705,"date":"2024-06-12T08:28:07","date_gmt":"2024-06-12T13:28:07","guid":{"rendered":"https:\/\/www.fiscalia.gov.co\/colombia\/?p=296705"},"modified":"2024-06-12T08:28:33","modified_gmt":"2024-06-12T13:28:33","slug":"cae-senalado-articulador-de-red-narcotraficante-a-la-que-se-le-atribuye-el-envio-de-cocaina-a-europa-y-asia","status":"publish","type":"post","link":"https:\/\/www.fiscalia.gov.co\/colombia\/noticias\/cae-senalado-articulador-de-red-narcotraficante-a-la-que-se-le-atribuye-el-envio-de-cocaina-a-europa-y-asia\/","title":{"rendered":"Cae se\u00f1alado articulador de red narcotraficante a la que se le atribuye el env\u00edo de coca\u00edna a Europa y Asia"},"content":{"rendered":"<blockquote>\n<h4 style=\"text-align: left;\"><strong><em>Se trata de David Ricardo Tromp, alias Tocayo, un ciudadano colombo-neerland\u00e9s que ser\u00eda el encargado de contactar personas y convencerlas de viajar a destinos internacionales con el estupefaciente oculto.<\/em><\/strong><\/h4>\n<\/blockquote>\n<p>&nbsp;<\/p>\n<p>La Fiscal\u00eda General de la Naci\u00f3n, a trav\u00e9s de la Direcci\u00f3n Especializada contra el Narcotr\u00e1fico, puso en evidencia a <strong>David Ricardo Tromp, el presunto articulador de una red criminal se\u00f1alada de enviar clorhidrato de coca\u00edna entre el equipaje y las pertenec\u00edas de viajeros que sal\u00edan del aeropuerto de Cartagena (Bol\u00edvar) con destino a Pa\u00edses Bajos y China.<\/strong><\/p>\n<figure id=\"attachment_296706\" aria-describedby=\"caption-attachment-296706\" style=\"width: 1600px\" class=\"wp-caption aligncenter\"><img loading=\"lazy\" decoding=\"async\" class=\"size-full wp-image-296706\" src=\"https:\/\/www.fiscalia.gov.co\/colombia\/wp-content\/uploads\/David-Ricardo-Tromp.jpeg\" alt=\"El capturado aparece en el centro de la imagen, rodeado de personal del CTI de la Fiscal\u00eda y del Ej\u00e9rcito\" width=\"1600\" height=\"1208\" srcset=\"https:\/\/www.fiscalia.gov.co\/colombia\/wp-content\/uploads\/David-Ricardo-Tromp.jpeg 1600w, https:\/\/www.fiscalia.gov.co\/colombia\/wp-content\/uploads\/David-Ricardo-Tromp-300x227.jpeg 300w, https:\/\/www.fiscalia.gov.co\/colombia\/wp-content\/uploads\/David-Ricardo-Tromp-1024x773.jpeg 1024w, https:\/\/www.fiscalia.gov.co\/colombia\/wp-content\/uploads\/David-Ricardo-Tromp-768x580.jpeg 768w, https:\/\/www.fiscalia.gov.co\/colombia\/wp-content\/uploads\/David-Ricardo-Tromp-1536x1160.jpeg 1536w, https:\/\/www.fiscalia.gov.co\/colombia\/wp-content\/uploads\/David-Ricardo-Tromp-696x525.jpeg 696w, https:\/\/www.fiscalia.gov.co\/colombia\/wp-content\/uploads\/David-Ricardo-Tromp-1068x806.jpeg 1068w, https:\/\/www.fiscalia.gov.co\/colombia\/wp-content\/uploads\/David-Ricardo-Tromp-556x420.jpeg 556w, https:\/\/www.fiscalia.gov.co\/colombia\/wp-content\/uploads\/David-Ricardo-Tromp-80x60.jpeg 80w\" sizes=\"auto, (max-width: 1600px) 100vw, 1600px\" \/><figcaption id=\"caption-attachment-296706\" class=\"wp-caption-text\">La captura tuvo lugar en v\u00eda p\u00fablica de Santa Marta, en un trabajo adelantado conjuntamente entre el CTI de la Fiscal\u00eda General de la Naci\u00f3n y el Ej\u00e9rcito Nacional.<\/figcaption><\/figure>\n<p><strong>En el curso de la investigaci\u00f3n se acredit\u00f3 que este ciudadano colombo-neerland\u00e9s ser\u00eda el encargado de contactar personas y convencerlas de ir a los destinos internacionales seleccionados<\/strong>, para despu\u00e9s proveerles hospedaje, transportes, permisos internacionales y tiquetes a\u00e9reos, entre otros elementos necesarios para asegurarles el traslado.<\/p>\n<p>De otra parte, se estableci\u00f3 que, al parecer, tambi\u00e9n coordinaba la recepci\u00f3n de los estupefacientes y el posterior camuflaje para evadir los controles de las autoridades. <strong>Los elementos de prueba dan cuenta de que estar\u00eda involucrado en env\u00edo de 18 kilogramos de coca\u00edna, los cuales fueron incautados a un viajero en el aeropuerto de Rafael N\u00fa\u00f1ez de Cartagena, en julio de 2018.<\/strong><\/p>\n<p>David Ricardo Tromp fue capturado en v\u00eda p\u00fablica en Santa Marta (Magdalena), en un trabajo articulado del Cuerpo T\u00e9cnico de Investigaci\u00f3n (CTI) y el Ej\u00e9rcito Nacional. La Fiscal\u00eda lo present\u00f3 ante un juez de control de garant\u00edas y le imput\u00f3 el delito de tr\u00e1fico, fabricaci\u00f3n o porte de estupefacientes. El procesado acept\u00f3 el cargo.<\/p>\n<p>Esta informaci\u00f3n se publica por razones de inter\u00e9s general.<\/p>\n<p>JMSV\/JARG\/WM\/DECN\/<\/p>\n<p>&nbsp;<\/p>\n<div class=\"td-post-content tagdiv-type\">\n<p><em>La informaci\u00f3n contenida en este bolet\u00edn de prensa corresponde a la narraci\u00f3n de los hechos noticiosos objetivos, suministrados por los funcionarios encargados de adelantar las investigaciones penales al interior de la Fiscal\u00eda General de la Naci\u00f3n. Para el momento de la divulgaci\u00f3n de este comunicado, la situaci\u00f3n jur\u00eddica de la(s) persona(s) relacionada(s) se encuentra pendiente de resolver por la autoridad judicial competente, siempre bajo los preceptos de la presunci\u00f3n de inocencia, consagrados en el art\u00edculo 29 de la Constituci\u00f3n Pol\u00edtica y el art\u00edculo 7\u00ba de la Ley 906 de 2004.<\/em><\/p>\n<\/div>\n<footer>\n<div class=\"td-post-source-tags\"><\/div>\n<div class=\"td-post-sharing-bottom\"><\/div>\n<\/footer>\n\n<div class=\"twitter-share\"><a href=\"https:\/\/twitter.com\/intent\/tweet?via=fiscaliacol\" class=\"twitter-share-button\">Tweet<\/a><\/div>\n","protected":false},"excerpt":{"rendered":"<p>Se trata de David Ricardo Tromp, alias Tocayo, un ciudadano colombo-neerland\u00e9s que ser\u00eda el encargado de contactar personas y convencerlas de viajar a destinos internacionales con el estupefaciente oculto. &nbsp; [&hellip;]<\/p>\n","protected":false},"author":175,"featured_media":0,"comment_status":"closed","ping_status":"open","sticky":false,"template":"","format":"standard","meta":{"tdm_status":"","tdm_grid_status":"","footnotes":""},"categories":[24115,1],"tags":[509,38052,37491,37514,37892,24187,24481,1047],"class_list":["post-296705","post","type-post","status-publish","format-standard","category-narcotrafico","category-noticias","tag-captura-por-narcotrafico","tag-david-ricardo-tromp","tag-fiscal-camargo","tag-fiscal-general-luz-adriana-camargo","tag-fiscal-luz-adriana-camargo-garzon","tag-fiscalia-colombia","tag-fiscalia-de-colombia","tag-fiscalia-general-de-la-nacion"],"yoast_head":"<!-- This site is optimized with the Yoast SEO plugin v24.3 - https:\/\/yoast.com\/wordpress\/plugins\/seo\/ -->\n<title>Fiscal\u00eda General de la Naci\u00f3n<\/title>\n<meta name=\"description\" content=\"P\u00e1gina oficial de la Fiscal\u00eda General de la Naci\u00f3n \u2013 Colombia. Garantizamos el acceso efectivo a la justicia, la verdad y la reparaci\u00f3n de las v\u00edctimas de los delitos.\" \/>\n<meta name=\"robots\" content=\"noindex, follow\" \/>\n<meta property=\"og:locale\" content=\"es_ES\" \/>\n<meta property=\"og:type\" content=\"article\" \/>\n<meta property=\"og:title\" content=\"Fiscal\u00eda General de la Naci\u00f3n\" \/>\n<meta property=\"og:description\" content=\"P\u00e1gina oficial de la Fiscal\u00eda General de la Naci\u00f3n \u2013 Colombia. Garantizamos el acceso efectivo a la justicia, la verdad y la reparaci\u00f3n de las v\u00edctimas de los delitos.\" \/>\n<meta property=\"og:url\" content=\"https:\/\/www.fiscalia.gov.co\/colombia\/noticias\/cae-senalado-articulador-de-red-narcotraficante-a-la-que-se-le-atribuye-el-envio-de-cocaina-a-europa-y-asia\/\" \/>\n<meta property=\"og:site_name\" content=\"Fiscal\u00eda General de la Naci\u00f3n\" \/>\n<meta property=\"article:publisher\" content=\"https:\/\/www.facebook.com\/FiscaliaCol\" \/>\n<meta property=\"article:published_time\" content=\"2024-06-12T13:28:07+00:00\" \/>\n<meta property=\"article:modified_time\" content=\"2024-06-12T13:28:33+00:00\" \/>\n<meta property=\"og:image\" content=\"https:\/\/www.fiscalia.gov.co\/colombia\/wp-content\/uploads\/David-Ricardo-Tromp.jpeg\" \/>\n<meta name=\"author\" content=\"Katherine Loaiza Mart\u00ednez\" \/>\n<meta name=\"twitter:card\" content=\"summary_large_image\" \/>\n<meta name=\"twitter:creator\" content=\"@FiscaliaCol\" \/>\n<meta name=\"twitter:site\" content=\"@FiscaliaCol\" \/>\n<meta name=\"twitter:label1\" content=\"Escrito por\" \/>\n\t<meta name=\"twitter:data1\" content=\"Katherine Loaiza Mart\u00ednez\" \/>\n\t<meta name=\"twitter:label2\" content=\"Tiempo de lectura\" \/>\n\t<meta name=\"twitter:data2\" content=\"2 minutos\" \/>\n<script type=\"application\/ld+json\" class=\"yoast-schema-graph\">{\"@context\":\"https:\/\/schema.org\",\"@graph\":[{\"@type\":\"Article\",\"@id\":\"https:\/\/www.fiscalia.gov.co\/colombia\/noticias\/cae-senalado-articulador-de-red-narcotraficante-a-la-que-se-le-atribuye-el-envio-de-cocaina-a-europa-y-asia\/#article\",\"isPartOf\":{\"@id\":\"https:\/\/www.fiscalia.gov.co\/colombia\/noticias\/cae-senalado-articulador-de-red-narcotraficante-a-la-que-se-le-atribuye-el-envio-de-cocaina-a-europa-y-asia\/\"},\"author\":{\"name\":\"Katherine Loaiza Mart\u00ednez\",\"@id\":\"https:\/\/www.fiscalia.gov.co\/colombia\/#\/schema\/person\/2e76b9aba5ecf875ed565ce4de0e0415\"},\"headline\":\"Cae se\u00f1alado articulador de red narcotraficante a la que se le atribuye el env\u00edo de coca\u00edna a Europa y Asia\",\"datePublished\":\"2024-06-12T13:28:07+00:00\",\"dateModified\":\"2024-06-12T13:28:33+00:00\",\"mainEntityOfPage\":{\"@id\":\"https:\/\/www.fiscalia.gov.co\/colombia\/noticias\/cae-senalado-articulador-de-red-narcotraficante-a-la-que-se-le-atribuye-el-envio-de-cocaina-a-europa-y-asia\/\"},\"wordCount\":461,\"publisher\":{\"@id\":\"https:\/\/www.fiscalia.gov.co\/colombia\/#organization\"},\"image\":{\"@id\":\"https:\/\/www.fiscalia.gov.co\/colombia\/noticias\/cae-senalado-articulador-de-red-narcotraficante-a-la-que-se-le-atribuye-el-envio-de-cocaina-a-europa-y-asia\/#primaryimage\"},\"thumbnailUrl\":\"https:\/\/www.fiscalia.gov.co\/colombia\/wp-content\/uploads\/David-Ricardo-Tromp.jpeg\",\"keywords\":[\"Captura por narcotr\u00e1fico\",\"David Ricardo Tromp\",\"fiscal Camargo\",\"Fiscal General Luz Adriana Camargo\",\"Fiscal Luz Adriana Camargo Garz\u00f3n\",\"Fiscal\u00eda Colombia\",\"Fiscal\u00eda de Colombia\",\"Fiscal\u00eda General de la Naci\u00f3n\"],\"articleSection\":[\"Narcotr\u00e1fico\",\"Noticias\"],\"inLanguage\":\"es-CO\"},{\"@type\":\"WebPage\",\"@id\":\"https:\/\/www.fiscalia.gov.co\/colombia\/noticias\/cae-senalado-articulador-de-red-narcotraficante-a-la-que-se-le-atribuye-el-envio-de-cocaina-a-europa-y-asia\/\",\"url\":\"https:\/\/www.fiscalia.gov.co\/colombia\/noticias\/cae-senalado-articulador-de-red-narcotraficante-a-la-que-se-le-atribuye-el-envio-de-cocaina-a-europa-y-asia\/\",\"name\":\"Fiscal\u00eda General de la Naci\u00f3n\",\"isPartOf\":{\"@id\":\"https:\/\/www.fiscalia.gov.co\/colombia\/#website\"},\"primaryImageOfPage\":{\"@id\":\"https:\/\/www.fiscalia.gov.co\/colombia\/noticias\/cae-senalado-articulador-de-red-narcotraficante-a-la-que-se-le-atribuye-el-envio-de-cocaina-a-europa-y-asia\/#primaryimage\"},\"image\":{\"@id\":\"https:\/\/www.fiscalia.gov.co\/colombia\/noticias\/cae-senalado-articulador-de-red-narcotraficante-a-la-que-se-le-atribuye-el-envio-de-cocaina-a-europa-y-asia\/#primaryimage\"},\"thumbnailUrl\":\"https:\/\/www.fiscalia.gov.co\/colombia\/wp-content\/uploads\/David-Ricardo-Tromp.jpeg\",\"datePublished\":\"2024-06-12T13:28:07+00:00\",\"dateModified\":\"2024-06-12T13:28:33+00:00\",\"description\":\"P\u00e1gina oficial de la Fiscal\u00eda General de la Naci\u00f3n \u2013 Colombia. Garantizamos el acceso efectivo a la justicia, la verdad y la reparaci\u00f3n de las v\u00edctimas de los delitos.\",\"breadcrumb\":{\"@id\":\"https:\/\/www.fiscalia.gov.co\/colombia\/noticias\/cae-senalado-articulador-de-red-narcotraficante-a-la-que-se-le-atribuye-el-envio-de-cocaina-a-europa-y-asia\/#breadcrumb\"},\"inLanguage\":\"es-CO\",\"potentialAction\":[{\"@type\":\"ReadAction\",\"target\":[\"https:\/\/www.fiscalia.gov.co\/colombia\/noticias\/cae-senalado-articulador-de-red-narcotraficante-a-la-que-se-le-atribuye-el-envio-de-cocaina-a-europa-y-asia\/\"]}]},{\"@type\":\"ImageObject\",\"inLanguage\":\"es-CO\",\"@id\":\"https:\/\/www.fiscalia.gov.co\/colombia\/noticias\/cae-senalado-articulador-de-red-narcotraficante-a-la-que-se-le-atribuye-el-envio-de-cocaina-a-europa-y-asia\/#primaryimage\",\"url\":\"https:\/\/www.fiscalia.gov.co\/colombia\/wp-content\/uploads\/David-Ricardo-Tromp.jpeg\",\"contentUrl\":\"https:\/\/www.fiscalia.gov.co\/colombia\/wp-content\/uploads\/David-Ricardo-Tromp.jpeg\",\"width\":1600,\"height\":1208,\"caption\":\"La captura tuvo lugar en v\u00eda p\u00fablica de Santa Marta, en un trabajo adelantado conjuntamente entre el CTI de la Fiscal\u00eda General de la Naci\u00f3n y el Ej\u00e9rcito Nacional.\"},{\"@type\":\"BreadcrumbList\",\"@id\":\"https:\/\/www.fiscalia.gov.co\/colombia\/noticias\/cae-senalado-articulador-de-red-narcotraficante-a-la-que-se-le-atribuye-el-envio-de-cocaina-a-europa-y-asia\/#breadcrumb\",\"itemListElement\":[{\"@type\":\"ListItem\",\"position\":1,\"name\":\"Home\",\"item\":\"https:\/\/www.fiscalia.gov.co\/colombia\/\"},{\"@type\":\"ListItem\",\"position\":2,\"name\":\"Cae se\u00f1alado articulador de red narcotraficante a la que se le atribuye el env\u00edo de coca\u00edna a Europa y Asia\"}]},{\"@type\":\"WebSite\",\"@id\":\"https:\/\/www.fiscalia.gov.co\/colombia\/#website\",\"url\":\"https:\/\/www.fiscalia.gov.co\/colombia\/\",\"name\":\"Fiscal\u00eda General de la Naci\u00f3n\",\"description\":\"P\u00e1gina oficial de la Fiscal\u00eda General de la Naci\u00f3n \u2013 Colombia. Garantizamos el acceso efectivo a la justicia, la verdad y la reparaci\u00f3n de las v\u00edctimas de los delitos.\",\"publisher\":{\"@id\":\"https:\/\/www.fiscalia.gov.co\/colombia\/#organization\"},\"potentialAction\":[{\"@type\":\"SearchAction\",\"target\":{\"@type\":\"EntryPoint\",\"urlTemplate\":\"https:\/\/www.fiscalia.gov.co\/colombia\/?s={search_term_string}\"},\"query-input\":{\"@type\":\"PropertyValueSpecification\",\"valueRequired\":true,\"valueName\":\"search_term_string\"}}],\"inLanguage\":\"es-CO\"},{\"@type\":\"Organization\",\"@id\":\"https:\/\/www.fiscalia.gov.co\/colombia\/#organization\",\"name\":\"Fiscal\u00eda General de la Naci\u00f3n\",\"url\":\"https:\/\/www.fiscalia.gov.co\/colombia\/\",\"logo\":{\"@type\":\"ImageObject\",\"inLanguage\":\"es-CO\",\"@id\":\"https:\/\/www.fiscalia.gov.co\/colombia\/#\/schema\/logo\/image\/\",\"url\":\"https:\/\/www.fiscalia.gov.co\/colombia\/wp-content\/uploads\/LogoHorizontal_1.jpg\",\"contentUrl\":\"https:\/\/www.fiscalia.gov.co\/colombia\/wp-content\/uploads\/LogoHorizontal_1.jpg\",\"width\":300,\"height\":90,\"caption\":\"Fiscal\u00eda General de la Naci\u00f3n\"},\"image\":{\"@id\":\"https:\/\/www.fiscalia.gov.co\/colombia\/#\/schema\/logo\/image\/\"},\"sameAs\":[\"https:\/\/www.facebook.com\/FiscaliaCol\",\"https:\/\/x.com\/FiscaliaCol\",\"https:\/\/www.instagram.com\/fiscaliacol\",\"https:\/\/www.linkedin.com\/company\/fiscalia-general-de-la-naci-n\/\",\"https:\/\/youtube.com\/@fiscaliageneraldelanacion-4668?si=6nN79nyQICPU5iTh\"]},{\"@type\":\"Person\",\"@id\":\"https:\/\/www.fiscalia.gov.co\/colombia\/#\/schema\/person\/2e76b9aba5ecf875ed565ce4de0e0415\",\"name\":\"Katherine Loaiza Mart\u00ednez\",\"image\":{\"@type\":\"ImageObject\",\"inLanguage\":\"es-CO\",\"@id\":\"https:\/\/www.fiscalia.gov.co\/colombia\/#\/schema\/person\/image\/\",\"url\":\"https:\/\/secure.gravatar.com\/avatar\/ab775a2f394c1b83b6d6f78680e57b50?s=96&d=mm&r=g\",\"contentUrl\":\"https:\/\/secure.gravatar.com\/avatar\/ab775a2f394c1b83b6d6f78680e57b50?s=96&d=mm&r=g\",\"caption\":\"Katherine Loaiza Mart\u00ednez\"},\"url\":\"https:\/\/www.fiscalia.gov.co\/colombia\/author\/kloaiza\/\"}]}<\/script>\n<!-- \/ Yoast SEO plugin. -->","yoast_head_json":{"title":"Fiscal\u00eda General de la Naci\u00f3n","description":"P\u00e1gina oficial de la Fiscal\u00eda General de la Naci\u00f3n \u2013 Colombia. Garantizamos el acceso efectivo a la justicia, la verdad y la reparaci\u00f3n de las v\u00edctimas de los delitos.","robots":{"index":"noindex","follow":"follow"},"og_locale":"es_ES","og_type":"article","og_title":"Fiscal\u00eda General de la Naci\u00f3n","og_description":"P\u00e1gina oficial de la Fiscal\u00eda General de la Naci\u00f3n \u2013 Colombia. Garantizamos el acceso efectivo a la justicia, la verdad y la reparaci\u00f3n de las v\u00edctimas de los delitos.","og_url":"https:\/\/www.fiscalia.gov.co\/colombia\/noticias\/cae-senalado-articulador-de-red-narcotraficante-a-la-que-se-le-atribuye-el-envio-de-cocaina-a-europa-y-asia\/","og_site_name":"Fiscal\u00eda General de la Naci\u00f3n","article_publisher":"https:\/\/www.facebook.com\/FiscaliaCol","article_published_time":"2024-06-12T13:28:07+00:00","article_modified_time":"2024-06-12T13:28:33+00:00","og_image":[{"url":"https:\/\/www.fiscalia.gov.co\/colombia\/wp-content\/uploads\/David-Ricardo-Tromp.jpeg","type":"","width":"","height":""}],"author":"Katherine Loaiza Mart\u00ednez","twitter_card":"summary_large_image","twitter_creator":"@FiscaliaCol","twitter_site":"@FiscaliaCol","twitter_misc":{"Escrito por":"Katherine Loaiza Mart\u00ednez","Tiempo de lectura":"2 minutos"},"schema":{"@context":"https:\/\/schema.org","@graph":[{"@type":"Article","@id":"https:\/\/www.fiscalia.gov.co\/colombia\/noticias\/cae-senalado-articulador-de-red-narcotraficante-a-la-que-se-le-atribuye-el-envio-de-cocaina-a-europa-y-asia\/#article","isPartOf":{"@id":"https:\/\/www.fiscalia.gov.co\/colombia\/noticias\/cae-senalado-articulador-de-red-narcotraficante-a-la-que-se-le-atribuye-el-envio-de-cocaina-a-europa-y-asia\/"},"author":{"name":"Katherine Loaiza Mart\u00ednez","@id":"https:\/\/www.fiscalia.gov.co\/colombia\/#\/schema\/person\/2e76b9aba5ecf875ed565ce4de0e0415"},"headline":"Cae se\u00f1alado articulador de red narcotraficante a la que se le atribuye el env\u00edo de coca\u00edna a Europa y Asia","datePublished":"2024-06-12T13:28:07+00:00","dateModified":"2024-06-12T13:28:33+00:00","mainEntityOfPage":{"@id":"https:\/\/www.fiscalia.gov.co\/colombia\/noticias\/cae-senalado-articulador-de-red-narcotraficante-a-la-que-se-le-atribuye-el-envio-de-cocaina-a-europa-y-asia\/"},"wordCount":461,"publisher":{"@id":"https:\/\/www.fiscalia.gov.co\/colombia\/#organization"},"image":{"@id":"https:\/\/www.fiscalia.gov.co\/colombia\/noticias\/cae-senalado-articulador-de-red-narcotraficante-a-la-que-se-le-atribuye-el-envio-de-cocaina-a-europa-y-asia\/#primaryimage"},"thumbnailUrl":"https:\/\/www.fiscalia.gov.co\/colombia\/wp-content\/uploads\/David-Ricardo-Tromp.jpeg","keywords":["Captura por narcotr\u00e1fico","David Ricardo Tromp","fiscal Camargo","Fiscal General Luz Adriana Camargo","Fiscal Luz Adriana Camargo Garz\u00f3n","Fiscal\u00eda Colombia","Fiscal\u00eda de Colombia","Fiscal\u00eda General de la Naci\u00f3n"],"articleSection":["Narcotr\u00e1fico","Noticias"],"inLanguage":"es-CO"},{"@type":"WebPage","@id":"https:\/\/www.fiscalia.gov.co\/colombia\/noticias\/cae-senalado-articulador-de-red-narcotraficante-a-la-que-se-le-atribuye-el-envio-de-cocaina-a-europa-y-asia\/","url":"https:\/\/www.fiscalia.gov.co\/colombia\/noticias\/cae-senalado-articulador-de-red-narcotraficante-a-la-que-se-le-atribuye-el-envio-de-cocaina-a-europa-y-asia\/","name":"Fiscal\u00eda General de la Naci\u00f3n","isPartOf":{"@id":"https:\/\/www.fiscalia.gov.co\/colombia\/#website"},"primaryImageOfPage":{"@id":"https:\/\/www.fiscalia.gov.co\/colombia\/noticias\/cae-senalado-articulador-de-red-narcotraficante-a-la-que-se-le-atribuye-el-envio-de-cocaina-a-europa-y-asia\/#primaryimage"},"image":{"@id":"https:\/\/www.fiscalia.gov.co\/colombia\/noticias\/cae-senalado-articulador-de-red-narcotraficante-a-la-que-se-le-atribuye-el-envio-de-cocaina-a-europa-y-asia\/#primaryimage"},"thumbnailUrl":"https:\/\/www.fiscalia.gov.co\/colombia\/wp-content\/uploads\/David-Ricardo-Tromp.jpeg","datePublished":"2024-06-12T13:28:07+00:00","dateModified":"2024-06-12T13:28:33+00:00","description":"P\u00e1gina oficial de la Fiscal\u00eda General de la Naci\u00f3n \u2013 Colombia. Garantizamos el acceso efectivo a la justicia, la verdad y la reparaci\u00f3n de las v\u00edctimas de los delitos.","breadcrumb":{"@id":"https:\/\/www.fiscalia.gov.co\/colombia\/noticias\/cae-senalado-articulador-de-red-narcotraficante-a-la-que-se-le-atribuye-el-envio-de-cocaina-a-europa-y-asia\/#breadcrumb"},"inLanguage":"es-CO","potentialAction":[{"@type":"ReadAction","target":["https:\/\/www.fiscalia.gov.co\/colombia\/noticias\/cae-senalado-articulador-de-red-narcotraficante-a-la-que-se-le-atribuye-el-envio-de-cocaina-a-europa-y-asia\/"]}]},{"@type":"ImageObject","inLanguage":"es-CO","@id":"https:\/\/www.fiscalia.gov.co\/colombia\/noticias\/cae-senalado-articulador-de-red-narcotraficante-a-la-que-se-le-atribuye-el-envio-de-cocaina-a-europa-y-asia\/#primaryimage","url":"https:\/\/www.fiscalia.gov.co\/colombia\/wp-content\/uploads\/David-Ricardo-Tromp.jpeg","contentUrl":"https:\/\/www.fiscalia.gov.co\/colombia\/wp-content\/uploads\/David-Ricardo-Tromp.jpeg","width":1600,"height":1208,"caption":"La captura tuvo lugar en v\u00eda p\u00fablica de Santa Marta, en un trabajo adelantado conjuntamente entre el CTI de la Fiscal\u00eda General de la Naci\u00f3n y el Ej\u00e9rcito Nacional."},{"@type":"BreadcrumbList","@id":"https:\/\/www.fiscalia.gov.co\/colombia\/noticias\/cae-senalado-articulador-de-red-narcotraficante-a-la-que-se-le-atribuye-el-envio-de-cocaina-a-europa-y-asia\/#breadcrumb","itemListElement":[{"@type":"ListItem","position":1,"name":"Home","item":"https:\/\/www.fiscalia.gov.co\/colombia\/"},{"@type":"ListItem","position":2,"name":"Cae se\u00f1alado articulador de red narcotraficante a la que se le atribuye el env\u00edo de coca\u00edna a Europa y Asia"}]},{"@type":"WebSite","@id":"https:\/\/www.fiscalia.gov.co\/colombia\/#website","url":"https:\/\/www.fiscalia.gov.co\/colombia\/","name":"Fiscal\u00eda General de la Naci\u00f3n","description":"P\u00e1gina oficial de la Fiscal\u00eda General de la Naci\u00f3n \u2013 Colombia. Garantizamos el acceso efectivo a la justicia, la verdad y la reparaci\u00f3n de las v\u00edctimas de los delitos.","publisher":{"@id":"https:\/\/www.fiscalia.gov.co\/colombia\/#organization"},"potentialAction":[{"@type":"SearchAction","target":{"@type":"EntryPoint","urlTemplate":"https:\/\/www.fiscalia.gov.co\/colombia\/?s={search_term_string}"},"query-input":{"@type":"PropertyValueSpecification","valueRequired":true,"valueName":"search_term_string"}}],"inLanguage":"es-CO"},{"@type":"Organization","@id":"https:\/\/www.fiscalia.gov.co\/colombia\/#organization","name":"Fiscal\u00eda General de la Naci\u00f3n","url":"https:\/\/www.fiscalia.gov.co\/colombia\/","logo":{"@type":"ImageObject","inLanguage":"es-CO","@id":"https:\/\/www.fiscalia.gov.co\/colombia\/#\/schema\/logo\/image\/","url":"https:\/\/www.fiscalia.gov.co\/colombia\/wp-content\/uploads\/LogoHorizontal_1.jpg","contentUrl":"https:\/\/www.fiscalia.gov.co\/colombia\/wp-content\/uploads\/LogoHorizontal_1.jpg","width":300,"height":90,"caption":"Fiscal\u00eda General de la Naci\u00f3n"},"image":{"@id":"https:\/\/www.fiscalia.gov.co\/colombia\/#\/schema\/logo\/image\/"},"sameAs":["https:\/\/www.facebook.com\/FiscaliaCol","https:\/\/x.com\/FiscaliaCol","https:\/\/www.instagram.com\/fiscaliacol","https:\/\/www.linkedin.com\/company\/fiscalia-general-de-la-naci-n\/","https:\/\/youtube.com\/@fiscaliageneraldelanacion-4668?si=6nN79nyQICPU5iTh"]},{"@type":"Person","@id":"https:\/\/www.fiscalia.gov.co\/colombia\/#\/schema\/person\/2e76b9aba5ecf875ed565ce4de0e0415","name":"Katherine Loaiza Mart\u00ednez","image":{"@type":"ImageObject","inLanguage":"es-CO","@id":"https:\/\/www.fiscalia.gov.co\/colombia\/#\/schema\/person\/image\/","url":"https:\/\/secure.gravatar.com\/avatar\/ab775a2f394c1b83b6d6f78680e57b50?s=96&d=mm&r=g","contentUrl":"https:\/\/secure.gravatar.com\/avatar\/ab775a2f394c1b83b6d6f78680e57b50?s=96&d=mm&r=g","caption":"Katherine Loaiza Mart\u00ednez"},"url":"https:\/\/www.fiscalia.gov.co\/colombia\/author\/kloaiza\/"}]}},"_links":{"self":[{"href":"https:\/\/www.fiscalia.gov.co\/colombia\/wp-json\/wp\/v2\/posts\/296705","targetHints":{"allow":["GET"]}}],"collection":[{"href":"https:\/\/www.fiscalia.gov.co\/colombia\/wp-json\/wp\/v2\/posts"}],"about":[{"href":"https:\/\/www.fiscalia.gov.co\/colombia\/wp-json\/wp\/v2\/types\/post"}],"author":[{"embeddable":true,"href":"https:\/\/www.fiscalia.gov.co\/colombia\/wp-json\/wp\/v2\/users\/175"}],"replies":[{"embeddable":true,"href":"https:\/\/www.fiscalia.gov.co\/colombia\/wp-json\/wp\/v2\/comments?post=296705"}],"version-history":[{"count":1,"href":"https:\/\/www.fiscalia.gov.co\/colombia\/wp-json\/wp\/v2\/posts\/296705\/revisions"}],"predecessor-version":[{"id":296707,"href":"https:\/\/www.fiscalia.gov.co\/colombia\/wp-json\/wp\/v2\/posts\/296705\/revisions\/296707"}],"wp:attachment":[{"href":"https:\/\/www.fiscalia.gov.co\/colombia\/wp-json\/wp\/v2\/media?parent=296705"}],"wp:term":[{"taxonomy":"category","embeddable":true,"href":"https:\/\/www.fiscalia.gov.co\/colombia\/wp-json\/wp\/v2\/categories?post=296705"},{"taxonomy":"post_tag","embeddable":true,"href":"https:\/\/www.fiscalia.gov.co\/colombia\/wp-json\/wp\/v2\/tags?post=296705"}],"curies":[{"name":"wp","href":"https:\/\/api.w.org\/{rel}","templated":true}]}}