{"id":296664,"date":"2024-06-11T16:13:30","date_gmt":"2024-06-11T21:13:30","guid":{"rendered":"https:\/\/www.fiscalia.gov.co\/colombia\/?p=296664"},"modified":"2024-06-11T16:13:30","modified_gmt":"2024-06-11T21:13:30","slug":"responsables-del-homicidio-de-un-profesor-universitario-de-florencia-fueron-condenados-a-19-anos-de-prision","status":"publish","type":"post","link":"https:\/\/www.fiscalia.gov.co\/colombia\/noticias\/responsables-del-homicidio-de-un-profesor-universitario-de-florencia-fueron-condenados-a-19-anos-de-prision\/","title":{"rendered":"Responsables del homicidio de un profesor universitario de Florencia fueron condenados a 19 a\u00f1os de prisi\u00f3n"},"content":{"rendered":"<h4 style=\"text-align: center;\"><strong><i>La Fiscal\u00eda ya hab\u00eda logrado en mayo pasado la condena de<\/i>\u00a0<i>Yibran Arnovis Imbachi Jim\u00e9nez, quien fue detenido cuando pretend\u00eda vender el carro de la v\u00edctima.<\/i><\/strong><\/h4>\n<div><\/div>\n<div>La Fiscal\u00eda logr\u00f3 que un juez condenara a 19 a\u00f1os de prisi\u00f3n Jhon Jairo Osorio P\u00e9rez y Carlos Andr\u00e9s Castro Vargas, por su participaci\u00f3n en el homicidio de un docente universitario de Florencia (Caquet\u00e1), el 5 de octubre de 2023, a quien le hurtaron su veh\u00edculo.<\/div>\n<div><\/div>\n<div>Ambos aceptaron su responsabilidad en los delitos de homicidio agravado, hurto calificado y agravado y ocultamiento, alteraci\u00f3n o destrucci\u00f3n de elemento material probatorio que les imput\u00f3 la Fiscal\u00eda.<\/div>\n<div><\/div>\n<div>Este preacuerdo permiti\u00f3 que pasaran de autores a c\u00f3mplices del crimen.<\/div>\n<div><\/div>\n<div>A esta condena se le suma la de Yibran Arnovis Imbachi Jim\u00e9nez a 22 a\u00f1os de prisi\u00f3n, detenido en la C\u00e1rcel El Cunduy de la capital caquete\u00f1a, donde tambi\u00e9n se encuentran Osorio P\u00e9rez y Castro Vargas.<\/div>\n<div>\n<figure id=\"attachment_296665\" aria-describedby=\"caption-attachment-296665\" style=\"width: 462px\" class=\"wp-caption aligncenter\"><img loading=\"lazy\" decoding=\"async\" class=\" wp-image-296665\" src=\"https:\/\/www.fiscalia.gov.co\/colombia\/wp-content\/uploads\/casouniamazonia-preacuerdo-florencia-300x169.jpg\" alt=\" en la imagen se ven dos personas detenidas bajo custodia de servidores de la Polic\u00eda y CTI. Detr\u00e1s suyo backings institucionales.\" width=\"462\" height=\"260\" srcset=\"https:\/\/www.fiscalia.gov.co\/colombia\/wp-content\/uploads\/casouniamazonia-preacuerdo-florencia-300x169.jpg 300w, https:\/\/www.fiscalia.gov.co\/colombia\/wp-content\/uploads\/casouniamazonia-preacuerdo-florencia-1024x576.jpg 1024w, https:\/\/www.fiscalia.gov.co\/colombia\/wp-content\/uploads\/casouniamazonia-preacuerdo-florencia-768x432.jpg 768w, https:\/\/www.fiscalia.gov.co\/colombia\/wp-content\/uploads\/casouniamazonia-preacuerdo-florencia-696x392.jpg 696w, https:\/\/www.fiscalia.gov.co\/colombia\/wp-content\/uploads\/casouniamazonia-preacuerdo-florencia-1068x601.jpg 1068w, https:\/\/www.fiscalia.gov.co\/colombia\/wp-content\/uploads\/casouniamazonia-preacuerdo-florencia-747x420.jpg 747w, https:\/\/www.fiscalia.gov.co\/colombia\/wp-content\/uploads\/casouniamazonia-preacuerdo-florencia.jpg 1200w\" sizes=\"auto, (max-width: 462px) 100vw, 462px\" \/><figcaption id=\"caption-attachment-296665\" class=\"wp-caption-text\">Carlos Andres Castro Vargas y Jhon Jairo Osorio P\u00e9rez, fueron condenados mediante preacuerdo a la pena de 19 a\u00f1os de prisi\u00f3n. Se encuentran en la c\u00e1rcel El Cunduy de Florencia.<\/figcaption><\/figure>\n<\/div>\n<div><\/div>\n<div>El acervo probatorio fue suficiente para demostrar su culpabilidad en estos hechos que ocurrieron en una vivienda del barrio Los Transportadores, a donde lleg\u00f3 el docente de una reconocida universidad de Florencia para cerrar la venta de su camioneta. All\u00ed fue apu\u00f1alado en el cuello y t\u00f3rax, heridas que le provocaron la muerte inmediata.<\/div>\n<div>\n<div><\/div>\n<div><b>Tambi\u00e9n le puede interesar: <\/b><a id=\"m_7767122726941044548LPlnk862850\" href=\"https:\/\/www.fiscalia.gov.co\/colombia\/noticias\/un-hombre-fue-condenado-a-22-anos-de-prision-por-el-homicidio-de-un-docente-universitario-en-florencia\/\" target=\"_blank\" rel=\"noopener\" data-saferedirecturl=\"https:\/\/www.google.com\/url?q=https:\/\/www.fiscalia.gov.co\/colombia\/noticias\/un-hombre-fue-condenado-a-22-anos-de-prision-por-el-homicidio-de-un-docente-universitario-en-florencia\/&amp;source=gmail&amp;ust=1718224631643000&amp;usg=AOvVaw06mmfIBbyQ9-2jCpSZaOLi\">https:\/\/www.fiscalia.gov.co\/<wbr \/>colombia\/noticias\/un-hombre-<wbr \/>fue-condenado-a-22-anos-de-<wbr \/>prision-por-el-homicidio-de-<wbr \/>un-docente-universitario-en-<wbr \/>florencia\/<\/a><\/div>\n<\/div>\n<div><\/div>\n<div>Se logr\u00f3 probar que los agresores lavaron con vinagre industrial, cloro y \u00e1cido n\u00edtrico la casa donde fue asesinada la v\u00edctima con el fin de borrar cualquier evidencia.<\/div>\n<div><\/div>\n<div>En su propio veh\u00edculo llevaron el cuerpo al municipio caquete\u00f1o de Morelia y lo arrojaron al r\u00edo Pescado, luego viajaron a Valledupar (Cesar) para vender el veh\u00edculo, acci\u00f3n que fue frustrada por las autoridades.<\/div>\n<div><\/div>\n<div>El catedr\u00e1tico fue despojado de su celular, una cadena, un anillo de oro, dinero en efectivo y un computador port\u00e1til, avaluados en unos 90 millones de pesos.<\/div>\n<div><\/div>\n<div>Esta informaci\u00f3n se hace p\u00fablica por razones de inter\u00e9s general.<\/div>\n<div><\/div>\n<div>PAAM\/CFG\/LABB\/DSC<\/div>\n<div><\/div>\n<div><\/div>\n<div><\/div>\n<div><em>La informaci\u00f3n contenida en este bolet\u00edn de prensa corresponde a la narraci\u00f3n de los hechos noticiosos objetivos, suministrados por los funcionarios encargados de adelantar las investigaciones penales al interior de la Fiscal\u00eda General de la Naci\u00f3n. Para el momento de la divulgaci\u00f3n de este comunicado, la situaci\u00f3n jur\u00eddica de la(s) persona(s) relacionada(s) se encuentra pendiente de resolver por la autoridad judicial competente, siempre bajo los preceptos de la presunci\u00f3n de inocencia, consagrados en el art\u00edculo 29 de la Constituci\u00f3n Pol\u00edtica y el art\u00edculo 7\u00ba de la Ley 906 de 2004.<\/em><\/div>\n<div><\/div>\n\n<div class=\"twitter-share\"><a href=\"https:\/\/twitter.com\/intent\/tweet?via=fiscaliacol\" class=\"twitter-share-button\">Tweet<\/a><\/div>\n","protected":false},"excerpt":{"rendered":"<p>La Fiscal\u00eda ya hab\u00eda logrado en mayo pasado la condena de\u00a0Yibran Arnovis Imbachi Jim\u00e9nez, quien fue detenido cuando pretend\u00eda vender el carro de la v\u00edctima. La Fiscal\u00eda logr\u00f3 que un [&hellip;]<\/p>\n","protected":false},"author":178,"featured_media":0,"comment_status":"closed","ping_status":"open","sticky":false,"template":"","format":"standard","meta":{"tdm_status":"","tdm_grid_status":"","footnotes":""},"categories":[1,24099],"tags":[24463,36335,718,293,45,1047,24022,686,23960,38039,23972,698,1063,769,975,6332,23836,24231],"class_list":["post-296664","post","type-post","status-publish","format-standard","category-noticias","category-seguridad-territorial","tag-camioneta","tag-catedratico","tag-cesar","tag-condena","tag-cti","tag-fiscalia-general-de-la-nacion","tag-florencia-caqueta","tag-homicidio-agravado","tag-hurto","tag-ocultamiento-y-alteracion","tag-policia","tag-porte-de-armas","tag-preacuerdo","tag-profesor","tag-sentencia","tag-uniamazonia","tag-valledupar","tag-venta"],"yoast_head":"<!-- This site is optimized with the Yoast SEO plugin v24.3 - https:\/\/yoast.com\/wordpress\/plugins\/seo\/ -->\n<title>Fiscal\u00eda General de la Naci\u00f3n<\/title>\n<meta name=\"description\" content=\"P\u00e1gina oficial de la Fiscal\u00eda General de la Naci\u00f3n \u2013 Colombia. Garantizamos el acceso efectivo a la justicia, la verdad y la reparaci\u00f3n de las v\u00edctimas de los delitos.\" \/>\n<meta name=\"robots\" content=\"noindex, follow\" \/>\n<meta property=\"og:locale\" content=\"es_ES\" \/>\n<meta property=\"og:type\" content=\"article\" \/>\n<meta property=\"og:title\" content=\"Fiscal\u00eda General de la Naci\u00f3n\" \/>\n<meta property=\"og:description\" content=\"P\u00e1gina oficial de la Fiscal\u00eda General de la Naci\u00f3n \u2013 Colombia. Garantizamos el acceso efectivo a la justicia, la verdad y la reparaci\u00f3n de las v\u00edctimas de los delitos.\" \/>\n<meta property=\"og:url\" content=\"https:\/\/www.fiscalia.gov.co\/colombia\/noticias\/responsables-del-homicidio-de-un-profesor-universitario-de-florencia-fueron-condenados-a-19-anos-de-prision\/\" \/>\n<meta property=\"og:site_name\" content=\"Fiscal\u00eda General de la Naci\u00f3n\" \/>\n<meta property=\"article:publisher\" content=\"https:\/\/www.facebook.com\/FiscaliaCol\" \/>\n<meta property=\"article:published_time\" content=\"2024-06-11T21:13:30+00:00\" \/>\n<meta property=\"og:image\" content=\"https:\/\/www.fiscalia.gov.co\/colombia\/wp-content\/uploads\/casouniamazonia-preacuerdo-florencia-300x169.jpg\" \/>\n<meta name=\"author\" content=\"Winnie Geraldine Rodr\u00edguez Navarrete\" \/>\n<meta name=\"twitter:card\" content=\"summary_large_image\" \/>\n<meta name=\"twitter:creator\" content=\"@FiscaliaCol\" \/>\n<meta name=\"twitter:site\" content=\"@FiscaliaCol\" \/>\n<meta name=\"twitter:label1\" content=\"Escrito por\" \/>\n\t<meta name=\"twitter:data1\" content=\"Winnie Geraldine Rodr\u00edguez Navarrete\" \/>\n\t<meta name=\"twitter:label2\" content=\"Tiempo de lectura\" \/>\n\t<meta name=\"twitter:data2\" content=\"3 minutos\" \/>\n<script type=\"application\/ld+json\" class=\"yoast-schema-graph\">{\"@context\":\"https:\/\/schema.org\",\"@graph\":[{\"@type\":\"Article\",\"@id\":\"https:\/\/www.fiscalia.gov.co\/colombia\/noticias\/responsables-del-homicidio-de-un-profesor-universitario-de-florencia-fueron-condenados-a-19-anos-de-prision\/#article\",\"isPartOf\":{\"@id\":\"https:\/\/www.fiscalia.gov.co\/colombia\/noticias\/responsables-del-homicidio-de-un-profesor-universitario-de-florencia-fueron-condenados-a-19-anos-de-prision\/\"},\"author\":{\"name\":\"Winnie Geraldine Rodr\u00edguez Navarrete\",\"@id\":\"https:\/\/www.fiscalia.gov.co\/colombia\/#\/schema\/person\/176195b99ebab0a52aafa15197e1bf80\"},\"headline\":\"Responsables del homicidio de un profesor universitario de Florencia fueron condenados a 19 a\u00f1os de prisi\u00f3n\",\"datePublished\":\"2024-06-11T21:13:30+00:00\",\"dateModified\":\"2024-06-11T21:13:30+00:00\",\"mainEntityOfPage\":{\"@id\":\"https:\/\/www.fiscalia.gov.co\/colombia\/noticias\/responsables-del-homicidio-de-un-profesor-universitario-de-florencia-fueron-condenados-a-19-anos-de-prision\/\"},\"wordCount\":509,\"publisher\":{\"@id\":\"https:\/\/www.fiscalia.gov.co\/colombia\/#organization\"},\"image\":{\"@id\":\"https:\/\/www.fiscalia.gov.co\/colombia\/noticias\/responsables-del-homicidio-de-un-profesor-universitario-de-florencia-fueron-condenados-a-19-anos-de-prision\/#primaryimage\"},\"thumbnailUrl\":\"https:\/\/www.fiscalia.gov.co\/colombia\/wp-content\/uploads\/casouniamazonia-preacuerdo-florencia-300x169.jpg\",\"keywords\":[\"camioneta\",\"catedr\u00e1tico\",\"Cesar\",\"Condena\",\"CTI\",\"Fiscal\u00eda General de la Naci\u00f3n\",\"Florencia (Caquet\u00e1)\",\"Homicidio agravado\",\"Hurto\",\"ocultamiento y alteraci\u00f3n\",\"Polic\u00eda\",\"Porte de armas\",\"Preacuerdo\",\"Profesor\",\"Sentencia\",\"Uniamazon\u00eda\",\"Valledupar\",\"Venta\"],\"articleSection\":[\"Noticias\",\"Seguridad territorial\"],\"inLanguage\":\"es-CO\"},{\"@type\":\"WebPage\",\"@id\":\"https:\/\/www.fiscalia.gov.co\/colombia\/noticias\/responsables-del-homicidio-de-un-profesor-universitario-de-florencia-fueron-condenados-a-19-anos-de-prision\/\",\"url\":\"https:\/\/www.fiscalia.gov.co\/colombia\/noticias\/responsables-del-homicidio-de-un-profesor-universitario-de-florencia-fueron-condenados-a-19-anos-de-prision\/\",\"name\":\"Fiscal\u00eda General de la Naci\u00f3n\",\"isPartOf\":{\"@id\":\"https:\/\/www.fiscalia.gov.co\/colombia\/#website\"},\"primaryImageOfPage\":{\"@id\":\"https:\/\/www.fiscalia.gov.co\/colombia\/noticias\/responsables-del-homicidio-de-un-profesor-universitario-de-florencia-fueron-condenados-a-19-anos-de-prision\/#primaryimage\"},\"image\":{\"@id\":\"https:\/\/www.fiscalia.gov.co\/colombia\/noticias\/responsables-del-homicidio-de-un-profesor-universitario-de-florencia-fueron-condenados-a-19-anos-de-prision\/#primaryimage\"},\"thumbnailUrl\":\"https:\/\/www.fiscalia.gov.co\/colombia\/wp-content\/uploads\/casouniamazonia-preacuerdo-florencia-300x169.jpg\",\"datePublished\":\"2024-06-11T21:13:30+00:00\",\"dateModified\":\"2024-06-11T21:13:30+00:00\",\"description\":\"P\u00e1gina oficial de la Fiscal\u00eda General de la Naci\u00f3n \u2013 Colombia. Garantizamos el acceso efectivo a la justicia, la verdad y la reparaci\u00f3n de las v\u00edctimas de los delitos.\",\"breadcrumb\":{\"@id\":\"https:\/\/www.fiscalia.gov.co\/colombia\/noticias\/responsables-del-homicidio-de-un-profesor-universitario-de-florencia-fueron-condenados-a-19-anos-de-prision\/#breadcrumb\"},\"inLanguage\":\"es-CO\",\"potentialAction\":[{\"@type\":\"ReadAction\",\"target\":[\"https:\/\/www.fiscalia.gov.co\/colombia\/noticias\/responsables-del-homicidio-de-un-profesor-universitario-de-florencia-fueron-condenados-a-19-anos-de-prision\/\"]}]},{\"@type\":\"ImageObject\",\"inLanguage\":\"es-CO\",\"@id\":\"https:\/\/www.fiscalia.gov.co\/colombia\/noticias\/responsables-del-homicidio-de-un-profesor-universitario-de-florencia-fueron-condenados-a-19-anos-de-prision\/#primaryimage\",\"url\":\"https:\/\/www.fiscalia.gov.co\/colombia\/wp-content\/uploads\/casouniamazonia-preacuerdo-florencia.jpg\",\"contentUrl\":\"https:\/\/www.fiscalia.gov.co\/colombia\/wp-content\/uploads\/casouniamazonia-preacuerdo-florencia.jpg\",\"width\":1200,\"height\":675,\"caption\":\"Carlos Andres Castro Vargas y Jhon Jairo Osorio P\u00e9rez, fueron condenados mediante preacuerdo a la pena de 19 a\u00f1os de prisi\u00f3n. Se encuentran en la c\u00e1rcel El Cunduy de Florencia.\"},{\"@type\":\"BreadcrumbList\",\"@id\":\"https:\/\/www.fiscalia.gov.co\/colombia\/noticias\/responsables-del-homicidio-de-un-profesor-universitario-de-florencia-fueron-condenados-a-19-anos-de-prision\/#breadcrumb\",\"itemListElement\":[{\"@type\":\"ListItem\",\"position\":1,\"name\":\"Home\",\"item\":\"https:\/\/www.fiscalia.gov.co\/colombia\/\"},{\"@type\":\"ListItem\",\"position\":2,\"name\":\"Responsables del homicidio de un profesor universitario de Florencia fueron condenados a 19 a\u00f1os de prisi\u00f3n\"}]},{\"@type\":\"WebSite\",\"@id\":\"https:\/\/www.fiscalia.gov.co\/colombia\/#website\",\"url\":\"https:\/\/www.fiscalia.gov.co\/colombia\/\",\"name\":\"Fiscal\u00eda General de la Naci\u00f3n\",\"description\":\"P\u00e1gina oficial de la Fiscal\u00eda General de la Naci\u00f3n \u2013 Colombia. Garantizamos el acceso efectivo a la justicia, la verdad y la reparaci\u00f3n de las v\u00edctimas de los delitos.\",\"publisher\":{\"@id\":\"https:\/\/www.fiscalia.gov.co\/colombia\/#organization\"},\"potentialAction\":[{\"@type\":\"SearchAction\",\"target\":{\"@type\":\"EntryPoint\",\"urlTemplate\":\"https:\/\/www.fiscalia.gov.co\/colombia\/?s={search_term_string}\"},\"query-input\":{\"@type\":\"PropertyValueSpecification\",\"valueRequired\":true,\"valueName\":\"search_term_string\"}}],\"inLanguage\":\"es-CO\"},{\"@type\":\"Organization\",\"@id\":\"https:\/\/www.fiscalia.gov.co\/colombia\/#organization\",\"name\":\"Fiscal\u00eda General de la Naci\u00f3n\",\"url\":\"https:\/\/www.fiscalia.gov.co\/colombia\/\",\"logo\":{\"@type\":\"ImageObject\",\"inLanguage\":\"es-CO\",\"@id\":\"https:\/\/www.fiscalia.gov.co\/colombia\/#\/schema\/logo\/image\/\",\"url\":\"https:\/\/www.fiscalia.gov.co\/colombia\/wp-content\/uploads\/LogoHorizontal_1.jpg\",\"contentUrl\":\"https:\/\/www.fiscalia.gov.co\/colombia\/wp-content\/uploads\/LogoHorizontal_1.jpg\",\"width\":300,\"height\":90,\"caption\":\"Fiscal\u00eda General de la Naci\u00f3n\"},\"image\":{\"@id\":\"https:\/\/www.fiscalia.gov.co\/colombia\/#\/schema\/logo\/image\/\"},\"sameAs\":[\"https:\/\/www.facebook.com\/FiscaliaCol\",\"https:\/\/x.com\/FiscaliaCol\",\"https:\/\/www.instagram.com\/fiscaliacol\",\"https:\/\/www.linkedin.com\/company\/fiscalia-general-de-la-naci-n\/\",\"https:\/\/youtube.com\/@fiscaliageneraldelanacion-4668?si=6nN79nyQICPU5iTh\"]},{\"@type\":\"Person\",\"@id\":\"https:\/\/www.fiscalia.gov.co\/colombia\/#\/schema\/person\/176195b99ebab0a52aafa15197e1bf80\",\"name\":\"Winnie Geraldine Rodr\u00edguez Navarrete\",\"image\":{\"@type\":\"ImageObject\",\"inLanguage\":\"es-CO\",\"@id\":\"https:\/\/www.fiscalia.gov.co\/colombia\/#\/schema\/person\/image\/\",\"url\":\"https:\/\/secure.gravatar.com\/avatar\/c24cf8481dc84fa5e8c7b20bc95ab0c6?s=96&d=mm&r=g\",\"contentUrl\":\"https:\/\/secure.gravatar.com\/avatar\/c24cf8481dc84fa5e8c7b20bc95ab0c6?s=96&d=mm&r=g\",\"caption\":\"Winnie Geraldine Rodr\u00edguez Navarrete\"},\"url\":\"https:\/\/www.fiscalia.gov.co\/colombia\/author\/winnierodriguez\/\"}]}<\/script>\n<!-- \/ Yoast SEO plugin. -->","yoast_head_json":{"title":"Fiscal\u00eda General de la Naci\u00f3n","description":"P\u00e1gina oficial de la Fiscal\u00eda General de la Naci\u00f3n \u2013 Colombia. Garantizamos el acceso efectivo a la justicia, la verdad y la reparaci\u00f3n de las v\u00edctimas de los delitos.","robots":{"index":"noindex","follow":"follow"},"og_locale":"es_ES","og_type":"article","og_title":"Fiscal\u00eda General de la Naci\u00f3n","og_description":"P\u00e1gina oficial de la Fiscal\u00eda General de la Naci\u00f3n \u2013 Colombia. Garantizamos el acceso efectivo a la justicia, la verdad y la reparaci\u00f3n de las v\u00edctimas de los delitos.","og_url":"https:\/\/www.fiscalia.gov.co\/colombia\/noticias\/responsables-del-homicidio-de-un-profesor-universitario-de-florencia-fueron-condenados-a-19-anos-de-prision\/","og_site_name":"Fiscal\u00eda General de la Naci\u00f3n","article_publisher":"https:\/\/www.facebook.com\/FiscaliaCol","article_published_time":"2024-06-11T21:13:30+00:00","og_image":[{"url":"https:\/\/www.fiscalia.gov.co\/colombia\/wp-content\/uploads\/casouniamazonia-preacuerdo-florencia-300x169.jpg","type":"","width":"","height":""}],"author":"Winnie Geraldine Rodr\u00edguez Navarrete","twitter_card":"summary_large_image","twitter_creator":"@FiscaliaCol","twitter_site":"@FiscaliaCol","twitter_misc":{"Escrito por":"Winnie Geraldine Rodr\u00edguez Navarrete","Tiempo de lectura":"3 minutos"},"schema":{"@context":"https:\/\/schema.org","@graph":[{"@type":"Article","@id":"https:\/\/www.fiscalia.gov.co\/colombia\/noticias\/responsables-del-homicidio-de-un-profesor-universitario-de-florencia-fueron-condenados-a-19-anos-de-prision\/#article","isPartOf":{"@id":"https:\/\/www.fiscalia.gov.co\/colombia\/noticias\/responsables-del-homicidio-de-un-profesor-universitario-de-florencia-fueron-condenados-a-19-anos-de-prision\/"},"author":{"name":"Winnie Geraldine Rodr\u00edguez Navarrete","@id":"https:\/\/www.fiscalia.gov.co\/colombia\/#\/schema\/person\/176195b99ebab0a52aafa15197e1bf80"},"headline":"Responsables del homicidio de un profesor universitario de Florencia fueron condenados a 19 a\u00f1os de prisi\u00f3n","datePublished":"2024-06-11T21:13:30+00:00","dateModified":"2024-06-11T21:13:30+00:00","mainEntityOfPage":{"@id":"https:\/\/www.fiscalia.gov.co\/colombia\/noticias\/responsables-del-homicidio-de-un-profesor-universitario-de-florencia-fueron-condenados-a-19-anos-de-prision\/"},"wordCount":509,"publisher":{"@id":"https:\/\/www.fiscalia.gov.co\/colombia\/#organization"},"image":{"@id":"https:\/\/www.fiscalia.gov.co\/colombia\/noticias\/responsables-del-homicidio-de-un-profesor-universitario-de-florencia-fueron-condenados-a-19-anos-de-prision\/#primaryimage"},"thumbnailUrl":"https:\/\/www.fiscalia.gov.co\/colombia\/wp-content\/uploads\/casouniamazonia-preacuerdo-florencia-300x169.jpg","keywords":["camioneta","catedr\u00e1tico","Cesar","Condena","CTI","Fiscal\u00eda General de la Naci\u00f3n","Florencia (Caquet\u00e1)","Homicidio agravado","Hurto","ocultamiento y alteraci\u00f3n","Polic\u00eda","Porte de armas","Preacuerdo","Profesor","Sentencia","Uniamazon\u00eda","Valledupar","Venta"],"articleSection":["Noticias","Seguridad territorial"],"inLanguage":"es-CO"},{"@type":"WebPage","@id":"https:\/\/www.fiscalia.gov.co\/colombia\/noticias\/responsables-del-homicidio-de-un-profesor-universitario-de-florencia-fueron-condenados-a-19-anos-de-prision\/","url":"https:\/\/www.fiscalia.gov.co\/colombia\/noticias\/responsables-del-homicidio-de-un-profesor-universitario-de-florencia-fueron-condenados-a-19-anos-de-prision\/","name":"Fiscal\u00eda General de la Naci\u00f3n","isPartOf":{"@id":"https:\/\/www.fiscalia.gov.co\/colombia\/#website"},"primaryImageOfPage":{"@id":"https:\/\/www.fiscalia.gov.co\/colombia\/noticias\/responsables-del-homicidio-de-un-profesor-universitario-de-florencia-fueron-condenados-a-19-anos-de-prision\/#primaryimage"},"image":{"@id":"https:\/\/www.fiscalia.gov.co\/colombia\/noticias\/responsables-del-homicidio-de-un-profesor-universitario-de-florencia-fueron-condenados-a-19-anos-de-prision\/#primaryimage"},"thumbnailUrl":"https:\/\/www.fiscalia.gov.co\/colombia\/wp-content\/uploads\/casouniamazonia-preacuerdo-florencia-300x169.jpg","datePublished":"2024-06-11T21:13:30+00:00","dateModified":"2024-06-11T21:13:30+00:00","description":"P\u00e1gina oficial de la Fiscal\u00eda General de la Naci\u00f3n \u2013 Colombia. Garantizamos el acceso efectivo a la justicia, la verdad y la reparaci\u00f3n de las v\u00edctimas de los delitos.","breadcrumb":{"@id":"https:\/\/www.fiscalia.gov.co\/colombia\/noticias\/responsables-del-homicidio-de-un-profesor-universitario-de-florencia-fueron-condenados-a-19-anos-de-prision\/#breadcrumb"},"inLanguage":"es-CO","potentialAction":[{"@type":"ReadAction","target":["https:\/\/www.fiscalia.gov.co\/colombia\/noticias\/responsables-del-homicidio-de-un-profesor-universitario-de-florencia-fueron-condenados-a-19-anos-de-prision\/"]}]},{"@type":"ImageObject","inLanguage":"es-CO","@id":"https:\/\/www.fiscalia.gov.co\/colombia\/noticias\/responsables-del-homicidio-de-un-profesor-universitario-de-florencia-fueron-condenados-a-19-anos-de-prision\/#primaryimage","url":"https:\/\/www.fiscalia.gov.co\/colombia\/wp-content\/uploads\/casouniamazonia-preacuerdo-florencia.jpg","contentUrl":"https:\/\/www.fiscalia.gov.co\/colombia\/wp-content\/uploads\/casouniamazonia-preacuerdo-florencia.jpg","width":1200,"height":675,"caption":"Carlos Andres Castro Vargas y Jhon Jairo Osorio P\u00e9rez, fueron condenados mediante preacuerdo a la pena de 19 a\u00f1os de prisi\u00f3n. Se encuentran en la c\u00e1rcel El Cunduy de Florencia."},{"@type":"BreadcrumbList","@id":"https:\/\/www.fiscalia.gov.co\/colombia\/noticias\/responsables-del-homicidio-de-un-profesor-universitario-de-florencia-fueron-condenados-a-19-anos-de-prision\/#breadcrumb","itemListElement":[{"@type":"ListItem","position":1,"name":"Home","item":"https:\/\/www.fiscalia.gov.co\/colombia\/"},{"@type":"ListItem","position":2,"name":"Responsables del homicidio de un profesor universitario de Florencia fueron condenados a 19 a\u00f1os de prisi\u00f3n"}]},{"@type":"WebSite","@id":"https:\/\/www.fiscalia.gov.co\/colombia\/#website","url":"https:\/\/www.fiscalia.gov.co\/colombia\/","name":"Fiscal\u00eda General de la Naci\u00f3n","description":"P\u00e1gina oficial de la Fiscal\u00eda General de la Naci\u00f3n \u2013 Colombia. Garantizamos el acceso efectivo a la justicia, la verdad y la reparaci\u00f3n de las v\u00edctimas de los delitos.","publisher":{"@id":"https:\/\/www.fiscalia.gov.co\/colombia\/#organization"},"potentialAction":[{"@type":"SearchAction","target":{"@type":"EntryPoint","urlTemplate":"https:\/\/www.fiscalia.gov.co\/colombia\/?s={search_term_string}"},"query-input":{"@type":"PropertyValueSpecification","valueRequired":true,"valueName":"search_term_string"}}],"inLanguage":"es-CO"},{"@type":"Organization","@id":"https:\/\/www.fiscalia.gov.co\/colombia\/#organization","name":"Fiscal\u00eda General de la Naci\u00f3n","url":"https:\/\/www.fiscalia.gov.co\/colombia\/","logo":{"@type":"ImageObject","inLanguage":"es-CO","@id":"https:\/\/www.fiscalia.gov.co\/colombia\/#\/schema\/logo\/image\/","url":"https:\/\/www.fiscalia.gov.co\/colombia\/wp-content\/uploads\/LogoHorizontal_1.jpg","contentUrl":"https:\/\/www.fiscalia.gov.co\/colombia\/wp-content\/uploads\/LogoHorizontal_1.jpg","width":300,"height":90,"caption":"Fiscal\u00eda General de la Naci\u00f3n"},"image":{"@id":"https:\/\/www.fiscalia.gov.co\/colombia\/#\/schema\/logo\/image\/"},"sameAs":["https:\/\/www.facebook.com\/FiscaliaCol","https:\/\/x.com\/FiscaliaCol","https:\/\/www.instagram.com\/fiscaliacol","https:\/\/www.linkedin.com\/company\/fiscalia-general-de-la-naci-n\/","https:\/\/youtube.com\/@fiscaliageneraldelanacion-4668?si=6nN79nyQICPU5iTh"]},{"@type":"Person","@id":"https:\/\/www.fiscalia.gov.co\/colombia\/#\/schema\/person\/176195b99ebab0a52aafa15197e1bf80","name":"Winnie Geraldine Rodr\u00edguez Navarrete","image":{"@type":"ImageObject","inLanguage":"es-CO","@id":"https:\/\/www.fiscalia.gov.co\/colombia\/#\/schema\/person\/image\/","url":"https:\/\/secure.gravatar.com\/avatar\/c24cf8481dc84fa5e8c7b20bc95ab0c6?s=96&d=mm&r=g","contentUrl":"https:\/\/secure.gravatar.com\/avatar\/c24cf8481dc84fa5e8c7b20bc95ab0c6?s=96&d=mm&r=g","caption":"Winnie Geraldine Rodr\u00edguez Navarrete"},"url":"https:\/\/www.fiscalia.gov.co\/colombia\/author\/winnierodriguez\/"}]}},"_links":{"self":[{"href":"https:\/\/www.fiscalia.gov.co\/colombia\/wp-json\/wp\/v2\/posts\/296664","targetHints":{"allow":["GET"]}}],"collection":[{"href":"https:\/\/www.fiscalia.gov.co\/colombia\/wp-json\/wp\/v2\/posts"}],"about":[{"href":"https:\/\/www.fiscalia.gov.co\/colombia\/wp-json\/wp\/v2\/types\/post"}],"author":[{"embeddable":true,"href":"https:\/\/www.fiscalia.gov.co\/colombia\/wp-json\/wp\/v2\/users\/178"}],"replies":[{"embeddable":true,"href":"https:\/\/www.fiscalia.gov.co\/colombia\/wp-json\/wp\/v2\/comments?post=296664"}],"version-history":[{"count":1,"href":"https:\/\/www.fiscalia.gov.co\/colombia\/wp-json\/wp\/v2\/posts\/296664\/revisions"}],"predecessor-version":[{"id":296666,"href":"https:\/\/www.fiscalia.gov.co\/colombia\/wp-json\/wp\/v2\/posts\/296664\/revisions\/296666"}],"wp:attachment":[{"href":"https:\/\/www.fiscalia.gov.co\/colombia\/wp-json\/wp\/v2\/media?parent=296664"}],"wp:term":[{"taxonomy":"category","embeddable":true,"href":"https:\/\/www.fiscalia.gov.co\/colombia\/wp-json\/wp\/v2\/categories?post=296664"},{"taxonomy":"post_tag","embeddable":true,"href":"https:\/\/www.fiscalia.gov.co\/colombia\/wp-json\/wp\/v2\/tags?post=296664"}],"curies":[{"name":"wp","href":"https:\/\/api.w.org\/{rel}","templated":true}]}}