{"id":296609,"date":"2024-06-10T10:08:16","date_gmt":"2024-06-10T15:08:16","guid":{"rendered":"https:\/\/www.fiscalia.gov.co\/colombia\/?p=296609"},"modified":"2025-02-12T12:24:53","modified_gmt":"2025-02-12T17:24:53","slug":"fiscalia-logra-tres-condenas-contra-responsables-de-crimenes-de-lideres-sociales-en-cordoba-y-caqueta","status":"publish","type":"post","link":"https:\/\/www.fiscalia.gov.co\/colombia\/noticias\/fiscalia-logra-tres-condenas-contra-responsables-de-crimenes-de-lideres-sociales-en-cordoba-y-caqueta\/","title":{"rendered":"Fiscal\u00eda logra tres condenas contra responsables de cr\u00edmenes de l\u00edderes sociales en C\u00f3rdoba y Caquet\u00e1"},"content":{"rendered":"<h4 style=\"text-align: center;\"><strong><em>Las pruebas recaudadas por la Fiscal\u00eda permitieron que \u2018El Zarco\u2019, \u2018Ra\u00fal\u2019 y \u2018<\/em><em>Guamo\u2019 fueran sentenciados a penas que oscilan entre los 18 y 22 a\u00f1os de prisi\u00f3n. <\/em><\/strong><\/h4>\n<p>La contundencia de las pruebas presentadas por fiscales de la Unidad Especial de Investigaci\u00f3n (UEI) fueron determinantes para que jueces de conocimiento condenaran a se\u00f1alados integrantes de grupos armados ilegales implicados en cr\u00edmenes contra l\u00edderes sociales en Caquet\u00e1 y C\u00f3rdoba.<\/p>\n<p><strong><u>Condena a \u2018El Zarco\u2019<\/u><\/strong><\/p>\n<p>La Fiscal\u00eda General de la Naci\u00f3n obtuvo condena de 22 a\u00f1os y 5 meses de prisi\u00f3n contra Juan Manuel G\u00f3mez Durango, alias El Zarco, responsable del homicidio de la l\u00edder comunal Mary Cruz Petro Villalba, perpetrado el 25 de abril de 2023 en Ci\u00e9naga de Oro, (C\u00f3rdoba).<\/p>\n<p>La v\u00edctima se movilizaba en una motocicleta cuando fue abordada por hombres armados que le dispararon y luego se llevaron el veh\u00edculo. \u2018El Zarco\u2019, integrante de una subestructura del \u2018Clan del Golfo\u2019 fue encontrado responsable de los delitos de homicidio, concierto para delinquir y hurto calificado. Todas estas conductas agravadas. Adem\u00e1s de fabricaci\u00f3n, tr\u00e1fico y porte de armas de fuego o municiones.<\/p>\n<p><strong><u>Condena a \u2018Ra\u00fal\u2019<\/u><\/strong><\/p>\n<p>Eliecer N\u00fa\u00f1ez \u00c1ngel, alias Ra\u00fal, integrante de la estructura Comandos de la Frontera, de las disidencias de las Farc, acept\u00f3 su responsabilidad en, al menos, cinco homicidios registrados en Bel\u00e9n de los Andaqu\u00edes, La Monta\u00f1ita y El Paujil (Caquet\u00e1). \u00a0Entre las v\u00edctimas se encontraban tres l\u00edderes sociales, un firmante de paz y un civil, que perdieron la vida tras ser atacados con armas de fuego.<\/p>\n<p>Entre los hechos que se le atribuyen se encuentra el homicidio del l\u00edder social y vicepresidente de la Junta de Acci\u00f3n Comunal de la vereda Bolivia de El Paujil (Caquet\u00e1), Antonio Charry Naranjo, ocurrido el 15 de septiembre de 2022.<\/p>\n<p>El sentenciado tambi\u00e9n particip\u00f3 en los homicidios de los l\u00edderes sociales Alexander Pastrana Lozada y Marcos Antonio Morales L\u00f3pez. Los cr\u00edmenes ocurrieron en las veredas de Puerto Gait\u00e1n y Tailandia del municipio de La Monta\u00f1ita, en marzo de 2022.<\/p>\n<p>Tras suscribir un preacuerdo, alias Ra\u00fal fue condenado a 22 a\u00f1os y 2 meses de prisi\u00f3n por los delitos de homicidio, desplazamiento forzado, concierto para delinquir. Todas las conductas agravadas; adem\u00e1s de fabricaci\u00f3n, tr\u00e1fico y porte de armas de fuego o municiones.<\/p>\n<p><strong><u>Condena a alias Guamo<\/u><\/strong><\/p>\n<p>A 18 a\u00f1os y 2 meses de prisi\u00f3n fue condenado Yoner Cort\u00e9s Artunduaga, alias Guamo, se\u00f1alado integrante de la estructura Miller Perdomo de las disidencias de las Farc que particip\u00f3 en los homicidios de dos l\u00edderes sociales registrados en La Monta\u00f1ita (Caquet\u00e1).<\/p>\n<p>Cort\u00e9s Artunduaga fue encontrado responsable en el crimen del l\u00edder comunal Yony Alejandro Chala Hueje, perpetrado el 27 de junio de 2021 en la vereda Comuneros. \u00a0Asimismo, particip\u00f3 en el asesinato del tesorero de la Junta de Acci\u00f3n Comunal de la vereda Reina Baja, ocurrido en la vereda Reina Baja, el 21 de enero de 2023.<\/p>\n<p>Cort\u00e9s Artunduaga fue sentenciado por los delitos de homicidio; fabricaci\u00f3n, tr\u00e1fico y porte de armas de fuego o municiones; y concierto para delinquir. Ambas conductas agravadas.<\/p>\n<p>&nbsp;<\/p>\n<p>AMCJ\/MAGA\/AAB\/UEI\/<\/p>\n<p>&nbsp;<\/p>\n<p>&nbsp;<\/p>\n<p>&nbsp;<\/p>\n<p>&nbsp;<\/p>\n<div class=\"td-container\">\n<article id=\"post-296600\" class=\"post-296600 post type-post status-publish format-standard category-noticias\">\n<div class=\"td-post-content\">\n<p><i>La informaci\u00f3n contenida en este bolet\u00edn de prensa corresponde a la narraci\u00f3n de los hechos noticiosos objetivos, suministrados por los funcionarios encargados de adelantar las investigaciones penales al interior de la Fiscal\u00eda General de la Naci\u00f3n. Para el momento de la divulgaci\u00f3n de este comunicado, la situaci\u00f3n jur\u00eddica de la(s) persona(s) relacionada(s) se encuentra pendiente de resolver por la autoridad judicial competente, siempre bajo los preceptos de la presunci\u00f3n de inocencia, consagrados en el art\u00edculo 29 de la Constituci\u00f3n Pol\u00edtica y el art\u00edculo 7\u00ba de la Ley 906 de 2004.<\/i><\/p>\n<\/div>\n<\/article>\n<\/div>\n\n<div class=\"twitter-share\"><a href=\"https:\/\/twitter.com\/intent\/tweet?via=fiscaliacol\" class=\"twitter-share-button\">Tweet<\/a><\/div>\n","protected":false},"excerpt":{"rendered":"<p>Las pruebas recaudadas por la Fiscal\u00eda permitieron que \u2018El Zarco\u2019, \u2018Ra\u00fal\u2019 y \u2018Guamo\u2019 fueran sentenciados a penas que oscilan entre los 18 y 22 a\u00f1os de prisi\u00f3n. La contundencia de [&hellip;]<\/p>\n","protected":false},"author":178,"featured_media":0,"comment_status":"closed","ping_status":"open","sticky":false,"template":"","format":"standard","meta":{"tdm_status":"","tdm_grid_status":"","footnotes":""},"categories":[24176,1],"tags":[33862],"class_list":["post-296609","post","type-post","status-publish","format-standard","category-defensores","category-noticias","tag-bogota-d-c"],"yoast_head":"<!-- This site is optimized with the Yoast SEO plugin v24.3 - https:\/\/yoast.com\/wordpress\/plugins\/seo\/ -->\n<title>Fiscal\u00eda General de la Naci\u00f3n<\/title>\n<meta name=\"description\" content=\"P\u00e1gina oficial de la Fiscal\u00eda General de la Naci\u00f3n \u2013 Colombia. Garantizamos el acceso efectivo a la justicia, la verdad y la reparaci\u00f3n de las v\u00edctimas de los delitos.\" \/>\n<meta name=\"robots\" content=\"noindex, follow\" \/>\n<meta property=\"og:locale\" content=\"es_ES\" \/>\n<meta property=\"og:type\" content=\"article\" \/>\n<meta property=\"og:title\" content=\"Fiscal\u00eda General de la Naci\u00f3n\" \/>\n<meta property=\"og:description\" content=\"P\u00e1gina oficial de la Fiscal\u00eda General de la Naci\u00f3n \u2013 Colombia. Garantizamos el acceso efectivo a la justicia, la verdad y la reparaci\u00f3n de las v\u00edctimas de los delitos.\" \/>\n<meta property=\"og:url\" content=\"https:\/\/www.fiscalia.gov.co\/colombia\/noticias\/fiscalia-logra-tres-condenas-contra-responsables-de-crimenes-de-lideres-sociales-en-cordoba-y-caqueta\/\" \/>\n<meta property=\"og:site_name\" content=\"Fiscal\u00eda General de la Naci\u00f3n\" \/>\n<meta property=\"article:publisher\" content=\"https:\/\/www.facebook.com\/FiscaliaCol\" \/>\n<meta property=\"article:published_time\" content=\"2024-06-10T15:08:16+00:00\" \/>\n<meta property=\"article:modified_time\" content=\"2025-02-12T17:24:53+00:00\" \/>\n<meta name=\"author\" content=\"Winnie Geraldine Rodr\u00edguez Navarrete\" \/>\n<meta name=\"twitter:card\" content=\"summary_large_image\" \/>\n<meta name=\"twitter:creator\" content=\"@FiscaliaCol\" \/>\n<meta name=\"twitter:site\" content=\"@FiscaliaCol\" \/>\n<meta name=\"twitter:label1\" content=\"Escrito por\" \/>\n\t<meta name=\"twitter:data1\" content=\"Winnie Geraldine Rodr\u00edguez Navarrete\" \/>\n\t<meta name=\"twitter:label2\" content=\"Tiempo de lectura\" \/>\n\t<meta name=\"twitter:data2\" content=\"3 minutos\" \/>\n<script type=\"application\/ld+json\" class=\"yoast-schema-graph\">{\"@context\":\"https:\/\/schema.org\",\"@graph\":[{\"@type\":\"Article\",\"@id\":\"https:\/\/www.fiscalia.gov.co\/colombia\/noticias\/fiscalia-logra-tres-condenas-contra-responsables-de-crimenes-de-lideres-sociales-en-cordoba-y-caqueta\/#article\",\"isPartOf\":{\"@id\":\"https:\/\/www.fiscalia.gov.co\/colombia\/noticias\/fiscalia-logra-tres-condenas-contra-responsables-de-crimenes-de-lideres-sociales-en-cordoba-y-caqueta\/\"},\"author\":{\"name\":\"Winnie Geraldine Rodr\u00edguez Navarrete\",\"@id\":\"https:\/\/www.fiscalia.gov.co\/colombia\/#\/schema\/person\/176195b99ebab0a52aafa15197e1bf80\"},\"headline\":\"Fiscal\u00eda logra tres condenas contra responsables de cr\u00edmenes de l\u00edderes sociales en C\u00f3rdoba y Caquet\u00e1\",\"datePublished\":\"2024-06-10T15:08:16+00:00\",\"dateModified\":\"2025-02-12T17:24:53+00:00\",\"mainEntityOfPage\":{\"@id\":\"https:\/\/www.fiscalia.gov.co\/colombia\/noticias\/fiscalia-logra-tres-condenas-contra-responsables-de-crimenes-de-lideres-sociales-en-cordoba-y-caqueta\/\"},\"wordCount\":666,\"publisher\":{\"@id\":\"https:\/\/www.fiscalia.gov.co\/colombia\/#organization\"},\"keywords\":[\"Bogot\u00e1 D.C.\"],\"articleSection\":[\"Defensores\",\"Noticias\"],\"inLanguage\":\"es-CO\"},{\"@type\":\"WebPage\",\"@id\":\"https:\/\/www.fiscalia.gov.co\/colombia\/noticias\/fiscalia-logra-tres-condenas-contra-responsables-de-crimenes-de-lideres-sociales-en-cordoba-y-caqueta\/\",\"url\":\"https:\/\/www.fiscalia.gov.co\/colombia\/noticias\/fiscalia-logra-tres-condenas-contra-responsables-de-crimenes-de-lideres-sociales-en-cordoba-y-caqueta\/\",\"name\":\"Fiscal\u00eda General de la Naci\u00f3n\",\"isPartOf\":{\"@id\":\"https:\/\/www.fiscalia.gov.co\/colombia\/#website\"},\"datePublished\":\"2024-06-10T15:08:16+00:00\",\"dateModified\":\"2025-02-12T17:24:53+00:00\",\"description\":\"P\u00e1gina oficial de la Fiscal\u00eda General de la Naci\u00f3n \u2013 Colombia. Garantizamos el acceso efectivo a la justicia, la verdad y la reparaci\u00f3n de las v\u00edctimas de los delitos.\",\"breadcrumb\":{\"@id\":\"https:\/\/www.fiscalia.gov.co\/colombia\/noticias\/fiscalia-logra-tres-condenas-contra-responsables-de-crimenes-de-lideres-sociales-en-cordoba-y-caqueta\/#breadcrumb\"},\"inLanguage\":\"es-CO\",\"potentialAction\":[{\"@type\":\"ReadAction\",\"target\":[\"https:\/\/www.fiscalia.gov.co\/colombia\/noticias\/fiscalia-logra-tres-condenas-contra-responsables-de-crimenes-de-lideres-sociales-en-cordoba-y-caqueta\/\"]}]},{\"@type\":\"BreadcrumbList\",\"@id\":\"https:\/\/www.fiscalia.gov.co\/colombia\/noticias\/fiscalia-logra-tres-condenas-contra-responsables-de-crimenes-de-lideres-sociales-en-cordoba-y-caqueta\/#breadcrumb\",\"itemListElement\":[{\"@type\":\"ListItem\",\"position\":1,\"name\":\"Home\",\"item\":\"https:\/\/www.fiscalia.gov.co\/colombia\/\"},{\"@type\":\"ListItem\",\"position\":2,\"name\":\"Fiscal\u00eda logra tres condenas contra responsables de cr\u00edmenes de l\u00edderes sociales en C\u00f3rdoba y Caquet\u00e1\"}]},{\"@type\":\"WebSite\",\"@id\":\"https:\/\/www.fiscalia.gov.co\/colombia\/#website\",\"url\":\"https:\/\/www.fiscalia.gov.co\/colombia\/\",\"name\":\"Fiscal\u00eda General de la Naci\u00f3n\",\"description\":\"P\u00e1gina oficial de la Fiscal\u00eda General de la Naci\u00f3n \u2013 Colombia. Garantizamos el acceso efectivo a la justicia, la verdad y la reparaci\u00f3n de las v\u00edctimas de los delitos.\",\"publisher\":{\"@id\":\"https:\/\/www.fiscalia.gov.co\/colombia\/#organization\"},\"potentialAction\":[{\"@type\":\"SearchAction\",\"target\":{\"@type\":\"EntryPoint\",\"urlTemplate\":\"https:\/\/www.fiscalia.gov.co\/colombia\/?s={search_term_string}\"},\"query-input\":{\"@type\":\"PropertyValueSpecification\",\"valueRequired\":true,\"valueName\":\"search_term_string\"}}],\"inLanguage\":\"es-CO\"},{\"@type\":\"Organization\",\"@id\":\"https:\/\/www.fiscalia.gov.co\/colombia\/#organization\",\"name\":\"Fiscal\u00eda General de la Naci\u00f3n\",\"url\":\"https:\/\/www.fiscalia.gov.co\/colombia\/\",\"logo\":{\"@type\":\"ImageObject\",\"inLanguage\":\"es-CO\",\"@id\":\"https:\/\/www.fiscalia.gov.co\/colombia\/#\/schema\/logo\/image\/\",\"url\":\"https:\/\/www.fiscalia.gov.co\/colombia\/wp-content\/uploads\/LogoHorizontal_1.jpg\",\"contentUrl\":\"https:\/\/www.fiscalia.gov.co\/colombia\/wp-content\/uploads\/LogoHorizontal_1.jpg\",\"width\":300,\"height\":90,\"caption\":\"Fiscal\u00eda General de la Naci\u00f3n\"},\"image\":{\"@id\":\"https:\/\/www.fiscalia.gov.co\/colombia\/#\/schema\/logo\/image\/\"},\"sameAs\":[\"https:\/\/www.facebook.com\/FiscaliaCol\",\"https:\/\/x.com\/FiscaliaCol\",\"https:\/\/www.instagram.com\/fiscaliacol\",\"https:\/\/www.linkedin.com\/company\/fiscalia-general-de-la-naci-n\/\",\"https:\/\/youtube.com\/@fiscaliageneraldelanacion-4668?si=6nN79nyQICPU5iTh\"]},{\"@type\":\"Person\",\"@id\":\"https:\/\/www.fiscalia.gov.co\/colombia\/#\/schema\/person\/176195b99ebab0a52aafa15197e1bf80\",\"name\":\"Winnie Geraldine Rodr\u00edguez Navarrete\",\"image\":{\"@type\":\"ImageObject\",\"inLanguage\":\"es-CO\",\"@id\":\"https:\/\/www.fiscalia.gov.co\/colombia\/#\/schema\/person\/image\/\",\"url\":\"https:\/\/secure.gravatar.com\/avatar\/c24cf8481dc84fa5e8c7b20bc95ab0c6?s=96&d=mm&r=g\",\"contentUrl\":\"https:\/\/secure.gravatar.com\/avatar\/c24cf8481dc84fa5e8c7b20bc95ab0c6?s=96&d=mm&r=g\",\"caption\":\"Winnie Geraldine Rodr\u00edguez Navarrete\"},\"url\":\"https:\/\/www.fiscalia.gov.co\/colombia\/author\/winnierodriguez\/\"}]}<\/script>\n<!-- \/ Yoast SEO plugin. -->","yoast_head_json":{"title":"Fiscal\u00eda General de la Naci\u00f3n","description":"P\u00e1gina oficial de la Fiscal\u00eda General de la Naci\u00f3n \u2013 Colombia. Garantizamos el acceso efectivo a la justicia, la verdad y la reparaci\u00f3n de las v\u00edctimas de los delitos.","robots":{"index":"noindex","follow":"follow"},"og_locale":"es_ES","og_type":"article","og_title":"Fiscal\u00eda General de la Naci\u00f3n","og_description":"P\u00e1gina oficial de la Fiscal\u00eda General de la Naci\u00f3n \u2013 Colombia. Garantizamos el acceso efectivo a la justicia, la verdad y la reparaci\u00f3n de las v\u00edctimas de los delitos.","og_url":"https:\/\/www.fiscalia.gov.co\/colombia\/noticias\/fiscalia-logra-tres-condenas-contra-responsables-de-crimenes-de-lideres-sociales-en-cordoba-y-caqueta\/","og_site_name":"Fiscal\u00eda General de la Naci\u00f3n","article_publisher":"https:\/\/www.facebook.com\/FiscaliaCol","article_published_time":"2024-06-10T15:08:16+00:00","article_modified_time":"2025-02-12T17:24:53+00:00","author":"Winnie Geraldine Rodr\u00edguez Navarrete","twitter_card":"summary_large_image","twitter_creator":"@FiscaliaCol","twitter_site":"@FiscaliaCol","twitter_misc":{"Escrito por":"Winnie Geraldine Rodr\u00edguez Navarrete","Tiempo de lectura":"3 minutos"},"schema":{"@context":"https:\/\/schema.org","@graph":[{"@type":"Article","@id":"https:\/\/www.fiscalia.gov.co\/colombia\/noticias\/fiscalia-logra-tres-condenas-contra-responsables-de-crimenes-de-lideres-sociales-en-cordoba-y-caqueta\/#article","isPartOf":{"@id":"https:\/\/www.fiscalia.gov.co\/colombia\/noticias\/fiscalia-logra-tres-condenas-contra-responsables-de-crimenes-de-lideres-sociales-en-cordoba-y-caqueta\/"},"author":{"name":"Winnie Geraldine Rodr\u00edguez Navarrete","@id":"https:\/\/www.fiscalia.gov.co\/colombia\/#\/schema\/person\/176195b99ebab0a52aafa15197e1bf80"},"headline":"Fiscal\u00eda logra tres condenas contra responsables de cr\u00edmenes de l\u00edderes sociales en C\u00f3rdoba y Caquet\u00e1","datePublished":"2024-06-10T15:08:16+00:00","dateModified":"2025-02-12T17:24:53+00:00","mainEntityOfPage":{"@id":"https:\/\/www.fiscalia.gov.co\/colombia\/noticias\/fiscalia-logra-tres-condenas-contra-responsables-de-crimenes-de-lideres-sociales-en-cordoba-y-caqueta\/"},"wordCount":666,"publisher":{"@id":"https:\/\/www.fiscalia.gov.co\/colombia\/#organization"},"keywords":["Bogot\u00e1 D.C."],"articleSection":["Defensores","Noticias"],"inLanguage":"es-CO"},{"@type":"WebPage","@id":"https:\/\/www.fiscalia.gov.co\/colombia\/noticias\/fiscalia-logra-tres-condenas-contra-responsables-de-crimenes-de-lideres-sociales-en-cordoba-y-caqueta\/","url":"https:\/\/www.fiscalia.gov.co\/colombia\/noticias\/fiscalia-logra-tres-condenas-contra-responsables-de-crimenes-de-lideres-sociales-en-cordoba-y-caqueta\/","name":"Fiscal\u00eda General de la Naci\u00f3n","isPartOf":{"@id":"https:\/\/www.fiscalia.gov.co\/colombia\/#website"},"datePublished":"2024-06-10T15:08:16+00:00","dateModified":"2025-02-12T17:24:53+00:00","description":"P\u00e1gina oficial de la Fiscal\u00eda General de la Naci\u00f3n \u2013 Colombia. Garantizamos el acceso efectivo a la justicia, la verdad y la reparaci\u00f3n de las v\u00edctimas de los delitos.","breadcrumb":{"@id":"https:\/\/www.fiscalia.gov.co\/colombia\/noticias\/fiscalia-logra-tres-condenas-contra-responsables-de-crimenes-de-lideres-sociales-en-cordoba-y-caqueta\/#breadcrumb"},"inLanguage":"es-CO","potentialAction":[{"@type":"ReadAction","target":["https:\/\/www.fiscalia.gov.co\/colombia\/noticias\/fiscalia-logra-tres-condenas-contra-responsables-de-crimenes-de-lideres-sociales-en-cordoba-y-caqueta\/"]}]},{"@type":"BreadcrumbList","@id":"https:\/\/www.fiscalia.gov.co\/colombia\/noticias\/fiscalia-logra-tres-condenas-contra-responsables-de-crimenes-de-lideres-sociales-en-cordoba-y-caqueta\/#breadcrumb","itemListElement":[{"@type":"ListItem","position":1,"name":"Home","item":"https:\/\/www.fiscalia.gov.co\/colombia\/"},{"@type":"ListItem","position":2,"name":"Fiscal\u00eda logra tres condenas contra responsables de cr\u00edmenes de l\u00edderes sociales en C\u00f3rdoba y Caquet\u00e1"}]},{"@type":"WebSite","@id":"https:\/\/www.fiscalia.gov.co\/colombia\/#website","url":"https:\/\/www.fiscalia.gov.co\/colombia\/","name":"Fiscal\u00eda General de la Naci\u00f3n","description":"P\u00e1gina oficial de la Fiscal\u00eda General de la Naci\u00f3n \u2013 Colombia. Garantizamos el acceso efectivo a la justicia, la verdad y la reparaci\u00f3n de las v\u00edctimas de los delitos.","publisher":{"@id":"https:\/\/www.fiscalia.gov.co\/colombia\/#organization"},"potentialAction":[{"@type":"SearchAction","target":{"@type":"EntryPoint","urlTemplate":"https:\/\/www.fiscalia.gov.co\/colombia\/?s={search_term_string}"},"query-input":{"@type":"PropertyValueSpecification","valueRequired":true,"valueName":"search_term_string"}}],"inLanguage":"es-CO"},{"@type":"Organization","@id":"https:\/\/www.fiscalia.gov.co\/colombia\/#organization","name":"Fiscal\u00eda General de la Naci\u00f3n","url":"https:\/\/www.fiscalia.gov.co\/colombia\/","logo":{"@type":"ImageObject","inLanguage":"es-CO","@id":"https:\/\/www.fiscalia.gov.co\/colombia\/#\/schema\/logo\/image\/","url":"https:\/\/www.fiscalia.gov.co\/colombia\/wp-content\/uploads\/LogoHorizontal_1.jpg","contentUrl":"https:\/\/www.fiscalia.gov.co\/colombia\/wp-content\/uploads\/LogoHorizontal_1.jpg","width":300,"height":90,"caption":"Fiscal\u00eda General de la Naci\u00f3n"},"image":{"@id":"https:\/\/www.fiscalia.gov.co\/colombia\/#\/schema\/logo\/image\/"},"sameAs":["https:\/\/www.facebook.com\/FiscaliaCol","https:\/\/x.com\/FiscaliaCol","https:\/\/www.instagram.com\/fiscaliacol","https:\/\/www.linkedin.com\/company\/fiscalia-general-de-la-naci-n\/","https:\/\/youtube.com\/@fiscaliageneraldelanacion-4668?si=6nN79nyQICPU5iTh"]},{"@type":"Person","@id":"https:\/\/www.fiscalia.gov.co\/colombia\/#\/schema\/person\/176195b99ebab0a52aafa15197e1bf80","name":"Winnie Geraldine Rodr\u00edguez Navarrete","image":{"@type":"ImageObject","inLanguage":"es-CO","@id":"https:\/\/www.fiscalia.gov.co\/colombia\/#\/schema\/person\/image\/","url":"https:\/\/secure.gravatar.com\/avatar\/c24cf8481dc84fa5e8c7b20bc95ab0c6?s=96&d=mm&r=g","contentUrl":"https:\/\/secure.gravatar.com\/avatar\/c24cf8481dc84fa5e8c7b20bc95ab0c6?s=96&d=mm&r=g","caption":"Winnie Geraldine Rodr\u00edguez Navarrete"},"url":"https:\/\/www.fiscalia.gov.co\/colombia\/author\/winnierodriguez\/"}]}},"_links":{"self":[{"href":"https:\/\/www.fiscalia.gov.co\/colombia\/wp-json\/wp\/v2\/posts\/296609","targetHints":{"allow":["GET"]}}],"collection":[{"href":"https:\/\/www.fiscalia.gov.co\/colombia\/wp-json\/wp\/v2\/posts"}],"about":[{"href":"https:\/\/www.fiscalia.gov.co\/colombia\/wp-json\/wp\/v2\/types\/post"}],"author":[{"embeddable":true,"href":"https:\/\/www.fiscalia.gov.co\/colombia\/wp-json\/wp\/v2\/users\/178"}],"replies":[{"embeddable":true,"href":"https:\/\/www.fiscalia.gov.co\/colombia\/wp-json\/wp\/v2\/comments?post=296609"}],"version-history":[{"count":1,"href":"https:\/\/www.fiscalia.gov.co\/colombia\/wp-json\/wp\/v2\/posts\/296609\/revisions"}],"predecessor-version":[{"id":296610,"href":"https:\/\/www.fiscalia.gov.co\/colombia\/wp-json\/wp\/v2\/posts\/296609\/revisions\/296610"}],"wp:attachment":[{"href":"https:\/\/www.fiscalia.gov.co\/colombia\/wp-json\/wp\/v2\/media?parent=296609"}],"wp:term":[{"taxonomy":"category","embeddable":true,"href":"https:\/\/www.fiscalia.gov.co\/colombia\/wp-json\/wp\/v2\/categories?post=296609"},{"taxonomy":"post_tag","embeddable":true,"href":"https:\/\/www.fiscalia.gov.co\/colombia\/wp-json\/wp\/v2\/tags?post=296609"}],"curies":[{"name":"wp","href":"https:\/\/api.w.org\/{rel}","templated":true}]}}