{"id":296441,"date":"2024-06-05T15:18:20","date_gmt":"2024-06-05T20:18:20","guid":{"rendered":"https:\/\/www.fiscalia.gov.co\/colombia\/?p=296441"},"modified":"2024-06-05T15:18:38","modified_gmt":"2024-06-05T20:18:38","slug":"carcel-a-dos-implicados-por-agresiones-a-sus-companeras-sentimentales-en-cartagena","status":"publish","type":"post","link":"https:\/\/www.fiscalia.gov.co\/colombia\/noticias\/carcel-a-dos-implicados-por-agresiones-a-sus-companeras-sentimentales-en-cartagena\/","title":{"rendered":"C\u00e1rcel a dos implicados por agresiones a sus compa\u00f1eras sentimentales en Cartagena"},"content":{"rendered":"<p>Fiscales de la Seccional Bol\u00edvar lograron que jueces de control de garant\u00edas impusieran medidas de aseguramiento en establecimiento carcelario en contra de dos hombres que <strong>presuntamente <a href=\"https:\/\/www.fiscalia.gov.co\/colombia\/noticias\/carcel-para-dos-hombres-que-habrian-intentado-asesinar-a-sus-exparejas-en-meta\/\">agredieron f\u00edsica y verbalmente a sus compa\u00f1eras sentimentales en Cartagena.<\/a><\/strong><\/p>\n<ul>\n<li>Un primer caso ocurri\u00f3 el pasado 27 de mayo en una vivienda del barrio Rep\u00fablica del L\u00edbano, donde un hombre\u00a0 de 39 a\u00f1os, al parecer, <strong>reg\u00f3 un liquido inflamable en el cuerpo de su pareja y le prendi\u00f3 fuego.<\/strong><\/li>\n<\/ul>\n<p>La v\u00edctima, de 34 a\u00f1os, logr\u00f3 ser auxiliada y se recupera de las quemaduras causadas en un hospital de la ciudad.<\/p>\n<figure id=\"attachment_296442\" aria-describedby=\"caption-attachment-296442\" style=\"width: 696px\" class=\"wp-caption aligncenter\"><img loading=\"lazy\" decoding=\"async\" class=\"size-large wp-image-296442\" src=\"https:\/\/www.fiscalia.gov.co\/colombia\/wp-content\/uploads\/Foto-1-boletin-5-de-junio-violencia-intrafamiliar--1024x576.jpeg\" alt=\"En la fotograf\u00eda aparece un hombre de pie, se encuentra de espalda con los brazos esposados, vestido de camiseta amarilla y jean azul, custodiado por dos agentes de la Polic\u00eda Nacional.\" width=\"696\" height=\"392\" srcset=\"https:\/\/www.fiscalia.gov.co\/colombia\/wp-content\/uploads\/Foto-1-boletin-5-de-junio-violencia-intrafamiliar--1024x576.jpeg 1024w, https:\/\/www.fiscalia.gov.co\/colombia\/wp-content\/uploads\/Foto-1-boletin-5-de-junio-violencia-intrafamiliar--300x169.jpeg 300w, https:\/\/www.fiscalia.gov.co\/colombia\/wp-content\/uploads\/Foto-1-boletin-5-de-junio-violencia-intrafamiliar--768x432.jpeg 768w, https:\/\/www.fiscalia.gov.co\/colombia\/wp-content\/uploads\/Foto-1-boletin-5-de-junio-violencia-intrafamiliar--696x392.jpeg 696w, https:\/\/www.fiscalia.gov.co\/colombia\/wp-content\/uploads\/Foto-1-boletin-5-de-junio-violencia-intrafamiliar--1068x601.jpeg 1068w, https:\/\/www.fiscalia.gov.co\/colombia\/wp-content\/uploads\/Foto-1-boletin-5-de-junio-violencia-intrafamiliar--747x420.jpeg 747w, https:\/\/www.fiscalia.gov.co\/colombia\/wp-content\/uploads\/Foto-1-boletin-5-de-junio-violencia-intrafamiliar-.jpeg 1280w\" sizes=\"auto, (max-width: 696px) 100vw, 696px\" \/><figcaption id=\"caption-attachment-296442\" class=\"wp-caption-text\">El procesado al parecer le prendi\u00f3 fuego al cuerpo de su mujer.<\/figcaption><\/figure>\n<p>La Polic\u00eda Nacional, tras ser alertada de lo sucedido, logr\u00f3 capturar momentos despu\u00e9s al presunto agresor.<\/p>\n<ul>\n<li>Asimismo, fue judicializado un extranjero, de 23 a\u00f1os, quien habr\u00eda maltratado en reiteradas ocasiones a su <a href=\"https:\/\/www.fiscalia.gov.co\/colombia\/noticias\/a-la-carcel-hombre-que-habria-agredido-a-su-ex-companera-sentimental-frente-a-sus-hijos\/\">excompa\u00f1era sentimental con la que convivi\u00f3 cinco a\u00f1os y tiene un hijo menor de edad.<\/a><\/li>\n<\/ul>\n<p>Los hechos se registraron entre 2022 y 2024, <strong>cuando al parecer el hombre golpe\u00f3 en varias ocasiones en el rostro y en el cuerpo a la mujer de 28 a\u00f1os.<\/strong> Adem\u00e1s, en una oportunidad presuntamente la amenaz\u00f3 con arma cortopunzante y que le habr\u00eda lanzado objetos contundentes a su residencia causando afectaciones a su fachada.<\/p>\n<figure id=\"attachment_296443\" aria-describedby=\"caption-attachment-296443\" style=\"width: 663px\" class=\"wp-caption aligncenter\"><img loading=\"lazy\" decoding=\"async\" class=\"size-large wp-image-296443\" src=\"https:\/\/www.fiscalia.gov.co\/colombia\/wp-content\/uploads\/Foto-2-boletin-5-de-junio-violencia-intrafamiliar--663x1024.jpeg\" alt=\"En la imagen se encuentra un hombre de pie, de baja estatura con el rostro difuminado, con los brazos atr\u00e1s, vestido con camiseta azul oscuro, bermuda gris y sandalias rosadas, custodiado por un uniformado del Cuerpo T\u00e9cnico de Investigaci\u00f3n (CTI).\" width=\"663\" height=\"1024\" srcset=\"https:\/\/www.fiscalia.gov.co\/colombia\/wp-content\/uploads\/Foto-2-boletin-5-de-junio-violencia-intrafamiliar--663x1024.jpeg 663w, https:\/\/www.fiscalia.gov.co\/colombia\/wp-content\/uploads\/Foto-2-boletin-5-de-junio-violencia-intrafamiliar--194x300.jpeg 194w, https:\/\/www.fiscalia.gov.co\/colombia\/wp-content\/uploads\/Foto-2-boletin-5-de-junio-violencia-intrafamiliar--696x1075.jpeg 696w, https:\/\/www.fiscalia.gov.co\/colombia\/wp-content\/uploads\/Foto-2-boletin-5-de-junio-violencia-intrafamiliar--272x420.jpeg 272w, https:\/\/www.fiscalia.gov.co\/colombia\/wp-content\/uploads\/Foto-2-boletin-5-de-junio-violencia-intrafamiliar-.jpeg 724w\" sizes=\"auto, (max-width: 663px) 100vw, 663px\" \/><figcaption id=\"caption-attachment-296443\" class=\"wp-caption-text\">Al extranjero de 23 a\u00f1os, la Fiscal\u00eda le imput\u00f3 el delito de violencia intrafamiliar agravada.<\/figcaption><\/figure>\n<p>Mediante orden judicial el hoy implicado fue capturado por servidores del Cuerpo T\u00e9cnico de Investigaci\u00f3n (CTI) en el barrio Las Palmeras.<\/p>\n<p>En las audiencias preliminares la Fiscal\u00eda les imput\u00f3 el delito de violencia intrafamiliar agravada. Ninguno acept\u00f3 los cargos.<\/p>\n<p>Esta informaci\u00f3n se publica por razones de inter\u00e9s general.<\/p>\n<p>&nbsp;<\/p>\n<p>&nbsp;<\/p>\n<p>&nbsp;<\/p>\n<p>&nbsp;<\/p>\n<p>MEVA\/LMFO\/CFG\/GC\/FP\/EGM\/DSB<\/p>\n<p>&nbsp;<\/p>\n<p>&nbsp;<\/p>\n<p>&nbsp;<\/p>\n<p>&nbsp;<\/p>\n<p><i>La informaci\u00f3n contenida en este bolet\u00edn de prensa corresponde a la narraci\u00f3n de los hechos noticiosos objetivos, suministrados por los funcionarios encargados de adelantar las investigaciones penales al interior de la Fiscal\u00eda General de la Naci\u00f3n. Para el momento de la divulgaci\u00f3n de este comunicado, la situaci\u00f3n jur\u00eddica de la(s) persona(s) relacionada(s) se encuentra pendiente de resolver por la autoridad judicial competente, siempre bajo los preceptos de la presunci\u00f3n de inocencia, consagrados en el art\u00edculo 29 de la Constituci\u00f3n Pol\u00edtica y el art\u00edculo 7\u00ba de la Ley 906 de 2004.<\/i><\/p>\n\n<div class=\"twitter-share\"><a href=\"https:\/\/twitter.com\/intent\/tweet?via=fiscaliacol\" class=\"twitter-share-button\">Tweet<\/a><\/div>\n","protected":false},"excerpt":{"rendered":"<p>Fiscales de la Seccional Bol\u00edvar lograron que jueces de control de garant\u00edas impusieran medidas de aseguramiento en establecimiento carcelario en contra de dos hombres que presuntamente agredieron f\u00edsica y verbalmente a sus compa\u00f1eras sentimentales en Cartagena. Un primer caso ocurri\u00f3 el pasado 27 de mayo en una vivienda del barrio Rep\u00fablica del L\u00edbano, donde un [&hellip;]<\/p>\n","protected":false},"author":177,"featured_media":0,"comment_status":"closed","ping_status":"open","sticky":false,"template":"","format":"standard","meta":{"tdm_status":"","tdm_grid_status":"","footnotes":""},"categories":[1,325,303,24127],"tags":[14298,14550,23819,23998,28528,32091,24187,1047,25483,3136,558,29257,26057],"class_list":{"0":"post-296441","1":"post","2":"type-post","3":"status-publish","4":"format-standard","6":"category-noticias","7":"category-seccional-cartagena","8":"category-seccionales","9":"category-violencia-sexual-e-intrafamiliar","10":"tag-agresion","11":"tag-carcel","12":"tag-cartagena","13":"tag-cartagena-bolivar","14":"tag-companeras-sentimentales","15":"tag-cuerpo","16":"tag-fiscalia-colombia","17":"tag-fiscalia-general-de-la-nacion","18":"tag-fisica","19":"tag-maltrato","20":"tag-policia-nacional","21":"tag-quemaduras","22":"tag-verbal"},"yoast_head":"<!-- This site is optimized with the Yoast SEO plugin v24.3 - https:\/\/yoast.com\/wordpress\/plugins\/seo\/ -->\n<title>Fiscal\u00eda General de la Naci\u00f3n<\/title>\n<meta name=\"description\" content=\"P\u00e1gina oficial de la Fiscal\u00eda General de la Naci\u00f3n \u2013 Colombia. Garantizamos el acceso efectivo a la justicia, la verdad y la reparaci\u00f3n de las v\u00edctimas de los delitos.\" \/>\n<meta name=\"robots\" content=\"noindex, follow\" \/>\n<meta property=\"og:locale\" content=\"es_ES\" \/>\n<meta property=\"og:type\" content=\"article\" \/>\n<meta property=\"og:title\" content=\"Fiscal\u00eda General de la Naci\u00f3n\" \/>\n<meta property=\"og:description\" content=\"P\u00e1gina oficial de la Fiscal\u00eda General de la Naci\u00f3n \u2013 Colombia. Garantizamos el acceso efectivo a la justicia, la verdad y la reparaci\u00f3n de las v\u00edctimas de los delitos.\" \/>\n<meta property=\"og:url\" content=\"https:\/\/www.fiscalia.gov.co\/colombia\/noticias\/carcel-a-dos-implicados-por-agresiones-a-sus-companeras-sentimentales-en-cartagena\/\" \/>\n<meta property=\"og:site_name\" content=\"Fiscal\u00eda General de la Naci\u00f3n\" \/>\n<meta property=\"article:publisher\" content=\"https:\/\/www.facebook.com\/FiscaliaCol\" \/>\n<meta property=\"article:published_time\" content=\"2024-06-05T20:18:20+00:00\" \/>\n<meta property=\"article:modified_time\" content=\"2024-06-05T20:18:38+00:00\" \/>\n<meta property=\"og:image\" content=\"https:\/\/www.fiscalia.gov.co\/colombia\/wp-content\/uploads\/Foto-1-boletin-5-de-junio-violencia-intrafamiliar--1024x576.jpeg\" \/>\n<meta name=\"author\" content=\"Jordan Leandro Oviedo Anzola\" \/>\n<meta name=\"twitter:card\" content=\"summary_large_image\" \/>\n<meta name=\"twitter:creator\" content=\"@FiscaliaCol\" \/>\n<meta name=\"twitter:site\" content=\"@FiscaliaCol\" \/>\n<meta name=\"twitter:label1\" content=\"Escrito por\" \/>\n\t<meta name=\"twitter:data1\" content=\"Jordan Leandro Oviedo Anzola\" \/>\n\t<meta name=\"twitter:label2\" content=\"Tiempo de lectura\" \/>\n\t<meta name=\"twitter:data2\" content=\"3 minutos\" \/>\n<script type=\"application\/ld+json\" class=\"yoast-schema-graph\">{\"@context\":\"https:\/\/schema.org\",\"@graph\":[{\"@type\":\"Article\",\"@id\":\"https:\/\/www.fiscalia.gov.co\/colombia\/noticias\/carcel-a-dos-implicados-por-agresiones-a-sus-companeras-sentimentales-en-cartagena\/#article\",\"isPartOf\":{\"@id\":\"https:\/\/www.fiscalia.gov.co\/colombia\/noticias\/carcel-a-dos-implicados-por-agresiones-a-sus-companeras-sentimentales-en-cartagena\/\"},\"author\":{\"name\":\"Jordan Leandro Oviedo Anzola\",\"@id\":\"https:\/\/www.fiscalia.gov.co\/colombia\/#\/schema\/person\/bf84402cf293a5393e9c70b111020b24\"},\"headline\":\"C\u00e1rcel a dos implicados por agresiones a sus compa\u00f1eras sentimentales en Cartagena\",\"datePublished\":\"2024-06-05T20:18:20+00:00\",\"dateModified\":\"2024-06-05T20:18:38+00:00\",\"mainEntityOfPage\":{\"@id\":\"https:\/\/www.fiscalia.gov.co\/colombia\/noticias\/carcel-a-dos-implicados-por-agresiones-a-sus-companeras-sentimentales-en-cartagena\/\"},\"wordCount\":435,\"publisher\":{\"@id\":\"https:\/\/www.fiscalia.gov.co\/colombia\/#organization\"},\"image\":{\"@id\":\"https:\/\/www.fiscalia.gov.co\/colombia\/noticias\/carcel-a-dos-implicados-por-agresiones-a-sus-companeras-sentimentales-en-cartagena\/#primaryimage\"},\"thumbnailUrl\":\"https:\/\/www.fiscalia.gov.co\/colombia\/wp-content\/uploads\/Foto-1-boletin-5-de-junio-violencia-intrafamiliar--1024x576.jpeg\",\"keywords\":[\"Agresi\u00f3n\",\"C\u00e1rcel\",\"Cartagena\",\"Cartagena (Bol\u00edvar)\",\"compa\u00f1eras sentimentales\",\"cuerpo\",\"Fiscal\u00eda Colombia\",\"Fiscal\u00eda General de la Naci\u00f3n\",\"f\u00edsica\",\"Maltrato\",\"Polic\u00eda Nacional\",\"QUEMADURAS\",\"verbal\"],\"articleSection\":[\"Noticias\",\"Seccional Cartagena\",\"Seccionales\",\"Violencia sexual e intrafamiliar\"],\"inLanguage\":\"es-CO\"},{\"@type\":\"WebPage\",\"@id\":\"https:\/\/www.fiscalia.gov.co\/colombia\/noticias\/carcel-a-dos-implicados-por-agresiones-a-sus-companeras-sentimentales-en-cartagena\/\",\"url\":\"https:\/\/www.fiscalia.gov.co\/colombia\/noticias\/carcel-a-dos-implicados-por-agresiones-a-sus-companeras-sentimentales-en-cartagena\/\",\"name\":\"Fiscal\u00eda General de la Naci\u00f3n\",\"isPartOf\":{\"@id\":\"https:\/\/www.fiscalia.gov.co\/colombia\/#website\"},\"primaryImageOfPage\":{\"@id\":\"https:\/\/www.fiscalia.gov.co\/colombia\/noticias\/carcel-a-dos-implicados-por-agresiones-a-sus-companeras-sentimentales-en-cartagena\/#primaryimage\"},\"image\":{\"@id\":\"https:\/\/www.fiscalia.gov.co\/colombia\/noticias\/carcel-a-dos-implicados-por-agresiones-a-sus-companeras-sentimentales-en-cartagena\/#primaryimage\"},\"thumbnailUrl\":\"https:\/\/www.fiscalia.gov.co\/colombia\/wp-content\/uploads\/Foto-1-boletin-5-de-junio-violencia-intrafamiliar--1024x576.jpeg\",\"datePublished\":\"2024-06-05T20:18:20+00:00\",\"dateModified\":\"2024-06-05T20:18:38+00:00\",\"description\":\"P\u00e1gina oficial de la Fiscal\u00eda General de la Naci\u00f3n \u2013 Colombia. Garantizamos el acceso efectivo a la justicia, la verdad y la reparaci\u00f3n de las v\u00edctimas de los delitos.\",\"breadcrumb\":{\"@id\":\"https:\/\/www.fiscalia.gov.co\/colombia\/noticias\/carcel-a-dos-implicados-por-agresiones-a-sus-companeras-sentimentales-en-cartagena\/#breadcrumb\"},\"inLanguage\":\"es-CO\",\"potentialAction\":[{\"@type\":\"ReadAction\",\"target\":[\"https:\/\/www.fiscalia.gov.co\/colombia\/noticias\/carcel-a-dos-implicados-por-agresiones-a-sus-companeras-sentimentales-en-cartagena\/\"]}]},{\"@type\":\"ImageObject\",\"inLanguage\":\"es-CO\",\"@id\":\"https:\/\/www.fiscalia.gov.co\/colombia\/noticias\/carcel-a-dos-implicados-por-agresiones-a-sus-companeras-sentimentales-en-cartagena\/#primaryimage\",\"url\":\"https:\/\/www.fiscalia.gov.co\/colombia\/wp-content\/uploads\/Foto-1-boletin-5-de-junio-violencia-intrafamiliar--1024x576.jpeg\",\"contentUrl\":\"https:\/\/www.fiscalia.gov.co\/colombia\/wp-content\/uploads\/Foto-1-boletin-5-de-junio-violencia-intrafamiliar--1024x576.jpeg\"},{\"@type\":\"BreadcrumbList\",\"@id\":\"https:\/\/www.fiscalia.gov.co\/colombia\/noticias\/carcel-a-dos-implicados-por-agresiones-a-sus-companeras-sentimentales-en-cartagena\/#breadcrumb\",\"itemListElement\":[{\"@type\":\"ListItem\",\"position\":1,\"name\":\"Home\",\"item\":\"https:\/\/www.fiscalia.gov.co\/colombia\/\"},{\"@type\":\"ListItem\",\"position\":2,\"name\":\"C\u00e1rcel a dos implicados por agresiones a sus compa\u00f1eras sentimentales en Cartagena\"}]},{\"@type\":\"WebSite\",\"@id\":\"https:\/\/www.fiscalia.gov.co\/colombia\/#website\",\"url\":\"https:\/\/www.fiscalia.gov.co\/colombia\/\",\"name\":\"Fiscal\u00eda General de la Naci\u00f3n\",\"description\":\"P\u00e1gina oficial de la Fiscal\u00eda General de la Naci\u00f3n \u2013 Colombia. Garantizamos el acceso efectivo a la justicia, la verdad y la reparaci\u00f3n de las v\u00edctimas de los delitos.\",\"publisher\":{\"@id\":\"https:\/\/www.fiscalia.gov.co\/colombia\/#organization\"},\"potentialAction\":[{\"@type\":\"SearchAction\",\"target\":{\"@type\":\"EntryPoint\",\"urlTemplate\":\"https:\/\/www.fiscalia.gov.co\/colombia\/?s={search_term_string}\"},\"query-input\":{\"@type\":\"PropertyValueSpecification\",\"valueRequired\":true,\"valueName\":\"search_term_string\"}}],\"inLanguage\":\"es-CO\"},{\"@type\":\"Organization\",\"@id\":\"https:\/\/www.fiscalia.gov.co\/colombia\/#organization\",\"name\":\"Fiscal\u00eda General de la Naci\u00f3n\",\"url\":\"https:\/\/www.fiscalia.gov.co\/colombia\/\",\"logo\":{\"@type\":\"ImageObject\",\"inLanguage\":\"es-CO\",\"@id\":\"https:\/\/www.fiscalia.gov.co\/colombia\/#\/schema\/logo\/image\/\",\"url\":\"https:\/\/www.fiscalia.gov.co\/colombia\/wp-content\/uploads\/LogoHorizontal_1.jpg\",\"contentUrl\":\"https:\/\/www.fiscalia.gov.co\/colombia\/wp-content\/uploads\/LogoHorizontal_1.jpg\",\"width\":300,\"height\":90,\"caption\":\"Fiscal\u00eda General de la Naci\u00f3n\"},\"image\":{\"@id\":\"https:\/\/www.fiscalia.gov.co\/colombia\/#\/schema\/logo\/image\/\"},\"sameAs\":[\"https:\/\/www.facebook.com\/FiscaliaCol\",\"https:\/\/x.com\/FiscaliaCol\",\"https:\/\/www.instagram.com\/fiscaliacol\",\"https:\/\/www.linkedin.com\/company\/fiscalia-general-de-la-naci-n\/\",\"https:\/\/youtube.com\/@fiscaliageneraldelanacion-4668?si=6nN79nyQICPU5iTh\"]},{\"@type\":\"Person\",\"@id\":\"https:\/\/www.fiscalia.gov.co\/colombia\/#\/schema\/person\/bf84402cf293a5393e9c70b111020b24\",\"name\":\"Jordan Leandro Oviedo Anzola\",\"image\":{\"@type\":\"ImageObject\",\"inLanguage\":\"es-CO\",\"@id\":\"https:\/\/www.fiscalia.gov.co\/colombia\/#\/schema\/person\/image\/\",\"url\":\"https:\/\/secure.gravatar.com\/avatar\/dabba4346fa9b9207d96adafa8f92721?s=96&d=mm&r=g\",\"contentUrl\":\"https:\/\/secure.gravatar.com\/avatar\/dabba4346fa9b9207d96adafa8f92721?s=96&d=mm&r=g\",\"caption\":\"Jordan Leandro Oviedo Anzola\"},\"url\":\"https:\/\/www.fiscalia.gov.co\/colombia\/author\/joviedo\/\"}]}<\/script>\n<!-- \/ Yoast SEO plugin. -->","yoast_head_json":{"title":"Fiscal\u00eda General de la Naci\u00f3n","description":"P\u00e1gina oficial de la Fiscal\u00eda General de la Naci\u00f3n \u2013 Colombia. Garantizamos el acceso efectivo a la justicia, la verdad y la reparaci\u00f3n de las v\u00edctimas de los delitos.","robots":{"index":"noindex","follow":"follow"},"og_locale":"es_ES","og_type":"article","og_title":"Fiscal\u00eda General de la Naci\u00f3n","og_description":"P\u00e1gina oficial de la Fiscal\u00eda General de la Naci\u00f3n \u2013 Colombia. Garantizamos el acceso efectivo a la justicia, la verdad y la reparaci\u00f3n de las v\u00edctimas de los delitos.","og_url":"https:\/\/www.fiscalia.gov.co\/colombia\/noticias\/carcel-a-dos-implicados-por-agresiones-a-sus-companeras-sentimentales-en-cartagena\/","og_site_name":"Fiscal\u00eda General de la Naci\u00f3n","article_publisher":"https:\/\/www.facebook.com\/FiscaliaCol","article_published_time":"2024-06-05T20:18:20+00:00","article_modified_time":"2024-06-05T20:18:38+00:00","og_image":[{"url":"https:\/\/www.fiscalia.gov.co\/colombia\/wp-content\/uploads\/Foto-1-boletin-5-de-junio-violencia-intrafamiliar--1024x576.jpeg","type":"","width":"","height":""}],"author":"Jordan Leandro Oviedo Anzola","twitter_card":"summary_large_image","twitter_creator":"@FiscaliaCol","twitter_site":"@FiscaliaCol","twitter_misc":{"Escrito por":"Jordan Leandro Oviedo Anzola","Tiempo de lectura":"3 minutos"},"schema":{"@context":"https:\/\/schema.org","@graph":[{"@type":"Article","@id":"https:\/\/www.fiscalia.gov.co\/colombia\/noticias\/carcel-a-dos-implicados-por-agresiones-a-sus-companeras-sentimentales-en-cartagena\/#article","isPartOf":{"@id":"https:\/\/www.fiscalia.gov.co\/colombia\/noticias\/carcel-a-dos-implicados-por-agresiones-a-sus-companeras-sentimentales-en-cartagena\/"},"author":{"name":"Jordan Leandro Oviedo Anzola","@id":"https:\/\/www.fiscalia.gov.co\/colombia\/#\/schema\/person\/bf84402cf293a5393e9c70b111020b24"},"headline":"C\u00e1rcel a dos implicados por agresiones a sus compa\u00f1eras sentimentales en Cartagena","datePublished":"2024-06-05T20:18:20+00:00","dateModified":"2024-06-05T20:18:38+00:00","mainEntityOfPage":{"@id":"https:\/\/www.fiscalia.gov.co\/colombia\/noticias\/carcel-a-dos-implicados-por-agresiones-a-sus-companeras-sentimentales-en-cartagena\/"},"wordCount":435,"publisher":{"@id":"https:\/\/www.fiscalia.gov.co\/colombia\/#organization"},"image":{"@id":"https:\/\/www.fiscalia.gov.co\/colombia\/noticias\/carcel-a-dos-implicados-por-agresiones-a-sus-companeras-sentimentales-en-cartagena\/#primaryimage"},"thumbnailUrl":"https:\/\/www.fiscalia.gov.co\/colombia\/wp-content\/uploads\/Foto-1-boletin-5-de-junio-violencia-intrafamiliar--1024x576.jpeg","keywords":["Agresi\u00f3n","C\u00e1rcel","Cartagena","Cartagena (Bol\u00edvar)","compa\u00f1eras sentimentales","cuerpo","Fiscal\u00eda Colombia","Fiscal\u00eda General de la Naci\u00f3n","f\u00edsica","Maltrato","Polic\u00eda Nacional","QUEMADURAS","verbal"],"articleSection":["Noticias","Seccional Cartagena","Seccionales","Violencia sexual e intrafamiliar"],"inLanguage":"es-CO"},{"@type":"WebPage","@id":"https:\/\/www.fiscalia.gov.co\/colombia\/noticias\/carcel-a-dos-implicados-por-agresiones-a-sus-companeras-sentimentales-en-cartagena\/","url":"https:\/\/www.fiscalia.gov.co\/colombia\/noticias\/carcel-a-dos-implicados-por-agresiones-a-sus-companeras-sentimentales-en-cartagena\/","name":"Fiscal\u00eda General de la Naci\u00f3n","isPartOf":{"@id":"https:\/\/www.fiscalia.gov.co\/colombia\/#website"},"primaryImageOfPage":{"@id":"https:\/\/www.fiscalia.gov.co\/colombia\/noticias\/carcel-a-dos-implicados-por-agresiones-a-sus-companeras-sentimentales-en-cartagena\/#primaryimage"},"image":{"@id":"https:\/\/www.fiscalia.gov.co\/colombia\/noticias\/carcel-a-dos-implicados-por-agresiones-a-sus-companeras-sentimentales-en-cartagena\/#primaryimage"},"thumbnailUrl":"https:\/\/www.fiscalia.gov.co\/colombia\/wp-content\/uploads\/Foto-1-boletin-5-de-junio-violencia-intrafamiliar--1024x576.jpeg","datePublished":"2024-06-05T20:18:20+00:00","dateModified":"2024-06-05T20:18:38+00:00","description":"P\u00e1gina oficial de la Fiscal\u00eda General de la Naci\u00f3n \u2013 Colombia. Garantizamos el acceso efectivo a la justicia, la verdad y la reparaci\u00f3n de las v\u00edctimas de los delitos.","breadcrumb":{"@id":"https:\/\/www.fiscalia.gov.co\/colombia\/noticias\/carcel-a-dos-implicados-por-agresiones-a-sus-companeras-sentimentales-en-cartagena\/#breadcrumb"},"inLanguage":"es-CO","potentialAction":[{"@type":"ReadAction","target":["https:\/\/www.fiscalia.gov.co\/colombia\/noticias\/carcel-a-dos-implicados-por-agresiones-a-sus-companeras-sentimentales-en-cartagena\/"]}]},{"@type":"ImageObject","inLanguage":"es-CO","@id":"https:\/\/www.fiscalia.gov.co\/colombia\/noticias\/carcel-a-dos-implicados-por-agresiones-a-sus-companeras-sentimentales-en-cartagena\/#primaryimage","url":"https:\/\/www.fiscalia.gov.co\/colombia\/wp-content\/uploads\/Foto-1-boletin-5-de-junio-violencia-intrafamiliar--1024x576.jpeg","contentUrl":"https:\/\/www.fiscalia.gov.co\/colombia\/wp-content\/uploads\/Foto-1-boletin-5-de-junio-violencia-intrafamiliar--1024x576.jpeg"},{"@type":"BreadcrumbList","@id":"https:\/\/www.fiscalia.gov.co\/colombia\/noticias\/carcel-a-dos-implicados-por-agresiones-a-sus-companeras-sentimentales-en-cartagena\/#breadcrumb","itemListElement":[{"@type":"ListItem","position":1,"name":"Home","item":"https:\/\/www.fiscalia.gov.co\/colombia\/"},{"@type":"ListItem","position":2,"name":"C\u00e1rcel a dos implicados por agresiones a sus compa\u00f1eras sentimentales en Cartagena"}]},{"@type":"WebSite","@id":"https:\/\/www.fiscalia.gov.co\/colombia\/#website","url":"https:\/\/www.fiscalia.gov.co\/colombia\/","name":"Fiscal\u00eda General de la Naci\u00f3n","description":"P\u00e1gina oficial de la Fiscal\u00eda General de la Naci\u00f3n \u2013 Colombia. Garantizamos el acceso efectivo a la justicia, la verdad y la reparaci\u00f3n de las v\u00edctimas de los delitos.","publisher":{"@id":"https:\/\/www.fiscalia.gov.co\/colombia\/#organization"},"potentialAction":[{"@type":"SearchAction","target":{"@type":"EntryPoint","urlTemplate":"https:\/\/www.fiscalia.gov.co\/colombia\/?s={search_term_string}"},"query-input":{"@type":"PropertyValueSpecification","valueRequired":true,"valueName":"search_term_string"}}],"inLanguage":"es-CO"},{"@type":"Organization","@id":"https:\/\/www.fiscalia.gov.co\/colombia\/#organization","name":"Fiscal\u00eda General de la Naci\u00f3n","url":"https:\/\/www.fiscalia.gov.co\/colombia\/","logo":{"@type":"ImageObject","inLanguage":"es-CO","@id":"https:\/\/www.fiscalia.gov.co\/colombia\/#\/schema\/logo\/image\/","url":"https:\/\/www.fiscalia.gov.co\/colombia\/wp-content\/uploads\/LogoHorizontal_1.jpg","contentUrl":"https:\/\/www.fiscalia.gov.co\/colombia\/wp-content\/uploads\/LogoHorizontal_1.jpg","width":300,"height":90,"caption":"Fiscal\u00eda General de la Naci\u00f3n"},"image":{"@id":"https:\/\/www.fiscalia.gov.co\/colombia\/#\/schema\/logo\/image\/"},"sameAs":["https:\/\/www.facebook.com\/FiscaliaCol","https:\/\/x.com\/FiscaliaCol","https:\/\/www.instagram.com\/fiscaliacol","https:\/\/www.linkedin.com\/company\/fiscalia-general-de-la-naci-n\/","https:\/\/youtube.com\/@fiscaliageneraldelanacion-4668?si=6nN79nyQICPU5iTh"]},{"@type":"Person","@id":"https:\/\/www.fiscalia.gov.co\/colombia\/#\/schema\/person\/bf84402cf293a5393e9c70b111020b24","name":"Jordan Leandro Oviedo Anzola","image":{"@type":"ImageObject","inLanguage":"es-CO","@id":"https:\/\/www.fiscalia.gov.co\/colombia\/#\/schema\/person\/image\/","url":"https:\/\/secure.gravatar.com\/avatar\/dabba4346fa9b9207d96adafa8f92721?s=96&d=mm&r=g","contentUrl":"https:\/\/secure.gravatar.com\/avatar\/dabba4346fa9b9207d96adafa8f92721?s=96&d=mm&r=g","caption":"Jordan Leandro Oviedo Anzola"},"url":"https:\/\/www.fiscalia.gov.co\/colombia\/author\/joviedo\/"}]}},"_links":{"self":[{"href":"https:\/\/www.fiscalia.gov.co\/colombia\/wp-json\/wp\/v2\/posts\/296441","targetHints":{"allow":["GET"]}}],"collection":[{"href":"https:\/\/www.fiscalia.gov.co\/colombia\/wp-json\/wp\/v2\/posts"}],"about":[{"href":"https:\/\/www.fiscalia.gov.co\/colombia\/wp-json\/wp\/v2\/types\/post"}],"author":[{"embeddable":true,"href":"https:\/\/www.fiscalia.gov.co\/colombia\/wp-json\/wp\/v2\/users\/177"}],"replies":[{"embeddable":true,"href":"https:\/\/www.fiscalia.gov.co\/colombia\/wp-json\/wp\/v2\/comments?post=296441"}],"version-history":[{"count":1,"href":"https:\/\/www.fiscalia.gov.co\/colombia\/wp-json\/wp\/v2\/posts\/296441\/revisions"}],"predecessor-version":[{"id":296444,"href":"https:\/\/www.fiscalia.gov.co\/colombia\/wp-json\/wp\/v2\/posts\/296441\/revisions\/296444"}],"wp:attachment":[{"href":"https:\/\/www.fiscalia.gov.co\/colombia\/wp-json\/wp\/v2\/media?parent=296441"}],"wp:term":[{"taxonomy":"category","embeddable":true,"href":"https:\/\/www.fiscalia.gov.co\/colombia\/wp-json\/wp\/v2\/categories?post=296441"},{"taxonomy":"post_tag","embeddable":true,"href":"https:\/\/www.fiscalia.gov.co\/colombia\/wp-json\/wp\/v2\/tags?post=296441"}],"curies":[{"name":"wp","href":"https:\/\/api.w.org\/{rel}","templated":true}]}}