{"id":296418,"date":"2024-06-05T09:00:24","date_gmt":"2024-06-05T14:00:24","guid":{"rendered":"https:\/\/www.fiscalia.gov.co\/colombia\/?p=296418"},"modified":"2024-06-05T09:00:24","modified_gmt":"2024-06-05T14:00:24","slug":"a-la-carcel-presunta-determinadora-del-homicidio-de-su-companero-sentimental-en-medellin","status":"publish","type":"post","link":"https:\/\/www.fiscalia.gov.co\/colombia\/noticias\/a-la-carcel-presunta-determinadora-del-homicidio-de-su-companero-sentimental-en-medellin\/","title":{"rendered":"A la c\u00e1rcel presunta determinadora del homicidio de su compa\u00f1ero sentimental en Medell\u00edn"},"content":{"rendered":"<h4 style=\"text-align: center;\"><strong><i>Otras tres personas, que al parecer est\u00e1n \u00a0involucradas en el crimen, tambi\u00e9n fueron asegurados.<\/i><\/strong><\/h4>\n<figure id=\"attachment_296419\" aria-describedby=\"caption-attachment-296419\" style=\"width: 696px\" class=\"wp-caption aligncenter\"><img loading=\"lazy\" decoding=\"async\" class=\"size-large wp-image-296419\" src=\"https:\/\/www.fiscalia.gov.co\/colombia\/wp-content\/uploads\/Maria-Ines-Medina-Rojas-Octavio-Medina-CastrillonLuis-Eliecer-Grisales-Martinez-y-Diana-Johana-Meneses-Rojas-1024x576.jpg\" alt=\"En la fotograf\u00eda est\u00e1n las 2 mujeres y los 2 hombres que habr\u00edan participado en el homicidio con dos servidores del CTI, adem\u00e1s, adelante hay una mesa con los computadores las armas de fuego, municiones, cascos de moto y otros elementos incautados y a un lado la motocicleta hallada en el operativo de allanamiento y registro. \" width=\"696\" height=\"392\" srcset=\"https:\/\/www.fiscalia.gov.co\/colombia\/wp-content\/uploads\/Maria-Ines-Medina-Rojas-Octavio-Medina-CastrillonLuis-Eliecer-Grisales-Martinez-y-Diana-Johana-Meneses-Rojas-1024x576.jpg 1024w, https:\/\/www.fiscalia.gov.co\/colombia\/wp-content\/uploads\/Maria-Ines-Medina-Rojas-Octavio-Medina-CastrillonLuis-Eliecer-Grisales-Martinez-y-Diana-Johana-Meneses-Rojas-300x169.jpg 300w, https:\/\/www.fiscalia.gov.co\/colombia\/wp-content\/uploads\/Maria-Ines-Medina-Rojas-Octavio-Medina-CastrillonLuis-Eliecer-Grisales-Martinez-y-Diana-Johana-Meneses-Rojas-768x432.jpg 768w, https:\/\/www.fiscalia.gov.co\/colombia\/wp-content\/uploads\/Maria-Ines-Medina-Rojas-Octavio-Medina-CastrillonLuis-Eliecer-Grisales-Martinez-y-Diana-Johana-Meneses-Rojas-1536x864.jpg 1536w, https:\/\/www.fiscalia.gov.co\/colombia\/wp-content\/uploads\/Maria-Ines-Medina-Rojas-Octavio-Medina-CastrillonLuis-Eliecer-Grisales-Martinez-y-Diana-Johana-Meneses-Rojas-696x392.jpg 696w, https:\/\/www.fiscalia.gov.co\/colombia\/wp-content\/uploads\/Maria-Ines-Medina-Rojas-Octavio-Medina-CastrillonLuis-Eliecer-Grisales-Martinez-y-Diana-Johana-Meneses-Rojas-1068x601.jpg 1068w, https:\/\/www.fiscalia.gov.co\/colombia\/wp-content\/uploads\/Maria-Ines-Medina-Rojas-Octavio-Medina-CastrillonLuis-Eliecer-Grisales-Martinez-y-Diana-Johana-Meneses-Rojas-747x420.jpg 747w, https:\/\/www.fiscalia.gov.co\/colombia\/wp-content\/uploads\/Maria-Ines-Medina-Rojas-Octavio-Medina-CastrillonLuis-Eliecer-Grisales-Martinez-y-Diana-Johana-Meneses-Rojas.jpg 1600w\" sizes=\"auto, (max-width: 696px) 100vw, 696px\" \/><figcaption id=\"caption-attachment-296419\" class=\"wp-caption-text\">Presunta determinadora de la muerte de su compa\u00f1ero sentimental, y otros involucrados en el hecho.<\/figcaption><\/figure>\n<p>Por solicitud de la Fiscal\u00eda General de la Naci\u00f3n, un juez de control de garant\u00edas impuso medida de aseguramiento en centro carcelario en contra de Mar\u00eda In\u00e9s Medina Rojas, como <strong>presunta determinadora del <a href=\"https:\/\/www.fiscalia.gov.co\/colombia\/noticias\/judicializado-presunto-responsable-del-homicidio-de-un-hombre-que-miro-a-la-companera-sentimental-del-hoy-investigado\/\">homicidio de su compa\u00f1ero sentimental<\/a> Juan Carlos Aguirre Herrera.<\/strong><\/p>\n<p><strong>Con la misma decisi\u00f3n fueron cobijados Octavio Medina Castrill\u00f3n, quien sostendr\u00eda una relaci\u00f3n con la mujer<\/strong>, y los presuntos autores materiales del hecho: Luis Eli\u00e9cer Grisales Mart\u00ednez, alias Lucho y su compa\u00f1era sentimental Diana Johana Meneses Rojas.<\/p>\n<p><strong>Los hechos ocurrieron en el barrio Buenos Aires de Medell\u00edn la ma\u00f1ana del 10 de febrero de 2023<\/strong>, cuando \u00a0Aguirre Herrera sal\u00eda a trabajar y fue atacado por la espalda con arma de fuego por un hombre que se movilizaba en motocicleta.<\/p>\n<p><strong>La \u00a0v\u00edctima logr\u00f3 correr hasta un conjunto residencial cercano, sin embargo, el agresor continu\u00f3 disparando desde la porter\u00eda.<\/strong> Luego el victimario regres\u00f3 a la moto donde lo esperaba una mujer. <a href=\"https:\/\/www.fiscalia.gov.co\/colombia\/noticias\/carcel-para-mujer-investigada-por-el-homicidio-de-su-companero-sentimental-en-un-inquilinato-de-medellin\/\">La v\u00edctima fue llevada a un centro asistencial donde falleci\u00f3 una hora despu\u00e9s.<\/a><\/p>\n<p>Seg\u00fan la investigaci\u00f3n adelantada por servidores del Cuerpo T\u00e9cnico de Investigaci\u00f3n, se evidenci\u00f3 que la compa\u00f1era sentimental de la v\u00edctima y Medina Castrill\u00f3n habr\u00edan contratado a alias Lucho, quien, al parecer, \u00a0viaj\u00f3 desde el municipio de Soacha (Cundinamarca), con Meneses Rojas para materializar el homicidio.<\/p>\n<p><strong>Las dos mujeres y los dos hombres fueron capturados durante allanamientos y registros realizados por el CTI en los municipios \u00a0de Medell\u00edn (Antioquia) y Soacha (Cundinamarca)<\/strong>, en medio de los cuales se logr\u00f3 la incautaci\u00f3n de una motocicleta, celulares, un arma de fuego y 59 cartuchos de diferente calibre, entre otros elementos.<\/p>\n<p>Adem\u00e1s, en la vivienda de Mar\u00eda In\u00e9s Medina Rojas y Octavio Medina Castrill\u00f3n<strong> fueron hallados un computador port\u00e1til, tres celulares, y una solicitud de reclamaci\u00f3n de seguro de vida y reclamaci\u00f3n de un auxilio funerario de la v\u00edctima.<\/strong><\/p>\n<p>Los procesados no aceptaron los cargos imputados por los delitos de homicidio agravado y porte ilegal de armas de fuego agravado.<\/p>\n<p>Esta informaci\u00f3n se publica por razones de inter\u00e9s general<\/p>\n<p>&nbsp;<\/p>\n<p>&nbsp;<\/p>\n<p>&nbsp;<\/p>\n<p>&nbsp;<\/p>\n<p>&nbsp;<\/p>\n<p>NAMT\/CM\/LMFO\/CFG\/DSM<\/p>\n<p>&nbsp;<\/p>\n<p>&nbsp;<\/p>\n<p>&nbsp;<\/p>\n<p>&nbsp;<\/p>\n<p>&nbsp;<\/p>\n<div class=\"td-post-content tagdiv-type\">\n<div class=\"td-post-content tagdiv-type\">\n<div class=\"td-post-content tagdiv-type\">\n<p><i>La informaci\u00f3n contenida en este bolet\u00edn de prensa corresponde a la narraci\u00f3n de los hechos noticiosos objetivos, suministrados por los funcionarios encargados de adelantar las investigaciones penales al interior de la Fiscal\u00eda General de la Naci\u00f3n. Para el momento de la divulgaci\u00f3n de este comunicado, la situaci\u00f3n jur\u00eddica de la(s) persona(s) relacionada(s) se encuentra pendiente de resolver por la autoridad judicial competente, siempre bajo los preceptos de la presunci\u00f3n de inocencia, consagrados en el art\u00edculo 29 de la Constituci\u00f3n Pol\u00edtica y el art\u00edculo 7\u00ba de la Ley 906 de 2004.\u00a0<\/i><\/p>\n<\/div>\n<\/div>\n<\/div>\n\n<div class=\"twitter-share\"><a href=\"https:\/\/twitter.com\/intent\/tweet?via=fiscaliacol\" class=\"twitter-share-button\">Tweet<\/a><\/div>\n","protected":false},"excerpt":{"rendered":"<p>Otras tres personas, que al parecer est\u00e1n \u00a0involucradas en el crimen, tambi\u00e9n fueron asegurados. Por solicitud de la Fiscal\u00eda General de la Naci\u00f3n, un juez de control de garant\u00edas impuso [&hellip;]<\/p>\n","protected":false},"author":177,"featured_media":0,"comment_status":"closed","ping_status":"open","sticky":false,"template":"","format":"standard","meta":{"tdm_status":"","tdm_grid_status":"","footnotes":""},"categories":[1,331,303,24099],"tags":[12163,15419,37491,37492,1047,409,23985],"class_list":["post-296418","post","type-post","status-publish","format-standard","category-noticias","category-seccional-medellin","category-seccionales","category-seguridad-territorial","tag-arma-de-fuego","tag-companero-sentimental","tag-fiscal-camargo","tag-fiscal-luz-adriana-camargo","tag-fiscalia-general-de-la-nacion","tag-homicidio","tag-medellin-antioquia"],"yoast_head":"<!-- This site is optimized with the Yoast SEO plugin v24.3 - https:\/\/yoast.com\/wordpress\/plugins\/seo\/ -->\n<title>Fiscal\u00eda General de la Naci\u00f3n<\/title>\n<meta name=\"description\" content=\"P\u00e1gina oficial de la Fiscal\u00eda General de la Naci\u00f3n \u2013 Colombia. Garantizamos el acceso efectivo a la justicia, la verdad y la reparaci\u00f3n de las v\u00edctimas de los delitos.\" \/>\n<meta name=\"robots\" content=\"noindex, follow\" \/>\n<meta property=\"og:locale\" content=\"es_ES\" \/>\n<meta property=\"og:type\" content=\"article\" \/>\n<meta property=\"og:title\" content=\"Fiscal\u00eda General de la Naci\u00f3n\" \/>\n<meta property=\"og:description\" content=\"P\u00e1gina oficial de la Fiscal\u00eda General de la Naci\u00f3n \u2013 Colombia. Garantizamos el acceso efectivo a la justicia, la verdad y la reparaci\u00f3n de las v\u00edctimas de los delitos.\" \/>\n<meta property=\"og:url\" content=\"https:\/\/www.fiscalia.gov.co\/colombia\/noticias\/a-la-carcel-presunta-determinadora-del-homicidio-de-su-companero-sentimental-en-medellin\/\" \/>\n<meta property=\"og:site_name\" content=\"Fiscal\u00eda General de la Naci\u00f3n\" \/>\n<meta property=\"article:publisher\" content=\"https:\/\/www.facebook.com\/FiscaliaCol\" \/>\n<meta property=\"article:published_time\" content=\"2024-06-05T14:00:24+00:00\" \/>\n<meta property=\"og:image\" content=\"https:\/\/www.fiscalia.gov.co\/colombia\/wp-content\/uploads\/Maria-Ines-Medina-Rojas-Octavio-Medina-CastrillonLuis-Eliecer-Grisales-Martinez-y-Diana-Johana-Meneses-Rojas-1024x576.jpg\" \/>\n<meta name=\"author\" content=\"Jordan Leandro Oviedo Anzola\" \/>\n<meta name=\"twitter:card\" content=\"summary_large_image\" \/>\n<meta name=\"twitter:creator\" content=\"@FiscaliaCol\" \/>\n<meta name=\"twitter:site\" content=\"@FiscaliaCol\" \/>\n<meta name=\"twitter:label1\" content=\"Escrito por\" \/>\n\t<meta name=\"twitter:data1\" content=\"Jordan Leandro Oviedo Anzola\" \/>\n\t<meta name=\"twitter:label2\" content=\"Tiempo de lectura\" \/>\n\t<meta name=\"twitter:data2\" content=\"3 minutos\" \/>\n<script type=\"application\/ld+json\" class=\"yoast-schema-graph\">{\"@context\":\"https:\/\/schema.org\",\"@graph\":[{\"@type\":\"Article\",\"@id\":\"https:\/\/www.fiscalia.gov.co\/colombia\/noticias\/a-la-carcel-presunta-determinadora-del-homicidio-de-su-companero-sentimental-en-medellin\/#article\",\"isPartOf\":{\"@id\":\"https:\/\/www.fiscalia.gov.co\/colombia\/noticias\/a-la-carcel-presunta-determinadora-del-homicidio-de-su-companero-sentimental-en-medellin\/\"},\"author\":{\"name\":\"Jordan Leandro Oviedo Anzola\",\"@id\":\"https:\/\/www.fiscalia.gov.co\/colombia\/#\/schema\/person\/bf84402cf293a5393e9c70b111020b24\"},\"headline\":\"A la c\u00e1rcel presunta determinadora del homicidio de su compa\u00f1ero sentimental en Medell\u00edn\",\"datePublished\":\"2024-06-05T14:00:24+00:00\",\"dateModified\":\"2024-06-05T14:00:24+00:00\",\"mainEntityOfPage\":{\"@id\":\"https:\/\/www.fiscalia.gov.co\/colombia\/noticias\/a-la-carcel-presunta-determinadora-del-homicidio-de-su-companero-sentimental-en-medellin\/\"},\"wordCount\":538,\"publisher\":{\"@id\":\"https:\/\/www.fiscalia.gov.co\/colombia\/#organization\"},\"image\":{\"@id\":\"https:\/\/www.fiscalia.gov.co\/colombia\/noticias\/a-la-carcel-presunta-determinadora-del-homicidio-de-su-companero-sentimental-en-medellin\/#primaryimage\"},\"thumbnailUrl\":\"https:\/\/www.fiscalia.gov.co\/colombia\/wp-content\/uploads\/Maria-Ines-Medina-Rojas-Octavio-Medina-CastrillonLuis-Eliecer-Grisales-Martinez-y-Diana-Johana-Meneses-Rojas-1024x576.jpg\",\"keywords\":[\"Arma de fuego\",\"Compa\u00f1ero sentimental\",\"fiscal Camargo\",\"Fiscal Luz Adriana Camargo\",\"Fiscal\u00eda General de la Naci\u00f3n\",\"Homicidio\",\"Medell\u00edn (Antioquia)\"],\"articleSection\":[\"Noticias\",\"Seccional Medell\u00edn\",\"Seccionales\",\"Seguridad territorial\"],\"inLanguage\":\"es-CO\"},{\"@type\":\"WebPage\",\"@id\":\"https:\/\/www.fiscalia.gov.co\/colombia\/noticias\/a-la-carcel-presunta-determinadora-del-homicidio-de-su-companero-sentimental-en-medellin\/\",\"url\":\"https:\/\/www.fiscalia.gov.co\/colombia\/noticias\/a-la-carcel-presunta-determinadora-del-homicidio-de-su-companero-sentimental-en-medellin\/\",\"name\":\"Fiscal\u00eda General de la Naci\u00f3n\",\"isPartOf\":{\"@id\":\"https:\/\/www.fiscalia.gov.co\/colombia\/#website\"},\"primaryImageOfPage\":{\"@id\":\"https:\/\/www.fiscalia.gov.co\/colombia\/noticias\/a-la-carcel-presunta-determinadora-del-homicidio-de-su-companero-sentimental-en-medellin\/#primaryimage\"},\"image\":{\"@id\":\"https:\/\/www.fiscalia.gov.co\/colombia\/noticias\/a-la-carcel-presunta-determinadora-del-homicidio-de-su-companero-sentimental-en-medellin\/#primaryimage\"},\"thumbnailUrl\":\"https:\/\/www.fiscalia.gov.co\/colombia\/wp-content\/uploads\/Maria-Ines-Medina-Rojas-Octavio-Medina-CastrillonLuis-Eliecer-Grisales-Martinez-y-Diana-Johana-Meneses-Rojas-1024x576.jpg\",\"datePublished\":\"2024-06-05T14:00:24+00:00\",\"dateModified\":\"2024-06-05T14:00:24+00:00\",\"description\":\"P\u00e1gina oficial de la Fiscal\u00eda General de la Naci\u00f3n \u2013 Colombia. Garantizamos el acceso efectivo a la justicia, la verdad y la reparaci\u00f3n de las v\u00edctimas de los delitos.\",\"breadcrumb\":{\"@id\":\"https:\/\/www.fiscalia.gov.co\/colombia\/noticias\/a-la-carcel-presunta-determinadora-del-homicidio-de-su-companero-sentimental-en-medellin\/#breadcrumb\"},\"inLanguage\":\"es-CO\",\"potentialAction\":[{\"@type\":\"ReadAction\",\"target\":[\"https:\/\/www.fiscalia.gov.co\/colombia\/noticias\/a-la-carcel-presunta-determinadora-del-homicidio-de-su-companero-sentimental-en-medellin\/\"]}]},{\"@type\":\"ImageObject\",\"inLanguage\":\"es-CO\",\"@id\":\"https:\/\/www.fiscalia.gov.co\/colombia\/noticias\/a-la-carcel-presunta-determinadora-del-homicidio-de-su-companero-sentimental-en-medellin\/#primaryimage\",\"url\":\"https:\/\/www.fiscalia.gov.co\/colombia\/wp-content\/uploads\/Maria-Ines-Medina-Rojas-Octavio-Medina-CastrillonLuis-Eliecer-Grisales-Martinez-y-Diana-Johana-Meneses-Rojas.jpg\",\"contentUrl\":\"https:\/\/www.fiscalia.gov.co\/colombia\/wp-content\/uploads\/Maria-Ines-Medina-Rojas-Octavio-Medina-CastrillonLuis-Eliecer-Grisales-Martinez-y-Diana-Johana-Meneses-Rojas.jpg\",\"width\":1600,\"height\":900,\"caption\":\"Presunta determinadora de la muerte de su compa\u00f1ero sentimental, y otros involucrados en el hecho.\"},{\"@type\":\"BreadcrumbList\",\"@id\":\"https:\/\/www.fiscalia.gov.co\/colombia\/noticias\/a-la-carcel-presunta-determinadora-del-homicidio-de-su-companero-sentimental-en-medellin\/#breadcrumb\",\"itemListElement\":[{\"@type\":\"ListItem\",\"position\":1,\"name\":\"Home\",\"item\":\"https:\/\/www.fiscalia.gov.co\/colombia\/\"},{\"@type\":\"ListItem\",\"position\":2,\"name\":\"A la c\u00e1rcel presunta determinadora del homicidio de su compa\u00f1ero sentimental en Medell\u00edn\"}]},{\"@type\":\"WebSite\",\"@id\":\"https:\/\/www.fiscalia.gov.co\/colombia\/#website\",\"url\":\"https:\/\/www.fiscalia.gov.co\/colombia\/\",\"name\":\"Fiscal\u00eda General de la Naci\u00f3n\",\"description\":\"P\u00e1gina oficial de la Fiscal\u00eda General de la Naci\u00f3n \u2013 Colombia. Garantizamos el acceso efectivo a la justicia, la verdad y la reparaci\u00f3n de las v\u00edctimas de los delitos.\",\"publisher\":{\"@id\":\"https:\/\/www.fiscalia.gov.co\/colombia\/#organization\"},\"potentialAction\":[{\"@type\":\"SearchAction\",\"target\":{\"@type\":\"EntryPoint\",\"urlTemplate\":\"https:\/\/www.fiscalia.gov.co\/colombia\/?s={search_term_string}\"},\"query-input\":{\"@type\":\"PropertyValueSpecification\",\"valueRequired\":true,\"valueName\":\"search_term_string\"}}],\"inLanguage\":\"es-CO\"},{\"@type\":\"Organization\",\"@id\":\"https:\/\/www.fiscalia.gov.co\/colombia\/#organization\",\"name\":\"Fiscal\u00eda General de la Naci\u00f3n\",\"url\":\"https:\/\/www.fiscalia.gov.co\/colombia\/\",\"logo\":{\"@type\":\"ImageObject\",\"inLanguage\":\"es-CO\",\"@id\":\"https:\/\/www.fiscalia.gov.co\/colombia\/#\/schema\/logo\/image\/\",\"url\":\"https:\/\/www.fiscalia.gov.co\/colombia\/wp-content\/uploads\/LogoHorizontal_1.jpg\",\"contentUrl\":\"https:\/\/www.fiscalia.gov.co\/colombia\/wp-content\/uploads\/LogoHorizontal_1.jpg\",\"width\":300,\"height\":90,\"caption\":\"Fiscal\u00eda General de la Naci\u00f3n\"},\"image\":{\"@id\":\"https:\/\/www.fiscalia.gov.co\/colombia\/#\/schema\/logo\/image\/\"},\"sameAs\":[\"https:\/\/www.facebook.com\/FiscaliaCol\",\"https:\/\/x.com\/FiscaliaCol\",\"https:\/\/www.instagram.com\/fiscaliacol\",\"https:\/\/www.linkedin.com\/company\/fiscalia-general-de-la-naci-n\/\",\"https:\/\/youtube.com\/@fiscaliageneraldelanacion-4668?si=6nN79nyQICPU5iTh\"]},{\"@type\":\"Person\",\"@id\":\"https:\/\/www.fiscalia.gov.co\/colombia\/#\/schema\/person\/bf84402cf293a5393e9c70b111020b24\",\"name\":\"Jordan Leandro Oviedo Anzola\",\"image\":{\"@type\":\"ImageObject\",\"inLanguage\":\"es-CO\",\"@id\":\"https:\/\/www.fiscalia.gov.co\/colombia\/#\/schema\/person\/image\/\",\"url\":\"https:\/\/secure.gravatar.com\/avatar\/dabba4346fa9b9207d96adafa8f92721?s=96&d=mm&r=g\",\"contentUrl\":\"https:\/\/secure.gravatar.com\/avatar\/dabba4346fa9b9207d96adafa8f92721?s=96&d=mm&r=g\",\"caption\":\"Jordan Leandro Oviedo Anzola\"},\"url\":\"https:\/\/www.fiscalia.gov.co\/colombia\/author\/joviedo\/\"}]}<\/script>\n<!-- \/ Yoast SEO plugin. -->","yoast_head_json":{"title":"Fiscal\u00eda General de la Naci\u00f3n","description":"P\u00e1gina oficial de la Fiscal\u00eda General de la Naci\u00f3n \u2013 Colombia. Garantizamos el acceso efectivo a la justicia, la verdad y la reparaci\u00f3n de las v\u00edctimas de los delitos.","robots":{"index":"noindex","follow":"follow"},"og_locale":"es_ES","og_type":"article","og_title":"Fiscal\u00eda General de la Naci\u00f3n","og_description":"P\u00e1gina oficial de la Fiscal\u00eda General de la Naci\u00f3n \u2013 Colombia. Garantizamos el acceso efectivo a la justicia, la verdad y la reparaci\u00f3n de las v\u00edctimas de los delitos.","og_url":"https:\/\/www.fiscalia.gov.co\/colombia\/noticias\/a-la-carcel-presunta-determinadora-del-homicidio-de-su-companero-sentimental-en-medellin\/","og_site_name":"Fiscal\u00eda General de la Naci\u00f3n","article_publisher":"https:\/\/www.facebook.com\/FiscaliaCol","article_published_time":"2024-06-05T14:00:24+00:00","og_image":[{"url":"https:\/\/www.fiscalia.gov.co\/colombia\/wp-content\/uploads\/Maria-Ines-Medina-Rojas-Octavio-Medina-CastrillonLuis-Eliecer-Grisales-Martinez-y-Diana-Johana-Meneses-Rojas-1024x576.jpg","type":"","width":"","height":""}],"author":"Jordan Leandro Oviedo Anzola","twitter_card":"summary_large_image","twitter_creator":"@FiscaliaCol","twitter_site":"@FiscaliaCol","twitter_misc":{"Escrito por":"Jordan Leandro Oviedo Anzola","Tiempo de lectura":"3 minutos"},"schema":{"@context":"https:\/\/schema.org","@graph":[{"@type":"Article","@id":"https:\/\/www.fiscalia.gov.co\/colombia\/noticias\/a-la-carcel-presunta-determinadora-del-homicidio-de-su-companero-sentimental-en-medellin\/#article","isPartOf":{"@id":"https:\/\/www.fiscalia.gov.co\/colombia\/noticias\/a-la-carcel-presunta-determinadora-del-homicidio-de-su-companero-sentimental-en-medellin\/"},"author":{"name":"Jordan Leandro Oviedo Anzola","@id":"https:\/\/www.fiscalia.gov.co\/colombia\/#\/schema\/person\/bf84402cf293a5393e9c70b111020b24"},"headline":"A la c\u00e1rcel presunta determinadora del homicidio de su compa\u00f1ero sentimental en Medell\u00edn","datePublished":"2024-06-05T14:00:24+00:00","dateModified":"2024-06-05T14:00:24+00:00","mainEntityOfPage":{"@id":"https:\/\/www.fiscalia.gov.co\/colombia\/noticias\/a-la-carcel-presunta-determinadora-del-homicidio-de-su-companero-sentimental-en-medellin\/"},"wordCount":538,"publisher":{"@id":"https:\/\/www.fiscalia.gov.co\/colombia\/#organization"},"image":{"@id":"https:\/\/www.fiscalia.gov.co\/colombia\/noticias\/a-la-carcel-presunta-determinadora-del-homicidio-de-su-companero-sentimental-en-medellin\/#primaryimage"},"thumbnailUrl":"https:\/\/www.fiscalia.gov.co\/colombia\/wp-content\/uploads\/Maria-Ines-Medina-Rojas-Octavio-Medina-CastrillonLuis-Eliecer-Grisales-Martinez-y-Diana-Johana-Meneses-Rojas-1024x576.jpg","keywords":["Arma de fuego","Compa\u00f1ero sentimental","fiscal Camargo","Fiscal Luz Adriana Camargo","Fiscal\u00eda General de la Naci\u00f3n","Homicidio","Medell\u00edn (Antioquia)"],"articleSection":["Noticias","Seccional Medell\u00edn","Seccionales","Seguridad territorial"],"inLanguage":"es-CO"},{"@type":"WebPage","@id":"https:\/\/www.fiscalia.gov.co\/colombia\/noticias\/a-la-carcel-presunta-determinadora-del-homicidio-de-su-companero-sentimental-en-medellin\/","url":"https:\/\/www.fiscalia.gov.co\/colombia\/noticias\/a-la-carcel-presunta-determinadora-del-homicidio-de-su-companero-sentimental-en-medellin\/","name":"Fiscal\u00eda General de la Naci\u00f3n","isPartOf":{"@id":"https:\/\/www.fiscalia.gov.co\/colombia\/#website"},"primaryImageOfPage":{"@id":"https:\/\/www.fiscalia.gov.co\/colombia\/noticias\/a-la-carcel-presunta-determinadora-del-homicidio-de-su-companero-sentimental-en-medellin\/#primaryimage"},"image":{"@id":"https:\/\/www.fiscalia.gov.co\/colombia\/noticias\/a-la-carcel-presunta-determinadora-del-homicidio-de-su-companero-sentimental-en-medellin\/#primaryimage"},"thumbnailUrl":"https:\/\/www.fiscalia.gov.co\/colombia\/wp-content\/uploads\/Maria-Ines-Medina-Rojas-Octavio-Medina-CastrillonLuis-Eliecer-Grisales-Martinez-y-Diana-Johana-Meneses-Rojas-1024x576.jpg","datePublished":"2024-06-05T14:00:24+00:00","dateModified":"2024-06-05T14:00:24+00:00","description":"P\u00e1gina oficial de la Fiscal\u00eda General de la Naci\u00f3n \u2013 Colombia. Garantizamos el acceso efectivo a la justicia, la verdad y la reparaci\u00f3n de las v\u00edctimas de los delitos.","breadcrumb":{"@id":"https:\/\/www.fiscalia.gov.co\/colombia\/noticias\/a-la-carcel-presunta-determinadora-del-homicidio-de-su-companero-sentimental-en-medellin\/#breadcrumb"},"inLanguage":"es-CO","potentialAction":[{"@type":"ReadAction","target":["https:\/\/www.fiscalia.gov.co\/colombia\/noticias\/a-la-carcel-presunta-determinadora-del-homicidio-de-su-companero-sentimental-en-medellin\/"]}]},{"@type":"ImageObject","inLanguage":"es-CO","@id":"https:\/\/www.fiscalia.gov.co\/colombia\/noticias\/a-la-carcel-presunta-determinadora-del-homicidio-de-su-companero-sentimental-en-medellin\/#primaryimage","url":"https:\/\/www.fiscalia.gov.co\/colombia\/wp-content\/uploads\/Maria-Ines-Medina-Rojas-Octavio-Medina-CastrillonLuis-Eliecer-Grisales-Martinez-y-Diana-Johana-Meneses-Rojas.jpg","contentUrl":"https:\/\/www.fiscalia.gov.co\/colombia\/wp-content\/uploads\/Maria-Ines-Medina-Rojas-Octavio-Medina-CastrillonLuis-Eliecer-Grisales-Martinez-y-Diana-Johana-Meneses-Rojas.jpg","width":1600,"height":900,"caption":"Presunta determinadora de la muerte de su compa\u00f1ero sentimental, y otros involucrados en el hecho."},{"@type":"BreadcrumbList","@id":"https:\/\/www.fiscalia.gov.co\/colombia\/noticias\/a-la-carcel-presunta-determinadora-del-homicidio-de-su-companero-sentimental-en-medellin\/#breadcrumb","itemListElement":[{"@type":"ListItem","position":1,"name":"Home","item":"https:\/\/www.fiscalia.gov.co\/colombia\/"},{"@type":"ListItem","position":2,"name":"A la c\u00e1rcel presunta determinadora del homicidio de su compa\u00f1ero sentimental en Medell\u00edn"}]},{"@type":"WebSite","@id":"https:\/\/www.fiscalia.gov.co\/colombia\/#website","url":"https:\/\/www.fiscalia.gov.co\/colombia\/","name":"Fiscal\u00eda General de la Naci\u00f3n","description":"P\u00e1gina oficial de la Fiscal\u00eda General de la Naci\u00f3n \u2013 Colombia. Garantizamos el acceso efectivo a la justicia, la verdad y la reparaci\u00f3n de las v\u00edctimas de los delitos.","publisher":{"@id":"https:\/\/www.fiscalia.gov.co\/colombia\/#organization"},"potentialAction":[{"@type":"SearchAction","target":{"@type":"EntryPoint","urlTemplate":"https:\/\/www.fiscalia.gov.co\/colombia\/?s={search_term_string}"},"query-input":{"@type":"PropertyValueSpecification","valueRequired":true,"valueName":"search_term_string"}}],"inLanguage":"es-CO"},{"@type":"Organization","@id":"https:\/\/www.fiscalia.gov.co\/colombia\/#organization","name":"Fiscal\u00eda General de la Naci\u00f3n","url":"https:\/\/www.fiscalia.gov.co\/colombia\/","logo":{"@type":"ImageObject","inLanguage":"es-CO","@id":"https:\/\/www.fiscalia.gov.co\/colombia\/#\/schema\/logo\/image\/","url":"https:\/\/www.fiscalia.gov.co\/colombia\/wp-content\/uploads\/LogoHorizontal_1.jpg","contentUrl":"https:\/\/www.fiscalia.gov.co\/colombia\/wp-content\/uploads\/LogoHorizontal_1.jpg","width":300,"height":90,"caption":"Fiscal\u00eda General de la Naci\u00f3n"},"image":{"@id":"https:\/\/www.fiscalia.gov.co\/colombia\/#\/schema\/logo\/image\/"},"sameAs":["https:\/\/www.facebook.com\/FiscaliaCol","https:\/\/x.com\/FiscaliaCol","https:\/\/www.instagram.com\/fiscaliacol","https:\/\/www.linkedin.com\/company\/fiscalia-general-de-la-naci-n\/","https:\/\/youtube.com\/@fiscaliageneraldelanacion-4668?si=6nN79nyQICPU5iTh"]},{"@type":"Person","@id":"https:\/\/www.fiscalia.gov.co\/colombia\/#\/schema\/person\/bf84402cf293a5393e9c70b111020b24","name":"Jordan Leandro Oviedo Anzola","image":{"@type":"ImageObject","inLanguage":"es-CO","@id":"https:\/\/www.fiscalia.gov.co\/colombia\/#\/schema\/person\/image\/","url":"https:\/\/secure.gravatar.com\/avatar\/dabba4346fa9b9207d96adafa8f92721?s=96&d=mm&r=g","contentUrl":"https:\/\/secure.gravatar.com\/avatar\/dabba4346fa9b9207d96adafa8f92721?s=96&d=mm&r=g","caption":"Jordan Leandro Oviedo Anzola"},"url":"https:\/\/www.fiscalia.gov.co\/colombia\/author\/joviedo\/"}]}},"_links":{"self":[{"href":"https:\/\/www.fiscalia.gov.co\/colombia\/wp-json\/wp\/v2\/posts\/296418","targetHints":{"allow":["GET"]}}],"collection":[{"href":"https:\/\/www.fiscalia.gov.co\/colombia\/wp-json\/wp\/v2\/posts"}],"about":[{"href":"https:\/\/www.fiscalia.gov.co\/colombia\/wp-json\/wp\/v2\/types\/post"}],"author":[{"embeddable":true,"href":"https:\/\/www.fiscalia.gov.co\/colombia\/wp-json\/wp\/v2\/users\/177"}],"replies":[{"embeddable":true,"href":"https:\/\/www.fiscalia.gov.co\/colombia\/wp-json\/wp\/v2\/comments?post=296418"}],"version-history":[{"count":1,"href":"https:\/\/www.fiscalia.gov.co\/colombia\/wp-json\/wp\/v2\/posts\/296418\/revisions"}],"predecessor-version":[{"id":296420,"href":"https:\/\/www.fiscalia.gov.co\/colombia\/wp-json\/wp\/v2\/posts\/296418\/revisions\/296420"}],"wp:attachment":[{"href":"https:\/\/www.fiscalia.gov.co\/colombia\/wp-json\/wp\/v2\/media?parent=296418"}],"wp:term":[{"taxonomy":"category","embeddable":true,"href":"https:\/\/www.fiscalia.gov.co\/colombia\/wp-json\/wp\/v2\/categories?post=296418"},{"taxonomy":"post_tag","embeddable":true,"href":"https:\/\/www.fiscalia.gov.co\/colombia\/wp-json\/wp\/v2\/tags?post=296418"}],"curies":[{"name":"wp","href":"https:\/\/api.w.org\/{rel}","templated":true}]}}