{"id":296415,"date":"2024-06-05T08:52:59","date_gmt":"2024-06-05T13:52:59","guid":{"rendered":"https:\/\/www.fiscalia.gov.co\/colombia\/?p=296415"},"modified":"2024-06-05T08:52:59","modified_gmt":"2024-06-05T13:52:59","slug":"a-la-carcel-fue-enviado-el-empresario-que-habria-ordenado-el-homicidio-de-un-ganadero-en-santa-marta","status":"publish","type":"post","link":"https:\/\/www.fiscalia.gov.co\/colombia\/noticias\/a-la-carcel-fue-enviado-el-empresario-que-habria-ordenado-el-homicidio-de-un-ganadero-en-santa-marta\/","title":{"rendered":"A la c\u00e1rcel fue enviado el empresario que habr\u00eda ordenado el homicidio de un ganadero en Santa Marta"},"content":{"rendered":"<p>La contundencia del material probatorio aportado por la Fiscal\u00eda General de la Naci\u00f3n permiti\u00f3 que una jueza con funciones de control de garant\u00edas impusiera aseguramiento en centro carcelario al <strong>empresario Allan Scalzo G\u00f3mez, investigado como el presunto responsable de ordenar <a href=\"https:\/\/www.fiscalia.gov.co\/colombia\/noticias\/judicializado-hombre-en-la-dorada-caldas-por-homicidio-de-un-ganadero\/\">el asesinato de un ganadero y bananero<\/a> de 30 a\u00f1os.+<\/strong><\/p>\n<figure id=\"attachment_296416\" aria-describedby=\"caption-attachment-296416\" style=\"width: 651px\" class=\"wp-caption aligncenter\"><img loading=\"lazy\" decoding=\"async\" class=\"size-full wp-image-296416\" src=\"https:\/\/www.fiscalia.gov.co\/colombia\/wp-content\/uploads\/Fiscalia-obvtuvo-medida-intranural-para-Allan-Scalzo-Gomez-investigado-como-el-presunto-responsable-de-ordenar-el-asesinato-de-un-ganadero-y-bananero-de-30-anos.jpeg\" alt=\"Un funcionario del CTI de la Fiscal\u00eda del Magdalena custodia al procesado tras su captura en Santa Marta, en el sector de Los Cocos.  \" width=\"651\" height=\"900\" srcset=\"https:\/\/www.fiscalia.gov.co\/colombia\/wp-content\/uploads\/Fiscalia-obvtuvo-medida-intranural-para-Allan-Scalzo-Gomez-investigado-como-el-presunto-responsable-de-ordenar-el-asesinato-de-un-ganadero-y-bananero-de-30-anos.jpeg 651w, https:\/\/www.fiscalia.gov.co\/colombia\/wp-content\/uploads\/Fiscalia-obvtuvo-medida-intranural-para-Allan-Scalzo-Gomez-investigado-como-el-presunto-responsable-de-ordenar-el-asesinato-de-un-ganadero-y-bananero-de-30-anos-217x300.jpeg 217w, https:\/\/www.fiscalia.gov.co\/colombia\/wp-content\/uploads\/Fiscalia-obvtuvo-medida-intranural-para-Allan-Scalzo-Gomez-investigado-como-el-presunto-responsable-de-ordenar-el-asesinato-de-un-ganadero-y-bananero-de-30-anos-304x420.jpeg 304w\" sizes=\"auto, (max-width: 651px) 100vw, 651px\" \/><figcaption id=\"caption-attachment-296416\" class=\"wp-caption-text\">Fiscal\u00eda obtuvo medida intramural para Allan Scalzo G\u00f3mez, investigado como el presunto responsable de ordenar el asesinato de un ganadero y bananero de 30 a\u00f1os.<\/figcaption><\/figure>\n<p><strong>El crimen sucedi\u00f3 el 12 de julio de 2019 en el barrio Las Am\u00e9ricas de Santa Marta (Magdalena).<\/strong> De acuerdo con la investigaci\u00f3n, el procesado habr\u00eda pagado 2 millones de pesos a dos personas para que asesinaran a la v\u00edctima.<\/p>\n<p>Por estos hechos servidores del Cuerpo T\u00e9cnico de Investigaci\u00f3n (CTI), en coordinaci\u00f3n con uniformados de la Dijin de la Polic\u00eda Nacional capturaron el pasado 17 de mayo a Scalzo G\u00f3mez en el sector de Los Cocos en la capital del Magdalena.<\/p>\n<p>La Fiscal\u00eda le imput\u00f3 al procesado <strong><a href=\"https:\/\/www.fiscalia.gov.co\/colombia\/noticias\/una-mujer-fue-enviada-a-la-carcel-por-su-presunta-participacion-en-el-homicidio-de-un-ganadero-en-puerto-asis-putumayo\/\">el delito de homicidio agravado<\/a>, cargo que no fue aceptado.<\/strong><\/p>\n<p>La Fiscal\u00eda hace p\u00fablica esta informaci\u00f3n por razones de inter\u00e9s general.<\/p>\n<p>&nbsp;<\/p>\n<p>&nbsp;<\/p>\n<p>&nbsp;<\/p>\n<p>&nbsp;<\/p>\n<p>SKCR\/AMCJ\/MAGA\/ER\/MPO\/DSM<\/p>\n<p>&nbsp;<\/p>\n<p>&nbsp;<\/p>\n<p>&nbsp;<\/p>\n<p>&nbsp;<\/p>\n<p>&nbsp;<\/p>\n<div class=\"td-post-content tagdiv-type\">\n<div class=\"td-post-content tagdiv-type\">\n<div class=\"td-post-content tagdiv-type\">\n<div class=\"td-post-content tagdiv-type\">\n<div class=\"td-post-content tagdiv-type\">\n<p><em>La informaci\u00f3n contenida en este bolet\u00edn de prensa corresponde a la narraci\u00f3n de los hechos noticiosos objetivos, suministrados por los funcionarios encargados de adelantar las investigaciones penales al interior de la Fiscal\u00eda General de la Naci\u00f3n. Para el momento de la divulgaci\u00f3n de este comunicado, la situaci\u00f3n jur\u00eddica de la(s) persona(s) relacionada(s) se encuentra pendiente de resolver por la autoridad judicial competente, siempre bajo los preceptos de la presunci\u00f3n de inocencia, consagrados en el art\u00edculo 29 de la Constituci\u00f3n Pol\u00edtica y el art\u00edculo 7\u00ba de la Ley 906 de 2004.<\/em><\/p>\n<\/div>\n<\/div>\n<\/div>\n<\/div>\n<\/div>\n<footer>\n<div class=\"td-post-source-tags\"><\/div>\n<div class=\"td-post-sharing-bottom\"><\/div>\n<\/footer>\n\n<div class=\"twitter-share\"><a href=\"https:\/\/twitter.com\/intent\/tweet?via=fiscaliacol\" class=\"twitter-share-button\">Tweet<\/a><\/div>\n","protected":false},"excerpt":{"rendered":"<p>La contundencia del material probatorio aportado por la Fiscal\u00eda General de la Naci\u00f3n permiti\u00f3 que una jueza con funciones de control de garant\u00edas impusiera aseguramiento en centro carcelario al empresario [&hellip;]<\/p>\n","protected":false},"author":177,"featured_media":0,"comment_status":"closed","ping_status":"open","sticky":false,"template":"","format":"standard","meta":{"tdm_status":"","tdm_grid_status":"","footnotes":""},"categories":[1,339,303,24099],"tags":[31873,37992,4688,16284,24399,13533,1047,37993,37991,23839,24009,24310,14921],"class_list":["post-296415","post","type-post","status-publish","format-standard","category-noticias","category-seccional-santa-marta","category-seccionales","category-seguridad-territorial","tag-2-millones-de-pesos","tag-allan-scalzo-gomez","tag-asesinato","tag-crimen","tag-determinador","tag-empresario","tag-fiscalia-general-de-la-nacion","tag-haled-yamal-saghair-granados","tag-homicidio-agaravdo","tag-santa-marta","tag-santa-marta-magdalena","tag-seccional-magdalena","tag-sicarios"],"yoast_head":"<!-- This site is optimized with the Yoast SEO plugin v24.3 - https:\/\/yoast.com\/wordpress\/plugins\/seo\/ -->\n<title>Fiscal\u00eda General de la Naci\u00f3n<\/title>\n<meta name=\"description\" content=\"P\u00e1gina oficial de la Fiscal\u00eda General de la Naci\u00f3n \u2013 Colombia. Garantizamos el acceso efectivo a la justicia, la verdad y la reparaci\u00f3n de las v\u00edctimas de los delitos.\" \/>\n<meta name=\"robots\" content=\"noindex, follow\" \/>\n<meta property=\"og:locale\" content=\"es_ES\" \/>\n<meta property=\"og:type\" content=\"article\" \/>\n<meta property=\"og:title\" content=\"Fiscal\u00eda General de la Naci\u00f3n\" \/>\n<meta property=\"og:description\" content=\"P\u00e1gina oficial de la Fiscal\u00eda General de la Naci\u00f3n \u2013 Colombia. Garantizamos el acceso efectivo a la justicia, la verdad y la reparaci\u00f3n de las v\u00edctimas de los delitos.\" \/>\n<meta property=\"og:url\" content=\"https:\/\/www.fiscalia.gov.co\/colombia\/noticias\/a-la-carcel-fue-enviado-el-empresario-que-habria-ordenado-el-homicidio-de-un-ganadero-en-santa-marta\/\" \/>\n<meta property=\"og:site_name\" content=\"Fiscal\u00eda General de la Naci\u00f3n\" \/>\n<meta property=\"article:publisher\" content=\"https:\/\/www.facebook.com\/FiscaliaCol\" \/>\n<meta property=\"article:published_time\" content=\"2024-06-05T13:52:59+00:00\" \/>\n<meta property=\"og:image\" content=\"https:\/\/www.fiscalia.gov.co\/colombia\/wp-content\/uploads\/Fiscalia-obvtuvo-medida-intranural-para-Allan-Scalzo-Gomez-investigado-como-el-presunto-responsable-de-ordenar-el-asesinato-de-un-ganadero-y-bananero-de-30-anos.jpeg\" \/>\n<meta name=\"author\" content=\"Jordan Leandro Oviedo Anzola\" \/>\n<meta name=\"twitter:card\" content=\"summary_large_image\" \/>\n<meta name=\"twitter:creator\" content=\"@FiscaliaCol\" \/>\n<meta name=\"twitter:site\" content=\"@FiscaliaCol\" \/>\n<meta name=\"twitter:label1\" content=\"Escrito por\" \/>\n\t<meta name=\"twitter:data1\" content=\"Jordan Leandro Oviedo Anzola\" \/>\n\t<meta name=\"twitter:label2\" content=\"Tiempo de lectura\" \/>\n\t<meta name=\"twitter:data2\" content=\"2 minutos\" \/>\n<script type=\"application\/ld+json\" class=\"yoast-schema-graph\">{\"@context\":\"https:\/\/schema.org\",\"@graph\":[{\"@type\":\"Article\",\"@id\":\"https:\/\/www.fiscalia.gov.co\/colombia\/noticias\/a-la-carcel-fue-enviado-el-empresario-que-habria-ordenado-el-homicidio-de-un-ganadero-en-santa-marta\/#article\",\"isPartOf\":{\"@id\":\"https:\/\/www.fiscalia.gov.co\/colombia\/noticias\/a-la-carcel-fue-enviado-el-empresario-que-habria-ordenado-el-homicidio-de-un-ganadero-en-santa-marta\/\"},\"author\":{\"name\":\"Jordan Leandro Oviedo Anzola\",\"@id\":\"https:\/\/www.fiscalia.gov.co\/colombia\/#\/schema\/person\/bf84402cf293a5393e9c70b111020b24\"},\"headline\":\"A la c\u00e1rcel fue enviado el empresario que habr\u00eda ordenado el homicidio de un ganadero en Santa Marta\",\"datePublished\":\"2024-06-05T13:52:59+00:00\",\"dateModified\":\"2024-06-05T13:52:59+00:00\",\"mainEntityOfPage\":{\"@id\":\"https:\/\/www.fiscalia.gov.co\/colombia\/noticias\/a-la-carcel-fue-enviado-el-empresario-que-habria-ordenado-el-homicidio-de-un-ganadero-en-santa-marta\/\"},\"wordCount\":343,\"publisher\":{\"@id\":\"https:\/\/www.fiscalia.gov.co\/colombia\/#organization\"},\"image\":{\"@id\":\"https:\/\/www.fiscalia.gov.co\/colombia\/noticias\/a-la-carcel-fue-enviado-el-empresario-que-habria-ordenado-el-homicidio-de-un-ganadero-en-santa-marta\/#primaryimage\"},\"thumbnailUrl\":\"https:\/\/www.fiscalia.gov.co\/colombia\/wp-content\/uploads\/Fiscalia-obvtuvo-medida-intranural-para-Allan-Scalzo-Gomez-investigado-como-el-presunto-responsable-de-ordenar-el-asesinato-de-un-ganadero-y-bananero-de-30-anos.jpeg\",\"keywords\":[\"2 millones de pesos\",\"Allan Scalzo G\u00f3mez\",\"Asesinato\",\"Crimen\",\"determinador\",\"Empresario\",\"Fiscal\u00eda General de la Naci\u00f3n\",\"Haled Yamal Saghair Granados\",\"homicidio agaravdo\",\"Santa Marta\",\"Santa Marta (Magdalena)\",\"Seccional Magdalena\",\"Sicarios\"],\"articleSection\":[\"Noticias\",\"Seccional Santa Marta\",\"Seccionales\",\"Seguridad territorial\"],\"inLanguage\":\"es-CO\"},{\"@type\":\"WebPage\",\"@id\":\"https:\/\/www.fiscalia.gov.co\/colombia\/noticias\/a-la-carcel-fue-enviado-el-empresario-que-habria-ordenado-el-homicidio-de-un-ganadero-en-santa-marta\/\",\"url\":\"https:\/\/www.fiscalia.gov.co\/colombia\/noticias\/a-la-carcel-fue-enviado-el-empresario-que-habria-ordenado-el-homicidio-de-un-ganadero-en-santa-marta\/\",\"name\":\"Fiscal\u00eda General de la Naci\u00f3n\",\"isPartOf\":{\"@id\":\"https:\/\/www.fiscalia.gov.co\/colombia\/#website\"},\"primaryImageOfPage\":{\"@id\":\"https:\/\/www.fiscalia.gov.co\/colombia\/noticias\/a-la-carcel-fue-enviado-el-empresario-que-habria-ordenado-el-homicidio-de-un-ganadero-en-santa-marta\/#primaryimage\"},\"image\":{\"@id\":\"https:\/\/www.fiscalia.gov.co\/colombia\/noticias\/a-la-carcel-fue-enviado-el-empresario-que-habria-ordenado-el-homicidio-de-un-ganadero-en-santa-marta\/#primaryimage\"},\"thumbnailUrl\":\"https:\/\/www.fiscalia.gov.co\/colombia\/wp-content\/uploads\/Fiscalia-obvtuvo-medida-intranural-para-Allan-Scalzo-Gomez-investigado-como-el-presunto-responsable-de-ordenar-el-asesinato-de-un-ganadero-y-bananero-de-30-anos.jpeg\",\"datePublished\":\"2024-06-05T13:52:59+00:00\",\"dateModified\":\"2024-06-05T13:52:59+00:00\",\"description\":\"P\u00e1gina oficial de la Fiscal\u00eda General de la Naci\u00f3n \u2013 Colombia. Garantizamos el acceso efectivo a la justicia, la verdad y la reparaci\u00f3n de las v\u00edctimas de los delitos.\",\"breadcrumb\":{\"@id\":\"https:\/\/www.fiscalia.gov.co\/colombia\/noticias\/a-la-carcel-fue-enviado-el-empresario-que-habria-ordenado-el-homicidio-de-un-ganadero-en-santa-marta\/#breadcrumb\"},\"inLanguage\":\"es-CO\",\"potentialAction\":[{\"@type\":\"ReadAction\",\"target\":[\"https:\/\/www.fiscalia.gov.co\/colombia\/noticias\/a-la-carcel-fue-enviado-el-empresario-que-habria-ordenado-el-homicidio-de-un-ganadero-en-santa-marta\/\"]}]},{\"@type\":\"ImageObject\",\"inLanguage\":\"es-CO\",\"@id\":\"https:\/\/www.fiscalia.gov.co\/colombia\/noticias\/a-la-carcel-fue-enviado-el-empresario-que-habria-ordenado-el-homicidio-de-un-ganadero-en-santa-marta\/#primaryimage\",\"url\":\"https:\/\/www.fiscalia.gov.co\/colombia\/wp-content\/uploads\/Fiscalia-obvtuvo-medida-intranural-para-Allan-Scalzo-Gomez-investigado-como-el-presunto-responsable-de-ordenar-el-asesinato-de-un-ganadero-y-bananero-de-30-anos.jpeg\",\"contentUrl\":\"https:\/\/www.fiscalia.gov.co\/colombia\/wp-content\/uploads\/Fiscalia-obvtuvo-medida-intranural-para-Allan-Scalzo-Gomez-investigado-como-el-presunto-responsable-de-ordenar-el-asesinato-de-un-ganadero-y-bananero-de-30-anos.jpeg\",\"width\":651,\"height\":900,\"caption\":\"Fiscal\u00eda obvtuvo medida intranural para Allan Scalzo G\u00f3mez, investigado como el presunto responsable de ordenar el asesinato de un ganadero y bananero de 30 a\u00f1os.\"},{\"@type\":\"BreadcrumbList\",\"@id\":\"https:\/\/www.fiscalia.gov.co\/colombia\/noticias\/a-la-carcel-fue-enviado-el-empresario-que-habria-ordenado-el-homicidio-de-un-ganadero-en-santa-marta\/#breadcrumb\",\"itemListElement\":[{\"@type\":\"ListItem\",\"position\":1,\"name\":\"Home\",\"item\":\"https:\/\/www.fiscalia.gov.co\/colombia\/\"},{\"@type\":\"ListItem\",\"position\":2,\"name\":\"A la c\u00e1rcel fue enviado el empresario que habr\u00eda ordenado el homicidio de un ganadero en Santa Marta\"}]},{\"@type\":\"WebSite\",\"@id\":\"https:\/\/www.fiscalia.gov.co\/colombia\/#website\",\"url\":\"https:\/\/www.fiscalia.gov.co\/colombia\/\",\"name\":\"Fiscal\u00eda General de la Naci\u00f3n\",\"description\":\"P\u00e1gina oficial de la Fiscal\u00eda General de la Naci\u00f3n \u2013 Colombia. Garantizamos el acceso efectivo a la justicia, la verdad y la reparaci\u00f3n de las v\u00edctimas de los delitos.\",\"publisher\":{\"@id\":\"https:\/\/www.fiscalia.gov.co\/colombia\/#organization\"},\"potentialAction\":[{\"@type\":\"SearchAction\",\"target\":{\"@type\":\"EntryPoint\",\"urlTemplate\":\"https:\/\/www.fiscalia.gov.co\/colombia\/?s={search_term_string}\"},\"query-input\":{\"@type\":\"PropertyValueSpecification\",\"valueRequired\":true,\"valueName\":\"search_term_string\"}}],\"inLanguage\":\"es-CO\"},{\"@type\":\"Organization\",\"@id\":\"https:\/\/www.fiscalia.gov.co\/colombia\/#organization\",\"name\":\"Fiscal\u00eda General de la Naci\u00f3n\",\"url\":\"https:\/\/www.fiscalia.gov.co\/colombia\/\",\"logo\":{\"@type\":\"ImageObject\",\"inLanguage\":\"es-CO\",\"@id\":\"https:\/\/www.fiscalia.gov.co\/colombia\/#\/schema\/logo\/image\/\",\"url\":\"https:\/\/www.fiscalia.gov.co\/colombia\/wp-content\/uploads\/LogoHorizontal_1.jpg\",\"contentUrl\":\"https:\/\/www.fiscalia.gov.co\/colombia\/wp-content\/uploads\/LogoHorizontal_1.jpg\",\"width\":300,\"height\":90,\"caption\":\"Fiscal\u00eda General de la Naci\u00f3n\"},\"image\":{\"@id\":\"https:\/\/www.fiscalia.gov.co\/colombia\/#\/schema\/logo\/image\/\"},\"sameAs\":[\"https:\/\/www.facebook.com\/FiscaliaCol\",\"https:\/\/x.com\/FiscaliaCol\",\"https:\/\/www.instagram.com\/fiscaliacol\",\"https:\/\/www.linkedin.com\/company\/fiscalia-general-de-la-naci-n\/\",\"https:\/\/youtube.com\/@fiscaliageneraldelanacion-4668?si=6nN79nyQICPU5iTh\"]},{\"@type\":\"Person\",\"@id\":\"https:\/\/www.fiscalia.gov.co\/colombia\/#\/schema\/person\/bf84402cf293a5393e9c70b111020b24\",\"name\":\"Jordan Leandro Oviedo Anzola\",\"image\":{\"@type\":\"ImageObject\",\"inLanguage\":\"es-CO\",\"@id\":\"https:\/\/www.fiscalia.gov.co\/colombia\/#\/schema\/person\/image\/\",\"url\":\"https:\/\/secure.gravatar.com\/avatar\/dabba4346fa9b9207d96adafa8f92721?s=96&d=mm&r=g\",\"contentUrl\":\"https:\/\/secure.gravatar.com\/avatar\/dabba4346fa9b9207d96adafa8f92721?s=96&d=mm&r=g\",\"caption\":\"Jordan Leandro Oviedo Anzola\"},\"url\":\"https:\/\/www.fiscalia.gov.co\/colombia\/author\/joviedo\/\"}]}<\/script>\n<!-- \/ Yoast SEO plugin. -->","yoast_head_json":{"title":"Fiscal\u00eda General de la Naci\u00f3n","description":"P\u00e1gina oficial de la Fiscal\u00eda General de la Naci\u00f3n \u2013 Colombia. Garantizamos el acceso efectivo a la justicia, la verdad y la reparaci\u00f3n de las v\u00edctimas de los delitos.","robots":{"index":"noindex","follow":"follow"},"og_locale":"es_ES","og_type":"article","og_title":"Fiscal\u00eda General de la Naci\u00f3n","og_description":"P\u00e1gina oficial de la Fiscal\u00eda General de la Naci\u00f3n \u2013 Colombia. Garantizamos el acceso efectivo a la justicia, la verdad y la reparaci\u00f3n de las v\u00edctimas de los delitos.","og_url":"https:\/\/www.fiscalia.gov.co\/colombia\/noticias\/a-la-carcel-fue-enviado-el-empresario-que-habria-ordenado-el-homicidio-de-un-ganadero-en-santa-marta\/","og_site_name":"Fiscal\u00eda General de la Naci\u00f3n","article_publisher":"https:\/\/www.facebook.com\/FiscaliaCol","article_published_time":"2024-06-05T13:52:59+00:00","og_image":[{"url":"https:\/\/www.fiscalia.gov.co\/colombia\/wp-content\/uploads\/Fiscalia-obvtuvo-medida-intranural-para-Allan-Scalzo-Gomez-investigado-como-el-presunto-responsable-de-ordenar-el-asesinato-de-un-ganadero-y-bananero-de-30-anos.jpeg","type":"","width":"","height":""}],"author":"Jordan Leandro Oviedo Anzola","twitter_card":"summary_large_image","twitter_creator":"@FiscaliaCol","twitter_site":"@FiscaliaCol","twitter_misc":{"Escrito por":"Jordan Leandro Oviedo Anzola","Tiempo de lectura":"2 minutos"},"schema":{"@context":"https:\/\/schema.org","@graph":[{"@type":"Article","@id":"https:\/\/www.fiscalia.gov.co\/colombia\/noticias\/a-la-carcel-fue-enviado-el-empresario-que-habria-ordenado-el-homicidio-de-un-ganadero-en-santa-marta\/#article","isPartOf":{"@id":"https:\/\/www.fiscalia.gov.co\/colombia\/noticias\/a-la-carcel-fue-enviado-el-empresario-que-habria-ordenado-el-homicidio-de-un-ganadero-en-santa-marta\/"},"author":{"name":"Jordan Leandro Oviedo Anzola","@id":"https:\/\/www.fiscalia.gov.co\/colombia\/#\/schema\/person\/bf84402cf293a5393e9c70b111020b24"},"headline":"A la c\u00e1rcel fue enviado el empresario que habr\u00eda ordenado el homicidio de un ganadero en Santa Marta","datePublished":"2024-06-05T13:52:59+00:00","dateModified":"2024-06-05T13:52:59+00:00","mainEntityOfPage":{"@id":"https:\/\/www.fiscalia.gov.co\/colombia\/noticias\/a-la-carcel-fue-enviado-el-empresario-que-habria-ordenado-el-homicidio-de-un-ganadero-en-santa-marta\/"},"wordCount":343,"publisher":{"@id":"https:\/\/www.fiscalia.gov.co\/colombia\/#organization"},"image":{"@id":"https:\/\/www.fiscalia.gov.co\/colombia\/noticias\/a-la-carcel-fue-enviado-el-empresario-que-habria-ordenado-el-homicidio-de-un-ganadero-en-santa-marta\/#primaryimage"},"thumbnailUrl":"https:\/\/www.fiscalia.gov.co\/colombia\/wp-content\/uploads\/Fiscalia-obvtuvo-medida-intranural-para-Allan-Scalzo-Gomez-investigado-como-el-presunto-responsable-de-ordenar-el-asesinato-de-un-ganadero-y-bananero-de-30-anos.jpeg","keywords":["2 millones de pesos","Allan Scalzo G\u00f3mez","Asesinato","Crimen","determinador","Empresario","Fiscal\u00eda General de la Naci\u00f3n","Haled Yamal Saghair Granados","homicidio agaravdo","Santa Marta","Santa Marta (Magdalena)","Seccional Magdalena","Sicarios"],"articleSection":["Noticias","Seccional Santa Marta","Seccionales","Seguridad territorial"],"inLanguage":"es-CO"},{"@type":"WebPage","@id":"https:\/\/www.fiscalia.gov.co\/colombia\/noticias\/a-la-carcel-fue-enviado-el-empresario-que-habria-ordenado-el-homicidio-de-un-ganadero-en-santa-marta\/","url":"https:\/\/www.fiscalia.gov.co\/colombia\/noticias\/a-la-carcel-fue-enviado-el-empresario-que-habria-ordenado-el-homicidio-de-un-ganadero-en-santa-marta\/","name":"Fiscal\u00eda General de la Naci\u00f3n","isPartOf":{"@id":"https:\/\/www.fiscalia.gov.co\/colombia\/#website"},"primaryImageOfPage":{"@id":"https:\/\/www.fiscalia.gov.co\/colombia\/noticias\/a-la-carcel-fue-enviado-el-empresario-que-habria-ordenado-el-homicidio-de-un-ganadero-en-santa-marta\/#primaryimage"},"image":{"@id":"https:\/\/www.fiscalia.gov.co\/colombia\/noticias\/a-la-carcel-fue-enviado-el-empresario-que-habria-ordenado-el-homicidio-de-un-ganadero-en-santa-marta\/#primaryimage"},"thumbnailUrl":"https:\/\/www.fiscalia.gov.co\/colombia\/wp-content\/uploads\/Fiscalia-obvtuvo-medida-intranural-para-Allan-Scalzo-Gomez-investigado-como-el-presunto-responsable-de-ordenar-el-asesinato-de-un-ganadero-y-bananero-de-30-anos.jpeg","datePublished":"2024-06-05T13:52:59+00:00","dateModified":"2024-06-05T13:52:59+00:00","description":"P\u00e1gina oficial de la Fiscal\u00eda General de la Naci\u00f3n \u2013 Colombia. Garantizamos el acceso efectivo a la justicia, la verdad y la reparaci\u00f3n de las v\u00edctimas de los delitos.","breadcrumb":{"@id":"https:\/\/www.fiscalia.gov.co\/colombia\/noticias\/a-la-carcel-fue-enviado-el-empresario-que-habria-ordenado-el-homicidio-de-un-ganadero-en-santa-marta\/#breadcrumb"},"inLanguage":"es-CO","potentialAction":[{"@type":"ReadAction","target":["https:\/\/www.fiscalia.gov.co\/colombia\/noticias\/a-la-carcel-fue-enviado-el-empresario-que-habria-ordenado-el-homicidio-de-un-ganadero-en-santa-marta\/"]}]},{"@type":"ImageObject","inLanguage":"es-CO","@id":"https:\/\/www.fiscalia.gov.co\/colombia\/noticias\/a-la-carcel-fue-enviado-el-empresario-que-habria-ordenado-el-homicidio-de-un-ganadero-en-santa-marta\/#primaryimage","url":"https:\/\/www.fiscalia.gov.co\/colombia\/wp-content\/uploads\/Fiscalia-obvtuvo-medida-intranural-para-Allan-Scalzo-Gomez-investigado-como-el-presunto-responsable-de-ordenar-el-asesinato-de-un-ganadero-y-bananero-de-30-anos.jpeg","contentUrl":"https:\/\/www.fiscalia.gov.co\/colombia\/wp-content\/uploads\/Fiscalia-obvtuvo-medida-intranural-para-Allan-Scalzo-Gomez-investigado-como-el-presunto-responsable-de-ordenar-el-asesinato-de-un-ganadero-y-bananero-de-30-anos.jpeg","width":651,"height":900,"caption":"Fiscal\u00eda obvtuvo medida intranural para Allan Scalzo G\u00f3mez, investigado como el presunto responsable de ordenar el asesinato de un ganadero y bananero de 30 a\u00f1os."},{"@type":"BreadcrumbList","@id":"https:\/\/www.fiscalia.gov.co\/colombia\/noticias\/a-la-carcel-fue-enviado-el-empresario-que-habria-ordenado-el-homicidio-de-un-ganadero-en-santa-marta\/#breadcrumb","itemListElement":[{"@type":"ListItem","position":1,"name":"Home","item":"https:\/\/www.fiscalia.gov.co\/colombia\/"},{"@type":"ListItem","position":2,"name":"A la c\u00e1rcel fue enviado el empresario que habr\u00eda ordenado el homicidio de un ganadero en Santa Marta"}]},{"@type":"WebSite","@id":"https:\/\/www.fiscalia.gov.co\/colombia\/#website","url":"https:\/\/www.fiscalia.gov.co\/colombia\/","name":"Fiscal\u00eda General de la Naci\u00f3n","description":"P\u00e1gina oficial de la Fiscal\u00eda General de la Naci\u00f3n \u2013 Colombia. Garantizamos el acceso efectivo a la justicia, la verdad y la reparaci\u00f3n de las v\u00edctimas de los delitos.","publisher":{"@id":"https:\/\/www.fiscalia.gov.co\/colombia\/#organization"},"potentialAction":[{"@type":"SearchAction","target":{"@type":"EntryPoint","urlTemplate":"https:\/\/www.fiscalia.gov.co\/colombia\/?s={search_term_string}"},"query-input":{"@type":"PropertyValueSpecification","valueRequired":true,"valueName":"search_term_string"}}],"inLanguage":"es-CO"},{"@type":"Organization","@id":"https:\/\/www.fiscalia.gov.co\/colombia\/#organization","name":"Fiscal\u00eda General de la Naci\u00f3n","url":"https:\/\/www.fiscalia.gov.co\/colombia\/","logo":{"@type":"ImageObject","inLanguage":"es-CO","@id":"https:\/\/www.fiscalia.gov.co\/colombia\/#\/schema\/logo\/image\/","url":"https:\/\/www.fiscalia.gov.co\/colombia\/wp-content\/uploads\/LogoHorizontal_1.jpg","contentUrl":"https:\/\/www.fiscalia.gov.co\/colombia\/wp-content\/uploads\/LogoHorizontal_1.jpg","width":300,"height":90,"caption":"Fiscal\u00eda General de la Naci\u00f3n"},"image":{"@id":"https:\/\/www.fiscalia.gov.co\/colombia\/#\/schema\/logo\/image\/"},"sameAs":["https:\/\/www.facebook.com\/FiscaliaCol","https:\/\/x.com\/FiscaliaCol","https:\/\/www.instagram.com\/fiscaliacol","https:\/\/www.linkedin.com\/company\/fiscalia-general-de-la-naci-n\/","https:\/\/youtube.com\/@fiscaliageneraldelanacion-4668?si=6nN79nyQICPU5iTh"]},{"@type":"Person","@id":"https:\/\/www.fiscalia.gov.co\/colombia\/#\/schema\/person\/bf84402cf293a5393e9c70b111020b24","name":"Jordan Leandro Oviedo Anzola","image":{"@type":"ImageObject","inLanguage":"es-CO","@id":"https:\/\/www.fiscalia.gov.co\/colombia\/#\/schema\/person\/image\/","url":"https:\/\/secure.gravatar.com\/avatar\/dabba4346fa9b9207d96adafa8f92721?s=96&d=mm&r=g","contentUrl":"https:\/\/secure.gravatar.com\/avatar\/dabba4346fa9b9207d96adafa8f92721?s=96&d=mm&r=g","caption":"Jordan Leandro Oviedo Anzola"},"url":"https:\/\/www.fiscalia.gov.co\/colombia\/author\/joviedo\/"}]}},"_links":{"self":[{"href":"https:\/\/www.fiscalia.gov.co\/colombia\/wp-json\/wp\/v2\/posts\/296415","targetHints":{"allow":["GET"]}}],"collection":[{"href":"https:\/\/www.fiscalia.gov.co\/colombia\/wp-json\/wp\/v2\/posts"}],"about":[{"href":"https:\/\/www.fiscalia.gov.co\/colombia\/wp-json\/wp\/v2\/types\/post"}],"author":[{"embeddable":true,"href":"https:\/\/www.fiscalia.gov.co\/colombia\/wp-json\/wp\/v2\/users\/177"}],"replies":[{"embeddable":true,"href":"https:\/\/www.fiscalia.gov.co\/colombia\/wp-json\/wp\/v2\/comments?post=296415"}],"version-history":[{"count":1,"href":"https:\/\/www.fiscalia.gov.co\/colombia\/wp-json\/wp\/v2\/posts\/296415\/revisions"}],"predecessor-version":[{"id":296417,"href":"https:\/\/www.fiscalia.gov.co\/colombia\/wp-json\/wp\/v2\/posts\/296415\/revisions\/296417"}],"wp:attachment":[{"href":"https:\/\/www.fiscalia.gov.co\/colombia\/wp-json\/wp\/v2\/media?parent=296415"}],"wp:term":[{"taxonomy":"category","embeddable":true,"href":"https:\/\/www.fiscalia.gov.co\/colombia\/wp-json\/wp\/v2\/categories?post=296415"},{"taxonomy":"post_tag","embeddable":true,"href":"https:\/\/www.fiscalia.gov.co\/colombia\/wp-json\/wp\/v2\/tags?post=296415"}],"curies":[{"name":"wp","href":"https:\/\/api.w.org\/{rel}","templated":true}]}}