{"id":296412,"date":"2024-06-05T08:46:20","date_gmt":"2024-06-05T13:46:20","guid":{"rendered":"https:\/\/www.fiscalia.gov.co\/colombia\/?p=296412"},"modified":"2024-06-05T08:46:20","modified_gmt":"2024-06-05T13:46:20","slug":"judicializada-mujer-investigada-por-intentar-asesinar-a-su-hijo-de-ocho-dias-de-nacido","status":"publish","type":"post","link":"https:\/\/www.fiscalia.gov.co\/colombia\/noticias\/judicializada-mujer-investigada-por-intentar-asesinar-a-su-hijo-de-ocho-dias-de-nacido\/","title":{"rendered":"Judicializada mujer investigada por intentar asesinar a su hijo de ocho d\u00edas de nacido"},"content":{"rendered":"<h4 style=\"text-align: center;\"><strong><i>De acuerdo con la indagaci\u00f3n, la imputada habr\u00eda mordido, golpeado y tratado de ahogar al beb\u00e9.<\/i><\/strong><\/h4>\n<p>La Fiscal\u00eda General de la Naci\u00f3n judicializ\u00f3 a una mujer de 23 a\u00f1os que <strong>habr\u00eda intentado asesinar a su beb\u00e9 de 8 d\u00edas de nacido.<\/strong><\/p>\n<figure id=\"attachment_296413\" aria-describedby=\"caption-attachment-296413\" style=\"width: 696px\" class=\"wp-caption aligncenter\"><img loading=\"lazy\" decoding=\"async\" class=\"size-large wp-image-296413\" src=\"https:\/\/www.fiscalia.gov.co\/colombia\/wp-content\/uploads\/La-Fiscalia-General-de-la-Nacion-judicializo-a-una-mujer-de-23-anos-que-habria-intentado-asesinar-a-su-bebe-de-8-dias-de-nacido-1006x1024.jpeg\" alt=\"Dos funcionarios de la Polic\u00eda Nacional custodian a la procesada se\u00f1alada del intento de homicidio de su beb\u00e9 de 8 d\u00edas de nacido. \" width=\"696\" height=\"708\" srcset=\"https:\/\/www.fiscalia.gov.co\/colombia\/wp-content\/uploads\/La-Fiscalia-General-de-la-Nacion-judicializo-a-una-mujer-de-23-anos-que-habria-intentado-asesinar-a-su-bebe-de-8-dias-de-nacido-1006x1024.jpeg 1006w, https:\/\/www.fiscalia.gov.co\/colombia\/wp-content\/uploads\/La-Fiscalia-General-de-la-Nacion-judicializo-a-una-mujer-de-23-anos-que-habria-intentado-asesinar-a-su-bebe-de-8-dias-de-nacido-295x300.jpeg 295w, https:\/\/www.fiscalia.gov.co\/colombia\/wp-content\/uploads\/La-Fiscalia-General-de-la-Nacion-judicializo-a-una-mujer-de-23-anos-que-habria-intentado-asesinar-a-su-bebe-de-8-dias-de-nacido-768x782.jpeg 768w, https:\/\/www.fiscalia.gov.co\/colombia\/wp-content\/uploads\/La-Fiscalia-General-de-la-Nacion-judicializo-a-una-mujer-de-23-anos-que-habria-intentado-asesinar-a-su-bebe-de-8-dias-de-nacido-696x709.jpeg 696w, https:\/\/www.fiscalia.gov.co\/colombia\/wp-content\/uploads\/La-Fiscalia-General-de-la-Nacion-judicializo-a-una-mujer-de-23-anos-que-habria-intentado-asesinar-a-su-bebe-de-8-dias-de-nacido-1068x1087.jpeg 1068w, https:\/\/www.fiscalia.gov.co\/colombia\/wp-content\/uploads\/La-Fiscalia-General-de-la-Nacion-judicializo-a-una-mujer-de-23-anos-que-habria-intentado-asesinar-a-su-bebe-de-8-dias-de-nacido-413x420.jpeg 413w, https:\/\/www.fiscalia.gov.co\/colombia\/wp-content\/uploads\/La-Fiscalia-General-de-la-Nacion-judicializo-a-una-mujer-de-23-anos-que-habria-intentado-asesinar-a-su-bebe-de-8-dias-de-nacido.jpeg 1222w\" sizes=\"auto, (max-width: 696px) 100vw, 696px\" \/><figcaption id=\"caption-attachment-296413\" class=\"wp-caption-text\">La Fiscal\u00eda General de la Naci\u00f3n judicializ\u00f3 a una mujer de 23 a\u00f1os que habr\u00eda intentado asesinar a su beb\u00e9 de 8 d\u00edas de nacido.<\/figcaption><\/figure>\n<p>La investigaci\u00f3n, liderada por una fiscal adscrita a la Seccional Atl\u00e1ntico, permiti\u00f3 establecer que <a href=\"https:\/\/www.fiscalia.gov.co\/colombia\/noticias\/carcel-para-un-mujer-que-al-parecer-habria-sometido-a-su-hijo-de-seis-meses-a-maltratos-fisicos-en-paz-de-ariporo-casanare\/\"><strong>el pasado 29 de mayo la hoy procesada, al parecer, mordi\u00f3, golpe\u00f3 e intent\u00f3 ahogar a su hijo.<\/strong><\/a><\/p>\n<p>El padre de la v\u00edctima intervino para evitar las agresiones, pero la procesada lo habr\u00eda golpeado en su rostro y cuerpo.<\/p>\n<p><strong>El beb\u00e9 se encuentra en una Unidad de Cuidados Intensivos (UCI) de la capital del Atl\u00e1ntico, bajo pron\u00f3stico reservado.<\/strong><\/p>\n<p>Funcionarios de la Polic\u00eda Nacional materializaron capturaron a la mujer en flagrancia, en v\u00eda p\u00fablica del barrio Conidec, al suroccidente de Barranquilla.<\/p>\n<p>La Fiscal\u00eda le imput\u00f3 a la mujer los delitos de tentativa de homicidio agravado y violencia intrafamiliar, los cuales no acept\u00f3.<\/p>\n<p>La Fiscal\u00eda hace p\u00fablica esta informaci\u00f3n por razones de inter\u00e9s general.<\/p>\n<p>&nbsp;<\/p>\n<p>&nbsp;<\/p>\n<p>&nbsp;<\/p>\n<p>&nbsp;<\/p>\n<p>&nbsp;<\/p>\n<p>SKCR\/AMCJ\/MAGA\/IAC\/WFOJ\/DSA<\/p>\n<p>&nbsp;<\/p>\n<p>&nbsp;<\/p>\n<p>&nbsp;<\/p>\n<p>&nbsp;<\/p>\n<p>&nbsp;<\/p>\n<div class=\"td-post-content tagdiv-type\">\n<div class=\"td-post-content tagdiv-type\">\n<div class=\"td-post-content tagdiv-type\">\n<div class=\"td-post-content tagdiv-type\">\n<p><em>La informaci\u00f3n contenida en este bolet\u00edn de prensa corresponde a la narraci\u00f3n de los hechos noticiosos objetivos, suministrados por los funcionarios encargados de adelantar las investigaciones penales al interior de la Fiscal\u00eda General de la Naci\u00f3n. Para el momento de la divulgaci\u00f3n de este comunicado, la situaci\u00f3n jur\u00eddica de la(s) persona(s) relacionada(s) se encuentra pendiente de resolver por la autoridad judicial competente, siempre bajo los preceptos de la presunci\u00f3n de inocencia, consagrados en el art\u00edculo 29 de la Constituci\u00f3n Pol\u00edtica y el art\u00edculo 7\u00ba de la Ley 906 de 2004.<\/em><\/p>\n<\/div>\n<\/div>\n<\/div>\n<\/div>\n\n<div class=\"twitter-share\"><a href=\"https:\/\/twitter.com\/intent\/tweet?via=fiscaliacol\" class=\"twitter-share-button\">Tweet<\/a><\/div>\n","protected":false},"excerpt":{"rendered":"<p>De acuerdo con la indagaci\u00f3n, la imputada habr\u00eda mordido, golpeado y tratado de ahogar al beb\u00e9. La Fiscal\u00eda General de la Naci\u00f3n judicializ\u00f3 a una mujer de 23 a\u00f1os que habr\u00eda intentado asesinar a su beb\u00e9 de 8 d\u00edas de nacido. La investigaci\u00f3n, liderada por una fiscal adscrita a la Seccional Atl\u00e1ntico, permiti\u00f3 establecer que [&hellip;]<\/p>\n","protected":false},"author":177,"featured_media":0,"comment_status":"closed","ping_status":"open","sticky":false,"template":"","format":"standard","meta":{"_price":"","_stock":"","_tribe_ticket_header":"","_tribe_default_ticket_provider":"","_tribe_ticket_capacity":"0","_ticket_start_date":"","_ticket_end_date":"","_tribe_ticket_show_description":"","_tribe_ticket_show_not_going":false,"_tribe_ticket_use_global_stock":"","_tribe_ticket_global_stock_level":"","_global_stock_mode":"","_global_stock_cap":"","_tribe_rsvp_for_event":"","_tribe_ticket_going_count":"","_tribe_ticket_not_going_count":"","_tribe_tickets_list":"[]","_tribe_ticket_has_attendee_info_fields":false,"tdm_status":"","tdm_grid_status":"","footnotes":""},"categories":[1,320,303,24099],"tags":[37989,14298,37990,23982,2165,31715,17581,16756,26942,932,29687,2067,2796,27199,479],"class_list":{"0":"post-296412","1":"post","2":"type-post","3":"status-publish","4":"format-standard","6":"category-noticias","7":"category-seccional-barranquilla","8":"category-seccionales","9":"category-seguridad-territorial","10":"tag-8-dias-de-nacido","11":"tag-agresion","12":"tag-ahogar","13":"tag-barranquilla-atlantico","14":"tag-bebe","15":"tag-golpear","16":"tag-hijo","17":"tag-madre","18":"tag-mama","19":"tag-mensor-de-edad","20":"tag-morder","21":"tag-mujer","22":"tag-recien-nacido","23":"tag-seccional-atlantico","24":"tag-tentativa-de-homicidio"},"yoast_head":"<!-- This site is optimized with the Yoast SEO plugin v24.3 - https:\/\/yoast.com\/wordpress\/plugins\/seo\/ -->\n<title>Fiscal\u00eda General de la Naci\u00f3n<\/title>\n<meta name=\"description\" content=\"P\u00e1gina oficial de la Fiscal\u00eda General de la Naci\u00f3n \u2013 Colombia. Garantizamos el acceso efectivo a la justicia, la verdad y la reparaci\u00f3n de las v\u00edctimas de los delitos.\" \/>\n<meta name=\"robots\" content=\"noindex, follow\" \/>\n<meta property=\"og:locale\" content=\"es_ES\" \/>\n<meta property=\"og:type\" content=\"article\" \/>\n<meta property=\"og:title\" content=\"Fiscal\u00eda General de la Naci\u00f3n\" \/>\n<meta property=\"og:description\" content=\"P\u00e1gina oficial de la Fiscal\u00eda General de la Naci\u00f3n \u2013 Colombia. Garantizamos el acceso efectivo a la justicia, la verdad y la reparaci\u00f3n de las v\u00edctimas de los delitos.\" \/>\n<meta property=\"og:url\" content=\"https:\/\/www.fiscalia.gov.co\/colombia\/noticias\/judicializada-mujer-investigada-por-intentar-asesinar-a-su-hijo-de-ocho-dias-de-nacido\/\" \/>\n<meta property=\"og:site_name\" content=\"Fiscal\u00eda General de la Naci\u00f3n\" \/>\n<meta property=\"article:publisher\" content=\"https:\/\/www.facebook.com\/FiscaliaCol\" \/>\n<meta property=\"article:published_time\" content=\"2024-06-05T13:46:20+00:00\" \/>\n<meta property=\"og:image\" content=\"https:\/\/www.fiscalia.gov.co\/colombia\/wp-content\/uploads\/La-Fiscalia-General-de-la-Nacion-judicializo-a-una-mujer-de-23-anos-que-habria-intentado-asesinar-a-su-bebe-de-8-dias-de-nacido-1006x1024.jpeg\" \/>\n<meta name=\"author\" content=\"Jordan Leandro Oviedo Anzola\" \/>\n<meta name=\"twitter:card\" content=\"summary_large_image\" \/>\n<meta name=\"twitter:creator\" content=\"@FiscaliaCol\" \/>\n<meta name=\"twitter:site\" content=\"@FiscaliaCol\" \/>\n<meta name=\"twitter:label1\" content=\"Escrito por\" \/>\n\t<meta name=\"twitter:data1\" content=\"Jordan Leandro Oviedo Anzola\" \/>\n\t<meta name=\"twitter:label2\" content=\"Tiempo de lectura\" \/>\n\t<meta name=\"twitter:data2\" content=\"2 minutos\" \/>\n<script type=\"application\/ld+json\" class=\"yoast-schema-graph\">{\"@context\":\"https:\/\/schema.org\",\"@graph\":[{\"@type\":\"Article\",\"@id\":\"https:\/\/www.fiscalia.gov.co\/colombia\/noticias\/judicializada-mujer-investigada-por-intentar-asesinar-a-su-hijo-de-ocho-dias-de-nacido\/#article\",\"isPartOf\":{\"@id\":\"https:\/\/www.fiscalia.gov.co\/colombia\/noticias\/judicializada-mujer-investigada-por-intentar-asesinar-a-su-hijo-de-ocho-dias-de-nacido\/\"},\"author\":{\"name\":\"Jordan Leandro Oviedo Anzola\",\"@id\":\"https:\/\/www.fiscalia.gov.co\/colombia\/#\/schema\/person\/bf84402cf293a5393e9c70b111020b24\"},\"headline\":\"Judicializada mujer investigada por intentar asesinar a su hijo de ocho d\u00edas de nacido\",\"datePublished\":\"2024-06-05T13:46:20+00:00\",\"dateModified\":\"2024-06-05T13:46:20+00:00\",\"mainEntityOfPage\":{\"@id\":\"https:\/\/www.fiscalia.gov.co\/colombia\/noticias\/judicializada-mujer-investigada-por-intentar-asesinar-a-su-hijo-de-ocho-dias-de-nacido\/\"},\"wordCount\":353,\"publisher\":{\"@id\":\"https:\/\/www.fiscalia.gov.co\/colombia\/#organization\"},\"image\":{\"@id\":\"https:\/\/www.fiscalia.gov.co\/colombia\/noticias\/judicializada-mujer-investigada-por-intentar-asesinar-a-su-hijo-de-ocho-dias-de-nacido\/#primaryimage\"},\"thumbnailUrl\":\"https:\/\/www.fiscalia.gov.co\/colombia\/wp-content\/uploads\/La-Fiscalia-General-de-la-Nacion-judicializo-a-una-mujer-de-23-anos-que-habria-intentado-asesinar-a-su-bebe-de-8-dias-de-nacido-1006x1024.jpeg\",\"keywords\":[\"8 d\u00edas de nacido\",\"Agresi\u00f3n\",\"ahogar\",\"Barranquilla (Atl\u00e1ntico)\",\"Beb\u00e9\",\"Golpear\",\"Hijo\",\"Madre\",\"Mam\u00e1\",\"Menor de edad\",\"morder\",\"Mujer\",\"Reci\u00e9n nacido\",\"Seccional Atl\u00e1ntico\",\"Tentativa de homicidio\"],\"articleSection\":[\"Noticias\",\"Seccional Barranquilla\",\"Seccionales\",\"Seguridad territorial\"],\"inLanguage\":\"es-CO\"},{\"@type\":\"WebPage\",\"@id\":\"https:\/\/www.fiscalia.gov.co\/colombia\/noticias\/judicializada-mujer-investigada-por-intentar-asesinar-a-su-hijo-de-ocho-dias-de-nacido\/\",\"url\":\"https:\/\/www.fiscalia.gov.co\/colombia\/noticias\/judicializada-mujer-investigada-por-intentar-asesinar-a-su-hijo-de-ocho-dias-de-nacido\/\",\"name\":\"Fiscal\u00eda General de la Naci\u00f3n\",\"isPartOf\":{\"@id\":\"https:\/\/www.fiscalia.gov.co\/colombia\/#website\"},\"primaryImageOfPage\":{\"@id\":\"https:\/\/www.fiscalia.gov.co\/colombia\/noticias\/judicializada-mujer-investigada-por-intentar-asesinar-a-su-hijo-de-ocho-dias-de-nacido\/#primaryimage\"},\"image\":{\"@id\":\"https:\/\/www.fiscalia.gov.co\/colombia\/noticias\/judicializada-mujer-investigada-por-intentar-asesinar-a-su-hijo-de-ocho-dias-de-nacido\/#primaryimage\"},\"thumbnailUrl\":\"https:\/\/www.fiscalia.gov.co\/colombia\/wp-content\/uploads\/La-Fiscalia-General-de-la-Nacion-judicializo-a-una-mujer-de-23-anos-que-habria-intentado-asesinar-a-su-bebe-de-8-dias-de-nacido-1006x1024.jpeg\",\"datePublished\":\"2024-06-05T13:46:20+00:00\",\"dateModified\":\"2024-06-05T13:46:20+00:00\",\"description\":\"P\u00e1gina oficial de la Fiscal\u00eda General de la Naci\u00f3n \u2013 Colombia. Garantizamos el acceso efectivo a la justicia, la verdad y la reparaci\u00f3n de las v\u00edctimas de los delitos.\",\"breadcrumb\":{\"@id\":\"https:\/\/www.fiscalia.gov.co\/colombia\/noticias\/judicializada-mujer-investigada-por-intentar-asesinar-a-su-hijo-de-ocho-dias-de-nacido\/#breadcrumb\"},\"inLanguage\":\"es-CO\",\"potentialAction\":[{\"@type\":\"ReadAction\",\"target\":[\"https:\/\/www.fiscalia.gov.co\/colombia\/noticias\/judicializada-mujer-investigada-por-intentar-asesinar-a-su-hijo-de-ocho-dias-de-nacido\/\"]}]},{\"@type\":\"ImageObject\",\"inLanguage\":\"es-CO\",\"@id\":\"https:\/\/www.fiscalia.gov.co\/colombia\/noticias\/judicializada-mujer-investigada-por-intentar-asesinar-a-su-hijo-de-ocho-dias-de-nacido\/#primaryimage\",\"url\":\"https:\/\/www.fiscalia.gov.co\/colombia\/wp-content\/uploads\/La-Fiscalia-General-de-la-Nacion-judicializo-a-una-mujer-de-23-anos-que-habria-intentado-asesinar-a-su-bebe-de-8-dias-de-nacido-1006x1024.jpeg\",\"contentUrl\":\"https:\/\/www.fiscalia.gov.co\/colombia\/wp-content\/uploads\/La-Fiscalia-General-de-la-Nacion-judicializo-a-una-mujer-de-23-anos-que-habria-intentado-asesinar-a-su-bebe-de-8-dias-de-nacido-1006x1024.jpeg\"},{\"@type\":\"BreadcrumbList\",\"@id\":\"https:\/\/www.fiscalia.gov.co\/colombia\/noticias\/judicializada-mujer-investigada-por-intentar-asesinar-a-su-hijo-de-ocho-dias-de-nacido\/#breadcrumb\",\"itemListElement\":[{\"@type\":\"ListItem\",\"position\":1,\"name\":\"Home\",\"item\":\"https:\/\/www.fiscalia.gov.co\/colombia\/\"},{\"@type\":\"ListItem\",\"position\":2,\"name\":\"Judicializada mujer investigada por intentar asesinar a su hijo de ocho d\u00edas de nacido\"}]},{\"@type\":\"WebSite\",\"@id\":\"https:\/\/www.fiscalia.gov.co\/colombia\/#website\",\"url\":\"https:\/\/www.fiscalia.gov.co\/colombia\/\",\"name\":\"Fiscal\u00eda General de la Naci\u00f3n\",\"description\":\"P\u00e1gina oficial de la Fiscal\u00eda General de la Naci\u00f3n \u2013 Colombia. Garantizamos el acceso efectivo a la justicia, la verdad y la reparaci\u00f3n de las v\u00edctimas de los delitos.\",\"publisher\":{\"@id\":\"https:\/\/www.fiscalia.gov.co\/colombia\/#organization\"},\"potentialAction\":[{\"@type\":\"SearchAction\",\"target\":{\"@type\":\"EntryPoint\",\"urlTemplate\":\"https:\/\/www.fiscalia.gov.co\/colombia\/?s={search_term_string}\"},\"query-input\":{\"@type\":\"PropertyValueSpecification\",\"valueRequired\":true,\"valueName\":\"search_term_string\"}}],\"inLanguage\":\"es-CO\"},{\"@type\":\"Organization\",\"@id\":\"https:\/\/www.fiscalia.gov.co\/colombia\/#organization\",\"name\":\"Fiscal\u00eda General de la Naci\u00f3n\",\"url\":\"https:\/\/www.fiscalia.gov.co\/colombia\/\",\"logo\":{\"@type\":\"ImageObject\",\"inLanguage\":\"es-CO\",\"@id\":\"https:\/\/www.fiscalia.gov.co\/colombia\/#\/schema\/logo\/image\/\",\"url\":\"https:\/\/www.fiscalia.gov.co\/colombia\/wp-content\/uploads\/LogoHorizontal_1.jpg\",\"contentUrl\":\"https:\/\/www.fiscalia.gov.co\/colombia\/wp-content\/uploads\/LogoHorizontal_1.jpg\",\"width\":300,\"height\":90,\"caption\":\"Fiscal\u00eda General de la Naci\u00f3n\"},\"image\":{\"@id\":\"https:\/\/www.fiscalia.gov.co\/colombia\/#\/schema\/logo\/image\/\"},\"sameAs\":[\"https:\/\/www.facebook.com\/FiscaliaCol\",\"https:\/\/x.com\/FiscaliaCol\",\"https:\/\/www.instagram.com\/fiscaliacol\",\"https:\/\/www.linkedin.com\/company\/fiscalia-general-de-la-naci-n\/\",\"https:\/\/youtube.com\/@fiscaliageneraldelanacion-4668?si=6nN79nyQICPU5iTh\"]},{\"@type\":\"Person\",\"@id\":\"https:\/\/www.fiscalia.gov.co\/colombia\/#\/schema\/person\/bf84402cf293a5393e9c70b111020b24\",\"name\":\"Jordan Leandro Oviedo Anzola\",\"image\":{\"@type\":\"ImageObject\",\"inLanguage\":\"es-CO\",\"@id\":\"https:\/\/www.fiscalia.gov.co\/colombia\/#\/schema\/person\/image\/\",\"url\":\"https:\/\/secure.gravatar.com\/avatar\/dabba4346fa9b9207d96adafa8f92721?s=96&d=mm&r=g\",\"contentUrl\":\"https:\/\/secure.gravatar.com\/avatar\/dabba4346fa9b9207d96adafa8f92721?s=96&d=mm&r=g\",\"caption\":\"Jordan Leandro Oviedo Anzola\"},\"url\":\"https:\/\/www.fiscalia.gov.co\/colombia\/author\/joviedo\/\"}]}<\/script>\n<!-- \/ Yoast SEO plugin. -->","yoast_head_json":{"title":"Fiscal\u00eda General de la Naci\u00f3n","description":"P\u00e1gina oficial de la Fiscal\u00eda General de la Naci\u00f3n \u2013 Colombia. Garantizamos el acceso efectivo a la justicia, la verdad y la reparaci\u00f3n de las v\u00edctimas de los delitos.","robots":{"index":"noindex","follow":"follow"},"og_locale":"es_ES","og_type":"article","og_title":"Fiscal\u00eda General de la Naci\u00f3n","og_description":"P\u00e1gina oficial de la Fiscal\u00eda General de la Naci\u00f3n \u2013 Colombia. Garantizamos el acceso efectivo a la justicia, la verdad y la reparaci\u00f3n de las v\u00edctimas de los delitos.","og_url":"https:\/\/www.fiscalia.gov.co\/colombia\/noticias\/judicializada-mujer-investigada-por-intentar-asesinar-a-su-hijo-de-ocho-dias-de-nacido\/","og_site_name":"Fiscal\u00eda General de la Naci\u00f3n","article_publisher":"https:\/\/www.facebook.com\/FiscaliaCol","article_published_time":"2024-06-05T13:46:20+00:00","og_image":[{"url":"https:\/\/www.fiscalia.gov.co\/colombia\/wp-content\/uploads\/La-Fiscalia-General-de-la-Nacion-judicializo-a-una-mujer-de-23-anos-que-habria-intentado-asesinar-a-su-bebe-de-8-dias-de-nacido-1006x1024.jpeg","type":"","width":"","height":""}],"author":"Jordan Leandro Oviedo Anzola","twitter_card":"summary_large_image","twitter_creator":"@FiscaliaCol","twitter_site":"@FiscaliaCol","twitter_misc":{"Escrito por":"Jordan Leandro Oviedo Anzola","Tiempo de lectura":"2 minutos"},"schema":{"@context":"https:\/\/schema.org","@graph":[{"@type":"Article","@id":"https:\/\/www.fiscalia.gov.co\/colombia\/noticias\/judicializada-mujer-investigada-por-intentar-asesinar-a-su-hijo-de-ocho-dias-de-nacido\/#article","isPartOf":{"@id":"https:\/\/www.fiscalia.gov.co\/colombia\/noticias\/judicializada-mujer-investigada-por-intentar-asesinar-a-su-hijo-de-ocho-dias-de-nacido\/"},"author":{"name":"Jordan Leandro Oviedo Anzola","@id":"https:\/\/www.fiscalia.gov.co\/colombia\/#\/schema\/person\/bf84402cf293a5393e9c70b111020b24"},"headline":"Judicializada mujer investigada por intentar asesinar a su hijo de ocho d\u00edas de nacido","datePublished":"2024-06-05T13:46:20+00:00","dateModified":"2024-06-05T13:46:20+00:00","mainEntityOfPage":{"@id":"https:\/\/www.fiscalia.gov.co\/colombia\/noticias\/judicializada-mujer-investigada-por-intentar-asesinar-a-su-hijo-de-ocho-dias-de-nacido\/"},"wordCount":353,"publisher":{"@id":"https:\/\/www.fiscalia.gov.co\/colombia\/#organization"},"image":{"@id":"https:\/\/www.fiscalia.gov.co\/colombia\/noticias\/judicializada-mujer-investigada-por-intentar-asesinar-a-su-hijo-de-ocho-dias-de-nacido\/#primaryimage"},"thumbnailUrl":"https:\/\/www.fiscalia.gov.co\/colombia\/wp-content\/uploads\/La-Fiscalia-General-de-la-Nacion-judicializo-a-una-mujer-de-23-anos-que-habria-intentado-asesinar-a-su-bebe-de-8-dias-de-nacido-1006x1024.jpeg","keywords":["8 d\u00edas de nacido","Agresi\u00f3n","ahogar","Barranquilla (Atl\u00e1ntico)","Beb\u00e9","Golpear","Hijo","Madre","Mam\u00e1","Menor de edad","morder","Mujer","Reci\u00e9n nacido","Seccional Atl\u00e1ntico","Tentativa de homicidio"],"articleSection":["Noticias","Seccional Barranquilla","Seccionales","Seguridad territorial"],"inLanguage":"es-CO"},{"@type":"WebPage","@id":"https:\/\/www.fiscalia.gov.co\/colombia\/noticias\/judicializada-mujer-investigada-por-intentar-asesinar-a-su-hijo-de-ocho-dias-de-nacido\/","url":"https:\/\/www.fiscalia.gov.co\/colombia\/noticias\/judicializada-mujer-investigada-por-intentar-asesinar-a-su-hijo-de-ocho-dias-de-nacido\/","name":"Fiscal\u00eda General de la Naci\u00f3n","isPartOf":{"@id":"https:\/\/www.fiscalia.gov.co\/colombia\/#website"},"primaryImageOfPage":{"@id":"https:\/\/www.fiscalia.gov.co\/colombia\/noticias\/judicializada-mujer-investigada-por-intentar-asesinar-a-su-hijo-de-ocho-dias-de-nacido\/#primaryimage"},"image":{"@id":"https:\/\/www.fiscalia.gov.co\/colombia\/noticias\/judicializada-mujer-investigada-por-intentar-asesinar-a-su-hijo-de-ocho-dias-de-nacido\/#primaryimage"},"thumbnailUrl":"https:\/\/www.fiscalia.gov.co\/colombia\/wp-content\/uploads\/La-Fiscalia-General-de-la-Nacion-judicializo-a-una-mujer-de-23-anos-que-habria-intentado-asesinar-a-su-bebe-de-8-dias-de-nacido-1006x1024.jpeg","datePublished":"2024-06-05T13:46:20+00:00","dateModified":"2024-06-05T13:46:20+00:00","description":"P\u00e1gina oficial de la Fiscal\u00eda General de la Naci\u00f3n \u2013 Colombia. Garantizamos el acceso efectivo a la justicia, la verdad y la reparaci\u00f3n de las v\u00edctimas de los delitos.","breadcrumb":{"@id":"https:\/\/www.fiscalia.gov.co\/colombia\/noticias\/judicializada-mujer-investigada-por-intentar-asesinar-a-su-hijo-de-ocho-dias-de-nacido\/#breadcrumb"},"inLanguage":"es-CO","potentialAction":[{"@type":"ReadAction","target":["https:\/\/www.fiscalia.gov.co\/colombia\/noticias\/judicializada-mujer-investigada-por-intentar-asesinar-a-su-hijo-de-ocho-dias-de-nacido\/"]}]},{"@type":"ImageObject","inLanguage":"es-CO","@id":"https:\/\/www.fiscalia.gov.co\/colombia\/noticias\/judicializada-mujer-investigada-por-intentar-asesinar-a-su-hijo-de-ocho-dias-de-nacido\/#primaryimage","url":"https:\/\/www.fiscalia.gov.co\/colombia\/wp-content\/uploads\/La-Fiscalia-General-de-la-Nacion-judicializo-a-una-mujer-de-23-anos-que-habria-intentado-asesinar-a-su-bebe-de-8-dias-de-nacido-1006x1024.jpeg","contentUrl":"https:\/\/www.fiscalia.gov.co\/colombia\/wp-content\/uploads\/La-Fiscalia-General-de-la-Nacion-judicializo-a-una-mujer-de-23-anos-que-habria-intentado-asesinar-a-su-bebe-de-8-dias-de-nacido-1006x1024.jpeg"},{"@type":"BreadcrumbList","@id":"https:\/\/www.fiscalia.gov.co\/colombia\/noticias\/judicializada-mujer-investigada-por-intentar-asesinar-a-su-hijo-de-ocho-dias-de-nacido\/#breadcrumb","itemListElement":[{"@type":"ListItem","position":1,"name":"Home","item":"https:\/\/www.fiscalia.gov.co\/colombia\/"},{"@type":"ListItem","position":2,"name":"Judicializada mujer investigada por intentar asesinar a su hijo de ocho d\u00edas de nacido"}]},{"@type":"WebSite","@id":"https:\/\/www.fiscalia.gov.co\/colombia\/#website","url":"https:\/\/www.fiscalia.gov.co\/colombia\/","name":"Fiscal\u00eda General de la Naci\u00f3n","description":"P\u00e1gina oficial de la Fiscal\u00eda General de la Naci\u00f3n \u2013 Colombia. Garantizamos el acceso efectivo a la justicia, la verdad y la reparaci\u00f3n de las v\u00edctimas de los delitos.","publisher":{"@id":"https:\/\/www.fiscalia.gov.co\/colombia\/#organization"},"potentialAction":[{"@type":"SearchAction","target":{"@type":"EntryPoint","urlTemplate":"https:\/\/www.fiscalia.gov.co\/colombia\/?s={search_term_string}"},"query-input":{"@type":"PropertyValueSpecification","valueRequired":true,"valueName":"search_term_string"}}],"inLanguage":"es-CO"},{"@type":"Organization","@id":"https:\/\/www.fiscalia.gov.co\/colombia\/#organization","name":"Fiscal\u00eda General de la Naci\u00f3n","url":"https:\/\/www.fiscalia.gov.co\/colombia\/","logo":{"@type":"ImageObject","inLanguage":"es-CO","@id":"https:\/\/www.fiscalia.gov.co\/colombia\/#\/schema\/logo\/image\/","url":"https:\/\/www.fiscalia.gov.co\/colombia\/wp-content\/uploads\/LogoHorizontal_1.jpg","contentUrl":"https:\/\/www.fiscalia.gov.co\/colombia\/wp-content\/uploads\/LogoHorizontal_1.jpg","width":300,"height":90,"caption":"Fiscal\u00eda General de la Naci\u00f3n"},"image":{"@id":"https:\/\/www.fiscalia.gov.co\/colombia\/#\/schema\/logo\/image\/"},"sameAs":["https:\/\/www.facebook.com\/FiscaliaCol","https:\/\/x.com\/FiscaliaCol","https:\/\/www.instagram.com\/fiscaliacol","https:\/\/www.linkedin.com\/company\/fiscalia-general-de-la-naci-n\/","https:\/\/youtube.com\/@fiscaliageneraldelanacion-4668?si=6nN79nyQICPU5iTh"]},{"@type":"Person","@id":"https:\/\/www.fiscalia.gov.co\/colombia\/#\/schema\/person\/bf84402cf293a5393e9c70b111020b24","name":"Jordan Leandro Oviedo Anzola","image":{"@type":"ImageObject","inLanguage":"es-CO","@id":"https:\/\/www.fiscalia.gov.co\/colombia\/#\/schema\/person\/image\/","url":"https:\/\/secure.gravatar.com\/avatar\/dabba4346fa9b9207d96adafa8f92721?s=96&d=mm&r=g","contentUrl":"https:\/\/secure.gravatar.com\/avatar\/dabba4346fa9b9207d96adafa8f92721?s=96&d=mm&r=g","caption":"Jordan Leandro Oviedo Anzola"},"url":"https:\/\/www.fiscalia.gov.co\/colombia\/author\/joviedo\/"}]}},"_links":{"self":[{"href":"https:\/\/www.fiscalia.gov.co\/colombia\/wp-json\/wp\/v2\/posts\/296412","targetHints":{"allow":["GET"]}}],"collection":[{"href":"https:\/\/www.fiscalia.gov.co\/colombia\/wp-json\/wp\/v2\/posts"}],"about":[{"href":"https:\/\/www.fiscalia.gov.co\/colombia\/wp-json\/wp\/v2\/types\/post"}],"author":[{"embeddable":true,"href":"https:\/\/www.fiscalia.gov.co\/colombia\/wp-json\/wp\/v2\/users\/177"}],"replies":[{"embeddable":true,"href":"https:\/\/www.fiscalia.gov.co\/colombia\/wp-json\/wp\/v2\/comments?post=296412"}],"version-history":[{"count":1,"href":"https:\/\/www.fiscalia.gov.co\/colombia\/wp-json\/wp\/v2\/posts\/296412\/revisions"}],"predecessor-version":[{"id":296414,"href":"https:\/\/www.fiscalia.gov.co\/colombia\/wp-json\/wp\/v2\/posts\/296412\/revisions\/296414"}],"wp:attachment":[{"href":"https:\/\/www.fiscalia.gov.co\/colombia\/wp-json\/wp\/v2\/media?parent=296412"}],"wp:term":[{"taxonomy":"category","embeddable":true,"href":"https:\/\/www.fiscalia.gov.co\/colombia\/wp-json\/wp\/v2\/categories?post=296412"},{"taxonomy":"post_tag","embeddable":true,"href":"https:\/\/www.fiscalia.gov.co\/colombia\/wp-json\/wp\/v2\/tags?post=296412"}],"curies":[{"name":"wp","href":"https:\/\/api.w.org\/{rel}","templated":true}]}}