{"id":296383,"date":"2024-06-04T16:08:44","date_gmt":"2024-06-04T21:08:44","guid":{"rendered":"https:\/\/www.fiscalia.gov.co\/colombia\/?p=296383"},"modified":"2024-06-04T16:08:44","modified_gmt":"2024-06-04T21:08:44","slug":"desarticulada-banda-dedicada-al-hurto-y-estafa-de-vehiculos-con-ganancias-superiores-a-los-mil-millones-de-pesos","status":"publish","type":"post","link":"https:\/\/www.fiscalia.gov.co\/colombia\/noticias\/desarticulada-banda-dedicada-al-hurto-y-estafa-de-vehiculos-con-ganancias-superiores-a-los-mil-millones-de-pesos\/","title":{"rendered":"Desarticulada banda dedicada al hurto y estafa de veh\u00edculos con ganancias superiores a los mil millones de pesos"},"content":{"rendered":"<p>En trabajo conjunto entre la Fiscal\u00eda General de la Naci\u00f3n y la Polic\u00eda Nacional se realiz\u00f3 la desarticulaci\u00f3n de la b<strong>anda delincuencial denominada \u2018Gama Alta\u2019, dedicada al alquiler, <a href=\"https:\/\/www.fiscalia.gov.co\/colombia\/noticias\/carcel-para-seis-presuntos-integrantes-del-grupo-delincuencial-los-natos-dedicados-al-hurto-de-vehiculos-de-alta-gama-en-cali\/\">hurto y posterior comercializaci\u00f3n con documentaci\u00f3n falsa de veh\u00edculos<\/a>.<\/strong><\/p>\n<figure id=\"attachment_296385\" aria-describedby=\"caption-attachment-296385\" style=\"width: 696px\" class=\"wp-caption aligncenter\"><img loading=\"lazy\" decoding=\"async\" class=\"size-large wp-image-296385\" src=\"https:\/\/www.fiscalia.gov.co\/colombia\/wp-content\/uploads\/GAMA-ALTA--1024x579.jpg\" alt=\"En la foto se aprecia a los asegurados siendo custodiados por la Polic\u00eda Nacional. \" width=\"696\" height=\"394\" srcset=\"https:\/\/www.fiscalia.gov.co\/colombia\/wp-content\/uploads\/GAMA-ALTA--1024x579.jpg 1024w, https:\/\/www.fiscalia.gov.co\/colombia\/wp-content\/uploads\/GAMA-ALTA--300x170.jpg 300w, https:\/\/www.fiscalia.gov.co\/colombia\/wp-content\/uploads\/GAMA-ALTA--768x434.jpg 768w, https:\/\/www.fiscalia.gov.co\/colombia\/wp-content\/uploads\/GAMA-ALTA--1536x869.jpg 1536w, https:\/\/www.fiscalia.gov.co\/colombia\/wp-content\/uploads\/GAMA-ALTA--696x394.jpg 696w, https:\/\/www.fiscalia.gov.co\/colombia\/wp-content\/uploads\/GAMA-ALTA--1068x604.jpg 1068w, https:\/\/www.fiscalia.gov.co\/colombia\/wp-content\/uploads\/GAMA-ALTA--743x420.jpg 743w, https:\/\/www.fiscalia.gov.co\/colombia\/wp-content\/uploads\/GAMA-ALTA-.jpg 1600w\" sizes=\"auto, (max-width: 696px) 100vw, 696px\" \/><figcaption id=\"caption-attachment-296385\" class=\"wp-caption-text\">Jos\u00e9 Luis Barrera Gonz\u00e1lez , Omar Castillo Osorio, Leidy Johana Rodr\u00edguez Calder\u00f3n, Hermes Dubian G\u00f3mez D\u00edaz y Cristian Fabi\u00e1n Carvajal Su\u00e1rez, presuntos integrantes de la banda Gama Alta, fueron judicializados.<\/figcaption><\/figure>\n<p>Los integrantes de esta estructura, al parecer, llegaban a oficinas de renta de carros del pa\u00eds, <strong>al tener la posesi\u00f3n del automotor, bajo la modalidad de alquiler, falsificaban los documentos a trav\u00e9s de tr\u00e1mites fraudulentos<\/strong>, posteriormente los comercializaban en el \u00c1rea Metropolitana de Bucaramanga.<\/p>\n<p>Otra modalidad delictiva que practicaba <strong>este grupo delincuencial era adquirir veh\u00edculos robados a los cuales les regrababan los sistemas de identificaci\u00f3n de chasis y motor<\/strong>, para despu\u00e9s\u00a0venderlos.<\/p>\n<p>Durante el operativo de captura, se realizaron cuatro diligencias de allanamiento y registro en Bucaramanga, Gir\u00f3n, Piedecuesta y San Gil (Santander), en los que se hallaron 250 millones de pesos en billetes falsos, celulares y licencias de tr\u00e1nsito.<\/p>\n<p>La Fiscal\u00eda los imput\u00f3 como presuntos responsables de los delitos de concierto para <a href=\"https:\/\/www.fiscalia.gov.co\/colombia\/noticias\/asegurado-presunto-responsable-del-homicidio-de-un-hombre-en-medio-de-un-hurto-a-vehiculos\/\">delinquir, hurto calificado y agravado, falsedad en documento privado, fraude procesal, estafa agravada y receptaci\u00f3n agravada.<\/a><\/p>\n<p>Los judicializados son: Jos\u00e9 Luis Barrera Gonz\u00e1lez y Omar Castillo Osorio, afectados con medida de aseguramiento en centro carcelario.<\/p>\n<p>Por su parte, Leidy Johana Rodr\u00edguez Calder\u00f3n y Hermes Dubian G\u00f3mez D\u00edaz cumplir\u00e1n la medida en su lugar de residencia, mientras que Cristian Fabi\u00e1n Carvajal Su\u00e1rez, fue cobijado con medidas no privativas de la libertad.<\/p>\n<p>&nbsp;<\/p>\n<p>&nbsp;<\/p>\n<p>&nbsp;<\/p>\n<p>&nbsp;<\/p>\n<p>&nbsp;<\/p>\n<p>DRA\/LMFO\/CFG\/OM\/DSS<\/p>\n<p>&nbsp;<\/p>\n<p>&nbsp;<\/p>\n<p>&nbsp;<\/p>\n<p>&nbsp;<\/p>\n<p>&nbsp;<\/p>\n<div class=\"td-post-content tagdiv-type\">\n<p><i>La informaci\u00f3n contenida en este bolet\u00edn de prensa corresponde a la narraci\u00f3n de los hechos noticiosos objetivos, suministrados por los funcionarios encargados de adelantar las investigaciones penales al interior de la Fiscal\u00eda General de la Naci\u00f3n. Para el momento de la divulgaci\u00f3n de este comunicado, la situaci\u00f3n jur\u00eddica de la(s) persona(s) relacionada(s) se encuentra pendiente de resolver por la autoridad judicial competente, siempre bajo los preceptos de la presunci\u00f3n de inocencia, consagrados en el art\u00edculo 29 de la Constituci\u00f3n Pol\u00edtica y el art\u00edculo 7\u00ba de la Ley 906 de 2004.<\/i><\/p>\n<\/div>\n<footer>\n<div class=\"td-post-source-tags\"><\/div>\n<div class=\"td-post-sharing-bottom\"><\/div>\n<\/footer>\n\n<div class=\"twitter-share\"><a href=\"https:\/\/twitter.com\/intent\/tweet?via=fiscaliacol\" class=\"twitter-share-button\">Tweet<\/a><\/div>\n","protected":false},"excerpt":{"rendered":"<p>En trabajo conjunto entre la Fiscal\u00eda General de la Naci\u00f3n y la Polic\u00eda Nacional se realiz\u00f3 la desarticulaci\u00f3n de la banda delincuencial denominada \u2018Gama Alta\u2019, dedicada al alquiler, hurto y posterior comercializaci\u00f3n con documentaci\u00f3n falsa de veh\u00edculos. Los integrantes de esta estructura, al parecer, llegaban a oficinas de renta de carros del pa\u00eds, al tener [&hellip;]<\/p>\n","protected":false},"author":177,"featured_media":0,"comment_status":"closed","ping_status":"open","sticky":false,"template":"","format":"standard","meta":{"_price":"","_stock":"","_tribe_ticket_header":"","_tribe_default_ticket_provider":"","_tribe_ticket_capacity":"0","_ticket_start_date":"","_ticket_end_date":"","_tribe_ticket_show_description":"","_tribe_ticket_show_not_going":false,"_tribe_ticket_use_global_stock":"","_tribe_ticket_global_stock_level":"","_global_stock_mode":"","_global_stock_cap":"","_tribe_rsvp_for_event":"","_tribe_ticket_going_count":"","_tribe_ticket_not_going_count":"","_tribe_tickets_list":"[]","_tribe_ticket_has_attendee_info_fields":false,"tdm_status":"","tdm_grid_status":"","footnotes":""},"categories":[1,322,303,24099],"tags":[12834,24131,162,37491,37492,1047,3232,23960,2138],"class_list":{"0":"post-296383","1":"post","2":"type-post","3":"status-publish","4":"format-standard","6":"category-noticias","7":"category-seccional-bucaramanga","8":"category-seccionales","9":"category-seguridad-territorial","10":"tag-alta-gama","11":"tag-bucaramanga-santander","12":"tag-falsificacion","13":"tag-fiscal-camargo","14":"tag-fiscal-luz-adriana-camargo","15":"tag-fiscalia-general-de-la-nacion","16":"tag-fraude","17":"tag-hurto","18":"tag-vehiculos"},"yoast_head":"<!-- This site is optimized with the Yoast SEO plugin v24.3 - https:\/\/yoast.com\/wordpress\/plugins\/seo\/ -->\n<title>Fiscal\u00eda General de la Naci\u00f3n<\/title>\n<meta name=\"description\" content=\"P\u00e1gina oficial de la Fiscal\u00eda General de la Naci\u00f3n \u2013 Colombia. Garantizamos el acceso efectivo a la justicia, la verdad y la reparaci\u00f3n de las v\u00edctimas de los delitos.\" \/>\n<meta name=\"robots\" content=\"noindex, follow\" \/>\n<meta property=\"og:locale\" content=\"es_ES\" \/>\n<meta property=\"og:type\" content=\"article\" \/>\n<meta property=\"og:title\" content=\"Fiscal\u00eda General de la Naci\u00f3n\" \/>\n<meta property=\"og:description\" content=\"P\u00e1gina oficial de la Fiscal\u00eda General de la Naci\u00f3n \u2013 Colombia. Garantizamos el acceso efectivo a la justicia, la verdad y la reparaci\u00f3n de las v\u00edctimas de los delitos.\" \/>\n<meta property=\"og:url\" content=\"https:\/\/www.fiscalia.gov.co\/colombia\/noticias\/desarticulada-banda-dedicada-al-hurto-y-estafa-de-vehiculos-con-ganancias-superiores-a-los-mil-millones-de-pesos\/\" \/>\n<meta property=\"og:site_name\" content=\"Fiscal\u00eda General de la Naci\u00f3n\" \/>\n<meta property=\"article:publisher\" content=\"https:\/\/www.facebook.com\/FiscaliaCol\" \/>\n<meta property=\"article:published_time\" content=\"2024-06-04T21:08:44+00:00\" \/>\n<meta property=\"og:image\" content=\"https:\/\/www.fiscalia.gov.co\/colombia\/wp-content\/uploads\/GAMA-ALTA--1024x579.jpg\" \/>\n<meta name=\"author\" content=\"Jordan Leandro Oviedo Anzola\" \/>\n<meta name=\"twitter:card\" content=\"summary_large_image\" \/>\n<meta name=\"twitter:creator\" content=\"@FiscaliaCol\" \/>\n<meta name=\"twitter:site\" content=\"@FiscaliaCol\" \/>\n<meta name=\"twitter:label1\" content=\"Escrito por\" \/>\n\t<meta name=\"twitter:data1\" content=\"Jordan Leandro Oviedo Anzola\" \/>\n\t<meta name=\"twitter:label2\" content=\"Tiempo de lectura\" \/>\n\t<meta name=\"twitter:data2\" content=\"2 minutos\" \/>\n<script type=\"application\/ld+json\" class=\"yoast-schema-graph\">{\"@context\":\"https:\/\/schema.org\",\"@graph\":[{\"@type\":\"Article\",\"@id\":\"https:\/\/www.fiscalia.gov.co\/colombia\/noticias\/desarticulada-banda-dedicada-al-hurto-y-estafa-de-vehiculos-con-ganancias-superiores-a-los-mil-millones-de-pesos\/#article\",\"isPartOf\":{\"@id\":\"https:\/\/www.fiscalia.gov.co\/colombia\/noticias\/desarticulada-banda-dedicada-al-hurto-y-estafa-de-vehiculos-con-ganancias-superiores-a-los-mil-millones-de-pesos\/\"},\"author\":{\"name\":\"Jordan Leandro Oviedo Anzola\",\"@id\":\"https:\/\/www.fiscalia.gov.co\/colombia\/#\/schema\/person\/bf84402cf293a5393e9c70b111020b24\"},\"headline\":\"Desarticulada banda dedicada al hurto y estafa de veh\u00edculos con ganancias superiores a los mil millones de pesos\",\"datePublished\":\"2024-06-04T21:08:44+00:00\",\"dateModified\":\"2024-06-04T21:08:44+00:00\",\"mainEntityOfPage\":{\"@id\":\"https:\/\/www.fiscalia.gov.co\/colombia\/noticias\/desarticulada-banda-dedicada-al-hurto-y-estafa-de-vehiculos-con-ganancias-superiores-a-los-mil-millones-de-pesos\/\"},\"wordCount\":434,\"publisher\":{\"@id\":\"https:\/\/www.fiscalia.gov.co\/colombia\/#organization\"},\"image\":{\"@id\":\"https:\/\/www.fiscalia.gov.co\/colombia\/noticias\/desarticulada-banda-dedicada-al-hurto-y-estafa-de-vehiculos-con-ganancias-superiores-a-los-mil-millones-de-pesos\/#primaryimage\"},\"thumbnailUrl\":\"https:\/\/www.fiscalia.gov.co\/colombia\/wp-content\/uploads\/GAMA-ALTA--1024x579.jpg\",\"keywords\":[\"Alta gama\",\"Bucaramanga (Santander)\",\"Falsificaci\u00f3n\",\"fiscal Camargo\",\"Fiscal Luz Adriana Camargo\",\"Fiscal\u00eda General de la Naci\u00f3n\",\"Fraude\",\"Hurto\",\"Veh\u00edculos\"],\"articleSection\":[\"Noticias\",\"Seccional Bucaramanga\",\"Seccionales\",\"Seguridad territorial\"],\"inLanguage\":\"es-CO\"},{\"@type\":\"WebPage\",\"@id\":\"https:\/\/www.fiscalia.gov.co\/colombia\/noticias\/desarticulada-banda-dedicada-al-hurto-y-estafa-de-vehiculos-con-ganancias-superiores-a-los-mil-millones-de-pesos\/\",\"url\":\"https:\/\/www.fiscalia.gov.co\/colombia\/noticias\/desarticulada-banda-dedicada-al-hurto-y-estafa-de-vehiculos-con-ganancias-superiores-a-los-mil-millones-de-pesos\/\",\"name\":\"Fiscal\u00eda General de la Naci\u00f3n\",\"isPartOf\":{\"@id\":\"https:\/\/www.fiscalia.gov.co\/colombia\/#website\"},\"primaryImageOfPage\":{\"@id\":\"https:\/\/www.fiscalia.gov.co\/colombia\/noticias\/desarticulada-banda-dedicada-al-hurto-y-estafa-de-vehiculos-con-ganancias-superiores-a-los-mil-millones-de-pesos\/#primaryimage\"},\"image\":{\"@id\":\"https:\/\/www.fiscalia.gov.co\/colombia\/noticias\/desarticulada-banda-dedicada-al-hurto-y-estafa-de-vehiculos-con-ganancias-superiores-a-los-mil-millones-de-pesos\/#primaryimage\"},\"thumbnailUrl\":\"https:\/\/www.fiscalia.gov.co\/colombia\/wp-content\/uploads\/GAMA-ALTA--1024x579.jpg\",\"datePublished\":\"2024-06-04T21:08:44+00:00\",\"dateModified\":\"2024-06-04T21:08:44+00:00\",\"description\":\"P\u00e1gina oficial de la Fiscal\u00eda General de la Naci\u00f3n \u2013 Colombia. Garantizamos el acceso efectivo a la justicia, la verdad y la reparaci\u00f3n de las v\u00edctimas de los delitos.\",\"breadcrumb\":{\"@id\":\"https:\/\/www.fiscalia.gov.co\/colombia\/noticias\/desarticulada-banda-dedicada-al-hurto-y-estafa-de-vehiculos-con-ganancias-superiores-a-los-mil-millones-de-pesos\/#breadcrumb\"},\"inLanguage\":\"es-CO\",\"potentialAction\":[{\"@type\":\"ReadAction\",\"target\":[\"https:\/\/www.fiscalia.gov.co\/colombia\/noticias\/desarticulada-banda-dedicada-al-hurto-y-estafa-de-vehiculos-con-ganancias-superiores-a-los-mil-millones-de-pesos\/\"]}]},{\"@type\":\"ImageObject\",\"inLanguage\":\"es-CO\",\"@id\":\"https:\/\/www.fiscalia.gov.co\/colombia\/noticias\/desarticulada-banda-dedicada-al-hurto-y-estafa-de-vehiculos-con-ganancias-superiores-a-los-mil-millones-de-pesos\/#primaryimage\",\"url\":\"https:\/\/www.fiscalia.gov.co\/colombia\/wp-content\/uploads\/GAMA-ALTA-.jpg\",\"contentUrl\":\"https:\/\/www.fiscalia.gov.co\/colombia\/wp-content\/uploads\/GAMA-ALTA-.jpg\",\"width\":1600,\"height\":905,\"caption\":\"Jos\u00e9 Luis Barrera Gonz\u00e1lez , Omar Castillo Osorio, Leidy Johana Rodr\u00edguez Calder\u00f3n, Hermes Dubian G\u00f3mez D\u00edaz y Cristian Fabi\u00e1n Carvajal Su\u00e1rez, presuntos integrantes de la banda Gama Alta, fueron judicializados.\"},{\"@type\":\"BreadcrumbList\",\"@id\":\"https:\/\/www.fiscalia.gov.co\/colombia\/noticias\/desarticulada-banda-dedicada-al-hurto-y-estafa-de-vehiculos-con-ganancias-superiores-a-los-mil-millones-de-pesos\/#breadcrumb\",\"itemListElement\":[{\"@type\":\"ListItem\",\"position\":1,\"name\":\"Home\",\"item\":\"https:\/\/www.fiscalia.gov.co\/colombia\/\"},{\"@type\":\"ListItem\",\"position\":2,\"name\":\"Desarticulada banda dedicada al hurto y estafa de veh\u00edculos con ganancias superiores a los mil millones de pesos\"}]},{\"@type\":\"WebSite\",\"@id\":\"https:\/\/www.fiscalia.gov.co\/colombia\/#website\",\"url\":\"https:\/\/www.fiscalia.gov.co\/colombia\/\",\"name\":\"Fiscal\u00eda General de la Naci\u00f3n\",\"description\":\"P\u00e1gina oficial de la Fiscal\u00eda General de la Naci\u00f3n \u2013 Colombia. Garantizamos el acceso efectivo a la justicia, la verdad y la reparaci\u00f3n de las v\u00edctimas de los delitos.\",\"publisher\":{\"@id\":\"https:\/\/www.fiscalia.gov.co\/colombia\/#organization\"},\"potentialAction\":[{\"@type\":\"SearchAction\",\"target\":{\"@type\":\"EntryPoint\",\"urlTemplate\":\"https:\/\/www.fiscalia.gov.co\/colombia\/?s={search_term_string}\"},\"query-input\":{\"@type\":\"PropertyValueSpecification\",\"valueRequired\":true,\"valueName\":\"search_term_string\"}}],\"inLanguage\":\"es-CO\"},{\"@type\":\"Organization\",\"@id\":\"https:\/\/www.fiscalia.gov.co\/colombia\/#organization\",\"name\":\"Fiscal\u00eda General de la Naci\u00f3n\",\"url\":\"https:\/\/www.fiscalia.gov.co\/colombia\/\",\"logo\":{\"@type\":\"ImageObject\",\"inLanguage\":\"es-CO\",\"@id\":\"https:\/\/www.fiscalia.gov.co\/colombia\/#\/schema\/logo\/image\/\",\"url\":\"https:\/\/www.fiscalia.gov.co\/colombia\/wp-content\/uploads\/LogoHorizontal_1.jpg\",\"contentUrl\":\"https:\/\/www.fiscalia.gov.co\/colombia\/wp-content\/uploads\/LogoHorizontal_1.jpg\",\"width\":300,\"height\":90,\"caption\":\"Fiscal\u00eda General de la Naci\u00f3n\"},\"image\":{\"@id\":\"https:\/\/www.fiscalia.gov.co\/colombia\/#\/schema\/logo\/image\/\"},\"sameAs\":[\"https:\/\/www.facebook.com\/FiscaliaCol\",\"https:\/\/x.com\/FiscaliaCol\",\"https:\/\/www.instagram.com\/fiscaliacol\",\"https:\/\/www.linkedin.com\/company\/fiscalia-general-de-la-naci-n\/\",\"https:\/\/youtube.com\/@fiscaliageneraldelanacion-4668?si=6nN79nyQICPU5iTh\"]},{\"@type\":\"Person\",\"@id\":\"https:\/\/www.fiscalia.gov.co\/colombia\/#\/schema\/person\/bf84402cf293a5393e9c70b111020b24\",\"name\":\"Jordan Leandro Oviedo Anzola\",\"image\":{\"@type\":\"ImageObject\",\"inLanguage\":\"es-CO\",\"@id\":\"https:\/\/www.fiscalia.gov.co\/colombia\/#\/schema\/person\/image\/\",\"url\":\"https:\/\/secure.gravatar.com\/avatar\/dabba4346fa9b9207d96adafa8f92721?s=96&d=mm&r=g\",\"contentUrl\":\"https:\/\/secure.gravatar.com\/avatar\/dabba4346fa9b9207d96adafa8f92721?s=96&d=mm&r=g\",\"caption\":\"Jordan Leandro Oviedo Anzola\"},\"url\":\"https:\/\/www.fiscalia.gov.co\/colombia\/author\/joviedo\/\"}]}<\/script>\n<!-- \/ Yoast SEO plugin. -->","yoast_head_json":{"title":"Fiscal\u00eda General de la Naci\u00f3n","description":"P\u00e1gina oficial de la Fiscal\u00eda General de la Naci\u00f3n \u2013 Colombia. Garantizamos el acceso efectivo a la justicia, la verdad y la reparaci\u00f3n de las v\u00edctimas de los delitos.","robots":{"index":"noindex","follow":"follow"},"og_locale":"es_ES","og_type":"article","og_title":"Fiscal\u00eda General de la Naci\u00f3n","og_description":"P\u00e1gina oficial de la Fiscal\u00eda General de la Naci\u00f3n \u2013 Colombia. Garantizamos el acceso efectivo a la justicia, la verdad y la reparaci\u00f3n de las v\u00edctimas de los delitos.","og_url":"https:\/\/www.fiscalia.gov.co\/colombia\/noticias\/desarticulada-banda-dedicada-al-hurto-y-estafa-de-vehiculos-con-ganancias-superiores-a-los-mil-millones-de-pesos\/","og_site_name":"Fiscal\u00eda General de la Naci\u00f3n","article_publisher":"https:\/\/www.facebook.com\/FiscaliaCol","article_published_time":"2024-06-04T21:08:44+00:00","og_image":[{"url":"https:\/\/www.fiscalia.gov.co\/colombia\/wp-content\/uploads\/GAMA-ALTA--1024x579.jpg","type":"","width":"","height":""}],"author":"Jordan Leandro Oviedo Anzola","twitter_card":"summary_large_image","twitter_creator":"@FiscaliaCol","twitter_site":"@FiscaliaCol","twitter_misc":{"Escrito por":"Jordan Leandro Oviedo Anzola","Tiempo de lectura":"2 minutos"},"schema":{"@context":"https:\/\/schema.org","@graph":[{"@type":"Article","@id":"https:\/\/www.fiscalia.gov.co\/colombia\/noticias\/desarticulada-banda-dedicada-al-hurto-y-estafa-de-vehiculos-con-ganancias-superiores-a-los-mil-millones-de-pesos\/#article","isPartOf":{"@id":"https:\/\/www.fiscalia.gov.co\/colombia\/noticias\/desarticulada-banda-dedicada-al-hurto-y-estafa-de-vehiculos-con-ganancias-superiores-a-los-mil-millones-de-pesos\/"},"author":{"name":"Jordan Leandro Oviedo Anzola","@id":"https:\/\/www.fiscalia.gov.co\/colombia\/#\/schema\/person\/bf84402cf293a5393e9c70b111020b24"},"headline":"Desarticulada banda dedicada al hurto y estafa de veh\u00edculos con ganancias superiores a los mil millones de pesos","datePublished":"2024-06-04T21:08:44+00:00","dateModified":"2024-06-04T21:08:44+00:00","mainEntityOfPage":{"@id":"https:\/\/www.fiscalia.gov.co\/colombia\/noticias\/desarticulada-banda-dedicada-al-hurto-y-estafa-de-vehiculos-con-ganancias-superiores-a-los-mil-millones-de-pesos\/"},"wordCount":434,"publisher":{"@id":"https:\/\/www.fiscalia.gov.co\/colombia\/#organization"},"image":{"@id":"https:\/\/www.fiscalia.gov.co\/colombia\/noticias\/desarticulada-banda-dedicada-al-hurto-y-estafa-de-vehiculos-con-ganancias-superiores-a-los-mil-millones-de-pesos\/#primaryimage"},"thumbnailUrl":"https:\/\/www.fiscalia.gov.co\/colombia\/wp-content\/uploads\/GAMA-ALTA--1024x579.jpg","keywords":["Alta gama","Bucaramanga (Santander)","Falsificaci\u00f3n","fiscal Camargo","Fiscal Luz Adriana Camargo","Fiscal\u00eda General de la Naci\u00f3n","Fraude","Hurto","Veh\u00edculos"],"articleSection":["Noticias","Seccional Bucaramanga","Seccionales","Seguridad territorial"],"inLanguage":"es-CO"},{"@type":"WebPage","@id":"https:\/\/www.fiscalia.gov.co\/colombia\/noticias\/desarticulada-banda-dedicada-al-hurto-y-estafa-de-vehiculos-con-ganancias-superiores-a-los-mil-millones-de-pesos\/","url":"https:\/\/www.fiscalia.gov.co\/colombia\/noticias\/desarticulada-banda-dedicada-al-hurto-y-estafa-de-vehiculos-con-ganancias-superiores-a-los-mil-millones-de-pesos\/","name":"Fiscal\u00eda General de la Naci\u00f3n","isPartOf":{"@id":"https:\/\/www.fiscalia.gov.co\/colombia\/#website"},"primaryImageOfPage":{"@id":"https:\/\/www.fiscalia.gov.co\/colombia\/noticias\/desarticulada-banda-dedicada-al-hurto-y-estafa-de-vehiculos-con-ganancias-superiores-a-los-mil-millones-de-pesos\/#primaryimage"},"image":{"@id":"https:\/\/www.fiscalia.gov.co\/colombia\/noticias\/desarticulada-banda-dedicada-al-hurto-y-estafa-de-vehiculos-con-ganancias-superiores-a-los-mil-millones-de-pesos\/#primaryimage"},"thumbnailUrl":"https:\/\/www.fiscalia.gov.co\/colombia\/wp-content\/uploads\/GAMA-ALTA--1024x579.jpg","datePublished":"2024-06-04T21:08:44+00:00","dateModified":"2024-06-04T21:08:44+00:00","description":"P\u00e1gina oficial de la Fiscal\u00eda General de la Naci\u00f3n \u2013 Colombia. Garantizamos el acceso efectivo a la justicia, la verdad y la reparaci\u00f3n de las v\u00edctimas de los delitos.","breadcrumb":{"@id":"https:\/\/www.fiscalia.gov.co\/colombia\/noticias\/desarticulada-banda-dedicada-al-hurto-y-estafa-de-vehiculos-con-ganancias-superiores-a-los-mil-millones-de-pesos\/#breadcrumb"},"inLanguage":"es-CO","potentialAction":[{"@type":"ReadAction","target":["https:\/\/www.fiscalia.gov.co\/colombia\/noticias\/desarticulada-banda-dedicada-al-hurto-y-estafa-de-vehiculos-con-ganancias-superiores-a-los-mil-millones-de-pesos\/"]}]},{"@type":"ImageObject","inLanguage":"es-CO","@id":"https:\/\/www.fiscalia.gov.co\/colombia\/noticias\/desarticulada-banda-dedicada-al-hurto-y-estafa-de-vehiculos-con-ganancias-superiores-a-los-mil-millones-de-pesos\/#primaryimage","url":"https:\/\/www.fiscalia.gov.co\/colombia\/wp-content\/uploads\/GAMA-ALTA-.jpg","contentUrl":"https:\/\/www.fiscalia.gov.co\/colombia\/wp-content\/uploads\/GAMA-ALTA-.jpg","width":1600,"height":905,"caption":"Jos\u00e9 Luis Barrera Gonz\u00e1lez , Omar Castillo Osorio, Leidy Johana Rodr\u00edguez Calder\u00f3n, Hermes Dubian G\u00f3mez D\u00edaz y Cristian Fabi\u00e1n Carvajal Su\u00e1rez, presuntos integrantes de la banda Gama Alta, fueron judicializados."},{"@type":"BreadcrumbList","@id":"https:\/\/www.fiscalia.gov.co\/colombia\/noticias\/desarticulada-banda-dedicada-al-hurto-y-estafa-de-vehiculos-con-ganancias-superiores-a-los-mil-millones-de-pesos\/#breadcrumb","itemListElement":[{"@type":"ListItem","position":1,"name":"Home","item":"https:\/\/www.fiscalia.gov.co\/colombia\/"},{"@type":"ListItem","position":2,"name":"Desarticulada banda dedicada al hurto y estafa de veh\u00edculos con ganancias superiores a los mil millones de pesos"}]},{"@type":"WebSite","@id":"https:\/\/www.fiscalia.gov.co\/colombia\/#website","url":"https:\/\/www.fiscalia.gov.co\/colombia\/","name":"Fiscal\u00eda General de la Naci\u00f3n","description":"P\u00e1gina oficial de la Fiscal\u00eda General de la Naci\u00f3n \u2013 Colombia. Garantizamos el acceso efectivo a la justicia, la verdad y la reparaci\u00f3n de las v\u00edctimas de los delitos.","publisher":{"@id":"https:\/\/www.fiscalia.gov.co\/colombia\/#organization"},"potentialAction":[{"@type":"SearchAction","target":{"@type":"EntryPoint","urlTemplate":"https:\/\/www.fiscalia.gov.co\/colombia\/?s={search_term_string}"},"query-input":{"@type":"PropertyValueSpecification","valueRequired":true,"valueName":"search_term_string"}}],"inLanguage":"es-CO"},{"@type":"Organization","@id":"https:\/\/www.fiscalia.gov.co\/colombia\/#organization","name":"Fiscal\u00eda General de la Naci\u00f3n","url":"https:\/\/www.fiscalia.gov.co\/colombia\/","logo":{"@type":"ImageObject","inLanguage":"es-CO","@id":"https:\/\/www.fiscalia.gov.co\/colombia\/#\/schema\/logo\/image\/","url":"https:\/\/www.fiscalia.gov.co\/colombia\/wp-content\/uploads\/LogoHorizontal_1.jpg","contentUrl":"https:\/\/www.fiscalia.gov.co\/colombia\/wp-content\/uploads\/LogoHorizontal_1.jpg","width":300,"height":90,"caption":"Fiscal\u00eda General de la Naci\u00f3n"},"image":{"@id":"https:\/\/www.fiscalia.gov.co\/colombia\/#\/schema\/logo\/image\/"},"sameAs":["https:\/\/www.facebook.com\/FiscaliaCol","https:\/\/x.com\/FiscaliaCol","https:\/\/www.instagram.com\/fiscaliacol","https:\/\/www.linkedin.com\/company\/fiscalia-general-de-la-naci-n\/","https:\/\/youtube.com\/@fiscaliageneraldelanacion-4668?si=6nN79nyQICPU5iTh"]},{"@type":"Person","@id":"https:\/\/www.fiscalia.gov.co\/colombia\/#\/schema\/person\/bf84402cf293a5393e9c70b111020b24","name":"Jordan Leandro Oviedo Anzola","image":{"@type":"ImageObject","inLanguage":"es-CO","@id":"https:\/\/www.fiscalia.gov.co\/colombia\/#\/schema\/person\/image\/","url":"https:\/\/secure.gravatar.com\/avatar\/dabba4346fa9b9207d96adafa8f92721?s=96&d=mm&r=g","contentUrl":"https:\/\/secure.gravatar.com\/avatar\/dabba4346fa9b9207d96adafa8f92721?s=96&d=mm&r=g","caption":"Jordan Leandro Oviedo Anzola"},"url":"https:\/\/www.fiscalia.gov.co\/colombia\/author\/joviedo\/"}]}},"_links":{"self":[{"href":"https:\/\/www.fiscalia.gov.co\/colombia\/wp-json\/wp\/v2\/posts\/296383","targetHints":{"allow":["GET"]}}],"collection":[{"href":"https:\/\/www.fiscalia.gov.co\/colombia\/wp-json\/wp\/v2\/posts"}],"about":[{"href":"https:\/\/www.fiscalia.gov.co\/colombia\/wp-json\/wp\/v2\/types\/post"}],"author":[{"embeddable":true,"href":"https:\/\/www.fiscalia.gov.co\/colombia\/wp-json\/wp\/v2\/users\/177"}],"replies":[{"embeddable":true,"href":"https:\/\/www.fiscalia.gov.co\/colombia\/wp-json\/wp\/v2\/comments?post=296383"}],"version-history":[{"count":1,"href":"https:\/\/www.fiscalia.gov.co\/colombia\/wp-json\/wp\/v2\/posts\/296383\/revisions"}],"predecessor-version":[{"id":296386,"href":"https:\/\/www.fiscalia.gov.co\/colombia\/wp-json\/wp\/v2\/posts\/296383\/revisions\/296386"}],"wp:attachment":[{"href":"https:\/\/www.fiscalia.gov.co\/colombia\/wp-json\/wp\/v2\/media?parent=296383"}],"wp:term":[{"taxonomy":"category","embeddable":true,"href":"https:\/\/www.fiscalia.gov.co\/colombia\/wp-json\/wp\/v2\/categories?post=296383"},{"taxonomy":"post_tag","embeddable":true,"href":"https:\/\/www.fiscalia.gov.co\/colombia\/wp-json\/wp\/v2\/tags?post=296383"}],"curies":[{"name":"wp","href":"https:\/\/api.w.org\/{rel}","templated":true}]}}