{"id":296346,"date":"2024-06-04T14:12:17","date_gmt":"2024-06-04T19:12:17","guid":{"rendered":"https:\/\/www.fiscalia.gov.co\/colombia\/?p=296346"},"modified":"2024-06-04T14:12:17","modified_gmt":"2024-06-04T19:12:17","slug":"a-la-carcel-presuntos-integrantes-de-banda-dedicada-a-la-extorsion-de-comerciantes-y-mineros-del-nordeste-antioqueno","status":"publish","type":"post","link":"https:\/\/www.fiscalia.gov.co\/colombia\/noticias\/a-la-carcel-presuntos-integrantes-de-banda-dedicada-a-la-extorsion-de-comerciantes-y-mineros-del-nordeste-antioqueno\/","title":{"rendered":"A la c\u00e1rcel presuntos integrantes de banda dedicada a la extorsi\u00f3n de comerciantes y mineros del Nordeste antioque\u00f1o"},"content":{"rendered":"<h4 style=\"text-align: center;\"><strong><i>A las v\u00edctimas les disparaban o les lanzaban explosivos a \u00a0sus establecimientos comerciales para presionar los pagos il\u00edcitos.<\/i><\/strong><\/h4>\n<figure id=\"attachment_296348\" aria-describedby=\"caption-attachment-296348\" style=\"width: 696px\" class=\"wp-caption aligncenter\"><img loading=\"lazy\" decoding=\"async\" class=\"size-large wp-image-296348\" src=\"https:\/\/www.fiscalia.gov.co\/colombia\/wp-content\/uploads\/presuntos-integrante-de-un-grupo-delincuencial-\u2018La-Vega-1-1024x512.jpg\" alt=\"En la imagen est\u00e1n los 7 procesados con dos servidores de la Polic\u00eda Nacional y una mesa al frente con los celulares, la munici\u00f3n y dinero incautado\" width=\"696\" height=\"348\" srcset=\"https:\/\/www.fiscalia.gov.co\/colombia\/wp-content\/uploads\/presuntos-integrante-de-un-grupo-delincuencial-\u2018La-Vega-1-1024x512.jpg 1024w, https:\/\/www.fiscalia.gov.co\/colombia\/wp-content\/uploads\/presuntos-integrante-de-un-grupo-delincuencial-\u2018La-Vega-1-300x150.jpg 300w, https:\/\/www.fiscalia.gov.co\/colombia\/wp-content\/uploads\/presuntos-integrante-de-un-grupo-delincuencial-\u2018La-Vega-1-768x384.jpg 768w, https:\/\/www.fiscalia.gov.co\/colombia\/wp-content\/uploads\/presuntos-integrante-de-un-grupo-delincuencial-\u2018La-Vega-1-1536x768.jpg 1536w, https:\/\/www.fiscalia.gov.co\/colombia\/wp-content\/uploads\/presuntos-integrante-de-un-grupo-delincuencial-\u2018La-Vega-1-696x348.jpg 696w, https:\/\/www.fiscalia.gov.co\/colombia\/wp-content\/uploads\/presuntos-integrante-de-un-grupo-delincuencial-\u2018La-Vega-1-1068x534.jpg 1068w, https:\/\/www.fiscalia.gov.co\/colombia\/wp-content\/uploads\/presuntos-integrante-de-un-grupo-delincuencial-\u2018La-Vega-1-840x420.jpg 840w, https:\/\/www.fiscalia.gov.co\/colombia\/wp-content\/uploads\/presuntos-integrante-de-un-grupo-delincuencial-\u2018La-Vega-1.jpg 1600w\" sizes=\"auto, (max-width: 696px) 100vw, 696px\" \/><figcaption id=\"caption-attachment-296348\" class=\"wp-caption-text\">Presuntos integrantes de banda delincuencial dedicada a la extorsi\u00f3n de comerciantes y mineros del nordeste antioque\u00f1o.<\/figcaption><\/figure>\n<p>Por solicitud de un fiscal de la seccional Antioquia, un juez de control de garant\u00edas impuso medida de aseguramiento en centro de reclusi\u00f3n <strong>en contra de siete presuntos integrantes de un grupo delincuencial conocido como \u2018La Vega\u2019<\/strong>, que estar\u00eda dedicado al cobro de <a href=\"https:\/\/www.fiscalia.gov.co\/colombia\/noticias\/carcel-para-el-senalado-articulador-principal-de-las-acciones-criminales-del-clan-del-golfo-en-el-nordeste-antioqueno\/\">extorsiones a comerciantes y mineros en los municipios de Cisneros, Santo Domingo y Remedios (Antioquia)<\/a>.<\/p>\n<p>De acuerdo con la investigaci\u00f3n, desde marzo de 2023 hasta mayo de este a\u00f1o, los presuntos delincuentes al parecer ven\u00edan <strong>exigiendo a las v\u00edctimas sumas de dinero que oscilaban entre los 600.000 y un mill\u00f3n de pesos mensuales a cambio de dejarlos trabajar.\u00a0<\/strong><\/p>\n<p>Adem\u00e1s, se evidenci\u00f3 que para presionar los pagos il\u00edcitos varias de las fachadas de los establecimientos comerciales <strong>habr\u00edan sido\u00a0 atacadas con armas de fuego o explosivos.<\/strong><\/p>\n<p>Tambi\u00e9n se conoci\u00f3 que un minero debi\u00f3 abandonar el municipio de Santo Domingo luego de ser v\u00edctima de un atentado contra su vida, el 23 de agosto de 2023.<\/p>\n<p>Los procesados fueron capturados por servidores del Gaula de la Polic\u00eda Nacional durante\u00a0 diligencias de allanamiento, en las que les <strong>incautaron una granada de fragmentaci\u00f3n y 13 proyectiles para armamento de corto y largo alcance,<\/strong> entre otros elementos.<\/p>\n<p>Seg\u00fan su responsabilidad individual,\u00a0 los procesados deber\u00e1n responder por <a href=\"https:\/\/www.fiscalia.gov.co\/colombia\/noticias\/a-la-carcel-hombre-que-estaria-cobrando-extorsiones-a-nombre-del-eln-en-el-oriente-antioqueno\/\">los delitos de concierto para delinquir agravado, extorsi\u00f3n<\/a>, desplazamiento forzado, tr\u00e1fico de estupefacientes y porte ilegal de armas y municiones de defensa personal y de uso privativo de las Fuerzas Militares.\u00a0 Ninguno de los investigados se allan\u00f3 a los cargos imputados.<\/p>\n<p>Esta informaci\u00f3n se publica por razones de inter\u00e9s general.<\/p>\n<p align=\"right\">\n<p align=\"right\">\n<p align=\"right\">\n<p align=\"right\">\n<p style=\"text-align: left;\" align=\"right\">LFML\/AA\/LMFO\/CFG\/DSA<\/p>\n<p id=\"m_-8399999416519490177x_x_divRplyFwdMsg\" dir=\"ltr\">\n<p id=\"m_-8399999416519490177x_x_x_appendonsend\">\n<p>&nbsp;<\/p>\n<p>&nbsp;<\/p>\n<p>&nbsp;<\/p>\n<div class=\"td-post-content tagdiv-type\">\n<div class=\"td-post-content tagdiv-type\">\n<div class=\"td-post-content tagdiv-type\">\n<div class=\"td-post-content tagdiv-type\">\n<p><em>La informaci\u00f3n contenida en este bolet\u00edn de prensa corresponde a la narraci\u00f3n de los hechos noticiosos objetivos, suministrados por los funcionarios encargados de adelantar las investigaciones penales al interior de la Fiscal\u00eda General de la Naci\u00f3n. Para el momento de la divulgaci\u00f3n de este comunicado, la situaci\u00f3n jur\u00eddica de la(s) persona(s) relacionada(s) se encuentra pendiente de resolver por la autoridad judicial competente, siempre bajo los preceptos de la presunci\u00f3n de inocencia, consagrados en el art\u00edculo 29 de la Constituci\u00f3n Pol\u00edtica y el art\u00edculo 7\u00ba de la Ley 906 de 2004.<\/em><\/p>\n<\/div>\n<\/div>\n<\/div>\n<\/div>\n<footer>\n<div class=\"td-post-source-tags\"><\/div>\n<div class=\"td-post-sharing-bottom\"><\/div>\n<\/footer>\n\n<div class=\"twitter-share\"><a href=\"https:\/\/twitter.com\/intent\/tweet?via=fiscaliacol\" class=\"twitter-share-button\">Tweet<\/a><\/div>\n","protected":false},"excerpt":{"rendered":"<p>A las v\u00edctimas les disparaban o les lanzaban explosivos a \u00a0sus establecimientos comerciales para presionar los pagos il\u00edcitos. Por solicitud de un fiscal de la seccional Antioquia, un juez de control de garant\u00edas impuso medida de aseguramiento en centro de reclusi\u00f3n en contra de siete presuntos integrantes de un grupo delincuencial conocido como \u2018La Vega\u2019, [&hellip;]<\/p>\n","protected":false},"author":177,"featured_media":0,"comment_status":"closed","ping_status":"open","sticky":false,"template":"","format":"standard","meta":{"_price":"","_stock":"","_tribe_ticket_header":"","_tribe_default_ticket_provider":"","_tribe_ticket_capacity":"0","_ticket_start_date":"","_ticket_end_date":"","_tribe_ticket_show_description":"","_tribe_ticket_show_not_going":false,"_tribe_ticket_use_global_stock":"","_tribe_ticket_global_stock_level":"","_global_stock_mode":"","_global_stock_cap":"","_tribe_rsvp_for_event":"","_tribe_ticket_going_count":"","_tribe_ticket_not_going_count":"","_tribe_tickets_list":"[]","_tribe_ticket_has_attendee_info_fields":false,"tdm_status":"","tdm_grid_status":"","footnotes":""},"categories":[1,318,303,24099],"tags":[37978,37980,37979,871,1047,25489,7439,35282],"class_list":{"0":"post-296346","1":"post","2":"type-post","3":"status-publish","4":"format-standard","6":"category-noticias","7":"category-seccional-antioquia","8":"category-seccionales","9":"category-seguridad-territorial","10":"tag-7-presuntos-integrantes-de-banda-crimina-la-vega","11":"tag-ataque-a-establecimientos-comerciales","12":"tag-comerciantes-y-mineros-del-nordeste-antioqueno","13":"tag-extorion","14":"tag-fiscalia-general-de-la-nacion","15":"tag-gaula-policia-nacional","16":"tag-medida-intramuros","17":"tag-nordeste-antioqueno"},"yoast_head":"<!-- This site is optimized with the Yoast SEO plugin v24.3 - https:\/\/yoast.com\/wordpress\/plugins\/seo\/ -->\n<title>Fiscal\u00eda General de la Naci\u00f3n<\/title>\n<meta name=\"description\" content=\"P\u00e1gina oficial de la Fiscal\u00eda General de la Naci\u00f3n \u2013 Colombia. Garantizamos el acceso efectivo a la justicia, la verdad y la reparaci\u00f3n de las v\u00edctimas de los delitos.\" \/>\n<meta name=\"robots\" content=\"noindex, follow\" \/>\n<meta property=\"og:locale\" content=\"es_ES\" \/>\n<meta property=\"og:type\" content=\"article\" \/>\n<meta property=\"og:title\" content=\"Fiscal\u00eda General de la Naci\u00f3n\" \/>\n<meta property=\"og:description\" content=\"P\u00e1gina oficial de la Fiscal\u00eda General de la Naci\u00f3n \u2013 Colombia. Garantizamos el acceso efectivo a la justicia, la verdad y la reparaci\u00f3n de las v\u00edctimas de los delitos.\" \/>\n<meta property=\"og:url\" content=\"https:\/\/www.fiscalia.gov.co\/colombia\/noticias\/a-la-carcel-presuntos-integrantes-de-banda-dedicada-a-la-extorsion-de-comerciantes-y-mineros-del-nordeste-antioqueno\/\" \/>\n<meta property=\"og:site_name\" content=\"Fiscal\u00eda General de la Naci\u00f3n\" \/>\n<meta property=\"article:publisher\" content=\"https:\/\/www.facebook.com\/FiscaliaCol\" \/>\n<meta property=\"article:published_time\" content=\"2024-06-04T19:12:17+00:00\" \/>\n<meta name=\"author\" content=\"Jordan Leandro Oviedo Anzola\" \/>\n<meta name=\"twitter:card\" content=\"summary_large_image\" \/>\n<meta name=\"twitter:creator\" content=\"@FiscaliaCol\" \/>\n<meta name=\"twitter:site\" content=\"@FiscaliaCol\" \/>\n<meta name=\"twitter:label1\" content=\"Escrito por\" \/>\n\t<meta name=\"twitter:data1\" content=\"Jordan Leandro Oviedo Anzola\" \/>\n\t<meta name=\"twitter:label2\" content=\"Tiempo de lectura\" \/>\n\t<meta name=\"twitter:data2\" content=\"2 minutos\" \/>\n<script type=\"application\/ld+json\" class=\"yoast-schema-graph\">{\"@context\":\"https:\/\/schema.org\",\"@graph\":[{\"@type\":\"Article\",\"@id\":\"https:\/\/www.fiscalia.gov.co\/colombia\/noticias\/a-la-carcel-presuntos-integrantes-de-banda-dedicada-a-la-extorsion-de-comerciantes-y-mineros-del-nordeste-antioqueno\/#article\",\"isPartOf\":{\"@id\":\"https:\/\/www.fiscalia.gov.co\/colombia\/noticias\/a-la-carcel-presuntos-integrantes-de-banda-dedicada-a-la-extorsion-de-comerciantes-y-mineros-del-nordeste-antioqueno\/\"},\"author\":{\"name\":\"Jordan Leandro Oviedo Anzola\",\"@id\":\"https:\/\/www.fiscalia.gov.co\/colombia\/#\/schema\/person\/bf84402cf293a5393e9c70b111020b24\"},\"headline\":\"A la c\u00e1rcel presuntos integrantes de banda dedicada a la extorsi\u00f3n de comerciantes y mineros del Nordeste antioque\u00f1o\",\"datePublished\":\"2024-06-04T19:12:17+00:00\",\"dateModified\":\"2024-06-04T19:12:17+00:00\",\"mainEntityOfPage\":{\"@id\":\"https:\/\/www.fiscalia.gov.co\/colombia\/noticias\/a-la-carcel-presuntos-integrantes-de-banda-dedicada-a-la-extorsion-de-comerciantes-y-mineros-del-nordeste-antioqueno\/\"},\"wordCount\":445,\"publisher\":{\"@id\":\"https:\/\/www.fiscalia.gov.co\/colombia\/#organization\"},\"keywords\":[\"7 presuntos integrantes de banda crimina La Vega\",\"ataque a establecimientos comerciales\",\"comerciantes y mineros del nordeste antioque\u00f1o\",\"Extorsi\u00f3n\",\"Fiscal\u00eda General de la Naci\u00f3n\",\"GAULA POLIC\u00cdA NACIONAL\",\"medida intramuros\",\"nordeste antioque\u00f1o\"],\"articleSection\":[\"Noticias\",\"Seccional Antioquia\",\"Seccionales\",\"Seguridad territorial\"],\"inLanguage\":\"es-CO\"},{\"@type\":\"WebPage\",\"@id\":\"https:\/\/www.fiscalia.gov.co\/colombia\/noticias\/a-la-carcel-presuntos-integrantes-de-banda-dedicada-a-la-extorsion-de-comerciantes-y-mineros-del-nordeste-antioqueno\/\",\"url\":\"https:\/\/www.fiscalia.gov.co\/colombia\/noticias\/a-la-carcel-presuntos-integrantes-de-banda-dedicada-a-la-extorsion-de-comerciantes-y-mineros-del-nordeste-antioqueno\/\",\"name\":\"Fiscal\u00eda General de la Naci\u00f3n\",\"isPartOf\":{\"@id\":\"https:\/\/www.fiscalia.gov.co\/colombia\/#website\"},\"datePublished\":\"2024-06-04T19:12:17+00:00\",\"dateModified\":\"2024-06-04T19:12:17+00:00\",\"description\":\"P\u00e1gina oficial de la Fiscal\u00eda General de la Naci\u00f3n \u2013 Colombia. Garantizamos el acceso efectivo a la justicia, la verdad y la reparaci\u00f3n de las v\u00edctimas de los delitos.\",\"breadcrumb\":{\"@id\":\"https:\/\/www.fiscalia.gov.co\/colombia\/noticias\/a-la-carcel-presuntos-integrantes-de-banda-dedicada-a-la-extorsion-de-comerciantes-y-mineros-del-nordeste-antioqueno\/#breadcrumb\"},\"inLanguage\":\"es-CO\",\"potentialAction\":[{\"@type\":\"ReadAction\",\"target\":[\"https:\/\/www.fiscalia.gov.co\/colombia\/noticias\/a-la-carcel-presuntos-integrantes-de-banda-dedicada-a-la-extorsion-de-comerciantes-y-mineros-del-nordeste-antioqueno\/\"]}]},{\"@type\":\"BreadcrumbList\",\"@id\":\"https:\/\/www.fiscalia.gov.co\/colombia\/noticias\/a-la-carcel-presuntos-integrantes-de-banda-dedicada-a-la-extorsion-de-comerciantes-y-mineros-del-nordeste-antioqueno\/#breadcrumb\",\"itemListElement\":[{\"@type\":\"ListItem\",\"position\":1,\"name\":\"Home\",\"item\":\"https:\/\/www.fiscalia.gov.co\/colombia\/\"},{\"@type\":\"ListItem\",\"position\":2,\"name\":\"A la c\u00e1rcel presuntos integrantes de banda dedicada a la extorsi\u00f3n de comerciantes y mineros del Nordeste antioque\u00f1o\"}]},{\"@type\":\"WebSite\",\"@id\":\"https:\/\/www.fiscalia.gov.co\/colombia\/#website\",\"url\":\"https:\/\/www.fiscalia.gov.co\/colombia\/\",\"name\":\"Fiscal\u00eda General de la Naci\u00f3n\",\"description\":\"P\u00e1gina oficial de la Fiscal\u00eda General de la Naci\u00f3n \u2013 Colombia. Garantizamos el acceso efectivo a la justicia, la verdad y la reparaci\u00f3n de las v\u00edctimas de los delitos.\",\"publisher\":{\"@id\":\"https:\/\/www.fiscalia.gov.co\/colombia\/#organization\"},\"potentialAction\":[{\"@type\":\"SearchAction\",\"target\":{\"@type\":\"EntryPoint\",\"urlTemplate\":\"https:\/\/www.fiscalia.gov.co\/colombia\/?s={search_term_string}\"},\"query-input\":{\"@type\":\"PropertyValueSpecification\",\"valueRequired\":true,\"valueName\":\"search_term_string\"}}],\"inLanguage\":\"es-CO\"},{\"@type\":\"Organization\",\"@id\":\"https:\/\/www.fiscalia.gov.co\/colombia\/#organization\",\"name\":\"Fiscal\u00eda General de la Naci\u00f3n\",\"url\":\"https:\/\/www.fiscalia.gov.co\/colombia\/\",\"logo\":{\"@type\":\"ImageObject\",\"inLanguage\":\"es-CO\",\"@id\":\"https:\/\/www.fiscalia.gov.co\/colombia\/#\/schema\/logo\/image\/\",\"url\":\"https:\/\/www.fiscalia.gov.co\/colombia\/wp-content\/uploads\/LogoHorizontal_1.jpg\",\"contentUrl\":\"https:\/\/www.fiscalia.gov.co\/colombia\/wp-content\/uploads\/LogoHorizontal_1.jpg\",\"width\":300,\"height\":90,\"caption\":\"Fiscal\u00eda General de la Naci\u00f3n\"},\"image\":{\"@id\":\"https:\/\/www.fiscalia.gov.co\/colombia\/#\/schema\/logo\/image\/\"},\"sameAs\":[\"https:\/\/www.facebook.com\/FiscaliaCol\",\"https:\/\/x.com\/FiscaliaCol\",\"https:\/\/www.instagram.com\/fiscaliacol\",\"https:\/\/www.linkedin.com\/company\/fiscalia-general-de-la-naci-n\/\",\"https:\/\/youtube.com\/@fiscaliageneraldelanacion-4668?si=6nN79nyQICPU5iTh\"]},{\"@type\":\"Person\",\"@id\":\"https:\/\/www.fiscalia.gov.co\/colombia\/#\/schema\/person\/bf84402cf293a5393e9c70b111020b24\",\"name\":\"Jordan Leandro Oviedo Anzola\",\"image\":{\"@type\":\"ImageObject\",\"inLanguage\":\"es-CO\",\"@id\":\"https:\/\/www.fiscalia.gov.co\/colombia\/#\/schema\/person\/image\/\",\"url\":\"https:\/\/secure.gravatar.com\/avatar\/dabba4346fa9b9207d96adafa8f92721?s=96&d=mm&r=g\",\"contentUrl\":\"https:\/\/secure.gravatar.com\/avatar\/dabba4346fa9b9207d96adafa8f92721?s=96&d=mm&r=g\",\"caption\":\"Jordan Leandro Oviedo Anzola\"},\"url\":\"https:\/\/www.fiscalia.gov.co\/colombia\/author\/joviedo\/\"}]}<\/script>\n<!-- \/ Yoast SEO plugin. -->","yoast_head_json":{"title":"Fiscal\u00eda General de la Naci\u00f3n","description":"P\u00e1gina oficial de la Fiscal\u00eda General de la Naci\u00f3n \u2013 Colombia. Garantizamos el acceso efectivo a la justicia, la verdad y la reparaci\u00f3n de las v\u00edctimas de los delitos.","robots":{"index":"noindex","follow":"follow"},"og_locale":"es_ES","og_type":"article","og_title":"Fiscal\u00eda General de la Naci\u00f3n","og_description":"P\u00e1gina oficial de la Fiscal\u00eda General de la Naci\u00f3n \u2013 Colombia. Garantizamos el acceso efectivo a la justicia, la verdad y la reparaci\u00f3n de las v\u00edctimas de los delitos.","og_url":"https:\/\/www.fiscalia.gov.co\/colombia\/noticias\/a-la-carcel-presuntos-integrantes-de-banda-dedicada-a-la-extorsion-de-comerciantes-y-mineros-del-nordeste-antioqueno\/","og_site_name":"Fiscal\u00eda General de la Naci\u00f3n","article_publisher":"https:\/\/www.facebook.com\/FiscaliaCol","article_published_time":"2024-06-04T19:12:17+00:00","author":"Jordan Leandro Oviedo Anzola","twitter_card":"summary_large_image","twitter_creator":"@FiscaliaCol","twitter_site":"@FiscaliaCol","twitter_misc":{"Escrito por":"Jordan Leandro Oviedo Anzola","Tiempo de lectura":"2 minutos"},"schema":{"@context":"https:\/\/schema.org","@graph":[{"@type":"Article","@id":"https:\/\/www.fiscalia.gov.co\/colombia\/noticias\/a-la-carcel-presuntos-integrantes-de-banda-dedicada-a-la-extorsion-de-comerciantes-y-mineros-del-nordeste-antioqueno\/#article","isPartOf":{"@id":"https:\/\/www.fiscalia.gov.co\/colombia\/noticias\/a-la-carcel-presuntos-integrantes-de-banda-dedicada-a-la-extorsion-de-comerciantes-y-mineros-del-nordeste-antioqueno\/"},"author":{"name":"Jordan Leandro Oviedo Anzola","@id":"https:\/\/www.fiscalia.gov.co\/colombia\/#\/schema\/person\/bf84402cf293a5393e9c70b111020b24"},"headline":"A la c\u00e1rcel presuntos integrantes de banda dedicada a la extorsi\u00f3n de comerciantes y mineros del Nordeste antioque\u00f1o","datePublished":"2024-06-04T19:12:17+00:00","dateModified":"2024-06-04T19:12:17+00:00","mainEntityOfPage":{"@id":"https:\/\/www.fiscalia.gov.co\/colombia\/noticias\/a-la-carcel-presuntos-integrantes-de-banda-dedicada-a-la-extorsion-de-comerciantes-y-mineros-del-nordeste-antioqueno\/"},"wordCount":445,"publisher":{"@id":"https:\/\/www.fiscalia.gov.co\/colombia\/#organization"},"keywords":["7 presuntos integrantes de banda crimina La Vega","ataque a establecimientos comerciales","comerciantes y mineros del nordeste antioque\u00f1o","Extorsi\u00f3n","Fiscal\u00eda General de la Naci\u00f3n","GAULA POLIC\u00cdA NACIONAL","medida intramuros","nordeste antioque\u00f1o"],"articleSection":["Noticias","Seccional Antioquia","Seccionales","Seguridad territorial"],"inLanguage":"es-CO"},{"@type":"WebPage","@id":"https:\/\/www.fiscalia.gov.co\/colombia\/noticias\/a-la-carcel-presuntos-integrantes-de-banda-dedicada-a-la-extorsion-de-comerciantes-y-mineros-del-nordeste-antioqueno\/","url":"https:\/\/www.fiscalia.gov.co\/colombia\/noticias\/a-la-carcel-presuntos-integrantes-de-banda-dedicada-a-la-extorsion-de-comerciantes-y-mineros-del-nordeste-antioqueno\/","name":"Fiscal\u00eda General de la Naci\u00f3n","isPartOf":{"@id":"https:\/\/www.fiscalia.gov.co\/colombia\/#website"},"datePublished":"2024-06-04T19:12:17+00:00","dateModified":"2024-06-04T19:12:17+00:00","description":"P\u00e1gina oficial de la Fiscal\u00eda General de la Naci\u00f3n \u2013 Colombia. Garantizamos el acceso efectivo a la justicia, la verdad y la reparaci\u00f3n de las v\u00edctimas de los delitos.","breadcrumb":{"@id":"https:\/\/www.fiscalia.gov.co\/colombia\/noticias\/a-la-carcel-presuntos-integrantes-de-banda-dedicada-a-la-extorsion-de-comerciantes-y-mineros-del-nordeste-antioqueno\/#breadcrumb"},"inLanguage":"es-CO","potentialAction":[{"@type":"ReadAction","target":["https:\/\/www.fiscalia.gov.co\/colombia\/noticias\/a-la-carcel-presuntos-integrantes-de-banda-dedicada-a-la-extorsion-de-comerciantes-y-mineros-del-nordeste-antioqueno\/"]}]},{"@type":"BreadcrumbList","@id":"https:\/\/www.fiscalia.gov.co\/colombia\/noticias\/a-la-carcel-presuntos-integrantes-de-banda-dedicada-a-la-extorsion-de-comerciantes-y-mineros-del-nordeste-antioqueno\/#breadcrumb","itemListElement":[{"@type":"ListItem","position":1,"name":"Home","item":"https:\/\/www.fiscalia.gov.co\/colombia\/"},{"@type":"ListItem","position":2,"name":"A la c\u00e1rcel presuntos integrantes de banda dedicada a la extorsi\u00f3n de comerciantes y mineros del Nordeste antioque\u00f1o"}]},{"@type":"WebSite","@id":"https:\/\/www.fiscalia.gov.co\/colombia\/#website","url":"https:\/\/www.fiscalia.gov.co\/colombia\/","name":"Fiscal\u00eda General de la Naci\u00f3n","description":"P\u00e1gina oficial de la Fiscal\u00eda General de la Naci\u00f3n \u2013 Colombia. Garantizamos el acceso efectivo a la justicia, la verdad y la reparaci\u00f3n de las v\u00edctimas de los delitos.","publisher":{"@id":"https:\/\/www.fiscalia.gov.co\/colombia\/#organization"},"potentialAction":[{"@type":"SearchAction","target":{"@type":"EntryPoint","urlTemplate":"https:\/\/www.fiscalia.gov.co\/colombia\/?s={search_term_string}"},"query-input":{"@type":"PropertyValueSpecification","valueRequired":true,"valueName":"search_term_string"}}],"inLanguage":"es-CO"},{"@type":"Organization","@id":"https:\/\/www.fiscalia.gov.co\/colombia\/#organization","name":"Fiscal\u00eda General de la Naci\u00f3n","url":"https:\/\/www.fiscalia.gov.co\/colombia\/","logo":{"@type":"ImageObject","inLanguage":"es-CO","@id":"https:\/\/www.fiscalia.gov.co\/colombia\/#\/schema\/logo\/image\/","url":"https:\/\/www.fiscalia.gov.co\/colombia\/wp-content\/uploads\/LogoHorizontal_1.jpg","contentUrl":"https:\/\/www.fiscalia.gov.co\/colombia\/wp-content\/uploads\/LogoHorizontal_1.jpg","width":300,"height":90,"caption":"Fiscal\u00eda General de la Naci\u00f3n"},"image":{"@id":"https:\/\/www.fiscalia.gov.co\/colombia\/#\/schema\/logo\/image\/"},"sameAs":["https:\/\/www.facebook.com\/FiscaliaCol","https:\/\/x.com\/FiscaliaCol","https:\/\/www.instagram.com\/fiscaliacol","https:\/\/www.linkedin.com\/company\/fiscalia-general-de-la-naci-n\/","https:\/\/youtube.com\/@fiscaliageneraldelanacion-4668?si=6nN79nyQICPU5iTh"]},{"@type":"Person","@id":"https:\/\/www.fiscalia.gov.co\/colombia\/#\/schema\/person\/bf84402cf293a5393e9c70b111020b24","name":"Jordan Leandro Oviedo Anzola","image":{"@type":"ImageObject","inLanguage":"es-CO","@id":"https:\/\/www.fiscalia.gov.co\/colombia\/#\/schema\/person\/image\/","url":"https:\/\/secure.gravatar.com\/avatar\/dabba4346fa9b9207d96adafa8f92721?s=96&d=mm&r=g","contentUrl":"https:\/\/secure.gravatar.com\/avatar\/dabba4346fa9b9207d96adafa8f92721?s=96&d=mm&r=g","caption":"Jordan Leandro Oviedo Anzola"},"url":"https:\/\/www.fiscalia.gov.co\/colombia\/author\/joviedo\/"}]}},"_links":{"self":[{"href":"https:\/\/www.fiscalia.gov.co\/colombia\/wp-json\/wp\/v2\/posts\/296346","targetHints":{"allow":["GET"]}}],"collection":[{"href":"https:\/\/www.fiscalia.gov.co\/colombia\/wp-json\/wp\/v2\/posts"}],"about":[{"href":"https:\/\/www.fiscalia.gov.co\/colombia\/wp-json\/wp\/v2\/types\/post"}],"author":[{"embeddable":true,"href":"https:\/\/www.fiscalia.gov.co\/colombia\/wp-json\/wp\/v2\/users\/177"}],"replies":[{"embeddable":true,"href":"https:\/\/www.fiscalia.gov.co\/colombia\/wp-json\/wp\/v2\/comments?post=296346"}],"version-history":[{"count":1,"href":"https:\/\/www.fiscalia.gov.co\/colombia\/wp-json\/wp\/v2\/posts\/296346\/revisions"}],"predecessor-version":[{"id":296349,"href":"https:\/\/www.fiscalia.gov.co\/colombia\/wp-json\/wp\/v2\/posts\/296346\/revisions\/296349"}],"wp:attachment":[{"href":"https:\/\/www.fiscalia.gov.co\/colombia\/wp-json\/wp\/v2\/media?parent=296346"}],"wp:term":[{"taxonomy":"category","embeddable":true,"href":"https:\/\/www.fiscalia.gov.co\/colombia\/wp-json\/wp\/v2\/categories?post=296346"},{"taxonomy":"post_tag","embeddable":true,"href":"https:\/\/www.fiscalia.gov.co\/colombia\/wp-json\/wp\/v2\/tags?post=296346"}],"curies":[{"name":"wp","href":"https:\/\/api.w.org\/{rel}","templated":true}]}}