{"id":296126,"date":"2024-05-30T09:24:56","date_gmt":"2024-05-30T14:24:56","guid":{"rendered":"https:\/\/www.fiscalia.gov.co\/colombia\/?p=296126"},"modified":"2024-05-30T09:24:56","modified_gmt":"2024-05-30T14:24:56","slug":"a-la-carcel-cinco-personas-involucradas-en-el-secuestro-y-hurto-a-un-guia-turistico-en-medellin","status":"publish","type":"post","link":"https:\/\/www.fiscalia.gov.co\/colombia\/noticias\/a-la-carcel-cinco-personas-involucradas-en-el-secuestro-y-hurto-a-un-guia-turistico-en-medellin\/","title":{"rendered":"A la c\u00e1rcel cinco personas involucradas en el secuestro y hurto a un gu\u00eda tur\u00edstico en Medell\u00edn"},"content":{"rendered":"<div>Por solicitud de la Fiscal\u00eda General\u00a0 de la Naci\u00f3n, un juez de control de garant\u00edas impuso medida de aseguramiento en centro de reclusi\u00f3n a cinco personas que habr\u00edan participado en el secuestro y hurto \u00a0a un \u00a0gu\u00eda tur\u00edstico en Medell\u00edn (Antioquia).<\/div>\n<div><\/div>\n<div>Los hechos investigados ocurrieron la tarde del pasado 28 de abril cuando la v\u00edctima fue contactada para acompa\u00f1ar a unos ciudadanos australianos.<\/div>\n<div><\/div>\n<div>Al llegar al barrio El Poblado de Medell\u00edn, el gu\u00eda tur\u00edstico fue recogido por un taxi en el que, al parecer, fue intimidado con armas blancas y de fuego para que entregara sus pertenencias y su tel\u00e9fono celular.<\/div>\n<div>\n<figure id=\"attachment_296128\" aria-describedby=\"caption-attachment-296128\" style=\"width: 458px\" class=\"wp-caption aligncenter\"><img loading=\"lazy\" decoding=\"async\" class=\" wp-image-296128\" src=\"https:\/\/www.fiscalia.gov.co\/colombia\/wp-content\/uploads\/Derbis-David-Hernandez-Duran-Oriana-Michel-Mendible-Morales-y-Yuraima-Elizabeth-Estupinan-Alvarado.-Santiago-Asprilla-Castro-y-Andres-Felipe-Alvarez-Carrascal-alias-Patron-300x169.jpg\" alt=\" En la imagen est\u00e1n los 3 hombre y las 2 mujeres investigados por el secuestro de un gu\u00eda tur\u00edstico con 2 servidores de la Polic\u00eda Nacional\" width=\"458\" height=\"258\" srcset=\"https:\/\/www.fiscalia.gov.co\/colombia\/wp-content\/uploads\/Derbis-David-Hernandez-Duran-Oriana-Michel-Mendible-Morales-y-Yuraima-Elizabeth-Estupinan-Alvarado.-Santiago-Asprilla-Castro-y-Andres-Felipe-Alvarez-Carrascal-alias-Patron-300x169.jpg 300w, https:\/\/www.fiscalia.gov.co\/colombia\/wp-content\/uploads\/Derbis-David-Hernandez-Duran-Oriana-Michel-Mendible-Morales-y-Yuraima-Elizabeth-Estupinan-Alvarado.-Santiago-Asprilla-Castro-y-Andres-Felipe-Alvarez-Carrascal-alias-Patron-1024x576.jpg 1024w, https:\/\/www.fiscalia.gov.co\/colombia\/wp-content\/uploads\/Derbis-David-Hernandez-Duran-Oriana-Michel-Mendible-Morales-y-Yuraima-Elizabeth-Estupinan-Alvarado.-Santiago-Asprilla-Castro-y-Andres-Felipe-Alvarez-Carrascal-alias-Patron-768x432.jpg 768w, https:\/\/www.fiscalia.gov.co\/colombia\/wp-content\/uploads\/Derbis-David-Hernandez-Duran-Oriana-Michel-Mendible-Morales-y-Yuraima-Elizabeth-Estupinan-Alvarado.-Santiago-Asprilla-Castro-y-Andres-Felipe-Alvarez-Carrascal-alias-Patron-1536x864.jpg 1536w, https:\/\/www.fiscalia.gov.co\/colombia\/wp-content\/uploads\/Derbis-David-Hernandez-Duran-Oriana-Michel-Mendible-Morales-y-Yuraima-Elizabeth-Estupinan-Alvarado.-Santiago-Asprilla-Castro-y-Andres-Felipe-Alvarez-Carrascal-alias-Patron-696x392.jpg 696w, https:\/\/www.fiscalia.gov.co\/colombia\/wp-content\/uploads\/Derbis-David-Hernandez-Duran-Oriana-Michel-Mendible-Morales-y-Yuraima-Elizabeth-Estupinan-Alvarado.-Santiago-Asprilla-Castro-y-Andres-Felipe-Alvarez-Carrascal-alias-Patron-1068x601.jpg 1068w, https:\/\/www.fiscalia.gov.co\/colombia\/wp-content\/uploads\/Derbis-David-Hernandez-Duran-Oriana-Michel-Mendible-Morales-y-Yuraima-Elizabeth-Estupinan-Alvarado.-Santiago-Asprilla-Castro-y-Andres-Felipe-Alvarez-Carrascal-alias-Patron-747x420.jpg 747w, https:\/\/www.fiscalia.gov.co\/colombia\/wp-content\/uploads\/Derbis-David-Hernandez-Duran-Oriana-Michel-Mendible-Morales-y-Yuraima-Elizabeth-Estupinan-Alvarado.-Santiago-Asprilla-Castro-y-Andres-Felipe-Alvarez-Carrascal-alias-Patron.jpg 1600w\" sizes=\"auto, (max-width: 458px) 100vw, 458px\" \/><figcaption id=\"caption-attachment-296128\" class=\"wp-caption-text\">A la c\u00e1rcel tres extranjeros y dos colombianos investigados por el secuestro y hurto a un gu\u00eda tur\u00edstico en Medell\u00edn<\/figcaption><\/figure>\n<\/div>\n<div><\/div>\n<div>Los investigadores establecieron que uno de los asaltantes al parecer grab\u00f3 las actividades il\u00edcitas y llam\u00f3 a un hombre conocido con el alias de Patr\u00f3n, quien orden\u00f3 golpear al retenido y despojarlo de los elementos que portaba, incluido sus documentos de identificaci\u00f3n.<\/div>\n<div><\/div>\n<div>Minutos despu\u00e9s, el secuestrado ser\u00eda lanzado desde el veh\u00edculo de servicio p\u00fablico en un sector del barrio Guayabal.<\/div>\n<div><\/div>\n<div>Estas cinco personas fueron capturadas mediante orden judicial por servidores del Gaula de la Polic\u00eda Nacional. Tres son mujeres de nacionalidad venezolana: Derbis David Hern\u00e1ndez Dur\u00e1n, Oriana Michel Mendible Morales y Yuraima Elizabeth Estupi\u00f1\u00e1n Alvarado. Los otros dos son colombianos: Santiago Asprilla Castro y Andr\u00e9s Felipe \u00c1lvarez Carrascal, alias Patr\u00f3n.<\/div>\n<div><\/div>\n<div>Durante las audiencias no se allanaron a los cargos imputados por la Fiscal\u00eda por los delitos de secuestro simple y hurto calificado y agravado.<\/div>\n<div><\/div>\n<div>Adem\u00e1s, la Fiscal\u00eda orden\u00f3 compulsar copias para que se investigue a \u00c1lvarez Carrascal por el delito de pornograf\u00eda con persona menor de 18 a\u00f1os, toda vez que en su celular fueron halladas im\u00e1genes que podr\u00edan comprometerlo con esa actividad il\u00edcita.<\/div>\n<div><\/div>\n<div>La Fiscal\u00eda publica esta informaci\u00f3n por inter\u00e9s general.<\/div>\n<div><\/div>\n<div><\/div>\n<div><\/div>\n<div><\/div>\n<div><\/div>\n<div>NAMT\/GV\/LMFO\/CFG\/DSM<\/div>\n<div><\/div>\n<div><\/div>\n<div><\/div>\n<div><\/div>\n<div><\/div>\n<div><em>La informaci\u00f3n contenida en este bolet\u00edn de prensa corresponde a la narraci\u00f3n de los hechos noticiosos objetivos, suministrados por los funcionarios encargados de adelantar las investigaciones penales al interior de la Fiscal\u00eda General de la Naci\u00f3n. Para el momento de la divulgaci\u00f3n de este comunicado, la situaci\u00f3n jur\u00eddica de la(s) persona(s) relacionada(s) se encuentra pendiente de resolver por la autoridad judicial competente, siempre bajo los preceptos de la presunci\u00f3n de inocencia, consagrados en el art\u00edculo 29 de la Constituci\u00f3n Pol\u00edtica y el art\u00edculo 7\u00ba de la Ley 906 de 2004.<\/em><\/div>\n\n<div class=\"twitter-share\"><a href=\"https:\/\/twitter.com\/intent\/tweet?via=fiscaliacol\" class=\"twitter-share-button\">Tweet<\/a><\/div>\n","protected":false},"excerpt":{"rendered":"<p>Por solicitud de la Fiscal\u00eda General\u00a0 de la Naci\u00f3n, un juez de control de garant\u00edas impuso medida de aseguramiento en centro de reclusi\u00f3n a cinco personas que habr\u00edan participado en el secuestro y hurto \u00a0a un \u00a0gu\u00eda tur\u00edstico en Medell\u00edn (Antioquia). Los hechos investigados ocurrieron la tarde del pasado 28 de abril cuando la v\u00edctima [&hellip;]<\/p>\n","protected":false},"author":178,"featured_media":0,"comment_status":"closed","ping_status":"open","sticky":false,"template":"","format":"standard","meta":{"tdm_status":"","tdm_grid_status":"","footnotes":""},"categories":[1,24099],"tags":[37492,1047,23985],"class_list":{"0":"post-296126","1":"post","2":"type-post","3":"status-publish","4":"format-standard","6":"category-noticias","7":"category-seguridad-territorial","8":"tag-fiscal-luz-adriana-camargo","9":"tag-fiscalia-general-de-la-nacion","10":"tag-medellin-antioquia"},"yoast_head":"<!-- This site is optimized with the Yoast SEO plugin v24.3 - https:\/\/yoast.com\/wordpress\/plugins\/seo\/ -->\n<title>Fiscal\u00eda General de la Naci\u00f3n<\/title>\n<meta name=\"description\" content=\"P\u00e1gina oficial de la Fiscal\u00eda General de la Naci\u00f3n \u2013 Colombia. Garantizamos el acceso efectivo a la justicia, la verdad y la reparaci\u00f3n de las v\u00edctimas de los delitos.\" \/>\n<meta name=\"robots\" content=\"noindex, follow\" \/>\n<meta property=\"og:locale\" content=\"es_ES\" \/>\n<meta property=\"og:type\" content=\"article\" \/>\n<meta property=\"og:title\" content=\"Fiscal\u00eda General de la Naci\u00f3n\" \/>\n<meta property=\"og:description\" content=\"P\u00e1gina oficial de la Fiscal\u00eda General de la Naci\u00f3n \u2013 Colombia. Garantizamos el acceso efectivo a la justicia, la verdad y la reparaci\u00f3n de las v\u00edctimas de los delitos.\" \/>\n<meta property=\"og:url\" content=\"https:\/\/www.fiscalia.gov.co\/colombia\/noticias\/a-la-carcel-cinco-personas-involucradas-en-el-secuestro-y-hurto-a-un-guia-turistico-en-medellin\/\" \/>\n<meta property=\"og:site_name\" content=\"Fiscal\u00eda General de la Naci\u00f3n\" \/>\n<meta property=\"article:publisher\" content=\"https:\/\/www.facebook.com\/FiscaliaCol\" \/>\n<meta property=\"article:published_time\" content=\"2024-05-30T14:24:56+00:00\" \/>\n<meta property=\"og:image\" content=\"https:\/\/www.fiscalia.gov.co\/colombia\/wp-content\/uploads\/Derbis-David-Hernandez-Duran-Oriana-Michel-Mendible-Morales-y-Yuraima-Elizabeth-Estupinan-Alvarado.-Santiago-Asprilla-Castro-y-Andres-Felipe-Alvarez-Carrascal-alias-Patron-300x169.jpg\" \/>\n<meta name=\"author\" content=\"Winnie Geraldine Rodr\u00edguez Navarrete\" \/>\n<meta name=\"twitter:card\" content=\"summary_large_image\" \/>\n<meta name=\"twitter:creator\" content=\"@FiscaliaCol\" \/>\n<meta name=\"twitter:site\" content=\"@FiscaliaCol\" \/>\n<meta name=\"twitter:label1\" content=\"Escrito por\" \/>\n\t<meta name=\"twitter:data1\" content=\"Winnie Geraldine Rodr\u00edguez Navarrete\" \/>\n\t<meta name=\"twitter:label2\" content=\"Tiempo de lectura\" \/>\n\t<meta name=\"twitter:data2\" content=\"3 minutos\" \/>\n<script type=\"application\/ld+json\" class=\"yoast-schema-graph\">{\"@context\":\"https:\/\/schema.org\",\"@graph\":[{\"@type\":\"Article\",\"@id\":\"https:\/\/www.fiscalia.gov.co\/colombia\/noticias\/a-la-carcel-cinco-personas-involucradas-en-el-secuestro-y-hurto-a-un-guia-turistico-en-medellin\/#article\",\"isPartOf\":{\"@id\":\"https:\/\/www.fiscalia.gov.co\/colombia\/noticias\/a-la-carcel-cinco-personas-involucradas-en-el-secuestro-y-hurto-a-un-guia-turistico-en-medellin\/\"},\"author\":{\"name\":\"Winnie Geraldine Rodr\u00edguez Navarrete\",\"@id\":\"https:\/\/www.fiscalia.gov.co\/colombia\/#\/schema\/person\/176195b99ebab0a52aafa15197e1bf80\"},\"headline\":\"A la c\u00e1rcel cinco personas involucradas en el secuestro y hurto a un gu\u00eda tur\u00edstico en Medell\u00edn\",\"datePublished\":\"2024-05-30T14:24:56+00:00\",\"dateModified\":\"2024-05-30T14:24:56+00:00\",\"mainEntityOfPage\":{\"@id\":\"https:\/\/www.fiscalia.gov.co\/colombia\/noticias\/a-la-carcel-cinco-personas-involucradas-en-el-secuestro-y-hurto-a-un-guia-turistico-en-medellin\/\"},\"wordCount\":478,\"publisher\":{\"@id\":\"https:\/\/www.fiscalia.gov.co\/colombia\/#organization\"},\"image\":{\"@id\":\"https:\/\/www.fiscalia.gov.co\/colombia\/noticias\/a-la-carcel-cinco-personas-involucradas-en-el-secuestro-y-hurto-a-un-guia-turistico-en-medellin\/#primaryimage\"},\"thumbnailUrl\":\"https:\/\/www.fiscalia.gov.co\/colombia\/wp-content\/uploads\/Derbis-David-Hernandez-Duran-Oriana-Michel-Mendible-Morales-y-Yuraima-Elizabeth-Estupinan-Alvarado.-Santiago-Asprilla-Castro-y-Andres-Felipe-Alvarez-Carrascal-alias-Patron-300x169.jpg\",\"keywords\":[\"Fiscal Luz Adriana Camargo\",\"Fiscal\u00eda General de la Naci\u00f3n\",\"Medell\u00edn (Antioquia)\"],\"articleSection\":[\"Noticias\",\"Seguridad territorial\"],\"inLanguage\":\"es-CO\"},{\"@type\":\"WebPage\",\"@id\":\"https:\/\/www.fiscalia.gov.co\/colombia\/noticias\/a-la-carcel-cinco-personas-involucradas-en-el-secuestro-y-hurto-a-un-guia-turistico-en-medellin\/\",\"url\":\"https:\/\/www.fiscalia.gov.co\/colombia\/noticias\/a-la-carcel-cinco-personas-involucradas-en-el-secuestro-y-hurto-a-un-guia-turistico-en-medellin\/\",\"name\":\"Fiscal\u00eda General de la Naci\u00f3n\",\"isPartOf\":{\"@id\":\"https:\/\/www.fiscalia.gov.co\/colombia\/#website\"},\"primaryImageOfPage\":{\"@id\":\"https:\/\/www.fiscalia.gov.co\/colombia\/noticias\/a-la-carcel-cinco-personas-involucradas-en-el-secuestro-y-hurto-a-un-guia-turistico-en-medellin\/#primaryimage\"},\"image\":{\"@id\":\"https:\/\/www.fiscalia.gov.co\/colombia\/noticias\/a-la-carcel-cinco-personas-involucradas-en-el-secuestro-y-hurto-a-un-guia-turistico-en-medellin\/#primaryimage\"},\"thumbnailUrl\":\"https:\/\/www.fiscalia.gov.co\/colombia\/wp-content\/uploads\/Derbis-David-Hernandez-Duran-Oriana-Michel-Mendible-Morales-y-Yuraima-Elizabeth-Estupinan-Alvarado.-Santiago-Asprilla-Castro-y-Andres-Felipe-Alvarez-Carrascal-alias-Patron-300x169.jpg\",\"datePublished\":\"2024-05-30T14:24:56+00:00\",\"dateModified\":\"2024-05-30T14:24:56+00:00\",\"description\":\"P\u00e1gina oficial de la Fiscal\u00eda General de la Naci\u00f3n \u2013 Colombia. Garantizamos el acceso efectivo a la justicia, la verdad y la reparaci\u00f3n de las v\u00edctimas de los delitos.\",\"breadcrumb\":{\"@id\":\"https:\/\/www.fiscalia.gov.co\/colombia\/noticias\/a-la-carcel-cinco-personas-involucradas-en-el-secuestro-y-hurto-a-un-guia-turistico-en-medellin\/#breadcrumb\"},\"inLanguage\":\"es-CO\",\"potentialAction\":[{\"@type\":\"ReadAction\",\"target\":[\"https:\/\/www.fiscalia.gov.co\/colombia\/noticias\/a-la-carcel-cinco-personas-involucradas-en-el-secuestro-y-hurto-a-un-guia-turistico-en-medellin\/\"]}]},{\"@type\":\"ImageObject\",\"inLanguage\":\"es-CO\",\"@id\":\"https:\/\/www.fiscalia.gov.co\/colombia\/noticias\/a-la-carcel-cinco-personas-involucradas-en-el-secuestro-y-hurto-a-un-guia-turistico-en-medellin\/#primaryimage\",\"url\":\"https:\/\/www.fiscalia.gov.co\/colombia\/wp-content\/uploads\/Derbis-David-Hernandez-Duran-Oriana-Michel-Mendible-Morales-y-Yuraima-Elizabeth-Estupinan-Alvarado.-Santiago-Asprilla-Castro-y-Andres-Felipe-Alvarez-Carrascal-alias-Patron.jpg\",\"contentUrl\":\"https:\/\/www.fiscalia.gov.co\/colombia\/wp-content\/uploads\/Derbis-David-Hernandez-Duran-Oriana-Michel-Mendible-Morales-y-Yuraima-Elizabeth-Estupinan-Alvarado.-Santiago-Asprilla-Castro-y-Andres-Felipe-Alvarez-Carrascal-alias-Patron.jpg\",\"width\":1600,\"height\":900,\"caption\":\"A la c\u00e1rcel tres extranjeros y dos colombianos investigados por el secuestro y hurto a un gu\u00eda tur\u00edstico en Medell\u00edn\"},{\"@type\":\"BreadcrumbList\",\"@id\":\"https:\/\/www.fiscalia.gov.co\/colombia\/noticias\/a-la-carcel-cinco-personas-involucradas-en-el-secuestro-y-hurto-a-un-guia-turistico-en-medellin\/#breadcrumb\",\"itemListElement\":[{\"@type\":\"ListItem\",\"position\":1,\"name\":\"Home\",\"item\":\"https:\/\/www.fiscalia.gov.co\/colombia\/\"},{\"@type\":\"ListItem\",\"position\":2,\"name\":\"A la c\u00e1rcel cinco personas involucradas en el secuestro y hurto a un gu\u00eda tur\u00edstico en Medell\u00edn\"}]},{\"@type\":\"WebSite\",\"@id\":\"https:\/\/www.fiscalia.gov.co\/colombia\/#website\",\"url\":\"https:\/\/www.fiscalia.gov.co\/colombia\/\",\"name\":\"Fiscal\u00eda General de la Naci\u00f3n\",\"description\":\"P\u00e1gina oficial de la Fiscal\u00eda General de la Naci\u00f3n \u2013 Colombia. Garantizamos el acceso efectivo a la justicia, la verdad y la reparaci\u00f3n de las v\u00edctimas de los delitos.\",\"publisher\":{\"@id\":\"https:\/\/www.fiscalia.gov.co\/colombia\/#organization\"},\"potentialAction\":[{\"@type\":\"SearchAction\",\"target\":{\"@type\":\"EntryPoint\",\"urlTemplate\":\"https:\/\/www.fiscalia.gov.co\/colombia\/?s={search_term_string}\"},\"query-input\":{\"@type\":\"PropertyValueSpecification\",\"valueRequired\":true,\"valueName\":\"search_term_string\"}}],\"inLanguage\":\"es-CO\"},{\"@type\":\"Organization\",\"@id\":\"https:\/\/www.fiscalia.gov.co\/colombia\/#organization\",\"name\":\"Fiscal\u00eda General de la Naci\u00f3n\",\"url\":\"https:\/\/www.fiscalia.gov.co\/colombia\/\",\"logo\":{\"@type\":\"ImageObject\",\"inLanguage\":\"es-CO\",\"@id\":\"https:\/\/www.fiscalia.gov.co\/colombia\/#\/schema\/logo\/image\/\",\"url\":\"https:\/\/www.fiscalia.gov.co\/colombia\/wp-content\/uploads\/LogoHorizontal_1.jpg\",\"contentUrl\":\"https:\/\/www.fiscalia.gov.co\/colombia\/wp-content\/uploads\/LogoHorizontal_1.jpg\",\"width\":300,\"height\":90,\"caption\":\"Fiscal\u00eda General de la Naci\u00f3n\"},\"image\":{\"@id\":\"https:\/\/www.fiscalia.gov.co\/colombia\/#\/schema\/logo\/image\/\"},\"sameAs\":[\"https:\/\/www.facebook.com\/FiscaliaCol\",\"https:\/\/x.com\/FiscaliaCol\",\"https:\/\/www.instagram.com\/fiscaliacol\",\"https:\/\/www.linkedin.com\/company\/fiscalia-general-de-la-naci-n\/\",\"https:\/\/youtube.com\/@fiscaliageneraldelanacion-4668?si=6nN79nyQICPU5iTh\"]},{\"@type\":\"Person\",\"@id\":\"https:\/\/www.fiscalia.gov.co\/colombia\/#\/schema\/person\/176195b99ebab0a52aafa15197e1bf80\",\"name\":\"Winnie Geraldine Rodr\u00edguez Navarrete\",\"image\":{\"@type\":\"ImageObject\",\"inLanguage\":\"es-CO\",\"@id\":\"https:\/\/www.fiscalia.gov.co\/colombia\/#\/schema\/person\/image\/\",\"url\":\"https:\/\/secure.gravatar.com\/avatar\/c24cf8481dc84fa5e8c7b20bc95ab0c6?s=96&d=mm&r=g\",\"contentUrl\":\"https:\/\/secure.gravatar.com\/avatar\/c24cf8481dc84fa5e8c7b20bc95ab0c6?s=96&d=mm&r=g\",\"caption\":\"Winnie Geraldine Rodr\u00edguez Navarrete\"},\"url\":\"https:\/\/www.fiscalia.gov.co\/colombia\/author\/winnierodriguez\/\"}]}<\/script>\n<!-- \/ Yoast SEO plugin. -->","yoast_head_json":{"title":"Fiscal\u00eda General de la Naci\u00f3n","description":"P\u00e1gina oficial de la Fiscal\u00eda General de la Naci\u00f3n \u2013 Colombia. Garantizamos el acceso efectivo a la justicia, la verdad y la reparaci\u00f3n de las v\u00edctimas de los delitos.","robots":{"index":"noindex","follow":"follow"},"og_locale":"es_ES","og_type":"article","og_title":"Fiscal\u00eda General de la Naci\u00f3n","og_description":"P\u00e1gina oficial de la Fiscal\u00eda General de la Naci\u00f3n \u2013 Colombia. Garantizamos el acceso efectivo a la justicia, la verdad y la reparaci\u00f3n de las v\u00edctimas de los delitos.","og_url":"https:\/\/www.fiscalia.gov.co\/colombia\/noticias\/a-la-carcel-cinco-personas-involucradas-en-el-secuestro-y-hurto-a-un-guia-turistico-en-medellin\/","og_site_name":"Fiscal\u00eda General de la Naci\u00f3n","article_publisher":"https:\/\/www.facebook.com\/FiscaliaCol","article_published_time":"2024-05-30T14:24:56+00:00","og_image":[{"url":"https:\/\/www.fiscalia.gov.co\/colombia\/wp-content\/uploads\/Derbis-David-Hernandez-Duran-Oriana-Michel-Mendible-Morales-y-Yuraima-Elizabeth-Estupinan-Alvarado.-Santiago-Asprilla-Castro-y-Andres-Felipe-Alvarez-Carrascal-alias-Patron-300x169.jpg","type":"","width":"","height":""}],"author":"Winnie Geraldine Rodr\u00edguez Navarrete","twitter_card":"summary_large_image","twitter_creator":"@FiscaliaCol","twitter_site":"@FiscaliaCol","twitter_misc":{"Escrito por":"Winnie Geraldine Rodr\u00edguez Navarrete","Tiempo de lectura":"3 minutos"},"schema":{"@context":"https:\/\/schema.org","@graph":[{"@type":"Article","@id":"https:\/\/www.fiscalia.gov.co\/colombia\/noticias\/a-la-carcel-cinco-personas-involucradas-en-el-secuestro-y-hurto-a-un-guia-turistico-en-medellin\/#article","isPartOf":{"@id":"https:\/\/www.fiscalia.gov.co\/colombia\/noticias\/a-la-carcel-cinco-personas-involucradas-en-el-secuestro-y-hurto-a-un-guia-turistico-en-medellin\/"},"author":{"name":"Winnie Geraldine Rodr\u00edguez Navarrete","@id":"https:\/\/www.fiscalia.gov.co\/colombia\/#\/schema\/person\/176195b99ebab0a52aafa15197e1bf80"},"headline":"A la c\u00e1rcel cinco personas involucradas en el secuestro y hurto a un gu\u00eda tur\u00edstico en Medell\u00edn","datePublished":"2024-05-30T14:24:56+00:00","dateModified":"2024-05-30T14:24:56+00:00","mainEntityOfPage":{"@id":"https:\/\/www.fiscalia.gov.co\/colombia\/noticias\/a-la-carcel-cinco-personas-involucradas-en-el-secuestro-y-hurto-a-un-guia-turistico-en-medellin\/"},"wordCount":478,"publisher":{"@id":"https:\/\/www.fiscalia.gov.co\/colombia\/#organization"},"image":{"@id":"https:\/\/www.fiscalia.gov.co\/colombia\/noticias\/a-la-carcel-cinco-personas-involucradas-en-el-secuestro-y-hurto-a-un-guia-turistico-en-medellin\/#primaryimage"},"thumbnailUrl":"https:\/\/www.fiscalia.gov.co\/colombia\/wp-content\/uploads\/Derbis-David-Hernandez-Duran-Oriana-Michel-Mendible-Morales-y-Yuraima-Elizabeth-Estupinan-Alvarado.-Santiago-Asprilla-Castro-y-Andres-Felipe-Alvarez-Carrascal-alias-Patron-300x169.jpg","keywords":["Fiscal Luz Adriana Camargo","Fiscal\u00eda General de la Naci\u00f3n","Medell\u00edn (Antioquia)"],"articleSection":["Noticias","Seguridad territorial"],"inLanguage":"es-CO"},{"@type":"WebPage","@id":"https:\/\/www.fiscalia.gov.co\/colombia\/noticias\/a-la-carcel-cinco-personas-involucradas-en-el-secuestro-y-hurto-a-un-guia-turistico-en-medellin\/","url":"https:\/\/www.fiscalia.gov.co\/colombia\/noticias\/a-la-carcel-cinco-personas-involucradas-en-el-secuestro-y-hurto-a-un-guia-turistico-en-medellin\/","name":"Fiscal\u00eda General de la Naci\u00f3n","isPartOf":{"@id":"https:\/\/www.fiscalia.gov.co\/colombia\/#website"},"primaryImageOfPage":{"@id":"https:\/\/www.fiscalia.gov.co\/colombia\/noticias\/a-la-carcel-cinco-personas-involucradas-en-el-secuestro-y-hurto-a-un-guia-turistico-en-medellin\/#primaryimage"},"image":{"@id":"https:\/\/www.fiscalia.gov.co\/colombia\/noticias\/a-la-carcel-cinco-personas-involucradas-en-el-secuestro-y-hurto-a-un-guia-turistico-en-medellin\/#primaryimage"},"thumbnailUrl":"https:\/\/www.fiscalia.gov.co\/colombia\/wp-content\/uploads\/Derbis-David-Hernandez-Duran-Oriana-Michel-Mendible-Morales-y-Yuraima-Elizabeth-Estupinan-Alvarado.-Santiago-Asprilla-Castro-y-Andres-Felipe-Alvarez-Carrascal-alias-Patron-300x169.jpg","datePublished":"2024-05-30T14:24:56+00:00","dateModified":"2024-05-30T14:24:56+00:00","description":"P\u00e1gina oficial de la Fiscal\u00eda General de la Naci\u00f3n \u2013 Colombia. Garantizamos el acceso efectivo a la justicia, la verdad y la reparaci\u00f3n de las v\u00edctimas de los delitos.","breadcrumb":{"@id":"https:\/\/www.fiscalia.gov.co\/colombia\/noticias\/a-la-carcel-cinco-personas-involucradas-en-el-secuestro-y-hurto-a-un-guia-turistico-en-medellin\/#breadcrumb"},"inLanguage":"es-CO","potentialAction":[{"@type":"ReadAction","target":["https:\/\/www.fiscalia.gov.co\/colombia\/noticias\/a-la-carcel-cinco-personas-involucradas-en-el-secuestro-y-hurto-a-un-guia-turistico-en-medellin\/"]}]},{"@type":"ImageObject","inLanguage":"es-CO","@id":"https:\/\/www.fiscalia.gov.co\/colombia\/noticias\/a-la-carcel-cinco-personas-involucradas-en-el-secuestro-y-hurto-a-un-guia-turistico-en-medellin\/#primaryimage","url":"https:\/\/www.fiscalia.gov.co\/colombia\/wp-content\/uploads\/Derbis-David-Hernandez-Duran-Oriana-Michel-Mendible-Morales-y-Yuraima-Elizabeth-Estupinan-Alvarado.-Santiago-Asprilla-Castro-y-Andres-Felipe-Alvarez-Carrascal-alias-Patron.jpg","contentUrl":"https:\/\/www.fiscalia.gov.co\/colombia\/wp-content\/uploads\/Derbis-David-Hernandez-Duran-Oriana-Michel-Mendible-Morales-y-Yuraima-Elizabeth-Estupinan-Alvarado.-Santiago-Asprilla-Castro-y-Andres-Felipe-Alvarez-Carrascal-alias-Patron.jpg","width":1600,"height":900,"caption":"A la c\u00e1rcel tres extranjeros y dos colombianos investigados por el secuestro y hurto a un gu\u00eda tur\u00edstico en Medell\u00edn"},{"@type":"BreadcrumbList","@id":"https:\/\/www.fiscalia.gov.co\/colombia\/noticias\/a-la-carcel-cinco-personas-involucradas-en-el-secuestro-y-hurto-a-un-guia-turistico-en-medellin\/#breadcrumb","itemListElement":[{"@type":"ListItem","position":1,"name":"Home","item":"https:\/\/www.fiscalia.gov.co\/colombia\/"},{"@type":"ListItem","position":2,"name":"A la c\u00e1rcel cinco personas involucradas en el secuestro y hurto a un gu\u00eda tur\u00edstico en Medell\u00edn"}]},{"@type":"WebSite","@id":"https:\/\/www.fiscalia.gov.co\/colombia\/#website","url":"https:\/\/www.fiscalia.gov.co\/colombia\/","name":"Fiscal\u00eda General de la Naci\u00f3n","description":"P\u00e1gina oficial de la Fiscal\u00eda General de la Naci\u00f3n \u2013 Colombia. Garantizamos el acceso efectivo a la justicia, la verdad y la reparaci\u00f3n de las v\u00edctimas de los delitos.","publisher":{"@id":"https:\/\/www.fiscalia.gov.co\/colombia\/#organization"},"potentialAction":[{"@type":"SearchAction","target":{"@type":"EntryPoint","urlTemplate":"https:\/\/www.fiscalia.gov.co\/colombia\/?s={search_term_string}"},"query-input":{"@type":"PropertyValueSpecification","valueRequired":true,"valueName":"search_term_string"}}],"inLanguage":"es-CO"},{"@type":"Organization","@id":"https:\/\/www.fiscalia.gov.co\/colombia\/#organization","name":"Fiscal\u00eda General de la Naci\u00f3n","url":"https:\/\/www.fiscalia.gov.co\/colombia\/","logo":{"@type":"ImageObject","inLanguage":"es-CO","@id":"https:\/\/www.fiscalia.gov.co\/colombia\/#\/schema\/logo\/image\/","url":"https:\/\/www.fiscalia.gov.co\/colombia\/wp-content\/uploads\/LogoHorizontal_1.jpg","contentUrl":"https:\/\/www.fiscalia.gov.co\/colombia\/wp-content\/uploads\/LogoHorizontal_1.jpg","width":300,"height":90,"caption":"Fiscal\u00eda General de la Naci\u00f3n"},"image":{"@id":"https:\/\/www.fiscalia.gov.co\/colombia\/#\/schema\/logo\/image\/"},"sameAs":["https:\/\/www.facebook.com\/FiscaliaCol","https:\/\/x.com\/FiscaliaCol","https:\/\/www.instagram.com\/fiscaliacol","https:\/\/www.linkedin.com\/company\/fiscalia-general-de-la-naci-n\/","https:\/\/youtube.com\/@fiscaliageneraldelanacion-4668?si=6nN79nyQICPU5iTh"]},{"@type":"Person","@id":"https:\/\/www.fiscalia.gov.co\/colombia\/#\/schema\/person\/176195b99ebab0a52aafa15197e1bf80","name":"Winnie Geraldine Rodr\u00edguez Navarrete","image":{"@type":"ImageObject","inLanguage":"es-CO","@id":"https:\/\/www.fiscalia.gov.co\/colombia\/#\/schema\/person\/image\/","url":"https:\/\/secure.gravatar.com\/avatar\/c24cf8481dc84fa5e8c7b20bc95ab0c6?s=96&d=mm&r=g","contentUrl":"https:\/\/secure.gravatar.com\/avatar\/c24cf8481dc84fa5e8c7b20bc95ab0c6?s=96&d=mm&r=g","caption":"Winnie Geraldine Rodr\u00edguez Navarrete"},"url":"https:\/\/www.fiscalia.gov.co\/colombia\/author\/winnierodriguez\/"}]}},"_links":{"self":[{"href":"https:\/\/www.fiscalia.gov.co\/colombia\/wp-json\/wp\/v2\/posts\/296126","targetHints":{"allow":["GET"]}}],"collection":[{"href":"https:\/\/www.fiscalia.gov.co\/colombia\/wp-json\/wp\/v2\/posts"}],"about":[{"href":"https:\/\/www.fiscalia.gov.co\/colombia\/wp-json\/wp\/v2\/types\/post"}],"author":[{"embeddable":true,"href":"https:\/\/www.fiscalia.gov.co\/colombia\/wp-json\/wp\/v2\/users\/178"}],"replies":[{"embeddable":true,"href":"https:\/\/www.fiscalia.gov.co\/colombia\/wp-json\/wp\/v2\/comments?post=296126"}],"version-history":[{"count":2,"href":"https:\/\/www.fiscalia.gov.co\/colombia\/wp-json\/wp\/v2\/posts\/296126\/revisions"}],"predecessor-version":[{"id":296129,"href":"https:\/\/www.fiscalia.gov.co\/colombia\/wp-json\/wp\/v2\/posts\/296126\/revisions\/296129"}],"wp:attachment":[{"href":"https:\/\/www.fiscalia.gov.co\/colombia\/wp-json\/wp\/v2\/media?parent=296126"}],"wp:term":[{"taxonomy":"category","embeddable":true,"href":"https:\/\/www.fiscalia.gov.co\/colombia\/wp-json\/wp\/v2\/categories?post=296126"},{"taxonomy":"post_tag","embeddable":true,"href":"https:\/\/www.fiscalia.gov.co\/colombia\/wp-json\/wp\/v2\/tags?post=296126"}],"curies":[{"name":"wp","href":"https:\/\/api.w.org\/{rel}","templated":true}]}}