{"id":295819,"date":"2024-05-26T11:09:23","date_gmt":"2024-05-26T16:09:23","guid":{"rendered":"https:\/\/www.fiscalia.gov.co\/colombia\/?p=295819"},"modified":"2024-05-26T11:09:23","modified_gmt":"2024-05-26T16:09:23","slug":"acciones-judiciales-de-la-fiscalia-contra-los-senalados-agresores-de-animales-en-bogota-risaralda-y-tolima","status":"publish","type":"post","link":"https:\/\/www.fiscalia.gov.co\/colombia\/noticias\/acciones-judiciales-de-la-fiscalia-contra-los-senalados-agresores-de-animales-en-bogota-risaralda-y-tolima\/","title":{"rendered":"Acciones judiciales de la Fiscal\u00eda contra los se\u00f1alados agresores de animales en Bogot\u00e1, Risaralda y Tolima"},"content":{"rendered":"<p>La Fiscal\u00eda General de la Naci\u00f3n realiz\u00f3 dos imputaciones y obtuvo una condena contra presuntos<strong><a href=\"https:\/\/www.fiscalia.gov.co\/colombia\/noticias\/fiscalia-ha-obtenido-mas-de-200-condenas-por-maltrato-animal-en-los-ultimos-cuatro-anos\/\"> agresores de animales<\/a> en Bogot\u00e1, Dosquebradas (Risaralda) y Santa Isabel (Tolima).<\/strong><\/p>\n<p><strong><u>Muerte de animal en Bogot\u00e1 <\/u><\/strong><\/p>\n<p><strong>La Fiscal\u00eda judicializ\u00f3 a Mauricio Moreno Elejalde por su posible responsabilidad en la muerte de un perro<\/strong>, en hechos ocurridos el pasado 13 de mayo, en la localidad de San Crist\u00f3bal, en el sur Bogot\u00e1.<\/p>\n<p>El material probatorio da cuenta de que el canino se encontraba con su due\u00f1o en el parque, cuando Moreno Elejalde, en un acto de intolerancia, lo habr\u00eda atacado con un arma blanca y amenazado a su cuidador.<\/p>\n<p>Un fiscal de la Unidad de Reacci\u00f3n Inmediata (URI) imput\u00f3 al se\u00f1alado atacante los delitos de maltrato animal; e intimidaci\u00f3n o amenaza con arma de fuego, armas, elementos o dispositivos menos letales, armas de fuego hechizas, y arma blanca. Los cargos no fueron aceptados.<\/p>\n<p><strong><u>Agresi\u00f3n a \u2018Toby\u2019<\/u><\/strong><\/p>\n<p><strong>El 17 de noviembre de 2023, en v\u00eda p\u00fablica de Santa Isabel (Tolima), Marco Fidel Abril Bejarano, al parecer, golpe\u00f3 a un canino llamado \u2018Toby\u2019, caus\u00e1ndole la muerte<\/strong>.<\/p>\n<p>De acuerdo con la investigaci\u00f3n, \u2018Toby\u2019 sali\u00f3 a dar un paseo con el hijo menor de edad de su due\u00f1o. En el camino tuvo una pelea con la mascota de Abril Bejarano, quien en retaliaci\u00f3n pate\u00f3 de manera sistem\u00e1tica al canino en el t\u00f3rax y en el abdomen. En ese sentido, la Fiscal\u00eda le imput\u00f3 el delito de maltrato animal agravado, cargo que no fue aceptado.<\/p>\n<p><strong><u>Justicia para \u2018Rocky\u2019 y \u2018Negro\u2019<\/u><\/strong><\/p>\n<p>La contundencia del material probatorio presentado por una <a href=\"https:\/\/www.fiscalia.gov.co\/colombia\/noticias\/judicializado-presunto-responsable-de-atacar-a-un-perro-con-arma-blanca-en-cartago\/\">fiscal del Grupo Especial para la Lucha contra el Maltrato Animal (Gelma)<\/a> permiti\u00f3 que un juez de conocimiento declarara responsable del <strong>delito de maltrato animal a Edwin Yezmid Cuellar Piedrahita, y lo condenara a 9 meses de prisi\u00f3n e inhabilidad para la tenencia de animales por el mismo tiempo.<\/strong><\/p>\n<p>El 2 de octubre de 2021, en una finca de la vereda Cima Baja, en Dosquebradas (Risaralda), Cuellar Piedrahita hiri\u00f3 con un machete a dos caninos llamados \u2018Negro\u2019 y \u2018Rocky\u2019. Uno de los animales muri\u00f3.<\/p>\n<p>&nbsp;<\/p>\n<p>&nbsp;<\/p>\n<p>&nbsp;<\/p>\n<p>&nbsp;<\/p>\n<p>&nbsp;<\/p>\n<p>AMCJ\/JARG\/JMT\/GELMA\/<\/p>\n<p>&nbsp;<\/p>\n<p>&nbsp;<\/p>\n<p>&nbsp;<\/p>\n<p>&nbsp;<\/p>\n<div class=\"td-post-content tagdiv-type\">\n<div class=\"td-post-content tagdiv-type\">\n<div class=\"td-post-content tagdiv-type\">\n<div class=\"td-post-content tagdiv-type\">\n<p><em>La informaci\u00f3n contenida en este bolet\u00edn de prensa corresponde a la narraci\u00f3n de los hechos noticiosos objetivos, y las investigaciones penales al interior de la Fiscal\u00eda General de la Naci\u00f3n. Para el momento de la divulgaci\u00f3n de este comunicado, la situaci\u00f3n jur\u00eddica de la(s) persona(s) relacionada(s) se encuentra pendiente de resolver por la autoridad judicial competente, siempre bajo los preceptos de la presunci\u00f3n de inocencia, consagrados en el art\u00edculo 29 de la Constituci\u00f3n Pol\u00edtica y el art\u00edculo 7\u00ba de la Ley 906 de 2004.<\/em><\/p>\n<\/div>\n<\/div>\n<footer>\n<div class=\"td-post-sharing-bottom\"><\/div>\n<\/footer>\n<\/div>\n<\/div>\n\n<div class=\"twitter-share\"><a href=\"https:\/\/twitter.com\/intent\/tweet?via=fiscaliacol\" class=\"twitter-share-button\">Tweet<\/a><\/div>\n","protected":false},"excerpt":{"rendered":"<p>La Fiscal\u00eda General de la Naci\u00f3n realiz\u00f3 dos imputaciones y obtuvo una condena contra presuntos agresores de animales en Bogot\u00e1, Dosquebradas (Risaralda) y Santa Isabel (Tolima). Muerte de animal en Bogot\u00e1 La Fiscal\u00eda judicializ\u00f3 a Mauricio Moreno Elejalde por su posible responsabilidad en la muerte de un perro, en hechos ocurridos el pasado 13 de [&hellip;]<\/p>\n","protected":false},"author":177,"featured_media":0,"comment_status":"closed","ping_status":"open","sticky":false,"template":"","format":"standard","meta":{"tdm_status":"","tdm_grid_status":"","footnotes":""},"categories":[1],"tags":[23821,37491,37492,34638,24282,18566,23872,12189],"class_list":{"0":"post-295819","1":"post","2":"type-post","3":"status-publish","4":"format-standard","6":"category-noticias","7":"tag-bogota","8":"tag-fiscal-camargo","9":"tag-fiscal-luz-adriana-camargo","10":"tag-fisclaia-general-de-la-nacion","11":"tag-gelma","12":"tag-maltrato-animal","13":"tag-risaralda","14":"tag-tolima"},"yoast_head":"<!-- This site is optimized with the Yoast SEO plugin v24.3 - https:\/\/yoast.com\/wordpress\/plugins\/seo\/ -->\n<title>Fiscal\u00eda General de la Naci\u00f3n<\/title>\n<meta name=\"description\" content=\"P\u00e1gina oficial de la Fiscal\u00eda General de la Naci\u00f3n \u2013 Colombia. Garantizamos el acceso efectivo a la justicia, la verdad y la reparaci\u00f3n de las v\u00edctimas de los delitos.\" \/>\n<meta name=\"robots\" content=\"noindex, follow\" \/>\n<meta property=\"og:locale\" content=\"es_ES\" \/>\n<meta property=\"og:type\" content=\"article\" \/>\n<meta property=\"og:title\" content=\"Fiscal\u00eda General de la Naci\u00f3n\" \/>\n<meta property=\"og:description\" content=\"P\u00e1gina oficial de la Fiscal\u00eda General de la Naci\u00f3n \u2013 Colombia. Garantizamos el acceso efectivo a la justicia, la verdad y la reparaci\u00f3n de las v\u00edctimas de los delitos.\" \/>\n<meta property=\"og:url\" content=\"https:\/\/www.fiscalia.gov.co\/colombia\/noticias\/acciones-judiciales-de-la-fiscalia-contra-los-senalados-agresores-de-animales-en-bogota-risaralda-y-tolima\/\" \/>\n<meta property=\"og:site_name\" content=\"Fiscal\u00eda General de la Naci\u00f3n\" \/>\n<meta property=\"article:publisher\" content=\"https:\/\/www.facebook.com\/FiscaliaCol\" \/>\n<meta property=\"article:published_time\" content=\"2024-05-26T16:09:23+00:00\" \/>\n<meta name=\"author\" content=\"Jordan Leandro Oviedo Anzola\" \/>\n<meta name=\"twitter:card\" content=\"summary_large_image\" \/>\n<meta name=\"twitter:creator\" content=\"@FiscaliaCol\" \/>\n<meta name=\"twitter:site\" content=\"@FiscaliaCol\" \/>\n<meta name=\"twitter:label1\" content=\"Escrito por\" \/>\n\t<meta name=\"twitter:data1\" content=\"Jordan Leandro Oviedo Anzola\" \/>\n\t<meta name=\"twitter:label2\" content=\"Tiempo de lectura\" \/>\n\t<meta name=\"twitter:data2\" content=\"2 minutos\" \/>\n<script type=\"application\/ld+json\" class=\"yoast-schema-graph\">{\"@context\":\"https:\/\/schema.org\",\"@graph\":[{\"@type\":\"Article\",\"@id\":\"https:\/\/www.fiscalia.gov.co\/colombia\/noticias\/acciones-judiciales-de-la-fiscalia-contra-los-senalados-agresores-de-animales-en-bogota-risaralda-y-tolima\/#article\",\"isPartOf\":{\"@id\":\"https:\/\/www.fiscalia.gov.co\/colombia\/noticias\/acciones-judiciales-de-la-fiscalia-contra-los-senalados-agresores-de-animales-en-bogota-risaralda-y-tolima\/\"},\"author\":{\"name\":\"Jordan Leandro Oviedo Anzola\",\"@id\":\"https:\/\/www.fiscalia.gov.co\/colombia\/#\/schema\/person\/bf84402cf293a5393e9c70b111020b24\"},\"headline\":\"Acciones judiciales de la Fiscal\u00eda contra los se\u00f1alados agresores de animales en Bogot\u00e1, Risaralda y Tolima\",\"datePublished\":\"2024-05-26T16:09:23+00:00\",\"dateModified\":\"2024-05-26T16:09:23+00:00\",\"mainEntityOfPage\":{\"@id\":\"https:\/\/www.fiscalia.gov.co\/colombia\/noticias\/acciones-judiciales-de-la-fiscalia-contra-los-senalados-agresores-de-animales-en-bogota-risaralda-y-tolima\/\"},\"wordCount\":482,\"publisher\":{\"@id\":\"https:\/\/www.fiscalia.gov.co\/colombia\/#organization\"},\"keywords\":[\"Bogot\u00e1\",\"fiscal Camargo\",\"Fiscal Luz Adriana Camargo\",\"fisclaia general de la nacion\",\"Gelma\",\"Maltrato animal\",\"Risaralda\",\"Tolima\"],\"articleSection\":[\"Noticias\"],\"inLanguage\":\"es-CO\"},{\"@type\":\"WebPage\",\"@id\":\"https:\/\/www.fiscalia.gov.co\/colombia\/noticias\/acciones-judiciales-de-la-fiscalia-contra-los-senalados-agresores-de-animales-en-bogota-risaralda-y-tolima\/\",\"url\":\"https:\/\/www.fiscalia.gov.co\/colombia\/noticias\/acciones-judiciales-de-la-fiscalia-contra-los-senalados-agresores-de-animales-en-bogota-risaralda-y-tolima\/\",\"name\":\"Fiscal\u00eda General de la Naci\u00f3n\",\"isPartOf\":{\"@id\":\"https:\/\/www.fiscalia.gov.co\/colombia\/#website\"},\"datePublished\":\"2024-05-26T16:09:23+00:00\",\"dateModified\":\"2024-05-26T16:09:23+00:00\",\"description\":\"P\u00e1gina oficial de la Fiscal\u00eda General de la Naci\u00f3n \u2013 Colombia. Garantizamos el acceso efectivo a la justicia, la verdad y la reparaci\u00f3n de las v\u00edctimas de los delitos.\",\"breadcrumb\":{\"@id\":\"https:\/\/www.fiscalia.gov.co\/colombia\/noticias\/acciones-judiciales-de-la-fiscalia-contra-los-senalados-agresores-de-animales-en-bogota-risaralda-y-tolima\/#breadcrumb\"},\"inLanguage\":\"es-CO\",\"potentialAction\":[{\"@type\":\"ReadAction\",\"target\":[\"https:\/\/www.fiscalia.gov.co\/colombia\/noticias\/acciones-judiciales-de-la-fiscalia-contra-los-senalados-agresores-de-animales-en-bogota-risaralda-y-tolima\/\"]}]},{\"@type\":\"BreadcrumbList\",\"@id\":\"https:\/\/www.fiscalia.gov.co\/colombia\/noticias\/acciones-judiciales-de-la-fiscalia-contra-los-senalados-agresores-de-animales-en-bogota-risaralda-y-tolima\/#breadcrumb\",\"itemListElement\":[{\"@type\":\"ListItem\",\"position\":1,\"name\":\"Home\",\"item\":\"https:\/\/www.fiscalia.gov.co\/colombia\/\"},{\"@type\":\"ListItem\",\"position\":2,\"name\":\"Acciones judiciales de la Fiscal\u00eda contra los se\u00f1alados agresores de animales en Bogot\u00e1, Risaralda y Tolima\"}]},{\"@type\":\"WebSite\",\"@id\":\"https:\/\/www.fiscalia.gov.co\/colombia\/#website\",\"url\":\"https:\/\/www.fiscalia.gov.co\/colombia\/\",\"name\":\"Fiscal\u00eda General de la Naci\u00f3n\",\"description\":\"P\u00e1gina oficial de la Fiscal\u00eda General de la Naci\u00f3n \u2013 Colombia. Garantizamos el acceso efectivo a la justicia, la verdad y la reparaci\u00f3n de las v\u00edctimas de los delitos.\",\"publisher\":{\"@id\":\"https:\/\/www.fiscalia.gov.co\/colombia\/#organization\"},\"potentialAction\":[{\"@type\":\"SearchAction\",\"target\":{\"@type\":\"EntryPoint\",\"urlTemplate\":\"https:\/\/www.fiscalia.gov.co\/colombia\/?s={search_term_string}\"},\"query-input\":{\"@type\":\"PropertyValueSpecification\",\"valueRequired\":true,\"valueName\":\"search_term_string\"}}],\"inLanguage\":\"es-CO\"},{\"@type\":\"Organization\",\"@id\":\"https:\/\/www.fiscalia.gov.co\/colombia\/#organization\",\"name\":\"Fiscal\u00eda General de la Naci\u00f3n\",\"url\":\"https:\/\/www.fiscalia.gov.co\/colombia\/\",\"logo\":{\"@type\":\"ImageObject\",\"inLanguage\":\"es-CO\",\"@id\":\"https:\/\/www.fiscalia.gov.co\/colombia\/#\/schema\/logo\/image\/\",\"url\":\"https:\/\/www.fiscalia.gov.co\/colombia\/wp-content\/uploads\/LogoHorizontal_1.jpg\",\"contentUrl\":\"https:\/\/www.fiscalia.gov.co\/colombia\/wp-content\/uploads\/LogoHorizontal_1.jpg\",\"width\":300,\"height\":90,\"caption\":\"Fiscal\u00eda General de la Naci\u00f3n\"},\"image\":{\"@id\":\"https:\/\/www.fiscalia.gov.co\/colombia\/#\/schema\/logo\/image\/\"},\"sameAs\":[\"https:\/\/www.facebook.com\/FiscaliaCol\",\"https:\/\/x.com\/FiscaliaCol\",\"https:\/\/www.instagram.com\/fiscaliacol\",\"https:\/\/www.linkedin.com\/company\/fiscalia-general-de-la-naci-n\/\",\"https:\/\/youtube.com\/@fiscaliageneraldelanacion-4668?si=6nN79nyQICPU5iTh\"]},{\"@type\":\"Person\",\"@id\":\"https:\/\/www.fiscalia.gov.co\/colombia\/#\/schema\/person\/bf84402cf293a5393e9c70b111020b24\",\"name\":\"Jordan Leandro Oviedo Anzola\",\"image\":{\"@type\":\"ImageObject\",\"inLanguage\":\"es-CO\",\"@id\":\"https:\/\/www.fiscalia.gov.co\/colombia\/#\/schema\/person\/image\/\",\"url\":\"https:\/\/secure.gravatar.com\/avatar\/dabba4346fa9b9207d96adafa8f92721?s=96&d=mm&r=g\",\"contentUrl\":\"https:\/\/secure.gravatar.com\/avatar\/dabba4346fa9b9207d96adafa8f92721?s=96&d=mm&r=g\",\"caption\":\"Jordan Leandro Oviedo Anzola\"},\"url\":\"https:\/\/www.fiscalia.gov.co\/colombia\/author\/joviedo\/\"}]}<\/script>\n<!-- \/ Yoast SEO plugin. -->","yoast_head_json":{"title":"Fiscal\u00eda General de la Naci\u00f3n","description":"P\u00e1gina oficial de la Fiscal\u00eda General de la Naci\u00f3n \u2013 Colombia. Garantizamos el acceso efectivo a la justicia, la verdad y la reparaci\u00f3n de las v\u00edctimas de los delitos.","robots":{"index":"noindex","follow":"follow"},"og_locale":"es_ES","og_type":"article","og_title":"Fiscal\u00eda General de la Naci\u00f3n","og_description":"P\u00e1gina oficial de la Fiscal\u00eda General de la Naci\u00f3n \u2013 Colombia. Garantizamos el acceso efectivo a la justicia, la verdad y la reparaci\u00f3n de las v\u00edctimas de los delitos.","og_url":"https:\/\/www.fiscalia.gov.co\/colombia\/noticias\/acciones-judiciales-de-la-fiscalia-contra-los-senalados-agresores-de-animales-en-bogota-risaralda-y-tolima\/","og_site_name":"Fiscal\u00eda General de la Naci\u00f3n","article_publisher":"https:\/\/www.facebook.com\/FiscaliaCol","article_published_time":"2024-05-26T16:09:23+00:00","author":"Jordan Leandro Oviedo Anzola","twitter_card":"summary_large_image","twitter_creator":"@FiscaliaCol","twitter_site":"@FiscaliaCol","twitter_misc":{"Escrito por":"Jordan Leandro Oviedo Anzola","Tiempo de lectura":"2 minutos"},"schema":{"@context":"https:\/\/schema.org","@graph":[{"@type":"Article","@id":"https:\/\/www.fiscalia.gov.co\/colombia\/noticias\/acciones-judiciales-de-la-fiscalia-contra-los-senalados-agresores-de-animales-en-bogota-risaralda-y-tolima\/#article","isPartOf":{"@id":"https:\/\/www.fiscalia.gov.co\/colombia\/noticias\/acciones-judiciales-de-la-fiscalia-contra-los-senalados-agresores-de-animales-en-bogota-risaralda-y-tolima\/"},"author":{"name":"Jordan Leandro Oviedo Anzola","@id":"https:\/\/www.fiscalia.gov.co\/colombia\/#\/schema\/person\/bf84402cf293a5393e9c70b111020b24"},"headline":"Acciones judiciales de la Fiscal\u00eda contra los se\u00f1alados agresores de animales en Bogot\u00e1, Risaralda y Tolima","datePublished":"2024-05-26T16:09:23+00:00","dateModified":"2024-05-26T16:09:23+00:00","mainEntityOfPage":{"@id":"https:\/\/www.fiscalia.gov.co\/colombia\/noticias\/acciones-judiciales-de-la-fiscalia-contra-los-senalados-agresores-de-animales-en-bogota-risaralda-y-tolima\/"},"wordCount":482,"publisher":{"@id":"https:\/\/www.fiscalia.gov.co\/colombia\/#organization"},"keywords":["Bogot\u00e1","fiscal Camargo","Fiscal Luz Adriana Camargo","fisclaia general de la nacion","Gelma","Maltrato animal","Risaralda","Tolima"],"articleSection":["Noticias"],"inLanguage":"es-CO"},{"@type":"WebPage","@id":"https:\/\/www.fiscalia.gov.co\/colombia\/noticias\/acciones-judiciales-de-la-fiscalia-contra-los-senalados-agresores-de-animales-en-bogota-risaralda-y-tolima\/","url":"https:\/\/www.fiscalia.gov.co\/colombia\/noticias\/acciones-judiciales-de-la-fiscalia-contra-los-senalados-agresores-de-animales-en-bogota-risaralda-y-tolima\/","name":"Fiscal\u00eda General de la Naci\u00f3n","isPartOf":{"@id":"https:\/\/www.fiscalia.gov.co\/colombia\/#website"},"datePublished":"2024-05-26T16:09:23+00:00","dateModified":"2024-05-26T16:09:23+00:00","description":"P\u00e1gina oficial de la Fiscal\u00eda General de la Naci\u00f3n \u2013 Colombia. Garantizamos el acceso efectivo a la justicia, la verdad y la reparaci\u00f3n de las v\u00edctimas de los delitos.","breadcrumb":{"@id":"https:\/\/www.fiscalia.gov.co\/colombia\/noticias\/acciones-judiciales-de-la-fiscalia-contra-los-senalados-agresores-de-animales-en-bogota-risaralda-y-tolima\/#breadcrumb"},"inLanguage":"es-CO","potentialAction":[{"@type":"ReadAction","target":["https:\/\/www.fiscalia.gov.co\/colombia\/noticias\/acciones-judiciales-de-la-fiscalia-contra-los-senalados-agresores-de-animales-en-bogota-risaralda-y-tolima\/"]}]},{"@type":"BreadcrumbList","@id":"https:\/\/www.fiscalia.gov.co\/colombia\/noticias\/acciones-judiciales-de-la-fiscalia-contra-los-senalados-agresores-de-animales-en-bogota-risaralda-y-tolima\/#breadcrumb","itemListElement":[{"@type":"ListItem","position":1,"name":"Home","item":"https:\/\/www.fiscalia.gov.co\/colombia\/"},{"@type":"ListItem","position":2,"name":"Acciones judiciales de la Fiscal\u00eda contra los se\u00f1alados agresores de animales en Bogot\u00e1, Risaralda y Tolima"}]},{"@type":"WebSite","@id":"https:\/\/www.fiscalia.gov.co\/colombia\/#website","url":"https:\/\/www.fiscalia.gov.co\/colombia\/","name":"Fiscal\u00eda General de la Naci\u00f3n","description":"P\u00e1gina oficial de la Fiscal\u00eda General de la Naci\u00f3n \u2013 Colombia. Garantizamos el acceso efectivo a la justicia, la verdad y la reparaci\u00f3n de las v\u00edctimas de los delitos.","publisher":{"@id":"https:\/\/www.fiscalia.gov.co\/colombia\/#organization"},"potentialAction":[{"@type":"SearchAction","target":{"@type":"EntryPoint","urlTemplate":"https:\/\/www.fiscalia.gov.co\/colombia\/?s={search_term_string}"},"query-input":{"@type":"PropertyValueSpecification","valueRequired":true,"valueName":"search_term_string"}}],"inLanguage":"es-CO"},{"@type":"Organization","@id":"https:\/\/www.fiscalia.gov.co\/colombia\/#organization","name":"Fiscal\u00eda General de la Naci\u00f3n","url":"https:\/\/www.fiscalia.gov.co\/colombia\/","logo":{"@type":"ImageObject","inLanguage":"es-CO","@id":"https:\/\/www.fiscalia.gov.co\/colombia\/#\/schema\/logo\/image\/","url":"https:\/\/www.fiscalia.gov.co\/colombia\/wp-content\/uploads\/LogoHorizontal_1.jpg","contentUrl":"https:\/\/www.fiscalia.gov.co\/colombia\/wp-content\/uploads\/LogoHorizontal_1.jpg","width":300,"height":90,"caption":"Fiscal\u00eda General de la Naci\u00f3n"},"image":{"@id":"https:\/\/www.fiscalia.gov.co\/colombia\/#\/schema\/logo\/image\/"},"sameAs":["https:\/\/www.facebook.com\/FiscaliaCol","https:\/\/x.com\/FiscaliaCol","https:\/\/www.instagram.com\/fiscaliacol","https:\/\/www.linkedin.com\/company\/fiscalia-general-de-la-naci-n\/","https:\/\/youtube.com\/@fiscaliageneraldelanacion-4668?si=6nN79nyQICPU5iTh"]},{"@type":"Person","@id":"https:\/\/www.fiscalia.gov.co\/colombia\/#\/schema\/person\/bf84402cf293a5393e9c70b111020b24","name":"Jordan Leandro Oviedo Anzola","image":{"@type":"ImageObject","inLanguage":"es-CO","@id":"https:\/\/www.fiscalia.gov.co\/colombia\/#\/schema\/person\/image\/","url":"https:\/\/secure.gravatar.com\/avatar\/dabba4346fa9b9207d96adafa8f92721?s=96&d=mm&r=g","contentUrl":"https:\/\/secure.gravatar.com\/avatar\/dabba4346fa9b9207d96adafa8f92721?s=96&d=mm&r=g","caption":"Jordan Leandro Oviedo Anzola"},"url":"https:\/\/www.fiscalia.gov.co\/colombia\/author\/joviedo\/"}]}},"_links":{"self":[{"href":"https:\/\/www.fiscalia.gov.co\/colombia\/wp-json\/wp\/v2\/posts\/295819","targetHints":{"allow":["GET"]}}],"collection":[{"href":"https:\/\/www.fiscalia.gov.co\/colombia\/wp-json\/wp\/v2\/posts"}],"about":[{"href":"https:\/\/www.fiscalia.gov.co\/colombia\/wp-json\/wp\/v2\/types\/post"}],"author":[{"embeddable":true,"href":"https:\/\/www.fiscalia.gov.co\/colombia\/wp-json\/wp\/v2\/users\/177"}],"replies":[{"embeddable":true,"href":"https:\/\/www.fiscalia.gov.co\/colombia\/wp-json\/wp\/v2\/comments?post=295819"}],"version-history":[{"count":2,"href":"https:\/\/www.fiscalia.gov.co\/colombia\/wp-json\/wp\/v2\/posts\/295819\/revisions"}],"predecessor-version":[{"id":295821,"href":"https:\/\/www.fiscalia.gov.co\/colombia\/wp-json\/wp\/v2\/posts\/295819\/revisions\/295821"}],"wp:attachment":[{"href":"https:\/\/www.fiscalia.gov.co\/colombia\/wp-json\/wp\/v2\/media?parent=295819"}],"wp:term":[{"taxonomy":"category","embeddable":true,"href":"https:\/\/www.fiscalia.gov.co\/colombia\/wp-json\/wp\/v2\/categories?post=295819"},{"taxonomy":"post_tag","embeddable":true,"href":"https:\/\/www.fiscalia.gov.co\/colombia\/wp-json\/wp\/v2\/tags?post=295819"}],"curies":[{"name":"wp","href":"https:\/\/api.w.org\/{rel}","templated":true}]}}