{"id":295786,"date":"2024-05-24T16:51:44","date_gmt":"2024-05-24T21:51:44","guid":{"rendered":"https:\/\/www.fiscalia.gov.co\/colombia\/?p=295786"},"modified":"2024-05-27T09:06:02","modified_gmt":"2024-05-27T14:06:02","slug":"condenas-de-20-y-17-anos-de-prision-para-dos-hombres-que-abusaron-sexualmente-de-sus-hijas","status":"publish","type":"post","link":"https:\/\/www.fiscalia.gov.co\/colombia\/noticias\/condenas-de-20-y-17-anos-de-prision-para-dos-hombres-que-abusaron-sexualmente-de-sus-hijas\/","title":{"rendered":"Condenas de 20 y 17 a\u00f1os de prisi\u00f3n para dos hombres que abusaron sexualmente de sus hijas"},"content":{"rendered":"<blockquote>\n<h4><strong><em>Los hoy condenados usaban la fuerza y la coacci\u00f3n contra sus v\u00edctimas menores de edad.<\/em><\/strong><\/h4>\n<\/blockquote>\n<p><strong>La Fiscal\u00eda General de la Naci\u00f3n<\/strong> obtuvo <a href=\"https:\/\/www.fiscalia.gov.co\/colombia\/?s=abuso+sexual\" target=\"_blank\" rel=\"noopener\">sentencias condenatorias<\/a> de 20 y 17 a\u00f1os de prisi\u00f3n contra dos padres de familia <strong>por su responsabilidad en el abuso sexual de sus hijas, menores de edad, en Cali (Valle del Cauca).<\/strong><\/p>\n<p>Uno de los casos involucra a un cantante de misas, quien <strong>fue condenado a 20 a\u00f1os de prisi\u00f3n como responsable de tocar y abusar sexualmente de su hija de 12 a\u00f1os<\/strong>, entre 2013 y 2014.<\/p>\n<p><strong>La investigaci\u00f3n permiti\u00f3 establecer que el hombre usaba la fuerza f\u00edsica y\u00a0coaccionaba\u00a0psicol\u00f3gicamente a la v\u00edctima<\/strong> a quien, adem\u00e1s, tapaba su boca y le sujetaba los brazos, al tiempo que la amenazaba con hacerle lo mismo a la hermana menor si no acced\u00eda a sus pretensiones.<\/p>\n<p>Un juez de conocimiento lo conden\u00f3 <strong>por los delitos de actos sexuales violentos<\/strong> con menor de 14 a\u00f1os y acceso carnal violento agravado; y libr\u00f3 orden de captura en su contra. Esta sentencia fue apelada por la defensa.<\/p>\n<p>En otro caso,\u00a0 <a href=\"https:\/\/www.fiscalia.gov.co\/colombia\/hechos-concretos\/caso-adriana-pinzon-jonathan-torres-llega-a-preacuerdo-pagaria-28-anos-de-carcel\/\" target=\"_blank\" rel=\"noopener\">fue condenado mediante preacuerdo<\/a> a 17 a\u00f1os de prisi\u00f3n <strong>un hombre que abus\u00f3 sexualmente de su hija durante 5 a\u00f1os.<\/strong><\/p>\n<p>La Fiscal\u00eda logr\u00f3 establecer que esta persona tocaba y <strong>abusaba sexualmente de su hija desde los 9 hasta los 14 a\u00f1os de edad.<\/strong> La v\u00edctima\u00a0conviv\u00eda\u00a0con el hoy sentenciado quien ejerc\u00eda coacci\u00f3n sobre ella, la controlaba y no dejaba que tuviera ning\u00fan tipo de relaci\u00f3n con otros j\u00f3venes.<\/p>\n<p><strong>El hombre fue sentenciado por los delitos de acceso carnal abusivo con menor de 14 a\u00f1os<\/strong>, actos sexuales con menor de 14 a\u00f1os e incesto, todos con circunstancias de agravaci\u00f3n. Esta persona fue capturada y judicializada en agosto de 2023, tiempo desde el cual se encuentra privada de la libertad.<\/p>\n<p>En los dos casos los jueces decidieron que <strong>deben cumplir la sentencia en centros carcelarios, sin ning\u00fan tipo de beneficio.<\/strong><\/p>\n<p>MAP\/MIZB\/CFG\/DSC\/AMCJ\/<\/p>\n<p>&nbsp;<\/p>\n<p>&nbsp;<\/p>\n<p>&nbsp;<\/p>\n<p><i>La informaci\u00f3n contenida en este bolet\u00edn de prensa corresponde a la narraci\u00f3n de los hechos noticiosos objetivos, suministrados por los funcionarios encargados de adelantar las investigaciones penales al interior de la Fiscal\u00eda General de la Naci\u00f3n. Para el momento de la divulgaci\u00f3n de este comunicado, la situaci\u00f3n jur\u00eddica de la(s) persona(s) relacionada(s) se encuentra pendiente de resolver por la autoridad judicial competente, siempre bajo los preceptos de la presunci\u00f3n de inocencia, consagrados en el art\u00edculo 29 de la Constituci\u00f3n Pol\u00edtica y el art\u00edculo 7\u00ba de la Ley 906 de 2004.<\/i><\/p>\n\n<div class=\"twitter-share\"><a href=\"https:\/\/twitter.com\/intent\/tweet?via=fiscaliacol\" class=\"twitter-share-button\">Tweet<\/a><\/div>\n","protected":false},"excerpt":{"rendered":"<p>Los hoy condenados usaban la fuerza y la coacci\u00f3n contra sus v\u00edctimas menores de edad. La Fiscal\u00eda General de la Naci\u00f3n obtuvo sentencias condenatorias de 20 y 17 a\u00f1os de [&hellip;]<\/p>\n","protected":false},"author":181,"featured_media":0,"comment_status":"closed","ping_status":"open","sticky":false,"template":"","format":"standard","meta":{"tdm_status":"","tdm_grid_status":"","footnotes":""},"categories":[1],"tags":[12184,37492,551,1047],"class_list":["post-295786","post","type-post","status-publish","format-standard","category-noticias","tag-fiscal","tag-fiscal-luz-adriana-camargo","tag-fiscalia-general","tag-fiscalia-general-de-la-nacion"],"yoast_head":"<!-- This site is optimized with the Yoast SEO plugin v24.3 - https:\/\/yoast.com\/wordpress\/plugins\/seo\/ -->\n<title>Fiscal\u00eda General de la Naci\u00f3n<\/title>\n<meta name=\"description\" content=\"P\u00e1gina oficial de la Fiscal\u00eda General de la Naci\u00f3n \u2013 Colombia. Garantizamos el acceso efectivo a la justicia, la verdad y la reparaci\u00f3n de las v\u00edctimas de los delitos.\" \/>\n<meta name=\"robots\" content=\"noindex, follow\" \/>\n<meta property=\"og:locale\" content=\"es_ES\" \/>\n<meta property=\"og:type\" content=\"article\" \/>\n<meta property=\"og:title\" content=\"Fiscal\u00eda General de la Naci\u00f3n\" \/>\n<meta property=\"og:description\" content=\"P\u00e1gina oficial de la Fiscal\u00eda General de la Naci\u00f3n \u2013 Colombia. Garantizamos el acceso efectivo a la justicia, la verdad y la reparaci\u00f3n de las v\u00edctimas de los delitos.\" \/>\n<meta property=\"og:url\" content=\"https:\/\/www.fiscalia.gov.co\/colombia\/noticias\/condenas-de-20-y-17-anos-de-prision-para-dos-hombres-que-abusaron-sexualmente-de-sus-hijas\/\" \/>\n<meta property=\"og:site_name\" content=\"Fiscal\u00eda General de la Naci\u00f3n\" \/>\n<meta property=\"article:publisher\" content=\"https:\/\/www.facebook.com\/FiscaliaCol\" \/>\n<meta property=\"article:published_time\" content=\"2024-05-24T21:51:44+00:00\" \/>\n<meta property=\"article:modified_time\" content=\"2024-05-27T14:06:02+00:00\" \/>\n<meta name=\"author\" content=\"Johanna Islenny Prieto Pe\u00f1a\" \/>\n<meta name=\"twitter:card\" content=\"summary_large_image\" \/>\n<meta name=\"twitter:creator\" content=\"@FiscaliaCol\" \/>\n<meta name=\"twitter:site\" content=\"@FiscaliaCol\" \/>\n<meta name=\"twitter:label1\" content=\"Escrito por\" \/>\n\t<meta name=\"twitter:data1\" content=\"Johanna Islenny Prieto Pe\u00f1a\" \/>\n\t<meta name=\"twitter:label2\" content=\"Tiempo de lectura\" \/>\n\t<meta name=\"twitter:data2\" content=\"2 minutos\" \/>\n<script type=\"application\/ld+json\" class=\"yoast-schema-graph\">{\"@context\":\"https:\/\/schema.org\",\"@graph\":[{\"@type\":\"Article\",\"@id\":\"https:\/\/www.fiscalia.gov.co\/colombia\/noticias\/condenas-de-20-y-17-anos-de-prision-para-dos-hombres-que-abusaron-sexualmente-de-sus-hijas\/#article\",\"isPartOf\":{\"@id\":\"https:\/\/www.fiscalia.gov.co\/colombia\/noticias\/condenas-de-20-y-17-anos-de-prision-para-dos-hombres-que-abusaron-sexualmente-de-sus-hijas\/\"},\"author\":{\"name\":\"Johanna Islenny Prieto Pe\u00f1a\",\"@id\":\"https:\/\/www.fiscalia.gov.co\/colombia\/#\/schema\/person\/ba9eca435947489fb25117a0cd75bf3e\"},\"headline\":\"Condenas de 20 y 17 a\u00f1os de prisi\u00f3n para dos hombres que abusaron sexualmente de sus hijas\",\"datePublished\":\"2024-05-24T21:51:44+00:00\",\"dateModified\":\"2024-05-27T14:06:02+00:00\",\"mainEntityOfPage\":{\"@id\":\"https:\/\/www.fiscalia.gov.co\/colombia\/noticias\/condenas-de-20-y-17-anos-de-prision-para-dos-hombres-que-abusaron-sexualmente-de-sus-hijas\/\"},\"wordCount\":461,\"publisher\":{\"@id\":\"https:\/\/www.fiscalia.gov.co\/colombia\/#organization\"},\"keywords\":[\"Fiscal\",\"Fiscal Luz Adriana Camargo\",\"Fiscal\u00eda General\",\"Fiscal\u00eda General de la Naci\u00f3n\"],\"articleSection\":[\"Noticias\"],\"inLanguage\":\"es-CO\"},{\"@type\":\"WebPage\",\"@id\":\"https:\/\/www.fiscalia.gov.co\/colombia\/noticias\/condenas-de-20-y-17-anos-de-prision-para-dos-hombres-que-abusaron-sexualmente-de-sus-hijas\/\",\"url\":\"https:\/\/www.fiscalia.gov.co\/colombia\/noticias\/condenas-de-20-y-17-anos-de-prision-para-dos-hombres-que-abusaron-sexualmente-de-sus-hijas\/\",\"name\":\"Fiscal\u00eda General de la Naci\u00f3n\",\"isPartOf\":{\"@id\":\"https:\/\/www.fiscalia.gov.co\/colombia\/#website\"},\"datePublished\":\"2024-05-24T21:51:44+00:00\",\"dateModified\":\"2024-05-27T14:06:02+00:00\",\"description\":\"P\u00e1gina oficial de la Fiscal\u00eda General de la Naci\u00f3n \u2013 Colombia. Garantizamos el acceso efectivo a la justicia, la verdad y la reparaci\u00f3n de las v\u00edctimas de los delitos.\",\"breadcrumb\":{\"@id\":\"https:\/\/www.fiscalia.gov.co\/colombia\/noticias\/condenas-de-20-y-17-anos-de-prision-para-dos-hombres-que-abusaron-sexualmente-de-sus-hijas\/#breadcrumb\"},\"inLanguage\":\"es-CO\",\"potentialAction\":[{\"@type\":\"ReadAction\",\"target\":[\"https:\/\/www.fiscalia.gov.co\/colombia\/noticias\/condenas-de-20-y-17-anos-de-prision-para-dos-hombres-que-abusaron-sexualmente-de-sus-hijas\/\"]}]},{\"@type\":\"BreadcrumbList\",\"@id\":\"https:\/\/www.fiscalia.gov.co\/colombia\/noticias\/condenas-de-20-y-17-anos-de-prision-para-dos-hombres-que-abusaron-sexualmente-de-sus-hijas\/#breadcrumb\",\"itemListElement\":[{\"@type\":\"ListItem\",\"position\":1,\"name\":\"Home\",\"item\":\"https:\/\/www.fiscalia.gov.co\/colombia\/\"},{\"@type\":\"ListItem\",\"position\":2,\"name\":\"Condenas de 20 y 17 a\u00f1os de prisi\u00f3n para dos hombres que abusaron sexualmente de sus hijas\"}]},{\"@type\":\"WebSite\",\"@id\":\"https:\/\/www.fiscalia.gov.co\/colombia\/#website\",\"url\":\"https:\/\/www.fiscalia.gov.co\/colombia\/\",\"name\":\"Fiscal\u00eda General de la Naci\u00f3n\",\"description\":\"P\u00e1gina oficial de la Fiscal\u00eda General de la Naci\u00f3n \u2013 Colombia. Garantizamos el acceso efectivo a la justicia, la verdad y la reparaci\u00f3n de las v\u00edctimas de los delitos.\",\"publisher\":{\"@id\":\"https:\/\/www.fiscalia.gov.co\/colombia\/#organization\"},\"potentialAction\":[{\"@type\":\"SearchAction\",\"target\":{\"@type\":\"EntryPoint\",\"urlTemplate\":\"https:\/\/www.fiscalia.gov.co\/colombia\/?s={search_term_string}\"},\"query-input\":{\"@type\":\"PropertyValueSpecification\",\"valueRequired\":true,\"valueName\":\"search_term_string\"}}],\"inLanguage\":\"es-CO\"},{\"@type\":\"Organization\",\"@id\":\"https:\/\/www.fiscalia.gov.co\/colombia\/#organization\",\"name\":\"Fiscal\u00eda General de la Naci\u00f3n\",\"url\":\"https:\/\/www.fiscalia.gov.co\/colombia\/\",\"logo\":{\"@type\":\"ImageObject\",\"inLanguage\":\"es-CO\",\"@id\":\"https:\/\/www.fiscalia.gov.co\/colombia\/#\/schema\/logo\/image\/\",\"url\":\"https:\/\/www.fiscalia.gov.co\/colombia\/wp-content\/uploads\/LogoHorizontal_1.jpg\",\"contentUrl\":\"https:\/\/www.fiscalia.gov.co\/colombia\/wp-content\/uploads\/LogoHorizontal_1.jpg\",\"width\":300,\"height\":90,\"caption\":\"Fiscal\u00eda General de la Naci\u00f3n\"},\"image\":{\"@id\":\"https:\/\/www.fiscalia.gov.co\/colombia\/#\/schema\/logo\/image\/\"},\"sameAs\":[\"https:\/\/www.facebook.com\/FiscaliaCol\",\"https:\/\/x.com\/FiscaliaCol\",\"https:\/\/www.instagram.com\/fiscaliacol\",\"https:\/\/www.linkedin.com\/company\/fiscalia-general-de-la-naci-n\/\",\"https:\/\/youtube.com\/@fiscaliageneraldelanacion-4668?si=6nN79nyQICPU5iTh\"]},{\"@type\":\"Person\",\"@id\":\"https:\/\/www.fiscalia.gov.co\/colombia\/#\/schema\/person\/ba9eca435947489fb25117a0cd75bf3e\",\"name\":\"Johanna Islenny Prieto Pe\u00f1a\",\"image\":{\"@type\":\"ImageObject\",\"inLanguage\":\"es-CO\",\"@id\":\"https:\/\/www.fiscalia.gov.co\/colombia\/#\/schema\/person\/image\/\",\"url\":\"https:\/\/secure.gravatar.com\/avatar\/111433fc2acb037ffb768f6a3ca47864?s=96&d=mm&r=g\",\"contentUrl\":\"https:\/\/secure.gravatar.com\/avatar\/111433fc2acb037ffb768f6a3ca47864?s=96&d=mm&r=g\",\"caption\":\"Johanna Islenny Prieto Pe\u00f1a\"},\"url\":\"https:\/\/www.fiscalia.gov.co\/colombia\/author\/jprietop\/\"}]}<\/script>\n<!-- \/ Yoast SEO plugin. -->","yoast_head_json":{"title":"Fiscal\u00eda General de la Naci\u00f3n","description":"P\u00e1gina oficial de la Fiscal\u00eda General de la Naci\u00f3n \u2013 Colombia. Garantizamos el acceso efectivo a la justicia, la verdad y la reparaci\u00f3n de las v\u00edctimas de los delitos.","robots":{"index":"noindex","follow":"follow"},"og_locale":"es_ES","og_type":"article","og_title":"Fiscal\u00eda General de la Naci\u00f3n","og_description":"P\u00e1gina oficial de la Fiscal\u00eda General de la Naci\u00f3n \u2013 Colombia. Garantizamos el acceso efectivo a la justicia, la verdad y la reparaci\u00f3n de las v\u00edctimas de los delitos.","og_url":"https:\/\/www.fiscalia.gov.co\/colombia\/noticias\/condenas-de-20-y-17-anos-de-prision-para-dos-hombres-que-abusaron-sexualmente-de-sus-hijas\/","og_site_name":"Fiscal\u00eda General de la Naci\u00f3n","article_publisher":"https:\/\/www.facebook.com\/FiscaliaCol","article_published_time":"2024-05-24T21:51:44+00:00","article_modified_time":"2024-05-27T14:06:02+00:00","author":"Johanna Islenny Prieto Pe\u00f1a","twitter_card":"summary_large_image","twitter_creator":"@FiscaliaCol","twitter_site":"@FiscaliaCol","twitter_misc":{"Escrito por":"Johanna Islenny Prieto Pe\u00f1a","Tiempo de lectura":"2 minutos"},"schema":{"@context":"https:\/\/schema.org","@graph":[{"@type":"Article","@id":"https:\/\/www.fiscalia.gov.co\/colombia\/noticias\/condenas-de-20-y-17-anos-de-prision-para-dos-hombres-que-abusaron-sexualmente-de-sus-hijas\/#article","isPartOf":{"@id":"https:\/\/www.fiscalia.gov.co\/colombia\/noticias\/condenas-de-20-y-17-anos-de-prision-para-dos-hombres-que-abusaron-sexualmente-de-sus-hijas\/"},"author":{"name":"Johanna Islenny Prieto Pe\u00f1a","@id":"https:\/\/www.fiscalia.gov.co\/colombia\/#\/schema\/person\/ba9eca435947489fb25117a0cd75bf3e"},"headline":"Condenas de 20 y 17 a\u00f1os de prisi\u00f3n para dos hombres que abusaron sexualmente de sus hijas","datePublished":"2024-05-24T21:51:44+00:00","dateModified":"2024-05-27T14:06:02+00:00","mainEntityOfPage":{"@id":"https:\/\/www.fiscalia.gov.co\/colombia\/noticias\/condenas-de-20-y-17-anos-de-prision-para-dos-hombres-que-abusaron-sexualmente-de-sus-hijas\/"},"wordCount":461,"publisher":{"@id":"https:\/\/www.fiscalia.gov.co\/colombia\/#organization"},"keywords":["Fiscal","Fiscal Luz Adriana Camargo","Fiscal\u00eda General","Fiscal\u00eda General de la Naci\u00f3n"],"articleSection":["Noticias"],"inLanguage":"es-CO"},{"@type":"WebPage","@id":"https:\/\/www.fiscalia.gov.co\/colombia\/noticias\/condenas-de-20-y-17-anos-de-prision-para-dos-hombres-que-abusaron-sexualmente-de-sus-hijas\/","url":"https:\/\/www.fiscalia.gov.co\/colombia\/noticias\/condenas-de-20-y-17-anos-de-prision-para-dos-hombres-que-abusaron-sexualmente-de-sus-hijas\/","name":"Fiscal\u00eda General de la Naci\u00f3n","isPartOf":{"@id":"https:\/\/www.fiscalia.gov.co\/colombia\/#website"},"datePublished":"2024-05-24T21:51:44+00:00","dateModified":"2024-05-27T14:06:02+00:00","description":"P\u00e1gina oficial de la Fiscal\u00eda General de la Naci\u00f3n \u2013 Colombia. Garantizamos el acceso efectivo a la justicia, la verdad y la reparaci\u00f3n de las v\u00edctimas de los delitos.","breadcrumb":{"@id":"https:\/\/www.fiscalia.gov.co\/colombia\/noticias\/condenas-de-20-y-17-anos-de-prision-para-dos-hombres-que-abusaron-sexualmente-de-sus-hijas\/#breadcrumb"},"inLanguage":"es-CO","potentialAction":[{"@type":"ReadAction","target":["https:\/\/www.fiscalia.gov.co\/colombia\/noticias\/condenas-de-20-y-17-anos-de-prision-para-dos-hombres-que-abusaron-sexualmente-de-sus-hijas\/"]}]},{"@type":"BreadcrumbList","@id":"https:\/\/www.fiscalia.gov.co\/colombia\/noticias\/condenas-de-20-y-17-anos-de-prision-para-dos-hombres-que-abusaron-sexualmente-de-sus-hijas\/#breadcrumb","itemListElement":[{"@type":"ListItem","position":1,"name":"Home","item":"https:\/\/www.fiscalia.gov.co\/colombia\/"},{"@type":"ListItem","position":2,"name":"Condenas de 20 y 17 a\u00f1os de prisi\u00f3n para dos hombres que abusaron sexualmente de sus hijas"}]},{"@type":"WebSite","@id":"https:\/\/www.fiscalia.gov.co\/colombia\/#website","url":"https:\/\/www.fiscalia.gov.co\/colombia\/","name":"Fiscal\u00eda General de la Naci\u00f3n","description":"P\u00e1gina oficial de la Fiscal\u00eda General de la Naci\u00f3n \u2013 Colombia. Garantizamos el acceso efectivo a la justicia, la verdad y la reparaci\u00f3n de las v\u00edctimas de los delitos.","publisher":{"@id":"https:\/\/www.fiscalia.gov.co\/colombia\/#organization"},"potentialAction":[{"@type":"SearchAction","target":{"@type":"EntryPoint","urlTemplate":"https:\/\/www.fiscalia.gov.co\/colombia\/?s={search_term_string}"},"query-input":{"@type":"PropertyValueSpecification","valueRequired":true,"valueName":"search_term_string"}}],"inLanguage":"es-CO"},{"@type":"Organization","@id":"https:\/\/www.fiscalia.gov.co\/colombia\/#organization","name":"Fiscal\u00eda General de la Naci\u00f3n","url":"https:\/\/www.fiscalia.gov.co\/colombia\/","logo":{"@type":"ImageObject","inLanguage":"es-CO","@id":"https:\/\/www.fiscalia.gov.co\/colombia\/#\/schema\/logo\/image\/","url":"https:\/\/www.fiscalia.gov.co\/colombia\/wp-content\/uploads\/LogoHorizontal_1.jpg","contentUrl":"https:\/\/www.fiscalia.gov.co\/colombia\/wp-content\/uploads\/LogoHorizontal_1.jpg","width":300,"height":90,"caption":"Fiscal\u00eda General de la Naci\u00f3n"},"image":{"@id":"https:\/\/www.fiscalia.gov.co\/colombia\/#\/schema\/logo\/image\/"},"sameAs":["https:\/\/www.facebook.com\/FiscaliaCol","https:\/\/x.com\/FiscaliaCol","https:\/\/www.instagram.com\/fiscaliacol","https:\/\/www.linkedin.com\/company\/fiscalia-general-de-la-naci-n\/","https:\/\/youtube.com\/@fiscaliageneraldelanacion-4668?si=6nN79nyQICPU5iTh"]},{"@type":"Person","@id":"https:\/\/www.fiscalia.gov.co\/colombia\/#\/schema\/person\/ba9eca435947489fb25117a0cd75bf3e","name":"Johanna Islenny Prieto Pe\u00f1a","image":{"@type":"ImageObject","inLanguage":"es-CO","@id":"https:\/\/www.fiscalia.gov.co\/colombia\/#\/schema\/person\/image\/","url":"https:\/\/secure.gravatar.com\/avatar\/111433fc2acb037ffb768f6a3ca47864?s=96&d=mm&r=g","contentUrl":"https:\/\/secure.gravatar.com\/avatar\/111433fc2acb037ffb768f6a3ca47864?s=96&d=mm&r=g","caption":"Johanna Islenny Prieto Pe\u00f1a"},"url":"https:\/\/www.fiscalia.gov.co\/colombia\/author\/jprietop\/"}]}},"_links":{"self":[{"href":"https:\/\/www.fiscalia.gov.co\/colombia\/wp-json\/wp\/v2\/posts\/295786","targetHints":{"allow":["GET"]}}],"collection":[{"href":"https:\/\/www.fiscalia.gov.co\/colombia\/wp-json\/wp\/v2\/posts"}],"about":[{"href":"https:\/\/www.fiscalia.gov.co\/colombia\/wp-json\/wp\/v2\/types\/post"}],"author":[{"embeddable":true,"href":"https:\/\/www.fiscalia.gov.co\/colombia\/wp-json\/wp\/v2\/users\/181"}],"replies":[{"embeddable":true,"href":"https:\/\/www.fiscalia.gov.co\/colombia\/wp-json\/wp\/v2\/comments?post=295786"}],"version-history":[{"count":3,"href":"https:\/\/www.fiscalia.gov.co\/colombia\/wp-json\/wp\/v2\/posts\/295786\/revisions"}],"predecessor-version":[{"id":295875,"href":"https:\/\/www.fiscalia.gov.co\/colombia\/wp-json\/wp\/v2\/posts\/295786\/revisions\/295875"}],"wp:attachment":[{"href":"https:\/\/www.fiscalia.gov.co\/colombia\/wp-json\/wp\/v2\/media?parent=295786"}],"wp:term":[{"taxonomy":"category","embeddable":true,"href":"https:\/\/www.fiscalia.gov.co\/colombia\/wp-json\/wp\/v2\/categories?post=295786"},{"taxonomy":"post_tag","embeddable":true,"href":"https:\/\/www.fiscalia.gov.co\/colombia\/wp-json\/wp\/v2\/tags?post=295786"}],"curies":[{"name":"wp","href":"https:\/\/api.w.org\/{rel}","templated":true}]}}