{"id":295474,"date":"2024-05-21T10:07:07","date_gmt":"2024-05-21T15:07:07","guid":{"rendered":"https:\/\/www.fiscalia.gov.co\/colombia\/?p=295474"},"modified":"2024-05-21T11:46:08","modified_gmt":"2024-05-21T16:46:08","slug":"a-la-carcel-tres-presuntos-integrantes-del-tren-de-aragua-que-comercializarian-armamento-y-estupefacientes-que-llegaban-en-vueltos-de-alimentos-desde-arauca-y-meta","status":"publish","type":"post","link":"https:\/\/www.fiscalia.gov.co\/colombia\/noticias\/a-la-carcel-tres-presuntos-integrantes-del-tren-de-aragua-que-comercializarian-armamento-y-estupefacientes-que-llegaban-en-vueltos-de-alimentos-desde-arauca-y-meta\/","title":{"rendered":"A la c\u00e1rcel tres presuntos integrantes del \u2018Tren de Aragua\u2019, que comercializar\u00edan armamento y estupefacientes que llegaban camuflados en alimentos desde Arauca y Meta"},"content":{"rendered":"<blockquote>\n<h4><strong><i>Una vez el armamento y los alucin\u00f3genos llegaban a la capital del pa\u00eds, eran acopiados en un inmueble del barrio La Estrella en la localidad de Ciudad Bol\u00edvar.\u00a0<\/i><\/strong><\/h4>\n<\/blockquote>\n<p><span style=\"font-weight: 400;\">A petici\u00f3n de una fiscal de la Direcci\u00f3n Especializada contra las Organizaciones Criminales, un juez municipal con funciones de control de garant\u00edas de Bogot\u00e1<strong> impuso medida de aseguramiento en centro carcelario en contra de tres presuntos integrantes del grupo organizado delincuencial transnacional<\/strong> conocido como el <a href=\"https:\/\/www.fiscalia.gov.co\/colombia\/noticias\/a-la-carcel-tres-presuntos-integrantes-del-tren-de-aragua-que-comercializarian-armamento-y-estupefacientes-que-llegaban-en-vueltos-de-alimentos-desde-arauca-y-meta\/\" target=\"_blank\" rel=\"noopener\">\u2018Tren de Aragua\u2019.\u00a0<\/a><\/span><\/p>\n<p><span style=\"font-weight: 400;\">Se trata de Yeny Paola Alarc\u00f3n, Leidy Viviana Medina Orjuela, y Jos\u00e9 Alexander Alarc\u00f3n Hern\u00e1ndez, <strong>este \u00faltimo ser\u00eda el l\u00edder de un grupo de esa organizaci\u00f3n encargado de la comercializaci\u00f3n de material\u00a0 b\u00e9lico desde los Llanos Orientales hasta el interior del pa\u00eds.\u00a0<\/strong><\/span><\/p>\n<p><span style=\"font-weight: 400;\">La investigaci\u00f3n adelantada por la Fiscal\u00eda demostrar\u00eda estas personas acopiaban en Bogot\u00e1 bultos de alimentos en los que eran camuflados el armamento y los estupefacientes provenientes de los Arauca y Meta.\u00a0<\/span><\/p>\n<p><span style=\"font-weight: 400;\"><strong>En un operativo de allanamiento adelantado por La DIJIN de la Polic\u00eda Nacional en el barrio La Estrella en la localidad de Ciudad Bol\u00edvar (Bogot\u00e1) se logr\u00f3 la captura de estas tres personas.<\/strong> Adem\u00e1s, se incautaron<a href=\"https:\/\/www.fiscalia.gov.co\/colombia\/noticias\/cae-presunto-traficante-de-armas-senalado-de-obtener-fusiles-y-municion-en-fuertes-militares-para-abastecer-a-las-disidencias-de-las-farc\/\" target=\"_blank\" rel=\"noopener\"> dos fusiles<\/a>, una escopeta, un revolver, 328 cartuchos de diferentes calibres, 21 proveedores, un ca\u00f1\u00f3n para pistola, una mecha de seguridad para explosivos. 40 gramos de explosivo C4, un gramo de p\u00f3lvora, 1600 dosis de bazuco, 800 gramos de bazuco en piedra y polvo, una gramera y prendas de uso privativo de las Fuerzas Armadas.<\/span><\/p>\n<p><span style=\"font-weight: 400;\">Por lo anterior, la Fiscal\u00eda les imputo, de acuerdo a su grado de responsabilidad, los delitos de fabricaci\u00f3n tr\u00e1fico y porte de armas; tr\u00e1fico, fabricaci\u00f3n o porte de estupefacientes; fabricaci\u00f3n, tr\u00e1fico y porte de armas, municiones de uso restringido de uso privativo de las fuerzas armadas o explosivos. <strong>Los cargos no fueron aceptados.\u00a0<\/strong><\/span><\/p>\n<p><span style=\"font-weight: 400;\">Esta informaci\u00f3n se publica por razones de inter\u00e9s general.\u00a0 \u00a0 \u00a0 \u00a0 <\/span><\/p>\n<p>&nbsp;<\/p>\n<p><span style=\"font-weight: 400;\">JMSV\/<\/span><\/p>\n<p>&nbsp;<\/p>\n<p>&nbsp;<\/p>\n<p>&nbsp;<\/p>\n<p>&nbsp;<\/p>\n<p>&nbsp;<\/p>\n<p><em>La informaci\u00f3n contenida en este bolet\u00edn de prensa corresponde a la narraci\u00f3n de los hechos noticiosos objetivos, y las investigaciones penales al interior de la Fiscal\u00eda General de la Naci\u00f3n. Para el momento de la divulgaci\u00f3n de este comunicado, la situaci\u00f3n jur\u00eddica de la(s) persona(s) relacionada(s) se encuentra pendiente de resolver por la autoridad judicial competente, siempre bajo los preceptos de la presunci\u00f3n de inocencia, consagrados en el art\u00edculo 29 de la Constituci\u00f3n Pol\u00edtica y el art\u00edculo 7\u00ba de la Ley 906 de 2004.<\/em><\/p>\n\n<div class=\"twitter-share\"><a href=\"https:\/\/twitter.com\/intent\/tweet?via=fiscaliacol\" class=\"twitter-share-button\">Tweet<\/a><\/div>\n","protected":false},"excerpt":{"rendered":"<p>Una vez el armamento y los alucin\u00f3genos llegaban a la capital del pa\u00eds, eran acopiados en un inmueble del barrio La Estrella en la localidad de Ciudad Bol\u00edvar.\u00a0 A petici\u00f3n de una fiscal de la Direcci\u00f3n Especializada contra las Organizaciones Criminales, un juez municipal con funciones de control de garant\u00edas de Bogot\u00e1 impuso medida de [&hellip;]<\/p>\n","protected":false},"author":181,"featured_media":0,"comment_status":"closed","ping_status":"open","sticky":false,"template":"","format":"standard","meta":{"_price":"","_stock":"","_tribe_ticket_header":"","_tribe_default_ticket_provider":"","_tribe_ticket_capacity":"0","_ticket_start_date":"","_ticket_end_date":"","_tribe_ticket_show_description":"","_tribe_ticket_show_not_going":false,"_tribe_ticket_use_global_stock":"","_tribe_ticket_global_stock_level":"","_global_stock_mode":"","_global_stock_cap":"","_tribe_rsvp_for_event":"","_tribe_ticket_going_count":"","_tribe_ticket_not_going_count":"","_tribe_tickets_list":"[]","_tribe_ticket_has_attendee_info_fields":false,"tdm_status":"","tdm_grid_status":"","footnotes":""},"categories":[1,24099],"tags":[12184,37492,4614,37493,30248],"class_list":{"0":"post-295474","1":"post","2":"type-post","3":"status-publish","4":"format-standard","6":"category-noticias","7":"category-seguridad-territorial","8":"tag-fiscal","9":"tag-fiscal-luz-adriana-camargo","10":"tag-fiscalia-2","11":"tag-luz-adriana-camargo","12":"tag-tren-de-aragua"},"yoast_head":"<!-- This site is optimized with the Yoast SEO plugin v24.3 - https:\/\/yoast.com\/wordpress\/plugins\/seo\/ -->\n<title>Fiscal\u00eda General de la Naci\u00f3n<\/title>\n<meta name=\"description\" content=\"P\u00e1gina oficial de la Fiscal\u00eda General de la Naci\u00f3n \u2013 Colombia. Garantizamos el acceso efectivo a la justicia, la verdad y la reparaci\u00f3n de las v\u00edctimas de los delitos.\" \/>\n<meta name=\"robots\" content=\"noindex, follow\" \/>\n<meta property=\"og:locale\" content=\"es_ES\" \/>\n<meta property=\"og:type\" content=\"article\" \/>\n<meta property=\"og:title\" content=\"Fiscal\u00eda General de la Naci\u00f3n\" \/>\n<meta property=\"og:description\" content=\"P\u00e1gina oficial de la Fiscal\u00eda General de la Naci\u00f3n \u2013 Colombia. Garantizamos el acceso efectivo a la justicia, la verdad y la reparaci\u00f3n de las v\u00edctimas de los delitos.\" \/>\n<meta property=\"og:url\" content=\"https:\/\/www.fiscalia.gov.co\/colombia\/noticias\/a-la-carcel-tres-presuntos-integrantes-del-tren-de-aragua-que-comercializarian-armamento-y-estupefacientes-que-llegaban-en-vueltos-de-alimentos-desde-arauca-y-meta\/\" \/>\n<meta property=\"og:site_name\" content=\"Fiscal\u00eda General de la Naci\u00f3n\" \/>\n<meta property=\"article:publisher\" content=\"https:\/\/www.facebook.com\/FiscaliaCol\" \/>\n<meta property=\"article:published_time\" content=\"2024-05-21T15:07:07+00:00\" \/>\n<meta property=\"article:modified_time\" content=\"2024-05-21T16:46:08+00:00\" \/>\n<meta name=\"author\" content=\"Johanna Islenny Prieto Pe\u00f1a\" \/>\n<meta name=\"twitter:card\" content=\"summary_large_image\" \/>\n<meta name=\"twitter:creator\" content=\"@FiscaliaCol\" \/>\n<meta name=\"twitter:site\" content=\"@FiscaliaCol\" \/>\n<meta name=\"twitter:label1\" content=\"Escrito por\" \/>\n\t<meta name=\"twitter:data1\" content=\"Johanna Islenny Prieto Pe\u00f1a\" \/>\n\t<meta name=\"twitter:label2\" content=\"Tiempo de lectura\" \/>\n\t<meta name=\"twitter:data2\" content=\"2 minutos\" \/>\n<script type=\"application\/ld+json\" class=\"yoast-schema-graph\">{\"@context\":\"https:\/\/schema.org\",\"@graph\":[{\"@type\":\"Article\",\"@id\":\"https:\/\/www.fiscalia.gov.co\/colombia\/noticias\/a-la-carcel-tres-presuntos-integrantes-del-tren-de-aragua-que-comercializarian-armamento-y-estupefacientes-que-llegaban-en-vueltos-de-alimentos-desde-arauca-y-meta\/#article\",\"isPartOf\":{\"@id\":\"https:\/\/www.fiscalia.gov.co\/colombia\/noticias\/a-la-carcel-tres-presuntos-integrantes-del-tren-de-aragua-que-comercializarian-armamento-y-estupefacientes-que-llegaban-en-vueltos-de-alimentos-desde-arauca-y-meta\/\"},\"author\":{\"name\":\"Johanna Islenny Prieto Pe\u00f1a\",\"@id\":\"https:\/\/www.fiscalia.gov.co\/colombia\/#\/schema\/person\/ba9eca435947489fb25117a0cd75bf3e\"},\"headline\":\"A la c\u00e1rcel tres presuntos integrantes del \u2018Tren de Aragua\u2019, que comercializar\u00edan armamento y estupefacientes que llegaban camuflados en alimentos desde Arauca y Meta\",\"datePublished\":\"2024-05-21T15:07:07+00:00\",\"dateModified\":\"2024-05-21T16:46:08+00:00\",\"mainEntityOfPage\":{\"@id\":\"https:\/\/www.fiscalia.gov.co\/colombia\/noticias\/a-la-carcel-tres-presuntos-integrantes-del-tren-de-aragua-que-comercializarian-armamento-y-estupefacientes-que-llegaban-en-vueltos-de-alimentos-desde-arauca-y-meta\/\"},\"wordCount\":458,\"publisher\":{\"@id\":\"https:\/\/www.fiscalia.gov.co\/colombia\/#organization\"},\"keywords\":[\"Fiscal\",\"Fiscal Luz Adriana Camargo\",\"Fiscal\u00eda\",\"Luz Adriana Camargo\",\"Tren de Aragua\"],\"articleSection\":[\"Noticias\",\"Seguridad territorial\"],\"inLanguage\":\"es-CO\"},{\"@type\":\"WebPage\",\"@id\":\"https:\/\/www.fiscalia.gov.co\/colombia\/noticias\/a-la-carcel-tres-presuntos-integrantes-del-tren-de-aragua-que-comercializarian-armamento-y-estupefacientes-que-llegaban-en-vueltos-de-alimentos-desde-arauca-y-meta\/\",\"url\":\"https:\/\/www.fiscalia.gov.co\/colombia\/noticias\/a-la-carcel-tres-presuntos-integrantes-del-tren-de-aragua-que-comercializarian-armamento-y-estupefacientes-que-llegaban-en-vueltos-de-alimentos-desde-arauca-y-meta\/\",\"name\":\"Fiscal\u00eda General de la Naci\u00f3n\",\"isPartOf\":{\"@id\":\"https:\/\/www.fiscalia.gov.co\/colombia\/#website\"},\"datePublished\":\"2024-05-21T15:07:07+00:00\",\"dateModified\":\"2024-05-21T16:46:08+00:00\",\"description\":\"P\u00e1gina oficial de la Fiscal\u00eda General de la Naci\u00f3n \u2013 Colombia. Garantizamos el acceso efectivo a la justicia, la verdad y la reparaci\u00f3n de las v\u00edctimas de los delitos.\",\"breadcrumb\":{\"@id\":\"https:\/\/www.fiscalia.gov.co\/colombia\/noticias\/a-la-carcel-tres-presuntos-integrantes-del-tren-de-aragua-que-comercializarian-armamento-y-estupefacientes-que-llegaban-en-vueltos-de-alimentos-desde-arauca-y-meta\/#breadcrumb\"},\"inLanguage\":\"es-CO\",\"potentialAction\":[{\"@type\":\"ReadAction\",\"target\":[\"https:\/\/www.fiscalia.gov.co\/colombia\/noticias\/a-la-carcel-tres-presuntos-integrantes-del-tren-de-aragua-que-comercializarian-armamento-y-estupefacientes-que-llegaban-en-vueltos-de-alimentos-desde-arauca-y-meta\/\"]}]},{\"@type\":\"BreadcrumbList\",\"@id\":\"https:\/\/www.fiscalia.gov.co\/colombia\/noticias\/a-la-carcel-tres-presuntos-integrantes-del-tren-de-aragua-que-comercializarian-armamento-y-estupefacientes-que-llegaban-en-vueltos-de-alimentos-desde-arauca-y-meta\/#breadcrumb\",\"itemListElement\":[{\"@type\":\"ListItem\",\"position\":1,\"name\":\"Home\",\"item\":\"https:\/\/www.fiscalia.gov.co\/colombia\/\"},{\"@type\":\"ListItem\",\"position\":2,\"name\":\"A la c\u00e1rcel tres presuntos integrantes del \u2018Tren de Aragua\u2019, que comercializar\u00edan armamento y estupefacientes que llegaban camuflados en alimentos desde Arauca y Meta\"}]},{\"@type\":\"WebSite\",\"@id\":\"https:\/\/www.fiscalia.gov.co\/colombia\/#website\",\"url\":\"https:\/\/www.fiscalia.gov.co\/colombia\/\",\"name\":\"Fiscal\u00eda General de la Naci\u00f3n\",\"description\":\"P\u00e1gina oficial de la Fiscal\u00eda General de la Naci\u00f3n \u2013 Colombia. Garantizamos el acceso efectivo a la justicia, la verdad y la reparaci\u00f3n de las v\u00edctimas de los delitos.\",\"publisher\":{\"@id\":\"https:\/\/www.fiscalia.gov.co\/colombia\/#organization\"},\"potentialAction\":[{\"@type\":\"SearchAction\",\"target\":{\"@type\":\"EntryPoint\",\"urlTemplate\":\"https:\/\/www.fiscalia.gov.co\/colombia\/?s={search_term_string}\"},\"query-input\":{\"@type\":\"PropertyValueSpecification\",\"valueRequired\":true,\"valueName\":\"search_term_string\"}}],\"inLanguage\":\"es-CO\"},{\"@type\":\"Organization\",\"@id\":\"https:\/\/www.fiscalia.gov.co\/colombia\/#organization\",\"name\":\"Fiscal\u00eda General de la Naci\u00f3n\",\"url\":\"https:\/\/www.fiscalia.gov.co\/colombia\/\",\"logo\":{\"@type\":\"ImageObject\",\"inLanguage\":\"es-CO\",\"@id\":\"https:\/\/www.fiscalia.gov.co\/colombia\/#\/schema\/logo\/image\/\",\"url\":\"https:\/\/www.fiscalia.gov.co\/colombia\/wp-content\/uploads\/LogoHorizontal_1.jpg\",\"contentUrl\":\"https:\/\/www.fiscalia.gov.co\/colombia\/wp-content\/uploads\/LogoHorizontal_1.jpg\",\"width\":300,\"height\":90,\"caption\":\"Fiscal\u00eda General de la Naci\u00f3n\"},\"image\":{\"@id\":\"https:\/\/www.fiscalia.gov.co\/colombia\/#\/schema\/logo\/image\/\"},\"sameAs\":[\"https:\/\/www.facebook.com\/FiscaliaCol\",\"https:\/\/x.com\/FiscaliaCol\",\"https:\/\/www.instagram.com\/fiscaliacol\",\"https:\/\/www.linkedin.com\/company\/fiscalia-general-de-la-naci-n\/\",\"https:\/\/youtube.com\/@fiscaliageneraldelanacion-4668?si=6nN79nyQICPU5iTh\"]},{\"@type\":\"Person\",\"@id\":\"https:\/\/www.fiscalia.gov.co\/colombia\/#\/schema\/person\/ba9eca435947489fb25117a0cd75bf3e\",\"name\":\"Johanna Islenny Prieto Pe\u00f1a\",\"image\":{\"@type\":\"ImageObject\",\"inLanguage\":\"es-CO\",\"@id\":\"https:\/\/www.fiscalia.gov.co\/colombia\/#\/schema\/person\/image\/\",\"url\":\"https:\/\/secure.gravatar.com\/avatar\/111433fc2acb037ffb768f6a3ca47864?s=96&d=mm&r=g\",\"contentUrl\":\"https:\/\/secure.gravatar.com\/avatar\/111433fc2acb037ffb768f6a3ca47864?s=96&d=mm&r=g\",\"caption\":\"Johanna Islenny Prieto Pe\u00f1a\"},\"url\":\"https:\/\/www.fiscalia.gov.co\/colombia\/author\/jprietop\/\"}]}<\/script>\n<!-- \/ Yoast SEO plugin. -->","yoast_head_json":{"title":"Fiscal\u00eda General de la Naci\u00f3n","description":"P\u00e1gina oficial de la Fiscal\u00eda General de la Naci\u00f3n \u2013 Colombia. Garantizamos el acceso efectivo a la justicia, la verdad y la reparaci\u00f3n de las v\u00edctimas de los delitos.","robots":{"index":"noindex","follow":"follow"},"og_locale":"es_ES","og_type":"article","og_title":"Fiscal\u00eda General de la Naci\u00f3n","og_description":"P\u00e1gina oficial de la Fiscal\u00eda General de la Naci\u00f3n \u2013 Colombia. Garantizamos el acceso efectivo a la justicia, la verdad y la reparaci\u00f3n de las v\u00edctimas de los delitos.","og_url":"https:\/\/www.fiscalia.gov.co\/colombia\/noticias\/a-la-carcel-tres-presuntos-integrantes-del-tren-de-aragua-que-comercializarian-armamento-y-estupefacientes-que-llegaban-en-vueltos-de-alimentos-desde-arauca-y-meta\/","og_site_name":"Fiscal\u00eda General de la Naci\u00f3n","article_publisher":"https:\/\/www.facebook.com\/FiscaliaCol","article_published_time":"2024-05-21T15:07:07+00:00","article_modified_time":"2024-05-21T16:46:08+00:00","author":"Johanna Islenny Prieto Pe\u00f1a","twitter_card":"summary_large_image","twitter_creator":"@FiscaliaCol","twitter_site":"@FiscaliaCol","twitter_misc":{"Escrito por":"Johanna Islenny Prieto Pe\u00f1a","Tiempo de lectura":"2 minutos"},"schema":{"@context":"https:\/\/schema.org","@graph":[{"@type":"Article","@id":"https:\/\/www.fiscalia.gov.co\/colombia\/noticias\/a-la-carcel-tres-presuntos-integrantes-del-tren-de-aragua-que-comercializarian-armamento-y-estupefacientes-que-llegaban-en-vueltos-de-alimentos-desde-arauca-y-meta\/#article","isPartOf":{"@id":"https:\/\/www.fiscalia.gov.co\/colombia\/noticias\/a-la-carcel-tres-presuntos-integrantes-del-tren-de-aragua-que-comercializarian-armamento-y-estupefacientes-que-llegaban-en-vueltos-de-alimentos-desde-arauca-y-meta\/"},"author":{"name":"Johanna Islenny Prieto Pe\u00f1a","@id":"https:\/\/www.fiscalia.gov.co\/colombia\/#\/schema\/person\/ba9eca435947489fb25117a0cd75bf3e"},"headline":"A la c\u00e1rcel tres presuntos integrantes del \u2018Tren de Aragua\u2019, que comercializar\u00edan armamento y estupefacientes que llegaban camuflados en alimentos desde Arauca y Meta","datePublished":"2024-05-21T15:07:07+00:00","dateModified":"2024-05-21T16:46:08+00:00","mainEntityOfPage":{"@id":"https:\/\/www.fiscalia.gov.co\/colombia\/noticias\/a-la-carcel-tres-presuntos-integrantes-del-tren-de-aragua-que-comercializarian-armamento-y-estupefacientes-que-llegaban-en-vueltos-de-alimentos-desde-arauca-y-meta\/"},"wordCount":458,"publisher":{"@id":"https:\/\/www.fiscalia.gov.co\/colombia\/#organization"},"keywords":["Fiscal","Fiscal Luz Adriana Camargo","Fiscal\u00eda","Luz Adriana Camargo","Tren de Aragua"],"articleSection":["Noticias","Seguridad territorial"],"inLanguage":"es-CO"},{"@type":"WebPage","@id":"https:\/\/www.fiscalia.gov.co\/colombia\/noticias\/a-la-carcel-tres-presuntos-integrantes-del-tren-de-aragua-que-comercializarian-armamento-y-estupefacientes-que-llegaban-en-vueltos-de-alimentos-desde-arauca-y-meta\/","url":"https:\/\/www.fiscalia.gov.co\/colombia\/noticias\/a-la-carcel-tres-presuntos-integrantes-del-tren-de-aragua-que-comercializarian-armamento-y-estupefacientes-que-llegaban-en-vueltos-de-alimentos-desde-arauca-y-meta\/","name":"Fiscal\u00eda General de la Naci\u00f3n","isPartOf":{"@id":"https:\/\/www.fiscalia.gov.co\/colombia\/#website"},"datePublished":"2024-05-21T15:07:07+00:00","dateModified":"2024-05-21T16:46:08+00:00","description":"P\u00e1gina oficial de la Fiscal\u00eda General de la Naci\u00f3n \u2013 Colombia. Garantizamos el acceso efectivo a la justicia, la verdad y la reparaci\u00f3n de las v\u00edctimas de los delitos.","breadcrumb":{"@id":"https:\/\/www.fiscalia.gov.co\/colombia\/noticias\/a-la-carcel-tres-presuntos-integrantes-del-tren-de-aragua-que-comercializarian-armamento-y-estupefacientes-que-llegaban-en-vueltos-de-alimentos-desde-arauca-y-meta\/#breadcrumb"},"inLanguage":"es-CO","potentialAction":[{"@type":"ReadAction","target":["https:\/\/www.fiscalia.gov.co\/colombia\/noticias\/a-la-carcel-tres-presuntos-integrantes-del-tren-de-aragua-que-comercializarian-armamento-y-estupefacientes-que-llegaban-en-vueltos-de-alimentos-desde-arauca-y-meta\/"]}]},{"@type":"BreadcrumbList","@id":"https:\/\/www.fiscalia.gov.co\/colombia\/noticias\/a-la-carcel-tres-presuntos-integrantes-del-tren-de-aragua-que-comercializarian-armamento-y-estupefacientes-que-llegaban-en-vueltos-de-alimentos-desde-arauca-y-meta\/#breadcrumb","itemListElement":[{"@type":"ListItem","position":1,"name":"Home","item":"https:\/\/www.fiscalia.gov.co\/colombia\/"},{"@type":"ListItem","position":2,"name":"A la c\u00e1rcel tres presuntos integrantes del \u2018Tren de Aragua\u2019, que comercializar\u00edan armamento y estupefacientes que llegaban camuflados en alimentos desde Arauca y Meta"}]},{"@type":"WebSite","@id":"https:\/\/www.fiscalia.gov.co\/colombia\/#website","url":"https:\/\/www.fiscalia.gov.co\/colombia\/","name":"Fiscal\u00eda General de la Naci\u00f3n","description":"P\u00e1gina oficial de la Fiscal\u00eda General de la Naci\u00f3n \u2013 Colombia. Garantizamos el acceso efectivo a la justicia, la verdad y la reparaci\u00f3n de las v\u00edctimas de los delitos.","publisher":{"@id":"https:\/\/www.fiscalia.gov.co\/colombia\/#organization"},"potentialAction":[{"@type":"SearchAction","target":{"@type":"EntryPoint","urlTemplate":"https:\/\/www.fiscalia.gov.co\/colombia\/?s={search_term_string}"},"query-input":{"@type":"PropertyValueSpecification","valueRequired":true,"valueName":"search_term_string"}}],"inLanguage":"es-CO"},{"@type":"Organization","@id":"https:\/\/www.fiscalia.gov.co\/colombia\/#organization","name":"Fiscal\u00eda General de la Naci\u00f3n","url":"https:\/\/www.fiscalia.gov.co\/colombia\/","logo":{"@type":"ImageObject","inLanguage":"es-CO","@id":"https:\/\/www.fiscalia.gov.co\/colombia\/#\/schema\/logo\/image\/","url":"https:\/\/www.fiscalia.gov.co\/colombia\/wp-content\/uploads\/LogoHorizontal_1.jpg","contentUrl":"https:\/\/www.fiscalia.gov.co\/colombia\/wp-content\/uploads\/LogoHorizontal_1.jpg","width":300,"height":90,"caption":"Fiscal\u00eda General de la Naci\u00f3n"},"image":{"@id":"https:\/\/www.fiscalia.gov.co\/colombia\/#\/schema\/logo\/image\/"},"sameAs":["https:\/\/www.facebook.com\/FiscaliaCol","https:\/\/x.com\/FiscaliaCol","https:\/\/www.instagram.com\/fiscaliacol","https:\/\/www.linkedin.com\/company\/fiscalia-general-de-la-naci-n\/","https:\/\/youtube.com\/@fiscaliageneraldelanacion-4668?si=6nN79nyQICPU5iTh"]},{"@type":"Person","@id":"https:\/\/www.fiscalia.gov.co\/colombia\/#\/schema\/person\/ba9eca435947489fb25117a0cd75bf3e","name":"Johanna Islenny Prieto Pe\u00f1a","image":{"@type":"ImageObject","inLanguage":"es-CO","@id":"https:\/\/www.fiscalia.gov.co\/colombia\/#\/schema\/person\/image\/","url":"https:\/\/secure.gravatar.com\/avatar\/111433fc2acb037ffb768f6a3ca47864?s=96&d=mm&r=g","contentUrl":"https:\/\/secure.gravatar.com\/avatar\/111433fc2acb037ffb768f6a3ca47864?s=96&d=mm&r=g","caption":"Johanna Islenny Prieto Pe\u00f1a"},"url":"https:\/\/www.fiscalia.gov.co\/colombia\/author\/jprietop\/"}]}},"_links":{"self":[{"href":"https:\/\/www.fiscalia.gov.co\/colombia\/wp-json\/wp\/v2\/posts\/295474","targetHints":{"allow":["GET"]}}],"collection":[{"href":"https:\/\/www.fiscalia.gov.co\/colombia\/wp-json\/wp\/v2\/posts"}],"about":[{"href":"https:\/\/www.fiscalia.gov.co\/colombia\/wp-json\/wp\/v2\/types\/post"}],"author":[{"embeddable":true,"href":"https:\/\/www.fiscalia.gov.co\/colombia\/wp-json\/wp\/v2\/users\/181"}],"replies":[{"embeddable":true,"href":"https:\/\/www.fiscalia.gov.co\/colombia\/wp-json\/wp\/v2\/comments?post=295474"}],"version-history":[{"count":4,"href":"https:\/\/www.fiscalia.gov.co\/colombia\/wp-json\/wp\/v2\/posts\/295474\/revisions"}],"predecessor-version":[{"id":295485,"href":"https:\/\/www.fiscalia.gov.co\/colombia\/wp-json\/wp\/v2\/posts\/295474\/revisions\/295485"}],"wp:attachment":[{"href":"https:\/\/www.fiscalia.gov.co\/colombia\/wp-json\/wp\/v2\/media?parent=295474"}],"wp:term":[{"taxonomy":"category","embeddable":true,"href":"https:\/\/www.fiscalia.gov.co\/colombia\/wp-json\/wp\/v2\/categories?post=295474"},{"taxonomy":"post_tag","embeddable":true,"href":"https:\/\/www.fiscalia.gov.co\/colombia\/wp-json\/wp\/v2\/tags?post=295474"}],"curies":[{"name":"wp","href":"https:\/\/api.w.org\/{rel}","templated":true}]}}