{"id":295123,"date":"2024-05-16T09:26:48","date_gmt":"2024-05-16T14:26:48","guid":{"rendered":"https:\/\/www.fiscalia.gov.co\/colombia\/?p=295123"},"modified":"2024-05-16T09:26:48","modified_gmt":"2024-05-16T14:26:48","slug":"judicializado-supuesto-brujo-que-habria-abusado-sexualmente-de-cuatro-menores-en-soacha","status":"publish","type":"post","link":"https:\/\/www.fiscalia.gov.co\/colombia\/noticias\/judicializado-supuesto-brujo-que-habria-abusado-sexualmente-de-cuatro-menores-en-soacha\/","title":{"rendered":"Judicializado supuesto brujo que habr\u00eda abusado sexualmente de cuatro menores en Soacha"},"content":{"rendered":"<h4 style=\"text-align: center;\"><strong><em>El procesado habr\u00eda grabado a las v\u00edctimas mientras la agred\u00eda sexualmente durante presuntos rituales.<\/em><\/strong><\/h4>\n<p>La denuncia presentada por una v\u00edctima de abuso sexual ante un fiscal de la Seccional Cundinamarca puso al descubierto la existencia de un supuesto <a href=\"https:\/\/www.fiscalia.gov.co\/colombia\/noticias\/falso-chaman-fue-condenado-a-19-anos-de-prision-por-abusar-sexualmente-de-una-menor-de-edad-en-cali-valle-del-cauca\/\">brujo que, con el pretexto de practicarle rituales de limpieza espiritual<\/a>, <strong>la habr\u00eda abusado sexualmente. Lo mismo, se cree, sucedi\u00f3 con tres menores m\u00e1s.<\/strong><\/p>\n<p>Se\u00a0trata\u00a0de\u00a0Diego\u00a0Fernando\u00a0Defrancisco\u00a0Lagos,\u00a0alias\u00a0Tony,\u00a0quien\u00a0fue\u00a0capturado\u00a0por\u00a0servidores\u00a0del\u00a0Cuerpo\u00a0T\u00e9cnico\u00a0de\u00a0Investigaci\u00f3n\u00a0(CTI)\u00a0en\u00a0cumplimiento\u00a0de\u00a0una\u00a0orden\u00a0judicial.\u00a0Al\u00a0parecer,\u00a0entre diciembre de 2023 y marzo de 2024, <a href=\"https:\/\/www.fiscalia.gov.co\/colombia\/noticias\/a-la-carcel-yerbatero-investigado-por-abuso-sexual-de-una-madre-y-su-hija-menor-de-edad-en-cocorna-antioquia\/\">mediante enga\u00f1os, el \u201cbrujo\u201d<\/a> <strong>llev\u00f3 a varias\u00a0adolescentes a su apartamento, en Soacha (Cundinamarca), donde las somet\u00eda a supuestas\u00a0ceremonias que\u00a0terminaban\u00a0en\u00a0vej\u00e1menes\u00a0sexuales.<\/strong><\/p>\n<p>En el lugar, <strong>las v\u00edctimas fueron obligadas a consumir una bebida que les produc\u00eda somnolencia y doblegaba su voluntad. Una vez en incapacidad de resistir ser\u00edan abusadas sexualmente.<\/strong> Las agresiones, estableci\u00f3 la Fiscal\u00eda, eran grabadas por el procesado con un celular.<\/p>\n<p>Una vez las adolescentes eran conscientes de los abusos Defrancisco Lagos, al parecer, las\u00a0amenazadas con\u00a0divulgar\u00a0las fotos\u00a0y videos\u00a0en\u00a0redes\u00a0sociales.<\/p>\n<p>El m\u00e1s reciente hecho de violencia sexual ocurri\u00f3 en diciembre de 2023 cuando una menor de 17 a\u00f1os fue sometida por la fuerza. Luego de cometido el delito la adolescente recibi\u00f3 llamadas y mensajes intimidatorios; adem\u00e1s de ser obligada a regresar a la residencia del presunto agresor, quien de nuevo y abus\u00f3 de ella.<\/p>\n<p>Estos hechos fueron puestos en conocimiento de las Fiscal\u00eda y de inmediato adelant\u00f3 las acciones pertinentes. Servidores del CTI Cundinamarca, en articulaci\u00f3n con el Ej\u00e9rcito Nacional capturaron al ahora procesado en su residencia.<\/p>\n<p>En el lugar <strong>los investigadores encontraron elementos utilizados durante los supuestos rituales; celulares desde los que ser\u00edan contactadas las v\u00edctimas, una escopeta y cartuchos que la misma.<\/strong> Arma para la cual no ten\u00edan permiso de porte.<\/p>\n<p>Defrancisco Lagos fue imputado con los delitos de pornograf\u00eda con persona menor de 18 a\u00f1os, acceso carnal violento agravado, actos sexuales en persona puesta en incapacidad de resistir agravado; y fabricaci\u00f3n, tr\u00e1fico, porte o tenencia de armas de fuego, accesorios, partes o municiones, cargos que no fueron aceptados.<\/p>\n<p>Por\u00a0petici\u00f3n\u00a0del\u00a0ente\u00a0acusador\u00a0el\u00a0juez\u00a0de\u00a0control\u00a0de\u00a0garant\u00edas\u00a0impuso\u00a0a\u00a0alias\u00a0Tony\u00a0medida\u00a0de\u00a0aseguramiento\u00a0en\u00a0centro\u00a0carcelario.<\/p>\n<p>&nbsp;<\/p>\n<p>&nbsp;<\/p>\n<p>&nbsp;<\/p>\n<p>&nbsp;<\/p>\n<p>&nbsp;<\/p>\n<p>LMBG\/AMCJ\/MAGA\/<\/p>\n<p>&nbsp;<\/p>\n<p>&nbsp;<\/p>\n<p>&nbsp;<\/p>\n<p>&nbsp;<\/p>\n<p>&nbsp;<\/p>\n<div class=\"td-post-content tagdiv-type\">\n<div class=\"td-post-content tagdiv-type\">\n<div>\n<div>\n<div id=\"m_-4348291635521807412divtagdefaultwrapper\" dir=\"ltr\">\n<div>\n<div>\n<div id=\"m_-4348291635521807412divtagdefaultwrapper\" dir=\"ltr\">\n<div>\n<div>\n<div id=\"m_-4348291635521807412divtagdefaultwrapper\" dir=\"ltr\">\n<div>\n<div>\n<div id=\"m_-4348291635521807412divtagdefaultwrapper\" dir=\"ltr\">\n<p><i><span lang=\"ES-MX\">La informaci\u00f3n contenida en este bolet\u00edn de prensa corresponde a la narraci\u00f3n de los hechos noticiosos objetivos, suministrados por los funcionarios encargados de adelantar las investigaciones penales al interior de la Fiscal\u00eda General de la Naci\u00f3n. Para el momento de la divulgaci\u00f3n de este comunicado, la situaci\u00f3n jur\u00eddica de la(s) persona(s) relacionada(s) se encuentra pendiente de resolver por la autoridad judicial competente, siempre bajo los preceptos de la presunci\u00f3n de inocencia, consagrados en el art\u00edculo 29 de la Constituci\u00f3n Pol\u00edtica y el art\u00edculo 7\u00ba de la Ley 906 de 2004.<\/span><\/i><\/p>\n<\/div>\n<\/div>\n<\/div>\n<\/div>\n<\/div>\n<\/div>\n<\/div>\n<\/div>\n<\/div>\n<\/div>\n<\/div>\n<\/div>\n<\/div>\n<\/div>\n\n<div class=\"twitter-share\"><a href=\"https:\/\/twitter.com\/intent\/tweet?via=fiscaliacol\" class=\"twitter-share-button\">Tweet<\/a><\/div>\n","protected":false},"excerpt":{"rendered":"<p>El procesado habr\u00eda grabado a las v\u00edctimas mientras la agred\u00eda sexualmente durante presuntos rituales. La denuncia presentada por una v\u00edctima de abuso sexual ante un fiscal de la Seccional Cundinamarca puso al descubierto la existencia de un supuesto brujo que, con el pretexto de practicarle rituales de limpieza espiritual, la habr\u00eda abusado sexualmente. Lo mismo, [&hellip;]<\/p>\n","protected":false},"author":177,"featured_media":0,"comment_status":"closed","ping_status":"open","sticky":false,"template":"","format":"standard","meta":{"_price":"","_stock":"","_tribe_ticket_header":"","_tribe_default_ticket_provider":"","_tribe_ticket_capacity":"0","_ticket_start_date":"","_ticket_end_date":"","_tribe_ticket_show_description":"","_tribe_ticket_show_not_going":false,"_tribe_ticket_use_global_stock":"","_tribe_ticket_global_stock_level":"","_global_stock_mode":"","_global_stock_cap":"","_tribe_rsvp_for_event":"","_tribe_ticket_going_count":"","_tribe_ticket_not_going_count":"","_tribe_tickets_list":"[]","_tribe_ticket_has_attendee_info_fields":false,"tdm_status":"","tdm_grid_status":"","footnotes":""},"categories":[1,327,303,24127],"tags":[801,7789,37491,37492,1047,1628,37860,187],"class_list":{"0":"post-295123","1":"post","2":"type-post","3":"status-publish","4":"format-standard","6":"category-noticias","7":"category-seccional-cundinamarca","8":"category-seccionales","9":"category-violencia-sexual-e-intrafamiliar","10":"tag-abuso-sexual","11":"tag-brujo","12":"tag-fiscal-camargo","13":"tag-fiscal-luz-adriana-camargo","14":"tag-fiscalia-general-de-la-nacion","15":"tag-menores-de-edad","16":"tag-rituales","17":"tag-sohacha"},"yoast_head":"<!-- This site is optimized with the Yoast SEO plugin v24.3 - https:\/\/yoast.com\/wordpress\/plugins\/seo\/ -->\n<title>Fiscal\u00eda General de la Naci\u00f3n<\/title>\n<meta name=\"description\" content=\"P\u00e1gina oficial de la Fiscal\u00eda General de la Naci\u00f3n \u2013 Colombia. Garantizamos el acceso efectivo a la justicia, la verdad y la reparaci\u00f3n de las v\u00edctimas de los delitos.\" \/>\n<meta name=\"robots\" content=\"noindex, follow\" \/>\n<meta property=\"og:locale\" content=\"es_ES\" \/>\n<meta property=\"og:type\" content=\"article\" \/>\n<meta property=\"og:title\" content=\"Fiscal\u00eda General de la Naci\u00f3n\" \/>\n<meta property=\"og:description\" content=\"P\u00e1gina oficial de la Fiscal\u00eda General de la Naci\u00f3n \u2013 Colombia. Garantizamos el acceso efectivo a la justicia, la verdad y la reparaci\u00f3n de las v\u00edctimas de los delitos.\" \/>\n<meta property=\"og:url\" content=\"https:\/\/www.fiscalia.gov.co\/colombia\/noticias\/judicializado-supuesto-brujo-que-habria-abusado-sexualmente-de-cuatro-menores-en-soacha\/\" \/>\n<meta property=\"og:site_name\" content=\"Fiscal\u00eda General de la Naci\u00f3n\" \/>\n<meta property=\"article:publisher\" content=\"https:\/\/www.facebook.com\/FiscaliaCol\" \/>\n<meta property=\"article:published_time\" content=\"2024-05-16T14:26:48+00:00\" \/>\n<meta name=\"author\" content=\"Jordan Leandro Oviedo Anzola\" \/>\n<meta name=\"twitter:card\" content=\"summary_large_image\" \/>\n<meta name=\"twitter:creator\" content=\"@FiscaliaCol\" \/>\n<meta name=\"twitter:site\" content=\"@FiscaliaCol\" \/>\n<meta name=\"twitter:label1\" content=\"Escrito por\" \/>\n\t<meta name=\"twitter:data1\" content=\"Jordan Leandro Oviedo Anzola\" \/>\n\t<meta name=\"twitter:label2\" content=\"Tiempo de lectura\" \/>\n\t<meta name=\"twitter:data2\" content=\"3 minutos\" \/>\n<script type=\"application\/ld+json\" class=\"yoast-schema-graph\">{\"@context\":\"https:\/\/schema.org\",\"@graph\":[{\"@type\":\"Article\",\"@id\":\"https:\/\/www.fiscalia.gov.co\/colombia\/noticias\/judicializado-supuesto-brujo-que-habria-abusado-sexualmente-de-cuatro-menores-en-soacha\/#article\",\"isPartOf\":{\"@id\":\"https:\/\/www.fiscalia.gov.co\/colombia\/noticias\/judicializado-supuesto-brujo-que-habria-abusado-sexualmente-de-cuatro-menores-en-soacha\/\"},\"author\":{\"name\":\"Jordan Leandro Oviedo Anzola\",\"@id\":\"https:\/\/www.fiscalia.gov.co\/colombia\/#\/schema\/person\/bf84402cf293a5393e9c70b111020b24\"},\"headline\":\"Judicializado supuesto brujo que habr\u00eda abusado sexualmente de cuatro menores en Soacha\",\"datePublished\":\"2024-05-16T14:26:48+00:00\",\"dateModified\":\"2024-05-16T14:26:48+00:00\",\"mainEntityOfPage\":{\"@id\":\"https:\/\/www.fiscalia.gov.co\/colombia\/noticias\/judicializado-supuesto-brujo-que-habria-abusado-sexualmente-de-cuatro-menores-en-soacha\/\"},\"wordCount\":533,\"publisher\":{\"@id\":\"https:\/\/www.fiscalia.gov.co\/colombia\/#organization\"},\"keywords\":[\"Abuso sexual\",\"Brujo\",\"fiscal Camargo\",\"Fiscal Luz Adriana Camargo\",\"Fiscal\u00eda General de la Naci\u00f3n\",\"Menores de edad\",\"rituales\",\"Soacha\"],\"articleSection\":[\"Noticias\",\"Seccional Cundinamarca\",\"Seccionales\",\"Violencia sexual e intrafamiliar\"],\"inLanguage\":\"es-CO\"},{\"@type\":\"WebPage\",\"@id\":\"https:\/\/www.fiscalia.gov.co\/colombia\/noticias\/judicializado-supuesto-brujo-que-habria-abusado-sexualmente-de-cuatro-menores-en-soacha\/\",\"url\":\"https:\/\/www.fiscalia.gov.co\/colombia\/noticias\/judicializado-supuesto-brujo-que-habria-abusado-sexualmente-de-cuatro-menores-en-soacha\/\",\"name\":\"Fiscal\u00eda General de la Naci\u00f3n\",\"isPartOf\":{\"@id\":\"https:\/\/www.fiscalia.gov.co\/colombia\/#website\"},\"datePublished\":\"2024-05-16T14:26:48+00:00\",\"dateModified\":\"2024-05-16T14:26:48+00:00\",\"description\":\"P\u00e1gina oficial de la Fiscal\u00eda General de la Naci\u00f3n \u2013 Colombia. Garantizamos el acceso efectivo a la justicia, la verdad y la reparaci\u00f3n de las v\u00edctimas de los delitos.\",\"breadcrumb\":{\"@id\":\"https:\/\/www.fiscalia.gov.co\/colombia\/noticias\/judicializado-supuesto-brujo-que-habria-abusado-sexualmente-de-cuatro-menores-en-soacha\/#breadcrumb\"},\"inLanguage\":\"es-CO\",\"potentialAction\":[{\"@type\":\"ReadAction\",\"target\":[\"https:\/\/www.fiscalia.gov.co\/colombia\/noticias\/judicializado-supuesto-brujo-que-habria-abusado-sexualmente-de-cuatro-menores-en-soacha\/\"]}]},{\"@type\":\"BreadcrumbList\",\"@id\":\"https:\/\/www.fiscalia.gov.co\/colombia\/noticias\/judicializado-supuesto-brujo-que-habria-abusado-sexualmente-de-cuatro-menores-en-soacha\/#breadcrumb\",\"itemListElement\":[{\"@type\":\"ListItem\",\"position\":1,\"name\":\"Home\",\"item\":\"https:\/\/www.fiscalia.gov.co\/colombia\/\"},{\"@type\":\"ListItem\",\"position\":2,\"name\":\"Judicializado supuesto brujo que habr\u00eda abusado sexualmente de cuatro menores en Soacha\"}]},{\"@type\":\"WebSite\",\"@id\":\"https:\/\/www.fiscalia.gov.co\/colombia\/#website\",\"url\":\"https:\/\/www.fiscalia.gov.co\/colombia\/\",\"name\":\"Fiscal\u00eda General de la Naci\u00f3n\",\"description\":\"P\u00e1gina oficial de la Fiscal\u00eda General de la Naci\u00f3n \u2013 Colombia. Garantizamos el acceso efectivo a la justicia, la verdad y la reparaci\u00f3n de las v\u00edctimas de los delitos.\",\"publisher\":{\"@id\":\"https:\/\/www.fiscalia.gov.co\/colombia\/#organization\"},\"potentialAction\":[{\"@type\":\"SearchAction\",\"target\":{\"@type\":\"EntryPoint\",\"urlTemplate\":\"https:\/\/www.fiscalia.gov.co\/colombia\/?s={search_term_string}\"},\"query-input\":{\"@type\":\"PropertyValueSpecification\",\"valueRequired\":true,\"valueName\":\"search_term_string\"}}],\"inLanguage\":\"es-CO\"},{\"@type\":\"Organization\",\"@id\":\"https:\/\/www.fiscalia.gov.co\/colombia\/#organization\",\"name\":\"Fiscal\u00eda General de la Naci\u00f3n\",\"url\":\"https:\/\/www.fiscalia.gov.co\/colombia\/\",\"logo\":{\"@type\":\"ImageObject\",\"inLanguage\":\"es-CO\",\"@id\":\"https:\/\/www.fiscalia.gov.co\/colombia\/#\/schema\/logo\/image\/\",\"url\":\"https:\/\/www.fiscalia.gov.co\/colombia\/wp-content\/uploads\/LogoHorizontal_1.jpg\",\"contentUrl\":\"https:\/\/www.fiscalia.gov.co\/colombia\/wp-content\/uploads\/LogoHorizontal_1.jpg\",\"width\":300,\"height\":90,\"caption\":\"Fiscal\u00eda General de la Naci\u00f3n\"},\"image\":{\"@id\":\"https:\/\/www.fiscalia.gov.co\/colombia\/#\/schema\/logo\/image\/\"},\"sameAs\":[\"https:\/\/www.facebook.com\/FiscaliaCol\",\"https:\/\/x.com\/FiscaliaCol\",\"https:\/\/www.instagram.com\/fiscaliacol\",\"https:\/\/www.linkedin.com\/company\/fiscalia-general-de-la-naci-n\/\",\"https:\/\/youtube.com\/@fiscaliageneraldelanacion-4668?si=6nN79nyQICPU5iTh\"]},{\"@type\":\"Person\",\"@id\":\"https:\/\/www.fiscalia.gov.co\/colombia\/#\/schema\/person\/bf84402cf293a5393e9c70b111020b24\",\"name\":\"Jordan Leandro Oviedo Anzola\",\"image\":{\"@type\":\"ImageObject\",\"inLanguage\":\"es-CO\",\"@id\":\"https:\/\/www.fiscalia.gov.co\/colombia\/#\/schema\/person\/image\/\",\"url\":\"https:\/\/secure.gravatar.com\/avatar\/dabba4346fa9b9207d96adafa8f92721?s=96&d=mm&r=g\",\"contentUrl\":\"https:\/\/secure.gravatar.com\/avatar\/dabba4346fa9b9207d96adafa8f92721?s=96&d=mm&r=g\",\"caption\":\"Jordan Leandro Oviedo Anzola\"},\"url\":\"https:\/\/www.fiscalia.gov.co\/colombia\/author\/joviedo\/\"}]}<\/script>\n<!-- \/ Yoast SEO plugin. -->","yoast_head_json":{"title":"Fiscal\u00eda General de la Naci\u00f3n","description":"P\u00e1gina oficial de la Fiscal\u00eda General de la Naci\u00f3n \u2013 Colombia. Garantizamos el acceso efectivo a la justicia, la verdad y la reparaci\u00f3n de las v\u00edctimas de los delitos.","robots":{"index":"noindex","follow":"follow"},"og_locale":"es_ES","og_type":"article","og_title":"Fiscal\u00eda General de la Naci\u00f3n","og_description":"P\u00e1gina oficial de la Fiscal\u00eda General de la Naci\u00f3n \u2013 Colombia. Garantizamos el acceso efectivo a la justicia, la verdad y la reparaci\u00f3n de las v\u00edctimas de los delitos.","og_url":"https:\/\/www.fiscalia.gov.co\/colombia\/noticias\/judicializado-supuesto-brujo-que-habria-abusado-sexualmente-de-cuatro-menores-en-soacha\/","og_site_name":"Fiscal\u00eda General de la Naci\u00f3n","article_publisher":"https:\/\/www.facebook.com\/FiscaliaCol","article_published_time":"2024-05-16T14:26:48+00:00","author":"Jordan Leandro Oviedo Anzola","twitter_card":"summary_large_image","twitter_creator":"@FiscaliaCol","twitter_site":"@FiscaliaCol","twitter_misc":{"Escrito por":"Jordan Leandro Oviedo Anzola","Tiempo de lectura":"3 minutos"},"schema":{"@context":"https:\/\/schema.org","@graph":[{"@type":"Article","@id":"https:\/\/www.fiscalia.gov.co\/colombia\/noticias\/judicializado-supuesto-brujo-que-habria-abusado-sexualmente-de-cuatro-menores-en-soacha\/#article","isPartOf":{"@id":"https:\/\/www.fiscalia.gov.co\/colombia\/noticias\/judicializado-supuesto-brujo-que-habria-abusado-sexualmente-de-cuatro-menores-en-soacha\/"},"author":{"name":"Jordan Leandro Oviedo Anzola","@id":"https:\/\/www.fiscalia.gov.co\/colombia\/#\/schema\/person\/bf84402cf293a5393e9c70b111020b24"},"headline":"Judicializado supuesto brujo que habr\u00eda abusado sexualmente de cuatro menores en Soacha","datePublished":"2024-05-16T14:26:48+00:00","dateModified":"2024-05-16T14:26:48+00:00","mainEntityOfPage":{"@id":"https:\/\/www.fiscalia.gov.co\/colombia\/noticias\/judicializado-supuesto-brujo-que-habria-abusado-sexualmente-de-cuatro-menores-en-soacha\/"},"wordCount":533,"publisher":{"@id":"https:\/\/www.fiscalia.gov.co\/colombia\/#organization"},"keywords":["Abuso sexual","Brujo","fiscal Camargo","Fiscal Luz Adriana Camargo","Fiscal\u00eda General de la Naci\u00f3n","Menores de edad","rituales","Soacha"],"articleSection":["Noticias","Seccional Cundinamarca","Seccionales","Violencia sexual e intrafamiliar"],"inLanguage":"es-CO"},{"@type":"WebPage","@id":"https:\/\/www.fiscalia.gov.co\/colombia\/noticias\/judicializado-supuesto-brujo-que-habria-abusado-sexualmente-de-cuatro-menores-en-soacha\/","url":"https:\/\/www.fiscalia.gov.co\/colombia\/noticias\/judicializado-supuesto-brujo-que-habria-abusado-sexualmente-de-cuatro-menores-en-soacha\/","name":"Fiscal\u00eda General de la Naci\u00f3n","isPartOf":{"@id":"https:\/\/www.fiscalia.gov.co\/colombia\/#website"},"datePublished":"2024-05-16T14:26:48+00:00","dateModified":"2024-05-16T14:26:48+00:00","description":"P\u00e1gina oficial de la Fiscal\u00eda General de la Naci\u00f3n \u2013 Colombia. Garantizamos el acceso efectivo a la justicia, la verdad y la reparaci\u00f3n de las v\u00edctimas de los delitos.","breadcrumb":{"@id":"https:\/\/www.fiscalia.gov.co\/colombia\/noticias\/judicializado-supuesto-brujo-que-habria-abusado-sexualmente-de-cuatro-menores-en-soacha\/#breadcrumb"},"inLanguage":"es-CO","potentialAction":[{"@type":"ReadAction","target":["https:\/\/www.fiscalia.gov.co\/colombia\/noticias\/judicializado-supuesto-brujo-que-habria-abusado-sexualmente-de-cuatro-menores-en-soacha\/"]}]},{"@type":"BreadcrumbList","@id":"https:\/\/www.fiscalia.gov.co\/colombia\/noticias\/judicializado-supuesto-brujo-que-habria-abusado-sexualmente-de-cuatro-menores-en-soacha\/#breadcrumb","itemListElement":[{"@type":"ListItem","position":1,"name":"Home","item":"https:\/\/www.fiscalia.gov.co\/colombia\/"},{"@type":"ListItem","position":2,"name":"Judicializado supuesto brujo que habr\u00eda abusado sexualmente de cuatro menores en Soacha"}]},{"@type":"WebSite","@id":"https:\/\/www.fiscalia.gov.co\/colombia\/#website","url":"https:\/\/www.fiscalia.gov.co\/colombia\/","name":"Fiscal\u00eda General de la Naci\u00f3n","description":"P\u00e1gina oficial de la Fiscal\u00eda General de la Naci\u00f3n \u2013 Colombia. Garantizamos el acceso efectivo a la justicia, la verdad y la reparaci\u00f3n de las v\u00edctimas de los delitos.","publisher":{"@id":"https:\/\/www.fiscalia.gov.co\/colombia\/#organization"},"potentialAction":[{"@type":"SearchAction","target":{"@type":"EntryPoint","urlTemplate":"https:\/\/www.fiscalia.gov.co\/colombia\/?s={search_term_string}"},"query-input":{"@type":"PropertyValueSpecification","valueRequired":true,"valueName":"search_term_string"}}],"inLanguage":"es-CO"},{"@type":"Organization","@id":"https:\/\/www.fiscalia.gov.co\/colombia\/#organization","name":"Fiscal\u00eda General de la Naci\u00f3n","url":"https:\/\/www.fiscalia.gov.co\/colombia\/","logo":{"@type":"ImageObject","inLanguage":"es-CO","@id":"https:\/\/www.fiscalia.gov.co\/colombia\/#\/schema\/logo\/image\/","url":"https:\/\/www.fiscalia.gov.co\/colombia\/wp-content\/uploads\/LogoHorizontal_1.jpg","contentUrl":"https:\/\/www.fiscalia.gov.co\/colombia\/wp-content\/uploads\/LogoHorizontal_1.jpg","width":300,"height":90,"caption":"Fiscal\u00eda General de la Naci\u00f3n"},"image":{"@id":"https:\/\/www.fiscalia.gov.co\/colombia\/#\/schema\/logo\/image\/"},"sameAs":["https:\/\/www.facebook.com\/FiscaliaCol","https:\/\/x.com\/FiscaliaCol","https:\/\/www.instagram.com\/fiscaliacol","https:\/\/www.linkedin.com\/company\/fiscalia-general-de-la-naci-n\/","https:\/\/youtube.com\/@fiscaliageneraldelanacion-4668?si=6nN79nyQICPU5iTh"]},{"@type":"Person","@id":"https:\/\/www.fiscalia.gov.co\/colombia\/#\/schema\/person\/bf84402cf293a5393e9c70b111020b24","name":"Jordan Leandro Oviedo Anzola","image":{"@type":"ImageObject","inLanguage":"es-CO","@id":"https:\/\/www.fiscalia.gov.co\/colombia\/#\/schema\/person\/image\/","url":"https:\/\/secure.gravatar.com\/avatar\/dabba4346fa9b9207d96adafa8f92721?s=96&d=mm&r=g","contentUrl":"https:\/\/secure.gravatar.com\/avatar\/dabba4346fa9b9207d96adafa8f92721?s=96&d=mm&r=g","caption":"Jordan Leandro Oviedo Anzola"},"url":"https:\/\/www.fiscalia.gov.co\/colombia\/author\/joviedo\/"}]}},"_links":{"self":[{"href":"https:\/\/www.fiscalia.gov.co\/colombia\/wp-json\/wp\/v2\/posts\/295123","targetHints":{"allow":["GET"]}}],"collection":[{"href":"https:\/\/www.fiscalia.gov.co\/colombia\/wp-json\/wp\/v2\/posts"}],"about":[{"href":"https:\/\/www.fiscalia.gov.co\/colombia\/wp-json\/wp\/v2\/types\/post"}],"author":[{"embeddable":true,"href":"https:\/\/www.fiscalia.gov.co\/colombia\/wp-json\/wp\/v2\/users\/177"}],"replies":[{"embeddable":true,"href":"https:\/\/www.fiscalia.gov.co\/colombia\/wp-json\/wp\/v2\/comments?post=295123"}],"version-history":[{"count":2,"href":"https:\/\/www.fiscalia.gov.co\/colombia\/wp-json\/wp\/v2\/posts\/295123\/revisions"}],"predecessor-version":[{"id":295126,"href":"https:\/\/www.fiscalia.gov.co\/colombia\/wp-json\/wp\/v2\/posts\/295123\/revisions\/295126"}],"wp:attachment":[{"href":"https:\/\/www.fiscalia.gov.co\/colombia\/wp-json\/wp\/v2\/media?parent=295123"}],"wp:term":[{"taxonomy":"category","embeddable":true,"href":"https:\/\/www.fiscalia.gov.co\/colombia\/wp-json\/wp\/v2\/categories?post=295123"},{"taxonomy":"post_tag","embeddable":true,"href":"https:\/\/www.fiscalia.gov.co\/colombia\/wp-json\/wp\/v2\/tags?post=295123"}],"curies":[{"name":"wp","href":"https:\/\/api.w.org\/{rel}","templated":true}]}}