{"id":295096,"date":"2024-05-15T16:33:50","date_gmt":"2024-05-15T21:33:50","guid":{"rendered":"https:\/\/www.fiscalia.gov.co\/colombia\/?p=295096"},"modified":"2024-05-15T16:33:50","modified_gmt":"2024-05-15T21:33:50","slug":"discusion-de-residentes-de-un-centro-de-adultos-mayores-termino-con-la-muerte-de-uno-y-el-aseguramiento-en-carcel-del-otro","status":"publish","type":"post","link":"https:\/\/www.fiscalia.gov.co\/colombia\/noticias\/discusion-de-residentes-de-un-centro-de-adultos-mayores-termino-con-la-muerte-de-uno-y-el-aseguramiento-en-carcel-del-otro\/","title":{"rendered":"Discusi\u00f3n de residentes de un centro de adultos mayores termin\u00f3 con la muerte de uno y el aseguramiento en c\u00e1rcel del otro"},"content":{"rendered":"<div>\n<p>Lo que ser\u00eda un caso de intolerancia llev\u00f3 tras las rejas a <strong>Jos\u00e9 Laureano Escobar Ciro de 79 a\u00f1os. Desde hace dos a\u00f1os \u00e9l viv\u00eda en un centro de protecci\u00f3n del adulto mayor del municipio de Norcasia (Caldas).<\/strong><\/p>\n<p>Testimonios recopilados por la Fiscal\u00eda General de la Naci\u00f3n evidencian que <strong>la ma\u00f1ana del pasado 8 de mayo el ahora procesado sostuvo una acalorada discusi\u00f3n con Jos\u00e9 David Guti\u00e9rrez Naranjo, de 69 edad<\/strong>, y quien tambi\u00e9n resid\u00eda en dicho lugar.<\/p>\n<p>Versiones en poder de la fiscal\u00eda se\u00f1alan que las discusiones entre los dos hombres vendr\u00edan de tiempo atr\u00e1s. <strong>La ma\u00f1ana de los hechos durante el desayuno Guti\u00e9rrez Naranjo, quien hab\u00eda llegado al lugar en diciembre de 2023 tosi\u00f3,<\/strong> lo cual caus\u00f3 el reproche de Escobar Ciro.<\/p>\n<p>Acto seguido los dos hombres se trenzaron en agresiones f\u00edsicas que terminaron ocasionando la muerte de Guti\u00e9rrez Naranjo cuyo cuerpo report\u00f3, seg\u00fan los informes periciales,<a href=\"https:\/\/www.fiscalia.gov.co\/colombia\/noticias\/condenado-un-hombre-que-golpeo-y-ahogo-a-un-adulto-mayor-en-el-mar-de-tolu\/\"> siete heridas con arma cortopunzante, las mismas que habr\u00edan sido causadas por su compa\u00f1ero.<\/a><\/p>\n<p>La v\u00edctima fue trasladada a un centro asistencial a donde arrib\u00f3 sin signos vitales. El procesado fue capturado en flagrancia y presentado ante un juez con funci\u00f3n de control de garant\u00edas. Un fiscal de la Seccional Caldas lo imput\u00f3 por el delito de homicidio agravado. Cargo que fue desestimado por el investigado.<\/p>\n<p>Los argumentos expuestos por el ente acusador permitieron que el juez impusiera al procesado medida de aseguramiento en centro carcelario.<\/p>\n<\/div>\n<p>&nbsp;<\/p>\n<p>&nbsp;<\/p>\n<p>&nbsp;<\/p>\n<p>&nbsp;<\/p>\n<p>&nbsp;<\/p>\n<div>\n<p>JLH\/MAGA\/ACG<\/p>\n<p>&nbsp;<\/p>\n<\/div>\n<p>&nbsp;<\/p>\n<p>&nbsp;<\/p>\n<p>&nbsp;<\/p>\n<div class=\"td-post-content tagdiv-type\">\n<div class=\"td-post-content tagdiv-type\">\n<div class=\"td-post-content tagdiv-type\">\n<p><em>La informaci\u00f3n contenida en este bolet\u00edn de prensa corresponde a la narraci\u00f3n de los hechos noticiosos objetivos, suministrados por los funcionarios encargados de adelantar las investigaciones penales al interior de la Fiscal\u00eda General de la Naci\u00f3n. Para el momento de la divulgaci\u00f3n de este comunicado, la situaci\u00f3n jur\u00eddica de la(s) persona(s) relacionada(s) se encuentra pendiente de resolver por la autoridad judicial competente, siempre bajo los preceptos de la presunci\u00f3n de inocencia, consagrados en el art\u00edculo 29 de la Constituci\u00f3n Pol\u00edtica y el art\u00edculo 7\u00ba de la Ley 906 de 2004.<\/em><\/p>\n<\/div>\n<\/div>\n<footer>\n<div class=\"td-post-source-tags\"><\/div>\n<div class=\"td-post-sharing-bottom\"><\/div>\n<\/footer>\n<\/div>\n<footer>\n<div class=\"td-post-source-tags\"><\/div>\n<div class=\"td-post-sharing-bottom\"><\/div>\n<\/footer>\n\n<div class=\"twitter-share\"><a href=\"https:\/\/twitter.com\/intent\/tweet?via=fiscaliacol\" class=\"twitter-share-button\">Tweet<\/a><\/div>\n","protected":false},"excerpt":{"rendered":"<p>Lo que ser\u00eda un caso de intolerancia llev\u00f3 tras las rejas a Jos\u00e9 Laureano Escobar Ciro de 79 a\u00f1os. Desde hace dos a\u00f1os \u00e9l viv\u00eda en un centro de protecci\u00f3n del adulto mayor del municipio de Norcasia (Caldas). Testimonios recopilados por la Fiscal\u00eda General de la Naci\u00f3n evidencian que la ma\u00f1ana del pasado 8 de [&hellip;]<\/p>\n","protected":false},"author":177,"featured_media":0,"comment_status":"closed","ping_status":"open","sticky":false,"template":"","format":"standard","meta":{"_price":"","_stock":"","_tribe_ticket_header":"","_tribe_default_ticket_provider":"","_tribe_ticket_capacity":"0","_ticket_start_date":"","_ticket_end_date":"","_tribe_ticket_show_description":"","_tribe_ticket_show_not_going":false,"_tribe_ticket_use_global_stock":"","_tribe_ticket_global_stock_level":"","_global_stock_mode":"","_global_stock_cap":"","_tribe_rsvp_for_event":"","_tribe_ticket_going_count":"","_tribe_ticket_not_going_count":"","_tribe_tickets_list":"[]","_tribe_ticket_has_attendee_info_fields":false,"tdm_status":"","tdm_grid_status":"","footnotes":""},"categories":[1,330,303,24099],"tags":[37491,37492,1047,37851,37850,28723,27740],"class_list":{"0":"post-295096","1":"post","2":"type-post","3":"status-publish","4":"format-standard","6":"category-noticias","7":"category-seccional-manizales","8":"category-seccionales","9":"category-seguridad-territorial","10":"tag-fiscal-camargo","11":"tag-fiscal-luz-adriana-camargo","12":"tag-fiscalia-general-de-la-nacion","13":"tag-jose-david-gutierrez-naranjo","14":"tag-jose-laureano-escobar-ciro","15":"tag-la-dorada-caldas","16":"tag-norcasia-caldas"},"yoast_head":"<!-- This site is optimized with the Yoast SEO plugin v24.3 - https:\/\/yoast.com\/wordpress\/plugins\/seo\/ -->\n<title>Fiscal\u00eda General de la Naci\u00f3n<\/title>\n<meta name=\"description\" content=\"P\u00e1gina oficial de la Fiscal\u00eda General de la Naci\u00f3n \u2013 Colombia. Garantizamos el acceso efectivo a la justicia, la verdad y la reparaci\u00f3n de las v\u00edctimas de los delitos.\" \/>\n<meta name=\"robots\" content=\"noindex, follow\" \/>\n<meta property=\"og:locale\" content=\"es_ES\" \/>\n<meta property=\"og:type\" content=\"article\" \/>\n<meta property=\"og:title\" content=\"Fiscal\u00eda General de la Naci\u00f3n\" \/>\n<meta property=\"og:description\" content=\"P\u00e1gina oficial de la Fiscal\u00eda General de la Naci\u00f3n \u2013 Colombia. Garantizamos el acceso efectivo a la justicia, la verdad y la reparaci\u00f3n de las v\u00edctimas de los delitos.\" \/>\n<meta property=\"og:url\" content=\"https:\/\/www.fiscalia.gov.co\/colombia\/noticias\/discusion-de-residentes-de-un-centro-de-adultos-mayores-termino-con-la-muerte-de-uno-y-el-aseguramiento-en-carcel-del-otro\/\" \/>\n<meta property=\"og:site_name\" content=\"Fiscal\u00eda General de la Naci\u00f3n\" \/>\n<meta property=\"article:publisher\" content=\"https:\/\/www.facebook.com\/FiscaliaCol\" \/>\n<meta property=\"article:published_time\" content=\"2024-05-15T21:33:50+00:00\" \/>\n<meta name=\"author\" content=\"Jordan Leandro Oviedo Anzola\" \/>\n<meta name=\"twitter:card\" content=\"summary_large_image\" \/>\n<meta name=\"twitter:creator\" content=\"@FiscaliaCol\" \/>\n<meta name=\"twitter:site\" content=\"@FiscaliaCol\" \/>\n<meta name=\"twitter:label1\" content=\"Escrito por\" \/>\n\t<meta name=\"twitter:data1\" content=\"Jordan Leandro Oviedo Anzola\" \/>\n\t<meta name=\"twitter:label2\" content=\"Tiempo de lectura\" \/>\n\t<meta name=\"twitter:data2\" content=\"2 minutos\" \/>\n<script type=\"application\/ld+json\" class=\"yoast-schema-graph\">{\"@context\":\"https:\/\/schema.org\",\"@graph\":[{\"@type\":\"Article\",\"@id\":\"https:\/\/www.fiscalia.gov.co\/colombia\/noticias\/discusion-de-residentes-de-un-centro-de-adultos-mayores-termino-con-la-muerte-de-uno-y-el-aseguramiento-en-carcel-del-otro\/#article\",\"isPartOf\":{\"@id\":\"https:\/\/www.fiscalia.gov.co\/colombia\/noticias\/discusion-de-residentes-de-un-centro-de-adultos-mayores-termino-con-la-muerte-de-uno-y-el-aseguramiento-en-carcel-del-otro\/\"},\"author\":{\"name\":\"Jordan Leandro Oviedo Anzola\",\"@id\":\"https:\/\/www.fiscalia.gov.co\/colombia\/#\/schema\/person\/bf84402cf293a5393e9c70b111020b24\"},\"headline\":\"Discusi\u00f3n de residentes de un centro de adultos mayores termin\u00f3 con la muerte de uno y el aseguramiento en c\u00e1rcel del otro\",\"datePublished\":\"2024-05-15T21:33:50+00:00\",\"dateModified\":\"2024-05-15T21:33:50+00:00\",\"mainEntityOfPage\":{\"@id\":\"https:\/\/www.fiscalia.gov.co\/colombia\/noticias\/discusion-de-residentes-de-un-centro-de-adultos-mayores-termino-con-la-muerte-de-uno-y-el-aseguramiento-en-carcel-del-otro\/\"},\"wordCount\":396,\"publisher\":{\"@id\":\"https:\/\/www.fiscalia.gov.co\/colombia\/#organization\"},\"keywords\":[\"fiscal Camargo\",\"Fiscal Luz Adriana Camargo\",\"Fiscal\u00eda General de la Naci\u00f3n\",\"Jos\u00e9 David Guti\u00e9rrez Naranjo.\",\"Jos\u00e9 Laureano Escobar Ciro\",\"La Dorada (Caldas)\",\"Norcasia (Caldas)\"],\"articleSection\":[\"Noticias\",\"Seccional Manizales\",\"Seccionales\",\"Seguridad territorial\"],\"inLanguage\":\"es-CO\"},{\"@type\":\"WebPage\",\"@id\":\"https:\/\/www.fiscalia.gov.co\/colombia\/noticias\/discusion-de-residentes-de-un-centro-de-adultos-mayores-termino-con-la-muerte-de-uno-y-el-aseguramiento-en-carcel-del-otro\/\",\"url\":\"https:\/\/www.fiscalia.gov.co\/colombia\/noticias\/discusion-de-residentes-de-un-centro-de-adultos-mayores-termino-con-la-muerte-de-uno-y-el-aseguramiento-en-carcel-del-otro\/\",\"name\":\"Fiscal\u00eda General de la Naci\u00f3n\",\"isPartOf\":{\"@id\":\"https:\/\/www.fiscalia.gov.co\/colombia\/#website\"},\"datePublished\":\"2024-05-15T21:33:50+00:00\",\"dateModified\":\"2024-05-15T21:33:50+00:00\",\"description\":\"P\u00e1gina oficial de la Fiscal\u00eda General de la Naci\u00f3n \u2013 Colombia. Garantizamos el acceso efectivo a la justicia, la verdad y la reparaci\u00f3n de las v\u00edctimas de los delitos.\",\"breadcrumb\":{\"@id\":\"https:\/\/www.fiscalia.gov.co\/colombia\/noticias\/discusion-de-residentes-de-un-centro-de-adultos-mayores-termino-con-la-muerte-de-uno-y-el-aseguramiento-en-carcel-del-otro\/#breadcrumb\"},\"inLanguage\":\"es-CO\",\"potentialAction\":[{\"@type\":\"ReadAction\",\"target\":[\"https:\/\/www.fiscalia.gov.co\/colombia\/noticias\/discusion-de-residentes-de-un-centro-de-adultos-mayores-termino-con-la-muerte-de-uno-y-el-aseguramiento-en-carcel-del-otro\/\"]}]},{\"@type\":\"BreadcrumbList\",\"@id\":\"https:\/\/www.fiscalia.gov.co\/colombia\/noticias\/discusion-de-residentes-de-un-centro-de-adultos-mayores-termino-con-la-muerte-de-uno-y-el-aseguramiento-en-carcel-del-otro\/#breadcrumb\",\"itemListElement\":[{\"@type\":\"ListItem\",\"position\":1,\"name\":\"Home\",\"item\":\"https:\/\/www.fiscalia.gov.co\/colombia\/\"},{\"@type\":\"ListItem\",\"position\":2,\"name\":\"Discusi\u00f3n de residentes de un centro de adultos mayores termin\u00f3 con la muerte de uno y el aseguramiento en c\u00e1rcel del otro\"}]},{\"@type\":\"WebSite\",\"@id\":\"https:\/\/www.fiscalia.gov.co\/colombia\/#website\",\"url\":\"https:\/\/www.fiscalia.gov.co\/colombia\/\",\"name\":\"Fiscal\u00eda General de la Naci\u00f3n\",\"description\":\"P\u00e1gina oficial de la Fiscal\u00eda General de la Naci\u00f3n \u2013 Colombia. Garantizamos el acceso efectivo a la justicia, la verdad y la reparaci\u00f3n de las v\u00edctimas de los delitos.\",\"publisher\":{\"@id\":\"https:\/\/www.fiscalia.gov.co\/colombia\/#organization\"},\"potentialAction\":[{\"@type\":\"SearchAction\",\"target\":{\"@type\":\"EntryPoint\",\"urlTemplate\":\"https:\/\/www.fiscalia.gov.co\/colombia\/?s={search_term_string}\"},\"query-input\":{\"@type\":\"PropertyValueSpecification\",\"valueRequired\":true,\"valueName\":\"search_term_string\"}}],\"inLanguage\":\"es-CO\"},{\"@type\":\"Organization\",\"@id\":\"https:\/\/www.fiscalia.gov.co\/colombia\/#organization\",\"name\":\"Fiscal\u00eda General de la Naci\u00f3n\",\"url\":\"https:\/\/www.fiscalia.gov.co\/colombia\/\",\"logo\":{\"@type\":\"ImageObject\",\"inLanguage\":\"es-CO\",\"@id\":\"https:\/\/www.fiscalia.gov.co\/colombia\/#\/schema\/logo\/image\/\",\"url\":\"https:\/\/www.fiscalia.gov.co\/colombia\/wp-content\/uploads\/LogoHorizontal_1.jpg\",\"contentUrl\":\"https:\/\/www.fiscalia.gov.co\/colombia\/wp-content\/uploads\/LogoHorizontal_1.jpg\",\"width\":300,\"height\":90,\"caption\":\"Fiscal\u00eda General de la Naci\u00f3n\"},\"image\":{\"@id\":\"https:\/\/www.fiscalia.gov.co\/colombia\/#\/schema\/logo\/image\/\"},\"sameAs\":[\"https:\/\/www.facebook.com\/FiscaliaCol\",\"https:\/\/x.com\/FiscaliaCol\",\"https:\/\/www.instagram.com\/fiscaliacol\",\"https:\/\/www.linkedin.com\/company\/fiscalia-general-de-la-naci-n\/\",\"https:\/\/youtube.com\/@fiscaliageneraldelanacion-4668?si=6nN79nyQICPU5iTh\"]},{\"@type\":\"Person\",\"@id\":\"https:\/\/www.fiscalia.gov.co\/colombia\/#\/schema\/person\/bf84402cf293a5393e9c70b111020b24\",\"name\":\"Jordan Leandro Oviedo Anzola\",\"image\":{\"@type\":\"ImageObject\",\"inLanguage\":\"es-CO\",\"@id\":\"https:\/\/www.fiscalia.gov.co\/colombia\/#\/schema\/person\/image\/\",\"url\":\"https:\/\/secure.gravatar.com\/avatar\/dabba4346fa9b9207d96adafa8f92721?s=96&d=mm&r=g\",\"contentUrl\":\"https:\/\/secure.gravatar.com\/avatar\/dabba4346fa9b9207d96adafa8f92721?s=96&d=mm&r=g\",\"caption\":\"Jordan Leandro Oviedo Anzola\"},\"url\":\"https:\/\/www.fiscalia.gov.co\/colombia\/author\/joviedo\/\"}]}<\/script>\n<!-- \/ Yoast SEO plugin. -->","yoast_head_json":{"title":"Fiscal\u00eda General de la Naci\u00f3n","description":"P\u00e1gina oficial de la Fiscal\u00eda General de la Naci\u00f3n \u2013 Colombia. Garantizamos el acceso efectivo a la justicia, la verdad y la reparaci\u00f3n de las v\u00edctimas de los delitos.","robots":{"index":"noindex","follow":"follow"},"og_locale":"es_ES","og_type":"article","og_title":"Fiscal\u00eda General de la Naci\u00f3n","og_description":"P\u00e1gina oficial de la Fiscal\u00eda General de la Naci\u00f3n \u2013 Colombia. Garantizamos el acceso efectivo a la justicia, la verdad y la reparaci\u00f3n de las v\u00edctimas de los delitos.","og_url":"https:\/\/www.fiscalia.gov.co\/colombia\/noticias\/discusion-de-residentes-de-un-centro-de-adultos-mayores-termino-con-la-muerte-de-uno-y-el-aseguramiento-en-carcel-del-otro\/","og_site_name":"Fiscal\u00eda General de la Naci\u00f3n","article_publisher":"https:\/\/www.facebook.com\/FiscaliaCol","article_published_time":"2024-05-15T21:33:50+00:00","author":"Jordan Leandro Oviedo Anzola","twitter_card":"summary_large_image","twitter_creator":"@FiscaliaCol","twitter_site":"@FiscaliaCol","twitter_misc":{"Escrito por":"Jordan Leandro Oviedo Anzola","Tiempo de lectura":"2 minutos"},"schema":{"@context":"https:\/\/schema.org","@graph":[{"@type":"Article","@id":"https:\/\/www.fiscalia.gov.co\/colombia\/noticias\/discusion-de-residentes-de-un-centro-de-adultos-mayores-termino-con-la-muerte-de-uno-y-el-aseguramiento-en-carcel-del-otro\/#article","isPartOf":{"@id":"https:\/\/www.fiscalia.gov.co\/colombia\/noticias\/discusion-de-residentes-de-un-centro-de-adultos-mayores-termino-con-la-muerte-de-uno-y-el-aseguramiento-en-carcel-del-otro\/"},"author":{"name":"Jordan Leandro Oviedo Anzola","@id":"https:\/\/www.fiscalia.gov.co\/colombia\/#\/schema\/person\/bf84402cf293a5393e9c70b111020b24"},"headline":"Discusi\u00f3n de residentes de un centro de adultos mayores termin\u00f3 con la muerte de uno y el aseguramiento en c\u00e1rcel del otro","datePublished":"2024-05-15T21:33:50+00:00","dateModified":"2024-05-15T21:33:50+00:00","mainEntityOfPage":{"@id":"https:\/\/www.fiscalia.gov.co\/colombia\/noticias\/discusion-de-residentes-de-un-centro-de-adultos-mayores-termino-con-la-muerte-de-uno-y-el-aseguramiento-en-carcel-del-otro\/"},"wordCount":396,"publisher":{"@id":"https:\/\/www.fiscalia.gov.co\/colombia\/#organization"},"keywords":["fiscal Camargo","Fiscal Luz Adriana Camargo","Fiscal\u00eda General de la Naci\u00f3n","Jos\u00e9 David Guti\u00e9rrez Naranjo.","Jos\u00e9 Laureano Escobar Ciro","La Dorada (Caldas)","Norcasia (Caldas)"],"articleSection":["Noticias","Seccional Manizales","Seccionales","Seguridad territorial"],"inLanguage":"es-CO"},{"@type":"WebPage","@id":"https:\/\/www.fiscalia.gov.co\/colombia\/noticias\/discusion-de-residentes-de-un-centro-de-adultos-mayores-termino-con-la-muerte-de-uno-y-el-aseguramiento-en-carcel-del-otro\/","url":"https:\/\/www.fiscalia.gov.co\/colombia\/noticias\/discusion-de-residentes-de-un-centro-de-adultos-mayores-termino-con-la-muerte-de-uno-y-el-aseguramiento-en-carcel-del-otro\/","name":"Fiscal\u00eda General de la Naci\u00f3n","isPartOf":{"@id":"https:\/\/www.fiscalia.gov.co\/colombia\/#website"},"datePublished":"2024-05-15T21:33:50+00:00","dateModified":"2024-05-15T21:33:50+00:00","description":"P\u00e1gina oficial de la Fiscal\u00eda General de la Naci\u00f3n \u2013 Colombia. Garantizamos el acceso efectivo a la justicia, la verdad y la reparaci\u00f3n de las v\u00edctimas de los delitos.","breadcrumb":{"@id":"https:\/\/www.fiscalia.gov.co\/colombia\/noticias\/discusion-de-residentes-de-un-centro-de-adultos-mayores-termino-con-la-muerte-de-uno-y-el-aseguramiento-en-carcel-del-otro\/#breadcrumb"},"inLanguage":"es-CO","potentialAction":[{"@type":"ReadAction","target":["https:\/\/www.fiscalia.gov.co\/colombia\/noticias\/discusion-de-residentes-de-un-centro-de-adultos-mayores-termino-con-la-muerte-de-uno-y-el-aseguramiento-en-carcel-del-otro\/"]}]},{"@type":"BreadcrumbList","@id":"https:\/\/www.fiscalia.gov.co\/colombia\/noticias\/discusion-de-residentes-de-un-centro-de-adultos-mayores-termino-con-la-muerte-de-uno-y-el-aseguramiento-en-carcel-del-otro\/#breadcrumb","itemListElement":[{"@type":"ListItem","position":1,"name":"Home","item":"https:\/\/www.fiscalia.gov.co\/colombia\/"},{"@type":"ListItem","position":2,"name":"Discusi\u00f3n de residentes de un centro de adultos mayores termin\u00f3 con la muerte de uno y el aseguramiento en c\u00e1rcel del otro"}]},{"@type":"WebSite","@id":"https:\/\/www.fiscalia.gov.co\/colombia\/#website","url":"https:\/\/www.fiscalia.gov.co\/colombia\/","name":"Fiscal\u00eda General de la Naci\u00f3n","description":"P\u00e1gina oficial de la Fiscal\u00eda General de la Naci\u00f3n \u2013 Colombia. Garantizamos el acceso efectivo a la justicia, la verdad y la reparaci\u00f3n de las v\u00edctimas de los delitos.","publisher":{"@id":"https:\/\/www.fiscalia.gov.co\/colombia\/#organization"},"potentialAction":[{"@type":"SearchAction","target":{"@type":"EntryPoint","urlTemplate":"https:\/\/www.fiscalia.gov.co\/colombia\/?s={search_term_string}"},"query-input":{"@type":"PropertyValueSpecification","valueRequired":true,"valueName":"search_term_string"}}],"inLanguage":"es-CO"},{"@type":"Organization","@id":"https:\/\/www.fiscalia.gov.co\/colombia\/#organization","name":"Fiscal\u00eda General de la Naci\u00f3n","url":"https:\/\/www.fiscalia.gov.co\/colombia\/","logo":{"@type":"ImageObject","inLanguage":"es-CO","@id":"https:\/\/www.fiscalia.gov.co\/colombia\/#\/schema\/logo\/image\/","url":"https:\/\/www.fiscalia.gov.co\/colombia\/wp-content\/uploads\/LogoHorizontal_1.jpg","contentUrl":"https:\/\/www.fiscalia.gov.co\/colombia\/wp-content\/uploads\/LogoHorizontal_1.jpg","width":300,"height":90,"caption":"Fiscal\u00eda General de la Naci\u00f3n"},"image":{"@id":"https:\/\/www.fiscalia.gov.co\/colombia\/#\/schema\/logo\/image\/"},"sameAs":["https:\/\/www.facebook.com\/FiscaliaCol","https:\/\/x.com\/FiscaliaCol","https:\/\/www.instagram.com\/fiscaliacol","https:\/\/www.linkedin.com\/company\/fiscalia-general-de-la-naci-n\/","https:\/\/youtube.com\/@fiscaliageneraldelanacion-4668?si=6nN79nyQICPU5iTh"]},{"@type":"Person","@id":"https:\/\/www.fiscalia.gov.co\/colombia\/#\/schema\/person\/bf84402cf293a5393e9c70b111020b24","name":"Jordan Leandro Oviedo Anzola","image":{"@type":"ImageObject","inLanguage":"es-CO","@id":"https:\/\/www.fiscalia.gov.co\/colombia\/#\/schema\/person\/image\/","url":"https:\/\/secure.gravatar.com\/avatar\/dabba4346fa9b9207d96adafa8f92721?s=96&d=mm&r=g","contentUrl":"https:\/\/secure.gravatar.com\/avatar\/dabba4346fa9b9207d96adafa8f92721?s=96&d=mm&r=g","caption":"Jordan Leandro Oviedo Anzola"},"url":"https:\/\/www.fiscalia.gov.co\/colombia\/author\/joviedo\/"}]}},"_links":{"self":[{"href":"https:\/\/www.fiscalia.gov.co\/colombia\/wp-json\/wp\/v2\/posts\/295096","targetHints":{"allow":["GET"]}}],"collection":[{"href":"https:\/\/www.fiscalia.gov.co\/colombia\/wp-json\/wp\/v2\/posts"}],"about":[{"href":"https:\/\/www.fiscalia.gov.co\/colombia\/wp-json\/wp\/v2\/types\/post"}],"author":[{"embeddable":true,"href":"https:\/\/www.fiscalia.gov.co\/colombia\/wp-json\/wp\/v2\/users\/177"}],"replies":[{"embeddable":true,"href":"https:\/\/www.fiscalia.gov.co\/colombia\/wp-json\/wp\/v2\/comments?post=295096"}],"version-history":[{"count":1,"href":"https:\/\/www.fiscalia.gov.co\/colombia\/wp-json\/wp\/v2\/posts\/295096\/revisions"}],"predecessor-version":[{"id":295099,"href":"https:\/\/www.fiscalia.gov.co\/colombia\/wp-json\/wp\/v2\/posts\/295096\/revisions\/295099"}],"wp:attachment":[{"href":"https:\/\/www.fiscalia.gov.co\/colombia\/wp-json\/wp\/v2\/media?parent=295096"}],"wp:term":[{"taxonomy":"category","embeddable":true,"href":"https:\/\/www.fiscalia.gov.co\/colombia\/wp-json\/wp\/v2\/categories?post=295096"},{"taxonomy":"post_tag","embeddable":true,"href":"https:\/\/www.fiscalia.gov.co\/colombia\/wp-json\/wp\/v2\/tags?post=295096"}],"curies":[{"name":"wp","href":"https:\/\/api.w.org\/{rel}","templated":true}]}}