{"id":295071,"date":"2024-05-15T11:39:05","date_gmt":"2024-05-15T16:39:05","guid":{"rendered":"https:\/\/www.fiscalia.gov.co\/colombia\/?p=295071"},"modified":"2024-05-15T11:39:05","modified_gmt":"2024-05-15T16:39:05","slug":"asegurados-presuntos-integrantes-de-organizacion-delincuencial-dedicada-a-secuestros-y-hurtos-en-heliconia-antioquia","status":"publish","type":"post","link":"https:\/\/www.fiscalia.gov.co\/colombia\/noticias\/asegurados-presuntos-integrantes-de-organizacion-delincuencial-dedicada-a-secuestros-y-hurtos-en-heliconia-antioquia\/","title":{"rendered":"Asegurados presuntos integrantes de organizaci\u00f3n delincuencial dedicada a secuestros y hurtos en Heliconia (Antioquia)"},"content":{"rendered":"<p>La Fiscal\u00eda General de la Naci\u00f3n consigui\u00f3 que un juez de control de garant\u00edas impusiera medida de aseguramiento en centro carcelario en contra de cuatro presuntos integrantes del <a href=\"https:\/\/www.fiscalia.gov.co\/colombia\/noticias\/asegurados-14-presuntos-integrantes-de-una-organizacion-criminal-dedicada-al-secuestro-express-y-el-hurto-a-extranjeros-en-medellin\/\">grupo delincuencial \u2018Los \u00a0Heliconios\u2019, dedicado al secuestro<\/a> en el occidente de Antioquia.<\/p>\n<figure id=\"attachment_295072\" aria-describedby=\"caption-attachment-295072\" style=\"width: 696px\" class=\"wp-caption aligncenter\"><img loading=\"lazy\" decoding=\"async\" class=\"size-large wp-image-295072\" src=\"https:\/\/www.fiscalia.gov.co\/colombia\/wp-content\/uploads\/Ernelio-Perez-Valencia-Simon-Julio-Avila-David-Barrios-Arias-y-Sebastian-Garces-Gamboa-1024x576.jpg\" alt=\"En la imagen est\u00e1n los procesados, todos de piel morena, con un polic\u00eda a cada lado y una mesa que adelante que tiene los relojes, celulares, computadores y dem\u00e1s objetos incautados.\" width=\"696\" height=\"392\" srcset=\"https:\/\/www.fiscalia.gov.co\/colombia\/wp-content\/uploads\/Ernelio-Perez-Valencia-Simon-Julio-Avila-David-Barrios-Arias-y-Sebastian-Garces-Gamboa-1024x576.jpg 1024w, https:\/\/www.fiscalia.gov.co\/colombia\/wp-content\/uploads\/Ernelio-Perez-Valencia-Simon-Julio-Avila-David-Barrios-Arias-y-Sebastian-Garces-Gamboa-300x169.jpg 300w, https:\/\/www.fiscalia.gov.co\/colombia\/wp-content\/uploads\/Ernelio-Perez-Valencia-Simon-Julio-Avila-David-Barrios-Arias-y-Sebastian-Garces-Gamboa-768x432.jpg 768w, https:\/\/www.fiscalia.gov.co\/colombia\/wp-content\/uploads\/Ernelio-Perez-Valencia-Simon-Julio-Avila-David-Barrios-Arias-y-Sebastian-Garces-Gamboa-1536x864.jpg 1536w, https:\/\/www.fiscalia.gov.co\/colombia\/wp-content\/uploads\/Ernelio-Perez-Valencia-Simon-Julio-Avila-David-Barrios-Arias-y-Sebastian-Garces-Gamboa-696x392.jpg 696w, https:\/\/www.fiscalia.gov.co\/colombia\/wp-content\/uploads\/Ernelio-Perez-Valencia-Simon-Julio-Avila-David-Barrios-Arias-y-Sebastian-Garces-Gamboa-1068x601.jpg 1068w, https:\/\/www.fiscalia.gov.co\/colombia\/wp-content\/uploads\/Ernelio-Perez-Valencia-Simon-Julio-Avila-David-Barrios-Arias-y-Sebastian-Garces-Gamboa-747x420.jpg 747w, https:\/\/www.fiscalia.gov.co\/colombia\/wp-content\/uploads\/Ernelio-Perez-Valencia-Simon-Julio-Avila-David-Barrios-Arias-y-Sebastian-Garces-Gamboa.jpg 1600w\" sizes=\"auto, (max-width: 696px) 100vw, 696px\" \/><figcaption id=\"caption-attachment-295072\" class=\"wp-caption-text\">Presuntos integrantes de banda dedicada a secuestros y hurtos en Heliconia (Antioquia)<\/figcaption><\/figure>\n<div id=\"m_7569562874342300270x_divRplyFwdMsg\" dir=\"ltr\">\n<p>Los afectados con la medida fueron Ernelio P\u00e9rez Valencia, Sim\u00f3n Julio \u00c1vila, David Barrios Arias y Sebasti\u00e1n Garc\u00e9s Gamboa.\u00a0 Los\u00a0 procesados fueron capturados en los barrios Manrique y Moravia de Medell\u00edn, durante un operativo de allanamiento y registro realizado por servidores de la Dij\u00edn de la Polic\u00eda Nacional, en el que \u00a0<strong>se incautaron joyas, tarjetas bancarias, computadores, celulares y otros aparatos tecnol\u00f3gicos.<\/strong><\/p>\n<p>Seg\u00fan la investigaci\u00f3n adelantada por un fiscal destacado ante el Gaula Medell\u00edn,<strong> esta banda criminal delinque desde septiembre de 2023 en el sector El Chuscal, en la v\u00eda que conduce de Medell\u00edn al municipio de Heliconia (Antioquia).<\/strong> All\u00ed, en horas de la noche, vestidos de negro y con pasamonta\u00f1as, sus integrantes tapaban la v\u00eda con palos, \u00e1rboles o motocicletas atravesadas para <a href=\"https:\/\/www.fiscalia.gov.co\/colombia\/noticias\/a-la-carcel-alias-el-flaco-presunto-responsable-de-multiples-secuestros-en-arauca\/\">obligar a las personas que transitaban por el sector a detenerse.<\/a><\/p>\n<p><strong>Luego las v\u00edctimas eran abordadas de manera violenta y llevadas a zona boscosa donde las amarraban y despojaban de sus pertenencias.<\/strong> Adem\u00e1s obligaban a los secuestrados a entregar las claves de tarjetas bancarias y desocupaban las cuentas mientras estas permanec\u00edan retenidas. Posteriormente se retiraban del lugar indicando a las v\u00edctimas que deb\u00edan esperar una hora para salir del sitio.<\/p>\n<p>Los investigados no aceptaron los cargos imputados, seg\u00fan sus responsabilidades individuales, por los delitos de concierto para delinquir,\u00a0 acceso abusivo a sistema inform\u00e1tico, hurto calificado y agravado y secuestro simple agravado.<\/p>\n<p>Esta informaci\u00f3n se publica por razones de inter\u00e9s general.<\/p>\n<\/div>\n<p>&nbsp;<\/p>\n<p>&nbsp;<\/p>\n<p>&nbsp;<\/p>\n<p>&nbsp;<\/p>\n<p>&nbsp;<\/p>\n<div id=\"m_7569562874342300270x_divRplyFwdMsg\" dir=\"ltr\">\n<p>NAMT\/LMFO\/CFG\/SE\/DSM<\/p>\n<\/div>\n<p>&nbsp;<\/p>\n<p>&nbsp;<\/p>\n<p>&nbsp;<\/p>\n<p>&nbsp;<\/p>\n<p>&nbsp;<\/p>\n<div class=\"td-post-content tagdiv-type\">\n<div class=\"td-post-content tagdiv-type\">\n<p><em>La informaci\u00f3n contenida en este bolet\u00edn de prensa corresponde a la narraci\u00f3n de los hechos noticiosos objetivos, suministrados por los funcionarios encargados de adelantar las investigaciones penales al interior de la Fiscal\u00eda General de la Naci\u00f3n. Para el momento de la divulgaci\u00f3n de este comunicado, la situaci\u00f3n jur\u00eddica de la(s) persona(s) relacionada(s) se encuentra pendiente de resolver por la autoridad judicial competente, siempre bajo los preceptos de la presunci\u00f3n de inocencia, consagrados en el art\u00edculo 29 de la Constituci\u00f3n Pol\u00edtica y el art\u00edculo 7\u00ba de la Ley 906 de 2004.<\/em><\/p>\n<\/div>\n<footer>\n<div class=\"td-post-source-tags\"><\/div>\n<div class=\"td-post-sharing-bottom\"><\/div>\n<\/footer>\n<\/div>\n<footer>\n<div class=\"td-post-source-tags\"><\/div>\n<div class=\"td-post-sharing-bottom\"><\/div>\n<\/footer>\n\n<div class=\"twitter-share\"><a href=\"https:\/\/twitter.com\/intent\/tweet?via=fiscaliacol\" class=\"twitter-share-button\">Tweet<\/a><\/div>\n","protected":false},"excerpt":{"rendered":"<p>La Fiscal\u00eda General de la Naci\u00f3n consigui\u00f3 que un juez de control de garant\u00edas impusiera medida de aseguramiento en centro carcelario en contra de cuatro presuntos integrantes del grupo delincuencial \u2018Los \u00a0Heliconios\u2019, dedicado al secuestro en el occidente de Antioquia. Los afectados con la medida fueron Ernelio P\u00e9rez Valencia, Sim\u00f3n Julio \u00c1vila, David Barrios Arias [&hellip;]<\/p>\n","protected":false},"author":177,"featured_media":0,"comment_status":"closed","ping_status":"open","sticky":false,"template":"","format":"standard","meta":{"_price":"","_stock":"","_tribe_ticket_header":"","_tribe_default_ticket_provider":"","_tribe_ticket_capacity":"0","_ticket_start_date":"","_ticket_end_date":"","_tribe_ticket_show_description":"","_tribe_ticket_show_not_going":false,"_tribe_ticket_use_global_stock":"","_tribe_ticket_global_stock_level":"","_global_stock_mode":"","_global_stock_cap":"","_tribe_rsvp_for_event":"","_tribe_ticket_going_count":"","_tribe_ticket_not_going_count":"","_tribe_tickets_list":"[]","_tribe_ticket_has_attendee_info_fields":false,"tdm_status":"","tdm_grid_status":"","footnotes":""},"categories":[1,318,303,24099],"tags":[8974,37847,37843,37845,37846,37844],"class_list":{"0":"post-295071","1":"post","2":"type-post","3":"status-publish","4":"format-standard","6":"category-noticias","7":"category-seccional-antioquia","8":"category-seccionales","9":"category-seguridad-territorial","10":"tag-acceso-abusivo-a-sistema-informatico","11":"tag-banda-dedicada-a-secuestros-y-hurtos","12":"tag-heliconia-antioquia","13":"tag-hurto-calificado-y-agravado-y-secuestro-simple-agravado","14":"tag-organizacion-los-heliconios","15":"tag-secuestros-en-la-via-que-conduce-de-medellin-a-heliconia"},"yoast_head":"<!-- This site is optimized with the Yoast SEO plugin v24.3 - https:\/\/yoast.com\/wordpress\/plugins\/seo\/ -->\n<title>Fiscal\u00eda General de la Naci\u00f3n<\/title>\n<meta name=\"description\" content=\"P\u00e1gina oficial de la Fiscal\u00eda General de la Naci\u00f3n \u2013 Colombia. Garantizamos el acceso efectivo a la justicia, la verdad y la reparaci\u00f3n de las v\u00edctimas de los delitos.\" \/>\n<meta name=\"robots\" content=\"noindex, follow\" \/>\n<meta property=\"og:locale\" content=\"es_ES\" \/>\n<meta property=\"og:type\" content=\"article\" \/>\n<meta property=\"og:title\" content=\"Fiscal\u00eda General de la Naci\u00f3n\" \/>\n<meta property=\"og:description\" content=\"P\u00e1gina oficial de la Fiscal\u00eda General de la Naci\u00f3n \u2013 Colombia. Garantizamos el acceso efectivo a la justicia, la verdad y la reparaci\u00f3n de las v\u00edctimas de los delitos.\" \/>\n<meta property=\"og:url\" content=\"https:\/\/www.fiscalia.gov.co\/colombia\/noticias\/asegurados-presuntos-integrantes-de-organizacion-delincuencial-dedicada-a-secuestros-y-hurtos-en-heliconia-antioquia\/\" \/>\n<meta property=\"og:site_name\" content=\"Fiscal\u00eda General de la Naci\u00f3n\" \/>\n<meta property=\"article:publisher\" content=\"https:\/\/www.facebook.com\/FiscaliaCol\" \/>\n<meta property=\"article:published_time\" content=\"2024-05-15T16:39:05+00:00\" \/>\n<meta property=\"og:image\" content=\"https:\/\/www.fiscalia.gov.co\/colombia\/wp-content\/uploads\/Ernelio-Perez-Valencia-Simon-Julio-Avila-David-Barrios-Arias-y-Sebastian-Garces-Gamboa-1024x576.jpg\" \/>\n<meta name=\"author\" content=\"Jordan Leandro Oviedo Anzola\" \/>\n<meta name=\"twitter:card\" content=\"summary_large_image\" \/>\n<meta name=\"twitter:creator\" content=\"@FiscaliaCol\" \/>\n<meta name=\"twitter:site\" content=\"@FiscaliaCol\" \/>\n<meta name=\"twitter:label1\" content=\"Escrito por\" \/>\n\t<meta name=\"twitter:data1\" content=\"Jordan Leandro Oviedo Anzola\" \/>\n\t<meta name=\"twitter:label2\" content=\"Tiempo de lectura\" \/>\n\t<meta name=\"twitter:data2\" content=\"2 minutos\" \/>\n<script type=\"application\/ld+json\" class=\"yoast-schema-graph\">{\"@context\":\"https:\/\/schema.org\",\"@graph\":[{\"@type\":\"Article\",\"@id\":\"https:\/\/www.fiscalia.gov.co\/colombia\/noticias\/asegurados-presuntos-integrantes-de-organizacion-delincuencial-dedicada-a-secuestros-y-hurtos-en-heliconia-antioquia\/#article\",\"isPartOf\":{\"@id\":\"https:\/\/www.fiscalia.gov.co\/colombia\/noticias\/asegurados-presuntos-integrantes-de-organizacion-delincuencial-dedicada-a-secuestros-y-hurtos-en-heliconia-antioquia\/\"},\"author\":{\"name\":\"Jordan Leandro Oviedo Anzola\",\"@id\":\"https:\/\/www.fiscalia.gov.co\/colombia\/#\/schema\/person\/bf84402cf293a5393e9c70b111020b24\"},\"headline\":\"Asegurados presuntos integrantes de organizaci\u00f3n delincuencial dedicada a secuestros y hurtos en Heliconia (Antioquia)\",\"datePublished\":\"2024-05-15T16:39:05+00:00\",\"dateModified\":\"2024-05-15T16:39:05+00:00\",\"mainEntityOfPage\":{\"@id\":\"https:\/\/www.fiscalia.gov.co\/colombia\/noticias\/asegurados-presuntos-integrantes-de-organizacion-delincuencial-dedicada-a-secuestros-y-hurtos-en-heliconia-antioquia\/\"},\"wordCount\":450,\"publisher\":{\"@id\":\"https:\/\/www.fiscalia.gov.co\/colombia\/#organization\"},\"image\":{\"@id\":\"https:\/\/www.fiscalia.gov.co\/colombia\/noticias\/asegurados-presuntos-integrantes-de-organizacion-delincuencial-dedicada-a-secuestros-y-hurtos-en-heliconia-antioquia\/#primaryimage\"},\"thumbnailUrl\":\"https:\/\/www.fiscalia.gov.co\/colombia\/wp-content\/uploads\/Ernelio-Perez-Valencia-Simon-Julio-Avila-David-Barrios-Arias-y-Sebastian-Garces-Gamboa-1024x576.jpg\",\"keywords\":[\"Acceso abusivo a sistema inform\u00e1tico\",\"banda dedicada a secuestros y hurtos\",\"Heliconia (Antioquia)\",\"hurto calificado y agravado y secuestro simple agravado\",\"organizaci\u00f3n Los Heliconios\",\"secuestros en la v\u00eda que conduce de Medell\u00edn a Heliconia\"],\"articleSection\":[\"Noticias\",\"Seccional Antioquia\",\"Seccionales\",\"Seguridad territorial\"],\"inLanguage\":\"es-CO\"},{\"@type\":\"WebPage\",\"@id\":\"https:\/\/www.fiscalia.gov.co\/colombia\/noticias\/asegurados-presuntos-integrantes-de-organizacion-delincuencial-dedicada-a-secuestros-y-hurtos-en-heliconia-antioquia\/\",\"url\":\"https:\/\/www.fiscalia.gov.co\/colombia\/noticias\/asegurados-presuntos-integrantes-de-organizacion-delincuencial-dedicada-a-secuestros-y-hurtos-en-heliconia-antioquia\/\",\"name\":\"Fiscal\u00eda General de la Naci\u00f3n\",\"isPartOf\":{\"@id\":\"https:\/\/www.fiscalia.gov.co\/colombia\/#website\"},\"primaryImageOfPage\":{\"@id\":\"https:\/\/www.fiscalia.gov.co\/colombia\/noticias\/asegurados-presuntos-integrantes-de-organizacion-delincuencial-dedicada-a-secuestros-y-hurtos-en-heliconia-antioquia\/#primaryimage\"},\"image\":{\"@id\":\"https:\/\/www.fiscalia.gov.co\/colombia\/noticias\/asegurados-presuntos-integrantes-de-organizacion-delincuencial-dedicada-a-secuestros-y-hurtos-en-heliconia-antioquia\/#primaryimage\"},\"thumbnailUrl\":\"https:\/\/www.fiscalia.gov.co\/colombia\/wp-content\/uploads\/Ernelio-Perez-Valencia-Simon-Julio-Avila-David-Barrios-Arias-y-Sebastian-Garces-Gamboa-1024x576.jpg\",\"datePublished\":\"2024-05-15T16:39:05+00:00\",\"dateModified\":\"2024-05-15T16:39:05+00:00\",\"description\":\"P\u00e1gina oficial de la Fiscal\u00eda General de la Naci\u00f3n \u2013 Colombia. Garantizamos el acceso efectivo a la justicia, la verdad y la reparaci\u00f3n de las v\u00edctimas de los delitos.\",\"breadcrumb\":{\"@id\":\"https:\/\/www.fiscalia.gov.co\/colombia\/noticias\/asegurados-presuntos-integrantes-de-organizacion-delincuencial-dedicada-a-secuestros-y-hurtos-en-heliconia-antioquia\/#breadcrumb\"},\"inLanguage\":\"es-CO\",\"potentialAction\":[{\"@type\":\"ReadAction\",\"target\":[\"https:\/\/www.fiscalia.gov.co\/colombia\/noticias\/asegurados-presuntos-integrantes-de-organizacion-delincuencial-dedicada-a-secuestros-y-hurtos-en-heliconia-antioquia\/\"]}]},{\"@type\":\"ImageObject\",\"inLanguage\":\"es-CO\",\"@id\":\"https:\/\/www.fiscalia.gov.co\/colombia\/noticias\/asegurados-presuntos-integrantes-de-organizacion-delincuencial-dedicada-a-secuestros-y-hurtos-en-heliconia-antioquia\/#primaryimage\",\"url\":\"https:\/\/www.fiscalia.gov.co\/colombia\/wp-content\/uploads\/Ernelio-Perez-Valencia-Simon-Julio-Avila-David-Barrios-Arias-y-Sebastian-Garces-Gamboa.jpg\",\"contentUrl\":\"https:\/\/www.fiscalia.gov.co\/colombia\/wp-content\/uploads\/Ernelio-Perez-Valencia-Simon-Julio-Avila-David-Barrios-Arias-y-Sebastian-Garces-Gamboa.jpg\",\"width\":1600,\"height\":900,\"caption\":\"Presuntos integrantes de banda dedicada a secuestros y hurtos en Heliconia (Antioquia)\"},{\"@type\":\"BreadcrumbList\",\"@id\":\"https:\/\/www.fiscalia.gov.co\/colombia\/noticias\/asegurados-presuntos-integrantes-de-organizacion-delincuencial-dedicada-a-secuestros-y-hurtos-en-heliconia-antioquia\/#breadcrumb\",\"itemListElement\":[{\"@type\":\"ListItem\",\"position\":1,\"name\":\"Home\",\"item\":\"https:\/\/www.fiscalia.gov.co\/colombia\/\"},{\"@type\":\"ListItem\",\"position\":2,\"name\":\"Asegurados presuntos integrantes de organizaci\u00f3n delincuencial dedicada a secuestros y hurtos en Heliconia (Antioquia)\"}]},{\"@type\":\"WebSite\",\"@id\":\"https:\/\/www.fiscalia.gov.co\/colombia\/#website\",\"url\":\"https:\/\/www.fiscalia.gov.co\/colombia\/\",\"name\":\"Fiscal\u00eda General de la Naci\u00f3n\",\"description\":\"P\u00e1gina oficial de la Fiscal\u00eda General de la Naci\u00f3n \u2013 Colombia. Garantizamos el acceso efectivo a la justicia, la verdad y la reparaci\u00f3n de las v\u00edctimas de los delitos.\",\"publisher\":{\"@id\":\"https:\/\/www.fiscalia.gov.co\/colombia\/#organization\"},\"potentialAction\":[{\"@type\":\"SearchAction\",\"target\":{\"@type\":\"EntryPoint\",\"urlTemplate\":\"https:\/\/www.fiscalia.gov.co\/colombia\/?s={search_term_string}\"},\"query-input\":{\"@type\":\"PropertyValueSpecification\",\"valueRequired\":true,\"valueName\":\"search_term_string\"}}],\"inLanguage\":\"es-CO\"},{\"@type\":\"Organization\",\"@id\":\"https:\/\/www.fiscalia.gov.co\/colombia\/#organization\",\"name\":\"Fiscal\u00eda General de la Naci\u00f3n\",\"url\":\"https:\/\/www.fiscalia.gov.co\/colombia\/\",\"logo\":{\"@type\":\"ImageObject\",\"inLanguage\":\"es-CO\",\"@id\":\"https:\/\/www.fiscalia.gov.co\/colombia\/#\/schema\/logo\/image\/\",\"url\":\"https:\/\/www.fiscalia.gov.co\/colombia\/wp-content\/uploads\/LogoHorizontal_1.jpg\",\"contentUrl\":\"https:\/\/www.fiscalia.gov.co\/colombia\/wp-content\/uploads\/LogoHorizontal_1.jpg\",\"width\":300,\"height\":90,\"caption\":\"Fiscal\u00eda General de la Naci\u00f3n\"},\"image\":{\"@id\":\"https:\/\/www.fiscalia.gov.co\/colombia\/#\/schema\/logo\/image\/\"},\"sameAs\":[\"https:\/\/www.facebook.com\/FiscaliaCol\",\"https:\/\/x.com\/FiscaliaCol\",\"https:\/\/www.instagram.com\/fiscaliacol\",\"https:\/\/www.linkedin.com\/company\/fiscalia-general-de-la-naci-n\/\",\"https:\/\/youtube.com\/@fiscaliageneraldelanacion-4668?si=6nN79nyQICPU5iTh\"]},{\"@type\":\"Person\",\"@id\":\"https:\/\/www.fiscalia.gov.co\/colombia\/#\/schema\/person\/bf84402cf293a5393e9c70b111020b24\",\"name\":\"Jordan Leandro Oviedo Anzola\",\"image\":{\"@type\":\"ImageObject\",\"inLanguage\":\"es-CO\",\"@id\":\"https:\/\/www.fiscalia.gov.co\/colombia\/#\/schema\/person\/image\/\",\"url\":\"https:\/\/secure.gravatar.com\/avatar\/dabba4346fa9b9207d96adafa8f92721?s=96&d=mm&r=g\",\"contentUrl\":\"https:\/\/secure.gravatar.com\/avatar\/dabba4346fa9b9207d96adafa8f92721?s=96&d=mm&r=g\",\"caption\":\"Jordan Leandro Oviedo Anzola\"},\"url\":\"https:\/\/www.fiscalia.gov.co\/colombia\/author\/joviedo\/\"}]}<\/script>\n<!-- \/ Yoast SEO plugin. -->","yoast_head_json":{"title":"Fiscal\u00eda General de la Naci\u00f3n","description":"P\u00e1gina oficial de la Fiscal\u00eda General de la Naci\u00f3n \u2013 Colombia. Garantizamos el acceso efectivo a la justicia, la verdad y la reparaci\u00f3n de las v\u00edctimas de los delitos.","robots":{"index":"noindex","follow":"follow"},"og_locale":"es_ES","og_type":"article","og_title":"Fiscal\u00eda General de la Naci\u00f3n","og_description":"P\u00e1gina oficial de la Fiscal\u00eda General de la Naci\u00f3n \u2013 Colombia. Garantizamos el acceso efectivo a la justicia, la verdad y la reparaci\u00f3n de las v\u00edctimas de los delitos.","og_url":"https:\/\/www.fiscalia.gov.co\/colombia\/noticias\/asegurados-presuntos-integrantes-de-organizacion-delincuencial-dedicada-a-secuestros-y-hurtos-en-heliconia-antioquia\/","og_site_name":"Fiscal\u00eda General de la Naci\u00f3n","article_publisher":"https:\/\/www.facebook.com\/FiscaliaCol","article_published_time":"2024-05-15T16:39:05+00:00","og_image":[{"url":"https:\/\/www.fiscalia.gov.co\/colombia\/wp-content\/uploads\/Ernelio-Perez-Valencia-Simon-Julio-Avila-David-Barrios-Arias-y-Sebastian-Garces-Gamboa-1024x576.jpg","type":"","width":"","height":""}],"author":"Jordan Leandro Oviedo Anzola","twitter_card":"summary_large_image","twitter_creator":"@FiscaliaCol","twitter_site":"@FiscaliaCol","twitter_misc":{"Escrito por":"Jordan Leandro Oviedo Anzola","Tiempo de lectura":"2 minutos"},"schema":{"@context":"https:\/\/schema.org","@graph":[{"@type":"Article","@id":"https:\/\/www.fiscalia.gov.co\/colombia\/noticias\/asegurados-presuntos-integrantes-de-organizacion-delincuencial-dedicada-a-secuestros-y-hurtos-en-heliconia-antioquia\/#article","isPartOf":{"@id":"https:\/\/www.fiscalia.gov.co\/colombia\/noticias\/asegurados-presuntos-integrantes-de-organizacion-delincuencial-dedicada-a-secuestros-y-hurtos-en-heliconia-antioquia\/"},"author":{"name":"Jordan Leandro Oviedo Anzola","@id":"https:\/\/www.fiscalia.gov.co\/colombia\/#\/schema\/person\/bf84402cf293a5393e9c70b111020b24"},"headline":"Asegurados presuntos integrantes de organizaci\u00f3n delincuencial dedicada a secuestros y hurtos en Heliconia (Antioquia)","datePublished":"2024-05-15T16:39:05+00:00","dateModified":"2024-05-15T16:39:05+00:00","mainEntityOfPage":{"@id":"https:\/\/www.fiscalia.gov.co\/colombia\/noticias\/asegurados-presuntos-integrantes-de-organizacion-delincuencial-dedicada-a-secuestros-y-hurtos-en-heliconia-antioquia\/"},"wordCount":450,"publisher":{"@id":"https:\/\/www.fiscalia.gov.co\/colombia\/#organization"},"image":{"@id":"https:\/\/www.fiscalia.gov.co\/colombia\/noticias\/asegurados-presuntos-integrantes-de-organizacion-delincuencial-dedicada-a-secuestros-y-hurtos-en-heliconia-antioquia\/#primaryimage"},"thumbnailUrl":"https:\/\/www.fiscalia.gov.co\/colombia\/wp-content\/uploads\/Ernelio-Perez-Valencia-Simon-Julio-Avila-David-Barrios-Arias-y-Sebastian-Garces-Gamboa-1024x576.jpg","keywords":["Acceso abusivo a sistema inform\u00e1tico","banda dedicada a secuestros y hurtos","Heliconia (Antioquia)","hurto calificado y agravado y secuestro simple agravado","organizaci\u00f3n Los Heliconios","secuestros en la v\u00eda que conduce de Medell\u00edn a Heliconia"],"articleSection":["Noticias","Seccional Antioquia","Seccionales","Seguridad territorial"],"inLanguage":"es-CO"},{"@type":"WebPage","@id":"https:\/\/www.fiscalia.gov.co\/colombia\/noticias\/asegurados-presuntos-integrantes-de-organizacion-delincuencial-dedicada-a-secuestros-y-hurtos-en-heliconia-antioquia\/","url":"https:\/\/www.fiscalia.gov.co\/colombia\/noticias\/asegurados-presuntos-integrantes-de-organizacion-delincuencial-dedicada-a-secuestros-y-hurtos-en-heliconia-antioquia\/","name":"Fiscal\u00eda General de la Naci\u00f3n","isPartOf":{"@id":"https:\/\/www.fiscalia.gov.co\/colombia\/#website"},"primaryImageOfPage":{"@id":"https:\/\/www.fiscalia.gov.co\/colombia\/noticias\/asegurados-presuntos-integrantes-de-organizacion-delincuencial-dedicada-a-secuestros-y-hurtos-en-heliconia-antioquia\/#primaryimage"},"image":{"@id":"https:\/\/www.fiscalia.gov.co\/colombia\/noticias\/asegurados-presuntos-integrantes-de-organizacion-delincuencial-dedicada-a-secuestros-y-hurtos-en-heliconia-antioquia\/#primaryimage"},"thumbnailUrl":"https:\/\/www.fiscalia.gov.co\/colombia\/wp-content\/uploads\/Ernelio-Perez-Valencia-Simon-Julio-Avila-David-Barrios-Arias-y-Sebastian-Garces-Gamboa-1024x576.jpg","datePublished":"2024-05-15T16:39:05+00:00","dateModified":"2024-05-15T16:39:05+00:00","description":"P\u00e1gina oficial de la Fiscal\u00eda General de la Naci\u00f3n \u2013 Colombia. Garantizamos el acceso efectivo a la justicia, la verdad y la reparaci\u00f3n de las v\u00edctimas de los delitos.","breadcrumb":{"@id":"https:\/\/www.fiscalia.gov.co\/colombia\/noticias\/asegurados-presuntos-integrantes-de-organizacion-delincuencial-dedicada-a-secuestros-y-hurtos-en-heliconia-antioquia\/#breadcrumb"},"inLanguage":"es-CO","potentialAction":[{"@type":"ReadAction","target":["https:\/\/www.fiscalia.gov.co\/colombia\/noticias\/asegurados-presuntos-integrantes-de-organizacion-delincuencial-dedicada-a-secuestros-y-hurtos-en-heliconia-antioquia\/"]}]},{"@type":"ImageObject","inLanguage":"es-CO","@id":"https:\/\/www.fiscalia.gov.co\/colombia\/noticias\/asegurados-presuntos-integrantes-de-organizacion-delincuencial-dedicada-a-secuestros-y-hurtos-en-heliconia-antioquia\/#primaryimage","url":"https:\/\/www.fiscalia.gov.co\/colombia\/wp-content\/uploads\/Ernelio-Perez-Valencia-Simon-Julio-Avila-David-Barrios-Arias-y-Sebastian-Garces-Gamboa.jpg","contentUrl":"https:\/\/www.fiscalia.gov.co\/colombia\/wp-content\/uploads\/Ernelio-Perez-Valencia-Simon-Julio-Avila-David-Barrios-Arias-y-Sebastian-Garces-Gamboa.jpg","width":1600,"height":900,"caption":"Presuntos integrantes de banda dedicada a secuestros y hurtos en Heliconia (Antioquia)"},{"@type":"BreadcrumbList","@id":"https:\/\/www.fiscalia.gov.co\/colombia\/noticias\/asegurados-presuntos-integrantes-de-organizacion-delincuencial-dedicada-a-secuestros-y-hurtos-en-heliconia-antioquia\/#breadcrumb","itemListElement":[{"@type":"ListItem","position":1,"name":"Home","item":"https:\/\/www.fiscalia.gov.co\/colombia\/"},{"@type":"ListItem","position":2,"name":"Asegurados presuntos integrantes de organizaci\u00f3n delincuencial dedicada a secuestros y hurtos en Heliconia (Antioquia)"}]},{"@type":"WebSite","@id":"https:\/\/www.fiscalia.gov.co\/colombia\/#website","url":"https:\/\/www.fiscalia.gov.co\/colombia\/","name":"Fiscal\u00eda General de la Naci\u00f3n","description":"P\u00e1gina oficial de la Fiscal\u00eda General de la Naci\u00f3n \u2013 Colombia. Garantizamos el acceso efectivo a la justicia, la verdad y la reparaci\u00f3n de las v\u00edctimas de los delitos.","publisher":{"@id":"https:\/\/www.fiscalia.gov.co\/colombia\/#organization"},"potentialAction":[{"@type":"SearchAction","target":{"@type":"EntryPoint","urlTemplate":"https:\/\/www.fiscalia.gov.co\/colombia\/?s={search_term_string}"},"query-input":{"@type":"PropertyValueSpecification","valueRequired":true,"valueName":"search_term_string"}}],"inLanguage":"es-CO"},{"@type":"Organization","@id":"https:\/\/www.fiscalia.gov.co\/colombia\/#organization","name":"Fiscal\u00eda General de la Naci\u00f3n","url":"https:\/\/www.fiscalia.gov.co\/colombia\/","logo":{"@type":"ImageObject","inLanguage":"es-CO","@id":"https:\/\/www.fiscalia.gov.co\/colombia\/#\/schema\/logo\/image\/","url":"https:\/\/www.fiscalia.gov.co\/colombia\/wp-content\/uploads\/LogoHorizontal_1.jpg","contentUrl":"https:\/\/www.fiscalia.gov.co\/colombia\/wp-content\/uploads\/LogoHorizontal_1.jpg","width":300,"height":90,"caption":"Fiscal\u00eda General de la Naci\u00f3n"},"image":{"@id":"https:\/\/www.fiscalia.gov.co\/colombia\/#\/schema\/logo\/image\/"},"sameAs":["https:\/\/www.facebook.com\/FiscaliaCol","https:\/\/x.com\/FiscaliaCol","https:\/\/www.instagram.com\/fiscaliacol","https:\/\/www.linkedin.com\/company\/fiscalia-general-de-la-naci-n\/","https:\/\/youtube.com\/@fiscaliageneraldelanacion-4668?si=6nN79nyQICPU5iTh"]},{"@type":"Person","@id":"https:\/\/www.fiscalia.gov.co\/colombia\/#\/schema\/person\/bf84402cf293a5393e9c70b111020b24","name":"Jordan Leandro Oviedo Anzola","image":{"@type":"ImageObject","inLanguage":"es-CO","@id":"https:\/\/www.fiscalia.gov.co\/colombia\/#\/schema\/person\/image\/","url":"https:\/\/secure.gravatar.com\/avatar\/dabba4346fa9b9207d96adafa8f92721?s=96&d=mm&r=g","contentUrl":"https:\/\/secure.gravatar.com\/avatar\/dabba4346fa9b9207d96adafa8f92721?s=96&d=mm&r=g","caption":"Jordan Leandro Oviedo Anzola"},"url":"https:\/\/www.fiscalia.gov.co\/colombia\/author\/joviedo\/"}]}},"_links":{"self":[{"href":"https:\/\/www.fiscalia.gov.co\/colombia\/wp-json\/wp\/v2\/posts\/295071","targetHints":{"allow":["GET"]}}],"collection":[{"href":"https:\/\/www.fiscalia.gov.co\/colombia\/wp-json\/wp\/v2\/posts"}],"about":[{"href":"https:\/\/www.fiscalia.gov.co\/colombia\/wp-json\/wp\/v2\/types\/post"}],"author":[{"embeddable":true,"href":"https:\/\/www.fiscalia.gov.co\/colombia\/wp-json\/wp\/v2\/users\/177"}],"replies":[{"embeddable":true,"href":"https:\/\/www.fiscalia.gov.co\/colombia\/wp-json\/wp\/v2\/comments?post=295071"}],"version-history":[{"count":1,"href":"https:\/\/www.fiscalia.gov.co\/colombia\/wp-json\/wp\/v2\/posts\/295071\/revisions"}],"predecessor-version":[{"id":295073,"href":"https:\/\/www.fiscalia.gov.co\/colombia\/wp-json\/wp\/v2\/posts\/295071\/revisions\/295073"}],"wp:attachment":[{"href":"https:\/\/www.fiscalia.gov.co\/colombia\/wp-json\/wp\/v2\/media?parent=295071"}],"wp:term":[{"taxonomy":"category","embeddable":true,"href":"https:\/\/www.fiscalia.gov.co\/colombia\/wp-json\/wp\/v2\/categories?post=295071"},{"taxonomy":"post_tag","embeddable":true,"href":"https:\/\/www.fiscalia.gov.co\/colombia\/wp-json\/wp\/v2\/tags?post=295071"}],"curies":[{"name":"wp","href":"https:\/\/api.w.org\/{rel}","templated":true}]}}