{"id":295001,"date":"2024-05-14T14:50:16","date_gmt":"2024-05-14T19:50:16","guid":{"rendered":"https:\/\/www.fiscalia.gov.co\/colombia\/?p=295001"},"modified":"2024-05-14T14:50:16","modified_gmt":"2024-05-14T19:50:16","slug":"a-la-carcel-dos-personas-que-estarian-involucradas-en-el-abuso-sexual-de-una-menor-en-pitalito-huila","status":"publish","type":"post","link":"https:\/\/www.fiscalia.gov.co\/colombia\/noticias\/a-la-carcel-dos-personas-que-estarian-involucradas-en-el-abuso-sexual-de-una-menor-en-pitalito-huila\/","title":{"rendered":"A la c\u00e1rcel dos personas que estar\u00edan involucradas en el abuso sexual de una menor en Pitalito (Huila)"},"content":{"rendered":"<h4 style=\"text-align: center;\"><strong><i>En una casa modelo de venta de lotes la habr\u00edan sometido a vej\u00e1menes sexuales.<\/i><\/strong><\/h4>\n<p>Por solicitud de la Fiscal\u00eda General de la Naci\u00f3n, un juez con funci\u00f3n de control de garant\u00edas impuso medida de aseguramiento en <strong>centro carcelario en contra de \u00c1lvaro Antonio Figueroa Villamil y Yohana Mar\u00eda Ninco Bonilla, quienes al parecer <a href=\"https:\/\/www.fiscalia.gov.co\/colombia\/noticias\/a-la-carcel-hombre-que-habria-abusado-de-sus-tres-hijas-menores-en-pitalito-huila\/\">abusaron sexualmente de una menor de 11 a\u00f1os en Pitalito (Huila)<\/a>.<\/strong><\/p>\n<figure id=\"attachment_295002\" aria-describedby=\"caption-attachment-295002\" style=\"width: 696px\" class=\"wp-caption aligncenter\"><img loading=\"lazy\" decoding=\"async\" class=\"size-large wp-image-295002\" src=\"https:\/\/www.fiscalia.gov.co\/colombia\/wp-content\/uploads\/Alvaro-Antonio-Figueroa-Villamil-1-1024x784.jpeg\" alt=\"El imputado se encuentran en custodia por un servidor del Cuerpo T\u00e9cnico de Investigaci\u00f3n (CTI) y un uniformado del Ej\u00e9rcito Nacional. \" width=\"696\" height=\"533\" srcset=\"https:\/\/www.fiscalia.gov.co\/colombia\/wp-content\/uploads\/Alvaro-Antonio-Figueroa-Villamil-1-1024x784.jpeg 1024w, https:\/\/www.fiscalia.gov.co\/colombia\/wp-content\/uploads\/Alvaro-Antonio-Figueroa-Villamil-1-300x230.jpeg 300w, https:\/\/www.fiscalia.gov.co\/colombia\/wp-content\/uploads\/Alvaro-Antonio-Figueroa-Villamil-1-768x588.jpeg 768w, https:\/\/www.fiscalia.gov.co\/colombia\/wp-content\/uploads\/Alvaro-Antonio-Figueroa-Villamil-1-696x533.jpeg 696w, https:\/\/www.fiscalia.gov.co\/colombia\/wp-content\/uploads\/Alvaro-Antonio-Figueroa-Villamil-1-1068x817.jpeg 1068w, https:\/\/www.fiscalia.gov.co\/colombia\/wp-content\/uploads\/Alvaro-Antonio-Figueroa-Villamil-1-549x420.jpeg 549w, https:\/\/www.fiscalia.gov.co\/colombia\/wp-content\/uploads\/Alvaro-Antonio-Figueroa-Villamil-1-80x60.jpeg 80w, https:\/\/www.fiscalia.gov.co\/colombia\/wp-content\/uploads\/Alvaro-Antonio-Figueroa-Villamil-1.jpeg 1176w\" sizes=\"auto, (max-width: 696px) 100vw, 696px\" \/><figcaption id=\"caption-attachment-295002\" class=\"wp-caption-text\">Al parecer \u00c1lvaro Antonio Figueroa Villamil oblig\u00f3 a la menor a subir a un taxi amenaz\u00e1ndola con una navaja y la condujo hasta a una casa modelo de venta de lotes en el barrio Villa Helena de Pitalito (Huila) donde los esperaba su c\u00f3mplice.<\/figcaption><\/figure>\n<p>Los hechos ocurrieron el 10 de abril de 2024, cuando la menor ingres\u00f3 hasta un local comercial cerca al colegio donde estudia en busca del se\u00f1or Figueroa Villamil para que le entregara unas fotocopias, pero fue atendida por una empleada qui\u00e9n le mencion\u00f3 que \u00e9l se encontraba en un billar.<\/p>\n<p>Hasta ese lugar lleg\u00f3 la ni\u00f1a a buscarlo, pero al parecer el hombre la oblig\u00f3 a subir a un taxi amenaz\u00e1ndola con una navaja.<\/p>\n<p>Seg\u00fan la investigaci\u00f3n, <strong>la condujo a una casa modelo de venta de lotes en el barrio Villa Helena, donde los esperaba Ninco Bonilla.<\/strong> Y en ese lugar fue donde, presuntamente, sometieron a la menor a toda clase de <a href=\"https:\/\/www.fiscalia.gov.co\/colombia\/noticias\/a-la-carcel-hombre-que-habria-abusado-de-sus-tres-hijas-menores-en-pitalito-huila\/\">vej\u00e1menes sexuales<\/a> luego de haberla obligado a ingerir licor.<\/p>\n<figure id=\"attachment_295003\" aria-describedby=\"caption-attachment-295003\" style=\"width: 696px\" class=\"wp-caption aligncenter\"><img loading=\"lazy\" decoding=\"async\" class=\"size-large wp-image-295003\" src=\"https:\/\/www.fiscalia.gov.co\/colombia\/wp-content\/uploads\/Yohana-Maria-Ninco-Bonilla-1-1024x777.jpeg\" alt=\"La judicializada se encuentran en custodia por un servidor del Cuerpo T\u00e9cnico de Investigaci\u00f3n (CTI) y un uniformado de la Polic\u00eda Nacional. \" width=\"696\" height=\"528\" srcset=\"https:\/\/www.fiscalia.gov.co\/colombia\/wp-content\/uploads\/Yohana-Maria-Ninco-Bonilla-1-1024x777.jpeg 1024w, https:\/\/www.fiscalia.gov.co\/colombia\/wp-content\/uploads\/Yohana-Maria-Ninco-Bonilla-1-300x228.jpeg 300w, https:\/\/www.fiscalia.gov.co\/colombia\/wp-content\/uploads\/Yohana-Maria-Ninco-Bonilla-1-768x583.jpeg 768w, https:\/\/www.fiscalia.gov.co\/colombia\/wp-content\/uploads\/Yohana-Maria-Ninco-Bonilla-1-696x528.jpeg 696w, https:\/\/www.fiscalia.gov.co\/colombia\/wp-content\/uploads\/Yohana-Maria-Ninco-Bonilla-1-1068x810.jpeg 1068w, https:\/\/www.fiscalia.gov.co\/colombia\/wp-content\/uploads\/Yohana-Maria-Ninco-Bonilla-1-553x420.jpeg 553w, https:\/\/www.fiscalia.gov.co\/colombia\/wp-content\/uploads\/Yohana-Maria-Ninco-Bonilla-1-80x60.jpeg 80w, https:\/\/www.fiscalia.gov.co\/colombia\/wp-content\/uploads\/Yohana-Maria-Ninco-Bonilla-1.jpeg 1182w\" sizes=\"auto, (max-width: 696px) 100vw, 696px\" \/><figcaption id=\"caption-attachment-295003\" class=\"wp-caption-text\">Servidores del CTI, en un trabajo articulado con la Polic\u00eda de Infancia de Pitalito, hicieron efectiva la orden de captura en contra de los presuntos agresores.<\/figcaption><\/figure>\n<p>A la madrugada siguiente la habr\u00edan llevado hasta su casa bajo la amenaza de hacerle da\u00f1o si contaba lo sucedido.<\/p>\n<p>Servidores del CTI, en un trabajo articulado con la Polic\u00eda de Infancia de Pitalito, hicieron efectiva la orden de captura en contra de los presuntos agresores.<\/p>\n<p>Una fiscal de infancia y adolescencia de la Seccional Huila les <strong>formul\u00f3 imputaci\u00f3n por los delitos de secuestro, acceso carnal con persona puesta en incapacidad de resistir y actos sexuales con menor de 14 a\u00f1os<\/strong>. Cargos que no aceptaron.<\/p>\n<p>Esta informaci\u00f3n se publica por razones de inter\u00e9s general.<\/p>\n<p>&nbsp;<\/p>\n<p>&nbsp;<\/p>\n<p>&nbsp;<\/p>\n<p>&nbsp;<\/p>\n<p>&nbsp;<\/p>\n<p>WAGG\/LMFO\/CFG\/SC\/JCFJ\/DSH<\/p>\n<p>&nbsp;<\/p>\n<p>&nbsp;<\/p>\n<p>&nbsp;<\/p>\n<p>&nbsp;<\/p>\n<p>&nbsp;<\/p>\n<div class=\"td-post-content tagdiv-type\">\n<div class=\"td-post-content tagdiv-type\">\n<p><em>La informaci\u00f3n contenida en este bolet\u00edn de prensa corresponde a la narraci\u00f3n de los hechos noticiosos objetivos, suministrados por los funcionarios encargados de adelantar las investigaciones penales al interior de la Fiscal\u00eda General de la Naci\u00f3n. Para el momento de la divulgaci\u00f3n de este comunicado, la situaci\u00f3n jur\u00eddica de la(s) persona(s) relacionada(s) se encuentra pendiente de resolver por la autoridad judicial competente, siempre bajo los preceptos de la presunci\u00f3n de inocencia, consagrados en el art\u00edculo 29 de la Constituci\u00f3n Pol\u00edtica y el art\u00edculo 7\u00ba de la Ley 906 de 2004.<\/em><\/p>\n<\/div>\n<\/div>\n\n<div class=\"twitter-share\"><a href=\"https:\/\/twitter.com\/intent\/tweet?via=fiscaliacol\" class=\"twitter-share-button\">Tweet<\/a><\/div>\n","protected":false},"excerpt":{"rendered":"<p>En una casa modelo de venta de lotes la habr\u00edan sometido a vej\u00e1menes sexuales. Por solicitud de la Fiscal\u00eda General de la Naci\u00f3n, un juez con funci\u00f3n de control de garant\u00edas impuso medida de aseguramiento en centro carcelario en contra de \u00c1lvaro Antonio Figueroa Villamil y Yohana Mar\u00eda Ninco Bonilla, quienes al parecer abusaron sexualmente [&hellip;]<\/p>\n","protected":false},"author":177,"featured_media":0,"comment_status":"closed","ping_status":"open","sticky":false,"template":"","format":"standard","meta":{"_price":"","_stock":"","_tribe_ticket_header":"","_tribe_default_ticket_provider":"","_tribe_ticket_capacity":"0","_ticket_start_date":"","_ticket_end_date":"","_tribe_ticket_show_description":"","_tribe_ticket_show_not_going":false,"_tribe_ticket_use_global_stock":"","_tribe_ticket_global_stock_level":"","_global_stock_mode":"","_global_stock_cap":"","_tribe_rsvp_for_event":"","_tribe_ticket_going_count":"","_tribe_ticket_not_going_count":"","_tribe_tickets_list":"[]","_tribe_ticket_has_attendee_info_fields":false,"tdm_status":"","tdm_grid_status":"","footnotes":""},"categories":[1,333,303,24127],"tags":[801,366,863,24774,14550,1047,16,24315,864,24531,1408,2723,31812,24485,23964,26835],"class_list":{"0":"post-295001","1":"post","2":"type-post","3":"status-publish","4":"format-standard","6":"category-noticias","7":"category-seccional-neiva","8":"category-seccionales","9":"category-violencia-sexual-e-intrafamiliar","10":"tag-abuso-sexual","11":"tag-acceso-carnal","12":"tag-actos-sexuales","13":"tag-adolescentes","14":"tag-carcel","15":"tag-fiscalia-general-de-la-nacion","16":"tag-huila","17":"tag-intramuros","18":"tag-menor","19":"tag-ninas","20":"tag-ninos","21":"tag-pitalito","22":"tag-pitalito-huila","23":"tag-seccional-huila","24":"tag-secuestro","25":"tag-vejamenes"},"yoast_head":"<!-- This site is optimized with the Yoast SEO plugin v24.3 - https:\/\/yoast.com\/wordpress\/plugins\/seo\/ -->\n<title>Fiscal\u00eda General de la Naci\u00f3n<\/title>\n<meta name=\"description\" content=\"P\u00e1gina oficial de la Fiscal\u00eda General de la Naci\u00f3n \u2013 Colombia. Garantizamos el acceso efectivo a la justicia, la verdad y la reparaci\u00f3n de las v\u00edctimas de los delitos.\" \/>\n<meta name=\"robots\" content=\"noindex, follow\" \/>\n<meta property=\"og:locale\" content=\"es_ES\" \/>\n<meta property=\"og:type\" content=\"article\" \/>\n<meta property=\"og:title\" content=\"Fiscal\u00eda General de la Naci\u00f3n\" \/>\n<meta property=\"og:description\" content=\"P\u00e1gina oficial de la Fiscal\u00eda General de la Naci\u00f3n \u2013 Colombia. Garantizamos el acceso efectivo a la justicia, la verdad y la reparaci\u00f3n de las v\u00edctimas de los delitos.\" \/>\n<meta property=\"og:url\" content=\"https:\/\/www.fiscalia.gov.co\/colombia\/noticias\/a-la-carcel-dos-personas-que-estarian-involucradas-en-el-abuso-sexual-de-una-menor-en-pitalito-huila\/\" \/>\n<meta property=\"og:site_name\" content=\"Fiscal\u00eda General de la Naci\u00f3n\" \/>\n<meta property=\"article:publisher\" content=\"https:\/\/www.facebook.com\/FiscaliaCol\" \/>\n<meta property=\"article:published_time\" content=\"2024-05-14T19:50:16+00:00\" \/>\n<meta property=\"og:image\" content=\"https:\/\/www.fiscalia.gov.co\/colombia\/wp-content\/uploads\/Alvaro-Antonio-Figueroa-Villamil-1-1024x784.jpeg\" \/>\n<meta name=\"author\" content=\"Jordan Leandro Oviedo Anzola\" \/>\n<meta name=\"twitter:card\" content=\"summary_large_image\" \/>\n<meta name=\"twitter:creator\" content=\"@FiscaliaCol\" \/>\n<meta name=\"twitter:site\" content=\"@FiscaliaCol\" \/>\n<meta name=\"twitter:label1\" content=\"Escrito por\" \/>\n\t<meta name=\"twitter:data1\" content=\"Jordan Leandro Oviedo Anzola\" \/>\n\t<meta name=\"twitter:label2\" content=\"Tiempo de lectura\" \/>\n\t<meta name=\"twitter:data2\" content=\"3 minutos\" \/>\n<script type=\"application\/ld+json\" class=\"yoast-schema-graph\">{\"@context\":\"https:\/\/schema.org\",\"@graph\":[{\"@type\":\"Article\",\"@id\":\"https:\/\/www.fiscalia.gov.co\/colombia\/noticias\/a-la-carcel-dos-personas-que-estarian-involucradas-en-el-abuso-sexual-de-una-menor-en-pitalito-huila\/#article\",\"isPartOf\":{\"@id\":\"https:\/\/www.fiscalia.gov.co\/colombia\/noticias\/a-la-carcel-dos-personas-que-estarian-involucradas-en-el-abuso-sexual-de-una-menor-en-pitalito-huila\/\"},\"author\":{\"name\":\"Jordan Leandro Oviedo Anzola\",\"@id\":\"https:\/\/www.fiscalia.gov.co\/colombia\/#\/schema\/person\/bf84402cf293a5393e9c70b111020b24\"},\"headline\":\"A la c\u00e1rcel dos personas que estar\u00edan involucradas en el abuso sexual de una menor en Pitalito (Huila)\",\"datePublished\":\"2024-05-14T19:50:16+00:00\",\"dateModified\":\"2024-05-14T19:50:16+00:00\",\"mainEntityOfPage\":{\"@id\":\"https:\/\/www.fiscalia.gov.co\/colombia\/noticias\/a-la-carcel-dos-personas-que-estarian-involucradas-en-el-abuso-sexual-de-una-menor-en-pitalito-huila\/\"},\"wordCount\":522,\"publisher\":{\"@id\":\"https:\/\/www.fiscalia.gov.co\/colombia\/#organization\"},\"image\":{\"@id\":\"https:\/\/www.fiscalia.gov.co\/colombia\/noticias\/a-la-carcel-dos-personas-que-estarian-involucradas-en-el-abuso-sexual-de-una-menor-en-pitalito-huila\/#primaryimage\"},\"thumbnailUrl\":\"https:\/\/www.fiscalia.gov.co\/colombia\/wp-content\/uploads\/Alvaro-Antonio-Figueroa-Villamil-1-1024x784.jpeg\",\"keywords\":[\"Abuso sexual\",\"Acceso carnal\",\"Actos sexuales\",\"adolescentes\",\"C\u00e1rcel\",\"Fiscal\u00eda General de la Naci\u00f3n\",\"Huila\",\"intramuros\",\"Menor\",\"ni\u00f1as\",\"Ni\u00f1os\",\"Pitalito\",\"Pitalito (Huila)\",\"Seccional Huila\",\"Secuestro\",\"vej\u00e1menes\"],\"articleSection\":[\"Noticias\",\"Seccional Neiva\",\"Seccionales\",\"Violencia sexual e intrafamiliar\"],\"inLanguage\":\"es-CO\"},{\"@type\":\"WebPage\",\"@id\":\"https:\/\/www.fiscalia.gov.co\/colombia\/noticias\/a-la-carcel-dos-personas-que-estarian-involucradas-en-el-abuso-sexual-de-una-menor-en-pitalito-huila\/\",\"url\":\"https:\/\/www.fiscalia.gov.co\/colombia\/noticias\/a-la-carcel-dos-personas-que-estarian-involucradas-en-el-abuso-sexual-de-una-menor-en-pitalito-huila\/\",\"name\":\"Fiscal\u00eda General de la Naci\u00f3n\",\"isPartOf\":{\"@id\":\"https:\/\/www.fiscalia.gov.co\/colombia\/#website\"},\"primaryImageOfPage\":{\"@id\":\"https:\/\/www.fiscalia.gov.co\/colombia\/noticias\/a-la-carcel-dos-personas-que-estarian-involucradas-en-el-abuso-sexual-de-una-menor-en-pitalito-huila\/#primaryimage\"},\"image\":{\"@id\":\"https:\/\/www.fiscalia.gov.co\/colombia\/noticias\/a-la-carcel-dos-personas-que-estarian-involucradas-en-el-abuso-sexual-de-una-menor-en-pitalito-huila\/#primaryimage\"},\"thumbnailUrl\":\"https:\/\/www.fiscalia.gov.co\/colombia\/wp-content\/uploads\/Alvaro-Antonio-Figueroa-Villamil-1-1024x784.jpeg\",\"datePublished\":\"2024-05-14T19:50:16+00:00\",\"dateModified\":\"2024-05-14T19:50:16+00:00\",\"description\":\"P\u00e1gina oficial de la Fiscal\u00eda General de la Naci\u00f3n \u2013 Colombia. Garantizamos el acceso efectivo a la justicia, la verdad y la reparaci\u00f3n de las v\u00edctimas de los delitos.\",\"breadcrumb\":{\"@id\":\"https:\/\/www.fiscalia.gov.co\/colombia\/noticias\/a-la-carcel-dos-personas-que-estarian-involucradas-en-el-abuso-sexual-de-una-menor-en-pitalito-huila\/#breadcrumb\"},\"inLanguage\":\"es-CO\",\"potentialAction\":[{\"@type\":\"ReadAction\",\"target\":[\"https:\/\/www.fiscalia.gov.co\/colombia\/noticias\/a-la-carcel-dos-personas-que-estarian-involucradas-en-el-abuso-sexual-de-una-menor-en-pitalito-huila\/\"]}]},{\"@type\":\"ImageObject\",\"inLanguage\":\"es-CO\",\"@id\":\"https:\/\/www.fiscalia.gov.co\/colombia\/noticias\/a-la-carcel-dos-personas-que-estarian-involucradas-en-el-abuso-sexual-de-una-menor-en-pitalito-huila\/#primaryimage\",\"url\":\"https:\/\/www.fiscalia.gov.co\/colombia\/wp-content\/uploads\/Alvaro-Antonio-Figueroa-Villamil-1-1024x784.jpeg\",\"contentUrl\":\"https:\/\/www.fiscalia.gov.co\/colombia\/wp-content\/uploads\/Alvaro-Antonio-Figueroa-Villamil-1-1024x784.jpeg\"},{\"@type\":\"BreadcrumbList\",\"@id\":\"https:\/\/www.fiscalia.gov.co\/colombia\/noticias\/a-la-carcel-dos-personas-que-estarian-involucradas-en-el-abuso-sexual-de-una-menor-en-pitalito-huila\/#breadcrumb\",\"itemListElement\":[{\"@type\":\"ListItem\",\"position\":1,\"name\":\"Home\",\"item\":\"https:\/\/www.fiscalia.gov.co\/colombia\/\"},{\"@type\":\"ListItem\",\"position\":2,\"name\":\"A la c\u00e1rcel dos personas que estar\u00edan involucradas en el abuso sexual de una menor en Pitalito (Huila)\"}]},{\"@type\":\"WebSite\",\"@id\":\"https:\/\/www.fiscalia.gov.co\/colombia\/#website\",\"url\":\"https:\/\/www.fiscalia.gov.co\/colombia\/\",\"name\":\"Fiscal\u00eda General de la Naci\u00f3n\",\"description\":\"P\u00e1gina oficial de la Fiscal\u00eda General de la Naci\u00f3n \u2013 Colombia. Garantizamos el acceso efectivo a la justicia, la verdad y la reparaci\u00f3n de las v\u00edctimas de los delitos.\",\"publisher\":{\"@id\":\"https:\/\/www.fiscalia.gov.co\/colombia\/#organization\"},\"potentialAction\":[{\"@type\":\"SearchAction\",\"target\":{\"@type\":\"EntryPoint\",\"urlTemplate\":\"https:\/\/www.fiscalia.gov.co\/colombia\/?s={search_term_string}\"},\"query-input\":{\"@type\":\"PropertyValueSpecification\",\"valueRequired\":true,\"valueName\":\"search_term_string\"}}],\"inLanguage\":\"es-CO\"},{\"@type\":\"Organization\",\"@id\":\"https:\/\/www.fiscalia.gov.co\/colombia\/#organization\",\"name\":\"Fiscal\u00eda General de la Naci\u00f3n\",\"url\":\"https:\/\/www.fiscalia.gov.co\/colombia\/\",\"logo\":{\"@type\":\"ImageObject\",\"inLanguage\":\"es-CO\",\"@id\":\"https:\/\/www.fiscalia.gov.co\/colombia\/#\/schema\/logo\/image\/\",\"url\":\"https:\/\/www.fiscalia.gov.co\/colombia\/wp-content\/uploads\/LogoHorizontal_1.jpg\",\"contentUrl\":\"https:\/\/www.fiscalia.gov.co\/colombia\/wp-content\/uploads\/LogoHorizontal_1.jpg\",\"width\":300,\"height\":90,\"caption\":\"Fiscal\u00eda General de la Naci\u00f3n\"},\"image\":{\"@id\":\"https:\/\/www.fiscalia.gov.co\/colombia\/#\/schema\/logo\/image\/\"},\"sameAs\":[\"https:\/\/www.facebook.com\/FiscaliaCol\",\"https:\/\/x.com\/FiscaliaCol\",\"https:\/\/www.instagram.com\/fiscaliacol\",\"https:\/\/www.linkedin.com\/company\/fiscalia-general-de-la-naci-n\/\",\"https:\/\/youtube.com\/@fiscaliageneraldelanacion-4668?si=6nN79nyQICPU5iTh\"]},{\"@type\":\"Person\",\"@id\":\"https:\/\/www.fiscalia.gov.co\/colombia\/#\/schema\/person\/bf84402cf293a5393e9c70b111020b24\",\"name\":\"Jordan Leandro Oviedo Anzola\",\"image\":{\"@type\":\"ImageObject\",\"inLanguage\":\"es-CO\",\"@id\":\"https:\/\/www.fiscalia.gov.co\/colombia\/#\/schema\/person\/image\/\",\"url\":\"https:\/\/secure.gravatar.com\/avatar\/dabba4346fa9b9207d96adafa8f92721?s=96&d=mm&r=g\",\"contentUrl\":\"https:\/\/secure.gravatar.com\/avatar\/dabba4346fa9b9207d96adafa8f92721?s=96&d=mm&r=g\",\"caption\":\"Jordan Leandro Oviedo Anzola\"},\"url\":\"https:\/\/www.fiscalia.gov.co\/colombia\/author\/joviedo\/\"}]}<\/script>\n<!-- \/ Yoast SEO plugin. -->","yoast_head_json":{"title":"Fiscal\u00eda General de la Naci\u00f3n","description":"P\u00e1gina oficial de la Fiscal\u00eda General de la Naci\u00f3n \u2013 Colombia. Garantizamos el acceso efectivo a la justicia, la verdad y la reparaci\u00f3n de las v\u00edctimas de los delitos.","robots":{"index":"noindex","follow":"follow"},"og_locale":"es_ES","og_type":"article","og_title":"Fiscal\u00eda General de la Naci\u00f3n","og_description":"P\u00e1gina oficial de la Fiscal\u00eda General de la Naci\u00f3n \u2013 Colombia. Garantizamos el acceso efectivo a la justicia, la verdad y la reparaci\u00f3n de las v\u00edctimas de los delitos.","og_url":"https:\/\/www.fiscalia.gov.co\/colombia\/noticias\/a-la-carcel-dos-personas-que-estarian-involucradas-en-el-abuso-sexual-de-una-menor-en-pitalito-huila\/","og_site_name":"Fiscal\u00eda General de la Naci\u00f3n","article_publisher":"https:\/\/www.facebook.com\/FiscaliaCol","article_published_time":"2024-05-14T19:50:16+00:00","og_image":[{"url":"https:\/\/www.fiscalia.gov.co\/colombia\/wp-content\/uploads\/Alvaro-Antonio-Figueroa-Villamil-1-1024x784.jpeg","type":"","width":"","height":""}],"author":"Jordan Leandro Oviedo Anzola","twitter_card":"summary_large_image","twitter_creator":"@FiscaliaCol","twitter_site":"@FiscaliaCol","twitter_misc":{"Escrito por":"Jordan Leandro Oviedo Anzola","Tiempo de lectura":"3 minutos"},"schema":{"@context":"https:\/\/schema.org","@graph":[{"@type":"Article","@id":"https:\/\/www.fiscalia.gov.co\/colombia\/noticias\/a-la-carcel-dos-personas-que-estarian-involucradas-en-el-abuso-sexual-de-una-menor-en-pitalito-huila\/#article","isPartOf":{"@id":"https:\/\/www.fiscalia.gov.co\/colombia\/noticias\/a-la-carcel-dos-personas-que-estarian-involucradas-en-el-abuso-sexual-de-una-menor-en-pitalito-huila\/"},"author":{"name":"Jordan Leandro Oviedo Anzola","@id":"https:\/\/www.fiscalia.gov.co\/colombia\/#\/schema\/person\/bf84402cf293a5393e9c70b111020b24"},"headline":"A la c\u00e1rcel dos personas que estar\u00edan involucradas en el abuso sexual de una menor en Pitalito (Huila)","datePublished":"2024-05-14T19:50:16+00:00","dateModified":"2024-05-14T19:50:16+00:00","mainEntityOfPage":{"@id":"https:\/\/www.fiscalia.gov.co\/colombia\/noticias\/a-la-carcel-dos-personas-que-estarian-involucradas-en-el-abuso-sexual-de-una-menor-en-pitalito-huila\/"},"wordCount":522,"publisher":{"@id":"https:\/\/www.fiscalia.gov.co\/colombia\/#organization"},"image":{"@id":"https:\/\/www.fiscalia.gov.co\/colombia\/noticias\/a-la-carcel-dos-personas-que-estarian-involucradas-en-el-abuso-sexual-de-una-menor-en-pitalito-huila\/#primaryimage"},"thumbnailUrl":"https:\/\/www.fiscalia.gov.co\/colombia\/wp-content\/uploads\/Alvaro-Antonio-Figueroa-Villamil-1-1024x784.jpeg","keywords":["Abuso sexual","Acceso carnal","Actos sexuales","adolescentes","C\u00e1rcel","Fiscal\u00eda General de la Naci\u00f3n","Huila","intramuros","Menor","ni\u00f1as","Ni\u00f1os","Pitalito","Pitalito (Huila)","Seccional Huila","Secuestro","vej\u00e1menes"],"articleSection":["Noticias","Seccional Neiva","Seccionales","Violencia sexual e intrafamiliar"],"inLanguage":"es-CO"},{"@type":"WebPage","@id":"https:\/\/www.fiscalia.gov.co\/colombia\/noticias\/a-la-carcel-dos-personas-que-estarian-involucradas-en-el-abuso-sexual-de-una-menor-en-pitalito-huila\/","url":"https:\/\/www.fiscalia.gov.co\/colombia\/noticias\/a-la-carcel-dos-personas-que-estarian-involucradas-en-el-abuso-sexual-de-una-menor-en-pitalito-huila\/","name":"Fiscal\u00eda General de la Naci\u00f3n","isPartOf":{"@id":"https:\/\/www.fiscalia.gov.co\/colombia\/#website"},"primaryImageOfPage":{"@id":"https:\/\/www.fiscalia.gov.co\/colombia\/noticias\/a-la-carcel-dos-personas-que-estarian-involucradas-en-el-abuso-sexual-de-una-menor-en-pitalito-huila\/#primaryimage"},"image":{"@id":"https:\/\/www.fiscalia.gov.co\/colombia\/noticias\/a-la-carcel-dos-personas-que-estarian-involucradas-en-el-abuso-sexual-de-una-menor-en-pitalito-huila\/#primaryimage"},"thumbnailUrl":"https:\/\/www.fiscalia.gov.co\/colombia\/wp-content\/uploads\/Alvaro-Antonio-Figueroa-Villamil-1-1024x784.jpeg","datePublished":"2024-05-14T19:50:16+00:00","dateModified":"2024-05-14T19:50:16+00:00","description":"P\u00e1gina oficial de la Fiscal\u00eda General de la Naci\u00f3n \u2013 Colombia. Garantizamos el acceso efectivo a la justicia, la verdad y la reparaci\u00f3n de las v\u00edctimas de los delitos.","breadcrumb":{"@id":"https:\/\/www.fiscalia.gov.co\/colombia\/noticias\/a-la-carcel-dos-personas-que-estarian-involucradas-en-el-abuso-sexual-de-una-menor-en-pitalito-huila\/#breadcrumb"},"inLanguage":"es-CO","potentialAction":[{"@type":"ReadAction","target":["https:\/\/www.fiscalia.gov.co\/colombia\/noticias\/a-la-carcel-dos-personas-que-estarian-involucradas-en-el-abuso-sexual-de-una-menor-en-pitalito-huila\/"]}]},{"@type":"ImageObject","inLanguage":"es-CO","@id":"https:\/\/www.fiscalia.gov.co\/colombia\/noticias\/a-la-carcel-dos-personas-que-estarian-involucradas-en-el-abuso-sexual-de-una-menor-en-pitalito-huila\/#primaryimage","url":"https:\/\/www.fiscalia.gov.co\/colombia\/wp-content\/uploads\/Alvaro-Antonio-Figueroa-Villamil-1-1024x784.jpeg","contentUrl":"https:\/\/www.fiscalia.gov.co\/colombia\/wp-content\/uploads\/Alvaro-Antonio-Figueroa-Villamil-1-1024x784.jpeg"},{"@type":"BreadcrumbList","@id":"https:\/\/www.fiscalia.gov.co\/colombia\/noticias\/a-la-carcel-dos-personas-que-estarian-involucradas-en-el-abuso-sexual-de-una-menor-en-pitalito-huila\/#breadcrumb","itemListElement":[{"@type":"ListItem","position":1,"name":"Home","item":"https:\/\/www.fiscalia.gov.co\/colombia\/"},{"@type":"ListItem","position":2,"name":"A la c\u00e1rcel dos personas que estar\u00edan involucradas en el abuso sexual de una menor en Pitalito (Huila)"}]},{"@type":"WebSite","@id":"https:\/\/www.fiscalia.gov.co\/colombia\/#website","url":"https:\/\/www.fiscalia.gov.co\/colombia\/","name":"Fiscal\u00eda General de la Naci\u00f3n","description":"P\u00e1gina oficial de la Fiscal\u00eda General de la Naci\u00f3n \u2013 Colombia. Garantizamos el acceso efectivo a la justicia, la verdad y la reparaci\u00f3n de las v\u00edctimas de los delitos.","publisher":{"@id":"https:\/\/www.fiscalia.gov.co\/colombia\/#organization"},"potentialAction":[{"@type":"SearchAction","target":{"@type":"EntryPoint","urlTemplate":"https:\/\/www.fiscalia.gov.co\/colombia\/?s={search_term_string}"},"query-input":{"@type":"PropertyValueSpecification","valueRequired":true,"valueName":"search_term_string"}}],"inLanguage":"es-CO"},{"@type":"Organization","@id":"https:\/\/www.fiscalia.gov.co\/colombia\/#organization","name":"Fiscal\u00eda General de la Naci\u00f3n","url":"https:\/\/www.fiscalia.gov.co\/colombia\/","logo":{"@type":"ImageObject","inLanguage":"es-CO","@id":"https:\/\/www.fiscalia.gov.co\/colombia\/#\/schema\/logo\/image\/","url":"https:\/\/www.fiscalia.gov.co\/colombia\/wp-content\/uploads\/LogoHorizontal_1.jpg","contentUrl":"https:\/\/www.fiscalia.gov.co\/colombia\/wp-content\/uploads\/LogoHorizontal_1.jpg","width":300,"height":90,"caption":"Fiscal\u00eda General de la Naci\u00f3n"},"image":{"@id":"https:\/\/www.fiscalia.gov.co\/colombia\/#\/schema\/logo\/image\/"},"sameAs":["https:\/\/www.facebook.com\/FiscaliaCol","https:\/\/x.com\/FiscaliaCol","https:\/\/www.instagram.com\/fiscaliacol","https:\/\/www.linkedin.com\/company\/fiscalia-general-de-la-naci-n\/","https:\/\/youtube.com\/@fiscaliageneraldelanacion-4668?si=6nN79nyQICPU5iTh"]},{"@type":"Person","@id":"https:\/\/www.fiscalia.gov.co\/colombia\/#\/schema\/person\/bf84402cf293a5393e9c70b111020b24","name":"Jordan Leandro Oviedo Anzola","image":{"@type":"ImageObject","inLanguage":"es-CO","@id":"https:\/\/www.fiscalia.gov.co\/colombia\/#\/schema\/person\/image\/","url":"https:\/\/secure.gravatar.com\/avatar\/dabba4346fa9b9207d96adafa8f92721?s=96&d=mm&r=g","contentUrl":"https:\/\/secure.gravatar.com\/avatar\/dabba4346fa9b9207d96adafa8f92721?s=96&d=mm&r=g","caption":"Jordan Leandro Oviedo Anzola"},"url":"https:\/\/www.fiscalia.gov.co\/colombia\/author\/joviedo\/"}]}},"_links":{"self":[{"href":"https:\/\/www.fiscalia.gov.co\/colombia\/wp-json\/wp\/v2\/posts\/295001","targetHints":{"allow":["GET"]}}],"collection":[{"href":"https:\/\/www.fiscalia.gov.co\/colombia\/wp-json\/wp\/v2\/posts"}],"about":[{"href":"https:\/\/www.fiscalia.gov.co\/colombia\/wp-json\/wp\/v2\/types\/post"}],"author":[{"embeddable":true,"href":"https:\/\/www.fiscalia.gov.co\/colombia\/wp-json\/wp\/v2\/users\/177"}],"replies":[{"embeddable":true,"href":"https:\/\/www.fiscalia.gov.co\/colombia\/wp-json\/wp\/v2\/comments?post=295001"}],"version-history":[{"count":1,"href":"https:\/\/www.fiscalia.gov.co\/colombia\/wp-json\/wp\/v2\/posts\/295001\/revisions"}],"predecessor-version":[{"id":295004,"href":"https:\/\/www.fiscalia.gov.co\/colombia\/wp-json\/wp\/v2\/posts\/295001\/revisions\/295004"}],"wp:attachment":[{"href":"https:\/\/www.fiscalia.gov.co\/colombia\/wp-json\/wp\/v2\/media?parent=295001"}],"wp:term":[{"taxonomy":"category","embeddable":true,"href":"https:\/\/www.fiscalia.gov.co\/colombia\/wp-json\/wp\/v2\/categories?post=295001"},{"taxonomy":"post_tag","embeddable":true,"href":"https:\/\/www.fiscalia.gov.co\/colombia\/wp-json\/wp\/v2\/tags?post=295001"}],"curies":[{"name":"wp","href":"https:\/\/api.w.org\/{rel}","templated":true}]}}