{"id":294892,"date":"2024-05-10T14:41:39","date_gmt":"2024-05-10T19:41:39","guid":{"rendered":"https:\/\/www.fiscalia.gov.co\/colombia\/?p=294892"},"modified":"2024-05-10T15:30:19","modified_gmt":"2024-05-10T20:30:19","slug":"condenado-soldado-que-le-quito-la-vida-a-pareja-sentimental-y-oculto-el-cuerpo-en-una-maleta","status":"publish","type":"post","link":"https:\/\/www.fiscalia.gov.co\/colombia\/noticias\/condenado-soldado-que-le-quito-la-vida-a-pareja-sentimental-y-oculto-el-cuerpo-en-una-maleta\/","title":{"rendered":"Condenado soldado que le quit\u00f3 la vida a pareja sentimental y ocult\u00f3 el cuerpo en una maleta"},"content":{"rendered":"<p>Luego de avalar el acuerdo judicial entre la Fiscal\u00eda General de la Naci\u00f3n y la defensa de Sebasti\u00e1n Villegas C\u00f3rdoba; un juez de conocimiento de Medell\u00edn<strong> decidi\u00f3 imponerle al procesado una condena a 31 a\u00f1os y 3 meses de prisi\u00f3n.<\/strong><\/p>\n<p>El exmilitar, de 21 a\u00f1os, fue procesado por el delito de feminicidio agravado del que fue v\u00edctima su pareja sentimental, de 19 a\u00f1os.<\/p>\n<p><em><strong>Le puede interesar:<\/strong><\/em> <a id=\"m_-2313088900815927802OWA95f49840-bc86-16ac-4ba1-1f23701ff5fb\" href=\"https:\/\/www.fiscalia.gov.co\/colombia\/noticias\/asegurado-hombre-investigado-por-el-feminicidio-de-su-companera-sentimental-en-medellin\/\" target=\"_blank\" rel=\"noopener\" data-saferedirecturl=\"https:\/\/www.google.com\/url?q=https:\/\/www.fiscalia.gov.co\/colombia\/noticias\/asegurado-hombre-investigado-por-el-feminicidio-de-su-companera-sentimental-en-medellin\/&amp;source=gmail&amp;ust=1715453282004000&amp;usg=AOvVaw1nIepnq9MUJVXSHpshRvi0\">https:\/\/www.fiscalia.gov.co\/<wbr \/>colombia\/noticias\/asegurado-<wbr \/>hombre-investigado-por-el-<wbr \/>feminicidio-de-su-companera-<wbr \/>sentimental-en-medellin\/<\/a><\/p>\n<p>Los hechos ocurrieron el pasado 28 de enero en una vivienda del barrio Doce de Octubre de Medell\u00edn. En este lugar las autoridades hallaron el cuerpo de la v\u00edctima en una maleta y seg\u00fan el reporte oficial ten\u00eda 24 heridas causadas con arma blanca.<\/p>\n<figure id=\"attachment_294893\" aria-describedby=\"caption-attachment-294893\" style=\"width: 437px\" class=\"wp-caption aligncenter\"><img loading=\"lazy\" decoding=\"async\" class=\" wp-image-294893\" src=\"https:\/\/www.fiscalia.gov.co\/colombia\/wp-content\/uploads\/Sebastian-Villegas-Cordoba-300x168.jpg\" alt=\"En la foto est\u00e1 el rostro del condenado durante las audiencias preliminares realizadas de manera virtual \" width=\"437\" height=\"245\" srcset=\"https:\/\/www.fiscalia.gov.co\/colombia\/wp-content\/uploads\/Sebastian-Villegas-Cordoba-300x168.jpg 300w, https:\/\/www.fiscalia.gov.co\/colombia\/wp-content\/uploads\/Sebastian-Villegas-Cordoba-1024x575.jpg 1024w, https:\/\/www.fiscalia.gov.co\/colombia\/wp-content\/uploads\/Sebastian-Villegas-Cordoba-768x431.jpg 768w, https:\/\/www.fiscalia.gov.co\/colombia\/wp-content\/uploads\/Sebastian-Villegas-Cordoba-1536x862.jpg 1536w, https:\/\/www.fiscalia.gov.co\/colombia\/wp-content\/uploads\/Sebastian-Villegas-Cordoba-696x391.jpg 696w, https:\/\/www.fiscalia.gov.co\/colombia\/wp-content\/uploads\/Sebastian-Villegas-Cordoba-1068x599.jpg 1068w, https:\/\/www.fiscalia.gov.co\/colombia\/wp-content\/uploads\/Sebastian-Villegas-Cordoba-748x420.jpg 748w, https:\/\/www.fiscalia.gov.co\/colombia\/wp-content\/uploads\/Sebastian-Villegas-Cordoba.jpg 1600w\" sizes=\"auto, (max-width: 437px) 100vw, 437px\" \/><figcaption id=\"caption-attachment-294893\" class=\"wp-caption-text\">Presunto responsable del homicidio de su pareja sentimental de 19 a\u00f1os de edad.<\/figcaption><\/figure>\n<p>La familia de Villegas C\u00f3rdoba, quien para entonces prestaba servicio militar obligatorio en el Ej\u00e9rcito Nacional, fue la encargada de alertar a las autoridades sobre el crimen. Horas despu\u00e9s el soldado \u00a0se present\u00f3 voluntariamente a la polic\u00eda judicial del municipio de Bello (Antioquia) donde se hizo efectiva su captura.<\/p>\n<p>D\u00edas despu\u00e9s de su aprehensi\u00f3n Villegas C\u00f3rdoba intent\u00f3 fugarse por una de las ventanas de la estaci\u00f3n de Polic\u00eda donde cumpl\u00eda la medida de aseguramiento decretada por el juez de control de garant\u00edas.<\/p>\n<p>La sentencia qued\u00f3 en firme.<\/p>\n<p>&nbsp;<\/p>\n<p>NAMT\/MAGA\/DA\/DSM<\/p>\n<p>&nbsp;<\/p>\n<p>&nbsp;<\/p>\n<p>&nbsp;<\/p>\n<div><\/div>\n<div><\/div>\n<div><em>La informaci\u00f3n contenida en este bolet\u00edn de prensa corresponde a la narraci\u00f3n de los hechos noticiosos objetivos, suministrados por los funcionarios encargados de adelantar las investigaciones penales al interior de la Fiscal\u00eda General de la Naci\u00f3n. Para el momento de la divulgaci\u00f3n de este comunicado, la situaci\u00f3n jur\u00eddica de la(s) persona(s) relacionada(s) se encuentra pendiente de resolver por la autoridad judicial competente, siempre bajo los preceptos de la presunci\u00f3n de inocencia, consagrados en el art\u00edculo 29 de la Constituci\u00f3n Pol\u00edtica y el art\u00edculo 7\u00ba de la Ley 906 de 2004.<\/em><\/div>\n\n<div class=\"twitter-share\"><a href=\"https:\/\/twitter.com\/intent\/tweet?via=fiscaliacol\" class=\"twitter-share-button\">Tweet<\/a><\/div>\n","protected":false},"excerpt":{"rendered":"<p>Luego de avalar el acuerdo judicial entre la Fiscal\u00eda General de la Naci\u00f3n y la defensa de Sebasti\u00e1n Villegas C\u00f3rdoba; un juez de conocimiento de Medell\u00edn decidi\u00f3 imponerle al procesado [&hellip;]<\/p>\n","protected":false},"author":178,"featured_media":0,"comment_status":"closed","ping_status":"open","sticky":false,"template":"","format":"standard","meta":{"tdm_status":"","tdm_grid_status":"","footnotes":""},"categories":[24174,1],"tags":[37815,14729,1047,37814,37816,23985,7439,558,28411],"class_list":["post-294892","post","type-post","status-publish","format-standard","category-hay-justicia","category-noticias","tag-barro-doce-de-octubre-medellin","tag-feminicidio-agravado","tag-fiscalia-general-de-la-nacion","tag-joven-de-21-anos","tag-mas-de-20-lesiones-con-arma-blanca","tag-medellin-antioquia","tag-medida-intramuros","tag-policia-nacional","tag-victima-de-19-anos"],"yoast_head":"<!-- This site is optimized with the Yoast SEO plugin v24.3 - https:\/\/yoast.com\/wordpress\/plugins\/seo\/ -->\n<title>Fiscal\u00eda General de la Naci\u00f3n<\/title>\n<meta name=\"description\" content=\"P\u00e1gina oficial de la Fiscal\u00eda General de la Naci\u00f3n \u2013 Colombia. Garantizamos el acceso efectivo a la justicia, la verdad y la reparaci\u00f3n de las v\u00edctimas de los delitos.\" \/>\n<meta name=\"robots\" content=\"noindex, follow\" \/>\n<meta property=\"og:locale\" content=\"es_ES\" \/>\n<meta property=\"og:type\" content=\"article\" \/>\n<meta property=\"og:title\" content=\"Fiscal\u00eda General de la Naci\u00f3n\" \/>\n<meta property=\"og:description\" content=\"P\u00e1gina oficial de la Fiscal\u00eda General de la Naci\u00f3n \u2013 Colombia. Garantizamos el acceso efectivo a la justicia, la verdad y la reparaci\u00f3n de las v\u00edctimas de los delitos.\" \/>\n<meta property=\"og:url\" content=\"https:\/\/www.fiscalia.gov.co\/colombia\/noticias\/condenado-soldado-que-le-quito-la-vida-a-pareja-sentimental-y-oculto-el-cuerpo-en-una-maleta\/\" \/>\n<meta property=\"og:site_name\" content=\"Fiscal\u00eda General de la Naci\u00f3n\" \/>\n<meta property=\"article:publisher\" content=\"https:\/\/www.facebook.com\/FiscaliaCol\" \/>\n<meta property=\"article:published_time\" content=\"2024-05-10T19:41:39+00:00\" \/>\n<meta property=\"article:modified_time\" content=\"2024-05-10T20:30:19+00:00\" \/>\n<meta property=\"og:image\" content=\"https:\/\/www.fiscalia.gov.co\/colombia\/wp-content\/uploads\/Sebastian-Villegas-Cordoba-300x168.jpg\" \/>\n<meta name=\"author\" content=\"Winnie Geraldine Rodr\u00edguez Navarrete\" \/>\n<meta name=\"twitter:card\" content=\"summary_large_image\" \/>\n<meta name=\"twitter:creator\" content=\"@FiscaliaCol\" \/>\n<meta name=\"twitter:site\" content=\"@FiscaliaCol\" \/>\n<meta name=\"twitter:label1\" content=\"Escrito por\" \/>\n\t<meta name=\"twitter:data1\" content=\"Winnie Geraldine Rodr\u00edguez Navarrete\" \/>\n\t<meta name=\"twitter:label2\" content=\"Tiempo de lectura\" \/>\n\t<meta name=\"twitter:data2\" content=\"2 minutos\" \/>\n<script type=\"application\/ld+json\" class=\"yoast-schema-graph\">{\"@context\":\"https:\/\/schema.org\",\"@graph\":[{\"@type\":\"Article\",\"@id\":\"https:\/\/www.fiscalia.gov.co\/colombia\/noticias\/condenado-soldado-que-le-quito-la-vida-a-pareja-sentimental-y-oculto-el-cuerpo-en-una-maleta\/#article\",\"isPartOf\":{\"@id\":\"https:\/\/www.fiscalia.gov.co\/colombia\/noticias\/condenado-soldado-que-le-quito-la-vida-a-pareja-sentimental-y-oculto-el-cuerpo-en-una-maleta\/\"},\"author\":{\"name\":\"Winnie Geraldine Rodr\u00edguez Navarrete\",\"@id\":\"https:\/\/www.fiscalia.gov.co\/colombia\/#\/schema\/person\/176195b99ebab0a52aafa15197e1bf80\"},\"headline\":\"Condenado soldado que le quit\u00f3 la vida a pareja sentimental y ocult\u00f3 el cuerpo en una maleta\",\"datePublished\":\"2024-05-10T19:41:39+00:00\",\"dateModified\":\"2024-05-10T20:30:19+00:00\",\"mainEntityOfPage\":{\"@id\":\"https:\/\/www.fiscalia.gov.co\/colombia\/noticias\/condenado-soldado-que-le-quito-la-vida-a-pareja-sentimental-y-oculto-el-cuerpo-en-una-maleta\/\"},\"wordCount\":372,\"publisher\":{\"@id\":\"https:\/\/www.fiscalia.gov.co\/colombia\/#organization\"},\"image\":{\"@id\":\"https:\/\/www.fiscalia.gov.co\/colombia\/noticias\/condenado-soldado-que-le-quito-la-vida-a-pareja-sentimental-y-oculto-el-cuerpo-en-una-maleta\/#primaryimage\"},\"thumbnailUrl\":\"https:\/\/www.fiscalia.gov.co\/colombia\/wp-content\/uploads\/Sebastian-Villegas-Cordoba-300x168.jpg\",\"keywords\":[\"barro Doce de Octubre Medellin\",\"Feminicidio agravado\",\"Fiscal\u00eda General de la Naci\u00f3n\",\"joven de 21 a\u00f1os\",\"m\u00e1s de 20 lesiones con arma blanca\",\"Medell\u00edn (Antioquia)\",\"medida intramuros\",\"Polic\u00eda Nacional\",\"v\u00edctima de 19 a\u00f1os\"],\"articleSection\":[\"Hay Justicia\",\"Noticias\"],\"inLanguage\":\"es-CO\"},{\"@type\":\"WebPage\",\"@id\":\"https:\/\/www.fiscalia.gov.co\/colombia\/noticias\/condenado-soldado-que-le-quito-la-vida-a-pareja-sentimental-y-oculto-el-cuerpo-en-una-maleta\/\",\"url\":\"https:\/\/www.fiscalia.gov.co\/colombia\/noticias\/condenado-soldado-que-le-quito-la-vida-a-pareja-sentimental-y-oculto-el-cuerpo-en-una-maleta\/\",\"name\":\"Fiscal\u00eda General de la Naci\u00f3n\",\"isPartOf\":{\"@id\":\"https:\/\/www.fiscalia.gov.co\/colombia\/#website\"},\"primaryImageOfPage\":{\"@id\":\"https:\/\/www.fiscalia.gov.co\/colombia\/noticias\/condenado-soldado-que-le-quito-la-vida-a-pareja-sentimental-y-oculto-el-cuerpo-en-una-maleta\/#primaryimage\"},\"image\":{\"@id\":\"https:\/\/www.fiscalia.gov.co\/colombia\/noticias\/condenado-soldado-que-le-quito-la-vida-a-pareja-sentimental-y-oculto-el-cuerpo-en-una-maleta\/#primaryimage\"},\"thumbnailUrl\":\"https:\/\/www.fiscalia.gov.co\/colombia\/wp-content\/uploads\/Sebastian-Villegas-Cordoba-300x168.jpg\",\"datePublished\":\"2024-05-10T19:41:39+00:00\",\"dateModified\":\"2024-05-10T20:30:19+00:00\",\"description\":\"P\u00e1gina oficial de la Fiscal\u00eda General de la Naci\u00f3n \u2013 Colombia. Garantizamos el acceso efectivo a la justicia, la verdad y la reparaci\u00f3n de las v\u00edctimas de los delitos.\",\"breadcrumb\":{\"@id\":\"https:\/\/www.fiscalia.gov.co\/colombia\/noticias\/condenado-soldado-que-le-quito-la-vida-a-pareja-sentimental-y-oculto-el-cuerpo-en-una-maleta\/#breadcrumb\"},\"inLanguage\":\"es-CO\",\"potentialAction\":[{\"@type\":\"ReadAction\",\"target\":[\"https:\/\/www.fiscalia.gov.co\/colombia\/noticias\/condenado-soldado-que-le-quito-la-vida-a-pareja-sentimental-y-oculto-el-cuerpo-en-una-maleta\/\"]}]},{\"@type\":\"ImageObject\",\"inLanguage\":\"es-CO\",\"@id\":\"https:\/\/www.fiscalia.gov.co\/colombia\/noticias\/condenado-soldado-que-le-quito-la-vida-a-pareja-sentimental-y-oculto-el-cuerpo-en-una-maleta\/#primaryimage\",\"url\":\"https:\/\/www.fiscalia.gov.co\/colombia\/wp-content\/uploads\/Sebastian-Villegas-Cordoba.jpg\",\"contentUrl\":\"https:\/\/www.fiscalia.gov.co\/colombia\/wp-content\/uploads\/Sebastian-Villegas-Cordoba.jpg\",\"width\":1600,\"height\":898,\"caption\":\"Presunto responsable del homicidio de su pareja sentimental de 19 a\u00f1os de edad.\"},{\"@type\":\"BreadcrumbList\",\"@id\":\"https:\/\/www.fiscalia.gov.co\/colombia\/noticias\/condenado-soldado-que-le-quito-la-vida-a-pareja-sentimental-y-oculto-el-cuerpo-en-una-maleta\/#breadcrumb\",\"itemListElement\":[{\"@type\":\"ListItem\",\"position\":1,\"name\":\"Home\",\"item\":\"https:\/\/www.fiscalia.gov.co\/colombia\/\"},{\"@type\":\"ListItem\",\"position\":2,\"name\":\"Condenado soldado que le quit\u00f3 la vida a pareja sentimental y ocult\u00f3 el cuerpo en una maleta\"}]},{\"@type\":\"WebSite\",\"@id\":\"https:\/\/www.fiscalia.gov.co\/colombia\/#website\",\"url\":\"https:\/\/www.fiscalia.gov.co\/colombia\/\",\"name\":\"Fiscal\u00eda General de la Naci\u00f3n\",\"description\":\"P\u00e1gina oficial de la Fiscal\u00eda General de la Naci\u00f3n \u2013 Colombia. Garantizamos el acceso efectivo a la justicia, la verdad y la reparaci\u00f3n de las v\u00edctimas de los delitos.\",\"publisher\":{\"@id\":\"https:\/\/www.fiscalia.gov.co\/colombia\/#organization\"},\"potentialAction\":[{\"@type\":\"SearchAction\",\"target\":{\"@type\":\"EntryPoint\",\"urlTemplate\":\"https:\/\/www.fiscalia.gov.co\/colombia\/?s={search_term_string}\"},\"query-input\":{\"@type\":\"PropertyValueSpecification\",\"valueRequired\":true,\"valueName\":\"search_term_string\"}}],\"inLanguage\":\"es-CO\"},{\"@type\":\"Organization\",\"@id\":\"https:\/\/www.fiscalia.gov.co\/colombia\/#organization\",\"name\":\"Fiscal\u00eda General de la Naci\u00f3n\",\"url\":\"https:\/\/www.fiscalia.gov.co\/colombia\/\",\"logo\":{\"@type\":\"ImageObject\",\"inLanguage\":\"es-CO\",\"@id\":\"https:\/\/www.fiscalia.gov.co\/colombia\/#\/schema\/logo\/image\/\",\"url\":\"https:\/\/www.fiscalia.gov.co\/colombia\/wp-content\/uploads\/LogoHorizontal_1.jpg\",\"contentUrl\":\"https:\/\/www.fiscalia.gov.co\/colombia\/wp-content\/uploads\/LogoHorizontal_1.jpg\",\"width\":300,\"height\":90,\"caption\":\"Fiscal\u00eda General de la Naci\u00f3n\"},\"image\":{\"@id\":\"https:\/\/www.fiscalia.gov.co\/colombia\/#\/schema\/logo\/image\/\"},\"sameAs\":[\"https:\/\/www.facebook.com\/FiscaliaCol\",\"https:\/\/x.com\/FiscaliaCol\",\"https:\/\/www.instagram.com\/fiscaliacol\",\"https:\/\/www.linkedin.com\/company\/fiscalia-general-de-la-naci-n\/\",\"https:\/\/youtube.com\/@fiscaliageneraldelanacion-4668?si=6nN79nyQICPU5iTh\"]},{\"@type\":\"Person\",\"@id\":\"https:\/\/www.fiscalia.gov.co\/colombia\/#\/schema\/person\/176195b99ebab0a52aafa15197e1bf80\",\"name\":\"Winnie Geraldine Rodr\u00edguez Navarrete\",\"image\":{\"@type\":\"ImageObject\",\"inLanguage\":\"es-CO\",\"@id\":\"https:\/\/www.fiscalia.gov.co\/colombia\/#\/schema\/person\/image\/\",\"url\":\"https:\/\/secure.gravatar.com\/avatar\/c24cf8481dc84fa5e8c7b20bc95ab0c6?s=96&d=mm&r=g\",\"contentUrl\":\"https:\/\/secure.gravatar.com\/avatar\/c24cf8481dc84fa5e8c7b20bc95ab0c6?s=96&d=mm&r=g\",\"caption\":\"Winnie Geraldine Rodr\u00edguez Navarrete\"},\"url\":\"https:\/\/www.fiscalia.gov.co\/colombia\/author\/winnierodriguez\/\"}]}<\/script>\n<!-- \/ Yoast SEO plugin. -->","yoast_head_json":{"title":"Fiscal\u00eda General de la Naci\u00f3n","description":"P\u00e1gina oficial de la Fiscal\u00eda General de la Naci\u00f3n \u2013 Colombia. Garantizamos el acceso efectivo a la justicia, la verdad y la reparaci\u00f3n de las v\u00edctimas de los delitos.","robots":{"index":"noindex","follow":"follow"},"og_locale":"es_ES","og_type":"article","og_title":"Fiscal\u00eda General de la Naci\u00f3n","og_description":"P\u00e1gina oficial de la Fiscal\u00eda General de la Naci\u00f3n \u2013 Colombia. Garantizamos el acceso efectivo a la justicia, la verdad y la reparaci\u00f3n de las v\u00edctimas de los delitos.","og_url":"https:\/\/www.fiscalia.gov.co\/colombia\/noticias\/condenado-soldado-que-le-quito-la-vida-a-pareja-sentimental-y-oculto-el-cuerpo-en-una-maleta\/","og_site_name":"Fiscal\u00eda General de la Naci\u00f3n","article_publisher":"https:\/\/www.facebook.com\/FiscaliaCol","article_published_time":"2024-05-10T19:41:39+00:00","article_modified_time":"2024-05-10T20:30:19+00:00","og_image":[{"url":"https:\/\/www.fiscalia.gov.co\/colombia\/wp-content\/uploads\/Sebastian-Villegas-Cordoba-300x168.jpg","type":"","width":"","height":""}],"author":"Winnie Geraldine Rodr\u00edguez Navarrete","twitter_card":"summary_large_image","twitter_creator":"@FiscaliaCol","twitter_site":"@FiscaliaCol","twitter_misc":{"Escrito por":"Winnie Geraldine Rodr\u00edguez Navarrete","Tiempo de lectura":"2 minutos"},"schema":{"@context":"https:\/\/schema.org","@graph":[{"@type":"Article","@id":"https:\/\/www.fiscalia.gov.co\/colombia\/noticias\/condenado-soldado-que-le-quito-la-vida-a-pareja-sentimental-y-oculto-el-cuerpo-en-una-maleta\/#article","isPartOf":{"@id":"https:\/\/www.fiscalia.gov.co\/colombia\/noticias\/condenado-soldado-que-le-quito-la-vida-a-pareja-sentimental-y-oculto-el-cuerpo-en-una-maleta\/"},"author":{"name":"Winnie Geraldine Rodr\u00edguez Navarrete","@id":"https:\/\/www.fiscalia.gov.co\/colombia\/#\/schema\/person\/176195b99ebab0a52aafa15197e1bf80"},"headline":"Condenado soldado que le quit\u00f3 la vida a pareja sentimental y ocult\u00f3 el cuerpo en una maleta","datePublished":"2024-05-10T19:41:39+00:00","dateModified":"2024-05-10T20:30:19+00:00","mainEntityOfPage":{"@id":"https:\/\/www.fiscalia.gov.co\/colombia\/noticias\/condenado-soldado-que-le-quito-la-vida-a-pareja-sentimental-y-oculto-el-cuerpo-en-una-maleta\/"},"wordCount":372,"publisher":{"@id":"https:\/\/www.fiscalia.gov.co\/colombia\/#organization"},"image":{"@id":"https:\/\/www.fiscalia.gov.co\/colombia\/noticias\/condenado-soldado-que-le-quito-la-vida-a-pareja-sentimental-y-oculto-el-cuerpo-en-una-maleta\/#primaryimage"},"thumbnailUrl":"https:\/\/www.fiscalia.gov.co\/colombia\/wp-content\/uploads\/Sebastian-Villegas-Cordoba-300x168.jpg","keywords":["barro Doce de Octubre Medellin","Feminicidio agravado","Fiscal\u00eda General de la Naci\u00f3n","joven de 21 a\u00f1os","m\u00e1s de 20 lesiones con arma blanca","Medell\u00edn (Antioquia)","medida intramuros","Polic\u00eda Nacional","v\u00edctima de 19 a\u00f1os"],"articleSection":["Hay Justicia","Noticias"],"inLanguage":"es-CO"},{"@type":"WebPage","@id":"https:\/\/www.fiscalia.gov.co\/colombia\/noticias\/condenado-soldado-que-le-quito-la-vida-a-pareja-sentimental-y-oculto-el-cuerpo-en-una-maleta\/","url":"https:\/\/www.fiscalia.gov.co\/colombia\/noticias\/condenado-soldado-que-le-quito-la-vida-a-pareja-sentimental-y-oculto-el-cuerpo-en-una-maleta\/","name":"Fiscal\u00eda General de la Naci\u00f3n","isPartOf":{"@id":"https:\/\/www.fiscalia.gov.co\/colombia\/#website"},"primaryImageOfPage":{"@id":"https:\/\/www.fiscalia.gov.co\/colombia\/noticias\/condenado-soldado-que-le-quito-la-vida-a-pareja-sentimental-y-oculto-el-cuerpo-en-una-maleta\/#primaryimage"},"image":{"@id":"https:\/\/www.fiscalia.gov.co\/colombia\/noticias\/condenado-soldado-que-le-quito-la-vida-a-pareja-sentimental-y-oculto-el-cuerpo-en-una-maleta\/#primaryimage"},"thumbnailUrl":"https:\/\/www.fiscalia.gov.co\/colombia\/wp-content\/uploads\/Sebastian-Villegas-Cordoba-300x168.jpg","datePublished":"2024-05-10T19:41:39+00:00","dateModified":"2024-05-10T20:30:19+00:00","description":"P\u00e1gina oficial de la Fiscal\u00eda General de la Naci\u00f3n \u2013 Colombia. Garantizamos el acceso efectivo a la justicia, la verdad y la reparaci\u00f3n de las v\u00edctimas de los delitos.","breadcrumb":{"@id":"https:\/\/www.fiscalia.gov.co\/colombia\/noticias\/condenado-soldado-que-le-quito-la-vida-a-pareja-sentimental-y-oculto-el-cuerpo-en-una-maleta\/#breadcrumb"},"inLanguage":"es-CO","potentialAction":[{"@type":"ReadAction","target":["https:\/\/www.fiscalia.gov.co\/colombia\/noticias\/condenado-soldado-que-le-quito-la-vida-a-pareja-sentimental-y-oculto-el-cuerpo-en-una-maleta\/"]}]},{"@type":"ImageObject","inLanguage":"es-CO","@id":"https:\/\/www.fiscalia.gov.co\/colombia\/noticias\/condenado-soldado-que-le-quito-la-vida-a-pareja-sentimental-y-oculto-el-cuerpo-en-una-maleta\/#primaryimage","url":"https:\/\/www.fiscalia.gov.co\/colombia\/wp-content\/uploads\/Sebastian-Villegas-Cordoba.jpg","contentUrl":"https:\/\/www.fiscalia.gov.co\/colombia\/wp-content\/uploads\/Sebastian-Villegas-Cordoba.jpg","width":1600,"height":898,"caption":"Presunto responsable del homicidio de su pareja sentimental de 19 a\u00f1os de edad."},{"@type":"BreadcrumbList","@id":"https:\/\/www.fiscalia.gov.co\/colombia\/noticias\/condenado-soldado-que-le-quito-la-vida-a-pareja-sentimental-y-oculto-el-cuerpo-en-una-maleta\/#breadcrumb","itemListElement":[{"@type":"ListItem","position":1,"name":"Home","item":"https:\/\/www.fiscalia.gov.co\/colombia\/"},{"@type":"ListItem","position":2,"name":"Condenado soldado que le quit\u00f3 la vida a pareja sentimental y ocult\u00f3 el cuerpo en una maleta"}]},{"@type":"WebSite","@id":"https:\/\/www.fiscalia.gov.co\/colombia\/#website","url":"https:\/\/www.fiscalia.gov.co\/colombia\/","name":"Fiscal\u00eda General de la Naci\u00f3n","description":"P\u00e1gina oficial de la Fiscal\u00eda General de la Naci\u00f3n \u2013 Colombia. Garantizamos el acceso efectivo a la justicia, la verdad y la reparaci\u00f3n de las v\u00edctimas de los delitos.","publisher":{"@id":"https:\/\/www.fiscalia.gov.co\/colombia\/#organization"},"potentialAction":[{"@type":"SearchAction","target":{"@type":"EntryPoint","urlTemplate":"https:\/\/www.fiscalia.gov.co\/colombia\/?s={search_term_string}"},"query-input":{"@type":"PropertyValueSpecification","valueRequired":true,"valueName":"search_term_string"}}],"inLanguage":"es-CO"},{"@type":"Organization","@id":"https:\/\/www.fiscalia.gov.co\/colombia\/#organization","name":"Fiscal\u00eda General de la Naci\u00f3n","url":"https:\/\/www.fiscalia.gov.co\/colombia\/","logo":{"@type":"ImageObject","inLanguage":"es-CO","@id":"https:\/\/www.fiscalia.gov.co\/colombia\/#\/schema\/logo\/image\/","url":"https:\/\/www.fiscalia.gov.co\/colombia\/wp-content\/uploads\/LogoHorizontal_1.jpg","contentUrl":"https:\/\/www.fiscalia.gov.co\/colombia\/wp-content\/uploads\/LogoHorizontal_1.jpg","width":300,"height":90,"caption":"Fiscal\u00eda General de la Naci\u00f3n"},"image":{"@id":"https:\/\/www.fiscalia.gov.co\/colombia\/#\/schema\/logo\/image\/"},"sameAs":["https:\/\/www.facebook.com\/FiscaliaCol","https:\/\/x.com\/FiscaliaCol","https:\/\/www.instagram.com\/fiscaliacol","https:\/\/www.linkedin.com\/company\/fiscalia-general-de-la-naci-n\/","https:\/\/youtube.com\/@fiscaliageneraldelanacion-4668?si=6nN79nyQICPU5iTh"]},{"@type":"Person","@id":"https:\/\/www.fiscalia.gov.co\/colombia\/#\/schema\/person\/176195b99ebab0a52aafa15197e1bf80","name":"Winnie Geraldine Rodr\u00edguez Navarrete","image":{"@type":"ImageObject","inLanguage":"es-CO","@id":"https:\/\/www.fiscalia.gov.co\/colombia\/#\/schema\/person\/image\/","url":"https:\/\/secure.gravatar.com\/avatar\/c24cf8481dc84fa5e8c7b20bc95ab0c6?s=96&d=mm&r=g","contentUrl":"https:\/\/secure.gravatar.com\/avatar\/c24cf8481dc84fa5e8c7b20bc95ab0c6?s=96&d=mm&r=g","caption":"Winnie Geraldine Rodr\u00edguez Navarrete"},"url":"https:\/\/www.fiscalia.gov.co\/colombia\/author\/winnierodriguez\/"}]}},"_links":{"self":[{"href":"https:\/\/www.fiscalia.gov.co\/colombia\/wp-json\/wp\/v2\/posts\/294892","targetHints":{"allow":["GET"]}}],"collection":[{"href":"https:\/\/www.fiscalia.gov.co\/colombia\/wp-json\/wp\/v2\/posts"}],"about":[{"href":"https:\/\/www.fiscalia.gov.co\/colombia\/wp-json\/wp\/v2\/types\/post"}],"author":[{"embeddable":true,"href":"https:\/\/www.fiscalia.gov.co\/colombia\/wp-json\/wp\/v2\/users\/178"}],"replies":[{"embeddable":true,"href":"https:\/\/www.fiscalia.gov.co\/colombia\/wp-json\/wp\/v2\/comments?post=294892"}],"version-history":[{"count":2,"href":"https:\/\/www.fiscalia.gov.co\/colombia\/wp-json\/wp\/v2\/posts\/294892\/revisions"}],"predecessor-version":[{"id":294904,"href":"https:\/\/www.fiscalia.gov.co\/colombia\/wp-json\/wp\/v2\/posts\/294892\/revisions\/294904"}],"wp:attachment":[{"href":"https:\/\/www.fiscalia.gov.co\/colombia\/wp-json\/wp\/v2\/media?parent=294892"}],"wp:term":[{"taxonomy":"category","embeddable":true,"href":"https:\/\/www.fiscalia.gov.co\/colombia\/wp-json\/wp\/v2\/categories?post=294892"},{"taxonomy":"post_tag","embeddable":true,"href":"https:\/\/www.fiscalia.gov.co\/colombia\/wp-json\/wp\/v2\/tags?post=294892"}],"curies":[{"name":"wp","href":"https:\/\/api.w.org\/{rel}","templated":true}]}}