{"id":294863,"date":"2024-05-10T10:21:15","date_gmt":"2024-05-10T15:21:15","guid":{"rendered":"https:\/\/www.fiscalia.gov.co\/colombia\/?p=294863"},"modified":"2024-05-10T10:21:15","modified_gmt":"2024-05-10T15:21:15","slug":"por-porte-de-armas-seis-hombres-fueron-enviados-a-la-carcel-en-bolivar","status":"publish","type":"post","link":"https:\/\/www.fiscalia.gov.co\/colombia\/noticias\/por-porte-de-armas-seis-hombres-fueron-enviados-a-la-carcel-en-bolivar\/","title":{"rendered":"Por porte de armas seis hombres fueron enviados a la c\u00e1rcel en Bol\u00edvar"},"content":{"rendered":"<div>La Fiscal\u00eda General de la Naci\u00f3n consigui\u00f3 que jueces de control de garant\u00edas impusieran medida de aseguramiento en centro carcelario en contra de seis hombres, <strong>quienes portaban armas de manera ilegal en el departamento de Bol\u00edvar.<\/strong><\/div>\n<div><\/div>\n<div><\/div>\n<div>En un primer proceso fueron afectados con esta medida Diego C\u00e1rcamo Blanco, Luz Adriana y Wilber Manuel Ru\u00edz Moreno, <strong>\u2018alias R8\u2019, capturados en diligencias de allanamiento en el corregimiento de La Pe\u00f1a, municipio de Cicuco.<\/strong><\/div>\n<div><\/div>\n<div>\n<div><\/div>\n<div><em><strong>Lea tambi\u00e9n:\u00a0<\/strong><\/em><a id=\"m_6887784993858316800OWA29f5dc05-519a-08ca-3d10-2dd410079b3d\" title=\"Judicializado un hombre por presunta responsabilidad en el delito de fabricaci\u00f3n, tr\u00e1fico o porte de arma de fuego\" href=\"https:\/\/www.fiscalia.gov.co\/colombia\/noticias\/judicializado-un-hombre-por-presunta-responsabilidad-en-el-delito-de-fabricacion-trafico-o-porte-de-arma-de-fuego\/\" target=\"_blank\" rel=\"noopener\" data-saferedirecturl=\"https:\/\/www.google.com\/url?q=https:\/\/www.fiscalia.gov.co\/colombia\/noticias\/judicializado-un-hombre-por-presunta-responsabilidad-en-el-delito-de-fabricacion-trafico-o-porte-de-arma-de-fuego\/&amp;source=gmail&amp;ust=1715436386321000&amp;usg=AOvVaw1ft8cmfkaiB6_QysQboAXg\">Judicializado un hombre por presunta responsabilidad en el delito de fabricaci\u00f3n, tr\u00e1fico o porte de arma de fuego<\/a><\/div>\n<div><\/div>\n<\/div>\n<div>En el operativo les fueron incautados un rev\u00f3lver, cuatro cartuchos calibre 38 mil\u00edmetros, una granada y cuatro celulares. Por disposici\u00f3n judicial su reclusi\u00f3n se llevar\u00e1 a cabo en la C\u00e1rcel Camilo Torres de Magangu\u00e9.<\/div>\n<div><\/div>\n<div>\n<figure id=\"attachment_294865\" aria-describedby=\"caption-attachment-294865\" style=\"width: 364px\" class=\"wp-caption aligncenter\"><img loading=\"lazy\" decoding=\"async\" class=\" wp-image-294865\" src=\"https:\/\/www.fiscalia.gov.co\/colombia\/wp-content\/uploads\/Foto-1-boletin-9-de-mayo-porte-de-arma--300x203.jpeg\" alt=\"En la imagen est\u00e1n dos hombres de pie, ambos morenos, delgados, con los brazos atr\u00e1s, acompa\u00f1ados por cinco uniformados de la Polic\u00eda Nacional. Delante de ellos aparece una mesa con el arma, las municiones y el explosivo incautado.\" width=\"364\" height=\"246\" srcset=\"https:\/\/www.fiscalia.gov.co\/colombia\/wp-content\/uploads\/Foto-1-boletin-9-de-mayo-porte-de-arma--300x203.jpeg 300w, https:\/\/www.fiscalia.gov.co\/colombia\/wp-content\/uploads\/Foto-1-boletin-9-de-mayo-porte-de-arma--1024x693.jpeg 1024w, https:\/\/www.fiscalia.gov.co\/colombia\/wp-content\/uploads\/Foto-1-boletin-9-de-mayo-porte-de-arma--768x520.jpeg 768w, https:\/\/www.fiscalia.gov.co\/colombia\/wp-content\/uploads\/Foto-1-boletin-9-de-mayo-porte-de-arma--696x471.jpeg 696w, https:\/\/www.fiscalia.gov.co\/colombia\/wp-content\/uploads\/Foto-1-boletin-9-de-mayo-porte-de-arma--1068x723.jpeg 1068w, https:\/\/www.fiscalia.gov.co\/colombia\/wp-content\/uploads\/Foto-1-boletin-9-de-mayo-porte-de-arma--621x420.jpeg 621w, https:\/\/www.fiscalia.gov.co\/colombia\/wp-content\/uploads\/Foto-1-boletin-9-de-mayo-porte-de-arma-.jpeg 1330w\" sizes=\"auto, (max-width: 364px) 100vw, 364px\" \/><figcaption id=\"caption-attachment-294865\" class=\"wp-caption-text\">A los procesados les fueron imputados los delitos de fabricaci\u00f3n, tr\u00e1fico o porte de arma de fuego de las Fuerzas Armadas y de uso personal.<\/figcaption><\/figure>\n<\/div>\n<div><\/div>\n<div>De otra parte, Wistor Enrique Correa Ricardo y Dewin David Gonz\u00e1lez S\u00e1nchez fueron capturados en flagrancia por la Polic\u00eda Nacional e Infanter\u00eda de Marina en la Troncal de Occidente del municipio de El Carmen de Bol\u00edvar.<\/div>\n<div><\/div>\n<div>\n<div>\u00a0<b><i>Le puede interesar: <\/i><\/b><a id=\"m_6887784993858316800OWA0c9a244b-1cda-8b38-6656-ac562b720f3a\" title=\"Capturado hombre para que cumpla condena de nueve a\u00f1os de prisi\u00f3n por fabricaci\u00f3n, tr\u00e1fico o porte de arma de fuego\" href=\"https:\/\/www.fiscalia.gov.co\/colombia\/noticias\/capturado-hombre-para-que-cumpla-condena-de-nueve-anos-de-prision-por-fabricacion-trafico-o-porte-de-arma-de-fuego\/\" target=\"_blank\" rel=\"noopener\" data-saferedirecturl=\"https:\/\/www.google.com\/url?q=https:\/\/www.fiscalia.gov.co\/colombia\/noticias\/capturado-hombre-para-que-cumpla-condena-de-nueve-anos-de-prision-por-fabricacion-trafico-o-porte-de-arma-de-fuego\/&amp;source=gmail&amp;ust=1715436386321000&amp;usg=AOvVaw3_qN1vqMK5Nw_VNUMGCkNf\">Capturado hombre para que cumpla condena de nueve a\u00f1os de prisi\u00f3n por fabricaci\u00f3n, tr\u00e1fico o porte de arma de fuego<\/a><\/div>\n<div><\/div>\n<\/div>\n<div><\/div>\n<div>En su poder le fueron encontrados siete proveedores de fusil, 35 cartuchos, una granada de fragmentaci\u00f3n y 10 panfletos alusivos al <strong>\u2018Clan del Golfo\u2019.<\/strong> Los procesados cumplir\u00e1n la medida de aseguramiento en la C\u00e1rcel San Sebasti\u00e1n Ternera de Cartagena.<\/div>\n<div><\/div>\n<div>De igual manera, Iv\u00e1n Andr\u00e9s Bulasco Ram\u00edrez fue capturado en el barrio San Fernando, de Cartagena, despu\u00e9s de que la ciudadan\u00eda alertara a las autoridades de un hombre en motocicleta que los habr\u00eda amenazado con arma de fuego.<\/div>\n<div><\/div>\n<div>Durante la captura en flagrancia, la Polic\u00eda Nacional le hall\u00f3 una pistola sin permiso oficial de porte.<\/div>\n<div><\/div>\n<div>Entre tanto, fue asegurado Edwin Jos\u00e9 Jim\u00e9nez Vargas, quien \u00a0 el pasado 27 de abril en el barrio L\u00edbano, de la capital de Bol\u00edvar, f<strong>ue capturado en flagrancia cuando se desplazaba en una motocicleta con un rev\u00f3lver calibre 38 y cinco cartuchos sin salvoconducto.<\/strong><\/div>\n<div><\/div>\n<div>\n<figure id=\"attachment_294866\" aria-describedby=\"caption-attachment-294866\" style=\"width: 382px\" class=\"wp-caption aligncenter\"><img loading=\"lazy\" decoding=\"async\" class=\" wp-image-294866\" src=\"https:\/\/www.fiscalia.gov.co\/colombia\/wp-content\/uploads\/Foto-2-boletin-9-de-mayo-porte-de-armas--300x169.jpeg\" alt=\" En la fotograf\u00eda est\u00e1 un hombre moreno, con cabellos crespos negros, se encuentra sentando frente a un escritorio de madera con un micr\u00f3fono, vestido de camiseta manga corta negra en la sala de audiencia donde se le proces\u00f3.\" width=\"382\" height=\"215\" srcset=\"https:\/\/www.fiscalia.gov.co\/colombia\/wp-content\/uploads\/Foto-2-boletin-9-de-mayo-porte-de-armas--300x169.jpeg 300w, https:\/\/www.fiscalia.gov.co\/colombia\/wp-content\/uploads\/Foto-2-boletin-9-de-mayo-porte-de-armas--1024x576.jpeg 1024w, https:\/\/www.fiscalia.gov.co\/colombia\/wp-content\/uploads\/Foto-2-boletin-9-de-mayo-porte-de-armas--768x432.jpeg 768w, https:\/\/www.fiscalia.gov.co\/colombia\/wp-content\/uploads\/Foto-2-boletin-9-de-mayo-porte-de-armas--1536x864.jpeg 1536w, https:\/\/www.fiscalia.gov.co\/colombia\/wp-content\/uploads\/Foto-2-boletin-9-de-mayo-porte-de-armas--696x392.jpeg 696w, https:\/\/www.fiscalia.gov.co\/colombia\/wp-content\/uploads\/Foto-2-boletin-9-de-mayo-porte-de-armas--1068x601.jpeg 1068w, https:\/\/www.fiscalia.gov.co\/colombia\/wp-content\/uploads\/Foto-2-boletin-9-de-mayo-porte-de-armas--747x420.jpeg 747w, https:\/\/www.fiscalia.gov.co\/colombia\/wp-content\/uploads\/Foto-2-boletin-9-de-mayo-porte-de-armas-.jpeg 1600w\" sizes=\"auto, (max-width: 382px) 100vw, 382px\" \/><figcaption id=\"caption-attachment-294866\" class=\"wp-caption-text\">Imagen de audiencia. Edwin Jos\u00e9 Jim\u00e9nez Vargas, capturado por hechos ocurridos en el barrio L\u00edbano de Cartagena.<\/figcaption><\/figure>\n<\/div>\n<div><\/div>\n<div>En las audiencias preliminares, la Fiscal\u00eda les imput\u00f3 a los procesados, de acuerdo con su responsabilidad individual, los delitos de fabricaci\u00f3n, tr\u00e1fico o porte de arma de fuego de uso privativo de las Fuerzas Armadas; y fabricaci\u00f3n, tr\u00e1fico o porte de arma de fuego. Ninguno acept\u00f3 los cargos en su contra.<\/div>\n<div><\/div>\n<div>Esta informaci\u00f3n se publica por razones de inter\u00e9s general.<\/div>\n<div><\/div>\n<div><\/div>\n<div><\/div>\n<div><\/div>\n<div>MEVA\/LMFO\/CFG\/JA\/GP\/NA\/FP\/EGM\/<wbr \/>DSB<\/div>\n<div><\/div>\n<div><\/div>\n<div><i>La informaci\u00f3n contenida en este bolet\u00edn de prensa corresponde a la narraci\u00f3n de los hechos noticiosos objetivos, suministrados por los funcionarios encargados de adelantar las investigaciones penales al interior de la Fiscal\u00eda General de la Naci\u00f3n. Para el momento de la divulgaci\u00f3n de este comunicado, la situaci\u00f3n jur\u00eddica de la(s) persona(s) relacionada(s) se encuentra pendiente de resolver por la autoridad judicial competente, siempre bajo los preceptos de la presunci\u00f3n de inocencia, consagrados en el art\u00edculo 29 de la Constituci\u00f3n Pol\u00edtica y el art\u00edculo 7\u00ba de la Ley 906 de 2004.<\/i><\/div>\n<div><\/div>\n<div><\/div>\n\n<div class=\"twitter-share\"><a href=\"https:\/\/twitter.com\/intent\/tweet?via=fiscaliacol\" class=\"twitter-share-button\">Tweet<\/a><\/div>\n","protected":false},"excerpt":{"rendered":"<p>La Fiscal\u00eda General de la Naci\u00f3n consigui\u00f3 que jueces de control de garant\u00edas impusieran medida de aseguramiento en centro carcelario en contra de seis hombres, quienes portaban armas de manera [&hellip;]<\/p>\n","protected":false},"author":178,"featured_media":0,"comment_status":"closed","ping_status":"open","sticky":false,"template":"","format":"standard","meta":{"tdm_status":"","tdm_grid_status":"","footnotes":""},"categories":[1,24099],"tags":[9082,14550,23819,23998,33070,23949,24187,1047,558,29043,26016],"class_list":["post-294863","post","type-post","status-publish","format-standard","category-noticias","category-seguridad-territorial","tag-bolivar","tag-carcel","tag-cartagena","tag-cartagena-bolivar","tag-cicuco","tag-el-carmen-de-bolivar","tag-fiscalia-colombia","tag-fiscalia-general-de-la-nacion","tag-policia-nacional","tag-porte-de-arma-de-fuego","tag-uso-privativo-de-las-fuerzas-armadas"],"yoast_head":"<!-- This site is optimized with the Yoast SEO plugin v24.3 - https:\/\/yoast.com\/wordpress\/plugins\/seo\/ -->\n<title>Fiscal\u00eda General de la Naci\u00f3n<\/title>\n<meta name=\"description\" content=\"P\u00e1gina oficial de la Fiscal\u00eda General de la Naci\u00f3n \u2013 Colombia. Garantizamos el acceso efectivo a la justicia, la verdad y la reparaci\u00f3n de las v\u00edctimas de los delitos.\" \/>\n<meta name=\"robots\" content=\"noindex, follow\" \/>\n<meta property=\"og:locale\" content=\"es_ES\" \/>\n<meta property=\"og:type\" content=\"article\" \/>\n<meta property=\"og:title\" content=\"Fiscal\u00eda General de la Naci\u00f3n\" \/>\n<meta property=\"og:description\" content=\"P\u00e1gina oficial de la Fiscal\u00eda General de la Naci\u00f3n \u2013 Colombia. Garantizamos el acceso efectivo a la justicia, la verdad y la reparaci\u00f3n de las v\u00edctimas de los delitos.\" \/>\n<meta property=\"og:url\" content=\"https:\/\/www.fiscalia.gov.co\/colombia\/noticias\/por-porte-de-armas-seis-hombres-fueron-enviados-a-la-carcel-en-bolivar\/\" \/>\n<meta property=\"og:site_name\" content=\"Fiscal\u00eda General de la Naci\u00f3n\" \/>\n<meta property=\"article:publisher\" content=\"https:\/\/www.facebook.com\/FiscaliaCol\" \/>\n<meta property=\"article:published_time\" content=\"2024-05-10T15:21:15+00:00\" \/>\n<meta property=\"og:image\" content=\"https:\/\/www.fiscalia.gov.co\/colombia\/wp-content\/uploads\/Foto-1-boletin-9-de-mayo-porte-de-arma--300x203.jpeg\" \/>\n<meta name=\"author\" content=\"Winnie Geraldine Rodr\u00edguez Navarrete\" \/>\n<meta name=\"twitter:card\" content=\"summary_large_image\" \/>\n<meta name=\"twitter:creator\" content=\"@FiscaliaCol\" \/>\n<meta name=\"twitter:site\" content=\"@FiscaliaCol\" \/>\n<meta name=\"twitter:label1\" content=\"Escrito por\" \/>\n\t<meta name=\"twitter:data1\" content=\"Winnie Geraldine Rodr\u00edguez Navarrete\" \/>\n\t<meta name=\"twitter:label2\" content=\"Tiempo de lectura\" \/>\n\t<meta name=\"twitter:data2\" content=\"3 minutos\" \/>\n<script type=\"application\/ld+json\" class=\"yoast-schema-graph\">{\"@context\":\"https:\/\/schema.org\",\"@graph\":[{\"@type\":\"Article\",\"@id\":\"https:\/\/www.fiscalia.gov.co\/colombia\/noticias\/por-porte-de-armas-seis-hombres-fueron-enviados-a-la-carcel-en-bolivar\/#article\",\"isPartOf\":{\"@id\":\"https:\/\/www.fiscalia.gov.co\/colombia\/noticias\/por-porte-de-armas-seis-hombres-fueron-enviados-a-la-carcel-en-bolivar\/\"},\"author\":{\"name\":\"Winnie Geraldine Rodr\u00edguez Navarrete\",\"@id\":\"https:\/\/www.fiscalia.gov.co\/colombia\/#\/schema\/person\/176195b99ebab0a52aafa15197e1bf80\"},\"headline\":\"Por porte de armas seis hombres fueron enviados a la c\u00e1rcel en Bol\u00edvar\",\"datePublished\":\"2024-05-10T15:21:15+00:00\",\"dateModified\":\"2024-05-10T15:21:15+00:00\",\"mainEntityOfPage\":{\"@id\":\"https:\/\/www.fiscalia.gov.co\/colombia\/noticias\/por-porte-de-armas-seis-hombres-fueron-enviados-a-la-carcel-en-bolivar\/\"},\"wordCount\":608,\"publisher\":{\"@id\":\"https:\/\/www.fiscalia.gov.co\/colombia\/#organization\"},\"image\":{\"@id\":\"https:\/\/www.fiscalia.gov.co\/colombia\/noticias\/por-porte-de-armas-seis-hombres-fueron-enviados-a-la-carcel-en-bolivar\/#primaryimage\"},\"thumbnailUrl\":\"https:\/\/www.fiscalia.gov.co\/colombia\/wp-content\/uploads\/Foto-1-boletin-9-de-mayo-porte-de-arma--300x203.jpeg\",\"keywords\":[\"Bol\u00edvar\",\"C\u00e1rcel\",\"Cartagena\",\"Cartagena (Bol\u00edvar)\",\"Cicuco\",\"El Carmen de Bol\u00edvar\",\"Fiscal\u00eda Colombia\",\"Fiscal\u00eda General de la Naci\u00f3n\",\"Polic\u00eda Nacional\",\"porte de arma de fuego\",\"uso privativo de las fuerzas armadas\"],\"articleSection\":[\"Noticias\",\"Seguridad territorial\"],\"inLanguage\":\"es-CO\"},{\"@type\":\"WebPage\",\"@id\":\"https:\/\/www.fiscalia.gov.co\/colombia\/noticias\/por-porte-de-armas-seis-hombres-fueron-enviados-a-la-carcel-en-bolivar\/\",\"url\":\"https:\/\/www.fiscalia.gov.co\/colombia\/noticias\/por-porte-de-armas-seis-hombres-fueron-enviados-a-la-carcel-en-bolivar\/\",\"name\":\"Fiscal\u00eda General de la Naci\u00f3n\",\"isPartOf\":{\"@id\":\"https:\/\/www.fiscalia.gov.co\/colombia\/#website\"},\"primaryImageOfPage\":{\"@id\":\"https:\/\/www.fiscalia.gov.co\/colombia\/noticias\/por-porte-de-armas-seis-hombres-fueron-enviados-a-la-carcel-en-bolivar\/#primaryimage\"},\"image\":{\"@id\":\"https:\/\/www.fiscalia.gov.co\/colombia\/noticias\/por-porte-de-armas-seis-hombres-fueron-enviados-a-la-carcel-en-bolivar\/#primaryimage\"},\"thumbnailUrl\":\"https:\/\/www.fiscalia.gov.co\/colombia\/wp-content\/uploads\/Foto-1-boletin-9-de-mayo-porte-de-arma--300x203.jpeg\",\"datePublished\":\"2024-05-10T15:21:15+00:00\",\"dateModified\":\"2024-05-10T15:21:15+00:00\",\"description\":\"P\u00e1gina oficial de la Fiscal\u00eda General de la Naci\u00f3n \u2013 Colombia. Garantizamos el acceso efectivo a la justicia, la verdad y la reparaci\u00f3n de las v\u00edctimas de los delitos.\",\"breadcrumb\":{\"@id\":\"https:\/\/www.fiscalia.gov.co\/colombia\/noticias\/por-porte-de-armas-seis-hombres-fueron-enviados-a-la-carcel-en-bolivar\/#breadcrumb\"},\"inLanguage\":\"es-CO\",\"potentialAction\":[{\"@type\":\"ReadAction\",\"target\":[\"https:\/\/www.fiscalia.gov.co\/colombia\/noticias\/por-porte-de-armas-seis-hombres-fueron-enviados-a-la-carcel-en-bolivar\/\"]}]},{\"@type\":\"ImageObject\",\"inLanguage\":\"es-CO\",\"@id\":\"https:\/\/www.fiscalia.gov.co\/colombia\/noticias\/por-porte-de-armas-seis-hombres-fueron-enviados-a-la-carcel-en-bolivar\/#primaryimage\",\"url\":\"https:\/\/www.fiscalia.gov.co\/colombia\/wp-content\/uploads\/Foto-1-boletin-9-de-mayo-porte-de-arma--300x203.jpeg\",\"contentUrl\":\"https:\/\/www.fiscalia.gov.co\/colombia\/wp-content\/uploads\/Foto-1-boletin-9-de-mayo-porte-de-arma--300x203.jpeg\"},{\"@type\":\"BreadcrumbList\",\"@id\":\"https:\/\/www.fiscalia.gov.co\/colombia\/noticias\/por-porte-de-armas-seis-hombres-fueron-enviados-a-la-carcel-en-bolivar\/#breadcrumb\",\"itemListElement\":[{\"@type\":\"ListItem\",\"position\":1,\"name\":\"Home\",\"item\":\"https:\/\/www.fiscalia.gov.co\/colombia\/\"},{\"@type\":\"ListItem\",\"position\":2,\"name\":\"Por porte de armas seis hombres fueron enviados a la c\u00e1rcel en Bol\u00edvar\"}]},{\"@type\":\"WebSite\",\"@id\":\"https:\/\/www.fiscalia.gov.co\/colombia\/#website\",\"url\":\"https:\/\/www.fiscalia.gov.co\/colombia\/\",\"name\":\"Fiscal\u00eda General de la Naci\u00f3n\",\"description\":\"P\u00e1gina oficial de la Fiscal\u00eda General de la Naci\u00f3n \u2013 Colombia. Garantizamos el acceso efectivo a la justicia, la verdad y la reparaci\u00f3n de las v\u00edctimas de los delitos.\",\"publisher\":{\"@id\":\"https:\/\/www.fiscalia.gov.co\/colombia\/#organization\"},\"potentialAction\":[{\"@type\":\"SearchAction\",\"target\":{\"@type\":\"EntryPoint\",\"urlTemplate\":\"https:\/\/www.fiscalia.gov.co\/colombia\/?s={search_term_string}\"},\"query-input\":{\"@type\":\"PropertyValueSpecification\",\"valueRequired\":true,\"valueName\":\"search_term_string\"}}],\"inLanguage\":\"es-CO\"},{\"@type\":\"Organization\",\"@id\":\"https:\/\/www.fiscalia.gov.co\/colombia\/#organization\",\"name\":\"Fiscal\u00eda General de la Naci\u00f3n\",\"url\":\"https:\/\/www.fiscalia.gov.co\/colombia\/\",\"logo\":{\"@type\":\"ImageObject\",\"inLanguage\":\"es-CO\",\"@id\":\"https:\/\/www.fiscalia.gov.co\/colombia\/#\/schema\/logo\/image\/\",\"url\":\"https:\/\/www.fiscalia.gov.co\/colombia\/wp-content\/uploads\/LogoHorizontal_1.jpg\",\"contentUrl\":\"https:\/\/www.fiscalia.gov.co\/colombia\/wp-content\/uploads\/LogoHorizontal_1.jpg\",\"width\":300,\"height\":90,\"caption\":\"Fiscal\u00eda General de la Naci\u00f3n\"},\"image\":{\"@id\":\"https:\/\/www.fiscalia.gov.co\/colombia\/#\/schema\/logo\/image\/\"},\"sameAs\":[\"https:\/\/www.facebook.com\/FiscaliaCol\",\"https:\/\/x.com\/FiscaliaCol\",\"https:\/\/www.instagram.com\/fiscaliacol\",\"https:\/\/www.linkedin.com\/company\/fiscalia-general-de-la-naci-n\/\",\"https:\/\/youtube.com\/@fiscaliageneraldelanacion-4668?si=6nN79nyQICPU5iTh\"]},{\"@type\":\"Person\",\"@id\":\"https:\/\/www.fiscalia.gov.co\/colombia\/#\/schema\/person\/176195b99ebab0a52aafa15197e1bf80\",\"name\":\"Winnie Geraldine Rodr\u00edguez Navarrete\",\"image\":{\"@type\":\"ImageObject\",\"inLanguage\":\"es-CO\",\"@id\":\"https:\/\/www.fiscalia.gov.co\/colombia\/#\/schema\/person\/image\/\",\"url\":\"https:\/\/secure.gravatar.com\/avatar\/c24cf8481dc84fa5e8c7b20bc95ab0c6?s=96&d=mm&r=g\",\"contentUrl\":\"https:\/\/secure.gravatar.com\/avatar\/c24cf8481dc84fa5e8c7b20bc95ab0c6?s=96&d=mm&r=g\",\"caption\":\"Winnie Geraldine Rodr\u00edguez Navarrete\"},\"url\":\"https:\/\/www.fiscalia.gov.co\/colombia\/author\/winnierodriguez\/\"}]}<\/script>\n<!-- \/ Yoast SEO plugin. -->","yoast_head_json":{"title":"Fiscal\u00eda General de la Naci\u00f3n","description":"P\u00e1gina oficial de la Fiscal\u00eda General de la Naci\u00f3n \u2013 Colombia. Garantizamos el acceso efectivo a la justicia, la verdad y la reparaci\u00f3n de las v\u00edctimas de los delitos.","robots":{"index":"noindex","follow":"follow"},"og_locale":"es_ES","og_type":"article","og_title":"Fiscal\u00eda General de la Naci\u00f3n","og_description":"P\u00e1gina oficial de la Fiscal\u00eda General de la Naci\u00f3n \u2013 Colombia. Garantizamos el acceso efectivo a la justicia, la verdad y la reparaci\u00f3n de las v\u00edctimas de los delitos.","og_url":"https:\/\/www.fiscalia.gov.co\/colombia\/noticias\/por-porte-de-armas-seis-hombres-fueron-enviados-a-la-carcel-en-bolivar\/","og_site_name":"Fiscal\u00eda General de la Naci\u00f3n","article_publisher":"https:\/\/www.facebook.com\/FiscaliaCol","article_published_time":"2024-05-10T15:21:15+00:00","og_image":[{"url":"https:\/\/www.fiscalia.gov.co\/colombia\/wp-content\/uploads\/Foto-1-boletin-9-de-mayo-porte-de-arma--300x203.jpeg","type":"","width":"","height":""}],"author":"Winnie Geraldine Rodr\u00edguez Navarrete","twitter_card":"summary_large_image","twitter_creator":"@FiscaliaCol","twitter_site":"@FiscaliaCol","twitter_misc":{"Escrito por":"Winnie Geraldine Rodr\u00edguez Navarrete","Tiempo de lectura":"3 minutos"},"schema":{"@context":"https:\/\/schema.org","@graph":[{"@type":"Article","@id":"https:\/\/www.fiscalia.gov.co\/colombia\/noticias\/por-porte-de-armas-seis-hombres-fueron-enviados-a-la-carcel-en-bolivar\/#article","isPartOf":{"@id":"https:\/\/www.fiscalia.gov.co\/colombia\/noticias\/por-porte-de-armas-seis-hombres-fueron-enviados-a-la-carcel-en-bolivar\/"},"author":{"name":"Winnie Geraldine Rodr\u00edguez Navarrete","@id":"https:\/\/www.fiscalia.gov.co\/colombia\/#\/schema\/person\/176195b99ebab0a52aafa15197e1bf80"},"headline":"Por porte de armas seis hombres fueron enviados a la c\u00e1rcel en Bol\u00edvar","datePublished":"2024-05-10T15:21:15+00:00","dateModified":"2024-05-10T15:21:15+00:00","mainEntityOfPage":{"@id":"https:\/\/www.fiscalia.gov.co\/colombia\/noticias\/por-porte-de-armas-seis-hombres-fueron-enviados-a-la-carcel-en-bolivar\/"},"wordCount":608,"publisher":{"@id":"https:\/\/www.fiscalia.gov.co\/colombia\/#organization"},"image":{"@id":"https:\/\/www.fiscalia.gov.co\/colombia\/noticias\/por-porte-de-armas-seis-hombres-fueron-enviados-a-la-carcel-en-bolivar\/#primaryimage"},"thumbnailUrl":"https:\/\/www.fiscalia.gov.co\/colombia\/wp-content\/uploads\/Foto-1-boletin-9-de-mayo-porte-de-arma--300x203.jpeg","keywords":["Bol\u00edvar","C\u00e1rcel","Cartagena","Cartagena (Bol\u00edvar)","Cicuco","El Carmen de Bol\u00edvar","Fiscal\u00eda Colombia","Fiscal\u00eda General de la Naci\u00f3n","Polic\u00eda Nacional","porte de arma de fuego","uso privativo de las fuerzas armadas"],"articleSection":["Noticias","Seguridad territorial"],"inLanguage":"es-CO"},{"@type":"WebPage","@id":"https:\/\/www.fiscalia.gov.co\/colombia\/noticias\/por-porte-de-armas-seis-hombres-fueron-enviados-a-la-carcel-en-bolivar\/","url":"https:\/\/www.fiscalia.gov.co\/colombia\/noticias\/por-porte-de-armas-seis-hombres-fueron-enviados-a-la-carcel-en-bolivar\/","name":"Fiscal\u00eda General de la Naci\u00f3n","isPartOf":{"@id":"https:\/\/www.fiscalia.gov.co\/colombia\/#website"},"primaryImageOfPage":{"@id":"https:\/\/www.fiscalia.gov.co\/colombia\/noticias\/por-porte-de-armas-seis-hombres-fueron-enviados-a-la-carcel-en-bolivar\/#primaryimage"},"image":{"@id":"https:\/\/www.fiscalia.gov.co\/colombia\/noticias\/por-porte-de-armas-seis-hombres-fueron-enviados-a-la-carcel-en-bolivar\/#primaryimage"},"thumbnailUrl":"https:\/\/www.fiscalia.gov.co\/colombia\/wp-content\/uploads\/Foto-1-boletin-9-de-mayo-porte-de-arma--300x203.jpeg","datePublished":"2024-05-10T15:21:15+00:00","dateModified":"2024-05-10T15:21:15+00:00","description":"P\u00e1gina oficial de la Fiscal\u00eda General de la Naci\u00f3n \u2013 Colombia. Garantizamos el acceso efectivo a la justicia, la verdad y la reparaci\u00f3n de las v\u00edctimas de los delitos.","breadcrumb":{"@id":"https:\/\/www.fiscalia.gov.co\/colombia\/noticias\/por-porte-de-armas-seis-hombres-fueron-enviados-a-la-carcel-en-bolivar\/#breadcrumb"},"inLanguage":"es-CO","potentialAction":[{"@type":"ReadAction","target":["https:\/\/www.fiscalia.gov.co\/colombia\/noticias\/por-porte-de-armas-seis-hombres-fueron-enviados-a-la-carcel-en-bolivar\/"]}]},{"@type":"ImageObject","inLanguage":"es-CO","@id":"https:\/\/www.fiscalia.gov.co\/colombia\/noticias\/por-porte-de-armas-seis-hombres-fueron-enviados-a-la-carcel-en-bolivar\/#primaryimage","url":"https:\/\/www.fiscalia.gov.co\/colombia\/wp-content\/uploads\/Foto-1-boletin-9-de-mayo-porte-de-arma--300x203.jpeg","contentUrl":"https:\/\/www.fiscalia.gov.co\/colombia\/wp-content\/uploads\/Foto-1-boletin-9-de-mayo-porte-de-arma--300x203.jpeg"},{"@type":"BreadcrumbList","@id":"https:\/\/www.fiscalia.gov.co\/colombia\/noticias\/por-porte-de-armas-seis-hombres-fueron-enviados-a-la-carcel-en-bolivar\/#breadcrumb","itemListElement":[{"@type":"ListItem","position":1,"name":"Home","item":"https:\/\/www.fiscalia.gov.co\/colombia\/"},{"@type":"ListItem","position":2,"name":"Por porte de armas seis hombres fueron enviados a la c\u00e1rcel en Bol\u00edvar"}]},{"@type":"WebSite","@id":"https:\/\/www.fiscalia.gov.co\/colombia\/#website","url":"https:\/\/www.fiscalia.gov.co\/colombia\/","name":"Fiscal\u00eda General de la Naci\u00f3n","description":"P\u00e1gina oficial de la Fiscal\u00eda General de la Naci\u00f3n \u2013 Colombia. Garantizamos el acceso efectivo a la justicia, la verdad y la reparaci\u00f3n de las v\u00edctimas de los delitos.","publisher":{"@id":"https:\/\/www.fiscalia.gov.co\/colombia\/#organization"},"potentialAction":[{"@type":"SearchAction","target":{"@type":"EntryPoint","urlTemplate":"https:\/\/www.fiscalia.gov.co\/colombia\/?s={search_term_string}"},"query-input":{"@type":"PropertyValueSpecification","valueRequired":true,"valueName":"search_term_string"}}],"inLanguage":"es-CO"},{"@type":"Organization","@id":"https:\/\/www.fiscalia.gov.co\/colombia\/#organization","name":"Fiscal\u00eda General de la Naci\u00f3n","url":"https:\/\/www.fiscalia.gov.co\/colombia\/","logo":{"@type":"ImageObject","inLanguage":"es-CO","@id":"https:\/\/www.fiscalia.gov.co\/colombia\/#\/schema\/logo\/image\/","url":"https:\/\/www.fiscalia.gov.co\/colombia\/wp-content\/uploads\/LogoHorizontal_1.jpg","contentUrl":"https:\/\/www.fiscalia.gov.co\/colombia\/wp-content\/uploads\/LogoHorizontal_1.jpg","width":300,"height":90,"caption":"Fiscal\u00eda General de la Naci\u00f3n"},"image":{"@id":"https:\/\/www.fiscalia.gov.co\/colombia\/#\/schema\/logo\/image\/"},"sameAs":["https:\/\/www.facebook.com\/FiscaliaCol","https:\/\/x.com\/FiscaliaCol","https:\/\/www.instagram.com\/fiscaliacol","https:\/\/www.linkedin.com\/company\/fiscalia-general-de-la-naci-n\/","https:\/\/youtube.com\/@fiscaliageneraldelanacion-4668?si=6nN79nyQICPU5iTh"]},{"@type":"Person","@id":"https:\/\/www.fiscalia.gov.co\/colombia\/#\/schema\/person\/176195b99ebab0a52aafa15197e1bf80","name":"Winnie Geraldine Rodr\u00edguez Navarrete","image":{"@type":"ImageObject","inLanguage":"es-CO","@id":"https:\/\/www.fiscalia.gov.co\/colombia\/#\/schema\/person\/image\/","url":"https:\/\/secure.gravatar.com\/avatar\/c24cf8481dc84fa5e8c7b20bc95ab0c6?s=96&d=mm&r=g","contentUrl":"https:\/\/secure.gravatar.com\/avatar\/c24cf8481dc84fa5e8c7b20bc95ab0c6?s=96&d=mm&r=g","caption":"Winnie Geraldine Rodr\u00edguez Navarrete"},"url":"https:\/\/www.fiscalia.gov.co\/colombia\/author\/winnierodriguez\/"}]}},"_links":{"self":[{"href":"https:\/\/www.fiscalia.gov.co\/colombia\/wp-json\/wp\/v2\/posts\/294863","targetHints":{"allow":["GET"]}}],"collection":[{"href":"https:\/\/www.fiscalia.gov.co\/colombia\/wp-json\/wp\/v2\/posts"}],"about":[{"href":"https:\/\/www.fiscalia.gov.co\/colombia\/wp-json\/wp\/v2\/types\/post"}],"author":[{"embeddable":true,"href":"https:\/\/www.fiscalia.gov.co\/colombia\/wp-json\/wp\/v2\/users\/178"}],"replies":[{"embeddable":true,"href":"https:\/\/www.fiscalia.gov.co\/colombia\/wp-json\/wp\/v2\/comments?post=294863"}],"version-history":[{"count":2,"href":"https:\/\/www.fiscalia.gov.co\/colombia\/wp-json\/wp\/v2\/posts\/294863\/revisions"}],"predecessor-version":[{"id":294867,"href":"https:\/\/www.fiscalia.gov.co\/colombia\/wp-json\/wp\/v2\/posts\/294863\/revisions\/294867"}],"wp:attachment":[{"href":"https:\/\/www.fiscalia.gov.co\/colombia\/wp-json\/wp\/v2\/media?parent=294863"}],"wp:term":[{"taxonomy":"category","embeddable":true,"href":"https:\/\/www.fiscalia.gov.co\/colombia\/wp-json\/wp\/v2\/categories?post=294863"},{"taxonomy":"post_tag","embeddable":true,"href":"https:\/\/www.fiscalia.gov.co\/colombia\/wp-json\/wp\/v2\/tags?post=294863"}],"curies":[{"name":"wp","href":"https:\/\/api.w.org\/{rel}","templated":true}]}}