{"id":294752,"date":"2024-05-09T10:08:02","date_gmt":"2024-05-09T15:08:02","guid":{"rendered":"https:\/\/www.fiscalia.gov.co\/colombia\/?p=294752"},"modified":"2024-05-09T10:08:02","modified_gmt":"2024-05-09T15:08:02","slug":"judicializado-el-tuerto-presunto-responsable-del-crimen-de-un-hombre-en-cesar","status":"publish","type":"post","link":"https:\/\/www.fiscalia.gov.co\/colombia\/noticias\/judicializado-el-tuerto-presunto-responsable-del-crimen-de-un-hombre-en-cesar\/","title":{"rendered":"Judicializado \u2018El Tuerto\u2019, presunto responsable del crimen de un hombre en Cesar"},"content":{"rendered":"<p>La Fiscal\u00eda General de la Naci\u00f3n judicializ\u00f3 a Gustavo Adolfo Cervantes Rubio, alias El Tuerto o Gordo Flaco, presunto responsable del homicidio de un hombre en hechos registrados el 26 de septiembre del 2023 en el barrio El Portal de Bosconia (Cesar).<\/p>\n<p>De acuerdo con la investigaci\u00f3n,<strong> la v\u00edctima se encontraba en compa\u00f1\u00eda de varios familiares, cuando se cree fue abordada por el hoy imputado, quien se movilizaba en motocicleta y le dispar\u00f3 en varias oportunidades, produci\u00e9ndole la muerte.\u00a0<\/strong><\/p>\n<figure id=\"attachment_294755\" aria-describedby=\"caption-attachment-294755\" style=\"width: 440px\" class=\"wp-caption aligncenter\"><img loading=\"lazy\" decoding=\"async\" class=\" wp-image-294755\" src=\"https:\/\/www.fiscalia.gov.co\/colombia\/wp-content\/uploads\/Gustavo-Adolfo-Cervantes-Rubio-alias-El-Tuerto-o-Gordo-Flaco-presunto-responsable-de-la-muerte-de-una-persona-en-Bosconia-Cesar-300x215.jpg\" alt=\"alias El Tuerto o Gordo Flaco, esposado en compa\u00f1\u00eda de un uniformado del Ej\u00e9rcito Nacional y un funcionario de la Fiscal\u00eda \" width=\"440\" height=\"315\" srcset=\"https:\/\/www.fiscalia.gov.co\/colombia\/wp-content\/uploads\/Gustavo-Adolfo-Cervantes-Rubio-alias-El-Tuerto-o-Gordo-Flaco-presunto-responsable-de-la-muerte-de-una-persona-en-Bosconia-Cesar-300x215.jpg 300w, https:\/\/www.fiscalia.gov.co\/colombia\/wp-content\/uploads\/Gustavo-Adolfo-Cervantes-Rubio-alias-El-Tuerto-o-Gordo-Flaco-presunto-responsable-de-la-muerte-de-una-persona-en-Bosconia-Cesar-1024x736.jpg 1024w, https:\/\/www.fiscalia.gov.co\/colombia\/wp-content\/uploads\/Gustavo-Adolfo-Cervantes-Rubio-alias-El-Tuerto-o-Gordo-Flaco-presunto-responsable-de-la-muerte-de-una-persona-en-Bosconia-Cesar-768x552.jpg 768w, https:\/\/www.fiscalia.gov.co\/colombia\/wp-content\/uploads\/Gustavo-Adolfo-Cervantes-Rubio-alias-El-Tuerto-o-Gordo-Flaco-presunto-responsable-de-la-muerte-de-una-persona-en-Bosconia-Cesar-696x500.jpg 696w, https:\/\/www.fiscalia.gov.co\/colombia\/wp-content\/uploads\/Gustavo-Adolfo-Cervantes-Rubio-alias-El-Tuerto-o-Gordo-Flaco-presunto-responsable-de-la-muerte-de-una-persona-en-Bosconia-Cesar-1068x767.jpg 1068w, https:\/\/www.fiscalia.gov.co\/colombia\/wp-content\/uploads\/Gustavo-Adolfo-Cervantes-Rubio-alias-El-Tuerto-o-Gordo-Flaco-presunto-responsable-de-la-muerte-de-una-persona-en-Bosconia-Cesar-585x420.jpg 585w, https:\/\/www.fiscalia.gov.co\/colombia\/wp-content\/uploads\/Gustavo-Adolfo-Cervantes-Rubio-alias-El-Tuerto-o-Gordo-Flaco-presunto-responsable-de-la-muerte-de-una-persona-en-Bosconia-Cesar.jpg 1253w\" sizes=\"auto, (max-width: 440px) 100vw, 440px\" \/><figcaption id=\"caption-attachment-294755\" class=\"wp-caption-text\">Gustavo Adolfo Cervantes Rubio, alias El Tuerto o Gordo Flaco, presunto responsable de la muerte de una persona en Bosconia (Cesar).<\/figcaption><\/figure>\n<p>Un fiscal de la Seccional Cesar imput\u00f3 al procesado los delitos homicidio; y fabricaci\u00f3n, tr\u00e1fico, porte o tenencia de armas de fuego accesorios partes o municiones, todos agravados. Ninguno de los cargos fue aceptado.<\/p>\n<p>Cervantes Rubio <strong>actualmente se encuentra privado de la libertad en establecimiento carcelario luego de ser capturado en flagrancia el 12 de enero<\/strong> pasado como posible responsable del delito de extorsi\u00f3n agravada.<\/p>\n<p>Esta informaci\u00f3n se publica por razones de inter\u00e9s general.<\/p>\n<p>EDH\/AMCJ\/MAGA\/GECN\/DSC<\/p>\n<p>&nbsp;<\/p>\n<p>&nbsp;<\/p>\n<p>&nbsp;<\/p>\n<p><em>La informaci\u00f3n contenida en este bolet\u00edn de prensa corresponde a la narraci\u00f3n de los hechos noticiosos objetivos, suministrados por los funcionarios encargados de adelantar las investigaciones penales al interior de la Fiscal\u00eda General de la Naci\u00f3n. Para el momento de la divulgaci\u00f3n de este comunicado, la situaci\u00f3n jur\u00eddica de la(s) persona(s) relacionada(s) se encuentra pendiente de resolver por la autoridad judicial competente, siempre bajo los preceptos de la presunci\u00f3n de inocencia, consagrados en el art\u00edculo 29 de la Constituci\u00f3n Pol\u00edtica y el art\u00edculo 7\u00ba de la Ley 906 de 2004.<\/em><\/p>\n\n<div class=\"twitter-share\"><a href=\"https:\/\/twitter.com\/intent\/tweet?via=fiscaliacol\" class=\"twitter-share-button\">Tweet<\/a><\/div>\n","protected":false},"excerpt":{"rendered":"<p>La Fiscal\u00eda General de la Naci\u00f3n judicializ\u00f3 a Gustavo Adolfo Cervantes Rubio, alias El Tuerto o Gordo Flaco, presunto responsable del homicidio de un hombre en hechos registrados el 26 de septiembre del 2023 en el barrio El Portal de Bosconia (Cesar). De acuerdo con la investigaci\u00f3n, la v\u00edctima se encontraba en compa\u00f1\u00eda de varios [&hellip;]<\/p>\n","protected":false},"author":178,"featured_media":0,"comment_status":"closed","ping_status":"open","sticky":false,"template":"","format":"standard","meta":{"tdm_status":"","tdm_grid_status":"","footnotes":""},"categories":[1,24099],"tags":[37491,37492,4614,1047,24965],"class_list":{"0":"post-294752","1":"post","2":"type-post","3":"status-publish","4":"format-standard","6":"category-noticias","7":"category-seguridad-territorial","8":"tag-fiscal-camargo","9":"tag-fiscal-luz-adriana-camargo","10":"tag-fiscalia-2","11":"tag-fiscalia-general-de-la-nacion","12":"tag-valledupar-cesar"},"yoast_head":"<!-- This site is optimized with the Yoast SEO plugin v24.3 - https:\/\/yoast.com\/wordpress\/plugins\/seo\/ -->\n<title>Fiscal\u00eda General de la Naci\u00f3n<\/title>\n<meta name=\"description\" content=\"P\u00e1gina oficial de la Fiscal\u00eda General de la Naci\u00f3n \u2013 Colombia. Garantizamos el acceso efectivo a la justicia, la verdad y la reparaci\u00f3n de las v\u00edctimas de los delitos.\" \/>\n<meta name=\"robots\" content=\"noindex, follow\" \/>\n<meta property=\"og:locale\" content=\"es_ES\" \/>\n<meta property=\"og:type\" content=\"article\" \/>\n<meta property=\"og:title\" content=\"Fiscal\u00eda General de la Naci\u00f3n\" \/>\n<meta property=\"og:description\" content=\"P\u00e1gina oficial de la Fiscal\u00eda General de la Naci\u00f3n \u2013 Colombia. Garantizamos el acceso efectivo a la justicia, la verdad y la reparaci\u00f3n de las v\u00edctimas de los delitos.\" \/>\n<meta property=\"og:url\" content=\"https:\/\/www.fiscalia.gov.co\/colombia\/noticias\/judicializado-el-tuerto-presunto-responsable-del-crimen-de-un-hombre-en-cesar\/\" \/>\n<meta property=\"og:site_name\" content=\"Fiscal\u00eda General de la Naci\u00f3n\" \/>\n<meta property=\"article:publisher\" content=\"https:\/\/www.facebook.com\/FiscaliaCol\" \/>\n<meta property=\"article:published_time\" content=\"2024-05-09T15:08:02+00:00\" \/>\n<meta property=\"og:image\" content=\"https:\/\/www.fiscalia.gov.co\/colombia\/wp-content\/uploads\/Gustavo-Adolfo-Cervantes-Rubio-alias-El-Tuerto-o-Gordo-Flaco-presunto-responsable-de-la-muerte-de-una-persona-en-Bosconia-Cesar-300x215.jpg\" \/>\n<meta name=\"author\" content=\"Winnie Geraldine Rodr\u00edguez Navarrete\" \/>\n<meta name=\"twitter:card\" content=\"summary_large_image\" \/>\n<meta name=\"twitter:creator\" content=\"@FiscaliaCol\" \/>\n<meta name=\"twitter:site\" content=\"@FiscaliaCol\" \/>\n<meta name=\"twitter:label1\" content=\"Escrito por\" \/>\n\t<meta name=\"twitter:data1\" content=\"Winnie Geraldine Rodr\u00edguez Navarrete\" \/>\n\t<meta name=\"twitter:label2\" content=\"Tiempo de lectura\" \/>\n\t<meta name=\"twitter:data2\" content=\"2 minutos\" \/>\n<script type=\"application\/ld+json\" class=\"yoast-schema-graph\">{\"@context\":\"https:\/\/schema.org\",\"@graph\":[{\"@type\":\"Article\",\"@id\":\"https:\/\/www.fiscalia.gov.co\/colombia\/noticias\/judicializado-el-tuerto-presunto-responsable-del-crimen-de-un-hombre-en-cesar\/#article\",\"isPartOf\":{\"@id\":\"https:\/\/www.fiscalia.gov.co\/colombia\/noticias\/judicializado-el-tuerto-presunto-responsable-del-crimen-de-un-hombre-en-cesar\/\"},\"author\":{\"name\":\"Winnie Geraldine Rodr\u00edguez Navarrete\",\"@id\":\"https:\/\/www.fiscalia.gov.co\/colombia\/#\/schema\/person\/176195b99ebab0a52aafa15197e1bf80\"},\"headline\":\"Judicializado \u2018El Tuerto\u2019, presunto responsable del crimen de un hombre en Cesar\",\"datePublished\":\"2024-05-09T15:08:02+00:00\",\"dateModified\":\"2024-05-09T15:08:02+00:00\",\"mainEntityOfPage\":{\"@id\":\"https:\/\/www.fiscalia.gov.co\/colombia\/noticias\/judicializado-el-tuerto-presunto-responsable-del-crimen-de-un-hombre-en-cesar\/\"},\"wordCount\":311,\"publisher\":{\"@id\":\"https:\/\/www.fiscalia.gov.co\/colombia\/#organization\"},\"image\":{\"@id\":\"https:\/\/www.fiscalia.gov.co\/colombia\/noticias\/judicializado-el-tuerto-presunto-responsable-del-crimen-de-un-hombre-en-cesar\/#primaryimage\"},\"thumbnailUrl\":\"https:\/\/www.fiscalia.gov.co\/colombia\/wp-content\/uploads\/Gustavo-Adolfo-Cervantes-Rubio-alias-El-Tuerto-o-Gordo-Flaco-presunto-responsable-de-la-muerte-de-una-persona-en-Bosconia-Cesar-300x215.jpg\",\"keywords\":[\"fiscal Camargo\",\"Fiscal Luz Adriana Camargo\",\"Fiscal\u00eda\",\"Fiscal\u00eda General de la Naci\u00f3n\",\"Valledupar (Cesar)\"],\"articleSection\":[\"Noticias\",\"Seguridad territorial\"],\"inLanguage\":\"es-CO\"},{\"@type\":\"WebPage\",\"@id\":\"https:\/\/www.fiscalia.gov.co\/colombia\/noticias\/judicializado-el-tuerto-presunto-responsable-del-crimen-de-un-hombre-en-cesar\/\",\"url\":\"https:\/\/www.fiscalia.gov.co\/colombia\/noticias\/judicializado-el-tuerto-presunto-responsable-del-crimen-de-un-hombre-en-cesar\/\",\"name\":\"Fiscal\u00eda General de la Naci\u00f3n\",\"isPartOf\":{\"@id\":\"https:\/\/www.fiscalia.gov.co\/colombia\/#website\"},\"primaryImageOfPage\":{\"@id\":\"https:\/\/www.fiscalia.gov.co\/colombia\/noticias\/judicializado-el-tuerto-presunto-responsable-del-crimen-de-un-hombre-en-cesar\/#primaryimage\"},\"image\":{\"@id\":\"https:\/\/www.fiscalia.gov.co\/colombia\/noticias\/judicializado-el-tuerto-presunto-responsable-del-crimen-de-un-hombre-en-cesar\/#primaryimage\"},\"thumbnailUrl\":\"https:\/\/www.fiscalia.gov.co\/colombia\/wp-content\/uploads\/Gustavo-Adolfo-Cervantes-Rubio-alias-El-Tuerto-o-Gordo-Flaco-presunto-responsable-de-la-muerte-de-una-persona-en-Bosconia-Cesar-300x215.jpg\",\"datePublished\":\"2024-05-09T15:08:02+00:00\",\"dateModified\":\"2024-05-09T15:08:02+00:00\",\"description\":\"P\u00e1gina oficial de la Fiscal\u00eda General de la Naci\u00f3n \u2013 Colombia. Garantizamos el acceso efectivo a la justicia, la verdad y la reparaci\u00f3n de las v\u00edctimas de los delitos.\",\"breadcrumb\":{\"@id\":\"https:\/\/www.fiscalia.gov.co\/colombia\/noticias\/judicializado-el-tuerto-presunto-responsable-del-crimen-de-un-hombre-en-cesar\/#breadcrumb\"},\"inLanguage\":\"es-CO\",\"potentialAction\":[{\"@type\":\"ReadAction\",\"target\":[\"https:\/\/www.fiscalia.gov.co\/colombia\/noticias\/judicializado-el-tuerto-presunto-responsable-del-crimen-de-un-hombre-en-cesar\/\"]}]},{\"@type\":\"ImageObject\",\"inLanguage\":\"es-CO\",\"@id\":\"https:\/\/www.fiscalia.gov.co\/colombia\/noticias\/judicializado-el-tuerto-presunto-responsable-del-crimen-de-un-hombre-en-cesar\/#primaryimage\",\"url\":\"https:\/\/www.fiscalia.gov.co\/colombia\/wp-content\/uploads\/Gustavo-Adolfo-Cervantes-Rubio-alias-El-Tuerto-o-Gordo-Flaco-presunto-responsable-de-la-muerte-de-una-persona-en-Bosconia-Cesar.jpg\",\"contentUrl\":\"https:\/\/www.fiscalia.gov.co\/colombia\/wp-content\/uploads\/Gustavo-Adolfo-Cervantes-Rubio-alias-El-Tuerto-o-Gordo-Flaco-presunto-responsable-de-la-muerte-de-una-persona-en-Bosconia-Cesar.jpg\",\"width\":1253,\"height\":900,\"caption\":\"Gustavo Adolfo Cervantes Rubio, alias El Tuerto o Gordo Flaco, presunto responsable de la muerte de una persona en Bosconia (Cesar).\"},{\"@type\":\"BreadcrumbList\",\"@id\":\"https:\/\/www.fiscalia.gov.co\/colombia\/noticias\/judicializado-el-tuerto-presunto-responsable-del-crimen-de-un-hombre-en-cesar\/#breadcrumb\",\"itemListElement\":[{\"@type\":\"ListItem\",\"position\":1,\"name\":\"Home\",\"item\":\"https:\/\/www.fiscalia.gov.co\/colombia\/\"},{\"@type\":\"ListItem\",\"position\":2,\"name\":\"Judicializado \u2018El Tuerto\u2019, presunto responsable del crimen de un hombre en Cesar\"}]},{\"@type\":\"WebSite\",\"@id\":\"https:\/\/www.fiscalia.gov.co\/colombia\/#website\",\"url\":\"https:\/\/www.fiscalia.gov.co\/colombia\/\",\"name\":\"Fiscal\u00eda General de la Naci\u00f3n\",\"description\":\"P\u00e1gina oficial de la Fiscal\u00eda General de la Naci\u00f3n \u2013 Colombia. Garantizamos el acceso efectivo a la justicia, la verdad y la reparaci\u00f3n de las v\u00edctimas de los delitos.\",\"publisher\":{\"@id\":\"https:\/\/www.fiscalia.gov.co\/colombia\/#organization\"},\"potentialAction\":[{\"@type\":\"SearchAction\",\"target\":{\"@type\":\"EntryPoint\",\"urlTemplate\":\"https:\/\/www.fiscalia.gov.co\/colombia\/?s={search_term_string}\"},\"query-input\":{\"@type\":\"PropertyValueSpecification\",\"valueRequired\":true,\"valueName\":\"search_term_string\"}}],\"inLanguage\":\"es-CO\"},{\"@type\":\"Organization\",\"@id\":\"https:\/\/www.fiscalia.gov.co\/colombia\/#organization\",\"name\":\"Fiscal\u00eda General de la Naci\u00f3n\",\"url\":\"https:\/\/www.fiscalia.gov.co\/colombia\/\",\"logo\":{\"@type\":\"ImageObject\",\"inLanguage\":\"es-CO\",\"@id\":\"https:\/\/www.fiscalia.gov.co\/colombia\/#\/schema\/logo\/image\/\",\"url\":\"https:\/\/www.fiscalia.gov.co\/colombia\/wp-content\/uploads\/LogoHorizontal_1.jpg\",\"contentUrl\":\"https:\/\/www.fiscalia.gov.co\/colombia\/wp-content\/uploads\/LogoHorizontal_1.jpg\",\"width\":300,\"height\":90,\"caption\":\"Fiscal\u00eda General de la Naci\u00f3n\"},\"image\":{\"@id\":\"https:\/\/www.fiscalia.gov.co\/colombia\/#\/schema\/logo\/image\/\"},\"sameAs\":[\"https:\/\/www.facebook.com\/FiscaliaCol\",\"https:\/\/x.com\/FiscaliaCol\",\"https:\/\/www.instagram.com\/fiscaliacol\",\"https:\/\/www.linkedin.com\/company\/fiscalia-general-de-la-naci-n\/\",\"https:\/\/youtube.com\/@fiscaliageneraldelanacion-4668?si=6nN79nyQICPU5iTh\"]},{\"@type\":\"Person\",\"@id\":\"https:\/\/www.fiscalia.gov.co\/colombia\/#\/schema\/person\/176195b99ebab0a52aafa15197e1bf80\",\"name\":\"Winnie Geraldine Rodr\u00edguez Navarrete\",\"image\":{\"@type\":\"ImageObject\",\"inLanguage\":\"es-CO\",\"@id\":\"https:\/\/www.fiscalia.gov.co\/colombia\/#\/schema\/person\/image\/\",\"url\":\"https:\/\/secure.gravatar.com\/avatar\/c24cf8481dc84fa5e8c7b20bc95ab0c6?s=96&d=mm&r=g\",\"contentUrl\":\"https:\/\/secure.gravatar.com\/avatar\/c24cf8481dc84fa5e8c7b20bc95ab0c6?s=96&d=mm&r=g\",\"caption\":\"Winnie Geraldine Rodr\u00edguez Navarrete\"},\"url\":\"https:\/\/www.fiscalia.gov.co\/colombia\/author\/winnierodriguez\/\"}]}<\/script>\n<!-- \/ Yoast SEO plugin. -->","yoast_head_json":{"title":"Fiscal\u00eda General de la Naci\u00f3n","description":"P\u00e1gina oficial de la Fiscal\u00eda General de la Naci\u00f3n \u2013 Colombia. Garantizamos el acceso efectivo a la justicia, la verdad y la reparaci\u00f3n de las v\u00edctimas de los delitos.","robots":{"index":"noindex","follow":"follow"},"og_locale":"es_ES","og_type":"article","og_title":"Fiscal\u00eda General de la Naci\u00f3n","og_description":"P\u00e1gina oficial de la Fiscal\u00eda General de la Naci\u00f3n \u2013 Colombia. Garantizamos el acceso efectivo a la justicia, la verdad y la reparaci\u00f3n de las v\u00edctimas de los delitos.","og_url":"https:\/\/www.fiscalia.gov.co\/colombia\/noticias\/judicializado-el-tuerto-presunto-responsable-del-crimen-de-un-hombre-en-cesar\/","og_site_name":"Fiscal\u00eda General de la Naci\u00f3n","article_publisher":"https:\/\/www.facebook.com\/FiscaliaCol","article_published_time":"2024-05-09T15:08:02+00:00","og_image":[{"url":"https:\/\/www.fiscalia.gov.co\/colombia\/wp-content\/uploads\/Gustavo-Adolfo-Cervantes-Rubio-alias-El-Tuerto-o-Gordo-Flaco-presunto-responsable-de-la-muerte-de-una-persona-en-Bosconia-Cesar-300x215.jpg","type":"","width":"","height":""}],"author":"Winnie Geraldine Rodr\u00edguez Navarrete","twitter_card":"summary_large_image","twitter_creator":"@FiscaliaCol","twitter_site":"@FiscaliaCol","twitter_misc":{"Escrito por":"Winnie Geraldine Rodr\u00edguez Navarrete","Tiempo de lectura":"2 minutos"},"schema":{"@context":"https:\/\/schema.org","@graph":[{"@type":"Article","@id":"https:\/\/www.fiscalia.gov.co\/colombia\/noticias\/judicializado-el-tuerto-presunto-responsable-del-crimen-de-un-hombre-en-cesar\/#article","isPartOf":{"@id":"https:\/\/www.fiscalia.gov.co\/colombia\/noticias\/judicializado-el-tuerto-presunto-responsable-del-crimen-de-un-hombre-en-cesar\/"},"author":{"name":"Winnie Geraldine Rodr\u00edguez Navarrete","@id":"https:\/\/www.fiscalia.gov.co\/colombia\/#\/schema\/person\/176195b99ebab0a52aafa15197e1bf80"},"headline":"Judicializado \u2018El Tuerto\u2019, presunto responsable del crimen de un hombre en Cesar","datePublished":"2024-05-09T15:08:02+00:00","dateModified":"2024-05-09T15:08:02+00:00","mainEntityOfPage":{"@id":"https:\/\/www.fiscalia.gov.co\/colombia\/noticias\/judicializado-el-tuerto-presunto-responsable-del-crimen-de-un-hombre-en-cesar\/"},"wordCount":311,"publisher":{"@id":"https:\/\/www.fiscalia.gov.co\/colombia\/#organization"},"image":{"@id":"https:\/\/www.fiscalia.gov.co\/colombia\/noticias\/judicializado-el-tuerto-presunto-responsable-del-crimen-de-un-hombre-en-cesar\/#primaryimage"},"thumbnailUrl":"https:\/\/www.fiscalia.gov.co\/colombia\/wp-content\/uploads\/Gustavo-Adolfo-Cervantes-Rubio-alias-El-Tuerto-o-Gordo-Flaco-presunto-responsable-de-la-muerte-de-una-persona-en-Bosconia-Cesar-300x215.jpg","keywords":["fiscal Camargo","Fiscal Luz Adriana Camargo","Fiscal\u00eda","Fiscal\u00eda General de la Naci\u00f3n","Valledupar (Cesar)"],"articleSection":["Noticias","Seguridad territorial"],"inLanguage":"es-CO"},{"@type":"WebPage","@id":"https:\/\/www.fiscalia.gov.co\/colombia\/noticias\/judicializado-el-tuerto-presunto-responsable-del-crimen-de-un-hombre-en-cesar\/","url":"https:\/\/www.fiscalia.gov.co\/colombia\/noticias\/judicializado-el-tuerto-presunto-responsable-del-crimen-de-un-hombre-en-cesar\/","name":"Fiscal\u00eda General de la Naci\u00f3n","isPartOf":{"@id":"https:\/\/www.fiscalia.gov.co\/colombia\/#website"},"primaryImageOfPage":{"@id":"https:\/\/www.fiscalia.gov.co\/colombia\/noticias\/judicializado-el-tuerto-presunto-responsable-del-crimen-de-un-hombre-en-cesar\/#primaryimage"},"image":{"@id":"https:\/\/www.fiscalia.gov.co\/colombia\/noticias\/judicializado-el-tuerto-presunto-responsable-del-crimen-de-un-hombre-en-cesar\/#primaryimage"},"thumbnailUrl":"https:\/\/www.fiscalia.gov.co\/colombia\/wp-content\/uploads\/Gustavo-Adolfo-Cervantes-Rubio-alias-El-Tuerto-o-Gordo-Flaco-presunto-responsable-de-la-muerte-de-una-persona-en-Bosconia-Cesar-300x215.jpg","datePublished":"2024-05-09T15:08:02+00:00","dateModified":"2024-05-09T15:08:02+00:00","description":"P\u00e1gina oficial de la Fiscal\u00eda General de la Naci\u00f3n \u2013 Colombia. Garantizamos el acceso efectivo a la justicia, la verdad y la reparaci\u00f3n de las v\u00edctimas de los delitos.","breadcrumb":{"@id":"https:\/\/www.fiscalia.gov.co\/colombia\/noticias\/judicializado-el-tuerto-presunto-responsable-del-crimen-de-un-hombre-en-cesar\/#breadcrumb"},"inLanguage":"es-CO","potentialAction":[{"@type":"ReadAction","target":["https:\/\/www.fiscalia.gov.co\/colombia\/noticias\/judicializado-el-tuerto-presunto-responsable-del-crimen-de-un-hombre-en-cesar\/"]}]},{"@type":"ImageObject","inLanguage":"es-CO","@id":"https:\/\/www.fiscalia.gov.co\/colombia\/noticias\/judicializado-el-tuerto-presunto-responsable-del-crimen-de-un-hombre-en-cesar\/#primaryimage","url":"https:\/\/www.fiscalia.gov.co\/colombia\/wp-content\/uploads\/Gustavo-Adolfo-Cervantes-Rubio-alias-El-Tuerto-o-Gordo-Flaco-presunto-responsable-de-la-muerte-de-una-persona-en-Bosconia-Cesar.jpg","contentUrl":"https:\/\/www.fiscalia.gov.co\/colombia\/wp-content\/uploads\/Gustavo-Adolfo-Cervantes-Rubio-alias-El-Tuerto-o-Gordo-Flaco-presunto-responsable-de-la-muerte-de-una-persona-en-Bosconia-Cesar.jpg","width":1253,"height":900,"caption":"Gustavo Adolfo Cervantes Rubio, alias El Tuerto o Gordo Flaco, presunto responsable de la muerte de una persona en Bosconia (Cesar)."},{"@type":"BreadcrumbList","@id":"https:\/\/www.fiscalia.gov.co\/colombia\/noticias\/judicializado-el-tuerto-presunto-responsable-del-crimen-de-un-hombre-en-cesar\/#breadcrumb","itemListElement":[{"@type":"ListItem","position":1,"name":"Home","item":"https:\/\/www.fiscalia.gov.co\/colombia\/"},{"@type":"ListItem","position":2,"name":"Judicializado \u2018El Tuerto\u2019, presunto responsable del crimen de un hombre en Cesar"}]},{"@type":"WebSite","@id":"https:\/\/www.fiscalia.gov.co\/colombia\/#website","url":"https:\/\/www.fiscalia.gov.co\/colombia\/","name":"Fiscal\u00eda General de la Naci\u00f3n","description":"P\u00e1gina oficial de la Fiscal\u00eda General de la Naci\u00f3n \u2013 Colombia. Garantizamos el acceso efectivo a la justicia, la verdad y la reparaci\u00f3n de las v\u00edctimas de los delitos.","publisher":{"@id":"https:\/\/www.fiscalia.gov.co\/colombia\/#organization"},"potentialAction":[{"@type":"SearchAction","target":{"@type":"EntryPoint","urlTemplate":"https:\/\/www.fiscalia.gov.co\/colombia\/?s={search_term_string}"},"query-input":{"@type":"PropertyValueSpecification","valueRequired":true,"valueName":"search_term_string"}}],"inLanguage":"es-CO"},{"@type":"Organization","@id":"https:\/\/www.fiscalia.gov.co\/colombia\/#organization","name":"Fiscal\u00eda General de la Naci\u00f3n","url":"https:\/\/www.fiscalia.gov.co\/colombia\/","logo":{"@type":"ImageObject","inLanguage":"es-CO","@id":"https:\/\/www.fiscalia.gov.co\/colombia\/#\/schema\/logo\/image\/","url":"https:\/\/www.fiscalia.gov.co\/colombia\/wp-content\/uploads\/LogoHorizontal_1.jpg","contentUrl":"https:\/\/www.fiscalia.gov.co\/colombia\/wp-content\/uploads\/LogoHorizontal_1.jpg","width":300,"height":90,"caption":"Fiscal\u00eda General de la Naci\u00f3n"},"image":{"@id":"https:\/\/www.fiscalia.gov.co\/colombia\/#\/schema\/logo\/image\/"},"sameAs":["https:\/\/www.facebook.com\/FiscaliaCol","https:\/\/x.com\/FiscaliaCol","https:\/\/www.instagram.com\/fiscaliacol","https:\/\/www.linkedin.com\/company\/fiscalia-general-de-la-naci-n\/","https:\/\/youtube.com\/@fiscaliageneraldelanacion-4668?si=6nN79nyQICPU5iTh"]},{"@type":"Person","@id":"https:\/\/www.fiscalia.gov.co\/colombia\/#\/schema\/person\/176195b99ebab0a52aafa15197e1bf80","name":"Winnie Geraldine Rodr\u00edguez Navarrete","image":{"@type":"ImageObject","inLanguage":"es-CO","@id":"https:\/\/www.fiscalia.gov.co\/colombia\/#\/schema\/person\/image\/","url":"https:\/\/secure.gravatar.com\/avatar\/c24cf8481dc84fa5e8c7b20bc95ab0c6?s=96&d=mm&r=g","contentUrl":"https:\/\/secure.gravatar.com\/avatar\/c24cf8481dc84fa5e8c7b20bc95ab0c6?s=96&d=mm&r=g","caption":"Winnie Geraldine Rodr\u00edguez Navarrete"},"url":"https:\/\/www.fiscalia.gov.co\/colombia\/author\/winnierodriguez\/"}]}},"_links":{"self":[{"href":"https:\/\/www.fiscalia.gov.co\/colombia\/wp-json\/wp\/v2\/posts\/294752","targetHints":{"allow":["GET"]}}],"collection":[{"href":"https:\/\/www.fiscalia.gov.co\/colombia\/wp-json\/wp\/v2\/posts"}],"about":[{"href":"https:\/\/www.fiscalia.gov.co\/colombia\/wp-json\/wp\/v2\/types\/post"}],"author":[{"embeddable":true,"href":"https:\/\/www.fiscalia.gov.co\/colombia\/wp-json\/wp\/v2\/users\/178"}],"replies":[{"embeddable":true,"href":"https:\/\/www.fiscalia.gov.co\/colombia\/wp-json\/wp\/v2\/comments?post=294752"}],"version-history":[{"count":1,"href":"https:\/\/www.fiscalia.gov.co\/colombia\/wp-json\/wp\/v2\/posts\/294752\/revisions"}],"predecessor-version":[{"id":294756,"href":"https:\/\/www.fiscalia.gov.co\/colombia\/wp-json\/wp\/v2\/posts\/294752\/revisions\/294756"}],"wp:attachment":[{"href":"https:\/\/www.fiscalia.gov.co\/colombia\/wp-json\/wp\/v2\/media?parent=294752"}],"wp:term":[{"taxonomy":"category","embeddable":true,"href":"https:\/\/www.fiscalia.gov.co\/colombia\/wp-json\/wp\/v2\/categories?post=294752"},{"taxonomy":"post_tag","embeddable":true,"href":"https:\/\/www.fiscalia.gov.co\/colombia\/wp-json\/wp\/v2\/tags?post=294752"}],"curies":[{"name":"wp","href":"https:\/\/api.w.org\/{rel}","templated":true}]}}