{"id":294602,"date":"2024-05-07T10:59:08","date_gmt":"2024-05-07T15:59:08","guid":{"rendered":"https:\/\/www.fiscalia.gov.co\/colombia\/?p=294602"},"modified":"2024-05-07T10:59:08","modified_gmt":"2024-05-07T15:59:08","slug":"fiscalia-judicializa-a-seis-integrantes-de-la-policia-nacional-que-habrian-participado-en-la-tortura-y-posterior-homicidio-de-un-extranjero","status":"publish","type":"post","link":"https:\/\/www.fiscalia.gov.co\/colombia\/noticias\/fiscalia-judicializa-a-seis-integrantes-de-la-policia-nacional-que-habrian-participado-en-la-tortura-y-posterior-homicidio-de-un-extranjero\/","title":{"rendered":"Fiscal\u00eda judicializa a seis integrantes de la Polic\u00eda Nacional que habr\u00edan participado en la tortura y posterior homicidio de un extranjero"},"content":{"rendered":"<h4 style=\"text-align: center;\"><em><strong>Los funcionarios son se\u00f1alados de rosearle gas pimienta a la v\u00edctima y golpearla hasta causarle la muerte.<\/strong> <\/em><\/h4>\n<figure id=\"attachment_294605\" aria-describedby=\"caption-attachment-294605\" style=\"width: 696px\" class=\"wp-caption aligncenter\"><img loading=\"lazy\" decoding=\"async\" class=\"size-large wp-image-294605\" src=\"https:\/\/www.fiscalia.gov.co\/colombia\/wp-content\/uploads\/WhatsApp-Image-2024-05-07-at-10.00.46-AM-1024x576.jpeg\" alt=\"En la imagen se ven 6 personas detenidas bajo custodia de dos funcionarios del CTI. Detr\u00e1s suyo un backing institucional.\" width=\"696\" height=\"392\" srcset=\"https:\/\/www.fiscalia.gov.co\/colombia\/wp-content\/uploads\/WhatsApp-Image-2024-05-07-at-10.00.46-AM-1024x576.jpeg 1024w, https:\/\/www.fiscalia.gov.co\/colombia\/wp-content\/uploads\/WhatsApp-Image-2024-05-07-at-10.00.46-AM-300x169.jpeg 300w, https:\/\/www.fiscalia.gov.co\/colombia\/wp-content\/uploads\/WhatsApp-Image-2024-05-07-at-10.00.46-AM-768x432.jpeg 768w, https:\/\/www.fiscalia.gov.co\/colombia\/wp-content\/uploads\/WhatsApp-Image-2024-05-07-at-10.00.46-AM-1536x864.jpeg 1536w, https:\/\/www.fiscalia.gov.co\/colombia\/wp-content\/uploads\/WhatsApp-Image-2024-05-07-at-10.00.46-AM-696x392.jpeg 696w, https:\/\/www.fiscalia.gov.co\/colombia\/wp-content\/uploads\/WhatsApp-Image-2024-05-07-at-10.00.46-AM-1068x601.jpeg 1068w, https:\/\/www.fiscalia.gov.co\/colombia\/wp-content\/uploads\/WhatsApp-Image-2024-05-07-at-10.00.46-AM-747x420.jpeg 747w, https:\/\/www.fiscalia.gov.co\/colombia\/wp-content\/uploads\/WhatsApp-Image-2024-05-07-at-10.00.46-AM.jpeg 1600w\" sizes=\"auto, (max-width: 696px) 100vw, 696px\" \/><figcaption id=\"caption-attachment-294605\" class=\"wp-caption-text\">Los detenidos no aceptaron los cargos imputados por la Fiscal\u00eda de acuerdo con sus responsabilidades penales.<\/figcaption><\/figure>\n<p>Por petici\u00f3n de la Fiscal\u00eda General de la Naci\u00f3n, un juez de control de garant\u00edas impuso medida de aseguramiento en centro carcelario a seis integrantes de la Polic\u00eda Nacional, que estar\u00edan involucrados en los<a href=\"https:\/\/www.fiscalia.gov.co\/colombia\/noticias\/a-la-carcel-fueron-enviados-tres-policias-presuntamente-implicados-en-el-homicidio-de-un-joven-en-zipaquira\/\"> actos de tortura y posterior homicidio de un joven extranjero<\/a>, el 23 de diciembre de 2023, en Chinchin\u00e1 (Caldas).<\/p>\n<p>Se trata del subteniente Manuel Alejandro Vel\u00e1squez Burgos, <strong>los subintendentes Julio Cesar L\u00f3pez Aranzales y Gerson Alveiro Gafaro Portilla, y los patrulleros Sergio Estiven Ba\u00f1ol Betancurt, Roger Fernando Garc\u00eda Moreno y Santiago Echeverry G\u00f3mez.<\/strong><\/p>\n<p>El d\u00eda de los hechos investigados, el <strong>administrador de una residencia del centro de Chinchin\u00e1 se comunic\u00f3 con las autoridades y les pidi\u00f3 ayuda para controlar a una persona que se alojaba en una habitaci\u00f3n del inmueble<\/strong>, y estaba altamente exaltado.<\/p>\n<p>Varios uniformados llegaron al lugar. Al parecer, tumbaron la puerta de la alcoba donde supuestamente se presentaban los des\u00f3rdenes,<strong> tomaron del cuello a un hombre obstruy\u00e9ndole la respiraci\u00f3n y le rosearon gas pimienta, quedando desmayado.<\/strong> Luego, lo habr\u00edan sacado del inmueble y golpeado en v\u00eda p\u00fablica. La agresi\u00f3n qued\u00f3 registrada en c\u00e1maras de seguridad del sector.<\/p>\n<p>Minutos despu\u00e9s, otros funcionarios llegaron al sitio, subieron al joven extranjero a una patrulla, dos de ellos lo acompa\u00f1aron en la parte de atr\u00e1s del veh\u00edculo, y lo trasladaron al comando de polic\u00eda de Chinchin\u00e1. <strong>Media hora despu\u00e9s lo llevaron a un centro asistencial, donde lleg\u00f3 sin signos vitales.<\/strong><\/p>\n<p>Los polic\u00edas que participaron en el procedimiento se\u00f1alaron en el informe oficial que la v\u00edctima fue conducida para realizarle un comparendo y se hab\u00eda desmayado por el estado de agitaci\u00f3n que presentaba. El dictamen del Instituto Nacional de Medicina Legal y Ciencias Forenses evidenci\u00f3 que la causa de la muerte fue por estrangulamiento y el cuerpo presentaba signos de tortura en piernas, pecho, manos y cabeza.<\/p>\n<p>Por todo lo anterior, los uniformados fueron capturados por personal del CTI. Una fiscal especializada de la Seccional Caldas, de acuerdo con sus posibles responsabilidades individuales, les imput\u00f3 <a href=\"https:\/\/www.fiscalia.gov.co\/colombia\/noticias\/asegurados-cinco-policias-que-habrian-participado-en-el-homicidio-del-presunto-responsable-de-un-abuso-sexual-en-una-estacion-de-transmilenio-en-bogota\/\">los delitos de homicidio agravado, tortura agravada, detenci\u00f3n ilegal, abuso de poder y omisi\u00f3n.<\/a> Los cargos no fueron aceptados.<\/p>\n<p>De otra parte, la Fiscal\u00eda solicit\u00f3 el tr\u00e1mite y expedici\u00f3n de notificaci\u00f3n azul de Interpol en contra de otro polic\u00eda que tambi\u00e9n estar\u00eda involucrado en lo sucedido y sali\u00f3 del pa\u00eds.<\/p>\n<p>&nbsp;<\/p>\n<p>&nbsp;<\/p>\n<p>&nbsp;<\/p>\n<p>&nbsp;<\/p>\n<p>&nbsp;<\/p>\n<p>JLH\/LMFO\/JARG\/<\/p>\n<p>&nbsp;<\/p>\n<p>&nbsp;<\/p>\n<p>&nbsp;<\/p>\n<p>&nbsp;<\/p>\n<p>&nbsp;<\/p>\n<div class=\"td-post-content tagdiv-type\">\n<div class=\"td-post-content tagdiv-type\">\n<p><i>La informaci\u00f3n contenida en este bolet\u00edn de prensa corresponde a la narraci\u00f3n de los hechos noticiosos objetivos, suministrados por los funcionarios encargados de adelantar las investigaciones penales al interior de la Fiscal\u00eda General de la Naci\u00f3n. Para el momento de la divulgaci\u00f3n de este comunicado, la situaci\u00f3n jur\u00eddica de la(s) persona(s) relacionada(s) se encuentra pendiente de resolver por la autoridad judicial competente, siempre bajo los preceptos de la presunci\u00f3n de inocencia, consagrados en el art\u00edculo 29 de la Constituci\u00f3n Pol\u00edtica y el art\u00edculo 7\u00ba de la Ley 906 de 2004.<\/i><\/p>\n<\/div>\n<\/div>\n<footer>\n<div class=\"td-post-source-tags\"><\/div>\n<div class=\"td-post-sharing-bottom\"><\/div>\n<\/footer>\n\n<div class=\"twitter-share\"><a href=\"https:\/\/twitter.com\/intent\/tweet?via=fiscaliacol\" class=\"twitter-share-button\">Tweet<\/a><\/div>\n","protected":false},"excerpt":{"rendered":"<p>Los funcionarios son se\u00f1alados de rosearle gas pimienta a la v\u00edctima y golpearla hasta causarle la muerte. Por petici\u00f3n de la Fiscal\u00eda General de la Naci\u00f3n, un juez de control de garant\u00edas impuso medida de aseguramiento en centro carcelario a seis integrantes de la Polic\u00eda Nacional, que estar\u00edan involucrados en los actos de tortura y [&hellip;]<\/p>\n","protected":false},"author":177,"featured_media":0,"comment_status":"closed","ping_status":"open","sticky":false,"template":"","format":"standard","meta":{"tdm_status":"","tdm_grid_status":"","footnotes":""},"categories":[1,330,303,24099],"tags":[24345,37491,37492,1047,409,37493,24665,37789,760],"class_list":{"0":"post-294602","1":"post","2":"type-post","3":"status-publish","4":"format-standard","6":"category-noticias","7":"category-seccional-manizales","8":"category-seccionales","9":"category-seguridad-territorial","10":"tag-extranjero","11":"tag-fiscal-camargo","12":"tag-fiscal-luz-adriana-camargo","13":"tag-fiscalia-general-de-la-nacion","14":"tag-homicidio","15":"tag-luz-adriana-camargo","16":"tag-manizales-caldas","17":"tag-otrtura","18":"tag-policias"},"yoast_head":"<!-- This site is optimized with the Yoast SEO plugin v24.3 - https:\/\/yoast.com\/wordpress\/plugins\/seo\/ -->\n<title>Fiscal\u00eda General de la Naci\u00f3n<\/title>\n<meta name=\"description\" content=\"P\u00e1gina oficial de la Fiscal\u00eda General de la Naci\u00f3n \u2013 Colombia. Garantizamos el acceso efectivo a la justicia, la verdad y la reparaci\u00f3n de las v\u00edctimas de los delitos.\" \/>\n<meta name=\"robots\" content=\"noindex, follow\" \/>\n<meta property=\"og:locale\" content=\"es_ES\" \/>\n<meta property=\"og:type\" content=\"article\" \/>\n<meta property=\"og:title\" content=\"Fiscal\u00eda General de la Naci\u00f3n\" \/>\n<meta property=\"og:description\" content=\"P\u00e1gina oficial de la Fiscal\u00eda General de la Naci\u00f3n \u2013 Colombia. Garantizamos el acceso efectivo a la justicia, la verdad y la reparaci\u00f3n de las v\u00edctimas de los delitos.\" \/>\n<meta property=\"og:url\" content=\"https:\/\/www.fiscalia.gov.co\/colombia\/noticias\/fiscalia-judicializa-a-seis-integrantes-de-la-policia-nacional-que-habrian-participado-en-la-tortura-y-posterior-homicidio-de-un-extranjero\/\" \/>\n<meta property=\"og:site_name\" content=\"Fiscal\u00eda General de la Naci\u00f3n\" \/>\n<meta property=\"article:publisher\" content=\"https:\/\/www.facebook.com\/FiscaliaCol\" \/>\n<meta property=\"article:published_time\" content=\"2024-05-07T15:59:08+00:00\" \/>\n<meta property=\"og:image\" content=\"https:\/\/www.fiscalia.gov.co\/colombia\/wp-content\/uploads\/WhatsApp-Image-2024-05-07-at-10.00.46-AM-1024x576.jpeg\" \/>\n<meta name=\"author\" content=\"Jordan Leandro Oviedo Anzola\" \/>\n<meta name=\"twitter:card\" content=\"summary_large_image\" \/>\n<meta name=\"twitter:creator\" content=\"@FiscaliaCol\" \/>\n<meta name=\"twitter:site\" content=\"@FiscaliaCol\" \/>\n<meta name=\"twitter:label1\" content=\"Escrito por\" \/>\n\t<meta name=\"twitter:data1\" content=\"Jordan Leandro Oviedo Anzola\" \/>\n\t<meta name=\"twitter:label2\" content=\"Tiempo de lectura\" \/>\n\t<meta name=\"twitter:data2\" content=\"3 minutos\" \/>\n<script type=\"application\/ld+json\" class=\"yoast-schema-graph\">{\"@context\":\"https:\/\/schema.org\",\"@graph\":[{\"@type\":\"Article\",\"@id\":\"https:\/\/www.fiscalia.gov.co\/colombia\/noticias\/fiscalia-judicializa-a-seis-integrantes-de-la-policia-nacional-que-habrian-participado-en-la-tortura-y-posterior-homicidio-de-un-extranjero\/#article\",\"isPartOf\":{\"@id\":\"https:\/\/www.fiscalia.gov.co\/colombia\/noticias\/fiscalia-judicializa-a-seis-integrantes-de-la-policia-nacional-que-habrian-participado-en-la-tortura-y-posterior-homicidio-de-un-extranjero\/\"},\"author\":{\"name\":\"Jordan Leandro Oviedo Anzola\",\"@id\":\"https:\/\/www.fiscalia.gov.co\/colombia\/#\/schema\/person\/bf84402cf293a5393e9c70b111020b24\"},\"headline\":\"Fiscal\u00eda judicializa a seis integrantes de la Polic\u00eda Nacional que habr\u00edan participado en la tortura y posterior homicidio de un extranjero\",\"datePublished\":\"2024-05-07T15:59:08+00:00\",\"dateModified\":\"2024-05-07T15:59:08+00:00\",\"mainEntityOfPage\":{\"@id\":\"https:\/\/www.fiscalia.gov.co\/colombia\/noticias\/fiscalia-judicializa-a-seis-integrantes-de-la-policia-nacional-que-habrian-participado-en-la-tortura-y-posterior-homicidio-de-un-extranjero\/\"},\"wordCount\":599,\"publisher\":{\"@id\":\"https:\/\/www.fiscalia.gov.co\/colombia\/#organization\"},\"image\":{\"@id\":\"https:\/\/www.fiscalia.gov.co\/colombia\/noticias\/fiscalia-judicializa-a-seis-integrantes-de-la-policia-nacional-que-habrian-participado-en-la-tortura-y-posterior-homicidio-de-un-extranjero\/#primaryimage\"},\"thumbnailUrl\":\"https:\/\/www.fiscalia.gov.co\/colombia\/wp-content\/uploads\/WhatsApp-Image-2024-05-07-at-10.00.46-AM-1024x576.jpeg\",\"keywords\":[\"extranjero\",\"fiscal Camargo\",\"Fiscal Luz Adriana Camargo\",\"Fiscal\u00eda General de la Naci\u00f3n\",\"Homicidio\",\"Luz Adriana Camargo\",\"Manizales (Caldas)\",\"otrtura\",\"Polic\u00edas\"],\"articleSection\":[\"Noticias\",\"Seccional Manizales\",\"Seccionales\",\"Seguridad territorial\"],\"inLanguage\":\"es-CO\"},{\"@type\":\"WebPage\",\"@id\":\"https:\/\/www.fiscalia.gov.co\/colombia\/noticias\/fiscalia-judicializa-a-seis-integrantes-de-la-policia-nacional-que-habrian-participado-en-la-tortura-y-posterior-homicidio-de-un-extranjero\/\",\"url\":\"https:\/\/www.fiscalia.gov.co\/colombia\/noticias\/fiscalia-judicializa-a-seis-integrantes-de-la-policia-nacional-que-habrian-participado-en-la-tortura-y-posterior-homicidio-de-un-extranjero\/\",\"name\":\"Fiscal\u00eda General de la Naci\u00f3n\",\"isPartOf\":{\"@id\":\"https:\/\/www.fiscalia.gov.co\/colombia\/#website\"},\"primaryImageOfPage\":{\"@id\":\"https:\/\/www.fiscalia.gov.co\/colombia\/noticias\/fiscalia-judicializa-a-seis-integrantes-de-la-policia-nacional-que-habrian-participado-en-la-tortura-y-posterior-homicidio-de-un-extranjero\/#primaryimage\"},\"image\":{\"@id\":\"https:\/\/www.fiscalia.gov.co\/colombia\/noticias\/fiscalia-judicializa-a-seis-integrantes-de-la-policia-nacional-que-habrian-participado-en-la-tortura-y-posterior-homicidio-de-un-extranjero\/#primaryimage\"},\"thumbnailUrl\":\"https:\/\/www.fiscalia.gov.co\/colombia\/wp-content\/uploads\/WhatsApp-Image-2024-05-07-at-10.00.46-AM-1024x576.jpeg\",\"datePublished\":\"2024-05-07T15:59:08+00:00\",\"dateModified\":\"2024-05-07T15:59:08+00:00\",\"description\":\"P\u00e1gina oficial de la Fiscal\u00eda General de la Naci\u00f3n \u2013 Colombia. Garantizamos el acceso efectivo a la justicia, la verdad y la reparaci\u00f3n de las v\u00edctimas de los delitos.\",\"breadcrumb\":{\"@id\":\"https:\/\/www.fiscalia.gov.co\/colombia\/noticias\/fiscalia-judicializa-a-seis-integrantes-de-la-policia-nacional-que-habrian-participado-en-la-tortura-y-posterior-homicidio-de-un-extranjero\/#breadcrumb\"},\"inLanguage\":\"es-CO\",\"potentialAction\":[{\"@type\":\"ReadAction\",\"target\":[\"https:\/\/www.fiscalia.gov.co\/colombia\/noticias\/fiscalia-judicializa-a-seis-integrantes-de-la-policia-nacional-que-habrian-participado-en-la-tortura-y-posterior-homicidio-de-un-extranjero\/\"]}]},{\"@type\":\"ImageObject\",\"inLanguage\":\"es-CO\",\"@id\":\"https:\/\/www.fiscalia.gov.co\/colombia\/noticias\/fiscalia-judicializa-a-seis-integrantes-de-la-policia-nacional-que-habrian-participado-en-la-tortura-y-posterior-homicidio-de-un-extranjero\/#primaryimage\",\"url\":\"https:\/\/www.fiscalia.gov.co\/colombia\/wp-content\/uploads\/WhatsApp-Image-2024-05-07-at-10.00.46-AM-1024x576.jpeg\",\"contentUrl\":\"https:\/\/www.fiscalia.gov.co\/colombia\/wp-content\/uploads\/WhatsApp-Image-2024-05-07-at-10.00.46-AM-1024x576.jpeg\"},{\"@type\":\"BreadcrumbList\",\"@id\":\"https:\/\/www.fiscalia.gov.co\/colombia\/noticias\/fiscalia-judicializa-a-seis-integrantes-de-la-policia-nacional-que-habrian-participado-en-la-tortura-y-posterior-homicidio-de-un-extranjero\/#breadcrumb\",\"itemListElement\":[{\"@type\":\"ListItem\",\"position\":1,\"name\":\"Home\",\"item\":\"https:\/\/www.fiscalia.gov.co\/colombia\/\"},{\"@type\":\"ListItem\",\"position\":2,\"name\":\"Fiscal\u00eda judicializa a seis integrantes de la Polic\u00eda Nacional que habr\u00edan participado en la tortura y posterior homicidio de un extranjero\"}]},{\"@type\":\"WebSite\",\"@id\":\"https:\/\/www.fiscalia.gov.co\/colombia\/#website\",\"url\":\"https:\/\/www.fiscalia.gov.co\/colombia\/\",\"name\":\"Fiscal\u00eda General de la Naci\u00f3n\",\"description\":\"P\u00e1gina oficial de la Fiscal\u00eda General de la Naci\u00f3n \u2013 Colombia. Garantizamos el acceso efectivo a la justicia, la verdad y la reparaci\u00f3n de las v\u00edctimas de los delitos.\",\"publisher\":{\"@id\":\"https:\/\/www.fiscalia.gov.co\/colombia\/#organization\"},\"potentialAction\":[{\"@type\":\"SearchAction\",\"target\":{\"@type\":\"EntryPoint\",\"urlTemplate\":\"https:\/\/www.fiscalia.gov.co\/colombia\/?s={search_term_string}\"},\"query-input\":{\"@type\":\"PropertyValueSpecification\",\"valueRequired\":true,\"valueName\":\"search_term_string\"}}],\"inLanguage\":\"es-CO\"},{\"@type\":\"Organization\",\"@id\":\"https:\/\/www.fiscalia.gov.co\/colombia\/#organization\",\"name\":\"Fiscal\u00eda General de la Naci\u00f3n\",\"url\":\"https:\/\/www.fiscalia.gov.co\/colombia\/\",\"logo\":{\"@type\":\"ImageObject\",\"inLanguage\":\"es-CO\",\"@id\":\"https:\/\/www.fiscalia.gov.co\/colombia\/#\/schema\/logo\/image\/\",\"url\":\"https:\/\/www.fiscalia.gov.co\/colombia\/wp-content\/uploads\/LogoHorizontal_1.jpg\",\"contentUrl\":\"https:\/\/www.fiscalia.gov.co\/colombia\/wp-content\/uploads\/LogoHorizontal_1.jpg\",\"width\":300,\"height\":90,\"caption\":\"Fiscal\u00eda General de la Naci\u00f3n\"},\"image\":{\"@id\":\"https:\/\/www.fiscalia.gov.co\/colombia\/#\/schema\/logo\/image\/\"},\"sameAs\":[\"https:\/\/www.facebook.com\/FiscaliaCol\",\"https:\/\/x.com\/FiscaliaCol\",\"https:\/\/www.instagram.com\/fiscaliacol\",\"https:\/\/www.linkedin.com\/company\/fiscalia-general-de-la-naci-n\/\",\"https:\/\/youtube.com\/@fiscaliageneraldelanacion-4668?si=6nN79nyQICPU5iTh\"]},{\"@type\":\"Person\",\"@id\":\"https:\/\/www.fiscalia.gov.co\/colombia\/#\/schema\/person\/bf84402cf293a5393e9c70b111020b24\",\"name\":\"Jordan Leandro Oviedo Anzola\",\"image\":{\"@type\":\"ImageObject\",\"inLanguage\":\"es-CO\",\"@id\":\"https:\/\/www.fiscalia.gov.co\/colombia\/#\/schema\/person\/image\/\",\"url\":\"https:\/\/secure.gravatar.com\/avatar\/dabba4346fa9b9207d96adafa8f92721?s=96&d=mm&r=g\",\"contentUrl\":\"https:\/\/secure.gravatar.com\/avatar\/dabba4346fa9b9207d96adafa8f92721?s=96&d=mm&r=g\",\"caption\":\"Jordan Leandro Oviedo Anzola\"},\"url\":\"https:\/\/www.fiscalia.gov.co\/colombia\/author\/joviedo\/\"}]}<\/script>\n<!-- \/ Yoast SEO plugin. -->","yoast_head_json":{"title":"Fiscal\u00eda General de la Naci\u00f3n","description":"P\u00e1gina oficial de la Fiscal\u00eda General de la Naci\u00f3n \u2013 Colombia. Garantizamos el acceso efectivo a la justicia, la verdad y la reparaci\u00f3n de las v\u00edctimas de los delitos.","robots":{"index":"noindex","follow":"follow"},"og_locale":"es_ES","og_type":"article","og_title":"Fiscal\u00eda General de la Naci\u00f3n","og_description":"P\u00e1gina oficial de la Fiscal\u00eda General de la Naci\u00f3n \u2013 Colombia. Garantizamos el acceso efectivo a la justicia, la verdad y la reparaci\u00f3n de las v\u00edctimas de los delitos.","og_url":"https:\/\/www.fiscalia.gov.co\/colombia\/noticias\/fiscalia-judicializa-a-seis-integrantes-de-la-policia-nacional-que-habrian-participado-en-la-tortura-y-posterior-homicidio-de-un-extranjero\/","og_site_name":"Fiscal\u00eda General de la Naci\u00f3n","article_publisher":"https:\/\/www.facebook.com\/FiscaliaCol","article_published_time":"2024-05-07T15:59:08+00:00","og_image":[{"url":"https:\/\/www.fiscalia.gov.co\/colombia\/wp-content\/uploads\/WhatsApp-Image-2024-05-07-at-10.00.46-AM-1024x576.jpeg","type":"","width":"","height":""}],"author":"Jordan Leandro Oviedo Anzola","twitter_card":"summary_large_image","twitter_creator":"@FiscaliaCol","twitter_site":"@FiscaliaCol","twitter_misc":{"Escrito por":"Jordan Leandro Oviedo Anzola","Tiempo de lectura":"3 minutos"},"schema":{"@context":"https:\/\/schema.org","@graph":[{"@type":"Article","@id":"https:\/\/www.fiscalia.gov.co\/colombia\/noticias\/fiscalia-judicializa-a-seis-integrantes-de-la-policia-nacional-que-habrian-participado-en-la-tortura-y-posterior-homicidio-de-un-extranjero\/#article","isPartOf":{"@id":"https:\/\/www.fiscalia.gov.co\/colombia\/noticias\/fiscalia-judicializa-a-seis-integrantes-de-la-policia-nacional-que-habrian-participado-en-la-tortura-y-posterior-homicidio-de-un-extranjero\/"},"author":{"name":"Jordan Leandro Oviedo Anzola","@id":"https:\/\/www.fiscalia.gov.co\/colombia\/#\/schema\/person\/bf84402cf293a5393e9c70b111020b24"},"headline":"Fiscal\u00eda judicializa a seis integrantes de la Polic\u00eda Nacional que habr\u00edan participado en la tortura y posterior homicidio de un extranjero","datePublished":"2024-05-07T15:59:08+00:00","dateModified":"2024-05-07T15:59:08+00:00","mainEntityOfPage":{"@id":"https:\/\/www.fiscalia.gov.co\/colombia\/noticias\/fiscalia-judicializa-a-seis-integrantes-de-la-policia-nacional-que-habrian-participado-en-la-tortura-y-posterior-homicidio-de-un-extranjero\/"},"wordCount":599,"publisher":{"@id":"https:\/\/www.fiscalia.gov.co\/colombia\/#organization"},"image":{"@id":"https:\/\/www.fiscalia.gov.co\/colombia\/noticias\/fiscalia-judicializa-a-seis-integrantes-de-la-policia-nacional-que-habrian-participado-en-la-tortura-y-posterior-homicidio-de-un-extranjero\/#primaryimage"},"thumbnailUrl":"https:\/\/www.fiscalia.gov.co\/colombia\/wp-content\/uploads\/WhatsApp-Image-2024-05-07-at-10.00.46-AM-1024x576.jpeg","keywords":["extranjero","fiscal Camargo","Fiscal Luz Adriana Camargo","Fiscal\u00eda General de la Naci\u00f3n","Homicidio","Luz Adriana Camargo","Manizales (Caldas)","otrtura","Polic\u00edas"],"articleSection":["Noticias","Seccional Manizales","Seccionales","Seguridad territorial"],"inLanguage":"es-CO"},{"@type":"WebPage","@id":"https:\/\/www.fiscalia.gov.co\/colombia\/noticias\/fiscalia-judicializa-a-seis-integrantes-de-la-policia-nacional-que-habrian-participado-en-la-tortura-y-posterior-homicidio-de-un-extranjero\/","url":"https:\/\/www.fiscalia.gov.co\/colombia\/noticias\/fiscalia-judicializa-a-seis-integrantes-de-la-policia-nacional-que-habrian-participado-en-la-tortura-y-posterior-homicidio-de-un-extranjero\/","name":"Fiscal\u00eda General de la Naci\u00f3n","isPartOf":{"@id":"https:\/\/www.fiscalia.gov.co\/colombia\/#website"},"primaryImageOfPage":{"@id":"https:\/\/www.fiscalia.gov.co\/colombia\/noticias\/fiscalia-judicializa-a-seis-integrantes-de-la-policia-nacional-que-habrian-participado-en-la-tortura-y-posterior-homicidio-de-un-extranjero\/#primaryimage"},"image":{"@id":"https:\/\/www.fiscalia.gov.co\/colombia\/noticias\/fiscalia-judicializa-a-seis-integrantes-de-la-policia-nacional-que-habrian-participado-en-la-tortura-y-posterior-homicidio-de-un-extranjero\/#primaryimage"},"thumbnailUrl":"https:\/\/www.fiscalia.gov.co\/colombia\/wp-content\/uploads\/WhatsApp-Image-2024-05-07-at-10.00.46-AM-1024x576.jpeg","datePublished":"2024-05-07T15:59:08+00:00","dateModified":"2024-05-07T15:59:08+00:00","description":"P\u00e1gina oficial de la Fiscal\u00eda General de la Naci\u00f3n \u2013 Colombia. Garantizamos el acceso efectivo a la justicia, la verdad y la reparaci\u00f3n de las v\u00edctimas de los delitos.","breadcrumb":{"@id":"https:\/\/www.fiscalia.gov.co\/colombia\/noticias\/fiscalia-judicializa-a-seis-integrantes-de-la-policia-nacional-que-habrian-participado-en-la-tortura-y-posterior-homicidio-de-un-extranjero\/#breadcrumb"},"inLanguage":"es-CO","potentialAction":[{"@type":"ReadAction","target":["https:\/\/www.fiscalia.gov.co\/colombia\/noticias\/fiscalia-judicializa-a-seis-integrantes-de-la-policia-nacional-que-habrian-participado-en-la-tortura-y-posterior-homicidio-de-un-extranjero\/"]}]},{"@type":"ImageObject","inLanguage":"es-CO","@id":"https:\/\/www.fiscalia.gov.co\/colombia\/noticias\/fiscalia-judicializa-a-seis-integrantes-de-la-policia-nacional-que-habrian-participado-en-la-tortura-y-posterior-homicidio-de-un-extranjero\/#primaryimage","url":"https:\/\/www.fiscalia.gov.co\/colombia\/wp-content\/uploads\/WhatsApp-Image-2024-05-07-at-10.00.46-AM-1024x576.jpeg","contentUrl":"https:\/\/www.fiscalia.gov.co\/colombia\/wp-content\/uploads\/WhatsApp-Image-2024-05-07-at-10.00.46-AM-1024x576.jpeg"},{"@type":"BreadcrumbList","@id":"https:\/\/www.fiscalia.gov.co\/colombia\/noticias\/fiscalia-judicializa-a-seis-integrantes-de-la-policia-nacional-que-habrian-participado-en-la-tortura-y-posterior-homicidio-de-un-extranjero\/#breadcrumb","itemListElement":[{"@type":"ListItem","position":1,"name":"Home","item":"https:\/\/www.fiscalia.gov.co\/colombia\/"},{"@type":"ListItem","position":2,"name":"Fiscal\u00eda judicializa a seis integrantes de la Polic\u00eda Nacional que habr\u00edan participado en la tortura y posterior homicidio de un extranjero"}]},{"@type":"WebSite","@id":"https:\/\/www.fiscalia.gov.co\/colombia\/#website","url":"https:\/\/www.fiscalia.gov.co\/colombia\/","name":"Fiscal\u00eda General de la Naci\u00f3n","description":"P\u00e1gina oficial de la Fiscal\u00eda General de la Naci\u00f3n \u2013 Colombia. Garantizamos el acceso efectivo a la justicia, la verdad y la reparaci\u00f3n de las v\u00edctimas de los delitos.","publisher":{"@id":"https:\/\/www.fiscalia.gov.co\/colombia\/#organization"},"potentialAction":[{"@type":"SearchAction","target":{"@type":"EntryPoint","urlTemplate":"https:\/\/www.fiscalia.gov.co\/colombia\/?s={search_term_string}"},"query-input":{"@type":"PropertyValueSpecification","valueRequired":true,"valueName":"search_term_string"}}],"inLanguage":"es-CO"},{"@type":"Organization","@id":"https:\/\/www.fiscalia.gov.co\/colombia\/#organization","name":"Fiscal\u00eda General de la Naci\u00f3n","url":"https:\/\/www.fiscalia.gov.co\/colombia\/","logo":{"@type":"ImageObject","inLanguage":"es-CO","@id":"https:\/\/www.fiscalia.gov.co\/colombia\/#\/schema\/logo\/image\/","url":"https:\/\/www.fiscalia.gov.co\/colombia\/wp-content\/uploads\/LogoHorizontal_1.jpg","contentUrl":"https:\/\/www.fiscalia.gov.co\/colombia\/wp-content\/uploads\/LogoHorizontal_1.jpg","width":300,"height":90,"caption":"Fiscal\u00eda General de la Naci\u00f3n"},"image":{"@id":"https:\/\/www.fiscalia.gov.co\/colombia\/#\/schema\/logo\/image\/"},"sameAs":["https:\/\/www.facebook.com\/FiscaliaCol","https:\/\/x.com\/FiscaliaCol","https:\/\/www.instagram.com\/fiscaliacol","https:\/\/www.linkedin.com\/company\/fiscalia-general-de-la-naci-n\/","https:\/\/youtube.com\/@fiscaliageneraldelanacion-4668?si=6nN79nyQICPU5iTh"]},{"@type":"Person","@id":"https:\/\/www.fiscalia.gov.co\/colombia\/#\/schema\/person\/bf84402cf293a5393e9c70b111020b24","name":"Jordan Leandro Oviedo Anzola","image":{"@type":"ImageObject","inLanguage":"es-CO","@id":"https:\/\/www.fiscalia.gov.co\/colombia\/#\/schema\/person\/image\/","url":"https:\/\/secure.gravatar.com\/avatar\/dabba4346fa9b9207d96adafa8f92721?s=96&d=mm&r=g","contentUrl":"https:\/\/secure.gravatar.com\/avatar\/dabba4346fa9b9207d96adafa8f92721?s=96&d=mm&r=g","caption":"Jordan Leandro Oviedo Anzola"},"url":"https:\/\/www.fiscalia.gov.co\/colombia\/author\/joviedo\/"}]}},"_links":{"self":[{"href":"https:\/\/www.fiscalia.gov.co\/colombia\/wp-json\/wp\/v2\/posts\/294602","targetHints":{"allow":["GET"]}}],"collection":[{"href":"https:\/\/www.fiscalia.gov.co\/colombia\/wp-json\/wp\/v2\/posts"}],"about":[{"href":"https:\/\/www.fiscalia.gov.co\/colombia\/wp-json\/wp\/v2\/types\/post"}],"author":[{"embeddable":true,"href":"https:\/\/www.fiscalia.gov.co\/colombia\/wp-json\/wp\/v2\/users\/177"}],"replies":[{"embeddable":true,"href":"https:\/\/www.fiscalia.gov.co\/colombia\/wp-json\/wp\/v2\/comments?post=294602"}],"version-history":[{"count":1,"href":"https:\/\/www.fiscalia.gov.co\/colombia\/wp-json\/wp\/v2\/posts\/294602\/revisions"}],"predecessor-version":[{"id":294607,"href":"https:\/\/www.fiscalia.gov.co\/colombia\/wp-json\/wp\/v2\/posts\/294602\/revisions\/294607"}],"wp:attachment":[{"href":"https:\/\/www.fiscalia.gov.co\/colombia\/wp-json\/wp\/v2\/media?parent=294602"}],"wp:term":[{"taxonomy":"category","embeddable":true,"href":"https:\/\/www.fiscalia.gov.co\/colombia\/wp-json\/wp\/v2\/categories?post=294602"},{"taxonomy":"post_tag","embeddable":true,"href":"https:\/\/www.fiscalia.gov.co\/colombia\/wp-json\/wp\/v2\/tags?post=294602"}],"curies":[{"name":"wp","href":"https:\/\/api.w.org\/{rel}","templated":true}]}}