{"id":294529,"date":"2024-05-07T08:02:00","date_gmt":"2024-05-07T13:02:00","guid":{"rendered":"https:\/\/www.fiscalia.gov.co\/colombia\/?p=294529"},"modified":"2024-05-07T09:01:43","modified_gmt":"2024-05-07T14:01:43","slug":"carcel-para-hombre-que-habria-participado-en-el-homicidio-de-un-integrante-de-la-policia-nacional-en-medellin","status":"publish","type":"post","link":"https:\/\/www.fiscalia.gov.co\/colombia\/noticias\/carcel-para-hombre-que-habria-participado-en-el-homicidio-de-un-integrante-de-la-policia-nacional-en-medellin\/","title":{"rendered":"C\u00e1rcel para hombre que habr\u00eda participado en el homicidio de un integrante de la Polic\u00eda Nacional en Medell\u00edn"},"content":{"rendered":"<h4 style=\"text-align: center;\"><em><strong><span class=\"s6\"><span class=\"bumpedFont15\">Los hechos ocurrieron el pasado 1 de mayo<\/span><\/span><span class=\"s6\"><span class=\"bumpedFont15\">, durante un hurto registrado <\/span><\/span><span class=\"s6\"><span class=\"bumpedFont15\">en el barrio Laureles<\/span><\/span><span class=\"s6\"><span class=\"bumpedFont15\">.<\/span><\/span><\/strong><\/em><\/h4>\n<p class=\"s7\"><span class=\"s8\"><span class=\"bumpedFont15\">Ante l<\/span><\/span><span class=\"s8\"><span class=\"bumpedFont15\">a contundencia del material probatorio recaudado por la <\/span><\/span><span class=\"s8\"><span class=\"bumpedFont15\">Fiscal\u00eda General de la Naci\u00f3n<\/span><\/span><span class=\"s8\"><span class=\"bumpedFont15\">,<\/span><\/span> <span class=\"s8\"><span class=\"bumpedFont15\">u<\/span><\/span><span class=\"s8\"><span class=\"bumpedFont15\">n juez de control de garant\u00edas impus<\/span><\/span><span class=\"s8\"><span class=\"bumpedFont15\">o<\/span><\/span><span class=\"s8\"><span class=\"bumpedFont15\"> medida de aseguramiento en centro carcelario a Jhon Steven Cuervo Olarte, <\/span><\/span><span class=\"s8\"><span class=\"bumpedFont15\">uno de los presuntos implicados en el homicidio del subintendente de la Polic\u00eda Nacional Juan Esteban Cort\u00e9s P\u00e9rez, ocurrido <\/span><\/span><span class=\"s8\"><span class=\"bumpedFont15\">el pasado 1 de mayo<\/span><\/span><span class=\"s8\"><span class=\"bumpedFont15\">,<\/span><\/span><span class=\"s8\"><span class=\"bumpedFont15\"> en el barrio Laureles de Medell\u00edn<\/span><\/span><span class=\"s8\"><span class=\"bumpedFont15\"> (Antioquia)<\/span><\/span><span class=\"s8\"><span class=\"bumpedFont15\">.<\/span><\/span><\/p>\n<p class=\"s7\"><span class=\"s8\"><span class=\"bumpedFont15\">Este hombre, <\/span><\/span><span class=\"s8\"><span class=\"bumpedFont15\">al parecer<\/span><\/span><span class=\"s8\"><span class=\"bumpedFont15\">, h<\/span><\/span><span class=\"s8\"><span class=\"bumpedFont15\">izo parte d<\/span><\/span><span class=\"s8\"><span class=\"bumpedFont15\">el grupo <\/span><\/span><span class=\"s8\"><span class=\"bumpedFont15\">armado<\/span><\/span><span class=\"s8\"><span class=\"bumpedFont15\"> que ingres\u00f3 a la vivienda de un ingeniero<\/span><\/span><span class=\"s8\"><span class=\"bumpedFont15\">,<\/span><\/span> <span class=\"s8\"><span class=\"bumpedFont15\">y <\/span><\/span><span class=\"s8\"><span class=\"bumpedFont15\">lo despoj\u00f3 de 17<\/span><\/span><span class=\"s8\"><span class=\"bumpedFont15\">millones de pesos en efectivo y varias joyas.\u00a0<\/span><\/span><\/p>\n<p class=\"s7\"><span class=\"s8\"><span class=\"bumpedFont15\">D<\/span><\/span><span class=\"s8\"><span class=\"bumpedFont15\">os <\/span><\/span><span class=\"s8\"><span class=\"bumpedFont15\">integrantes de <\/span><\/span><span class=\"s8\"><span class=\"bumpedFont15\">la polic\u00eda de vigilancia <\/span><\/span><span class=\"s8\"><span class=\"bumpedFont15\">llegaron al sitio para atender la situaci\u00f3n y fueron atacados con armas de fuego por los se\u00f1alados delincuentes, que vest\u00edan prendas de uso exclusivo de la polic\u00eda judicial. En medio de un intercambio de disparos, uno de los uniformados falleci\u00f3 y dos de los asaltantes quedaron heridos, uno de ellos muri\u00f3 horas despu\u00e9s en un centro asistencial.<\/span><\/span><\/p>\n<p class=\"s7\"><span class=\"s8\"><span class=\"bumpedFont15\">Videos de c\u00e1maras de seguridad y otros elementos de prueba obtenidos indican que <\/span><\/span><span class=\"s8\"><span class=\"bumpedFont15\">Cuervo Olarte<\/span><\/span><span class=\"s8\"><span class=\"bumpedFont15\">, de 27 a\u00f1os, habr\u00eda participado en el robo y <\/span><\/span><span class=\"s8\"><span class=\"bumpedFont15\">la posterior huida de algunos de los presuntos responsables<\/span><\/span><span class=\"s8\"><span class=\"bumpedFont15\">. <\/span><\/span><\/p>\n<p class=\"s7\"><span class=\"s8\"><span class=\"bumpedFont15\">En ese sentido, un fiscal <\/span><\/span><span class=\"s8\"><span class=\"bumpedFont15\">de la Unidad de Alertas Tempranas de Homicidio <\/span><\/span><span class=\"s8\"><span class=\"bumpedFont15\">de la Seccional Medell\u00edn le <\/span><\/span><span class=\"s8\"><span class=\"bumpedFont15\">imput\u00f3 <\/span><\/span><span class=\"s8\"><span class=\"bumpedFont15\">los delitos de homicidio<\/span><\/span><span class=\"s8\"><span class=\"bumpedFont15\"> y<\/span><\/span><span class=\"s8\"><span class=\"bumpedFont15\"> hurto calificado<\/span><\/span><span class=\"s8\"><span class=\"bumpedFont15\">,<\/span><\/span><span class=\"s8\"><span class=\"bumpedFont15\"> ambas conductas <\/span><\/span><span class=\"s8\"><span class=\"bumpedFont15\">agravad<\/span><\/span><span class=\"s8\"><span class=\"bumpedFont15\">as; <\/span><\/span><span class=\"s8\"><span class=\"bumpedFont15\">fabricaci\u00f3n, tr\u00e1fico, porte o tenencia de armas de fuego<\/span><\/span><span class=\"s8\"><span class=\"bumpedFont15\"> de uso personal; y <\/span><\/span><span class=\"s8\"><span class=\"bumpedFont15\">fabricaci\u00f3n, tr\u00e1fico<\/span><\/span><span class=\"s8\"><span class=\"bumpedFont15\">, <\/span><\/span><span class=\"s8\"><span class=\"bumpedFont15\">porte de armas<\/span><\/span><span class=\"s8\"><span class=\"bumpedFont15\"> y<\/span><\/span><span class=\"s8\"><span class=\"bumpedFont15\">municiones de uso privativo de las Fuerzas Armadas<\/span><\/span><span class=\"s8\"><span class=\"bumpedFont15\">.<\/span><\/span><\/p>\n<p class=\"s7\"><span class=\"s8\"><span class=\"bumpedFont15\">Los cargos no fueron aceptados por el procesado.<\/span><\/span><\/p>\n<p class=\"s7\"><span class=\"s9\"><span class=\"bumpedFont15\">NAMT\/<\/span><\/span><span class=\"s9\"><span class=\"bumpedFont15\">MAGA\/<\/span><\/span><span class=\"s9\"><span class=\"bumpedFont15\">RS\/DSM<\/span><\/span><span class=\"s9\"><span class=\"bumpedFont15\">\/JARG.<\/span><\/span><\/p>\n<p>&nbsp;<\/p>\n<p><em>La informaci\u00f3n contenida en este bolet\u00edn de prensa corresponde a la narraci\u00f3n de los hechos noticiosos objetivos, suministrados por los funcionarios encargados de adelantar las investigaciones penales al interior de la Fiscal\u00eda General de la Naci\u00f3n. Para el momento de la divulgaci\u00f3n de este comunicado, la situaci\u00f3n jur\u00eddica de la(s) persona(s) relacionada(s) se encuentra pendiente de resolver por la autoridad judicial competente, siempre bajo los preceptos de la presunci\u00f3n de inocencia, consagrados en el art\u00edculo 29 de la Constituci\u00f3n Pol\u00edtica y el art\u00edculo 7\u00ba de la Ley 906 de 2004.<\/em><\/p>\n<p>&nbsp;<\/p>\n\n<div class=\"twitter-share\"><a href=\"https:\/\/twitter.com\/intent\/tweet?via=fiscaliacol\" class=\"twitter-share-button\">Tweet<\/a><\/div>\n","protected":false},"excerpt":{"rendered":"<p>Los hechos ocurrieron el pasado 1 de mayo, durante un hurto registrado en el barrio Laureles. Ante la contundencia del material probatorio recaudado por la Fiscal\u00eda General de la Naci\u00f3n, un juez de control de garant\u00edas impuso medida de aseguramiento en centro carcelario a Jhon Steven Cuervo Olarte, uno de los presuntos implicados en el [&hellip;]<\/p>\n","protected":false},"author":178,"featured_media":0,"comment_status":"closed","ping_status":"open","sticky":false,"template":"","format":"standard","meta":{"_price":"","_stock":"","_tribe_ticket_header":"","_tribe_default_ticket_provider":"","_tribe_ticket_capacity":"0","_ticket_start_date":"","_ticket_end_date":"","_tribe_ticket_show_description":"","_tribe_ticket_show_not_going":false,"_tribe_ticket_use_global_stock":"","_tribe_ticket_global_stock_level":"","_global_stock_mode":"","_global_stock_cap":"","_tribe_rsvp_for_event":"","_tribe_ticket_going_count":"","_tribe_ticket_not_going_count":"","_tribe_tickets_list":"[]","_tribe_ticket_has_attendee_info_fields":false,"tdm_status":"","tdm_grid_status":"","footnotes":""},"categories":[1,24099],"tags":[37492,1047,558],"class_list":{"0":"post-294529","1":"post","2":"type-post","3":"status-publish","4":"format-standard","6":"category-noticias","7":"category-seguridad-territorial","8":"tag-fiscal-luz-adriana-camargo","9":"tag-fiscalia-general-de-la-nacion","10":"tag-policia-nacional"},"yoast_head":"<!-- This site is optimized with the Yoast SEO plugin v24.3 - https:\/\/yoast.com\/wordpress\/plugins\/seo\/ -->\n<title>Fiscal\u00eda General de la Naci\u00f3n<\/title>\n<meta name=\"description\" content=\"P\u00e1gina oficial de la Fiscal\u00eda General de la Naci\u00f3n \u2013 Colombia. Garantizamos el acceso efectivo a la justicia, la verdad y la reparaci\u00f3n de las v\u00edctimas de los delitos.\" \/>\n<meta name=\"robots\" content=\"noindex, follow\" \/>\n<meta property=\"og:locale\" content=\"es_ES\" \/>\n<meta property=\"og:type\" content=\"article\" \/>\n<meta property=\"og:title\" content=\"Fiscal\u00eda General de la Naci\u00f3n\" \/>\n<meta property=\"og:description\" content=\"P\u00e1gina oficial de la Fiscal\u00eda General de la Naci\u00f3n \u2013 Colombia. Garantizamos el acceso efectivo a la justicia, la verdad y la reparaci\u00f3n de las v\u00edctimas de los delitos.\" \/>\n<meta property=\"og:url\" content=\"https:\/\/www.fiscalia.gov.co\/colombia\/noticias\/carcel-para-hombre-que-habria-participado-en-el-homicidio-de-un-integrante-de-la-policia-nacional-en-medellin\/\" \/>\n<meta property=\"og:site_name\" content=\"Fiscal\u00eda General de la Naci\u00f3n\" \/>\n<meta property=\"article:publisher\" content=\"https:\/\/www.facebook.com\/FiscaliaCol\" \/>\n<meta property=\"article:published_time\" content=\"2024-05-07T13:02:00+00:00\" \/>\n<meta property=\"article:modified_time\" content=\"2024-05-07T14:01:43+00:00\" \/>\n<meta name=\"author\" content=\"Winnie Geraldine Rodr\u00edguez Navarrete\" \/>\n<meta name=\"twitter:card\" content=\"summary_large_image\" \/>\n<meta name=\"twitter:creator\" content=\"@FiscaliaCol\" \/>\n<meta name=\"twitter:site\" content=\"@FiscaliaCol\" \/>\n<meta name=\"twitter:label1\" content=\"Escrito por\" \/>\n\t<meta name=\"twitter:data1\" content=\"Winnie Geraldine Rodr\u00edguez Navarrete\" \/>\n\t<meta name=\"twitter:label2\" content=\"Tiempo de lectura\" \/>\n\t<meta name=\"twitter:data2\" content=\"2 minutos\" \/>\n<script type=\"application\/ld+json\" class=\"yoast-schema-graph\">{\"@context\":\"https:\/\/schema.org\",\"@graph\":[{\"@type\":\"Article\",\"@id\":\"https:\/\/www.fiscalia.gov.co\/colombia\/noticias\/carcel-para-hombre-que-habria-participado-en-el-homicidio-de-un-integrante-de-la-policia-nacional-en-medellin\/#article\",\"isPartOf\":{\"@id\":\"https:\/\/www.fiscalia.gov.co\/colombia\/noticias\/carcel-para-hombre-que-habria-participado-en-el-homicidio-de-un-integrante-de-la-policia-nacional-en-medellin\/\"},\"author\":{\"name\":\"Winnie Geraldine Rodr\u00edguez Navarrete\",\"@id\":\"https:\/\/www.fiscalia.gov.co\/colombia\/#\/schema\/person\/176195b99ebab0a52aafa15197e1bf80\"},\"headline\":\"C\u00e1rcel para hombre que habr\u00eda participado en el homicidio de un integrante de la Polic\u00eda Nacional en Medell\u00edn\",\"datePublished\":\"2024-05-07T13:02:00+00:00\",\"dateModified\":\"2024-05-07T14:01:43+00:00\",\"mainEntityOfPage\":{\"@id\":\"https:\/\/www.fiscalia.gov.co\/colombia\/noticias\/carcel-para-hombre-que-habria-participado-en-el-homicidio-de-un-integrante-de-la-policia-nacional-en-medellin\/\"},\"wordCount\":425,\"publisher\":{\"@id\":\"https:\/\/www.fiscalia.gov.co\/colombia\/#organization\"},\"keywords\":[\"Fiscal Luz Adriana Camargo\",\"Fiscal\u00eda General de la Naci\u00f3n\",\"Polic\u00eda Nacional\"],\"articleSection\":[\"Noticias\",\"Seguridad territorial\"],\"inLanguage\":\"es-CO\"},{\"@type\":\"WebPage\",\"@id\":\"https:\/\/www.fiscalia.gov.co\/colombia\/noticias\/carcel-para-hombre-que-habria-participado-en-el-homicidio-de-un-integrante-de-la-policia-nacional-en-medellin\/\",\"url\":\"https:\/\/www.fiscalia.gov.co\/colombia\/noticias\/carcel-para-hombre-que-habria-participado-en-el-homicidio-de-un-integrante-de-la-policia-nacional-en-medellin\/\",\"name\":\"Fiscal\u00eda General de la Naci\u00f3n\",\"isPartOf\":{\"@id\":\"https:\/\/www.fiscalia.gov.co\/colombia\/#website\"},\"datePublished\":\"2024-05-07T13:02:00+00:00\",\"dateModified\":\"2024-05-07T14:01:43+00:00\",\"description\":\"P\u00e1gina oficial de la Fiscal\u00eda General de la Naci\u00f3n \u2013 Colombia. Garantizamos el acceso efectivo a la justicia, la verdad y la reparaci\u00f3n de las v\u00edctimas de los delitos.\",\"breadcrumb\":{\"@id\":\"https:\/\/www.fiscalia.gov.co\/colombia\/noticias\/carcel-para-hombre-que-habria-participado-en-el-homicidio-de-un-integrante-de-la-policia-nacional-en-medellin\/#breadcrumb\"},\"inLanguage\":\"es-CO\",\"potentialAction\":[{\"@type\":\"ReadAction\",\"target\":[\"https:\/\/www.fiscalia.gov.co\/colombia\/noticias\/carcel-para-hombre-que-habria-participado-en-el-homicidio-de-un-integrante-de-la-policia-nacional-en-medellin\/\"]}]},{\"@type\":\"BreadcrumbList\",\"@id\":\"https:\/\/www.fiscalia.gov.co\/colombia\/noticias\/carcel-para-hombre-que-habria-participado-en-el-homicidio-de-un-integrante-de-la-policia-nacional-en-medellin\/#breadcrumb\",\"itemListElement\":[{\"@type\":\"ListItem\",\"position\":1,\"name\":\"Home\",\"item\":\"https:\/\/www.fiscalia.gov.co\/colombia\/\"},{\"@type\":\"ListItem\",\"position\":2,\"name\":\"C\u00e1rcel para hombre que habr\u00eda participado en el homicidio de un integrante de la Polic\u00eda Nacional en Medell\u00edn\"}]},{\"@type\":\"WebSite\",\"@id\":\"https:\/\/www.fiscalia.gov.co\/colombia\/#website\",\"url\":\"https:\/\/www.fiscalia.gov.co\/colombia\/\",\"name\":\"Fiscal\u00eda General de la Naci\u00f3n\",\"description\":\"P\u00e1gina oficial de la Fiscal\u00eda General de la Naci\u00f3n \u2013 Colombia. Garantizamos el acceso efectivo a la justicia, la verdad y la reparaci\u00f3n de las v\u00edctimas de los delitos.\",\"publisher\":{\"@id\":\"https:\/\/www.fiscalia.gov.co\/colombia\/#organization\"},\"potentialAction\":[{\"@type\":\"SearchAction\",\"target\":{\"@type\":\"EntryPoint\",\"urlTemplate\":\"https:\/\/www.fiscalia.gov.co\/colombia\/?s={search_term_string}\"},\"query-input\":{\"@type\":\"PropertyValueSpecification\",\"valueRequired\":true,\"valueName\":\"search_term_string\"}}],\"inLanguage\":\"es-CO\"},{\"@type\":\"Organization\",\"@id\":\"https:\/\/www.fiscalia.gov.co\/colombia\/#organization\",\"name\":\"Fiscal\u00eda General de la Naci\u00f3n\",\"url\":\"https:\/\/www.fiscalia.gov.co\/colombia\/\",\"logo\":{\"@type\":\"ImageObject\",\"inLanguage\":\"es-CO\",\"@id\":\"https:\/\/www.fiscalia.gov.co\/colombia\/#\/schema\/logo\/image\/\",\"url\":\"https:\/\/www.fiscalia.gov.co\/colombia\/wp-content\/uploads\/LogoHorizontal_1.jpg\",\"contentUrl\":\"https:\/\/www.fiscalia.gov.co\/colombia\/wp-content\/uploads\/LogoHorizontal_1.jpg\",\"width\":300,\"height\":90,\"caption\":\"Fiscal\u00eda General de la Naci\u00f3n\"},\"image\":{\"@id\":\"https:\/\/www.fiscalia.gov.co\/colombia\/#\/schema\/logo\/image\/\"},\"sameAs\":[\"https:\/\/www.facebook.com\/FiscaliaCol\",\"https:\/\/x.com\/FiscaliaCol\",\"https:\/\/www.instagram.com\/fiscaliacol\",\"https:\/\/www.linkedin.com\/company\/fiscalia-general-de-la-naci-n\/\",\"https:\/\/youtube.com\/@fiscaliageneraldelanacion-4668?si=6nN79nyQICPU5iTh\"]},{\"@type\":\"Person\",\"@id\":\"https:\/\/www.fiscalia.gov.co\/colombia\/#\/schema\/person\/176195b99ebab0a52aafa15197e1bf80\",\"name\":\"Winnie Geraldine Rodr\u00edguez Navarrete\",\"image\":{\"@type\":\"ImageObject\",\"inLanguage\":\"es-CO\",\"@id\":\"https:\/\/www.fiscalia.gov.co\/colombia\/#\/schema\/person\/image\/\",\"url\":\"https:\/\/secure.gravatar.com\/avatar\/c24cf8481dc84fa5e8c7b20bc95ab0c6?s=96&d=mm&r=g\",\"contentUrl\":\"https:\/\/secure.gravatar.com\/avatar\/c24cf8481dc84fa5e8c7b20bc95ab0c6?s=96&d=mm&r=g\",\"caption\":\"Winnie Geraldine Rodr\u00edguez Navarrete\"},\"url\":\"https:\/\/www.fiscalia.gov.co\/colombia\/author\/winnierodriguez\/\"}]}<\/script>\n<!-- \/ Yoast SEO plugin. -->","yoast_head_json":{"title":"Fiscal\u00eda General de la Naci\u00f3n","description":"P\u00e1gina oficial de la Fiscal\u00eda General de la Naci\u00f3n \u2013 Colombia. Garantizamos el acceso efectivo a la justicia, la verdad y la reparaci\u00f3n de las v\u00edctimas de los delitos.","robots":{"index":"noindex","follow":"follow"},"og_locale":"es_ES","og_type":"article","og_title":"Fiscal\u00eda General de la Naci\u00f3n","og_description":"P\u00e1gina oficial de la Fiscal\u00eda General de la Naci\u00f3n \u2013 Colombia. Garantizamos el acceso efectivo a la justicia, la verdad y la reparaci\u00f3n de las v\u00edctimas de los delitos.","og_url":"https:\/\/www.fiscalia.gov.co\/colombia\/noticias\/carcel-para-hombre-que-habria-participado-en-el-homicidio-de-un-integrante-de-la-policia-nacional-en-medellin\/","og_site_name":"Fiscal\u00eda General de la Naci\u00f3n","article_publisher":"https:\/\/www.facebook.com\/FiscaliaCol","article_published_time":"2024-05-07T13:02:00+00:00","article_modified_time":"2024-05-07T14:01:43+00:00","author":"Winnie Geraldine Rodr\u00edguez Navarrete","twitter_card":"summary_large_image","twitter_creator":"@FiscaliaCol","twitter_site":"@FiscaliaCol","twitter_misc":{"Escrito por":"Winnie Geraldine Rodr\u00edguez Navarrete","Tiempo de lectura":"2 minutos"},"schema":{"@context":"https:\/\/schema.org","@graph":[{"@type":"Article","@id":"https:\/\/www.fiscalia.gov.co\/colombia\/noticias\/carcel-para-hombre-que-habria-participado-en-el-homicidio-de-un-integrante-de-la-policia-nacional-en-medellin\/#article","isPartOf":{"@id":"https:\/\/www.fiscalia.gov.co\/colombia\/noticias\/carcel-para-hombre-que-habria-participado-en-el-homicidio-de-un-integrante-de-la-policia-nacional-en-medellin\/"},"author":{"name":"Winnie Geraldine Rodr\u00edguez Navarrete","@id":"https:\/\/www.fiscalia.gov.co\/colombia\/#\/schema\/person\/176195b99ebab0a52aafa15197e1bf80"},"headline":"C\u00e1rcel para hombre que habr\u00eda participado en el homicidio de un integrante de la Polic\u00eda Nacional en Medell\u00edn","datePublished":"2024-05-07T13:02:00+00:00","dateModified":"2024-05-07T14:01:43+00:00","mainEntityOfPage":{"@id":"https:\/\/www.fiscalia.gov.co\/colombia\/noticias\/carcel-para-hombre-que-habria-participado-en-el-homicidio-de-un-integrante-de-la-policia-nacional-en-medellin\/"},"wordCount":425,"publisher":{"@id":"https:\/\/www.fiscalia.gov.co\/colombia\/#organization"},"keywords":["Fiscal Luz Adriana Camargo","Fiscal\u00eda General de la Naci\u00f3n","Polic\u00eda Nacional"],"articleSection":["Noticias","Seguridad territorial"],"inLanguage":"es-CO"},{"@type":"WebPage","@id":"https:\/\/www.fiscalia.gov.co\/colombia\/noticias\/carcel-para-hombre-que-habria-participado-en-el-homicidio-de-un-integrante-de-la-policia-nacional-en-medellin\/","url":"https:\/\/www.fiscalia.gov.co\/colombia\/noticias\/carcel-para-hombre-que-habria-participado-en-el-homicidio-de-un-integrante-de-la-policia-nacional-en-medellin\/","name":"Fiscal\u00eda General de la Naci\u00f3n","isPartOf":{"@id":"https:\/\/www.fiscalia.gov.co\/colombia\/#website"},"datePublished":"2024-05-07T13:02:00+00:00","dateModified":"2024-05-07T14:01:43+00:00","description":"P\u00e1gina oficial de la Fiscal\u00eda General de la Naci\u00f3n \u2013 Colombia. Garantizamos el acceso efectivo a la justicia, la verdad y la reparaci\u00f3n de las v\u00edctimas de los delitos.","breadcrumb":{"@id":"https:\/\/www.fiscalia.gov.co\/colombia\/noticias\/carcel-para-hombre-que-habria-participado-en-el-homicidio-de-un-integrante-de-la-policia-nacional-en-medellin\/#breadcrumb"},"inLanguage":"es-CO","potentialAction":[{"@type":"ReadAction","target":["https:\/\/www.fiscalia.gov.co\/colombia\/noticias\/carcel-para-hombre-que-habria-participado-en-el-homicidio-de-un-integrante-de-la-policia-nacional-en-medellin\/"]}]},{"@type":"BreadcrumbList","@id":"https:\/\/www.fiscalia.gov.co\/colombia\/noticias\/carcel-para-hombre-que-habria-participado-en-el-homicidio-de-un-integrante-de-la-policia-nacional-en-medellin\/#breadcrumb","itemListElement":[{"@type":"ListItem","position":1,"name":"Home","item":"https:\/\/www.fiscalia.gov.co\/colombia\/"},{"@type":"ListItem","position":2,"name":"C\u00e1rcel para hombre que habr\u00eda participado en el homicidio de un integrante de la Polic\u00eda Nacional en Medell\u00edn"}]},{"@type":"WebSite","@id":"https:\/\/www.fiscalia.gov.co\/colombia\/#website","url":"https:\/\/www.fiscalia.gov.co\/colombia\/","name":"Fiscal\u00eda General de la Naci\u00f3n","description":"P\u00e1gina oficial de la Fiscal\u00eda General de la Naci\u00f3n \u2013 Colombia. Garantizamos el acceso efectivo a la justicia, la verdad y la reparaci\u00f3n de las v\u00edctimas de los delitos.","publisher":{"@id":"https:\/\/www.fiscalia.gov.co\/colombia\/#organization"},"potentialAction":[{"@type":"SearchAction","target":{"@type":"EntryPoint","urlTemplate":"https:\/\/www.fiscalia.gov.co\/colombia\/?s={search_term_string}"},"query-input":{"@type":"PropertyValueSpecification","valueRequired":true,"valueName":"search_term_string"}}],"inLanguage":"es-CO"},{"@type":"Organization","@id":"https:\/\/www.fiscalia.gov.co\/colombia\/#organization","name":"Fiscal\u00eda General de la Naci\u00f3n","url":"https:\/\/www.fiscalia.gov.co\/colombia\/","logo":{"@type":"ImageObject","inLanguage":"es-CO","@id":"https:\/\/www.fiscalia.gov.co\/colombia\/#\/schema\/logo\/image\/","url":"https:\/\/www.fiscalia.gov.co\/colombia\/wp-content\/uploads\/LogoHorizontal_1.jpg","contentUrl":"https:\/\/www.fiscalia.gov.co\/colombia\/wp-content\/uploads\/LogoHorizontal_1.jpg","width":300,"height":90,"caption":"Fiscal\u00eda General de la Naci\u00f3n"},"image":{"@id":"https:\/\/www.fiscalia.gov.co\/colombia\/#\/schema\/logo\/image\/"},"sameAs":["https:\/\/www.facebook.com\/FiscaliaCol","https:\/\/x.com\/FiscaliaCol","https:\/\/www.instagram.com\/fiscaliacol","https:\/\/www.linkedin.com\/company\/fiscalia-general-de-la-naci-n\/","https:\/\/youtube.com\/@fiscaliageneraldelanacion-4668?si=6nN79nyQICPU5iTh"]},{"@type":"Person","@id":"https:\/\/www.fiscalia.gov.co\/colombia\/#\/schema\/person\/176195b99ebab0a52aafa15197e1bf80","name":"Winnie Geraldine Rodr\u00edguez Navarrete","image":{"@type":"ImageObject","inLanguage":"es-CO","@id":"https:\/\/www.fiscalia.gov.co\/colombia\/#\/schema\/person\/image\/","url":"https:\/\/secure.gravatar.com\/avatar\/c24cf8481dc84fa5e8c7b20bc95ab0c6?s=96&d=mm&r=g","contentUrl":"https:\/\/secure.gravatar.com\/avatar\/c24cf8481dc84fa5e8c7b20bc95ab0c6?s=96&d=mm&r=g","caption":"Winnie Geraldine Rodr\u00edguez Navarrete"},"url":"https:\/\/www.fiscalia.gov.co\/colombia\/author\/winnierodriguez\/"}]}},"_links":{"self":[{"href":"https:\/\/www.fiscalia.gov.co\/colombia\/wp-json\/wp\/v2\/posts\/294529","targetHints":{"allow":["GET"]}}],"collection":[{"href":"https:\/\/www.fiscalia.gov.co\/colombia\/wp-json\/wp\/v2\/posts"}],"about":[{"href":"https:\/\/www.fiscalia.gov.co\/colombia\/wp-json\/wp\/v2\/types\/post"}],"author":[{"embeddable":true,"href":"https:\/\/www.fiscalia.gov.co\/colombia\/wp-json\/wp\/v2\/users\/178"}],"replies":[{"embeddable":true,"href":"https:\/\/www.fiscalia.gov.co\/colombia\/wp-json\/wp\/v2\/comments?post=294529"}],"version-history":[{"count":3,"href":"https:\/\/www.fiscalia.gov.co\/colombia\/wp-json\/wp\/v2\/posts\/294529\/revisions"}],"predecessor-version":[{"id":294532,"href":"https:\/\/www.fiscalia.gov.co\/colombia\/wp-json\/wp\/v2\/posts\/294529\/revisions\/294532"}],"wp:attachment":[{"href":"https:\/\/www.fiscalia.gov.co\/colombia\/wp-json\/wp\/v2\/media?parent=294529"}],"wp:term":[{"taxonomy":"category","embeddable":true,"href":"https:\/\/www.fiscalia.gov.co\/colombia\/wp-json\/wp\/v2\/categories?post=294529"},{"taxonomy":"post_tag","embeddable":true,"href":"https:\/\/www.fiscalia.gov.co\/colombia\/wp-json\/wp\/v2\/tags?post=294529"}],"curies":[{"name":"wp","href":"https:\/\/api.w.org\/{rel}","templated":true}]}}