{"id":294418,"date":"2024-05-03T15:24:37","date_gmt":"2024-05-03T20:24:37","guid":{"rendered":"https:\/\/www.fiscalia.gov.co\/colombia\/?p=294418"},"modified":"2024-05-03T15:29:47","modified_gmt":"2024-05-03T20:29:47","slug":"fiscalia-logra-la-judicializacion-de-dos-presuntos-abusadores-sexuales-en-cordoba","status":"publish","type":"post","link":"https:\/\/www.fiscalia.gov.co\/colombia\/noticias\/fiscalia-logra-la-judicializacion-de-dos-presuntos-abusadores-sexuales-en-cordoba\/","title":{"rendered":"Fiscal\u00eda logra la judicializaci\u00f3n de dos presuntos abusadores sexuales en C\u00f3rdoba"},"content":{"rendered":"<blockquote>\n<h4><strong><i>Uno de los procesados habr\u00eda accedido a un joven con discapacidad.<\/i><\/strong><\/h4>\n<\/blockquote>\n<p>Luego de acoger la solicitud de una fiscal del Centro de <a href=\"https:\/\/www.fiscalia.gov.co\/colombia\/noticias\/a-la-carcel-dos-presuntos-abusadores-de-menores-uno-de-ellos-habria-abusado-de-la-nieta-de-su-pareja-sentimental\/\" target=\"_blank\" rel=\"noopener\">Atenci\u00f3n a V\u00edctimas de Abuso Sexual (Caivas)<\/a>, jueces de control de garant\u00edas envi\u00f3 a la c\u00e1rcel a dos hombres que estar\u00edan involucrados en agresiones sexuales. <strong>Los delitos habr\u00edan sido cometidos en C\u00f3rdoba.<\/strong><\/p>\n<p><strong>El primero de los casos involucrar\u00eda a un hombre de 56 a\u00f1os, presuntamente responsable de agredir sexualmente a su sobrino pol\u00edtico, de 12 a\u00f1os.<\/strong> Los hechos ocurrieron entre junio de 2022 y julio del 2023 en el barrio La Victoria del corregimiento de Berastegui en Ci\u00e9naga de Oro.<\/p>\n<figure id=\"attachment_294422\" aria-describedby=\"caption-attachment-294422\" style=\"width: 225px\" class=\"wp-caption aligncenter\"><img loading=\"lazy\" decoding=\"async\" class=\"size-medium wp-image-294422\" src=\"https:\/\/www.fiscalia.gov.co\/colombia\/wp-content\/uploads\/Foto-2-JSA-presunto-abusador-1-225x300.jpg\" alt=\"En la imagen aparece una persona de buso gris entre dos uniformados de la Polic\u00eda y el CTI. \" width=\"225\" height=\"300\" srcset=\"https:\/\/www.fiscalia.gov.co\/colombia\/wp-content\/uploads\/Foto-2-JSA-presunto-abusador-1-225x300.jpg 225w, https:\/\/www.fiscalia.gov.co\/colombia\/wp-content\/uploads\/Foto-2-JSA-presunto-abusador-1-768x1023.jpg 768w, https:\/\/www.fiscalia.gov.co\/colombia\/wp-content\/uploads\/Foto-2-JSA-presunto-abusador-1-696x927.jpg 696w, https:\/\/www.fiscalia.gov.co\/colombia\/wp-content\/uploads\/Foto-2-JSA-presunto-abusador-1-315x420.jpg 315w, https:\/\/www.fiscalia.gov.co\/colombia\/wp-content\/uploads\/Foto-2-JSA-presunto-abusador-1.jpg 860w\" sizes=\"auto, (max-width: 225px) 100vw, 225px\" \/><figcaption id=\"caption-attachment-294422\" class=\"wp-caption-text\">El procesado habr\u00eda abusado de un sobrino pol\u00edtico.<\/figcaption><\/figure>\n<p>El procesado fue capturado el pasado 30 de abril por Servidores del Cuerpo T\u00e9cnico de Investigaci\u00f3n (CTI).<strong> La Fiscal\u00eda lo imput\u00f3 con el delito de acceso carnal abusivo con menor de 14 a\u00f1os.<\/strong><\/p>\n<p>En otro caso, <a href=\"https:\/\/www.fiscalia.gov.co\/colombia\/noticias\/abuelo-acepto-cargos-por-el-presunto-abuso-sexual-de-su-nieta-de-10-anos-en-la-isla-de-san-andres\/\" target=\"_blank\" rel=\"noopener\">un hombre de 48 a\u00f1os habr\u00eda abusado sexualmente de un joven con discapacidad cognitiva<\/a>, de 18 a\u00f1os. <strong>Seg\u00fan la denuncia interpuesta por la mam\u00e1 del adolescente, los hechos ocurrieron en octubre de 2023 en una vivienda del corregimiento de Mart\u00ednez en Ceret\u00e9.<\/strong> La Fiscal\u00eda investiga si existen m\u00e1s v\u00edctimas del ahora procesado.<\/p>\n<figure id=\"attachment_294421\" aria-describedby=\"caption-attachment-294421\" style=\"width: 251px\" class=\"wp-caption aligncenter\"><img loading=\"lazy\" decoding=\"async\" class=\"size-medium wp-image-294421\" src=\"https:\/\/www.fiscalia.gov.co\/colombia\/wp-content\/uploads\/Foto-1-GMYF-presunto-abusador-de-persona-con-discapacidad-1-251x300.jpg\" alt=\"En la imagen aparece una persona de su\u00e9ter rosado entre un polic\u00eda y un uniformado del CTI. \n\" width=\"251\" height=\"300\" srcset=\"https:\/\/www.fiscalia.gov.co\/colombia\/wp-content\/uploads\/Foto-1-GMYF-presunto-abusador-de-persona-con-discapacidad-1-251x300.jpg 251w, https:\/\/www.fiscalia.gov.co\/colombia\/wp-content\/uploads\/Foto-1-GMYF-presunto-abusador-de-persona-con-discapacidad-1-855x1024.jpg 855w, https:\/\/www.fiscalia.gov.co\/colombia\/wp-content\/uploads\/Foto-1-GMYF-presunto-abusador-de-persona-con-discapacidad-1-768x920.jpg 768w, https:\/\/www.fiscalia.gov.co\/colombia\/wp-content\/uploads\/Foto-1-GMYF-presunto-abusador-de-persona-con-discapacidad-1-696x833.jpg 696w, https:\/\/www.fiscalia.gov.co\/colombia\/wp-content\/uploads\/Foto-1-GMYF-presunto-abusador-de-persona-con-discapacidad-1-351x420.jpg 351w, https:\/\/www.fiscalia.gov.co\/colombia\/wp-content\/uploads\/Foto-1-GMYF-presunto-abusador-de-persona-con-discapacidad-1.jpg 962w\" sizes=\"auto, (max-width: 251px) 100vw, 251px\" \/><figcaption id=\"caption-attachment-294421\" class=\"wp-caption-text\">Se indaga si el imputado abus\u00f3 de otras v\u00edctimas.<\/figcaption><\/figure>\n<p>El pasado 26 de abril el hombre fue capturado e imputado por el delito de acceso carnal violento, cargo que no acept\u00f3.<\/p>\n<p>&nbsp;<\/p>\n<p>VHGB\/DSC\/AMCJ\/MAGA\/KEN\/CAIVAS<\/p>\n<p>&nbsp;<\/p>\n<p>&nbsp;<\/p>\n<p><i>La informaci\u00f3n contenida en este bolet\u00edn de prensa corresponde a la narraci\u00f3n de los hechos noticiosos objetivos, suministrados por los funcionarios encargados de adelantar las investigaciones penales al interior de la Fiscal\u00eda General de la Naci\u00f3n. Para el momento de la divulgaci\u00f3n de este comunicado, la situaci\u00f3n jur\u00eddica de la(s) persona(s) relacionada(s) se encuentra pendiente de resolver por la autoridad judicial competente, siempre bajo los preceptos de la presunci\u00f3n de inocencia, consagrados en el art\u00edculo 29 de la Constituci\u00f3n Pol\u00edtica y el art\u00edculo 7\u00ba de la Ley 906 de 2004.<\/i><\/p>\n<p>&nbsp;<\/p>\n<p>&nbsp;<\/p>\n\n<div class=\"twitter-share\"><a href=\"https:\/\/twitter.com\/intent\/tweet?via=fiscaliacol\" class=\"twitter-share-button\">Tweet<\/a><\/div>\n","protected":false},"excerpt":{"rendered":"<p>Uno de los procesados habr\u00eda accedido a un joven con discapacidad. Luego de acoger la solicitud de una fiscal del Centro de Atenci\u00f3n a V\u00edctimas de Abuso Sexual (Caivas), jueces de control de garant\u00edas envi\u00f3 a la c\u00e1rcel a dos hombres que estar\u00edan involucrados en agresiones sexuales. Los delitos habr\u00edan sido cometidos en C\u00f3rdoba. El [&hellip;]<\/p>\n","protected":false},"author":181,"featured_media":0,"comment_status":"closed","ping_status":"open","sticky":false,"template":"","format":"standard","meta":{"tdm_status":"","tdm_grid_status":"","footnotes":""},"categories":[1],"tags":[801,366,26923,13949,13531,4097,24187,1047,26942,1185,23824,558],"class_list":{"0":"post-294418","1":"post","2":"type-post","3":"status-publish","4":"format-standard","6":"category-noticias","7":"tag-abuso-sexual","8":"tag-acceso-carnal","9":"tag-cerete","10":"tag-cienaga-de-oro","11":"tag-cordoba","12":"tag-descapacitado","13":"tag-fiscalia-colombia","14":"tag-fiscalia-general-de-la-nacion","15":"tag-mama","16":"tag-medida-de-aseguramiento","17":"tag-monteria","18":"tag-policia-nacional"},"yoast_head":"<!-- This site is optimized with the Yoast SEO plugin v24.3 - https:\/\/yoast.com\/wordpress\/plugins\/seo\/ -->\n<title>Fiscal\u00eda General de la Naci\u00f3n<\/title>\n<meta name=\"description\" content=\"P\u00e1gina oficial de la Fiscal\u00eda General de la Naci\u00f3n \u2013 Colombia. Garantizamos el acceso efectivo a la justicia, la verdad y la reparaci\u00f3n de las v\u00edctimas de los delitos.\" \/>\n<meta name=\"robots\" content=\"noindex, follow\" \/>\n<meta property=\"og:locale\" content=\"es_ES\" \/>\n<meta property=\"og:type\" content=\"article\" \/>\n<meta property=\"og:title\" content=\"Fiscal\u00eda General de la Naci\u00f3n\" \/>\n<meta property=\"og:description\" content=\"P\u00e1gina oficial de la Fiscal\u00eda General de la Naci\u00f3n \u2013 Colombia. Garantizamos el acceso efectivo a la justicia, la verdad y la reparaci\u00f3n de las v\u00edctimas de los delitos.\" \/>\n<meta property=\"og:url\" content=\"https:\/\/www.fiscalia.gov.co\/colombia\/noticias\/fiscalia-logra-la-judicializacion-de-dos-presuntos-abusadores-sexuales-en-cordoba\/\" \/>\n<meta property=\"og:site_name\" content=\"Fiscal\u00eda General de la Naci\u00f3n\" \/>\n<meta property=\"article:publisher\" content=\"https:\/\/www.facebook.com\/FiscaliaCol\" \/>\n<meta property=\"article:published_time\" content=\"2024-05-03T20:24:37+00:00\" \/>\n<meta property=\"article:modified_time\" content=\"2024-05-03T20:29:47+00:00\" \/>\n<meta property=\"og:image\" content=\"https:\/\/www.fiscalia.gov.co\/colombia\/wp-content\/uploads\/Foto-2-JSA-presunto-abusador-1-225x300.jpg\" \/>\n<meta name=\"author\" content=\"Johanna Islenny Prieto Pe\u00f1a\" \/>\n<meta name=\"twitter:card\" content=\"summary_large_image\" \/>\n<meta name=\"twitter:creator\" content=\"@FiscaliaCol\" \/>\n<meta name=\"twitter:site\" content=\"@FiscaliaCol\" \/>\n<meta name=\"twitter:label1\" content=\"Escrito por\" \/>\n\t<meta name=\"twitter:data1\" content=\"Johanna Islenny Prieto Pe\u00f1a\" \/>\n\t<meta name=\"twitter:label2\" content=\"Tiempo de lectura\" \/>\n\t<meta name=\"twitter:data2\" content=\"2 minutos\" \/>\n<script type=\"application\/ld+json\" class=\"yoast-schema-graph\">{\"@context\":\"https:\/\/schema.org\",\"@graph\":[{\"@type\":\"Article\",\"@id\":\"https:\/\/www.fiscalia.gov.co\/colombia\/noticias\/fiscalia-logra-la-judicializacion-de-dos-presuntos-abusadores-sexuales-en-cordoba\/#article\",\"isPartOf\":{\"@id\":\"https:\/\/www.fiscalia.gov.co\/colombia\/noticias\/fiscalia-logra-la-judicializacion-de-dos-presuntos-abusadores-sexuales-en-cordoba\/\"},\"author\":{\"name\":\"Johanna Islenny Prieto Pe\u00f1a\",\"@id\":\"https:\/\/www.fiscalia.gov.co\/colombia\/#\/schema\/person\/ba9eca435947489fb25117a0cd75bf3e\"},\"headline\":\"Fiscal\u00eda logra la judicializaci\u00f3n de dos presuntos abusadores sexuales en C\u00f3rdoba\",\"datePublished\":\"2024-05-03T20:24:37+00:00\",\"dateModified\":\"2024-05-03T20:29:47+00:00\",\"mainEntityOfPage\":{\"@id\":\"https:\/\/www.fiscalia.gov.co\/colombia\/noticias\/fiscalia-logra-la-judicializacion-de-dos-presuntos-abusadores-sexuales-en-cordoba\/\"},\"wordCount\":388,\"publisher\":{\"@id\":\"https:\/\/www.fiscalia.gov.co\/colombia\/#organization\"},\"image\":{\"@id\":\"https:\/\/www.fiscalia.gov.co\/colombia\/noticias\/fiscalia-logra-la-judicializacion-de-dos-presuntos-abusadores-sexuales-en-cordoba\/#primaryimage\"},\"thumbnailUrl\":\"https:\/\/www.fiscalia.gov.co\/colombia\/wp-content\/uploads\/Foto-2-JSA-presunto-abusador-1-225x300.jpg\",\"keywords\":[\"Abuso sexual\",\"Acceso carnal\",\"Ceret\u00e9\",\"Ci\u00e9naga de Oro\",\"C\u00f3rdoba\",\"Discapacitado\",\"Fiscal\u00eda Colombia\",\"Fiscal\u00eda General de la Naci\u00f3n\",\"Mam\u00e1\",\"Medida de aseguramiento\",\"Monter\u00eda\",\"Polic\u00eda Nacional\"],\"articleSection\":[\"Noticias\"],\"inLanguage\":\"es-CO\"},{\"@type\":\"WebPage\",\"@id\":\"https:\/\/www.fiscalia.gov.co\/colombia\/noticias\/fiscalia-logra-la-judicializacion-de-dos-presuntos-abusadores-sexuales-en-cordoba\/\",\"url\":\"https:\/\/www.fiscalia.gov.co\/colombia\/noticias\/fiscalia-logra-la-judicializacion-de-dos-presuntos-abusadores-sexuales-en-cordoba\/\",\"name\":\"Fiscal\u00eda General de la Naci\u00f3n\",\"isPartOf\":{\"@id\":\"https:\/\/www.fiscalia.gov.co\/colombia\/#website\"},\"primaryImageOfPage\":{\"@id\":\"https:\/\/www.fiscalia.gov.co\/colombia\/noticias\/fiscalia-logra-la-judicializacion-de-dos-presuntos-abusadores-sexuales-en-cordoba\/#primaryimage\"},\"image\":{\"@id\":\"https:\/\/www.fiscalia.gov.co\/colombia\/noticias\/fiscalia-logra-la-judicializacion-de-dos-presuntos-abusadores-sexuales-en-cordoba\/#primaryimage\"},\"thumbnailUrl\":\"https:\/\/www.fiscalia.gov.co\/colombia\/wp-content\/uploads\/Foto-2-JSA-presunto-abusador-1-225x300.jpg\",\"datePublished\":\"2024-05-03T20:24:37+00:00\",\"dateModified\":\"2024-05-03T20:29:47+00:00\",\"description\":\"P\u00e1gina oficial de la Fiscal\u00eda General de la Naci\u00f3n \u2013 Colombia. Garantizamos el acceso efectivo a la justicia, la verdad y la reparaci\u00f3n de las v\u00edctimas de los delitos.\",\"breadcrumb\":{\"@id\":\"https:\/\/www.fiscalia.gov.co\/colombia\/noticias\/fiscalia-logra-la-judicializacion-de-dos-presuntos-abusadores-sexuales-en-cordoba\/#breadcrumb\"},\"inLanguage\":\"es-CO\",\"potentialAction\":[{\"@type\":\"ReadAction\",\"target\":[\"https:\/\/www.fiscalia.gov.co\/colombia\/noticias\/fiscalia-logra-la-judicializacion-de-dos-presuntos-abusadores-sexuales-en-cordoba\/\"]}]},{\"@type\":\"ImageObject\",\"inLanguage\":\"es-CO\",\"@id\":\"https:\/\/www.fiscalia.gov.co\/colombia\/noticias\/fiscalia-logra-la-judicializacion-de-dos-presuntos-abusadores-sexuales-en-cordoba\/#primaryimage\",\"url\":\"https:\/\/www.fiscalia.gov.co\/colombia\/wp-content\/uploads\/Foto-2-JSA-presunto-abusador-1.jpg\",\"contentUrl\":\"https:\/\/www.fiscalia.gov.co\/colombia\/wp-content\/uploads\/Foto-2-JSA-presunto-abusador-1.jpg\",\"width\":860,\"height\":1146,\"caption\":\"El procesado habr\u00eda abusado de un sobrino pol\u00edtico.\"},{\"@type\":\"BreadcrumbList\",\"@id\":\"https:\/\/www.fiscalia.gov.co\/colombia\/noticias\/fiscalia-logra-la-judicializacion-de-dos-presuntos-abusadores-sexuales-en-cordoba\/#breadcrumb\",\"itemListElement\":[{\"@type\":\"ListItem\",\"position\":1,\"name\":\"Home\",\"item\":\"https:\/\/www.fiscalia.gov.co\/colombia\/\"},{\"@type\":\"ListItem\",\"position\":2,\"name\":\"Fiscal\u00eda logra la judicializaci\u00f3n de dos presuntos abusadores sexuales en C\u00f3rdoba\"}]},{\"@type\":\"WebSite\",\"@id\":\"https:\/\/www.fiscalia.gov.co\/colombia\/#website\",\"url\":\"https:\/\/www.fiscalia.gov.co\/colombia\/\",\"name\":\"Fiscal\u00eda General de la Naci\u00f3n\",\"description\":\"P\u00e1gina oficial de la Fiscal\u00eda General de la Naci\u00f3n \u2013 Colombia. Garantizamos el acceso efectivo a la justicia, la verdad y la reparaci\u00f3n de las v\u00edctimas de los delitos.\",\"publisher\":{\"@id\":\"https:\/\/www.fiscalia.gov.co\/colombia\/#organization\"},\"potentialAction\":[{\"@type\":\"SearchAction\",\"target\":{\"@type\":\"EntryPoint\",\"urlTemplate\":\"https:\/\/www.fiscalia.gov.co\/colombia\/?s={search_term_string}\"},\"query-input\":{\"@type\":\"PropertyValueSpecification\",\"valueRequired\":true,\"valueName\":\"search_term_string\"}}],\"inLanguage\":\"es-CO\"},{\"@type\":\"Organization\",\"@id\":\"https:\/\/www.fiscalia.gov.co\/colombia\/#organization\",\"name\":\"Fiscal\u00eda General de la Naci\u00f3n\",\"url\":\"https:\/\/www.fiscalia.gov.co\/colombia\/\",\"logo\":{\"@type\":\"ImageObject\",\"inLanguage\":\"es-CO\",\"@id\":\"https:\/\/www.fiscalia.gov.co\/colombia\/#\/schema\/logo\/image\/\",\"url\":\"https:\/\/www.fiscalia.gov.co\/colombia\/wp-content\/uploads\/LogoHorizontal_1.jpg\",\"contentUrl\":\"https:\/\/www.fiscalia.gov.co\/colombia\/wp-content\/uploads\/LogoHorizontal_1.jpg\",\"width\":300,\"height\":90,\"caption\":\"Fiscal\u00eda General de la Naci\u00f3n\"},\"image\":{\"@id\":\"https:\/\/www.fiscalia.gov.co\/colombia\/#\/schema\/logo\/image\/\"},\"sameAs\":[\"https:\/\/www.facebook.com\/FiscaliaCol\",\"https:\/\/x.com\/FiscaliaCol\",\"https:\/\/www.instagram.com\/fiscaliacol\",\"https:\/\/www.linkedin.com\/company\/fiscalia-general-de-la-naci-n\/\",\"https:\/\/youtube.com\/@fiscaliageneraldelanacion-4668?si=6nN79nyQICPU5iTh\"]},{\"@type\":\"Person\",\"@id\":\"https:\/\/www.fiscalia.gov.co\/colombia\/#\/schema\/person\/ba9eca435947489fb25117a0cd75bf3e\",\"name\":\"Johanna Islenny Prieto Pe\u00f1a\",\"image\":{\"@type\":\"ImageObject\",\"inLanguage\":\"es-CO\",\"@id\":\"https:\/\/www.fiscalia.gov.co\/colombia\/#\/schema\/person\/image\/\",\"url\":\"https:\/\/secure.gravatar.com\/avatar\/111433fc2acb037ffb768f6a3ca47864?s=96&d=mm&r=g\",\"contentUrl\":\"https:\/\/secure.gravatar.com\/avatar\/111433fc2acb037ffb768f6a3ca47864?s=96&d=mm&r=g\",\"caption\":\"Johanna Islenny Prieto Pe\u00f1a\"},\"url\":\"https:\/\/www.fiscalia.gov.co\/colombia\/author\/jprietop\/\"}]}<\/script>\n<!-- \/ Yoast SEO plugin. -->","yoast_head_json":{"title":"Fiscal\u00eda General de la Naci\u00f3n","description":"P\u00e1gina oficial de la Fiscal\u00eda General de la Naci\u00f3n \u2013 Colombia. Garantizamos el acceso efectivo a la justicia, la verdad y la reparaci\u00f3n de las v\u00edctimas de los delitos.","robots":{"index":"noindex","follow":"follow"},"og_locale":"es_ES","og_type":"article","og_title":"Fiscal\u00eda General de la Naci\u00f3n","og_description":"P\u00e1gina oficial de la Fiscal\u00eda General de la Naci\u00f3n \u2013 Colombia. Garantizamos el acceso efectivo a la justicia, la verdad y la reparaci\u00f3n de las v\u00edctimas de los delitos.","og_url":"https:\/\/www.fiscalia.gov.co\/colombia\/noticias\/fiscalia-logra-la-judicializacion-de-dos-presuntos-abusadores-sexuales-en-cordoba\/","og_site_name":"Fiscal\u00eda General de la Naci\u00f3n","article_publisher":"https:\/\/www.facebook.com\/FiscaliaCol","article_published_time":"2024-05-03T20:24:37+00:00","article_modified_time":"2024-05-03T20:29:47+00:00","og_image":[{"url":"https:\/\/www.fiscalia.gov.co\/colombia\/wp-content\/uploads\/Foto-2-JSA-presunto-abusador-1-225x300.jpg","type":"","width":"","height":""}],"author":"Johanna Islenny Prieto Pe\u00f1a","twitter_card":"summary_large_image","twitter_creator":"@FiscaliaCol","twitter_site":"@FiscaliaCol","twitter_misc":{"Escrito por":"Johanna Islenny Prieto Pe\u00f1a","Tiempo de lectura":"2 minutos"},"schema":{"@context":"https:\/\/schema.org","@graph":[{"@type":"Article","@id":"https:\/\/www.fiscalia.gov.co\/colombia\/noticias\/fiscalia-logra-la-judicializacion-de-dos-presuntos-abusadores-sexuales-en-cordoba\/#article","isPartOf":{"@id":"https:\/\/www.fiscalia.gov.co\/colombia\/noticias\/fiscalia-logra-la-judicializacion-de-dos-presuntos-abusadores-sexuales-en-cordoba\/"},"author":{"name":"Johanna Islenny Prieto Pe\u00f1a","@id":"https:\/\/www.fiscalia.gov.co\/colombia\/#\/schema\/person\/ba9eca435947489fb25117a0cd75bf3e"},"headline":"Fiscal\u00eda logra la judicializaci\u00f3n de dos presuntos abusadores sexuales en C\u00f3rdoba","datePublished":"2024-05-03T20:24:37+00:00","dateModified":"2024-05-03T20:29:47+00:00","mainEntityOfPage":{"@id":"https:\/\/www.fiscalia.gov.co\/colombia\/noticias\/fiscalia-logra-la-judicializacion-de-dos-presuntos-abusadores-sexuales-en-cordoba\/"},"wordCount":388,"publisher":{"@id":"https:\/\/www.fiscalia.gov.co\/colombia\/#organization"},"image":{"@id":"https:\/\/www.fiscalia.gov.co\/colombia\/noticias\/fiscalia-logra-la-judicializacion-de-dos-presuntos-abusadores-sexuales-en-cordoba\/#primaryimage"},"thumbnailUrl":"https:\/\/www.fiscalia.gov.co\/colombia\/wp-content\/uploads\/Foto-2-JSA-presunto-abusador-1-225x300.jpg","keywords":["Abuso sexual","Acceso carnal","Ceret\u00e9","Ci\u00e9naga de Oro","C\u00f3rdoba","Discapacitado","Fiscal\u00eda Colombia","Fiscal\u00eda General de la Naci\u00f3n","Mam\u00e1","Medida de aseguramiento","Monter\u00eda","Polic\u00eda Nacional"],"articleSection":["Noticias"],"inLanguage":"es-CO"},{"@type":"WebPage","@id":"https:\/\/www.fiscalia.gov.co\/colombia\/noticias\/fiscalia-logra-la-judicializacion-de-dos-presuntos-abusadores-sexuales-en-cordoba\/","url":"https:\/\/www.fiscalia.gov.co\/colombia\/noticias\/fiscalia-logra-la-judicializacion-de-dos-presuntos-abusadores-sexuales-en-cordoba\/","name":"Fiscal\u00eda General de la Naci\u00f3n","isPartOf":{"@id":"https:\/\/www.fiscalia.gov.co\/colombia\/#website"},"primaryImageOfPage":{"@id":"https:\/\/www.fiscalia.gov.co\/colombia\/noticias\/fiscalia-logra-la-judicializacion-de-dos-presuntos-abusadores-sexuales-en-cordoba\/#primaryimage"},"image":{"@id":"https:\/\/www.fiscalia.gov.co\/colombia\/noticias\/fiscalia-logra-la-judicializacion-de-dos-presuntos-abusadores-sexuales-en-cordoba\/#primaryimage"},"thumbnailUrl":"https:\/\/www.fiscalia.gov.co\/colombia\/wp-content\/uploads\/Foto-2-JSA-presunto-abusador-1-225x300.jpg","datePublished":"2024-05-03T20:24:37+00:00","dateModified":"2024-05-03T20:29:47+00:00","description":"P\u00e1gina oficial de la Fiscal\u00eda General de la Naci\u00f3n \u2013 Colombia. Garantizamos el acceso efectivo a la justicia, la verdad y la reparaci\u00f3n de las v\u00edctimas de los delitos.","breadcrumb":{"@id":"https:\/\/www.fiscalia.gov.co\/colombia\/noticias\/fiscalia-logra-la-judicializacion-de-dos-presuntos-abusadores-sexuales-en-cordoba\/#breadcrumb"},"inLanguage":"es-CO","potentialAction":[{"@type":"ReadAction","target":["https:\/\/www.fiscalia.gov.co\/colombia\/noticias\/fiscalia-logra-la-judicializacion-de-dos-presuntos-abusadores-sexuales-en-cordoba\/"]}]},{"@type":"ImageObject","inLanguage":"es-CO","@id":"https:\/\/www.fiscalia.gov.co\/colombia\/noticias\/fiscalia-logra-la-judicializacion-de-dos-presuntos-abusadores-sexuales-en-cordoba\/#primaryimage","url":"https:\/\/www.fiscalia.gov.co\/colombia\/wp-content\/uploads\/Foto-2-JSA-presunto-abusador-1.jpg","contentUrl":"https:\/\/www.fiscalia.gov.co\/colombia\/wp-content\/uploads\/Foto-2-JSA-presunto-abusador-1.jpg","width":860,"height":1146,"caption":"El procesado habr\u00eda abusado de un sobrino pol\u00edtico."},{"@type":"BreadcrumbList","@id":"https:\/\/www.fiscalia.gov.co\/colombia\/noticias\/fiscalia-logra-la-judicializacion-de-dos-presuntos-abusadores-sexuales-en-cordoba\/#breadcrumb","itemListElement":[{"@type":"ListItem","position":1,"name":"Home","item":"https:\/\/www.fiscalia.gov.co\/colombia\/"},{"@type":"ListItem","position":2,"name":"Fiscal\u00eda logra la judicializaci\u00f3n de dos presuntos abusadores sexuales en C\u00f3rdoba"}]},{"@type":"WebSite","@id":"https:\/\/www.fiscalia.gov.co\/colombia\/#website","url":"https:\/\/www.fiscalia.gov.co\/colombia\/","name":"Fiscal\u00eda General de la Naci\u00f3n","description":"P\u00e1gina oficial de la Fiscal\u00eda General de la Naci\u00f3n \u2013 Colombia. Garantizamos el acceso efectivo a la justicia, la verdad y la reparaci\u00f3n de las v\u00edctimas de los delitos.","publisher":{"@id":"https:\/\/www.fiscalia.gov.co\/colombia\/#organization"},"potentialAction":[{"@type":"SearchAction","target":{"@type":"EntryPoint","urlTemplate":"https:\/\/www.fiscalia.gov.co\/colombia\/?s={search_term_string}"},"query-input":{"@type":"PropertyValueSpecification","valueRequired":true,"valueName":"search_term_string"}}],"inLanguage":"es-CO"},{"@type":"Organization","@id":"https:\/\/www.fiscalia.gov.co\/colombia\/#organization","name":"Fiscal\u00eda General de la Naci\u00f3n","url":"https:\/\/www.fiscalia.gov.co\/colombia\/","logo":{"@type":"ImageObject","inLanguage":"es-CO","@id":"https:\/\/www.fiscalia.gov.co\/colombia\/#\/schema\/logo\/image\/","url":"https:\/\/www.fiscalia.gov.co\/colombia\/wp-content\/uploads\/LogoHorizontal_1.jpg","contentUrl":"https:\/\/www.fiscalia.gov.co\/colombia\/wp-content\/uploads\/LogoHorizontal_1.jpg","width":300,"height":90,"caption":"Fiscal\u00eda General de la Naci\u00f3n"},"image":{"@id":"https:\/\/www.fiscalia.gov.co\/colombia\/#\/schema\/logo\/image\/"},"sameAs":["https:\/\/www.facebook.com\/FiscaliaCol","https:\/\/x.com\/FiscaliaCol","https:\/\/www.instagram.com\/fiscaliacol","https:\/\/www.linkedin.com\/company\/fiscalia-general-de-la-naci-n\/","https:\/\/youtube.com\/@fiscaliageneraldelanacion-4668?si=6nN79nyQICPU5iTh"]},{"@type":"Person","@id":"https:\/\/www.fiscalia.gov.co\/colombia\/#\/schema\/person\/ba9eca435947489fb25117a0cd75bf3e","name":"Johanna Islenny Prieto Pe\u00f1a","image":{"@type":"ImageObject","inLanguage":"es-CO","@id":"https:\/\/www.fiscalia.gov.co\/colombia\/#\/schema\/person\/image\/","url":"https:\/\/secure.gravatar.com\/avatar\/111433fc2acb037ffb768f6a3ca47864?s=96&d=mm&r=g","contentUrl":"https:\/\/secure.gravatar.com\/avatar\/111433fc2acb037ffb768f6a3ca47864?s=96&d=mm&r=g","caption":"Johanna Islenny Prieto Pe\u00f1a"},"url":"https:\/\/www.fiscalia.gov.co\/colombia\/author\/jprietop\/"}]}},"_links":{"self":[{"href":"https:\/\/www.fiscalia.gov.co\/colombia\/wp-json\/wp\/v2\/posts\/294418","targetHints":{"allow":["GET"]}}],"collection":[{"href":"https:\/\/www.fiscalia.gov.co\/colombia\/wp-json\/wp\/v2\/posts"}],"about":[{"href":"https:\/\/www.fiscalia.gov.co\/colombia\/wp-json\/wp\/v2\/types\/post"}],"author":[{"embeddable":true,"href":"https:\/\/www.fiscalia.gov.co\/colombia\/wp-json\/wp\/v2\/users\/181"}],"replies":[{"embeddable":true,"href":"https:\/\/www.fiscalia.gov.co\/colombia\/wp-json\/wp\/v2\/comments?post=294418"}],"version-history":[{"count":3,"href":"https:\/\/www.fiscalia.gov.co\/colombia\/wp-json\/wp\/v2\/posts\/294418\/revisions"}],"predecessor-version":[{"id":294423,"href":"https:\/\/www.fiscalia.gov.co\/colombia\/wp-json\/wp\/v2\/posts\/294418\/revisions\/294423"}],"wp:attachment":[{"href":"https:\/\/www.fiscalia.gov.co\/colombia\/wp-json\/wp\/v2\/media?parent=294418"}],"wp:term":[{"taxonomy":"category","embeddable":true,"href":"https:\/\/www.fiscalia.gov.co\/colombia\/wp-json\/wp\/v2\/categories?post=294418"},{"taxonomy":"post_tag","embeddable":true,"href":"https:\/\/www.fiscalia.gov.co\/colombia\/wp-json\/wp\/v2\/tags?post=294418"}],"curies":[{"name":"wp","href":"https:\/\/api.w.org\/{rel}","templated":true}]}}