{"id":294373,"date":"2024-05-03T09:56:39","date_gmt":"2024-05-03T14:56:39","guid":{"rendered":"https:\/\/www.fiscalia.gov.co\/colombia\/?p=294373"},"modified":"2024-05-03T09:59:19","modified_gmt":"2024-05-03T14:59:19","slug":"un-hombre-fue-condenado-a-22-anos-de-prision-por-el-homicidio-de-un-docente-universitario-en-florencia","status":"publish","type":"post","link":"https:\/\/www.fiscalia.gov.co\/colombia\/noticias\/un-hombre-fue-condenado-a-22-anos-de-prision-por-el-homicidio-de-un-docente-universitario-en-florencia\/","title":{"rendered":"Un hombre fue condenado a 22 a\u00f1os de prisi\u00f3n por el homicidio de un docente universitario en Florencia"},"content":{"rendered":"<blockquote>\n<h4 align=\"center\"><strong><i>El educador fue encontrado en la ma\u00f1ana del 8 de octubre de 2023 en la ribera del r\u00edo Pescado.<\/i><\/strong><\/h4>\n<\/blockquote>\n<p><i>\u00a0<\/i>Las pruebas presentadas por la Fiscal\u00eda General de la Naci\u00f3n permitieron que un juez condenara a Yibran Arnovis Imbachi Jim\u00e9nez a 22 a\u00f1os de prisi\u00f3n por su participaci\u00f3n<a href=\"https:\/\/www.fiscalia.gov.co\/colombia\/noticias\/asegurados-presuntos-implicados-en-homicidio-de-docente-de-la-universidad-de-la-amazonia-de-florencia-caqueta\/\" target=\"_blank\" rel=\"noopener\"> en el homicidio de un docente de la Universidad de la Amazon\u00eda<\/a>.<\/p>\n<p>De los tres detenidos por estos hechos, Imbachi Jim\u00e9nez lleg\u00f3 a un preacuerdo con la Fiscal\u00eda y<strong> acept\u00f3 su complicidad en el crimen, por lo cual obtuvo una reducci\u00f3n de su condena.<\/strong><\/p>\n<figure id=\"attachment_294377\" aria-describedby=\"caption-attachment-294377\" style=\"width: 300px\" class=\"wp-caption aligncenter\"><img loading=\"lazy\" decoding=\"async\" class=\"size-medium wp-image-294377\" src=\"https:\/\/www.fiscalia.gov.co\/colombia\/wp-content\/uploads\/Yibran-Arnovis-Imbachi-Jimenez-homicido-profe-uamazonia-1-300x209.jpeg\" alt=\" en la imagen se ve una persona detenida bajo custodia del CTI y la Polic\u00eda. Tambi\u00e9n se ve un veh\u00edculo que fue incautado.\" width=\"300\" height=\"209\" srcset=\"https:\/\/www.fiscalia.gov.co\/colombia\/wp-content\/uploads\/Yibran-Arnovis-Imbachi-Jimenez-homicido-profe-uamazonia-1-300x209.jpeg 300w, https:\/\/www.fiscalia.gov.co\/colombia\/wp-content\/uploads\/Yibran-Arnovis-Imbachi-Jimenez-homicido-profe-uamazonia-1-1024x712.jpeg 1024w, https:\/\/www.fiscalia.gov.co\/colombia\/wp-content\/uploads\/Yibran-Arnovis-Imbachi-Jimenez-homicido-profe-uamazonia-1-768x534.jpeg 768w, https:\/\/www.fiscalia.gov.co\/colombia\/wp-content\/uploads\/Yibran-Arnovis-Imbachi-Jimenez-homicido-profe-uamazonia-1-1536x1068.jpeg 1536w, https:\/\/www.fiscalia.gov.co\/colombia\/wp-content\/uploads\/Yibran-Arnovis-Imbachi-Jimenez-homicido-profe-uamazonia-1-696x484.jpeg 696w, https:\/\/www.fiscalia.gov.co\/colombia\/wp-content\/uploads\/Yibran-Arnovis-Imbachi-Jimenez-homicido-profe-uamazonia-1-1068x743.jpeg 1068w, https:\/\/www.fiscalia.gov.co\/colombia\/wp-content\/uploads\/Yibran-Arnovis-Imbachi-Jimenez-homicido-profe-uamazonia-1-604x420.jpeg 604w, https:\/\/www.fiscalia.gov.co\/colombia\/wp-content\/uploads\/Yibran-Arnovis-Imbachi-Jimenez-homicido-profe-uamazonia-1-100x70.jpeg 100w, https:\/\/www.fiscalia.gov.co\/colombia\/wp-content\/uploads\/Yibran-Arnovis-Imbachi-Jimenez-homicido-profe-uamazonia-1.jpeg 1600w\" sizes=\"auto, (max-width: 300px) 100vw, 300px\" \/><figcaption id=\"caption-attachment-294377\" class=\"wp-caption-text\">Yibran Arnovis Imbachi Jim\u00e9nez fue detenido por investigadores del CTI y la Polic\u00eda en Valledupar, Cesar en noviembre del a\u00f1o pasado por el homicidio del profesor ocurrido un mes antes en complicidad con dos personas m\u00e1s que el pr\u00f3ximo 7 de mayo ser\u00e1n acusados por la Fiscal\u00eda.<\/figcaption><\/figure>\n<p>Las investigaciones demostraron que el catedr\u00e1tico fue enga\u00f1ado con la supuesta compra de su veh\u00edculo, y el 5 de octubre de 2023, cuando fue a cerrar el negocio, <a href=\"https:\/\/www.fiscalia.gov.co\/colombia\/noticias\/a-la-carcel-hombre-que-habria-asesinado-a-su-vecina-en-anori-antioquia\/\" target=\"_blank\" rel=\"noopener\">fue asesinado<\/a>.<\/p>\n<p><strong>Los hechos ocurrieron en una vivienda del barrio Los Transportadores<\/strong>, la cual lavaron con vinagre industrial, cloro y \u00e1cido n\u00edtrico con el fin de borrar cualquier evidencia.<\/p>\n<p><strong>A la v\u00edctima la despojaron adem\u00e1s de su celular, una cadena y un anillo de oro.<\/strong> As\u00ed como de dinero en efectivo y un computador port\u00e1til, todo avaluado en unos 90 millones de pesos.<\/p>\n<p><strong>En su propio veh\u00edculo transportaron el cad\u00e1ver hasta la vereda El Diamante y lo arrojaron al r\u00edo Pescado,<\/strong> donde fue encontrado la ma\u00f1ana del 8 de octubre en avanzado estado de descomposici\u00f3n.<\/p>\n<p>Los homicidas viajaron luego a Valledupar (Cesar) con el fin de vender el veh\u00edculo, sin conseguirlo. <strong>Imbachi Jim\u00e9nez fue capturado d\u00edas despu\u00e9s en esa regi\u00f3n del pa\u00eds.<\/strong><\/p>\n<p>Esta informaci\u00f3n se hace p\u00fablica por razones de inter\u00e9s general.<\/p>\n<p>&nbsp;<\/p>\n<p>PAAM\/LMFO\/CFG\/LABB\/DSC<\/p>\n<p>&nbsp;<\/p>\n<p>&nbsp;<\/p>\n<p><em>La informaci\u00f3n contenida en este bolet\u00edn de prensa corresponde a la narraci\u00f3n de los hechos noticiosos objetivos, y las investigaciones penales al interior de la Fiscal\u00eda General de la Naci\u00f3n. Para el momento de la divulgaci\u00f3n de este comunicado, la situaci\u00f3n jur\u00eddica de la(s) persona(s) relacionada(s) se encuentra pendiente de resolver por la autoridad judicial competente, siempre bajo los preceptos de la presunci\u00f3n de inocencia, consagrados en el art\u00edculo 29 de la Constituci\u00f3n Pol\u00edtica y el art\u00edculo 7\u00ba de la Ley 906 de 2004.<\/em><\/p>\n<p>&nbsp;<\/p>\n<p>&nbsp;<\/p>\n<p>&nbsp;<\/p>\n<p>&nbsp;<\/p>\n<p>&nbsp;<\/p>\n\n<div class=\"twitter-share\"><a href=\"https:\/\/twitter.com\/intent\/tweet?via=fiscaliacol\" class=\"twitter-share-button\">Tweet<\/a><\/div>\n","protected":false},"excerpt":{"rendered":"<p>El educador fue encontrado en la ma\u00f1ana del 8 de octubre de 2023 en la ribera del r\u00edo Pescado. \u00a0Las pruebas presentadas por la Fiscal\u00eda General de la Naci\u00f3n permitieron [&hellip;]<\/p>\n","protected":false},"author":181,"featured_media":0,"comment_status":"closed","ping_status":"open","sticky":false,"template":"","format":"standard","meta":{"tdm_status":"","tdm_grid_status":"","footnotes":""},"categories":[24174,1],"tags":[6489,36335,718,37420,19922,293,6188,1047,409,7451,29816,558,698,1063,24379,11101,975,6332,3417,23836,30732],"class_list":["post-294373","post","type-post","status-publish","format-standard","category-hay-justicia","category-noticias","tag-caqueta","tag-catedratico","tag-cesar","tag-coautoria","tag-complicidad","tag-condena","tag-docente","tag-fiscalia-general-de-la-nacion","tag-homicidio","tag-hurto-calificado-y-agravado","tag-morelia","tag-policia-nacional","tag-porte-de-armas","tag-preacuerdo","tag-seccional-caqueta","tag-seguridad-ciudadana","tag-sentencia","tag-uniamazonia","tag-unidad-de-vida","tag-valledupar","tag-valparaiso"],"yoast_head":"<!-- This site is optimized with the Yoast SEO plugin v24.3 - https:\/\/yoast.com\/wordpress\/plugins\/seo\/ -->\n<title>Fiscal\u00eda General de la Naci\u00f3n<\/title>\n<meta name=\"description\" content=\"P\u00e1gina oficial de la Fiscal\u00eda General de la Naci\u00f3n \u2013 Colombia. Garantizamos el acceso efectivo a la justicia, la verdad y la reparaci\u00f3n de las v\u00edctimas de los delitos.\" \/>\n<meta name=\"robots\" content=\"noindex, follow\" \/>\n<meta property=\"og:locale\" content=\"es_ES\" \/>\n<meta property=\"og:type\" content=\"article\" \/>\n<meta property=\"og:title\" content=\"Fiscal\u00eda General de la Naci\u00f3n\" \/>\n<meta property=\"og:description\" content=\"P\u00e1gina oficial de la Fiscal\u00eda General de la Naci\u00f3n \u2013 Colombia. Garantizamos el acceso efectivo a la justicia, la verdad y la reparaci\u00f3n de las v\u00edctimas de los delitos.\" \/>\n<meta property=\"og:url\" content=\"https:\/\/www.fiscalia.gov.co\/colombia\/noticias\/un-hombre-fue-condenado-a-22-anos-de-prision-por-el-homicidio-de-un-docente-universitario-en-florencia\/\" \/>\n<meta property=\"og:site_name\" content=\"Fiscal\u00eda General de la Naci\u00f3n\" \/>\n<meta property=\"article:publisher\" content=\"https:\/\/www.facebook.com\/FiscaliaCol\" \/>\n<meta property=\"article:published_time\" content=\"2024-05-03T14:56:39+00:00\" \/>\n<meta property=\"article:modified_time\" content=\"2024-05-03T14:59:19+00:00\" \/>\n<meta property=\"og:image\" content=\"https:\/\/www.fiscalia.gov.co\/colombia\/wp-content\/uploads\/Yibran-Arnovis-Imbachi-Jimenez-homicido-profe-uamazonia-1-300x209.jpeg\" \/>\n<meta name=\"author\" content=\"Johanna Islenny Prieto Pe\u00f1a\" \/>\n<meta name=\"twitter:card\" content=\"summary_large_image\" \/>\n<meta name=\"twitter:creator\" content=\"@FiscaliaCol\" \/>\n<meta name=\"twitter:site\" content=\"@FiscaliaCol\" \/>\n<meta name=\"twitter:label1\" content=\"Escrito por\" \/>\n\t<meta name=\"twitter:data1\" content=\"Johanna Islenny Prieto Pe\u00f1a\" \/>\n\t<meta name=\"twitter:label2\" content=\"Tiempo de lectura\" \/>\n\t<meta name=\"twitter:data2\" content=\"2 minutos\" \/>\n<script type=\"application\/ld+json\" class=\"yoast-schema-graph\">{\"@context\":\"https:\/\/schema.org\",\"@graph\":[{\"@type\":\"Article\",\"@id\":\"https:\/\/www.fiscalia.gov.co\/colombia\/noticias\/un-hombre-fue-condenado-a-22-anos-de-prision-por-el-homicidio-de-un-docente-universitario-en-florencia\/#article\",\"isPartOf\":{\"@id\":\"https:\/\/www.fiscalia.gov.co\/colombia\/noticias\/un-hombre-fue-condenado-a-22-anos-de-prision-por-el-homicidio-de-un-docente-universitario-en-florencia\/\"},\"author\":{\"name\":\"Johanna Islenny Prieto Pe\u00f1a\",\"@id\":\"https:\/\/www.fiscalia.gov.co\/colombia\/#\/schema\/person\/ba9eca435947489fb25117a0cd75bf3e\"},\"headline\":\"Un hombre fue condenado a 22 a\u00f1os de prisi\u00f3n por el homicidio de un docente universitario en Florencia\",\"datePublished\":\"2024-05-03T14:56:39+00:00\",\"dateModified\":\"2024-05-03T14:59:19+00:00\",\"mainEntityOfPage\":{\"@id\":\"https:\/\/www.fiscalia.gov.co\/colombia\/noticias\/un-hombre-fue-condenado-a-22-anos-de-prision-por-el-homicidio-de-un-docente-universitario-en-florencia\/\"},\"wordCount\":465,\"publisher\":{\"@id\":\"https:\/\/www.fiscalia.gov.co\/colombia\/#organization\"},\"image\":{\"@id\":\"https:\/\/www.fiscalia.gov.co\/colombia\/noticias\/un-hombre-fue-condenado-a-22-anos-de-prision-por-el-homicidio-de-un-docente-universitario-en-florencia\/#primaryimage\"},\"thumbnailUrl\":\"https:\/\/www.fiscalia.gov.co\/colombia\/wp-content\/uploads\/Yibran-Arnovis-Imbachi-Jimenez-homicido-profe-uamazonia-1-300x209.jpeg\",\"keywords\":[\"Caquet\u00e1\",\"catedr\u00e1tico\",\"Cesar\",\"coautor\u00eda\",\"Complicidad\",\"Condena\",\"Docente\",\"Fiscal\u00eda General de la Naci\u00f3n\",\"Homicidio\",\"hurto calificado y agravado\",\"Morelia\",\"Polic\u00eda Nacional\",\"Porte de armas\",\"Preacuerdo\",\"Seccional Caquet\u00e1.\",\"Seguridad ciudadana\",\"Sentencia\",\"Uniamazon\u00eda\",\"Unidad de Vida\",\"Valledupar\",\"Valpara\u00edso.\"],\"articleSection\":[\"Hay Justicia\",\"Noticias\"],\"inLanguage\":\"es-CO\"},{\"@type\":\"WebPage\",\"@id\":\"https:\/\/www.fiscalia.gov.co\/colombia\/noticias\/un-hombre-fue-condenado-a-22-anos-de-prision-por-el-homicidio-de-un-docente-universitario-en-florencia\/\",\"url\":\"https:\/\/www.fiscalia.gov.co\/colombia\/noticias\/un-hombre-fue-condenado-a-22-anos-de-prision-por-el-homicidio-de-un-docente-universitario-en-florencia\/\",\"name\":\"Fiscal\u00eda General de la Naci\u00f3n\",\"isPartOf\":{\"@id\":\"https:\/\/www.fiscalia.gov.co\/colombia\/#website\"},\"primaryImageOfPage\":{\"@id\":\"https:\/\/www.fiscalia.gov.co\/colombia\/noticias\/un-hombre-fue-condenado-a-22-anos-de-prision-por-el-homicidio-de-un-docente-universitario-en-florencia\/#primaryimage\"},\"image\":{\"@id\":\"https:\/\/www.fiscalia.gov.co\/colombia\/noticias\/un-hombre-fue-condenado-a-22-anos-de-prision-por-el-homicidio-de-un-docente-universitario-en-florencia\/#primaryimage\"},\"thumbnailUrl\":\"https:\/\/www.fiscalia.gov.co\/colombia\/wp-content\/uploads\/Yibran-Arnovis-Imbachi-Jimenez-homicido-profe-uamazonia-1-300x209.jpeg\",\"datePublished\":\"2024-05-03T14:56:39+00:00\",\"dateModified\":\"2024-05-03T14:59:19+00:00\",\"description\":\"P\u00e1gina oficial de la Fiscal\u00eda General de la Naci\u00f3n \u2013 Colombia. Garantizamos el acceso efectivo a la justicia, la verdad y la reparaci\u00f3n de las v\u00edctimas de los delitos.\",\"breadcrumb\":{\"@id\":\"https:\/\/www.fiscalia.gov.co\/colombia\/noticias\/un-hombre-fue-condenado-a-22-anos-de-prision-por-el-homicidio-de-un-docente-universitario-en-florencia\/#breadcrumb\"},\"inLanguage\":\"es-CO\",\"potentialAction\":[{\"@type\":\"ReadAction\",\"target\":[\"https:\/\/www.fiscalia.gov.co\/colombia\/noticias\/un-hombre-fue-condenado-a-22-anos-de-prision-por-el-homicidio-de-un-docente-universitario-en-florencia\/\"]}]},{\"@type\":\"ImageObject\",\"inLanguage\":\"es-CO\",\"@id\":\"https:\/\/www.fiscalia.gov.co\/colombia\/noticias\/un-hombre-fue-condenado-a-22-anos-de-prision-por-el-homicidio-de-un-docente-universitario-en-florencia\/#primaryimage\",\"url\":\"https:\/\/www.fiscalia.gov.co\/colombia\/wp-content\/uploads\/Yibran-Arnovis-Imbachi-Jimenez-homicido-profe-uamazonia-1-300x209.jpeg\",\"contentUrl\":\"https:\/\/www.fiscalia.gov.co\/colombia\/wp-content\/uploads\/Yibran-Arnovis-Imbachi-Jimenez-homicido-profe-uamazonia-1-300x209.jpeg\"},{\"@type\":\"BreadcrumbList\",\"@id\":\"https:\/\/www.fiscalia.gov.co\/colombia\/noticias\/un-hombre-fue-condenado-a-22-anos-de-prision-por-el-homicidio-de-un-docente-universitario-en-florencia\/#breadcrumb\",\"itemListElement\":[{\"@type\":\"ListItem\",\"position\":1,\"name\":\"Home\",\"item\":\"https:\/\/www.fiscalia.gov.co\/colombia\/\"},{\"@type\":\"ListItem\",\"position\":2,\"name\":\"Un hombre fue condenado a 22 a\u00f1os de prisi\u00f3n por el homicidio de un docente universitario en Florencia\"}]},{\"@type\":\"WebSite\",\"@id\":\"https:\/\/www.fiscalia.gov.co\/colombia\/#website\",\"url\":\"https:\/\/www.fiscalia.gov.co\/colombia\/\",\"name\":\"Fiscal\u00eda General de la Naci\u00f3n\",\"description\":\"P\u00e1gina oficial de la Fiscal\u00eda General de la Naci\u00f3n \u2013 Colombia. Garantizamos el acceso efectivo a la justicia, la verdad y la reparaci\u00f3n de las v\u00edctimas de los delitos.\",\"publisher\":{\"@id\":\"https:\/\/www.fiscalia.gov.co\/colombia\/#organization\"},\"potentialAction\":[{\"@type\":\"SearchAction\",\"target\":{\"@type\":\"EntryPoint\",\"urlTemplate\":\"https:\/\/www.fiscalia.gov.co\/colombia\/?s={search_term_string}\"},\"query-input\":{\"@type\":\"PropertyValueSpecification\",\"valueRequired\":true,\"valueName\":\"search_term_string\"}}],\"inLanguage\":\"es-CO\"},{\"@type\":\"Organization\",\"@id\":\"https:\/\/www.fiscalia.gov.co\/colombia\/#organization\",\"name\":\"Fiscal\u00eda General de la Naci\u00f3n\",\"url\":\"https:\/\/www.fiscalia.gov.co\/colombia\/\",\"logo\":{\"@type\":\"ImageObject\",\"inLanguage\":\"es-CO\",\"@id\":\"https:\/\/www.fiscalia.gov.co\/colombia\/#\/schema\/logo\/image\/\",\"url\":\"https:\/\/www.fiscalia.gov.co\/colombia\/wp-content\/uploads\/LogoHorizontal_1.jpg\",\"contentUrl\":\"https:\/\/www.fiscalia.gov.co\/colombia\/wp-content\/uploads\/LogoHorizontal_1.jpg\",\"width\":300,\"height\":90,\"caption\":\"Fiscal\u00eda General de la Naci\u00f3n\"},\"image\":{\"@id\":\"https:\/\/www.fiscalia.gov.co\/colombia\/#\/schema\/logo\/image\/\"},\"sameAs\":[\"https:\/\/www.facebook.com\/FiscaliaCol\",\"https:\/\/x.com\/FiscaliaCol\",\"https:\/\/www.instagram.com\/fiscaliacol\",\"https:\/\/www.linkedin.com\/company\/fiscalia-general-de-la-naci-n\/\",\"https:\/\/youtube.com\/@fiscaliageneraldelanacion-4668?si=6nN79nyQICPU5iTh\"]},{\"@type\":\"Person\",\"@id\":\"https:\/\/www.fiscalia.gov.co\/colombia\/#\/schema\/person\/ba9eca435947489fb25117a0cd75bf3e\",\"name\":\"Johanna Islenny Prieto Pe\u00f1a\",\"image\":{\"@type\":\"ImageObject\",\"inLanguage\":\"es-CO\",\"@id\":\"https:\/\/www.fiscalia.gov.co\/colombia\/#\/schema\/person\/image\/\",\"url\":\"https:\/\/secure.gravatar.com\/avatar\/111433fc2acb037ffb768f6a3ca47864?s=96&d=mm&r=g\",\"contentUrl\":\"https:\/\/secure.gravatar.com\/avatar\/111433fc2acb037ffb768f6a3ca47864?s=96&d=mm&r=g\",\"caption\":\"Johanna Islenny Prieto Pe\u00f1a\"},\"url\":\"https:\/\/www.fiscalia.gov.co\/colombia\/author\/jprietop\/\"}]}<\/script>\n<!-- \/ Yoast SEO plugin. -->","yoast_head_json":{"title":"Fiscal\u00eda General de la Naci\u00f3n","description":"P\u00e1gina oficial de la Fiscal\u00eda General de la Naci\u00f3n \u2013 Colombia. Garantizamos el acceso efectivo a la justicia, la verdad y la reparaci\u00f3n de las v\u00edctimas de los delitos.","robots":{"index":"noindex","follow":"follow"},"og_locale":"es_ES","og_type":"article","og_title":"Fiscal\u00eda General de la Naci\u00f3n","og_description":"P\u00e1gina oficial de la Fiscal\u00eda General de la Naci\u00f3n \u2013 Colombia. Garantizamos el acceso efectivo a la justicia, la verdad y la reparaci\u00f3n de las v\u00edctimas de los delitos.","og_url":"https:\/\/www.fiscalia.gov.co\/colombia\/noticias\/un-hombre-fue-condenado-a-22-anos-de-prision-por-el-homicidio-de-un-docente-universitario-en-florencia\/","og_site_name":"Fiscal\u00eda General de la Naci\u00f3n","article_publisher":"https:\/\/www.facebook.com\/FiscaliaCol","article_published_time":"2024-05-03T14:56:39+00:00","article_modified_time":"2024-05-03T14:59:19+00:00","og_image":[{"url":"https:\/\/www.fiscalia.gov.co\/colombia\/wp-content\/uploads\/Yibran-Arnovis-Imbachi-Jimenez-homicido-profe-uamazonia-1-300x209.jpeg","type":"","width":"","height":""}],"author":"Johanna Islenny Prieto Pe\u00f1a","twitter_card":"summary_large_image","twitter_creator":"@FiscaliaCol","twitter_site":"@FiscaliaCol","twitter_misc":{"Escrito por":"Johanna Islenny Prieto Pe\u00f1a","Tiempo de lectura":"2 minutos"},"schema":{"@context":"https:\/\/schema.org","@graph":[{"@type":"Article","@id":"https:\/\/www.fiscalia.gov.co\/colombia\/noticias\/un-hombre-fue-condenado-a-22-anos-de-prision-por-el-homicidio-de-un-docente-universitario-en-florencia\/#article","isPartOf":{"@id":"https:\/\/www.fiscalia.gov.co\/colombia\/noticias\/un-hombre-fue-condenado-a-22-anos-de-prision-por-el-homicidio-de-un-docente-universitario-en-florencia\/"},"author":{"name":"Johanna Islenny Prieto Pe\u00f1a","@id":"https:\/\/www.fiscalia.gov.co\/colombia\/#\/schema\/person\/ba9eca435947489fb25117a0cd75bf3e"},"headline":"Un hombre fue condenado a 22 a\u00f1os de prisi\u00f3n por el homicidio de un docente universitario en Florencia","datePublished":"2024-05-03T14:56:39+00:00","dateModified":"2024-05-03T14:59:19+00:00","mainEntityOfPage":{"@id":"https:\/\/www.fiscalia.gov.co\/colombia\/noticias\/un-hombre-fue-condenado-a-22-anos-de-prision-por-el-homicidio-de-un-docente-universitario-en-florencia\/"},"wordCount":465,"publisher":{"@id":"https:\/\/www.fiscalia.gov.co\/colombia\/#organization"},"image":{"@id":"https:\/\/www.fiscalia.gov.co\/colombia\/noticias\/un-hombre-fue-condenado-a-22-anos-de-prision-por-el-homicidio-de-un-docente-universitario-en-florencia\/#primaryimage"},"thumbnailUrl":"https:\/\/www.fiscalia.gov.co\/colombia\/wp-content\/uploads\/Yibran-Arnovis-Imbachi-Jimenez-homicido-profe-uamazonia-1-300x209.jpeg","keywords":["Caquet\u00e1","catedr\u00e1tico","Cesar","coautor\u00eda","Complicidad","Condena","Docente","Fiscal\u00eda General de la Naci\u00f3n","Homicidio","hurto calificado y agravado","Morelia","Polic\u00eda Nacional","Porte de armas","Preacuerdo","Seccional Caquet\u00e1.","Seguridad ciudadana","Sentencia","Uniamazon\u00eda","Unidad de Vida","Valledupar","Valpara\u00edso."],"articleSection":["Hay Justicia","Noticias"],"inLanguage":"es-CO"},{"@type":"WebPage","@id":"https:\/\/www.fiscalia.gov.co\/colombia\/noticias\/un-hombre-fue-condenado-a-22-anos-de-prision-por-el-homicidio-de-un-docente-universitario-en-florencia\/","url":"https:\/\/www.fiscalia.gov.co\/colombia\/noticias\/un-hombre-fue-condenado-a-22-anos-de-prision-por-el-homicidio-de-un-docente-universitario-en-florencia\/","name":"Fiscal\u00eda General de la Naci\u00f3n","isPartOf":{"@id":"https:\/\/www.fiscalia.gov.co\/colombia\/#website"},"primaryImageOfPage":{"@id":"https:\/\/www.fiscalia.gov.co\/colombia\/noticias\/un-hombre-fue-condenado-a-22-anos-de-prision-por-el-homicidio-de-un-docente-universitario-en-florencia\/#primaryimage"},"image":{"@id":"https:\/\/www.fiscalia.gov.co\/colombia\/noticias\/un-hombre-fue-condenado-a-22-anos-de-prision-por-el-homicidio-de-un-docente-universitario-en-florencia\/#primaryimage"},"thumbnailUrl":"https:\/\/www.fiscalia.gov.co\/colombia\/wp-content\/uploads\/Yibran-Arnovis-Imbachi-Jimenez-homicido-profe-uamazonia-1-300x209.jpeg","datePublished":"2024-05-03T14:56:39+00:00","dateModified":"2024-05-03T14:59:19+00:00","description":"P\u00e1gina oficial de la Fiscal\u00eda General de la Naci\u00f3n \u2013 Colombia. Garantizamos el acceso efectivo a la justicia, la verdad y la reparaci\u00f3n de las v\u00edctimas de los delitos.","breadcrumb":{"@id":"https:\/\/www.fiscalia.gov.co\/colombia\/noticias\/un-hombre-fue-condenado-a-22-anos-de-prision-por-el-homicidio-de-un-docente-universitario-en-florencia\/#breadcrumb"},"inLanguage":"es-CO","potentialAction":[{"@type":"ReadAction","target":["https:\/\/www.fiscalia.gov.co\/colombia\/noticias\/un-hombre-fue-condenado-a-22-anos-de-prision-por-el-homicidio-de-un-docente-universitario-en-florencia\/"]}]},{"@type":"ImageObject","inLanguage":"es-CO","@id":"https:\/\/www.fiscalia.gov.co\/colombia\/noticias\/un-hombre-fue-condenado-a-22-anos-de-prision-por-el-homicidio-de-un-docente-universitario-en-florencia\/#primaryimage","url":"https:\/\/www.fiscalia.gov.co\/colombia\/wp-content\/uploads\/Yibran-Arnovis-Imbachi-Jimenez-homicido-profe-uamazonia-1-300x209.jpeg","contentUrl":"https:\/\/www.fiscalia.gov.co\/colombia\/wp-content\/uploads\/Yibran-Arnovis-Imbachi-Jimenez-homicido-profe-uamazonia-1-300x209.jpeg"},{"@type":"BreadcrumbList","@id":"https:\/\/www.fiscalia.gov.co\/colombia\/noticias\/un-hombre-fue-condenado-a-22-anos-de-prision-por-el-homicidio-de-un-docente-universitario-en-florencia\/#breadcrumb","itemListElement":[{"@type":"ListItem","position":1,"name":"Home","item":"https:\/\/www.fiscalia.gov.co\/colombia\/"},{"@type":"ListItem","position":2,"name":"Un hombre fue condenado a 22 a\u00f1os de prisi\u00f3n por el homicidio de un docente universitario en Florencia"}]},{"@type":"WebSite","@id":"https:\/\/www.fiscalia.gov.co\/colombia\/#website","url":"https:\/\/www.fiscalia.gov.co\/colombia\/","name":"Fiscal\u00eda General de la Naci\u00f3n","description":"P\u00e1gina oficial de la Fiscal\u00eda General de la Naci\u00f3n \u2013 Colombia. Garantizamos el acceso efectivo a la justicia, la verdad y la reparaci\u00f3n de las v\u00edctimas de los delitos.","publisher":{"@id":"https:\/\/www.fiscalia.gov.co\/colombia\/#organization"},"potentialAction":[{"@type":"SearchAction","target":{"@type":"EntryPoint","urlTemplate":"https:\/\/www.fiscalia.gov.co\/colombia\/?s={search_term_string}"},"query-input":{"@type":"PropertyValueSpecification","valueRequired":true,"valueName":"search_term_string"}}],"inLanguage":"es-CO"},{"@type":"Organization","@id":"https:\/\/www.fiscalia.gov.co\/colombia\/#organization","name":"Fiscal\u00eda General de la Naci\u00f3n","url":"https:\/\/www.fiscalia.gov.co\/colombia\/","logo":{"@type":"ImageObject","inLanguage":"es-CO","@id":"https:\/\/www.fiscalia.gov.co\/colombia\/#\/schema\/logo\/image\/","url":"https:\/\/www.fiscalia.gov.co\/colombia\/wp-content\/uploads\/LogoHorizontal_1.jpg","contentUrl":"https:\/\/www.fiscalia.gov.co\/colombia\/wp-content\/uploads\/LogoHorizontal_1.jpg","width":300,"height":90,"caption":"Fiscal\u00eda General de la Naci\u00f3n"},"image":{"@id":"https:\/\/www.fiscalia.gov.co\/colombia\/#\/schema\/logo\/image\/"},"sameAs":["https:\/\/www.facebook.com\/FiscaliaCol","https:\/\/x.com\/FiscaliaCol","https:\/\/www.instagram.com\/fiscaliacol","https:\/\/www.linkedin.com\/company\/fiscalia-general-de-la-naci-n\/","https:\/\/youtube.com\/@fiscaliageneraldelanacion-4668?si=6nN79nyQICPU5iTh"]},{"@type":"Person","@id":"https:\/\/www.fiscalia.gov.co\/colombia\/#\/schema\/person\/ba9eca435947489fb25117a0cd75bf3e","name":"Johanna Islenny Prieto Pe\u00f1a","image":{"@type":"ImageObject","inLanguage":"es-CO","@id":"https:\/\/www.fiscalia.gov.co\/colombia\/#\/schema\/person\/image\/","url":"https:\/\/secure.gravatar.com\/avatar\/111433fc2acb037ffb768f6a3ca47864?s=96&d=mm&r=g","contentUrl":"https:\/\/secure.gravatar.com\/avatar\/111433fc2acb037ffb768f6a3ca47864?s=96&d=mm&r=g","caption":"Johanna Islenny Prieto Pe\u00f1a"},"url":"https:\/\/www.fiscalia.gov.co\/colombia\/author\/jprietop\/"}]}},"_links":{"self":[{"href":"https:\/\/www.fiscalia.gov.co\/colombia\/wp-json\/wp\/v2\/posts\/294373","targetHints":{"allow":["GET"]}}],"collection":[{"href":"https:\/\/www.fiscalia.gov.co\/colombia\/wp-json\/wp\/v2\/posts"}],"about":[{"href":"https:\/\/www.fiscalia.gov.co\/colombia\/wp-json\/wp\/v2\/types\/post"}],"author":[{"embeddable":true,"href":"https:\/\/www.fiscalia.gov.co\/colombia\/wp-json\/wp\/v2\/users\/181"}],"replies":[{"embeddable":true,"href":"https:\/\/www.fiscalia.gov.co\/colombia\/wp-json\/wp\/v2\/comments?post=294373"}],"version-history":[{"count":3,"href":"https:\/\/www.fiscalia.gov.co\/colombia\/wp-json\/wp\/v2\/posts\/294373\/revisions"}],"predecessor-version":[{"id":294379,"href":"https:\/\/www.fiscalia.gov.co\/colombia\/wp-json\/wp\/v2\/posts\/294373\/revisions\/294379"}],"wp:attachment":[{"href":"https:\/\/www.fiscalia.gov.co\/colombia\/wp-json\/wp\/v2\/media?parent=294373"}],"wp:term":[{"taxonomy":"category","embeddable":true,"href":"https:\/\/www.fiscalia.gov.co\/colombia\/wp-json\/wp\/v2\/categories?post=294373"},{"taxonomy":"post_tag","embeddable":true,"href":"https:\/\/www.fiscalia.gov.co\/colombia\/wp-json\/wp\/v2\/tags?post=294373"}],"curies":[{"name":"wp","href":"https:\/\/api.w.org\/{rel}","templated":true}]}}