{"id":294358,"date":"2024-05-03T08:39:41","date_gmt":"2024-05-03T13:39:41","guid":{"rendered":"https:\/\/www.fiscalia.gov.co\/colombia\/?p=294358"},"modified":"2024-05-03T08:50:46","modified_gmt":"2024-05-03T13:50:46","slug":"fiscalia-logra-aseguramiento-carcelario-para-una-mujer-que-habria-provocado-quemaduras-en-varias-partes-del-cuerpo-a-su-hija-de-5-anos","status":"publish","type":"post","link":"https:\/\/www.fiscalia.gov.co\/colombia\/noticias\/fiscalia-logra-aseguramiento-carcelario-para-una-mujer-que-habria-provocado-quemaduras-en-varias-partes-del-cuerpo-a-su-hija-de-5-anos\/","title":{"rendered":"Fiscal\u00eda logra aseguramiento carcelario para una mujer que habr\u00eda provocado quemaduras en varias partes del cuerpo a su hija de 5 a\u00f1os"},"content":{"rendered":"<blockquote>\n<h4><strong><i>La gravedad de las lesiones recibidas en las partes \u00edntimas oblig\u00f3 a que la menor fuera traslada a un hospital de Medell\u00edn donde recibe atenci\u00f3n especializada.<\/i><\/strong><\/h4>\n<\/blockquote>\n<p>La Fiscal\u00eda General de la Naci\u00f3n obtuvo medida de aseguramiento en centro de reclusi\u00f3n para una mujer de 24 a\u00f1os que estar\u00eda implicada en <a href=\"https:\/\/www.fiscalia.gov.co\/colombia\/violencia-sexual-e-intrafamiliar\/a-la-carcel-expolicia-investigado-por-violencia-intrafamiliar-agravada\/\" target=\"_blank\" rel=\"noopener\">violencia intrafamiliar<\/a> agravada<strong> contra su hija de 5 a\u00f1os.<\/strong><\/p>\n<p>Los hechos investigados ocurrieron el pasado 24 de abril en el corregimiento Bel\u00e9n de Bajir\u00e1 de Riosucio (Choc\u00f3) donde la mujer, al parecer, quem\u00f3 a la menor en sus partes \u00edntimas. <strong>A este hecho se habr\u00edan sumado otro tipo de maltratos para los que habr\u00eda utilizado un cable, adem\u00e1s de haberla obligado a permanecer de rodillas sobre objetos cortantes<\/strong>.<\/p>\n<figure id=\"attachment_294359\" aria-describedby=\"caption-attachment-294359\" style=\"width: 294px\" class=\"wp-caption aligncenter\"><img loading=\"lazy\" decoding=\"async\" class=\"size-medium wp-image-294359\" src=\"https:\/\/www.fiscalia.gov.co\/colombia\/wp-content\/uploads\/violencia-intrafamilar-en-Riosucio-294x300.jpg\" alt=\"En la fotograf\u00eda est\u00e1 la procesada con el rostro distorsionado y dos servidores de la Polic\u00eda Nacional a los lados\" width=\"294\" height=\"300\" srcset=\"https:\/\/www.fiscalia.gov.co\/colombia\/wp-content\/uploads\/violencia-intrafamilar-en-Riosucio-294x300.jpg 294w, https:\/\/www.fiscalia.gov.co\/colombia\/wp-content\/uploads\/violencia-intrafamilar-en-Riosucio-1003x1024.jpg 1003w, https:\/\/www.fiscalia.gov.co\/colombia\/wp-content\/uploads\/violencia-intrafamilar-en-Riosucio-768x784.jpg 768w, https:\/\/www.fiscalia.gov.co\/colombia\/wp-content\/uploads\/violencia-intrafamilar-en-Riosucio-696x711.jpg 696w, https:\/\/www.fiscalia.gov.co\/colombia\/wp-content\/uploads\/violencia-intrafamilar-en-Riosucio-1068x1091.jpg 1068w, https:\/\/www.fiscalia.gov.co\/colombia\/wp-content\/uploads\/violencia-intrafamilar-en-Riosucio-411x420.jpg 411w, https:\/\/www.fiscalia.gov.co\/colombia\/wp-content\/uploads\/violencia-intrafamilar-en-Riosucio-356x364.jpg 356w, https:\/\/www.fiscalia.gov.co\/colombia\/wp-content\/uploads\/violencia-intrafamilar-en-Riosucio.jpg 1126w\" sizes=\"auto, (max-width: 294px) 100vw, 294px\" \/><figcaption id=\"caption-attachment-294359\" class=\"wp-caption-text\">Presunta responsable de provocar quemaduras en varias partes del cuerpo a su hija de 5 a\u00f1os<\/figcaption><\/figure>\n<p><strong>La gravedad de las lesiones hizo que la menor fuera llevada desde la regi\u00f3n de Urab\u00e1 hasta un hospital de Medell\u00edn<\/strong> donde est\u00e1 siendo atendida por especialistas.<\/p>\n<p>La presunta victimaria fue capturada por la Polic\u00eda Nacional mediante orden judicial y durante las audiencias concentradas <strong>acept\u00f3 haber incurrido en el delito imputado.<\/strong><\/p>\n<p>El proceso ser\u00e1 remitido por competencia a la Direcci\u00f3n Seccional de Fiscal\u00edas de Choc\u00f3 para que contin\u00fae con los tr\u00e1mites respectivos.<\/p>\n<p>Esta informaci\u00f3n se publica por razones de inter\u00e9s general.<\/p>\n<p>&nbsp;<\/p>\n<p>LFML\/MAGA\/RVC\/DSA<\/p>\n<p>&nbsp;<\/p>\n<p>&nbsp;<\/p>\n<p><em>La informaci\u00f3n contenida en este bolet\u00edn de prensa corresponde a la narraci\u00f3n de los hechos noticiosos objetivos, y las investigaciones penales al interior de la Fiscal\u00eda General de la Naci\u00f3n. Para el momento de la divulgaci\u00f3n de este comunicado, la situaci\u00f3n jur\u00eddica de la(s) persona(s) relacionada(s) se encuentra pendiente de resolver por la autoridad judicial competente, siempre bajo los preceptos de la presunci\u00f3n de inocencia, consagrados en el art\u00edculo 29 de la Constituci\u00f3n Pol\u00edtica y el art\u00edculo 7\u00ba de la Ley 906 de 2004.<\/em><\/p>\n\n<div class=\"twitter-share\"><a href=\"https:\/\/twitter.com\/intent\/tweet?via=fiscaliacol\" class=\"twitter-share-button\">Tweet<\/a><\/div>\n","protected":false},"excerpt":{"rendered":"<p>La gravedad de las lesiones recibidas en las partes \u00edntimas oblig\u00f3 a que la menor fuera traslada a un hospital de Medell\u00edn donde recibe atenci\u00f3n especializada. La Fiscal\u00eda General de la Naci\u00f3n obtuvo medida de aseguramiento en centro de reclusi\u00f3n para una mujer de 24 a\u00f1os que estar\u00eda implicada en violencia intrafamiliar agravada contra su [&hellip;]<\/p>\n","protected":false},"author":181,"featured_media":0,"comment_status":"closed","ping_status":"open","sticky":false,"template":"","format":"standard","meta":{"_price":"","_stock":"","_tribe_ticket_header":"","_tribe_default_ticket_provider":"","_tribe_ticket_capacity":"0","_ticket_start_date":"","_ticket_end_date":"","_tribe_ticket_show_description":"","_tribe_ticket_show_not_going":false,"_tribe_ticket_use_global_stock":"","_tribe_ticket_global_stock_level":"","_global_stock_mode":"","_global_stock_cap":"","_tribe_rsvp_for_event":"","_tribe_ticket_going_count":"","_tribe_ticket_not_going_count":"","_tribe_tickets_list":"[]","_tribe_ticket_has_attendee_info_fields":false,"tdm_status":"","tdm_grid_status":"","footnotes":""},"categories":[1],"tags":[37772,37771,24074],"class_list":{"0":"post-294358","1":"post","2":"type-post","3":"status-publish","4":"format-standard","6":"category-noticias","7":"tag-acepto-cargos-por-violencia-intrafamiliar-agravada","8":"tag-habria-provocado-quemaduras-en-las-partes-intimas-a-su-hija-de-5-anos","9":"tag-riosucio-choco"},"yoast_head":"<!-- This site is optimized with the Yoast SEO plugin v24.3 - https:\/\/yoast.com\/wordpress\/plugins\/seo\/ -->\n<title>Fiscal\u00eda General de la Naci\u00f3n<\/title>\n<meta name=\"description\" content=\"P\u00e1gina oficial de la Fiscal\u00eda General de la Naci\u00f3n \u2013 Colombia. Garantizamos el acceso efectivo a la justicia, la verdad y la reparaci\u00f3n de las v\u00edctimas de los delitos.\" \/>\n<meta name=\"robots\" content=\"noindex, follow\" \/>\n<meta property=\"og:locale\" content=\"es_ES\" \/>\n<meta property=\"og:type\" content=\"article\" \/>\n<meta property=\"og:title\" content=\"Fiscal\u00eda General de la Naci\u00f3n\" \/>\n<meta property=\"og:description\" content=\"P\u00e1gina oficial de la Fiscal\u00eda General de la Naci\u00f3n \u2013 Colombia. Garantizamos el acceso efectivo a la justicia, la verdad y la reparaci\u00f3n de las v\u00edctimas de los delitos.\" \/>\n<meta property=\"og:url\" content=\"https:\/\/www.fiscalia.gov.co\/colombia\/noticias\/fiscalia-logra-aseguramiento-carcelario-para-una-mujer-que-habria-provocado-quemaduras-en-varias-partes-del-cuerpo-a-su-hija-de-5-anos\/\" \/>\n<meta property=\"og:site_name\" content=\"Fiscal\u00eda General de la Naci\u00f3n\" \/>\n<meta property=\"article:publisher\" content=\"https:\/\/www.facebook.com\/FiscaliaCol\" \/>\n<meta property=\"article:published_time\" content=\"2024-05-03T13:39:41+00:00\" \/>\n<meta property=\"article:modified_time\" content=\"2024-05-03T13:50:46+00:00\" \/>\n<meta property=\"og:image\" content=\"https:\/\/www.fiscalia.gov.co\/colombia\/wp-content\/uploads\/violencia-intrafamilar-en-Riosucio-294x300.jpg\" \/>\n<meta name=\"author\" content=\"Johanna Islenny Prieto Pe\u00f1a\" \/>\n<meta name=\"twitter:card\" content=\"summary_large_image\" \/>\n<meta name=\"twitter:creator\" content=\"@FiscaliaCol\" \/>\n<meta name=\"twitter:site\" content=\"@FiscaliaCol\" \/>\n<meta name=\"twitter:label1\" content=\"Escrito por\" \/>\n\t<meta name=\"twitter:data1\" content=\"Johanna Islenny Prieto Pe\u00f1a\" \/>\n\t<meta name=\"twitter:label2\" content=\"Tiempo de lectura\" \/>\n\t<meta name=\"twitter:data2\" content=\"2 minutos\" \/>\n<script type=\"application\/ld+json\" class=\"yoast-schema-graph\">{\"@context\":\"https:\/\/schema.org\",\"@graph\":[{\"@type\":\"Article\",\"@id\":\"https:\/\/www.fiscalia.gov.co\/colombia\/noticias\/fiscalia-logra-aseguramiento-carcelario-para-una-mujer-que-habria-provocado-quemaduras-en-varias-partes-del-cuerpo-a-su-hija-de-5-anos\/#article\",\"isPartOf\":{\"@id\":\"https:\/\/www.fiscalia.gov.co\/colombia\/noticias\/fiscalia-logra-aseguramiento-carcelario-para-una-mujer-que-habria-provocado-quemaduras-en-varias-partes-del-cuerpo-a-su-hija-de-5-anos\/\"},\"author\":{\"name\":\"Johanna Islenny Prieto Pe\u00f1a\",\"@id\":\"https:\/\/www.fiscalia.gov.co\/colombia\/#\/schema\/person\/ba9eca435947489fb25117a0cd75bf3e\"},\"headline\":\"Fiscal\u00eda logra aseguramiento carcelario para una mujer que habr\u00eda provocado quemaduras en varias partes del cuerpo a su hija de 5 a\u00f1os\",\"datePublished\":\"2024-05-03T13:39:41+00:00\",\"dateModified\":\"2024-05-03T13:50:46+00:00\",\"mainEntityOfPage\":{\"@id\":\"https:\/\/www.fiscalia.gov.co\/colombia\/noticias\/fiscalia-logra-aseguramiento-carcelario-para-una-mujer-que-habria-provocado-quemaduras-en-varias-partes-del-cuerpo-a-su-hija-de-5-anos\/\"},\"wordCount\":367,\"publisher\":{\"@id\":\"https:\/\/www.fiscalia.gov.co\/colombia\/#organization\"},\"image\":{\"@id\":\"https:\/\/www.fiscalia.gov.co\/colombia\/noticias\/fiscalia-logra-aseguramiento-carcelario-para-una-mujer-que-habria-provocado-quemaduras-en-varias-partes-del-cuerpo-a-su-hija-de-5-anos\/#primaryimage\"},\"thumbnailUrl\":\"https:\/\/www.fiscalia.gov.co\/colombia\/wp-content\/uploads\/violencia-intrafamilar-en-Riosucio-294x300.jpg\",\"keywords\":[\"acept\u00f3 cargos por violencia intrafamiliar agravada\",\"Habr\u00eda provocado quemaduras en las partes \u00edntimas a su hija de 5 a\u00f1os\",\"Riosucio (Choc\u00f3)\"],\"articleSection\":[\"Noticias\"],\"inLanguage\":\"es-CO\"},{\"@type\":\"WebPage\",\"@id\":\"https:\/\/www.fiscalia.gov.co\/colombia\/noticias\/fiscalia-logra-aseguramiento-carcelario-para-una-mujer-que-habria-provocado-quemaduras-en-varias-partes-del-cuerpo-a-su-hija-de-5-anos\/\",\"url\":\"https:\/\/www.fiscalia.gov.co\/colombia\/noticias\/fiscalia-logra-aseguramiento-carcelario-para-una-mujer-que-habria-provocado-quemaduras-en-varias-partes-del-cuerpo-a-su-hija-de-5-anos\/\",\"name\":\"Fiscal\u00eda General de la Naci\u00f3n\",\"isPartOf\":{\"@id\":\"https:\/\/www.fiscalia.gov.co\/colombia\/#website\"},\"primaryImageOfPage\":{\"@id\":\"https:\/\/www.fiscalia.gov.co\/colombia\/noticias\/fiscalia-logra-aseguramiento-carcelario-para-una-mujer-que-habria-provocado-quemaduras-en-varias-partes-del-cuerpo-a-su-hija-de-5-anos\/#primaryimage\"},\"image\":{\"@id\":\"https:\/\/www.fiscalia.gov.co\/colombia\/noticias\/fiscalia-logra-aseguramiento-carcelario-para-una-mujer-que-habria-provocado-quemaduras-en-varias-partes-del-cuerpo-a-su-hija-de-5-anos\/#primaryimage\"},\"thumbnailUrl\":\"https:\/\/www.fiscalia.gov.co\/colombia\/wp-content\/uploads\/violencia-intrafamilar-en-Riosucio-294x300.jpg\",\"datePublished\":\"2024-05-03T13:39:41+00:00\",\"dateModified\":\"2024-05-03T13:50:46+00:00\",\"description\":\"P\u00e1gina oficial de la Fiscal\u00eda General de la Naci\u00f3n \u2013 Colombia. Garantizamos el acceso efectivo a la justicia, la verdad y la reparaci\u00f3n de las v\u00edctimas de los delitos.\",\"breadcrumb\":{\"@id\":\"https:\/\/www.fiscalia.gov.co\/colombia\/noticias\/fiscalia-logra-aseguramiento-carcelario-para-una-mujer-que-habria-provocado-quemaduras-en-varias-partes-del-cuerpo-a-su-hija-de-5-anos\/#breadcrumb\"},\"inLanguage\":\"es-CO\",\"potentialAction\":[{\"@type\":\"ReadAction\",\"target\":[\"https:\/\/www.fiscalia.gov.co\/colombia\/noticias\/fiscalia-logra-aseguramiento-carcelario-para-una-mujer-que-habria-provocado-quemaduras-en-varias-partes-del-cuerpo-a-su-hija-de-5-anos\/\"]}]},{\"@type\":\"ImageObject\",\"inLanguage\":\"es-CO\",\"@id\":\"https:\/\/www.fiscalia.gov.co\/colombia\/noticias\/fiscalia-logra-aseguramiento-carcelario-para-una-mujer-que-habria-provocado-quemaduras-en-varias-partes-del-cuerpo-a-su-hija-de-5-anos\/#primaryimage\",\"url\":\"https:\/\/www.fiscalia.gov.co\/colombia\/wp-content\/uploads\/violencia-intrafamilar-en-Riosucio.jpg\",\"contentUrl\":\"https:\/\/www.fiscalia.gov.co\/colombia\/wp-content\/uploads\/violencia-intrafamilar-en-Riosucio.jpg\",\"width\":1126,\"height\":1150,\"caption\":\"Presunta responsable de provocar quemaduras en varias partes del cuerpo a su hija de 5 a\u00f1os\"},{\"@type\":\"BreadcrumbList\",\"@id\":\"https:\/\/www.fiscalia.gov.co\/colombia\/noticias\/fiscalia-logra-aseguramiento-carcelario-para-una-mujer-que-habria-provocado-quemaduras-en-varias-partes-del-cuerpo-a-su-hija-de-5-anos\/#breadcrumb\",\"itemListElement\":[{\"@type\":\"ListItem\",\"position\":1,\"name\":\"Home\",\"item\":\"https:\/\/www.fiscalia.gov.co\/colombia\/\"},{\"@type\":\"ListItem\",\"position\":2,\"name\":\"Fiscal\u00eda logra aseguramiento carcelario para una mujer que habr\u00eda provocado quemaduras en varias partes del cuerpo a su hija de 5 a\u00f1os\"}]},{\"@type\":\"WebSite\",\"@id\":\"https:\/\/www.fiscalia.gov.co\/colombia\/#website\",\"url\":\"https:\/\/www.fiscalia.gov.co\/colombia\/\",\"name\":\"Fiscal\u00eda General de la Naci\u00f3n\",\"description\":\"P\u00e1gina oficial de la Fiscal\u00eda General de la Naci\u00f3n \u2013 Colombia. Garantizamos el acceso efectivo a la justicia, la verdad y la reparaci\u00f3n de las v\u00edctimas de los delitos.\",\"publisher\":{\"@id\":\"https:\/\/www.fiscalia.gov.co\/colombia\/#organization\"},\"potentialAction\":[{\"@type\":\"SearchAction\",\"target\":{\"@type\":\"EntryPoint\",\"urlTemplate\":\"https:\/\/www.fiscalia.gov.co\/colombia\/?s={search_term_string}\"},\"query-input\":{\"@type\":\"PropertyValueSpecification\",\"valueRequired\":true,\"valueName\":\"search_term_string\"}}],\"inLanguage\":\"es-CO\"},{\"@type\":\"Organization\",\"@id\":\"https:\/\/www.fiscalia.gov.co\/colombia\/#organization\",\"name\":\"Fiscal\u00eda General de la Naci\u00f3n\",\"url\":\"https:\/\/www.fiscalia.gov.co\/colombia\/\",\"logo\":{\"@type\":\"ImageObject\",\"inLanguage\":\"es-CO\",\"@id\":\"https:\/\/www.fiscalia.gov.co\/colombia\/#\/schema\/logo\/image\/\",\"url\":\"https:\/\/www.fiscalia.gov.co\/colombia\/wp-content\/uploads\/LogoHorizontal_1.jpg\",\"contentUrl\":\"https:\/\/www.fiscalia.gov.co\/colombia\/wp-content\/uploads\/LogoHorizontal_1.jpg\",\"width\":300,\"height\":90,\"caption\":\"Fiscal\u00eda General de la Naci\u00f3n\"},\"image\":{\"@id\":\"https:\/\/www.fiscalia.gov.co\/colombia\/#\/schema\/logo\/image\/\"},\"sameAs\":[\"https:\/\/www.facebook.com\/FiscaliaCol\",\"https:\/\/x.com\/FiscaliaCol\",\"https:\/\/www.instagram.com\/fiscaliacol\",\"https:\/\/www.linkedin.com\/company\/fiscalia-general-de-la-naci-n\/\",\"https:\/\/youtube.com\/@fiscaliageneraldelanacion-4668?si=6nN79nyQICPU5iTh\"]},{\"@type\":\"Person\",\"@id\":\"https:\/\/www.fiscalia.gov.co\/colombia\/#\/schema\/person\/ba9eca435947489fb25117a0cd75bf3e\",\"name\":\"Johanna Islenny Prieto Pe\u00f1a\",\"image\":{\"@type\":\"ImageObject\",\"inLanguage\":\"es-CO\",\"@id\":\"https:\/\/www.fiscalia.gov.co\/colombia\/#\/schema\/person\/image\/\",\"url\":\"https:\/\/secure.gravatar.com\/avatar\/111433fc2acb037ffb768f6a3ca47864?s=96&d=mm&r=g\",\"contentUrl\":\"https:\/\/secure.gravatar.com\/avatar\/111433fc2acb037ffb768f6a3ca47864?s=96&d=mm&r=g\",\"caption\":\"Johanna Islenny Prieto Pe\u00f1a\"},\"url\":\"https:\/\/www.fiscalia.gov.co\/colombia\/author\/jprietop\/\"}]}<\/script>\n<!-- \/ Yoast SEO plugin. -->","yoast_head_json":{"title":"Fiscal\u00eda General de la Naci\u00f3n","description":"P\u00e1gina oficial de la Fiscal\u00eda General de la Naci\u00f3n \u2013 Colombia. Garantizamos el acceso efectivo a la justicia, la verdad y la reparaci\u00f3n de las v\u00edctimas de los delitos.","robots":{"index":"noindex","follow":"follow"},"og_locale":"es_ES","og_type":"article","og_title":"Fiscal\u00eda General de la Naci\u00f3n","og_description":"P\u00e1gina oficial de la Fiscal\u00eda General de la Naci\u00f3n \u2013 Colombia. Garantizamos el acceso efectivo a la justicia, la verdad y la reparaci\u00f3n de las v\u00edctimas de los delitos.","og_url":"https:\/\/www.fiscalia.gov.co\/colombia\/noticias\/fiscalia-logra-aseguramiento-carcelario-para-una-mujer-que-habria-provocado-quemaduras-en-varias-partes-del-cuerpo-a-su-hija-de-5-anos\/","og_site_name":"Fiscal\u00eda General de la Naci\u00f3n","article_publisher":"https:\/\/www.facebook.com\/FiscaliaCol","article_published_time":"2024-05-03T13:39:41+00:00","article_modified_time":"2024-05-03T13:50:46+00:00","og_image":[{"url":"https:\/\/www.fiscalia.gov.co\/colombia\/wp-content\/uploads\/violencia-intrafamilar-en-Riosucio-294x300.jpg","type":"","width":"","height":""}],"author":"Johanna Islenny Prieto Pe\u00f1a","twitter_card":"summary_large_image","twitter_creator":"@FiscaliaCol","twitter_site":"@FiscaliaCol","twitter_misc":{"Escrito por":"Johanna Islenny Prieto Pe\u00f1a","Tiempo de lectura":"2 minutos"},"schema":{"@context":"https:\/\/schema.org","@graph":[{"@type":"Article","@id":"https:\/\/www.fiscalia.gov.co\/colombia\/noticias\/fiscalia-logra-aseguramiento-carcelario-para-una-mujer-que-habria-provocado-quemaduras-en-varias-partes-del-cuerpo-a-su-hija-de-5-anos\/#article","isPartOf":{"@id":"https:\/\/www.fiscalia.gov.co\/colombia\/noticias\/fiscalia-logra-aseguramiento-carcelario-para-una-mujer-que-habria-provocado-quemaduras-en-varias-partes-del-cuerpo-a-su-hija-de-5-anos\/"},"author":{"name":"Johanna Islenny Prieto Pe\u00f1a","@id":"https:\/\/www.fiscalia.gov.co\/colombia\/#\/schema\/person\/ba9eca435947489fb25117a0cd75bf3e"},"headline":"Fiscal\u00eda logra aseguramiento carcelario para una mujer que habr\u00eda provocado quemaduras en varias partes del cuerpo a su hija de 5 a\u00f1os","datePublished":"2024-05-03T13:39:41+00:00","dateModified":"2024-05-03T13:50:46+00:00","mainEntityOfPage":{"@id":"https:\/\/www.fiscalia.gov.co\/colombia\/noticias\/fiscalia-logra-aseguramiento-carcelario-para-una-mujer-que-habria-provocado-quemaduras-en-varias-partes-del-cuerpo-a-su-hija-de-5-anos\/"},"wordCount":367,"publisher":{"@id":"https:\/\/www.fiscalia.gov.co\/colombia\/#organization"},"image":{"@id":"https:\/\/www.fiscalia.gov.co\/colombia\/noticias\/fiscalia-logra-aseguramiento-carcelario-para-una-mujer-que-habria-provocado-quemaduras-en-varias-partes-del-cuerpo-a-su-hija-de-5-anos\/#primaryimage"},"thumbnailUrl":"https:\/\/www.fiscalia.gov.co\/colombia\/wp-content\/uploads\/violencia-intrafamilar-en-Riosucio-294x300.jpg","keywords":["acept\u00f3 cargos por violencia intrafamiliar agravada","Habr\u00eda provocado quemaduras en las partes \u00edntimas a su hija de 5 a\u00f1os","Riosucio (Choc\u00f3)"],"articleSection":["Noticias"],"inLanguage":"es-CO"},{"@type":"WebPage","@id":"https:\/\/www.fiscalia.gov.co\/colombia\/noticias\/fiscalia-logra-aseguramiento-carcelario-para-una-mujer-que-habria-provocado-quemaduras-en-varias-partes-del-cuerpo-a-su-hija-de-5-anos\/","url":"https:\/\/www.fiscalia.gov.co\/colombia\/noticias\/fiscalia-logra-aseguramiento-carcelario-para-una-mujer-que-habria-provocado-quemaduras-en-varias-partes-del-cuerpo-a-su-hija-de-5-anos\/","name":"Fiscal\u00eda General de la Naci\u00f3n","isPartOf":{"@id":"https:\/\/www.fiscalia.gov.co\/colombia\/#website"},"primaryImageOfPage":{"@id":"https:\/\/www.fiscalia.gov.co\/colombia\/noticias\/fiscalia-logra-aseguramiento-carcelario-para-una-mujer-que-habria-provocado-quemaduras-en-varias-partes-del-cuerpo-a-su-hija-de-5-anos\/#primaryimage"},"image":{"@id":"https:\/\/www.fiscalia.gov.co\/colombia\/noticias\/fiscalia-logra-aseguramiento-carcelario-para-una-mujer-que-habria-provocado-quemaduras-en-varias-partes-del-cuerpo-a-su-hija-de-5-anos\/#primaryimage"},"thumbnailUrl":"https:\/\/www.fiscalia.gov.co\/colombia\/wp-content\/uploads\/violencia-intrafamilar-en-Riosucio-294x300.jpg","datePublished":"2024-05-03T13:39:41+00:00","dateModified":"2024-05-03T13:50:46+00:00","description":"P\u00e1gina oficial de la Fiscal\u00eda General de la Naci\u00f3n \u2013 Colombia. Garantizamos el acceso efectivo a la justicia, la verdad y la reparaci\u00f3n de las v\u00edctimas de los delitos.","breadcrumb":{"@id":"https:\/\/www.fiscalia.gov.co\/colombia\/noticias\/fiscalia-logra-aseguramiento-carcelario-para-una-mujer-que-habria-provocado-quemaduras-en-varias-partes-del-cuerpo-a-su-hija-de-5-anos\/#breadcrumb"},"inLanguage":"es-CO","potentialAction":[{"@type":"ReadAction","target":["https:\/\/www.fiscalia.gov.co\/colombia\/noticias\/fiscalia-logra-aseguramiento-carcelario-para-una-mujer-que-habria-provocado-quemaduras-en-varias-partes-del-cuerpo-a-su-hija-de-5-anos\/"]}]},{"@type":"ImageObject","inLanguage":"es-CO","@id":"https:\/\/www.fiscalia.gov.co\/colombia\/noticias\/fiscalia-logra-aseguramiento-carcelario-para-una-mujer-que-habria-provocado-quemaduras-en-varias-partes-del-cuerpo-a-su-hija-de-5-anos\/#primaryimage","url":"https:\/\/www.fiscalia.gov.co\/colombia\/wp-content\/uploads\/violencia-intrafamilar-en-Riosucio.jpg","contentUrl":"https:\/\/www.fiscalia.gov.co\/colombia\/wp-content\/uploads\/violencia-intrafamilar-en-Riosucio.jpg","width":1126,"height":1150,"caption":"Presunta responsable de provocar quemaduras en varias partes del cuerpo a su hija de 5 a\u00f1os"},{"@type":"BreadcrumbList","@id":"https:\/\/www.fiscalia.gov.co\/colombia\/noticias\/fiscalia-logra-aseguramiento-carcelario-para-una-mujer-que-habria-provocado-quemaduras-en-varias-partes-del-cuerpo-a-su-hija-de-5-anos\/#breadcrumb","itemListElement":[{"@type":"ListItem","position":1,"name":"Home","item":"https:\/\/www.fiscalia.gov.co\/colombia\/"},{"@type":"ListItem","position":2,"name":"Fiscal\u00eda logra aseguramiento carcelario para una mujer que habr\u00eda provocado quemaduras en varias partes del cuerpo a su hija de 5 a\u00f1os"}]},{"@type":"WebSite","@id":"https:\/\/www.fiscalia.gov.co\/colombia\/#website","url":"https:\/\/www.fiscalia.gov.co\/colombia\/","name":"Fiscal\u00eda General de la Naci\u00f3n","description":"P\u00e1gina oficial de la Fiscal\u00eda General de la Naci\u00f3n \u2013 Colombia. Garantizamos el acceso efectivo a la justicia, la verdad y la reparaci\u00f3n de las v\u00edctimas de los delitos.","publisher":{"@id":"https:\/\/www.fiscalia.gov.co\/colombia\/#organization"},"potentialAction":[{"@type":"SearchAction","target":{"@type":"EntryPoint","urlTemplate":"https:\/\/www.fiscalia.gov.co\/colombia\/?s={search_term_string}"},"query-input":{"@type":"PropertyValueSpecification","valueRequired":true,"valueName":"search_term_string"}}],"inLanguage":"es-CO"},{"@type":"Organization","@id":"https:\/\/www.fiscalia.gov.co\/colombia\/#organization","name":"Fiscal\u00eda General de la Naci\u00f3n","url":"https:\/\/www.fiscalia.gov.co\/colombia\/","logo":{"@type":"ImageObject","inLanguage":"es-CO","@id":"https:\/\/www.fiscalia.gov.co\/colombia\/#\/schema\/logo\/image\/","url":"https:\/\/www.fiscalia.gov.co\/colombia\/wp-content\/uploads\/LogoHorizontal_1.jpg","contentUrl":"https:\/\/www.fiscalia.gov.co\/colombia\/wp-content\/uploads\/LogoHorizontal_1.jpg","width":300,"height":90,"caption":"Fiscal\u00eda General de la Naci\u00f3n"},"image":{"@id":"https:\/\/www.fiscalia.gov.co\/colombia\/#\/schema\/logo\/image\/"},"sameAs":["https:\/\/www.facebook.com\/FiscaliaCol","https:\/\/x.com\/FiscaliaCol","https:\/\/www.instagram.com\/fiscaliacol","https:\/\/www.linkedin.com\/company\/fiscalia-general-de-la-naci-n\/","https:\/\/youtube.com\/@fiscaliageneraldelanacion-4668?si=6nN79nyQICPU5iTh"]},{"@type":"Person","@id":"https:\/\/www.fiscalia.gov.co\/colombia\/#\/schema\/person\/ba9eca435947489fb25117a0cd75bf3e","name":"Johanna Islenny Prieto Pe\u00f1a","image":{"@type":"ImageObject","inLanguage":"es-CO","@id":"https:\/\/www.fiscalia.gov.co\/colombia\/#\/schema\/person\/image\/","url":"https:\/\/secure.gravatar.com\/avatar\/111433fc2acb037ffb768f6a3ca47864?s=96&d=mm&r=g","contentUrl":"https:\/\/secure.gravatar.com\/avatar\/111433fc2acb037ffb768f6a3ca47864?s=96&d=mm&r=g","caption":"Johanna Islenny Prieto Pe\u00f1a"},"url":"https:\/\/www.fiscalia.gov.co\/colombia\/author\/jprietop\/"}]}},"_links":{"self":[{"href":"https:\/\/www.fiscalia.gov.co\/colombia\/wp-json\/wp\/v2\/posts\/294358","targetHints":{"allow":["GET"]}}],"collection":[{"href":"https:\/\/www.fiscalia.gov.co\/colombia\/wp-json\/wp\/v2\/posts"}],"about":[{"href":"https:\/\/www.fiscalia.gov.co\/colombia\/wp-json\/wp\/v2\/types\/post"}],"author":[{"embeddable":true,"href":"https:\/\/www.fiscalia.gov.co\/colombia\/wp-json\/wp\/v2\/users\/181"}],"replies":[{"embeddable":true,"href":"https:\/\/www.fiscalia.gov.co\/colombia\/wp-json\/wp\/v2\/comments?post=294358"}],"version-history":[{"count":3,"href":"https:\/\/www.fiscalia.gov.co\/colombia\/wp-json\/wp\/v2\/posts\/294358\/revisions"}],"predecessor-version":[{"id":294362,"href":"https:\/\/www.fiscalia.gov.co\/colombia\/wp-json\/wp\/v2\/posts\/294358\/revisions\/294362"}],"wp:attachment":[{"href":"https:\/\/www.fiscalia.gov.co\/colombia\/wp-json\/wp\/v2\/media?parent=294358"}],"wp:term":[{"taxonomy":"category","embeddable":true,"href":"https:\/\/www.fiscalia.gov.co\/colombia\/wp-json\/wp\/v2\/categories?post=294358"},{"taxonomy":"post_tag","embeddable":true,"href":"https:\/\/www.fiscalia.gov.co\/colombia\/wp-json\/wp\/v2\/tags?post=294358"}],"curies":[{"name":"wp","href":"https:\/\/api.w.org\/{rel}","templated":true}]}}