{"id":294328,"date":"2024-05-02T16:27:34","date_gmt":"2024-05-02T21:27:34","guid":{"rendered":"https:\/\/www.fiscalia.gov.co\/colombia\/?p=294328"},"modified":"2024-05-07T09:20:57","modified_gmt":"2024-05-07T14:20:57","slug":"ofensiva-contra-el-hurto-en-garzon-huila-deja-tres-personas-privadas-de-la-libertad","status":"publish","type":"post","link":"https:\/\/www.fiscalia.gov.co\/colombia\/noticias\/ofensiva-contra-el-hurto-en-garzon-huila-deja-tres-personas-privadas-de-la-libertad\/","title":{"rendered":"Ofensiva contra el hurto en Garz\u00f3n (Huila) deja tres personas privadas de la libertad"},"content":{"rendered":"<p>En una ofensiva contra los delitos que afectan la seguridad ciudadana, un fiscal adscrito a la Seccional Huila logr\u00f3 que<strong> jueces con funci\u00f3n de control de garant\u00edas impusieran medidas de aseguramiento<\/strong> en establecimiento carcelario en contra de tres hombres que estar\u00edan involucrados en<a href=\"https:\/\/www.fiscalia.gov.co\/colombia\/hay-justicia\/fiscalia-obtiene-condena-en-contra-de-los-azulejos-por-robos-al-transporte-publico-en-bogota\/\" target=\"_blank\" rel=\"noopener\"> hurtos<\/a> en el municipio de Garz\u00f3n (Huila).<\/p>\n<p>Uno de los casos ocurri\u00f3 el pasado 10 de abril en la vereda El Vergel, donde Sergio Alonso Mej\u00eda M\u00e9ndez fue capturado por la Polic\u00eda Nacional gracias al aviso de la comunidad. <strong>Durante los operativos al hombre le fue decomisada una guada\u00f1a y una m\u00e1quina de coser, valorados en \u00a02\u2019300.000 pesos, y que habr\u00eda hurtado a un comerciante.<\/strong><\/p>\n<figure id=\"attachment_294329\" aria-describedby=\"caption-attachment-294329\" style=\"width: 300px\" class=\"wp-caption aligncenter\"><img loading=\"lazy\" decoding=\"async\" class=\"size-medium wp-image-294329\" src=\"https:\/\/www.fiscalia.gov.co\/colombia\/wp-content\/uploads\/Sergio-Alonso-Mejia-Mendez-300x213.jpeg\" alt=\"El procesado se encuentra esposado y en custodia por uniformados de la Polic\u00eda Nacional. Detr\u00e1s suyo un backing de la Polic\u00eda y se observan los elementos incautados.\" width=\"300\" height=\"213\" srcset=\"https:\/\/www.fiscalia.gov.co\/colombia\/wp-content\/uploads\/Sergio-Alonso-Mejia-Mendez-300x213.jpeg 300w, https:\/\/www.fiscalia.gov.co\/colombia\/wp-content\/uploads\/Sergio-Alonso-Mejia-Mendez-1024x728.jpeg 1024w, https:\/\/www.fiscalia.gov.co\/colombia\/wp-content\/uploads\/Sergio-Alonso-Mejia-Mendez-768x546.jpeg 768w, https:\/\/www.fiscalia.gov.co\/colombia\/wp-content\/uploads\/Sergio-Alonso-Mejia-Mendez-1536x1092.jpeg 1536w, https:\/\/www.fiscalia.gov.co\/colombia\/wp-content\/uploads\/Sergio-Alonso-Mejia-Mendez-696x495.jpeg 696w, https:\/\/www.fiscalia.gov.co\/colombia\/wp-content\/uploads\/Sergio-Alonso-Mejia-Mendez-1068x759.jpeg 1068w, https:\/\/www.fiscalia.gov.co\/colombia\/wp-content\/uploads\/Sergio-Alonso-Mejia-Mendez-591x420.jpeg 591w, https:\/\/www.fiscalia.gov.co\/colombia\/wp-content\/uploads\/Sergio-Alonso-Mejia-Mendez-100x70.jpeg 100w, https:\/\/www.fiscalia.gov.co\/colombia\/wp-content\/uploads\/Sergio-Alonso-Mejia-Mendez.jpeg 1600w\" sizes=\"auto, (max-width: 300px) 100vw, 300px\" \/><figcaption id=\"caption-attachment-294329\" class=\"wp-caption-text\">Durante los operativos, a Sergio Alonso Mej\u00eda M\u00e9ndez le fue decomisada una guada\u00f1a y una m\u00e1quina de coser.<\/figcaption><\/figure>\n<p>De otra parte, el pasado 18 de abril, en el barrio El Centro, Jhon Jader Conde Pach\u00f3n habr\u00eda hurtado en un establecimiento comercial un computador port\u00e1til, accesorios, tres celulares, cuatro bafles y dos linternas, <strong>los cuales le fueron incautados y que tendr\u00edan un valor aproximado de 8 millones de pesos.<\/strong><\/p>\n<figure id=\"attachment_294330\" aria-describedby=\"caption-attachment-294330\" style=\"width: 300px\" class=\"wp-caption aligncenter\"><img loading=\"lazy\" decoding=\"async\" class=\"size-medium wp-image-294330\" src=\"https:\/\/www.fiscalia.gov.co\/colombia\/wp-content\/uploads\/Jhon-Jader-Conde-Pachon-300x233.jpeg\" alt=\" El procesado se encuentra esposado y en custodia por uniformados de la Polic\u00eda Nacional. Detr\u00e1s suyo un backing de la Polic\u00eda y se observan los elementos incautados. \" width=\"300\" height=\"233\" srcset=\"https:\/\/www.fiscalia.gov.co\/colombia\/wp-content\/uploads\/Jhon-Jader-Conde-Pachon-300x233.jpeg 300w, https:\/\/www.fiscalia.gov.co\/colombia\/wp-content\/uploads\/Jhon-Jader-Conde-Pachon-1024x796.jpeg 1024w, https:\/\/www.fiscalia.gov.co\/colombia\/wp-content\/uploads\/Jhon-Jader-Conde-Pachon-768x597.jpeg 768w, https:\/\/www.fiscalia.gov.co\/colombia\/wp-content\/uploads\/Jhon-Jader-Conde-Pachon-1536x1193.jpeg 1536w, https:\/\/www.fiscalia.gov.co\/colombia\/wp-content\/uploads\/Jhon-Jader-Conde-Pachon-696x541.jpeg 696w, https:\/\/www.fiscalia.gov.co\/colombia\/wp-content\/uploads\/Jhon-Jader-Conde-Pachon-1068x830.jpeg 1068w, https:\/\/www.fiscalia.gov.co\/colombia\/wp-content\/uploads\/Jhon-Jader-Conde-Pachon-541x420.jpeg 541w, https:\/\/www.fiscalia.gov.co\/colombia\/wp-content\/uploads\/Jhon-Jader-Conde-Pachon.jpeg 1600w\" sizes=\"auto, (max-width: 300px) 100vw, 300px\" \/><figcaption id=\"caption-attachment-294330\" class=\"wp-caption-text\">La mercanc\u00eda que habr\u00eda hurtado Jhon Jader Conde Pach\u00f3n de un establecimiento comercial, tendr\u00eda un valor aproximado de 8 millones de pesos.<\/figcaption><\/figure>\n<p>Por \u00faltimo, la Fiscal\u00eda judicializ\u00f3 a Luis Carlos Mu\u00f1oz Bejarano, presunto implicado en el <a href=\"https:\/\/www.fiscalia.gov.co\/colombia\/noticias\/a-la-carcel-fueron-enviados-dos-hombres-quienes-estarian-dedicados-al-hurto-de-celulares-en-cucuta\/\" target=\"_blank\" rel=\"noopener\">hurto de dos celulares<\/a>, joyas y un bolso a una persona que se encontraba a la espera de un servicio de transporte p\u00fablico. Los hechos tuvieron lugar en julio de 2023 en el barrio La Gaitana. El valor de los bienes ascender\u00eda a los 12 millones de pesos.<\/p>\n<figure id=\"attachment_294331\" aria-describedby=\"caption-attachment-294331\" style=\"width: 300px\" class=\"wp-caption aligncenter\"><img loading=\"lazy\" decoding=\"async\" class=\"size-medium wp-image-294331\" src=\"https:\/\/www.fiscalia.gov.co\/colombia\/wp-content\/uploads\/Luis-Carlos-Munoz-Bejarano-300x237.jpeg\" alt=\" El procesado se encuentra esposado y en custodia por uniformados de la Polic\u00eda Nacional. Detr\u00e1s suyo un backing de la Polic\u00eda.\" width=\"300\" height=\"237\" srcset=\"https:\/\/www.fiscalia.gov.co\/colombia\/wp-content\/uploads\/Luis-Carlos-Munoz-Bejarano-300x237.jpeg 300w, https:\/\/www.fiscalia.gov.co\/colombia\/wp-content\/uploads\/Luis-Carlos-Munoz-Bejarano-1024x810.jpeg 1024w, https:\/\/www.fiscalia.gov.co\/colombia\/wp-content\/uploads\/Luis-Carlos-Munoz-Bejarano-768x608.jpeg 768w, https:\/\/www.fiscalia.gov.co\/colombia\/wp-content\/uploads\/Luis-Carlos-Munoz-Bejarano-1536x1215.jpeg 1536w, https:\/\/www.fiscalia.gov.co\/colombia\/wp-content\/uploads\/Luis-Carlos-Munoz-Bejarano-696x551.jpeg 696w, https:\/\/www.fiscalia.gov.co\/colombia\/wp-content\/uploads\/Luis-Carlos-Munoz-Bejarano-1068x845.jpeg 1068w, https:\/\/www.fiscalia.gov.co\/colombia\/wp-content\/uploads\/Luis-Carlos-Munoz-Bejarano-531x420.jpeg 531w, https:\/\/www.fiscalia.gov.co\/colombia\/wp-content\/uploads\/Luis-Carlos-Munoz-Bejarano.jpeg 1600w\" sizes=\"auto, (max-width: 300px) 100vw, 300px\" \/><figcaption id=\"caption-attachment-294331\" class=\"wp-caption-text\">Luis Carlos Mu\u00f1oz Bejarano al parecer, hurto dos celulares, joyas y un bolso, bienes que, ascender\u00edan a las 12 millones de pesos.<\/figcaption><\/figure>\n<div><strong>La Fiscal\u00eda imput\u00f3 a estas tres personas, de acuerdo con su responsabilidad individual, los delitos de hurto calificado y hurto calificado agravado.<\/strong> Ninguno acept\u00f3 los cargos en su contra.<\/div>\n<div><\/div>\n<div>Esta informaci\u00f3n se publica por razones de inter\u00e9s general.<\/div>\n<p>&nbsp;<\/p>\n<p>&nbsp;<\/p>\n<p>WAGG\/LMFO\/CFG\/JCO\/JCFJ\/DSH<\/p>\n<p>&nbsp;<\/p>\n<p><b>\u00a0<\/b><\/p>\n<p>&nbsp;<\/p>\n<p>&nbsp;<\/p>\n<p><em>La informaci\u00f3n contenida en este bolet\u00edn de prensa corresponde a la narraci\u00f3n de los hechos noticiosos objetivos, suministrados por los funcionarios encargados de adelantar las investigaciones penales al interior de la Fiscal\u00eda General de la Naci\u00f3n. Para el momento de la divulgaci\u00f3n de este comunicado, la situaci\u00f3n jur\u00eddica de la(s) persona(s) relacionada(s) se encuentra pendiente de resolver por la autoridad judicial competente, siempre bajo los preceptos de la presunci\u00f3n de inocencia, consagrados en el art\u00edculo 29 de la Constituci\u00f3n Pol\u00edtica y el art\u00edculo 7\u00ba de la Ley 906 de 2004.<\/em><\/p>\n\n<div class=\"twitter-share\"><a href=\"https:\/\/twitter.com\/intent\/tweet?via=fiscaliacol\" class=\"twitter-share-button\">Tweet<\/a><\/div>\n","protected":false},"excerpt":{"rendered":"<p>En una ofensiva contra los delitos que afectan la seguridad ciudadana, un fiscal adscrito a la Seccional Huila logr\u00f3 que jueces con funci\u00f3n de control de garant\u00edas impusieran medidas de aseguramiento en establecimiento carcelario en contra de tres hombres que estar\u00edan involucrados en hurtos en el municipio de Garz\u00f3n (Huila). Uno de los casos ocurri\u00f3 [&hellip;]<\/p>\n","protected":false},"author":181,"featured_media":0,"comment_status":"closed","ping_status":"open","sticky":false,"template":"","format":"standard","meta":{"_price":"","_stock":"","_tribe_ticket_header":"","_tribe_default_ticket_provider":"","_tribe_ticket_capacity":"0","_ticket_start_date":"","_ticket_end_date":"","_tribe_ticket_show_description":"","_tribe_ticket_show_not_going":false,"_tribe_ticket_use_global_stock":"","_tribe_ticket_global_stock_level":"","_global_stock_mode":"","_global_stock_cap":"","_tribe_rsvp_for_event":"","_tribe_ticket_going_count":"","_tribe_ticket_not_going_count":"","_tribe_tickets_list":"[]","_tribe_ticket_has_attendee_info_fields":false,"tdm_status":"","tdm_grid_status":"","footnotes":""},"categories":[1,24099],"tags":[8448,941,24551,1047,23898,16,23960,2408,24315,24485],"class_list":{"0":"post-294328","1":"post","2":"type-post","3":"status-publish","4":"format-standard","6":"category-noticias","7":"category-seguridad-territorial","8":"tag-agravado","9":"tag-aseguramiento","10":"tag-centro-carcelario","11":"tag-fiscalia-general-de-la-nacion","12":"tag-garzon","13":"tag-huila","14":"tag-hurto","15":"tag-hurto-calificado","16":"tag-intramuros","17":"tag-seccional-huila"},"yoast_head":"<!-- This site is optimized with the Yoast SEO plugin v24.3 - https:\/\/yoast.com\/wordpress\/plugins\/seo\/ -->\n<title>Fiscal\u00eda General de la Naci\u00f3n<\/title>\n<meta name=\"description\" content=\"P\u00e1gina oficial de la Fiscal\u00eda General de la Naci\u00f3n \u2013 Colombia. Garantizamos el acceso efectivo a la justicia, la verdad y la reparaci\u00f3n de las v\u00edctimas de los delitos.\" \/>\n<meta name=\"robots\" content=\"noindex, follow\" \/>\n<meta property=\"og:locale\" content=\"es_ES\" \/>\n<meta property=\"og:type\" content=\"article\" \/>\n<meta property=\"og:title\" content=\"Fiscal\u00eda General de la Naci\u00f3n\" \/>\n<meta property=\"og:description\" content=\"P\u00e1gina oficial de la Fiscal\u00eda General de la Naci\u00f3n \u2013 Colombia. Garantizamos el acceso efectivo a la justicia, la verdad y la reparaci\u00f3n de las v\u00edctimas de los delitos.\" \/>\n<meta property=\"og:url\" content=\"https:\/\/www.fiscalia.gov.co\/colombia\/noticias\/ofensiva-contra-el-hurto-en-garzon-huila-deja-tres-personas-privadas-de-la-libertad\/\" \/>\n<meta property=\"og:site_name\" content=\"Fiscal\u00eda General de la Naci\u00f3n\" \/>\n<meta property=\"article:publisher\" content=\"https:\/\/www.facebook.com\/FiscaliaCol\" \/>\n<meta property=\"article:published_time\" content=\"2024-05-02T21:27:34+00:00\" \/>\n<meta property=\"article:modified_time\" content=\"2024-05-07T14:20:57+00:00\" \/>\n<meta property=\"og:image\" content=\"https:\/\/www.fiscalia.gov.co\/colombia\/wp-content\/uploads\/Sergio-Alonso-Mejia-Mendez-300x213.jpeg\" \/>\n<meta name=\"author\" content=\"Johanna Islenny Prieto Pe\u00f1a\" \/>\n<meta name=\"twitter:card\" content=\"summary_large_image\" \/>\n<meta name=\"twitter:creator\" content=\"@FiscaliaCol\" \/>\n<meta name=\"twitter:site\" content=\"@FiscaliaCol\" \/>\n<meta name=\"twitter:label1\" content=\"Escrito por\" \/>\n\t<meta name=\"twitter:data1\" content=\"Johanna Islenny Prieto Pe\u00f1a\" \/>\n\t<meta name=\"twitter:label2\" content=\"Tiempo de lectura\" \/>\n\t<meta name=\"twitter:data2\" content=\"3 minutos\" \/>\n<script type=\"application\/ld+json\" class=\"yoast-schema-graph\">{\"@context\":\"https:\/\/schema.org\",\"@graph\":[{\"@type\":\"Article\",\"@id\":\"https:\/\/www.fiscalia.gov.co\/colombia\/noticias\/ofensiva-contra-el-hurto-en-garzon-huila-deja-tres-personas-privadas-de-la-libertad\/#article\",\"isPartOf\":{\"@id\":\"https:\/\/www.fiscalia.gov.co\/colombia\/noticias\/ofensiva-contra-el-hurto-en-garzon-huila-deja-tres-personas-privadas-de-la-libertad\/\"},\"author\":{\"name\":\"Johanna Islenny Prieto Pe\u00f1a\",\"@id\":\"https:\/\/www.fiscalia.gov.co\/colombia\/#\/schema\/person\/ba9eca435947489fb25117a0cd75bf3e\"},\"headline\":\"Ofensiva contra el hurto en Garz\u00f3n (Huila) deja tres personas privadas de la libertad\",\"datePublished\":\"2024-05-02T21:27:34+00:00\",\"dateModified\":\"2024-05-07T14:20:57+00:00\",\"mainEntityOfPage\":{\"@id\":\"https:\/\/www.fiscalia.gov.co\/colombia\/noticias\/ofensiva-contra-el-hurto-en-garzon-huila-deja-tres-personas-privadas-de-la-libertad\/\"},\"wordCount\":492,\"publisher\":{\"@id\":\"https:\/\/www.fiscalia.gov.co\/colombia\/#organization\"},\"image\":{\"@id\":\"https:\/\/www.fiscalia.gov.co\/colombia\/noticias\/ofensiva-contra-el-hurto-en-garzon-huila-deja-tres-personas-privadas-de-la-libertad\/#primaryimage\"},\"thumbnailUrl\":\"https:\/\/www.fiscalia.gov.co\/colombia\/wp-content\/uploads\/Sergio-Alonso-Mejia-Mendez-300x213.jpeg\",\"keywords\":[\"Agravado\",\"Aseguramiento\",\"centro carcelario\",\"Fiscal\u00eda General de la Naci\u00f3n\",\"Garz\u00f3n\",\"Huila\",\"Hurto\",\"Hurto calificado\",\"intramuros\",\"Seccional Huila\"],\"articleSection\":[\"Noticias\",\"Seguridad territorial\"],\"inLanguage\":\"es-CO\"},{\"@type\":\"WebPage\",\"@id\":\"https:\/\/www.fiscalia.gov.co\/colombia\/noticias\/ofensiva-contra-el-hurto-en-garzon-huila-deja-tres-personas-privadas-de-la-libertad\/\",\"url\":\"https:\/\/www.fiscalia.gov.co\/colombia\/noticias\/ofensiva-contra-el-hurto-en-garzon-huila-deja-tres-personas-privadas-de-la-libertad\/\",\"name\":\"Fiscal\u00eda General de la Naci\u00f3n\",\"isPartOf\":{\"@id\":\"https:\/\/www.fiscalia.gov.co\/colombia\/#website\"},\"primaryImageOfPage\":{\"@id\":\"https:\/\/www.fiscalia.gov.co\/colombia\/noticias\/ofensiva-contra-el-hurto-en-garzon-huila-deja-tres-personas-privadas-de-la-libertad\/#primaryimage\"},\"image\":{\"@id\":\"https:\/\/www.fiscalia.gov.co\/colombia\/noticias\/ofensiva-contra-el-hurto-en-garzon-huila-deja-tres-personas-privadas-de-la-libertad\/#primaryimage\"},\"thumbnailUrl\":\"https:\/\/www.fiscalia.gov.co\/colombia\/wp-content\/uploads\/Sergio-Alonso-Mejia-Mendez-300x213.jpeg\",\"datePublished\":\"2024-05-02T21:27:34+00:00\",\"dateModified\":\"2024-05-07T14:20:57+00:00\",\"description\":\"P\u00e1gina oficial de la Fiscal\u00eda General de la Naci\u00f3n \u2013 Colombia. Garantizamos el acceso efectivo a la justicia, la verdad y la reparaci\u00f3n de las v\u00edctimas de los delitos.\",\"breadcrumb\":{\"@id\":\"https:\/\/www.fiscalia.gov.co\/colombia\/noticias\/ofensiva-contra-el-hurto-en-garzon-huila-deja-tres-personas-privadas-de-la-libertad\/#breadcrumb\"},\"inLanguage\":\"es-CO\",\"potentialAction\":[{\"@type\":\"ReadAction\",\"target\":[\"https:\/\/www.fiscalia.gov.co\/colombia\/noticias\/ofensiva-contra-el-hurto-en-garzon-huila-deja-tres-personas-privadas-de-la-libertad\/\"]}]},{\"@type\":\"ImageObject\",\"inLanguage\":\"es-CO\",\"@id\":\"https:\/\/www.fiscalia.gov.co\/colombia\/noticias\/ofensiva-contra-el-hurto-en-garzon-huila-deja-tres-personas-privadas-de-la-libertad\/#primaryimage\",\"url\":\"https:\/\/www.fiscalia.gov.co\/colombia\/wp-content\/uploads\/Sergio-Alonso-Mejia-Mendez-300x213.jpeg\",\"contentUrl\":\"https:\/\/www.fiscalia.gov.co\/colombia\/wp-content\/uploads\/Sergio-Alonso-Mejia-Mendez-300x213.jpeg\"},{\"@type\":\"BreadcrumbList\",\"@id\":\"https:\/\/www.fiscalia.gov.co\/colombia\/noticias\/ofensiva-contra-el-hurto-en-garzon-huila-deja-tres-personas-privadas-de-la-libertad\/#breadcrumb\",\"itemListElement\":[{\"@type\":\"ListItem\",\"position\":1,\"name\":\"Home\",\"item\":\"https:\/\/www.fiscalia.gov.co\/colombia\/\"},{\"@type\":\"ListItem\",\"position\":2,\"name\":\"Ofensiva contra el hurto en Garz\u00f3n (Huila) deja tres personas privadas de la libertad\"}]},{\"@type\":\"WebSite\",\"@id\":\"https:\/\/www.fiscalia.gov.co\/colombia\/#website\",\"url\":\"https:\/\/www.fiscalia.gov.co\/colombia\/\",\"name\":\"Fiscal\u00eda General de la Naci\u00f3n\",\"description\":\"P\u00e1gina oficial de la Fiscal\u00eda General de la Naci\u00f3n \u2013 Colombia. Garantizamos el acceso efectivo a la justicia, la verdad y la reparaci\u00f3n de las v\u00edctimas de los delitos.\",\"publisher\":{\"@id\":\"https:\/\/www.fiscalia.gov.co\/colombia\/#organization\"},\"potentialAction\":[{\"@type\":\"SearchAction\",\"target\":{\"@type\":\"EntryPoint\",\"urlTemplate\":\"https:\/\/www.fiscalia.gov.co\/colombia\/?s={search_term_string}\"},\"query-input\":{\"@type\":\"PropertyValueSpecification\",\"valueRequired\":true,\"valueName\":\"search_term_string\"}}],\"inLanguage\":\"es-CO\"},{\"@type\":\"Organization\",\"@id\":\"https:\/\/www.fiscalia.gov.co\/colombia\/#organization\",\"name\":\"Fiscal\u00eda General de la Naci\u00f3n\",\"url\":\"https:\/\/www.fiscalia.gov.co\/colombia\/\",\"logo\":{\"@type\":\"ImageObject\",\"inLanguage\":\"es-CO\",\"@id\":\"https:\/\/www.fiscalia.gov.co\/colombia\/#\/schema\/logo\/image\/\",\"url\":\"https:\/\/www.fiscalia.gov.co\/colombia\/wp-content\/uploads\/LogoHorizontal_1.jpg\",\"contentUrl\":\"https:\/\/www.fiscalia.gov.co\/colombia\/wp-content\/uploads\/LogoHorizontal_1.jpg\",\"width\":300,\"height\":90,\"caption\":\"Fiscal\u00eda General de la Naci\u00f3n\"},\"image\":{\"@id\":\"https:\/\/www.fiscalia.gov.co\/colombia\/#\/schema\/logo\/image\/\"},\"sameAs\":[\"https:\/\/www.facebook.com\/FiscaliaCol\",\"https:\/\/x.com\/FiscaliaCol\",\"https:\/\/www.instagram.com\/fiscaliacol\",\"https:\/\/www.linkedin.com\/company\/fiscalia-general-de-la-naci-n\/\",\"https:\/\/youtube.com\/@fiscaliageneraldelanacion-4668?si=6nN79nyQICPU5iTh\"]},{\"@type\":\"Person\",\"@id\":\"https:\/\/www.fiscalia.gov.co\/colombia\/#\/schema\/person\/ba9eca435947489fb25117a0cd75bf3e\",\"name\":\"Johanna Islenny Prieto Pe\u00f1a\",\"image\":{\"@type\":\"ImageObject\",\"inLanguage\":\"es-CO\",\"@id\":\"https:\/\/www.fiscalia.gov.co\/colombia\/#\/schema\/person\/image\/\",\"url\":\"https:\/\/secure.gravatar.com\/avatar\/111433fc2acb037ffb768f6a3ca47864?s=96&d=mm&r=g\",\"contentUrl\":\"https:\/\/secure.gravatar.com\/avatar\/111433fc2acb037ffb768f6a3ca47864?s=96&d=mm&r=g\",\"caption\":\"Johanna Islenny Prieto Pe\u00f1a\"},\"url\":\"https:\/\/www.fiscalia.gov.co\/colombia\/author\/jprietop\/\"}]}<\/script>\n<!-- \/ Yoast SEO plugin. -->","yoast_head_json":{"title":"Fiscal\u00eda General de la Naci\u00f3n","description":"P\u00e1gina oficial de la Fiscal\u00eda General de la Naci\u00f3n \u2013 Colombia. Garantizamos el acceso efectivo a la justicia, la verdad y la reparaci\u00f3n de las v\u00edctimas de los delitos.","robots":{"index":"noindex","follow":"follow"},"og_locale":"es_ES","og_type":"article","og_title":"Fiscal\u00eda General de la Naci\u00f3n","og_description":"P\u00e1gina oficial de la Fiscal\u00eda General de la Naci\u00f3n \u2013 Colombia. Garantizamos el acceso efectivo a la justicia, la verdad y la reparaci\u00f3n de las v\u00edctimas de los delitos.","og_url":"https:\/\/www.fiscalia.gov.co\/colombia\/noticias\/ofensiva-contra-el-hurto-en-garzon-huila-deja-tres-personas-privadas-de-la-libertad\/","og_site_name":"Fiscal\u00eda General de la Naci\u00f3n","article_publisher":"https:\/\/www.facebook.com\/FiscaliaCol","article_published_time":"2024-05-02T21:27:34+00:00","article_modified_time":"2024-05-07T14:20:57+00:00","og_image":[{"url":"https:\/\/www.fiscalia.gov.co\/colombia\/wp-content\/uploads\/Sergio-Alonso-Mejia-Mendez-300x213.jpeg","type":"","width":"","height":""}],"author":"Johanna Islenny Prieto Pe\u00f1a","twitter_card":"summary_large_image","twitter_creator":"@FiscaliaCol","twitter_site":"@FiscaliaCol","twitter_misc":{"Escrito por":"Johanna Islenny Prieto Pe\u00f1a","Tiempo de lectura":"3 minutos"},"schema":{"@context":"https:\/\/schema.org","@graph":[{"@type":"Article","@id":"https:\/\/www.fiscalia.gov.co\/colombia\/noticias\/ofensiva-contra-el-hurto-en-garzon-huila-deja-tres-personas-privadas-de-la-libertad\/#article","isPartOf":{"@id":"https:\/\/www.fiscalia.gov.co\/colombia\/noticias\/ofensiva-contra-el-hurto-en-garzon-huila-deja-tres-personas-privadas-de-la-libertad\/"},"author":{"name":"Johanna Islenny Prieto Pe\u00f1a","@id":"https:\/\/www.fiscalia.gov.co\/colombia\/#\/schema\/person\/ba9eca435947489fb25117a0cd75bf3e"},"headline":"Ofensiva contra el hurto en Garz\u00f3n (Huila) deja tres personas privadas de la libertad","datePublished":"2024-05-02T21:27:34+00:00","dateModified":"2024-05-07T14:20:57+00:00","mainEntityOfPage":{"@id":"https:\/\/www.fiscalia.gov.co\/colombia\/noticias\/ofensiva-contra-el-hurto-en-garzon-huila-deja-tres-personas-privadas-de-la-libertad\/"},"wordCount":492,"publisher":{"@id":"https:\/\/www.fiscalia.gov.co\/colombia\/#organization"},"image":{"@id":"https:\/\/www.fiscalia.gov.co\/colombia\/noticias\/ofensiva-contra-el-hurto-en-garzon-huila-deja-tres-personas-privadas-de-la-libertad\/#primaryimage"},"thumbnailUrl":"https:\/\/www.fiscalia.gov.co\/colombia\/wp-content\/uploads\/Sergio-Alonso-Mejia-Mendez-300x213.jpeg","keywords":["Agravado","Aseguramiento","centro carcelario","Fiscal\u00eda General de la Naci\u00f3n","Garz\u00f3n","Huila","Hurto","Hurto calificado","intramuros","Seccional Huila"],"articleSection":["Noticias","Seguridad territorial"],"inLanguage":"es-CO"},{"@type":"WebPage","@id":"https:\/\/www.fiscalia.gov.co\/colombia\/noticias\/ofensiva-contra-el-hurto-en-garzon-huila-deja-tres-personas-privadas-de-la-libertad\/","url":"https:\/\/www.fiscalia.gov.co\/colombia\/noticias\/ofensiva-contra-el-hurto-en-garzon-huila-deja-tres-personas-privadas-de-la-libertad\/","name":"Fiscal\u00eda General de la Naci\u00f3n","isPartOf":{"@id":"https:\/\/www.fiscalia.gov.co\/colombia\/#website"},"primaryImageOfPage":{"@id":"https:\/\/www.fiscalia.gov.co\/colombia\/noticias\/ofensiva-contra-el-hurto-en-garzon-huila-deja-tres-personas-privadas-de-la-libertad\/#primaryimage"},"image":{"@id":"https:\/\/www.fiscalia.gov.co\/colombia\/noticias\/ofensiva-contra-el-hurto-en-garzon-huila-deja-tres-personas-privadas-de-la-libertad\/#primaryimage"},"thumbnailUrl":"https:\/\/www.fiscalia.gov.co\/colombia\/wp-content\/uploads\/Sergio-Alonso-Mejia-Mendez-300x213.jpeg","datePublished":"2024-05-02T21:27:34+00:00","dateModified":"2024-05-07T14:20:57+00:00","description":"P\u00e1gina oficial de la Fiscal\u00eda General de la Naci\u00f3n \u2013 Colombia. Garantizamos el acceso efectivo a la justicia, la verdad y la reparaci\u00f3n de las v\u00edctimas de los delitos.","breadcrumb":{"@id":"https:\/\/www.fiscalia.gov.co\/colombia\/noticias\/ofensiva-contra-el-hurto-en-garzon-huila-deja-tres-personas-privadas-de-la-libertad\/#breadcrumb"},"inLanguage":"es-CO","potentialAction":[{"@type":"ReadAction","target":["https:\/\/www.fiscalia.gov.co\/colombia\/noticias\/ofensiva-contra-el-hurto-en-garzon-huila-deja-tres-personas-privadas-de-la-libertad\/"]}]},{"@type":"ImageObject","inLanguage":"es-CO","@id":"https:\/\/www.fiscalia.gov.co\/colombia\/noticias\/ofensiva-contra-el-hurto-en-garzon-huila-deja-tres-personas-privadas-de-la-libertad\/#primaryimage","url":"https:\/\/www.fiscalia.gov.co\/colombia\/wp-content\/uploads\/Sergio-Alonso-Mejia-Mendez-300x213.jpeg","contentUrl":"https:\/\/www.fiscalia.gov.co\/colombia\/wp-content\/uploads\/Sergio-Alonso-Mejia-Mendez-300x213.jpeg"},{"@type":"BreadcrumbList","@id":"https:\/\/www.fiscalia.gov.co\/colombia\/noticias\/ofensiva-contra-el-hurto-en-garzon-huila-deja-tres-personas-privadas-de-la-libertad\/#breadcrumb","itemListElement":[{"@type":"ListItem","position":1,"name":"Home","item":"https:\/\/www.fiscalia.gov.co\/colombia\/"},{"@type":"ListItem","position":2,"name":"Ofensiva contra el hurto en Garz\u00f3n (Huila) deja tres personas privadas de la libertad"}]},{"@type":"WebSite","@id":"https:\/\/www.fiscalia.gov.co\/colombia\/#website","url":"https:\/\/www.fiscalia.gov.co\/colombia\/","name":"Fiscal\u00eda General de la Naci\u00f3n","description":"P\u00e1gina oficial de la Fiscal\u00eda General de la Naci\u00f3n \u2013 Colombia. Garantizamos el acceso efectivo a la justicia, la verdad y la reparaci\u00f3n de las v\u00edctimas de los delitos.","publisher":{"@id":"https:\/\/www.fiscalia.gov.co\/colombia\/#organization"},"potentialAction":[{"@type":"SearchAction","target":{"@type":"EntryPoint","urlTemplate":"https:\/\/www.fiscalia.gov.co\/colombia\/?s={search_term_string}"},"query-input":{"@type":"PropertyValueSpecification","valueRequired":true,"valueName":"search_term_string"}}],"inLanguage":"es-CO"},{"@type":"Organization","@id":"https:\/\/www.fiscalia.gov.co\/colombia\/#organization","name":"Fiscal\u00eda General de la Naci\u00f3n","url":"https:\/\/www.fiscalia.gov.co\/colombia\/","logo":{"@type":"ImageObject","inLanguage":"es-CO","@id":"https:\/\/www.fiscalia.gov.co\/colombia\/#\/schema\/logo\/image\/","url":"https:\/\/www.fiscalia.gov.co\/colombia\/wp-content\/uploads\/LogoHorizontal_1.jpg","contentUrl":"https:\/\/www.fiscalia.gov.co\/colombia\/wp-content\/uploads\/LogoHorizontal_1.jpg","width":300,"height":90,"caption":"Fiscal\u00eda General de la Naci\u00f3n"},"image":{"@id":"https:\/\/www.fiscalia.gov.co\/colombia\/#\/schema\/logo\/image\/"},"sameAs":["https:\/\/www.facebook.com\/FiscaliaCol","https:\/\/x.com\/FiscaliaCol","https:\/\/www.instagram.com\/fiscaliacol","https:\/\/www.linkedin.com\/company\/fiscalia-general-de-la-naci-n\/","https:\/\/youtube.com\/@fiscaliageneraldelanacion-4668?si=6nN79nyQICPU5iTh"]},{"@type":"Person","@id":"https:\/\/www.fiscalia.gov.co\/colombia\/#\/schema\/person\/ba9eca435947489fb25117a0cd75bf3e","name":"Johanna Islenny Prieto Pe\u00f1a","image":{"@type":"ImageObject","inLanguage":"es-CO","@id":"https:\/\/www.fiscalia.gov.co\/colombia\/#\/schema\/person\/image\/","url":"https:\/\/secure.gravatar.com\/avatar\/111433fc2acb037ffb768f6a3ca47864?s=96&d=mm&r=g","contentUrl":"https:\/\/secure.gravatar.com\/avatar\/111433fc2acb037ffb768f6a3ca47864?s=96&d=mm&r=g","caption":"Johanna Islenny Prieto Pe\u00f1a"},"url":"https:\/\/www.fiscalia.gov.co\/colombia\/author\/jprietop\/"}]}},"_links":{"self":[{"href":"https:\/\/www.fiscalia.gov.co\/colombia\/wp-json\/wp\/v2\/posts\/294328","targetHints":{"allow":["GET"]}}],"collection":[{"href":"https:\/\/www.fiscalia.gov.co\/colombia\/wp-json\/wp\/v2\/posts"}],"about":[{"href":"https:\/\/www.fiscalia.gov.co\/colombia\/wp-json\/wp\/v2\/types\/post"}],"author":[{"embeddable":true,"href":"https:\/\/www.fiscalia.gov.co\/colombia\/wp-json\/wp\/v2\/users\/181"}],"replies":[{"embeddable":true,"href":"https:\/\/www.fiscalia.gov.co\/colombia\/wp-json\/wp\/v2\/comments?post=294328"}],"version-history":[{"count":2,"href":"https:\/\/www.fiscalia.gov.co\/colombia\/wp-json\/wp\/v2\/posts\/294328\/revisions"}],"predecessor-version":[{"id":294543,"href":"https:\/\/www.fiscalia.gov.co\/colombia\/wp-json\/wp\/v2\/posts\/294328\/revisions\/294543"}],"wp:attachment":[{"href":"https:\/\/www.fiscalia.gov.co\/colombia\/wp-json\/wp\/v2\/media?parent=294328"}],"wp:term":[{"taxonomy":"category","embeddable":true,"href":"https:\/\/www.fiscalia.gov.co\/colombia\/wp-json\/wp\/v2\/categories?post=294328"},{"taxonomy":"post_tag","embeddable":true,"href":"https:\/\/www.fiscalia.gov.co\/colombia\/wp-json\/wp\/v2\/tags?post=294328"}],"curies":[{"name":"wp","href":"https:\/\/api.w.org\/{rel}","templated":true}]}}