{"id":294242,"date":"2024-05-01T08:16:21","date_gmt":"2024-05-01T13:16:21","guid":{"rendered":"https:\/\/www.fiscalia.gov.co\/colombia\/?p=294242"},"modified":"2024-05-01T08:19:17","modified_gmt":"2024-05-01T13:19:17","slug":"desarticulada-red-delictiva-senalada-de-desviar-insumos-quimicos-para-el-narcotrafico","status":"publish","type":"post","link":"https:\/\/www.fiscalia.gov.co\/colombia\/noticias\/desarticulada-red-delictiva-senalada-de-desviar-insumos-quimicos-para-el-narcotrafico\/","title":{"rendered":"Desarticulada red delictiva se\u00f1alada de desviar insumos qu\u00edmicos para el narcotr\u00e1fico"},"content":{"rendered":"<p>&nbsp;<\/p>\n<ul>\n<li>\n<h4><em><strong>10 presuntos integrantes de la organizaci\u00f3n ilegal fueron capturados y judicializados.<\/strong> <\/em><\/h4>\n<\/li>\n<li>\n<h4><strong><em>Al parecer, contactaban a personal de empresas de mensajer\u00eda para que alteraran los datos de destino de las sustancias y fueran enviadas a un parqueadero de Bogot\u00e1, donde se coordinaba la distribuci\u00f3n a laboratorios clandestinos<\/em><\/strong><\/h4>\n<\/li>\n<\/ul>\n<p>La Fiscal\u00eda General de la Naci\u00f3n, en articulaci\u00f3n con la <a href=\"https:\/\/www.fiscalia.gov.co\/colombia\/noticias\/direccion-antinarcoticos-de-la-fiscalia-asume-investigacion-por-hallazgo-de-dos-centros-de-acopio-de-marihuana\/\" target=\"_blank\" rel=\"noopener\">Direcci\u00f3n Antinarc\u00f3ticos<\/a> de la Polic\u00eda Nacional, i<strong>dentific\u00f3 a 10 presuntos integrantes de una red delictiva se\u00f1alada de apoderarse de sustancias qu\u00edmicas controladas<\/strong> y desviarlas a zonas de producci\u00f3n ilegal de estupefacientes.<\/p>\n<p>Estas personas fueron capturadas en diligencias realizadas en Bogot\u00e1, Facatativ\u00e1 y Soacha (Cundinamarca), El Retorno (Guaviare), Popay\u00e1n (Cauca) y Villavicencio (Meta).<\/p>\n<p>Los elementos de prueba indican que ser\u00edan las responsables de contactar a trabajadores de compa\u00f1\u00edas de mensajer\u00eda para que cambiaran las direcciones de destino de grandes cargamentos de insumos. <strong>De esta manera, los productos no llegaban a la empresa legalmente constituida que los hab\u00eda adquirido, sino que eran enviados a un parqueadero de Bogot\u00e1.<\/strong><\/p>\n<p>Posteriormente, la estructura delincuencial dispon\u00eda de camiones y trasladaba los precursores qu\u00edmicos a laboratorios dedicados al procesamiento de clorhidrato de coca\u00edna.<\/p>\n<p>Por estos hechos, una fiscal de la Direcci\u00f3n Especializada contra el Narcotr\u00e1fico present\u00f3 a los capturados ante <strong>un juez de control de garant\u00edas y les imput\u00f3 los delitos de tr\u00e1fico de sustancias para el procesamiento de narc\u00f3ticos y concierto para delinquir.<\/strong><\/p>\n<p><strong>Los procesados no aceptaron los cargos y deber\u00e1n cumplir medida de aseguramiento en centro carcelario.<\/strong> Los afectados con la decisi\u00f3n son: Diego Camilo Mart\u00ednez Zarate, H\u00e9ctor Augusto Herrera, Nelson Cort\u00e9s Molina, Wilson Carranza Huertas, Jos\u00e9 Javier Mu\u00f1oz Lara, Brayan Gerardo Contreras, \u00d3scar Eduardo Oviedo Arboleda, Jhon Jairo Londo\u00f1o Chica, Jairo Oscar Eduardo Caicedo y Duberney V\u00e1zquez Herrera.<\/p>\n<p>En el curso de la investigaci\u00f3n a<a href=\"https:\/\/www.fiscalia.gov.co\/colombia\/crimen-organizado\/fiscalia-judicializo-a-presuntos-integrantes-de-los-verdes-red-ilegal-senalada-de-delinquir-en-bogota-y-otras-ciudades\/\" target=\"_blank\" rel=\"noopener\"> esta red ilegal<\/a> le fueron incautados 40.174 kilogramos de insumos s\u00f3lidos, <strong>17.600 galones de sustancias l\u00edquidas, 354 kilogramos de marihuana y 400 kilogramos de coca\u00edna.<\/strong> Adicionalmente, fueron destruidos 4 laboratorios destinados a la producci\u00f3n de estupefacientes.<\/p>\n<p>Esta informaci\u00f3n se publica por razones de inter\u00e9s general.<\/p>\n<p>&nbsp;<\/p>\n<p>JMSV\/JARG\/RL\/DECN\/<\/p>\n<p>&nbsp;<\/p>\n<p>&nbsp;<\/p>\n<p>&nbsp;<\/p>\n<p><i>La informaci\u00f3n contenida en este bolet\u00edn de prensa corresponde a la narraci\u00f3n de los hechos noticiosos objetivos, suministrados por los funcionarios encargados de adelantar las investigaciones penales al interior de la Fiscal\u00eda General de la Naci\u00f3n. Para el momento de la divulgaci\u00f3n de este comunicado, la situaci\u00f3n jur\u00eddica de la(s) persona(s) relacionada(s) se encuentra pendiente de resolver por la autoridad judicial competente, siempre bajo los preceptos de la presunci\u00f3n de inocencia, consagrados en el art\u00edculo 29 de la Constituci\u00f3n Pol\u00edtica y el art\u00edculo 7\u00ba de la Ley 906 de 2004.<\/i><\/p>\n<p>&nbsp;<\/p>\n\n<div class=\"twitter-share\"><a href=\"https:\/\/twitter.com\/intent\/tweet?via=fiscaliacol\" class=\"twitter-share-button\">Tweet<\/a><\/div>\n","protected":false},"excerpt":{"rendered":"<p>&nbsp; 10 presuntos integrantes de la organizaci\u00f3n ilegal fueron capturados y judicializados. Al parecer, contactaban a personal de empresas de mensajer\u00eda para que alteraran los datos de destino de las sustancias y fueran enviadas a un parqueadero de Bogot\u00e1, donde se coordinaba la distribuci\u00f3n a laboratorios clandestinos La Fiscal\u00eda General de la Naci\u00f3n, en articulaci\u00f3n [&hellip;]<\/p>\n","protected":false},"author":181,"featured_media":0,"comment_status":"closed","ping_status":"open","sticky":false,"template":"","format":"standard","meta":{"tdm_status":"","tdm_grid_status":"","footnotes":""},"categories":[1],"tags":[12184,37492,1047,148],"class_list":{"0":"post-294242","1":"post","2":"type-post","3":"status-publish","4":"format-standard","6":"category-noticias","7":"tag-fiscal","8":"tag-fiscal-luz-adriana-camargo","9":"tag-fiscalia-general-de-la-nacion","10":"tag-narcotrafico"},"yoast_head":"<!-- This site is optimized with the Yoast SEO plugin v24.3 - https:\/\/yoast.com\/wordpress\/plugins\/seo\/ -->\n<title>Fiscal\u00eda General de la Naci\u00f3n<\/title>\n<meta name=\"description\" content=\"P\u00e1gina oficial de la Fiscal\u00eda General de la Naci\u00f3n \u2013 Colombia. Garantizamos el acceso efectivo a la justicia, la verdad y la reparaci\u00f3n de las v\u00edctimas de los delitos.\" \/>\n<meta name=\"robots\" content=\"noindex, follow\" \/>\n<meta property=\"og:locale\" content=\"es_ES\" \/>\n<meta property=\"og:type\" content=\"article\" \/>\n<meta property=\"og:title\" content=\"Fiscal\u00eda General de la Naci\u00f3n\" \/>\n<meta property=\"og:description\" content=\"P\u00e1gina oficial de la Fiscal\u00eda General de la Naci\u00f3n \u2013 Colombia. Garantizamos el acceso efectivo a la justicia, la verdad y la reparaci\u00f3n de las v\u00edctimas de los delitos.\" \/>\n<meta property=\"og:url\" content=\"https:\/\/www.fiscalia.gov.co\/colombia\/noticias\/desarticulada-red-delictiva-senalada-de-desviar-insumos-quimicos-para-el-narcotrafico\/\" \/>\n<meta property=\"og:site_name\" content=\"Fiscal\u00eda General de la Naci\u00f3n\" \/>\n<meta property=\"article:publisher\" content=\"https:\/\/www.facebook.com\/FiscaliaCol\" \/>\n<meta property=\"article:published_time\" content=\"2024-05-01T13:16:21+00:00\" \/>\n<meta property=\"article:modified_time\" content=\"2024-05-01T13:19:17+00:00\" \/>\n<meta name=\"author\" content=\"Johanna Islenny Prieto Pe\u00f1a\" \/>\n<meta name=\"twitter:card\" content=\"summary_large_image\" \/>\n<meta name=\"twitter:creator\" content=\"@FiscaliaCol\" \/>\n<meta name=\"twitter:site\" content=\"@FiscaliaCol\" \/>\n<meta name=\"twitter:label1\" content=\"Escrito por\" \/>\n\t<meta name=\"twitter:data1\" content=\"Johanna Islenny Prieto Pe\u00f1a\" \/>\n\t<meta name=\"twitter:label2\" content=\"Tiempo de lectura\" \/>\n\t<meta name=\"twitter:data2\" content=\"2 minutos\" \/>\n<script type=\"application\/ld+json\" class=\"yoast-schema-graph\">{\"@context\":\"https:\/\/schema.org\",\"@graph\":[{\"@type\":\"Article\",\"@id\":\"https:\/\/www.fiscalia.gov.co\/colombia\/noticias\/desarticulada-red-delictiva-senalada-de-desviar-insumos-quimicos-para-el-narcotrafico\/#article\",\"isPartOf\":{\"@id\":\"https:\/\/www.fiscalia.gov.co\/colombia\/noticias\/desarticulada-red-delictiva-senalada-de-desviar-insumos-quimicos-para-el-narcotrafico\/\"},\"author\":{\"name\":\"Johanna Islenny Prieto Pe\u00f1a\",\"@id\":\"https:\/\/www.fiscalia.gov.co\/colombia\/#\/schema\/person\/ba9eca435947489fb25117a0cd75bf3e\"},\"headline\":\"Desarticulada red delictiva se\u00f1alada de desviar insumos qu\u00edmicos para el narcotr\u00e1fico\",\"datePublished\":\"2024-05-01T13:16:21+00:00\",\"dateModified\":\"2024-05-01T13:19:17+00:00\",\"mainEntityOfPage\":{\"@id\":\"https:\/\/www.fiscalia.gov.co\/colombia\/noticias\/desarticulada-red-delictiva-senalada-de-desviar-insumos-quimicos-para-el-narcotrafico\/\"},\"wordCount\":492,\"publisher\":{\"@id\":\"https:\/\/www.fiscalia.gov.co\/colombia\/#organization\"},\"keywords\":[\"Fiscal\",\"Fiscal Luz Adriana Camargo\",\"Fiscal\u00eda General de la Naci\u00f3n\",\"Narcotr\u00e1fico\"],\"articleSection\":[\"Noticias\"],\"inLanguage\":\"es-CO\"},{\"@type\":\"WebPage\",\"@id\":\"https:\/\/www.fiscalia.gov.co\/colombia\/noticias\/desarticulada-red-delictiva-senalada-de-desviar-insumos-quimicos-para-el-narcotrafico\/\",\"url\":\"https:\/\/www.fiscalia.gov.co\/colombia\/noticias\/desarticulada-red-delictiva-senalada-de-desviar-insumos-quimicos-para-el-narcotrafico\/\",\"name\":\"Fiscal\u00eda General de la Naci\u00f3n\",\"isPartOf\":{\"@id\":\"https:\/\/www.fiscalia.gov.co\/colombia\/#website\"},\"datePublished\":\"2024-05-01T13:16:21+00:00\",\"dateModified\":\"2024-05-01T13:19:17+00:00\",\"description\":\"P\u00e1gina oficial de la Fiscal\u00eda General de la Naci\u00f3n \u2013 Colombia. Garantizamos el acceso efectivo a la justicia, la verdad y la reparaci\u00f3n de las v\u00edctimas de los delitos.\",\"breadcrumb\":{\"@id\":\"https:\/\/www.fiscalia.gov.co\/colombia\/noticias\/desarticulada-red-delictiva-senalada-de-desviar-insumos-quimicos-para-el-narcotrafico\/#breadcrumb\"},\"inLanguage\":\"es-CO\",\"potentialAction\":[{\"@type\":\"ReadAction\",\"target\":[\"https:\/\/www.fiscalia.gov.co\/colombia\/noticias\/desarticulada-red-delictiva-senalada-de-desviar-insumos-quimicos-para-el-narcotrafico\/\"]}]},{\"@type\":\"BreadcrumbList\",\"@id\":\"https:\/\/www.fiscalia.gov.co\/colombia\/noticias\/desarticulada-red-delictiva-senalada-de-desviar-insumos-quimicos-para-el-narcotrafico\/#breadcrumb\",\"itemListElement\":[{\"@type\":\"ListItem\",\"position\":1,\"name\":\"Home\",\"item\":\"https:\/\/www.fiscalia.gov.co\/colombia\/\"},{\"@type\":\"ListItem\",\"position\":2,\"name\":\"Desarticulada red delictiva se\u00f1alada de desviar insumos qu\u00edmicos para el narcotr\u00e1fico\"}]},{\"@type\":\"WebSite\",\"@id\":\"https:\/\/www.fiscalia.gov.co\/colombia\/#website\",\"url\":\"https:\/\/www.fiscalia.gov.co\/colombia\/\",\"name\":\"Fiscal\u00eda General de la Naci\u00f3n\",\"description\":\"P\u00e1gina oficial de la Fiscal\u00eda General de la Naci\u00f3n \u2013 Colombia. Garantizamos el acceso efectivo a la justicia, la verdad y la reparaci\u00f3n de las v\u00edctimas de los delitos.\",\"publisher\":{\"@id\":\"https:\/\/www.fiscalia.gov.co\/colombia\/#organization\"},\"potentialAction\":[{\"@type\":\"SearchAction\",\"target\":{\"@type\":\"EntryPoint\",\"urlTemplate\":\"https:\/\/www.fiscalia.gov.co\/colombia\/?s={search_term_string}\"},\"query-input\":{\"@type\":\"PropertyValueSpecification\",\"valueRequired\":true,\"valueName\":\"search_term_string\"}}],\"inLanguage\":\"es-CO\"},{\"@type\":\"Organization\",\"@id\":\"https:\/\/www.fiscalia.gov.co\/colombia\/#organization\",\"name\":\"Fiscal\u00eda General de la Naci\u00f3n\",\"url\":\"https:\/\/www.fiscalia.gov.co\/colombia\/\",\"logo\":{\"@type\":\"ImageObject\",\"inLanguage\":\"es-CO\",\"@id\":\"https:\/\/www.fiscalia.gov.co\/colombia\/#\/schema\/logo\/image\/\",\"url\":\"https:\/\/www.fiscalia.gov.co\/colombia\/wp-content\/uploads\/LogoHorizontal_1.jpg\",\"contentUrl\":\"https:\/\/www.fiscalia.gov.co\/colombia\/wp-content\/uploads\/LogoHorizontal_1.jpg\",\"width\":300,\"height\":90,\"caption\":\"Fiscal\u00eda General de la Naci\u00f3n\"},\"image\":{\"@id\":\"https:\/\/www.fiscalia.gov.co\/colombia\/#\/schema\/logo\/image\/\"},\"sameAs\":[\"https:\/\/www.facebook.com\/FiscaliaCol\",\"https:\/\/x.com\/FiscaliaCol\",\"https:\/\/www.instagram.com\/fiscaliacol\",\"https:\/\/www.linkedin.com\/company\/fiscalia-general-de-la-naci-n\/\",\"https:\/\/youtube.com\/@fiscaliageneraldelanacion-4668?si=6nN79nyQICPU5iTh\"]},{\"@type\":\"Person\",\"@id\":\"https:\/\/www.fiscalia.gov.co\/colombia\/#\/schema\/person\/ba9eca435947489fb25117a0cd75bf3e\",\"name\":\"Johanna Islenny Prieto Pe\u00f1a\",\"image\":{\"@type\":\"ImageObject\",\"inLanguage\":\"es-CO\",\"@id\":\"https:\/\/www.fiscalia.gov.co\/colombia\/#\/schema\/person\/image\/\",\"url\":\"https:\/\/secure.gravatar.com\/avatar\/111433fc2acb037ffb768f6a3ca47864?s=96&d=mm&r=g\",\"contentUrl\":\"https:\/\/secure.gravatar.com\/avatar\/111433fc2acb037ffb768f6a3ca47864?s=96&d=mm&r=g\",\"caption\":\"Johanna Islenny Prieto Pe\u00f1a\"},\"url\":\"https:\/\/www.fiscalia.gov.co\/colombia\/author\/jprietop\/\"}]}<\/script>\n<!-- \/ Yoast SEO plugin. -->","yoast_head_json":{"title":"Fiscal\u00eda General de la Naci\u00f3n","description":"P\u00e1gina oficial de la Fiscal\u00eda General de la Naci\u00f3n \u2013 Colombia. Garantizamos el acceso efectivo a la justicia, la verdad y la reparaci\u00f3n de las v\u00edctimas de los delitos.","robots":{"index":"noindex","follow":"follow"},"og_locale":"es_ES","og_type":"article","og_title":"Fiscal\u00eda General de la Naci\u00f3n","og_description":"P\u00e1gina oficial de la Fiscal\u00eda General de la Naci\u00f3n \u2013 Colombia. Garantizamos el acceso efectivo a la justicia, la verdad y la reparaci\u00f3n de las v\u00edctimas de los delitos.","og_url":"https:\/\/www.fiscalia.gov.co\/colombia\/noticias\/desarticulada-red-delictiva-senalada-de-desviar-insumos-quimicos-para-el-narcotrafico\/","og_site_name":"Fiscal\u00eda General de la Naci\u00f3n","article_publisher":"https:\/\/www.facebook.com\/FiscaliaCol","article_published_time":"2024-05-01T13:16:21+00:00","article_modified_time":"2024-05-01T13:19:17+00:00","author":"Johanna Islenny Prieto Pe\u00f1a","twitter_card":"summary_large_image","twitter_creator":"@FiscaliaCol","twitter_site":"@FiscaliaCol","twitter_misc":{"Escrito por":"Johanna Islenny Prieto Pe\u00f1a","Tiempo de lectura":"2 minutos"},"schema":{"@context":"https:\/\/schema.org","@graph":[{"@type":"Article","@id":"https:\/\/www.fiscalia.gov.co\/colombia\/noticias\/desarticulada-red-delictiva-senalada-de-desviar-insumos-quimicos-para-el-narcotrafico\/#article","isPartOf":{"@id":"https:\/\/www.fiscalia.gov.co\/colombia\/noticias\/desarticulada-red-delictiva-senalada-de-desviar-insumos-quimicos-para-el-narcotrafico\/"},"author":{"name":"Johanna Islenny Prieto Pe\u00f1a","@id":"https:\/\/www.fiscalia.gov.co\/colombia\/#\/schema\/person\/ba9eca435947489fb25117a0cd75bf3e"},"headline":"Desarticulada red delictiva se\u00f1alada de desviar insumos qu\u00edmicos para el narcotr\u00e1fico","datePublished":"2024-05-01T13:16:21+00:00","dateModified":"2024-05-01T13:19:17+00:00","mainEntityOfPage":{"@id":"https:\/\/www.fiscalia.gov.co\/colombia\/noticias\/desarticulada-red-delictiva-senalada-de-desviar-insumos-quimicos-para-el-narcotrafico\/"},"wordCount":492,"publisher":{"@id":"https:\/\/www.fiscalia.gov.co\/colombia\/#organization"},"keywords":["Fiscal","Fiscal Luz Adriana Camargo","Fiscal\u00eda General de la Naci\u00f3n","Narcotr\u00e1fico"],"articleSection":["Noticias"],"inLanguage":"es-CO"},{"@type":"WebPage","@id":"https:\/\/www.fiscalia.gov.co\/colombia\/noticias\/desarticulada-red-delictiva-senalada-de-desviar-insumos-quimicos-para-el-narcotrafico\/","url":"https:\/\/www.fiscalia.gov.co\/colombia\/noticias\/desarticulada-red-delictiva-senalada-de-desviar-insumos-quimicos-para-el-narcotrafico\/","name":"Fiscal\u00eda General de la Naci\u00f3n","isPartOf":{"@id":"https:\/\/www.fiscalia.gov.co\/colombia\/#website"},"datePublished":"2024-05-01T13:16:21+00:00","dateModified":"2024-05-01T13:19:17+00:00","description":"P\u00e1gina oficial de la Fiscal\u00eda General de la Naci\u00f3n \u2013 Colombia. Garantizamos el acceso efectivo a la justicia, la verdad y la reparaci\u00f3n de las v\u00edctimas de los delitos.","breadcrumb":{"@id":"https:\/\/www.fiscalia.gov.co\/colombia\/noticias\/desarticulada-red-delictiva-senalada-de-desviar-insumos-quimicos-para-el-narcotrafico\/#breadcrumb"},"inLanguage":"es-CO","potentialAction":[{"@type":"ReadAction","target":["https:\/\/www.fiscalia.gov.co\/colombia\/noticias\/desarticulada-red-delictiva-senalada-de-desviar-insumos-quimicos-para-el-narcotrafico\/"]}]},{"@type":"BreadcrumbList","@id":"https:\/\/www.fiscalia.gov.co\/colombia\/noticias\/desarticulada-red-delictiva-senalada-de-desviar-insumos-quimicos-para-el-narcotrafico\/#breadcrumb","itemListElement":[{"@type":"ListItem","position":1,"name":"Home","item":"https:\/\/www.fiscalia.gov.co\/colombia\/"},{"@type":"ListItem","position":2,"name":"Desarticulada red delictiva se\u00f1alada de desviar insumos qu\u00edmicos para el narcotr\u00e1fico"}]},{"@type":"WebSite","@id":"https:\/\/www.fiscalia.gov.co\/colombia\/#website","url":"https:\/\/www.fiscalia.gov.co\/colombia\/","name":"Fiscal\u00eda General de la Naci\u00f3n","description":"P\u00e1gina oficial de la Fiscal\u00eda General de la Naci\u00f3n \u2013 Colombia. Garantizamos el acceso efectivo a la justicia, la verdad y la reparaci\u00f3n de las v\u00edctimas de los delitos.","publisher":{"@id":"https:\/\/www.fiscalia.gov.co\/colombia\/#organization"},"potentialAction":[{"@type":"SearchAction","target":{"@type":"EntryPoint","urlTemplate":"https:\/\/www.fiscalia.gov.co\/colombia\/?s={search_term_string}"},"query-input":{"@type":"PropertyValueSpecification","valueRequired":true,"valueName":"search_term_string"}}],"inLanguage":"es-CO"},{"@type":"Organization","@id":"https:\/\/www.fiscalia.gov.co\/colombia\/#organization","name":"Fiscal\u00eda General de la Naci\u00f3n","url":"https:\/\/www.fiscalia.gov.co\/colombia\/","logo":{"@type":"ImageObject","inLanguage":"es-CO","@id":"https:\/\/www.fiscalia.gov.co\/colombia\/#\/schema\/logo\/image\/","url":"https:\/\/www.fiscalia.gov.co\/colombia\/wp-content\/uploads\/LogoHorizontal_1.jpg","contentUrl":"https:\/\/www.fiscalia.gov.co\/colombia\/wp-content\/uploads\/LogoHorizontal_1.jpg","width":300,"height":90,"caption":"Fiscal\u00eda General de la Naci\u00f3n"},"image":{"@id":"https:\/\/www.fiscalia.gov.co\/colombia\/#\/schema\/logo\/image\/"},"sameAs":["https:\/\/www.facebook.com\/FiscaliaCol","https:\/\/x.com\/FiscaliaCol","https:\/\/www.instagram.com\/fiscaliacol","https:\/\/www.linkedin.com\/company\/fiscalia-general-de-la-naci-n\/","https:\/\/youtube.com\/@fiscaliageneraldelanacion-4668?si=6nN79nyQICPU5iTh"]},{"@type":"Person","@id":"https:\/\/www.fiscalia.gov.co\/colombia\/#\/schema\/person\/ba9eca435947489fb25117a0cd75bf3e","name":"Johanna Islenny Prieto Pe\u00f1a","image":{"@type":"ImageObject","inLanguage":"es-CO","@id":"https:\/\/www.fiscalia.gov.co\/colombia\/#\/schema\/person\/image\/","url":"https:\/\/secure.gravatar.com\/avatar\/111433fc2acb037ffb768f6a3ca47864?s=96&d=mm&r=g","contentUrl":"https:\/\/secure.gravatar.com\/avatar\/111433fc2acb037ffb768f6a3ca47864?s=96&d=mm&r=g","caption":"Johanna Islenny Prieto Pe\u00f1a"},"url":"https:\/\/www.fiscalia.gov.co\/colombia\/author\/jprietop\/"}]}},"_links":{"self":[{"href":"https:\/\/www.fiscalia.gov.co\/colombia\/wp-json\/wp\/v2\/posts\/294242","targetHints":{"allow":["GET"]}}],"collection":[{"href":"https:\/\/www.fiscalia.gov.co\/colombia\/wp-json\/wp\/v2\/posts"}],"about":[{"href":"https:\/\/www.fiscalia.gov.co\/colombia\/wp-json\/wp\/v2\/types\/post"}],"author":[{"embeddable":true,"href":"https:\/\/www.fiscalia.gov.co\/colombia\/wp-json\/wp\/v2\/users\/181"}],"replies":[{"embeddable":true,"href":"https:\/\/www.fiscalia.gov.co\/colombia\/wp-json\/wp\/v2\/comments?post=294242"}],"version-history":[{"count":3,"href":"https:\/\/www.fiscalia.gov.co\/colombia\/wp-json\/wp\/v2\/posts\/294242\/revisions"}],"predecessor-version":[{"id":294245,"href":"https:\/\/www.fiscalia.gov.co\/colombia\/wp-json\/wp\/v2\/posts\/294242\/revisions\/294245"}],"wp:attachment":[{"href":"https:\/\/www.fiscalia.gov.co\/colombia\/wp-json\/wp\/v2\/media?parent=294242"}],"wp:term":[{"taxonomy":"category","embeddable":true,"href":"https:\/\/www.fiscalia.gov.co\/colombia\/wp-json\/wp\/v2\/categories?post=294242"},{"taxonomy":"post_tag","embeddable":true,"href":"https:\/\/www.fiscalia.gov.co\/colombia\/wp-json\/wp\/v2\/tags?post=294242"}],"curies":[{"name":"wp","href":"https:\/\/api.w.org\/{rel}","templated":true}]}}