{"id":294175,"date":"2024-04-30T10:58:16","date_gmt":"2024-04-30T15:58:16","guid":{"rendered":"https:\/\/www.fiscalia.gov.co\/colombia\/?p=294175"},"modified":"2024-04-30T10:58:52","modified_gmt":"2024-04-30T15:58:52","slug":"ofensiva-contra-agresores-sexuales-dejo-a-cinco-personas-judicializadas-en-huila","status":"publish","type":"post","link":"https:\/\/www.fiscalia.gov.co\/colombia\/noticias\/ofensiva-contra-agresores-sexuales-dejo-a-cinco-personas-judicializadas-en-huila\/","title":{"rendered":"Ofensiva contra agresores sexuales dej\u00f3 a cinco personas judicializadas en Huila"},"content":{"rendered":"<blockquote>\n<h4><strong><i>En cuatro de los hechos investigados las v\u00edctimas son menores de edad.<\/i><\/strong><\/h4>\n<\/blockquote>\n<p>Fiscales del Centro de Atenci\u00f3n Integral a V\u00edctimas de Abuso Sexual<a href=\"https:\/\/www.fiscalia.gov.co\/colombia\/noticias\/fiscalia-logro-a-traves-del-caivas-meta-judicializar-a-dos-hombres-que-habrian-abusado-sexualmente-de-menores-en-el-departamento\/\" target=\"_blank\" rel=\"noopener\"> (CAIVAS)<\/a> consiguieron que j<strong>ueces de control de garant\u00edas impusieran medidas de aseguramiento en establecimiento carcelario contra cinco hombres implicados en delitos sexuales,<\/strong> donde\u00a0 fueron v\u00edctimas cuatro menores y una mujer en Huila.<\/p>\n<p>Los procesados fueron capturados por el Cuerpo T\u00e9cnico de Investigaci\u00f3n (CTI) y la Polic\u00eda Nacional.<\/p>\n<p>En un primer caso <strong>La Fiscal\u00eda judicializ\u00f3 a un hombre de 44 a\u00f1os que habr\u00eda abusado sexualmente de las nietas de su compa\u00f1era permanente, dos ni\u00f1as de 4 y 7 a\u00f1os.<\/strong><\/p>\n<p>Los hechos investigados se registraron entre noviembre de 2019 y agosto de 2023 en Bogot\u00e1, Neiva y Baraya (Huila).<\/p>\n<figure id=\"attachment_294179\" aria-describedby=\"caption-attachment-294179\" style=\"width: 300px\" class=\"wp-caption aligncenter\"><img loading=\"lazy\" decoding=\"async\" class=\"size-medium wp-image-294179\" src=\"https:\/\/www.fiscalia.gov.co\/colombia\/wp-content\/uploads\/Caso-de-abuelastro-300x271.jpeg\" alt=\" El procesado se encuentra esposado y en custodia por uniformado del Cuerpo T\u00e9cnico de investigaci\u00f3n y la Polic\u00eda Nacional. Detr\u00e1s suyo un backing de la Fiscal\u00eda. \" width=\"300\" height=\"271\" srcset=\"https:\/\/www.fiscalia.gov.co\/colombia\/wp-content\/uploads\/Caso-de-abuelastro-300x271.jpeg 300w, https:\/\/www.fiscalia.gov.co\/colombia\/wp-content\/uploads\/Caso-de-abuelastro-1024x923.jpeg 1024w, https:\/\/www.fiscalia.gov.co\/colombia\/wp-content\/uploads\/Caso-de-abuelastro-768x693.jpeg 768w, https:\/\/www.fiscalia.gov.co\/colombia\/wp-content\/uploads\/Caso-de-abuelastro-696x628.jpeg 696w, https:\/\/www.fiscalia.gov.co\/colombia\/wp-content\/uploads\/Caso-de-abuelastro-1068x963.jpeg 1068w, https:\/\/www.fiscalia.gov.co\/colombia\/wp-content\/uploads\/Caso-de-abuelastro-466x420.jpeg 466w, https:\/\/www.fiscalia.gov.co\/colombia\/wp-content\/uploads\/Caso-de-abuelastro.jpeg 1426w\" sizes=\"auto, (max-width: 300px) 100vw, 300px\" \/><figcaption id=\"caption-attachment-294179\" class=\"wp-caption-text\">Se presume que el imputado aprovechaba los momentos en que las ni\u00f1as eran dejadas bajo su cuidado para violentarlas sexualmente.<\/figcaption><\/figure>\n<p>La Fiscal\u00eda le imput\u00f3 los delitos de acceso carnal abusivo con menor de 14 a\u00f1os, actos sexuales con menor de 14 a\u00f1os y acto sexual violento, todos agravados.<\/p>\n<p>As\u00ed mismo, la Fiscal\u00eda imput\u00f3 a Fabi\u00e1n Trujillo Caviedes el delito de<a href=\"https:\/\/www.fiscalia.gov.co\/colombia\/noticias\/fiscalia-imputo-cargos-por-violencia-intrafamiliar-y-acceso-carnal-violento-a-diputado-de-santander\/\" target=\"_blank\" rel=\"noopener\"> acceso carnal violento<\/a>, porque al parecer someti\u00f3 a tocamientos inapropiados en m\u00faltiples ocasiones a una menor de 15 a\u00f1os. <strong>Situaci\u00f3n que se habr\u00eda presentado en zona rural de Garz\u00f3n (Huila).<\/strong><\/p>\n<p>De otra parte, un hombre que al parecer abus\u00f3 sexualmente de sus dos primos de 7 y 8 a\u00f1os fue judicializado por los delitos de acceso carnal abusivo con menor de 14 a\u00f1os y actos sexuales con menor\u00a0de\u00a014\u00a0a\u00f1os.<\/p>\n<figure id=\"attachment_294180\" aria-describedby=\"caption-attachment-294180\" style=\"width: 300px\" class=\"wp-caption aligncenter\"><img loading=\"lazy\" decoding=\"async\" class=\"size-medium wp-image-294180\" src=\"https:\/\/www.fiscalia.gov.co\/colombia\/wp-content\/uploads\/Primo-presunto-abusador-1-300x294.jpeg\" alt=\"El procesado se encuentran esposado y en custodia por un servidor del Cuerpo T\u00e9cnico de Investigaci\u00f3n CTI y del Ej\u00e9rcito Nacional. \" width=\"300\" height=\"294\" srcset=\"https:\/\/www.fiscalia.gov.co\/colombia\/wp-content\/uploads\/Primo-presunto-abusador-1-300x294.jpeg 300w, https:\/\/www.fiscalia.gov.co\/colombia\/wp-content\/uploads\/Primo-presunto-abusador-1-768x753.jpeg 768w, https:\/\/www.fiscalia.gov.co\/colombia\/wp-content\/uploads\/Primo-presunto-abusador-1-696x682.jpeg 696w, https:\/\/www.fiscalia.gov.co\/colombia\/wp-content\/uploads\/Primo-presunto-abusador-1-428x420.jpeg 428w, https:\/\/www.fiscalia.gov.co\/colombia\/wp-content\/uploads\/Primo-presunto-abusador-1.jpeg 924w\" sizes=\"auto, (max-width: 300px) 100vw, 300px\" \/><figcaption id=\"caption-attachment-294180\" class=\"wp-caption-text\">e presume que, mediante enga\u00f1os, el judicializado les ofrec\u00eda alimentos a los ni\u00f1os para someterlos a todo tipo de vej\u00e1menes sexuales.<\/figcaption><\/figure>\n<p><strong>Los hechos se registraron entre enero de 2022 y febrero del presente a\u00f1os en zona rural del municipio de Colombia.<\/strong><\/p>\n<p>Otro proceso se adelanta en contra de William Castro Perdomo, de 45 a\u00f1os, quien al parecer abus\u00f3 sexualmente de una joven de 17 dentro del bus de servicio p\u00fablico que conduc\u00eda.<\/p>\n<figure id=\"attachment_294181\" aria-describedby=\"caption-attachment-294181\" style=\"width: 300px\" class=\"wp-caption aligncenter\"><img loading=\"lazy\" decoding=\"async\" class=\"size-medium wp-image-294181\" src=\"https:\/\/www.fiscalia.gov.co\/colombia\/wp-content\/uploads\/Willian-Castro-Perdomo-1-300x225.jpeg\" alt=\" El procesado se encuentran esposado y en custodia por un servidor del Cuerpo T\u00e9cnico de Investigaci\u00f3n CTI, Ej\u00e9rcito y Polic\u00eda Nacional\" width=\"300\" height=\"225\" srcset=\"https:\/\/www.fiscalia.gov.co\/colombia\/wp-content\/uploads\/Willian-Castro-Perdomo-1-300x225.jpeg 300w, https:\/\/www.fiscalia.gov.co\/colombia\/wp-content\/uploads\/Willian-Castro-Perdomo-1-768x576.jpeg 768w, https:\/\/www.fiscalia.gov.co\/colombia\/wp-content\/uploads\/Willian-Castro-Perdomo-1-696x522.jpeg 696w, https:\/\/www.fiscalia.gov.co\/colombia\/wp-content\/uploads\/Willian-Castro-Perdomo-1-560x420.jpeg 560w, https:\/\/www.fiscalia.gov.co\/colombia\/wp-content\/uploads\/Willian-Castro-Perdomo-1-80x60.jpeg 80w, https:\/\/www.fiscalia.gov.co\/colombia\/wp-content\/uploads\/Willian-Castro-Perdomo-1-265x198.jpeg 265w, https:\/\/www.fiscalia.gov.co\/colombia\/wp-content\/uploads\/Willian-Castro-Perdomo-1.jpeg 1024w\" sizes=\"auto, (max-width: 300px) 100vw, 300px\" \/><figcaption id=\"caption-attachment-294181\" class=\"wp-caption-text\">A Willian Castro Perdomo, la Fiscal\u00eda le imput\u00f3 el delito de acto sexual violento.<\/figcaption><\/figure>\n<p>Los hechos tuvieron lugar en diciembre de 2023 en Neiva (Huila). La Fiscal\u00eda le imput\u00f3 el delito de acto sexual violento.<\/p>\n<p><strong>Finalmente, la Fiscal\u00eda judicializ\u00f3 a Jos\u00e9 Daimer Pajoy S\u00e1nchez, de 27 a\u00f1os, como presunto responsable de haber abusado sexualmente de una mujer de 22 a\u00f1os en zona rural del municipio de Teruel (Huila).<\/strong><\/p>\n<p>Los hechos ocurrieron en enero de 2023, cuando Pajoy S\u00e1nchez recogi\u00f3 en su motocicleta a la v\u00edctima, quien acababa de finalizar su jornada laboral. Pero el hombre al parecer desvi\u00f3 el recorrido llevando a su pasajera \u00a0a una zona boscosa donde la habr\u00eda accedido carnalmente despu\u00e9s de haberla golpeado.<\/p>\n<figure id=\"attachment_294182\" aria-describedby=\"caption-attachment-294182\" style=\"width: 300px\" class=\"wp-caption aligncenter\"><img loading=\"lazy\" decoding=\"async\" class=\"size-medium wp-image-294182\" src=\"https:\/\/www.fiscalia.gov.co\/colombia\/wp-content\/uploads\/Jose-Daimer-Pajoy-Sanchez-300x285.jpeg\" alt=\" El procesado se encuentran esposado y en custodia por un uniformado de la Polic\u00eda Nacional. Detr\u00e1s suyo un backing de la Polic\u00eda.\" width=\"300\" height=\"285\" srcset=\"https:\/\/www.fiscalia.gov.co\/colombia\/wp-content\/uploads\/Jose-Daimer-Pajoy-Sanchez-300x285.jpeg 300w, https:\/\/www.fiscalia.gov.co\/colombia\/wp-content\/uploads\/Jose-Daimer-Pajoy-Sanchez-1024x973.jpeg 1024w, https:\/\/www.fiscalia.gov.co\/colombia\/wp-content\/uploads\/Jose-Daimer-Pajoy-Sanchez-768x730.jpeg 768w, https:\/\/www.fiscalia.gov.co\/colombia\/wp-content\/uploads\/Jose-Daimer-Pajoy-Sanchez-696x661.jpeg 696w, https:\/\/www.fiscalia.gov.co\/colombia\/wp-content\/uploads\/Jose-Daimer-Pajoy-Sanchez-1068x1015.jpeg 1068w, https:\/\/www.fiscalia.gov.co\/colombia\/wp-content\/uploads\/Jose-Daimer-Pajoy-Sanchez-442x420.jpeg 442w, https:\/\/www.fiscalia.gov.co\/colombia\/wp-content\/uploads\/Jose-Daimer-Pajoy-Sanchez.jpeg 1358w\" sizes=\"auto, (max-width: 300px) 100vw, 300px\" \/><figcaption id=\"caption-attachment-294182\" class=\"wp-caption-text\">A Jos\u00e9 Daimer Pajoy S\u00e1nchez, la Fiscal\u00eda le los delitos de acto sexual violento y lesiones personales dolosas, ambas agravadas.<\/figcaption><\/figure>\n<p>La Fiscal\u00eda imput\u00f3 al procesado los delitos de acto sexual violento y lesiones personales dolosas, ambas agravadas.<\/p>\n<p>Ninguno de los judicializados acept\u00f3 los cargos.<\/p>\n<p>&nbsp;<\/p>\n<p>Esta informaci\u00f3n se publica por razones de inter\u00e9s general.<\/p>\n<p>&nbsp;<\/p>\n<p>WAGG\/LMFO\/CFG\/HS\/NP\/JEP\/JCFJ\/<wbr \/>DSH<\/p>\n\n<div class=\"twitter-share\"><a href=\"https:\/\/twitter.com\/intent\/tweet?via=fiscaliacol\" class=\"twitter-share-button\">Tweet<\/a><\/div>\n","protected":false},"excerpt":{"rendered":"<p>En cuatro de los hechos investigados las v\u00edctimas son menores de edad. Fiscales del Centro de Atenci\u00f3n Integral a V\u00edctimas de Abuso Sexual (CAIVAS) consiguieron que jueces de control de garant\u00edas impusieran medidas de aseguramiento en establecimiento carcelario contra cinco hombres implicados en delitos sexuales, donde\u00a0 fueron v\u00edctimas cuatro menores y una mujer en Huila. [&hellip;]<\/p>\n","protected":false},"author":181,"featured_media":0,"comment_status":"closed","ping_status":"open","sticky":false,"template":"","format":"standard","meta":{"tdm_status":"","tdm_grid_status":"","footnotes":""},"categories":[1],"tags":[801,366,24774,8448,37492,1047,23898,16,23888,2464,23833,24531,1408,24485,5364],"class_list":{"0":"post-294175","1":"post","2":"type-post","3":"status-publish","4":"format-standard","6":"category-noticias","7":"tag-abuso-sexual","8":"tag-acceso-carnal","9":"tag-adolescentes","10":"tag-agravado","11":"tag-fiscal-luz-adriana-camargo","12":"tag-fiscalia-general-de-la-nacion","13":"tag-garzon","14":"tag-huila","15":"tag-la-plata","16":"tag-menores","17":"tag-neiva","18":"tag-ninas","19":"tag-ninos","20":"tag-seccional-huila","21":"tag-violencia"},"yoast_head":"<!-- This site is optimized with the Yoast SEO plugin v24.3 - https:\/\/yoast.com\/wordpress\/plugins\/seo\/ -->\n<title>Fiscal\u00eda General de la Naci\u00f3n<\/title>\n<meta name=\"description\" content=\"P\u00e1gina oficial de la Fiscal\u00eda General de la Naci\u00f3n \u2013 Colombia. Garantizamos el acceso efectivo a la justicia, la verdad y la reparaci\u00f3n de las v\u00edctimas de los delitos.\" \/>\n<meta name=\"robots\" content=\"noindex, follow\" \/>\n<meta property=\"og:locale\" content=\"es_ES\" \/>\n<meta property=\"og:type\" content=\"article\" \/>\n<meta property=\"og:title\" content=\"Fiscal\u00eda General de la Naci\u00f3n\" \/>\n<meta property=\"og:description\" content=\"P\u00e1gina oficial de la Fiscal\u00eda General de la Naci\u00f3n \u2013 Colombia. Garantizamos el acceso efectivo a la justicia, la verdad y la reparaci\u00f3n de las v\u00edctimas de los delitos.\" \/>\n<meta property=\"og:url\" content=\"https:\/\/www.fiscalia.gov.co\/colombia\/noticias\/ofensiva-contra-agresores-sexuales-dejo-a-cinco-personas-judicializadas-en-huila\/\" \/>\n<meta property=\"og:site_name\" content=\"Fiscal\u00eda General de la Naci\u00f3n\" \/>\n<meta property=\"article:publisher\" content=\"https:\/\/www.facebook.com\/FiscaliaCol\" \/>\n<meta property=\"article:published_time\" content=\"2024-04-30T15:58:16+00:00\" \/>\n<meta property=\"article:modified_time\" content=\"2024-04-30T15:58:52+00:00\" \/>\n<meta property=\"og:image\" content=\"https:\/\/www.fiscalia.gov.co\/colombia\/wp-content\/uploads\/Caso-de-abuelastro-300x271.jpeg\" \/>\n<meta name=\"author\" content=\"Johanna Islenny Prieto Pe\u00f1a\" \/>\n<meta name=\"twitter:card\" content=\"summary_large_image\" \/>\n<meta name=\"twitter:creator\" content=\"@FiscaliaCol\" \/>\n<meta name=\"twitter:site\" content=\"@FiscaliaCol\" \/>\n<meta name=\"twitter:label1\" content=\"Escrito por\" \/>\n\t<meta name=\"twitter:data1\" content=\"Johanna Islenny Prieto Pe\u00f1a\" \/>\n\t<meta name=\"twitter:label2\" content=\"Tiempo de lectura\" \/>\n\t<meta name=\"twitter:data2\" content=\"4 minutos\" \/>\n<script type=\"application\/ld+json\" class=\"yoast-schema-graph\">{\"@context\":\"https:\/\/schema.org\",\"@graph\":[{\"@type\":\"Article\",\"@id\":\"https:\/\/www.fiscalia.gov.co\/colombia\/noticias\/ofensiva-contra-agresores-sexuales-dejo-a-cinco-personas-judicializadas-en-huila\/#article\",\"isPartOf\":{\"@id\":\"https:\/\/www.fiscalia.gov.co\/colombia\/noticias\/ofensiva-contra-agresores-sexuales-dejo-a-cinco-personas-judicializadas-en-huila\/\"},\"author\":{\"name\":\"Johanna Islenny Prieto Pe\u00f1a\",\"@id\":\"https:\/\/www.fiscalia.gov.co\/colombia\/#\/schema\/person\/ba9eca435947489fb25117a0cd75bf3e\"},\"headline\":\"Ofensiva contra agresores sexuales dej\u00f3 a cinco personas judicializadas en Huila\",\"datePublished\":\"2024-04-30T15:58:16+00:00\",\"dateModified\":\"2024-04-30T15:58:52+00:00\",\"mainEntityOfPage\":{\"@id\":\"https:\/\/www.fiscalia.gov.co\/colombia\/noticias\/ofensiva-contra-agresores-sexuales-dejo-a-cinco-personas-judicializadas-en-huila\/\"},\"wordCount\":574,\"publisher\":{\"@id\":\"https:\/\/www.fiscalia.gov.co\/colombia\/#organization\"},\"image\":{\"@id\":\"https:\/\/www.fiscalia.gov.co\/colombia\/noticias\/ofensiva-contra-agresores-sexuales-dejo-a-cinco-personas-judicializadas-en-huila\/#primaryimage\"},\"thumbnailUrl\":\"https:\/\/www.fiscalia.gov.co\/colombia\/wp-content\/uploads\/Caso-de-abuelastro-300x271.jpeg\",\"keywords\":[\"Abuso sexual\",\"Acceso carnal\",\"adolescentes\",\"Agravado\",\"Fiscal Luz Adriana Camargo\",\"Fiscal\u00eda General de la Naci\u00f3n\",\"Garz\u00f3n\",\"Huila\",\"La Plata\",\"Menores\",\"Neiva\",\"ni\u00f1as\",\"Ni\u00f1os\",\"Seccional Huila\",\"Violencia\"],\"articleSection\":[\"Noticias\"],\"inLanguage\":\"es-CO\"},{\"@type\":\"WebPage\",\"@id\":\"https:\/\/www.fiscalia.gov.co\/colombia\/noticias\/ofensiva-contra-agresores-sexuales-dejo-a-cinco-personas-judicializadas-en-huila\/\",\"url\":\"https:\/\/www.fiscalia.gov.co\/colombia\/noticias\/ofensiva-contra-agresores-sexuales-dejo-a-cinco-personas-judicializadas-en-huila\/\",\"name\":\"Fiscal\u00eda General de la Naci\u00f3n\",\"isPartOf\":{\"@id\":\"https:\/\/www.fiscalia.gov.co\/colombia\/#website\"},\"primaryImageOfPage\":{\"@id\":\"https:\/\/www.fiscalia.gov.co\/colombia\/noticias\/ofensiva-contra-agresores-sexuales-dejo-a-cinco-personas-judicializadas-en-huila\/#primaryimage\"},\"image\":{\"@id\":\"https:\/\/www.fiscalia.gov.co\/colombia\/noticias\/ofensiva-contra-agresores-sexuales-dejo-a-cinco-personas-judicializadas-en-huila\/#primaryimage\"},\"thumbnailUrl\":\"https:\/\/www.fiscalia.gov.co\/colombia\/wp-content\/uploads\/Caso-de-abuelastro-300x271.jpeg\",\"datePublished\":\"2024-04-30T15:58:16+00:00\",\"dateModified\":\"2024-04-30T15:58:52+00:00\",\"description\":\"P\u00e1gina oficial de la Fiscal\u00eda General de la Naci\u00f3n \u2013 Colombia. Garantizamos el acceso efectivo a la justicia, la verdad y la reparaci\u00f3n de las v\u00edctimas de los delitos.\",\"breadcrumb\":{\"@id\":\"https:\/\/www.fiscalia.gov.co\/colombia\/noticias\/ofensiva-contra-agresores-sexuales-dejo-a-cinco-personas-judicializadas-en-huila\/#breadcrumb\"},\"inLanguage\":\"es-CO\",\"potentialAction\":[{\"@type\":\"ReadAction\",\"target\":[\"https:\/\/www.fiscalia.gov.co\/colombia\/noticias\/ofensiva-contra-agresores-sexuales-dejo-a-cinco-personas-judicializadas-en-huila\/\"]}]},{\"@type\":\"ImageObject\",\"inLanguage\":\"es-CO\",\"@id\":\"https:\/\/www.fiscalia.gov.co\/colombia\/noticias\/ofensiva-contra-agresores-sexuales-dejo-a-cinco-personas-judicializadas-en-huila\/#primaryimage\",\"url\":\"https:\/\/www.fiscalia.gov.co\/colombia\/wp-content\/uploads\/Caso-de-abuelastro-300x271.jpeg\",\"contentUrl\":\"https:\/\/www.fiscalia.gov.co\/colombia\/wp-content\/uploads\/Caso-de-abuelastro-300x271.jpeg\"},{\"@type\":\"BreadcrumbList\",\"@id\":\"https:\/\/www.fiscalia.gov.co\/colombia\/noticias\/ofensiva-contra-agresores-sexuales-dejo-a-cinco-personas-judicializadas-en-huila\/#breadcrumb\",\"itemListElement\":[{\"@type\":\"ListItem\",\"position\":1,\"name\":\"Home\",\"item\":\"https:\/\/www.fiscalia.gov.co\/colombia\/\"},{\"@type\":\"ListItem\",\"position\":2,\"name\":\"Ofensiva contra agresores sexuales dej\u00f3 a cinco personas judicializadas en Huila\"}]},{\"@type\":\"WebSite\",\"@id\":\"https:\/\/www.fiscalia.gov.co\/colombia\/#website\",\"url\":\"https:\/\/www.fiscalia.gov.co\/colombia\/\",\"name\":\"Fiscal\u00eda General de la Naci\u00f3n\",\"description\":\"P\u00e1gina oficial de la Fiscal\u00eda General de la Naci\u00f3n \u2013 Colombia. Garantizamos el acceso efectivo a la justicia, la verdad y la reparaci\u00f3n de las v\u00edctimas de los delitos.\",\"publisher\":{\"@id\":\"https:\/\/www.fiscalia.gov.co\/colombia\/#organization\"},\"potentialAction\":[{\"@type\":\"SearchAction\",\"target\":{\"@type\":\"EntryPoint\",\"urlTemplate\":\"https:\/\/www.fiscalia.gov.co\/colombia\/?s={search_term_string}\"},\"query-input\":{\"@type\":\"PropertyValueSpecification\",\"valueRequired\":true,\"valueName\":\"search_term_string\"}}],\"inLanguage\":\"es-CO\"},{\"@type\":\"Organization\",\"@id\":\"https:\/\/www.fiscalia.gov.co\/colombia\/#organization\",\"name\":\"Fiscal\u00eda General de la Naci\u00f3n\",\"url\":\"https:\/\/www.fiscalia.gov.co\/colombia\/\",\"logo\":{\"@type\":\"ImageObject\",\"inLanguage\":\"es-CO\",\"@id\":\"https:\/\/www.fiscalia.gov.co\/colombia\/#\/schema\/logo\/image\/\",\"url\":\"https:\/\/www.fiscalia.gov.co\/colombia\/wp-content\/uploads\/LogoHorizontal_1.jpg\",\"contentUrl\":\"https:\/\/www.fiscalia.gov.co\/colombia\/wp-content\/uploads\/LogoHorizontal_1.jpg\",\"width\":300,\"height\":90,\"caption\":\"Fiscal\u00eda General de la Naci\u00f3n\"},\"image\":{\"@id\":\"https:\/\/www.fiscalia.gov.co\/colombia\/#\/schema\/logo\/image\/\"},\"sameAs\":[\"https:\/\/www.facebook.com\/FiscaliaCol\",\"https:\/\/x.com\/FiscaliaCol\",\"https:\/\/www.instagram.com\/fiscaliacol\",\"https:\/\/www.linkedin.com\/company\/fiscalia-general-de-la-naci-n\/\",\"https:\/\/youtube.com\/@fiscaliageneraldelanacion-4668?si=6nN79nyQICPU5iTh\"]},{\"@type\":\"Person\",\"@id\":\"https:\/\/www.fiscalia.gov.co\/colombia\/#\/schema\/person\/ba9eca435947489fb25117a0cd75bf3e\",\"name\":\"Johanna Islenny Prieto Pe\u00f1a\",\"image\":{\"@type\":\"ImageObject\",\"inLanguage\":\"es-CO\",\"@id\":\"https:\/\/www.fiscalia.gov.co\/colombia\/#\/schema\/person\/image\/\",\"url\":\"https:\/\/secure.gravatar.com\/avatar\/111433fc2acb037ffb768f6a3ca47864?s=96&d=mm&r=g\",\"contentUrl\":\"https:\/\/secure.gravatar.com\/avatar\/111433fc2acb037ffb768f6a3ca47864?s=96&d=mm&r=g\",\"caption\":\"Johanna Islenny Prieto Pe\u00f1a\"},\"url\":\"https:\/\/www.fiscalia.gov.co\/colombia\/author\/jprietop\/\"}]}<\/script>\n<!-- \/ Yoast SEO plugin. -->","yoast_head_json":{"title":"Fiscal\u00eda General de la Naci\u00f3n","description":"P\u00e1gina oficial de la Fiscal\u00eda General de la Naci\u00f3n \u2013 Colombia. Garantizamos el acceso efectivo a la justicia, la verdad y la reparaci\u00f3n de las v\u00edctimas de los delitos.","robots":{"index":"noindex","follow":"follow"},"og_locale":"es_ES","og_type":"article","og_title":"Fiscal\u00eda General de la Naci\u00f3n","og_description":"P\u00e1gina oficial de la Fiscal\u00eda General de la Naci\u00f3n \u2013 Colombia. Garantizamos el acceso efectivo a la justicia, la verdad y la reparaci\u00f3n de las v\u00edctimas de los delitos.","og_url":"https:\/\/www.fiscalia.gov.co\/colombia\/noticias\/ofensiva-contra-agresores-sexuales-dejo-a-cinco-personas-judicializadas-en-huila\/","og_site_name":"Fiscal\u00eda General de la Naci\u00f3n","article_publisher":"https:\/\/www.facebook.com\/FiscaliaCol","article_published_time":"2024-04-30T15:58:16+00:00","article_modified_time":"2024-04-30T15:58:52+00:00","og_image":[{"url":"https:\/\/www.fiscalia.gov.co\/colombia\/wp-content\/uploads\/Caso-de-abuelastro-300x271.jpeg","type":"","width":"","height":""}],"author":"Johanna Islenny Prieto Pe\u00f1a","twitter_card":"summary_large_image","twitter_creator":"@FiscaliaCol","twitter_site":"@FiscaliaCol","twitter_misc":{"Escrito por":"Johanna Islenny Prieto Pe\u00f1a","Tiempo de lectura":"4 minutos"},"schema":{"@context":"https:\/\/schema.org","@graph":[{"@type":"Article","@id":"https:\/\/www.fiscalia.gov.co\/colombia\/noticias\/ofensiva-contra-agresores-sexuales-dejo-a-cinco-personas-judicializadas-en-huila\/#article","isPartOf":{"@id":"https:\/\/www.fiscalia.gov.co\/colombia\/noticias\/ofensiva-contra-agresores-sexuales-dejo-a-cinco-personas-judicializadas-en-huila\/"},"author":{"name":"Johanna Islenny Prieto Pe\u00f1a","@id":"https:\/\/www.fiscalia.gov.co\/colombia\/#\/schema\/person\/ba9eca435947489fb25117a0cd75bf3e"},"headline":"Ofensiva contra agresores sexuales dej\u00f3 a cinco personas judicializadas en Huila","datePublished":"2024-04-30T15:58:16+00:00","dateModified":"2024-04-30T15:58:52+00:00","mainEntityOfPage":{"@id":"https:\/\/www.fiscalia.gov.co\/colombia\/noticias\/ofensiva-contra-agresores-sexuales-dejo-a-cinco-personas-judicializadas-en-huila\/"},"wordCount":574,"publisher":{"@id":"https:\/\/www.fiscalia.gov.co\/colombia\/#organization"},"image":{"@id":"https:\/\/www.fiscalia.gov.co\/colombia\/noticias\/ofensiva-contra-agresores-sexuales-dejo-a-cinco-personas-judicializadas-en-huila\/#primaryimage"},"thumbnailUrl":"https:\/\/www.fiscalia.gov.co\/colombia\/wp-content\/uploads\/Caso-de-abuelastro-300x271.jpeg","keywords":["Abuso sexual","Acceso carnal","adolescentes","Agravado","Fiscal Luz Adriana Camargo","Fiscal\u00eda General de la Naci\u00f3n","Garz\u00f3n","Huila","La Plata","Menores","Neiva","ni\u00f1as","Ni\u00f1os","Seccional Huila","Violencia"],"articleSection":["Noticias"],"inLanguage":"es-CO"},{"@type":"WebPage","@id":"https:\/\/www.fiscalia.gov.co\/colombia\/noticias\/ofensiva-contra-agresores-sexuales-dejo-a-cinco-personas-judicializadas-en-huila\/","url":"https:\/\/www.fiscalia.gov.co\/colombia\/noticias\/ofensiva-contra-agresores-sexuales-dejo-a-cinco-personas-judicializadas-en-huila\/","name":"Fiscal\u00eda General de la Naci\u00f3n","isPartOf":{"@id":"https:\/\/www.fiscalia.gov.co\/colombia\/#website"},"primaryImageOfPage":{"@id":"https:\/\/www.fiscalia.gov.co\/colombia\/noticias\/ofensiva-contra-agresores-sexuales-dejo-a-cinco-personas-judicializadas-en-huila\/#primaryimage"},"image":{"@id":"https:\/\/www.fiscalia.gov.co\/colombia\/noticias\/ofensiva-contra-agresores-sexuales-dejo-a-cinco-personas-judicializadas-en-huila\/#primaryimage"},"thumbnailUrl":"https:\/\/www.fiscalia.gov.co\/colombia\/wp-content\/uploads\/Caso-de-abuelastro-300x271.jpeg","datePublished":"2024-04-30T15:58:16+00:00","dateModified":"2024-04-30T15:58:52+00:00","description":"P\u00e1gina oficial de la Fiscal\u00eda General de la Naci\u00f3n \u2013 Colombia. Garantizamos el acceso efectivo a la justicia, la verdad y la reparaci\u00f3n de las v\u00edctimas de los delitos.","breadcrumb":{"@id":"https:\/\/www.fiscalia.gov.co\/colombia\/noticias\/ofensiva-contra-agresores-sexuales-dejo-a-cinco-personas-judicializadas-en-huila\/#breadcrumb"},"inLanguage":"es-CO","potentialAction":[{"@type":"ReadAction","target":["https:\/\/www.fiscalia.gov.co\/colombia\/noticias\/ofensiva-contra-agresores-sexuales-dejo-a-cinco-personas-judicializadas-en-huila\/"]}]},{"@type":"ImageObject","inLanguage":"es-CO","@id":"https:\/\/www.fiscalia.gov.co\/colombia\/noticias\/ofensiva-contra-agresores-sexuales-dejo-a-cinco-personas-judicializadas-en-huila\/#primaryimage","url":"https:\/\/www.fiscalia.gov.co\/colombia\/wp-content\/uploads\/Caso-de-abuelastro-300x271.jpeg","contentUrl":"https:\/\/www.fiscalia.gov.co\/colombia\/wp-content\/uploads\/Caso-de-abuelastro-300x271.jpeg"},{"@type":"BreadcrumbList","@id":"https:\/\/www.fiscalia.gov.co\/colombia\/noticias\/ofensiva-contra-agresores-sexuales-dejo-a-cinco-personas-judicializadas-en-huila\/#breadcrumb","itemListElement":[{"@type":"ListItem","position":1,"name":"Home","item":"https:\/\/www.fiscalia.gov.co\/colombia\/"},{"@type":"ListItem","position":2,"name":"Ofensiva contra agresores sexuales dej\u00f3 a cinco personas judicializadas en Huila"}]},{"@type":"WebSite","@id":"https:\/\/www.fiscalia.gov.co\/colombia\/#website","url":"https:\/\/www.fiscalia.gov.co\/colombia\/","name":"Fiscal\u00eda General de la Naci\u00f3n","description":"P\u00e1gina oficial de la Fiscal\u00eda General de la Naci\u00f3n \u2013 Colombia. Garantizamos el acceso efectivo a la justicia, la verdad y la reparaci\u00f3n de las v\u00edctimas de los delitos.","publisher":{"@id":"https:\/\/www.fiscalia.gov.co\/colombia\/#organization"},"potentialAction":[{"@type":"SearchAction","target":{"@type":"EntryPoint","urlTemplate":"https:\/\/www.fiscalia.gov.co\/colombia\/?s={search_term_string}"},"query-input":{"@type":"PropertyValueSpecification","valueRequired":true,"valueName":"search_term_string"}}],"inLanguage":"es-CO"},{"@type":"Organization","@id":"https:\/\/www.fiscalia.gov.co\/colombia\/#organization","name":"Fiscal\u00eda General de la Naci\u00f3n","url":"https:\/\/www.fiscalia.gov.co\/colombia\/","logo":{"@type":"ImageObject","inLanguage":"es-CO","@id":"https:\/\/www.fiscalia.gov.co\/colombia\/#\/schema\/logo\/image\/","url":"https:\/\/www.fiscalia.gov.co\/colombia\/wp-content\/uploads\/LogoHorizontal_1.jpg","contentUrl":"https:\/\/www.fiscalia.gov.co\/colombia\/wp-content\/uploads\/LogoHorizontal_1.jpg","width":300,"height":90,"caption":"Fiscal\u00eda General de la Naci\u00f3n"},"image":{"@id":"https:\/\/www.fiscalia.gov.co\/colombia\/#\/schema\/logo\/image\/"},"sameAs":["https:\/\/www.facebook.com\/FiscaliaCol","https:\/\/x.com\/FiscaliaCol","https:\/\/www.instagram.com\/fiscaliacol","https:\/\/www.linkedin.com\/company\/fiscalia-general-de-la-naci-n\/","https:\/\/youtube.com\/@fiscaliageneraldelanacion-4668?si=6nN79nyQICPU5iTh"]},{"@type":"Person","@id":"https:\/\/www.fiscalia.gov.co\/colombia\/#\/schema\/person\/ba9eca435947489fb25117a0cd75bf3e","name":"Johanna Islenny Prieto Pe\u00f1a","image":{"@type":"ImageObject","inLanguage":"es-CO","@id":"https:\/\/www.fiscalia.gov.co\/colombia\/#\/schema\/person\/image\/","url":"https:\/\/secure.gravatar.com\/avatar\/111433fc2acb037ffb768f6a3ca47864?s=96&d=mm&r=g","contentUrl":"https:\/\/secure.gravatar.com\/avatar\/111433fc2acb037ffb768f6a3ca47864?s=96&d=mm&r=g","caption":"Johanna Islenny Prieto Pe\u00f1a"},"url":"https:\/\/www.fiscalia.gov.co\/colombia\/author\/jprietop\/"}]}},"_links":{"self":[{"href":"https:\/\/www.fiscalia.gov.co\/colombia\/wp-json\/wp\/v2\/posts\/294175","targetHints":{"allow":["GET"]}}],"collection":[{"href":"https:\/\/www.fiscalia.gov.co\/colombia\/wp-json\/wp\/v2\/posts"}],"about":[{"href":"https:\/\/www.fiscalia.gov.co\/colombia\/wp-json\/wp\/v2\/types\/post"}],"author":[{"embeddable":true,"href":"https:\/\/www.fiscalia.gov.co\/colombia\/wp-json\/wp\/v2\/users\/181"}],"replies":[{"embeddable":true,"href":"https:\/\/www.fiscalia.gov.co\/colombia\/wp-json\/wp\/v2\/comments?post=294175"}],"version-history":[{"count":1,"href":"https:\/\/www.fiscalia.gov.co\/colombia\/wp-json\/wp\/v2\/posts\/294175\/revisions"}],"predecessor-version":[{"id":294183,"href":"https:\/\/www.fiscalia.gov.co\/colombia\/wp-json\/wp\/v2\/posts\/294175\/revisions\/294183"}],"wp:attachment":[{"href":"https:\/\/www.fiscalia.gov.co\/colombia\/wp-json\/wp\/v2\/media?parent=294175"}],"wp:term":[{"taxonomy":"category","embeddable":true,"href":"https:\/\/www.fiscalia.gov.co\/colombia\/wp-json\/wp\/v2\/categories?post=294175"},{"taxonomy":"post_tag","embeddable":true,"href":"https:\/\/www.fiscalia.gov.co\/colombia\/wp-json\/wp\/v2\/tags?post=294175"}],"curies":[{"name":"wp","href":"https:\/\/api.w.org\/{rel}","templated":true}]}}