{"id":293840,"date":"2024-04-25T10:24:51","date_gmt":"2024-04-25T15:24:51","guid":{"rendered":"https:\/\/www.fiscalia.gov.co\/colombia\/?p=293840"},"modified":"2024-04-25T10:29:50","modified_gmt":"2024-04-25T15:29:50","slug":"fiscalia-acusa-a-dos-exgobernadores-de-vichada-por-el-presunto-direccionamiento-de-un-contrato-de-suministro-de-inmobiliario-y-software","status":"publish","type":"post","link":"https:\/\/www.fiscalia.gov.co\/colombia\/noticias\/fiscalia-acusa-a-dos-exgobernadores-de-vichada-por-el-presunto-direccionamiento-de-un-contrato-de-suministro-de-inmobiliario-y-software\/","title":{"rendered":"Fiscal\u00eda acusa a dos exgobernadores de Vichada por el presunto direccionamiento de un contrato de suministro de inmobiliario y software"},"content":{"rendered":"<blockquote>\n<ul>\n<li>\n<h4><strong><em>Los funcionarios habr\u00edan permitido sobrecostos y otras actuaciones il\u00edcitas que ocasionaron la p\u00e9rdida de 1.600 millones de pesos.<\/em><\/strong><\/h4>\n<\/li>\n<\/ul>\n<ul>\n<li>\n<h4><strong><em>Por estos hechos fueron imputados un integrante de la uni\u00f3n temporal y dos intermediarios que habr\u00edan sido favorecidos con el contrato.<\/em><\/strong><\/h4>\n<\/li>\n<\/ul>\n<\/blockquote>\n<p><strong>Una fiscal delegada ante la Corte Suprema de Justicia acus\u00f3 formalmente a los exgobernadores de Vichada, Sergio Andr\u00e9s Espinosa Florez y Manuel Alberto Villalba Tavera,<\/strong> como presuntos responsables de los delitos de contrato sin cumplimiento de <a href=\"https:\/\/www.fiscalia.gov.co\/colombia\/noticias\/fiscalia-imputara-a-exministra-del-deporte-maria-isabel-urrutia-por-el-delito-de-contrato-sin-cumplimiento-de-requisitos-legales-por-la-celebracion-de-106-contratos-de-prestacion-de-servicios\/\" target=\"_blank\" rel=\"noopener\">requisitos legales<\/a> y peculado por apropiaci\u00f3n agravado.<\/p>\n<p>El 23 de diciembre de 2015, el departamento celebr\u00f3 un contrato con la Uni\u00f3n Temporal Dotaci\u00f3n Vichada, cuyo objeto fue la dotaci\u00f3n del Centro de Formaci\u00f3n e Investigaci\u00f3n en Energ\u00edas Renovables (CINER), <strong>por valor un valor superior a 2.318. millones de pesos<\/strong>, que correspond\u00edan a recursos provenientes del Fondo de Ciencia, Tecnolog\u00eda e Innovaci\u00f3n del Sistema General de Regal\u00edas.<\/p>\n<p><strong>Los elementos de prueba indican que el entonces gobernador Espinosa Fl\u00f3rez presuntamente favoreci\u00f3 al contratista<\/strong>, previo acuerdo con algunos particulares interesados en el proyecto, y defini\u00f3 las condiciones y t\u00e9rminos del contrato, con un presupuesto oficial que super\u00f3 los costos del mercado.<\/p>\n<p>De otra parte, <strong>Villalva Tavera, como gobernador encargado durante distintos meses de 2015, certific\u00f3 la disponibilidad de los dineros, abri\u00f3 la licitaci\u00f3n p\u00fablica como un simple requisito formal,<\/strong> suscribi\u00f3 el pliego de condiciones sustentado en m\u00faltiples irregularidades, particip\u00f3 en la adjudicaci\u00f3n y celebr\u00f3 el contrato.<\/p>\n<p>Con sus actuaciones, los exgobernadores habr\u00edan permitido la apropiaci\u00f3n de dineros en favor de la uni\u00f3n temporal en cuant\u00eda superior a <strong>1.600 millones de pesos<\/strong>, por concepto de sobrecostos.<\/p>\n<p><strong><u>Imputaci\u00f3n a contratistas<\/u><\/strong><\/p>\n<p>Por las irregularidades detectadas en el proceso de contrataci\u00f3n de la dotaci\u00f3n del CINER, una fiscal de la <strong>Direcci\u00f3n Especializada contra la Corrupci\u00f3n present\u00f3 ante un juez de control garant\u00edas a uno de los integrantes de la uni\u00f3n temporal presuntamente beneficiada<\/strong>, y dos intermediarios. Les imput\u00f3 los delitos de<a href=\"https:\/\/www.fiscalia.gov.co\/colombia\/noticias\/fiscalia-judicializa-a-expresidente-de-medimas-eps-y-a-otras-dos-personas-por-presuntos-actos-de-corrupcion-en-contratos-de-suministro-de-medicamentos\/\" target=\"_blank\" rel=\"noopener\"> inter\u00e9s indebido en la celebraci\u00f3n de contratos y peculado por apropiaci\u00f3n.<\/a><\/p>\n<p>Los investigados son: el representante y contratista, Manuel Eduardo Torres Robayo; y Luciela Gallo \u00c1lzate y C\u00e9sar Augusto Zambrano Garnica. <strong>Estas personas no aceptaron los cargos en su contra.<\/strong><\/p>\n<p>Esta informaci\u00f3n se publica por razones de inter\u00e9s general.<\/p>\n<p>&nbsp;<\/p>\n<p>&nbsp;<\/p>\n<p>LAGP\/JARG\/HBA\/UFDCSJ\/CEGD\/EAC\/DECC.<\/p>\n<p>&nbsp;<\/p>\n<p>&nbsp;<\/p>\n<p>&nbsp;<\/p>\n<p><i>La informaci\u00f3n contenida en este bolet\u00edn de prensa corresponde a la narraci\u00f3n de los hechos noticiosos objetivos, suministrados por los funcionarios encargados de adelantar las investigaciones penales al interior de la Fiscal\u00eda General de la Naci\u00f3n. Para el momento de la divulgaci\u00f3n de este comunicado, la situaci\u00f3n jur\u00eddica de la(s) persona(s) relacionada(s) se encuentra pendiente de resolver por la autoridad judicial competente, siempre bajo los preceptos de la presunci\u00f3n de inocencia, consagrados en el art\u00edculo 29 de la Constituci\u00f3n Pol\u00edtica y el art\u00edculo 7\u00ba de la Ley 906 de 2004.<\/i><\/p>\n<p>&nbsp;<\/p>\n\n<div class=\"twitter-share\"><a href=\"https:\/\/twitter.com\/intent\/tweet?via=fiscaliacol\" class=\"twitter-share-button\">Tweet<\/a><\/div>\n","protected":false},"excerpt":{"rendered":"<p>Los funcionarios habr\u00edan permitido sobrecostos y otras actuaciones il\u00edcitas que ocasionaron la p\u00e9rdida de 1.600 millones de pesos. Por estos hechos fueron imputados un integrante de la uni\u00f3n temporal y dos intermediarios que habr\u00edan sido favorecidos con el contrato. Una fiscal delegada ante la Corte Suprema de Justicia acus\u00f3 formalmente a los exgobernadores de Vichada, [&hellip;]<\/p>\n","protected":false},"author":181,"featured_media":0,"comment_status":"closed","ping_status":"open","sticky":false,"template":"","format":"standard","meta":{"_price":"","_stock":"","_tribe_ticket_header":"","_tribe_default_ticket_provider":"","_tribe_ticket_capacity":"0","_ticket_start_date":"","_ticket_end_date":"","_tribe_ticket_show_description":"","_tribe_ticket_show_not_going":false,"_tribe_ticket_use_global_stock":"","_tribe_ticket_global_stock_level":"","_global_stock_mode":"","_global_stock_cap":"","_tribe_rsvp_for_event":"","_tribe_ticket_going_count":"","_tribe_ticket_not_going_count":"","_tribe_tickets_list":"[]","_tribe_ticket_has_attendee_info_fields":false,"tdm_status":"","tdm_grid_status":"","footnotes":""},"categories":[1],"tags":[],"class_list":{"0":"post-293840","1":"post","2":"type-post","3":"status-publish","4":"format-standard","6":"category-noticias"},"yoast_head":"<!-- This site is optimized with the Yoast SEO plugin v24.3 - https:\/\/yoast.com\/wordpress\/plugins\/seo\/ -->\n<title>Fiscal\u00eda General de la Naci\u00f3n<\/title>\n<meta name=\"description\" content=\"P\u00e1gina oficial de la Fiscal\u00eda General de la Naci\u00f3n \u2013 Colombia. Garantizamos el acceso efectivo a la justicia, la verdad y la reparaci\u00f3n de las v\u00edctimas de los delitos.\" \/>\n<meta name=\"robots\" content=\"noindex, follow\" \/>\n<meta property=\"og:locale\" content=\"es_ES\" \/>\n<meta property=\"og:type\" content=\"article\" \/>\n<meta property=\"og:title\" content=\"Fiscal\u00eda General de la Naci\u00f3n\" \/>\n<meta property=\"og:description\" content=\"P\u00e1gina oficial de la Fiscal\u00eda General de la Naci\u00f3n \u2013 Colombia. Garantizamos el acceso efectivo a la justicia, la verdad y la reparaci\u00f3n de las v\u00edctimas de los delitos.\" \/>\n<meta property=\"og:url\" content=\"https:\/\/www.fiscalia.gov.co\/colombia\/noticias\/fiscalia-acusa-a-dos-exgobernadores-de-vichada-por-el-presunto-direccionamiento-de-un-contrato-de-suministro-de-inmobiliario-y-software\/\" \/>\n<meta property=\"og:site_name\" content=\"Fiscal\u00eda General de la Naci\u00f3n\" \/>\n<meta property=\"article:publisher\" content=\"https:\/\/www.facebook.com\/FiscaliaCol\" \/>\n<meta property=\"article:published_time\" content=\"2024-04-25T15:24:51+00:00\" \/>\n<meta property=\"article:modified_time\" content=\"2024-04-25T15:29:50+00:00\" \/>\n<meta name=\"author\" content=\"Johanna Islenny Prieto Pe\u00f1a\" \/>\n<meta name=\"twitter:card\" content=\"summary_large_image\" \/>\n<meta name=\"twitter:creator\" content=\"@FiscaliaCol\" \/>\n<meta name=\"twitter:site\" content=\"@FiscaliaCol\" \/>\n<meta name=\"twitter:label1\" content=\"Escrito por\" \/>\n\t<meta name=\"twitter:data1\" content=\"Johanna Islenny Prieto Pe\u00f1a\" \/>\n\t<meta name=\"twitter:label2\" content=\"Tiempo de lectura\" \/>\n\t<meta name=\"twitter:data2\" content=\"3 minutos\" \/>\n<script type=\"application\/ld+json\" class=\"yoast-schema-graph\">{\"@context\":\"https:\/\/schema.org\",\"@graph\":[{\"@type\":\"Article\",\"@id\":\"https:\/\/www.fiscalia.gov.co\/colombia\/noticias\/fiscalia-acusa-a-dos-exgobernadores-de-vichada-por-el-presunto-direccionamiento-de-un-contrato-de-suministro-de-inmobiliario-y-software\/#article\",\"isPartOf\":{\"@id\":\"https:\/\/www.fiscalia.gov.co\/colombia\/noticias\/fiscalia-acusa-a-dos-exgobernadores-de-vichada-por-el-presunto-direccionamiento-de-un-contrato-de-suministro-de-inmobiliario-y-software\/\"},\"author\":{\"name\":\"Johanna Islenny Prieto Pe\u00f1a\",\"@id\":\"https:\/\/www.fiscalia.gov.co\/colombia\/#\/schema\/person\/ba9eca435947489fb25117a0cd75bf3e\"},\"headline\":\"Fiscal\u00eda acusa a dos exgobernadores de Vichada por el presunto direccionamiento de un contrato de suministro de inmobiliario y software\",\"datePublished\":\"2024-04-25T15:24:51+00:00\",\"dateModified\":\"2024-04-25T15:29:50+00:00\",\"mainEntityOfPage\":{\"@id\":\"https:\/\/www.fiscalia.gov.co\/colombia\/noticias\/fiscalia-acusa-a-dos-exgobernadores-de-vichada-por-el-presunto-direccionamiento-de-un-contrato-de-suministro-de-inmobiliario-y-software\/\"},\"wordCount\":528,\"publisher\":{\"@id\":\"https:\/\/www.fiscalia.gov.co\/colombia\/#organization\"},\"articleSection\":[\"Noticias\"],\"inLanguage\":\"es-CO\"},{\"@type\":\"WebPage\",\"@id\":\"https:\/\/www.fiscalia.gov.co\/colombia\/noticias\/fiscalia-acusa-a-dos-exgobernadores-de-vichada-por-el-presunto-direccionamiento-de-un-contrato-de-suministro-de-inmobiliario-y-software\/\",\"url\":\"https:\/\/www.fiscalia.gov.co\/colombia\/noticias\/fiscalia-acusa-a-dos-exgobernadores-de-vichada-por-el-presunto-direccionamiento-de-un-contrato-de-suministro-de-inmobiliario-y-software\/\",\"name\":\"Fiscal\u00eda General de la Naci\u00f3n\",\"isPartOf\":{\"@id\":\"https:\/\/www.fiscalia.gov.co\/colombia\/#website\"},\"datePublished\":\"2024-04-25T15:24:51+00:00\",\"dateModified\":\"2024-04-25T15:29:50+00:00\",\"description\":\"P\u00e1gina oficial de la Fiscal\u00eda General de la Naci\u00f3n \u2013 Colombia. Garantizamos el acceso efectivo a la justicia, la verdad y la reparaci\u00f3n de las v\u00edctimas de los delitos.\",\"breadcrumb\":{\"@id\":\"https:\/\/www.fiscalia.gov.co\/colombia\/noticias\/fiscalia-acusa-a-dos-exgobernadores-de-vichada-por-el-presunto-direccionamiento-de-un-contrato-de-suministro-de-inmobiliario-y-software\/#breadcrumb\"},\"inLanguage\":\"es-CO\",\"potentialAction\":[{\"@type\":\"ReadAction\",\"target\":[\"https:\/\/www.fiscalia.gov.co\/colombia\/noticias\/fiscalia-acusa-a-dos-exgobernadores-de-vichada-por-el-presunto-direccionamiento-de-un-contrato-de-suministro-de-inmobiliario-y-software\/\"]}]},{\"@type\":\"BreadcrumbList\",\"@id\":\"https:\/\/www.fiscalia.gov.co\/colombia\/noticias\/fiscalia-acusa-a-dos-exgobernadores-de-vichada-por-el-presunto-direccionamiento-de-un-contrato-de-suministro-de-inmobiliario-y-software\/#breadcrumb\",\"itemListElement\":[{\"@type\":\"ListItem\",\"position\":1,\"name\":\"Home\",\"item\":\"https:\/\/www.fiscalia.gov.co\/colombia\/\"},{\"@type\":\"ListItem\",\"position\":2,\"name\":\"Fiscal\u00eda acusa a dos exgobernadores de Vichada por el presunto direccionamiento de un contrato de suministro de inmobiliario y software\"}]},{\"@type\":\"WebSite\",\"@id\":\"https:\/\/www.fiscalia.gov.co\/colombia\/#website\",\"url\":\"https:\/\/www.fiscalia.gov.co\/colombia\/\",\"name\":\"Fiscal\u00eda General de la Naci\u00f3n\",\"description\":\"P\u00e1gina oficial de la Fiscal\u00eda General de la Naci\u00f3n \u2013 Colombia. Garantizamos el acceso efectivo a la justicia, la verdad y la reparaci\u00f3n de las v\u00edctimas de los delitos.\",\"publisher\":{\"@id\":\"https:\/\/www.fiscalia.gov.co\/colombia\/#organization\"},\"potentialAction\":[{\"@type\":\"SearchAction\",\"target\":{\"@type\":\"EntryPoint\",\"urlTemplate\":\"https:\/\/www.fiscalia.gov.co\/colombia\/?s={search_term_string}\"},\"query-input\":{\"@type\":\"PropertyValueSpecification\",\"valueRequired\":true,\"valueName\":\"search_term_string\"}}],\"inLanguage\":\"es-CO\"},{\"@type\":\"Organization\",\"@id\":\"https:\/\/www.fiscalia.gov.co\/colombia\/#organization\",\"name\":\"Fiscal\u00eda General de la Naci\u00f3n\",\"url\":\"https:\/\/www.fiscalia.gov.co\/colombia\/\",\"logo\":{\"@type\":\"ImageObject\",\"inLanguage\":\"es-CO\",\"@id\":\"https:\/\/www.fiscalia.gov.co\/colombia\/#\/schema\/logo\/image\/\",\"url\":\"https:\/\/www.fiscalia.gov.co\/colombia\/wp-content\/uploads\/LogoHorizontal_1.jpg\",\"contentUrl\":\"https:\/\/www.fiscalia.gov.co\/colombia\/wp-content\/uploads\/LogoHorizontal_1.jpg\",\"width\":300,\"height\":90,\"caption\":\"Fiscal\u00eda General de la Naci\u00f3n\"},\"image\":{\"@id\":\"https:\/\/www.fiscalia.gov.co\/colombia\/#\/schema\/logo\/image\/\"},\"sameAs\":[\"https:\/\/www.facebook.com\/FiscaliaCol\",\"https:\/\/x.com\/FiscaliaCol\",\"https:\/\/www.instagram.com\/fiscaliacol\",\"https:\/\/www.linkedin.com\/company\/fiscalia-general-de-la-naci-n\/\",\"https:\/\/youtube.com\/@fiscaliageneraldelanacion-4668?si=6nN79nyQICPU5iTh\"]},{\"@type\":\"Person\",\"@id\":\"https:\/\/www.fiscalia.gov.co\/colombia\/#\/schema\/person\/ba9eca435947489fb25117a0cd75bf3e\",\"name\":\"Johanna Islenny Prieto Pe\u00f1a\",\"image\":{\"@type\":\"ImageObject\",\"inLanguage\":\"es-CO\",\"@id\":\"https:\/\/www.fiscalia.gov.co\/colombia\/#\/schema\/person\/image\/\",\"url\":\"https:\/\/secure.gravatar.com\/avatar\/111433fc2acb037ffb768f6a3ca47864?s=96&d=mm&r=g\",\"contentUrl\":\"https:\/\/secure.gravatar.com\/avatar\/111433fc2acb037ffb768f6a3ca47864?s=96&d=mm&r=g\",\"caption\":\"Johanna Islenny Prieto Pe\u00f1a\"},\"url\":\"https:\/\/www.fiscalia.gov.co\/colombia\/author\/jprietop\/\"}]}<\/script>\n<!-- \/ Yoast SEO plugin. -->","yoast_head_json":{"title":"Fiscal\u00eda General de la Naci\u00f3n","description":"P\u00e1gina oficial de la Fiscal\u00eda General de la Naci\u00f3n \u2013 Colombia. Garantizamos el acceso efectivo a la justicia, la verdad y la reparaci\u00f3n de las v\u00edctimas de los delitos.","robots":{"index":"noindex","follow":"follow"},"og_locale":"es_ES","og_type":"article","og_title":"Fiscal\u00eda General de la Naci\u00f3n","og_description":"P\u00e1gina oficial de la Fiscal\u00eda General de la Naci\u00f3n \u2013 Colombia. Garantizamos el acceso efectivo a la justicia, la verdad y la reparaci\u00f3n de las v\u00edctimas de los delitos.","og_url":"https:\/\/www.fiscalia.gov.co\/colombia\/noticias\/fiscalia-acusa-a-dos-exgobernadores-de-vichada-por-el-presunto-direccionamiento-de-un-contrato-de-suministro-de-inmobiliario-y-software\/","og_site_name":"Fiscal\u00eda General de la Naci\u00f3n","article_publisher":"https:\/\/www.facebook.com\/FiscaliaCol","article_published_time":"2024-04-25T15:24:51+00:00","article_modified_time":"2024-04-25T15:29:50+00:00","author":"Johanna Islenny Prieto Pe\u00f1a","twitter_card":"summary_large_image","twitter_creator":"@FiscaliaCol","twitter_site":"@FiscaliaCol","twitter_misc":{"Escrito por":"Johanna Islenny Prieto Pe\u00f1a","Tiempo de lectura":"3 minutos"},"schema":{"@context":"https:\/\/schema.org","@graph":[{"@type":"Article","@id":"https:\/\/www.fiscalia.gov.co\/colombia\/noticias\/fiscalia-acusa-a-dos-exgobernadores-de-vichada-por-el-presunto-direccionamiento-de-un-contrato-de-suministro-de-inmobiliario-y-software\/#article","isPartOf":{"@id":"https:\/\/www.fiscalia.gov.co\/colombia\/noticias\/fiscalia-acusa-a-dos-exgobernadores-de-vichada-por-el-presunto-direccionamiento-de-un-contrato-de-suministro-de-inmobiliario-y-software\/"},"author":{"name":"Johanna Islenny Prieto Pe\u00f1a","@id":"https:\/\/www.fiscalia.gov.co\/colombia\/#\/schema\/person\/ba9eca435947489fb25117a0cd75bf3e"},"headline":"Fiscal\u00eda acusa a dos exgobernadores de Vichada por el presunto direccionamiento de un contrato de suministro de inmobiliario y software","datePublished":"2024-04-25T15:24:51+00:00","dateModified":"2024-04-25T15:29:50+00:00","mainEntityOfPage":{"@id":"https:\/\/www.fiscalia.gov.co\/colombia\/noticias\/fiscalia-acusa-a-dos-exgobernadores-de-vichada-por-el-presunto-direccionamiento-de-un-contrato-de-suministro-de-inmobiliario-y-software\/"},"wordCount":528,"publisher":{"@id":"https:\/\/www.fiscalia.gov.co\/colombia\/#organization"},"articleSection":["Noticias"],"inLanguage":"es-CO"},{"@type":"WebPage","@id":"https:\/\/www.fiscalia.gov.co\/colombia\/noticias\/fiscalia-acusa-a-dos-exgobernadores-de-vichada-por-el-presunto-direccionamiento-de-un-contrato-de-suministro-de-inmobiliario-y-software\/","url":"https:\/\/www.fiscalia.gov.co\/colombia\/noticias\/fiscalia-acusa-a-dos-exgobernadores-de-vichada-por-el-presunto-direccionamiento-de-un-contrato-de-suministro-de-inmobiliario-y-software\/","name":"Fiscal\u00eda General de la Naci\u00f3n","isPartOf":{"@id":"https:\/\/www.fiscalia.gov.co\/colombia\/#website"},"datePublished":"2024-04-25T15:24:51+00:00","dateModified":"2024-04-25T15:29:50+00:00","description":"P\u00e1gina oficial de la Fiscal\u00eda General de la Naci\u00f3n \u2013 Colombia. Garantizamos el acceso efectivo a la justicia, la verdad y la reparaci\u00f3n de las v\u00edctimas de los delitos.","breadcrumb":{"@id":"https:\/\/www.fiscalia.gov.co\/colombia\/noticias\/fiscalia-acusa-a-dos-exgobernadores-de-vichada-por-el-presunto-direccionamiento-de-un-contrato-de-suministro-de-inmobiliario-y-software\/#breadcrumb"},"inLanguage":"es-CO","potentialAction":[{"@type":"ReadAction","target":["https:\/\/www.fiscalia.gov.co\/colombia\/noticias\/fiscalia-acusa-a-dos-exgobernadores-de-vichada-por-el-presunto-direccionamiento-de-un-contrato-de-suministro-de-inmobiliario-y-software\/"]}]},{"@type":"BreadcrumbList","@id":"https:\/\/www.fiscalia.gov.co\/colombia\/noticias\/fiscalia-acusa-a-dos-exgobernadores-de-vichada-por-el-presunto-direccionamiento-de-un-contrato-de-suministro-de-inmobiliario-y-software\/#breadcrumb","itemListElement":[{"@type":"ListItem","position":1,"name":"Home","item":"https:\/\/www.fiscalia.gov.co\/colombia\/"},{"@type":"ListItem","position":2,"name":"Fiscal\u00eda acusa a dos exgobernadores de Vichada por el presunto direccionamiento de un contrato de suministro de inmobiliario y software"}]},{"@type":"WebSite","@id":"https:\/\/www.fiscalia.gov.co\/colombia\/#website","url":"https:\/\/www.fiscalia.gov.co\/colombia\/","name":"Fiscal\u00eda General de la Naci\u00f3n","description":"P\u00e1gina oficial de la Fiscal\u00eda General de la Naci\u00f3n \u2013 Colombia. Garantizamos el acceso efectivo a la justicia, la verdad y la reparaci\u00f3n de las v\u00edctimas de los delitos.","publisher":{"@id":"https:\/\/www.fiscalia.gov.co\/colombia\/#organization"},"potentialAction":[{"@type":"SearchAction","target":{"@type":"EntryPoint","urlTemplate":"https:\/\/www.fiscalia.gov.co\/colombia\/?s={search_term_string}"},"query-input":{"@type":"PropertyValueSpecification","valueRequired":true,"valueName":"search_term_string"}}],"inLanguage":"es-CO"},{"@type":"Organization","@id":"https:\/\/www.fiscalia.gov.co\/colombia\/#organization","name":"Fiscal\u00eda General de la Naci\u00f3n","url":"https:\/\/www.fiscalia.gov.co\/colombia\/","logo":{"@type":"ImageObject","inLanguage":"es-CO","@id":"https:\/\/www.fiscalia.gov.co\/colombia\/#\/schema\/logo\/image\/","url":"https:\/\/www.fiscalia.gov.co\/colombia\/wp-content\/uploads\/LogoHorizontal_1.jpg","contentUrl":"https:\/\/www.fiscalia.gov.co\/colombia\/wp-content\/uploads\/LogoHorizontal_1.jpg","width":300,"height":90,"caption":"Fiscal\u00eda General de la Naci\u00f3n"},"image":{"@id":"https:\/\/www.fiscalia.gov.co\/colombia\/#\/schema\/logo\/image\/"},"sameAs":["https:\/\/www.facebook.com\/FiscaliaCol","https:\/\/x.com\/FiscaliaCol","https:\/\/www.instagram.com\/fiscaliacol","https:\/\/www.linkedin.com\/company\/fiscalia-general-de-la-naci-n\/","https:\/\/youtube.com\/@fiscaliageneraldelanacion-4668?si=6nN79nyQICPU5iTh"]},{"@type":"Person","@id":"https:\/\/www.fiscalia.gov.co\/colombia\/#\/schema\/person\/ba9eca435947489fb25117a0cd75bf3e","name":"Johanna Islenny Prieto Pe\u00f1a","image":{"@type":"ImageObject","inLanguage":"es-CO","@id":"https:\/\/www.fiscalia.gov.co\/colombia\/#\/schema\/person\/image\/","url":"https:\/\/secure.gravatar.com\/avatar\/111433fc2acb037ffb768f6a3ca47864?s=96&d=mm&r=g","contentUrl":"https:\/\/secure.gravatar.com\/avatar\/111433fc2acb037ffb768f6a3ca47864?s=96&d=mm&r=g","caption":"Johanna Islenny Prieto Pe\u00f1a"},"url":"https:\/\/www.fiscalia.gov.co\/colombia\/author\/jprietop\/"}]}},"_links":{"self":[{"href":"https:\/\/www.fiscalia.gov.co\/colombia\/wp-json\/wp\/v2\/posts\/293840","targetHints":{"allow":["GET"]}}],"collection":[{"href":"https:\/\/www.fiscalia.gov.co\/colombia\/wp-json\/wp\/v2\/posts"}],"about":[{"href":"https:\/\/www.fiscalia.gov.co\/colombia\/wp-json\/wp\/v2\/types\/post"}],"author":[{"embeddable":true,"href":"https:\/\/www.fiscalia.gov.co\/colombia\/wp-json\/wp\/v2\/users\/181"}],"replies":[{"embeddable":true,"href":"https:\/\/www.fiscalia.gov.co\/colombia\/wp-json\/wp\/v2\/comments?post=293840"}],"version-history":[{"count":3,"href":"https:\/\/www.fiscalia.gov.co\/colombia\/wp-json\/wp\/v2\/posts\/293840\/revisions"}],"predecessor-version":[{"id":293844,"href":"https:\/\/www.fiscalia.gov.co\/colombia\/wp-json\/wp\/v2\/posts\/293840\/revisions\/293844"}],"wp:attachment":[{"href":"https:\/\/www.fiscalia.gov.co\/colombia\/wp-json\/wp\/v2\/media?parent=293840"}],"wp:term":[{"taxonomy":"category","embeddable":true,"href":"https:\/\/www.fiscalia.gov.co\/colombia\/wp-json\/wp\/v2\/categories?post=293840"},{"taxonomy":"post_tag","embeddable":true,"href":"https:\/\/www.fiscalia.gov.co\/colombia\/wp-json\/wp\/v2\/tags?post=293840"}],"curies":[{"name":"wp","href":"https:\/\/api.w.org\/{rel}","templated":true}]}}