{"id":293783,"date":"2024-04-24T15:43:44","date_gmt":"2024-04-24T20:43:44","guid":{"rendered":"https:\/\/www.fiscalia.gov.co\/colombia\/?p=293783"},"modified":"2024-04-24T16:21:04","modified_gmt":"2024-04-24T21:21:04","slug":"a-la-carcel-presuntos-responsables-de-enganar-con-promesas-de-trabajo-a-empleados-de-la-construccion-para-secuestrarlos","status":"publish","type":"post","link":"https:\/\/www.fiscalia.gov.co\/colombia\/noticias\/a-la-carcel-presuntos-responsables-de-enganar-con-promesas-de-trabajo-a-empleados-de-la-construccion-para-secuestrarlos\/","title":{"rendered":"A la c\u00e1rcel presuntos responsables de enga\u00f1ar con promesas de trabajo a empleados de la construcci\u00f3n para secuestrarlos"},"content":{"rendered":"<p><strong>La Fiscal\u00eda General de la Naci\u00f3n consigui\u00f3 que un juez de control de garant\u00edas impusiera medida de aseguramiento en centro carcelario en contra de los ciudadanos extranjeros<\/strong> Jes\u00fas Alejandro Bonilla Henr\u00edquez e In\u00e9s Mar\u00eda\u00a0 Ortiz Chirinos, presuntos responsables de enga\u00f1ar a trabajadores de la construcci\u00f3n para retenerlos en contra de su voluntad, hurtar sus pertenencias y<a href=\"https:\/\/www.fiscalia.gov.co\/colombia\/noticias\/tortas-ira-a-la-carcel-por-su-presunta-participacion-en-secuestros-y-extorsiones-en-medellin\/\" target=\"_blank\" rel=\"noopener\"> exigir dinero por su liberaci\u00f3n<\/a>.<\/p>\n<p>Seg\u00fan la investigaci\u00f3n adelantada por un fiscal Gaula de Medell\u00edn, los procesados, al parecer, contactaban personas dedicadas a construir o remodelar\u00a0 viviendas.\u00a0 Cuando estaban con las v\u00edctimas en el lugar indicado, <strong>llamaban a un supuesto cabecilla del \u2018Clan del Golfo\u2019 o de las disidencias de las Farc, que supuestamente se encontraba en centro carcelario, y quien les manifestaba a los trabajadores de obra que estaban secuestrados y que ten\u00edan que pagar 30 millones de pesos por su liberaci\u00f3n.<\/strong><\/p>\n<figure id=\"attachment_293786\" aria-describedby=\"caption-attachment-293786\" style=\"width: 300px\" class=\"wp-caption aligncenter\"><img loading=\"lazy\" decoding=\"async\" class=\"size-medium wp-image-293786\" src=\"https:\/\/www.fiscalia.gov.co\/colombia\/wp-content\/uploads\/Jesus-Alejandro-Bonilla-Henriquez-e-Ines-Maria-Ortiz-Chirinos-1-300x238.jpg\" alt=\"Presuntos responsables de ofrecer falsas propuestas de trabajo para secuestrar a constructores en el departamento de Antioquia\" width=\"300\" height=\"238\" srcset=\"https:\/\/www.fiscalia.gov.co\/colombia\/wp-content\/uploads\/Jesus-Alejandro-Bonilla-Henriquez-e-Ines-Maria-Ortiz-Chirinos-1-300x238.jpg 300w, https:\/\/www.fiscalia.gov.co\/colombia\/wp-content\/uploads\/Jesus-Alejandro-Bonilla-Henriquez-e-Ines-Maria-Ortiz-Chirinos-1-1024x811.jpg 1024w, https:\/\/www.fiscalia.gov.co\/colombia\/wp-content\/uploads\/Jesus-Alejandro-Bonilla-Henriquez-e-Ines-Maria-Ortiz-Chirinos-1-768x608.jpg 768w, https:\/\/www.fiscalia.gov.co\/colombia\/wp-content\/uploads\/Jesus-Alejandro-Bonilla-Henriquez-e-Ines-Maria-Ortiz-Chirinos-1-696x551.jpg 696w, https:\/\/www.fiscalia.gov.co\/colombia\/wp-content\/uploads\/Jesus-Alejandro-Bonilla-Henriquez-e-Ines-Maria-Ortiz-Chirinos-1-531x420.jpg 531w, https:\/\/www.fiscalia.gov.co\/colombia\/wp-content\/uploads\/Jesus-Alejandro-Bonilla-Henriquez-e-Ines-Maria-Ortiz-Chirinos-1.jpg 1056w\" sizes=\"auto, (max-width: 300px) 100vw, 300px\" \/><figcaption id=\"caption-attachment-293786\" class=\"wp-caption-text\">Presuntos responsables de ofrecer falsas propuestas de trabajo para secuestrar a constructores en el departamento de Antioquia<\/figcaption><\/figure>\n<p>Estas personas est\u00e1n vinculadas en tres eventos similares ocurridos entre el 20 de septiembre y el 18 de noviembre de 2023.<\/p>\n<p>Los hechos ocurrieron en zonas boscosas de los municipios de Santo Domingo, Caldas y Entrerr\u00edos (Antioquia), donde dos parejas de esposos y dos hombres fueron citados para realizar cotizaciones de construcciones o arreglos de inmuebles.<\/p>\n<p><a href=\"https:\/\/www.fiscalia.gov.co\/colombia\/noticias\/a-la-carcel-alias-el-paisa-presunto-cabecilla-del-clan-del-golfo-que-estaria-involucrado-en-homicidios-y-secuestros-en-el-bajo-cauca-antiqueno\/\" target=\"_blank\" rel=\"noopener\">Los secuestradores ataron de las manos a las v\u00edctimas y los obligaron a decir que estaban secuestrados<\/a> por grupos armados en un video que enviaron a sus familiares para presionar el pago exigido. <strong>Tras no recibir dinero \u00a0por su liberaci\u00f3n los dejaron en libertad dos horas despu\u00e9s, luego de hurtar sus pertenencias.<\/strong><\/p>\n<p>La Fiscal\u00eda les imput\u00f3 los delitos de secuestro extorsivo agravado y hurto calificado y agravado. Cargos que no fueron aceptados.<\/p>\n<p>Esta informaci\u00f3n se publica por razones de inter\u00e9s general.<\/p>\n<p>NAMT\/LMFO\/CFG\/JJQ\/DSM<\/p>\n<div><\/div>\n<p>&nbsp;<\/p>\n<p>&nbsp;<\/p>\n<p><em>La informaci\u00f3n contenida en este bolet\u00edn de prensa corresponde a la narraci\u00f3n de los hechos noticiosos objetivos, suministrados por los funcionarios encargados de adelantar las investigaciones penales al interior de la Fiscal\u00eda General de la Naci\u00f3n. Para el momento de la divulgaci\u00f3n de este comunicado, la situaci\u00f3n jur\u00eddica de la(s) persona(s) relacionada(s) se encuentra pendiente de resolver por la autoridad judicial competente, siempre bajo los preceptos de la presunci\u00f3n de inocencia, consagrados en el art\u00edculo 29 de la Constituci\u00f3n Pol\u00edtica y el art\u00edculo 7\u00ba de la Ley 906 de 2004.<\/em><\/p>\n<p>&nbsp;<\/p>\n\n<div class=\"twitter-share\"><a href=\"https:\/\/twitter.com\/intent\/tweet?via=fiscaliacol\" class=\"twitter-share-button\">Tweet<\/a><\/div>\n","protected":false},"excerpt":{"rendered":"<p>La Fiscal\u00eda General de la Naci\u00f3n consigui\u00f3 que un juez de control de garant\u00edas impusiera medida de aseguramiento en centro carcelario en contra de los ciudadanos extranjeros Jes\u00fas Alejandro Bonilla Henr\u00edquez e In\u00e9s Mar\u00eda\u00a0 Ortiz Chirinos, presuntos responsables de enga\u00f1ar a trabajadores de la construcci\u00f3n para retenerlos en contra de su voluntad, hurtar sus pertenencias [&hellip;]<\/p>\n","protected":false},"author":181,"featured_media":0,"comment_status":"closed","ping_status":"open","sticky":false,"template":"","format":"standard","meta":{"_price":"","_stock":"","_tribe_ticket_header":"","_tribe_default_ticket_provider":"","_tribe_ticket_capacity":"0","_ticket_start_date":"","_ticket_end_date":"","_tribe_ticket_show_description":"","_tribe_ticket_show_not_going":false,"_tribe_ticket_use_global_stock":"","_tribe_ticket_global_stock_level":"","_global_stock_mode":"","_global_stock_cap":"","_tribe_rsvp_for_event":"","_tribe_ticket_going_count":"","_tribe_ticket_not_going_count":"","_tribe_tickets_list":"[]","_tribe_ticket_has_attendee_info_fields":false,"tdm_status":"","tdm_grid_status":"","footnotes":""},"categories":[1,24099],"tags":[37733,1047,558,37734,37735],"class_list":{"0":"post-293783","1":"post","2":"type-post","3":"status-publish","4":"format-standard","6":"category-noticias","7":"category-seguridad-territorial","8":"tag-falsas-propuestas-de-trabajo","9":"tag-fiscalia-general-de-la-nacion","10":"tag-policia-nacional","11":"tag-secuestro-extorsivo-en-antioquia","12":"tag-victimas-trabajadoras-de-la-construccion"},"yoast_head":"<!-- This site is optimized with the Yoast SEO plugin v24.3 - https:\/\/yoast.com\/wordpress\/plugins\/seo\/ -->\n<title>Fiscal\u00eda General de la Naci\u00f3n<\/title>\n<meta name=\"description\" content=\"P\u00e1gina oficial de la Fiscal\u00eda General de la Naci\u00f3n \u2013 Colombia. Garantizamos el acceso efectivo a la justicia, la verdad y la reparaci\u00f3n de las v\u00edctimas de los delitos.\" \/>\n<meta name=\"robots\" content=\"noindex, follow\" \/>\n<meta property=\"og:locale\" content=\"es_ES\" \/>\n<meta property=\"og:type\" content=\"article\" \/>\n<meta property=\"og:title\" content=\"Fiscal\u00eda General de la Naci\u00f3n\" \/>\n<meta property=\"og:description\" content=\"P\u00e1gina oficial de la Fiscal\u00eda General de la Naci\u00f3n \u2013 Colombia. Garantizamos el acceso efectivo a la justicia, la verdad y la reparaci\u00f3n de las v\u00edctimas de los delitos.\" \/>\n<meta property=\"og:url\" content=\"https:\/\/www.fiscalia.gov.co\/colombia\/noticias\/a-la-carcel-presuntos-responsables-de-enganar-con-promesas-de-trabajo-a-empleados-de-la-construccion-para-secuestrarlos\/\" \/>\n<meta property=\"og:site_name\" content=\"Fiscal\u00eda General de la Naci\u00f3n\" \/>\n<meta property=\"article:publisher\" content=\"https:\/\/www.facebook.com\/FiscaliaCol\" \/>\n<meta property=\"article:published_time\" content=\"2024-04-24T20:43:44+00:00\" \/>\n<meta property=\"article:modified_time\" content=\"2024-04-24T21:21:04+00:00\" \/>\n<meta property=\"og:image\" content=\"https:\/\/www.fiscalia.gov.co\/colombia\/wp-content\/uploads\/Jesus-Alejandro-Bonilla-Henriquez-e-Ines-Maria-Ortiz-Chirinos-1-300x238.jpg\" \/>\n<meta name=\"author\" content=\"Johanna Islenny Prieto Pe\u00f1a\" \/>\n<meta name=\"twitter:card\" content=\"summary_large_image\" \/>\n<meta name=\"twitter:creator\" content=\"@FiscaliaCol\" \/>\n<meta name=\"twitter:site\" content=\"@FiscaliaCol\" \/>\n<meta name=\"twitter:label1\" content=\"Escrito por\" \/>\n\t<meta name=\"twitter:data1\" content=\"Johanna Islenny Prieto Pe\u00f1a\" \/>\n\t<meta name=\"twitter:label2\" content=\"Tiempo de lectura\" \/>\n\t<meta name=\"twitter:data2\" content=\"2 minutos\" \/>\n<script type=\"application\/ld+json\" class=\"yoast-schema-graph\">{\"@context\":\"https:\/\/schema.org\",\"@graph\":[{\"@type\":\"Article\",\"@id\":\"https:\/\/www.fiscalia.gov.co\/colombia\/noticias\/a-la-carcel-presuntos-responsables-de-enganar-con-promesas-de-trabajo-a-empleados-de-la-construccion-para-secuestrarlos\/#article\",\"isPartOf\":{\"@id\":\"https:\/\/www.fiscalia.gov.co\/colombia\/noticias\/a-la-carcel-presuntos-responsables-de-enganar-con-promesas-de-trabajo-a-empleados-de-la-construccion-para-secuestrarlos\/\"},\"author\":{\"name\":\"Johanna Islenny Prieto Pe\u00f1a\",\"@id\":\"https:\/\/www.fiscalia.gov.co\/colombia\/#\/schema\/person\/ba9eca435947489fb25117a0cd75bf3e\"},\"headline\":\"A la c\u00e1rcel presuntos responsables de enga\u00f1ar con promesas de trabajo a empleados de la construcci\u00f3n para secuestrarlos\",\"datePublished\":\"2024-04-24T20:43:44+00:00\",\"dateModified\":\"2024-04-24T21:21:04+00:00\",\"mainEntityOfPage\":{\"@id\":\"https:\/\/www.fiscalia.gov.co\/colombia\/noticias\/a-la-carcel-presuntos-responsables-de-enganar-con-promesas-de-trabajo-a-empleados-de-la-construccion-para-secuestrarlos\/\"},\"wordCount\":451,\"publisher\":{\"@id\":\"https:\/\/www.fiscalia.gov.co\/colombia\/#organization\"},\"image\":{\"@id\":\"https:\/\/www.fiscalia.gov.co\/colombia\/noticias\/a-la-carcel-presuntos-responsables-de-enganar-con-promesas-de-trabajo-a-empleados-de-la-construccion-para-secuestrarlos\/#primaryimage\"},\"thumbnailUrl\":\"https:\/\/www.fiscalia.gov.co\/colombia\/wp-content\/uploads\/Jesus-Alejandro-Bonilla-Henriquez-e-Ines-Maria-Ortiz-Chirinos-1-300x238.jpg\",\"keywords\":[\"Falsas propuestas de trabajo\",\"Fiscal\u00eda General de la Naci\u00f3n\",\"Polic\u00eda Nacional\",\"secuestro extorsivo en Antioquia\",\"v\u00edctimas trabajadoras de la construcci\u00f3n\"],\"articleSection\":[\"Noticias\",\"Seguridad territorial\"],\"inLanguage\":\"es-CO\"},{\"@type\":\"WebPage\",\"@id\":\"https:\/\/www.fiscalia.gov.co\/colombia\/noticias\/a-la-carcel-presuntos-responsables-de-enganar-con-promesas-de-trabajo-a-empleados-de-la-construccion-para-secuestrarlos\/\",\"url\":\"https:\/\/www.fiscalia.gov.co\/colombia\/noticias\/a-la-carcel-presuntos-responsables-de-enganar-con-promesas-de-trabajo-a-empleados-de-la-construccion-para-secuestrarlos\/\",\"name\":\"Fiscal\u00eda General de la Naci\u00f3n\",\"isPartOf\":{\"@id\":\"https:\/\/www.fiscalia.gov.co\/colombia\/#website\"},\"primaryImageOfPage\":{\"@id\":\"https:\/\/www.fiscalia.gov.co\/colombia\/noticias\/a-la-carcel-presuntos-responsables-de-enganar-con-promesas-de-trabajo-a-empleados-de-la-construccion-para-secuestrarlos\/#primaryimage\"},\"image\":{\"@id\":\"https:\/\/www.fiscalia.gov.co\/colombia\/noticias\/a-la-carcel-presuntos-responsables-de-enganar-con-promesas-de-trabajo-a-empleados-de-la-construccion-para-secuestrarlos\/#primaryimage\"},\"thumbnailUrl\":\"https:\/\/www.fiscalia.gov.co\/colombia\/wp-content\/uploads\/Jesus-Alejandro-Bonilla-Henriquez-e-Ines-Maria-Ortiz-Chirinos-1-300x238.jpg\",\"datePublished\":\"2024-04-24T20:43:44+00:00\",\"dateModified\":\"2024-04-24T21:21:04+00:00\",\"description\":\"P\u00e1gina oficial de la Fiscal\u00eda General de la Naci\u00f3n \u2013 Colombia. Garantizamos el acceso efectivo a la justicia, la verdad y la reparaci\u00f3n de las v\u00edctimas de los delitos.\",\"breadcrumb\":{\"@id\":\"https:\/\/www.fiscalia.gov.co\/colombia\/noticias\/a-la-carcel-presuntos-responsables-de-enganar-con-promesas-de-trabajo-a-empleados-de-la-construccion-para-secuestrarlos\/#breadcrumb\"},\"inLanguage\":\"es-CO\",\"potentialAction\":[{\"@type\":\"ReadAction\",\"target\":[\"https:\/\/www.fiscalia.gov.co\/colombia\/noticias\/a-la-carcel-presuntos-responsables-de-enganar-con-promesas-de-trabajo-a-empleados-de-la-construccion-para-secuestrarlos\/\"]}]},{\"@type\":\"ImageObject\",\"inLanguage\":\"es-CO\",\"@id\":\"https:\/\/www.fiscalia.gov.co\/colombia\/noticias\/a-la-carcel-presuntos-responsables-de-enganar-con-promesas-de-trabajo-a-empleados-de-la-construccion-para-secuestrarlos\/#primaryimage\",\"url\":\"https:\/\/www.fiscalia.gov.co\/colombia\/wp-content\/uploads\/Jesus-Alejandro-Bonilla-Henriquez-e-Ines-Maria-Ortiz-Chirinos-1.jpg\",\"contentUrl\":\"https:\/\/www.fiscalia.gov.co\/colombia\/wp-content\/uploads\/Jesus-Alejandro-Bonilla-Henriquez-e-Ines-Maria-Ortiz-Chirinos-1.jpg\",\"width\":1056,\"height\":836,\"caption\":\"Presuntos responsables de ofrecer falsas propuestas de trabajo para secuestrar a constructores en el departamento de Antioquia\"},{\"@type\":\"BreadcrumbList\",\"@id\":\"https:\/\/www.fiscalia.gov.co\/colombia\/noticias\/a-la-carcel-presuntos-responsables-de-enganar-con-promesas-de-trabajo-a-empleados-de-la-construccion-para-secuestrarlos\/#breadcrumb\",\"itemListElement\":[{\"@type\":\"ListItem\",\"position\":1,\"name\":\"Home\",\"item\":\"https:\/\/www.fiscalia.gov.co\/colombia\/\"},{\"@type\":\"ListItem\",\"position\":2,\"name\":\"A la c\u00e1rcel presuntos responsables de enga\u00f1ar con promesas de trabajo a empleados de la construcci\u00f3n para secuestrarlos\"}]},{\"@type\":\"WebSite\",\"@id\":\"https:\/\/www.fiscalia.gov.co\/colombia\/#website\",\"url\":\"https:\/\/www.fiscalia.gov.co\/colombia\/\",\"name\":\"Fiscal\u00eda General de la Naci\u00f3n\",\"description\":\"P\u00e1gina oficial de la Fiscal\u00eda General de la Naci\u00f3n \u2013 Colombia. Garantizamos el acceso efectivo a la justicia, la verdad y la reparaci\u00f3n de las v\u00edctimas de los delitos.\",\"publisher\":{\"@id\":\"https:\/\/www.fiscalia.gov.co\/colombia\/#organization\"},\"potentialAction\":[{\"@type\":\"SearchAction\",\"target\":{\"@type\":\"EntryPoint\",\"urlTemplate\":\"https:\/\/www.fiscalia.gov.co\/colombia\/?s={search_term_string}\"},\"query-input\":{\"@type\":\"PropertyValueSpecification\",\"valueRequired\":true,\"valueName\":\"search_term_string\"}}],\"inLanguage\":\"es-CO\"},{\"@type\":\"Organization\",\"@id\":\"https:\/\/www.fiscalia.gov.co\/colombia\/#organization\",\"name\":\"Fiscal\u00eda General de la Naci\u00f3n\",\"url\":\"https:\/\/www.fiscalia.gov.co\/colombia\/\",\"logo\":{\"@type\":\"ImageObject\",\"inLanguage\":\"es-CO\",\"@id\":\"https:\/\/www.fiscalia.gov.co\/colombia\/#\/schema\/logo\/image\/\",\"url\":\"https:\/\/www.fiscalia.gov.co\/colombia\/wp-content\/uploads\/LogoHorizontal_1.jpg\",\"contentUrl\":\"https:\/\/www.fiscalia.gov.co\/colombia\/wp-content\/uploads\/LogoHorizontal_1.jpg\",\"width\":300,\"height\":90,\"caption\":\"Fiscal\u00eda General de la Naci\u00f3n\"},\"image\":{\"@id\":\"https:\/\/www.fiscalia.gov.co\/colombia\/#\/schema\/logo\/image\/\"},\"sameAs\":[\"https:\/\/www.facebook.com\/FiscaliaCol\",\"https:\/\/x.com\/FiscaliaCol\",\"https:\/\/www.instagram.com\/fiscaliacol\",\"https:\/\/www.linkedin.com\/company\/fiscalia-general-de-la-naci-n\/\",\"https:\/\/youtube.com\/@fiscaliageneraldelanacion-4668?si=6nN79nyQICPU5iTh\"]},{\"@type\":\"Person\",\"@id\":\"https:\/\/www.fiscalia.gov.co\/colombia\/#\/schema\/person\/ba9eca435947489fb25117a0cd75bf3e\",\"name\":\"Johanna Islenny Prieto Pe\u00f1a\",\"image\":{\"@type\":\"ImageObject\",\"inLanguage\":\"es-CO\",\"@id\":\"https:\/\/www.fiscalia.gov.co\/colombia\/#\/schema\/person\/image\/\",\"url\":\"https:\/\/secure.gravatar.com\/avatar\/111433fc2acb037ffb768f6a3ca47864?s=96&d=mm&r=g\",\"contentUrl\":\"https:\/\/secure.gravatar.com\/avatar\/111433fc2acb037ffb768f6a3ca47864?s=96&d=mm&r=g\",\"caption\":\"Johanna Islenny Prieto Pe\u00f1a\"},\"url\":\"https:\/\/www.fiscalia.gov.co\/colombia\/author\/jprietop\/\"}]}<\/script>\n<!-- \/ Yoast SEO plugin. -->","yoast_head_json":{"title":"Fiscal\u00eda General de la Naci\u00f3n","description":"P\u00e1gina oficial de la Fiscal\u00eda General de la Naci\u00f3n \u2013 Colombia. Garantizamos el acceso efectivo a la justicia, la verdad y la reparaci\u00f3n de las v\u00edctimas de los delitos.","robots":{"index":"noindex","follow":"follow"},"og_locale":"es_ES","og_type":"article","og_title":"Fiscal\u00eda General de la Naci\u00f3n","og_description":"P\u00e1gina oficial de la Fiscal\u00eda General de la Naci\u00f3n \u2013 Colombia. Garantizamos el acceso efectivo a la justicia, la verdad y la reparaci\u00f3n de las v\u00edctimas de los delitos.","og_url":"https:\/\/www.fiscalia.gov.co\/colombia\/noticias\/a-la-carcel-presuntos-responsables-de-enganar-con-promesas-de-trabajo-a-empleados-de-la-construccion-para-secuestrarlos\/","og_site_name":"Fiscal\u00eda General de la Naci\u00f3n","article_publisher":"https:\/\/www.facebook.com\/FiscaliaCol","article_published_time":"2024-04-24T20:43:44+00:00","article_modified_time":"2024-04-24T21:21:04+00:00","og_image":[{"url":"https:\/\/www.fiscalia.gov.co\/colombia\/wp-content\/uploads\/Jesus-Alejandro-Bonilla-Henriquez-e-Ines-Maria-Ortiz-Chirinos-1-300x238.jpg","type":"","width":"","height":""}],"author":"Johanna Islenny Prieto Pe\u00f1a","twitter_card":"summary_large_image","twitter_creator":"@FiscaliaCol","twitter_site":"@FiscaliaCol","twitter_misc":{"Escrito por":"Johanna Islenny Prieto Pe\u00f1a","Tiempo de lectura":"2 minutos"},"schema":{"@context":"https:\/\/schema.org","@graph":[{"@type":"Article","@id":"https:\/\/www.fiscalia.gov.co\/colombia\/noticias\/a-la-carcel-presuntos-responsables-de-enganar-con-promesas-de-trabajo-a-empleados-de-la-construccion-para-secuestrarlos\/#article","isPartOf":{"@id":"https:\/\/www.fiscalia.gov.co\/colombia\/noticias\/a-la-carcel-presuntos-responsables-de-enganar-con-promesas-de-trabajo-a-empleados-de-la-construccion-para-secuestrarlos\/"},"author":{"name":"Johanna Islenny Prieto Pe\u00f1a","@id":"https:\/\/www.fiscalia.gov.co\/colombia\/#\/schema\/person\/ba9eca435947489fb25117a0cd75bf3e"},"headline":"A la c\u00e1rcel presuntos responsables de enga\u00f1ar con promesas de trabajo a empleados de la construcci\u00f3n para secuestrarlos","datePublished":"2024-04-24T20:43:44+00:00","dateModified":"2024-04-24T21:21:04+00:00","mainEntityOfPage":{"@id":"https:\/\/www.fiscalia.gov.co\/colombia\/noticias\/a-la-carcel-presuntos-responsables-de-enganar-con-promesas-de-trabajo-a-empleados-de-la-construccion-para-secuestrarlos\/"},"wordCount":451,"publisher":{"@id":"https:\/\/www.fiscalia.gov.co\/colombia\/#organization"},"image":{"@id":"https:\/\/www.fiscalia.gov.co\/colombia\/noticias\/a-la-carcel-presuntos-responsables-de-enganar-con-promesas-de-trabajo-a-empleados-de-la-construccion-para-secuestrarlos\/#primaryimage"},"thumbnailUrl":"https:\/\/www.fiscalia.gov.co\/colombia\/wp-content\/uploads\/Jesus-Alejandro-Bonilla-Henriquez-e-Ines-Maria-Ortiz-Chirinos-1-300x238.jpg","keywords":["Falsas propuestas de trabajo","Fiscal\u00eda General de la Naci\u00f3n","Polic\u00eda Nacional","secuestro extorsivo en Antioquia","v\u00edctimas trabajadoras de la construcci\u00f3n"],"articleSection":["Noticias","Seguridad territorial"],"inLanguage":"es-CO"},{"@type":"WebPage","@id":"https:\/\/www.fiscalia.gov.co\/colombia\/noticias\/a-la-carcel-presuntos-responsables-de-enganar-con-promesas-de-trabajo-a-empleados-de-la-construccion-para-secuestrarlos\/","url":"https:\/\/www.fiscalia.gov.co\/colombia\/noticias\/a-la-carcel-presuntos-responsables-de-enganar-con-promesas-de-trabajo-a-empleados-de-la-construccion-para-secuestrarlos\/","name":"Fiscal\u00eda General de la Naci\u00f3n","isPartOf":{"@id":"https:\/\/www.fiscalia.gov.co\/colombia\/#website"},"primaryImageOfPage":{"@id":"https:\/\/www.fiscalia.gov.co\/colombia\/noticias\/a-la-carcel-presuntos-responsables-de-enganar-con-promesas-de-trabajo-a-empleados-de-la-construccion-para-secuestrarlos\/#primaryimage"},"image":{"@id":"https:\/\/www.fiscalia.gov.co\/colombia\/noticias\/a-la-carcel-presuntos-responsables-de-enganar-con-promesas-de-trabajo-a-empleados-de-la-construccion-para-secuestrarlos\/#primaryimage"},"thumbnailUrl":"https:\/\/www.fiscalia.gov.co\/colombia\/wp-content\/uploads\/Jesus-Alejandro-Bonilla-Henriquez-e-Ines-Maria-Ortiz-Chirinos-1-300x238.jpg","datePublished":"2024-04-24T20:43:44+00:00","dateModified":"2024-04-24T21:21:04+00:00","description":"P\u00e1gina oficial de la Fiscal\u00eda General de la Naci\u00f3n \u2013 Colombia. Garantizamos el acceso efectivo a la justicia, la verdad y la reparaci\u00f3n de las v\u00edctimas de los delitos.","breadcrumb":{"@id":"https:\/\/www.fiscalia.gov.co\/colombia\/noticias\/a-la-carcel-presuntos-responsables-de-enganar-con-promesas-de-trabajo-a-empleados-de-la-construccion-para-secuestrarlos\/#breadcrumb"},"inLanguage":"es-CO","potentialAction":[{"@type":"ReadAction","target":["https:\/\/www.fiscalia.gov.co\/colombia\/noticias\/a-la-carcel-presuntos-responsables-de-enganar-con-promesas-de-trabajo-a-empleados-de-la-construccion-para-secuestrarlos\/"]}]},{"@type":"ImageObject","inLanguage":"es-CO","@id":"https:\/\/www.fiscalia.gov.co\/colombia\/noticias\/a-la-carcel-presuntos-responsables-de-enganar-con-promesas-de-trabajo-a-empleados-de-la-construccion-para-secuestrarlos\/#primaryimage","url":"https:\/\/www.fiscalia.gov.co\/colombia\/wp-content\/uploads\/Jesus-Alejandro-Bonilla-Henriquez-e-Ines-Maria-Ortiz-Chirinos-1.jpg","contentUrl":"https:\/\/www.fiscalia.gov.co\/colombia\/wp-content\/uploads\/Jesus-Alejandro-Bonilla-Henriquez-e-Ines-Maria-Ortiz-Chirinos-1.jpg","width":1056,"height":836,"caption":"Presuntos responsables de ofrecer falsas propuestas de trabajo para secuestrar a constructores en el departamento de Antioquia"},{"@type":"BreadcrumbList","@id":"https:\/\/www.fiscalia.gov.co\/colombia\/noticias\/a-la-carcel-presuntos-responsables-de-enganar-con-promesas-de-trabajo-a-empleados-de-la-construccion-para-secuestrarlos\/#breadcrumb","itemListElement":[{"@type":"ListItem","position":1,"name":"Home","item":"https:\/\/www.fiscalia.gov.co\/colombia\/"},{"@type":"ListItem","position":2,"name":"A la c\u00e1rcel presuntos responsables de enga\u00f1ar con promesas de trabajo a empleados de la construcci\u00f3n para secuestrarlos"}]},{"@type":"WebSite","@id":"https:\/\/www.fiscalia.gov.co\/colombia\/#website","url":"https:\/\/www.fiscalia.gov.co\/colombia\/","name":"Fiscal\u00eda General de la Naci\u00f3n","description":"P\u00e1gina oficial de la Fiscal\u00eda General de la Naci\u00f3n \u2013 Colombia. Garantizamos el acceso efectivo a la justicia, la verdad y la reparaci\u00f3n de las v\u00edctimas de los delitos.","publisher":{"@id":"https:\/\/www.fiscalia.gov.co\/colombia\/#organization"},"potentialAction":[{"@type":"SearchAction","target":{"@type":"EntryPoint","urlTemplate":"https:\/\/www.fiscalia.gov.co\/colombia\/?s={search_term_string}"},"query-input":{"@type":"PropertyValueSpecification","valueRequired":true,"valueName":"search_term_string"}}],"inLanguage":"es-CO"},{"@type":"Organization","@id":"https:\/\/www.fiscalia.gov.co\/colombia\/#organization","name":"Fiscal\u00eda General de la Naci\u00f3n","url":"https:\/\/www.fiscalia.gov.co\/colombia\/","logo":{"@type":"ImageObject","inLanguage":"es-CO","@id":"https:\/\/www.fiscalia.gov.co\/colombia\/#\/schema\/logo\/image\/","url":"https:\/\/www.fiscalia.gov.co\/colombia\/wp-content\/uploads\/LogoHorizontal_1.jpg","contentUrl":"https:\/\/www.fiscalia.gov.co\/colombia\/wp-content\/uploads\/LogoHorizontal_1.jpg","width":300,"height":90,"caption":"Fiscal\u00eda General de la Naci\u00f3n"},"image":{"@id":"https:\/\/www.fiscalia.gov.co\/colombia\/#\/schema\/logo\/image\/"},"sameAs":["https:\/\/www.facebook.com\/FiscaliaCol","https:\/\/x.com\/FiscaliaCol","https:\/\/www.instagram.com\/fiscaliacol","https:\/\/www.linkedin.com\/company\/fiscalia-general-de-la-naci-n\/","https:\/\/youtube.com\/@fiscaliageneraldelanacion-4668?si=6nN79nyQICPU5iTh"]},{"@type":"Person","@id":"https:\/\/www.fiscalia.gov.co\/colombia\/#\/schema\/person\/ba9eca435947489fb25117a0cd75bf3e","name":"Johanna Islenny Prieto Pe\u00f1a","image":{"@type":"ImageObject","inLanguage":"es-CO","@id":"https:\/\/www.fiscalia.gov.co\/colombia\/#\/schema\/person\/image\/","url":"https:\/\/secure.gravatar.com\/avatar\/111433fc2acb037ffb768f6a3ca47864?s=96&d=mm&r=g","contentUrl":"https:\/\/secure.gravatar.com\/avatar\/111433fc2acb037ffb768f6a3ca47864?s=96&d=mm&r=g","caption":"Johanna Islenny Prieto Pe\u00f1a"},"url":"https:\/\/www.fiscalia.gov.co\/colombia\/author\/jprietop\/"}]}},"_links":{"self":[{"href":"https:\/\/www.fiscalia.gov.co\/colombia\/wp-json\/wp\/v2\/posts\/293783","targetHints":{"allow":["GET"]}}],"collection":[{"href":"https:\/\/www.fiscalia.gov.co\/colombia\/wp-json\/wp\/v2\/posts"}],"about":[{"href":"https:\/\/www.fiscalia.gov.co\/colombia\/wp-json\/wp\/v2\/types\/post"}],"author":[{"embeddable":true,"href":"https:\/\/www.fiscalia.gov.co\/colombia\/wp-json\/wp\/v2\/users\/181"}],"replies":[{"embeddable":true,"href":"https:\/\/www.fiscalia.gov.co\/colombia\/wp-json\/wp\/v2\/comments?post=293783"}],"version-history":[{"count":2,"href":"https:\/\/www.fiscalia.gov.co\/colombia\/wp-json\/wp\/v2\/posts\/293783\/revisions"}],"predecessor-version":[{"id":293801,"href":"https:\/\/www.fiscalia.gov.co\/colombia\/wp-json\/wp\/v2\/posts\/293783\/revisions\/293801"}],"wp:attachment":[{"href":"https:\/\/www.fiscalia.gov.co\/colombia\/wp-json\/wp\/v2\/media?parent=293783"}],"wp:term":[{"taxonomy":"category","embeddable":true,"href":"https:\/\/www.fiscalia.gov.co\/colombia\/wp-json\/wp\/v2\/categories?post=293783"},{"taxonomy":"post_tag","embeddable":true,"href":"https:\/\/www.fiscalia.gov.co\/colombia\/wp-json\/wp\/v2\/tags?post=293783"}],"curies":[{"name":"wp","href":"https:\/\/api.w.org\/{rel}","templated":true}]}}