{"id":293645,"date":"2024-04-23T11:48:38","date_gmt":"2024-04-23T16:48:38","guid":{"rendered":"https:\/\/www.fiscalia.gov.co\/colombia\/?p=293645"},"modified":"2024-04-23T11:48:38","modified_gmt":"2024-04-23T16:48:38","slug":"en-sucre-fueron-judicializados-dos-presuntos-agresores-sexuales-uno-habria-abusado-de-tres-menores","status":"publish","type":"post","link":"https:\/\/www.fiscalia.gov.co\/colombia\/noticias\/en-sucre-fueron-judicializados-dos-presuntos-agresores-sexuales-uno-habria-abusado-de-tres-menores\/","title":{"rendered":"En Sucre fueron judicializados dos presuntos agresores sexuales, uno habr\u00eda abusado de tres menores"},"content":{"rendered":"<blockquote>\n<h4><strong><i>La Fiscal\u00eda indaga si en uno de los casos de violencia contra una mujer adulta, tambi\u00e9n habr\u00edan sido agredidos los hijos de \u00e9sta.<\/i><\/strong><\/h4>\n<\/blockquote>\n<p>La Fiscal\u00eda General de la Naci\u00f3n judicializ\u00f3 a dos hombres por su presunta responsabilidad en <a href=\"https:\/\/www.fiscalia.gov.co\/colombia\/noticias\/carcel-para-dos-hombres-que-habrian-realizado-actos-sexuales-a-menores-de-edad-en-sucre\/\" target=\"_blank\" rel=\"noopener\">agresiones sexuales<\/a> registradas en Sucre.<\/p>\n<p>Por el primer hecho fue judicializado un hombre de 39 a\u00f1os. De acuerdo con la investigaci\u00f3n, liderada por una fiscal del Centro de Atenci\u00f3n a V\u00edctimas de Abuso Sexual, <strong>el imputado habr\u00eda aprovechado la ausencia de su compa\u00f1era sentimental para ingresar a la habitaci\u00f3n de sus tres nietas, menores de edad, para realizarles tocamientos en sus partes \u00edntimas.<\/strong><\/p>\n<p>Los hechos ocurrieron la noche del 10 de diciembre de 2023 en una vivienda del barrio Ciudad Jard\u00edn de Sincelejo, y fueron denunciados por la madre de las v\u00edctimas. <strong>El procesado fue capturado por funcionarios del Cuerpo T\u00e9cnico de Investigaci\u00f3n (CTI)<\/strong> y de la Polic\u00eda Nacional el pasado 18 de abril en \u00e1rea urbana de Sincelejo.<a href=\"https:\/\/www.fiscalia.gov.co\/colombia\/noticias\/recluido-en-prision-un-hombre-procesado-por-acceso-carnal-abusivo-contra-una-menor-de-14-anos\/\" target=\"_blank\" rel=\"noopener\"> La Fiscal\u00eda imput\u00f3 al investigado los delitos de actos sexuales con menor de 14 a\u00f1os y acto sexual violento.\u00a0<\/a><\/p>\n<figure id=\"attachment_293650\" aria-describedby=\"caption-attachment-293650\" style=\"width: 300px\" class=\"wp-caption aligncenter\"><img loading=\"lazy\" decoding=\"async\" class=\"size-medium wp-image-293650\" src=\"https:\/\/www.fiscalia.gov.co\/colombia\/wp-content\/uploads\/LJMB-presunto-abusador-sexual-300x175.jpeg\" alt=\"En la imagen aparece una persona de su\u00e9ter gris entre dos funcionarios de la Polic\u00eda y del CTI. \" width=\"300\" height=\"175\" srcset=\"https:\/\/www.fiscalia.gov.co\/colombia\/wp-content\/uploads\/LJMB-presunto-abusador-sexual-300x175.jpeg 300w, https:\/\/www.fiscalia.gov.co\/colombia\/wp-content\/uploads\/LJMB-presunto-abusador-sexual-1024x597.jpeg 1024w, https:\/\/www.fiscalia.gov.co\/colombia\/wp-content\/uploads\/LJMB-presunto-abusador-sexual-768x448.jpeg 768w, https:\/\/www.fiscalia.gov.co\/colombia\/wp-content\/uploads\/LJMB-presunto-abusador-sexual-1536x896.jpeg 1536w, https:\/\/www.fiscalia.gov.co\/colombia\/wp-content\/uploads\/LJMB-presunto-abusador-sexual-696x406.jpeg 696w, https:\/\/www.fiscalia.gov.co\/colombia\/wp-content\/uploads\/LJMB-presunto-abusador-sexual-1068x623.jpeg 1068w, https:\/\/www.fiscalia.gov.co\/colombia\/wp-content\/uploads\/LJMB-presunto-abusador-sexual-720x420.jpeg 720w, https:\/\/www.fiscalia.gov.co\/colombia\/wp-content\/uploads\/LJMB-presunto-abusador-sexual.jpeg 1600w\" sizes=\"auto, (max-width: 300px) 100vw, 300px\" \/><figcaption id=\"caption-attachment-293650\" class=\"wp-caption-text\">El imputado fue detenido en Sincelejo (Sucre).<\/figcaption><\/figure>\n<p>Por el segundo hecho, <strong>un hombre fue judicializado como posible responsable de los delitos de acceso carnal violento agravado<\/strong>, en concurso con violencia intrafamiliar. La investigaci\u00f3n estableci\u00f3 que el imputado habr\u00eda agredido f\u00edsica, verbal y sicol\u00f3gicamente a su pareja durante 17 a\u00f1os.<\/p>\n<p><strong>La m\u00e1s reciente agresi\u00f3n se registr\u00f3 el pasado 23 de febrero cuando el presunto agresor amenaz\u00f3 a la mujer de muerte e hizo que se fuera de la vivienda que compart\u00edan<\/strong> en Guaranda (Sucre). Los episodios narrados por la v\u00edctima inclu\u00edan golpes y ataques con armas cortopunzantes; adem\u00e1s de agresiones sexuales cometidas tras los maltratos.<\/p>\n<p>La Fiscal\u00eda investiga si los hijos de la pareja de 18, 15, 11 y 7 a\u00f1os, tambi\u00e9n ser\u00edan v\u00edctimas de las agresiones f\u00edsicas.<\/p>\n<p>&nbsp;<\/p>\n<p>VHGB\/DSS\/AMCJ\/MAGA\/RSR\/MLZ<\/p>\n<p>&nbsp;<\/p>\n<p>&nbsp;<\/p>\n<p align=\"right\">\n<p style=\"text-align: left;\" align=\"right\"><i>La informaci\u00f3n contenida en este bolet\u00edn de prensa corresponde a la narraci\u00f3n de los hechos noticiosos objetivos, suministrados por los funcionarios encargados de adelantar las investigaciones penales al interior de la Fiscal\u00eda General de la Naci\u00f3n. Para el momento de la divulgaci\u00f3n de este comunicado, la situaci\u00f3n jur\u00eddica de la(s) persona(s) relacionada(s) se encuentra pendiente de resolver por la autoridad judicial competente, siempre bajo los preceptos de la presunci\u00f3n de inocencia, consagrados en el art\u00edculo 29 de la Constituci\u00f3n Pol\u00edtica y el art\u00edculo 7\u00ba de la Ley 906 de 2004.<\/i><\/p>\n<p>&nbsp;<\/p>\n<p>&nbsp;<\/p>\n<p>&nbsp;<\/p>\n<div><\/div>\n\n<div class=\"twitter-share\"><a href=\"https:\/\/twitter.com\/intent\/tweet?via=fiscaliacol\" class=\"twitter-share-button\">Tweet<\/a><\/div>\n","protected":false},"excerpt":{"rendered":"<p>La Fiscal\u00eda indaga si en uno de los casos de violencia contra una mujer adulta, tambi\u00e9n habr\u00edan sido agredidos los hijos de \u00e9sta. La Fiscal\u00eda General de la Naci\u00f3n judicializ\u00f3 [&hellip;]<\/p>\n","protected":false},"author":181,"featured_media":0,"comment_status":"closed","ping_status":"open","sticky":false,"template":"","format":"standard","meta":{"tdm_status":"","tdm_grid_status":"","footnotes":""},"categories":[1,24099,24127],"tags":[801,24187,1047,37724,1185,26203,558,23842,2437,682],"class_list":["post-293645","post","type-post","status-publish","format-standard","category-noticias","category-seguridad-territorial","category-violencia-sexual-e-intrafamiliar","tag-abuso-sexual","tag-fiscalia-colombia","tag-fiscalia-general-de-la-nacion","tag-guaranda","tag-medida-de-aseguramiento","tag-nietas","tag-policia-nacional","tag-sincelejo","tag-sucre","tag-violencia-intrafamiliar"],"yoast_head":"<!-- This site is optimized with the Yoast SEO plugin v24.3 - https:\/\/yoast.com\/wordpress\/plugins\/seo\/ -->\n<title>Fiscal\u00eda General de la Naci\u00f3n<\/title>\n<meta name=\"description\" content=\"P\u00e1gina oficial de la Fiscal\u00eda General de la Naci\u00f3n \u2013 Colombia. Garantizamos el acceso efectivo a la justicia, la verdad y la reparaci\u00f3n de las v\u00edctimas de los delitos.\" \/>\n<meta name=\"robots\" content=\"noindex, follow\" \/>\n<meta property=\"og:locale\" content=\"es_ES\" \/>\n<meta property=\"og:type\" content=\"article\" \/>\n<meta property=\"og:title\" content=\"Fiscal\u00eda General de la Naci\u00f3n\" \/>\n<meta property=\"og:description\" content=\"P\u00e1gina oficial de la Fiscal\u00eda General de la Naci\u00f3n \u2013 Colombia. Garantizamos el acceso efectivo a la justicia, la verdad y la reparaci\u00f3n de las v\u00edctimas de los delitos.\" \/>\n<meta property=\"og:url\" content=\"https:\/\/www.fiscalia.gov.co\/colombia\/noticias\/en-sucre-fueron-judicializados-dos-presuntos-agresores-sexuales-uno-habria-abusado-de-tres-menores\/\" \/>\n<meta property=\"og:site_name\" content=\"Fiscal\u00eda General de la Naci\u00f3n\" \/>\n<meta property=\"article:publisher\" content=\"https:\/\/www.facebook.com\/FiscaliaCol\" \/>\n<meta property=\"article:published_time\" content=\"2024-04-23T16:48:38+00:00\" \/>\n<meta property=\"og:image\" content=\"https:\/\/www.fiscalia.gov.co\/colombia\/wp-content\/uploads\/LJMB-presunto-abusador-sexual-300x175.jpeg\" \/>\n<meta name=\"author\" content=\"Johanna Islenny Prieto Pe\u00f1a\" \/>\n<meta name=\"twitter:card\" content=\"summary_large_image\" \/>\n<meta name=\"twitter:creator\" content=\"@FiscaliaCol\" \/>\n<meta name=\"twitter:site\" content=\"@FiscaliaCol\" \/>\n<meta name=\"twitter:label1\" content=\"Escrito por\" \/>\n\t<meta name=\"twitter:data1\" content=\"Johanna Islenny Prieto Pe\u00f1a\" \/>\n\t<meta name=\"twitter:label2\" content=\"Tiempo de lectura\" \/>\n\t<meta name=\"twitter:data2\" content=\"3 minutos\" \/>\n<script type=\"application\/ld+json\" class=\"yoast-schema-graph\">{\"@context\":\"https:\/\/schema.org\",\"@graph\":[{\"@type\":\"Article\",\"@id\":\"https:\/\/www.fiscalia.gov.co\/colombia\/noticias\/en-sucre-fueron-judicializados-dos-presuntos-agresores-sexuales-uno-habria-abusado-de-tres-menores\/#article\",\"isPartOf\":{\"@id\":\"https:\/\/www.fiscalia.gov.co\/colombia\/noticias\/en-sucre-fueron-judicializados-dos-presuntos-agresores-sexuales-uno-habria-abusado-de-tres-menores\/\"},\"author\":{\"name\":\"Johanna Islenny Prieto Pe\u00f1a\",\"@id\":\"https:\/\/www.fiscalia.gov.co\/colombia\/#\/schema\/person\/ba9eca435947489fb25117a0cd75bf3e\"},\"headline\":\"En Sucre fueron judicializados dos presuntos agresores sexuales, uno habr\u00eda abusado de tres menores\",\"datePublished\":\"2024-04-23T16:48:38+00:00\",\"dateModified\":\"2024-04-23T16:48:38+00:00\",\"mainEntityOfPage\":{\"@id\":\"https:\/\/www.fiscalia.gov.co\/colombia\/noticias\/en-sucre-fueron-judicializados-dos-presuntos-agresores-sexuales-uno-habria-abusado-de-tres-menores\/\"},\"wordCount\":464,\"publisher\":{\"@id\":\"https:\/\/www.fiscalia.gov.co\/colombia\/#organization\"},\"image\":{\"@id\":\"https:\/\/www.fiscalia.gov.co\/colombia\/noticias\/en-sucre-fueron-judicializados-dos-presuntos-agresores-sexuales-uno-habria-abusado-de-tres-menores\/#primaryimage\"},\"thumbnailUrl\":\"https:\/\/www.fiscalia.gov.co\/colombia\/wp-content\/uploads\/LJMB-presunto-abusador-sexual-300x175.jpeg\",\"keywords\":[\"Abuso sexual\",\"Fiscal\u00eda Colombia\",\"Fiscal\u00eda General de la Naci\u00f3n\",\"Guaranda\",\"Medida de aseguramiento\",\"nietas\",\"Polic\u00eda Nacional\",\"Sincelejo\",\"Sucre\",\"Violencia intrafamiliar\"],\"articleSection\":[\"Noticias\",\"Seguridad territorial\",\"Violencia sexual e intrafamiliar\"],\"inLanguage\":\"es-CO\"},{\"@type\":\"WebPage\",\"@id\":\"https:\/\/www.fiscalia.gov.co\/colombia\/noticias\/en-sucre-fueron-judicializados-dos-presuntos-agresores-sexuales-uno-habria-abusado-de-tres-menores\/\",\"url\":\"https:\/\/www.fiscalia.gov.co\/colombia\/noticias\/en-sucre-fueron-judicializados-dos-presuntos-agresores-sexuales-uno-habria-abusado-de-tres-menores\/\",\"name\":\"Fiscal\u00eda General de la Naci\u00f3n\",\"isPartOf\":{\"@id\":\"https:\/\/www.fiscalia.gov.co\/colombia\/#website\"},\"primaryImageOfPage\":{\"@id\":\"https:\/\/www.fiscalia.gov.co\/colombia\/noticias\/en-sucre-fueron-judicializados-dos-presuntos-agresores-sexuales-uno-habria-abusado-de-tres-menores\/#primaryimage\"},\"image\":{\"@id\":\"https:\/\/www.fiscalia.gov.co\/colombia\/noticias\/en-sucre-fueron-judicializados-dos-presuntos-agresores-sexuales-uno-habria-abusado-de-tres-menores\/#primaryimage\"},\"thumbnailUrl\":\"https:\/\/www.fiscalia.gov.co\/colombia\/wp-content\/uploads\/LJMB-presunto-abusador-sexual-300x175.jpeg\",\"datePublished\":\"2024-04-23T16:48:38+00:00\",\"dateModified\":\"2024-04-23T16:48:38+00:00\",\"description\":\"P\u00e1gina oficial de la Fiscal\u00eda General de la Naci\u00f3n \u2013 Colombia. Garantizamos el acceso efectivo a la justicia, la verdad y la reparaci\u00f3n de las v\u00edctimas de los delitos.\",\"breadcrumb\":{\"@id\":\"https:\/\/www.fiscalia.gov.co\/colombia\/noticias\/en-sucre-fueron-judicializados-dos-presuntos-agresores-sexuales-uno-habria-abusado-de-tres-menores\/#breadcrumb\"},\"inLanguage\":\"es-CO\",\"potentialAction\":[{\"@type\":\"ReadAction\",\"target\":[\"https:\/\/www.fiscalia.gov.co\/colombia\/noticias\/en-sucre-fueron-judicializados-dos-presuntos-agresores-sexuales-uno-habria-abusado-de-tres-menores\/\"]}]},{\"@type\":\"ImageObject\",\"inLanguage\":\"es-CO\",\"@id\":\"https:\/\/www.fiscalia.gov.co\/colombia\/noticias\/en-sucre-fueron-judicializados-dos-presuntos-agresores-sexuales-uno-habria-abusado-de-tres-menores\/#primaryimage\",\"url\":\"https:\/\/www.fiscalia.gov.co\/colombia\/wp-content\/uploads\/LJMB-presunto-abusador-sexual-300x175.jpeg\",\"contentUrl\":\"https:\/\/www.fiscalia.gov.co\/colombia\/wp-content\/uploads\/LJMB-presunto-abusador-sexual-300x175.jpeg\"},{\"@type\":\"BreadcrumbList\",\"@id\":\"https:\/\/www.fiscalia.gov.co\/colombia\/noticias\/en-sucre-fueron-judicializados-dos-presuntos-agresores-sexuales-uno-habria-abusado-de-tres-menores\/#breadcrumb\",\"itemListElement\":[{\"@type\":\"ListItem\",\"position\":1,\"name\":\"Home\",\"item\":\"https:\/\/www.fiscalia.gov.co\/colombia\/\"},{\"@type\":\"ListItem\",\"position\":2,\"name\":\"En Sucre fueron judicializados dos presuntos agresores sexuales, uno habr\u00eda abusado de tres menores\"}]},{\"@type\":\"WebSite\",\"@id\":\"https:\/\/www.fiscalia.gov.co\/colombia\/#website\",\"url\":\"https:\/\/www.fiscalia.gov.co\/colombia\/\",\"name\":\"Fiscal\u00eda General de la Naci\u00f3n\",\"description\":\"P\u00e1gina oficial de la Fiscal\u00eda General de la Naci\u00f3n \u2013 Colombia. Garantizamos el acceso efectivo a la justicia, la verdad y la reparaci\u00f3n de las v\u00edctimas de los delitos.\",\"publisher\":{\"@id\":\"https:\/\/www.fiscalia.gov.co\/colombia\/#organization\"},\"potentialAction\":[{\"@type\":\"SearchAction\",\"target\":{\"@type\":\"EntryPoint\",\"urlTemplate\":\"https:\/\/www.fiscalia.gov.co\/colombia\/?s={search_term_string}\"},\"query-input\":{\"@type\":\"PropertyValueSpecification\",\"valueRequired\":true,\"valueName\":\"search_term_string\"}}],\"inLanguage\":\"es-CO\"},{\"@type\":\"Organization\",\"@id\":\"https:\/\/www.fiscalia.gov.co\/colombia\/#organization\",\"name\":\"Fiscal\u00eda General de la Naci\u00f3n\",\"url\":\"https:\/\/www.fiscalia.gov.co\/colombia\/\",\"logo\":{\"@type\":\"ImageObject\",\"inLanguage\":\"es-CO\",\"@id\":\"https:\/\/www.fiscalia.gov.co\/colombia\/#\/schema\/logo\/image\/\",\"url\":\"https:\/\/www.fiscalia.gov.co\/colombia\/wp-content\/uploads\/LogoHorizontal_1.jpg\",\"contentUrl\":\"https:\/\/www.fiscalia.gov.co\/colombia\/wp-content\/uploads\/LogoHorizontal_1.jpg\",\"width\":300,\"height\":90,\"caption\":\"Fiscal\u00eda General de la Naci\u00f3n\"},\"image\":{\"@id\":\"https:\/\/www.fiscalia.gov.co\/colombia\/#\/schema\/logo\/image\/\"},\"sameAs\":[\"https:\/\/www.facebook.com\/FiscaliaCol\",\"https:\/\/x.com\/FiscaliaCol\",\"https:\/\/www.instagram.com\/fiscaliacol\",\"https:\/\/www.linkedin.com\/company\/fiscalia-general-de-la-naci-n\/\",\"https:\/\/youtube.com\/@fiscaliageneraldelanacion-4668?si=6nN79nyQICPU5iTh\"]},{\"@type\":\"Person\",\"@id\":\"https:\/\/www.fiscalia.gov.co\/colombia\/#\/schema\/person\/ba9eca435947489fb25117a0cd75bf3e\",\"name\":\"Johanna Islenny Prieto Pe\u00f1a\",\"image\":{\"@type\":\"ImageObject\",\"inLanguage\":\"es-CO\",\"@id\":\"https:\/\/www.fiscalia.gov.co\/colombia\/#\/schema\/person\/image\/\",\"url\":\"https:\/\/secure.gravatar.com\/avatar\/111433fc2acb037ffb768f6a3ca47864?s=96&d=mm&r=g\",\"contentUrl\":\"https:\/\/secure.gravatar.com\/avatar\/111433fc2acb037ffb768f6a3ca47864?s=96&d=mm&r=g\",\"caption\":\"Johanna Islenny Prieto Pe\u00f1a\"},\"url\":\"https:\/\/www.fiscalia.gov.co\/colombia\/author\/jprietop\/\"}]}<\/script>\n<!-- \/ Yoast SEO plugin. -->","yoast_head_json":{"title":"Fiscal\u00eda General de la Naci\u00f3n","description":"P\u00e1gina oficial de la Fiscal\u00eda General de la Naci\u00f3n \u2013 Colombia. Garantizamos el acceso efectivo a la justicia, la verdad y la reparaci\u00f3n de las v\u00edctimas de los delitos.","robots":{"index":"noindex","follow":"follow"},"og_locale":"es_ES","og_type":"article","og_title":"Fiscal\u00eda General de la Naci\u00f3n","og_description":"P\u00e1gina oficial de la Fiscal\u00eda General de la Naci\u00f3n \u2013 Colombia. Garantizamos el acceso efectivo a la justicia, la verdad y la reparaci\u00f3n de las v\u00edctimas de los delitos.","og_url":"https:\/\/www.fiscalia.gov.co\/colombia\/noticias\/en-sucre-fueron-judicializados-dos-presuntos-agresores-sexuales-uno-habria-abusado-de-tres-menores\/","og_site_name":"Fiscal\u00eda General de la Naci\u00f3n","article_publisher":"https:\/\/www.facebook.com\/FiscaliaCol","article_published_time":"2024-04-23T16:48:38+00:00","og_image":[{"url":"https:\/\/www.fiscalia.gov.co\/colombia\/wp-content\/uploads\/LJMB-presunto-abusador-sexual-300x175.jpeg","type":"","width":"","height":""}],"author":"Johanna Islenny Prieto Pe\u00f1a","twitter_card":"summary_large_image","twitter_creator":"@FiscaliaCol","twitter_site":"@FiscaliaCol","twitter_misc":{"Escrito por":"Johanna Islenny Prieto Pe\u00f1a","Tiempo de lectura":"3 minutos"},"schema":{"@context":"https:\/\/schema.org","@graph":[{"@type":"Article","@id":"https:\/\/www.fiscalia.gov.co\/colombia\/noticias\/en-sucre-fueron-judicializados-dos-presuntos-agresores-sexuales-uno-habria-abusado-de-tres-menores\/#article","isPartOf":{"@id":"https:\/\/www.fiscalia.gov.co\/colombia\/noticias\/en-sucre-fueron-judicializados-dos-presuntos-agresores-sexuales-uno-habria-abusado-de-tres-menores\/"},"author":{"name":"Johanna Islenny Prieto Pe\u00f1a","@id":"https:\/\/www.fiscalia.gov.co\/colombia\/#\/schema\/person\/ba9eca435947489fb25117a0cd75bf3e"},"headline":"En Sucre fueron judicializados dos presuntos agresores sexuales, uno habr\u00eda abusado de tres menores","datePublished":"2024-04-23T16:48:38+00:00","dateModified":"2024-04-23T16:48:38+00:00","mainEntityOfPage":{"@id":"https:\/\/www.fiscalia.gov.co\/colombia\/noticias\/en-sucre-fueron-judicializados-dos-presuntos-agresores-sexuales-uno-habria-abusado-de-tres-menores\/"},"wordCount":464,"publisher":{"@id":"https:\/\/www.fiscalia.gov.co\/colombia\/#organization"},"image":{"@id":"https:\/\/www.fiscalia.gov.co\/colombia\/noticias\/en-sucre-fueron-judicializados-dos-presuntos-agresores-sexuales-uno-habria-abusado-de-tres-menores\/#primaryimage"},"thumbnailUrl":"https:\/\/www.fiscalia.gov.co\/colombia\/wp-content\/uploads\/LJMB-presunto-abusador-sexual-300x175.jpeg","keywords":["Abuso sexual","Fiscal\u00eda Colombia","Fiscal\u00eda General de la Naci\u00f3n","Guaranda","Medida de aseguramiento","nietas","Polic\u00eda Nacional","Sincelejo","Sucre","Violencia intrafamiliar"],"articleSection":["Noticias","Seguridad territorial","Violencia sexual e intrafamiliar"],"inLanguage":"es-CO"},{"@type":"WebPage","@id":"https:\/\/www.fiscalia.gov.co\/colombia\/noticias\/en-sucre-fueron-judicializados-dos-presuntos-agresores-sexuales-uno-habria-abusado-de-tres-menores\/","url":"https:\/\/www.fiscalia.gov.co\/colombia\/noticias\/en-sucre-fueron-judicializados-dos-presuntos-agresores-sexuales-uno-habria-abusado-de-tres-menores\/","name":"Fiscal\u00eda General de la Naci\u00f3n","isPartOf":{"@id":"https:\/\/www.fiscalia.gov.co\/colombia\/#website"},"primaryImageOfPage":{"@id":"https:\/\/www.fiscalia.gov.co\/colombia\/noticias\/en-sucre-fueron-judicializados-dos-presuntos-agresores-sexuales-uno-habria-abusado-de-tres-menores\/#primaryimage"},"image":{"@id":"https:\/\/www.fiscalia.gov.co\/colombia\/noticias\/en-sucre-fueron-judicializados-dos-presuntos-agresores-sexuales-uno-habria-abusado-de-tres-menores\/#primaryimage"},"thumbnailUrl":"https:\/\/www.fiscalia.gov.co\/colombia\/wp-content\/uploads\/LJMB-presunto-abusador-sexual-300x175.jpeg","datePublished":"2024-04-23T16:48:38+00:00","dateModified":"2024-04-23T16:48:38+00:00","description":"P\u00e1gina oficial de la Fiscal\u00eda General de la Naci\u00f3n \u2013 Colombia. Garantizamos el acceso efectivo a la justicia, la verdad y la reparaci\u00f3n de las v\u00edctimas de los delitos.","breadcrumb":{"@id":"https:\/\/www.fiscalia.gov.co\/colombia\/noticias\/en-sucre-fueron-judicializados-dos-presuntos-agresores-sexuales-uno-habria-abusado-de-tres-menores\/#breadcrumb"},"inLanguage":"es-CO","potentialAction":[{"@type":"ReadAction","target":["https:\/\/www.fiscalia.gov.co\/colombia\/noticias\/en-sucre-fueron-judicializados-dos-presuntos-agresores-sexuales-uno-habria-abusado-de-tres-menores\/"]}]},{"@type":"ImageObject","inLanguage":"es-CO","@id":"https:\/\/www.fiscalia.gov.co\/colombia\/noticias\/en-sucre-fueron-judicializados-dos-presuntos-agresores-sexuales-uno-habria-abusado-de-tres-menores\/#primaryimage","url":"https:\/\/www.fiscalia.gov.co\/colombia\/wp-content\/uploads\/LJMB-presunto-abusador-sexual-300x175.jpeg","contentUrl":"https:\/\/www.fiscalia.gov.co\/colombia\/wp-content\/uploads\/LJMB-presunto-abusador-sexual-300x175.jpeg"},{"@type":"BreadcrumbList","@id":"https:\/\/www.fiscalia.gov.co\/colombia\/noticias\/en-sucre-fueron-judicializados-dos-presuntos-agresores-sexuales-uno-habria-abusado-de-tres-menores\/#breadcrumb","itemListElement":[{"@type":"ListItem","position":1,"name":"Home","item":"https:\/\/www.fiscalia.gov.co\/colombia\/"},{"@type":"ListItem","position":2,"name":"En Sucre fueron judicializados dos presuntos agresores sexuales, uno habr\u00eda abusado de tres menores"}]},{"@type":"WebSite","@id":"https:\/\/www.fiscalia.gov.co\/colombia\/#website","url":"https:\/\/www.fiscalia.gov.co\/colombia\/","name":"Fiscal\u00eda General de la Naci\u00f3n","description":"P\u00e1gina oficial de la Fiscal\u00eda General de la Naci\u00f3n \u2013 Colombia. Garantizamos el acceso efectivo a la justicia, la verdad y la reparaci\u00f3n de las v\u00edctimas de los delitos.","publisher":{"@id":"https:\/\/www.fiscalia.gov.co\/colombia\/#organization"},"potentialAction":[{"@type":"SearchAction","target":{"@type":"EntryPoint","urlTemplate":"https:\/\/www.fiscalia.gov.co\/colombia\/?s={search_term_string}"},"query-input":{"@type":"PropertyValueSpecification","valueRequired":true,"valueName":"search_term_string"}}],"inLanguage":"es-CO"},{"@type":"Organization","@id":"https:\/\/www.fiscalia.gov.co\/colombia\/#organization","name":"Fiscal\u00eda General de la Naci\u00f3n","url":"https:\/\/www.fiscalia.gov.co\/colombia\/","logo":{"@type":"ImageObject","inLanguage":"es-CO","@id":"https:\/\/www.fiscalia.gov.co\/colombia\/#\/schema\/logo\/image\/","url":"https:\/\/www.fiscalia.gov.co\/colombia\/wp-content\/uploads\/LogoHorizontal_1.jpg","contentUrl":"https:\/\/www.fiscalia.gov.co\/colombia\/wp-content\/uploads\/LogoHorizontal_1.jpg","width":300,"height":90,"caption":"Fiscal\u00eda General de la Naci\u00f3n"},"image":{"@id":"https:\/\/www.fiscalia.gov.co\/colombia\/#\/schema\/logo\/image\/"},"sameAs":["https:\/\/www.facebook.com\/FiscaliaCol","https:\/\/x.com\/FiscaliaCol","https:\/\/www.instagram.com\/fiscaliacol","https:\/\/www.linkedin.com\/company\/fiscalia-general-de-la-naci-n\/","https:\/\/youtube.com\/@fiscaliageneraldelanacion-4668?si=6nN79nyQICPU5iTh"]},{"@type":"Person","@id":"https:\/\/www.fiscalia.gov.co\/colombia\/#\/schema\/person\/ba9eca435947489fb25117a0cd75bf3e","name":"Johanna Islenny Prieto Pe\u00f1a","image":{"@type":"ImageObject","inLanguage":"es-CO","@id":"https:\/\/www.fiscalia.gov.co\/colombia\/#\/schema\/person\/image\/","url":"https:\/\/secure.gravatar.com\/avatar\/111433fc2acb037ffb768f6a3ca47864?s=96&d=mm&r=g","contentUrl":"https:\/\/secure.gravatar.com\/avatar\/111433fc2acb037ffb768f6a3ca47864?s=96&d=mm&r=g","caption":"Johanna Islenny Prieto Pe\u00f1a"},"url":"https:\/\/www.fiscalia.gov.co\/colombia\/author\/jprietop\/"}]}},"_links":{"self":[{"href":"https:\/\/www.fiscalia.gov.co\/colombia\/wp-json\/wp\/v2\/posts\/293645","targetHints":{"allow":["GET"]}}],"collection":[{"href":"https:\/\/www.fiscalia.gov.co\/colombia\/wp-json\/wp\/v2\/posts"}],"about":[{"href":"https:\/\/www.fiscalia.gov.co\/colombia\/wp-json\/wp\/v2\/types\/post"}],"author":[{"embeddable":true,"href":"https:\/\/www.fiscalia.gov.co\/colombia\/wp-json\/wp\/v2\/users\/181"}],"replies":[{"embeddable":true,"href":"https:\/\/www.fiscalia.gov.co\/colombia\/wp-json\/wp\/v2\/comments?post=293645"}],"version-history":[{"count":1,"href":"https:\/\/www.fiscalia.gov.co\/colombia\/wp-json\/wp\/v2\/posts\/293645\/revisions"}],"predecessor-version":[{"id":293651,"href":"https:\/\/www.fiscalia.gov.co\/colombia\/wp-json\/wp\/v2\/posts\/293645\/revisions\/293651"}],"wp:attachment":[{"href":"https:\/\/www.fiscalia.gov.co\/colombia\/wp-json\/wp\/v2\/media?parent=293645"}],"wp:term":[{"taxonomy":"category","embeddable":true,"href":"https:\/\/www.fiscalia.gov.co\/colombia\/wp-json\/wp\/v2\/categories?post=293645"},{"taxonomy":"post_tag","embeddable":true,"href":"https:\/\/www.fiscalia.gov.co\/colombia\/wp-json\/wp\/v2\/tags?post=293645"}],"curies":[{"name":"wp","href":"https:\/\/api.w.org\/{rel}","templated":true}]}}