{"id":293597,"date":"2024-04-22T15:41:32","date_gmt":"2024-04-22T20:41:32","guid":{"rendered":"https:\/\/www.fiscalia.gov.co\/colombia\/?p=293597"},"modified":"2024-04-22T15:41:32","modified_gmt":"2024-04-22T20:41:32","slug":"a-la-carcel-dos-hombres-por-presunto-trafico-de-estupefacientes-en-san-pedro-y-roldanillo-valle-del-cauca","status":"publish","type":"post","link":"https:\/\/www.fiscalia.gov.co\/colombia\/noticias\/a-la-carcel-dos-hombres-por-presunto-trafico-de-estupefacientes-en-san-pedro-y-roldanillo-valle-del-cauca\/","title":{"rendered":"A la c\u00e1rcel dos hombres por presunto tr\u00e1fico de estupefacientes en San Pedro y Roldanillo (Valle del Cauca)"},"content":{"rendered":"<p><strong>La Fiscal\u00eda General de la Naci\u00f3n judicializ\u00f3 a dos hombres,<\/strong> presuntamente responsables de traficar estupefacientes en los municipios de San Pedro y Roldanillo (Valle del Cauca). Se trata de hechos independientes entre s\u00ed.<\/p>\n<p>Uno de los casos involucra a Gionaiker Alejandro Bracamonte B\u00e1rcenas, a quien la Polic\u00eda Nacional captur\u00f3 en flagrancia el pasado 8 de abril con 1.296 gramos de <a href=\"https:\/\/www.fiscalia.gov.co\/colombia\/noticias\/a-la-carcel-pareja-que-al-parecer-comercializaba-brownies-con-marihuana-a-traves-de-redes-sociales\/\" target=\"_blank\" rel=\"noopener\">marihuana<\/a>. <strong>La detenci\u00f3n se produjo cuando el hombre se movilizaba en un bus cerca al peaje Betania, jurisdicci\u00f3n del municipio de San Pedro (Valle del Cauca).<\/strong><\/p>\n<figure id=\"attachment_293599\" aria-describedby=\"caption-attachment-293599\" style=\"width: 300px\" class=\"wp-caption aligncenter\"><img loading=\"lazy\" decoding=\"async\" class=\"size-medium wp-image-293599\" src=\"https:\/\/www.fiscalia.gov.co\/colombia\/wp-content\/uploads\/Gionaiker-Alejandro-Bracamonte-Barcenas.-Estupefacientes.-San-Pedro-Valle-300x254.jpg\" alt=\"En la fotograf\u00eda se aprecia de espaldas a la c\u00e1mara y de pie a Gionaiker Alejandro Bracamonte B\u00e1rcenas. Viste camisa de manga corta color azul petr\u00f3leo, pantal\u00f3n oscuro y gorra color caqui. A los extremos de \u00e9l hay uniformados de la Polic\u00eda Nacional. Frente a ellos hay una mesa y sobre ella varios paquetes en bolsas pl\u00e1sticas con contenido verdoso. En la parte posterior hay un pend\u00f3n institucional.\" width=\"300\" height=\"254\" srcset=\"https:\/\/www.fiscalia.gov.co\/colombia\/wp-content\/uploads\/Gionaiker-Alejandro-Bracamonte-Barcenas.-Estupefacientes.-San-Pedro-Valle-300x254.jpg 300w, https:\/\/www.fiscalia.gov.co\/colombia\/wp-content\/uploads\/Gionaiker-Alejandro-Bracamonte-Barcenas.-Estupefacientes.-San-Pedro-Valle-1024x869.jpg 1024w, https:\/\/www.fiscalia.gov.co\/colombia\/wp-content\/uploads\/Gionaiker-Alejandro-Bracamonte-Barcenas.-Estupefacientes.-San-Pedro-Valle-768x651.jpg 768w, https:\/\/www.fiscalia.gov.co\/colombia\/wp-content\/uploads\/Gionaiker-Alejandro-Bracamonte-Barcenas.-Estupefacientes.-San-Pedro-Valle-696x590.jpg 696w, https:\/\/www.fiscalia.gov.co\/colombia\/wp-content\/uploads\/Gionaiker-Alejandro-Bracamonte-Barcenas.-Estupefacientes.-San-Pedro-Valle-1068x906.jpg 1068w, https:\/\/www.fiscalia.gov.co\/colombia\/wp-content\/uploads\/Gionaiker-Alejandro-Bracamonte-Barcenas.-Estupefacientes.-San-Pedro-Valle-495x420.jpg 495w, https:\/\/www.fiscalia.gov.co\/colombia\/wp-content\/uploads\/Gionaiker-Alejandro-Bracamonte-Barcenas.-Estupefacientes.-San-Pedro-Valle.jpg 1370w\" sizes=\"auto, (max-width: 300px) 100vw, 300px\" \/><figcaption id=\"caption-attachment-293599\" class=\"wp-caption-text\">Gionaiker Alejandro Bracamonte B\u00e1rcenas, al parecer, transportaba m\u00e1s de un kilo de marihuana cuando se movilizaba en un veh\u00edculo de servicio p\u00fablico como pasajero, en jurisdicci\u00f3n del municipio de San Pedro (Valle del Cauca).<\/figcaption><\/figure>\n<p>En el momento del registro a los pasajeros, las autoridades hallaron debajo del asiento del hoy imputado una bolsa negra que conten\u00eda el <a href=\"https:\/\/www.fiscalia.gov.co\/colombia\/noticias\/a-la-carcel-canadiense-capturado-en-flagrancia-con-un-arma-municion-y-estupefacientes\/\" target=\"_blank\" rel=\"noopener\">estupefaciente<\/a> que estar\u00eda junto a un bolso que ser\u00eda propiedad de Bracamonte B\u00e1rcenas.<\/p>\n<p>Por otro hecho, <strong>en el municipio de Roldanillo la Fiscal\u00eda judicializ\u00f3 a Carlos Felipe Correa S\u00e1nchez, alias Mimado, capturado en flagrancia por personal de la Sijin de la Polic\u00eda Nacional.<\/strong> Las acciones se dieron durante una diligencia de registro y allanamiento a una vivienda del barrio Tres de Mayo.<\/p>\n<figure id=\"attachment_293600\" aria-describedby=\"caption-attachment-293600\" style=\"width: 300px\" class=\"wp-caption aligncenter\"><img loading=\"lazy\" decoding=\"async\" class=\"size-medium wp-image-293600\" src=\"https:\/\/www.fiscalia.gov.co\/colombia\/wp-content\/uploads\/Carlos-Felipe-Correa-Sanchez.-Estupefacientes.-Roldanillo-Valle-300x255.jpg\" alt=\"En la fotograf\u00eda se aprecia de pie y los brazos atr\u00e1s a Carlos Felipe Correa S\u00e1nchez. Viste camisa de manga corta color azul y jean azul. A los extremos de \u00e9l hay uniformados de la Polic\u00eda Nacional. Frente a ellos hay una mesa y sobre ella varias bolsas pl\u00e1sticas con contenido de color beage. Detr\u00e1s del capturado y los uniformados hay un pend\u00f3n institucional de la Polic\u00eda.\" width=\"300\" height=\"255\" srcset=\"https:\/\/www.fiscalia.gov.co\/colombia\/wp-content\/uploads\/Carlos-Felipe-Correa-Sanchez.-Estupefacientes.-Roldanillo-Valle-300x255.jpg 300w, https:\/\/www.fiscalia.gov.co\/colombia\/wp-content\/uploads\/Carlos-Felipe-Correa-Sanchez.-Estupefacientes.-Roldanillo-Valle-1024x872.jpg 1024w, https:\/\/www.fiscalia.gov.co\/colombia\/wp-content\/uploads\/Carlos-Felipe-Correa-Sanchez.-Estupefacientes.-Roldanillo-Valle-768x654.jpg 768w, https:\/\/www.fiscalia.gov.co\/colombia\/wp-content\/uploads\/Carlos-Felipe-Correa-Sanchez.-Estupefacientes.-Roldanillo-Valle-696x592.jpg 696w, https:\/\/www.fiscalia.gov.co\/colombia\/wp-content\/uploads\/Carlos-Felipe-Correa-Sanchez.-Estupefacientes.-Roldanillo-Valle-1068x909.jpg 1068w, https:\/\/www.fiscalia.gov.co\/colombia\/wp-content\/uploads\/Carlos-Felipe-Correa-Sanchez.-Estupefacientes.-Roldanillo-Valle-493x420.jpg 493w, https:\/\/www.fiscalia.gov.co\/colombia\/wp-content\/uploads\/Carlos-Felipe-Correa-Sanchez.-Estupefacientes.-Roldanillo-Valle.jpg 1370w\" sizes=\"auto, (max-width: 300px) 100vw, 300px\" \/><figcaption id=\"caption-attachment-293600\" class=\"wp-caption-text\">Carlos Felipe Correa S\u00e1nchez fue capturado en flagrancia durante diligencia de registro y allanamiento en una vivienda ubicada en el barrio Tres de Mayo, donde las autoridades hallaron gran cantidad de papeletas pl\u00e1sticas que conten\u00edan bazuco, en Roldanillo (Valle del Cauca).<\/figcaption><\/figure>\n<p>Durante la diligencia, las autoridades incautaron 180 papeletas pl\u00e1sticas que conten\u00edan bazuco.<\/p>\n<p>MAP\/AICR\/DSVC\/AMCJ\/MAG\/<\/p>\n<p>&nbsp;<\/p>\n<p>&nbsp;<\/p>\n<p><em>La informaci\u00f3n contenida en este bolet\u00edn de prensa corresponde a la narraci\u00f3n de los hechos noticiosos objetivos, y las investigaciones penales al interior de la Fiscal\u00eda General de la Naci\u00f3n. Para el momento de la divulgaci\u00f3n de este comunicado, la situaci\u00f3n jur\u00eddica de la(s) persona(s) relacionada(s) se encuentra pendiente de resolver por la autoridad judicial competente, siempre bajo los preceptos de la presunci\u00f3n de inocencia, consagrados en el art\u00edculo 29 de la Constituci\u00f3n Pol\u00edtica y el art\u00edculo 7\u00ba de la Ley 906 de 2004.<\/em><\/p>\n\n<div class=\"twitter-share\"><a href=\"https:\/\/twitter.com\/intent\/tweet?via=fiscaliacol\" class=\"twitter-share-button\">Tweet<\/a><\/div>\n","protected":false},"excerpt":{"rendered":"<p>La Fiscal\u00eda General de la Naci\u00f3n judicializ\u00f3 a dos hombres, presuntamente responsables de traficar estupefacientes en los municipios de San Pedro y Roldanillo (Valle del Cauca). Se trata de hechos independientes entre s\u00ed. Uno de los casos involucra a Gionaiker Alejandro Bracamonte B\u00e1rcenas, a quien la Polic\u00eda Nacional captur\u00f3 en flagrancia el pasado 8 de [&hellip;]<\/p>\n","protected":false},"author":181,"featured_media":0,"comment_status":"closed","ping_status":"open","sticky":false,"template":"","format":"standard","meta":{"tdm_status":"","tdm_grid_status":"","footnotes":""},"categories":[1],"tags":[37716,37718,37717],"class_list":{"0":"post-293597","1":"post","2":"type-post","3":"status-publish","4":"format-standard","6":"category-noticias","7":"tag-en-ambos-casos","8":"tag-fabricacion-o-porte-de-estupefacientes-ninguno-acepto-su-responsabilidad-las-dos-personas-deberan-cumplir-la-medida-de-aseguramiento-en-centros-carcelarios","9":"tag-fiscales-de-la-seccional-valle-del-cauca-imputaron-a-los-capturados-el-delito-de-trafico"},"yoast_head":"<!-- This site is optimized with the Yoast SEO plugin v24.3 - https:\/\/yoast.com\/wordpress\/plugins\/seo\/ -->\n<title>Fiscal\u00eda General de la Naci\u00f3n<\/title>\n<meta name=\"description\" content=\"P\u00e1gina oficial de la Fiscal\u00eda General de la Naci\u00f3n \u2013 Colombia. Garantizamos el acceso efectivo a la justicia, la verdad y la reparaci\u00f3n de las v\u00edctimas de los delitos.\" \/>\n<meta name=\"robots\" content=\"noindex, follow\" \/>\n<meta property=\"og:locale\" content=\"es_ES\" \/>\n<meta property=\"og:type\" content=\"article\" \/>\n<meta property=\"og:title\" content=\"Fiscal\u00eda General de la Naci\u00f3n\" \/>\n<meta property=\"og:description\" content=\"P\u00e1gina oficial de la Fiscal\u00eda General de la Naci\u00f3n \u2013 Colombia. Garantizamos el acceso efectivo a la justicia, la verdad y la reparaci\u00f3n de las v\u00edctimas de los delitos.\" \/>\n<meta property=\"og:url\" content=\"https:\/\/www.fiscalia.gov.co\/colombia\/noticias\/a-la-carcel-dos-hombres-por-presunto-trafico-de-estupefacientes-en-san-pedro-y-roldanillo-valle-del-cauca\/\" \/>\n<meta property=\"og:site_name\" content=\"Fiscal\u00eda General de la Naci\u00f3n\" \/>\n<meta property=\"article:publisher\" content=\"https:\/\/www.facebook.com\/FiscaliaCol\" \/>\n<meta property=\"article:published_time\" content=\"2024-04-22T20:41:32+00:00\" \/>\n<meta property=\"og:image\" content=\"https:\/\/www.fiscalia.gov.co\/colombia\/wp-content\/uploads\/Gionaiker-Alejandro-Bracamonte-Barcenas.-Estupefacientes.-San-Pedro-Valle-300x254.jpg\" \/>\n<meta name=\"author\" content=\"Johanna Islenny Prieto Pe\u00f1a\" \/>\n<meta name=\"twitter:card\" content=\"summary_large_image\" \/>\n<meta name=\"twitter:creator\" content=\"@FiscaliaCol\" \/>\n<meta name=\"twitter:site\" content=\"@FiscaliaCol\" \/>\n<meta name=\"twitter:label1\" content=\"Escrito por\" \/>\n\t<meta name=\"twitter:data1\" content=\"Johanna Islenny Prieto Pe\u00f1a\" \/>\n\t<meta name=\"twitter:label2\" content=\"Tiempo de lectura\" \/>\n\t<meta name=\"twitter:data2\" content=\"3 minutos\" \/>\n<script type=\"application\/ld+json\" class=\"yoast-schema-graph\">{\"@context\":\"https:\/\/schema.org\",\"@graph\":[{\"@type\":\"Article\",\"@id\":\"https:\/\/www.fiscalia.gov.co\/colombia\/noticias\/a-la-carcel-dos-hombres-por-presunto-trafico-de-estupefacientes-en-san-pedro-y-roldanillo-valle-del-cauca\/#article\",\"isPartOf\":{\"@id\":\"https:\/\/www.fiscalia.gov.co\/colombia\/noticias\/a-la-carcel-dos-hombres-por-presunto-trafico-de-estupefacientes-en-san-pedro-y-roldanillo-valle-del-cauca\/\"},\"author\":{\"name\":\"Johanna Islenny Prieto Pe\u00f1a\",\"@id\":\"https:\/\/www.fiscalia.gov.co\/colombia\/#\/schema\/person\/ba9eca435947489fb25117a0cd75bf3e\"},\"headline\":\"A la c\u00e1rcel dos hombres por presunto tr\u00e1fico de estupefacientes en San Pedro y Roldanillo (Valle del Cauca)\",\"datePublished\":\"2024-04-22T20:41:32+00:00\",\"dateModified\":\"2024-04-22T20:41:32+00:00\",\"mainEntityOfPage\":{\"@id\":\"https:\/\/www.fiscalia.gov.co\/colombia\/noticias\/a-la-carcel-dos-hombres-por-presunto-trafico-de-estupefacientes-en-san-pedro-y-roldanillo-valle-del-cauca\/\"},\"wordCount\":415,\"publisher\":{\"@id\":\"https:\/\/www.fiscalia.gov.co\/colombia\/#organization\"},\"image\":{\"@id\":\"https:\/\/www.fiscalia.gov.co\/colombia\/noticias\/a-la-carcel-dos-hombres-por-presunto-trafico-de-estupefacientes-en-san-pedro-y-roldanillo-valle-del-cauca\/#primaryimage\"},\"thumbnailUrl\":\"https:\/\/www.fiscalia.gov.co\/colombia\/wp-content\/uploads\/Gionaiker-Alejandro-Bracamonte-Barcenas.-Estupefacientes.-San-Pedro-Valle-300x254.jpg\",\"keywords\":[\"En ambos casos\",\"fabricaci\u00f3n o porte de estupefacientes. Ninguno acept\u00f3 su responsabilidad. Las dos personas deber\u00e1n cumplir la medida de aseguramiento en centros carcelarios.\",\"fiscales de la Seccional Valle del Cauca imputaron a los capturados el delito de tr\u00e1fico\"],\"articleSection\":[\"Noticias\"],\"inLanguage\":\"es-CO\"},{\"@type\":\"WebPage\",\"@id\":\"https:\/\/www.fiscalia.gov.co\/colombia\/noticias\/a-la-carcel-dos-hombres-por-presunto-trafico-de-estupefacientes-en-san-pedro-y-roldanillo-valle-del-cauca\/\",\"url\":\"https:\/\/www.fiscalia.gov.co\/colombia\/noticias\/a-la-carcel-dos-hombres-por-presunto-trafico-de-estupefacientes-en-san-pedro-y-roldanillo-valle-del-cauca\/\",\"name\":\"Fiscal\u00eda General de la Naci\u00f3n\",\"isPartOf\":{\"@id\":\"https:\/\/www.fiscalia.gov.co\/colombia\/#website\"},\"primaryImageOfPage\":{\"@id\":\"https:\/\/www.fiscalia.gov.co\/colombia\/noticias\/a-la-carcel-dos-hombres-por-presunto-trafico-de-estupefacientes-en-san-pedro-y-roldanillo-valle-del-cauca\/#primaryimage\"},\"image\":{\"@id\":\"https:\/\/www.fiscalia.gov.co\/colombia\/noticias\/a-la-carcel-dos-hombres-por-presunto-trafico-de-estupefacientes-en-san-pedro-y-roldanillo-valle-del-cauca\/#primaryimage\"},\"thumbnailUrl\":\"https:\/\/www.fiscalia.gov.co\/colombia\/wp-content\/uploads\/Gionaiker-Alejandro-Bracamonte-Barcenas.-Estupefacientes.-San-Pedro-Valle-300x254.jpg\",\"datePublished\":\"2024-04-22T20:41:32+00:00\",\"dateModified\":\"2024-04-22T20:41:32+00:00\",\"description\":\"P\u00e1gina oficial de la Fiscal\u00eda General de la Naci\u00f3n \u2013 Colombia. Garantizamos el acceso efectivo a la justicia, la verdad y la reparaci\u00f3n de las v\u00edctimas de los delitos.\",\"breadcrumb\":{\"@id\":\"https:\/\/www.fiscalia.gov.co\/colombia\/noticias\/a-la-carcel-dos-hombres-por-presunto-trafico-de-estupefacientes-en-san-pedro-y-roldanillo-valle-del-cauca\/#breadcrumb\"},\"inLanguage\":\"es-CO\",\"potentialAction\":[{\"@type\":\"ReadAction\",\"target\":[\"https:\/\/www.fiscalia.gov.co\/colombia\/noticias\/a-la-carcel-dos-hombres-por-presunto-trafico-de-estupefacientes-en-san-pedro-y-roldanillo-valle-del-cauca\/\"]}]},{\"@type\":\"ImageObject\",\"inLanguage\":\"es-CO\",\"@id\":\"https:\/\/www.fiscalia.gov.co\/colombia\/noticias\/a-la-carcel-dos-hombres-por-presunto-trafico-de-estupefacientes-en-san-pedro-y-roldanillo-valle-del-cauca\/#primaryimage\",\"url\":\"https:\/\/www.fiscalia.gov.co\/colombia\/wp-content\/uploads\/Gionaiker-Alejandro-Bracamonte-Barcenas.-Estupefacientes.-San-Pedro-Valle.jpg\",\"contentUrl\":\"https:\/\/www.fiscalia.gov.co\/colombia\/wp-content\/uploads\/Gionaiker-Alejandro-Bracamonte-Barcenas.-Estupefacientes.-San-Pedro-Valle.jpg\",\"width\":1370,\"height\":1162,\"caption\":\"Gionaiker Alejandro Bracamonte B\u00e1rcenas, al parecer, transportaba m\u00e1s de un kilo de marihuana cuando se movilizaba en un veh\u00edculo de servicio p\u00fablico como pasajero, en jurisdicci\u00f3n del municipio de San Pedro (Valle del Cauca).\"},{\"@type\":\"BreadcrumbList\",\"@id\":\"https:\/\/www.fiscalia.gov.co\/colombia\/noticias\/a-la-carcel-dos-hombres-por-presunto-trafico-de-estupefacientes-en-san-pedro-y-roldanillo-valle-del-cauca\/#breadcrumb\",\"itemListElement\":[{\"@type\":\"ListItem\",\"position\":1,\"name\":\"Home\",\"item\":\"https:\/\/www.fiscalia.gov.co\/colombia\/\"},{\"@type\":\"ListItem\",\"position\":2,\"name\":\"A la c\u00e1rcel dos hombres por presunto tr\u00e1fico de estupefacientes en San Pedro y Roldanillo (Valle del Cauca)\"}]},{\"@type\":\"WebSite\",\"@id\":\"https:\/\/www.fiscalia.gov.co\/colombia\/#website\",\"url\":\"https:\/\/www.fiscalia.gov.co\/colombia\/\",\"name\":\"Fiscal\u00eda General de la Naci\u00f3n\",\"description\":\"P\u00e1gina oficial de la Fiscal\u00eda General de la Naci\u00f3n \u2013 Colombia. Garantizamos el acceso efectivo a la justicia, la verdad y la reparaci\u00f3n de las v\u00edctimas de los delitos.\",\"publisher\":{\"@id\":\"https:\/\/www.fiscalia.gov.co\/colombia\/#organization\"},\"potentialAction\":[{\"@type\":\"SearchAction\",\"target\":{\"@type\":\"EntryPoint\",\"urlTemplate\":\"https:\/\/www.fiscalia.gov.co\/colombia\/?s={search_term_string}\"},\"query-input\":{\"@type\":\"PropertyValueSpecification\",\"valueRequired\":true,\"valueName\":\"search_term_string\"}}],\"inLanguage\":\"es-CO\"},{\"@type\":\"Organization\",\"@id\":\"https:\/\/www.fiscalia.gov.co\/colombia\/#organization\",\"name\":\"Fiscal\u00eda General de la Naci\u00f3n\",\"url\":\"https:\/\/www.fiscalia.gov.co\/colombia\/\",\"logo\":{\"@type\":\"ImageObject\",\"inLanguage\":\"es-CO\",\"@id\":\"https:\/\/www.fiscalia.gov.co\/colombia\/#\/schema\/logo\/image\/\",\"url\":\"https:\/\/www.fiscalia.gov.co\/colombia\/wp-content\/uploads\/LogoHorizontal_1.jpg\",\"contentUrl\":\"https:\/\/www.fiscalia.gov.co\/colombia\/wp-content\/uploads\/LogoHorizontal_1.jpg\",\"width\":300,\"height\":90,\"caption\":\"Fiscal\u00eda General de la Naci\u00f3n\"},\"image\":{\"@id\":\"https:\/\/www.fiscalia.gov.co\/colombia\/#\/schema\/logo\/image\/\"},\"sameAs\":[\"https:\/\/www.facebook.com\/FiscaliaCol\",\"https:\/\/x.com\/FiscaliaCol\",\"https:\/\/www.instagram.com\/fiscaliacol\",\"https:\/\/www.linkedin.com\/company\/fiscalia-general-de-la-naci-n\/\",\"https:\/\/youtube.com\/@fiscaliageneraldelanacion-4668?si=6nN79nyQICPU5iTh\"]},{\"@type\":\"Person\",\"@id\":\"https:\/\/www.fiscalia.gov.co\/colombia\/#\/schema\/person\/ba9eca435947489fb25117a0cd75bf3e\",\"name\":\"Johanna Islenny Prieto Pe\u00f1a\",\"image\":{\"@type\":\"ImageObject\",\"inLanguage\":\"es-CO\",\"@id\":\"https:\/\/www.fiscalia.gov.co\/colombia\/#\/schema\/person\/image\/\",\"url\":\"https:\/\/secure.gravatar.com\/avatar\/111433fc2acb037ffb768f6a3ca47864?s=96&d=mm&r=g\",\"contentUrl\":\"https:\/\/secure.gravatar.com\/avatar\/111433fc2acb037ffb768f6a3ca47864?s=96&d=mm&r=g\",\"caption\":\"Johanna Islenny Prieto Pe\u00f1a\"},\"url\":\"https:\/\/www.fiscalia.gov.co\/colombia\/author\/jprietop\/\"}]}<\/script>\n<!-- \/ Yoast SEO plugin. -->","yoast_head_json":{"title":"Fiscal\u00eda General de la Naci\u00f3n","description":"P\u00e1gina oficial de la Fiscal\u00eda General de la Naci\u00f3n \u2013 Colombia. Garantizamos el acceso efectivo a la justicia, la verdad y la reparaci\u00f3n de las v\u00edctimas de los delitos.","robots":{"index":"noindex","follow":"follow"},"og_locale":"es_ES","og_type":"article","og_title":"Fiscal\u00eda General de la Naci\u00f3n","og_description":"P\u00e1gina oficial de la Fiscal\u00eda General de la Naci\u00f3n \u2013 Colombia. Garantizamos el acceso efectivo a la justicia, la verdad y la reparaci\u00f3n de las v\u00edctimas de los delitos.","og_url":"https:\/\/www.fiscalia.gov.co\/colombia\/noticias\/a-la-carcel-dos-hombres-por-presunto-trafico-de-estupefacientes-en-san-pedro-y-roldanillo-valle-del-cauca\/","og_site_name":"Fiscal\u00eda General de la Naci\u00f3n","article_publisher":"https:\/\/www.facebook.com\/FiscaliaCol","article_published_time":"2024-04-22T20:41:32+00:00","og_image":[{"url":"https:\/\/www.fiscalia.gov.co\/colombia\/wp-content\/uploads\/Gionaiker-Alejandro-Bracamonte-Barcenas.-Estupefacientes.-San-Pedro-Valle-300x254.jpg","type":"","width":"","height":""}],"author":"Johanna Islenny Prieto Pe\u00f1a","twitter_card":"summary_large_image","twitter_creator":"@FiscaliaCol","twitter_site":"@FiscaliaCol","twitter_misc":{"Escrito por":"Johanna Islenny Prieto Pe\u00f1a","Tiempo de lectura":"3 minutos"},"schema":{"@context":"https:\/\/schema.org","@graph":[{"@type":"Article","@id":"https:\/\/www.fiscalia.gov.co\/colombia\/noticias\/a-la-carcel-dos-hombres-por-presunto-trafico-de-estupefacientes-en-san-pedro-y-roldanillo-valle-del-cauca\/#article","isPartOf":{"@id":"https:\/\/www.fiscalia.gov.co\/colombia\/noticias\/a-la-carcel-dos-hombres-por-presunto-trafico-de-estupefacientes-en-san-pedro-y-roldanillo-valle-del-cauca\/"},"author":{"name":"Johanna Islenny Prieto Pe\u00f1a","@id":"https:\/\/www.fiscalia.gov.co\/colombia\/#\/schema\/person\/ba9eca435947489fb25117a0cd75bf3e"},"headline":"A la c\u00e1rcel dos hombres por presunto tr\u00e1fico de estupefacientes en San Pedro y Roldanillo (Valle del Cauca)","datePublished":"2024-04-22T20:41:32+00:00","dateModified":"2024-04-22T20:41:32+00:00","mainEntityOfPage":{"@id":"https:\/\/www.fiscalia.gov.co\/colombia\/noticias\/a-la-carcel-dos-hombres-por-presunto-trafico-de-estupefacientes-en-san-pedro-y-roldanillo-valle-del-cauca\/"},"wordCount":415,"publisher":{"@id":"https:\/\/www.fiscalia.gov.co\/colombia\/#organization"},"image":{"@id":"https:\/\/www.fiscalia.gov.co\/colombia\/noticias\/a-la-carcel-dos-hombres-por-presunto-trafico-de-estupefacientes-en-san-pedro-y-roldanillo-valle-del-cauca\/#primaryimage"},"thumbnailUrl":"https:\/\/www.fiscalia.gov.co\/colombia\/wp-content\/uploads\/Gionaiker-Alejandro-Bracamonte-Barcenas.-Estupefacientes.-San-Pedro-Valle-300x254.jpg","keywords":["En ambos casos","fabricaci\u00f3n o porte de estupefacientes. Ninguno acept\u00f3 su responsabilidad. Las dos personas deber\u00e1n cumplir la medida de aseguramiento en centros carcelarios.","fiscales de la Seccional Valle del Cauca imputaron a los capturados el delito de tr\u00e1fico"],"articleSection":["Noticias"],"inLanguage":"es-CO"},{"@type":"WebPage","@id":"https:\/\/www.fiscalia.gov.co\/colombia\/noticias\/a-la-carcel-dos-hombres-por-presunto-trafico-de-estupefacientes-en-san-pedro-y-roldanillo-valle-del-cauca\/","url":"https:\/\/www.fiscalia.gov.co\/colombia\/noticias\/a-la-carcel-dos-hombres-por-presunto-trafico-de-estupefacientes-en-san-pedro-y-roldanillo-valle-del-cauca\/","name":"Fiscal\u00eda General de la Naci\u00f3n","isPartOf":{"@id":"https:\/\/www.fiscalia.gov.co\/colombia\/#website"},"primaryImageOfPage":{"@id":"https:\/\/www.fiscalia.gov.co\/colombia\/noticias\/a-la-carcel-dos-hombres-por-presunto-trafico-de-estupefacientes-en-san-pedro-y-roldanillo-valle-del-cauca\/#primaryimage"},"image":{"@id":"https:\/\/www.fiscalia.gov.co\/colombia\/noticias\/a-la-carcel-dos-hombres-por-presunto-trafico-de-estupefacientes-en-san-pedro-y-roldanillo-valle-del-cauca\/#primaryimage"},"thumbnailUrl":"https:\/\/www.fiscalia.gov.co\/colombia\/wp-content\/uploads\/Gionaiker-Alejandro-Bracamonte-Barcenas.-Estupefacientes.-San-Pedro-Valle-300x254.jpg","datePublished":"2024-04-22T20:41:32+00:00","dateModified":"2024-04-22T20:41:32+00:00","description":"P\u00e1gina oficial de la Fiscal\u00eda General de la Naci\u00f3n \u2013 Colombia. Garantizamos el acceso efectivo a la justicia, la verdad y la reparaci\u00f3n de las v\u00edctimas de los delitos.","breadcrumb":{"@id":"https:\/\/www.fiscalia.gov.co\/colombia\/noticias\/a-la-carcel-dos-hombres-por-presunto-trafico-de-estupefacientes-en-san-pedro-y-roldanillo-valle-del-cauca\/#breadcrumb"},"inLanguage":"es-CO","potentialAction":[{"@type":"ReadAction","target":["https:\/\/www.fiscalia.gov.co\/colombia\/noticias\/a-la-carcel-dos-hombres-por-presunto-trafico-de-estupefacientes-en-san-pedro-y-roldanillo-valle-del-cauca\/"]}]},{"@type":"ImageObject","inLanguage":"es-CO","@id":"https:\/\/www.fiscalia.gov.co\/colombia\/noticias\/a-la-carcel-dos-hombres-por-presunto-trafico-de-estupefacientes-en-san-pedro-y-roldanillo-valle-del-cauca\/#primaryimage","url":"https:\/\/www.fiscalia.gov.co\/colombia\/wp-content\/uploads\/Gionaiker-Alejandro-Bracamonte-Barcenas.-Estupefacientes.-San-Pedro-Valle.jpg","contentUrl":"https:\/\/www.fiscalia.gov.co\/colombia\/wp-content\/uploads\/Gionaiker-Alejandro-Bracamonte-Barcenas.-Estupefacientes.-San-Pedro-Valle.jpg","width":1370,"height":1162,"caption":"Gionaiker Alejandro Bracamonte B\u00e1rcenas, al parecer, transportaba m\u00e1s de un kilo de marihuana cuando se movilizaba en un veh\u00edculo de servicio p\u00fablico como pasajero, en jurisdicci\u00f3n del municipio de San Pedro (Valle del Cauca)."},{"@type":"BreadcrumbList","@id":"https:\/\/www.fiscalia.gov.co\/colombia\/noticias\/a-la-carcel-dos-hombres-por-presunto-trafico-de-estupefacientes-en-san-pedro-y-roldanillo-valle-del-cauca\/#breadcrumb","itemListElement":[{"@type":"ListItem","position":1,"name":"Home","item":"https:\/\/www.fiscalia.gov.co\/colombia\/"},{"@type":"ListItem","position":2,"name":"A la c\u00e1rcel dos hombres por presunto tr\u00e1fico de estupefacientes en San Pedro y Roldanillo (Valle del Cauca)"}]},{"@type":"WebSite","@id":"https:\/\/www.fiscalia.gov.co\/colombia\/#website","url":"https:\/\/www.fiscalia.gov.co\/colombia\/","name":"Fiscal\u00eda General de la Naci\u00f3n","description":"P\u00e1gina oficial de la Fiscal\u00eda General de la Naci\u00f3n \u2013 Colombia. Garantizamos el acceso efectivo a la justicia, la verdad y la reparaci\u00f3n de las v\u00edctimas de los delitos.","publisher":{"@id":"https:\/\/www.fiscalia.gov.co\/colombia\/#organization"},"potentialAction":[{"@type":"SearchAction","target":{"@type":"EntryPoint","urlTemplate":"https:\/\/www.fiscalia.gov.co\/colombia\/?s={search_term_string}"},"query-input":{"@type":"PropertyValueSpecification","valueRequired":true,"valueName":"search_term_string"}}],"inLanguage":"es-CO"},{"@type":"Organization","@id":"https:\/\/www.fiscalia.gov.co\/colombia\/#organization","name":"Fiscal\u00eda General de la Naci\u00f3n","url":"https:\/\/www.fiscalia.gov.co\/colombia\/","logo":{"@type":"ImageObject","inLanguage":"es-CO","@id":"https:\/\/www.fiscalia.gov.co\/colombia\/#\/schema\/logo\/image\/","url":"https:\/\/www.fiscalia.gov.co\/colombia\/wp-content\/uploads\/LogoHorizontal_1.jpg","contentUrl":"https:\/\/www.fiscalia.gov.co\/colombia\/wp-content\/uploads\/LogoHorizontal_1.jpg","width":300,"height":90,"caption":"Fiscal\u00eda General de la Naci\u00f3n"},"image":{"@id":"https:\/\/www.fiscalia.gov.co\/colombia\/#\/schema\/logo\/image\/"},"sameAs":["https:\/\/www.facebook.com\/FiscaliaCol","https:\/\/x.com\/FiscaliaCol","https:\/\/www.instagram.com\/fiscaliacol","https:\/\/www.linkedin.com\/company\/fiscalia-general-de-la-naci-n\/","https:\/\/youtube.com\/@fiscaliageneraldelanacion-4668?si=6nN79nyQICPU5iTh"]},{"@type":"Person","@id":"https:\/\/www.fiscalia.gov.co\/colombia\/#\/schema\/person\/ba9eca435947489fb25117a0cd75bf3e","name":"Johanna Islenny Prieto Pe\u00f1a","image":{"@type":"ImageObject","inLanguage":"es-CO","@id":"https:\/\/www.fiscalia.gov.co\/colombia\/#\/schema\/person\/image\/","url":"https:\/\/secure.gravatar.com\/avatar\/111433fc2acb037ffb768f6a3ca47864?s=96&d=mm&r=g","contentUrl":"https:\/\/secure.gravatar.com\/avatar\/111433fc2acb037ffb768f6a3ca47864?s=96&d=mm&r=g","caption":"Johanna Islenny Prieto Pe\u00f1a"},"url":"https:\/\/www.fiscalia.gov.co\/colombia\/author\/jprietop\/"}]}},"_links":{"self":[{"href":"https:\/\/www.fiscalia.gov.co\/colombia\/wp-json\/wp\/v2\/posts\/293597","targetHints":{"allow":["GET"]}}],"collection":[{"href":"https:\/\/www.fiscalia.gov.co\/colombia\/wp-json\/wp\/v2\/posts"}],"about":[{"href":"https:\/\/www.fiscalia.gov.co\/colombia\/wp-json\/wp\/v2\/types\/post"}],"author":[{"embeddable":true,"href":"https:\/\/www.fiscalia.gov.co\/colombia\/wp-json\/wp\/v2\/users\/181"}],"replies":[{"embeddable":true,"href":"https:\/\/www.fiscalia.gov.co\/colombia\/wp-json\/wp\/v2\/comments?post=293597"}],"version-history":[{"count":1,"href":"https:\/\/www.fiscalia.gov.co\/colombia\/wp-json\/wp\/v2\/posts\/293597\/revisions"}],"predecessor-version":[{"id":293601,"href":"https:\/\/www.fiscalia.gov.co\/colombia\/wp-json\/wp\/v2\/posts\/293597\/revisions\/293601"}],"wp:attachment":[{"href":"https:\/\/www.fiscalia.gov.co\/colombia\/wp-json\/wp\/v2\/media?parent=293597"}],"wp:term":[{"taxonomy":"category","embeddable":true,"href":"https:\/\/www.fiscalia.gov.co\/colombia\/wp-json\/wp\/v2\/categories?post=293597"},{"taxonomy":"post_tag","embeddable":true,"href":"https:\/\/www.fiscalia.gov.co\/colombia\/wp-json\/wp\/v2\/tags?post=293597"}],"curies":[{"name":"wp","href":"https:\/\/api.w.org\/{rel}","templated":true}]}}