{"id":293454,"date":"2024-04-19T10:56:56","date_gmt":"2024-04-19T15:56:56","guid":{"rendered":"https:\/\/www.fiscalia.gov.co\/colombia\/?p=293454"},"modified":"2024-04-19T10:59:47","modified_gmt":"2024-04-19T15:59:47","slug":"a-la-carcel-cuatro-hombres-senalados-de-cometer-hurtos-en-huila","status":"publish","type":"post","link":"https:\/\/www.fiscalia.gov.co\/colombia\/seguridad-territorial\/a-la-carcel-cuatro-hombres-senalados-de-cometer-hurtos-en-huila\/","title":{"rendered":"A la c\u00e1rcel cuatro hombres se\u00f1alados de cometer hurtos en Huila"},"content":{"rendered":"<p><strong>En una ofensiva contra los delitos que afectan la seguridad ciudadana<\/strong>, un fiscal adscrito a la Seccional Huila logr\u00f3 que jueces con funci\u00f3n de control de garant\u00edas impusieran medidas de aseguramiento en establecimiento carcelario contra cuatro hombres que estar\u00edan involucrados en <a href=\"https:\/\/www.fiscalia.gov.co\/colombia\/noticias\/a-la-carcel-dos-hombres-que-habrian-hurtado-un-vehiculo-en-putumayo\/\" target=\"_blank\" rel=\"noopener\">hurtos en el municipio de Garz\u00f3n<\/a> (Huila).<\/p>\n<ol start=\"1\">\n<li><strong>Uno de los\u00a0casos ocurri\u00f3 el pasado 3 de abril de este a\u00f1o en el barrio El Centro<\/strong> donde Evelio Hoyos C\u00e1rdenas fue capturado por la Polic\u00eda Nacional. Durante los operativos al hombre le fue decomisada una caja con mercanc\u00eda valorada en un mill\u00f3n de pesos que habr\u00eda hurtado a un comerciante.<\/li>\n<\/ol>\n<figure id=\"attachment_293455\" aria-describedby=\"caption-attachment-293455\" style=\"width: 300px\" class=\"wp-caption aligncenter\"><img loading=\"lazy\" decoding=\"async\" class=\"size-medium wp-image-293455\" src=\"https:\/\/www.fiscalia.gov.co\/colombia\/wp-content\/uploads\/Evelio-Hoyos-Cardenas-300x169.jpeg\" alt=\"El procesado se encuentra esposado y en custodia por uniformados de la Polic\u00eda Nacional. Detr\u00e1s suyo un backing de la Polic\u00eda y se muestra la mercanc\u00eda que conten\u00eda la caja que se hab\u00eda hurtado.\" width=\"300\" height=\"169\" srcset=\"https:\/\/www.fiscalia.gov.co\/colombia\/wp-content\/uploads\/Evelio-Hoyos-Cardenas-300x169.jpeg 300w, https:\/\/www.fiscalia.gov.co\/colombia\/wp-content\/uploads\/Evelio-Hoyos-Cardenas-1024x577.jpeg 1024w, https:\/\/www.fiscalia.gov.co\/colombia\/wp-content\/uploads\/Evelio-Hoyos-Cardenas-768x433.jpeg 768w, https:\/\/www.fiscalia.gov.co\/colombia\/wp-content\/uploads\/Evelio-Hoyos-Cardenas-1536x866.jpeg 1536w, https:\/\/www.fiscalia.gov.co\/colombia\/wp-content\/uploads\/Evelio-Hoyos-Cardenas-696x392.jpeg 696w, https:\/\/www.fiscalia.gov.co\/colombia\/wp-content\/uploads\/Evelio-Hoyos-Cardenas-1068x602.jpeg 1068w, https:\/\/www.fiscalia.gov.co\/colombia\/wp-content\/uploads\/Evelio-Hoyos-Cardenas-745x420.jpeg 745w, https:\/\/www.fiscalia.gov.co\/colombia\/wp-content\/uploads\/Evelio-Hoyos-Cardenas.jpeg 1600w\" sizes=\"auto, (max-width: 300px) 100vw, 300px\" \/><figcaption id=\"caption-attachment-293455\" class=\"wp-caption-text\">A Evelio Hoyos C\u00e1rdenas\u00a0la Fiscal\u00eda le imput\u00f3 el delito de hurto calificado, cargo que no fue aceptado.<\/figcaption><\/figure>\n<p>2. <strong>El 16 de abril de 2024, en el barrio El Limonar, Yeferson S\u00e1nchez D\u00edaz, al parecer, le hurt\u00f3 un mill\u00f3n de pesos a un hombre que acababa de empe\u00f1ar una motocicleta.<\/strong> Durante la captura le fue decomisada un arma blanca, una moto y un arma corto contundente.<\/p>\n<figure id=\"attachment_293456\" aria-describedby=\"caption-attachment-293456\" style=\"width: 300px\" class=\"wp-caption aligncenter\"><img loading=\"lazy\" decoding=\"async\" class=\"wp-image-293456 size-medium\" src=\"https:\/\/www.fiscalia.gov.co\/colombia\/wp-content\/uploads\/Yeferson-Andres-Cadena-Gutierrez-300x234.jpeg\" alt=\"El procesado se encuentra esposado y en custodia por uniformados de la Polic\u00eda Nacional. Detr\u00e1s suyo un backing de la Polic\u00eda y se muestra la moto, un arma blanca y un arma corto contundente.\" width=\"300\" height=\"234\" srcset=\"https:\/\/www.fiscalia.gov.co\/colombia\/wp-content\/uploads\/Yeferson-Andres-Cadena-Gutierrez-300x234.jpeg 300w, https:\/\/www.fiscalia.gov.co\/colombia\/wp-content\/uploads\/Yeferson-Andres-Cadena-Gutierrez-1024x800.jpeg 1024w, https:\/\/www.fiscalia.gov.co\/colombia\/wp-content\/uploads\/Yeferson-Andres-Cadena-Gutierrez-768x600.jpeg 768w, https:\/\/www.fiscalia.gov.co\/colombia\/wp-content\/uploads\/Yeferson-Andres-Cadena-Gutierrez-1536x1200.jpeg 1536w, https:\/\/www.fiscalia.gov.co\/colombia\/wp-content\/uploads\/Yeferson-Andres-Cadena-Gutierrez-696x544.jpeg 696w, https:\/\/www.fiscalia.gov.co\/colombia\/wp-content\/uploads\/Yeferson-Andres-Cadena-Gutierrez-1068x834.jpeg 1068w, https:\/\/www.fiscalia.gov.co\/colombia\/wp-content\/uploads\/Yeferson-Andres-Cadena-Gutierrez-538x420.jpeg 538w, https:\/\/www.fiscalia.gov.co\/colombia\/wp-content\/uploads\/Yeferson-Andres-Cadena-Gutierrez.jpeg 1600w\" sizes=\"auto, (max-width: 300px) 100vw, 300px\" \/><figcaption id=\"caption-attachment-293456\" class=\"wp-caption-text\">Durante la captura de Yeferson S\u00e1nchez D\u00edaz le fue decomisada un arma blanca, una moto y un arma corto contundente.<\/figcaption><\/figure>\n<p>3. <strong>Entre tanto, Jailer Plazas Hern\u00e1ndez fue judicializado luego de que, al parecer, hurtara una motocicleta.<\/strong> Los hechos ocurrieron en agosto de 2023 en la v\u00eda que comunica La Jagua con el municipio de Garz\u00f3n (Huila). Se presume que Plazas Hern\u00e1ndez<a href=\"https:\/\/www.fiscalia.gov.co\/colombia\/violencia-sexual-e-intrafamiliar\/a-la-carcel-presunto-responsable-de-atacar-con-arma-blanca-y-abusar-sexualmente-de-una-profesora-en-el-nordeste-antioqueno\/\" target=\"_blank\" rel=\"noopener\"> intent\u00f3 atacar a la v\u00edctima con un arma cortopunzante para cometer el hurto.<\/a><\/p>\n<figure id=\"attachment_293457\" aria-describedby=\"caption-attachment-293457\" style=\"width: 300px\" class=\"wp-caption aligncenter\"><img loading=\"lazy\" decoding=\"async\" class=\"size-medium wp-image-293457\" src=\"https:\/\/www.fiscalia.gov.co\/colombia\/wp-content\/uploads\/Jailer-Plazas-Hernandez-300x204.jpeg\" alt=\"El procesado se encuentra esposado y en custodia por uniformados de la Polic\u00eda Nacional. Detr\u00e1s suyo un backing de la Polic\u00eda.\" width=\"300\" height=\"204\" srcset=\"https:\/\/www.fiscalia.gov.co\/colombia\/wp-content\/uploads\/Jailer-Plazas-Hernandez-300x204.jpeg 300w, https:\/\/www.fiscalia.gov.co\/colombia\/wp-content\/uploads\/Jailer-Plazas-Hernandez-1024x696.jpeg 1024w, https:\/\/www.fiscalia.gov.co\/colombia\/wp-content\/uploads\/Jailer-Plazas-Hernandez-768x522.jpeg 768w, https:\/\/www.fiscalia.gov.co\/colombia\/wp-content\/uploads\/Jailer-Plazas-Hernandez-1536x1044.jpeg 1536w, https:\/\/www.fiscalia.gov.co\/colombia\/wp-content\/uploads\/Jailer-Plazas-Hernandez-696x473.jpeg 696w, https:\/\/www.fiscalia.gov.co\/colombia\/wp-content\/uploads\/Jailer-Plazas-Hernandez-1068x726.jpeg 1068w, https:\/\/www.fiscalia.gov.co\/colombia\/wp-content\/uploads\/Jailer-Plazas-Hernandez-618x420.jpeg 618w, https:\/\/www.fiscalia.gov.co\/colombia\/wp-content\/uploads\/Jailer-Plazas-Hernandez.jpeg 1600w\" sizes=\"auto, (max-width: 300px) 100vw, 300px\" \/><figcaption id=\"caption-attachment-293457\" class=\"wp-caption-text\">A Jailer Plazas Hern\u00e1ndez la Fiscal\u00eda le imput\u00f3 el delito de hurto calificado, y hurto calificado agravado cargo que no acept\u00f3.<\/figcaption><\/figure>\n<p>La Fiscal\u00eda imput\u00f3 a estas tres personas el delito de hurto calificado y hurto calificado agravado. Ninguno acept\u00f3 los cargos en su contra.<\/p>\n<ol start=\"4\">\n<li><strong>Por \u00faltimo, la Fiscal\u00eda judicializ\u00f3 a Yeferson Andr\u00e9s Cadena Guti\u00e9rrez, presuntamente implicado en el hurto un celular de alta gama,<\/strong> hechos ocurridos en julio de 2023 en el barrio El Centro. La Fiscal\u00eda le\u00a0imput\u00f3 el delito de hurto calificado y agravado, cargo que fue aceptado.<\/li>\n<\/ol>\n<figure id=\"attachment_293458\" aria-describedby=\"caption-attachment-293458\" style=\"width: 300px\" class=\"wp-caption aligncenter\"><img loading=\"lazy\" decoding=\"async\" class=\"size-medium wp-image-293458\" src=\"https:\/\/www.fiscalia.gov.co\/colombia\/wp-content\/uploads\/Yeferson-Andres-Cadena-Gutierrez-1-300x234.jpeg\" alt=\"El procesado se encuentra esposado y en custodia por uniformados de la Polic\u00eda Nacional. Detr\u00e1s suyo un backing de la Polic\u00eda. \" width=\"300\" height=\"234\" srcset=\"https:\/\/www.fiscalia.gov.co\/colombia\/wp-content\/uploads\/Yeferson-Andres-Cadena-Gutierrez-1-300x234.jpeg 300w, https:\/\/www.fiscalia.gov.co\/colombia\/wp-content\/uploads\/Yeferson-Andres-Cadena-Gutierrez-1-1024x800.jpeg 1024w, https:\/\/www.fiscalia.gov.co\/colombia\/wp-content\/uploads\/Yeferson-Andres-Cadena-Gutierrez-1-768x600.jpeg 768w, https:\/\/www.fiscalia.gov.co\/colombia\/wp-content\/uploads\/Yeferson-Andres-Cadena-Gutierrez-1-1536x1200.jpeg 1536w, https:\/\/www.fiscalia.gov.co\/colombia\/wp-content\/uploads\/Yeferson-Andres-Cadena-Gutierrez-1-696x544.jpeg 696w, https:\/\/www.fiscalia.gov.co\/colombia\/wp-content\/uploads\/Yeferson-Andres-Cadena-Gutierrez-1-1068x834.jpeg 1068w, https:\/\/www.fiscalia.gov.co\/colombia\/wp-content\/uploads\/Yeferson-Andres-Cadena-Gutierrez-1-538x420.jpeg 538w, https:\/\/www.fiscalia.gov.co\/colombia\/wp-content\/uploads\/Yeferson-Andres-Cadena-Gutierrez-1.jpeg 1600w\" sizes=\"auto, (max-width: 300px) 100vw, 300px\" \/><figcaption id=\"caption-attachment-293458\" class=\"wp-caption-text\">A Yeferson Andr\u00e9s Cadena Guti\u00e9rrez la Fiscal\u00eda le imput\u00f3 el delito de hurto calificado, y hurto calificado agravado cargo que fue aceptado.<\/figcaption><\/figure>\n<p>Esta informaci\u00f3n se publica por razones de inter\u00e9s general.<\/p>\n<p>&nbsp;<\/p>\n<p>&nbsp;<\/p>\n<p>WAGG\/LMFO\/MAGA\/JCO\/DFHI\/DSH<\/p>\n<div><\/div>\n<div><\/div>\n<div><\/div>\n<p>&nbsp;<\/p>\n<p><i>La informaci\u00f3n contenida en este bolet\u00edn de prensa corresponde a la narraci\u00f3n de los hechos noticiosos objetivos, suministrados por los funcionarios encargados de adelantar las investigaciones penales al interior de la Fiscal\u00eda General de la Naci\u00f3n. Para el momento de la divulgaci\u00f3n de este comunicado, la situaci\u00f3n jur\u00eddica de la(s) persona(s) relacionada(s) se encuentra pendiente de resolver por la autoridad judicial competente, siempre bajo los preceptos de la presunci\u00f3n de inocencia, consagrados en el art\u00edculo 29 de la Constituci\u00f3n Pol\u00edtica y el art\u00edculo 7\u00ba de la Ley 906 de 2004.<\/i><\/p>\n\n<div class=\"twitter-share\"><a href=\"https:\/\/twitter.com\/intent\/tweet?via=fiscaliacol\" class=\"twitter-share-button\">Tweet<\/a><\/div>\n","protected":false},"excerpt":{"rendered":"<p>En una ofensiva contra los delitos que afectan la seguridad ciudadana, un fiscal adscrito a la Seccional Huila logr\u00f3 que jueces con funci\u00f3n de control de garant\u00edas impusieran medidas de aseguramiento en establecimiento carcelario contra cuatro hombres que estar\u00edan involucrados en hurtos en el municipio de Garz\u00f3n (Huila). Uno de los\u00a0casos ocurri\u00f3 el pasado 3 [&hellip;]<\/p>\n","protected":false},"author":181,"featured_media":0,"comment_status":"closed","ping_status":"open","sticky":false,"template":"","format":"standard","meta":{"_price":"","_stock":"","_tribe_ticket_header":"","_tribe_default_ticket_provider":"","_tribe_ticket_capacity":"0","_ticket_start_date":"","_ticket_end_date":"","_tribe_ticket_show_description":"","_tribe_ticket_show_not_going":false,"_tribe_ticket_use_global_stock":"","_tribe_ticket_global_stock_level":"","_global_stock_mode":"","_global_stock_cap":"","_tribe_rsvp_for_event":"","_tribe_ticket_going_count":"","_tribe_ticket_not_going_count":"","_tribe_tickets_list":"[]","_tribe_ticket_has_attendee_info_fields":false,"tdm_status":"","tdm_grid_status":"","footnotes":""},"categories":[1,24099],"tags":[31546,14550,1047,23898,16,23960,24485],"class_list":{"0":"post-293454","1":"post","2":"type-post","3":"status-publish","4":"format-standard","6":"category-noticias","7":"category-seguridad-territorial","8":"tag-calificado","9":"tag-carcel","10":"tag-fiscalia-general-de-la-nacion","11":"tag-garzon","12":"tag-huila","13":"tag-hurto","14":"tag-seccional-huila"},"yoast_head":"<!-- This site is optimized with the Yoast SEO plugin v24.3 - https:\/\/yoast.com\/wordpress\/plugins\/seo\/ -->\n<title>Fiscal\u00eda General de la Naci\u00f3n<\/title>\n<meta name=\"description\" content=\"P\u00e1gina oficial de la Fiscal\u00eda General de la Naci\u00f3n \u2013 Colombia. Garantizamos el acceso efectivo a la justicia, la verdad y la reparaci\u00f3n de las v\u00edctimas de los delitos.\" \/>\n<meta name=\"robots\" content=\"noindex, follow\" \/>\n<meta property=\"og:locale\" content=\"es_ES\" \/>\n<meta property=\"og:type\" content=\"article\" \/>\n<meta property=\"og:title\" content=\"Fiscal\u00eda General de la Naci\u00f3n\" \/>\n<meta property=\"og:description\" content=\"P\u00e1gina oficial de la Fiscal\u00eda General de la Naci\u00f3n \u2013 Colombia. Garantizamos el acceso efectivo a la justicia, la verdad y la reparaci\u00f3n de las v\u00edctimas de los delitos.\" \/>\n<meta property=\"og:url\" content=\"https:\/\/www.fiscalia.gov.co\/colombia\/seguridad-territorial\/a-la-carcel-cuatro-hombres-senalados-de-cometer-hurtos-en-huila\/\" \/>\n<meta property=\"og:site_name\" content=\"Fiscal\u00eda General de la Naci\u00f3n\" \/>\n<meta property=\"article:publisher\" content=\"https:\/\/www.facebook.com\/FiscaliaCol\" \/>\n<meta property=\"article:published_time\" content=\"2024-04-19T15:56:56+00:00\" \/>\n<meta property=\"article:modified_time\" content=\"2024-04-19T15:59:47+00:00\" \/>\n<meta property=\"og:image\" content=\"https:\/\/www.fiscalia.gov.co\/colombia\/wp-content\/uploads\/Evelio-Hoyos-Cardenas-300x169.jpeg\" \/>\n<meta name=\"author\" content=\"Johanna Islenny Prieto Pe\u00f1a\" \/>\n<meta name=\"twitter:card\" content=\"summary_large_image\" \/>\n<meta name=\"twitter:creator\" content=\"@FiscaliaCol\" \/>\n<meta name=\"twitter:site\" content=\"@FiscaliaCol\" \/>\n<meta name=\"twitter:label1\" content=\"Escrito por\" \/>\n\t<meta name=\"twitter:data1\" content=\"Johanna Islenny Prieto Pe\u00f1a\" \/>\n\t<meta name=\"twitter:label2\" content=\"Tiempo de lectura\" \/>\n\t<meta name=\"twitter:data2\" content=\"3 minutos\" \/>\n<script type=\"application\/ld+json\" class=\"yoast-schema-graph\">{\"@context\":\"https:\/\/schema.org\",\"@graph\":[{\"@type\":\"Article\",\"@id\":\"https:\/\/www.fiscalia.gov.co\/colombia\/seguridad-territorial\/a-la-carcel-cuatro-hombres-senalados-de-cometer-hurtos-en-huila\/#article\",\"isPartOf\":{\"@id\":\"https:\/\/www.fiscalia.gov.co\/colombia\/seguridad-territorial\/a-la-carcel-cuatro-hombres-senalados-de-cometer-hurtos-en-huila\/\"},\"author\":{\"name\":\"Johanna Islenny Prieto Pe\u00f1a\",\"@id\":\"https:\/\/www.fiscalia.gov.co\/colombia\/#\/schema\/person\/ba9eca435947489fb25117a0cd75bf3e\"},\"headline\":\"A la c\u00e1rcel cuatro hombres se\u00f1alados de cometer hurtos en Huila\",\"datePublished\":\"2024-04-19T15:56:56+00:00\",\"dateModified\":\"2024-04-19T15:59:47+00:00\",\"mainEntityOfPage\":{\"@id\":\"https:\/\/www.fiscalia.gov.co\/colombia\/seguridad-territorial\/a-la-carcel-cuatro-hombres-senalados-de-cometer-hurtos-en-huila\/\"},\"wordCount\":541,\"publisher\":{\"@id\":\"https:\/\/www.fiscalia.gov.co\/colombia\/#organization\"},\"image\":{\"@id\":\"https:\/\/www.fiscalia.gov.co\/colombia\/seguridad-territorial\/a-la-carcel-cuatro-hombres-senalados-de-cometer-hurtos-en-huila\/#primaryimage\"},\"thumbnailUrl\":\"https:\/\/www.fiscalia.gov.co\/colombia\/wp-content\/uploads\/Evelio-Hoyos-Cardenas-300x169.jpeg\",\"keywords\":[\"calificado\",\"C\u00e1rcel\",\"Fiscal\u00eda General de la Naci\u00f3n\",\"Garz\u00f3n\",\"Huila\",\"Hurto\",\"Seccional Huila\"],\"articleSection\":[\"Noticias\",\"Seguridad territorial\"],\"inLanguage\":\"es-CO\"},{\"@type\":\"WebPage\",\"@id\":\"https:\/\/www.fiscalia.gov.co\/colombia\/seguridad-territorial\/a-la-carcel-cuatro-hombres-senalados-de-cometer-hurtos-en-huila\/\",\"url\":\"https:\/\/www.fiscalia.gov.co\/colombia\/seguridad-territorial\/a-la-carcel-cuatro-hombres-senalados-de-cometer-hurtos-en-huila\/\",\"name\":\"Fiscal\u00eda General de la Naci\u00f3n\",\"isPartOf\":{\"@id\":\"https:\/\/www.fiscalia.gov.co\/colombia\/#website\"},\"primaryImageOfPage\":{\"@id\":\"https:\/\/www.fiscalia.gov.co\/colombia\/seguridad-territorial\/a-la-carcel-cuatro-hombres-senalados-de-cometer-hurtos-en-huila\/#primaryimage\"},\"image\":{\"@id\":\"https:\/\/www.fiscalia.gov.co\/colombia\/seguridad-territorial\/a-la-carcel-cuatro-hombres-senalados-de-cometer-hurtos-en-huila\/#primaryimage\"},\"thumbnailUrl\":\"https:\/\/www.fiscalia.gov.co\/colombia\/wp-content\/uploads\/Evelio-Hoyos-Cardenas-300x169.jpeg\",\"datePublished\":\"2024-04-19T15:56:56+00:00\",\"dateModified\":\"2024-04-19T15:59:47+00:00\",\"description\":\"P\u00e1gina oficial de la Fiscal\u00eda General de la Naci\u00f3n \u2013 Colombia. Garantizamos el acceso efectivo a la justicia, la verdad y la reparaci\u00f3n de las v\u00edctimas de los delitos.\",\"breadcrumb\":{\"@id\":\"https:\/\/www.fiscalia.gov.co\/colombia\/seguridad-territorial\/a-la-carcel-cuatro-hombres-senalados-de-cometer-hurtos-en-huila\/#breadcrumb\"},\"inLanguage\":\"es-CO\",\"potentialAction\":[{\"@type\":\"ReadAction\",\"target\":[\"https:\/\/www.fiscalia.gov.co\/colombia\/seguridad-territorial\/a-la-carcel-cuatro-hombres-senalados-de-cometer-hurtos-en-huila\/\"]}]},{\"@type\":\"ImageObject\",\"inLanguage\":\"es-CO\",\"@id\":\"https:\/\/www.fiscalia.gov.co\/colombia\/seguridad-territorial\/a-la-carcel-cuatro-hombres-senalados-de-cometer-hurtos-en-huila\/#primaryimage\",\"url\":\"https:\/\/www.fiscalia.gov.co\/colombia\/wp-content\/uploads\/Evelio-Hoyos-Cardenas-300x169.jpeg\",\"contentUrl\":\"https:\/\/www.fiscalia.gov.co\/colombia\/wp-content\/uploads\/Evelio-Hoyos-Cardenas-300x169.jpeg\"},{\"@type\":\"BreadcrumbList\",\"@id\":\"https:\/\/www.fiscalia.gov.co\/colombia\/seguridad-territorial\/a-la-carcel-cuatro-hombres-senalados-de-cometer-hurtos-en-huila\/#breadcrumb\",\"itemListElement\":[{\"@type\":\"ListItem\",\"position\":1,\"name\":\"Home\",\"item\":\"https:\/\/www.fiscalia.gov.co\/colombia\/\"},{\"@type\":\"ListItem\",\"position\":2,\"name\":\"A la c\u00e1rcel cuatro hombres se\u00f1alados de cometer hurtos en Huila\"}]},{\"@type\":\"WebSite\",\"@id\":\"https:\/\/www.fiscalia.gov.co\/colombia\/#website\",\"url\":\"https:\/\/www.fiscalia.gov.co\/colombia\/\",\"name\":\"Fiscal\u00eda General de la Naci\u00f3n\",\"description\":\"P\u00e1gina oficial de la Fiscal\u00eda General de la Naci\u00f3n \u2013 Colombia. Garantizamos el acceso efectivo a la justicia, la verdad y la reparaci\u00f3n de las v\u00edctimas de los delitos.\",\"publisher\":{\"@id\":\"https:\/\/www.fiscalia.gov.co\/colombia\/#organization\"},\"potentialAction\":[{\"@type\":\"SearchAction\",\"target\":{\"@type\":\"EntryPoint\",\"urlTemplate\":\"https:\/\/www.fiscalia.gov.co\/colombia\/?s={search_term_string}\"},\"query-input\":{\"@type\":\"PropertyValueSpecification\",\"valueRequired\":true,\"valueName\":\"search_term_string\"}}],\"inLanguage\":\"es-CO\"},{\"@type\":\"Organization\",\"@id\":\"https:\/\/www.fiscalia.gov.co\/colombia\/#organization\",\"name\":\"Fiscal\u00eda General de la Naci\u00f3n\",\"url\":\"https:\/\/www.fiscalia.gov.co\/colombia\/\",\"logo\":{\"@type\":\"ImageObject\",\"inLanguage\":\"es-CO\",\"@id\":\"https:\/\/www.fiscalia.gov.co\/colombia\/#\/schema\/logo\/image\/\",\"url\":\"https:\/\/www.fiscalia.gov.co\/colombia\/wp-content\/uploads\/LogoHorizontal_1.jpg\",\"contentUrl\":\"https:\/\/www.fiscalia.gov.co\/colombia\/wp-content\/uploads\/LogoHorizontal_1.jpg\",\"width\":300,\"height\":90,\"caption\":\"Fiscal\u00eda General de la Naci\u00f3n\"},\"image\":{\"@id\":\"https:\/\/www.fiscalia.gov.co\/colombia\/#\/schema\/logo\/image\/\"},\"sameAs\":[\"https:\/\/www.facebook.com\/FiscaliaCol\",\"https:\/\/x.com\/FiscaliaCol\",\"https:\/\/www.instagram.com\/fiscaliacol\",\"https:\/\/www.linkedin.com\/company\/fiscalia-general-de-la-naci-n\/\",\"https:\/\/youtube.com\/@fiscaliageneraldelanacion-4668?si=6nN79nyQICPU5iTh\"]},{\"@type\":\"Person\",\"@id\":\"https:\/\/www.fiscalia.gov.co\/colombia\/#\/schema\/person\/ba9eca435947489fb25117a0cd75bf3e\",\"name\":\"Johanna Islenny Prieto Pe\u00f1a\",\"image\":{\"@type\":\"ImageObject\",\"inLanguage\":\"es-CO\",\"@id\":\"https:\/\/www.fiscalia.gov.co\/colombia\/#\/schema\/person\/image\/\",\"url\":\"https:\/\/secure.gravatar.com\/avatar\/111433fc2acb037ffb768f6a3ca47864?s=96&d=mm&r=g\",\"contentUrl\":\"https:\/\/secure.gravatar.com\/avatar\/111433fc2acb037ffb768f6a3ca47864?s=96&d=mm&r=g\",\"caption\":\"Johanna Islenny Prieto Pe\u00f1a\"},\"url\":\"https:\/\/www.fiscalia.gov.co\/colombia\/author\/jprietop\/\"}]}<\/script>\n<!-- \/ Yoast SEO plugin. -->","yoast_head_json":{"title":"Fiscal\u00eda General de la Naci\u00f3n","description":"P\u00e1gina oficial de la Fiscal\u00eda General de la Naci\u00f3n \u2013 Colombia. Garantizamos el acceso efectivo a la justicia, la verdad y la reparaci\u00f3n de las v\u00edctimas de los delitos.","robots":{"index":"noindex","follow":"follow"},"og_locale":"es_ES","og_type":"article","og_title":"Fiscal\u00eda General de la Naci\u00f3n","og_description":"P\u00e1gina oficial de la Fiscal\u00eda General de la Naci\u00f3n \u2013 Colombia. Garantizamos el acceso efectivo a la justicia, la verdad y la reparaci\u00f3n de las v\u00edctimas de los delitos.","og_url":"https:\/\/www.fiscalia.gov.co\/colombia\/seguridad-territorial\/a-la-carcel-cuatro-hombres-senalados-de-cometer-hurtos-en-huila\/","og_site_name":"Fiscal\u00eda General de la Naci\u00f3n","article_publisher":"https:\/\/www.facebook.com\/FiscaliaCol","article_published_time":"2024-04-19T15:56:56+00:00","article_modified_time":"2024-04-19T15:59:47+00:00","og_image":[{"url":"https:\/\/www.fiscalia.gov.co\/colombia\/wp-content\/uploads\/Evelio-Hoyos-Cardenas-300x169.jpeg","type":"","width":"","height":""}],"author":"Johanna Islenny Prieto Pe\u00f1a","twitter_card":"summary_large_image","twitter_creator":"@FiscaliaCol","twitter_site":"@FiscaliaCol","twitter_misc":{"Escrito por":"Johanna Islenny Prieto Pe\u00f1a","Tiempo de lectura":"3 minutos"},"schema":{"@context":"https:\/\/schema.org","@graph":[{"@type":"Article","@id":"https:\/\/www.fiscalia.gov.co\/colombia\/seguridad-territorial\/a-la-carcel-cuatro-hombres-senalados-de-cometer-hurtos-en-huila\/#article","isPartOf":{"@id":"https:\/\/www.fiscalia.gov.co\/colombia\/seguridad-territorial\/a-la-carcel-cuatro-hombres-senalados-de-cometer-hurtos-en-huila\/"},"author":{"name":"Johanna Islenny Prieto Pe\u00f1a","@id":"https:\/\/www.fiscalia.gov.co\/colombia\/#\/schema\/person\/ba9eca435947489fb25117a0cd75bf3e"},"headline":"A la c\u00e1rcel cuatro hombres se\u00f1alados de cometer hurtos en Huila","datePublished":"2024-04-19T15:56:56+00:00","dateModified":"2024-04-19T15:59:47+00:00","mainEntityOfPage":{"@id":"https:\/\/www.fiscalia.gov.co\/colombia\/seguridad-territorial\/a-la-carcel-cuatro-hombres-senalados-de-cometer-hurtos-en-huila\/"},"wordCount":541,"publisher":{"@id":"https:\/\/www.fiscalia.gov.co\/colombia\/#organization"},"image":{"@id":"https:\/\/www.fiscalia.gov.co\/colombia\/seguridad-territorial\/a-la-carcel-cuatro-hombres-senalados-de-cometer-hurtos-en-huila\/#primaryimage"},"thumbnailUrl":"https:\/\/www.fiscalia.gov.co\/colombia\/wp-content\/uploads\/Evelio-Hoyos-Cardenas-300x169.jpeg","keywords":["calificado","C\u00e1rcel","Fiscal\u00eda General de la Naci\u00f3n","Garz\u00f3n","Huila","Hurto","Seccional Huila"],"articleSection":["Noticias","Seguridad territorial"],"inLanguage":"es-CO"},{"@type":"WebPage","@id":"https:\/\/www.fiscalia.gov.co\/colombia\/seguridad-territorial\/a-la-carcel-cuatro-hombres-senalados-de-cometer-hurtos-en-huila\/","url":"https:\/\/www.fiscalia.gov.co\/colombia\/seguridad-territorial\/a-la-carcel-cuatro-hombres-senalados-de-cometer-hurtos-en-huila\/","name":"Fiscal\u00eda General de la Naci\u00f3n","isPartOf":{"@id":"https:\/\/www.fiscalia.gov.co\/colombia\/#website"},"primaryImageOfPage":{"@id":"https:\/\/www.fiscalia.gov.co\/colombia\/seguridad-territorial\/a-la-carcel-cuatro-hombres-senalados-de-cometer-hurtos-en-huila\/#primaryimage"},"image":{"@id":"https:\/\/www.fiscalia.gov.co\/colombia\/seguridad-territorial\/a-la-carcel-cuatro-hombres-senalados-de-cometer-hurtos-en-huila\/#primaryimage"},"thumbnailUrl":"https:\/\/www.fiscalia.gov.co\/colombia\/wp-content\/uploads\/Evelio-Hoyos-Cardenas-300x169.jpeg","datePublished":"2024-04-19T15:56:56+00:00","dateModified":"2024-04-19T15:59:47+00:00","description":"P\u00e1gina oficial de la Fiscal\u00eda General de la Naci\u00f3n \u2013 Colombia. Garantizamos el acceso efectivo a la justicia, la verdad y la reparaci\u00f3n de las v\u00edctimas de los delitos.","breadcrumb":{"@id":"https:\/\/www.fiscalia.gov.co\/colombia\/seguridad-territorial\/a-la-carcel-cuatro-hombres-senalados-de-cometer-hurtos-en-huila\/#breadcrumb"},"inLanguage":"es-CO","potentialAction":[{"@type":"ReadAction","target":["https:\/\/www.fiscalia.gov.co\/colombia\/seguridad-territorial\/a-la-carcel-cuatro-hombres-senalados-de-cometer-hurtos-en-huila\/"]}]},{"@type":"ImageObject","inLanguage":"es-CO","@id":"https:\/\/www.fiscalia.gov.co\/colombia\/seguridad-territorial\/a-la-carcel-cuatro-hombres-senalados-de-cometer-hurtos-en-huila\/#primaryimage","url":"https:\/\/www.fiscalia.gov.co\/colombia\/wp-content\/uploads\/Evelio-Hoyos-Cardenas-300x169.jpeg","contentUrl":"https:\/\/www.fiscalia.gov.co\/colombia\/wp-content\/uploads\/Evelio-Hoyos-Cardenas-300x169.jpeg"},{"@type":"BreadcrumbList","@id":"https:\/\/www.fiscalia.gov.co\/colombia\/seguridad-territorial\/a-la-carcel-cuatro-hombres-senalados-de-cometer-hurtos-en-huila\/#breadcrumb","itemListElement":[{"@type":"ListItem","position":1,"name":"Home","item":"https:\/\/www.fiscalia.gov.co\/colombia\/"},{"@type":"ListItem","position":2,"name":"A la c\u00e1rcel cuatro hombres se\u00f1alados de cometer hurtos en Huila"}]},{"@type":"WebSite","@id":"https:\/\/www.fiscalia.gov.co\/colombia\/#website","url":"https:\/\/www.fiscalia.gov.co\/colombia\/","name":"Fiscal\u00eda General de la Naci\u00f3n","description":"P\u00e1gina oficial de la Fiscal\u00eda General de la Naci\u00f3n \u2013 Colombia. Garantizamos el acceso efectivo a la justicia, la verdad y la reparaci\u00f3n de las v\u00edctimas de los delitos.","publisher":{"@id":"https:\/\/www.fiscalia.gov.co\/colombia\/#organization"},"potentialAction":[{"@type":"SearchAction","target":{"@type":"EntryPoint","urlTemplate":"https:\/\/www.fiscalia.gov.co\/colombia\/?s={search_term_string}"},"query-input":{"@type":"PropertyValueSpecification","valueRequired":true,"valueName":"search_term_string"}}],"inLanguage":"es-CO"},{"@type":"Organization","@id":"https:\/\/www.fiscalia.gov.co\/colombia\/#organization","name":"Fiscal\u00eda General de la Naci\u00f3n","url":"https:\/\/www.fiscalia.gov.co\/colombia\/","logo":{"@type":"ImageObject","inLanguage":"es-CO","@id":"https:\/\/www.fiscalia.gov.co\/colombia\/#\/schema\/logo\/image\/","url":"https:\/\/www.fiscalia.gov.co\/colombia\/wp-content\/uploads\/LogoHorizontal_1.jpg","contentUrl":"https:\/\/www.fiscalia.gov.co\/colombia\/wp-content\/uploads\/LogoHorizontal_1.jpg","width":300,"height":90,"caption":"Fiscal\u00eda General de la Naci\u00f3n"},"image":{"@id":"https:\/\/www.fiscalia.gov.co\/colombia\/#\/schema\/logo\/image\/"},"sameAs":["https:\/\/www.facebook.com\/FiscaliaCol","https:\/\/x.com\/FiscaliaCol","https:\/\/www.instagram.com\/fiscaliacol","https:\/\/www.linkedin.com\/company\/fiscalia-general-de-la-naci-n\/","https:\/\/youtube.com\/@fiscaliageneraldelanacion-4668?si=6nN79nyQICPU5iTh"]},{"@type":"Person","@id":"https:\/\/www.fiscalia.gov.co\/colombia\/#\/schema\/person\/ba9eca435947489fb25117a0cd75bf3e","name":"Johanna Islenny Prieto Pe\u00f1a","image":{"@type":"ImageObject","inLanguage":"es-CO","@id":"https:\/\/www.fiscalia.gov.co\/colombia\/#\/schema\/person\/image\/","url":"https:\/\/secure.gravatar.com\/avatar\/111433fc2acb037ffb768f6a3ca47864?s=96&d=mm&r=g","contentUrl":"https:\/\/secure.gravatar.com\/avatar\/111433fc2acb037ffb768f6a3ca47864?s=96&d=mm&r=g","caption":"Johanna Islenny Prieto Pe\u00f1a"},"url":"https:\/\/www.fiscalia.gov.co\/colombia\/author\/jprietop\/"}]}},"_links":{"self":[{"href":"https:\/\/www.fiscalia.gov.co\/colombia\/wp-json\/wp\/v2\/posts\/293454","targetHints":{"allow":["GET"]}}],"collection":[{"href":"https:\/\/www.fiscalia.gov.co\/colombia\/wp-json\/wp\/v2\/posts"}],"about":[{"href":"https:\/\/www.fiscalia.gov.co\/colombia\/wp-json\/wp\/v2\/types\/post"}],"author":[{"embeddable":true,"href":"https:\/\/www.fiscalia.gov.co\/colombia\/wp-json\/wp\/v2\/users\/181"}],"replies":[{"embeddable":true,"href":"https:\/\/www.fiscalia.gov.co\/colombia\/wp-json\/wp\/v2\/comments?post=293454"}],"version-history":[{"count":4,"href":"https:\/\/www.fiscalia.gov.co\/colombia\/wp-json\/wp\/v2\/posts\/293454\/revisions"}],"predecessor-version":[{"id":293462,"href":"https:\/\/www.fiscalia.gov.co\/colombia\/wp-json\/wp\/v2\/posts\/293454\/revisions\/293462"}],"wp:attachment":[{"href":"https:\/\/www.fiscalia.gov.co\/colombia\/wp-json\/wp\/v2\/media?parent=293454"}],"wp:term":[{"taxonomy":"category","embeddable":true,"href":"https:\/\/www.fiscalia.gov.co\/colombia\/wp-json\/wp\/v2\/categories?post=293454"},{"taxonomy":"post_tag","embeddable":true,"href":"https:\/\/www.fiscalia.gov.co\/colombia\/wp-json\/wp\/v2\/tags?post=293454"}],"curies":[{"name":"wp","href":"https:\/\/api.w.org\/{rel}","templated":true}]}}