{"id":293446,"date":"2024-04-19T10:20:49","date_gmt":"2024-04-19T15:20:49","guid":{"rendered":"https:\/\/www.fiscalia.gov.co\/colombia\/?p=293446"},"modified":"2024-04-19T11:02:23","modified_gmt":"2024-04-19T16:02:23","slug":"a-la-carcel-siete-presuntos-integrantes-del-ala-criminal-de-la-organizacion-ilegal-la-inmaculada","status":"publish","type":"post","link":"https:\/\/www.fiscalia.gov.co\/colombia\/noticias\/a-la-carcel-siete-presuntos-integrantes-del-ala-criminal-de-la-organizacion-ilegal-la-inmaculada\/","title":{"rendered":"A la c\u00e1rcel siete presuntos integrantes del ala criminal de la organizaci\u00f3n ilegal La Inmaculada"},"content":{"rendered":"<h4 style=\"font-weight: 400;\"><strong><em>Los procesados son investigados por su presunta participaci\u00f3n en dos homicidios, una tentativa de homicidio y la extorsi\u00f3n a los propietarios de un comercio.<\/em><\/strong><\/h4>\n<p style=\"font-weight: 400;\"><strong>La Fiscal\u00eda General de la Naci\u00f3n judicializ\u00f3 a siete presuntos integrantes del grupo de delincuencia\u00a0organizada \u2018San Pacho 2\u2019,<\/strong> que delinque para la estructura criminal La Inmaculada o <a href=\"https:\/\/www.fiscalia.gov.co\/colombia\/noticias\/carcel-para-senalado-integrante-del-grupo-delincuencial-la-oficina-por-trafico-de-estupefacientes-en-tulua\/\" target=\"_blank\" rel=\"noopener\">La Oficina<\/a>; y a la cual se le atribuyen m\u00faltiples delitos cometidos en Tulu\u00e1 (Valle del Cauca).<\/p>\n<figure id=\"attachment_293447\" aria-describedby=\"caption-attachment-293447\" style=\"width: 300px\" class=\"wp-caption aligncenter\"><img loading=\"lazy\" decoding=\"async\" class=\"size-medium wp-image-293447\" src=\"https:\/\/www.fiscalia.gov.co\/colombia\/wp-content\/uploads\/San-Pacho-2.-Concierto-homicidio-y-otros.-Tulua-Valle-300x162.jpg\" alt=\"En la fotograf\u00eda se aprecia de pie a los presuntos integrantes del GDO San Pacho 2. A los extremos del grupo hay uniformados de la Polic\u00eda Nacional. Delante de ellos hay una mesa con mantel verde y sobre ella hay un letrero con logos de la Polic\u00eda que dice: \u2018Orden judicial\u2019. Detr\u00e1s de ellos hay un pend\u00f3n institucional de la Polic\u00eda.\" width=\"300\" height=\"162\" srcset=\"https:\/\/www.fiscalia.gov.co\/colombia\/wp-content\/uploads\/San-Pacho-2.-Concierto-homicidio-y-otros.-Tulua-Valle-300x162.jpg 300w, https:\/\/www.fiscalia.gov.co\/colombia\/wp-content\/uploads\/San-Pacho-2.-Concierto-homicidio-y-otros.-Tulua-Valle-1024x553.jpg 1024w, https:\/\/www.fiscalia.gov.co\/colombia\/wp-content\/uploads\/San-Pacho-2.-Concierto-homicidio-y-otros.-Tulua-Valle-768x415.jpg 768w, https:\/\/www.fiscalia.gov.co\/colombia\/wp-content\/uploads\/San-Pacho-2.-Concierto-homicidio-y-otros.-Tulua-Valle-1536x829.jpg 1536w, https:\/\/www.fiscalia.gov.co\/colombia\/wp-content\/uploads\/San-Pacho-2.-Concierto-homicidio-y-otros.-Tulua-Valle-696x376.jpg 696w, https:\/\/www.fiscalia.gov.co\/colombia\/wp-content\/uploads\/San-Pacho-2.-Concierto-homicidio-y-otros.-Tulua-Valle-1068x580.jpg 1068w, https:\/\/www.fiscalia.gov.co\/colombia\/wp-content\/uploads\/San-Pacho-2.-Concierto-homicidio-y-otros.-Tulua-Valle-778x420.jpg 778w, https:\/\/www.fiscalia.gov.co\/colombia\/wp-content\/uploads\/San-Pacho-2.-Concierto-homicidio-y-otros.-Tulua-Valle.jpg 1600w\" sizes=\"auto, (max-width: 300px) 100vw, 300px\" \/><figcaption id=\"caption-attachment-293447\" class=\"wp-caption-text\">Presuntos integrantes del GDO San Pacho 2, se\u00f1alados como \u2018brazo armado\u2019 o \u2018ala criminal\u2019 del grupo delincuencial La Inmaculada que delinque en Tulu\u00e1 (Valle del Cauca).<\/figcaption><\/figure>\n<p style=\"font-weight: 400;\">De acuerdo con la investigaci\u00f3n, liderada por un fiscal especializado de la Seccional Valle del Cauca, <strong>los procesados estar\u00edan implicados en la venta de estupefacientes, constre\u00f1imiento a comerciantes y en dos homicidios ocurridos en febrero y mayo del 2023.<\/strong><\/p>\n<p style=\"font-weight: 400;\">Las labores de polic\u00eda judicial, adelantadas por servidores del Cuerpo T\u00e9cnico de Investigaci\u00f3n (CTI) y la Sij\u00edn evidenciaron que \u2018San Pacho 2\u2019 tambi\u00e9n <a href=\"https:\/\/www.fiscalia.gov.co\/colombia\/noticias\/desarticulado-grupo-delincuencial-los-ipialenos-dedicado-al-comercio-de-estupefacientes-en-barrios-de-ipiales-narino\/\" target=\"_blank\" rel=\"noopener\">controlar\u00eda la venta de estupefacientes al menudeo en dicho municipio.<\/a><\/p>\n<p style=\"font-weight: 400;\"><strong>Las acciones ilegales estar\u00edan coordinadas por cabecillas del grupo ilegal quienes vendr\u00edan delinquiendo desde las penitenciar\u00edas<\/strong> en las que est\u00e1n privados de la libertad por distintos delitos.<\/p>\n<p style=\"font-weight: 400;\">Nueve diligencias de registro y allanamiento realizadas en los barrios La Inmaculada, Bosques de Maracaibo y en la invasi\u00f3n Pe\u00f1aranda fueron capturados: Manuel Alejandro Castro Pi\u00f1eres, alias Oso T; Jhon Nicol\u00e1s Ram\u00edrez Echeverry, alias Nicol\u00e1s; D\u00e1vinson Javier Granados Rengifo, alias D\u00e1vinson; \u00d3scar Alirio Herrera Salazar, alias Alirio; Juli\u00e1n Andr\u00e9s Ortiz, alias Care Pu\u00f1o; H\u00e9ctor Estiven Naranjo, alias Soldado; y Jhon Jader Granados Lugo, alias Granados.<\/p>\n<p style=\"font-weight: 400;\"><strong>La Fiscal\u00eda General de la Naci\u00f3n logr\u00f3 establecer que \u2018San Pacho 2\u2019 es una estructura criminal asociada al grupo delincuencial La Inmaculada.<\/strong><\/p>\n<p style=\"font-weight: 400;\">Los procesados fueron imputados, seg\u00fan sus responsabilidades individuales, con delitos como: homicidio agravado, concierto para delinquir agravado, constre\u00f1imiento ilegal y fabricaci\u00f3n, tr\u00e1fico o porte de estupefacientes. Ninguno de los investigados acept\u00f3 su responsabilidad frente a los cargos.<\/p>\n<p style=\"font-weight: 400;\">Por petici\u00f3n de la Fiscal\u00eda el juez del caso impuso a los investigados medida de aseguramiento en establecimiento carcelario.<\/p>\n<p style=\"font-weight: 400;\">Esta informaci\u00f3n se publica por razones de inter\u00e9s general.<\/p>\n<p style=\"font-weight: 400;\">MAP\/AICR\/DSVC\/AMCJ\/MAGA\/<\/p>\n<p>&nbsp;<\/p>\n<p>&nbsp;<\/p>\n<p>&nbsp;<\/p>\n<p>&nbsp;<\/p>\n<p><i>La informaci\u00f3n contenida en este bolet\u00edn de prensa corresponde a la narraci\u00f3n de los hechos noticiosos objetivos, suministrados por los funcionarios encargados de adelantar las investigaciones penales al interior de la Fiscal\u00eda General de la Naci\u00f3n. Para el momento de la divulgaci\u00f3n de este comunicado, la situaci\u00f3n jur\u00eddica de la(s) persona(s) relacionada(s) se encuentra pendiente de resolver por la autoridad judicial competente, siempre bajo los preceptos de la presunci\u00f3n de inocencia, consagrados en el art\u00edculo 29 de la Constituci\u00f3n Pol\u00edtica y el art\u00edculo 7\u00ba de la Ley 906 de 2004.<\/i><\/p>\n<p>&nbsp;<\/p>\n\n<div class=\"twitter-share\"><a href=\"https:\/\/twitter.com\/intent\/tweet?via=fiscaliacol\" class=\"twitter-share-button\">Tweet<\/a><\/div>\n","protected":false},"excerpt":{"rendered":"<p>Los procesados son investigados por su presunta participaci\u00f3n en dos homicidios, una tentativa de homicidio y la extorsi\u00f3n a los propietarios de un comercio. La Fiscal\u00eda General de la Naci\u00f3n judicializ\u00f3 a siete presuntos integrantes del grupo de delincuencia\u00a0organizada \u2018San Pacho 2\u2019, que delinque para la estructura criminal La Inmaculada o La Oficina; y a [&hellip;]<\/p>\n","protected":false},"author":181,"featured_media":0,"comment_status":"closed","ping_status":"open","sticky":false,"template":"","format":"standard","meta":{"_price":"","_stock":"","_tribe_ticket_header":"","_tribe_default_ticket_provider":"","_tribe_ticket_capacity":"0","_ticket_start_date":"","_ticket_end_date":"","_tribe_ticket_show_description":"","_tribe_ticket_show_not_going":false,"_tribe_ticket_use_global_stock":"","_tribe_ticket_global_stock_level":"","_global_stock_mode":"","_global_stock_cap":"","_tribe_rsvp_for_event":"","_tribe_ticket_going_count":"","_tribe_ticket_not_going_count":"","_tribe_tickets_list":"[]","_tribe_ticket_has_attendee_info_fields":false,"tdm_status":"","tdm_grid_status":"","footnotes":""},"categories":[1,24099],"tags":[37695,37492,4614,1047,37694,30239],"class_list":{"0":"post-293446","1":"post","2":"type-post","3":"status-publish","4":"format-standard","6":"category-noticias","7":"category-seguridad-territorial","8":"tag-fisca-general","9":"tag-fiscal-luz-adriana-camargo","10":"tag-fiscalia-2","11":"tag-fiscalia-general-de-la-nacion","12":"tag-organizacion-ilegal-la-inmaculada","13":"tag-seguridad-territorial"},"yoast_head":"<!-- This site is optimized with the Yoast SEO plugin v24.3 - https:\/\/yoast.com\/wordpress\/plugins\/seo\/ -->\n<title>Fiscal\u00eda General de la Naci\u00f3n<\/title>\n<meta name=\"description\" content=\"P\u00e1gina oficial de la Fiscal\u00eda General de la Naci\u00f3n \u2013 Colombia. Garantizamos el acceso efectivo a la justicia, la verdad y la reparaci\u00f3n de las v\u00edctimas de los delitos.\" \/>\n<meta name=\"robots\" content=\"noindex, follow\" \/>\n<meta property=\"og:locale\" content=\"es_ES\" \/>\n<meta property=\"og:type\" content=\"article\" \/>\n<meta property=\"og:title\" content=\"Fiscal\u00eda General de la Naci\u00f3n\" \/>\n<meta property=\"og:description\" content=\"P\u00e1gina oficial de la Fiscal\u00eda General de la Naci\u00f3n \u2013 Colombia. Garantizamos el acceso efectivo a la justicia, la verdad y la reparaci\u00f3n de las v\u00edctimas de los delitos.\" \/>\n<meta property=\"og:url\" content=\"https:\/\/www.fiscalia.gov.co\/colombia\/noticias\/a-la-carcel-siete-presuntos-integrantes-del-ala-criminal-de-la-organizacion-ilegal-la-inmaculada\/\" \/>\n<meta property=\"og:site_name\" content=\"Fiscal\u00eda General de la Naci\u00f3n\" \/>\n<meta property=\"article:publisher\" content=\"https:\/\/www.facebook.com\/FiscaliaCol\" \/>\n<meta property=\"article:published_time\" content=\"2024-04-19T15:20:49+00:00\" \/>\n<meta property=\"article:modified_time\" content=\"2024-04-19T16:02:23+00:00\" \/>\n<meta property=\"og:image\" content=\"https:\/\/www.fiscalia.gov.co\/colombia\/wp-content\/uploads\/San-Pacho-2.-Concierto-homicidio-y-otros.-Tulua-Valle-300x162.jpg\" \/>\n<meta name=\"author\" content=\"Johanna Islenny Prieto Pe\u00f1a\" \/>\n<meta name=\"twitter:card\" content=\"summary_large_image\" \/>\n<meta name=\"twitter:creator\" content=\"@FiscaliaCol\" \/>\n<meta name=\"twitter:site\" content=\"@FiscaliaCol\" \/>\n<meta name=\"twitter:label1\" content=\"Escrito por\" \/>\n\t<meta name=\"twitter:data1\" content=\"Johanna Islenny Prieto Pe\u00f1a\" \/>\n\t<meta name=\"twitter:label2\" content=\"Tiempo de lectura\" \/>\n\t<meta name=\"twitter:data2\" content=\"2 minutos\" \/>\n<script type=\"application\/ld+json\" class=\"yoast-schema-graph\">{\"@context\":\"https:\/\/schema.org\",\"@graph\":[{\"@type\":\"Article\",\"@id\":\"https:\/\/www.fiscalia.gov.co\/colombia\/noticias\/a-la-carcel-siete-presuntos-integrantes-del-ala-criminal-de-la-organizacion-ilegal-la-inmaculada\/#article\",\"isPartOf\":{\"@id\":\"https:\/\/www.fiscalia.gov.co\/colombia\/noticias\/a-la-carcel-siete-presuntos-integrantes-del-ala-criminal-de-la-organizacion-ilegal-la-inmaculada\/\"},\"author\":{\"name\":\"Johanna Islenny Prieto Pe\u00f1a\",\"@id\":\"https:\/\/www.fiscalia.gov.co\/colombia\/#\/schema\/person\/ba9eca435947489fb25117a0cd75bf3e\"},\"headline\":\"A la c\u00e1rcel siete presuntos integrantes del ala criminal de la organizaci\u00f3n ilegal La Inmaculada\",\"datePublished\":\"2024-04-19T15:20:49+00:00\",\"dateModified\":\"2024-04-19T16:02:23+00:00\",\"mainEntityOfPage\":{\"@id\":\"https:\/\/www.fiscalia.gov.co\/colombia\/noticias\/a-la-carcel-siete-presuntos-integrantes-del-ala-criminal-de-la-organizacion-ilegal-la-inmaculada\/\"},\"wordCount\":518,\"publisher\":{\"@id\":\"https:\/\/www.fiscalia.gov.co\/colombia\/#organization\"},\"image\":{\"@id\":\"https:\/\/www.fiscalia.gov.co\/colombia\/noticias\/a-la-carcel-siete-presuntos-integrantes-del-ala-criminal-de-la-organizacion-ilegal-la-inmaculada\/#primaryimage\"},\"thumbnailUrl\":\"https:\/\/www.fiscalia.gov.co\/colombia\/wp-content\/uploads\/San-Pacho-2.-Concierto-homicidio-y-otros.-Tulua-Valle-300x162.jpg\",\"keywords\":[\"Fisca general\",\"Fiscal Luz Adriana Camargo\",\"Fiscal\u00eda\",\"Fiscal\u00eda General de la Naci\u00f3n\",\"organizaci\u00f3n ilegal La Inmaculada\",\"Seguridad territorial\"],\"articleSection\":[\"Noticias\",\"Seguridad territorial\"],\"inLanguage\":\"es-CO\"},{\"@type\":\"WebPage\",\"@id\":\"https:\/\/www.fiscalia.gov.co\/colombia\/noticias\/a-la-carcel-siete-presuntos-integrantes-del-ala-criminal-de-la-organizacion-ilegal-la-inmaculada\/\",\"url\":\"https:\/\/www.fiscalia.gov.co\/colombia\/noticias\/a-la-carcel-siete-presuntos-integrantes-del-ala-criminal-de-la-organizacion-ilegal-la-inmaculada\/\",\"name\":\"Fiscal\u00eda General de la Naci\u00f3n\",\"isPartOf\":{\"@id\":\"https:\/\/www.fiscalia.gov.co\/colombia\/#website\"},\"primaryImageOfPage\":{\"@id\":\"https:\/\/www.fiscalia.gov.co\/colombia\/noticias\/a-la-carcel-siete-presuntos-integrantes-del-ala-criminal-de-la-organizacion-ilegal-la-inmaculada\/#primaryimage\"},\"image\":{\"@id\":\"https:\/\/www.fiscalia.gov.co\/colombia\/noticias\/a-la-carcel-siete-presuntos-integrantes-del-ala-criminal-de-la-organizacion-ilegal-la-inmaculada\/#primaryimage\"},\"thumbnailUrl\":\"https:\/\/www.fiscalia.gov.co\/colombia\/wp-content\/uploads\/San-Pacho-2.-Concierto-homicidio-y-otros.-Tulua-Valle-300x162.jpg\",\"datePublished\":\"2024-04-19T15:20:49+00:00\",\"dateModified\":\"2024-04-19T16:02:23+00:00\",\"description\":\"P\u00e1gina oficial de la Fiscal\u00eda General de la Naci\u00f3n \u2013 Colombia. Garantizamos el acceso efectivo a la justicia, la verdad y la reparaci\u00f3n de las v\u00edctimas de los delitos.\",\"breadcrumb\":{\"@id\":\"https:\/\/www.fiscalia.gov.co\/colombia\/noticias\/a-la-carcel-siete-presuntos-integrantes-del-ala-criminal-de-la-organizacion-ilegal-la-inmaculada\/#breadcrumb\"},\"inLanguage\":\"es-CO\",\"potentialAction\":[{\"@type\":\"ReadAction\",\"target\":[\"https:\/\/www.fiscalia.gov.co\/colombia\/noticias\/a-la-carcel-siete-presuntos-integrantes-del-ala-criminal-de-la-organizacion-ilegal-la-inmaculada\/\"]}]},{\"@type\":\"ImageObject\",\"inLanguage\":\"es-CO\",\"@id\":\"https:\/\/www.fiscalia.gov.co\/colombia\/noticias\/a-la-carcel-siete-presuntos-integrantes-del-ala-criminal-de-la-organizacion-ilegal-la-inmaculada\/#primaryimage\",\"url\":\"https:\/\/www.fiscalia.gov.co\/colombia\/wp-content\/uploads\/San-Pacho-2.-Concierto-homicidio-y-otros.-Tulua-Valle.jpg\",\"contentUrl\":\"https:\/\/www.fiscalia.gov.co\/colombia\/wp-content\/uploads\/San-Pacho-2.-Concierto-homicidio-y-otros.-Tulua-Valle.jpg\",\"width\":1600,\"height\":864,\"caption\":\"Presuntos integrantes del GDO San Pacho 2, se\u00f1alados como \u2018brazo armado\u2019 o \u2018ala criminal\u2019 del grupo delincuencial La Inmaculada que delinque en Tulu\u00e1 (Valle del Cauca).\"},{\"@type\":\"BreadcrumbList\",\"@id\":\"https:\/\/www.fiscalia.gov.co\/colombia\/noticias\/a-la-carcel-siete-presuntos-integrantes-del-ala-criminal-de-la-organizacion-ilegal-la-inmaculada\/#breadcrumb\",\"itemListElement\":[{\"@type\":\"ListItem\",\"position\":1,\"name\":\"Home\",\"item\":\"https:\/\/www.fiscalia.gov.co\/colombia\/\"},{\"@type\":\"ListItem\",\"position\":2,\"name\":\"A la c\u00e1rcel siete presuntos integrantes del ala criminal de la organizaci\u00f3n ilegal La Inmaculada\"}]},{\"@type\":\"WebSite\",\"@id\":\"https:\/\/www.fiscalia.gov.co\/colombia\/#website\",\"url\":\"https:\/\/www.fiscalia.gov.co\/colombia\/\",\"name\":\"Fiscal\u00eda General de la Naci\u00f3n\",\"description\":\"P\u00e1gina oficial de la Fiscal\u00eda General de la Naci\u00f3n \u2013 Colombia. Garantizamos el acceso efectivo a la justicia, la verdad y la reparaci\u00f3n de las v\u00edctimas de los delitos.\",\"publisher\":{\"@id\":\"https:\/\/www.fiscalia.gov.co\/colombia\/#organization\"},\"potentialAction\":[{\"@type\":\"SearchAction\",\"target\":{\"@type\":\"EntryPoint\",\"urlTemplate\":\"https:\/\/www.fiscalia.gov.co\/colombia\/?s={search_term_string}\"},\"query-input\":{\"@type\":\"PropertyValueSpecification\",\"valueRequired\":true,\"valueName\":\"search_term_string\"}}],\"inLanguage\":\"es-CO\"},{\"@type\":\"Organization\",\"@id\":\"https:\/\/www.fiscalia.gov.co\/colombia\/#organization\",\"name\":\"Fiscal\u00eda General de la Naci\u00f3n\",\"url\":\"https:\/\/www.fiscalia.gov.co\/colombia\/\",\"logo\":{\"@type\":\"ImageObject\",\"inLanguage\":\"es-CO\",\"@id\":\"https:\/\/www.fiscalia.gov.co\/colombia\/#\/schema\/logo\/image\/\",\"url\":\"https:\/\/www.fiscalia.gov.co\/colombia\/wp-content\/uploads\/LogoHorizontal_1.jpg\",\"contentUrl\":\"https:\/\/www.fiscalia.gov.co\/colombia\/wp-content\/uploads\/LogoHorizontal_1.jpg\",\"width\":300,\"height\":90,\"caption\":\"Fiscal\u00eda General de la Naci\u00f3n\"},\"image\":{\"@id\":\"https:\/\/www.fiscalia.gov.co\/colombia\/#\/schema\/logo\/image\/\"},\"sameAs\":[\"https:\/\/www.facebook.com\/FiscaliaCol\",\"https:\/\/x.com\/FiscaliaCol\",\"https:\/\/www.instagram.com\/fiscaliacol\",\"https:\/\/www.linkedin.com\/company\/fiscalia-general-de-la-naci-n\/\",\"https:\/\/youtube.com\/@fiscaliageneraldelanacion-4668?si=6nN79nyQICPU5iTh\"]},{\"@type\":\"Person\",\"@id\":\"https:\/\/www.fiscalia.gov.co\/colombia\/#\/schema\/person\/ba9eca435947489fb25117a0cd75bf3e\",\"name\":\"Johanna Islenny Prieto Pe\u00f1a\",\"image\":{\"@type\":\"ImageObject\",\"inLanguage\":\"es-CO\",\"@id\":\"https:\/\/www.fiscalia.gov.co\/colombia\/#\/schema\/person\/image\/\",\"url\":\"https:\/\/secure.gravatar.com\/avatar\/111433fc2acb037ffb768f6a3ca47864?s=96&d=mm&r=g\",\"contentUrl\":\"https:\/\/secure.gravatar.com\/avatar\/111433fc2acb037ffb768f6a3ca47864?s=96&d=mm&r=g\",\"caption\":\"Johanna Islenny Prieto Pe\u00f1a\"},\"url\":\"https:\/\/www.fiscalia.gov.co\/colombia\/author\/jprietop\/\"}]}<\/script>\n<!-- \/ Yoast SEO plugin. -->","yoast_head_json":{"title":"Fiscal\u00eda General de la Naci\u00f3n","description":"P\u00e1gina oficial de la Fiscal\u00eda General de la Naci\u00f3n \u2013 Colombia. Garantizamos el acceso efectivo a la justicia, la verdad y la reparaci\u00f3n de las v\u00edctimas de los delitos.","robots":{"index":"noindex","follow":"follow"},"og_locale":"es_ES","og_type":"article","og_title":"Fiscal\u00eda General de la Naci\u00f3n","og_description":"P\u00e1gina oficial de la Fiscal\u00eda General de la Naci\u00f3n \u2013 Colombia. Garantizamos el acceso efectivo a la justicia, la verdad y la reparaci\u00f3n de las v\u00edctimas de los delitos.","og_url":"https:\/\/www.fiscalia.gov.co\/colombia\/noticias\/a-la-carcel-siete-presuntos-integrantes-del-ala-criminal-de-la-organizacion-ilegal-la-inmaculada\/","og_site_name":"Fiscal\u00eda General de la Naci\u00f3n","article_publisher":"https:\/\/www.facebook.com\/FiscaliaCol","article_published_time":"2024-04-19T15:20:49+00:00","article_modified_time":"2024-04-19T16:02:23+00:00","og_image":[{"url":"https:\/\/www.fiscalia.gov.co\/colombia\/wp-content\/uploads\/San-Pacho-2.-Concierto-homicidio-y-otros.-Tulua-Valle-300x162.jpg","type":"","width":"","height":""}],"author":"Johanna Islenny Prieto Pe\u00f1a","twitter_card":"summary_large_image","twitter_creator":"@FiscaliaCol","twitter_site":"@FiscaliaCol","twitter_misc":{"Escrito por":"Johanna Islenny Prieto Pe\u00f1a","Tiempo de lectura":"2 minutos"},"schema":{"@context":"https:\/\/schema.org","@graph":[{"@type":"Article","@id":"https:\/\/www.fiscalia.gov.co\/colombia\/noticias\/a-la-carcel-siete-presuntos-integrantes-del-ala-criminal-de-la-organizacion-ilegal-la-inmaculada\/#article","isPartOf":{"@id":"https:\/\/www.fiscalia.gov.co\/colombia\/noticias\/a-la-carcel-siete-presuntos-integrantes-del-ala-criminal-de-la-organizacion-ilegal-la-inmaculada\/"},"author":{"name":"Johanna Islenny Prieto Pe\u00f1a","@id":"https:\/\/www.fiscalia.gov.co\/colombia\/#\/schema\/person\/ba9eca435947489fb25117a0cd75bf3e"},"headline":"A la c\u00e1rcel siete presuntos integrantes del ala criminal de la organizaci\u00f3n ilegal La Inmaculada","datePublished":"2024-04-19T15:20:49+00:00","dateModified":"2024-04-19T16:02:23+00:00","mainEntityOfPage":{"@id":"https:\/\/www.fiscalia.gov.co\/colombia\/noticias\/a-la-carcel-siete-presuntos-integrantes-del-ala-criminal-de-la-organizacion-ilegal-la-inmaculada\/"},"wordCount":518,"publisher":{"@id":"https:\/\/www.fiscalia.gov.co\/colombia\/#organization"},"image":{"@id":"https:\/\/www.fiscalia.gov.co\/colombia\/noticias\/a-la-carcel-siete-presuntos-integrantes-del-ala-criminal-de-la-organizacion-ilegal-la-inmaculada\/#primaryimage"},"thumbnailUrl":"https:\/\/www.fiscalia.gov.co\/colombia\/wp-content\/uploads\/San-Pacho-2.-Concierto-homicidio-y-otros.-Tulua-Valle-300x162.jpg","keywords":["Fisca general","Fiscal Luz Adriana Camargo","Fiscal\u00eda","Fiscal\u00eda General de la Naci\u00f3n","organizaci\u00f3n ilegal La Inmaculada","Seguridad territorial"],"articleSection":["Noticias","Seguridad territorial"],"inLanguage":"es-CO"},{"@type":"WebPage","@id":"https:\/\/www.fiscalia.gov.co\/colombia\/noticias\/a-la-carcel-siete-presuntos-integrantes-del-ala-criminal-de-la-organizacion-ilegal-la-inmaculada\/","url":"https:\/\/www.fiscalia.gov.co\/colombia\/noticias\/a-la-carcel-siete-presuntos-integrantes-del-ala-criminal-de-la-organizacion-ilegal-la-inmaculada\/","name":"Fiscal\u00eda General de la Naci\u00f3n","isPartOf":{"@id":"https:\/\/www.fiscalia.gov.co\/colombia\/#website"},"primaryImageOfPage":{"@id":"https:\/\/www.fiscalia.gov.co\/colombia\/noticias\/a-la-carcel-siete-presuntos-integrantes-del-ala-criminal-de-la-organizacion-ilegal-la-inmaculada\/#primaryimage"},"image":{"@id":"https:\/\/www.fiscalia.gov.co\/colombia\/noticias\/a-la-carcel-siete-presuntos-integrantes-del-ala-criminal-de-la-organizacion-ilegal-la-inmaculada\/#primaryimage"},"thumbnailUrl":"https:\/\/www.fiscalia.gov.co\/colombia\/wp-content\/uploads\/San-Pacho-2.-Concierto-homicidio-y-otros.-Tulua-Valle-300x162.jpg","datePublished":"2024-04-19T15:20:49+00:00","dateModified":"2024-04-19T16:02:23+00:00","description":"P\u00e1gina oficial de la Fiscal\u00eda General de la Naci\u00f3n \u2013 Colombia. Garantizamos el acceso efectivo a la justicia, la verdad y la reparaci\u00f3n de las v\u00edctimas de los delitos.","breadcrumb":{"@id":"https:\/\/www.fiscalia.gov.co\/colombia\/noticias\/a-la-carcel-siete-presuntos-integrantes-del-ala-criminal-de-la-organizacion-ilegal-la-inmaculada\/#breadcrumb"},"inLanguage":"es-CO","potentialAction":[{"@type":"ReadAction","target":["https:\/\/www.fiscalia.gov.co\/colombia\/noticias\/a-la-carcel-siete-presuntos-integrantes-del-ala-criminal-de-la-organizacion-ilegal-la-inmaculada\/"]}]},{"@type":"ImageObject","inLanguage":"es-CO","@id":"https:\/\/www.fiscalia.gov.co\/colombia\/noticias\/a-la-carcel-siete-presuntos-integrantes-del-ala-criminal-de-la-organizacion-ilegal-la-inmaculada\/#primaryimage","url":"https:\/\/www.fiscalia.gov.co\/colombia\/wp-content\/uploads\/San-Pacho-2.-Concierto-homicidio-y-otros.-Tulua-Valle.jpg","contentUrl":"https:\/\/www.fiscalia.gov.co\/colombia\/wp-content\/uploads\/San-Pacho-2.-Concierto-homicidio-y-otros.-Tulua-Valle.jpg","width":1600,"height":864,"caption":"Presuntos integrantes del GDO San Pacho 2, se\u00f1alados como \u2018brazo armado\u2019 o \u2018ala criminal\u2019 del grupo delincuencial La Inmaculada que delinque en Tulu\u00e1 (Valle del Cauca)."},{"@type":"BreadcrumbList","@id":"https:\/\/www.fiscalia.gov.co\/colombia\/noticias\/a-la-carcel-siete-presuntos-integrantes-del-ala-criminal-de-la-organizacion-ilegal-la-inmaculada\/#breadcrumb","itemListElement":[{"@type":"ListItem","position":1,"name":"Home","item":"https:\/\/www.fiscalia.gov.co\/colombia\/"},{"@type":"ListItem","position":2,"name":"A la c\u00e1rcel siete presuntos integrantes del ala criminal de la organizaci\u00f3n ilegal La Inmaculada"}]},{"@type":"WebSite","@id":"https:\/\/www.fiscalia.gov.co\/colombia\/#website","url":"https:\/\/www.fiscalia.gov.co\/colombia\/","name":"Fiscal\u00eda General de la Naci\u00f3n","description":"P\u00e1gina oficial de la Fiscal\u00eda General de la Naci\u00f3n \u2013 Colombia. Garantizamos el acceso efectivo a la justicia, la verdad y la reparaci\u00f3n de las v\u00edctimas de los delitos.","publisher":{"@id":"https:\/\/www.fiscalia.gov.co\/colombia\/#organization"},"potentialAction":[{"@type":"SearchAction","target":{"@type":"EntryPoint","urlTemplate":"https:\/\/www.fiscalia.gov.co\/colombia\/?s={search_term_string}"},"query-input":{"@type":"PropertyValueSpecification","valueRequired":true,"valueName":"search_term_string"}}],"inLanguage":"es-CO"},{"@type":"Organization","@id":"https:\/\/www.fiscalia.gov.co\/colombia\/#organization","name":"Fiscal\u00eda General de la Naci\u00f3n","url":"https:\/\/www.fiscalia.gov.co\/colombia\/","logo":{"@type":"ImageObject","inLanguage":"es-CO","@id":"https:\/\/www.fiscalia.gov.co\/colombia\/#\/schema\/logo\/image\/","url":"https:\/\/www.fiscalia.gov.co\/colombia\/wp-content\/uploads\/LogoHorizontal_1.jpg","contentUrl":"https:\/\/www.fiscalia.gov.co\/colombia\/wp-content\/uploads\/LogoHorizontal_1.jpg","width":300,"height":90,"caption":"Fiscal\u00eda General de la Naci\u00f3n"},"image":{"@id":"https:\/\/www.fiscalia.gov.co\/colombia\/#\/schema\/logo\/image\/"},"sameAs":["https:\/\/www.facebook.com\/FiscaliaCol","https:\/\/x.com\/FiscaliaCol","https:\/\/www.instagram.com\/fiscaliacol","https:\/\/www.linkedin.com\/company\/fiscalia-general-de-la-naci-n\/","https:\/\/youtube.com\/@fiscaliageneraldelanacion-4668?si=6nN79nyQICPU5iTh"]},{"@type":"Person","@id":"https:\/\/www.fiscalia.gov.co\/colombia\/#\/schema\/person\/ba9eca435947489fb25117a0cd75bf3e","name":"Johanna Islenny Prieto Pe\u00f1a","image":{"@type":"ImageObject","inLanguage":"es-CO","@id":"https:\/\/www.fiscalia.gov.co\/colombia\/#\/schema\/person\/image\/","url":"https:\/\/secure.gravatar.com\/avatar\/111433fc2acb037ffb768f6a3ca47864?s=96&d=mm&r=g","contentUrl":"https:\/\/secure.gravatar.com\/avatar\/111433fc2acb037ffb768f6a3ca47864?s=96&d=mm&r=g","caption":"Johanna Islenny Prieto Pe\u00f1a"},"url":"https:\/\/www.fiscalia.gov.co\/colombia\/author\/jprietop\/"}]}},"_links":{"self":[{"href":"https:\/\/www.fiscalia.gov.co\/colombia\/wp-json\/wp\/v2\/posts\/293446","targetHints":{"allow":["GET"]}}],"collection":[{"href":"https:\/\/www.fiscalia.gov.co\/colombia\/wp-json\/wp\/v2\/posts"}],"about":[{"href":"https:\/\/www.fiscalia.gov.co\/colombia\/wp-json\/wp\/v2\/types\/post"}],"author":[{"embeddable":true,"href":"https:\/\/www.fiscalia.gov.co\/colombia\/wp-json\/wp\/v2\/users\/181"}],"replies":[{"embeddable":true,"href":"https:\/\/www.fiscalia.gov.co\/colombia\/wp-json\/wp\/v2\/comments?post=293446"}],"version-history":[{"count":2,"href":"https:\/\/www.fiscalia.gov.co\/colombia\/wp-json\/wp\/v2\/posts\/293446\/revisions"}],"predecessor-version":[{"id":293464,"href":"https:\/\/www.fiscalia.gov.co\/colombia\/wp-json\/wp\/v2\/posts\/293446\/revisions\/293464"}],"wp:attachment":[{"href":"https:\/\/www.fiscalia.gov.co\/colombia\/wp-json\/wp\/v2\/media?parent=293446"}],"wp:term":[{"taxonomy":"category","embeddable":true,"href":"https:\/\/www.fiscalia.gov.co\/colombia\/wp-json\/wp\/v2\/categories?post=293446"},{"taxonomy":"post_tag","embeddable":true,"href":"https:\/\/www.fiscalia.gov.co\/colombia\/wp-json\/wp\/v2\/tags?post=293446"}],"curies":[{"name":"wp","href":"https:\/\/api.w.org\/{rel}","templated":true}]}}