{"id":293388,"date":"2024-04-18T16:02:29","date_gmt":"2024-04-18T21:02:29","guid":{"rendered":"https:\/\/www.fiscalia.gov.co\/colombia\/?p=293388"},"modified":"2024-04-18T16:02:29","modified_gmt":"2024-04-18T21:02:29","slug":"asegurado-hombre-que-habria-abusado-sexualmente-de-su-sobrina-en-isla-de-san-andres","status":"publish","type":"post","link":"https:\/\/www.fiscalia.gov.co\/colombia\/noticias\/asegurado-hombre-que-habria-abusado-sexualmente-de-su-sobrina-en-isla-de-san-andres\/","title":{"rendered":"Asegurado hombre que habr\u00eda abusado sexualmente de su sobrina en isla de San Andr\u00e9s"},"content":{"rendered":"<p>Luego de valorar los elementos materiales probatorios aportados por un fiscal de la Seccional <a href=\"https:\/\/www.fiscalia.gov.co\/colombia\/noticias\/fiscalia-judicializo-a-un-hombre-que-habria-golpeado-a-su-mujer-embarazada-en-la-isla-de-san-andres\/\" target=\"_blank\" rel=\"noopener\">San Andr\u00e9s<\/a>, <strong>un juez de control de garant\u00edas impuso medida de aseguramiento en centro carcelario contra un hombre, que presuntamente abus\u00f3 de su sobrina durante tres a\u00f1os.<\/strong><\/p>\n<p>Los hechos ocurrieron en una vivienda del barrio El Cliff del archipi\u00e9lago donde el procesado, al parecer mediante enga\u00f1os, falsas promesas y el uso de la fuerza, accedi\u00f3 carnalmente a la hija de su hermano. <strong>Los abusos se dieron desde que la v\u00edctima ten\u00eda 13 a\u00f1os, y se prolongaron hasta los 16.<\/strong><\/p>\n<p>Los elementos materiales probatorios evidenciaron que los reiterados abusos se presentaron cuando la menor se encontraba sola en la casa donde habitaba con el hoy implicado. En caso de que ella opusiera resistencia o contara lo sucedido,<strong> el presunto agresor, de 41 a\u00f1os, la intimidaba y amenazaba con hacerles da\u00f1o a su mam\u00e1 y hermano. <\/strong><\/p>\n<p>Un familiar que se percat\u00f3 de lo sucedido, les coment\u00f3 a los padres de la v\u00edctima quienes instauraron la denuncia ante <a href=\"https:\/\/www.fiscalia.gov.co\/colombia\/noticias\/los-delitos-contra-la-integridad-de-las-mujeres-prioridad-de-la-fiscalia-general-de-la-nacion\/\" target=\"_blank\" rel=\"noopener\">la Fiscal\u00eda<\/a>.<\/p>\n<p>El investigado fue capturado en v\u00eda p\u00fablica del sector de El Cliff por la Polic\u00eda Nacional.<\/p>\n<p>Ante un juez con funci\u00f3n de control de garant\u00edas, la Fiscal\u00eda le imput\u00f3 los delitos de acceso carnal abusivo con menor de 14 a\u00f1os y acceso carnal violento. El hombre no acept\u00f3 los cargos. <strong>Su reclusi\u00f3n se llevar\u00e1 a cabo en la c\u00e1rcel Nueva Esperanza de la isla de San Andr\u00e9s.<\/strong><\/p>\n<p><b><i>Le puede interesar:<\/i><\/b><\/p>\n<p><a id=\"m_4264034124409126319OWA2a3d4dad-dfe2-cb18-8fb2-896fd080761e\" title=\"A la c\u00e1rcel hombre investigado por explotaci\u00f3n sexual de menores en Norte de Santander\" href=\"https:\/\/www.fiscalia.gov.co\/colombia\/noticias\/a-la-carcel-hombre-investigado-por-explotacion-sexual-de-menores-en-norte-de-santander\/\" target=\"_blank\" rel=\"noopener\" data-saferedirecturl=\"https:\/\/www.google.com\/url?q=https:\/\/www.fiscalia.gov.co\/colombia\/noticias\/a-la-carcel-hombre-investigado-por-explotacion-sexual-de-menores-en-norte-de-santander\/&amp;source=gmail&amp;ust=1713556465545000&amp;usg=AOvVaw2zqfO53KQnfiRClZwvgO1Z\">A la c\u00e1rcel hombre investigado por explotaci\u00f3n sexual de menores en Norte de Santander<\/a><\/p>\n<p><a id=\"m_4264034124409126319OWA12243431-5330-754b-b722-69a613c7aeca\" title=\"C\u00e1rcel para mujer que habr\u00eda utilizado a sus hijos menores de edad para realizar videos con contenido sexual en C\u00facuta\" href=\"https:\/\/www.fiscalia.gov.co\/colombia\/noticias\/carcel-para-mujer-que-habria-utilizado-a-sus-hijos-menores-de-edad-para-realizar-videos-con-contenido-sexual-en-cucuta\/\" target=\"_blank\" rel=\"noopener\" data-saferedirecturl=\"https:\/\/www.google.com\/url?q=https:\/\/www.fiscalia.gov.co\/colombia\/noticias\/carcel-para-mujer-que-habria-utilizado-a-sus-hijos-menores-de-edad-para-realizar-videos-con-contenido-sexual-en-cucuta\/&amp;source=gmail&amp;ust=1713556465545000&amp;usg=AOvVaw2k433vI7z31buU2MjsAFHh\">C\u00e1rcel para mujer que habr\u00eda utilizado a sus hijos menores de edad para realizar videos con contenido sexual en C\u00facuta<\/a><\/p>\n<p>Esta informaci\u00f3n se publica por razones de inter\u00e9s general.<\/p>\n<p>&nbsp;<\/p>\n<p>MEVA\/LMFO\/MAGA\/TAM\/DSSPS<\/p>\n<p>&nbsp;<\/p>\n<p>&nbsp;<\/p>\n<p>&nbsp;<\/p>\n<p><i>La informaci\u00f3n contenida en este bolet\u00edn de prensa corresponde a la narraci\u00f3n de los hechos noticiosos objetivos, suministrados por los funcionarios encargados de adelantar las investigaciones penales al interior de la Fiscal\u00eda General de la Naci\u00f3n. Para el momento de la divulgaci\u00f3n de este comunicado, la situaci\u00f3n jur\u00eddica de la(s) persona(s) relacionada(s) se encuentra pendiente de resolver por la autoridad judicial competente, siempre bajo los preceptos de la presunci\u00f3n de inocencia, consagrados en el art\u00edculo 29 de la Constituci\u00f3n Pol\u00edtica y el art\u00edculo 7\u00ba de la Ley 906 de 2004.<\/i><\/p>\n<p>&nbsp;<\/p>\n<p>&nbsp;<\/p>\n<p><b>\u00a0<\/b><\/p>\n<p>&nbsp;<\/p>\n\n<div class=\"twitter-share\"><a href=\"https:\/\/twitter.com\/intent\/tweet?via=fiscaliacol\" class=\"twitter-share-button\">Tweet<\/a><\/div>\n","protected":false},"excerpt":{"rendered":"<p>Luego de valorar los elementos materiales probatorios aportados por un fiscal de la Seccional San Andr\u00e9s, un juez de control de garant\u00edas impuso medida de aseguramiento en centro carcelario contra un hombre, que presuntamente abus\u00f3 de su sobrina durante tres a\u00f1os. Los hechos ocurrieron en una vivienda del barrio El Cliff del archipi\u00e9lago donde el [&hellip;]<\/p>\n","protected":false},"author":181,"featured_media":0,"comment_status":"closed","ping_status":"open","sticky":false,"template":"","format":"standard","meta":{"tdm_status":"","tdm_grid_status":"","footnotes":""},"categories":[1,24127],"tags":[23966,6841,14550,37614,13751,17338,24187,1047,25483,9383,558,23841,13605,24517,26057,17445,5364],"class_list":{"0":"post-293388","1":"post","2":"type-post","3":"status-publish","4":"format-standard","6":"category-noticias","7":"category-violencia-sexual-e-intrafamiliar","8":"tag-acceso-carnal-violento","9":"tag-acto-sexual","10":"tag-carcel","11":"tag-emocional","12":"tag-familiar","13":"tag-familiares","14":"tag-fiscalia-colombia","15":"tag-fiscalia-general-de-la-nacion","16":"tag-fisica","17":"tag-isla","18":"tag-policia-nacional","19":"tag-san-andres","20":"tag-sobrina","21":"tag-tio","22":"tag-verbal","23":"tag-victima","24":"tag-violencia"},"yoast_head":"<!-- This site is optimized with the Yoast SEO plugin v24.3 - https:\/\/yoast.com\/wordpress\/plugins\/seo\/ -->\n<title>Fiscal\u00eda General de la Naci\u00f3n<\/title>\n<meta name=\"description\" content=\"P\u00e1gina oficial de la Fiscal\u00eda General de la Naci\u00f3n \u2013 Colombia. Garantizamos el acceso efectivo a la justicia, la verdad y la reparaci\u00f3n de las v\u00edctimas de los delitos.\" \/>\n<meta name=\"robots\" content=\"noindex, follow\" \/>\n<meta property=\"og:locale\" content=\"es_ES\" \/>\n<meta property=\"og:type\" content=\"article\" \/>\n<meta property=\"og:title\" content=\"Fiscal\u00eda General de la Naci\u00f3n\" \/>\n<meta property=\"og:description\" content=\"P\u00e1gina oficial de la Fiscal\u00eda General de la Naci\u00f3n \u2013 Colombia. Garantizamos el acceso efectivo a la justicia, la verdad y la reparaci\u00f3n de las v\u00edctimas de los delitos.\" \/>\n<meta property=\"og:url\" content=\"https:\/\/www.fiscalia.gov.co\/colombia\/noticias\/asegurado-hombre-que-habria-abusado-sexualmente-de-su-sobrina-en-isla-de-san-andres\/\" \/>\n<meta property=\"og:site_name\" content=\"Fiscal\u00eda General de la Naci\u00f3n\" \/>\n<meta property=\"article:publisher\" content=\"https:\/\/www.facebook.com\/FiscaliaCol\" \/>\n<meta property=\"article:published_time\" content=\"2024-04-18T21:02:29+00:00\" \/>\n<meta name=\"author\" content=\"Johanna Islenny Prieto Pe\u00f1a\" \/>\n<meta name=\"twitter:card\" content=\"summary_large_image\" \/>\n<meta name=\"twitter:creator\" content=\"@FiscaliaCol\" \/>\n<meta name=\"twitter:site\" content=\"@FiscaliaCol\" \/>\n<meta name=\"twitter:label1\" content=\"Escrito por\" \/>\n\t<meta name=\"twitter:data1\" content=\"Johanna Islenny Prieto Pe\u00f1a\" \/>\n\t<meta name=\"twitter:label2\" content=\"Tiempo de lectura\" \/>\n\t<meta name=\"twitter:data2\" content=\"2 minutos\" \/>\n<script type=\"application\/ld+json\" class=\"yoast-schema-graph\">{\"@context\":\"https:\/\/schema.org\",\"@graph\":[{\"@type\":\"Article\",\"@id\":\"https:\/\/www.fiscalia.gov.co\/colombia\/noticias\/asegurado-hombre-que-habria-abusado-sexualmente-de-su-sobrina-en-isla-de-san-andres\/#article\",\"isPartOf\":{\"@id\":\"https:\/\/www.fiscalia.gov.co\/colombia\/noticias\/asegurado-hombre-que-habria-abusado-sexualmente-de-su-sobrina-en-isla-de-san-andres\/\"},\"author\":{\"name\":\"Johanna Islenny Prieto Pe\u00f1a\",\"@id\":\"https:\/\/www.fiscalia.gov.co\/colombia\/#\/schema\/person\/ba9eca435947489fb25117a0cd75bf3e\"},\"headline\":\"Asegurado hombre que habr\u00eda abusado sexualmente de su sobrina en isla de San Andr\u00e9s\",\"datePublished\":\"2024-04-18T21:02:29+00:00\",\"dateModified\":\"2024-04-18T21:02:29+00:00\",\"mainEntityOfPage\":{\"@id\":\"https:\/\/www.fiscalia.gov.co\/colombia\/noticias\/asegurado-hombre-que-habria-abusado-sexualmente-de-su-sobrina-en-isla-de-san-andres\/\"},\"wordCount\":439,\"publisher\":{\"@id\":\"https:\/\/www.fiscalia.gov.co\/colombia\/#organization\"},\"keywords\":[\"Acceso carnal violento\",\"Acto sexual\",\"C\u00e1rcel\",\"emocional\",\"Familiar\",\"Familiares\",\"Fiscal\u00eda Colombia\",\"Fiscal\u00eda General de la Naci\u00f3n\",\"f\u00edsica\",\"Isla\",\"Polic\u00eda Nacional\",\"San Andr\u00e9s\",\"Sobrina\",\"t\u00edo\",\"verbal\",\"V\u00edctima\",\"Violencia\"],\"articleSection\":[\"Noticias\",\"Violencia sexual e intrafamiliar\"],\"inLanguage\":\"es-CO\"},{\"@type\":\"WebPage\",\"@id\":\"https:\/\/www.fiscalia.gov.co\/colombia\/noticias\/asegurado-hombre-que-habria-abusado-sexualmente-de-su-sobrina-en-isla-de-san-andres\/\",\"url\":\"https:\/\/www.fiscalia.gov.co\/colombia\/noticias\/asegurado-hombre-que-habria-abusado-sexualmente-de-su-sobrina-en-isla-de-san-andres\/\",\"name\":\"Fiscal\u00eda General de la Naci\u00f3n\",\"isPartOf\":{\"@id\":\"https:\/\/www.fiscalia.gov.co\/colombia\/#website\"},\"datePublished\":\"2024-04-18T21:02:29+00:00\",\"dateModified\":\"2024-04-18T21:02:29+00:00\",\"description\":\"P\u00e1gina oficial de la Fiscal\u00eda General de la Naci\u00f3n \u2013 Colombia. Garantizamos el acceso efectivo a la justicia, la verdad y la reparaci\u00f3n de las v\u00edctimas de los delitos.\",\"breadcrumb\":{\"@id\":\"https:\/\/www.fiscalia.gov.co\/colombia\/noticias\/asegurado-hombre-que-habria-abusado-sexualmente-de-su-sobrina-en-isla-de-san-andres\/#breadcrumb\"},\"inLanguage\":\"es-CO\",\"potentialAction\":[{\"@type\":\"ReadAction\",\"target\":[\"https:\/\/www.fiscalia.gov.co\/colombia\/noticias\/asegurado-hombre-que-habria-abusado-sexualmente-de-su-sobrina-en-isla-de-san-andres\/\"]}]},{\"@type\":\"BreadcrumbList\",\"@id\":\"https:\/\/www.fiscalia.gov.co\/colombia\/noticias\/asegurado-hombre-que-habria-abusado-sexualmente-de-su-sobrina-en-isla-de-san-andres\/#breadcrumb\",\"itemListElement\":[{\"@type\":\"ListItem\",\"position\":1,\"name\":\"Home\",\"item\":\"https:\/\/www.fiscalia.gov.co\/colombia\/\"},{\"@type\":\"ListItem\",\"position\":2,\"name\":\"Asegurado hombre que habr\u00eda abusado sexualmente de su sobrina en isla de San Andr\u00e9s\"}]},{\"@type\":\"WebSite\",\"@id\":\"https:\/\/www.fiscalia.gov.co\/colombia\/#website\",\"url\":\"https:\/\/www.fiscalia.gov.co\/colombia\/\",\"name\":\"Fiscal\u00eda General de la Naci\u00f3n\",\"description\":\"P\u00e1gina oficial de la Fiscal\u00eda General de la Naci\u00f3n \u2013 Colombia. Garantizamos el acceso efectivo a la justicia, la verdad y la reparaci\u00f3n de las v\u00edctimas de los delitos.\",\"publisher\":{\"@id\":\"https:\/\/www.fiscalia.gov.co\/colombia\/#organization\"},\"potentialAction\":[{\"@type\":\"SearchAction\",\"target\":{\"@type\":\"EntryPoint\",\"urlTemplate\":\"https:\/\/www.fiscalia.gov.co\/colombia\/?s={search_term_string}\"},\"query-input\":{\"@type\":\"PropertyValueSpecification\",\"valueRequired\":true,\"valueName\":\"search_term_string\"}}],\"inLanguage\":\"es-CO\"},{\"@type\":\"Organization\",\"@id\":\"https:\/\/www.fiscalia.gov.co\/colombia\/#organization\",\"name\":\"Fiscal\u00eda General de la Naci\u00f3n\",\"url\":\"https:\/\/www.fiscalia.gov.co\/colombia\/\",\"logo\":{\"@type\":\"ImageObject\",\"inLanguage\":\"es-CO\",\"@id\":\"https:\/\/www.fiscalia.gov.co\/colombia\/#\/schema\/logo\/image\/\",\"url\":\"https:\/\/www.fiscalia.gov.co\/colombia\/wp-content\/uploads\/LogoHorizontal_1.jpg\",\"contentUrl\":\"https:\/\/www.fiscalia.gov.co\/colombia\/wp-content\/uploads\/LogoHorizontal_1.jpg\",\"width\":300,\"height\":90,\"caption\":\"Fiscal\u00eda General de la Naci\u00f3n\"},\"image\":{\"@id\":\"https:\/\/www.fiscalia.gov.co\/colombia\/#\/schema\/logo\/image\/\"},\"sameAs\":[\"https:\/\/www.facebook.com\/FiscaliaCol\",\"https:\/\/x.com\/FiscaliaCol\",\"https:\/\/www.instagram.com\/fiscaliacol\",\"https:\/\/www.linkedin.com\/company\/fiscalia-general-de-la-naci-n\/\",\"https:\/\/youtube.com\/@fiscaliageneraldelanacion-4668?si=6nN79nyQICPU5iTh\"]},{\"@type\":\"Person\",\"@id\":\"https:\/\/www.fiscalia.gov.co\/colombia\/#\/schema\/person\/ba9eca435947489fb25117a0cd75bf3e\",\"name\":\"Johanna Islenny Prieto Pe\u00f1a\",\"image\":{\"@type\":\"ImageObject\",\"inLanguage\":\"es-CO\",\"@id\":\"https:\/\/www.fiscalia.gov.co\/colombia\/#\/schema\/person\/image\/\",\"url\":\"https:\/\/secure.gravatar.com\/avatar\/111433fc2acb037ffb768f6a3ca47864?s=96&d=mm&r=g\",\"contentUrl\":\"https:\/\/secure.gravatar.com\/avatar\/111433fc2acb037ffb768f6a3ca47864?s=96&d=mm&r=g\",\"caption\":\"Johanna Islenny Prieto Pe\u00f1a\"},\"url\":\"https:\/\/www.fiscalia.gov.co\/colombia\/author\/jprietop\/\"}]}<\/script>\n<!-- \/ Yoast SEO plugin. -->","yoast_head_json":{"title":"Fiscal\u00eda General de la Naci\u00f3n","description":"P\u00e1gina oficial de la Fiscal\u00eda General de la Naci\u00f3n \u2013 Colombia. Garantizamos el acceso efectivo a la justicia, la verdad y la reparaci\u00f3n de las v\u00edctimas de los delitos.","robots":{"index":"noindex","follow":"follow"},"og_locale":"es_ES","og_type":"article","og_title":"Fiscal\u00eda General de la Naci\u00f3n","og_description":"P\u00e1gina oficial de la Fiscal\u00eda General de la Naci\u00f3n \u2013 Colombia. Garantizamos el acceso efectivo a la justicia, la verdad y la reparaci\u00f3n de las v\u00edctimas de los delitos.","og_url":"https:\/\/www.fiscalia.gov.co\/colombia\/noticias\/asegurado-hombre-que-habria-abusado-sexualmente-de-su-sobrina-en-isla-de-san-andres\/","og_site_name":"Fiscal\u00eda General de la Naci\u00f3n","article_publisher":"https:\/\/www.facebook.com\/FiscaliaCol","article_published_time":"2024-04-18T21:02:29+00:00","author":"Johanna Islenny Prieto Pe\u00f1a","twitter_card":"summary_large_image","twitter_creator":"@FiscaliaCol","twitter_site":"@FiscaliaCol","twitter_misc":{"Escrito por":"Johanna Islenny Prieto Pe\u00f1a","Tiempo de lectura":"2 minutos"},"schema":{"@context":"https:\/\/schema.org","@graph":[{"@type":"Article","@id":"https:\/\/www.fiscalia.gov.co\/colombia\/noticias\/asegurado-hombre-que-habria-abusado-sexualmente-de-su-sobrina-en-isla-de-san-andres\/#article","isPartOf":{"@id":"https:\/\/www.fiscalia.gov.co\/colombia\/noticias\/asegurado-hombre-que-habria-abusado-sexualmente-de-su-sobrina-en-isla-de-san-andres\/"},"author":{"name":"Johanna Islenny Prieto Pe\u00f1a","@id":"https:\/\/www.fiscalia.gov.co\/colombia\/#\/schema\/person\/ba9eca435947489fb25117a0cd75bf3e"},"headline":"Asegurado hombre que habr\u00eda abusado sexualmente de su sobrina en isla de San Andr\u00e9s","datePublished":"2024-04-18T21:02:29+00:00","dateModified":"2024-04-18T21:02:29+00:00","mainEntityOfPage":{"@id":"https:\/\/www.fiscalia.gov.co\/colombia\/noticias\/asegurado-hombre-que-habria-abusado-sexualmente-de-su-sobrina-en-isla-de-san-andres\/"},"wordCount":439,"publisher":{"@id":"https:\/\/www.fiscalia.gov.co\/colombia\/#organization"},"keywords":["Acceso carnal violento","Acto sexual","C\u00e1rcel","emocional","Familiar","Familiares","Fiscal\u00eda Colombia","Fiscal\u00eda General de la Naci\u00f3n","f\u00edsica","Isla","Polic\u00eda Nacional","San Andr\u00e9s","Sobrina","t\u00edo","verbal","V\u00edctima","Violencia"],"articleSection":["Noticias","Violencia sexual e intrafamiliar"],"inLanguage":"es-CO"},{"@type":"WebPage","@id":"https:\/\/www.fiscalia.gov.co\/colombia\/noticias\/asegurado-hombre-que-habria-abusado-sexualmente-de-su-sobrina-en-isla-de-san-andres\/","url":"https:\/\/www.fiscalia.gov.co\/colombia\/noticias\/asegurado-hombre-que-habria-abusado-sexualmente-de-su-sobrina-en-isla-de-san-andres\/","name":"Fiscal\u00eda General de la Naci\u00f3n","isPartOf":{"@id":"https:\/\/www.fiscalia.gov.co\/colombia\/#website"},"datePublished":"2024-04-18T21:02:29+00:00","dateModified":"2024-04-18T21:02:29+00:00","description":"P\u00e1gina oficial de la Fiscal\u00eda General de la Naci\u00f3n \u2013 Colombia. Garantizamos el acceso efectivo a la justicia, la verdad y la reparaci\u00f3n de las v\u00edctimas de los delitos.","breadcrumb":{"@id":"https:\/\/www.fiscalia.gov.co\/colombia\/noticias\/asegurado-hombre-que-habria-abusado-sexualmente-de-su-sobrina-en-isla-de-san-andres\/#breadcrumb"},"inLanguage":"es-CO","potentialAction":[{"@type":"ReadAction","target":["https:\/\/www.fiscalia.gov.co\/colombia\/noticias\/asegurado-hombre-que-habria-abusado-sexualmente-de-su-sobrina-en-isla-de-san-andres\/"]}]},{"@type":"BreadcrumbList","@id":"https:\/\/www.fiscalia.gov.co\/colombia\/noticias\/asegurado-hombre-que-habria-abusado-sexualmente-de-su-sobrina-en-isla-de-san-andres\/#breadcrumb","itemListElement":[{"@type":"ListItem","position":1,"name":"Home","item":"https:\/\/www.fiscalia.gov.co\/colombia\/"},{"@type":"ListItem","position":2,"name":"Asegurado hombre que habr\u00eda abusado sexualmente de su sobrina en isla de San Andr\u00e9s"}]},{"@type":"WebSite","@id":"https:\/\/www.fiscalia.gov.co\/colombia\/#website","url":"https:\/\/www.fiscalia.gov.co\/colombia\/","name":"Fiscal\u00eda General de la Naci\u00f3n","description":"P\u00e1gina oficial de la Fiscal\u00eda General de la Naci\u00f3n \u2013 Colombia. Garantizamos el acceso efectivo a la justicia, la verdad y la reparaci\u00f3n de las v\u00edctimas de los delitos.","publisher":{"@id":"https:\/\/www.fiscalia.gov.co\/colombia\/#organization"},"potentialAction":[{"@type":"SearchAction","target":{"@type":"EntryPoint","urlTemplate":"https:\/\/www.fiscalia.gov.co\/colombia\/?s={search_term_string}"},"query-input":{"@type":"PropertyValueSpecification","valueRequired":true,"valueName":"search_term_string"}}],"inLanguage":"es-CO"},{"@type":"Organization","@id":"https:\/\/www.fiscalia.gov.co\/colombia\/#organization","name":"Fiscal\u00eda General de la Naci\u00f3n","url":"https:\/\/www.fiscalia.gov.co\/colombia\/","logo":{"@type":"ImageObject","inLanguage":"es-CO","@id":"https:\/\/www.fiscalia.gov.co\/colombia\/#\/schema\/logo\/image\/","url":"https:\/\/www.fiscalia.gov.co\/colombia\/wp-content\/uploads\/LogoHorizontal_1.jpg","contentUrl":"https:\/\/www.fiscalia.gov.co\/colombia\/wp-content\/uploads\/LogoHorizontal_1.jpg","width":300,"height":90,"caption":"Fiscal\u00eda General de la Naci\u00f3n"},"image":{"@id":"https:\/\/www.fiscalia.gov.co\/colombia\/#\/schema\/logo\/image\/"},"sameAs":["https:\/\/www.facebook.com\/FiscaliaCol","https:\/\/x.com\/FiscaliaCol","https:\/\/www.instagram.com\/fiscaliacol","https:\/\/www.linkedin.com\/company\/fiscalia-general-de-la-naci-n\/","https:\/\/youtube.com\/@fiscaliageneraldelanacion-4668?si=6nN79nyQICPU5iTh"]},{"@type":"Person","@id":"https:\/\/www.fiscalia.gov.co\/colombia\/#\/schema\/person\/ba9eca435947489fb25117a0cd75bf3e","name":"Johanna Islenny Prieto Pe\u00f1a","image":{"@type":"ImageObject","inLanguage":"es-CO","@id":"https:\/\/www.fiscalia.gov.co\/colombia\/#\/schema\/person\/image\/","url":"https:\/\/secure.gravatar.com\/avatar\/111433fc2acb037ffb768f6a3ca47864?s=96&d=mm&r=g","contentUrl":"https:\/\/secure.gravatar.com\/avatar\/111433fc2acb037ffb768f6a3ca47864?s=96&d=mm&r=g","caption":"Johanna Islenny Prieto Pe\u00f1a"},"url":"https:\/\/www.fiscalia.gov.co\/colombia\/author\/jprietop\/"}]}},"_links":{"self":[{"href":"https:\/\/www.fiscalia.gov.co\/colombia\/wp-json\/wp\/v2\/posts\/293388","targetHints":{"allow":["GET"]}}],"collection":[{"href":"https:\/\/www.fiscalia.gov.co\/colombia\/wp-json\/wp\/v2\/posts"}],"about":[{"href":"https:\/\/www.fiscalia.gov.co\/colombia\/wp-json\/wp\/v2\/types\/post"}],"author":[{"embeddable":true,"href":"https:\/\/www.fiscalia.gov.co\/colombia\/wp-json\/wp\/v2\/users\/181"}],"replies":[{"embeddable":true,"href":"https:\/\/www.fiscalia.gov.co\/colombia\/wp-json\/wp\/v2\/comments?post=293388"}],"version-history":[{"count":1,"href":"https:\/\/www.fiscalia.gov.co\/colombia\/wp-json\/wp\/v2\/posts\/293388\/revisions"}],"predecessor-version":[{"id":293391,"href":"https:\/\/www.fiscalia.gov.co\/colombia\/wp-json\/wp\/v2\/posts\/293388\/revisions\/293391"}],"wp:attachment":[{"href":"https:\/\/www.fiscalia.gov.co\/colombia\/wp-json\/wp\/v2\/media?parent=293388"}],"wp:term":[{"taxonomy":"category","embeddable":true,"href":"https:\/\/www.fiscalia.gov.co\/colombia\/wp-json\/wp\/v2\/categories?post=293388"},{"taxonomy":"post_tag","embeddable":true,"href":"https:\/\/www.fiscalia.gov.co\/colombia\/wp-json\/wp\/v2\/tags?post=293388"}],"curies":[{"name":"wp","href":"https:\/\/api.w.org\/{rel}","templated":true}]}}