{"id":293311,"date":"2024-04-17T15:32:25","date_gmt":"2024-04-17T20:32:25","guid":{"rendered":"https:\/\/www.fiscalia.gov.co\/colombia\/?p=293311"},"modified":"2024-04-17T15:32:25","modified_gmt":"2024-04-17T20:32:25","slug":"ofensiva-contra-la-criminalidad-en-risaralda-permitio-la-judicializacion-de-27-personas","status":"publish","type":"post","link":"https:\/\/www.fiscalia.gov.co\/colombia\/noticias\/ofensiva-contra-la-criminalidad-en-risaralda-permitio-la-judicializacion-de-27-personas\/","title":{"rendered":"Ofensiva contra la criminalidad en Risaralda permiti\u00f3 la judicializaci\u00f3n de 27 personas"},"content":{"rendered":"<h4><strong><i>En diferentes operativos adelantados en 10 municipios fueron incautados estupefacientes que pretend\u00edan ser comercializados en el departamento.\u00a0<\/i><\/strong><\/h4>\n<p><a href=\"https:\/\/www.fiscalia.gov.co\/colombia\/noticias\/ofensiva-de-la-fiscalia-y-la-policia-contra-la-delincuencia-en-la-carcel-el-diamante-de-girardot-cundinamarca\/\" target=\"_blank\" rel=\"noopener\">La Fiscal\u00eda General de la Naci\u00f3n lider\u00f3 una ofensiva contra la criminalidad<\/a> y el delito en Risaralda. Esto permiti\u00f3 judicializar a 27 personas que estar\u00edan involucradas en diferentes acciones delincuenciales en 10 municipios.<\/p>\n<figure id=\"attachment_293312\" aria-describedby=\"caption-attachment-293312\" style=\"width: 300px\" class=\"wp-caption aligncenter\"><img loading=\"lazy\" decoding=\"async\" class=\"size-medium wp-image-293312\" src=\"https:\/\/www.fiscalia.gov.co\/colombia\/wp-content\/uploads\/Juan-Carlos-Castro-Henao-Jose-Yovani-Vazquez-Morales-Damaris-Morales-Garzon-Keily-Jhoana-Carmona-Ceballos-Santa-Rosa-de-Cabal-300x225.jpg\" alt=\" se observan cuatro capturadas en fila y de espaldas.  A cada costado funcionarios del CTI, y Polic\u00eda Nacional. Al frente una mesa con material incautado.  Atr\u00e1s un pend\u00f3n de la Fiscal\u00eda General de la Naci\u00f3n y otro de Polic\u00eda Nacional\" width=\"300\" height=\"225\" srcset=\"https:\/\/www.fiscalia.gov.co\/colombia\/wp-content\/uploads\/Juan-Carlos-Castro-Henao-Jose-Yovani-Vazquez-Morales-Damaris-Morales-Garzon-Keily-Jhoana-Carmona-Ceballos-Santa-Rosa-de-Cabal-300x225.jpg 300w, https:\/\/www.fiscalia.gov.co\/colombia\/wp-content\/uploads\/Juan-Carlos-Castro-Henao-Jose-Yovani-Vazquez-Morales-Damaris-Morales-Garzon-Keily-Jhoana-Carmona-Ceballos-Santa-Rosa-de-Cabal-768x576.jpg 768w, https:\/\/www.fiscalia.gov.co\/colombia\/wp-content\/uploads\/Juan-Carlos-Castro-Henao-Jose-Yovani-Vazquez-Morales-Damaris-Morales-Garzon-Keily-Jhoana-Carmona-Ceballos-Santa-Rosa-de-Cabal-696x522.jpg 696w, https:\/\/www.fiscalia.gov.co\/colombia\/wp-content\/uploads\/Juan-Carlos-Castro-Henao-Jose-Yovani-Vazquez-Morales-Damaris-Morales-Garzon-Keily-Jhoana-Carmona-Ceballos-Santa-Rosa-de-Cabal-560x420.jpg 560w, https:\/\/www.fiscalia.gov.co\/colombia\/wp-content\/uploads\/Juan-Carlos-Castro-Henao-Jose-Yovani-Vazquez-Morales-Damaris-Morales-Garzon-Keily-Jhoana-Carmona-Ceballos-Santa-Rosa-de-Cabal-80x60.jpg 80w, https:\/\/www.fiscalia.gov.co\/colombia\/wp-content\/uploads\/Juan-Carlos-Castro-Henao-Jose-Yovani-Vazquez-Morales-Damaris-Morales-Garzon-Keily-Jhoana-Carmona-Ceballos-Santa-Rosa-de-Cabal-265x198.jpg 265w, https:\/\/www.fiscalia.gov.co\/colombia\/wp-content\/uploads\/Juan-Carlos-Castro-Henao-Jose-Yovani-Vazquez-Morales-Damaris-Morales-Garzon-Keily-Jhoana-Carmona-Ceballos-Santa-Rosa-de-Cabal.jpg 1024w\" sizes=\"auto, (max-width: 300px) 100vw, 300px\" \/><figcaption id=\"caption-attachment-293312\" class=\"wp-caption-text\">En Santa Rosa de Cabal (Risaralda), cuatro personas fueron judicializadas por su presunta responsabilidad en tr\u00e1fico, fabricaci\u00f3n o porte de estupefacientes y fabricaci\u00f3n, tr\u00e1fico o porte de armas<\/figcaption><\/figure>\n<p>En un trabajo articulado con el Cuerpo T\u00e9cnico de Investigaci\u00f3n (CTI), la Sij\u00edn de la Polic\u00eda Metropolitana, la Polic\u00eda de Risaralda y el Ej\u00e9rcito Nacional se adelantaron 25 diligencias de registro y allanamiento donde fueron incautados 90 kilos de marihuana, 72 kilos de clorhidrato de coca\u00edna<strong>, 1.5 kilos de base de coca, 10 frascos de ketamina,\u00a087 pastillas de \u00e9xtasis y 4.275 dosis de bazuco<\/strong>. Adicionalmente, se incautaron 8 armas de fuego, munici\u00f3n de diferente calibre y 12 celulares, entre otros.<\/p>\n<p>La ofensiva judicial permiti\u00f3 que 15 de las personas judicializadas recibieran medidas privativas de la libertad por parte de los jueces de control de garant\u00edas.<\/p>\n<p><strong>Las personas procesadas fueron imputadas, de acuerdo con su eventual participaci\u00f3n en los hechos<\/strong>, con delitos como: tr\u00e1fico, fabricaci\u00f3n o porte de estupefacientes; y fabricaci\u00f3n, tr\u00e1fico, porte o tenencia de armas de fuego, accesorios, partes o municiones; homicidio, extorsi\u00f3n, uso de menores para la comisi\u00f3n de delitos y hurto calificado.<\/p>\n<p>Los municipios en los cuales se enfoc\u00f3 la ofensiva fueron: Pereira, Santa Rosa de Cabal, Dosquebradas, Marsella, Ap\u00eda, Quinch\u00eda, Pueblo Rico, La Virginia, Bel\u00e9n de Umbr\u00eda y Santuario.<\/p>\n<figure id=\"attachment_293313\" aria-describedby=\"caption-attachment-293313\" style=\"width: 300px\" class=\"wp-caption aligncenter\"><img loading=\"lazy\" decoding=\"async\" class=\"size-medium wp-image-293313\" src=\"https:\/\/www.fiscalia.gov.co\/colombia\/wp-content\/uploads\/Luis-Beltran-Penaloza-Arboleda-Manuel-Ignacio-Restrepo-SIERRA-Angie-Paola-Yepes-Loaiza-300x208.jpg\" alt=\"Tres personas fueron judicializadas luego de ser capturadas en operativo de allanamiento en Marsella (Risaralda)\" width=\"300\" height=\"208\" srcset=\"https:\/\/www.fiscalia.gov.co\/colombia\/wp-content\/uploads\/Luis-Beltran-Penaloza-Arboleda-Manuel-Ignacio-Restrepo-SIERRA-Angie-Paola-Yepes-Loaiza-300x208.jpg 300w, https:\/\/www.fiscalia.gov.co\/colombia\/wp-content\/uploads\/Luis-Beltran-Penaloza-Arboleda-Manuel-Ignacio-Restrepo-SIERRA-Angie-Paola-Yepes-Loaiza-1024x710.jpg 1024w, https:\/\/www.fiscalia.gov.co\/colombia\/wp-content\/uploads\/Luis-Beltran-Penaloza-Arboleda-Manuel-Ignacio-Restrepo-SIERRA-Angie-Paola-Yepes-Loaiza-768x532.jpg 768w, https:\/\/www.fiscalia.gov.co\/colombia\/wp-content\/uploads\/Luis-Beltran-Penaloza-Arboleda-Manuel-Ignacio-Restrepo-SIERRA-Angie-Paola-Yepes-Loaiza-1536x1065.jpg 1536w, https:\/\/www.fiscalia.gov.co\/colombia\/wp-content\/uploads\/Luis-Beltran-Penaloza-Arboleda-Manuel-Ignacio-Restrepo-SIERRA-Angie-Paola-Yepes-Loaiza-218x150.jpg 218w, https:\/\/www.fiscalia.gov.co\/colombia\/wp-content\/uploads\/Luis-Beltran-Penaloza-Arboleda-Manuel-Ignacio-Restrepo-SIERRA-Angie-Paola-Yepes-Loaiza-696x482.jpg 696w, https:\/\/www.fiscalia.gov.co\/colombia\/wp-content\/uploads\/Luis-Beltran-Penaloza-Arboleda-Manuel-Ignacio-Restrepo-SIERRA-Angie-Paola-Yepes-Loaiza-1068x740.jpg 1068w, https:\/\/www.fiscalia.gov.co\/colombia\/wp-content\/uploads\/Luis-Beltran-Penaloza-Arboleda-Manuel-Ignacio-Restrepo-SIERRA-Angie-Paola-Yepes-Loaiza-606x420.jpg 606w, https:\/\/www.fiscalia.gov.co\/colombia\/wp-content\/uploads\/Luis-Beltran-Penaloza-Arboleda-Manuel-Ignacio-Restrepo-SIERRA-Angie-Paola-Yepes-Loaiza-100x70.jpg 100w, https:\/\/www.fiscalia.gov.co\/colombia\/wp-content\/uploads\/Luis-Beltran-Penaloza-Arboleda-Manuel-Ignacio-Restrepo-SIERRA-Angie-Paola-Yepes-Loaiza.jpg 1600w\" sizes=\"auto, (max-width: 300px) 100vw, 300px\" \/><figcaption id=\"caption-attachment-293313\" class=\"wp-caption-text\">Tres personas fueron judicializadas luego de ser capturadas en operativo de allanamiento en Marsella (Risaralda)<\/figcaption><\/figure>\n<p>&nbsp;<\/p>\n<p><a href=\"https:\/\/www.fiscalia.gov.co\/colombia\/noticias\/carcel-para-senalada-integrante-de-los-cancerberos-que-habria-proferido-amenazas-de-muerte-en-contra-de-jueces-fiscales-politicos-periodistas-y-otras-personalidades-de-tulua\/\" target=\"_blank\" rel=\"noopener\">La Direcci\u00f3n Seccional de Risaralda destac\u00f3 11 fiscales para adelantar estas investigaciones,<\/a> donde se implementaron modelos diferenciados de lucha contra la criminalidad seg\u00fan las regiones, zonas rurales y ciudades, de acuerdo al fen\u00f3meno criminal que los afecta.<\/p>\n<p>Entre los resultados de la ofensiva se encuentran:<\/p>\n<ul>\n<li>En Santa Rosa de Cabal (Risaralda) fueron judicializadas cuatro personas por su presunta responsabilidad en la comercializaci\u00f3n de estupefacientes en los barrios El Palmar y la Trinidad.<\/li>\n<li>\n<div>En Marsella (Risaralda) fueron judicializadas tres personas que, al parecer, comercializaban sustancias il\u00edcitas en la zona rural y urbana del municipio, afectando entornos escolares.<\/div>\n<\/li>\n<li>\n<div>Esta informaci\u00f3n se publica por razones de inter\u00e9s general.<\/div>\n<\/li>\n<\/ul>\n<p>&nbsp;<\/p>\n<p>&nbsp;<\/p>\n<p>CLCG\/AMCJ\/MAGA\/CABS\/DSR<\/p>\n<p>&nbsp;<\/p>\n<p>&nbsp;<\/p>\n<p>&nbsp;<\/p>\n<p>&nbsp;<\/p>\n<p><em>La informaci\u00f3n contenida en este bolet\u00edn de prensa corresponde a la narraci\u00f3n de los hechos noticiosos objetivos, suministrados por los funcionarios encargados de adelantar las investigaciones penales al interior de la Fiscal\u00eda General de la Naci\u00f3n. Para el momento de la divulgaci\u00f3n de este comunicado, la situaci\u00f3n jur\u00eddica de la(s) persona(s) relacionada(s) se encuentra pendiente de resolver por la autoridad judicial competente, siempre bajo los preceptos de la presunci\u00f3n de inocencia, consagrados en el art\u00edculo 29 de la Constituci\u00f3n Pol\u00edtica y el art\u00edculo 7\u00ba de la Ley 906 de 2004.<\/em><\/p>\n<p>&nbsp;<\/p>\n\n<div class=\"twitter-share\"><a href=\"https:\/\/twitter.com\/intent\/tweet?via=fiscaliacol\" class=\"twitter-share-button\">Tweet<\/a><\/div>\n","protected":false},"excerpt":{"rendered":"<p>En diferentes operativos adelantados en 10 municipios fueron incautados estupefacientes que pretend\u00edan ser comercializados en el departamento.\u00a0 La Fiscal\u00eda General de la Naci\u00f3n lider\u00f3 una ofensiva contra la criminalidad y el delito en Risaralda. Esto permiti\u00f3 judicializar a 27 personas que estar\u00edan involucradas en diferentes acciones delincuenciales en 10 municipios. En un trabajo articulado con [&hellip;]<\/p>\n","protected":false},"author":181,"featured_media":0,"comment_status":"closed","ping_status":"open","sticky":false,"template":"","format":"standard","meta":{"_price":"","_stock":"","_tribe_ticket_header":"","_tribe_default_ticket_provider":"","_tribe_ticket_capacity":"0","_ticket_start_date":"","_ticket_end_date":"","_tribe_ticket_show_description":"","_tribe_ticket_show_not_going":false,"_tribe_ticket_use_global_stock":"","_tribe_ticket_global_stock_level":"","_global_stock_mode":"","_global_stock_cap":"","_tribe_rsvp_for_event":"","_tribe_ticket_going_count":"","_tribe_ticket_not_going_count":"","_tribe_tickets_list":"[]","_tribe_ticket_has_attendee_info_fields":false,"tdm_status":"","tdm_grid_status":"","footnotes":""},"categories":[1,335],"tags":[37673,6080,78,37578,37492,1047],"class_list":{"0":"post-293311","1":"post","2":"type-post","3":"status-publish","4":"format-standard","6":"category-noticias","7":"category-seccional-pereira","8":"tag-carcel-para-bandidos","9":"tag-delincuencia","10":"tag-fiscal-general-de-la-nacion","11":"tag-fiscal-luz-adriana","12":"tag-fiscal-luz-adriana-camargo","13":"tag-fiscalia-general-de-la-nacion"},"yoast_head":"<!-- This site is optimized with the Yoast SEO plugin v24.3 - https:\/\/yoast.com\/wordpress\/plugins\/seo\/ -->\n<title>Fiscal\u00eda General de la Naci\u00f3n<\/title>\n<meta name=\"description\" content=\"P\u00e1gina oficial de la Fiscal\u00eda General de la Naci\u00f3n \u2013 Colombia. Garantizamos el acceso efectivo a la justicia, la verdad y la reparaci\u00f3n de las v\u00edctimas de los delitos.\" \/>\n<meta name=\"robots\" content=\"noindex, follow\" \/>\n<meta property=\"og:locale\" content=\"es_ES\" \/>\n<meta property=\"og:type\" content=\"article\" \/>\n<meta property=\"og:title\" content=\"Fiscal\u00eda General de la Naci\u00f3n\" \/>\n<meta property=\"og:description\" content=\"P\u00e1gina oficial de la Fiscal\u00eda General de la Naci\u00f3n \u2013 Colombia. Garantizamos el acceso efectivo a la justicia, la verdad y la reparaci\u00f3n de las v\u00edctimas de los delitos.\" \/>\n<meta property=\"og:url\" content=\"https:\/\/www.fiscalia.gov.co\/colombia\/noticias\/ofensiva-contra-la-criminalidad-en-risaralda-permitio-la-judicializacion-de-27-personas\/\" \/>\n<meta property=\"og:site_name\" content=\"Fiscal\u00eda General de la Naci\u00f3n\" \/>\n<meta property=\"article:publisher\" content=\"https:\/\/www.facebook.com\/FiscaliaCol\" \/>\n<meta property=\"article:published_time\" content=\"2024-04-17T20:32:25+00:00\" \/>\n<meta property=\"og:image\" content=\"https:\/\/www.fiscalia.gov.co\/colombia\/wp-content\/uploads\/Juan-Carlos-Castro-Henao-Jose-Yovani-Vazquez-Morales-Damaris-Morales-Garzon-Keily-Jhoana-Carmona-Ceballos-Santa-Rosa-de-Cabal-300x225.jpg\" \/>\n<meta name=\"author\" content=\"Johanna Islenny Prieto Pe\u00f1a\" \/>\n<meta name=\"twitter:card\" content=\"summary_large_image\" \/>\n<meta name=\"twitter:creator\" content=\"@FiscaliaCol\" \/>\n<meta name=\"twitter:site\" content=\"@FiscaliaCol\" \/>\n<meta name=\"twitter:label1\" content=\"Escrito por\" \/>\n\t<meta name=\"twitter:data1\" content=\"Johanna Islenny Prieto Pe\u00f1a\" \/>\n\t<meta name=\"twitter:label2\" content=\"Tiempo de lectura\" \/>\n\t<meta name=\"twitter:data2\" content=\"3 minutos\" \/>\n<script type=\"application\/ld+json\" class=\"yoast-schema-graph\">{\"@context\":\"https:\/\/schema.org\",\"@graph\":[{\"@type\":\"Article\",\"@id\":\"https:\/\/www.fiscalia.gov.co\/colombia\/noticias\/ofensiva-contra-la-criminalidad-en-risaralda-permitio-la-judicializacion-de-27-personas\/#article\",\"isPartOf\":{\"@id\":\"https:\/\/www.fiscalia.gov.co\/colombia\/noticias\/ofensiva-contra-la-criminalidad-en-risaralda-permitio-la-judicializacion-de-27-personas\/\"},\"author\":{\"name\":\"Johanna Islenny Prieto Pe\u00f1a\",\"@id\":\"https:\/\/www.fiscalia.gov.co\/colombia\/#\/schema\/person\/ba9eca435947489fb25117a0cd75bf3e\"},\"headline\":\"Ofensiva contra la criminalidad en Risaralda permiti\u00f3 la judicializaci\u00f3n de 27 personas\",\"datePublished\":\"2024-04-17T20:32:25+00:00\",\"dateModified\":\"2024-04-17T20:32:25+00:00\",\"mainEntityOfPage\":{\"@id\":\"https:\/\/www.fiscalia.gov.co\/colombia\/noticias\/ofensiva-contra-la-criminalidad-en-risaralda-permitio-la-judicializacion-de-27-personas\/\"},\"wordCount\":544,\"publisher\":{\"@id\":\"https:\/\/www.fiscalia.gov.co\/colombia\/#organization\"},\"image\":{\"@id\":\"https:\/\/www.fiscalia.gov.co\/colombia\/noticias\/ofensiva-contra-la-criminalidad-en-risaralda-permitio-la-judicializacion-de-27-personas\/#primaryimage\"},\"thumbnailUrl\":\"https:\/\/www.fiscalia.gov.co\/colombia\/wp-content\/uploads\/Juan-Carlos-Castro-Henao-Jose-Yovani-Vazquez-Morales-Damaris-Morales-Garzon-Keily-Jhoana-Carmona-Ceballos-Santa-Rosa-de-Cabal-300x225.jpg\",\"keywords\":[\"c\u00e1rcel para bandidos\",\"Delincuencia\",\"Fiscal General de la Naci\u00f3n\",\"Fiscal Luz Adriana\",\"Fiscal Luz Adriana Camargo\",\"Fiscal\u00eda General de la Naci\u00f3n\"],\"articleSection\":[\"Noticias\",\"Seccional Pereira\"],\"inLanguage\":\"es-CO\"},{\"@type\":\"WebPage\",\"@id\":\"https:\/\/www.fiscalia.gov.co\/colombia\/noticias\/ofensiva-contra-la-criminalidad-en-risaralda-permitio-la-judicializacion-de-27-personas\/\",\"url\":\"https:\/\/www.fiscalia.gov.co\/colombia\/noticias\/ofensiva-contra-la-criminalidad-en-risaralda-permitio-la-judicializacion-de-27-personas\/\",\"name\":\"Fiscal\u00eda General de la Naci\u00f3n\",\"isPartOf\":{\"@id\":\"https:\/\/www.fiscalia.gov.co\/colombia\/#website\"},\"primaryImageOfPage\":{\"@id\":\"https:\/\/www.fiscalia.gov.co\/colombia\/noticias\/ofensiva-contra-la-criminalidad-en-risaralda-permitio-la-judicializacion-de-27-personas\/#primaryimage\"},\"image\":{\"@id\":\"https:\/\/www.fiscalia.gov.co\/colombia\/noticias\/ofensiva-contra-la-criminalidad-en-risaralda-permitio-la-judicializacion-de-27-personas\/#primaryimage\"},\"thumbnailUrl\":\"https:\/\/www.fiscalia.gov.co\/colombia\/wp-content\/uploads\/Juan-Carlos-Castro-Henao-Jose-Yovani-Vazquez-Morales-Damaris-Morales-Garzon-Keily-Jhoana-Carmona-Ceballos-Santa-Rosa-de-Cabal-300x225.jpg\",\"datePublished\":\"2024-04-17T20:32:25+00:00\",\"dateModified\":\"2024-04-17T20:32:25+00:00\",\"description\":\"P\u00e1gina oficial de la Fiscal\u00eda General de la Naci\u00f3n \u2013 Colombia. Garantizamos el acceso efectivo a la justicia, la verdad y la reparaci\u00f3n de las v\u00edctimas de los delitos.\",\"breadcrumb\":{\"@id\":\"https:\/\/www.fiscalia.gov.co\/colombia\/noticias\/ofensiva-contra-la-criminalidad-en-risaralda-permitio-la-judicializacion-de-27-personas\/#breadcrumb\"},\"inLanguage\":\"es-CO\",\"potentialAction\":[{\"@type\":\"ReadAction\",\"target\":[\"https:\/\/www.fiscalia.gov.co\/colombia\/noticias\/ofensiva-contra-la-criminalidad-en-risaralda-permitio-la-judicializacion-de-27-personas\/\"]}]},{\"@type\":\"ImageObject\",\"inLanguage\":\"es-CO\",\"@id\":\"https:\/\/www.fiscalia.gov.co\/colombia\/noticias\/ofensiva-contra-la-criminalidad-en-risaralda-permitio-la-judicializacion-de-27-personas\/#primaryimage\",\"url\":\"https:\/\/www.fiscalia.gov.co\/colombia\/wp-content\/uploads\/Juan-Carlos-Castro-Henao-Jose-Yovani-Vazquez-Morales-Damaris-Morales-Garzon-Keily-Jhoana-Carmona-Ceballos-Santa-Rosa-de-Cabal.jpg\",\"contentUrl\":\"https:\/\/www.fiscalia.gov.co\/colombia\/wp-content\/uploads\/Juan-Carlos-Castro-Henao-Jose-Yovani-Vazquez-Morales-Damaris-Morales-Garzon-Keily-Jhoana-Carmona-Ceballos-Santa-Rosa-de-Cabal.jpg\",\"width\":1024,\"height\":768,\"caption\":\"En Santa Rosa de Cabal (Risaralda), cuatro personas fueron judicializadas por su presunta responsabilidad en tr\u00e1fico, fabricaci\u00f3n o porte de estupefacientes y fabricaci\u00f3n, tr\u00e1fico o porte de armas\"},{\"@type\":\"BreadcrumbList\",\"@id\":\"https:\/\/www.fiscalia.gov.co\/colombia\/noticias\/ofensiva-contra-la-criminalidad-en-risaralda-permitio-la-judicializacion-de-27-personas\/#breadcrumb\",\"itemListElement\":[{\"@type\":\"ListItem\",\"position\":1,\"name\":\"Home\",\"item\":\"https:\/\/www.fiscalia.gov.co\/colombia\/\"},{\"@type\":\"ListItem\",\"position\":2,\"name\":\"Ofensiva contra la criminalidad en Risaralda permiti\u00f3 la judicializaci\u00f3n de 27 personas\"}]},{\"@type\":\"WebSite\",\"@id\":\"https:\/\/www.fiscalia.gov.co\/colombia\/#website\",\"url\":\"https:\/\/www.fiscalia.gov.co\/colombia\/\",\"name\":\"Fiscal\u00eda General de la Naci\u00f3n\",\"description\":\"P\u00e1gina oficial de la Fiscal\u00eda General de la Naci\u00f3n \u2013 Colombia. Garantizamos el acceso efectivo a la justicia, la verdad y la reparaci\u00f3n de las v\u00edctimas de los delitos.\",\"publisher\":{\"@id\":\"https:\/\/www.fiscalia.gov.co\/colombia\/#organization\"},\"potentialAction\":[{\"@type\":\"SearchAction\",\"target\":{\"@type\":\"EntryPoint\",\"urlTemplate\":\"https:\/\/www.fiscalia.gov.co\/colombia\/?s={search_term_string}\"},\"query-input\":{\"@type\":\"PropertyValueSpecification\",\"valueRequired\":true,\"valueName\":\"search_term_string\"}}],\"inLanguage\":\"es-CO\"},{\"@type\":\"Organization\",\"@id\":\"https:\/\/www.fiscalia.gov.co\/colombia\/#organization\",\"name\":\"Fiscal\u00eda General de la Naci\u00f3n\",\"url\":\"https:\/\/www.fiscalia.gov.co\/colombia\/\",\"logo\":{\"@type\":\"ImageObject\",\"inLanguage\":\"es-CO\",\"@id\":\"https:\/\/www.fiscalia.gov.co\/colombia\/#\/schema\/logo\/image\/\",\"url\":\"https:\/\/www.fiscalia.gov.co\/colombia\/wp-content\/uploads\/LogoHorizontal_1.jpg\",\"contentUrl\":\"https:\/\/www.fiscalia.gov.co\/colombia\/wp-content\/uploads\/LogoHorizontal_1.jpg\",\"width\":300,\"height\":90,\"caption\":\"Fiscal\u00eda General de la Naci\u00f3n\"},\"image\":{\"@id\":\"https:\/\/www.fiscalia.gov.co\/colombia\/#\/schema\/logo\/image\/\"},\"sameAs\":[\"https:\/\/www.facebook.com\/FiscaliaCol\",\"https:\/\/x.com\/FiscaliaCol\",\"https:\/\/www.instagram.com\/fiscaliacol\",\"https:\/\/www.linkedin.com\/company\/fiscalia-general-de-la-naci-n\/\",\"https:\/\/youtube.com\/@fiscaliageneraldelanacion-4668?si=6nN79nyQICPU5iTh\"]},{\"@type\":\"Person\",\"@id\":\"https:\/\/www.fiscalia.gov.co\/colombia\/#\/schema\/person\/ba9eca435947489fb25117a0cd75bf3e\",\"name\":\"Johanna Islenny Prieto Pe\u00f1a\",\"image\":{\"@type\":\"ImageObject\",\"inLanguage\":\"es-CO\",\"@id\":\"https:\/\/www.fiscalia.gov.co\/colombia\/#\/schema\/person\/image\/\",\"url\":\"https:\/\/secure.gravatar.com\/avatar\/111433fc2acb037ffb768f6a3ca47864?s=96&d=mm&r=g\",\"contentUrl\":\"https:\/\/secure.gravatar.com\/avatar\/111433fc2acb037ffb768f6a3ca47864?s=96&d=mm&r=g\",\"caption\":\"Johanna Islenny Prieto Pe\u00f1a\"},\"url\":\"https:\/\/www.fiscalia.gov.co\/colombia\/author\/jprietop\/\"}]}<\/script>\n<!-- \/ Yoast SEO plugin. -->","yoast_head_json":{"title":"Fiscal\u00eda General de la Naci\u00f3n","description":"P\u00e1gina oficial de la Fiscal\u00eda General de la Naci\u00f3n \u2013 Colombia. Garantizamos el acceso efectivo a la justicia, la verdad y la reparaci\u00f3n de las v\u00edctimas de los delitos.","robots":{"index":"noindex","follow":"follow"},"og_locale":"es_ES","og_type":"article","og_title":"Fiscal\u00eda General de la Naci\u00f3n","og_description":"P\u00e1gina oficial de la Fiscal\u00eda General de la Naci\u00f3n \u2013 Colombia. Garantizamos el acceso efectivo a la justicia, la verdad y la reparaci\u00f3n de las v\u00edctimas de los delitos.","og_url":"https:\/\/www.fiscalia.gov.co\/colombia\/noticias\/ofensiva-contra-la-criminalidad-en-risaralda-permitio-la-judicializacion-de-27-personas\/","og_site_name":"Fiscal\u00eda General de la Naci\u00f3n","article_publisher":"https:\/\/www.facebook.com\/FiscaliaCol","article_published_time":"2024-04-17T20:32:25+00:00","og_image":[{"url":"https:\/\/www.fiscalia.gov.co\/colombia\/wp-content\/uploads\/Juan-Carlos-Castro-Henao-Jose-Yovani-Vazquez-Morales-Damaris-Morales-Garzon-Keily-Jhoana-Carmona-Ceballos-Santa-Rosa-de-Cabal-300x225.jpg","type":"","width":"","height":""}],"author":"Johanna Islenny Prieto Pe\u00f1a","twitter_card":"summary_large_image","twitter_creator":"@FiscaliaCol","twitter_site":"@FiscaliaCol","twitter_misc":{"Escrito por":"Johanna Islenny Prieto Pe\u00f1a","Tiempo de lectura":"3 minutos"},"schema":{"@context":"https:\/\/schema.org","@graph":[{"@type":"Article","@id":"https:\/\/www.fiscalia.gov.co\/colombia\/noticias\/ofensiva-contra-la-criminalidad-en-risaralda-permitio-la-judicializacion-de-27-personas\/#article","isPartOf":{"@id":"https:\/\/www.fiscalia.gov.co\/colombia\/noticias\/ofensiva-contra-la-criminalidad-en-risaralda-permitio-la-judicializacion-de-27-personas\/"},"author":{"name":"Johanna Islenny Prieto Pe\u00f1a","@id":"https:\/\/www.fiscalia.gov.co\/colombia\/#\/schema\/person\/ba9eca435947489fb25117a0cd75bf3e"},"headline":"Ofensiva contra la criminalidad en Risaralda permiti\u00f3 la judicializaci\u00f3n de 27 personas","datePublished":"2024-04-17T20:32:25+00:00","dateModified":"2024-04-17T20:32:25+00:00","mainEntityOfPage":{"@id":"https:\/\/www.fiscalia.gov.co\/colombia\/noticias\/ofensiva-contra-la-criminalidad-en-risaralda-permitio-la-judicializacion-de-27-personas\/"},"wordCount":544,"publisher":{"@id":"https:\/\/www.fiscalia.gov.co\/colombia\/#organization"},"image":{"@id":"https:\/\/www.fiscalia.gov.co\/colombia\/noticias\/ofensiva-contra-la-criminalidad-en-risaralda-permitio-la-judicializacion-de-27-personas\/#primaryimage"},"thumbnailUrl":"https:\/\/www.fiscalia.gov.co\/colombia\/wp-content\/uploads\/Juan-Carlos-Castro-Henao-Jose-Yovani-Vazquez-Morales-Damaris-Morales-Garzon-Keily-Jhoana-Carmona-Ceballos-Santa-Rosa-de-Cabal-300x225.jpg","keywords":["c\u00e1rcel para bandidos","Delincuencia","Fiscal General de la Naci\u00f3n","Fiscal Luz Adriana","Fiscal Luz Adriana Camargo","Fiscal\u00eda General de la Naci\u00f3n"],"articleSection":["Noticias","Seccional Pereira"],"inLanguage":"es-CO"},{"@type":"WebPage","@id":"https:\/\/www.fiscalia.gov.co\/colombia\/noticias\/ofensiva-contra-la-criminalidad-en-risaralda-permitio-la-judicializacion-de-27-personas\/","url":"https:\/\/www.fiscalia.gov.co\/colombia\/noticias\/ofensiva-contra-la-criminalidad-en-risaralda-permitio-la-judicializacion-de-27-personas\/","name":"Fiscal\u00eda General de la Naci\u00f3n","isPartOf":{"@id":"https:\/\/www.fiscalia.gov.co\/colombia\/#website"},"primaryImageOfPage":{"@id":"https:\/\/www.fiscalia.gov.co\/colombia\/noticias\/ofensiva-contra-la-criminalidad-en-risaralda-permitio-la-judicializacion-de-27-personas\/#primaryimage"},"image":{"@id":"https:\/\/www.fiscalia.gov.co\/colombia\/noticias\/ofensiva-contra-la-criminalidad-en-risaralda-permitio-la-judicializacion-de-27-personas\/#primaryimage"},"thumbnailUrl":"https:\/\/www.fiscalia.gov.co\/colombia\/wp-content\/uploads\/Juan-Carlos-Castro-Henao-Jose-Yovani-Vazquez-Morales-Damaris-Morales-Garzon-Keily-Jhoana-Carmona-Ceballos-Santa-Rosa-de-Cabal-300x225.jpg","datePublished":"2024-04-17T20:32:25+00:00","dateModified":"2024-04-17T20:32:25+00:00","description":"P\u00e1gina oficial de la Fiscal\u00eda General de la Naci\u00f3n \u2013 Colombia. Garantizamos el acceso efectivo a la justicia, la verdad y la reparaci\u00f3n de las v\u00edctimas de los delitos.","breadcrumb":{"@id":"https:\/\/www.fiscalia.gov.co\/colombia\/noticias\/ofensiva-contra-la-criminalidad-en-risaralda-permitio-la-judicializacion-de-27-personas\/#breadcrumb"},"inLanguage":"es-CO","potentialAction":[{"@type":"ReadAction","target":["https:\/\/www.fiscalia.gov.co\/colombia\/noticias\/ofensiva-contra-la-criminalidad-en-risaralda-permitio-la-judicializacion-de-27-personas\/"]}]},{"@type":"ImageObject","inLanguage":"es-CO","@id":"https:\/\/www.fiscalia.gov.co\/colombia\/noticias\/ofensiva-contra-la-criminalidad-en-risaralda-permitio-la-judicializacion-de-27-personas\/#primaryimage","url":"https:\/\/www.fiscalia.gov.co\/colombia\/wp-content\/uploads\/Juan-Carlos-Castro-Henao-Jose-Yovani-Vazquez-Morales-Damaris-Morales-Garzon-Keily-Jhoana-Carmona-Ceballos-Santa-Rosa-de-Cabal.jpg","contentUrl":"https:\/\/www.fiscalia.gov.co\/colombia\/wp-content\/uploads\/Juan-Carlos-Castro-Henao-Jose-Yovani-Vazquez-Morales-Damaris-Morales-Garzon-Keily-Jhoana-Carmona-Ceballos-Santa-Rosa-de-Cabal.jpg","width":1024,"height":768,"caption":"En Santa Rosa de Cabal (Risaralda), cuatro personas fueron judicializadas por su presunta responsabilidad en tr\u00e1fico, fabricaci\u00f3n o porte de estupefacientes y fabricaci\u00f3n, tr\u00e1fico o porte de armas"},{"@type":"BreadcrumbList","@id":"https:\/\/www.fiscalia.gov.co\/colombia\/noticias\/ofensiva-contra-la-criminalidad-en-risaralda-permitio-la-judicializacion-de-27-personas\/#breadcrumb","itemListElement":[{"@type":"ListItem","position":1,"name":"Home","item":"https:\/\/www.fiscalia.gov.co\/colombia\/"},{"@type":"ListItem","position":2,"name":"Ofensiva contra la criminalidad en Risaralda permiti\u00f3 la judicializaci\u00f3n de 27 personas"}]},{"@type":"WebSite","@id":"https:\/\/www.fiscalia.gov.co\/colombia\/#website","url":"https:\/\/www.fiscalia.gov.co\/colombia\/","name":"Fiscal\u00eda General de la Naci\u00f3n","description":"P\u00e1gina oficial de la Fiscal\u00eda General de la Naci\u00f3n \u2013 Colombia. Garantizamos el acceso efectivo a la justicia, la verdad y la reparaci\u00f3n de las v\u00edctimas de los delitos.","publisher":{"@id":"https:\/\/www.fiscalia.gov.co\/colombia\/#organization"},"potentialAction":[{"@type":"SearchAction","target":{"@type":"EntryPoint","urlTemplate":"https:\/\/www.fiscalia.gov.co\/colombia\/?s={search_term_string}"},"query-input":{"@type":"PropertyValueSpecification","valueRequired":true,"valueName":"search_term_string"}}],"inLanguage":"es-CO"},{"@type":"Organization","@id":"https:\/\/www.fiscalia.gov.co\/colombia\/#organization","name":"Fiscal\u00eda General de la Naci\u00f3n","url":"https:\/\/www.fiscalia.gov.co\/colombia\/","logo":{"@type":"ImageObject","inLanguage":"es-CO","@id":"https:\/\/www.fiscalia.gov.co\/colombia\/#\/schema\/logo\/image\/","url":"https:\/\/www.fiscalia.gov.co\/colombia\/wp-content\/uploads\/LogoHorizontal_1.jpg","contentUrl":"https:\/\/www.fiscalia.gov.co\/colombia\/wp-content\/uploads\/LogoHorizontal_1.jpg","width":300,"height":90,"caption":"Fiscal\u00eda General de la Naci\u00f3n"},"image":{"@id":"https:\/\/www.fiscalia.gov.co\/colombia\/#\/schema\/logo\/image\/"},"sameAs":["https:\/\/www.facebook.com\/FiscaliaCol","https:\/\/x.com\/FiscaliaCol","https:\/\/www.instagram.com\/fiscaliacol","https:\/\/www.linkedin.com\/company\/fiscalia-general-de-la-naci-n\/","https:\/\/youtube.com\/@fiscaliageneraldelanacion-4668?si=6nN79nyQICPU5iTh"]},{"@type":"Person","@id":"https:\/\/www.fiscalia.gov.co\/colombia\/#\/schema\/person\/ba9eca435947489fb25117a0cd75bf3e","name":"Johanna Islenny Prieto Pe\u00f1a","image":{"@type":"ImageObject","inLanguage":"es-CO","@id":"https:\/\/www.fiscalia.gov.co\/colombia\/#\/schema\/person\/image\/","url":"https:\/\/secure.gravatar.com\/avatar\/111433fc2acb037ffb768f6a3ca47864?s=96&d=mm&r=g","contentUrl":"https:\/\/secure.gravatar.com\/avatar\/111433fc2acb037ffb768f6a3ca47864?s=96&d=mm&r=g","caption":"Johanna Islenny Prieto Pe\u00f1a"},"url":"https:\/\/www.fiscalia.gov.co\/colombia\/author\/jprietop\/"}]}},"_links":{"self":[{"href":"https:\/\/www.fiscalia.gov.co\/colombia\/wp-json\/wp\/v2\/posts\/293311","targetHints":{"allow":["GET"]}}],"collection":[{"href":"https:\/\/www.fiscalia.gov.co\/colombia\/wp-json\/wp\/v2\/posts"}],"about":[{"href":"https:\/\/www.fiscalia.gov.co\/colombia\/wp-json\/wp\/v2\/types\/post"}],"author":[{"embeddable":true,"href":"https:\/\/www.fiscalia.gov.co\/colombia\/wp-json\/wp\/v2\/users\/181"}],"replies":[{"embeddable":true,"href":"https:\/\/www.fiscalia.gov.co\/colombia\/wp-json\/wp\/v2\/comments?post=293311"}],"version-history":[{"count":1,"href":"https:\/\/www.fiscalia.gov.co\/colombia\/wp-json\/wp\/v2\/posts\/293311\/revisions"}],"predecessor-version":[{"id":293314,"href":"https:\/\/www.fiscalia.gov.co\/colombia\/wp-json\/wp\/v2\/posts\/293311\/revisions\/293314"}],"wp:attachment":[{"href":"https:\/\/www.fiscalia.gov.co\/colombia\/wp-json\/wp\/v2\/media?parent=293311"}],"wp:term":[{"taxonomy":"category","embeddable":true,"href":"https:\/\/www.fiscalia.gov.co\/colombia\/wp-json\/wp\/v2\/categories?post=293311"},{"taxonomy":"post_tag","embeddable":true,"href":"https:\/\/www.fiscalia.gov.co\/colombia\/wp-json\/wp\/v2\/tags?post=293311"}],"curies":[{"name":"wp","href":"https:\/\/api.w.org\/{rel}","templated":true}]}}