{"id":293144,"date":"2024-04-15T14:54:27","date_gmt":"2024-04-15T19:54:27","guid":{"rendered":"https:\/\/www.fiscalia.gov.co\/colombia\/?p=293144"},"modified":"2024-04-15T14:56:38","modified_gmt":"2024-04-15T19:56:38","slug":"tres-hombres-fueron-privados-de-la-libertad-por-violencia-intrafamiliar-en-cartagena","status":"publish","type":"post","link":"https:\/\/www.fiscalia.gov.co\/colombia\/noticias\/tres-hombres-fueron-privados-de-la-libertad-por-violencia-intrafamiliar-en-cartagena\/","title":{"rendered":"Tres hombres fueron privados de la libertad por violencia intrafamiliar en Cartagena"},"content":{"rendered":"<h4><em><strong>Fiscales de la Seccional Bol\u00edvar lograron que jueces enviaran a la c\u00e1rcel a tres hombres por presuntamente maltratar, f\u00edsica, verbal y psicol\u00f3gicamente a sus familiares en Cartagena.\u00a0<\/strong><\/em><\/h4>\n<p>El primer caso tiene que ver con un hombre que al parecer desde 2018 ven\u00eda golpeando y amenazando de muerte a su mam\u00e1, de 52 a\u00f1os, y a sus hermanos de 17 y 15, en el barrio Olaya Herrera.<\/p>\n<figure id=\"attachment_293147\" aria-describedby=\"caption-attachment-293147\" style=\"width: 300px\" class=\"wp-caption aligncenter\"><img loading=\"lazy\" decoding=\"async\" class=\"size-medium wp-image-293147\" src=\"https:\/\/www.fiscalia.gov.co\/colombia\/wp-content\/uploads\/Foto-1-boletin-15-de-abril-violencia-intrafamiliar-300x225.jpeg\" alt=\"En la fotograf\u00eda aparece un hombre de espalda, con los brazos esposados, vestido de camiseta blanca con rallas rojas, pantal\u00f3n de jean azul, custodiado por dos agentes de la Polic\u00eda Nacional.\" width=\"300\" height=\"225\" srcset=\"https:\/\/www.fiscalia.gov.co\/colombia\/wp-content\/uploads\/Foto-1-boletin-15-de-abril-violencia-intrafamiliar-300x225.jpeg 300w, https:\/\/www.fiscalia.gov.co\/colombia\/wp-content\/uploads\/Foto-1-boletin-15-de-abril-violencia-intrafamiliar-768x576.jpeg 768w, https:\/\/www.fiscalia.gov.co\/colombia\/wp-content\/uploads\/Foto-1-boletin-15-de-abril-violencia-intrafamiliar-696x522.jpeg 696w, https:\/\/www.fiscalia.gov.co\/colombia\/wp-content\/uploads\/Foto-1-boletin-15-de-abril-violencia-intrafamiliar-560x420.jpeg 560w, https:\/\/www.fiscalia.gov.co\/colombia\/wp-content\/uploads\/Foto-1-boletin-15-de-abril-violencia-intrafamiliar-80x60.jpeg 80w, https:\/\/www.fiscalia.gov.co\/colombia\/wp-content\/uploads\/Foto-1-boletin-15-de-abril-violencia-intrafamiliar-265x198.jpeg 265w, https:\/\/www.fiscalia.gov.co\/colombia\/wp-content\/uploads\/Foto-1-boletin-15-de-abril-violencia-intrafamiliar.jpeg 1024w\" sizes=\"auto, (max-width: 300px) 100vw, 300px\" \/><figcaption id=\"caption-attachment-293147\" class=\"wp-caption-text\">Hombre que al parecer maltrataba a su madre y a sus hermanos.<\/figcaption><\/figure>\n<p>Mediante orden judicial el sujeto, de 30 a\u00f1os, fue capturado el pasado 4 de abril por agentes de la <a href=\"https:\/\/www.fiscalia.gov.co\/colombia\/noticias\/privado-de-la-libertad-hombre-que-extorsionaria-haciendose-pasar-por-funcionario-de-la-sijin-de-la-policia-nacional\/\" target=\"_blank\" rel=\"noopener\">Polic\u00eda Naciona<\/a>l.<\/p>\n<p>Un segundo hecho\u00a0se registr\u00f3 el pasado 29 de marzo en una vivienda del barrio Mirador de la Bah\u00eda, a la cual ingres\u00f3 un hombre de 22 a\u00f1os para, presuntamente, golpear en reiteradas ocasiones a su exmujer.<\/p>\n<figure id=\"attachment_293148\" aria-describedby=\"caption-attachment-293148\" style=\"width: 300px\" class=\"wp-caption aligncenter\"><img loading=\"lazy\" decoding=\"async\" class=\"size-medium wp-image-293148\" src=\"https:\/\/www.fiscalia.gov.co\/colombia\/wp-content\/uploads\/Foto-2-boletin-15-de-abril-violencia-intrafamiliar--300x225.jpeg\" alt=\"En la imagen est\u00e1 un hombre vestido con camiseta roja y bermuda azul, se encuentra de pie, con el rostro difuso, los brazos atr\u00e1s esposados, acompa\u00f1ado por dos uniformados de la Polic\u00eda Nacional.\" width=\"300\" height=\"225\" srcset=\"https:\/\/www.fiscalia.gov.co\/colombia\/wp-content\/uploads\/Foto-2-boletin-15-de-abril-violencia-intrafamiliar--300x225.jpeg 300w, https:\/\/www.fiscalia.gov.co\/colombia\/wp-content\/uploads\/Foto-2-boletin-15-de-abril-violencia-intrafamiliar--768x576.jpeg 768w, https:\/\/www.fiscalia.gov.co\/colombia\/wp-content\/uploads\/Foto-2-boletin-15-de-abril-violencia-intrafamiliar--696x522.jpeg 696w, https:\/\/www.fiscalia.gov.co\/colombia\/wp-content\/uploads\/Foto-2-boletin-15-de-abril-violencia-intrafamiliar--560x420.jpeg 560w, https:\/\/www.fiscalia.gov.co\/colombia\/wp-content\/uploads\/Foto-2-boletin-15-de-abril-violencia-intrafamiliar--80x60.jpeg 80w, https:\/\/www.fiscalia.gov.co\/colombia\/wp-content\/uploads\/Foto-2-boletin-15-de-abril-violencia-intrafamiliar--265x198.jpeg 265w, https:\/\/www.fiscalia.gov.co\/colombia\/wp-content\/uploads\/Foto-2-boletin-15-de-abril-violencia-intrafamiliar-.jpeg 1024w\" sizes=\"auto, (max-width: 300px) 100vw, 300px\" \/><figcaption id=\"caption-attachment-293148\" class=\"wp-caption-text\">Judicializado por la Fiscal\u00eda por presuntamente agredir a su ex pareja sentimental.<\/figcaption><\/figure>\n<p>La v\u00edctima, de 33 a\u00f1os, habr\u00eda sido agredida nuevamente en la calle, donde fue auxiliada por los vecinos del sector y la Polic\u00eda que hizo presencia logrando la\u00a0captura en flagrancia del presunto agresor.<\/p>\n<p>Asimismo, <strong>fue judicializado un hombre de 47 a\u00f1os, quien en el barrio Chambac\u00fa le habr\u00eda lanzado una piedra a su ex compa\u00f1era sentimental,<\/strong> pero que impact\u00f3 en la cabeza del hijo menor de la pareja dej\u00e1ndolo inconsciente.<\/p>\n<p>Su captura tuvo lugar el pasado 2 de abril a cargo de funcionarios <a href=\"https:\/\/www.fiscalia.gov.co\/colombia\/noticias\/fiscalia-frustro-secuestro-de-empresario-casanareno-y-capturo-a-los-5-presuntos-responsables-que-se-hacian-pasar-por-funcionarios-del-cti\/\" target=\"_blank\" rel=\"noopener\">del Cuerpo T\u00e9cnico de Investigaci\u00f3n (CTI)\u00a0<\/a>en el barrio Torices.<\/p>\n<p><strong>La Fiscal\u00eda General de la Naci\u00f3n les imput\u00f3 a los tres hombres el delito de violencia intrafamiliar agravada. \u00a0<\/strong><\/p>\n<p>Esta informaci\u00f3n se publica por razones de inter\u00e9s general.<\/p>\n<p>MEVA\/CFG\/ICHS\/DSB<\/p>\n<p>&nbsp;<\/p>\n<p><b><i>Le puede interesar:<\/i><\/b><\/p>\n<p><a id=\"m_4097658929878608224m_-5367026110574351455OWA7494c017-ec9a-dac5-f4b6-219d94bf8aed\" title=\"Por maltratar a adulta mayor env\u00edan a la c\u00e1rcel a su nieto como presunto responsable, en San Pedro (Valle del Cauca)\" href=\"https:\/\/www.fiscalia.gov.co\/colombia\/noticias\/por-maltratar-a-adulta-mayor-envian-a-la-carcel-a-su-nieto-como-presunto-responsable-en-san-pedro-valle-del-cauca\/\" target=\"_blank\" rel=\"noopener noreferrer\" data-saferedirecturl=\"https:\/\/www.google.com\/url?q=https:\/\/www.fiscalia.gov.co\/colombia\/noticias\/por-maltratar-a-adulta-mayor-envian-a-la-carcel-a-su-nieto-como-presunto-responsable-en-san-pedro-valle-del-cauca\/&amp;source=gmail&amp;ust=1713296452198000&amp;usg=AOvVaw2bjvRA9ACWadK7dlvznuE9\">Por maltratar a adulta mayor env\u00edan a la c\u00e1rcel a su nieto como presunto responsable, en San Pedro (Valle del Cauca)<\/a><\/p>\n<p><a id=\"m_4097658929878608224m_-5367026110574351455OWA06181a44-9153-9d38-0a19-95d932dbcf72\" title=\"Fiscal\u00eda logra la judicializaci\u00f3n de un hombre que habr\u00eda agredido f\u00edsicamente a su hijastra de dos a\u00f1os\" href=\"https:\/\/www.fiscalia.gov.co\/colombia\/noticias\/fiscalia-logra-la-judicializacion-de-un-hombre-que-habria-agredido-fisicamente-a-su-hijastra-de-dos-anos\/\" target=\"_blank\" rel=\"noopener noreferrer\" data-saferedirecturl=\"https:\/\/www.google.com\/url?q=https:\/\/www.fiscalia.gov.co\/colombia\/noticias\/fiscalia-logra-la-judicializacion-de-un-hombre-que-habria-agredido-fisicamente-a-su-hijastra-de-dos-anos\/&amp;source=gmail&amp;ust=1713296452198000&amp;usg=AOvVaw1FJpYgk5cAYDGNhyunuMBI\">Fiscal\u00eda logra la judicializaci\u00f3n de un hombre que habr\u00eda agredido f\u00edsicamente a su hijastra de dos a\u00f1os<\/a><\/p>\n<p>&nbsp;<\/p>\n<p>&nbsp;<\/p>\n<p><em>La informaci\u00f3n contenida en este bolet\u00edn de prensa corresponde a la narraci\u00f3n de los hechos noticiosos objetivos, suministrados por los funcionarios encargados de adelantar las investigaciones penales al interior de la Fiscal\u00eda General de la Naci\u00f3n. Para el momento de la divulgaci\u00f3n de este comunicado, la situaci\u00f3n jur\u00eddica de la(s) persona(s) relacionada(s) se encuentra pendiente de resolver por la autoridad judicial competente, siempre bajo los preceptos de la presunci\u00f3n de inocencia, consagrados en el art\u00edculo 29 de la Constituci\u00f3n Pol\u00edtica y el art\u00edculo 7\u00ba de la Ley 906 de 2004.<\/em><\/p>\n<p><b>\u00a0<\/b><\/p>\n<p>&nbsp;<\/p>\n\n<div class=\"twitter-share\"><a href=\"https:\/\/twitter.com\/intent\/tweet?via=fiscaliacol\" class=\"twitter-share-button\">Tweet<\/a><\/div>\n","protected":false},"excerpt":{"rendered":"<p>Fiscales de la Seccional Bol\u00edvar lograron que jueces enviaran a la c\u00e1rcel a tres hombres por presuntamente maltratar, f\u00edsica, verbal y psicol\u00f3gicamente a sus familiares en Cartagena.\u00a0 El primer caso [&hellip;]<\/p>\n","protected":false},"author":181,"featured_media":0,"comment_status":"closed","ping_status":"open","sticky":false,"template":"","format":"standard","meta":{"tdm_status":"","tdm_grid_status":"","footnotes":""},"categories":[1,325],"tags":[24688,14550,23819,37614,17338,24187,1047,25483,26873,26942,27437,558,26057,5364],"class_list":["post-293144","post","type-post","status-publish","format-standard","category-noticias","category-seccional-cartagena","tag-agresiones","tag-carcel","tag-cartagena","tag-emocional","tag-familiares","tag-fiscalia-colombia","tag-fiscalia-general-de-la-nacion","tag-fisica","tag-hijos","tag-mama","tag-pareja-sentimental","tag-policia-nacional","tag-verbal","tag-violencia"],"yoast_head":"<!-- This site is optimized with the Yoast SEO plugin v24.3 - https:\/\/yoast.com\/wordpress\/plugins\/seo\/ -->\n<title>Fiscal\u00eda General de la Naci\u00f3n<\/title>\n<meta name=\"description\" content=\"P\u00e1gina oficial de la Fiscal\u00eda General de la Naci\u00f3n \u2013 Colombia. Garantizamos el acceso efectivo a la justicia, la verdad y la reparaci\u00f3n de las v\u00edctimas de los delitos.\" \/>\n<meta name=\"robots\" content=\"noindex, follow\" \/>\n<meta property=\"og:locale\" content=\"es_ES\" \/>\n<meta property=\"og:type\" content=\"article\" \/>\n<meta property=\"og:title\" content=\"Fiscal\u00eda General de la Naci\u00f3n\" \/>\n<meta property=\"og:description\" content=\"P\u00e1gina oficial de la Fiscal\u00eda General de la Naci\u00f3n \u2013 Colombia. Garantizamos el acceso efectivo a la justicia, la verdad y la reparaci\u00f3n de las v\u00edctimas de los delitos.\" \/>\n<meta property=\"og:url\" content=\"https:\/\/www.fiscalia.gov.co\/colombia\/noticias\/tres-hombres-fueron-privados-de-la-libertad-por-violencia-intrafamiliar-en-cartagena\/\" \/>\n<meta property=\"og:site_name\" content=\"Fiscal\u00eda General de la Naci\u00f3n\" \/>\n<meta property=\"article:publisher\" content=\"https:\/\/www.facebook.com\/FiscaliaCol\" \/>\n<meta property=\"article:published_time\" content=\"2024-04-15T19:54:27+00:00\" \/>\n<meta property=\"article:modified_time\" content=\"2024-04-15T19:56:38+00:00\" \/>\n<meta property=\"og:image\" content=\"https:\/\/www.fiscalia.gov.co\/colombia\/wp-content\/uploads\/Foto-1-boletin-15-de-abril-violencia-intrafamiliar-300x225.jpeg\" \/>\n<meta name=\"author\" content=\"Johanna Islenny Prieto Pe\u00f1a\" \/>\n<meta name=\"twitter:card\" content=\"summary_large_image\" \/>\n<meta name=\"twitter:creator\" content=\"@FiscaliaCol\" \/>\n<meta name=\"twitter:site\" content=\"@FiscaliaCol\" \/>\n<meta name=\"twitter:label1\" content=\"Escrito por\" \/>\n\t<meta name=\"twitter:data1\" content=\"Johanna Islenny Prieto Pe\u00f1a\" \/>\n\t<meta name=\"twitter:label2\" content=\"Tiempo de lectura\" \/>\n\t<meta name=\"twitter:data2\" content=\"3 minutos\" \/>\n<script type=\"application\/ld+json\" class=\"yoast-schema-graph\">{\"@context\":\"https:\/\/schema.org\",\"@graph\":[{\"@type\":\"Article\",\"@id\":\"https:\/\/www.fiscalia.gov.co\/colombia\/noticias\/tres-hombres-fueron-privados-de-la-libertad-por-violencia-intrafamiliar-en-cartagena\/#article\",\"isPartOf\":{\"@id\":\"https:\/\/www.fiscalia.gov.co\/colombia\/noticias\/tres-hombres-fueron-privados-de-la-libertad-por-violencia-intrafamiliar-en-cartagena\/\"},\"author\":{\"name\":\"Johanna Islenny Prieto Pe\u00f1a\",\"@id\":\"https:\/\/www.fiscalia.gov.co\/colombia\/#\/schema\/person\/ba9eca435947489fb25117a0cd75bf3e\"},\"headline\":\"Tres hombres fueron privados de la libertad por violencia intrafamiliar en Cartagena\",\"datePublished\":\"2024-04-15T19:54:27+00:00\",\"dateModified\":\"2024-04-15T19:56:38+00:00\",\"mainEntityOfPage\":{\"@id\":\"https:\/\/www.fiscalia.gov.co\/colombia\/noticias\/tres-hombres-fueron-privados-de-la-libertad-por-violencia-intrafamiliar-en-cartagena\/\"},\"wordCount\":467,\"publisher\":{\"@id\":\"https:\/\/www.fiscalia.gov.co\/colombia\/#organization\"},\"image\":{\"@id\":\"https:\/\/www.fiscalia.gov.co\/colombia\/noticias\/tres-hombres-fueron-privados-de-la-libertad-por-violencia-intrafamiliar-en-cartagena\/#primaryimage\"},\"thumbnailUrl\":\"https:\/\/www.fiscalia.gov.co\/colombia\/wp-content\/uploads\/Foto-1-boletin-15-de-abril-violencia-intrafamiliar-300x225.jpeg\",\"keywords\":[\"agresiones\",\"C\u00e1rcel\",\"Cartagena\",\"emocional\",\"Familiares\",\"Fiscal\u00eda Colombia\",\"Fiscal\u00eda General de la Naci\u00f3n\",\"f\u00edsica\",\"hijos\",\"Mam\u00e1\",\"pareja sentimental\",\"Polic\u00eda Nacional\",\"verbal\",\"Violencia\"],\"articleSection\":[\"Noticias\",\"Seccional Cartagena\"],\"inLanguage\":\"es-CO\"},{\"@type\":\"WebPage\",\"@id\":\"https:\/\/www.fiscalia.gov.co\/colombia\/noticias\/tres-hombres-fueron-privados-de-la-libertad-por-violencia-intrafamiliar-en-cartagena\/\",\"url\":\"https:\/\/www.fiscalia.gov.co\/colombia\/noticias\/tres-hombres-fueron-privados-de-la-libertad-por-violencia-intrafamiliar-en-cartagena\/\",\"name\":\"Fiscal\u00eda General de la Naci\u00f3n\",\"isPartOf\":{\"@id\":\"https:\/\/www.fiscalia.gov.co\/colombia\/#website\"},\"primaryImageOfPage\":{\"@id\":\"https:\/\/www.fiscalia.gov.co\/colombia\/noticias\/tres-hombres-fueron-privados-de-la-libertad-por-violencia-intrafamiliar-en-cartagena\/#primaryimage\"},\"image\":{\"@id\":\"https:\/\/www.fiscalia.gov.co\/colombia\/noticias\/tres-hombres-fueron-privados-de-la-libertad-por-violencia-intrafamiliar-en-cartagena\/#primaryimage\"},\"thumbnailUrl\":\"https:\/\/www.fiscalia.gov.co\/colombia\/wp-content\/uploads\/Foto-1-boletin-15-de-abril-violencia-intrafamiliar-300x225.jpeg\",\"datePublished\":\"2024-04-15T19:54:27+00:00\",\"dateModified\":\"2024-04-15T19:56:38+00:00\",\"description\":\"P\u00e1gina oficial de la Fiscal\u00eda General de la Naci\u00f3n \u2013 Colombia. Garantizamos el acceso efectivo a la justicia, la verdad y la reparaci\u00f3n de las v\u00edctimas de los delitos.\",\"breadcrumb\":{\"@id\":\"https:\/\/www.fiscalia.gov.co\/colombia\/noticias\/tres-hombres-fueron-privados-de-la-libertad-por-violencia-intrafamiliar-en-cartagena\/#breadcrumb\"},\"inLanguage\":\"es-CO\",\"potentialAction\":[{\"@type\":\"ReadAction\",\"target\":[\"https:\/\/www.fiscalia.gov.co\/colombia\/noticias\/tres-hombres-fueron-privados-de-la-libertad-por-violencia-intrafamiliar-en-cartagena\/\"]}]},{\"@type\":\"ImageObject\",\"inLanguage\":\"es-CO\",\"@id\":\"https:\/\/www.fiscalia.gov.co\/colombia\/noticias\/tres-hombres-fueron-privados-de-la-libertad-por-violencia-intrafamiliar-en-cartagena\/#primaryimage\",\"url\":\"https:\/\/www.fiscalia.gov.co\/colombia\/wp-content\/uploads\/Foto-1-boletin-15-de-abril-violencia-intrafamiliar-300x225.jpeg\",\"contentUrl\":\"https:\/\/www.fiscalia.gov.co\/colombia\/wp-content\/uploads\/Foto-1-boletin-15-de-abril-violencia-intrafamiliar-300x225.jpeg\"},{\"@type\":\"BreadcrumbList\",\"@id\":\"https:\/\/www.fiscalia.gov.co\/colombia\/noticias\/tres-hombres-fueron-privados-de-la-libertad-por-violencia-intrafamiliar-en-cartagena\/#breadcrumb\",\"itemListElement\":[{\"@type\":\"ListItem\",\"position\":1,\"name\":\"Home\",\"item\":\"https:\/\/www.fiscalia.gov.co\/colombia\/\"},{\"@type\":\"ListItem\",\"position\":2,\"name\":\"Tres hombres fueron privados de la libertad por violencia intrafamiliar en Cartagena\"}]},{\"@type\":\"WebSite\",\"@id\":\"https:\/\/www.fiscalia.gov.co\/colombia\/#website\",\"url\":\"https:\/\/www.fiscalia.gov.co\/colombia\/\",\"name\":\"Fiscal\u00eda General de la Naci\u00f3n\",\"description\":\"P\u00e1gina oficial de la Fiscal\u00eda General de la Naci\u00f3n \u2013 Colombia. Garantizamos el acceso efectivo a la justicia, la verdad y la reparaci\u00f3n de las v\u00edctimas de los delitos.\",\"publisher\":{\"@id\":\"https:\/\/www.fiscalia.gov.co\/colombia\/#organization\"},\"potentialAction\":[{\"@type\":\"SearchAction\",\"target\":{\"@type\":\"EntryPoint\",\"urlTemplate\":\"https:\/\/www.fiscalia.gov.co\/colombia\/?s={search_term_string}\"},\"query-input\":{\"@type\":\"PropertyValueSpecification\",\"valueRequired\":true,\"valueName\":\"search_term_string\"}}],\"inLanguage\":\"es-CO\"},{\"@type\":\"Organization\",\"@id\":\"https:\/\/www.fiscalia.gov.co\/colombia\/#organization\",\"name\":\"Fiscal\u00eda General de la Naci\u00f3n\",\"url\":\"https:\/\/www.fiscalia.gov.co\/colombia\/\",\"logo\":{\"@type\":\"ImageObject\",\"inLanguage\":\"es-CO\",\"@id\":\"https:\/\/www.fiscalia.gov.co\/colombia\/#\/schema\/logo\/image\/\",\"url\":\"https:\/\/www.fiscalia.gov.co\/colombia\/wp-content\/uploads\/LogoHorizontal_1.jpg\",\"contentUrl\":\"https:\/\/www.fiscalia.gov.co\/colombia\/wp-content\/uploads\/LogoHorizontal_1.jpg\",\"width\":300,\"height\":90,\"caption\":\"Fiscal\u00eda General de la Naci\u00f3n\"},\"image\":{\"@id\":\"https:\/\/www.fiscalia.gov.co\/colombia\/#\/schema\/logo\/image\/\"},\"sameAs\":[\"https:\/\/www.facebook.com\/FiscaliaCol\",\"https:\/\/x.com\/FiscaliaCol\",\"https:\/\/www.instagram.com\/fiscaliacol\",\"https:\/\/www.linkedin.com\/company\/fiscalia-general-de-la-naci-n\/\",\"https:\/\/youtube.com\/@fiscaliageneraldelanacion-4668?si=6nN79nyQICPU5iTh\"]},{\"@type\":\"Person\",\"@id\":\"https:\/\/www.fiscalia.gov.co\/colombia\/#\/schema\/person\/ba9eca435947489fb25117a0cd75bf3e\",\"name\":\"Johanna Islenny Prieto Pe\u00f1a\",\"image\":{\"@type\":\"ImageObject\",\"inLanguage\":\"es-CO\",\"@id\":\"https:\/\/www.fiscalia.gov.co\/colombia\/#\/schema\/person\/image\/\",\"url\":\"https:\/\/secure.gravatar.com\/avatar\/111433fc2acb037ffb768f6a3ca47864?s=96&d=mm&r=g\",\"contentUrl\":\"https:\/\/secure.gravatar.com\/avatar\/111433fc2acb037ffb768f6a3ca47864?s=96&d=mm&r=g\",\"caption\":\"Johanna Islenny Prieto Pe\u00f1a\"},\"url\":\"https:\/\/www.fiscalia.gov.co\/colombia\/author\/jprietop\/\"}]}<\/script>\n<!-- \/ Yoast SEO plugin. -->","yoast_head_json":{"title":"Fiscal\u00eda General de la Naci\u00f3n","description":"P\u00e1gina oficial de la Fiscal\u00eda General de la Naci\u00f3n \u2013 Colombia. Garantizamos el acceso efectivo a la justicia, la verdad y la reparaci\u00f3n de las v\u00edctimas de los delitos.","robots":{"index":"noindex","follow":"follow"},"og_locale":"es_ES","og_type":"article","og_title":"Fiscal\u00eda General de la Naci\u00f3n","og_description":"P\u00e1gina oficial de la Fiscal\u00eda General de la Naci\u00f3n \u2013 Colombia. Garantizamos el acceso efectivo a la justicia, la verdad y la reparaci\u00f3n de las v\u00edctimas de los delitos.","og_url":"https:\/\/www.fiscalia.gov.co\/colombia\/noticias\/tres-hombres-fueron-privados-de-la-libertad-por-violencia-intrafamiliar-en-cartagena\/","og_site_name":"Fiscal\u00eda General de la Naci\u00f3n","article_publisher":"https:\/\/www.facebook.com\/FiscaliaCol","article_published_time":"2024-04-15T19:54:27+00:00","article_modified_time":"2024-04-15T19:56:38+00:00","og_image":[{"url":"https:\/\/www.fiscalia.gov.co\/colombia\/wp-content\/uploads\/Foto-1-boletin-15-de-abril-violencia-intrafamiliar-300x225.jpeg","type":"","width":"","height":""}],"author":"Johanna Islenny Prieto Pe\u00f1a","twitter_card":"summary_large_image","twitter_creator":"@FiscaliaCol","twitter_site":"@FiscaliaCol","twitter_misc":{"Escrito por":"Johanna Islenny Prieto Pe\u00f1a","Tiempo de lectura":"3 minutos"},"schema":{"@context":"https:\/\/schema.org","@graph":[{"@type":"Article","@id":"https:\/\/www.fiscalia.gov.co\/colombia\/noticias\/tres-hombres-fueron-privados-de-la-libertad-por-violencia-intrafamiliar-en-cartagena\/#article","isPartOf":{"@id":"https:\/\/www.fiscalia.gov.co\/colombia\/noticias\/tres-hombres-fueron-privados-de-la-libertad-por-violencia-intrafamiliar-en-cartagena\/"},"author":{"name":"Johanna Islenny Prieto Pe\u00f1a","@id":"https:\/\/www.fiscalia.gov.co\/colombia\/#\/schema\/person\/ba9eca435947489fb25117a0cd75bf3e"},"headline":"Tres hombres fueron privados de la libertad por violencia intrafamiliar en Cartagena","datePublished":"2024-04-15T19:54:27+00:00","dateModified":"2024-04-15T19:56:38+00:00","mainEntityOfPage":{"@id":"https:\/\/www.fiscalia.gov.co\/colombia\/noticias\/tres-hombres-fueron-privados-de-la-libertad-por-violencia-intrafamiliar-en-cartagena\/"},"wordCount":467,"publisher":{"@id":"https:\/\/www.fiscalia.gov.co\/colombia\/#organization"},"image":{"@id":"https:\/\/www.fiscalia.gov.co\/colombia\/noticias\/tres-hombres-fueron-privados-de-la-libertad-por-violencia-intrafamiliar-en-cartagena\/#primaryimage"},"thumbnailUrl":"https:\/\/www.fiscalia.gov.co\/colombia\/wp-content\/uploads\/Foto-1-boletin-15-de-abril-violencia-intrafamiliar-300x225.jpeg","keywords":["agresiones","C\u00e1rcel","Cartagena","emocional","Familiares","Fiscal\u00eda Colombia","Fiscal\u00eda General de la Naci\u00f3n","f\u00edsica","hijos","Mam\u00e1","pareja sentimental","Polic\u00eda Nacional","verbal","Violencia"],"articleSection":["Noticias","Seccional Cartagena"],"inLanguage":"es-CO"},{"@type":"WebPage","@id":"https:\/\/www.fiscalia.gov.co\/colombia\/noticias\/tres-hombres-fueron-privados-de-la-libertad-por-violencia-intrafamiliar-en-cartagena\/","url":"https:\/\/www.fiscalia.gov.co\/colombia\/noticias\/tres-hombres-fueron-privados-de-la-libertad-por-violencia-intrafamiliar-en-cartagena\/","name":"Fiscal\u00eda General de la Naci\u00f3n","isPartOf":{"@id":"https:\/\/www.fiscalia.gov.co\/colombia\/#website"},"primaryImageOfPage":{"@id":"https:\/\/www.fiscalia.gov.co\/colombia\/noticias\/tres-hombres-fueron-privados-de-la-libertad-por-violencia-intrafamiliar-en-cartagena\/#primaryimage"},"image":{"@id":"https:\/\/www.fiscalia.gov.co\/colombia\/noticias\/tres-hombres-fueron-privados-de-la-libertad-por-violencia-intrafamiliar-en-cartagena\/#primaryimage"},"thumbnailUrl":"https:\/\/www.fiscalia.gov.co\/colombia\/wp-content\/uploads\/Foto-1-boletin-15-de-abril-violencia-intrafamiliar-300x225.jpeg","datePublished":"2024-04-15T19:54:27+00:00","dateModified":"2024-04-15T19:56:38+00:00","description":"P\u00e1gina oficial de la Fiscal\u00eda General de la Naci\u00f3n \u2013 Colombia. Garantizamos el acceso efectivo a la justicia, la verdad y la reparaci\u00f3n de las v\u00edctimas de los delitos.","breadcrumb":{"@id":"https:\/\/www.fiscalia.gov.co\/colombia\/noticias\/tres-hombres-fueron-privados-de-la-libertad-por-violencia-intrafamiliar-en-cartagena\/#breadcrumb"},"inLanguage":"es-CO","potentialAction":[{"@type":"ReadAction","target":["https:\/\/www.fiscalia.gov.co\/colombia\/noticias\/tres-hombres-fueron-privados-de-la-libertad-por-violencia-intrafamiliar-en-cartagena\/"]}]},{"@type":"ImageObject","inLanguage":"es-CO","@id":"https:\/\/www.fiscalia.gov.co\/colombia\/noticias\/tres-hombres-fueron-privados-de-la-libertad-por-violencia-intrafamiliar-en-cartagena\/#primaryimage","url":"https:\/\/www.fiscalia.gov.co\/colombia\/wp-content\/uploads\/Foto-1-boletin-15-de-abril-violencia-intrafamiliar-300x225.jpeg","contentUrl":"https:\/\/www.fiscalia.gov.co\/colombia\/wp-content\/uploads\/Foto-1-boletin-15-de-abril-violencia-intrafamiliar-300x225.jpeg"},{"@type":"BreadcrumbList","@id":"https:\/\/www.fiscalia.gov.co\/colombia\/noticias\/tres-hombres-fueron-privados-de-la-libertad-por-violencia-intrafamiliar-en-cartagena\/#breadcrumb","itemListElement":[{"@type":"ListItem","position":1,"name":"Home","item":"https:\/\/www.fiscalia.gov.co\/colombia\/"},{"@type":"ListItem","position":2,"name":"Tres hombres fueron privados de la libertad por violencia intrafamiliar en Cartagena"}]},{"@type":"WebSite","@id":"https:\/\/www.fiscalia.gov.co\/colombia\/#website","url":"https:\/\/www.fiscalia.gov.co\/colombia\/","name":"Fiscal\u00eda General de la Naci\u00f3n","description":"P\u00e1gina oficial de la Fiscal\u00eda General de la Naci\u00f3n \u2013 Colombia. Garantizamos el acceso efectivo a la justicia, la verdad y la reparaci\u00f3n de las v\u00edctimas de los delitos.","publisher":{"@id":"https:\/\/www.fiscalia.gov.co\/colombia\/#organization"},"potentialAction":[{"@type":"SearchAction","target":{"@type":"EntryPoint","urlTemplate":"https:\/\/www.fiscalia.gov.co\/colombia\/?s={search_term_string}"},"query-input":{"@type":"PropertyValueSpecification","valueRequired":true,"valueName":"search_term_string"}}],"inLanguage":"es-CO"},{"@type":"Organization","@id":"https:\/\/www.fiscalia.gov.co\/colombia\/#organization","name":"Fiscal\u00eda General de la Naci\u00f3n","url":"https:\/\/www.fiscalia.gov.co\/colombia\/","logo":{"@type":"ImageObject","inLanguage":"es-CO","@id":"https:\/\/www.fiscalia.gov.co\/colombia\/#\/schema\/logo\/image\/","url":"https:\/\/www.fiscalia.gov.co\/colombia\/wp-content\/uploads\/LogoHorizontal_1.jpg","contentUrl":"https:\/\/www.fiscalia.gov.co\/colombia\/wp-content\/uploads\/LogoHorizontal_1.jpg","width":300,"height":90,"caption":"Fiscal\u00eda General de la Naci\u00f3n"},"image":{"@id":"https:\/\/www.fiscalia.gov.co\/colombia\/#\/schema\/logo\/image\/"},"sameAs":["https:\/\/www.facebook.com\/FiscaliaCol","https:\/\/x.com\/FiscaliaCol","https:\/\/www.instagram.com\/fiscaliacol","https:\/\/www.linkedin.com\/company\/fiscalia-general-de-la-naci-n\/","https:\/\/youtube.com\/@fiscaliageneraldelanacion-4668?si=6nN79nyQICPU5iTh"]},{"@type":"Person","@id":"https:\/\/www.fiscalia.gov.co\/colombia\/#\/schema\/person\/ba9eca435947489fb25117a0cd75bf3e","name":"Johanna Islenny Prieto Pe\u00f1a","image":{"@type":"ImageObject","inLanguage":"es-CO","@id":"https:\/\/www.fiscalia.gov.co\/colombia\/#\/schema\/person\/image\/","url":"https:\/\/secure.gravatar.com\/avatar\/111433fc2acb037ffb768f6a3ca47864?s=96&d=mm&r=g","contentUrl":"https:\/\/secure.gravatar.com\/avatar\/111433fc2acb037ffb768f6a3ca47864?s=96&d=mm&r=g","caption":"Johanna Islenny Prieto Pe\u00f1a"},"url":"https:\/\/www.fiscalia.gov.co\/colombia\/author\/jprietop\/"}]}},"_links":{"self":[{"href":"https:\/\/www.fiscalia.gov.co\/colombia\/wp-json\/wp\/v2\/posts\/293144","targetHints":{"allow":["GET"]}}],"collection":[{"href":"https:\/\/www.fiscalia.gov.co\/colombia\/wp-json\/wp\/v2\/posts"}],"about":[{"href":"https:\/\/www.fiscalia.gov.co\/colombia\/wp-json\/wp\/v2\/types\/post"}],"author":[{"embeddable":true,"href":"https:\/\/www.fiscalia.gov.co\/colombia\/wp-json\/wp\/v2\/users\/181"}],"replies":[{"embeddable":true,"href":"https:\/\/www.fiscalia.gov.co\/colombia\/wp-json\/wp\/v2\/comments?post=293144"}],"version-history":[{"count":2,"href":"https:\/\/www.fiscalia.gov.co\/colombia\/wp-json\/wp\/v2\/posts\/293144\/revisions"}],"predecessor-version":[{"id":293152,"href":"https:\/\/www.fiscalia.gov.co\/colombia\/wp-json\/wp\/v2\/posts\/293144\/revisions\/293152"}],"wp:attachment":[{"href":"https:\/\/www.fiscalia.gov.co\/colombia\/wp-json\/wp\/v2\/media?parent=293144"}],"wp:term":[{"taxonomy":"category","embeddable":true,"href":"https:\/\/www.fiscalia.gov.co\/colombia\/wp-json\/wp\/v2\/categories?post=293144"},{"taxonomy":"post_tag","embeddable":true,"href":"https:\/\/www.fiscalia.gov.co\/colombia\/wp-json\/wp\/v2\/tags?post=293144"}],"curies":[{"name":"wp","href":"https:\/\/api.w.org\/{rel}","templated":true}]}}