{"id":293134,"date":"2024-04-15T13:58:08","date_gmt":"2024-04-15T18:58:08","guid":{"rendered":"https:\/\/www.fiscalia.gov.co\/colombia\/?p=293134"},"modified":"2024-04-15T13:58:08","modified_gmt":"2024-04-15T18:58:08","slug":"por-maltratar-a-adulta-mayor-envian-a-la-carcel-a-su-nieto-como-presunto-responsable-en-san-pedro-valle-del-cauca","status":"publish","type":"post","link":"https:\/\/www.fiscalia.gov.co\/colombia\/noticias\/por-maltratar-a-adulta-mayor-envian-a-la-carcel-a-su-nieto-como-presunto-responsable-en-san-pedro-valle-del-cauca\/","title":{"rendered":"Por maltratar a adulta mayor env\u00edan a la c\u00e1rcel a su nieto como presunto responsable, en San Pedro (Valle del Cauca)"},"content":{"rendered":"<p><strong>La Fiscal\u00eda General de la Naci\u00f3n, en su trabajo contra las violencias de g\u00e9nero, logr\u00f3 que un juez de control de garant\u00edas profiriera medida de aseguramiento en contra de Elkin Andrey<\/strong> Henao Zapata, de 24 a\u00f1os de edad, se\u00f1alado por maltratar a su abuela, en el municipio de San Pedro (Valle del Cauca).<\/p>\n<p>Los hechos materia de investigaci\u00f3n ocurrieron el 19 de octubre de 2023, en el municipio en menci\u00f3n, donde presuntamente <a href=\"https:\/\/www.fiscalia.gov.co\/colombia\/noticias\/a-la-carcel-hombre-quien-le-habria-quitado-la-vida-a-un-adulto-mayor-en-las-playas-de-tolu\/\" target=\"_blank\" rel=\"noopener\">el hoy imputado de manera reiterada, agred\u00eda verbal y psicol\u00f3gicamente a su abuela<\/a>, de 73 a\u00f1os de edad, todo ello, al parecer, porque ella se neg\u00f3 a darle dinero.<\/p>\n<figure id=\"attachment_293135\" aria-describedby=\"caption-attachment-293135\" style=\"width: 300px\" class=\"wp-caption aligncenter\"><img loading=\"lazy\" decoding=\"async\" class=\"size-medium wp-image-293135\" src=\"https:\/\/www.fiscalia.gov.co\/colombia\/wp-content\/uploads\/Elkin-Andrey-Henao-Zapata.-Violencia-intrafamiliar-agravada.-San-Pedro-Valle-del-Cauca-300x225.jpg\" alt=\"En la fotograf\u00eda se aprecia de pie y con los brazos atr\u00e1s a Elkin Andrey Henao Zapata. Viste  camisa de manga corta color uva con azul, pantal\u00f3n negro y zapatilla blancas. Al lado derecho de \u00e9l hay un servidor del CTI de la Fiscal\u00eda. Al lado izquierdo hay un uniformado de la Polic\u00eda Nacional. Detr\u00e1s de ellos hay un pend\u00f3n institucional de la Fiscal\u00eda.\" width=\"300\" height=\"225\" srcset=\"https:\/\/www.fiscalia.gov.co\/colombia\/wp-content\/uploads\/Elkin-Andrey-Henao-Zapata.-Violencia-intrafamiliar-agravada.-San-Pedro-Valle-del-Cauca-300x225.jpg 300w, https:\/\/www.fiscalia.gov.co\/colombia\/wp-content\/uploads\/Elkin-Andrey-Henao-Zapata.-Violencia-intrafamiliar-agravada.-San-Pedro-Valle-del-Cauca-560x420.jpg 560w, https:\/\/www.fiscalia.gov.co\/colombia\/wp-content\/uploads\/Elkin-Andrey-Henao-Zapata.-Violencia-intrafamiliar-agravada.-San-Pedro-Valle-del-Cauca-80x60.jpg 80w, https:\/\/www.fiscalia.gov.co\/colombia\/wp-content\/uploads\/Elkin-Andrey-Henao-Zapata.-Violencia-intrafamiliar-agravada.-San-Pedro-Valle-del-Cauca-265x198.jpg 265w, https:\/\/www.fiscalia.gov.co\/colombia\/wp-content\/uploads\/Elkin-Andrey-Henao-Zapata.-Violencia-intrafamiliar-agravada.-San-Pedro-Valle-del-Cauca.jpg 684w\" sizes=\"auto, (max-width: 300px) 100vw, 300px\" \/><figcaption id=\"caption-attachment-293135\" class=\"wp-caption-text\">Elkin Andrey Henao Zapata es se\u00f1alado de maltratar verbal y psicol\u00f3gicamente a su abuela, en el municipio de San Pedro (Valle del Cauca).<\/figcaption><\/figure>\n<p>Asimismo, las labores de polic\u00eda judicial permitieron establecer que Henao Zapata <strong>habr\u00eda amenazado a la mujer con ahorcarla<\/strong>, al tiempo que le da\u00f1\u00f3 puertas y electrodom\u00e9sticos.<\/p>\n<p>Por lo anterior, la Fiscal\u00eda solicit\u00f3 orden de captura contra Henao Zapata, la cual fue materializada por servidores del Cuerpo T\u00e9cnico de Investigaci\u00f3n (CTI), con apoyo de la Polic\u00eda Nacional, el pasado 9 de abril, en el Centro de San Pedro.<\/p>\n<p><strong>La Fiscal\u00eda le imput\u00f3 al capturado el delito de violencia intrafamiliar agravada<\/strong>, cargos que no acept\u00f3. Como medida preventiva, <a href=\"https:\/\/www.fiscalia.gov.co\/colombia\/noticias\/a-un-centro-carcelario-fue-remitido-el-presunto-agresor-sexual-de-una-menor-de-tres-anos-en-santa-marta\/\" target=\"_blank\" rel=\"noopener\">el juez decidi\u00f3 que el presunto implicado debe permanecer en centro carcelario.<\/a><\/p>\n<p>Con respecto al a\u00f1o 2023, la Seccional Valle del Cauca report\u00f3 que adelanta 352 investigaciones relacionadas con violencia intrafamiliar en lo que va corrido del presente a\u00f1o, lo que indica que un 65,49% se ha podido establecer qui\u00e9nes son los presuntos responsables de esta conducta delictiva.<\/p>\n<p>Esta informaci\u00f3n se publica por razones de inter\u00e9s general.<\/p>\n<p>&nbsp;<\/p>\n<p>MAP\/LV\/DSVC\/LYBT\/<\/p>\n<p>&nbsp;<\/p>\n<p>&nbsp;<\/p>\n<p>&nbsp;<\/p>\n<p><em>La informaci\u00f3n contenida en este bolet\u00edn de prensa corresponde a la narraci\u00f3n de los hechos noticiosos objetivos, suministrados por los funcionarios encargados de adelantar las investigaciones penales al interior de la Fiscal\u00eda General de la Naci\u00f3n. Para el momento de la divulgaci\u00f3n de este comunicado, la situaci\u00f3n jur\u00eddica de la(s) persona(s) relacionada(s) se encuentra pendiente de resolver por la autoridad judicial competente, siempre bajo los preceptos de la presunci\u00f3n de inocencia, consagrados en el art\u00edculo 29 de la Constituci\u00f3n Pol\u00edtica y el art\u00edculo 7\u00ba de la Ley 906 de 2004.<\/em><\/p>\n<p>&nbsp;<\/p>\n<p>&nbsp;<\/p>\n\n<div class=\"twitter-share\"><a href=\"https:\/\/twitter.com\/intent\/tweet?via=fiscaliacol\" class=\"twitter-share-button\">Tweet<\/a><\/div>\n","protected":false},"excerpt":{"rendered":"<p>La Fiscal\u00eda General de la Naci\u00f3n, en su trabajo contra las violencias de g\u00e9nero, logr\u00f3 que un juez de control de garant\u00edas profiriera medida de aseguramiento en contra de Elkin Andrey Henao Zapata, de 24 a\u00f1os de edad, se\u00f1alado por maltratar a su abuela, en el municipio de San Pedro (Valle del Cauca). Los hechos [&hellip;]<\/p>\n","protected":false},"author":181,"featured_media":0,"comment_status":"closed","ping_status":"open","sticky":false,"template":"","format":"standard","meta":{"tdm_status":"","tdm_grid_status":"","footnotes":""},"categories":[1,24127],"tags":[37492,1047,37493,2299],"class_list":{"0":"post-293134","1":"post","2":"type-post","3":"status-publish","4":"format-standard","6":"category-noticias","7":"category-violencia-sexual-e-intrafamiliar","8":"tag-fiscal-luz-adriana-camargo","9":"tag-fiscalia-general-de-la-nacion","10":"tag-luz-adriana-camargo","11":"tag-violencia-sexual"},"yoast_head":"<!-- This site is optimized with the Yoast SEO plugin v24.3 - https:\/\/yoast.com\/wordpress\/plugins\/seo\/ -->\n<title>Fiscal\u00eda General de la Naci\u00f3n<\/title>\n<meta name=\"description\" content=\"P\u00e1gina oficial de la Fiscal\u00eda General de la Naci\u00f3n \u2013 Colombia. Garantizamos el acceso efectivo a la justicia, la verdad y la reparaci\u00f3n de las v\u00edctimas de los delitos.\" \/>\n<meta name=\"robots\" content=\"noindex, follow\" \/>\n<meta property=\"og:locale\" content=\"es_ES\" \/>\n<meta property=\"og:type\" content=\"article\" \/>\n<meta property=\"og:title\" content=\"Fiscal\u00eda General de la Naci\u00f3n\" \/>\n<meta property=\"og:description\" content=\"P\u00e1gina oficial de la Fiscal\u00eda General de la Naci\u00f3n \u2013 Colombia. Garantizamos el acceso efectivo a la justicia, la verdad y la reparaci\u00f3n de las v\u00edctimas de los delitos.\" \/>\n<meta property=\"og:url\" content=\"https:\/\/www.fiscalia.gov.co\/colombia\/noticias\/por-maltratar-a-adulta-mayor-envian-a-la-carcel-a-su-nieto-como-presunto-responsable-en-san-pedro-valle-del-cauca\/\" \/>\n<meta property=\"og:site_name\" content=\"Fiscal\u00eda General de la Naci\u00f3n\" \/>\n<meta property=\"article:publisher\" content=\"https:\/\/www.facebook.com\/FiscaliaCol\" \/>\n<meta property=\"article:published_time\" content=\"2024-04-15T18:58:08+00:00\" \/>\n<meta property=\"og:image\" content=\"https:\/\/www.fiscalia.gov.co\/colombia\/wp-content\/uploads\/Elkin-Andrey-Henao-Zapata.-Violencia-intrafamiliar-agravada.-San-Pedro-Valle-del-Cauca-300x225.jpg\" \/>\n<meta name=\"author\" content=\"Johanna Islenny Prieto Pe\u00f1a\" \/>\n<meta name=\"twitter:card\" content=\"summary_large_image\" \/>\n<meta name=\"twitter:creator\" content=\"@FiscaliaCol\" \/>\n<meta name=\"twitter:site\" content=\"@FiscaliaCol\" \/>\n<meta name=\"twitter:label1\" content=\"Escrito por\" \/>\n\t<meta name=\"twitter:data1\" content=\"Johanna Islenny Prieto Pe\u00f1a\" \/>\n\t<meta name=\"twitter:label2\" content=\"Tiempo de lectura\" \/>\n\t<meta name=\"twitter:data2\" content=\"2 minutos\" \/>\n<script type=\"application\/ld+json\" class=\"yoast-schema-graph\">{\"@context\":\"https:\/\/schema.org\",\"@graph\":[{\"@type\":\"Article\",\"@id\":\"https:\/\/www.fiscalia.gov.co\/colombia\/noticias\/por-maltratar-a-adulta-mayor-envian-a-la-carcel-a-su-nieto-como-presunto-responsable-en-san-pedro-valle-del-cauca\/#article\",\"isPartOf\":{\"@id\":\"https:\/\/www.fiscalia.gov.co\/colombia\/noticias\/por-maltratar-a-adulta-mayor-envian-a-la-carcel-a-su-nieto-como-presunto-responsable-en-san-pedro-valle-del-cauca\/\"},\"author\":{\"name\":\"Johanna Islenny Prieto Pe\u00f1a\",\"@id\":\"https:\/\/www.fiscalia.gov.co\/colombia\/#\/schema\/person\/ba9eca435947489fb25117a0cd75bf3e\"},\"headline\":\"Por maltratar a adulta mayor env\u00edan a la c\u00e1rcel a su nieto como presunto responsable, en San Pedro (Valle del Cauca)\",\"datePublished\":\"2024-04-15T18:58:08+00:00\",\"dateModified\":\"2024-04-15T18:58:08+00:00\",\"mainEntityOfPage\":{\"@id\":\"https:\/\/www.fiscalia.gov.co\/colombia\/noticias\/por-maltratar-a-adulta-mayor-envian-a-la-carcel-a-su-nieto-como-presunto-responsable-en-san-pedro-valle-del-cauca\/\"},\"wordCount\":437,\"publisher\":{\"@id\":\"https:\/\/www.fiscalia.gov.co\/colombia\/#organization\"},\"image\":{\"@id\":\"https:\/\/www.fiscalia.gov.co\/colombia\/noticias\/por-maltratar-a-adulta-mayor-envian-a-la-carcel-a-su-nieto-como-presunto-responsable-en-san-pedro-valle-del-cauca\/#primaryimage\"},\"thumbnailUrl\":\"https:\/\/www.fiscalia.gov.co\/colombia\/wp-content\/uploads\/Elkin-Andrey-Henao-Zapata.-Violencia-intrafamiliar-agravada.-San-Pedro-Valle-del-Cauca-300x225.jpg\",\"keywords\":[\"Fiscal Luz Adriana Camargo\",\"Fiscal\u00eda General de la Naci\u00f3n\",\"Luz Adriana Camargo\",\"Violencia sexual\"],\"articleSection\":[\"Noticias\",\"Violencia sexual e intrafamiliar\"],\"inLanguage\":\"es-CO\"},{\"@type\":\"WebPage\",\"@id\":\"https:\/\/www.fiscalia.gov.co\/colombia\/noticias\/por-maltratar-a-adulta-mayor-envian-a-la-carcel-a-su-nieto-como-presunto-responsable-en-san-pedro-valle-del-cauca\/\",\"url\":\"https:\/\/www.fiscalia.gov.co\/colombia\/noticias\/por-maltratar-a-adulta-mayor-envian-a-la-carcel-a-su-nieto-como-presunto-responsable-en-san-pedro-valle-del-cauca\/\",\"name\":\"Fiscal\u00eda General de la Naci\u00f3n\",\"isPartOf\":{\"@id\":\"https:\/\/www.fiscalia.gov.co\/colombia\/#website\"},\"primaryImageOfPage\":{\"@id\":\"https:\/\/www.fiscalia.gov.co\/colombia\/noticias\/por-maltratar-a-adulta-mayor-envian-a-la-carcel-a-su-nieto-como-presunto-responsable-en-san-pedro-valle-del-cauca\/#primaryimage\"},\"image\":{\"@id\":\"https:\/\/www.fiscalia.gov.co\/colombia\/noticias\/por-maltratar-a-adulta-mayor-envian-a-la-carcel-a-su-nieto-como-presunto-responsable-en-san-pedro-valle-del-cauca\/#primaryimage\"},\"thumbnailUrl\":\"https:\/\/www.fiscalia.gov.co\/colombia\/wp-content\/uploads\/Elkin-Andrey-Henao-Zapata.-Violencia-intrafamiliar-agravada.-San-Pedro-Valle-del-Cauca-300x225.jpg\",\"datePublished\":\"2024-04-15T18:58:08+00:00\",\"dateModified\":\"2024-04-15T18:58:08+00:00\",\"description\":\"P\u00e1gina oficial de la Fiscal\u00eda General de la Naci\u00f3n \u2013 Colombia. Garantizamos el acceso efectivo a la justicia, la verdad y la reparaci\u00f3n de las v\u00edctimas de los delitos.\",\"breadcrumb\":{\"@id\":\"https:\/\/www.fiscalia.gov.co\/colombia\/noticias\/por-maltratar-a-adulta-mayor-envian-a-la-carcel-a-su-nieto-como-presunto-responsable-en-san-pedro-valle-del-cauca\/#breadcrumb\"},\"inLanguage\":\"es-CO\",\"potentialAction\":[{\"@type\":\"ReadAction\",\"target\":[\"https:\/\/www.fiscalia.gov.co\/colombia\/noticias\/por-maltratar-a-adulta-mayor-envian-a-la-carcel-a-su-nieto-como-presunto-responsable-en-san-pedro-valle-del-cauca\/\"]}]},{\"@type\":\"ImageObject\",\"inLanguage\":\"es-CO\",\"@id\":\"https:\/\/www.fiscalia.gov.co\/colombia\/noticias\/por-maltratar-a-adulta-mayor-envian-a-la-carcel-a-su-nieto-como-presunto-responsable-en-san-pedro-valle-del-cauca\/#primaryimage\",\"url\":\"https:\/\/www.fiscalia.gov.co\/colombia\/wp-content\/uploads\/Elkin-Andrey-Henao-Zapata.-Violencia-intrafamiliar-agravada.-San-Pedro-Valle-del-Cauca.jpg\",\"contentUrl\":\"https:\/\/www.fiscalia.gov.co\/colombia\/wp-content\/uploads\/Elkin-Andrey-Henao-Zapata.-Violencia-intrafamiliar-agravada.-San-Pedro-Valle-del-Cauca.jpg\",\"width\":684,\"height\":513,\"caption\":\"Elkin Andrey Henao Zapata es se\u00f1alado de maltratar verbal y psicol\u00f3gicamente a su abuela, en el municipio de San Pedro (Valle del Cauca).\"},{\"@type\":\"BreadcrumbList\",\"@id\":\"https:\/\/www.fiscalia.gov.co\/colombia\/noticias\/por-maltratar-a-adulta-mayor-envian-a-la-carcel-a-su-nieto-como-presunto-responsable-en-san-pedro-valle-del-cauca\/#breadcrumb\",\"itemListElement\":[{\"@type\":\"ListItem\",\"position\":1,\"name\":\"Home\",\"item\":\"https:\/\/www.fiscalia.gov.co\/colombia\/\"},{\"@type\":\"ListItem\",\"position\":2,\"name\":\"Por maltratar a adulta mayor env\u00edan a la c\u00e1rcel a su nieto como presunto responsable, en San Pedro (Valle del Cauca)\"}]},{\"@type\":\"WebSite\",\"@id\":\"https:\/\/www.fiscalia.gov.co\/colombia\/#website\",\"url\":\"https:\/\/www.fiscalia.gov.co\/colombia\/\",\"name\":\"Fiscal\u00eda General de la Naci\u00f3n\",\"description\":\"P\u00e1gina oficial de la Fiscal\u00eda General de la Naci\u00f3n \u2013 Colombia. Garantizamos el acceso efectivo a la justicia, la verdad y la reparaci\u00f3n de las v\u00edctimas de los delitos.\",\"publisher\":{\"@id\":\"https:\/\/www.fiscalia.gov.co\/colombia\/#organization\"},\"potentialAction\":[{\"@type\":\"SearchAction\",\"target\":{\"@type\":\"EntryPoint\",\"urlTemplate\":\"https:\/\/www.fiscalia.gov.co\/colombia\/?s={search_term_string}\"},\"query-input\":{\"@type\":\"PropertyValueSpecification\",\"valueRequired\":true,\"valueName\":\"search_term_string\"}}],\"inLanguage\":\"es-CO\"},{\"@type\":\"Organization\",\"@id\":\"https:\/\/www.fiscalia.gov.co\/colombia\/#organization\",\"name\":\"Fiscal\u00eda General de la Naci\u00f3n\",\"url\":\"https:\/\/www.fiscalia.gov.co\/colombia\/\",\"logo\":{\"@type\":\"ImageObject\",\"inLanguage\":\"es-CO\",\"@id\":\"https:\/\/www.fiscalia.gov.co\/colombia\/#\/schema\/logo\/image\/\",\"url\":\"https:\/\/www.fiscalia.gov.co\/colombia\/wp-content\/uploads\/LogoHorizontal_1.jpg\",\"contentUrl\":\"https:\/\/www.fiscalia.gov.co\/colombia\/wp-content\/uploads\/LogoHorizontal_1.jpg\",\"width\":300,\"height\":90,\"caption\":\"Fiscal\u00eda General de la Naci\u00f3n\"},\"image\":{\"@id\":\"https:\/\/www.fiscalia.gov.co\/colombia\/#\/schema\/logo\/image\/\"},\"sameAs\":[\"https:\/\/www.facebook.com\/FiscaliaCol\",\"https:\/\/x.com\/FiscaliaCol\",\"https:\/\/www.instagram.com\/fiscaliacol\",\"https:\/\/www.linkedin.com\/company\/fiscalia-general-de-la-naci-n\/\",\"https:\/\/youtube.com\/@fiscaliageneraldelanacion-4668?si=6nN79nyQICPU5iTh\"]},{\"@type\":\"Person\",\"@id\":\"https:\/\/www.fiscalia.gov.co\/colombia\/#\/schema\/person\/ba9eca435947489fb25117a0cd75bf3e\",\"name\":\"Johanna Islenny Prieto Pe\u00f1a\",\"image\":{\"@type\":\"ImageObject\",\"inLanguage\":\"es-CO\",\"@id\":\"https:\/\/www.fiscalia.gov.co\/colombia\/#\/schema\/person\/image\/\",\"url\":\"https:\/\/secure.gravatar.com\/avatar\/111433fc2acb037ffb768f6a3ca47864?s=96&d=mm&r=g\",\"contentUrl\":\"https:\/\/secure.gravatar.com\/avatar\/111433fc2acb037ffb768f6a3ca47864?s=96&d=mm&r=g\",\"caption\":\"Johanna Islenny Prieto Pe\u00f1a\"},\"url\":\"https:\/\/www.fiscalia.gov.co\/colombia\/author\/jprietop\/\"}]}<\/script>\n<!-- \/ Yoast SEO plugin. -->","yoast_head_json":{"title":"Fiscal\u00eda General de la Naci\u00f3n","description":"P\u00e1gina oficial de la Fiscal\u00eda General de la Naci\u00f3n \u2013 Colombia. Garantizamos el acceso efectivo a la justicia, la verdad y la reparaci\u00f3n de las v\u00edctimas de los delitos.","robots":{"index":"noindex","follow":"follow"},"og_locale":"es_ES","og_type":"article","og_title":"Fiscal\u00eda General de la Naci\u00f3n","og_description":"P\u00e1gina oficial de la Fiscal\u00eda General de la Naci\u00f3n \u2013 Colombia. Garantizamos el acceso efectivo a la justicia, la verdad y la reparaci\u00f3n de las v\u00edctimas de los delitos.","og_url":"https:\/\/www.fiscalia.gov.co\/colombia\/noticias\/por-maltratar-a-adulta-mayor-envian-a-la-carcel-a-su-nieto-como-presunto-responsable-en-san-pedro-valle-del-cauca\/","og_site_name":"Fiscal\u00eda General de la Naci\u00f3n","article_publisher":"https:\/\/www.facebook.com\/FiscaliaCol","article_published_time":"2024-04-15T18:58:08+00:00","og_image":[{"url":"https:\/\/www.fiscalia.gov.co\/colombia\/wp-content\/uploads\/Elkin-Andrey-Henao-Zapata.-Violencia-intrafamiliar-agravada.-San-Pedro-Valle-del-Cauca-300x225.jpg","type":"","width":"","height":""}],"author":"Johanna Islenny Prieto Pe\u00f1a","twitter_card":"summary_large_image","twitter_creator":"@FiscaliaCol","twitter_site":"@FiscaliaCol","twitter_misc":{"Escrito por":"Johanna Islenny Prieto Pe\u00f1a","Tiempo de lectura":"2 minutos"},"schema":{"@context":"https:\/\/schema.org","@graph":[{"@type":"Article","@id":"https:\/\/www.fiscalia.gov.co\/colombia\/noticias\/por-maltratar-a-adulta-mayor-envian-a-la-carcel-a-su-nieto-como-presunto-responsable-en-san-pedro-valle-del-cauca\/#article","isPartOf":{"@id":"https:\/\/www.fiscalia.gov.co\/colombia\/noticias\/por-maltratar-a-adulta-mayor-envian-a-la-carcel-a-su-nieto-como-presunto-responsable-en-san-pedro-valle-del-cauca\/"},"author":{"name":"Johanna Islenny Prieto Pe\u00f1a","@id":"https:\/\/www.fiscalia.gov.co\/colombia\/#\/schema\/person\/ba9eca435947489fb25117a0cd75bf3e"},"headline":"Por maltratar a adulta mayor env\u00edan a la c\u00e1rcel a su nieto como presunto responsable, en San Pedro (Valle del Cauca)","datePublished":"2024-04-15T18:58:08+00:00","dateModified":"2024-04-15T18:58:08+00:00","mainEntityOfPage":{"@id":"https:\/\/www.fiscalia.gov.co\/colombia\/noticias\/por-maltratar-a-adulta-mayor-envian-a-la-carcel-a-su-nieto-como-presunto-responsable-en-san-pedro-valle-del-cauca\/"},"wordCount":437,"publisher":{"@id":"https:\/\/www.fiscalia.gov.co\/colombia\/#organization"},"image":{"@id":"https:\/\/www.fiscalia.gov.co\/colombia\/noticias\/por-maltratar-a-adulta-mayor-envian-a-la-carcel-a-su-nieto-como-presunto-responsable-en-san-pedro-valle-del-cauca\/#primaryimage"},"thumbnailUrl":"https:\/\/www.fiscalia.gov.co\/colombia\/wp-content\/uploads\/Elkin-Andrey-Henao-Zapata.-Violencia-intrafamiliar-agravada.-San-Pedro-Valle-del-Cauca-300x225.jpg","keywords":["Fiscal Luz Adriana Camargo","Fiscal\u00eda General de la Naci\u00f3n","Luz Adriana Camargo","Violencia sexual"],"articleSection":["Noticias","Violencia sexual e intrafamiliar"],"inLanguage":"es-CO"},{"@type":"WebPage","@id":"https:\/\/www.fiscalia.gov.co\/colombia\/noticias\/por-maltratar-a-adulta-mayor-envian-a-la-carcel-a-su-nieto-como-presunto-responsable-en-san-pedro-valle-del-cauca\/","url":"https:\/\/www.fiscalia.gov.co\/colombia\/noticias\/por-maltratar-a-adulta-mayor-envian-a-la-carcel-a-su-nieto-como-presunto-responsable-en-san-pedro-valle-del-cauca\/","name":"Fiscal\u00eda General de la Naci\u00f3n","isPartOf":{"@id":"https:\/\/www.fiscalia.gov.co\/colombia\/#website"},"primaryImageOfPage":{"@id":"https:\/\/www.fiscalia.gov.co\/colombia\/noticias\/por-maltratar-a-adulta-mayor-envian-a-la-carcel-a-su-nieto-como-presunto-responsable-en-san-pedro-valle-del-cauca\/#primaryimage"},"image":{"@id":"https:\/\/www.fiscalia.gov.co\/colombia\/noticias\/por-maltratar-a-adulta-mayor-envian-a-la-carcel-a-su-nieto-como-presunto-responsable-en-san-pedro-valle-del-cauca\/#primaryimage"},"thumbnailUrl":"https:\/\/www.fiscalia.gov.co\/colombia\/wp-content\/uploads\/Elkin-Andrey-Henao-Zapata.-Violencia-intrafamiliar-agravada.-San-Pedro-Valle-del-Cauca-300x225.jpg","datePublished":"2024-04-15T18:58:08+00:00","dateModified":"2024-04-15T18:58:08+00:00","description":"P\u00e1gina oficial de la Fiscal\u00eda General de la Naci\u00f3n \u2013 Colombia. Garantizamos el acceso efectivo a la justicia, la verdad y la reparaci\u00f3n de las v\u00edctimas de los delitos.","breadcrumb":{"@id":"https:\/\/www.fiscalia.gov.co\/colombia\/noticias\/por-maltratar-a-adulta-mayor-envian-a-la-carcel-a-su-nieto-como-presunto-responsable-en-san-pedro-valle-del-cauca\/#breadcrumb"},"inLanguage":"es-CO","potentialAction":[{"@type":"ReadAction","target":["https:\/\/www.fiscalia.gov.co\/colombia\/noticias\/por-maltratar-a-adulta-mayor-envian-a-la-carcel-a-su-nieto-como-presunto-responsable-en-san-pedro-valle-del-cauca\/"]}]},{"@type":"ImageObject","inLanguage":"es-CO","@id":"https:\/\/www.fiscalia.gov.co\/colombia\/noticias\/por-maltratar-a-adulta-mayor-envian-a-la-carcel-a-su-nieto-como-presunto-responsable-en-san-pedro-valle-del-cauca\/#primaryimage","url":"https:\/\/www.fiscalia.gov.co\/colombia\/wp-content\/uploads\/Elkin-Andrey-Henao-Zapata.-Violencia-intrafamiliar-agravada.-San-Pedro-Valle-del-Cauca.jpg","contentUrl":"https:\/\/www.fiscalia.gov.co\/colombia\/wp-content\/uploads\/Elkin-Andrey-Henao-Zapata.-Violencia-intrafamiliar-agravada.-San-Pedro-Valle-del-Cauca.jpg","width":684,"height":513,"caption":"Elkin Andrey Henao Zapata es se\u00f1alado de maltratar verbal y psicol\u00f3gicamente a su abuela, en el municipio de San Pedro (Valle del Cauca)."},{"@type":"BreadcrumbList","@id":"https:\/\/www.fiscalia.gov.co\/colombia\/noticias\/por-maltratar-a-adulta-mayor-envian-a-la-carcel-a-su-nieto-como-presunto-responsable-en-san-pedro-valle-del-cauca\/#breadcrumb","itemListElement":[{"@type":"ListItem","position":1,"name":"Home","item":"https:\/\/www.fiscalia.gov.co\/colombia\/"},{"@type":"ListItem","position":2,"name":"Por maltratar a adulta mayor env\u00edan a la c\u00e1rcel a su nieto como presunto responsable, en San Pedro (Valle del Cauca)"}]},{"@type":"WebSite","@id":"https:\/\/www.fiscalia.gov.co\/colombia\/#website","url":"https:\/\/www.fiscalia.gov.co\/colombia\/","name":"Fiscal\u00eda General de la Naci\u00f3n","description":"P\u00e1gina oficial de la Fiscal\u00eda General de la Naci\u00f3n \u2013 Colombia. Garantizamos el acceso efectivo a la justicia, la verdad y la reparaci\u00f3n de las v\u00edctimas de los delitos.","publisher":{"@id":"https:\/\/www.fiscalia.gov.co\/colombia\/#organization"},"potentialAction":[{"@type":"SearchAction","target":{"@type":"EntryPoint","urlTemplate":"https:\/\/www.fiscalia.gov.co\/colombia\/?s={search_term_string}"},"query-input":{"@type":"PropertyValueSpecification","valueRequired":true,"valueName":"search_term_string"}}],"inLanguage":"es-CO"},{"@type":"Organization","@id":"https:\/\/www.fiscalia.gov.co\/colombia\/#organization","name":"Fiscal\u00eda General de la Naci\u00f3n","url":"https:\/\/www.fiscalia.gov.co\/colombia\/","logo":{"@type":"ImageObject","inLanguage":"es-CO","@id":"https:\/\/www.fiscalia.gov.co\/colombia\/#\/schema\/logo\/image\/","url":"https:\/\/www.fiscalia.gov.co\/colombia\/wp-content\/uploads\/LogoHorizontal_1.jpg","contentUrl":"https:\/\/www.fiscalia.gov.co\/colombia\/wp-content\/uploads\/LogoHorizontal_1.jpg","width":300,"height":90,"caption":"Fiscal\u00eda General de la Naci\u00f3n"},"image":{"@id":"https:\/\/www.fiscalia.gov.co\/colombia\/#\/schema\/logo\/image\/"},"sameAs":["https:\/\/www.facebook.com\/FiscaliaCol","https:\/\/x.com\/FiscaliaCol","https:\/\/www.instagram.com\/fiscaliacol","https:\/\/www.linkedin.com\/company\/fiscalia-general-de-la-naci-n\/","https:\/\/youtube.com\/@fiscaliageneraldelanacion-4668?si=6nN79nyQICPU5iTh"]},{"@type":"Person","@id":"https:\/\/www.fiscalia.gov.co\/colombia\/#\/schema\/person\/ba9eca435947489fb25117a0cd75bf3e","name":"Johanna Islenny Prieto Pe\u00f1a","image":{"@type":"ImageObject","inLanguage":"es-CO","@id":"https:\/\/www.fiscalia.gov.co\/colombia\/#\/schema\/person\/image\/","url":"https:\/\/secure.gravatar.com\/avatar\/111433fc2acb037ffb768f6a3ca47864?s=96&d=mm&r=g","contentUrl":"https:\/\/secure.gravatar.com\/avatar\/111433fc2acb037ffb768f6a3ca47864?s=96&d=mm&r=g","caption":"Johanna Islenny Prieto Pe\u00f1a"},"url":"https:\/\/www.fiscalia.gov.co\/colombia\/author\/jprietop\/"}]}},"_links":{"self":[{"href":"https:\/\/www.fiscalia.gov.co\/colombia\/wp-json\/wp\/v2\/posts\/293134","targetHints":{"allow":["GET"]}}],"collection":[{"href":"https:\/\/www.fiscalia.gov.co\/colombia\/wp-json\/wp\/v2\/posts"}],"about":[{"href":"https:\/\/www.fiscalia.gov.co\/colombia\/wp-json\/wp\/v2\/types\/post"}],"author":[{"embeddable":true,"href":"https:\/\/www.fiscalia.gov.co\/colombia\/wp-json\/wp\/v2\/users\/181"}],"replies":[{"embeddable":true,"href":"https:\/\/www.fiscalia.gov.co\/colombia\/wp-json\/wp\/v2\/comments?post=293134"}],"version-history":[{"count":1,"href":"https:\/\/www.fiscalia.gov.co\/colombia\/wp-json\/wp\/v2\/posts\/293134\/revisions"}],"predecessor-version":[{"id":293136,"href":"https:\/\/www.fiscalia.gov.co\/colombia\/wp-json\/wp\/v2\/posts\/293134\/revisions\/293136"}],"wp:attachment":[{"href":"https:\/\/www.fiscalia.gov.co\/colombia\/wp-json\/wp\/v2\/media?parent=293134"}],"wp:term":[{"taxonomy":"category","embeddable":true,"href":"https:\/\/www.fiscalia.gov.co\/colombia\/wp-json\/wp\/v2\/categories?post=293134"},{"taxonomy":"post_tag","embeddable":true,"href":"https:\/\/www.fiscalia.gov.co\/colombia\/wp-json\/wp\/v2\/tags?post=293134"}],"curies":[{"name":"wp","href":"https:\/\/api.w.org\/{rel}","templated":true}]}}