{"id":292983,"date":"2024-04-12T14:55:22","date_gmt":"2024-04-12T19:55:22","guid":{"rendered":"https:\/\/www.fiscalia.gov.co\/colombia\/?p=292983"},"modified":"2024-04-12T14:55:22","modified_gmt":"2024-04-12T19:55:22","slug":"fiscalia-judicializo-a-un-hombre-que-habria-golpeado-a-su-mujer-embarazada-en-la-isla-de-san-andres","status":"publish","type":"post","link":"https:\/\/www.fiscalia.gov.co\/colombia\/noticias\/fiscalia-judicializo-a-un-hombre-que-habria-golpeado-a-su-mujer-embarazada-en-la-isla-de-san-andres\/","title":{"rendered":"Fiscal\u00eda judicializ\u00f3 a un hombre que habr\u00eda golpeado a su mujer embarazada en la isla de San Andr\u00e9s"},"content":{"rendered":"<p>Una fiscal local de la isla de San Andr\u00e9s judicializ\u00f3 a un hombre de 36 a\u00f1os, <strong>quien al parecer agredi\u00f3 a su compa\u00f1era sentimental, que se encontraba en estado de embarazo.\u00a0<\/strong><\/p>\n<p>La decisi\u00f3n judicial se refiere a los hechos registrados el 25 de diciembre pasado en una vivienda del barrio Las Tablitas del archipi\u00e9lago,<strong> donde el sujeto la habr\u00eda golpeado hasta hacerle perder el conocimiento.<\/strong><\/p>\n<p>La primera agresi\u00f3n se habr\u00eda presentado cuando v\u00edctima hab\u00eda ido hasta esa vivienda a recoger sus pertenencias luego de tomar la decisi\u00f3n de separarse de su pareja.\u00a0Vecinos del sector lograron auxiliarla y retirarla del lugar.<\/p>\n<p><b><i>Le puede interesar:<\/i><\/b><a id=\"m_560547917903240151m_-6240041615813077074OWA59719614-8306-0c77-94c5-29a3cc0477fb\" title=\"A la c\u00e1rcel hombre quien presuntamente agredi\u00f3 con una jeringa de inyectar ganado a su expareja\" href=\"https:\/\/www.fiscalia.gov.co\/colombia\/noticias\/a-la-carcel-hombre-quien-presuntamente-agredio-con-una-jeringa-de-inyectar-ganado-a-su-expareja\/\" target=\"_blank\" rel=\"noopener noreferrer\" data-saferedirecturl=\"https:\/\/www.google.com\/url?q=https:\/\/www.fiscalia.gov.co\/colombia\/noticias\/a-la-carcel-hombre-quien-presuntamente-agredio-con-una-jeringa-de-inyectar-ganado-a-su-expareja\/&amp;source=gmail&amp;ust=1713032030765000&amp;usg=AOvVaw1fNdNzBxVIsvNFLXFLOGzz\">A la c\u00e1rcel hombre quien presuntamente agredi\u00f3 con una jeringa de inyectar ganado a su expareja<\/a><\/p>\n<p>Otro presunto hecho violento ocurri\u00f3 tres d\u00edas despu\u00e9s, en el mismo lugar, <strong>cuando la v\u00edctima, de 28 a\u00f1os, intentaba de nuevo retirar sus objetos personales.<\/strong><\/p>\n<figure id=\"attachment_292985\" aria-describedby=\"caption-attachment-292985\" style=\"width: 397px\" class=\"wp-caption aligncenter\"><img loading=\"lazy\" decoding=\"async\" class=\" wp-image-292985\" src=\"https:\/\/www.fiscalia.gov.co\/colombia\/wp-content\/uploads\/Foto-boletin-11-de-abril-violencia-intrafamiliar-300x225.jpeg\" alt=\"En la fotograf\u00eda aparece un hombre moreno, de baja estatura, con los brazos adelante esposados, medianamente grueso, vestido con camiseta blanca y pantal\u00f3n blanco, custodiado por un uniformado del Cuerpo T\u00e9cnico de Investigaci\u00f3n. Detr\u00e1s de ellos hay un pend\u00f3n azul de la Fiscal\u00eda.\" width=\"397\" height=\"298\" srcset=\"https:\/\/www.fiscalia.gov.co\/colombia\/wp-content\/uploads\/Foto-boletin-11-de-abril-violencia-intrafamiliar-300x225.jpeg 300w, https:\/\/www.fiscalia.gov.co\/colombia\/wp-content\/uploads\/Foto-boletin-11-de-abril-violencia-intrafamiliar-1024x768.jpeg 1024w, https:\/\/www.fiscalia.gov.co\/colombia\/wp-content\/uploads\/Foto-boletin-11-de-abril-violencia-intrafamiliar-768x576.jpeg 768w, https:\/\/www.fiscalia.gov.co\/colombia\/wp-content\/uploads\/Foto-boletin-11-de-abril-violencia-intrafamiliar-696x522.jpeg 696w, https:\/\/www.fiscalia.gov.co\/colombia\/wp-content\/uploads\/Foto-boletin-11-de-abril-violencia-intrafamiliar-1068x801.jpeg 1068w, https:\/\/www.fiscalia.gov.co\/colombia\/wp-content\/uploads\/Foto-boletin-11-de-abril-violencia-intrafamiliar-560x420.jpeg 560w, https:\/\/www.fiscalia.gov.co\/colombia\/wp-content\/uploads\/Foto-boletin-11-de-abril-violencia-intrafamiliar-80x60.jpeg 80w, https:\/\/www.fiscalia.gov.co\/colombia\/wp-content\/uploads\/Foto-boletin-11-de-abril-violencia-intrafamiliar-265x198.jpeg 265w, https:\/\/www.fiscalia.gov.co\/colombia\/wp-content\/uploads\/Foto-boletin-11-de-abril-violencia-intrafamiliar.jpeg 1216w\" sizes=\"auto, (max-width: 397px) 100vw, 397px\" \/><figcaption id=\"caption-attachment-292985\" class=\"wp-caption-text\">La Fiscal\u00eda le imput\u00f3 el delito de violencia intrafamiliar agravada.<\/figcaption><\/figure>\n<p>Al procesado, que fue capturado mediante orden judicial por el Cuerpo T\u00e9cnico de Investigaci\u00f3n (CTI) el pasado 10 de abril en el barrio Sarie Bay, la Fiscal\u00eda le imput\u00f3 el delito de violencia intrafamiliar agravada.<\/p>\n<p><em><strong>Lea tambi\u00e9n<\/strong>:<a id=\"m_560547917903240151m_-6240041615813077074OWA7ee4c735-c0de-2566-9e02-8113a20b2396\" title=\"Condenan a seis a\u00f1os de c\u00e1rcel a hombre que agredi\u00f3 f\u00edsica y psicol\u00f3gicamente a su expareja sentimental\" href=\"https:\/\/www.fiscalia.gov.co\/colombia\/noticias\/condenan-a-seis-anos-de-carcel-a-hombre-que-agredio-fisica-y-psicologicamente-a-su-expareja-sentimental\/\" target=\"_blank\" rel=\"noopener noreferrer\" data-saferedirecturl=\"https:\/\/www.google.com\/url?q=https:\/\/www.fiscalia.gov.co\/colombia\/noticias\/condenan-a-seis-anos-de-carcel-a-hombre-que-agredio-fisica-y-psicologicamente-a-su-expareja-sentimental\/&amp;source=gmail&amp;ust=1713032030765000&amp;usg=AOvVaw2smCu6gBH7ZRDLO8WG2uGU\">Condenan a seis a\u00f1os de c\u00e1rcel a hombre que agredi\u00f3 f\u00edsica y psicol\u00f3gicamente a su expareja sentimental<\/a><\/em><\/p>\n<p><b>\u00a0<\/b>En el desarrollo de las audiencias concentradas, un juez de control de garant\u00eda le profiri\u00f3 al hombre medida de aseguramiento en su lugar de domicilio.<\/p>\n<p>MEVA\/CFG\/TAM\/DSSPS<\/p>\n<p>&nbsp;<\/p>\n<p>&nbsp;<\/p>\n<p>&nbsp;<\/p>\n<p><em>La informaci\u00f3n contenida en este bolet\u00edn de prensa corresponde a la narraci\u00f3n de los hechos noticiosos objetivos, suministrados por los funcionarios encargados de adelantar las investigaciones penales al interior de la Fiscal\u00eda General de la Naci\u00f3n. Para el momento de la divulgaci\u00f3n de este comunicado, la situaci\u00f3n jur\u00eddica de la(s) persona(s) relacionada(s) se encuentra pendiente de resolver por la autoridad\u00a0judicial competente, siempre bajo los preceptos de la presunci\u00f3n de inocencia, consagrados en el art\u00edculo 29 de la Constituci\u00f3n Pol\u00edtica y el art\u00edculo 7\u00ba de la Ley 906 de 2004.\u00a0<\/em><\/p>\n\n<div class=\"twitter-share\"><a href=\"https:\/\/twitter.com\/intent\/tweet?via=fiscaliacol\" class=\"twitter-share-button\">Tweet<\/a><\/div>\n","protected":false},"excerpt":{"rendered":"<p>Una fiscal local de la isla de San Andr\u00e9s judicializ\u00f3 a un hombre de 36 a\u00f1os, quien al parecer agredi\u00f3 a su compa\u00f1era sentimental, que se encontraba en estado de embarazo.\u00a0 La decisi\u00f3n judicial se refiere a los hechos registrados el 25 de diciembre pasado en una vivienda del barrio Las Tablitas del archipi\u00e9lago, donde [&hellip;]<\/p>\n","protected":false},"author":178,"featured_media":0,"comment_status":"closed","ping_status":"open","sticky":false,"template":"","format":"standard","meta":{"tdm_status":"","tdm_grid_status":"","footnotes":""},"categories":[1],"tags":[12415,7815,29474,24187,1047,1064,9383,2067,558,23841,31013,26057,17445],"class_list":{"0":"post-292983","1":"post","2":"type-post","3":"status-publish","4":"format-standard","6":"category-noticias","7":"tag-agresion-fisica","8":"tag-companera-sentimental","9":"tag-embarazada","10":"tag-fiscalia-colombia","11":"tag-fiscalia-general-de-la-nacion","12":"tag-golpes","13":"tag-isla","14":"tag-mujer","15":"tag-policia-nacional","16":"tag-san-andres","17":"tag-san-andres-isla","18":"tag-verbal","19":"tag-victima"},"yoast_head":"<!-- This site is optimized with the Yoast SEO plugin v24.3 - https:\/\/yoast.com\/wordpress\/plugins\/seo\/ -->\n<title>Fiscal\u00eda General de la Naci\u00f3n<\/title>\n<meta name=\"description\" content=\"P\u00e1gina oficial de la Fiscal\u00eda General de la Naci\u00f3n \u2013 Colombia. Garantizamos el acceso efectivo a la justicia, la verdad y la reparaci\u00f3n de las v\u00edctimas de los delitos.\" \/>\n<meta name=\"robots\" content=\"noindex, follow\" \/>\n<meta property=\"og:locale\" content=\"es_ES\" \/>\n<meta property=\"og:type\" content=\"article\" \/>\n<meta property=\"og:title\" content=\"Fiscal\u00eda General de la Naci\u00f3n\" \/>\n<meta property=\"og:description\" content=\"P\u00e1gina oficial de la Fiscal\u00eda General de la Naci\u00f3n \u2013 Colombia. Garantizamos el acceso efectivo a la justicia, la verdad y la reparaci\u00f3n de las v\u00edctimas de los delitos.\" \/>\n<meta property=\"og:url\" content=\"https:\/\/www.fiscalia.gov.co\/colombia\/noticias\/fiscalia-judicializo-a-un-hombre-que-habria-golpeado-a-su-mujer-embarazada-en-la-isla-de-san-andres\/\" \/>\n<meta property=\"og:site_name\" content=\"Fiscal\u00eda General de la Naci\u00f3n\" \/>\n<meta property=\"article:publisher\" content=\"https:\/\/www.facebook.com\/FiscaliaCol\" \/>\n<meta property=\"article:published_time\" content=\"2024-04-12T19:55:22+00:00\" \/>\n<meta property=\"og:image\" content=\"https:\/\/www.fiscalia.gov.co\/colombia\/wp-content\/uploads\/Foto-boletin-11-de-abril-violencia-intrafamiliar-300x225.jpeg\" \/>\n<meta name=\"author\" content=\"Winnie Geraldine Rodr\u00edguez Navarrete\" \/>\n<meta name=\"twitter:card\" content=\"summary_large_image\" \/>\n<meta name=\"twitter:creator\" content=\"@FiscaliaCol\" \/>\n<meta name=\"twitter:site\" content=\"@FiscaliaCol\" \/>\n<meta name=\"twitter:label1\" content=\"Escrito por\" \/>\n\t<meta name=\"twitter:data1\" content=\"Winnie Geraldine Rodr\u00edguez Navarrete\" \/>\n\t<meta name=\"twitter:label2\" content=\"Tiempo de lectura\" \/>\n\t<meta name=\"twitter:data2\" content=\"2 minutos\" \/>\n<script type=\"application\/ld+json\" class=\"yoast-schema-graph\">{\"@context\":\"https:\/\/schema.org\",\"@graph\":[{\"@type\":\"Article\",\"@id\":\"https:\/\/www.fiscalia.gov.co\/colombia\/noticias\/fiscalia-judicializo-a-un-hombre-que-habria-golpeado-a-su-mujer-embarazada-en-la-isla-de-san-andres\/#article\",\"isPartOf\":{\"@id\":\"https:\/\/www.fiscalia.gov.co\/colombia\/noticias\/fiscalia-judicializo-a-un-hombre-que-habria-golpeado-a-su-mujer-embarazada-en-la-isla-de-san-andres\/\"},\"author\":{\"name\":\"Winnie Geraldine Rodr\u00edguez Navarrete\",\"@id\":\"https:\/\/www.fiscalia.gov.co\/colombia\/#\/schema\/person\/176195b99ebab0a52aafa15197e1bf80\"},\"headline\":\"Fiscal\u00eda judicializ\u00f3 a un hombre que habr\u00eda golpeado a su mujer embarazada en la isla de San Andr\u00e9s\",\"datePublished\":\"2024-04-12T19:55:22+00:00\",\"dateModified\":\"2024-04-12T19:55:22+00:00\",\"mainEntityOfPage\":{\"@id\":\"https:\/\/www.fiscalia.gov.co\/colombia\/noticias\/fiscalia-judicializo-a-un-hombre-que-habria-golpeado-a-su-mujer-embarazada-en-la-isla-de-san-andres\/\"},\"wordCount\":393,\"publisher\":{\"@id\":\"https:\/\/www.fiscalia.gov.co\/colombia\/#organization\"},\"image\":{\"@id\":\"https:\/\/www.fiscalia.gov.co\/colombia\/noticias\/fiscalia-judicializo-a-un-hombre-que-habria-golpeado-a-su-mujer-embarazada-en-la-isla-de-san-andres\/#primaryimage\"},\"thumbnailUrl\":\"https:\/\/www.fiscalia.gov.co\/colombia\/wp-content\/uploads\/Foto-boletin-11-de-abril-violencia-intrafamiliar-300x225.jpeg\",\"keywords\":[\"Agresi\u00f3n f\u00edsica\",\"Compa\u00f1era sentimental\",\"embarazada\",\"Fiscal\u00eda Colombia\",\"Fiscal\u00eda General de la Naci\u00f3n\",\"Golpes\",\"Isla\",\"Mujer\",\"Polic\u00eda Nacional\",\"San Andr\u00e9s\",\"San Andr\u00e9s Isla\",\"verbal\",\"V\u00edctima\"],\"articleSection\":[\"Noticias\"],\"inLanguage\":\"es-CO\"},{\"@type\":\"WebPage\",\"@id\":\"https:\/\/www.fiscalia.gov.co\/colombia\/noticias\/fiscalia-judicializo-a-un-hombre-que-habria-golpeado-a-su-mujer-embarazada-en-la-isla-de-san-andres\/\",\"url\":\"https:\/\/www.fiscalia.gov.co\/colombia\/noticias\/fiscalia-judicializo-a-un-hombre-que-habria-golpeado-a-su-mujer-embarazada-en-la-isla-de-san-andres\/\",\"name\":\"Fiscal\u00eda General de la Naci\u00f3n\",\"isPartOf\":{\"@id\":\"https:\/\/www.fiscalia.gov.co\/colombia\/#website\"},\"primaryImageOfPage\":{\"@id\":\"https:\/\/www.fiscalia.gov.co\/colombia\/noticias\/fiscalia-judicializo-a-un-hombre-que-habria-golpeado-a-su-mujer-embarazada-en-la-isla-de-san-andres\/#primaryimage\"},\"image\":{\"@id\":\"https:\/\/www.fiscalia.gov.co\/colombia\/noticias\/fiscalia-judicializo-a-un-hombre-que-habria-golpeado-a-su-mujer-embarazada-en-la-isla-de-san-andres\/#primaryimage\"},\"thumbnailUrl\":\"https:\/\/www.fiscalia.gov.co\/colombia\/wp-content\/uploads\/Foto-boletin-11-de-abril-violencia-intrafamiliar-300x225.jpeg\",\"datePublished\":\"2024-04-12T19:55:22+00:00\",\"dateModified\":\"2024-04-12T19:55:22+00:00\",\"description\":\"P\u00e1gina oficial de la Fiscal\u00eda General de la Naci\u00f3n \u2013 Colombia. Garantizamos el acceso efectivo a la justicia, la verdad y la reparaci\u00f3n de las v\u00edctimas de los delitos.\",\"breadcrumb\":{\"@id\":\"https:\/\/www.fiscalia.gov.co\/colombia\/noticias\/fiscalia-judicializo-a-un-hombre-que-habria-golpeado-a-su-mujer-embarazada-en-la-isla-de-san-andres\/#breadcrumb\"},\"inLanguage\":\"es-CO\",\"potentialAction\":[{\"@type\":\"ReadAction\",\"target\":[\"https:\/\/www.fiscalia.gov.co\/colombia\/noticias\/fiscalia-judicializo-a-un-hombre-que-habria-golpeado-a-su-mujer-embarazada-en-la-isla-de-san-andres\/\"]}]},{\"@type\":\"ImageObject\",\"inLanguage\":\"es-CO\",\"@id\":\"https:\/\/www.fiscalia.gov.co\/colombia\/noticias\/fiscalia-judicializo-a-un-hombre-que-habria-golpeado-a-su-mujer-embarazada-en-la-isla-de-san-andres\/#primaryimage\",\"url\":\"https:\/\/www.fiscalia.gov.co\/colombia\/wp-content\/uploads\/Foto-boletin-11-de-abril-violencia-intrafamiliar-300x225.jpeg\",\"contentUrl\":\"https:\/\/www.fiscalia.gov.co\/colombia\/wp-content\/uploads\/Foto-boletin-11-de-abril-violencia-intrafamiliar-300x225.jpeg\"},{\"@type\":\"BreadcrumbList\",\"@id\":\"https:\/\/www.fiscalia.gov.co\/colombia\/noticias\/fiscalia-judicializo-a-un-hombre-que-habria-golpeado-a-su-mujer-embarazada-en-la-isla-de-san-andres\/#breadcrumb\",\"itemListElement\":[{\"@type\":\"ListItem\",\"position\":1,\"name\":\"Home\",\"item\":\"https:\/\/www.fiscalia.gov.co\/colombia\/\"},{\"@type\":\"ListItem\",\"position\":2,\"name\":\"Fiscal\u00eda judicializ\u00f3 a un hombre que habr\u00eda golpeado a su mujer embarazada en la isla de San Andr\u00e9s\"}]},{\"@type\":\"WebSite\",\"@id\":\"https:\/\/www.fiscalia.gov.co\/colombia\/#website\",\"url\":\"https:\/\/www.fiscalia.gov.co\/colombia\/\",\"name\":\"Fiscal\u00eda General de la Naci\u00f3n\",\"description\":\"P\u00e1gina oficial de la Fiscal\u00eda General de la Naci\u00f3n \u2013 Colombia. Garantizamos el acceso efectivo a la justicia, la verdad y la reparaci\u00f3n de las v\u00edctimas de los delitos.\",\"publisher\":{\"@id\":\"https:\/\/www.fiscalia.gov.co\/colombia\/#organization\"},\"potentialAction\":[{\"@type\":\"SearchAction\",\"target\":{\"@type\":\"EntryPoint\",\"urlTemplate\":\"https:\/\/www.fiscalia.gov.co\/colombia\/?s={search_term_string}\"},\"query-input\":{\"@type\":\"PropertyValueSpecification\",\"valueRequired\":true,\"valueName\":\"search_term_string\"}}],\"inLanguage\":\"es-CO\"},{\"@type\":\"Organization\",\"@id\":\"https:\/\/www.fiscalia.gov.co\/colombia\/#organization\",\"name\":\"Fiscal\u00eda General de la Naci\u00f3n\",\"url\":\"https:\/\/www.fiscalia.gov.co\/colombia\/\",\"logo\":{\"@type\":\"ImageObject\",\"inLanguage\":\"es-CO\",\"@id\":\"https:\/\/www.fiscalia.gov.co\/colombia\/#\/schema\/logo\/image\/\",\"url\":\"https:\/\/www.fiscalia.gov.co\/colombia\/wp-content\/uploads\/LogoHorizontal_1.jpg\",\"contentUrl\":\"https:\/\/www.fiscalia.gov.co\/colombia\/wp-content\/uploads\/LogoHorizontal_1.jpg\",\"width\":300,\"height\":90,\"caption\":\"Fiscal\u00eda General de la Naci\u00f3n\"},\"image\":{\"@id\":\"https:\/\/www.fiscalia.gov.co\/colombia\/#\/schema\/logo\/image\/\"},\"sameAs\":[\"https:\/\/www.facebook.com\/FiscaliaCol\",\"https:\/\/x.com\/FiscaliaCol\",\"https:\/\/www.instagram.com\/fiscaliacol\",\"https:\/\/www.linkedin.com\/company\/fiscalia-general-de-la-naci-n\/\",\"https:\/\/youtube.com\/@fiscaliageneraldelanacion-4668?si=6nN79nyQICPU5iTh\"]},{\"@type\":\"Person\",\"@id\":\"https:\/\/www.fiscalia.gov.co\/colombia\/#\/schema\/person\/176195b99ebab0a52aafa15197e1bf80\",\"name\":\"Winnie Geraldine Rodr\u00edguez Navarrete\",\"image\":{\"@type\":\"ImageObject\",\"inLanguage\":\"es-CO\",\"@id\":\"https:\/\/www.fiscalia.gov.co\/colombia\/#\/schema\/person\/image\/\",\"url\":\"https:\/\/secure.gravatar.com\/avatar\/c24cf8481dc84fa5e8c7b20bc95ab0c6?s=96&d=mm&r=g\",\"contentUrl\":\"https:\/\/secure.gravatar.com\/avatar\/c24cf8481dc84fa5e8c7b20bc95ab0c6?s=96&d=mm&r=g\",\"caption\":\"Winnie Geraldine Rodr\u00edguez Navarrete\"},\"url\":\"https:\/\/www.fiscalia.gov.co\/colombia\/author\/winnierodriguez\/\"}]}<\/script>\n<!-- \/ Yoast SEO plugin. -->","yoast_head_json":{"title":"Fiscal\u00eda General de la Naci\u00f3n","description":"P\u00e1gina oficial de la Fiscal\u00eda General de la Naci\u00f3n \u2013 Colombia. Garantizamos el acceso efectivo a la justicia, la verdad y la reparaci\u00f3n de las v\u00edctimas de los delitos.","robots":{"index":"noindex","follow":"follow"},"og_locale":"es_ES","og_type":"article","og_title":"Fiscal\u00eda General de la Naci\u00f3n","og_description":"P\u00e1gina oficial de la Fiscal\u00eda General de la Naci\u00f3n \u2013 Colombia. Garantizamos el acceso efectivo a la justicia, la verdad y la reparaci\u00f3n de las v\u00edctimas de los delitos.","og_url":"https:\/\/www.fiscalia.gov.co\/colombia\/noticias\/fiscalia-judicializo-a-un-hombre-que-habria-golpeado-a-su-mujer-embarazada-en-la-isla-de-san-andres\/","og_site_name":"Fiscal\u00eda General de la Naci\u00f3n","article_publisher":"https:\/\/www.facebook.com\/FiscaliaCol","article_published_time":"2024-04-12T19:55:22+00:00","og_image":[{"url":"https:\/\/www.fiscalia.gov.co\/colombia\/wp-content\/uploads\/Foto-boletin-11-de-abril-violencia-intrafamiliar-300x225.jpeg","type":"","width":"","height":""}],"author":"Winnie Geraldine Rodr\u00edguez Navarrete","twitter_card":"summary_large_image","twitter_creator":"@FiscaliaCol","twitter_site":"@FiscaliaCol","twitter_misc":{"Escrito por":"Winnie Geraldine Rodr\u00edguez Navarrete","Tiempo de lectura":"2 minutos"},"schema":{"@context":"https:\/\/schema.org","@graph":[{"@type":"Article","@id":"https:\/\/www.fiscalia.gov.co\/colombia\/noticias\/fiscalia-judicializo-a-un-hombre-que-habria-golpeado-a-su-mujer-embarazada-en-la-isla-de-san-andres\/#article","isPartOf":{"@id":"https:\/\/www.fiscalia.gov.co\/colombia\/noticias\/fiscalia-judicializo-a-un-hombre-que-habria-golpeado-a-su-mujer-embarazada-en-la-isla-de-san-andres\/"},"author":{"name":"Winnie Geraldine Rodr\u00edguez Navarrete","@id":"https:\/\/www.fiscalia.gov.co\/colombia\/#\/schema\/person\/176195b99ebab0a52aafa15197e1bf80"},"headline":"Fiscal\u00eda judicializ\u00f3 a un hombre que habr\u00eda golpeado a su mujer embarazada en la isla de San Andr\u00e9s","datePublished":"2024-04-12T19:55:22+00:00","dateModified":"2024-04-12T19:55:22+00:00","mainEntityOfPage":{"@id":"https:\/\/www.fiscalia.gov.co\/colombia\/noticias\/fiscalia-judicializo-a-un-hombre-que-habria-golpeado-a-su-mujer-embarazada-en-la-isla-de-san-andres\/"},"wordCount":393,"publisher":{"@id":"https:\/\/www.fiscalia.gov.co\/colombia\/#organization"},"image":{"@id":"https:\/\/www.fiscalia.gov.co\/colombia\/noticias\/fiscalia-judicializo-a-un-hombre-que-habria-golpeado-a-su-mujer-embarazada-en-la-isla-de-san-andres\/#primaryimage"},"thumbnailUrl":"https:\/\/www.fiscalia.gov.co\/colombia\/wp-content\/uploads\/Foto-boletin-11-de-abril-violencia-intrafamiliar-300x225.jpeg","keywords":["Agresi\u00f3n f\u00edsica","Compa\u00f1era sentimental","embarazada","Fiscal\u00eda Colombia","Fiscal\u00eda General de la Naci\u00f3n","Golpes","Isla","Mujer","Polic\u00eda Nacional","San Andr\u00e9s","San Andr\u00e9s Isla","verbal","V\u00edctima"],"articleSection":["Noticias"],"inLanguage":"es-CO"},{"@type":"WebPage","@id":"https:\/\/www.fiscalia.gov.co\/colombia\/noticias\/fiscalia-judicializo-a-un-hombre-que-habria-golpeado-a-su-mujer-embarazada-en-la-isla-de-san-andres\/","url":"https:\/\/www.fiscalia.gov.co\/colombia\/noticias\/fiscalia-judicializo-a-un-hombre-que-habria-golpeado-a-su-mujer-embarazada-en-la-isla-de-san-andres\/","name":"Fiscal\u00eda General de la Naci\u00f3n","isPartOf":{"@id":"https:\/\/www.fiscalia.gov.co\/colombia\/#website"},"primaryImageOfPage":{"@id":"https:\/\/www.fiscalia.gov.co\/colombia\/noticias\/fiscalia-judicializo-a-un-hombre-que-habria-golpeado-a-su-mujer-embarazada-en-la-isla-de-san-andres\/#primaryimage"},"image":{"@id":"https:\/\/www.fiscalia.gov.co\/colombia\/noticias\/fiscalia-judicializo-a-un-hombre-que-habria-golpeado-a-su-mujer-embarazada-en-la-isla-de-san-andres\/#primaryimage"},"thumbnailUrl":"https:\/\/www.fiscalia.gov.co\/colombia\/wp-content\/uploads\/Foto-boletin-11-de-abril-violencia-intrafamiliar-300x225.jpeg","datePublished":"2024-04-12T19:55:22+00:00","dateModified":"2024-04-12T19:55:22+00:00","description":"P\u00e1gina oficial de la Fiscal\u00eda General de la Naci\u00f3n \u2013 Colombia. Garantizamos el acceso efectivo a la justicia, la verdad y la reparaci\u00f3n de las v\u00edctimas de los delitos.","breadcrumb":{"@id":"https:\/\/www.fiscalia.gov.co\/colombia\/noticias\/fiscalia-judicializo-a-un-hombre-que-habria-golpeado-a-su-mujer-embarazada-en-la-isla-de-san-andres\/#breadcrumb"},"inLanguage":"es-CO","potentialAction":[{"@type":"ReadAction","target":["https:\/\/www.fiscalia.gov.co\/colombia\/noticias\/fiscalia-judicializo-a-un-hombre-que-habria-golpeado-a-su-mujer-embarazada-en-la-isla-de-san-andres\/"]}]},{"@type":"ImageObject","inLanguage":"es-CO","@id":"https:\/\/www.fiscalia.gov.co\/colombia\/noticias\/fiscalia-judicializo-a-un-hombre-que-habria-golpeado-a-su-mujer-embarazada-en-la-isla-de-san-andres\/#primaryimage","url":"https:\/\/www.fiscalia.gov.co\/colombia\/wp-content\/uploads\/Foto-boletin-11-de-abril-violencia-intrafamiliar-300x225.jpeg","contentUrl":"https:\/\/www.fiscalia.gov.co\/colombia\/wp-content\/uploads\/Foto-boletin-11-de-abril-violencia-intrafamiliar-300x225.jpeg"},{"@type":"BreadcrumbList","@id":"https:\/\/www.fiscalia.gov.co\/colombia\/noticias\/fiscalia-judicializo-a-un-hombre-que-habria-golpeado-a-su-mujer-embarazada-en-la-isla-de-san-andres\/#breadcrumb","itemListElement":[{"@type":"ListItem","position":1,"name":"Home","item":"https:\/\/www.fiscalia.gov.co\/colombia\/"},{"@type":"ListItem","position":2,"name":"Fiscal\u00eda judicializ\u00f3 a un hombre que habr\u00eda golpeado a su mujer embarazada en la isla de San Andr\u00e9s"}]},{"@type":"WebSite","@id":"https:\/\/www.fiscalia.gov.co\/colombia\/#website","url":"https:\/\/www.fiscalia.gov.co\/colombia\/","name":"Fiscal\u00eda General de la Naci\u00f3n","description":"P\u00e1gina oficial de la Fiscal\u00eda General de la Naci\u00f3n \u2013 Colombia. Garantizamos el acceso efectivo a la justicia, la verdad y la reparaci\u00f3n de las v\u00edctimas de los delitos.","publisher":{"@id":"https:\/\/www.fiscalia.gov.co\/colombia\/#organization"},"potentialAction":[{"@type":"SearchAction","target":{"@type":"EntryPoint","urlTemplate":"https:\/\/www.fiscalia.gov.co\/colombia\/?s={search_term_string}"},"query-input":{"@type":"PropertyValueSpecification","valueRequired":true,"valueName":"search_term_string"}}],"inLanguage":"es-CO"},{"@type":"Organization","@id":"https:\/\/www.fiscalia.gov.co\/colombia\/#organization","name":"Fiscal\u00eda General de la Naci\u00f3n","url":"https:\/\/www.fiscalia.gov.co\/colombia\/","logo":{"@type":"ImageObject","inLanguage":"es-CO","@id":"https:\/\/www.fiscalia.gov.co\/colombia\/#\/schema\/logo\/image\/","url":"https:\/\/www.fiscalia.gov.co\/colombia\/wp-content\/uploads\/LogoHorizontal_1.jpg","contentUrl":"https:\/\/www.fiscalia.gov.co\/colombia\/wp-content\/uploads\/LogoHorizontal_1.jpg","width":300,"height":90,"caption":"Fiscal\u00eda General de la Naci\u00f3n"},"image":{"@id":"https:\/\/www.fiscalia.gov.co\/colombia\/#\/schema\/logo\/image\/"},"sameAs":["https:\/\/www.facebook.com\/FiscaliaCol","https:\/\/x.com\/FiscaliaCol","https:\/\/www.instagram.com\/fiscaliacol","https:\/\/www.linkedin.com\/company\/fiscalia-general-de-la-naci-n\/","https:\/\/youtube.com\/@fiscaliageneraldelanacion-4668?si=6nN79nyQICPU5iTh"]},{"@type":"Person","@id":"https:\/\/www.fiscalia.gov.co\/colombia\/#\/schema\/person\/176195b99ebab0a52aafa15197e1bf80","name":"Winnie Geraldine Rodr\u00edguez Navarrete","image":{"@type":"ImageObject","inLanguage":"es-CO","@id":"https:\/\/www.fiscalia.gov.co\/colombia\/#\/schema\/person\/image\/","url":"https:\/\/secure.gravatar.com\/avatar\/c24cf8481dc84fa5e8c7b20bc95ab0c6?s=96&d=mm&r=g","contentUrl":"https:\/\/secure.gravatar.com\/avatar\/c24cf8481dc84fa5e8c7b20bc95ab0c6?s=96&d=mm&r=g","caption":"Winnie Geraldine Rodr\u00edguez Navarrete"},"url":"https:\/\/www.fiscalia.gov.co\/colombia\/author\/winnierodriguez\/"}]}},"_links":{"self":[{"href":"https:\/\/www.fiscalia.gov.co\/colombia\/wp-json\/wp\/v2\/posts\/292983","targetHints":{"allow":["GET"]}}],"collection":[{"href":"https:\/\/www.fiscalia.gov.co\/colombia\/wp-json\/wp\/v2\/posts"}],"about":[{"href":"https:\/\/www.fiscalia.gov.co\/colombia\/wp-json\/wp\/v2\/types\/post"}],"author":[{"embeddable":true,"href":"https:\/\/www.fiscalia.gov.co\/colombia\/wp-json\/wp\/v2\/users\/178"}],"replies":[{"embeddable":true,"href":"https:\/\/www.fiscalia.gov.co\/colombia\/wp-json\/wp\/v2\/comments?post=292983"}],"version-history":[{"count":2,"href":"https:\/\/www.fiscalia.gov.co\/colombia\/wp-json\/wp\/v2\/posts\/292983\/revisions"}],"predecessor-version":[{"id":292986,"href":"https:\/\/www.fiscalia.gov.co\/colombia\/wp-json\/wp\/v2\/posts\/292983\/revisions\/292986"}],"wp:attachment":[{"href":"https:\/\/www.fiscalia.gov.co\/colombia\/wp-json\/wp\/v2\/media?parent=292983"}],"wp:term":[{"taxonomy":"category","embeddable":true,"href":"https:\/\/www.fiscalia.gov.co\/colombia\/wp-json\/wp\/v2\/categories?post=292983"},{"taxonomy":"post_tag","embeddable":true,"href":"https:\/\/www.fiscalia.gov.co\/colombia\/wp-json\/wp\/v2\/tags?post=292983"}],"curies":[{"name":"wp","href":"https:\/\/api.w.org\/{rel}","templated":true}]}}