{"id":292981,"date":"2024-04-12T14:51:54","date_gmt":"2024-04-12T19:51:54","guid":{"rendered":"https:\/\/www.fiscalia.gov.co\/colombia\/?p=292981"},"modified":"2024-04-12T14:51:54","modified_gmt":"2024-04-12T19:51:54","slug":"tio-y-padrastro-condenados-a-penas-de-17-y-19-anos-de-prision-por-delitos-sexuales","status":"publish","type":"post","link":"https:\/\/www.fiscalia.gov.co\/colombia\/noticias\/tio-y-padrastro-condenados-a-penas-de-17-y-19-anos-de-prision-por-delitos-sexuales\/","title":{"rendered":"T\u00edo y padrastro condenados a penas de 17 y 19 a\u00f1os de prisi\u00f3n por delitos sexuales"},"content":{"rendered":"<p>Por <strong><a href=\"https:\/\/www.fiscalia.gov.co\/colombia\/noticias\/por-delitos-sexuales-contra-una-mujer-y-un-menor-de-edad-fueron-enviados-a-la-carcel-dos-hombres-en-bolivar\/\">delitos sexuales<\/a><\/strong> cometidos contra menor de 14 a\u00f1os, fueron hallados culpables dos hombres gracias a los actos investigativos adelantados por la Fiscal\u00eda que permitieron demostrar su culpabilidad, en hechos aislados ocurridos en Florencia y Mil\u00e1n, Caquet\u00e1 en los a\u00f1os 2016 y 2022.<\/p>\n<p>El primer condenado a la pena de 17 a\u00f1os y 2 meses de prisi\u00f3n por acto sexual violento en concurso con acceso carnal violento agravado, es un t\u00edo que violent\u00f3 la integridad sexual de su sobrina de 9 a\u00f1os de edad.<strong> La agresi\u00f3n ocurri\u00f3 por varios meses en el a\u00f1o 2016, cuando<\/strong> la ni\u00f1a viv\u00eda con sus abuelos maternos, la situaci\u00f3n provoc\u00f3 que la ni\u00f1a huyera de su casa. Posteriormente, cont\u00f3 lo sucedido y se dio inici\u00f3 a la investigaci\u00f3n que conllev\u00f3 la condena.<\/p>\n<p>El otro sentenciado a 19 a\u00f1os de prisi\u00f3n es un hombre que abus\u00f3 de su hijastra cuando ten\u00eda entre 9 y 11 a\u00f1os, es decir, entre los a\u00f1os 2020 a 2022 en zona rural de Mil\u00e1n, Caquet\u00e1, donde la menor de edad conviv\u00eda con \u00e9l y con su madre.<\/p>\n<p>Tambi\u00e9n le puede interesar:\u00a0<a id=\"m_3526609883001218234OWA89f7aa06-491f-c6d7-6db2-5483edd3cd1b\" href=\"https:\/\/www.fiscalia.gov.co\/colombia\/noticias\/fiscalia-formula-cargos-a-presunto-implicado-en-actos-sexuales-con-una-menor-de-edad\/\" target=\"_blank\" rel=\"noopener\" data-saferedirecturl=\"https:\/\/www.google.com\/url?q=https:\/\/www.fiscalia.gov.co\/colombia\/noticias\/fiscalia-formula-cargos-a-presunto-implicado-en-actos-sexuales-con-una-menor-de-edad\/&amp;source=gmail&amp;ust=1713030524062000&amp;usg=AOvVaw1bu4tr7qdaeCDNnaI9y3nA\">https:\/\/www.fiscalia.gov.co\/<wbr \/>colombia\/noticias\/fiscalia-<wbr \/>formula-cargos-a-presunto-<wbr \/>implicado-en-actos-sexuales-<wbr \/>con-una-menor-de-edad\/<\/a><\/p>\n<p>La condena se emiti\u00f3 en su contra por actos sexuales con menor de 14 a\u00f1os agravados en concurso heterog\u00e9neo con acceso carnal abusivo con menor de 14 a\u00f1os, puesto que aprovechaba las ocasiones en que la ni\u00f1a lo acompa\u00f1aba a realizar labores del campo en una finca, para pedirle besos y tocarla de manera inapropiada en sus partes \u00edntimas.<\/p>\n<p><strong>En este caso el hombre continuar\u00e1 en el centro penitenciario El Cunduy de Florencia para purgar la condena impuesta y la sentencia qued\u00f3 en firme<\/strong>, mientras que en el primer caso se libr\u00f3 orden de captura para darle cumplimiento a la pena impuesta.<\/p>\n<p>Esta informaci\u00f3n se hace p\u00fablica por razones de inter\u00e9s general.<\/p>\n<p>&nbsp;<\/p>\n<p>&nbsp;<\/p>\n<p>PAAM\/\u00a0LYBT\/PAG\/DSC<\/p>\n<p>&nbsp;<\/p>\n<p>&nbsp;<\/p>\n<p><em>La informaci\u00f3n contenida en este bolet\u00edn de prensa corresponde a la narraci\u00f3n de los hechos noticiosos objetivos, suministrados por los funcionarios encargados de adelantar las investigaciones penales al interior de la Fiscal\u00eda General de la Naci\u00f3n. Para el momento de la divulgaci\u00f3n de este comunicado, la situaci\u00f3n jur\u00eddica de la(s) persona(s) relacionada(s) se encuentra pendiente de resolver por la autoridad\u00a0judicial competente, siempre bajo los preceptos de la presunci\u00f3n de inocencia, consagrados en el art\u00edculo 29 de la Constituci\u00f3n Pol\u00edtica y el art\u00edculo 7\u00ba de la Ley 906 de 2004.\u00a0<\/em><\/p>\n\n<div class=\"twitter-share\"><a href=\"https:\/\/twitter.com\/intent\/tweet?via=fiscaliacol\" class=\"twitter-share-button\">Tweet<\/a><\/div>\n","protected":false},"excerpt":{"rendered":"<p>Por delitos sexuales cometidos contra menor de 14 a\u00f1os, fueron hallados culpables dos hombres gracias a los actos investigativos adelantados por la Fiscal\u00eda que permitieron demostrar su culpabilidad, en hechos [&hellip;]<\/p>\n","protected":false},"author":178,"featured_media":0,"comment_status":"closed","ping_status":"open","sticky":false,"template":"","format":"standard","meta":{"tdm_status":"","tdm_grid_status":"","footnotes":""},"categories":[1,24127],"tags":[13159,12642,2245,6489,2369,37491,37492,1047,23822,24022,25791,695,24379,24517,4795],"class_list":["post-292981","post","type-post","status-publish","format-standard","category-noticias","category-violencia-sexual-e-intrafamiliar","tag-acceso-carnal-con-menor-de-14-anos","tag-actos-sexuales-con-menor-de-14-anos","tag-caivas","tag-caqueta","tag-de4litos-sexuales","tag-fiscal-camargo","tag-fiscal-luz-adriana-camargo","tag-fiscalia-general-de-la-nacion","tag-florencia","tag-florencia-caqueta","tag-milan","tag-padrastro","tag-seccional-caqueta","tag-tio","tag-violencia-basada-en-genero"],"yoast_head":"<!-- This site is optimized with the Yoast SEO plugin v24.3 - https:\/\/yoast.com\/wordpress\/plugins\/seo\/ -->\n<title>Fiscal\u00eda General de la Naci\u00f3n<\/title>\n<meta name=\"description\" content=\"P\u00e1gina oficial de la Fiscal\u00eda General de la Naci\u00f3n \u2013 Colombia. Garantizamos el acceso efectivo a la justicia, la verdad y la reparaci\u00f3n de las v\u00edctimas de los delitos.\" \/>\n<meta name=\"robots\" content=\"noindex, follow\" \/>\n<meta property=\"og:locale\" content=\"es_ES\" \/>\n<meta property=\"og:type\" content=\"article\" \/>\n<meta property=\"og:title\" content=\"Fiscal\u00eda General de la Naci\u00f3n\" \/>\n<meta property=\"og:description\" content=\"P\u00e1gina oficial de la Fiscal\u00eda General de la Naci\u00f3n \u2013 Colombia. Garantizamos el acceso efectivo a la justicia, la verdad y la reparaci\u00f3n de las v\u00edctimas de los delitos.\" \/>\n<meta property=\"og:url\" content=\"https:\/\/www.fiscalia.gov.co\/colombia\/noticias\/tio-y-padrastro-condenados-a-penas-de-17-y-19-anos-de-prision-por-delitos-sexuales\/\" \/>\n<meta property=\"og:site_name\" content=\"Fiscal\u00eda General de la Naci\u00f3n\" \/>\n<meta property=\"article:publisher\" content=\"https:\/\/www.facebook.com\/FiscaliaCol\" \/>\n<meta property=\"article:published_time\" content=\"2024-04-12T19:51:54+00:00\" \/>\n<meta name=\"author\" content=\"Winnie Geraldine Rodr\u00edguez Navarrete\" \/>\n<meta name=\"twitter:card\" content=\"summary_large_image\" \/>\n<meta name=\"twitter:creator\" content=\"@FiscaliaCol\" \/>\n<meta name=\"twitter:site\" content=\"@FiscaliaCol\" \/>\n<meta name=\"twitter:label1\" content=\"Escrito por\" \/>\n\t<meta name=\"twitter:data1\" content=\"Winnie Geraldine Rodr\u00edguez Navarrete\" \/>\n\t<meta name=\"twitter:label2\" content=\"Tiempo de lectura\" \/>\n\t<meta name=\"twitter:data2\" content=\"2 minutos\" \/>\n<script type=\"application\/ld+json\" class=\"yoast-schema-graph\">{\"@context\":\"https:\/\/schema.org\",\"@graph\":[{\"@type\":\"Article\",\"@id\":\"https:\/\/www.fiscalia.gov.co\/colombia\/noticias\/tio-y-padrastro-condenados-a-penas-de-17-y-19-anos-de-prision-por-delitos-sexuales\/#article\",\"isPartOf\":{\"@id\":\"https:\/\/www.fiscalia.gov.co\/colombia\/noticias\/tio-y-padrastro-condenados-a-penas-de-17-y-19-anos-de-prision-por-delitos-sexuales\/\"},\"author\":{\"name\":\"Winnie Geraldine Rodr\u00edguez Navarrete\",\"@id\":\"https:\/\/www.fiscalia.gov.co\/colombia\/#\/schema\/person\/176195b99ebab0a52aafa15197e1bf80\"},\"headline\":\"T\u00edo y padrastro condenados a penas de 17 y 19 a\u00f1os de prisi\u00f3n por delitos sexuales\",\"datePublished\":\"2024-04-12T19:51:54+00:00\",\"dateModified\":\"2024-04-12T19:51:54+00:00\",\"mainEntityOfPage\":{\"@id\":\"https:\/\/www.fiscalia.gov.co\/colombia\/noticias\/tio-y-padrastro-condenados-a-penas-de-17-y-19-anos-de-prision-por-delitos-sexuales\/\"},\"wordCount\":444,\"publisher\":{\"@id\":\"https:\/\/www.fiscalia.gov.co\/colombia\/#organization\"},\"keywords\":[\"Acceso carnal con menor de 14 a\u00f1os\",\"actos sexuales con menor de 14 a\u00f1os\",\"Caivas\",\"Caquet\u00e1\",\"Delitos sexuales\",\"fiscal Camargo\",\"Fiscal Luz Adriana Camargo\",\"Fiscal\u00eda General de la Naci\u00f3n\",\"Florencia\",\"Florencia (Caquet\u00e1)\",\"Mil\u00e1n\",\"Padrastro\",\"Seccional Caquet\u00e1.\",\"t\u00edo\",\"Violencia basada en g\u00e9nero\"],\"articleSection\":[\"Noticias\",\"Violencia sexual e intrafamiliar\"],\"inLanguage\":\"es-CO\"},{\"@type\":\"WebPage\",\"@id\":\"https:\/\/www.fiscalia.gov.co\/colombia\/noticias\/tio-y-padrastro-condenados-a-penas-de-17-y-19-anos-de-prision-por-delitos-sexuales\/\",\"url\":\"https:\/\/www.fiscalia.gov.co\/colombia\/noticias\/tio-y-padrastro-condenados-a-penas-de-17-y-19-anos-de-prision-por-delitos-sexuales\/\",\"name\":\"Fiscal\u00eda General de la Naci\u00f3n\",\"isPartOf\":{\"@id\":\"https:\/\/www.fiscalia.gov.co\/colombia\/#website\"},\"datePublished\":\"2024-04-12T19:51:54+00:00\",\"dateModified\":\"2024-04-12T19:51:54+00:00\",\"description\":\"P\u00e1gina oficial de la Fiscal\u00eda General de la Naci\u00f3n \u2013 Colombia. Garantizamos el acceso efectivo a la justicia, la verdad y la reparaci\u00f3n de las v\u00edctimas de los delitos.\",\"breadcrumb\":{\"@id\":\"https:\/\/www.fiscalia.gov.co\/colombia\/noticias\/tio-y-padrastro-condenados-a-penas-de-17-y-19-anos-de-prision-por-delitos-sexuales\/#breadcrumb\"},\"inLanguage\":\"es-CO\",\"potentialAction\":[{\"@type\":\"ReadAction\",\"target\":[\"https:\/\/www.fiscalia.gov.co\/colombia\/noticias\/tio-y-padrastro-condenados-a-penas-de-17-y-19-anos-de-prision-por-delitos-sexuales\/\"]}]},{\"@type\":\"BreadcrumbList\",\"@id\":\"https:\/\/www.fiscalia.gov.co\/colombia\/noticias\/tio-y-padrastro-condenados-a-penas-de-17-y-19-anos-de-prision-por-delitos-sexuales\/#breadcrumb\",\"itemListElement\":[{\"@type\":\"ListItem\",\"position\":1,\"name\":\"Home\",\"item\":\"https:\/\/www.fiscalia.gov.co\/colombia\/\"},{\"@type\":\"ListItem\",\"position\":2,\"name\":\"T\u00edo y padrastro condenados a penas de 17 y 19 a\u00f1os de prisi\u00f3n por delitos sexuales\"}]},{\"@type\":\"WebSite\",\"@id\":\"https:\/\/www.fiscalia.gov.co\/colombia\/#website\",\"url\":\"https:\/\/www.fiscalia.gov.co\/colombia\/\",\"name\":\"Fiscal\u00eda General de la Naci\u00f3n\",\"description\":\"P\u00e1gina oficial de la Fiscal\u00eda General de la Naci\u00f3n \u2013 Colombia. Garantizamos el acceso efectivo a la justicia, la verdad y la reparaci\u00f3n de las v\u00edctimas de los delitos.\",\"publisher\":{\"@id\":\"https:\/\/www.fiscalia.gov.co\/colombia\/#organization\"},\"potentialAction\":[{\"@type\":\"SearchAction\",\"target\":{\"@type\":\"EntryPoint\",\"urlTemplate\":\"https:\/\/www.fiscalia.gov.co\/colombia\/?s={search_term_string}\"},\"query-input\":{\"@type\":\"PropertyValueSpecification\",\"valueRequired\":true,\"valueName\":\"search_term_string\"}}],\"inLanguage\":\"es-CO\"},{\"@type\":\"Organization\",\"@id\":\"https:\/\/www.fiscalia.gov.co\/colombia\/#organization\",\"name\":\"Fiscal\u00eda General de la Naci\u00f3n\",\"url\":\"https:\/\/www.fiscalia.gov.co\/colombia\/\",\"logo\":{\"@type\":\"ImageObject\",\"inLanguage\":\"es-CO\",\"@id\":\"https:\/\/www.fiscalia.gov.co\/colombia\/#\/schema\/logo\/image\/\",\"url\":\"https:\/\/www.fiscalia.gov.co\/colombia\/wp-content\/uploads\/LogoHorizontal_1.jpg\",\"contentUrl\":\"https:\/\/www.fiscalia.gov.co\/colombia\/wp-content\/uploads\/LogoHorizontal_1.jpg\",\"width\":300,\"height\":90,\"caption\":\"Fiscal\u00eda General de la Naci\u00f3n\"},\"image\":{\"@id\":\"https:\/\/www.fiscalia.gov.co\/colombia\/#\/schema\/logo\/image\/\"},\"sameAs\":[\"https:\/\/www.facebook.com\/FiscaliaCol\",\"https:\/\/x.com\/FiscaliaCol\",\"https:\/\/www.instagram.com\/fiscaliacol\",\"https:\/\/www.linkedin.com\/company\/fiscalia-general-de-la-naci-n\/\",\"https:\/\/youtube.com\/@fiscaliageneraldelanacion-4668?si=6nN79nyQICPU5iTh\"]},{\"@type\":\"Person\",\"@id\":\"https:\/\/www.fiscalia.gov.co\/colombia\/#\/schema\/person\/176195b99ebab0a52aafa15197e1bf80\",\"name\":\"Winnie Geraldine Rodr\u00edguez Navarrete\",\"image\":{\"@type\":\"ImageObject\",\"inLanguage\":\"es-CO\",\"@id\":\"https:\/\/www.fiscalia.gov.co\/colombia\/#\/schema\/person\/image\/\",\"url\":\"https:\/\/secure.gravatar.com\/avatar\/c24cf8481dc84fa5e8c7b20bc95ab0c6?s=96&d=mm&r=g\",\"contentUrl\":\"https:\/\/secure.gravatar.com\/avatar\/c24cf8481dc84fa5e8c7b20bc95ab0c6?s=96&d=mm&r=g\",\"caption\":\"Winnie Geraldine Rodr\u00edguez Navarrete\"},\"url\":\"https:\/\/www.fiscalia.gov.co\/colombia\/author\/winnierodriguez\/\"}]}<\/script>\n<!-- \/ Yoast SEO plugin. -->","yoast_head_json":{"title":"Fiscal\u00eda General de la Naci\u00f3n","description":"P\u00e1gina oficial de la Fiscal\u00eda General de la Naci\u00f3n \u2013 Colombia. Garantizamos el acceso efectivo a la justicia, la verdad y la reparaci\u00f3n de las v\u00edctimas de los delitos.","robots":{"index":"noindex","follow":"follow"},"og_locale":"es_ES","og_type":"article","og_title":"Fiscal\u00eda General de la Naci\u00f3n","og_description":"P\u00e1gina oficial de la Fiscal\u00eda General de la Naci\u00f3n \u2013 Colombia. Garantizamos el acceso efectivo a la justicia, la verdad y la reparaci\u00f3n de las v\u00edctimas de los delitos.","og_url":"https:\/\/www.fiscalia.gov.co\/colombia\/noticias\/tio-y-padrastro-condenados-a-penas-de-17-y-19-anos-de-prision-por-delitos-sexuales\/","og_site_name":"Fiscal\u00eda General de la Naci\u00f3n","article_publisher":"https:\/\/www.facebook.com\/FiscaliaCol","article_published_time":"2024-04-12T19:51:54+00:00","author":"Winnie Geraldine Rodr\u00edguez Navarrete","twitter_card":"summary_large_image","twitter_creator":"@FiscaliaCol","twitter_site":"@FiscaliaCol","twitter_misc":{"Escrito por":"Winnie Geraldine Rodr\u00edguez Navarrete","Tiempo de lectura":"2 minutos"},"schema":{"@context":"https:\/\/schema.org","@graph":[{"@type":"Article","@id":"https:\/\/www.fiscalia.gov.co\/colombia\/noticias\/tio-y-padrastro-condenados-a-penas-de-17-y-19-anos-de-prision-por-delitos-sexuales\/#article","isPartOf":{"@id":"https:\/\/www.fiscalia.gov.co\/colombia\/noticias\/tio-y-padrastro-condenados-a-penas-de-17-y-19-anos-de-prision-por-delitos-sexuales\/"},"author":{"name":"Winnie Geraldine Rodr\u00edguez Navarrete","@id":"https:\/\/www.fiscalia.gov.co\/colombia\/#\/schema\/person\/176195b99ebab0a52aafa15197e1bf80"},"headline":"T\u00edo y padrastro condenados a penas de 17 y 19 a\u00f1os de prisi\u00f3n por delitos sexuales","datePublished":"2024-04-12T19:51:54+00:00","dateModified":"2024-04-12T19:51:54+00:00","mainEntityOfPage":{"@id":"https:\/\/www.fiscalia.gov.co\/colombia\/noticias\/tio-y-padrastro-condenados-a-penas-de-17-y-19-anos-de-prision-por-delitos-sexuales\/"},"wordCount":444,"publisher":{"@id":"https:\/\/www.fiscalia.gov.co\/colombia\/#organization"},"keywords":["Acceso carnal con menor de 14 a\u00f1os","actos sexuales con menor de 14 a\u00f1os","Caivas","Caquet\u00e1","Delitos sexuales","fiscal Camargo","Fiscal Luz Adriana Camargo","Fiscal\u00eda General de la Naci\u00f3n","Florencia","Florencia (Caquet\u00e1)","Mil\u00e1n","Padrastro","Seccional Caquet\u00e1.","t\u00edo","Violencia basada en g\u00e9nero"],"articleSection":["Noticias","Violencia sexual e intrafamiliar"],"inLanguage":"es-CO"},{"@type":"WebPage","@id":"https:\/\/www.fiscalia.gov.co\/colombia\/noticias\/tio-y-padrastro-condenados-a-penas-de-17-y-19-anos-de-prision-por-delitos-sexuales\/","url":"https:\/\/www.fiscalia.gov.co\/colombia\/noticias\/tio-y-padrastro-condenados-a-penas-de-17-y-19-anos-de-prision-por-delitos-sexuales\/","name":"Fiscal\u00eda General de la Naci\u00f3n","isPartOf":{"@id":"https:\/\/www.fiscalia.gov.co\/colombia\/#website"},"datePublished":"2024-04-12T19:51:54+00:00","dateModified":"2024-04-12T19:51:54+00:00","description":"P\u00e1gina oficial de la Fiscal\u00eda General de la Naci\u00f3n \u2013 Colombia. Garantizamos el acceso efectivo a la justicia, la verdad y la reparaci\u00f3n de las v\u00edctimas de los delitos.","breadcrumb":{"@id":"https:\/\/www.fiscalia.gov.co\/colombia\/noticias\/tio-y-padrastro-condenados-a-penas-de-17-y-19-anos-de-prision-por-delitos-sexuales\/#breadcrumb"},"inLanguage":"es-CO","potentialAction":[{"@type":"ReadAction","target":["https:\/\/www.fiscalia.gov.co\/colombia\/noticias\/tio-y-padrastro-condenados-a-penas-de-17-y-19-anos-de-prision-por-delitos-sexuales\/"]}]},{"@type":"BreadcrumbList","@id":"https:\/\/www.fiscalia.gov.co\/colombia\/noticias\/tio-y-padrastro-condenados-a-penas-de-17-y-19-anos-de-prision-por-delitos-sexuales\/#breadcrumb","itemListElement":[{"@type":"ListItem","position":1,"name":"Home","item":"https:\/\/www.fiscalia.gov.co\/colombia\/"},{"@type":"ListItem","position":2,"name":"T\u00edo y padrastro condenados a penas de 17 y 19 a\u00f1os de prisi\u00f3n por delitos sexuales"}]},{"@type":"WebSite","@id":"https:\/\/www.fiscalia.gov.co\/colombia\/#website","url":"https:\/\/www.fiscalia.gov.co\/colombia\/","name":"Fiscal\u00eda General de la Naci\u00f3n","description":"P\u00e1gina oficial de la Fiscal\u00eda General de la Naci\u00f3n \u2013 Colombia. Garantizamos el acceso efectivo a la justicia, la verdad y la reparaci\u00f3n de las v\u00edctimas de los delitos.","publisher":{"@id":"https:\/\/www.fiscalia.gov.co\/colombia\/#organization"},"potentialAction":[{"@type":"SearchAction","target":{"@type":"EntryPoint","urlTemplate":"https:\/\/www.fiscalia.gov.co\/colombia\/?s={search_term_string}"},"query-input":{"@type":"PropertyValueSpecification","valueRequired":true,"valueName":"search_term_string"}}],"inLanguage":"es-CO"},{"@type":"Organization","@id":"https:\/\/www.fiscalia.gov.co\/colombia\/#organization","name":"Fiscal\u00eda General de la Naci\u00f3n","url":"https:\/\/www.fiscalia.gov.co\/colombia\/","logo":{"@type":"ImageObject","inLanguage":"es-CO","@id":"https:\/\/www.fiscalia.gov.co\/colombia\/#\/schema\/logo\/image\/","url":"https:\/\/www.fiscalia.gov.co\/colombia\/wp-content\/uploads\/LogoHorizontal_1.jpg","contentUrl":"https:\/\/www.fiscalia.gov.co\/colombia\/wp-content\/uploads\/LogoHorizontal_1.jpg","width":300,"height":90,"caption":"Fiscal\u00eda General de la Naci\u00f3n"},"image":{"@id":"https:\/\/www.fiscalia.gov.co\/colombia\/#\/schema\/logo\/image\/"},"sameAs":["https:\/\/www.facebook.com\/FiscaliaCol","https:\/\/x.com\/FiscaliaCol","https:\/\/www.instagram.com\/fiscaliacol","https:\/\/www.linkedin.com\/company\/fiscalia-general-de-la-naci-n\/","https:\/\/youtube.com\/@fiscaliageneraldelanacion-4668?si=6nN79nyQICPU5iTh"]},{"@type":"Person","@id":"https:\/\/www.fiscalia.gov.co\/colombia\/#\/schema\/person\/176195b99ebab0a52aafa15197e1bf80","name":"Winnie Geraldine Rodr\u00edguez Navarrete","image":{"@type":"ImageObject","inLanguage":"es-CO","@id":"https:\/\/www.fiscalia.gov.co\/colombia\/#\/schema\/person\/image\/","url":"https:\/\/secure.gravatar.com\/avatar\/c24cf8481dc84fa5e8c7b20bc95ab0c6?s=96&d=mm&r=g","contentUrl":"https:\/\/secure.gravatar.com\/avatar\/c24cf8481dc84fa5e8c7b20bc95ab0c6?s=96&d=mm&r=g","caption":"Winnie Geraldine Rodr\u00edguez Navarrete"},"url":"https:\/\/www.fiscalia.gov.co\/colombia\/author\/winnierodriguez\/"}]}},"_links":{"self":[{"href":"https:\/\/www.fiscalia.gov.co\/colombia\/wp-json\/wp\/v2\/posts\/292981","targetHints":{"allow":["GET"]}}],"collection":[{"href":"https:\/\/www.fiscalia.gov.co\/colombia\/wp-json\/wp\/v2\/posts"}],"about":[{"href":"https:\/\/www.fiscalia.gov.co\/colombia\/wp-json\/wp\/v2\/types\/post"}],"author":[{"embeddable":true,"href":"https:\/\/www.fiscalia.gov.co\/colombia\/wp-json\/wp\/v2\/users\/178"}],"replies":[{"embeddable":true,"href":"https:\/\/www.fiscalia.gov.co\/colombia\/wp-json\/wp\/v2\/comments?post=292981"}],"version-history":[{"count":1,"href":"https:\/\/www.fiscalia.gov.co\/colombia\/wp-json\/wp\/v2\/posts\/292981\/revisions"}],"predecessor-version":[{"id":292982,"href":"https:\/\/www.fiscalia.gov.co\/colombia\/wp-json\/wp\/v2\/posts\/292981\/revisions\/292982"}],"wp:attachment":[{"href":"https:\/\/www.fiscalia.gov.co\/colombia\/wp-json\/wp\/v2\/media?parent=292981"}],"wp:term":[{"taxonomy":"category","embeddable":true,"href":"https:\/\/www.fiscalia.gov.co\/colombia\/wp-json\/wp\/v2\/categories?post=292981"},{"taxonomy":"post_tag","embeddable":true,"href":"https:\/\/www.fiscalia.gov.co\/colombia\/wp-json\/wp\/v2\/tags?post=292981"}],"curies":[{"name":"wp","href":"https:\/\/api.w.org\/{rel}","templated":true}]}}