{"id":292905,"date":"2024-04-11T15:10:22","date_gmt":"2024-04-11T20:10:22","guid":{"rendered":"https:\/\/www.fiscalia.gov.co\/colombia\/?p=292905"},"modified":"2024-04-11T15:10:22","modified_gmt":"2024-04-11T20:10:22","slug":"por-delitos-sexuales-contra-una-mujer-y-un-menor-de-edad-fueron-enviados-a-la-carcel-dos-hombres-en-bolivar","status":"publish","type":"post","link":"https:\/\/www.fiscalia.gov.co\/colombia\/noticias\/por-delitos-sexuales-contra-una-mujer-y-un-menor-de-edad-fueron-enviados-a-la-carcel-dos-hombres-en-bolivar\/","title":{"rendered":"Por delitos sexuales contra una mujer y un menor de edad fueron enviados a la c\u00e1rcel dos hombres en Bol\u00edvar"},"content":{"rendered":"<p>En las \u00faltimas horas, la Fiscal\u00eda General de la Naci\u00f3n logr\u00f3 que jueces aseguraran en establecimiento carcelario a dos hombres por su presunta responsabilidad en delitos sexuales en el departamento de Bol\u00edvar.<\/p>\n<p>Una de las decisiones judiciales afect\u00f3 a Jos\u00e9 Manuel Tapias Morales, alias el Criquera, quien en la madrugada del pasado 21 de febrero ingres\u00f3 a una vivienda del barrio 13 de Junio, en el municipio de Clemencia (Bol\u00edvar),<strong> y tras amenazar a una mujer con arma blanca la\u00a0habr\u00eda abusado sexualmente y luego hurtado su celular.\u00a0<\/strong><\/p>\n<figure id=\"attachment_292906\" aria-describedby=\"caption-attachment-292906\" style=\"width: 361px\" class=\"wp-caption aligncenter\"><img loading=\"lazy\" decoding=\"async\" class=\" wp-image-292906\" src=\"https:\/\/www.fiscalia.gov.co\/colombia\/wp-content\/uploads\/Foto-1-boletin-11-de-abril-delito-sexual-300x227.jpeg\" alt=\"En la fotograf\u00eda aparece un hombre delgado, alto, se encuentra de pie, moreno, con los brazos atr\u00e1s, vestido de camisilla blanca con bermuda de jean azul, custodiado por dos uniformados de la Polic\u00eda Nacional.\" width=\"361\" height=\"273\" srcset=\"https:\/\/www.fiscalia.gov.co\/colombia\/wp-content\/uploads\/Foto-1-boletin-11-de-abril-delito-sexual-300x227.jpeg 300w, https:\/\/www.fiscalia.gov.co\/colombia\/wp-content\/uploads\/Foto-1-boletin-11-de-abril-delito-sexual-1024x775.jpeg 1024w, https:\/\/www.fiscalia.gov.co\/colombia\/wp-content\/uploads\/Foto-1-boletin-11-de-abril-delito-sexual-768x581.jpeg 768w, https:\/\/www.fiscalia.gov.co\/colombia\/wp-content\/uploads\/Foto-1-boletin-11-de-abril-delito-sexual-1536x1163.jpeg 1536w, https:\/\/www.fiscalia.gov.co\/colombia\/wp-content\/uploads\/Foto-1-boletin-11-de-abril-delito-sexual-696x527.jpeg 696w, https:\/\/www.fiscalia.gov.co\/colombia\/wp-content\/uploads\/Foto-1-boletin-11-de-abril-delito-sexual-1068x809.jpeg 1068w, https:\/\/www.fiscalia.gov.co\/colombia\/wp-content\/uploads\/Foto-1-boletin-11-de-abril-delito-sexual-555x420.jpeg 555w, https:\/\/www.fiscalia.gov.co\/colombia\/wp-content\/uploads\/Foto-1-boletin-11-de-abril-delito-sexual-80x60.jpeg 80w, https:\/\/www.fiscalia.gov.co\/colombia\/wp-content\/uploads\/Foto-1-boletin-11-de-abril-delito-sexual.jpeg 1556w\" sizes=\"auto, (max-width: 361px) 100vw, 361px\" \/><figcaption id=\"caption-attachment-292906\" class=\"wp-caption-text\">A Jos\u00e9 Manuel Tapias Morales la Fiscal\u00eda le imput\u00f3 los delitos de acceso carnal violento y hurto calificado agravado.<\/figcaption><\/figure>\n<p>El implicado, de 23 a\u00f1os, fue capturado por la Polic\u00eda Nacional el pasado 3 de abril en una v\u00eda p\u00fablica del barrio Nuevo Mundo de esa localidad.<strong> La Fiscal\u00eda le imput\u00f3 los delitos de acceso carnal violento y hurto calificado agravado, los cuales no acept\u00f3.<\/strong><\/p>\n<p>Igualmente fue privado de la libertad un hombre de 40 a\u00f1os que habr\u00eda realizado tocamientos de \u00edndole sexual a un menor de edad que viv\u00eda cerca de su casa en el barrio La Esperanza en Cartagena. Los hechos se registraron el 24 de marzo \u00faltimo.<\/p>\n<p><b>Le puede interesar<\/b>:<a id=\"m_-6290164529780468177m_-237069059597977429OWA0d62e3f3-f380-099d-bce5-91775004c1ae\" title=\"Mayordomo condenado a 15 a\u00f1os de prisi\u00f3n por abusar de la hija de un trabajador\" href=\"https:\/\/www.fiscalia.gov.co\/colombia\/noticias\/mayordomo-condenado-a-15-anos-de-prision-por-abusar-de-la-hija-de-un-trabajador\/\" target=\"_blank\" rel=\"noopener noreferrer\" data-saferedirecturl=\"https:\/\/www.google.com\/url?q=https:\/\/www.fiscalia.gov.co\/colombia\/noticias\/mayordomo-condenado-a-15-anos-de-prision-por-abusar-de-la-hija-de-un-trabajador\/&amp;source=gmail&amp;ust=1712952063077000&amp;usg=AOvVaw1HU_qI-0JtKlNtSB6uHbZE\">Mayordomo condenado a 15 a\u00f1os de prisi\u00f3n por abusar de la hija de un trabajador<\/a><\/p>\n<p>La t\u00eda de la v\u00edctima, de 5 a\u00f1os, que descubri\u00f3 lo sucedido, con el apoyo de vecinos del sector logr\u00f3 detener al presunto abusador y entregarlo a las autoridades que hicieron presencia en el lugar.<\/p>\n<figure id=\"attachment_292907\" aria-describedby=\"caption-attachment-292907\" style=\"width: 415px\" class=\"wp-caption aligncenter\"><img loading=\"lazy\" decoding=\"async\" class=\" wp-image-292907\" src=\"https:\/\/www.fiscalia.gov.co\/colombia\/wp-content\/uploads\/Foto-2-boletin-11-de-abril-delitos-sexuales-300x252.jpeg\" alt=\" En la imagen se encuentra un hombre de pie, moreno, con el rostro difuso, vestido de camiseta blanca con bermuda azul y sandalias negras, custodiado por dos agentes de la Polic\u00eda Nacional en un CAI que dice Daniel Lemaitre.\" width=\"415\" height=\"349\" srcset=\"https:\/\/www.fiscalia.gov.co\/colombia\/wp-content\/uploads\/Foto-2-boletin-11-de-abril-delitos-sexuales-300x252.jpeg 300w, https:\/\/www.fiscalia.gov.co\/colombia\/wp-content\/uploads\/Foto-2-boletin-11-de-abril-delitos-sexuales-1024x860.jpeg 1024w, https:\/\/www.fiscalia.gov.co\/colombia\/wp-content\/uploads\/Foto-2-boletin-11-de-abril-delitos-sexuales-768x645.jpeg 768w, https:\/\/www.fiscalia.gov.co\/colombia\/wp-content\/uploads\/Foto-2-boletin-11-de-abril-delitos-sexuales-696x585.jpeg 696w, https:\/\/www.fiscalia.gov.co\/colombia\/wp-content\/uploads\/Foto-2-boletin-11-de-abril-delitos-sexuales-1068x897.jpeg 1068w, https:\/\/www.fiscalia.gov.co\/colombia\/wp-content\/uploads\/Foto-2-boletin-11-de-abril-delitos-sexuales-500x420.jpeg 500w, https:\/\/www.fiscalia.gov.co\/colombia\/wp-content\/uploads\/Foto-2-boletin-11-de-abril-delitos-sexuales.jpeg 1400w\" sizes=\"auto, (max-width: 415px) 100vw, 415px\" \/><figcaption id=\"caption-attachment-292907\" class=\"wp-caption-text\">Procesado por el delito de acto sexual con menor de 14 a\u00f1os.<\/figcaption><\/figure>\n<p>Durante las audiencias preliminares el fiscal del caso le imput\u00f3 el delito de acto sexual con menor de 14 a\u00f1os, al cual no se allan\u00f3.<\/p>\n<p>Esta informaci\u00f3n se publica por razones de inter\u00e9s general.<\/p>\n<p>MEVA\/CFG\/RJGD\/DSB<\/p>\n<p>&nbsp;<\/p>\n<p>&nbsp;<\/p>\n<p>&nbsp;<\/p>\n<p><em>La informaci\u00f3n contenida en este bolet\u00edn de prensa corresponde a la narraci\u00f3n de los hechos noticiosos objetivos, suministrados por los funcionarios encargados de adelantar las investigaciones penales al interior de la Fiscal\u00eda General de la Naci\u00f3n. Para el momento de la divulgaci\u00f3n de este comunicado, la situaci\u00f3n jur\u00eddica de la(s) persona(s) relacionada(s) se encuentra pendiente de resolver por la autoridad\u00a0judicial competente, siempre bajo los preceptos de la presunci\u00f3n de inocencia, consagrados en el art\u00edculo 29 de la Constituci\u00f3n Pol\u00edtica y el art\u00edculo 7\u00ba de la Ley 906 de 2004.\u00a0<\/em><\/p>\n\n<div class=\"twitter-share\"><a href=\"https:\/\/twitter.com\/intent\/tweet?via=fiscaliacol\" class=\"twitter-share-button\">Tweet<\/a><\/div>\n","protected":false},"excerpt":{"rendered":"<p>En las \u00faltimas horas, la Fiscal\u00eda General de la Naci\u00f3n logr\u00f3 que jueces aseguraran en establecimiento carcelario a dos hombres por su presunta responsabilidad en delitos sexuales en el departamento [&hellip;]<\/p>\n","protected":false},"author":178,"featured_media":0,"comment_status":"closed","ping_status":"open","sticky":false,"template":"","format":"standard","meta":{"tdm_status":"","tdm_grid_status":"","footnotes":""},"categories":[1],"tags":[23966,7412,9082,14550,23819,23998,32220,37491,37492,24187,1047,23960,932,558,17445],"class_list":["post-292905","post","type-post","status-publish","format-standard","category-noticias","tag-acceso-carnal-violento","tag-acto-sexual-con-menor-de-14-anos","tag-bolivar","tag-carcel","tag-cartagena","tag-cartagena-bolivar","tag-clemencia","tag-fiscal-camargo","tag-fiscal-luz-adriana-camargo","tag-fiscalia-colombia","tag-fiscalia-general-de-la-nacion","tag-hurto","tag-mensor-de-edad","tag-policia-nacional","tag-victima"],"yoast_head":"<!-- This site is optimized with the Yoast SEO plugin v24.3 - https:\/\/yoast.com\/wordpress\/plugins\/seo\/ -->\n<title>Fiscal\u00eda General de la Naci\u00f3n<\/title>\n<meta name=\"description\" content=\"P\u00e1gina oficial de la Fiscal\u00eda General de la Naci\u00f3n \u2013 Colombia. Garantizamos el acceso efectivo a la justicia, la verdad y la reparaci\u00f3n de las v\u00edctimas de los delitos.\" \/>\n<meta name=\"robots\" content=\"noindex, follow\" \/>\n<meta property=\"og:locale\" content=\"es_ES\" \/>\n<meta property=\"og:type\" content=\"article\" \/>\n<meta property=\"og:title\" content=\"Fiscal\u00eda General de la Naci\u00f3n\" \/>\n<meta property=\"og:description\" content=\"P\u00e1gina oficial de la Fiscal\u00eda General de la Naci\u00f3n \u2013 Colombia. Garantizamos el acceso efectivo a la justicia, la verdad y la reparaci\u00f3n de las v\u00edctimas de los delitos.\" \/>\n<meta property=\"og:url\" content=\"https:\/\/www.fiscalia.gov.co\/colombia\/noticias\/por-delitos-sexuales-contra-una-mujer-y-un-menor-de-edad-fueron-enviados-a-la-carcel-dos-hombres-en-bolivar\/\" \/>\n<meta property=\"og:site_name\" content=\"Fiscal\u00eda General de la Naci\u00f3n\" \/>\n<meta property=\"article:publisher\" content=\"https:\/\/www.facebook.com\/FiscaliaCol\" \/>\n<meta property=\"article:published_time\" content=\"2024-04-11T20:10:22+00:00\" \/>\n<meta property=\"og:image\" content=\"https:\/\/www.fiscalia.gov.co\/colombia\/wp-content\/uploads\/Foto-1-boletin-11-de-abril-delito-sexual-300x227.jpeg\" \/>\n<meta name=\"author\" content=\"Winnie Geraldine Rodr\u00edguez Navarrete\" \/>\n<meta name=\"twitter:card\" content=\"summary_large_image\" \/>\n<meta name=\"twitter:creator\" content=\"@FiscaliaCol\" \/>\n<meta name=\"twitter:site\" content=\"@FiscaliaCol\" \/>\n<meta name=\"twitter:label1\" content=\"Escrito por\" \/>\n\t<meta name=\"twitter:data1\" content=\"Winnie Geraldine Rodr\u00edguez Navarrete\" \/>\n\t<meta name=\"twitter:label2\" content=\"Tiempo de lectura\" \/>\n\t<meta name=\"twitter:data2\" content=\"3 minutos\" \/>\n<script type=\"application\/ld+json\" class=\"yoast-schema-graph\">{\"@context\":\"https:\/\/schema.org\",\"@graph\":[{\"@type\":\"Article\",\"@id\":\"https:\/\/www.fiscalia.gov.co\/colombia\/noticias\/por-delitos-sexuales-contra-una-mujer-y-un-menor-de-edad-fueron-enviados-a-la-carcel-dos-hombres-en-bolivar\/#article\",\"isPartOf\":{\"@id\":\"https:\/\/www.fiscalia.gov.co\/colombia\/noticias\/por-delitos-sexuales-contra-una-mujer-y-un-menor-de-edad-fueron-enviados-a-la-carcel-dos-hombres-en-bolivar\/\"},\"author\":{\"name\":\"Winnie Geraldine Rodr\u00edguez Navarrete\",\"@id\":\"https:\/\/www.fiscalia.gov.co\/colombia\/#\/schema\/person\/176195b99ebab0a52aafa15197e1bf80\"},\"headline\":\"Por delitos sexuales contra una mujer y un menor de edad fueron enviados a la c\u00e1rcel dos hombres en Bol\u00edvar\",\"datePublished\":\"2024-04-11T20:10:22+00:00\",\"dateModified\":\"2024-04-11T20:10:22+00:00\",\"mainEntityOfPage\":{\"@id\":\"https:\/\/www.fiscalia.gov.co\/colombia\/noticias\/por-delitos-sexuales-contra-una-mujer-y-un-menor-de-edad-fueron-enviados-a-la-carcel-dos-hombres-en-bolivar\/\"},\"wordCount\":454,\"publisher\":{\"@id\":\"https:\/\/www.fiscalia.gov.co\/colombia\/#organization\"},\"image\":{\"@id\":\"https:\/\/www.fiscalia.gov.co\/colombia\/noticias\/por-delitos-sexuales-contra-una-mujer-y-un-menor-de-edad-fueron-enviados-a-la-carcel-dos-hombres-en-bolivar\/#primaryimage\"},\"thumbnailUrl\":\"https:\/\/www.fiscalia.gov.co\/colombia\/wp-content\/uploads\/Foto-1-boletin-11-de-abril-delito-sexual-300x227.jpeg\",\"keywords\":[\"Acceso carnal violento\",\"acto sexual con menor de 14 a\u00f1os\",\"Bol\u00edvar\",\"C\u00e1rcel\",\"Cartagena\",\"Cartagena (Bol\u00edvar)\",\"Clemencia\",\"fiscal Camargo\",\"Fiscal Luz Adriana Camargo\",\"Fiscal\u00eda Colombia\",\"Fiscal\u00eda General de la Naci\u00f3n\",\"Hurto\",\"Menor de edad\",\"Polic\u00eda Nacional\",\"V\u00edctima\"],\"articleSection\":[\"Noticias\"],\"inLanguage\":\"es-CO\"},{\"@type\":\"WebPage\",\"@id\":\"https:\/\/www.fiscalia.gov.co\/colombia\/noticias\/por-delitos-sexuales-contra-una-mujer-y-un-menor-de-edad-fueron-enviados-a-la-carcel-dos-hombres-en-bolivar\/\",\"url\":\"https:\/\/www.fiscalia.gov.co\/colombia\/noticias\/por-delitos-sexuales-contra-una-mujer-y-un-menor-de-edad-fueron-enviados-a-la-carcel-dos-hombres-en-bolivar\/\",\"name\":\"Fiscal\u00eda General de la Naci\u00f3n\",\"isPartOf\":{\"@id\":\"https:\/\/www.fiscalia.gov.co\/colombia\/#website\"},\"primaryImageOfPage\":{\"@id\":\"https:\/\/www.fiscalia.gov.co\/colombia\/noticias\/por-delitos-sexuales-contra-una-mujer-y-un-menor-de-edad-fueron-enviados-a-la-carcel-dos-hombres-en-bolivar\/#primaryimage\"},\"image\":{\"@id\":\"https:\/\/www.fiscalia.gov.co\/colombia\/noticias\/por-delitos-sexuales-contra-una-mujer-y-un-menor-de-edad-fueron-enviados-a-la-carcel-dos-hombres-en-bolivar\/#primaryimage\"},\"thumbnailUrl\":\"https:\/\/www.fiscalia.gov.co\/colombia\/wp-content\/uploads\/Foto-1-boletin-11-de-abril-delito-sexual-300x227.jpeg\",\"datePublished\":\"2024-04-11T20:10:22+00:00\",\"dateModified\":\"2024-04-11T20:10:22+00:00\",\"description\":\"P\u00e1gina oficial de la Fiscal\u00eda General de la Naci\u00f3n \u2013 Colombia. Garantizamos el acceso efectivo a la justicia, la verdad y la reparaci\u00f3n de las v\u00edctimas de los delitos.\",\"breadcrumb\":{\"@id\":\"https:\/\/www.fiscalia.gov.co\/colombia\/noticias\/por-delitos-sexuales-contra-una-mujer-y-un-menor-de-edad-fueron-enviados-a-la-carcel-dos-hombres-en-bolivar\/#breadcrumb\"},\"inLanguage\":\"es-CO\",\"potentialAction\":[{\"@type\":\"ReadAction\",\"target\":[\"https:\/\/www.fiscalia.gov.co\/colombia\/noticias\/por-delitos-sexuales-contra-una-mujer-y-un-menor-de-edad-fueron-enviados-a-la-carcel-dos-hombres-en-bolivar\/\"]}]},{\"@type\":\"ImageObject\",\"inLanguage\":\"es-CO\",\"@id\":\"https:\/\/www.fiscalia.gov.co\/colombia\/noticias\/por-delitos-sexuales-contra-una-mujer-y-un-menor-de-edad-fueron-enviados-a-la-carcel-dos-hombres-en-bolivar\/#primaryimage\",\"url\":\"https:\/\/www.fiscalia.gov.co\/colombia\/wp-content\/uploads\/Foto-1-boletin-11-de-abril-delito-sexual-300x227.jpeg\",\"contentUrl\":\"https:\/\/www.fiscalia.gov.co\/colombia\/wp-content\/uploads\/Foto-1-boletin-11-de-abril-delito-sexual-300x227.jpeg\"},{\"@type\":\"BreadcrumbList\",\"@id\":\"https:\/\/www.fiscalia.gov.co\/colombia\/noticias\/por-delitos-sexuales-contra-una-mujer-y-un-menor-de-edad-fueron-enviados-a-la-carcel-dos-hombres-en-bolivar\/#breadcrumb\",\"itemListElement\":[{\"@type\":\"ListItem\",\"position\":1,\"name\":\"Home\",\"item\":\"https:\/\/www.fiscalia.gov.co\/colombia\/\"},{\"@type\":\"ListItem\",\"position\":2,\"name\":\"Por delitos sexuales contra una mujer y un menor de edad fueron enviados a la c\u00e1rcel dos hombres en Bol\u00edvar\"}]},{\"@type\":\"WebSite\",\"@id\":\"https:\/\/www.fiscalia.gov.co\/colombia\/#website\",\"url\":\"https:\/\/www.fiscalia.gov.co\/colombia\/\",\"name\":\"Fiscal\u00eda General de la Naci\u00f3n\",\"description\":\"P\u00e1gina oficial de la Fiscal\u00eda General de la Naci\u00f3n \u2013 Colombia. Garantizamos el acceso efectivo a la justicia, la verdad y la reparaci\u00f3n de las v\u00edctimas de los delitos.\",\"publisher\":{\"@id\":\"https:\/\/www.fiscalia.gov.co\/colombia\/#organization\"},\"potentialAction\":[{\"@type\":\"SearchAction\",\"target\":{\"@type\":\"EntryPoint\",\"urlTemplate\":\"https:\/\/www.fiscalia.gov.co\/colombia\/?s={search_term_string}\"},\"query-input\":{\"@type\":\"PropertyValueSpecification\",\"valueRequired\":true,\"valueName\":\"search_term_string\"}}],\"inLanguage\":\"es-CO\"},{\"@type\":\"Organization\",\"@id\":\"https:\/\/www.fiscalia.gov.co\/colombia\/#organization\",\"name\":\"Fiscal\u00eda General de la Naci\u00f3n\",\"url\":\"https:\/\/www.fiscalia.gov.co\/colombia\/\",\"logo\":{\"@type\":\"ImageObject\",\"inLanguage\":\"es-CO\",\"@id\":\"https:\/\/www.fiscalia.gov.co\/colombia\/#\/schema\/logo\/image\/\",\"url\":\"https:\/\/www.fiscalia.gov.co\/colombia\/wp-content\/uploads\/LogoHorizontal_1.jpg\",\"contentUrl\":\"https:\/\/www.fiscalia.gov.co\/colombia\/wp-content\/uploads\/LogoHorizontal_1.jpg\",\"width\":300,\"height\":90,\"caption\":\"Fiscal\u00eda General de la Naci\u00f3n\"},\"image\":{\"@id\":\"https:\/\/www.fiscalia.gov.co\/colombia\/#\/schema\/logo\/image\/\"},\"sameAs\":[\"https:\/\/www.facebook.com\/FiscaliaCol\",\"https:\/\/x.com\/FiscaliaCol\",\"https:\/\/www.instagram.com\/fiscaliacol\",\"https:\/\/www.linkedin.com\/company\/fiscalia-general-de-la-naci-n\/\",\"https:\/\/youtube.com\/@fiscaliageneraldelanacion-4668?si=6nN79nyQICPU5iTh\"]},{\"@type\":\"Person\",\"@id\":\"https:\/\/www.fiscalia.gov.co\/colombia\/#\/schema\/person\/176195b99ebab0a52aafa15197e1bf80\",\"name\":\"Winnie Geraldine Rodr\u00edguez Navarrete\",\"image\":{\"@type\":\"ImageObject\",\"inLanguage\":\"es-CO\",\"@id\":\"https:\/\/www.fiscalia.gov.co\/colombia\/#\/schema\/person\/image\/\",\"url\":\"https:\/\/secure.gravatar.com\/avatar\/c24cf8481dc84fa5e8c7b20bc95ab0c6?s=96&d=mm&r=g\",\"contentUrl\":\"https:\/\/secure.gravatar.com\/avatar\/c24cf8481dc84fa5e8c7b20bc95ab0c6?s=96&d=mm&r=g\",\"caption\":\"Winnie Geraldine Rodr\u00edguez Navarrete\"},\"url\":\"https:\/\/www.fiscalia.gov.co\/colombia\/author\/winnierodriguez\/\"}]}<\/script>\n<!-- \/ Yoast SEO plugin. -->","yoast_head_json":{"title":"Fiscal\u00eda General de la Naci\u00f3n","description":"P\u00e1gina oficial de la Fiscal\u00eda General de la Naci\u00f3n \u2013 Colombia. Garantizamos el acceso efectivo a la justicia, la verdad y la reparaci\u00f3n de las v\u00edctimas de los delitos.","robots":{"index":"noindex","follow":"follow"},"og_locale":"es_ES","og_type":"article","og_title":"Fiscal\u00eda General de la Naci\u00f3n","og_description":"P\u00e1gina oficial de la Fiscal\u00eda General de la Naci\u00f3n \u2013 Colombia. Garantizamos el acceso efectivo a la justicia, la verdad y la reparaci\u00f3n de las v\u00edctimas de los delitos.","og_url":"https:\/\/www.fiscalia.gov.co\/colombia\/noticias\/por-delitos-sexuales-contra-una-mujer-y-un-menor-de-edad-fueron-enviados-a-la-carcel-dos-hombres-en-bolivar\/","og_site_name":"Fiscal\u00eda General de la Naci\u00f3n","article_publisher":"https:\/\/www.facebook.com\/FiscaliaCol","article_published_time":"2024-04-11T20:10:22+00:00","og_image":[{"url":"https:\/\/www.fiscalia.gov.co\/colombia\/wp-content\/uploads\/Foto-1-boletin-11-de-abril-delito-sexual-300x227.jpeg","type":"","width":"","height":""}],"author":"Winnie Geraldine Rodr\u00edguez Navarrete","twitter_card":"summary_large_image","twitter_creator":"@FiscaliaCol","twitter_site":"@FiscaliaCol","twitter_misc":{"Escrito por":"Winnie Geraldine Rodr\u00edguez Navarrete","Tiempo de lectura":"3 minutos"},"schema":{"@context":"https:\/\/schema.org","@graph":[{"@type":"Article","@id":"https:\/\/www.fiscalia.gov.co\/colombia\/noticias\/por-delitos-sexuales-contra-una-mujer-y-un-menor-de-edad-fueron-enviados-a-la-carcel-dos-hombres-en-bolivar\/#article","isPartOf":{"@id":"https:\/\/www.fiscalia.gov.co\/colombia\/noticias\/por-delitos-sexuales-contra-una-mujer-y-un-menor-de-edad-fueron-enviados-a-la-carcel-dos-hombres-en-bolivar\/"},"author":{"name":"Winnie Geraldine Rodr\u00edguez Navarrete","@id":"https:\/\/www.fiscalia.gov.co\/colombia\/#\/schema\/person\/176195b99ebab0a52aafa15197e1bf80"},"headline":"Por delitos sexuales contra una mujer y un menor de edad fueron enviados a la c\u00e1rcel dos hombres en Bol\u00edvar","datePublished":"2024-04-11T20:10:22+00:00","dateModified":"2024-04-11T20:10:22+00:00","mainEntityOfPage":{"@id":"https:\/\/www.fiscalia.gov.co\/colombia\/noticias\/por-delitos-sexuales-contra-una-mujer-y-un-menor-de-edad-fueron-enviados-a-la-carcel-dos-hombres-en-bolivar\/"},"wordCount":454,"publisher":{"@id":"https:\/\/www.fiscalia.gov.co\/colombia\/#organization"},"image":{"@id":"https:\/\/www.fiscalia.gov.co\/colombia\/noticias\/por-delitos-sexuales-contra-una-mujer-y-un-menor-de-edad-fueron-enviados-a-la-carcel-dos-hombres-en-bolivar\/#primaryimage"},"thumbnailUrl":"https:\/\/www.fiscalia.gov.co\/colombia\/wp-content\/uploads\/Foto-1-boletin-11-de-abril-delito-sexual-300x227.jpeg","keywords":["Acceso carnal violento","acto sexual con menor de 14 a\u00f1os","Bol\u00edvar","C\u00e1rcel","Cartagena","Cartagena (Bol\u00edvar)","Clemencia","fiscal Camargo","Fiscal Luz Adriana Camargo","Fiscal\u00eda Colombia","Fiscal\u00eda General de la Naci\u00f3n","Hurto","Menor de edad","Polic\u00eda Nacional","V\u00edctima"],"articleSection":["Noticias"],"inLanguage":"es-CO"},{"@type":"WebPage","@id":"https:\/\/www.fiscalia.gov.co\/colombia\/noticias\/por-delitos-sexuales-contra-una-mujer-y-un-menor-de-edad-fueron-enviados-a-la-carcel-dos-hombres-en-bolivar\/","url":"https:\/\/www.fiscalia.gov.co\/colombia\/noticias\/por-delitos-sexuales-contra-una-mujer-y-un-menor-de-edad-fueron-enviados-a-la-carcel-dos-hombres-en-bolivar\/","name":"Fiscal\u00eda General de la Naci\u00f3n","isPartOf":{"@id":"https:\/\/www.fiscalia.gov.co\/colombia\/#website"},"primaryImageOfPage":{"@id":"https:\/\/www.fiscalia.gov.co\/colombia\/noticias\/por-delitos-sexuales-contra-una-mujer-y-un-menor-de-edad-fueron-enviados-a-la-carcel-dos-hombres-en-bolivar\/#primaryimage"},"image":{"@id":"https:\/\/www.fiscalia.gov.co\/colombia\/noticias\/por-delitos-sexuales-contra-una-mujer-y-un-menor-de-edad-fueron-enviados-a-la-carcel-dos-hombres-en-bolivar\/#primaryimage"},"thumbnailUrl":"https:\/\/www.fiscalia.gov.co\/colombia\/wp-content\/uploads\/Foto-1-boletin-11-de-abril-delito-sexual-300x227.jpeg","datePublished":"2024-04-11T20:10:22+00:00","dateModified":"2024-04-11T20:10:22+00:00","description":"P\u00e1gina oficial de la Fiscal\u00eda General de la Naci\u00f3n \u2013 Colombia. Garantizamos el acceso efectivo a la justicia, la verdad y la reparaci\u00f3n de las v\u00edctimas de los delitos.","breadcrumb":{"@id":"https:\/\/www.fiscalia.gov.co\/colombia\/noticias\/por-delitos-sexuales-contra-una-mujer-y-un-menor-de-edad-fueron-enviados-a-la-carcel-dos-hombres-en-bolivar\/#breadcrumb"},"inLanguage":"es-CO","potentialAction":[{"@type":"ReadAction","target":["https:\/\/www.fiscalia.gov.co\/colombia\/noticias\/por-delitos-sexuales-contra-una-mujer-y-un-menor-de-edad-fueron-enviados-a-la-carcel-dos-hombres-en-bolivar\/"]}]},{"@type":"ImageObject","inLanguage":"es-CO","@id":"https:\/\/www.fiscalia.gov.co\/colombia\/noticias\/por-delitos-sexuales-contra-una-mujer-y-un-menor-de-edad-fueron-enviados-a-la-carcel-dos-hombres-en-bolivar\/#primaryimage","url":"https:\/\/www.fiscalia.gov.co\/colombia\/wp-content\/uploads\/Foto-1-boletin-11-de-abril-delito-sexual-300x227.jpeg","contentUrl":"https:\/\/www.fiscalia.gov.co\/colombia\/wp-content\/uploads\/Foto-1-boletin-11-de-abril-delito-sexual-300x227.jpeg"},{"@type":"BreadcrumbList","@id":"https:\/\/www.fiscalia.gov.co\/colombia\/noticias\/por-delitos-sexuales-contra-una-mujer-y-un-menor-de-edad-fueron-enviados-a-la-carcel-dos-hombres-en-bolivar\/#breadcrumb","itemListElement":[{"@type":"ListItem","position":1,"name":"Home","item":"https:\/\/www.fiscalia.gov.co\/colombia\/"},{"@type":"ListItem","position":2,"name":"Por delitos sexuales contra una mujer y un menor de edad fueron enviados a la c\u00e1rcel dos hombres en Bol\u00edvar"}]},{"@type":"WebSite","@id":"https:\/\/www.fiscalia.gov.co\/colombia\/#website","url":"https:\/\/www.fiscalia.gov.co\/colombia\/","name":"Fiscal\u00eda General de la Naci\u00f3n","description":"P\u00e1gina oficial de la Fiscal\u00eda General de la Naci\u00f3n \u2013 Colombia. Garantizamos el acceso efectivo a la justicia, la verdad y la reparaci\u00f3n de las v\u00edctimas de los delitos.","publisher":{"@id":"https:\/\/www.fiscalia.gov.co\/colombia\/#organization"},"potentialAction":[{"@type":"SearchAction","target":{"@type":"EntryPoint","urlTemplate":"https:\/\/www.fiscalia.gov.co\/colombia\/?s={search_term_string}"},"query-input":{"@type":"PropertyValueSpecification","valueRequired":true,"valueName":"search_term_string"}}],"inLanguage":"es-CO"},{"@type":"Organization","@id":"https:\/\/www.fiscalia.gov.co\/colombia\/#organization","name":"Fiscal\u00eda General de la Naci\u00f3n","url":"https:\/\/www.fiscalia.gov.co\/colombia\/","logo":{"@type":"ImageObject","inLanguage":"es-CO","@id":"https:\/\/www.fiscalia.gov.co\/colombia\/#\/schema\/logo\/image\/","url":"https:\/\/www.fiscalia.gov.co\/colombia\/wp-content\/uploads\/LogoHorizontal_1.jpg","contentUrl":"https:\/\/www.fiscalia.gov.co\/colombia\/wp-content\/uploads\/LogoHorizontal_1.jpg","width":300,"height":90,"caption":"Fiscal\u00eda General de la Naci\u00f3n"},"image":{"@id":"https:\/\/www.fiscalia.gov.co\/colombia\/#\/schema\/logo\/image\/"},"sameAs":["https:\/\/www.facebook.com\/FiscaliaCol","https:\/\/x.com\/FiscaliaCol","https:\/\/www.instagram.com\/fiscaliacol","https:\/\/www.linkedin.com\/company\/fiscalia-general-de-la-naci-n\/","https:\/\/youtube.com\/@fiscaliageneraldelanacion-4668?si=6nN79nyQICPU5iTh"]},{"@type":"Person","@id":"https:\/\/www.fiscalia.gov.co\/colombia\/#\/schema\/person\/176195b99ebab0a52aafa15197e1bf80","name":"Winnie Geraldine Rodr\u00edguez Navarrete","image":{"@type":"ImageObject","inLanguage":"es-CO","@id":"https:\/\/www.fiscalia.gov.co\/colombia\/#\/schema\/person\/image\/","url":"https:\/\/secure.gravatar.com\/avatar\/c24cf8481dc84fa5e8c7b20bc95ab0c6?s=96&d=mm&r=g","contentUrl":"https:\/\/secure.gravatar.com\/avatar\/c24cf8481dc84fa5e8c7b20bc95ab0c6?s=96&d=mm&r=g","caption":"Winnie Geraldine Rodr\u00edguez Navarrete"},"url":"https:\/\/www.fiscalia.gov.co\/colombia\/author\/winnierodriguez\/"}]}},"_links":{"self":[{"href":"https:\/\/www.fiscalia.gov.co\/colombia\/wp-json\/wp\/v2\/posts\/292905","targetHints":{"allow":["GET"]}}],"collection":[{"href":"https:\/\/www.fiscalia.gov.co\/colombia\/wp-json\/wp\/v2\/posts"}],"about":[{"href":"https:\/\/www.fiscalia.gov.co\/colombia\/wp-json\/wp\/v2\/types\/post"}],"author":[{"embeddable":true,"href":"https:\/\/www.fiscalia.gov.co\/colombia\/wp-json\/wp\/v2\/users\/178"}],"replies":[{"embeddable":true,"href":"https:\/\/www.fiscalia.gov.co\/colombia\/wp-json\/wp\/v2\/comments?post=292905"}],"version-history":[{"count":1,"href":"https:\/\/www.fiscalia.gov.co\/colombia\/wp-json\/wp\/v2\/posts\/292905\/revisions"}],"predecessor-version":[{"id":292908,"href":"https:\/\/www.fiscalia.gov.co\/colombia\/wp-json\/wp\/v2\/posts\/292905\/revisions\/292908"}],"wp:attachment":[{"href":"https:\/\/www.fiscalia.gov.co\/colombia\/wp-json\/wp\/v2\/media?parent=292905"}],"wp:term":[{"taxonomy":"category","embeddable":true,"href":"https:\/\/www.fiscalia.gov.co\/colombia\/wp-json\/wp\/v2\/categories?post=292905"},{"taxonomy":"post_tag","embeddable":true,"href":"https:\/\/www.fiscalia.gov.co\/colombia\/wp-json\/wp\/v2\/tags?post=292905"}],"curies":[{"name":"wp","href":"https:\/\/api.w.org\/{rel}","templated":true}]}}