{"id":292867,"date":"2024-04-11T09:58:21","date_gmt":"2024-04-11T14:58:21","guid":{"rendered":"https:\/\/www.fiscalia.gov.co\/colombia\/?p=292867"},"modified":"2024-04-11T09:58:21","modified_gmt":"2024-04-11T14:58:21","slug":"mayordomo-condenado-a-15-anos-de-prision-por-abusar-de-la-hija-de-un-trabajador","status":"publish","type":"post","link":"https:\/\/www.fiscalia.gov.co\/colombia\/noticias\/mayordomo-condenado-a-15-anos-de-prision-por-abusar-de-la-hija-de-un-trabajador\/","title":{"rendered":"Mayordomo condenado a 15 a\u00f1os de prisi\u00f3n por abusar de la hija de un trabajador"},"content":{"rendered":"<h4><strong><i>En otros hechos fue confirmada en segunda instancia la condena contra otro hombre que abus\u00f3 de una vecina menor de edad.<\/i><\/strong><\/h4>\n<p>Otoniel Moreno Cardozo fue condenado a la pena de 15 a\u00f1os de prisi\u00f3n por el delito de actos sexuales con menor de 14 a\u00f1os e igualmente f<strong>ue inhabilitado para el ejercicio de derechos y funciones p\u00fablicas por el mismo t\u00e9rmino de la pena principal.<\/strong><\/p>\n<p><strong>La v\u00edctima en este caso fue una ni\u00f1a\u00a0de 12 a\u00f1os, hija del trabajador de la finca donde Moreno Cardozo era el mayordomo <\/strong>quien, entre los meses de junio y agosto del a\u00f1o 2018, en el predio ubicado en la inspecci\u00f3n de Balsillas, jurisdicci\u00f3n de San Vicente del Cagu\u00e1n, aprovechaba en las ma\u00f1anas cuando el pap\u00e1 de la v\u00edctima sal\u00eda a trabajar, para ingresar a su habitaci\u00f3n y realizarle tocamientos inapropiados en sus partes \u00edntimas y besarla.<\/p>\n<p>Se logr\u00f3 comprobar mediante actos investigativos que <strong>el condenado le daba dinero a la menor de edad para que no contara nada de lo sucedido,<\/strong> <strong>amenaz\u00e1ndola que, de hacerlo, despedir\u00eda a su pap\u00e1 de la finca<\/strong>. Esta decisi\u00f3n es de primera instancia y sobre ella proceden los recursos de ley.<\/p>\n<p><b>Tambi\u00e9n le puede interesar:\u00a0<\/b><b><a id=\"m_8351347556378960988OWA47073026-c297-a3f2-3ee9-5519eb011698\" href=\"https:\/\/www.fiscalia.gov.co\/colombia\/noticias\/tres-personas-condenadas-por-actos-sexuales-con-menor-de-14-anos-agravado\/\" target=\"_blank\" rel=\"noopener\" data-saferedirecturl=\"https:\/\/www.google.com\/url?q=https:\/\/www.fiscalia.gov.co\/colombia\/noticias\/tres-personas-condenadas-por-actos-sexuales-con-menor-de-14-anos-agravado\/&amp;source=gmail&amp;ust=1712933168798000&amp;usg=AOvVaw1geArPjdMEUXj-ATaZqmwL\">https:\/\/www.fiscalia.gov.co\/<wbr \/>colombia\/noticias\/tres-<wbr \/>personas-condenadas-por-actos-<wbr \/>sexuales-con-menor-de-14-anos-<wbr \/>agravado\/<\/a><\/b><\/p>\n<p>Entre tanto, le fue confirmada en segunda instancia la condena a 9 a\u00f1os de prisi\u00f3n contra\u00a0Juvenal Celis Yate por el delito de acto sexual con menor de 14 a\u00f1os.<strong> El Tribunal Superior de Florencia, Caquet\u00e1, acogi\u00f3 los argumentos de la Fiscal\u00eda y confirm\u00f3 que el hombre violent\u00f3 sexualmente a una ni\u00f1a de 11 a\u00f1os de edad el 20 de noviembre del a\u00f1o 2014.<\/strong><\/p>\n<p>Todo ocurri\u00f3 en la casa del condenado cuando la tom\u00f3 por la fuerza, la abraz\u00f3, la bes\u00f3 y le toc\u00f3 sus partes \u00edntimas. La menor de edad forceje\u00f3 con \u00e9l logr\u00e1ndose soltar y huy\u00f3. Al llegar a su casa le cont\u00f3 a su madre lo sucedido, poniendo de inmediato el tema en conocimiento de las autoridades.<\/p>\n<p><strong>Al hombre tambi\u00e9n se le inhabilit\u00f3 para el ejercicio de derechos y funciones p\u00fablicas,<\/strong> por el lapso igual al de la pena principal.<\/p>\n<p>Esta decisi\u00f3n es de primera instancia y sobre ella proceden los recursos de ley.<\/p>\n<p>&nbsp;<\/p>\n<p>&nbsp;<\/p>\n<p>PAAM\/LYBT\/AAP\/NQB\/DSC<\/p>\n<p>&nbsp;<\/p>\n<p>&nbsp;<\/p>\n<p>&nbsp;<\/p>\n<p><em>La informaci\u00f3n contenida en este bolet\u00edn de prensa corresponde a la narraci\u00f3n de los hechos noticiosos objetivos, suministrados por los funcionarios encargados de adelantar las investigaciones penales al interior de la Fiscal\u00eda General de la Naci\u00f3n. Para el momento de la divulgaci\u00f3n de este comunicado, la situaci\u00f3n jur\u00eddica de la(s) persona(s) relacionada(s) se encuentra pendiente de resolver por la autoridad\u00a0judicial competente, siempre bajo los preceptos de la presunci\u00f3n de inocencia, consagrados en el art\u00edculo 29 de la Constituci\u00f3n Pol\u00edtica y el art\u00edculo 7\u00ba de la Ley 906 de 2004.\u00a0<\/em><\/p>\n\n<div class=\"twitter-share\"><a href=\"https:\/\/twitter.com\/intent\/tweet?via=fiscaliacol\" class=\"twitter-share-button\">Tweet<\/a><\/div>\n","protected":false},"excerpt":{"rendered":"<p>En otros hechos fue confirmada en segunda instancia la condena contra otro hombre que abus\u00f3 de una vecina menor de edad. Otoniel Moreno Cardozo fue condenado a la pena de [&hellip;]<\/p>\n","protected":false},"author":178,"featured_media":0,"comment_status":"closed","ping_status":"open","sticky":false,"template":"","format":"standard","meta":{"tdm_status":"","tdm_grid_status":"","footnotes":""},"categories":[1,24127],"tags":[801,12642,293,45,30205,1047,23822,23972,13090,32255,975,37643,1176,19678],"class_list":["post-292867","post","type-post","status-publish","format-standard","category-noticias","category-violencia-sexual-e-intrafamiliar","tag-abuso-sexual","tag-actos-sexuales-con-menor-de-14-anos","tag-condena","tag-cti","tag-fiscal-seccional","tag-fiscalia-general-de-la-nacion","tag-florencia","tag-policia","tag-san-vicente-del-caguan","tag-san-vicente-del-caguan-caqueta","tag-sentencia","tag-tribunal-superior-de-caqueta","tag-violencia-de-genero","tag-zona-rural"],"yoast_head":"<!-- This site is optimized with the Yoast SEO plugin v24.3 - https:\/\/yoast.com\/wordpress\/plugins\/seo\/ -->\n<title>Fiscal\u00eda General de la Naci\u00f3n<\/title>\n<meta name=\"description\" content=\"P\u00e1gina oficial de la Fiscal\u00eda General de la Naci\u00f3n \u2013 Colombia. Garantizamos el acceso efectivo a la justicia, la verdad y la reparaci\u00f3n de las v\u00edctimas de los delitos.\" \/>\n<meta name=\"robots\" content=\"noindex, follow\" \/>\n<meta property=\"og:locale\" content=\"es_ES\" \/>\n<meta property=\"og:type\" content=\"article\" \/>\n<meta property=\"og:title\" content=\"Fiscal\u00eda General de la Naci\u00f3n\" \/>\n<meta property=\"og:description\" content=\"P\u00e1gina oficial de la Fiscal\u00eda General de la Naci\u00f3n \u2013 Colombia. Garantizamos el acceso efectivo a la justicia, la verdad y la reparaci\u00f3n de las v\u00edctimas de los delitos.\" \/>\n<meta property=\"og:url\" content=\"https:\/\/www.fiscalia.gov.co\/colombia\/noticias\/mayordomo-condenado-a-15-anos-de-prision-por-abusar-de-la-hija-de-un-trabajador\/\" \/>\n<meta property=\"og:site_name\" content=\"Fiscal\u00eda General de la Naci\u00f3n\" \/>\n<meta property=\"article:publisher\" content=\"https:\/\/www.facebook.com\/FiscaliaCol\" \/>\n<meta property=\"article:published_time\" content=\"2024-04-11T14:58:21+00:00\" \/>\n<meta name=\"author\" content=\"Winnie Geraldine Rodr\u00edguez Navarrete\" \/>\n<meta name=\"twitter:card\" content=\"summary_large_image\" \/>\n<meta name=\"twitter:creator\" content=\"@FiscaliaCol\" \/>\n<meta name=\"twitter:site\" content=\"@FiscaliaCol\" \/>\n<meta name=\"twitter:label1\" content=\"Escrito por\" \/>\n\t<meta name=\"twitter:data1\" content=\"Winnie Geraldine Rodr\u00edguez Navarrete\" \/>\n\t<meta name=\"twitter:label2\" content=\"Tiempo de lectura\" \/>\n\t<meta name=\"twitter:data2\" content=\"3 minutos\" \/>\n<script type=\"application\/ld+json\" class=\"yoast-schema-graph\">{\"@context\":\"https:\/\/schema.org\",\"@graph\":[{\"@type\":\"Article\",\"@id\":\"https:\/\/www.fiscalia.gov.co\/colombia\/noticias\/mayordomo-condenado-a-15-anos-de-prision-por-abusar-de-la-hija-de-un-trabajador\/#article\",\"isPartOf\":{\"@id\":\"https:\/\/www.fiscalia.gov.co\/colombia\/noticias\/mayordomo-condenado-a-15-anos-de-prision-por-abusar-de-la-hija-de-un-trabajador\/\"},\"author\":{\"name\":\"Winnie Geraldine Rodr\u00edguez Navarrete\",\"@id\":\"https:\/\/www.fiscalia.gov.co\/colombia\/#\/schema\/person\/176195b99ebab0a52aafa15197e1bf80\"},\"headline\":\"Mayordomo condenado a 15 a\u00f1os de prisi\u00f3n por abusar de la hija de un trabajador\",\"datePublished\":\"2024-04-11T14:58:21+00:00\",\"dateModified\":\"2024-04-11T14:58:21+00:00\",\"mainEntityOfPage\":{\"@id\":\"https:\/\/www.fiscalia.gov.co\/colombia\/noticias\/mayordomo-condenado-a-15-anos-de-prision-por-abusar-de-la-hija-de-un-trabajador\/\"},\"wordCount\":512,\"publisher\":{\"@id\":\"https:\/\/www.fiscalia.gov.co\/colombia\/#organization\"},\"keywords\":[\"Abuso sexual\",\"actos sexuales con menor de 14 a\u00f1os\",\"Condena\",\"CTI\",\"fiscal seccional\",\"Fiscal\u00eda General de la Naci\u00f3n\",\"Florencia\",\"Polic\u00eda\",\"San Vicente del Cagu\u00e1n\",\"San Vicente del Cagu\u00e1n (Caquet\u00e1)\",\"Sentencia\",\"Tribunal Superior de Caquet\u00e1\",\"Violencia de g\u00e9nero\",\"Zona rural\"],\"articleSection\":[\"Noticias\",\"Violencia sexual e intrafamiliar\"],\"inLanguage\":\"es-CO\"},{\"@type\":\"WebPage\",\"@id\":\"https:\/\/www.fiscalia.gov.co\/colombia\/noticias\/mayordomo-condenado-a-15-anos-de-prision-por-abusar-de-la-hija-de-un-trabajador\/\",\"url\":\"https:\/\/www.fiscalia.gov.co\/colombia\/noticias\/mayordomo-condenado-a-15-anos-de-prision-por-abusar-de-la-hija-de-un-trabajador\/\",\"name\":\"Fiscal\u00eda General de la Naci\u00f3n\",\"isPartOf\":{\"@id\":\"https:\/\/www.fiscalia.gov.co\/colombia\/#website\"},\"datePublished\":\"2024-04-11T14:58:21+00:00\",\"dateModified\":\"2024-04-11T14:58:21+00:00\",\"description\":\"P\u00e1gina oficial de la Fiscal\u00eda General de la Naci\u00f3n \u2013 Colombia. Garantizamos el acceso efectivo a la justicia, la verdad y la reparaci\u00f3n de las v\u00edctimas de los delitos.\",\"breadcrumb\":{\"@id\":\"https:\/\/www.fiscalia.gov.co\/colombia\/noticias\/mayordomo-condenado-a-15-anos-de-prision-por-abusar-de-la-hija-de-un-trabajador\/#breadcrumb\"},\"inLanguage\":\"es-CO\",\"potentialAction\":[{\"@type\":\"ReadAction\",\"target\":[\"https:\/\/www.fiscalia.gov.co\/colombia\/noticias\/mayordomo-condenado-a-15-anos-de-prision-por-abusar-de-la-hija-de-un-trabajador\/\"]}]},{\"@type\":\"BreadcrumbList\",\"@id\":\"https:\/\/www.fiscalia.gov.co\/colombia\/noticias\/mayordomo-condenado-a-15-anos-de-prision-por-abusar-de-la-hija-de-un-trabajador\/#breadcrumb\",\"itemListElement\":[{\"@type\":\"ListItem\",\"position\":1,\"name\":\"Home\",\"item\":\"https:\/\/www.fiscalia.gov.co\/colombia\/\"},{\"@type\":\"ListItem\",\"position\":2,\"name\":\"Mayordomo condenado a 15 a\u00f1os de prisi\u00f3n por abusar de la hija de un trabajador\"}]},{\"@type\":\"WebSite\",\"@id\":\"https:\/\/www.fiscalia.gov.co\/colombia\/#website\",\"url\":\"https:\/\/www.fiscalia.gov.co\/colombia\/\",\"name\":\"Fiscal\u00eda General de la Naci\u00f3n\",\"description\":\"P\u00e1gina oficial de la Fiscal\u00eda General de la Naci\u00f3n \u2013 Colombia. Garantizamos el acceso efectivo a la justicia, la verdad y la reparaci\u00f3n de las v\u00edctimas de los delitos.\",\"publisher\":{\"@id\":\"https:\/\/www.fiscalia.gov.co\/colombia\/#organization\"},\"potentialAction\":[{\"@type\":\"SearchAction\",\"target\":{\"@type\":\"EntryPoint\",\"urlTemplate\":\"https:\/\/www.fiscalia.gov.co\/colombia\/?s={search_term_string}\"},\"query-input\":{\"@type\":\"PropertyValueSpecification\",\"valueRequired\":true,\"valueName\":\"search_term_string\"}}],\"inLanguage\":\"es-CO\"},{\"@type\":\"Organization\",\"@id\":\"https:\/\/www.fiscalia.gov.co\/colombia\/#organization\",\"name\":\"Fiscal\u00eda General de la Naci\u00f3n\",\"url\":\"https:\/\/www.fiscalia.gov.co\/colombia\/\",\"logo\":{\"@type\":\"ImageObject\",\"inLanguage\":\"es-CO\",\"@id\":\"https:\/\/www.fiscalia.gov.co\/colombia\/#\/schema\/logo\/image\/\",\"url\":\"https:\/\/www.fiscalia.gov.co\/colombia\/wp-content\/uploads\/LogoHorizontal_1.jpg\",\"contentUrl\":\"https:\/\/www.fiscalia.gov.co\/colombia\/wp-content\/uploads\/LogoHorizontal_1.jpg\",\"width\":300,\"height\":90,\"caption\":\"Fiscal\u00eda General de la Naci\u00f3n\"},\"image\":{\"@id\":\"https:\/\/www.fiscalia.gov.co\/colombia\/#\/schema\/logo\/image\/\"},\"sameAs\":[\"https:\/\/www.facebook.com\/FiscaliaCol\",\"https:\/\/x.com\/FiscaliaCol\",\"https:\/\/www.instagram.com\/fiscaliacol\",\"https:\/\/www.linkedin.com\/company\/fiscalia-general-de-la-naci-n\/\",\"https:\/\/youtube.com\/@fiscaliageneraldelanacion-4668?si=6nN79nyQICPU5iTh\"]},{\"@type\":\"Person\",\"@id\":\"https:\/\/www.fiscalia.gov.co\/colombia\/#\/schema\/person\/176195b99ebab0a52aafa15197e1bf80\",\"name\":\"Winnie Geraldine Rodr\u00edguez Navarrete\",\"image\":{\"@type\":\"ImageObject\",\"inLanguage\":\"es-CO\",\"@id\":\"https:\/\/www.fiscalia.gov.co\/colombia\/#\/schema\/person\/image\/\",\"url\":\"https:\/\/secure.gravatar.com\/avatar\/c24cf8481dc84fa5e8c7b20bc95ab0c6?s=96&d=mm&r=g\",\"contentUrl\":\"https:\/\/secure.gravatar.com\/avatar\/c24cf8481dc84fa5e8c7b20bc95ab0c6?s=96&d=mm&r=g\",\"caption\":\"Winnie Geraldine Rodr\u00edguez Navarrete\"},\"url\":\"https:\/\/www.fiscalia.gov.co\/colombia\/author\/winnierodriguez\/\"}]}<\/script>\n<!-- \/ Yoast SEO plugin. -->","yoast_head_json":{"title":"Fiscal\u00eda General de la Naci\u00f3n","description":"P\u00e1gina oficial de la Fiscal\u00eda General de la Naci\u00f3n \u2013 Colombia. Garantizamos el acceso efectivo a la justicia, la verdad y la reparaci\u00f3n de las v\u00edctimas de los delitos.","robots":{"index":"noindex","follow":"follow"},"og_locale":"es_ES","og_type":"article","og_title":"Fiscal\u00eda General de la Naci\u00f3n","og_description":"P\u00e1gina oficial de la Fiscal\u00eda General de la Naci\u00f3n \u2013 Colombia. Garantizamos el acceso efectivo a la justicia, la verdad y la reparaci\u00f3n de las v\u00edctimas de los delitos.","og_url":"https:\/\/www.fiscalia.gov.co\/colombia\/noticias\/mayordomo-condenado-a-15-anos-de-prision-por-abusar-de-la-hija-de-un-trabajador\/","og_site_name":"Fiscal\u00eda General de la Naci\u00f3n","article_publisher":"https:\/\/www.facebook.com\/FiscaliaCol","article_published_time":"2024-04-11T14:58:21+00:00","author":"Winnie Geraldine Rodr\u00edguez Navarrete","twitter_card":"summary_large_image","twitter_creator":"@FiscaliaCol","twitter_site":"@FiscaliaCol","twitter_misc":{"Escrito por":"Winnie Geraldine Rodr\u00edguez Navarrete","Tiempo de lectura":"3 minutos"},"schema":{"@context":"https:\/\/schema.org","@graph":[{"@type":"Article","@id":"https:\/\/www.fiscalia.gov.co\/colombia\/noticias\/mayordomo-condenado-a-15-anos-de-prision-por-abusar-de-la-hija-de-un-trabajador\/#article","isPartOf":{"@id":"https:\/\/www.fiscalia.gov.co\/colombia\/noticias\/mayordomo-condenado-a-15-anos-de-prision-por-abusar-de-la-hija-de-un-trabajador\/"},"author":{"name":"Winnie Geraldine Rodr\u00edguez Navarrete","@id":"https:\/\/www.fiscalia.gov.co\/colombia\/#\/schema\/person\/176195b99ebab0a52aafa15197e1bf80"},"headline":"Mayordomo condenado a 15 a\u00f1os de prisi\u00f3n por abusar de la hija de un trabajador","datePublished":"2024-04-11T14:58:21+00:00","dateModified":"2024-04-11T14:58:21+00:00","mainEntityOfPage":{"@id":"https:\/\/www.fiscalia.gov.co\/colombia\/noticias\/mayordomo-condenado-a-15-anos-de-prision-por-abusar-de-la-hija-de-un-trabajador\/"},"wordCount":512,"publisher":{"@id":"https:\/\/www.fiscalia.gov.co\/colombia\/#organization"},"keywords":["Abuso sexual","actos sexuales con menor de 14 a\u00f1os","Condena","CTI","fiscal seccional","Fiscal\u00eda General de la Naci\u00f3n","Florencia","Polic\u00eda","San Vicente del Cagu\u00e1n","San Vicente del Cagu\u00e1n (Caquet\u00e1)","Sentencia","Tribunal Superior de Caquet\u00e1","Violencia de g\u00e9nero","Zona rural"],"articleSection":["Noticias","Violencia sexual e intrafamiliar"],"inLanguage":"es-CO"},{"@type":"WebPage","@id":"https:\/\/www.fiscalia.gov.co\/colombia\/noticias\/mayordomo-condenado-a-15-anos-de-prision-por-abusar-de-la-hija-de-un-trabajador\/","url":"https:\/\/www.fiscalia.gov.co\/colombia\/noticias\/mayordomo-condenado-a-15-anos-de-prision-por-abusar-de-la-hija-de-un-trabajador\/","name":"Fiscal\u00eda General de la Naci\u00f3n","isPartOf":{"@id":"https:\/\/www.fiscalia.gov.co\/colombia\/#website"},"datePublished":"2024-04-11T14:58:21+00:00","dateModified":"2024-04-11T14:58:21+00:00","description":"P\u00e1gina oficial de la Fiscal\u00eda General de la Naci\u00f3n \u2013 Colombia. Garantizamos el acceso efectivo a la justicia, la verdad y la reparaci\u00f3n de las v\u00edctimas de los delitos.","breadcrumb":{"@id":"https:\/\/www.fiscalia.gov.co\/colombia\/noticias\/mayordomo-condenado-a-15-anos-de-prision-por-abusar-de-la-hija-de-un-trabajador\/#breadcrumb"},"inLanguage":"es-CO","potentialAction":[{"@type":"ReadAction","target":["https:\/\/www.fiscalia.gov.co\/colombia\/noticias\/mayordomo-condenado-a-15-anos-de-prision-por-abusar-de-la-hija-de-un-trabajador\/"]}]},{"@type":"BreadcrumbList","@id":"https:\/\/www.fiscalia.gov.co\/colombia\/noticias\/mayordomo-condenado-a-15-anos-de-prision-por-abusar-de-la-hija-de-un-trabajador\/#breadcrumb","itemListElement":[{"@type":"ListItem","position":1,"name":"Home","item":"https:\/\/www.fiscalia.gov.co\/colombia\/"},{"@type":"ListItem","position":2,"name":"Mayordomo condenado a 15 a\u00f1os de prisi\u00f3n por abusar de la hija de un trabajador"}]},{"@type":"WebSite","@id":"https:\/\/www.fiscalia.gov.co\/colombia\/#website","url":"https:\/\/www.fiscalia.gov.co\/colombia\/","name":"Fiscal\u00eda General de la Naci\u00f3n","description":"P\u00e1gina oficial de la Fiscal\u00eda General de la Naci\u00f3n \u2013 Colombia. Garantizamos el acceso efectivo a la justicia, la verdad y la reparaci\u00f3n de las v\u00edctimas de los delitos.","publisher":{"@id":"https:\/\/www.fiscalia.gov.co\/colombia\/#organization"},"potentialAction":[{"@type":"SearchAction","target":{"@type":"EntryPoint","urlTemplate":"https:\/\/www.fiscalia.gov.co\/colombia\/?s={search_term_string}"},"query-input":{"@type":"PropertyValueSpecification","valueRequired":true,"valueName":"search_term_string"}}],"inLanguage":"es-CO"},{"@type":"Organization","@id":"https:\/\/www.fiscalia.gov.co\/colombia\/#organization","name":"Fiscal\u00eda General de la Naci\u00f3n","url":"https:\/\/www.fiscalia.gov.co\/colombia\/","logo":{"@type":"ImageObject","inLanguage":"es-CO","@id":"https:\/\/www.fiscalia.gov.co\/colombia\/#\/schema\/logo\/image\/","url":"https:\/\/www.fiscalia.gov.co\/colombia\/wp-content\/uploads\/LogoHorizontal_1.jpg","contentUrl":"https:\/\/www.fiscalia.gov.co\/colombia\/wp-content\/uploads\/LogoHorizontal_1.jpg","width":300,"height":90,"caption":"Fiscal\u00eda General de la Naci\u00f3n"},"image":{"@id":"https:\/\/www.fiscalia.gov.co\/colombia\/#\/schema\/logo\/image\/"},"sameAs":["https:\/\/www.facebook.com\/FiscaliaCol","https:\/\/x.com\/FiscaliaCol","https:\/\/www.instagram.com\/fiscaliacol","https:\/\/www.linkedin.com\/company\/fiscalia-general-de-la-naci-n\/","https:\/\/youtube.com\/@fiscaliageneraldelanacion-4668?si=6nN79nyQICPU5iTh"]},{"@type":"Person","@id":"https:\/\/www.fiscalia.gov.co\/colombia\/#\/schema\/person\/176195b99ebab0a52aafa15197e1bf80","name":"Winnie Geraldine Rodr\u00edguez Navarrete","image":{"@type":"ImageObject","inLanguage":"es-CO","@id":"https:\/\/www.fiscalia.gov.co\/colombia\/#\/schema\/person\/image\/","url":"https:\/\/secure.gravatar.com\/avatar\/c24cf8481dc84fa5e8c7b20bc95ab0c6?s=96&d=mm&r=g","contentUrl":"https:\/\/secure.gravatar.com\/avatar\/c24cf8481dc84fa5e8c7b20bc95ab0c6?s=96&d=mm&r=g","caption":"Winnie Geraldine Rodr\u00edguez Navarrete"},"url":"https:\/\/www.fiscalia.gov.co\/colombia\/author\/winnierodriguez\/"}]}},"_links":{"self":[{"href":"https:\/\/www.fiscalia.gov.co\/colombia\/wp-json\/wp\/v2\/posts\/292867","targetHints":{"allow":["GET"]}}],"collection":[{"href":"https:\/\/www.fiscalia.gov.co\/colombia\/wp-json\/wp\/v2\/posts"}],"about":[{"href":"https:\/\/www.fiscalia.gov.co\/colombia\/wp-json\/wp\/v2\/types\/post"}],"author":[{"embeddable":true,"href":"https:\/\/www.fiscalia.gov.co\/colombia\/wp-json\/wp\/v2\/users\/178"}],"replies":[{"embeddable":true,"href":"https:\/\/www.fiscalia.gov.co\/colombia\/wp-json\/wp\/v2\/comments?post=292867"}],"version-history":[{"count":2,"href":"https:\/\/www.fiscalia.gov.co\/colombia\/wp-json\/wp\/v2\/posts\/292867\/revisions"}],"predecessor-version":[{"id":292869,"href":"https:\/\/www.fiscalia.gov.co\/colombia\/wp-json\/wp\/v2\/posts\/292867\/revisions\/292869"}],"wp:attachment":[{"href":"https:\/\/www.fiscalia.gov.co\/colombia\/wp-json\/wp\/v2\/media?parent=292867"}],"wp:term":[{"taxonomy":"category","embeddable":true,"href":"https:\/\/www.fiscalia.gov.co\/colombia\/wp-json\/wp\/v2\/categories?post=292867"},{"taxonomy":"post_tag","embeddable":true,"href":"https:\/\/www.fiscalia.gov.co\/colombia\/wp-json\/wp\/v2\/tags?post=292867"}],"curies":[{"name":"wp","href":"https:\/\/api.w.org\/{rel}","templated":true}]}}