{"id":292863,"date":"2024-04-11T09:53:25","date_gmt":"2024-04-11T14:53:25","guid":{"rendered":"https:\/\/www.fiscalia.gov.co\/colombia\/?p=292863"},"modified":"2024-04-11T09:53:25","modified_gmt":"2024-04-11T14:53:25","slug":"a-la-carcel-hombre-quien-en-la-fiesta-de-15-anos-de-su-hija-presuntamente-le-quito-la-vida-a-un-joven","status":"publish","type":"post","link":"https:\/\/www.fiscalia.gov.co\/colombia\/noticias\/a-la-carcel-hombre-quien-en-la-fiesta-de-15-anos-de-su-hija-presuntamente-le-quito-la-vida-a-un-joven\/","title":{"rendered":"A la c\u00e1rcel hombre quien en la fiesta de 15 a\u00f1os de su hija presuntamente le quit\u00f3 la vida a un joven"},"content":{"rendered":"<h3><strong><i>El indiciado, ante el contundente material probatorio de la Fiscal\u00eda, acept\u00f3 los cargos endilgados. Le habr\u00eda quitado la vida a la v\u00edctima porque bail\u00f3 con una de sus hijas en medio de una reuni\u00f3n familiar.<\/i><\/strong><u><\/u><u><\/u><\/h3>\n<p>Labores investigativas adelantadas por un fiscal <a href=\"https:\/\/www.fiscalia.gov.co\/colombia\/?s=seccional+sucre\"><strong>seccional de Sincelejo<\/strong> <\/a>fueron suficientes para que un juez dictara medida de aseguramiento intramural en contra de Marlon de Jes\u00fas D\u00edaz Jaraba por el delito de homicidio agravado.<u><\/u><u><\/u><\/p>\n<p>El indiciado, quien se present\u00f3 voluntariamente ante las autoridades, <strong>ser\u00eda responsable del homicidio de un joven de 19 a\u00f1os de edad,<\/strong> en hechos ocurridos el 31 de marzo del a\u00f1o en curso en \u00e1rea urbana del municipio de San Marcos (Sucre). La v\u00edctima fue identificada como Santiago D\u00edaz Granados Bet\u00edn.<u><\/u><u><\/u><\/p>\n<figure id=\"attachment_292865\" aria-describedby=\"caption-attachment-292865\" style=\"width: 347px\" class=\"wp-caption aligncenter\"><img loading=\"lazy\" decoding=\"async\" class=\" wp-image-292865\" src=\"https:\/\/www.fiscalia.gov.co\/colombia\/wp-content\/uploads\/Marlon-de-Jesus-Diaz-Jaraba-homicidio-Sucre--300x286.jpeg\" alt=\"A LA C\u00c1RCEL HOMBRE QUIEN EN LA FIESTA DE 15 A\u00d1OS DE SU HIJA PRESUNTAMENTE LE QUIT\u00d3 LA VIDA A UN JOVEN\" width=\"347\" height=\"331\" srcset=\"https:\/\/www.fiscalia.gov.co\/colombia\/wp-content\/uploads\/Marlon-de-Jesus-Diaz-Jaraba-homicidio-Sucre--300x286.jpeg 300w, https:\/\/www.fiscalia.gov.co\/colombia\/wp-content\/uploads\/Marlon-de-Jesus-Diaz-Jaraba-homicidio-Sucre--1024x978.jpeg 1024w, https:\/\/www.fiscalia.gov.co\/colombia\/wp-content\/uploads\/Marlon-de-Jesus-Diaz-Jaraba-homicidio-Sucre--768x733.jpeg 768w, https:\/\/www.fiscalia.gov.co\/colombia\/wp-content\/uploads\/Marlon-de-Jesus-Diaz-Jaraba-homicidio-Sucre--696x664.jpeg 696w, https:\/\/www.fiscalia.gov.co\/colombia\/wp-content\/uploads\/Marlon-de-Jesus-Diaz-Jaraba-homicidio-Sucre--1068x1020.jpeg 1068w, https:\/\/www.fiscalia.gov.co\/colombia\/wp-content\/uploads\/Marlon-de-Jesus-Diaz-Jaraba-homicidio-Sucre--440x420.jpeg 440w, https:\/\/www.fiscalia.gov.co\/colombia\/wp-content\/uploads\/Marlon-de-Jesus-Diaz-Jaraba-homicidio-Sucre-.jpeg 1234w\" sizes=\"auto, (max-width: 347px) 100vw, 347px\" \/><figcaption id=\"caption-attachment-292865\" class=\"wp-caption-text\">El indiciado, ante el contundente material probatorio de la Fiscal\u00eda, acept\u00f3 los cargos endilgados. Le habr\u00eda quitado la vida a la v\u00edctima porque bail\u00f3 con una de sus hijas en medio de una reuni\u00f3n familiar.<\/figcaption><\/figure>\n<p>Ese d\u00eda, seg\u00fan el expediente, se realizaba una fiesta de 15 a\u00f1os en la casa del victimario, <strong>cuando luego de una discusi\u00f3n porque la v\u00edctima bail\u00f3 con una de sus hijas, el indiciado sac\u00f3 un arma corto punzante y agredi\u00f3 al joven,<\/strong> quien falleci\u00f3 debido a las heridas recibidas en el pecho.<u><\/u><u><\/u><\/p>\n<p><b>Le puede interesar:<\/b><u><\/u><u><\/u><a href=\"https:\/\/www.fiscalia.gov.co\/colombia\/noticias\/judicializado-presunto-integrante-de-los-nortenos-por-al-parecer-participar-en-multiples-homicidios-en-sucre\/\" target=\"_blank\" rel=\"noopener\" data-saferedirecturl=\"https:\/\/www.google.com\/url?q=https:\/\/www.fiscalia.gov.co\/colombia\/noticias\/judicializado-presunto-integrante-de-los-nortenos-por-al-parecer-participar-en-multiples-homicidios-en-sucre\/&amp;source=gmail&amp;ust=1712932562358000&amp;usg=AOvVaw12ujSa50wy4eRbQ1zMHTe4\">Judicializado presunto integrante de Los Norte\u00f1os por, al parecer, participar en m\u00faltiples homicidios en Sucre<\/a><u><\/u><u><\/u><\/p>\n<p>Servidores del Cuerpo T\u00e9cnico de Investigaci\u00f3n (CTI), junto con funcionarios de la Polic\u00eda, materializaron la orden de captura que hab\u00eda en contra del procesado el 9 de abril del a\u00f1o en curso en la Direcci\u00f3n Seccional de la Fiscal\u00eda en Sincelejo.<u><\/u><u><\/u><\/p>\n<p>El imputado acept\u00f3 los cargos endilgados por el ente investigador y un juez promiscuo municipal de San Carlos (Sucre), lo envi\u00f3 a prisi\u00f3n.<u><\/u><u><\/u><\/p>\n<p><u><\/u><u><\/u><\/p>\n<p class=\"m_-5204730299339424785elementtoproof\">VHGB\/FAGH\/AP\/FSJ\/DSS<u><\/u><u><\/u><\/p>\n<p>&nbsp;<\/p>\n<p>&nbsp;<\/p>\n<p class=\"m_-5204730299339424785elementtoproof\"><u><\/u>\u00a0<u><\/u><\/p>\n<p class=\"m_-5204730299339424785elementtoproof\"><i>La informaci\u00f3n contenida en este bolet\u00edn de prensa corresponde a la narraci\u00f3n de los hechos noticiosos objetivos, suministrados por los funcionarios encargados de adelantar las investigaciones penales al interior de la Fiscal\u00eda General de la Naci\u00f3n. Para el momento de la divulgaci\u00f3n de este comunicado, la situaci\u00f3n jur\u00eddica de la(s) persona(s) relacionada(s) se encuentra pendiente de resolver por la autoridad judicial competente, siempre bajo los preceptos de la presunci\u00f3n de inocencia, consagrados en el art\u00edculo 29 de la Constituci\u00f3n Pol\u00edtica y el art\u00edculo 7\u00ba de la Ley 906 de 2004.<\/i><u><\/u><u><\/u><\/p>\n<p>\u00a0<u><\/u><u><\/u><\/p>\n<p>&nbsp;<\/p>\n<p class=\"m_-5204730299339424785elementtoproof\">\n\n<div class=\"twitter-share\"><a href=\"https:\/\/twitter.com\/intent\/tweet?via=fiscaliacol\" class=\"twitter-share-button\">Tweet<\/a><\/div>\n","protected":false},"excerpt":{"rendered":"<p>El indiciado, ante el contundente material probatorio de la Fiscal\u00eda, acept\u00f3 los cargos endilgados. Le habr\u00eda quitado la vida a la v\u00edctima porque bail\u00f3 con una de sus hijas en medio de una reuni\u00f3n familiar. Labores investigativas adelantadas por un fiscal seccional de Sincelejo fueron suficientes para que un juez dictara medida de aseguramiento intramural [&hellip;]<\/p>\n","protected":false},"author":178,"featured_media":0,"comment_status":"closed","ping_status":"open","sticky":false,"template":"","format":"standard","meta":{"tdm_status":"","tdm_grid_status":"","footnotes":""},"categories":[1,12641,303,24099],"tags":[20087,3504,24187,1047,5187,22616,1185,558,37642,29313,2437],"class_list":{"0":"post-292863","1":"post","2":"type-post","3":"status-publish","4":"format-standard","6":"category-noticias","7":"category-seccional-sucre","8":"category-seccionales","9":"category-seguridad-territorial","10":"tag-discusion","11":"tag-fiesta","12":"tag-fiscalia-colombia","13":"tag-fiscalia-general-de-la-nacion","14":"tag-homicidios","15":"tag-joven","16":"tag-medida-de-aseguramiento","17":"tag-policia-nacional","18":"tag-san-marcos","19":"tag-sincelejo-sucre","20":"tag-sucre"},"yoast_head":"<!-- This site is optimized with the Yoast SEO plugin v24.3 - https:\/\/yoast.com\/wordpress\/plugins\/seo\/ -->\n<title>Fiscal\u00eda General de la Naci\u00f3n<\/title>\n<meta name=\"description\" content=\"P\u00e1gina oficial de la Fiscal\u00eda General de la Naci\u00f3n \u2013 Colombia. Garantizamos el acceso efectivo a la justicia, la verdad y la reparaci\u00f3n de las v\u00edctimas de los delitos.\" \/>\n<meta name=\"robots\" content=\"noindex, follow\" \/>\n<meta property=\"og:locale\" content=\"es_ES\" \/>\n<meta property=\"og:type\" content=\"article\" \/>\n<meta property=\"og:title\" content=\"Fiscal\u00eda General de la Naci\u00f3n\" \/>\n<meta property=\"og:description\" content=\"P\u00e1gina oficial de la Fiscal\u00eda General de la Naci\u00f3n \u2013 Colombia. Garantizamos el acceso efectivo a la justicia, la verdad y la reparaci\u00f3n de las v\u00edctimas de los delitos.\" \/>\n<meta property=\"og:url\" content=\"https:\/\/www.fiscalia.gov.co\/colombia\/noticias\/a-la-carcel-hombre-quien-en-la-fiesta-de-15-anos-de-su-hija-presuntamente-le-quito-la-vida-a-un-joven\/\" \/>\n<meta property=\"og:site_name\" content=\"Fiscal\u00eda General de la Naci\u00f3n\" \/>\n<meta property=\"article:publisher\" content=\"https:\/\/www.facebook.com\/FiscaliaCol\" \/>\n<meta property=\"article:published_time\" content=\"2024-04-11T14:53:25+00:00\" \/>\n<meta property=\"og:image\" content=\"https:\/\/www.fiscalia.gov.co\/colombia\/wp-content\/uploads\/Marlon-de-Jesus-Diaz-Jaraba-homicidio-Sucre--300x286.jpeg\" \/>\n<meta name=\"author\" content=\"Winnie Geraldine Rodr\u00edguez Navarrete\" \/>\n<meta name=\"twitter:card\" content=\"summary_large_image\" \/>\n<meta name=\"twitter:creator\" content=\"@FiscaliaCol\" \/>\n<meta name=\"twitter:site\" content=\"@FiscaliaCol\" \/>\n<meta name=\"twitter:label1\" content=\"Escrito por\" \/>\n\t<meta name=\"twitter:data1\" content=\"Winnie Geraldine Rodr\u00edguez Navarrete\" \/>\n\t<meta name=\"twitter:label2\" content=\"Tiempo de lectura\" \/>\n\t<meta name=\"twitter:data2\" content=\"2 minutos\" \/>\n<script type=\"application\/ld+json\" class=\"yoast-schema-graph\">{\"@context\":\"https:\/\/schema.org\",\"@graph\":[{\"@type\":\"Article\",\"@id\":\"https:\/\/www.fiscalia.gov.co\/colombia\/noticias\/a-la-carcel-hombre-quien-en-la-fiesta-de-15-anos-de-su-hija-presuntamente-le-quito-la-vida-a-un-joven\/#article\",\"isPartOf\":{\"@id\":\"https:\/\/www.fiscalia.gov.co\/colombia\/noticias\/a-la-carcel-hombre-quien-en-la-fiesta-de-15-anos-de-su-hija-presuntamente-le-quito-la-vida-a-un-joven\/\"},\"author\":{\"name\":\"Winnie Geraldine Rodr\u00edguez Navarrete\",\"@id\":\"https:\/\/www.fiscalia.gov.co\/colombia\/#\/schema\/person\/176195b99ebab0a52aafa15197e1bf80\"},\"headline\":\"A la c\u00e1rcel hombre quien en la fiesta de 15 a\u00f1os de su hija presuntamente le quit\u00f3 la vida a un joven\",\"datePublished\":\"2024-04-11T14:53:25+00:00\",\"dateModified\":\"2024-04-11T14:53:25+00:00\",\"mainEntityOfPage\":{\"@id\":\"https:\/\/www.fiscalia.gov.co\/colombia\/noticias\/a-la-carcel-hombre-quien-en-la-fiesta-de-15-anos-de-su-hija-presuntamente-le-quito-la-vida-a-un-joven\/\"},\"wordCount\":455,\"publisher\":{\"@id\":\"https:\/\/www.fiscalia.gov.co\/colombia\/#organization\"},\"image\":{\"@id\":\"https:\/\/www.fiscalia.gov.co\/colombia\/noticias\/a-la-carcel-hombre-quien-en-la-fiesta-de-15-anos-de-su-hija-presuntamente-le-quito-la-vida-a-un-joven\/#primaryimage\"},\"thumbnailUrl\":\"https:\/\/www.fiscalia.gov.co\/colombia\/wp-content\/uploads\/Marlon-de-Jesus-Diaz-Jaraba-homicidio-Sucre--300x286.jpeg\",\"keywords\":[\"Discusi\u00f3n\",\"Fiesta\",\"Fiscal\u00eda Colombia\",\"Fiscal\u00eda General de la Naci\u00f3n\",\"Homicidios\",\"Joven\",\"Medida de aseguramiento\",\"Polic\u00eda Nacional\",\"San Marcos\",\"Sincelejo (Sucre)\",\"Sucre\"],\"articleSection\":[\"Noticias\",\"Seccional Sucre\",\"Seccionales\",\"Seguridad territorial\"],\"inLanguage\":\"es-CO\"},{\"@type\":\"WebPage\",\"@id\":\"https:\/\/www.fiscalia.gov.co\/colombia\/noticias\/a-la-carcel-hombre-quien-en-la-fiesta-de-15-anos-de-su-hija-presuntamente-le-quito-la-vida-a-un-joven\/\",\"url\":\"https:\/\/www.fiscalia.gov.co\/colombia\/noticias\/a-la-carcel-hombre-quien-en-la-fiesta-de-15-anos-de-su-hija-presuntamente-le-quito-la-vida-a-un-joven\/\",\"name\":\"Fiscal\u00eda General de la Naci\u00f3n\",\"isPartOf\":{\"@id\":\"https:\/\/www.fiscalia.gov.co\/colombia\/#website\"},\"primaryImageOfPage\":{\"@id\":\"https:\/\/www.fiscalia.gov.co\/colombia\/noticias\/a-la-carcel-hombre-quien-en-la-fiesta-de-15-anos-de-su-hija-presuntamente-le-quito-la-vida-a-un-joven\/#primaryimage\"},\"image\":{\"@id\":\"https:\/\/www.fiscalia.gov.co\/colombia\/noticias\/a-la-carcel-hombre-quien-en-la-fiesta-de-15-anos-de-su-hija-presuntamente-le-quito-la-vida-a-un-joven\/#primaryimage\"},\"thumbnailUrl\":\"https:\/\/www.fiscalia.gov.co\/colombia\/wp-content\/uploads\/Marlon-de-Jesus-Diaz-Jaraba-homicidio-Sucre--300x286.jpeg\",\"datePublished\":\"2024-04-11T14:53:25+00:00\",\"dateModified\":\"2024-04-11T14:53:25+00:00\",\"description\":\"P\u00e1gina oficial de la Fiscal\u00eda General de la Naci\u00f3n \u2013 Colombia. Garantizamos el acceso efectivo a la justicia, la verdad y la reparaci\u00f3n de las v\u00edctimas de los delitos.\",\"breadcrumb\":{\"@id\":\"https:\/\/www.fiscalia.gov.co\/colombia\/noticias\/a-la-carcel-hombre-quien-en-la-fiesta-de-15-anos-de-su-hija-presuntamente-le-quito-la-vida-a-un-joven\/#breadcrumb\"},\"inLanguage\":\"es-CO\",\"potentialAction\":[{\"@type\":\"ReadAction\",\"target\":[\"https:\/\/www.fiscalia.gov.co\/colombia\/noticias\/a-la-carcel-hombre-quien-en-la-fiesta-de-15-anos-de-su-hija-presuntamente-le-quito-la-vida-a-un-joven\/\"]}]},{\"@type\":\"ImageObject\",\"inLanguage\":\"es-CO\",\"@id\":\"https:\/\/www.fiscalia.gov.co\/colombia\/noticias\/a-la-carcel-hombre-quien-en-la-fiesta-de-15-anos-de-su-hija-presuntamente-le-quito-la-vida-a-un-joven\/#primaryimage\",\"url\":\"https:\/\/www.fiscalia.gov.co\/colombia\/wp-content\/uploads\/Marlon-de-Jesus-Diaz-Jaraba-homicidio-Sucre--300x286.jpeg\",\"contentUrl\":\"https:\/\/www.fiscalia.gov.co\/colombia\/wp-content\/uploads\/Marlon-de-Jesus-Diaz-Jaraba-homicidio-Sucre--300x286.jpeg\"},{\"@type\":\"BreadcrumbList\",\"@id\":\"https:\/\/www.fiscalia.gov.co\/colombia\/noticias\/a-la-carcel-hombre-quien-en-la-fiesta-de-15-anos-de-su-hija-presuntamente-le-quito-la-vida-a-un-joven\/#breadcrumb\",\"itemListElement\":[{\"@type\":\"ListItem\",\"position\":1,\"name\":\"Home\",\"item\":\"https:\/\/www.fiscalia.gov.co\/colombia\/\"},{\"@type\":\"ListItem\",\"position\":2,\"name\":\"A la c\u00e1rcel hombre quien en la fiesta de 15 a\u00f1os de su hija presuntamente le quit\u00f3 la vida a un joven\"}]},{\"@type\":\"WebSite\",\"@id\":\"https:\/\/www.fiscalia.gov.co\/colombia\/#website\",\"url\":\"https:\/\/www.fiscalia.gov.co\/colombia\/\",\"name\":\"Fiscal\u00eda General de la Naci\u00f3n\",\"description\":\"P\u00e1gina oficial de la Fiscal\u00eda General de la Naci\u00f3n \u2013 Colombia. Garantizamos el acceso efectivo a la justicia, la verdad y la reparaci\u00f3n de las v\u00edctimas de los delitos.\",\"publisher\":{\"@id\":\"https:\/\/www.fiscalia.gov.co\/colombia\/#organization\"},\"potentialAction\":[{\"@type\":\"SearchAction\",\"target\":{\"@type\":\"EntryPoint\",\"urlTemplate\":\"https:\/\/www.fiscalia.gov.co\/colombia\/?s={search_term_string}\"},\"query-input\":{\"@type\":\"PropertyValueSpecification\",\"valueRequired\":true,\"valueName\":\"search_term_string\"}}],\"inLanguage\":\"es-CO\"},{\"@type\":\"Organization\",\"@id\":\"https:\/\/www.fiscalia.gov.co\/colombia\/#organization\",\"name\":\"Fiscal\u00eda General de la Naci\u00f3n\",\"url\":\"https:\/\/www.fiscalia.gov.co\/colombia\/\",\"logo\":{\"@type\":\"ImageObject\",\"inLanguage\":\"es-CO\",\"@id\":\"https:\/\/www.fiscalia.gov.co\/colombia\/#\/schema\/logo\/image\/\",\"url\":\"https:\/\/www.fiscalia.gov.co\/colombia\/wp-content\/uploads\/LogoHorizontal_1.jpg\",\"contentUrl\":\"https:\/\/www.fiscalia.gov.co\/colombia\/wp-content\/uploads\/LogoHorizontal_1.jpg\",\"width\":300,\"height\":90,\"caption\":\"Fiscal\u00eda General de la Naci\u00f3n\"},\"image\":{\"@id\":\"https:\/\/www.fiscalia.gov.co\/colombia\/#\/schema\/logo\/image\/\"},\"sameAs\":[\"https:\/\/www.facebook.com\/FiscaliaCol\",\"https:\/\/x.com\/FiscaliaCol\",\"https:\/\/www.instagram.com\/fiscaliacol\",\"https:\/\/www.linkedin.com\/company\/fiscalia-general-de-la-naci-n\/\",\"https:\/\/youtube.com\/@fiscaliageneraldelanacion-4668?si=6nN79nyQICPU5iTh\"]},{\"@type\":\"Person\",\"@id\":\"https:\/\/www.fiscalia.gov.co\/colombia\/#\/schema\/person\/176195b99ebab0a52aafa15197e1bf80\",\"name\":\"Winnie Geraldine Rodr\u00edguez Navarrete\",\"image\":{\"@type\":\"ImageObject\",\"inLanguage\":\"es-CO\",\"@id\":\"https:\/\/www.fiscalia.gov.co\/colombia\/#\/schema\/person\/image\/\",\"url\":\"https:\/\/secure.gravatar.com\/avatar\/c24cf8481dc84fa5e8c7b20bc95ab0c6?s=96&d=mm&r=g\",\"contentUrl\":\"https:\/\/secure.gravatar.com\/avatar\/c24cf8481dc84fa5e8c7b20bc95ab0c6?s=96&d=mm&r=g\",\"caption\":\"Winnie Geraldine Rodr\u00edguez Navarrete\"},\"url\":\"https:\/\/www.fiscalia.gov.co\/colombia\/author\/winnierodriguez\/\"}]}<\/script>\n<!-- \/ Yoast SEO plugin. -->","yoast_head_json":{"title":"Fiscal\u00eda General de la Naci\u00f3n","description":"P\u00e1gina oficial de la Fiscal\u00eda General de la Naci\u00f3n \u2013 Colombia. Garantizamos el acceso efectivo a la justicia, la verdad y la reparaci\u00f3n de las v\u00edctimas de los delitos.","robots":{"index":"noindex","follow":"follow"},"og_locale":"es_ES","og_type":"article","og_title":"Fiscal\u00eda General de la Naci\u00f3n","og_description":"P\u00e1gina oficial de la Fiscal\u00eda General de la Naci\u00f3n \u2013 Colombia. Garantizamos el acceso efectivo a la justicia, la verdad y la reparaci\u00f3n de las v\u00edctimas de los delitos.","og_url":"https:\/\/www.fiscalia.gov.co\/colombia\/noticias\/a-la-carcel-hombre-quien-en-la-fiesta-de-15-anos-de-su-hija-presuntamente-le-quito-la-vida-a-un-joven\/","og_site_name":"Fiscal\u00eda General de la Naci\u00f3n","article_publisher":"https:\/\/www.facebook.com\/FiscaliaCol","article_published_time":"2024-04-11T14:53:25+00:00","og_image":[{"url":"https:\/\/www.fiscalia.gov.co\/colombia\/wp-content\/uploads\/Marlon-de-Jesus-Diaz-Jaraba-homicidio-Sucre--300x286.jpeg","type":"","width":"","height":""}],"author":"Winnie Geraldine Rodr\u00edguez Navarrete","twitter_card":"summary_large_image","twitter_creator":"@FiscaliaCol","twitter_site":"@FiscaliaCol","twitter_misc":{"Escrito por":"Winnie Geraldine Rodr\u00edguez Navarrete","Tiempo de lectura":"2 minutos"},"schema":{"@context":"https:\/\/schema.org","@graph":[{"@type":"Article","@id":"https:\/\/www.fiscalia.gov.co\/colombia\/noticias\/a-la-carcel-hombre-quien-en-la-fiesta-de-15-anos-de-su-hija-presuntamente-le-quito-la-vida-a-un-joven\/#article","isPartOf":{"@id":"https:\/\/www.fiscalia.gov.co\/colombia\/noticias\/a-la-carcel-hombre-quien-en-la-fiesta-de-15-anos-de-su-hija-presuntamente-le-quito-la-vida-a-un-joven\/"},"author":{"name":"Winnie Geraldine Rodr\u00edguez Navarrete","@id":"https:\/\/www.fiscalia.gov.co\/colombia\/#\/schema\/person\/176195b99ebab0a52aafa15197e1bf80"},"headline":"A la c\u00e1rcel hombre quien en la fiesta de 15 a\u00f1os de su hija presuntamente le quit\u00f3 la vida a un joven","datePublished":"2024-04-11T14:53:25+00:00","dateModified":"2024-04-11T14:53:25+00:00","mainEntityOfPage":{"@id":"https:\/\/www.fiscalia.gov.co\/colombia\/noticias\/a-la-carcel-hombre-quien-en-la-fiesta-de-15-anos-de-su-hija-presuntamente-le-quito-la-vida-a-un-joven\/"},"wordCount":455,"publisher":{"@id":"https:\/\/www.fiscalia.gov.co\/colombia\/#organization"},"image":{"@id":"https:\/\/www.fiscalia.gov.co\/colombia\/noticias\/a-la-carcel-hombre-quien-en-la-fiesta-de-15-anos-de-su-hija-presuntamente-le-quito-la-vida-a-un-joven\/#primaryimage"},"thumbnailUrl":"https:\/\/www.fiscalia.gov.co\/colombia\/wp-content\/uploads\/Marlon-de-Jesus-Diaz-Jaraba-homicidio-Sucre--300x286.jpeg","keywords":["Discusi\u00f3n","Fiesta","Fiscal\u00eda Colombia","Fiscal\u00eda General de la Naci\u00f3n","Homicidios","Joven","Medida de aseguramiento","Polic\u00eda Nacional","San Marcos","Sincelejo (Sucre)","Sucre"],"articleSection":["Noticias","Seccional Sucre","Seccionales","Seguridad territorial"],"inLanguage":"es-CO"},{"@type":"WebPage","@id":"https:\/\/www.fiscalia.gov.co\/colombia\/noticias\/a-la-carcel-hombre-quien-en-la-fiesta-de-15-anos-de-su-hija-presuntamente-le-quito-la-vida-a-un-joven\/","url":"https:\/\/www.fiscalia.gov.co\/colombia\/noticias\/a-la-carcel-hombre-quien-en-la-fiesta-de-15-anos-de-su-hija-presuntamente-le-quito-la-vida-a-un-joven\/","name":"Fiscal\u00eda General de la Naci\u00f3n","isPartOf":{"@id":"https:\/\/www.fiscalia.gov.co\/colombia\/#website"},"primaryImageOfPage":{"@id":"https:\/\/www.fiscalia.gov.co\/colombia\/noticias\/a-la-carcel-hombre-quien-en-la-fiesta-de-15-anos-de-su-hija-presuntamente-le-quito-la-vida-a-un-joven\/#primaryimage"},"image":{"@id":"https:\/\/www.fiscalia.gov.co\/colombia\/noticias\/a-la-carcel-hombre-quien-en-la-fiesta-de-15-anos-de-su-hija-presuntamente-le-quito-la-vida-a-un-joven\/#primaryimage"},"thumbnailUrl":"https:\/\/www.fiscalia.gov.co\/colombia\/wp-content\/uploads\/Marlon-de-Jesus-Diaz-Jaraba-homicidio-Sucre--300x286.jpeg","datePublished":"2024-04-11T14:53:25+00:00","dateModified":"2024-04-11T14:53:25+00:00","description":"P\u00e1gina oficial de la Fiscal\u00eda General de la Naci\u00f3n \u2013 Colombia. Garantizamos el acceso efectivo a la justicia, la verdad y la reparaci\u00f3n de las v\u00edctimas de los delitos.","breadcrumb":{"@id":"https:\/\/www.fiscalia.gov.co\/colombia\/noticias\/a-la-carcel-hombre-quien-en-la-fiesta-de-15-anos-de-su-hija-presuntamente-le-quito-la-vida-a-un-joven\/#breadcrumb"},"inLanguage":"es-CO","potentialAction":[{"@type":"ReadAction","target":["https:\/\/www.fiscalia.gov.co\/colombia\/noticias\/a-la-carcel-hombre-quien-en-la-fiesta-de-15-anos-de-su-hija-presuntamente-le-quito-la-vida-a-un-joven\/"]}]},{"@type":"ImageObject","inLanguage":"es-CO","@id":"https:\/\/www.fiscalia.gov.co\/colombia\/noticias\/a-la-carcel-hombre-quien-en-la-fiesta-de-15-anos-de-su-hija-presuntamente-le-quito-la-vida-a-un-joven\/#primaryimage","url":"https:\/\/www.fiscalia.gov.co\/colombia\/wp-content\/uploads\/Marlon-de-Jesus-Diaz-Jaraba-homicidio-Sucre--300x286.jpeg","contentUrl":"https:\/\/www.fiscalia.gov.co\/colombia\/wp-content\/uploads\/Marlon-de-Jesus-Diaz-Jaraba-homicidio-Sucre--300x286.jpeg"},{"@type":"BreadcrumbList","@id":"https:\/\/www.fiscalia.gov.co\/colombia\/noticias\/a-la-carcel-hombre-quien-en-la-fiesta-de-15-anos-de-su-hija-presuntamente-le-quito-la-vida-a-un-joven\/#breadcrumb","itemListElement":[{"@type":"ListItem","position":1,"name":"Home","item":"https:\/\/www.fiscalia.gov.co\/colombia\/"},{"@type":"ListItem","position":2,"name":"A la c\u00e1rcel hombre quien en la fiesta de 15 a\u00f1os de su hija presuntamente le quit\u00f3 la vida a un joven"}]},{"@type":"WebSite","@id":"https:\/\/www.fiscalia.gov.co\/colombia\/#website","url":"https:\/\/www.fiscalia.gov.co\/colombia\/","name":"Fiscal\u00eda General de la Naci\u00f3n","description":"P\u00e1gina oficial de la Fiscal\u00eda General de la Naci\u00f3n \u2013 Colombia. Garantizamos el acceso efectivo a la justicia, la verdad y la reparaci\u00f3n de las v\u00edctimas de los delitos.","publisher":{"@id":"https:\/\/www.fiscalia.gov.co\/colombia\/#organization"},"potentialAction":[{"@type":"SearchAction","target":{"@type":"EntryPoint","urlTemplate":"https:\/\/www.fiscalia.gov.co\/colombia\/?s={search_term_string}"},"query-input":{"@type":"PropertyValueSpecification","valueRequired":true,"valueName":"search_term_string"}}],"inLanguage":"es-CO"},{"@type":"Organization","@id":"https:\/\/www.fiscalia.gov.co\/colombia\/#organization","name":"Fiscal\u00eda General de la Naci\u00f3n","url":"https:\/\/www.fiscalia.gov.co\/colombia\/","logo":{"@type":"ImageObject","inLanguage":"es-CO","@id":"https:\/\/www.fiscalia.gov.co\/colombia\/#\/schema\/logo\/image\/","url":"https:\/\/www.fiscalia.gov.co\/colombia\/wp-content\/uploads\/LogoHorizontal_1.jpg","contentUrl":"https:\/\/www.fiscalia.gov.co\/colombia\/wp-content\/uploads\/LogoHorizontal_1.jpg","width":300,"height":90,"caption":"Fiscal\u00eda General de la Naci\u00f3n"},"image":{"@id":"https:\/\/www.fiscalia.gov.co\/colombia\/#\/schema\/logo\/image\/"},"sameAs":["https:\/\/www.facebook.com\/FiscaliaCol","https:\/\/x.com\/FiscaliaCol","https:\/\/www.instagram.com\/fiscaliacol","https:\/\/www.linkedin.com\/company\/fiscalia-general-de-la-naci-n\/","https:\/\/youtube.com\/@fiscaliageneraldelanacion-4668?si=6nN79nyQICPU5iTh"]},{"@type":"Person","@id":"https:\/\/www.fiscalia.gov.co\/colombia\/#\/schema\/person\/176195b99ebab0a52aafa15197e1bf80","name":"Winnie Geraldine Rodr\u00edguez Navarrete","image":{"@type":"ImageObject","inLanguage":"es-CO","@id":"https:\/\/www.fiscalia.gov.co\/colombia\/#\/schema\/person\/image\/","url":"https:\/\/secure.gravatar.com\/avatar\/c24cf8481dc84fa5e8c7b20bc95ab0c6?s=96&d=mm&r=g","contentUrl":"https:\/\/secure.gravatar.com\/avatar\/c24cf8481dc84fa5e8c7b20bc95ab0c6?s=96&d=mm&r=g","caption":"Winnie Geraldine Rodr\u00edguez Navarrete"},"url":"https:\/\/www.fiscalia.gov.co\/colombia\/author\/winnierodriguez\/"}]}},"_links":{"self":[{"href":"https:\/\/www.fiscalia.gov.co\/colombia\/wp-json\/wp\/v2\/posts\/292863","targetHints":{"allow":["GET"]}}],"collection":[{"href":"https:\/\/www.fiscalia.gov.co\/colombia\/wp-json\/wp\/v2\/posts"}],"about":[{"href":"https:\/\/www.fiscalia.gov.co\/colombia\/wp-json\/wp\/v2\/types\/post"}],"author":[{"embeddable":true,"href":"https:\/\/www.fiscalia.gov.co\/colombia\/wp-json\/wp\/v2\/users\/178"}],"replies":[{"embeddable":true,"href":"https:\/\/www.fiscalia.gov.co\/colombia\/wp-json\/wp\/v2\/comments?post=292863"}],"version-history":[{"count":2,"href":"https:\/\/www.fiscalia.gov.co\/colombia\/wp-json\/wp\/v2\/posts\/292863\/revisions"}],"predecessor-version":[{"id":292866,"href":"https:\/\/www.fiscalia.gov.co\/colombia\/wp-json\/wp\/v2\/posts\/292863\/revisions\/292866"}],"wp:attachment":[{"href":"https:\/\/www.fiscalia.gov.co\/colombia\/wp-json\/wp\/v2\/media?parent=292863"}],"wp:term":[{"taxonomy":"category","embeddable":true,"href":"https:\/\/www.fiscalia.gov.co\/colombia\/wp-json\/wp\/v2\/categories?post=292863"},{"taxonomy":"post_tag","embeddable":true,"href":"https:\/\/www.fiscalia.gov.co\/colombia\/wp-json\/wp\/v2\/tags?post=292863"}],"curies":[{"name":"wp","href":"https:\/\/api.w.org\/{rel}","templated":true}]}}