{"id":292853,"date":"2024-04-11T08:55:10","date_gmt":"2024-04-11T13:55:10","guid":{"rendered":"https:\/\/www.fiscalia.gov.co\/colombia\/?p=292853"},"modified":"2024-04-11T08:55:10","modified_gmt":"2024-04-11T13:55:10","slug":"asegurado-por-el-homicidio-de-un-hombre-frente-a-la-antigua-estacion-del-tren-de-ibague","status":"publish","type":"post","link":"https:\/\/www.fiscalia.gov.co\/colombia\/noticias\/asegurado-por-el-homicidio-de-un-hombre-frente-a-la-antigua-estacion-del-tren-de-ibague\/","title":{"rendered":"Asegurado por el homicidio de un hombre frente a la antigua estaci\u00f3n del tren de Ibagu\u00e9"},"content":{"rendered":"<h4><strong><i>En otro hecho, un delegado fiscal le imput\u00f3 cargos a un ex miembro de la Polic\u00eda Nacional por el homicidio de una mujer en medio de actos del servicio.<\/i><\/strong><\/h4>\n<p>Daniel Francisco Galeano Ortiz y Carlos Mario Quintana Vel\u00e1squez\u00a0fueron imputados por un <strong>despacho adscrito a la Unidad de Vida de la Fiscal\u00eda en el Tolima<\/strong>, por su presunta responsabilidad en la muerte violenta, con arma de fuego, de dos personas en hechos aislados ocurridas en los a\u00f1os 2022 y 2017.<\/p>\n<p>Galeano Ortiz es <strong>se\u00f1alado por el ente acusador de haber disparado en contra de la humanidad de\u00a0Juan Camilo Rojas Capera, el 28 de agosto del a\u00f1o 2022 en horas de la madrugada cuando se encontraba en la v\u00eda Picale\u00f1a<\/strong> frente a la antigua Estaci\u00f3n del Tren\u00a0en la v\u00eda que conduce al sector de Buenos Aires\u00a0de Ibagu\u00e9.<b>\u00a0<\/b><\/p>\n<p>Testigos de los hechos dan cuenta que la v\u00edctima se encontraba desprevenida con otra persona, y fueron sorprendidos por dos hombres, identificando a uno de ellos como el hoy privado de la libertad <strong>quien procedi\u00f3 a desenfundar un arma de fuego con la que le disparar\u00eda a Rojas Capera en tres oportunidades caus\u00e1ndole heridas que desencadenaron en su muerte.\u00a0<\/strong><\/p>\n<p>Tiene la Fiscal\u00eda informaci\u00f3n que da cuenta que el victimario<b>\u00a0<\/b>fue reconocido como el guarda de seguridad de la biblioteca del sector y a quien lo acompa\u00f1aba como residente igualmente de la zona, lo que de alguna manera le dio tranquilidad a la v\u00edctima y a su amigo, sin imaginar lo que suceder\u00eda.<\/p>\n<p><strong>El procesado, quien se encuentra privado de la libertad por un hurto millonario en L\u00e9rida,<\/strong> Tolima desde octubre del a\u00f1o pasado, no acept\u00f3 los cargos imputados por el delegado fiscal de homicidio agravado y porte de armas agravado, y fue afectado con medida de aseguramiento intramuros.<\/p>\n<figure id=\"attachment_292854\" aria-describedby=\"caption-attachment-292854\" style=\"width: 389px\" class=\"wp-caption aligncenter\"><img loading=\"lazy\" decoding=\"async\" class=\" wp-image-292854\" src=\"https:\/\/www.fiscalia.gov.co\/colombia\/wp-content\/uploads\/daniel-galeano-ortiz-homicidio-estacin-del-tren-300x225.jpeg\" alt=\"En la imagen se ve una persona detenida de espaldas bajo custodia del CTI y la Polic\u00eda Nacional.\" width=\"389\" height=\"292\" srcset=\"https:\/\/www.fiscalia.gov.co\/colombia\/wp-content\/uploads\/daniel-galeano-ortiz-homicidio-estacin-del-tren-300x225.jpeg 300w, https:\/\/www.fiscalia.gov.co\/colombia\/wp-content\/uploads\/daniel-galeano-ortiz-homicidio-estacin-del-tren-768x577.jpeg 768w, https:\/\/www.fiscalia.gov.co\/colombia\/wp-content\/uploads\/daniel-galeano-ortiz-homicidio-estacin-del-tren-696x523.jpeg 696w, https:\/\/www.fiscalia.gov.co\/colombia\/wp-content\/uploads\/daniel-galeano-ortiz-homicidio-estacin-del-tren-559x420.jpeg 559w, https:\/\/www.fiscalia.gov.co\/colombia\/wp-content\/uploads\/daniel-galeano-ortiz-homicidio-estacin-del-tren-80x60.jpeg 80w, https:\/\/www.fiscalia.gov.co\/colombia\/wp-content\/uploads\/daniel-galeano-ortiz-homicidio-estacin-del-tren-265x198.jpeg 265w, https:\/\/www.fiscalia.gov.co\/colombia\/wp-content\/uploads\/daniel-galeano-ortiz-homicidio-estacin-del-tren.jpeg 1023w\" sizes=\"auto, (max-width: 389px) 100vw, 389px\" \/><figcaption id=\"caption-attachment-292854\" class=\"wp-caption-text\">Daniel Francisco Galeano Ortiz fue detenido por investigadores del CTI con el apoyo de la Polic\u00eda y el Ej\u00e9rcito por estar relacionado con un hurto cometido contra un hombre en L\u00e9rida, Tolima. La Fiscal\u00eda le imput\u00f3 nuevos cargos por el homicidio de Juan Camilo Rojas Capera en agosto del 2022.<\/figcaption><\/figure>\n<p><b>Disparar\u00eda sin justificaci\u00f3n<\/b><\/p>\n<p>En otros hechos, el mismo delegado fiscal imput\u00f3 cargos por el delito de homicidio agravado al exintegrante de la Polic\u00eda Nacional, Carlos Mario Quintana Vel\u00e1squez, el cual no acept\u00f3 haber cometido.<\/p>\n<p>El ente acusador lo se\u00f1ala del homicidio de Johana Alexandra Gallego Otavo, cometido en actos del servicio el 10 de agosto del a\u00f1o 2017, en la v\u00eda que de Mariquita conduce a la capital tolimense.<\/p>\n<p>Todo ocurri\u00f3 cuando se encontraba el imputado, quien para la \u00e9poca de los hechos era subintendente y junto con su compa\u00f1ero, un patrullero, en el peaje del municipio de Alvarado, Tolima, y le hicieron la se\u00f1al de pare a una motocicleta en la que se movilizaba una pareja.<\/p>\n<p><strong>El conductor omitir\u00eda la se\u00f1al de pare y continu\u00f3 su camino con direcci\u00f3n a Ibagu\u00e9 por lo que los uniformados iniciaron la persecuci\u00f3n de la pareja,<\/strong> quienes se desviaron tomando la v\u00eda que conduce a la vereda Doima, siendo interceptados por los uniformados que les atravesaron el veh\u00edculo oficial en el que se movilizaban por lo que el conductor opt\u00f3 por devolverse siendo ese el momento en que el subintendente\u00a0Quintana Vel\u00e1squez\u00a0desenfund\u00f3 su arma de fuego y dispar\u00f3 en una oportunidad impactando a la mujer que iba de parrillera.<\/p>\n<p>Para la Fiscal\u00eda, el policial\u00a0desbord\u00f3 con su comportamiento ese deber constitucional como servidor p\u00fablico de salvaguardar la vida de los ciudadanos al optar por disparar en contra de dos personas que, si bien huyeron ante su llamado, jam\u00e1s representaron un peligro para su integridad o la de su compa\u00f1ero de patrulla.<\/p>\n<p>La pr\u00f3xima audiencia ser\u00e1 de acusaci\u00f3n.<\/p>\n<p>Esta informaci\u00f3n se hace p\u00fablica por razones de inter\u00e9s general.<\/p>\n<p>&nbsp;<\/p>\n<p>&nbsp;<\/p>\n<p>PAAM\/LYBT\/EFP\/AMBV\/DST<\/p>\n<p>&nbsp;<\/p>\n<p>&nbsp;<\/p>\n<p><em>La informaci\u00f3n contenida en este bolet\u00edn de prensa corresponde a la narraci\u00f3n de los hechos noticiosos objetivos, suministrados por los funcionarios encargados de adelantar las investigaciones penales al interior de la Fiscal\u00eda General de la Naci\u00f3n. Para el momento de la divulgaci\u00f3n de este comunicado, la situaci\u00f3n jur\u00eddica de la(s) persona(s) relacionada(s) se encuentra pendiente de resolver por la autoridad\u00a0judicial competente, siempre bajo los preceptos de la presunci\u00f3n de inocencia, consagrados en el art\u00edculo 29 de la Constituci\u00f3n Pol\u00edtica y el art\u00edculo 7\u00ba de la Ley 906 de 2004.\u00a0<\/em><\/p>\n\n<div class=\"twitter-share\"><a href=\"https:\/\/twitter.com\/intent\/tweet?via=fiscaliacol\" class=\"twitter-share-button\">Tweet<\/a><\/div>\n","protected":false},"excerpt":{"rendered":"<p>En otro hecho, un delegado fiscal le imput\u00f3 cargos a un ex miembro de la Polic\u00eda Nacional por el homicidio de una mujer en medio de actos del servicio. Daniel Francisco Galeano Ortiz y Carlos Mario Quintana Vel\u00e1squez\u00a0fueron imputados por un despacho adscrito a la Unidad de Vida de la Fiscal\u00eda en el Tolima, por [&hellip;]<\/p>\n","protected":false},"author":178,"featured_media":0,"comment_status":"closed","ping_status":"open","sticky":false,"template":"","format":"standard","meta":{"tdm_status":"","tdm_grid_status":"","footnotes":""},"categories":[1],"tags":[37640,27429,45,37641,1047,686,23838,23990,13858,1185,558,4765,28956,11101],"class_list":{"0":"post-292853","1":"post","2":"type-post","3":"status-publish","4":"format-standard","6":"category-noticias","7":"tag-actos-del-servicio","8":"tag-alvarado","9":"tag-cti","10":"tag-estacion-del-tren","11":"tag-fiscalia-general-de-la-nacion","12":"tag-homicidio-agravado","13":"tag-ibague","14":"tag-ibague-tolima","15":"tag-imputacion","16":"tag-medida-de-aseguramiento","17":"tag-policia-nacional","18":"tag-porte-ilegal-de-armas-de-fuego","19":"tag-reten","20":"tag-seguridad-ciudadana"},"yoast_head":"<!-- This site is optimized with the Yoast SEO plugin v24.3 - https:\/\/yoast.com\/wordpress\/plugins\/seo\/ -->\n<title>Fiscal\u00eda General de la Naci\u00f3n<\/title>\n<meta name=\"description\" content=\"P\u00e1gina oficial de la Fiscal\u00eda General de la Naci\u00f3n \u2013 Colombia. Garantizamos el acceso efectivo a la justicia, la verdad y la reparaci\u00f3n de las v\u00edctimas de los delitos.\" \/>\n<meta name=\"robots\" content=\"noindex, follow\" \/>\n<meta property=\"og:locale\" content=\"es_ES\" \/>\n<meta property=\"og:type\" content=\"article\" \/>\n<meta property=\"og:title\" content=\"Fiscal\u00eda General de la Naci\u00f3n\" \/>\n<meta property=\"og:description\" content=\"P\u00e1gina oficial de la Fiscal\u00eda General de la Naci\u00f3n \u2013 Colombia. Garantizamos el acceso efectivo a la justicia, la verdad y la reparaci\u00f3n de las v\u00edctimas de los delitos.\" \/>\n<meta property=\"og:url\" content=\"https:\/\/www.fiscalia.gov.co\/colombia\/noticias\/asegurado-por-el-homicidio-de-un-hombre-frente-a-la-antigua-estacion-del-tren-de-ibague\/\" \/>\n<meta property=\"og:site_name\" content=\"Fiscal\u00eda General de la Naci\u00f3n\" \/>\n<meta property=\"article:publisher\" content=\"https:\/\/www.facebook.com\/FiscaliaCol\" \/>\n<meta property=\"article:published_time\" content=\"2024-04-11T13:55:10+00:00\" \/>\n<meta property=\"og:image\" content=\"https:\/\/www.fiscalia.gov.co\/colombia\/wp-content\/uploads\/daniel-galeano-ortiz-homicidio-estacin-del-tren-300x225.jpeg\" \/>\n<meta name=\"author\" content=\"Winnie Geraldine Rodr\u00edguez Navarrete\" \/>\n<meta name=\"twitter:card\" content=\"summary_large_image\" \/>\n<meta name=\"twitter:creator\" content=\"@FiscaliaCol\" \/>\n<meta name=\"twitter:site\" content=\"@FiscaliaCol\" \/>\n<meta name=\"twitter:label1\" content=\"Escrito por\" \/>\n\t<meta name=\"twitter:data1\" content=\"Winnie Geraldine Rodr\u00edguez Navarrete\" \/>\n\t<meta name=\"twitter:label2\" content=\"Tiempo de lectura\" \/>\n\t<meta name=\"twitter:data2\" content=\"4 minutos\" \/>\n<script type=\"application\/ld+json\" class=\"yoast-schema-graph\">{\"@context\":\"https:\/\/schema.org\",\"@graph\":[{\"@type\":\"Article\",\"@id\":\"https:\/\/www.fiscalia.gov.co\/colombia\/noticias\/asegurado-por-el-homicidio-de-un-hombre-frente-a-la-antigua-estacion-del-tren-de-ibague\/#article\",\"isPartOf\":{\"@id\":\"https:\/\/www.fiscalia.gov.co\/colombia\/noticias\/asegurado-por-el-homicidio-de-un-hombre-frente-a-la-antigua-estacion-del-tren-de-ibague\/\"},\"author\":{\"name\":\"Winnie Geraldine Rodr\u00edguez Navarrete\",\"@id\":\"https:\/\/www.fiscalia.gov.co\/colombia\/#\/schema\/person\/176195b99ebab0a52aafa15197e1bf80\"},\"headline\":\"Asegurado por el homicidio de un hombre frente a la antigua estaci\u00f3n del tren de Ibagu\u00e9\",\"datePublished\":\"2024-04-11T13:55:10+00:00\",\"dateModified\":\"2024-04-11T13:55:10+00:00\",\"mainEntityOfPage\":{\"@id\":\"https:\/\/www.fiscalia.gov.co\/colombia\/noticias\/asegurado-por-el-homicidio-de-un-hombre-frente-a-la-antigua-estacion-del-tren-de-ibague\/\"},\"wordCount\":799,\"publisher\":{\"@id\":\"https:\/\/www.fiscalia.gov.co\/colombia\/#organization\"},\"image\":{\"@id\":\"https:\/\/www.fiscalia.gov.co\/colombia\/noticias\/asegurado-por-el-homicidio-de-un-hombre-frente-a-la-antigua-estacion-del-tren-de-ibague\/#primaryimage\"},\"thumbnailUrl\":\"https:\/\/www.fiscalia.gov.co\/colombia\/wp-content\/uploads\/daniel-galeano-ortiz-homicidio-estacin-del-tren-300x225.jpeg\",\"keywords\":[\"actos del servicio\",\"Alvarado\",\"CTI\",\"Estaci\u00f3n del Tren\",\"Fiscal\u00eda General de la Naci\u00f3n\",\"Homicidio agravado\",\"Ibagu\u00e9\",\"Ibagu\u00e9 (Tolima)\",\"Imputaci\u00f3n\",\"Medida de aseguramiento\",\"Polic\u00eda Nacional\",\"Porte ilegal de armas de fuego\",\"ret\u00e9n\",\"Seguridad ciudadana\"],\"articleSection\":[\"Noticias\"],\"inLanguage\":\"es-CO\"},{\"@type\":\"WebPage\",\"@id\":\"https:\/\/www.fiscalia.gov.co\/colombia\/noticias\/asegurado-por-el-homicidio-de-un-hombre-frente-a-la-antigua-estacion-del-tren-de-ibague\/\",\"url\":\"https:\/\/www.fiscalia.gov.co\/colombia\/noticias\/asegurado-por-el-homicidio-de-un-hombre-frente-a-la-antigua-estacion-del-tren-de-ibague\/\",\"name\":\"Fiscal\u00eda General de la Naci\u00f3n\",\"isPartOf\":{\"@id\":\"https:\/\/www.fiscalia.gov.co\/colombia\/#website\"},\"primaryImageOfPage\":{\"@id\":\"https:\/\/www.fiscalia.gov.co\/colombia\/noticias\/asegurado-por-el-homicidio-de-un-hombre-frente-a-la-antigua-estacion-del-tren-de-ibague\/#primaryimage\"},\"image\":{\"@id\":\"https:\/\/www.fiscalia.gov.co\/colombia\/noticias\/asegurado-por-el-homicidio-de-un-hombre-frente-a-la-antigua-estacion-del-tren-de-ibague\/#primaryimage\"},\"thumbnailUrl\":\"https:\/\/www.fiscalia.gov.co\/colombia\/wp-content\/uploads\/daniel-galeano-ortiz-homicidio-estacin-del-tren-300x225.jpeg\",\"datePublished\":\"2024-04-11T13:55:10+00:00\",\"dateModified\":\"2024-04-11T13:55:10+00:00\",\"description\":\"P\u00e1gina oficial de la Fiscal\u00eda General de la Naci\u00f3n \u2013 Colombia. Garantizamos el acceso efectivo a la justicia, la verdad y la reparaci\u00f3n de las v\u00edctimas de los delitos.\",\"breadcrumb\":{\"@id\":\"https:\/\/www.fiscalia.gov.co\/colombia\/noticias\/asegurado-por-el-homicidio-de-un-hombre-frente-a-la-antigua-estacion-del-tren-de-ibague\/#breadcrumb\"},\"inLanguage\":\"es-CO\",\"potentialAction\":[{\"@type\":\"ReadAction\",\"target\":[\"https:\/\/www.fiscalia.gov.co\/colombia\/noticias\/asegurado-por-el-homicidio-de-un-hombre-frente-a-la-antigua-estacion-del-tren-de-ibague\/\"]}]},{\"@type\":\"ImageObject\",\"inLanguage\":\"es-CO\",\"@id\":\"https:\/\/www.fiscalia.gov.co\/colombia\/noticias\/asegurado-por-el-homicidio-de-un-hombre-frente-a-la-antigua-estacion-del-tren-de-ibague\/#primaryimage\",\"url\":\"https:\/\/www.fiscalia.gov.co\/colombia\/wp-content\/uploads\/daniel-galeano-ortiz-homicidio-estacin-del-tren-300x225.jpeg\",\"contentUrl\":\"https:\/\/www.fiscalia.gov.co\/colombia\/wp-content\/uploads\/daniel-galeano-ortiz-homicidio-estacin-del-tren-300x225.jpeg\"},{\"@type\":\"BreadcrumbList\",\"@id\":\"https:\/\/www.fiscalia.gov.co\/colombia\/noticias\/asegurado-por-el-homicidio-de-un-hombre-frente-a-la-antigua-estacion-del-tren-de-ibague\/#breadcrumb\",\"itemListElement\":[{\"@type\":\"ListItem\",\"position\":1,\"name\":\"Home\",\"item\":\"https:\/\/www.fiscalia.gov.co\/colombia\/\"},{\"@type\":\"ListItem\",\"position\":2,\"name\":\"Asegurado por el homicidio de un hombre frente a la antigua estaci\u00f3n del tren de Ibagu\u00e9\"}]},{\"@type\":\"WebSite\",\"@id\":\"https:\/\/www.fiscalia.gov.co\/colombia\/#website\",\"url\":\"https:\/\/www.fiscalia.gov.co\/colombia\/\",\"name\":\"Fiscal\u00eda General de la Naci\u00f3n\",\"description\":\"P\u00e1gina oficial de la Fiscal\u00eda General de la Naci\u00f3n \u2013 Colombia. Garantizamos el acceso efectivo a la justicia, la verdad y la reparaci\u00f3n de las v\u00edctimas de los delitos.\",\"publisher\":{\"@id\":\"https:\/\/www.fiscalia.gov.co\/colombia\/#organization\"},\"potentialAction\":[{\"@type\":\"SearchAction\",\"target\":{\"@type\":\"EntryPoint\",\"urlTemplate\":\"https:\/\/www.fiscalia.gov.co\/colombia\/?s={search_term_string}\"},\"query-input\":{\"@type\":\"PropertyValueSpecification\",\"valueRequired\":true,\"valueName\":\"search_term_string\"}}],\"inLanguage\":\"es-CO\"},{\"@type\":\"Organization\",\"@id\":\"https:\/\/www.fiscalia.gov.co\/colombia\/#organization\",\"name\":\"Fiscal\u00eda General de la Naci\u00f3n\",\"url\":\"https:\/\/www.fiscalia.gov.co\/colombia\/\",\"logo\":{\"@type\":\"ImageObject\",\"inLanguage\":\"es-CO\",\"@id\":\"https:\/\/www.fiscalia.gov.co\/colombia\/#\/schema\/logo\/image\/\",\"url\":\"https:\/\/www.fiscalia.gov.co\/colombia\/wp-content\/uploads\/LogoHorizontal_1.jpg\",\"contentUrl\":\"https:\/\/www.fiscalia.gov.co\/colombia\/wp-content\/uploads\/LogoHorizontal_1.jpg\",\"width\":300,\"height\":90,\"caption\":\"Fiscal\u00eda General de la Naci\u00f3n\"},\"image\":{\"@id\":\"https:\/\/www.fiscalia.gov.co\/colombia\/#\/schema\/logo\/image\/\"},\"sameAs\":[\"https:\/\/www.facebook.com\/FiscaliaCol\",\"https:\/\/x.com\/FiscaliaCol\",\"https:\/\/www.instagram.com\/fiscaliacol\",\"https:\/\/www.linkedin.com\/company\/fiscalia-general-de-la-naci-n\/\",\"https:\/\/youtube.com\/@fiscaliageneraldelanacion-4668?si=6nN79nyQICPU5iTh\"]},{\"@type\":\"Person\",\"@id\":\"https:\/\/www.fiscalia.gov.co\/colombia\/#\/schema\/person\/176195b99ebab0a52aafa15197e1bf80\",\"name\":\"Winnie Geraldine Rodr\u00edguez Navarrete\",\"image\":{\"@type\":\"ImageObject\",\"inLanguage\":\"es-CO\",\"@id\":\"https:\/\/www.fiscalia.gov.co\/colombia\/#\/schema\/person\/image\/\",\"url\":\"https:\/\/secure.gravatar.com\/avatar\/c24cf8481dc84fa5e8c7b20bc95ab0c6?s=96&d=mm&r=g\",\"contentUrl\":\"https:\/\/secure.gravatar.com\/avatar\/c24cf8481dc84fa5e8c7b20bc95ab0c6?s=96&d=mm&r=g\",\"caption\":\"Winnie Geraldine Rodr\u00edguez Navarrete\"},\"url\":\"https:\/\/www.fiscalia.gov.co\/colombia\/author\/winnierodriguez\/\"}]}<\/script>\n<!-- \/ Yoast SEO plugin. -->","yoast_head_json":{"title":"Fiscal\u00eda General de la Naci\u00f3n","description":"P\u00e1gina oficial de la Fiscal\u00eda General de la Naci\u00f3n \u2013 Colombia. Garantizamos el acceso efectivo a la justicia, la verdad y la reparaci\u00f3n de las v\u00edctimas de los delitos.","robots":{"index":"noindex","follow":"follow"},"og_locale":"es_ES","og_type":"article","og_title":"Fiscal\u00eda General de la Naci\u00f3n","og_description":"P\u00e1gina oficial de la Fiscal\u00eda General de la Naci\u00f3n \u2013 Colombia. Garantizamos el acceso efectivo a la justicia, la verdad y la reparaci\u00f3n de las v\u00edctimas de los delitos.","og_url":"https:\/\/www.fiscalia.gov.co\/colombia\/noticias\/asegurado-por-el-homicidio-de-un-hombre-frente-a-la-antigua-estacion-del-tren-de-ibague\/","og_site_name":"Fiscal\u00eda General de la Naci\u00f3n","article_publisher":"https:\/\/www.facebook.com\/FiscaliaCol","article_published_time":"2024-04-11T13:55:10+00:00","og_image":[{"url":"https:\/\/www.fiscalia.gov.co\/colombia\/wp-content\/uploads\/daniel-galeano-ortiz-homicidio-estacin-del-tren-300x225.jpeg","type":"","width":"","height":""}],"author":"Winnie Geraldine Rodr\u00edguez Navarrete","twitter_card":"summary_large_image","twitter_creator":"@FiscaliaCol","twitter_site":"@FiscaliaCol","twitter_misc":{"Escrito por":"Winnie Geraldine Rodr\u00edguez Navarrete","Tiempo de lectura":"4 minutos"},"schema":{"@context":"https:\/\/schema.org","@graph":[{"@type":"Article","@id":"https:\/\/www.fiscalia.gov.co\/colombia\/noticias\/asegurado-por-el-homicidio-de-un-hombre-frente-a-la-antigua-estacion-del-tren-de-ibague\/#article","isPartOf":{"@id":"https:\/\/www.fiscalia.gov.co\/colombia\/noticias\/asegurado-por-el-homicidio-de-un-hombre-frente-a-la-antigua-estacion-del-tren-de-ibague\/"},"author":{"name":"Winnie Geraldine Rodr\u00edguez Navarrete","@id":"https:\/\/www.fiscalia.gov.co\/colombia\/#\/schema\/person\/176195b99ebab0a52aafa15197e1bf80"},"headline":"Asegurado por el homicidio de un hombre frente a la antigua estaci\u00f3n del tren de Ibagu\u00e9","datePublished":"2024-04-11T13:55:10+00:00","dateModified":"2024-04-11T13:55:10+00:00","mainEntityOfPage":{"@id":"https:\/\/www.fiscalia.gov.co\/colombia\/noticias\/asegurado-por-el-homicidio-de-un-hombre-frente-a-la-antigua-estacion-del-tren-de-ibague\/"},"wordCount":799,"publisher":{"@id":"https:\/\/www.fiscalia.gov.co\/colombia\/#organization"},"image":{"@id":"https:\/\/www.fiscalia.gov.co\/colombia\/noticias\/asegurado-por-el-homicidio-de-un-hombre-frente-a-la-antigua-estacion-del-tren-de-ibague\/#primaryimage"},"thumbnailUrl":"https:\/\/www.fiscalia.gov.co\/colombia\/wp-content\/uploads\/daniel-galeano-ortiz-homicidio-estacin-del-tren-300x225.jpeg","keywords":["actos del servicio","Alvarado","CTI","Estaci\u00f3n del Tren","Fiscal\u00eda General de la Naci\u00f3n","Homicidio agravado","Ibagu\u00e9","Ibagu\u00e9 (Tolima)","Imputaci\u00f3n","Medida de aseguramiento","Polic\u00eda Nacional","Porte ilegal de armas de fuego","ret\u00e9n","Seguridad ciudadana"],"articleSection":["Noticias"],"inLanguage":"es-CO"},{"@type":"WebPage","@id":"https:\/\/www.fiscalia.gov.co\/colombia\/noticias\/asegurado-por-el-homicidio-de-un-hombre-frente-a-la-antigua-estacion-del-tren-de-ibague\/","url":"https:\/\/www.fiscalia.gov.co\/colombia\/noticias\/asegurado-por-el-homicidio-de-un-hombre-frente-a-la-antigua-estacion-del-tren-de-ibague\/","name":"Fiscal\u00eda General de la Naci\u00f3n","isPartOf":{"@id":"https:\/\/www.fiscalia.gov.co\/colombia\/#website"},"primaryImageOfPage":{"@id":"https:\/\/www.fiscalia.gov.co\/colombia\/noticias\/asegurado-por-el-homicidio-de-un-hombre-frente-a-la-antigua-estacion-del-tren-de-ibague\/#primaryimage"},"image":{"@id":"https:\/\/www.fiscalia.gov.co\/colombia\/noticias\/asegurado-por-el-homicidio-de-un-hombre-frente-a-la-antigua-estacion-del-tren-de-ibague\/#primaryimage"},"thumbnailUrl":"https:\/\/www.fiscalia.gov.co\/colombia\/wp-content\/uploads\/daniel-galeano-ortiz-homicidio-estacin-del-tren-300x225.jpeg","datePublished":"2024-04-11T13:55:10+00:00","dateModified":"2024-04-11T13:55:10+00:00","description":"P\u00e1gina oficial de la Fiscal\u00eda General de la Naci\u00f3n \u2013 Colombia. Garantizamos el acceso efectivo a la justicia, la verdad y la reparaci\u00f3n de las v\u00edctimas de los delitos.","breadcrumb":{"@id":"https:\/\/www.fiscalia.gov.co\/colombia\/noticias\/asegurado-por-el-homicidio-de-un-hombre-frente-a-la-antigua-estacion-del-tren-de-ibague\/#breadcrumb"},"inLanguage":"es-CO","potentialAction":[{"@type":"ReadAction","target":["https:\/\/www.fiscalia.gov.co\/colombia\/noticias\/asegurado-por-el-homicidio-de-un-hombre-frente-a-la-antigua-estacion-del-tren-de-ibague\/"]}]},{"@type":"ImageObject","inLanguage":"es-CO","@id":"https:\/\/www.fiscalia.gov.co\/colombia\/noticias\/asegurado-por-el-homicidio-de-un-hombre-frente-a-la-antigua-estacion-del-tren-de-ibague\/#primaryimage","url":"https:\/\/www.fiscalia.gov.co\/colombia\/wp-content\/uploads\/daniel-galeano-ortiz-homicidio-estacin-del-tren-300x225.jpeg","contentUrl":"https:\/\/www.fiscalia.gov.co\/colombia\/wp-content\/uploads\/daniel-galeano-ortiz-homicidio-estacin-del-tren-300x225.jpeg"},{"@type":"BreadcrumbList","@id":"https:\/\/www.fiscalia.gov.co\/colombia\/noticias\/asegurado-por-el-homicidio-de-un-hombre-frente-a-la-antigua-estacion-del-tren-de-ibague\/#breadcrumb","itemListElement":[{"@type":"ListItem","position":1,"name":"Home","item":"https:\/\/www.fiscalia.gov.co\/colombia\/"},{"@type":"ListItem","position":2,"name":"Asegurado por el homicidio de un hombre frente a la antigua estaci\u00f3n del tren de Ibagu\u00e9"}]},{"@type":"WebSite","@id":"https:\/\/www.fiscalia.gov.co\/colombia\/#website","url":"https:\/\/www.fiscalia.gov.co\/colombia\/","name":"Fiscal\u00eda General de la Naci\u00f3n","description":"P\u00e1gina oficial de la Fiscal\u00eda General de la Naci\u00f3n \u2013 Colombia. Garantizamos el acceso efectivo a la justicia, la verdad y la reparaci\u00f3n de las v\u00edctimas de los delitos.","publisher":{"@id":"https:\/\/www.fiscalia.gov.co\/colombia\/#organization"},"potentialAction":[{"@type":"SearchAction","target":{"@type":"EntryPoint","urlTemplate":"https:\/\/www.fiscalia.gov.co\/colombia\/?s={search_term_string}"},"query-input":{"@type":"PropertyValueSpecification","valueRequired":true,"valueName":"search_term_string"}}],"inLanguage":"es-CO"},{"@type":"Organization","@id":"https:\/\/www.fiscalia.gov.co\/colombia\/#organization","name":"Fiscal\u00eda General de la Naci\u00f3n","url":"https:\/\/www.fiscalia.gov.co\/colombia\/","logo":{"@type":"ImageObject","inLanguage":"es-CO","@id":"https:\/\/www.fiscalia.gov.co\/colombia\/#\/schema\/logo\/image\/","url":"https:\/\/www.fiscalia.gov.co\/colombia\/wp-content\/uploads\/LogoHorizontal_1.jpg","contentUrl":"https:\/\/www.fiscalia.gov.co\/colombia\/wp-content\/uploads\/LogoHorizontal_1.jpg","width":300,"height":90,"caption":"Fiscal\u00eda General de la Naci\u00f3n"},"image":{"@id":"https:\/\/www.fiscalia.gov.co\/colombia\/#\/schema\/logo\/image\/"},"sameAs":["https:\/\/www.facebook.com\/FiscaliaCol","https:\/\/x.com\/FiscaliaCol","https:\/\/www.instagram.com\/fiscaliacol","https:\/\/www.linkedin.com\/company\/fiscalia-general-de-la-naci-n\/","https:\/\/youtube.com\/@fiscaliageneraldelanacion-4668?si=6nN79nyQICPU5iTh"]},{"@type":"Person","@id":"https:\/\/www.fiscalia.gov.co\/colombia\/#\/schema\/person\/176195b99ebab0a52aafa15197e1bf80","name":"Winnie Geraldine Rodr\u00edguez Navarrete","image":{"@type":"ImageObject","inLanguage":"es-CO","@id":"https:\/\/www.fiscalia.gov.co\/colombia\/#\/schema\/person\/image\/","url":"https:\/\/secure.gravatar.com\/avatar\/c24cf8481dc84fa5e8c7b20bc95ab0c6?s=96&d=mm&r=g","contentUrl":"https:\/\/secure.gravatar.com\/avatar\/c24cf8481dc84fa5e8c7b20bc95ab0c6?s=96&d=mm&r=g","caption":"Winnie Geraldine Rodr\u00edguez Navarrete"},"url":"https:\/\/www.fiscalia.gov.co\/colombia\/author\/winnierodriguez\/"}]}},"_links":{"self":[{"href":"https:\/\/www.fiscalia.gov.co\/colombia\/wp-json\/wp\/v2\/posts\/292853","targetHints":{"allow":["GET"]}}],"collection":[{"href":"https:\/\/www.fiscalia.gov.co\/colombia\/wp-json\/wp\/v2\/posts"}],"about":[{"href":"https:\/\/www.fiscalia.gov.co\/colombia\/wp-json\/wp\/v2\/types\/post"}],"author":[{"embeddable":true,"href":"https:\/\/www.fiscalia.gov.co\/colombia\/wp-json\/wp\/v2\/users\/178"}],"replies":[{"embeddable":true,"href":"https:\/\/www.fiscalia.gov.co\/colombia\/wp-json\/wp\/v2\/comments?post=292853"}],"version-history":[{"count":1,"href":"https:\/\/www.fiscalia.gov.co\/colombia\/wp-json\/wp\/v2\/posts\/292853\/revisions"}],"predecessor-version":[{"id":292855,"href":"https:\/\/www.fiscalia.gov.co\/colombia\/wp-json\/wp\/v2\/posts\/292853\/revisions\/292855"}],"wp:attachment":[{"href":"https:\/\/www.fiscalia.gov.co\/colombia\/wp-json\/wp\/v2\/media?parent=292853"}],"wp:term":[{"taxonomy":"category","embeddable":true,"href":"https:\/\/www.fiscalia.gov.co\/colombia\/wp-json\/wp\/v2\/categories?post=292853"},{"taxonomy":"post_tag","embeddable":true,"href":"https:\/\/www.fiscalia.gov.co\/colombia\/wp-json\/wp\/v2\/tags?post=292853"}],"curies":[{"name":"wp","href":"https:\/\/api.w.org\/{rel}","templated":true}]}}