{"id":292790,"date":"2024-04-10T09:59:53","date_gmt":"2024-04-10T14:59:53","guid":{"rendered":"https:\/\/www.fiscalia.gov.co\/colombia\/?p=292790"},"modified":"2024-04-10T09:59:53","modified_gmt":"2024-04-10T14:59:53","slug":"privado-de-la-libertad-un-hombre-senalado-de-tentativa-de-feminicidio-contra-su-companera-sentimental-en-cartago-valle-del-cauca","status":"publish","type":"post","link":"https:\/\/www.fiscalia.gov.co\/colombia\/noticias\/privado-de-la-libertad-un-hombre-senalado-de-tentativa-de-feminicidio-contra-su-companera-sentimental-en-cartago-valle-del-cauca\/","title":{"rendered":"Privado de la libertad un hombre se\u00f1alado de tentativa de feminicidio contra su compa\u00f1era sentimental en Cartago (Valle del Cauca)"},"content":{"rendered":"<p>La Fiscal\u00eda General de la Naci\u00f3n logr\u00f3 que un juez de control de garant\u00edas privara de la libertad a Rubiel de Jes\u00fas Guti\u00e9rrez Rinc\u00f3n,<strong> como presunto responsable del <a href=\"https:\/\/www.fiscalia.gov.co\/colombia\/noticias\/condenado-a-mas-de-19-anos-de-prision-por-el-feminicidio-de-su-pareja-sentimental-en-arboletes-antioquia\/\">feminicidio<\/a> tentado contra su compa\u00f1era sentimental,<\/strong> ocurrido el 19 de diciembre de 2023, en zona rural del municipio de Cartago (Valle del Cauca).<\/p>\n<p>Seg\u00fan la Fiscal\u00eda, el hoy imputado, al parecer, le ocasion\u00f3 lesiones graves a la v\u00edctima, con quien convivi\u00f3 durante dos a\u00f1os. De acuerdo con las labores de polic\u00eda judicial,<strong> se pudo establecer que la mujer fue v\u00edctima de m\u00faltiples golpes e intento de asfixia mec\u00e1nica, al tiempo que el presunto agresor la amenazaba de muerte.<\/strong><\/p>\n<figure id=\"attachment_292791\" aria-describedby=\"caption-attachment-292791\" style=\"width: 397px\" class=\"wp-caption aligncenter\"><img loading=\"lazy\" decoding=\"async\" class=\" wp-image-292791\" src=\"https:\/\/www.fiscalia.gov.co\/colombia\/wp-content\/uploads\/Rubiel-de-Jesus-Gutierrez-Rincon.-Feminicidio-tentado.-Cartago-Valle-300x233.jpg\" alt=\" En la fotograf\u00eda se aprecia de pie, con los brazos atr\u00e1s a Rubiel de Jes\u00fas Guti\u00e9rrez Rinc\u00f3n. Viste camiseta blanca de manga corta y jean azul deste\u00f1ido a la altura de los muslos. A lado y lado de \u00e9l hay uniformados de la Polic\u00eda Nacional. Delante de ellos, sobre una superficie marr\u00f3n hay un letrero que dice: \u2018Femincidio\u2019. Detr\u00e1s de ellos hay un pend\u00f3n institucional de la Polic\u00eda.\n\n\" width=\"397\" height=\"308\" srcset=\"https:\/\/www.fiscalia.gov.co\/colombia\/wp-content\/uploads\/Rubiel-de-Jesus-Gutierrez-Rincon.-Feminicidio-tentado.-Cartago-Valle-300x233.jpg 300w, https:\/\/www.fiscalia.gov.co\/colombia\/wp-content\/uploads\/Rubiel-de-Jesus-Gutierrez-Rincon.-Feminicidio-tentado.-Cartago-Valle-1024x797.jpg 1024w, https:\/\/www.fiscalia.gov.co\/colombia\/wp-content\/uploads\/Rubiel-de-Jesus-Gutierrez-Rincon.-Feminicidio-tentado.-Cartago-Valle-768x598.jpg 768w, https:\/\/www.fiscalia.gov.co\/colombia\/wp-content\/uploads\/Rubiel-de-Jesus-Gutierrez-Rincon.-Feminicidio-tentado.-Cartago-Valle-1536x1195.jpg 1536w, https:\/\/www.fiscalia.gov.co\/colombia\/wp-content\/uploads\/Rubiel-de-Jesus-Gutierrez-Rincon.-Feminicidio-tentado.-Cartago-Valle-696x542.jpg 696w, https:\/\/www.fiscalia.gov.co\/colombia\/wp-content\/uploads\/Rubiel-de-Jesus-Gutierrez-Rincon.-Feminicidio-tentado.-Cartago-Valle-1068x831.jpg 1068w, https:\/\/www.fiscalia.gov.co\/colombia\/wp-content\/uploads\/Rubiel-de-Jesus-Gutierrez-Rincon.-Feminicidio-tentado.-Cartago-Valle-540x420.jpg 540w, https:\/\/www.fiscalia.gov.co\/colombia\/wp-content\/uploads\/Rubiel-de-Jesus-Gutierrez-Rincon.-Feminicidio-tentado.-Cartago-Valle.jpg 1600w\" sizes=\"auto, (max-width: 397px) 100vw, 397px\" \/><figcaption id=\"caption-attachment-292791\" class=\"wp-caption-text\">Rubiel de Jes\u00fas Guti\u00e9rrez Rinc\u00f3n es se\u00f1alado de la tentativa de feminicidio de su compa\u00f1era sentimental, ocurrido el 19 de diciembre de 2023, en zona rural de Cartago (Valle del Cauca).<\/figcaption><\/figure>\n<p>Personal de la Polic\u00eda Nacional Deval captur\u00f3 con orden judicial a Guti\u00e9rrez Rinc\u00f3n el pasado 5 de abril, en el barrio Cipr\u00e9s de Cartago, y<strong> la Fiscal\u00eda le imput\u00f3 el delito de <a href=\"https:\/\/www.fiscalia.gov.co\/colombia\/noticias\/tras-aceptar-cargos-por-el-feminicidio-de-su-esposa-un-hombre-fue-enviado-a-la-carcel-en-mitu-vaupes\/\">feminicidio<\/a> en grado de tentativa.<\/strong><\/p>\n<p>El juez decidi\u00f3 que el presunto implicado, quien no acept\u00f3 los cargos, debe cumplir la medida de aseguramiento en centro carcelario.<\/p>\n<p>Esta informaci\u00f3n se publica por razones de inter\u00e9s general.<\/p>\n<p>&nbsp;<\/p>\n<p>MAP\/LV\/DSVC\/LYBT<\/p>\n<p>&nbsp;<\/p>\n<p>&nbsp;<\/p>\n<p>&nbsp;<\/p>\n<p><em>La informaci\u00f3n contenida en este bolet\u00edn de prensa corresponde a la narraci\u00f3n de los hechos noticiosos objetivos, suministrados por los funcionarios encargados de adelantar las investigaciones penales al interior de la Fiscal\u00eda General de la Naci\u00f3n. Para el momento de la divulgaci\u00f3n de este comunicado, la situaci\u00f3n jur\u00eddica de la(s) persona(s) relacionada(s) se encuentra pendiente de resolver por la autoridad\u00a0judicial competente, siempre bajo los preceptos de la presunci\u00f3n de inocencia, consagrados en el art\u00edculo 29 de la Constituci\u00f3n Pol\u00edtica y el art\u00edculo 7\u00ba de la Ley 906 de 2004.\u00a0<\/em><\/p>\n\n<div class=\"twitter-share\"><a href=\"https:\/\/twitter.com\/intent\/tweet?via=fiscaliacol\" class=\"twitter-share-button\">Tweet<\/a><\/div>\n","protected":false},"excerpt":{"rendered":"<p>La Fiscal\u00eda General de la Naci\u00f3n logr\u00f3 que un juez de control de garant\u00edas privara de la libertad a Rubiel de Jes\u00fas Guti\u00e9rrez Rinc\u00f3n, como presunto responsable del feminicidio tentado contra su compa\u00f1era sentimental, ocurrido el 19 de diciembre de 2023, en zona rural del municipio de Cartago (Valle del Cauca). Seg\u00fan la Fiscal\u00eda, el [&hellip;]<\/p>\n","protected":false},"author":178,"featured_media":0,"comment_status":"closed","ping_status":"open","sticky":false,"template":"","format":"standard","meta":{"tdm_status":"","tdm_grid_status":"","footnotes":""},"categories":[1],"tags":[31444,37491,37492,1047],"class_list":{"0":"post-292790","1":"post","2":"type-post","3":"status-publish","4":"format-standard","6":"category-noticias","7":"tag-cartago-valle-del-cauca","8":"tag-fiscal-camargo","9":"tag-fiscal-luz-adriana-camargo","10":"tag-fiscalia-general-de-la-nacion"},"yoast_head":"<!-- This site is optimized with the Yoast SEO plugin v24.3 - https:\/\/yoast.com\/wordpress\/plugins\/seo\/ -->\n<title>Fiscal\u00eda General de la Naci\u00f3n<\/title>\n<meta name=\"description\" content=\"P\u00e1gina oficial de la Fiscal\u00eda General de la Naci\u00f3n \u2013 Colombia. Garantizamos el acceso efectivo a la justicia, la verdad y la reparaci\u00f3n de las v\u00edctimas de los delitos.\" \/>\n<meta name=\"robots\" content=\"noindex, follow\" \/>\n<meta property=\"og:locale\" content=\"es_ES\" \/>\n<meta property=\"og:type\" content=\"article\" \/>\n<meta property=\"og:title\" content=\"Fiscal\u00eda General de la Naci\u00f3n\" \/>\n<meta property=\"og:description\" content=\"P\u00e1gina oficial de la Fiscal\u00eda General de la Naci\u00f3n \u2013 Colombia. Garantizamos el acceso efectivo a la justicia, la verdad y la reparaci\u00f3n de las v\u00edctimas de los delitos.\" \/>\n<meta property=\"og:url\" content=\"https:\/\/www.fiscalia.gov.co\/colombia\/noticias\/privado-de-la-libertad-un-hombre-senalado-de-tentativa-de-feminicidio-contra-su-companera-sentimental-en-cartago-valle-del-cauca\/\" \/>\n<meta property=\"og:site_name\" content=\"Fiscal\u00eda General de la Naci\u00f3n\" \/>\n<meta property=\"article:publisher\" content=\"https:\/\/www.facebook.com\/FiscaliaCol\" \/>\n<meta property=\"article:published_time\" content=\"2024-04-10T14:59:53+00:00\" \/>\n<meta property=\"og:image\" content=\"https:\/\/www.fiscalia.gov.co\/colombia\/wp-content\/uploads\/Rubiel-de-Jesus-Gutierrez-Rincon.-Feminicidio-tentado.-Cartago-Valle-300x233.jpg\" \/>\n<meta name=\"author\" content=\"Winnie Geraldine Rodr\u00edguez Navarrete\" \/>\n<meta name=\"twitter:card\" content=\"summary_large_image\" \/>\n<meta name=\"twitter:creator\" content=\"@FiscaliaCol\" \/>\n<meta name=\"twitter:site\" content=\"@FiscaliaCol\" \/>\n<meta name=\"twitter:label1\" content=\"Escrito por\" \/>\n\t<meta name=\"twitter:data1\" content=\"Winnie Geraldine Rodr\u00edguez Navarrete\" \/>\n\t<meta name=\"twitter:label2\" content=\"Tiempo de lectura\" \/>\n\t<meta name=\"twitter:data2\" content=\"2 minutos\" \/>\n<script type=\"application\/ld+json\" class=\"yoast-schema-graph\">{\"@context\":\"https:\/\/schema.org\",\"@graph\":[{\"@type\":\"Article\",\"@id\":\"https:\/\/www.fiscalia.gov.co\/colombia\/noticias\/privado-de-la-libertad-un-hombre-senalado-de-tentativa-de-feminicidio-contra-su-companera-sentimental-en-cartago-valle-del-cauca\/#article\",\"isPartOf\":{\"@id\":\"https:\/\/www.fiscalia.gov.co\/colombia\/noticias\/privado-de-la-libertad-un-hombre-senalado-de-tentativa-de-feminicidio-contra-su-companera-sentimental-en-cartago-valle-del-cauca\/\"},\"author\":{\"name\":\"Winnie Geraldine Rodr\u00edguez Navarrete\",\"@id\":\"https:\/\/www.fiscalia.gov.co\/colombia\/#\/schema\/person\/176195b99ebab0a52aafa15197e1bf80\"},\"headline\":\"Privado de la libertad un hombre se\u00f1alado de tentativa de feminicidio contra su compa\u00f1era sentimental en Cartago (Valle del Cauca)\",\"datePublished\":\"2024-04-10T14:59:53+00:00\",\"dateModified\":\"2024-04-10T14:59:53+00:00\",\"mainEntityOfPage\":{\"@id\":\"https:\/\/www.fiscalia.gov.co\/colombia\/noticias\/privado-de-la-libertad-un-hombre-senalado-de-tentativa-de-feminicidio-contra-su-companera-sentimental-en-cartago-valle-del-cauca\/\"},\"wordCount\":365,\"publisher\":{\"@id\":\"https:\/\/www.fiscalia.gov.co\/colombia\/#organization\"},\"image\":{\"@id\":\"https:\/\/www.fiscalia.gov.co\/colombia\/noticias\/privado-de-la-libertad-un-hombre-senalado-de-tentativa-de-feminicidio-contra-su-companera-sentimental-en-cartago-valle-del-cauca\/#primaryimage\"},\"thumbnailUrl\":\"https:\/\/www.fiscalia.gov.co\/colombia\/wp-content\/uploads\/Rubiel-de-Jesus-Gutierrez-Rincon.-Feminicidio-tentado.-Cartago-Valle-300x233.jpg\",\"keywords\":[\"Cartago (Valle del Cauca)\",\"fiscal Camargo\",\"Fiscal Luz Adriana Camargo\",\"Fiscal\u00eda General de la Naci\u00f3n\"],\"articleSection\":[\"Noticias\"],\"inLanguage\":\"es-CO\"},{\"@type\":\"WebPage\",\"@id\":\"https:\/\/www.fiscalia.gov.co\/colombia\/noticias\/privado-de-la-libertad-un-hombre-senalado-de-tentativa-de-feminicidio-contra-su-companera-sentimental-en-cartago-valle-del-cauca\/\",\"url\":\"https:\/\/www.fiscalia.gov.co\/colombia\/noticias\/privado-de-la-libertad-un-hombre-senalado-de-tentativa-de-feminicidio-contra-su-companera-sentimental-en-cartago-valle-del-cauca\/\",\"name\":\"Fiscal\u00eda General de la Naci\u00f3n\",\"isPartOf\":{\"@id\":\"https:\/\/www.fiscalia.gov.co\/colombia\/#website\"},\"primaryImageOfPage\":{\"@id\":\"https:\/\/www.fiscalia.gov.co\/colombia\/noticias\/privado-de-la-libertad-un-hombre-senalado-de-tentativa-de-feminicidio-contra-su-companera-sentimental-en-cartago-valle-del-cauca\/#primaryimage\"},\"image\":{\"@id\":\"https:\/\/www.fiscalia.gov.co\/colombia\/noticias\/privado-de-la-libertad-un-hombre-senalado-de-tentativa-de-feminicidio-contra-su-companera-sentimental-en-cartago-valle-del-cauca\/#primaryimage\"},\"thumbnailUrl\":\"https:\/\/www.fiscalia.gov.co\/colombia\/wp-content\/uploads\/Rubiel-de-Jesus-Gutierrez-Rincon.-Feminicidio-tentado.-Cartago-Valle-300x233.jpg\",\"datePublished\":\"2024-04-10T14:59:53+00:00\",\"dateModified\":\"2024-04-10T14:59:53+00:00\",\"description\":\"P\u00e1gina oficial de la Fiscal\u00eda General de la Naci\u00f3n \u2013 Colombia. Garantizamos el acceso efectivo a la justicia, la verdad y la reparaci\u00f3n de las v\u00edctimas de los delitos.\",\"breadcrumb\":{\"@id\":\"https:\/\/www.fiscalia.gov.co\/colombia\/noticias\/privado-de-la-libertad-un-hombre-senalado-de-tentativa-de-feminicidio-contra-su-companera-sentimental-en-cartago-valle-del-cauca\/#breadcrumb\"},\"inLanguage\":\"es-CO\",\"potentialAction\":[{\"@type\":\"ReadAction\",\"target\":[\"https:\/\/www.fiscalia.gov.co\/colombia\/noticias\/privado-de-la-libertad-un-hombre-senalado-de-tentativa-de-feminicidio-contra-su-companera-sentimental-en-cartago-valle-del-cauca\/\"]}]},{\"@type\":\"ImageObject\",\"inLanguage\":\"es-CO\",\"@id\":\"https:\/\/www.fiscalia.gov.co\/colombia\/noticias\/privado-de-la-libertad-un-hombre-senalado-de-tentativa-de-feminicidio-contra-su-companera-sentimental-en-cartago-valle-del-cauca\/#primaryimage\",\"url\":\"https:\/\/www.fiscalia.gov.co\/colombia\/wp-content\/uploads\/Rubiel-de-Jesus-Gutierrez-Rincon.-Feminicidio-tentado.-Cartago-Valle.jpg\",\"contentUrl\":\"https:\/\/www.fiscalia.gov.co\/colombia\/wp-content\/uploads\/Rubiel-de-Jesus-Gutierrez-Rincon.-Feminicidio-tentado.-Cartago-Valle.jpg\",\"width\":1600,\"height\":1245,\"caption\":\"Rubiel de Jes\u00fas Guti\u00e9rrez Rinc\u00f3n es se\u00f1alado de la tentativa de feminicidio de su compa\u00f1era sentimental, ocurrido el 19 de diciembre de 2023, en zona rural de Cartago (Valle del Cauca).\"},{\"@type\":\"BreadcrumbList\",\"@id\":\"https:\/\/www.fiscalia.gov.co\/colombia\/noticias\/privado-de-la-libertad-un-hombre-senalado-de-tentativa-de-feminicidio-contra-su-companera-sentimental-en-cartago-valle-del-cauca\/#breadcrumb\",\"itemListElement\":[{\"@type\":\"ListItem\",\"position\":1,\"name\":\"Home\",\"item\":\"https:\/\/www.fiscalia.gov.co\/colombia\/\"},{\"@type\":\"ListItem\",\"position\":2,\"name\":\"Privado de la libertad un hombre se\u00f1alado de tentativa de feminicidio contra su compa\u00f1era sentimental en Cartago (Valle del Cauca)\"}]},{\"@type\":\"WebSite\",\"@id\":\"https:\/\/www.fiscalia.gov.co\/colombia\/#website\",\"url\":\"https:\/\/www.fiscalia.gov.co\/colombia\/\",\"name\":\"Fiscal\u00eda General de la Naci\u00f3n\",\"description\":\"P\u00e1gina oficial de la Fiscal\u00eda General de la Naci\u00f3n \u2013 Colombia. Garantizamos el acceso efectivo a la justicia, la verdad y la reparaci\u00f3n de las v\u00edctimas de los delitos.\",\"publisher\":{\"@id\":\"https:\/\/www.fiscalia.gov.co\/colombia\/#organization\"},\"potentialAction\":[{\"@type\":\"SearchAction\",\"target\":{\"@type\":\"EntryPoint\",\"urlTemplate\":\"https:\/\/www.fiscalia.gov.co\/colombia\/?s={search_term_string}\"},\"query-input\":{\"@type\":\"PropertyValueSpecification\",\"valueRequired\":true,\"valueName\":\"search_term_string\"}}],\"inLanguage\":\"es-CO\"},{\"@type\":\"Organization\",\"@id\":\"https:\/\/www.fiscalia.gov.co\/colombia\/#organization\",\"name\":\"Fiscal\u00eda General de la Naci\u00f3n\",\"url\":\"https:\/\/www.fiscalia.gov.co\/colombia\/\",\"logo\":{\"@type\":\"ImageObject\",\"inLanguage\":\"es-CO\",\"@id\":\"https:\/\/www.fiscalia.gov.co\/colombia\/#\/schema\/logo\/image\/\",\"url\":\"https:\/\/www.fiscalia.gov.co\/colombia\/wp-content\/uploads\/LogoHorizontal_1.jpg\",\"contentUrl\":\"https:\/\/www.fiscalia.gov.co\/colombia\/wp-content\/uploads\/LogoHorizontal_1.jpg\",\"width\":300,\"height\":90,\"caption\":\"Fiscal\u00eda General de la Naci\u00f3n\"},\"image\":{\"@id\":\"https:\/\/www.fiscalia.gov.co\/colombia\/#\/schema\/logo\/image\/\"},\"sameAs\":[\"https:\/\/www.facebook.com\/FiscaliaCol\",\"https:\/\/x.com\/FiscaliaCol\",\"https:\/\/www.instagram.com\/fiscaliacol\",\"https:\/\/www.linkedin.com\/company\/fiscalia-general-de-la-naci-n\/\",\"https:\/\/youtube.com\/@fiscaliageneraldelanacion-4668?si=6nN79nyQICPU5iTh\"]},{\"@type\":\"Person\",\"@id\":\"https:\/\/www.fiscalia.gov.co\/colombia\/#\/schema\/person\/176195b99ebab0a52aafa15197e1bf80\",\"name\":\"Winnie Geraldine Rodr\u00edguez Navarrete\",\"image\":{\"@type\":\"ImageObject\",\"inLanguage\":\"es-CO\",\"@id\":\"https:\/\/www.fiscalia.gov.co\/colombia\/#\/schema\/person\/image\/\",\"url\":\"https:\/\/secure.gravatar.com\/avatar\/c24cf8481dc84fa5e8c7b20bc95ab0c6?s=96&d=mm&r=g\",\"contentUrl\":\"https:\/\/secure.gravatar.com\/avatar\/c24cf8481dc84fa5e8c7b20bc95ab0c6?s=96&d=mm&r=g\",\"caption\":\"Winnie Geraldine Rodr\u00edguez Navarrete\"},\"url\":\"https:\/\/www.fiscalia.gov.co\/colombia\/author\/winnierodriguez\/\"}]}<\/script>\n<!-- \/ Yoast SEO plugin. -->","yoast_head_json":{"title":"Fiscal\u00eda General de la Naci\u00f3n","description":"P\u00e1gina oficial de la Fiscal\u00eda General de la Naci\u00f3n \u2013 Colombia. Garantizamos el acceso efectivo a la justicia, la verdad y la reparaci\u00f3n de las v\u00edctimas de los delitos.","robots":{"index":"noindex","follow":"follow"},"og_locale":"es_ES","og_type":"article","og_title":"Fiscal\u00eda General de la Naci\u00f3n","og_description":"P\u00e1gina oficial de la Fiscal\u00eda General de la Naci\u00f3n \u2013 Colombia. Garantizamos el acceso efectivo a la justicia, la verdad y la reparaci\u00f3n de las v\u00edctimas de los delitos.","og_url":"https:\/\/www.fiscalia.gov.co\/colombia\/noticias\/privado-de-la-libertad-un-hombre-senalado-de-tentativa-de-feminicidio-contra-su-companera-sentimental-en-cartago-valle-del-cauca\/","og_site_name":"Fiscal\u00eda General de la Naci\u00f3n","article_publisher":"https:\/\/www.facebook.com\/FiscaliaCol","article_published_time":"2024-04-10T14:59:53+00:00","og_image":[{"url":"https:\/\/www.fiscalia.gov.co\/colombia\/wp-content\/uploads\/Rubiel-de-Jesus-Gutierrez-Rincon.-Feminicidio-tentado.-Cartago-Valle-300x233.jpg","type":"","width":"","height":""}],"author":"Winnie Geraldine Rodr\u00edguez Navarrete","twitter_card":"summary_large_image","twitter_creator":"@FiscaliaCol","twitter_site":"@FiscaliaCol","twitter_misc":{"Escrito por":"Winnie Geraldine Rodr\u00edguez Navarrete","Tiempo de lectura":"2 minutos"},"schema":{"@context":"https:\/\/schema.org","@graph":[{"@type":"Article","@id":"https:\/\/www.fiscalia.gov.co\/colombia\/noticias\/privado-de-la-libertad-un-hombre-senalado-de-tentativa-de-feminicidio-contra-su-companera-sentimental-en-cartago-valle-del-cauca\/#article","isPartOf":{"@id":"https:\/\/www.fiscalia.gov.co\/colombia\/noticias\/privado-de-la-libertad-un-hombre-senalado-de-tentativa-de-feminicidio-contra-su-companera-sentimental-en-cartago-valle-del-cauca\/"},"author":{"name":"Winnie Geraldine Rodr\u00edguez Navarrete","@id":"https:\/\/www.fiscalia.gov.co\/colombia\/#\/schema\/person\/176195b99ebab0a52aafa15197e1bf80"},"headline":"Privado de la libertad un hombre se\u00f1alado de tentativa de feminicidio contra su compa\u00f1era sentimental en Cartago (Valle del Cauca)","datePublished":"2024-04-10T14:59:53+00:00","dateModified":"2024-04-10T14:59:53+00:00","mainEntityOfPage":{"@id":"https:\/\/www.fiscalia.gov.co\/colombia\/noticias\/privado-de-la-libertad-un-hombre-senalado-de-tentativa-de-feminicidio-contra-su-companera-sentimental-en-cartago-valle-del-cauca\/"},"wordCount":365,"publisher":{"@id":"https:\/\/www.fiscalia.gov.co\/colombia\/#organization"},"image":{"@id":"https:\/\/www.fiscalia.gov.co\/colombia\/noticias\/privado-de-la-libertad-un-hombre-senalado-de-tentativa-de-feminicidio-contra-su-companera-sentimental-en-cartago-valle-del-cauca\/#primaryimage"},"thumbnailUrl":"https:\/\/www.fiscalia.gov.co\/colombia\/wp-content\/uploads\/Rubiel-de-Jesus-Gutierrez-Rincon.-Feminicidio-tentado.-Cartago-Valle-300x233.jpg","keywords":["Cartago (Valle del Cauca)","fiscal Camargo","Fiscal Luz Adriana Camargo","Fiscal\u00eda General de la Naci\u00f3n"],"articleSection":["Noticias"],"inLanguage":"es-CO"},{"@type":"WebPage","@id":"https:\/\/www.fiscalia.gov.co\/colombia\/noticias\/privado-de-la-libertad-un-hombre-senalado-de-tentativa-de-feminicidio-contra-su-companera-sentimental-en-cartago-valle-del-cauca\/","url":"https:\/\/www.fiscalia.gov.co\/colombia\/noticias\/privado-de-la-libertad-un-hombre-senalado-de-tentativa-de-feminicidio-contra-su-companera-sentimental-en-cartago-valle-del-cauca\/","name":"Fiscal\u00eda General de la Naci\u00f3n","isPartOf":{"@id":"https:\/\/www.fiscalia.gov.co\/colombia\/#website"},"primaryImageOfPage":{"@id":"https:\/\/www.fiscalia.gov.co\/colombia\/noticias\/privado-de-la-libertad-un-hombre-senalado-de-tentativa-de-feminicidio-contra-su-companera-sentimental-en-cartago-valle-del-cauca\/#primaryimage"},"image":{"@id":"https:\/\/www.fiscalia.gov.co\/colombia\/noticias\/privado-de-la-libertad-un-hombre-senalado-de-tentativa-de-feminicidio-contra-su-companera-sentimental-en-cartago-valle-del-cauca\/#primaryimage"},"thumbnailUrl":"https:\/\/www.fiscalia.gov.co\/colombia\/wp-content\/uploads\/Rubiel-de-Jesus-Gutierrez-Rincon.-Feminicidio-tentado.-Cartago-Valle-300x233.jpg","datePublished":"2024-04-10T14:59:53+00:00","dateModified":"2024-04-10T14:59:53+00:00","description":"P\u00e1gina oficial de la Fiscal\u00eda General de la Naci\u00f3n \u2013 Colombia. Garantizamos el acceso efectivo a la justicia, la verdad y la reparaci\u00f3n de las v\u00edctimas de los delitos.","breadcrumb":{"@id":"https:\/\/www.fiscalia.gov.co\/colombia\/noticias\/privado-de-la-libertad-un-hombre-senalado-de-tentativa-de-feminicidio-contra-su-companera-sentimental-en-cartago-valle-del-cauca\/#breadcrumb"},"inLanguage":"es-CO","potentialAction":[{"@type":"ReadAction","target":["https:\/\/www.fiscalia.gov.co\/colombia\/noticias\/privado-de-la-libertad-un-hombre-senalado-de-tentativa-de-feminicidio-contra-su-companera-sentimental-en-cartago-valle-del-cauca\/"]}]},{"@type":"ImageObject","inLanguage":"es-CO","@id":"https:\/\/www.fiscalia.gov.co\/colombia\/noticias\/privado-de-la-libertad-un-hombre-senalado-de-tentativa-de-feminicidio-contra-su-companera-sentimental-en-cartago-valle-del-cauca\/#primaryimage","url":"https:\/\/www.fiscalia.gov.co\/colombia\/wp-content\/uploads\/Rubiel-de-Jesus-Gutierrez-Rincon.-Feminicidio-tentado.-Cartago-Valle.jpg","contentUrl":"https:\/\/www.fiscalia.gov.co\/colombia\/wp-content\/uploads\/Rubiel-de-Jesus-Gutierrez-Rincon.-Feminicidio-tentado.-Cartago-Valle.jpg","width":1600,"height":1245,"caption":"Rubiel de Jes\u00fas Guti\u00e9rrez Rinc\u00f3n es se\u00f1alado de la tentativa de feminicidio de su compa\u00f1era sentimental, ocurrido el 19 de diciembre de 2023, en zona rural de Cartago (Valle del Cauca)."},{"@type":"BreadcrumbList","@id":"https:\/\/www.fiscalia.gov.co\/colombia\/noticias\/privado-de-la-libertad-un-hombre-senalado-de-tentativa-de-feminicidio-contra-su-companera-sentimental-en-cartago-valle-del-cauca\/#breadcrumb","itemListElement":[{"@type":"ListItem","position":1,"name":"Home","item":"https:\/\/www.fiscalia.gov.co\/colombia\/"},{"@type":"ListItem","position":2,"name":"Privado de la libertad un hombre se\u00f1alado de tentativa de feminicidio contra su compa\u00f1era sentimental en Cartago (Valle del Cauca)"}]},{"@type":"WebSite","@id":"https:\/\/www.fiscalia.gov.co\/colombia\/#website","url":"https:\/\/www.fiscalia.gov.co\/colombia\/","name":"Fiscal\u00eda General de la Naci\u00f3n","description":"P\u00e1gina oficial de la Fiscal\u00eda General de la Naci\u00f3n \u2013 Colombia. Garantizamos el acceso efectivo a la justicia, la verdad y la reparaci\u00f3n de las v\u00edctimas de los delitos.","publisher":{"@id":"https:\/\/www.fiscalia.gov.co\/colombia\/#organization"},"potentialAction":[{"@type":"SearchAction","target":{"@type":"EntryPoint","urlTemplate":"https:\/\/www.fiscalia.gov.co\/colombia\/?s={search_term_string}"},"query-input":{"@type":"PropertyValueSpecification","valueRequired":true,"valueName":"search_term_string"}}],"inLanguage":"es-CO"},{"@type":"Organization","@id":"https:\/\/www.fiscalia.gov.co\/colombia\/#organization","name":"Fiscal\u00eda General de la Naci\u00f3n","url":"https:\/\/www.fiscalia.gov.co\/colombia\/","logo":{"@type":"ImageObject","inLanguage":"es-CO","@id":"https:\/\/www.fiscalia.gov.co\/colombia\/#\/schema\/logo\/image\/","url":"https:\/\/www.fiscalia.gov.co\/colombia\/wp-content\/uploads\/LogoHorizontal_1.jpg","contentUrl":"https:\/\/www.fiscalia.gov.co\/colombia\/wp-content\/uploads\/LogoHorizontal_1.jpg","width":300,"height":90,"caption":"Fiscal\u00eda General de la Naci\u00f3n"},"image":{"@id":"https:\/\/www.fiscalia.gov.co\/colombia\/#\/schema\/logo\/image\/"},"sameAs":["https:\/\/www.facebook.com\/FiscaliaCol","https:\/\/x.com\/FiscaliaCol","https:\/\/www.instagram.com\/fiscaliacol","https:\/\/www.linkedin.com\/company\/fiscalia-general-de-la-naci-n\/","https:\/\/youtube.com\/@fiscaliageneraldelanacion-4668?si=6nN79nyQICPU5iTh"]},{"@type":"Person","@id":"https:\/\/www.fiscalia.gov.co\/colombia\/#\/schema\/person\/176195b99ebab0a52aafa15197e1bf80","name":"Winnie Geraldine Rodr\u00edguez Navarrete","image":{"@type":"ImageObject","inLanguage":"es-CO","@id":"https:\/\/www.fiscalia.gov.co\/colombia\/#\/schema\/person\/image\/","url":"https:\/\/secure.gravatar.com\/avatar\/c24cf8481dc84fa5e8c7b20bc95ab0c6?s=96&d=mm&r=g","contentUrl":"https:\/\/secure.gravatar.com\/avatar\/c24cf8481dc84fa5e8c7b20bc95ab0c6?s=96&d=mm&r=g","caption":"Winnie Geraldine Rodr\u00edguez Navarrete"},"url":"https:\/\/www.fiscalia.gov.co\/colombia\/author\/winnierodriguez\/"}]}},"_links":{"self":[{"href":"https:\/\/www.fiscalia.gov.co\/colombia\/wp-json\/wp\/v2\/posts\/292790","targetHints":{"allow":["GET"]}}],"collection":[{"href":"https:\/\/www.fiscalia.gov.co\/colombia\/wp-json\/wp\/v2\/posts"}],"about":[{"href":"https:\/\/www.fiscalia.gov.co\/colombia\/wp-json\/wp\/v2\/types\/post"}],"author":[{"embeddable":true,"href":"https:\/\/www.fiscalia.gov.co\/colombia\/wp-json\/wp\/v2\/users\/178"}],"replies":[{"embeddable":true,"href":"https:\/\/www.fiscalia.gov.co\/colombia\/wp-json\/wp\/v2\/comments?post=292790"}],"version-history":[{"count":1,"href":"https:\/\/www.fiscalia.gov.co\/colombia\/wp-json\/wp\/v2\/posts\/292790\/revisions"}],"predecessor-version":[{"id":292792,"href":"https:\/\/www.fiscalia.gov.co\/colombia\/wp-json\/wp\/v2\/posts\/292790\/revisions\/292792"}],"wp:attachment":[{"href":"https:\/\/www.fiscalia.gov.co\/colombia\/wp-json\/wp\/v2\/media?parent=292790"}],"wp:term":[{"taxonomy":"category","embeddable":true,"href":"https:\/\/www.fiscalia.gov.co\/colombia\/wp-json\/wp\/v2\/categories?post=292790"},{"taxonomy":"post_tag","embeddable":true,"href":"https:\/\/www.fiscalia.gov.co\/colombia\/wp-json\/wp\/v2\/tags?post=292790"}],"curies":[{"name":"wp","href":"https:\/\/api.w.org\/{rel}","templated":true}]}}