{"id":292458,"date":"2024-04-08T09:28:45","date_gmt":"2024-04-08T14:28:45","guid":{"rendered":"https:\/\/www.fiscalia.gov.co\/colombia\/?p=292458"},"modified":"2024-04-08T09:29:56","modified_gmt":"2024-04-08T14:29:56","slug":"carcel-para-hombre-que-habria-secuestrado-torturado-y-abusado-sexualmente-de-su-pareja-sentimental-en-arjona-bolivar","status":"publish","type":"post","link":"https:\/\/www.fiscalia.gov.co\/colombia\/noticias\/carcel-para-hombre-que-habria-secuestrado-torturado-y-abusado-sexualmente-de-su-pareja-sentimental-en-arjona-bolivar\/","title":{"rendered":"C\u00e1rcel para hombre que habr\u00eda secuestrado, torturado y abusado sexualmente de su pareja sentimental en Arjona (Bol\u00edvar)"},"content":{"rendered":"<h4><strong><i>La investigaci\u00f3n adelantada por el CTI de la Fiscal\u00eda logr\u00f3 establecer que el procesado presuntamente la someti\u00f3 a todo tipo de vej\u00e1menes durante tres meses.<\/i><\/strong><\/h4>\n<p>La contundencia del material probatorio aportado por una fiscal especializada de Cartagena fue determinante para que un juez de control de garant\u00edas impusiera medida de aseguramiento en centro carcelario contra un hombre de 27 a\u00f1os, que al parecer <strong>secuestr\u00f3, tortur\u00f3 y accedi\u00f3 carnalmente a su pareja sentimental.<\/strong><\/p>\n<p>Los hechos se registraron en una vivienda del barrio El Progreso, en el municipio de Arjona (Bol\u00edvar), durante diciembre de 2023 y febrero del presente a\u00f1o, tiempo durante el cual<strong> el procesado presuntamente mantuvo encerrada y amarrada a su compa\u00f1era de 33 a\u00f1os y la someti\u00f3 a todo tipo de vej\u00e1menes.<\/strong><\/p>\n<figure id=\"attachment_292462\" aria-describedby=\"caption-attachment-292462\" style=\"width: 398px\" class=\"wp-caption aligncenter\"><img loading=\"lazy\" decoding=\"async\" class=\" wp-image-292462\" src=\"https:\/\/www.fiscalia.gov.co\/colombia\/wp-content\/uploads\/Foto-6-de-abril-tortura-acceso-carnal-Arjona-300x169.jpeg\" alt=\"En la imagen est\u00e1 un hombre moreno, de pie, con los brazos atr\u00e1s, de contextura gruesa, vestido de buzo y jean azul, con el rostro difuso, custodiado por dos funcionarios del CTI. Detr\u00e1s de ellos hay un pend\u00f3n azul de la Fiscal\u00eda.\" width=\"398\" height=\"224\" srcset=\"https:\/\/www.fiscalia.gov.co\/colombia\/wp-content\/uploads\/Foto-6-de-abril-tortura-acceso-carnal-Arjona-300x169.jpeg 300w, https:\/\/www.fiscalia.gov.co\/colombia\/wp-content\/uploads\/Foto-6-de-abril-tortura-acceso-carnal-Arjona-1024x576.jpeg 1024w, https:\/\/www.fiscalia.gov.co\/colombia\/wp-content\/uploads\/Foto-6-de-abril-tortura-acceso-carnal-Arjona-768x432.jpeg 768w, https:\/\/www.fiscalia.gov.co\/colombia\/wp-content\/uploads\/Foto-6-de-abril-tortura-acceso-carnal-Arjona-1536x864.jpeg 1536w, https:\/\/www.fiscalia.gov.co\/colombia\/wp-content\/uploads\/Foto-6-de-abril-tortura-acceso-carnal-Arjona-696x392.jpeg 696w, https:\/\/www.fiscalia.gov.co\/colombia\/wp-content\/uploads\/Foto-6-de-abril-tortura-acceso-carnal-Arjona-1068x601.jpeg 1068w, https:\/\/www.fiscalia.gov.co\/colombia\/wp-content\/uploads\/Foto-6-de-abril-tortura-acceso-carnal-Arjona-747x420.jpeg 747w, https:\/\/www.fiscalia.gov.co\/colombia\/wp-content\/uploads\/Foto-6-de-abril-tortura-acceso-carnal-Arjona.jpeg 1600w\" sizes=\"auto, (max-width: 398px) 100vw, 398px\" \/><figcaption id=\"caption-attachment-292462\" class=\"wp-caption-text\">Tras su captura la Fiscal\u00eda le imput\u00f3 al hombre los delitos de tentativa de feminicidio agravado, secuestro simple agravado, tortura agravada y acceso carnal violento agravado<\/figcaption><\/figure>\n<p>De acuerdo con la investigaci\u00f3n adelantada por funcionarios del Cuerpo T\u00e9cnico de Investigaci\u00f3n (CTI), durante el cautiverio el hoy implicado no la dejaba comunicarse con sus familiares y que adem\u00e1s la habr\u00eda golpeado de manera permanente en cuerpo y rostro, hasta intentar asfixiarla.<\/p>\n<p><strong>La madre del presunto agresor, que se percat\u00f3 de la situaci\u00f3n, dio aviso a las autoridades que lograron rescatar a la mujer y trasladarla hasta un centro asistencial donde permaneci\u00f3 en recuperaci\u00f3n por varios d\u00edas.<\/strong> En ese momento el procesado logr\u00f3 huir.<\/p>\n<p>La gravedad de las lesiones que le causaron los maltratos a la v\u00edctima la obligaron posteriormente a ser recluida en un hospital especializado, donde poco a poco se ha ido recuperando de las heridas f\u00edsicas y sicol\u00f3gicas.<\/p>\n<p>Mediante orden judicial el procesado fue capturado este 4 de abril en una v\u00eda p\u00fablica de Arjona.<\/p>\n<p><b>Le puede interesar<\/b>: <a id=\"m_4246915196237636353m_5850599541763308249OWAd6dd431c-0296-3dab-2098-2ce931cc8393\" title=\"A la c\u00e1rcel hombre quien habr\u00eda abusado de una menor de 7 a\u00f1os de edad\" href=\"https:\/\/www.fiscalia.gov.co\/colombia\/noticias\/a-la-carcel-hombre-quien-habria-abusado-de-una-menor-de-7-anos-de-edad\/\" target=\"_blank\" rel=\"noopener noreferrer\" data-saferedirecturl=\"https:\/\/www.google.com\/url?q=https:\/\/www.fiscalia.gov.co\/colombia\/noticias\/a-la-carcel-hombre-quien-habria-abusado-de-una-menor-de-7-anos-de-edad\/&amp;source=gmail&amp;ust=1712672472670000&amp;usg=AOvVaw3UQKEg5Fdjx_ZQgeFw-Lfl\">A la c\u00e1rcel hombre quien habr\u00eda abusado de una menor de 7 a\u00f1os de edad<\/a><\/p>\n<p>En el desarrollo de las audiencias concentradas el hombre no acept\u00f3 su responsabilidad en los delitos de tentativa de<strong><a href=\"https:\/\/www.fiscalia.gov.co\/colombia\/noticias\/un-hombre-procesado-por-feminicidio-agravado-fue-enviado-a-la-carcel-en-popayan\/\"> feminicidio agravado,<\/a> <\/strong>secuestro simple agravado, tortura agravada y acceso carnal violento agravado que le imput\u00f3 la Fiscal\u00eda.<\/p>\n<p>Por disposici\u00f3n del juez su reclusi\u00f3n se llevar\u00e1 a cabo en la C\u00e1rcel San Sebasti\u00e1n Ternera de Cartagena.<\/p>\n<p>Esta informaci\u00f3n se publica por razones de inter\u00e9s general.<\/p>\n<p>&nbsp;<\/p>\n<p>&nbsp;<\/p>\n<p>&nbsp;<\/p>\n<p>MEVA\/CFG\/RJGD\/DSB<\/p>\n<p>&nbsp;<\/p>\n<p>&nbsp;<\/p>\n<p><b>\u00a0<\/b><\/p>\n<p><em>La informaci\u00f3n contenida en este bolet\u00edn de prensa corresponde a la narraci\u00f3n de los hechos noticiosos objetivos, suministrados por los funcionarios encargados de adelantar las investigaciones penales al interior de la Fiscal\u00eda General de la Naci\u00f3n. Para el momento de la divulgaci\u00f3n de este comunicado, la situaci\u00f3n jur\u00eddica de la(s) persona(s) relacionada(s) se encuentra pendiente de resolver por la autoridad\u00a0judicial competente, siempre bajo los preceptos de la presunci\u00f3n de inocencia, consagrados en el art\u00edculo 29 de la Constituci\u00f3n Pol\u00edtica y el art\u00edculo 7\u00ba de la Ley 906 de 2004.\u00a0<\/em><\/p>\n\n<div class=\"twitter-share\"><a href=\"https:\/\/twitter.com\/intent\/tweet?via=fiscaliacol\" class=\"twitter-share-button\">Tweet<\/a><\/div>\n","protected":false},"excerpt":{"rendered":"<p>La investigaci\u00f3n adelantada por el CTI de la Fiscal\u00eda logr\u00f3 establecer que el procesado presuntamente la someti\u00f3 a todo tipo de vej\u00e1menes durante tres meses. La contundencia del material probatorio aportado por una fiscal especializada de Cartagena fue determinante para que un juez de control de garant\u00edas impusiera medida de aseguramiento en centro carcelario contra [&hellip;]<\/p>\n","protected":false},"author":178,"featured_media":0,"comment_status":"closed","ping_status":"open","sticky":false,"template":"","format":"standard","meta":{"tdm_status":"","tdm_grid_status":"","footnotes":""},"categories":[1,24127],"tags":[23966,32910,9082,23998,7815,37605,13442,37491,37492,24187,1047,37607,8303,37493,558,23964,37606,23976],"class_list":{"0":"post-292458","1":"post","2":"type-post","3":"status-publish","4":"format-standard","6":"category-noticias","7":"category-violencia-sexual-e-intrafamiliar","8":"tag-acceso-carnal-violento","9":"tag-arjona","10":"tag-bolivar","11":"tag-cartagena-bolivar","12":"tag-companera-sentimental","13":"tag-danos","14":"tag-feminicidio","15":"tag-fiscal-camargo","16":"tag-fiscal-luz-adriana-camargo","17":"tag-fiscalia-colombia","18":"tag-fiscalia-general-de-la-nacion","19":"tag-fisicos","20":"tag-hospital","21":"tag-luz-adriana-camargo","22":"tag-policia-nacional","23":"tag-secuestro","24":"tag-sicologicos","25":"tag-tortura"},"yoast_head":"<!-- This site is optimized with the Yoast SEO plugin v24.3 - https:\/\/yoast.com\/wordpress\/plugins\/seo\/ -->\n<title>Fiscal\u00eda General de la Naci\u00f3n<\/title>\n<meta name=\"description\" content=\"P\u00e1gina oficial de la Fiscal\u00eda General de la Naci\u00f3n \u2013 Colombia. Garantizamos el acceso efectivo a la justicia, la verdad y la reparaci\u00f3n de las v\u00edctimas de los delitos.\" \/>\n<meta name=\"robots\" content=\"noindex, follow\" \/>\n<meta property=\"og:locale\" content=\"es_ES\" \/>\n<meta property=\"og:type\" content=\"article\" \/>\n<meta property=\"og:title\" content=\"Fiscal\u00eda General de la Naci\u00f3n\" \/>\n<meta property=\"og:description\" content=\"P\u00e1gina oficial de la Fiscal\u00eda General de la Naci\u00f3n \u2013 Colombia. Garantizamos el acceso efectivo a la justicia, la verdad y la reparaci\u00f3n de las v\u00edctimas de los delitos.\" \/>\n<meta property=\"og:url\" content=\"https:\/\/www.fiscalia.gov.co\/colombia\/noticias\/carcel-para-hombre-que-habria-secuestrado-torturado-y-abusado-sexualmente-de-su-pareja-sentimental-en-arjona-bolivar\/\" \/>\n<meta property=\"og:site_name\" content=\"Fiscal\u00eda General de la Naci\u00f3n\" \/>\n<meta property=\"article:publisher\" content=\"https:\/\/www.facebook.com\/FiscaliaCol\" \/>\n<meta property=\"article:published_time\" content=\"2024-04-08T14:28:45+00:00\" \/>\n<meta property=\"article:modified_time\" content=\"2024-04-08T14:29:56+00:00\" \/>\n<meta property=\"og:image\" content=\"https:\/\/www.fiscalia.gov.co\/colombia\/wp-content\/uploads\/Foto-6-de-abril-tortura-acceso-carnal-Arjona-300x169.jpeg\" \/>\n<meta name=\"author\" content=\"Winnie Geraldine Rodr\u00edguez Navarrete\" \/>\n<meta name=\"twitter:card\" content=\"summary_large_image\" \/>\n<meta name=\"twitter:creator\" content=\"@FiscaliaCol\" \/>\n<meta name=\"twitter:site\" content=\"@FiscaliaCol\" \/>\n<meta name=\"twitter:label1\" content=\"Escrito por\" \/>\n\t<meta name=\"twitter:data1\" content=\"Winnie Geraldine Rodr\u00edguez Navarrete\" \/>\n\t<meta name=\"twitter:label2\" content=\"Tiempo de lectura\" \/>\n\t<meta name=\"twitter:data2\" content=\"3 minutos\" \/>\n<script type=\"application\/ld+json\" class=\"yoast-schema-graph\">{\"@context\":\"https:\/\/schema.org\",\"@graph\":[{\"@type\":\"Article\",\"@id\":\"https:\/\/www.fiscalia.gov.co\/colombia\/noticias\/carcel-para-hombre-que-habria-secuestrado-torturado-y-abusado-sexualmente-de-su-pareja-sentimental-en-arjona-bolivar\/#article\",\"isPartOf\":{\"@id\":\"https:\/\/www.fiscalia.gov.co\/colombia\/noticias\/carcel-para-hombre-que-habria-secuestrado-torturado-y-abusado-sexualmente-de-su-pareja-sentimental-en-arjona-bolivar\/\"},\"author\":{\"name\":\"Winnie Geraldine Rodr\u00edguez Navarrete\",\"@id\":\"https:\/\/www.fiscalia.gov.co\/colombia\/#\/schema\/person\/176195b99ebab0a52aafa15197e1bf80\"},\"headline\":\"C\u00e1rcel para hombre que habr\u00eda secuestrado, torturado y abusado sexualmente de su pareja sentimental en Arjona (Bol\u00edvar)\",\"datePublished\":\"2024-04-08T14:28:45+00:00\",\"dateModified\":\"2024-04-08T14:29:56+00:00\",\"mainEntityOfPage\":{\"@id\":\"https:\/\/www.fiscalia.gov.co\/colombia\/noticias\/carcel-para-hombre-que-habria-secuestrado-torturado-y-abusado-sexualmente-de-su-pareja-sentimental-en-arjona-bolivar\/\"},\"wordCount\":536,\"publisher\":{\"@id\":\"https:\/\/www.fiscalia.gov.co\/colombia\/#organization\"},\"image\":{\"@id\":\"https:\/\/www.fiscalia.gov.co\/colombia\/noticias\/carcel-para-hombre-que-habria-secuestrado-torturado-y-abusado-sexualmente-de-su-pareja-sentimental-en-arjona-bolivar\/#primaryimage\"},\"thumbnailUrl\":\"https:\/\/www.fiscalia.gov.co\/colombia\/wp-content\/uploads\/Foto-6-de-abril-tortura-acceso-carnal-Arjona-300x169.jpeg\",\"keywords\":[\"Acceso carnal violento\",\"Arjona\",\"Bol\u00edvar\",\"Cartagena (Bol\u00edvar)\",\"Compa\u00f1era sentimental\",\"da\u00f1os\",\"Feminicidio\",\"fiscal Camargo\",\"Fiscal Luz Adriana Camargo\",\"Fiscal\u00eda Colombia\",\"Fiscal\u00eda General de la Naci\u00f3n\",\"f\u00edsicos\",\"Hospital\",\"Luz Adriana Camargo\",\"Polic\u00eda Nacional\",\"Secuestro\",\"sicol\u00f3gicos\",\"Tortura\"],\"articleSection\":[\"Noticias\",\"Violencia sexual e intrafamiliar\"],\"inLanguage\":\"es-CO\"},{\"@type\":\"WebPage\",\"@id\":\"https:\/\/www.fiscalia.gov.co\/colombia\/noticias\/carcel-para-hombre-que-habria-secuestrado-torturado-y-abusado-sexualmente-de-su-pareja-sentimental-en-arjona-bolivar\/\",\"url\":\"https:\/\/www.fiscalia.gov.co\/colombia\/noticias\/carcel-para-hombre-que-habria-secuestrado-torturado-y-abusado-sexualmente-de-su-pareja-sentimental-en-arjona-bolivar\/\",\"name\":\"Fiscal\u00eda General de la Naci\u00f3n\",\"isPartOf\":{\"@id\":\"https:\/\/www.fiscalia.gov.co\/colombia\/#website\"},\"primaryImageOfPage\":{\"@id\":\"https:\/\/www.fiscalia.gov.co\/colombia\/noticias\/carcel-para-hombre-que-habria-secuestrado-torturado-y-abusado-sexualmente-de-su-pareja-sentimental-en-arjona-bolivar\/#primaryimage\"},\"image\":{\"@id\":\"https:\/\/www.fiscalia.gov.co\/colombia\/noticias\/carcel-para-hombre-que-habria-secuestrado-torturado-y-abusado-sexualmente-de-su-pareja-sentimental-en-arjona-bolivar\/#primaryimage\"},\"thumbnailUrl\":\"https:\/\/www.fiscalia.gov.co\/colombia\/wp-content\/uploads\/Foto-6-de-abril-tortura-acceso-carnal-Arjona-300x169.jpeg\",\"datePublished\":\"2024-04-08T14:28:45+00:00\",\"dateModified\":\"2024-04-08T14:29:56+00:00\",\"description\":\"P\u00e1gina oficial de la Fiscal\u00eda General de la Naci\u00f3n \u2013 Colombia. Garantizamos el acceso efectivo a la justicia, la verdad y la reparaci\u00f3n de las v\u00edctimas de los delitos.\",\"breadcrumb\":{\"@id\":\"https:\/\/www.fiscalia.gov.co\/colombia\/noticias\/carcel-para-hombre-que-habria-secuestrado-torturado-y-abusado-sexualmente-de-su-pareja-sentimental-en-arjona-bolivar\/#breadcrumb\"},\"inLanguage\":\"es-CO\",\"potentialAction\":[{\"@type\":\"ReadAction\",\"target\":[\"https:\/\/www.fiscalia.gov.co\/colombia\/noticias\/carcel-para-hombre-que-habria-secuestrado-torturado-y-abusado-sexualmente-de-su-pareja-sentimental-en-arjona-bolivar\/\"]}]},{\"@type\":\"ImageObject\",\"inLanguage\":\"es-CO\",\"@id\":\"https:\/\/www.fiscalia.gov.co\/colombia\/noticias\/carcel-para-hombre-que-habria-secuestrado-torturado-y-abusado-sexualmente-de-su-pareja-sentimental-en-arjona-bolivar\/#primaryimage\",\"url\":\"https:\/\/www.fiscalia.gov.co\/colombia\/wp-content\/uploads\/Foto-6-de-abril-tortura-acceso-carnal-Arjona-300x169.jpeg\",\"contentUrl\":\"https:\/\/www.fiscalia.gov.co\/colombia\/wp-content\/uploads\/Foto-6-de-abril-tortura-acceso-carnal-Arjona-300x169.jpeg\"},{\"@type\":\"BreadcrumbList\",\"@id\":\"https:\/\/www.fiscalia.gov.co\/colombia\/noticias\/carcel-para-hombre-que-habria-secuestrado-torturado-y-abusado-sexualmente-de-su-pareja-sentimental-en-arjona-bolivar\/#breadcrumb\",\"itemListElement\":[{\"@type\":\"ListItem\",\"position\":1,\"name\":\"Home\",\"item\":\"https:\/\/www.fiscalia.gov.co\/colombia\/\"},{\"@type\":\"ListItem\",\"position\":2,\"name\":\"C\u00e1rcel para hombre que habr\u00eda secuestrado, torturado y abusado sexualmente de su pareja sentimental en Arjona (Bol\u00edvar)\"}]},{\"@type\":\"WebSite\",\"@id\":\"https:\/\/www.fiscalia.gov.co\/colombia\/#website\",\"url\":\"https:\/\/www.fiscalia.gov.co\/colombia\/\",\"name\":\"Fiscal\u00eda General de la Naci\u00f3n\",\"description\":\"P\u00e1gina oficial de la Fiscal\u00eda General de la Naci\u00f3n \u2013 Colombia. Garantizamos el acceso efectivo a la justicia, la verdad y la reparaci\u00f3n de las v\u00edctimas de los delitos.\",\"publisher\":{\"@id\":\"https:\/\/www.fiscalia.gov.co\/colombia\/#organization\"},\"potentialAction\":[{\"@type\":\"SearchAction\",\"target\":{\"@type\":\"EntryPoint\",\"urlTemplate\":\"https:\/\/www.fiscalia.gov.co\/colombia\/?s={search_term_string}\"},\"query-input\":{\"@type\":\"PropertyValueSpecification\",\"valueRequired\":true,\"valueName\":\"search_term_string\"}}],\"inLanguage\":\"es-CO\"},{\"@type\":\"Organization\",\"@id\":\"https:\/\/www.fiscalia.gov.co\/colombia\/#organization\",\"name\":\"Fiscal\u00eda General de la Naci\u00f3n\",\"url\":\"https:\/\/www.fiscalia.gov.co\/colombia\/\",\"logo\":{\"@type\":\"ImageObject\",\"inLanguage\":\"es-CO\",\"@id\":\"https:\/\/www.fiscalia.gov.co\/colombia\/#\/schema\/logo\/image\/\",\"url\":\"https:\/\/www.fiscalia.gov.co\/colombia\/wp-content\/uploads\/LogoHorizontal_1.jpg\",\"contentUrl\":\"https:\/\/www.fiscalia.gov.co\/colombia\/wp-content\/uploads\/LogoHorizontal_1.jpg\",\"width\":300,\"height\":90,\"caption\":\"Fiscal\u00eda General de la Naci\u00f3n\"},\"image\":{\"@id\":\"https:\/\/www.fiscalia.gov.co\/colombia\/#\/schema\/logo\/image\/\"},\"sameAs\":[\"https:\/\/www.facebook.com\/FiscaliaCol\",\"https:\/\/x.com\/FiscaliaCol\",\"https:\/\/www.instagram.com\/fiscaliacol\",\"https:\/\/www.linkedin.com\/company\/fiscalia-general-de-la-naci-n\/\",\"https:\/\/youtube.com\/@fiscaliageneraldelanacion-4668?si=6nN79nyQICPU5iTh\"]},{\"@type\":\"Person\",\"@id\":\"https:\/\/www.fiscalia.gov.co\/colombia\/#\/schema\/person\/176195b99ebab0a52aafa15197e1bf80\",\"name\":\"Winnie Geraldine Rodr\u00edguez Navarrete\",\"image\":{\"@type\":\"ImageObject\",\"inLanguage\":\"es-CO\",\"@id\":\"https:\/\/www.fiscalia.gov.co\/colombia\/#\/schema\/person\/image\/\",\"url\":\"https:\/\/secure.gravatar.com\/avatar\/c24cf8481dc84fa5e8c7b20bc95ab0c6?s=96&d=mm&r=g\",\"contentUrl\":\"https:\/\/secure.gravatar.com\/avatar\/c24cf8481dc84fa5e8c7b20bc95ab0c6?s=96&d=mm&r=g\",\"caption\":\"Winnie Geraldine Rodr\u00edguez Navarrete\"},\"url\":\"https:\/\/www.fiscalia.gov.co\/colombia\/author\/winnierodriguez\/\"}]}<\/script>\n<!-- \/ Yoast SEO plugin. -->","yoast_head_json":{"title":"Fiscal\u00eda General de la Naci\u00f3n","description":"P\u00e1gina oficial de la Fiscal\u00eda General de la Naci\u00f3n \u2013 Colombia. Garantizamos el acceso efectivo a la justicia, la verdad y la reparaci\u00f3n de las v\u00edctimas de los delitos.","robots":{"index":"noindex","follow":"follow"},"og_locale":"es_ES","og_type":"article","og_title":"Fiscal\u00eda General de la Naci\u00f3n","og_description":"P\u00e1gina oficial de la Fiscal\u00eda General de la Naci\u00f3n \u2013 Colombia. Garantizamos el acceso efectivo a la justicia, la verdad y la reparaci\u00f3n de las v\u00edctimas de los delitos.","og_url":"https:\/\/www.fiscalia.gov.co\/colombia\/noticias\/carcel-para-hombre-que-habria-secuestrado-torturado-y-abusado-sexualmente-de-su-pareja-sentimental-en-arjona-bolivar\/","og_site_name":"Fiscal\u00eda General de la Naci\u00f3n","article_publisher":"https:\/\/www.facebook.com\/FiscaliaCol","article_published_time":"2024-04-08T14:28:45+00:00","article_modified_time":"2024-04-08T14:29:56+00:00","og_image":[{"url":"https:\/\/www.fiscalia.gov.co\/colombia\/wp-content\/uploads\/Foto-6-de-abril-tortura-acceso-carnal-Arjona-300x169.jpeg","type":"","width":"","height":""}],"author":"Winnie Geraldine Rodr\u00edguez Navarrete","twitter_card":"summary_large_image","twitter_creator":"@FiscaliaCol","twitter_site":"@FiscaliaCol","twitter_misc":{"Escrito por":"Winnie Geraldine Rodr\u00edguez Navarrete","Tiempo de lectura":"3 minutos"},"schema":{"@context":"https:\/\/schema.org","@graph":[{"@type":"Article","@id":"https:\/\/www.fiscalia.gov.co\/colombia\/noticias\/carcel-para-hombre-que-habria-secuestrado-torturado-y-abusado-sexualmente-de-su-pareja-sentimental-en-arjona-bolivar\/#article","isPartOf":{"@id":"https:\/\/www.fiscalia.gov.co\/colombia\/noticias\/carcel-para-hombre-que-habria-secuestrado-torturado-y-abusado-sexualmente-de-su-pareja-sentimental-en-arjona-bolivar\/"},"author":{"name":"Winnie Geraldine Rodr\u00edguez Navarrete","@id":"https:\/\/www.fiscalia.gov.co\/colombia\/#\/schema\/person\/176195b99ebab0a52aafa15197e1bf80"},"headline":"C\u00e1rcel para hombre que habr\u00eda secuestrado, torturado y abusado sexualmente de su pareja sentimental en Arjona (Bol\u00edvar)","datePublished":"2024-04-08T14:28:45+00:00","dateModified":"2024-04-08T14:29:56+00:00","mainEntityOfPage":{"@id":"https:\/\/www.fiscalia.gov.co\/colombia\/noticias\/carcel-para-hombre-que-habria-secuestrado-torturado-y-abusado-sexualmente-de-su-pareja-sentimental-en-arjona-bolivar\/"},"wordCount":536,"publisher":{"@id":"https:\/\/www.fiscalia.gov.co\/colombia\/#organization"},"image":{"@id":"https:\/\/www.fiscalia.gov.co\/colombia\/noticias\/carcel-para-hombre-que-habria-secuestrado-torturado-y-abusado-sexualmente-de-su-pareja-sentimental-en-arjona-bolivar\/#primaryimage"},"thumbnailUrl":"https:\/\/www.fiscalia.gov.co\/colombia\/wp-content\/uploads\/Foto-6-de-abril-tortura-acceso-carnal-Arjona-300x169.jpeg","keywords":["Acceso carnal violento","Arjona","Bol\u00edvar","Cartagena (Bol\u00edvar)","Compa\u00f1era sentimental","da\u00f1os","Feminicidio","fiscal Camargo","Fiscal Luz Adriana Camargo","Fiscal\u00eda Colombia","Fiscal\u00eda General de la Naci\u00f3n","f\u00edsicos","Hospital","Luz Adriana Camargo","Polic\u00eda Nacional","Secuestro","sicol\u00f3gicos","Tortura"],"articleSection":["Noticias","Violencia sexual e intrafamiliar"],"inLanguage":"es-CO"},{"@type":"WebPage","@id":"https:\/\/www.fiscalia.gov.co\/colombia\/noticias\/carcel-para-hombre-que-habria-secuestrado-torturado-y-abusado-sexualmente-de-su-pareja-sentimental-en-arjona-bolivar\/","url":"https:\/\/www.fiscalia.gov.co\/colombia\/noticias\/carcel-para-hombre-que-habria-secuestrado-torturado-y-abusado-sexualmente-de-su-pareja-sentimental-en-arjona-bolivar\/","name":"Fiscal\u00eda General de la Naci\u00f3n","isPartOf":{"@id":"https:\/\/www.fiscalia.gov.co\/colombia\/#website"},"primaryImageOfPage":{"@id":"https:\/\/www.fiscalia.gov.co\/colombia\/noticias\/carcel-para-hombre-que-habria-secuestrado-torturado-y-abusado-sexualmente-de-su-pareja-sentimental-en-arjona-bolivar\/#primaryimage"},"image":{"@id":"https:\/\/www.fiscalia.gov.co\/colombia\/noticias\/carcel-para-hombre-que-habria-secuestrado-torturado-y-abusado-sexualmente-de-su-pareja-sentimental-en-arjona-bolivar\/#primaryimage"},"thumbnailUrl":"https:\/\/www.fiscalia.gov.co\/colombia\/wp-content\/uploads\/Foto-6-de-abril-tortura-acceso-carnal-Arjona-300x169.jpeg","datePublished":"2024-04-08T14:28:45+00:00","dateModified":"2024-04-08T14:29:56+00:00","description":"P\u00e1gina oficial de la Fiscal\u00eda General de la Naci\u00f3n \u2013 Colombia. Garantizamos el acceso efectivo a la justicia, la verdad y la reparaci\u00f3n de las v\u00edctimas de los delitos.","breadcrumb":{"@id":"https:\/\/www.fiscalia.gov.co\/colombia\/noticias\/carcel-para-hombre-que-habria-secuestrado-torturado-y-abusado-sexualmente-de-su-pareja-sentimental-en-arjona-bolivar\/#breadcrumb"},"inLanguage":"es-CO","potentialAction":[{"@type":"ReadAction","target":["https:\/\/www.fiscalia.gov.co\/colombia\/noticias\/carcel-para-hombre-que-habria-secuestrado-torturado-y-abusado-sexualmente-de-su-pareja-sentimental-en-arjona-bolivar\/"]}]},{"@type":"ImageObject","inLanguage":"es-CO","@id":"https:\/\/www.fiscalia.gov.co\/colombia\/noticias\/carcel-para-hombre-que-habria-secuestrado-torturado-y-abusado-sexualmente-de-su-pareja-sentimental-en-arjona-bolivar\/#primaryimage","url":"https:\/\/www.fiscalia.gov.co\/colombia\/wp-content\/uploads\/Foto-6-de-abril-tortura-acceso-carnal-Arjona-300x169.jpeg","contentUrl":"https:\/\/www.fiscalia.gov.co\/colombia\/wp-content\/uploads\/Foto-6-de-abril-tortura-acceso-carnal-Arjona-300x169.jpeg"},{"@type":"BreadcrumbList","@id":"https:\/\/www.fiscalia.gov.co\/colombia\/noticias\/carcel-para-hombre-que-habria-secuestrado-torturado-y-abusado-sexualmente-de-su-pareja-sentimental-en-arjona-bolivar\/#breadcrumb","itemListElement":[{"@type":"ListItem","position":1,"name":"Home","item":"https:\/\/www.fiscalia.gov.co\/colombia\/"},{"@type":"ListItem","position":2,"name":"C\u00e1rcel para hombre que habr\u00eda secuestrado, torturado y abusado sexualmente de su pareja sentimental en Arjona (Bol\u00edvar)"}]},{"@type":"WebSite","@id":"https:\/\/www.fiscalia.gov.co\/colombia\/#website","url":"https:\/\/www.fiscalia.gov.co\/colombia\/","name":"Fiscal\u00eda General de la Naci\u00f3n","description":"P\u00e1gina oficial de la Fiscal\u00eda General de la Naci\u00f3n \u2013 Colombia. Garantizamos el acceso efectivo a la justicia, la verdad y la reparaci\u00f3n de las v\u00edctimas de los delitos.","publisher":{"@id":"https:\/\/www.fiscalia.gov.co\/colombia\/#organization"},"potentialAction":[{"@type":"SearchAction","target":{"@type":"EntryPoint","urlTemplate":"https:\/\/www.fiscalia.gov.co\/colombia\/?s={search_term_string}"},"query-input":{"@type":"PropertyValueSpecification","valueRequired":true,"valueName":"search_term_string"}}],"inLanguage":"es-CO"},{"@type":"Organization","@id":"https:\/\/www.fiscalia.gov.co\/colombia\/#organization","name":"Fiscal\u00eda General de la Naci\u00f3n","url":"https:\/\/www.fiscalia.gov.co\/colombia\/","logo":{"@type":"ImageObject","inLanguage":"es-CO","@id":"https:\/\/www.fiscalia.gov.co\/colombia\/#\/schema\/logo\/image\/","url":"https:\/\/www.fiscalia.gov.co\/colombia\/wp-content\/uploads\/LogoHorizontal_1.jpg","contentUrl":"https:\/\/www.fiscalia.gov.co\/colombia\/wp-content\/uploads\/LogoHorizontal_1.jpg","width":300,"height":90,"caption":"Fiscal\u00eda General de la Naci\u00f3n"},"image":{"@id":"https:\/\/www.fiscalia.gov.co\/colombia\/#\/schema\/logo\/image\/"},"sameAs":["https:\/\/www.facebook.com\/FiscaliaCol","https:\/\/x.com\/FiscaliaCol","https:\/\/www.instagram.com\/fiscaliacol","https:\/\/www.linkedin.com\/company\/fiscalia-general-de-la-naci-n\/","https:\/\/youtube.com\/@fiscaliageneraldelanacion-4668?si=6nN79nyQICPU5iTh"]},{"@type":"Person","@id":"https:\/\/www.fiscalia.gov.co\/colombia\/#\/schema\/person\/176195b99ebab0a52aafa15197e1bf80","name":"Winnie Geraldine Rodr\u00edguez Navarrete","image":{"@type":"ImageObject","inLanguage":"es-CO","@id":"https:\/\/www.fiscalia.gov.co\/colombia\/#\/schema\/person\/image\/","url":"https:\/\/secure.gravatar.com\/avatar\/c24cf8481dc84fa5e8c7b20bc95ab0c6?s=96&d=mm&r=g","contentUrl":"https:\/\/secure.gravatar.com\/avatar\/c24cf8481dc84fa5e8c7b20bc95ab0c6?s=96&d=mm&r=g","caption":"Winnie Geraldine Rodr\u00edguez Navarrete"},"url":"https:\/\/www.fiscalia.gov.co\/colombia\/author\/winnierodriguez\/"}]}},"_links":{"self":[{"href":"https:\/\/www.fiscalia.gov.co\/colombia\/wp-json\/wp\/v2\/posts\/292458","targetHints":{"allow":["GET"]}}],"collection":[{"href":"https:\/\/www.fiscalia.gov.co\/colombia\/wp-json\/wp\/v2\/posts"}],"about":[{"href":"https:\/\/www.fiscalia.gov.co\/colombia\/wp-json\/wp\/v2\/types\/post"}],"author":[{"embeddable":true,"href":"https:\/\/www.fiscalia.gov.co\/colombia\/wp-json\/wp\/v2\/users\/178"}],"replies":[{"embeddable":true,"href":"https:\/\/www.fiscalia.gov.co\/colombia\/wp-json\/wp\/v2\/comments?post=292458"}],"version-history":[{"count":4,"href":"https:\/\/www.fiscalia.gov.co\/colombia\/wp-json\/wp\/v2\/posts\/292458\/revisions"}],"predecessor-version":[{"id":292464,"href":"https:\/\/www.fiscalia.gov.co\/colombia\/wp-json\/wp\/v2\/posts\/292458\/revisions\/292464"}],"wp:attachment":[{"href":"https:\/\/www.fiscalia.gov.co\/colombia\/wp-json\/wp\/v2\/media?parent=292458"}],"wp:term":[{"taxonomy":"category","embeddable":true,"href":"https:\/\/www.fiscalia.gov.co\/colombia\/wp-json\/wp\/v2\/categories?post=292458"},{"taxonomy":"post_tag","embeddable":true,"href":"https:\/\/www.fiscalia.gov.co\/colombia\/wp-json\/wp\/v2\/tags?post=292458"}],"curies":[{"name":"wp","href":"https:\/\/api.w.org\/{rel}","templated":true}]}}