{"id":292309,"date":"2024-04-05T09:28:56","date_gmt":"2024-04-05T14:28:56","guid":{"rendered":"https:\/\/www.fiscalia.gov.co\/colombia\/?p=292309"},"modified":"2024-04-05T09:28:56","modified_gmt":"2024-04-05T14:28:56","slug":"joven-de-22-anos-privado-de-la-libertad-por-su-presunta-participacion-en-el-homicidio-de-un-hombre-en-el-espinal-tolima","status":"publish","type":"post","link":"https:\/\/www.fiscalia.gov.co\/colombia\/noticias\/joven-de-22-anos-privado-de-la-libertad-por-su-presunta-participacion-en-el-homicidio-de-un-hombre-en-el-espinal-tolima\/","title":{"rendered":"Joven de 22 a\u00f1os privado de la libertad por su presunta participaci\u00f3n en el homicidio de un hombre en El Espinal, Tolima"},"content":{"rendered":"<h4><strong><i>La Fiscal\u00eda conoci\u00f3 que v\u00edctima y victimario tendr\u00edan problemas personales desde tiempo atr\u00e1s. Figura en contra de la v\u00edctima varias denuncias por lesiones y amenazas que interpusiera en su contra el hoy privado de la libertad.<\/i><\/strong><\/h4>\n<figure id=\"attachment_292312\" aria-describedby=\"caption-attachment-292312\" style=\"width: 696px\" class=\"wp-caption aligncenter\"><img loading=\"lazy\" decoding=\"async\" class=\"size-large wp-image-292312\" src=\"https:\/\/www.fiscalia.gov.co\/colombia\/wp-content\/uploads\/asegurado-homicidio-espinal-1024x577.jpeg\" alt=\"en la imagen se ve una persona de espaldas detenida bajo custodia de servidores del CTI de la Fiscal\u00eda, Polic\u00eda y Ej\u00e9rcito. Delante suyo, backings institucionales.\" width=\"696\" height=\"392\" srcset=\"https:\/\/www.fiscalia.gov.co\/colombia\/wp-content\/uploads\/asegurado-homicidio-espinal-1024x577.jpeg 1024w, https:\/\/www.fiscalia.gov.co\/colombia\/wp-content\/uploads\/asegurado-homicidio-espinal-300x169.jpeg 300w, https:\/\/www.fiscalia.gov.co\/colombia\/wp-content\/uploads\/asegurado-homicidio-espinal-768x433.jpeg 768w, https:\/\/www.fiscalia.gov.co\/colombia\/wp-content\/uploads\/asegurado-homicidio-espinal-1536x866.jpeg 1536w, https:\/\/www.fiscalia.gov.co\/colombia\/wp-content\/uploads\/asegurado-homicidio-espinal-696x392.jpeg 696w, https:\/\/www.fiscalia.gov.co\/colombia\/wp-content\/uploads\/asegurado-homicidio-espinal-1068x602.jpeg 1068w, https:\/\/www.fiscalia.gov.co\/colombia\/wp-content\/uploads\/asegurado-homicidio-espinal-745x420.jpeg 745w, https:\/\/www.fiscalia.gov.co\/colombia\/wp-content\/uploads\/asegurado-homicidio-espinal.jpeg 1600w\" sizes=\"auto, (max-width: 696px) 100vw, 696px\" \/><figcaption id=\"caption-attachment-292312\" class=\"wp-caption-text\">Jos\u00e9 Arley Pe\u00f1a Orteg\u00f3n fue detenido por investigadores del CTI adscritos al Grupo de Vida de la Seccional Tolima en coordinaci\u00f3n con la Polic\u00eda y el Ej\u00e9rcito Nacional.<\/figcaption><\/figure>\n<p><a href=\"https:\/\/www.fiscalia.gov.co\/colombia\/noticias\/por-un-homicidio-ocurrido-en-el-espinal-tolima-un-hombre-fue-privado-de-la-libertad\/\">Por hechos ocurridos en el barrio Caballero y G\u00f3ngora de El Espinal, Tolima, en medio de la celebraci\u00f3n de las festividades \u00b4Sampedrinas<\/a>\u00b4 en el a\u00f1o 2022 cuando perdi\u00f3 la vida Carlos Alfredo Caicedo, un joven de 22 a\u00f1os fue afectado con medida de aseguramiento intramuros.<\/p>\n<p><strong>Se trata de Jos\u00e9 Arley Pe\u00f1a Orteg\u00f3n quien fue detenido esta semana en cumplimiento a la orden judicial que pesaba en su contra por el delito de homicidio<\/strong>, por investigadores del CTI adscritos al Grupo de Vida de la Fiscal\u00eda Seccional Tolima en coordinaci\u00f3n con la Polic\u00eda y el Ej\u00e9rcito Nacional.<\/p>\n<p><strong>Los hechos ocurrieron el 3 de julio del a\u00f1o en menci\u00f3n cuando la v\u00edctima se encontraba con otra persona en v\u00eda p\u00fablica departiendo en medio de las fiestas<\/strong>, y fue sorprendido por la espalda por Caicedo, seg\u00fan testigos, quien lo herir\u00eda en el pecho con arma blanca y luego se dar\u00eda a la huida.<\/p>\n<p>Pese a que el hombre llevaba un poncho cubriendo la mitad de su rostro, fue reconocido por testigos que adem\u00e1s lo identificaron como una persona residente en Su\u00e1rez de donde todos, incluida la v\u00edctima, era oriunda.<\/p>\n<p>El delegado fiscal de la Unidad de Vida que adelanta la investigaci\u00f3n tiene informaci\u00f3n que da cuenta que, desde hace a\u00f1os atr\u00e1s, v\u00edctima y victimario tendr\u00edan problemas personales e incluso el hoy privado de la libertad lo habr\u00eda denunciado por amenazas y lesiones.<\/p>\n<p>Al t\u00e9rmino de las audiencias preliminares no acept\u00f3 los cargos imputados.<\/p>\n<p>Esta informaci\u00f3n se hace p\u00fablica por razones de inter\u00e9s general.<\/p>\n<p>&nbsp;<\/p>\n<p>&nbsp;<\/p>\n<p>&nbsp;<\/p>\n<p>&nbsp;<\/p>\n<p>&nbsp;<\/p>\n<p>PAAM\/LYBT\/EFP\/AMBV\/DST<\/p>\n<p>&nbsp;<\/p>\n<p>&nbsp;<\/p>\n<p>&nbsp;<\/p>\n<p>&nbsp;<\/p>\n<p>&nbsp;<\/p>\n<p>&nbsp;<\/p>\n<div class=\"td-post-content tagdiv-type\">\n<div class=\"td-post-content tagdiv-type\">\n<div class=\"td-post-content tagdiv-type\">\n<div class=\"td-post-content tagdiv-type\">\n<div class=\"td-post-content tagdiv-type\">\n<div class=\"td-post-content tagdiv-type\">\n<div class=\"td-post-content tagdiv-type\">\n<div class=\"td-post-content tagdiv-type\">\n<p><em><span lang=\"ES\">La informaci\u00f3n contenida en este bolet\u00edn de prensa corresponde a la narraci\u00f3n de los hechos noticiosos objetivos, suministrados por los funcionarios encargados de adelantar las investigaciones penales al interior de la Fiscal\u00eda General de la Naci\u00f3n. Para el momento de la divulgaci\u00f3n de este comunicado, la situaci\u00f3n jur\u00eddica de la(s) persona(s) relacionada(s) se encuentra pendiente de resolver por la autoridad judicial competente, siempre bajo los preceptos de la presunci\u00f3n de inocencia, consagrados en el art\u00edculo 29 de la Constituci\u00f3n Pol\u00edtica y el art\u00edculo 7\u00ba de la Ley 906 de 2004.<\/span><\/em><\/p>\n<\/div>\n<\/div>\n<\/div>\n<\/div>\n<\/div>\n<\/div>\n<\/div>\n<\/div>\n<footer>\n<div class=\"td-post-source-tags\"><\/div>\n<div class=\"td-post-sharing-bottom\"><\/div>\n<\/footer>\n\n<div class=\"twitter-share\"><a href=\"https:\/\/twitter.com\/intent\/tweet?via=fiscaliacol\" class=\"twitter-share-button\">Tweet<\/a><\/div>\n","protected":false},"excerpt":{"rendered":"<p>La Fiscal\u00eda conoci\u00f3 que v\u00edctima y victimario tendr\u00edan problemas personales desde tiempo atr\u00e1s. Figura en contra de la v\u00edctima varias denuncias por lesiones y amenazas que interpusiera en su contra el hoy privado de la libertad. Por hechos ocurridos en el barrio Caballero y G\u00f3ngora de El Espinal, Tolima, en medio de la celebraci\u00f3n de [&hellip;]<\/p>\n","protected":false},"author":177,"featured_media":0,"comment_status":"closed","ping_status":"open","sticky":false,"template":"","format":"standard","meta":{"tdm_status":"","tdm_grid_status":"","footnotes":""},"categories":[1,329,303,24099],"tags":[37583,5180,45,667,24536,28249,1047,27982,409,558,26675,24211,11101,33379,12189,3417],"class_list":{"0":"post-292309","1":"post","2":"type-post","3":"status-publish","4":"format-standard","6":"category-noticias","7":"category-seccional-ibague","8":"category-seccionales","9":"category-seguridad-territorial","10":"tag-apunalar","11":"tag-arma-blanca","12":"tag-cti","13":"tag-ejercito","14":"tag-el-espinal","15":"tag-el-espinal-tolima","16":"tag-fiscalia-general-de-la-nacion","17":"tag-grupo-de-vida","18":"tag-homicidio","19":"tag-policia-nacional","20":"tag-problemas-personales","21":"tag-seccional-tolima","22":"tag-seguridad-ciudadana","23":"tag-suarez","24":"tag-tolima","25":"tag-unidad-de-vida"},"yoast_head":"<!-- This site is optimized with the Yoast SEO plugin v24.3 - https:\/\/yoast.com\/wordpress\/plugins\/seo\/ -->\n<title>Fiscal\u00eda General de la Naci\u00f3n<\/title>\n<meta name=\"description\" content=\"P\u00e1gina oficial de la Fiscal\u00eda General de la Naci\u00f3n \u2013 Colombia. Garantizamos el acceso efectivo a la justicia, la verdad y la reparaci\u00f3n de las v\u00edctimas de los delitos.\" \/>\n<meta name=\"robots\" content=\"noindex, follow\" \/>\n<meta property=\"og:locale\" content=\"es_ES\" \/>\n<meta property=\"og:type\" content=\"article\" \/>\n<meta property=\"og:title\" content=\"Fiscal\u00eda General de la Naci\u00f3n\" \/>\n<meta property=\"og:description\" content=\"P\u00e1gina oficial de la Fiscal\u00eda General de la Naci\u00f3n \u2013 Colombia. Garantizamos el acceso efectivo a la justicia, la verdad y la reparaci\u00f3n de las v\u00edctimas de los delitos.\" \/>\n<meta property=\"og:url\" content=\"https:\/\/www.fiscalia.gov.co\/colombia\/noticias\/joven-de-22-anos-privado-de-la-libertad-por-su-presunta-participacion-en-el-homicidio-de-un-hombre-en-el-espinal-tolima\/\" \/>\n<meta property=\"og:site_name\" content=\"Fiscal\u00eda General de la Naci\u00f3n\" \/>\n<meta property=\"article:publisher\" content=\"https:\/\/www.facebook.com\/FiscaliaCol\" \/>\n<meta property=\"article:published_time\" content=\"2024-04-05T14:28:56+00:00\" \/>\n<meta property=\"og:image\" content=\"https:\/\/www.fiscalia.gov.co\/colombia\/wp-content\/uploads\/asegurado-homicidio-espinal-1024x577.jpeg\" \/>\n<meta name=\"author\" content=\"Jordan Leandro Oviedo Anzola\" \/>\n<meta name=\"twitter:card\" content=\"summary_large_image\" \/>\n<meta name=\"twitter:creator\" content=\"@FiscaliaCol\" \/>\n<meta name=\"twitter:site\" content=\"@FiscaliaCol\" \/>\n<meta name=\"twitter:label1\" content=\"Escrito por\" \/>\n\t<meta name=\"twitter:data1\" content=\"Jordan Leandro Oviedo Anzola\" \/>\n\t<meta name=\"twitter:label2\" content=\"Tiempo de lectura\" \/>\n\t<meta name=\"twitter:data2\" content=\"2 minutos\" \/>\n<script type=\"application\/ld+json\" class=\"yoast-schema-graph\">{\"@context\":\"https:\/\/schema.org\",\"@graph\":[{\"@type\":\"Article\",\"@id\":\"https:\/\/www.fiscalia.gov.co\/colombia\/noticias\/joven-de-22-anos-privado-de-la-libertad-por-su-presunta-participacion-en-el-homicidio-de-un-hombre-en-el-espinal-tolima\/#article\",\"isPartOf\":{\"@id\":\"https:\/\/www.fiscalia.gov.co\/colombia\/noticias\/joven-de-22-anos-privado-de-la-libertad-por-su-presunta-participacion-en-el-homicidio-de-un-hombre-en-el-espinal-tolima\/\"},\"author\":{\"name\":\"Jordan Leandro Oviedo Anzola\",\"@id\":\"https:\/\/www.fiscalia.gov.co\/colombia\/#\/schema\/person\/bf84402cf293a5393e9c70b111020b24\"},\"headline\":\"Joven de 22 a\u00f1os privado de la libertad por su presunta participaci\u00f3n en el homicidio de un hombre en El Espinal, Tolima\",\"datePublished\":\"2024-04-05T14:28:56+00:00\",\"dateModified\":\"2024-04-05T14:28:56+00:00\",\"mainEntityOfPage\":{\"@id\":\"https:\/\/www.fiscalia.gov.co\/colombia\/noticias\/joven-de-22-anos-privado-de-la-libertad-por-su-presunta-participacion-en-el-homicidio-de-un-hombre-en-el-espinal-tolima\/\"},\"wordCount\":501,\"publisher\":{\"@id\":\"https:\/\/www.fiscalia.gov.co\/colombia\/#organization\"},\"image\":{\"@id\":\"https:\/\/www.fiscalia.gov.co\/colombia\/noticias\/joven-de-22-anos-privado-de-la-libertad-por-su-presunta-participacion-en-el-homicidio-de-un-hombre-en-el-espinal-tolima\/#primaryimage\"},\"thumbnailUrl\":\"https:\/\/www.fiscalia.gov.co\/colombia\/wp-content\/uploads\/asegurado-homicidio-espinal-1024x577.jpeg\",\"keywords\":[\"apu\u00f1alar\",\"Arma Blanca\",\"CTI\",\"Ej\u00e9rcito\",\"El Espinal\",\"El Espinal Tolima\",\"Fiscal\u00eda General de la Naci\u00f3n\",\"Grupo de Vida\",\"Homicidio\",\"Polic\u00eda Nacional\",\"problemas personales\",\"Seccional Tolima\",\"Seguridad ciudadana\",\"Su\u00e1rez\",\"Tolima\",\"Unidad de Vida\"],\"articleSection\":[\"Noticias\",\"Seccional Ibagu\u00e9\",\"Seccionales\",\"Seguridad territorial\"],\"inLanguage\":\"es-CO\"},{\"@type\":\"WebPage\",\"@id\":\"https:\/\/www.fiscalia.gov.co\/colombia\/noticias\/joven-de-22-anos-privado-de-la-libertad-por-su-presunta-participacion-en-el-homicidio-de-un-hombre-en-el-espinal-tolima\/\",\"url\":\"https:\/\/www.fiscalia.gov.co\/colombia\/noticias\/joven-de-22-anos-privado-de-la-libertad-por-su-presunta-participacion-en-el-homicidio-de-un-hombre-en-el-espinal-tolima\/\",\"name\":\"Fiscal\u00eda General de la Naci\u00f3n\",\"isPartOf\":{\"@id\":\"https:\/\/www.fiscalia.gov.co\/colombia\/#website\"},\"primaryImageOfPage\":{\"@id\":\"https:\/\/www.fiscalia.gov.co\/colombia\/noticias\/joven-de-22-anos-privado-de-la-libertad-por-su-presunta-participacion-en-el-homicidio-de-un-hombre-en-el-espinal-tolima\/#primaryimage\"},\"image\":{\"@id\":\"https:\/\/www.fiscalia.gov.co\/colombia\/noticias\/joven-de-22-anos-privado-de-la-libertad-por-su-presunta-participacion-en-el-homicidio-de-un-hombre-en-el-espinal-tolima\/#primaryimage\"},\"thumbnailUrl\":\"https:\/\/www.fiscalia.gov.co\/colombia\/wp-content\/uploads\/asegurado-homicidio-espinal-1024x577.jpeg\",\"datePublished\":\"2024-04-05T14:28:56+00:00\",\"dateModified\":\"2024-04-05T14:28:56+00:00\",\"description\":\"P\u00e1gina oficial de la Fiscal\u00eda General de la Naci\u00f3n \u2013 Colombia. Garantizamos el acceso efectivo a la justicia, la verdad y la reparaci\u00f3n de las v\u00edctimas de los delitos.\",\"breadcrumb\":{\"@id\":\"https:\/\/www.fiscalia.gov.co\/colombia\/noticias\/joven-de-22-anos-privado-de-la-libertad-por-su-presunta-participacion-en-el-homicidio-de-un-hombre-en-el-espinal-tolima\/#breadcrumb\"},\"inLanguage\":\"es-CO\",\"potentialAction\":[{\"@type\":\"ReadAction\",\"target\":[\"https:\/\/www.fiscalia.gov.co\/colombia\/noticias\/joven-de-22-anos-privado-de-la-libertad-por-su-presunta-participacion-en-el-homicidio-de-un-hombre-en-el-espinal-tolima\/\"]}]},{\"@type\":\"ImageObject\",\"inLanguage\":\"es-CO\",\"@id\":\"https:\/\/www.fiscalia.gov.co\/colombia\/noticias\/joven-de-22-anos-privado-de-la-libertad-por-su-presunta-participacion-en-el-homicidio-de-un-hombre-en-el-espinal-tolima\/#primaryimage\",\"url\":\"https:\/\/www.fiscalia.gov.co\/colombia\/wp-content\/uploads\/asegurado-homicidio-espinal-1024x577.jpeg\",\"contentUrl\":\"https:\/\/www.fiscalia.gov.co\/colombia\/wp-content\/uploads\/asegurado-homicidio-espinal-1024x577.jpeg\"},{\"@type\":\"BreadcrumbList\",\"@id\":\"https:\/\/www.fiscalia.gov.co\/colombia\/noticias\/joven-de-22-anos-privado-de-la-libertad-por-su-presunta-participacion-en-el-homicidio-de-un-hombre-en-el-espinal-tolima\/#breadcrumb\",\"itemListElement\":[{\"@type\":\"ListItem\",\"position\":1,\"name\":\"Home\",\"item\":\"https:\/\/www.fiscalia.gov.co\/colombia\/\"},{\"@type\":\"ListItem\",\"position\":2,\"name\":\"Joven de 22 a\u00f1os privado de la libertad por su presunta participaci\u00f3n en el homicidio de un hombre en El Espinal, Tolima\"}]},{\"@type\":\"WebSite\",\"@id\":\"https:\/\/www.fiscalia.gov.co\/colombia\/#website\",\"url\":\"https:\/\/www.fiscalia.gov.co\/colombia\/\",\"name\":\"Fiscal\u00eda General de la Naci\u00f3n\",\"description\":\"P\u00e1gina oficial de la Fiscal\u00eda General de la Naci\u00f3n \u2013 Colombia. Garantizamos el acceso efectivo a la justicia, la verdad y la reparaci\u00f3n de las v\u00edctimas de los delitos.\",\"publisher\":{\"@id\":\"https:\/\/www.fiscalia.gov.co\/colombia\/#organization\"},\"potentialAction\":[{\"@type\":\"SearchAction\",\"target\":{\"@type\":\"EntryPoint\",\"urlTemplate\":\"https:\/\/www.fiscalia.gov.co\/colombia\/?s={search_term_string}\"},\"query-input\":{\"@type\":\"PropertyValueSpecification\",\"valueRequired\":true,\"valueName\":\"search_term_string\"}}],\"inLanguage\":\"es-CO\"},{\"@type\":\"Organization\",\"@id\":\"https:\/\/www.fiscalia.gov.co\/colombia\/#organization\",\"name\":\"Fiscal\u00eda General de la Naci\u00f3n\",\"url\":\"https:\/\/www.fiscalia.gov.co\/colombia\/\",\"logo\":{\"@type\":\"ImageObject\",\"inLanguage\":\"es-CO\",\"@id\":\"https:\/\/www.fiscalia.gov.co\/colombia\/#\/schema\/logo\/image\/\",\"url\":\"https:\/\/www.fiscalia.gov.co\/colombia\/wp-content\/uploads\/LogoHorizontal_1.jpg\",\"contentUrl\":\"https:\/\/www.fiscalia.gov.co\/colombia\/wp-content\/uploads\/LogoHorizontal_1.jpg\",\"width\":300,\"height\":90,\"caption\":\"Fiscal\u00eda General de la Naci\u00f3n\"},\"image\":{\"@id\":\"https:\/\/www.fiscalia.gov.co\/colombia\/#\/schema\/logo\/image\/\"},\"sameAs\":[\"https:\/\/www.facebook.com\/FiscaliaCol\",\"https:\/\/x.com\/FiscaliaCol\",\"https:\/\/www.instagram.com\/fiscaliacol\",\"https:\/\/www.linkedin.com\/company\/fiscalia-general-de-la-naci-n\/\",\"https:\/\/youtube.com\/@fiscaliageneraldelanacion-4668?si=6nN79nyQICPU5iTh\"]},{\"@type\":\"Person\",\"@id\":\"https:\/\/www.fiscalia.gov.co\/colombia\/#\/schema\/person\/bf84402cf293a5393e9c70b111020b24\",\"name\":\"Jordan Leandro Oviedo Anzola\",\"image\":{\"@type\":\"ImageObject\",\"inLanguage\":\"es-CO\",\"@id\":\"https:\/\/www.fiscalia.gov.co\/colombia\/#\/schema\/person\/image\/\",\"url\":\"https:\/\/secure.gravatar.com\/avatar\/dabba4346fa9b9207d96adafa8f92721?s=96&d=mm&r=g\",\"contentUrl\":\"https:\/\/secure.gravatar.com\/avatar\/dabba4346fa9b9207d96adafa8f92721?s=96&d=mm&r=g\",\"caption\":\"Jordan Leandro Oviedo Anzola\"},\"url\":\"https:\/\/www.fiscalia.gov.co\/colombia\/author\/joviedo\/\"}]}<\/script>\n<!-- \/ Yoast SEO plugin. -->","yoast_head_json":{"title":"Fiscal\u00eda General de la Naci\u00f3n","description":"P\u00e1gina oficial de la Fiscal\u00eda General de la Naci\u00f3n \u2013 Colombia. Garantizamos el acceso efectivo a la justicia, la verdad y la reparaci\u00f3n de las v\u00edctimas de los delitos.","robots":{"index":"noindex","follow":"follow"},"og_locale":"es_ES","og_type":"article","og_title":"Fiscal\u00eda General de la Naci\u00f3n","og_description":"P\u00e1gina oficial de la Fiscal\u00eda General de la Naci\u00f3n \u2013 Colombia. Garantizamos el acceso efectivo a la justicia, la verdad y la reparaci\u00f3n de las v\u00edctimas de los delitos.","og_url":"https:\/\/www.fiscalia.gov.co\/colombia\/noticias\/joven-de-22-anos-privado-de-la-libertad-por-su-presunta-participacion-en-el-homicidio-de-un-hombre-en-el-espinal-tolima\/","og_site_name":"Fiscal\u00eda General de la Naci\u00f3n","article_publisher":"https:\/\/www.facebook.com\/FiscaliaCol","article_published_time":"2024-04-05T14:28:56+00:00","og_image":[{"url":"https:\/\/www.fiscalia.gov.co\/colombia\/wp-content\/uploads\/asegurado-homicidio-espinal-1024x577.jpeg","type":"","width":"","height":""}],"author":"Jordan Leandro Oviedo Anzola","twitter_card":"summary_large_image","twitter_creator":"@FiscaliaCol","twitter_site":"@FiscaliaCol","twitter_misc":{"Escrito por":"Jordan Leandro Oviedo Anzola","Tiempo de lectura":"2 minutos"},"schema":{"@context":"https:\/\/schema.org","@graph":[{"@type":"Article","@id":"https:\/\/www.fiscalia.gov.co\/colombia\/noticias\/joven-de-22-anos-privado-de-la-libertad-por-su-presunta-participacion-en-el-homicidio-de-un-hombre-en-el-espinal-tolima\/#article","isPartOf":{"@id":"https:\/\/www.fiscalia.gov.co\/colombia\/noticias\/joven-de-22-anos-privado-de-la-libertad-por-su-presunta-participacion-en-el-homicidio-de-un-hombre-en-el-espinal-tolima\/"},"author":{"name":"Jordan Leandro Oviedo Anzola","@id":"https:\/\/www.fiscalia.gov.co\/colombia\/#\/schema\/person\/bf84402cf293a5393e9c70b111020b24"},"headline":"Joven de 22 a\u00f1os privado de la libertad por su presunta participaci\u00f3n en el homicidio de un hombre en El Espinal, Tolima","datePublished":"2024-04-05T14:28:56+00:00","dateModified":"2024-04-05T14:28:56+00:00","mainEntityOfPage":{"@id":"https:\/\/www.fiscalia.gov.co\/colombia\/noticias\/joven-de-22-anos-privado-de-la-libertad-por-su-presunta-participacion-en-el-homicidio-de-un-hombre-en-el-espinal-tolima\/"},"wordCount":501,"publisher":{"@id":"https:\/\/www.fiscalia.gov.co\/colombia\/#organization"},"image":{"@id":"https:\/\/www.fiscalia.gov.co\/colombia\/noticias\/joven-de-22-anos-privado-de-la-libertad-por-su-presunta-participacion-en-el-homicidio-de-un-hombre-en-el-espinal-tolima\/#primaryimage"},"thumbnailUrl":"https:\/\/www.fiscalia.gov.co\/colombia\/wp-content\/uploads\/asegurado-homicidio-espinal-1024x577.jpeg","keywords":["apu\u00f1alar","Arma Blanca","CTI","Ej\u00e9rcito","El Espinal","El Espinal Tolima","Fiscal\u00eda General de la Naci\u00f3n","Grupo de Vida","Homicidio","Polic\u00eda Nacional","problemas personales","Seccional Tolima","Seguridad ciudadana","Su\u00e1rez","Tolima","Unidad de Vida"],"articleSection":["Noticias","Seccional Ibagu\u00e9","Seccionales","Seguridad territorial"],"inLanguage":"es-CO"},{"@type":"WebPage","@id":"https:\/\/www.fiscalia.gov.co\/colombia\/noticias\/joven-de-22-anos-privado-de-la-libertad-por-su-presunta-participacion-en-el-homicidio-de-un-hombre-en-el-espinal-tolima\/","url":"https:\/\/www.fiscalia.gov.co\/colombia\/noticias\/joven-de-22-anos-privado-de-la-libertad-por-su-presunta-participacion-en-el-homicidio-de-un-hombre-en-el-espinal-tolima\/","name":"Fiscal\u00eda General de la Naci\u00f3n","isPartOf":{"@id":"https:\/\/www.fiscalia.gov.co\/colombia\/#website"},"primaryImageOfPage":{"@id":"https:\/\/www.fiscalia.gov.co\/colombia\/noticias\/joven-de-22-anos-privado-de-la-libertad-por-su-presunta-participacion-en-el-homicidio-de-un-hombre-en-el-espinal-tolima\/#primaryimage"},"image":{"@id":"https:\/\/www.fiscalia.gov.co\/colombia\/noticias\/joven-de-22-anos-privado-de-la-libertad-por-su-presunta-participacion-en-el-homicidio-de-un-hombre-en-el-espinal-tolima\/#primaryimage"},"thumbnailUrl":"https:\/\/www.fiscalia.gov.co\/colombia\/wp-content\/uploads\/asegurado-homicidio-espinal-1024x577.jpeg","datePublished":"2024-04-05T14:28:56+00:00","dateModified":"2024-04-05T14:28:56+00:00","description":"P\u00e1gina oficial de la Fiscal\u00eda General de la Naci\u00f3n \u2013 Colombia. Garantizamos el acceso efectivo a la justicia, la verdad y la reparaci\u00f3n de las v\u00edctimas de los delitos.","breadcrumb":{"@id":"https:\/\/www.fiscalia.gov.co\/colombia\/noticias\/joven-de-22-anos-privado-de-la-libertad-por-su-presunta-participacion-en-el-homicidio-de-un-hombre-en-el-espinal-tolima\/#breadcrumb"},"inLanguage":"es-CO","potentialAction":[{"@type":"ReadAction","target":["https:\/\/www.fiscalia.gov.co\/colombia\/noticias\/joven-de-22-anos-privado-de-la-libertad-por-su-presunta-participacion-en-el-homicidio-de-un-hombre-en-el-espinal-tolima\/"]}]},{"@type":"ImageObject","inLanguage":"es-CO","@id":"https:\/\/www.fiscalia.gov.co\/colombia\/noticias\/joven-de-22-anos-privado-de-la-libertad-por-su-presunta-participacion-en-el-homicidio-de-un-hombre-en-el-espinal-tolima\/#primaryimage","url":"https:\/\/www.fiscalia.gov.co\/colombia\/wp-content\/uploads\/asegurado-homicidio-espinal-1024x577.jpeg","contentUrl":"https:\/\/www.fiscalia.gov.co\/colombia\/wp-content\/uploads\/asegurado-homicidio-espinal-1024x577.jpeg"},{"@type":"BreadcrumbList","@id":"https:\/\/www.fiscalia.gov.co\/colombia\/noticias\/joven-de-22-anos-privado-de-la-libertad-por-su-presunta-participacion-en-el-homicidio-de-un-hombre-en-el-espinal-tolima\/#breadcrumb","itemListElement":[{"@type":"ListItem","position":1,"name":"Home","item":"https:\/\/www.fiscalia.gov.co\/colombia\/"},{"@type":"ListItem","position":2,"name":"Joven de 22 a\u00f1os privado de la libertad por su presunta participaci\u00f3n en el homicidio de un hombre en El Espinal, Tolima"}]},{"@type":"WebSite","@id":"https:\/\/www.fiscalia.gov.co\/colombia\/#website","url":"https:\/\/www.fiscalia.gov.co\/colombia\/","name":"Fiscal\u00eda General de la Naci\u00f3n","description":"P\u00e1gina oficial de la Fiscal\u00eda General de la Naci\u00f3n \u2013 Colombia. Garantizamos el acceso efectivo a la justicia, la verdad y la reparaci\u00f3n de las v\u00edctimas de los delitos.","publisher":{"@id":"https:\/\/www.fiscalia.gov.co\/colombia\/#organization"},"potentialAction":[{"@type":"SearchAction","target":{"@type":"EntryPoint","urlTemplate":"https:\/\/www.fiscalia.gov.co\/colombia\/?s={search_term_string}"},"query-input":{"@type":"PropertyValueSpecification","valueRequired":true,"valueName":"search_term_string"}}],"inLanguage":"es-CO"},{"@type":"Organization","@id":"https:\/\/www.fiscalia.gov.co\/colombia\/#organization","name":"Fiscal\u00eda General de la Naci\u00f3n","url":"https:\/\/www.fiscalia.gov.co\/colombia\/","logo":{"@type":"ImageObject","inLanguage":"es-CO","@id":"https:\/\/www.fiscalia.gov.co\/colombia\/#\/schema\/logo\/image\/","url":"https:\/\/www.fiscalia.gov.co\/colombia\/wp-content\/uploads\/LogoHorizontal_1.jpg","contentUrl":"https:\/\/www.fiscalia.gov.co\/colombia\/wp-content\/uploads\/LogoHorizontal_1.jpg","width":300,"height":90,"caption":"Fiscal\u00eda General de la Naci\u00f3n"},"image":{"@id":"https:\/\/www.fiscalia.gov.co\/colombia\/#\/schema\/logo\/image\/"},"sameAs":["https:\/\/www.facebook.com\/FiscaliaCol","https:\/\/x.com\/FiscaliaCol","https:\/\/www.instagram.com\/fiscaliacol","https:\/\/www.linkedin.com\/company\/fiscalia-general-de-la-naci-n\/","https:\/\/youtube.com\/@fiscaliageneraldelanacion-4668?si=6nN79nyQICPU5iTh"]},{"@type":"Person","@id":"https:\/\/www.fiscalia.gov.co\/colombia\/#\/schema\/person\/bf84402cf293a5393e9c70b111020b24","name":"Jordan Leandro Oviedo Anzola","image":{"@type":"ImageObject","inLanguage":"es-CO","@id":"https:\/\/www.fiscalia.gov.co\/colombia\/#\/schema\/person\/image\/","url":"https:\/\/secure.gravatar.com\/avatar\/dabba4346fa9b9207d96adafa8f92721?s=96&d=mm&r=g","contentUrl":"https:\/\/secure.gravatar.com\/avatar\/dabba4346fa9b9207d96adafa8f92721?s=96&d=mm&r=g","caption":"Jordan Leandro Oviedo Anzola"},"url":"https:\/\/www.fiscalia.gov.co\/colombia\/author\/joviedo\/"}]}},"_links":{"self":[{"href":"https:\/\/www.fiscalia.gov.co\/colombia\/wp-json\/wp\/v2\/posts\/292309","targetHints":{"allow":["GET"]}}],"collection":[{"href":"https:\/\/www.fiscalia.gov.co\/colombia\/wp-json\/wp\/v2\/posts"}],"about":[{"href":"https:\/\/www.fiscalia.gov.co\/colombia\/wp-json\/wp\/v2\/types\/post"}],"author":[{"embeddable":true,"href":"https:\/\/www.fiscalia.gov.co\/colombia\/wp-json\/wp\/v2\/users\/177"}],"replies":[{"embeddable":true,"href":"https:\/\/www.fiscalia.gov.co\/colombia\/wp-json\/wp\/v2\/comments?post=292309"}],"version-history":[{"count":1,"href":"https:\/\/www.fiscalia.gov.co\/colombia\/wp-json\/wp\/v2\/posts\/292309\/revisions"}],"predecessor-version":[{"id":292313,"href":"https:\/\/www.fiscalia.gov.co\/colombia\/wp-json\/wp\/v2\/posts\/292309\/revisions\/292313"}],"wp:attachment":[{"href":"https:\/\/www.fiscalia.gov.co\/colombia\/wp-json\/wp\/v2\/media?parent=292309"}],"wp:term":[{"taxonomy":"category","embeddable":true,"href":"https:\/\/www.fiscalia.gov.co\/colombia\/wp-json\/wp\/v2\/categories?post=292309"},{"taxonomy":"post_tag","embeddable":true,"href":"https:\/\/www.fiscalia.gov.co\/colombia\/wp-json\/wp\/v2\/tags?post=292309"}],"curies":[{"name":"wp","href":"https:\/\/api.w.org\/{rel}","templated":true}]}}