{"id":292169,"date":"2024-04-03T16:34:04","date_gmt":"2024-04-03T21:34:04","guid":{"rendered":"https:\/\/www.fiscalia.gov.co\/colombia\/?p=292169"},"modified":"2024-04-03T16:34:04","modified_gmt":"2024-04-03T21:34:04","slug":"carcel-para-padrastro-que-habria-abusado-de-una-menor-de-12-anos-en-huila","status":"publish","type":"post","link":"https:\/\/www.fiscalia.gov.co\/colombia\/noticias\/carcel-para-padrastro-que-habria-abusado-de-una-menor-de-12-anos-en-huila\/","title":{"rendered":"C\u00e1rcel para padrastro que habr\u00eda abusado de una menor de 12 a\u00f1os en Huila"},"content":{"rendered":"<p>La Fiscal\u00eda General de la Naci\u00f3n logr\u00f3 que un juez con funciones de control de garant\u00edas impusiera <strong>medida de aseguramiento en centro de reclusi\u00f3n contra un hombre de 37 a\u00f1os, por su presunta responsabilidad en el <a href=\"https:\/\/www.fiscalia.gov.co\/colombia\/noticias\/carcel-para-un-soldado-y-un-profesor-por-su-presunta-responsabilidad-en-delitos-sexuales-contra-menores-de-edad-en-huila\/\">delito de acceso carnal abusivo<\/a> <\/strong>con menor de catorce a\u00f1os agravado en concurso homog\u00e9neo y sucesivo.<\/p>\n<figure id=\"attachment_292170\" aria-describedby=\"caption-attachment-292170\" style=\"width: 696px\" class=\"wp-caption aligncenter\"><img loading=\"lazy\" decoding=\"async\" class=\"size-large wp-image-292170\" src=\"https:\/\/www.fiscalia.gov.co\/colombia\/wp-content\/uploads\/CARCEL-PARA-PADRASTRO-QUE-HABRIA-ABUSADO-DE-UNA-MENOR-DE-12-ANOS-EN-HUILA-1024x932.jpeg\" alt=\"El judicializado se encuentra en custodia junto a dos servidores del Cuerpo T\u00e9cnico de Investigaci\u00f3n CTI Seccional Huila.\" width=\"696\" height=\"633\" srcset=\"https:\/\/www.fiscalia.gov.co\/colombia\/wp-content\/uploads\/CARCEL-PARA-PADRASTRO-QUE-HABRIA-ABUSADO-DE-UNA-MENOR-DE-12-ANOS-EN-HUILA-1024x932.jpeg 1024w, https:\/\/www.fiscalia.gov.co\/colombia\/wp-content\/uploads\/CARCEL-PARA-PADRASTRO-QUE-HABRIA-ABUSADO-DE-UNA-MENOR-DE-12-ANOS-EN-HUILA-300x273.jpeg 300w, https:\/\/www.fiscalia.gov.co\/colombia\/wp-content\/uploads\/CARCEL-PARA-PADRASTRO-QUE-HABRIA-ABUSADO-DE-UNA-MENOR-DE-12-ANOS-EN-HUILA-768x699.jpeg 768w, https:\/\/www.fiscalia.gov.co\/colombia\/wp-content\/uploads\/CARCEL-PARA-PADRASTRO-QUE-HABRIA-ABUSADO-DE-UNA-MENOR-DE-12-ANOS-EN-HUILA-696x633.jpeg 696w, https:\/\/www.fiscalia.gov.co\/colombia\/wp-content\/uploads\/CARCEL-PARA-PADRASTRO-QUE-HABRIA-ABUSADO-DE-UNA-MENOR-DE-12-ANOS-EN-HUILA-1068x972.jpeg 1068w, https:\/\/www.fiscalia.gov.co\/colombia\/wp-content\/uploads\/CARCEL-PARA-PADRASTRO-QUE-HABRIA-ABUSADO-DE-UNA-MENOR-DE-12-ANOS-EN-HUILA-462x420.jpeg 462w, https:\/\/www.fiscalia.gov.co\/colombia\/wp-content\/uploads\/CARCEL-PARA-PADRASTRO-QUE-HABRIA-ABUSADO-DE-UNA-MENOR-DE-12-ANOS-EN-HUILA.jpeg 1400w\" sizes=\"auto, (max-width: 696px) 100vw, 696px\" \/><figcaption id=\"caption-attachment-292170\" class=\"wp-caption-text\">La Fiscal\u00eda les imput\u00f3 el delito de acceso carnal abusivo con menor de catorce a\u00f1os agravado en concurso homog\u00e9neo y sucesivo.<\/figcaption><\/figure>\n<p>De acuerdo con las investigaciones adelantadas, <strong>los hechos ocurrieron entre el 2021 y el presente a\u00f1o, en una vivienda del barrio La Nueva Floresta de Garz\u00f3n (Huila)<\/strong>, donde el hoy procesado, al parecer, habr\u00eda sometido a todo tipo de vej\u00e1menes sexuales a su hijastra de 12 a\u00f1os. <strong>Se presume que los abusos ocurrieron cuando la madre de la v\u00edctima sal\u00eda a trabajar y el hombre la cuidaba.<\/strong><\/p>\n<p>La captura del hoy procesado se efectu\u00f3 mediante orden judicial, por servidores del Cuerpo T\u00e9cnico de Investigaci\u00f3n (CTI) en v\u00eda p\u00fablica de esa localidad el 26 de marzo de este a\u00f1o.<\/p>\n<p>&nbsp;<\/p>\n<p>&nbsp;<\/p>\n<p>&nbsp;<\/p>\n<p>&nbsp;<\/p>\n<p>WAGG\/MG\/EAS\/DFHI\/DSH<\/p>\n<p>&nbsp;<\/p>\n<p>&nbsp;<\/p>\n<p>&nbsp;<\/p>\n<p>&nbsp;<\/p>\n<div class=\"td-post-content tagdiv-type\">\n<p><i>La informaci\u00f3n contenida en este bolet\u00edn de prensa corresponde a la narraci\u00f3n de los hechos noticiosos objetivos, suministrados por los funcionarios encargados de adelantar las investigaciones penales al interior de la Fiscal\u00eda General de la Naci\u00f3n. Para el momento de la divulgaci\u00f3n de este comunicado, la situaci\u00f3n jur\u00eddica de la(s) persona(s) relacionada(s) se encuentra pendiente de resolver por la autoridad judicial competente, siempre bajo los preceptos de la presunci\u00f3n de inocencia, consagrados en el art\u00edculo 29 de la Constituci\u00f3n Pol\u00edtica y el art\u00edculo 7\u00ba de la Ley 906 de 2004.<\/i><\/p>\n<\/div>\n<footer>\n<div class=\"td-post-source-tags\"><\/div>\n<div class=\"td-post-sharing-bottom\"><\/div>\n<\/footer>\n\n<div class=\"twitter-share\"><a href=\"https:\/\/twitter.com\/intent\/tweet?via=fiscaliacol\" class=\"twitter-share-button\">Tweet<\/a><\/div>\n","protected":false},"excerpt":{"rendered":"<p>La Fiscal\u00eda General de la Naci\u00f3n logr\u00f3 que un juez con funciones de control de garant\u00edas impusiera medida de aseguramiento en centro de reclusi\u00f3n contra un hombre de 37 a\u00f1os, por su presunta responsabilidad en el delito de acceso carnal abusivo con menor de catorce a\u00f1os agravado en concurso homog\u00e9neo y sucesivo. De acuerdo con [&hellip;]<\/p>\n","protected":false},"author":177,"featured_media":0,"comment_status":"closed","ping_status":"open","sticky":false,"template":"","format":"standard","meta":{"tdm_status":"","tdm_grid_status":"","footnotes":""},"categories":[1,333,303,24127],"tags":[941,37492,1047,24035,4504,25095,932,23833,24485,2299],"class_list":{"0":"post-292169","1":"post","2":"type-post","3":"status-publish","4":"format-standard","6":"category-noticias","7":"category-seccional-neiva","8":"category-seccionales","9":"category-violencia-sexual-e-intrafamiliar","10":"tag-aseguramiento","11":"tag-fiscal-luz-adriana-camargo","12":"tag-fiscalia-general-de-la-nacion","13":"tag-garzon-huila","14":"tag-genero","15":"tag-judicializado","16":"tag-mensor-de-edad","17":"tag-neiva","18":"tag-seccional-huila","19":"tag-violencia-sexual"},"yoast_head":"<!-- This site is optimized with the Yoast SEO plugin v24.3 - https:\/\/yoast.com\/wordpress\/plugins\/seo\/ -->\n<title>Fiscal\u00eda General de la Naci\u00f3n<\/title>\n<meta name=\"description\" content=\"P\u00e1gina oficial de la Fiscal\u00eda General de la Naci\u00f3n \u2013 Colombia. Garantizamos el acceso efectivo a la justicia, la verdad y la reparaci\u00f3n de las v\u00edctimas de los delitos.\" \/>\n<meta name=\"robots\" content=\"noindex, follow\" \/>\n<meta property=\"og:locale\" content=\"es_ES\" \/>\n<meta property=\"og:type\" content=\"article\" \/>\n<meta property=\"og:title\" content=\"Fiscal\u00eda General de la Naci\u00f3n\" \/>\n<meta property=\"og:description\" content=\"P\u00e1gina oficial de la Fiscal\u00eda General de la Naci\u00f3n \u2013 Colombia. Garantizamos el acceso efectivo a la justicia, la verdad y la reparaci\u00f3n de las v\u00edctimas de los delitos.\" \/>\n<meta property=\"og:url\" content=\"https:\/\/www.fiscalia.gov.co\/colombia\/noticias\/carcel-para-padrastro-que-habria-abusado-de-una-menor-de-12-anos-en-huila\/\" \/>\n<meta property=\"og:site_name\" content=\"Fiscal\u00eda General de la Naci\u00f3n\" \/>\n<meta property=\"article:publisher\" content=\"https:\/\/www.facebook.com\/FiscaliaCol\" \/>\n<meta property=\"article:published_time\" content=\"2024-04-03T21:34:04+00:00\" \/>\n<meta property=\"og:image\" content=\"https:\/\/www.fiscalia.gov.co\/colombia\/wp-content\/uploads\/CARCEL-PARA-PADRASTRO-QUE-HABRIA-ABUSADO-DE-UNA-MENOR-DE-12-ANOS-EN-HUILA-1024x932.jpeg\" \/>\n<meta name=\"author\" content=\"Jordan Leandro Oviedo Anzola\" \/>\n<meta name=\"twitter:card\" content=\"summary_large_image\" \/>\n<meta name=\"twitter:creator\" content=\"@FiscaliaCol\" \/>\n<meta name=\"twitter:site\" content=\"@FiscaliaCol\" \/>\n<meta name=\"twitter:label1\" content=\"Escrito por\" \/>\n\t<meta name=\"twitter:data1\" content=\"Jordan Leandro Oviedo Anzola\" \/>\n\t<meta name=\"twitter:label2\" content=\"Tiempo de lectura\" \/>\n\t<meta name=\"twitter:data2\" content=\"2 minutos\" \/>\n<script type=\"application\/ld+json\" class=\"yoast-schema-graph\">{\"@context\":\"https:\/\/schema.org\",\"@graph\":[{\"@type\":\"Article\",\"@id\":\"https:\/\/www.fiscalia.gov.co\/colombia\/noticias\/carcel-para-padrastro-que-habria-abusado-de-una-menor-de-12-anos-en-huila\/#article\",\"isPartOf\":{\"@id\":\"https:\/\/www.fiscalia.gov.co\/colombia\/noticias\/carcel-para-padrastro-que-habria-abusado-de-una-menor-de-12-anos-en-huila\/\"},\"author\":{\"name\":\"Jordan Leandro Oviedo Anzola\",\"@id\":\"https:\/\/www.fiscalia.gov.co\/colombia\/#\/schema\/person\/bf84402cf293a5393e9c70b111020b24\"},\"headline\":\"C\u00e1rcel para padrastro que habr\u00eda abusado de una menor de 12 a\u00f1os en Huila\",\"datePublished\":\"2024-04-03T21:34:04+00:00\",\"dateModified\":\"2024-04-03T21:34:04+00:00\",\"mainEntityOfPage\":{\"@id\":\"https:\/\/www.fiscalia.gov.co\/colombia\/noticias\/carcel-para-padrastro-que-habria-abusado-de-una-menor-de-12-anos-en-huila\/\"},\"wordCount\":327,\"publisher\":{\"@id\":\"https:\/\/www.fiscalia.gov.co\/colombia\/#organization\"},\"image\":{\"@id\":\"https:\/\/www.fiscalia.gov.co\/colombia\/noticias\/carcel-para-padrastro-que-habria-abusado-de-una-menor-de-12-anos-en-huila\/#primaryimage\"},\"thumbnailUrl\":\"https:\/\/www.fiscalia.gov.co\/colombia\/wp-content\/uploads\/CARCEL-PARA-PADRASTRO-QUE-HABRIA-ABUSADO-DE-UNA-MENOR-DE-12-ANOS-EN-HUILA-1024x932.jpeg\",\"keywords\":[\"Aseguramiento\",\"Fiscal Luz Adriana Camargo\",\"Fiscal\u00eda General de la Naci\u00f3n\",\"Garz\u00f3n (Huila)\",\"G\u00e9nero\",\"judicializado\",\"Menor de edad\",\"Neiva\",\"Seccional Huila\",\"Violencia sexual\"],\"articleSection\":[\"Noticias\",\"Seccional Neiva\",\"Seccionales\",\"Violencia sexual e intrafamiliar\"],\"inLanguage\":\"es-CO\"},{\"@type\":\"WebPage\",\"@id\":\"https:\/\/www.fiscalia.gov.co\/colombia\/noticias\/carcel-para-padrastro-que-habria-abusado-de-una-menor-de-12-anos-en-huila\/\",\"url\":\"https:\/\/www.fiscalia.gov.co\/colombia\/noticias\/carcel-para-padrastro-que-habria-abusado-de-una-menor-de-12-anos-en-huila\/\",\"name\":\"Fiscal\u00eda General de la Naci\u00f3n\",\"isPartOf\":{\"@id\":\"https:\/\/www.fiscalia.gov.co\/colombia\/#website\"},\"primaryImageOfPage\":{\"@id\":\"https:\/\/www.fiscalia.gov.co\/colombia\/noticias\/carcel-para-padrastro-que-habria-abusado-de-una-menor-de-12-anos-en-huila\/#primaryimage\"},\"image\":{\"@id\":\"https:\/\/www.fiscalia.gov.co\/colombia\/noticias\/carcel-para-padrastro-que-habria-abusado-de-una-menor-de-12-anos-en-huila\/#primaryimage\"},\"thumbnailUrl\":\"https:\/\/www.fiscalia.gov.co\/colombia\/wp-content\/uploads\/CARCEL-PARA-PADRASTRO-QUE-HABRIA-ABUSADO-DE-UNA-MENOR-DE-12-ANOS-EN-HUILA-1024x932.jpeg\",\"datePublished\":\"2024-04-03T21:34:04+00:00\",\"dateModified\":\"2024-04-03T21:34:04+00:00\",\"description\":\"P\u00e1gina oficial de la Fiscal\u00eda General de la Naci\u00f3n \u2013 Colombia. Garantizamos el acceso efectivo a la justicia, la verdad y la reparaci\u00f3n de las v\u00edctimas de los delitos.\",\"breadcrumb\":{\"@id\":\"https:\/\/www.fiscalia.gov.co\/colombia\/noticias\/carcel-para-padrastro-que-habria-abusado-de-una-menor-de-12-anos-en-huila\/#breadcrumb\"},\"inLanguage\":\"es-CO\",\"potentialAction\":[{\"@type\":\"ReadAction\",\"target\":[\"https:\/\/www.fiscalia.gov.co\/colombia\/noticias\/carcel-para-padrastro-que-habria-abusado-de-una-menor-de-12-anos-en-huila\/\"]}]},{\"@type\":\"ImageObject\",\"inLanguage\":\"es-CO\",\"@id\":\"https:\/\/www.fiscalia.gov.co\/colombia\/noticias\/carcel-para-padrastro-que-habria-abusado-de-una-menor-de-12-anos-en-huila\/#primaryimage\",\"url\":\"https:\/\/www.fiscalia.gov.co\/colombia\/wp-content\/uploads\/CARCEL-PARA-PADRASTRO-QUE-HABRIA-ABUSADO-DE-UNA-MENOR-DE-12-ANOS-EN-HUILA-1024x932.jpeg\",\"contentUrl\":\"https:\/\/www.fiscalia.gov.co\/colombia\/wp-content\/uploads\/CARCEL-PARA-PADRASTRO-QUE-HABRIA-ABUSADO-DE-UNA-MENOR-DE-12-ANOS-EN-HUILA-1024x932.jpeg\"},{\"@type\":\"BreadcrumbList\",\"@id\":\"https:\/\/www.fiscalia.gov.co\/colombia\/noticias\/carcel-para-padrastro-que-habria-abusado-de-una-menor-de-12-anos-en-huila\/#breadcrumb\",\"itemListElement\":[{\"@type\":\"ListItem\",\"position\":1,\"name\":\"Home\",\"item\":\"https:\/\/www.fiscalia.gov.co\/colombia\/\"},{\"@type\":\"ListItem\",\"position\":2,\"name\":\"C\u00e1rcel para padrastro que habr\u00eda abusado de una menor de 12 a\u00f1os en Huila\"}]},{\"@type\":\"WebSite\",\"@id\":\"https:\/\/www.fiscalia.gov.co\/colombia\/#website\",\"url\":\"https:\/\/www.fiscalia.gov.co\/colombia\/\",\"name\":\"Fiscal\u00eda General de la Naci\u00f3n\",\"description\":\"P\u00e1gina oficial de la Fiscal\u00eda General de la Naci\u00f3n \u2013 Colombia. Garantizamos el acceso efectivo a la justicia, la verdad y la reparaci\u00f3n de las v\u00edctimas de los delitos.\",\"publisher\":{\"@id\":\"https:\/\/www.fiscalia.gov.co\/colombia\/#organization\"},\"potentialAction\":[{\"@type\":\"SearchAction\",\"target\":{\"@type\":\"EntryPoint\",\"urlTemplate\":\"https:\/\/www.fiscalia.gov.co\/colombia\/?s={search_term_string}\"},\"query-input\":{\"@type\":\"PropertyValueSpecification\",\"valueRequired\":true,\"valueName\":\"search_term_string\"}}],\"inLanguage\":\"es-CO\"},{\"@type\":\"Organization\",\"@id\":\"https:\/\/www.fiscalia.gov.co\/colombia\/#organization\",\"name\":\"Fiscal\u00eda General de la Naci\u00f3n\",\"url\":\"https:\/\/www.fiscalia.gov.co\/colombia\/\",\"logo\":{\"@type\":\"ImageObject\",\"inLanguage\":\"es-CO\",\"@id\":\"https:\/\/www.fiscalia.gov.co\/colombia\/#\/schema\/logo\/image\/\",\"url\":\"https:\/\/www.fiscalia.gov.co\/colombia\/wp-content\/uploads\/LogoHorizontal_1.jpg\",\"contentUrl\":\"https:\/\/www.fiscalia.gov.co\/colombia\/wp-content\/uploads\/LogoHorizontal_1.jpg\",\"width\":300,\"height\":90,\"caption\":\"Fiscal\u00eda General de la Naci\u00f3n\"},\"image\":{\"@id\":\"https:\/\/www.fiscalia.gov.co\/colombia\/#\/schema\/logo\/image\/\"},\"sameAs\":[\"https:\/\/www.facebook.com\/FiscaliaCol\",\"https:\/\/x.com\/FiscaliaCol\",\"https:\/\/www.instagram.com\/fiscaliacol\",\"https:\/\/www.linkedin.com\/company\/fiscalia-general-de-la-naci-n\/\",\"https:\/\/youtube.com\/@fiscaliageneraldelanacion-4668?si=6nN79nyQICPU5iTh\"]},{\"@type\":\"Person\",\"@id\":\"https:\/\/www.fiscalia.gov.co\/colombia\/#\/schema\/person\/bf84402cf293a5393e9c70b111020b24\",\"name\":\"Jordan Leandro Oviedo Anzola\",\"image\":{\"@type\":\"ImageObject\",\"inLanguage\":\"es-CO\",\"@id\":\"https:\/\/www.fiscalia.gov.co\/colombia\/#\/schema\/person\/image\/\",\"url\":\"https:\/\/secure.gravatar.com\/avatar\/dabba4346fa9b9207d96adafa8f92721?s=96&d=mm&r=g\",\"contentUrl\":\"https:\/\/secure.gravatar.com\/avatar\/dabba4346fa9b9207d96adafa8f92721?s=96&d=mm&r=g\",\"caption\":\"Jordan Leandro Oviedo Anzola\"},\"url\":\"https:\/\/www.fiscalia.gov.co\/colombia\/author\/joviedo\/\"}]}<\/script>\n<!-- \/ Yoast SEO plugin. -->","yoast_head_json":{"title":"Fiscal\u00eda General de la Naci\u00f3n","description":"P\u00e1gina oficial de la Fiscal\u00eda General de la Naci\u00f3n \u2013 Colombia. Garantizamos el acceso efectivo a la justicia, la verdad y la reparaci\u00f3n de las v\u00edctimas de los delitos.","robots":{"index":"noindex","follow":"follow"},"og_locale":"es_ES","og_type":"article","og_title":"Fiscal\u00eda General de la Naci\u00f3n","og_description":"P\u00e1gina oficial de la Fiscal\u00eda General de la Naci\u00f3n \u2013 Colombia. Garantizamos el acceso efectivo a la justicia, la verdad y la reparaci\u00f3n de las v\u00edctimas de los delitos.","og_url":"https:\/\/www.fiscalia.gov.co\/colombia\/noticias\/carcel-para-padrastro-que-habria-abusado-de-una-menor-de-12-anos-en-huila\/","og_site_name":"Fiscal\u00eda General de la Naci\u00f3n","article_publisher":"https:\/\/www.facebook.com\/FiscaliaCol","article_published_time":"2024-04-03T21:34:04+00:00","og_image":[{"url":"https:\/\/www.fiscalia.gov.co\/colombia\/wp-content\/uploads\/CARCEL-PARA-PADRASTRO-QUE-HABRIA-ABUSADO-DE-UNA-MENOR-DE-12-ANOS-EN-HUILA-1024x932.jpeg","type":"","width":"","height":""}],"author":"Jordan Leandro Oviedo Anzola","twitter_card":"summary_large_image","twitter_creator":"@FiscaliaCol","twitter_site":"@FiscaliaCol","twitter_misc":{"Escrito por":"Jordan Leandro Oviedo Anzola","Tiempo de lectura":"2 minutos"},"schema":{"@context":"https:\/\/schema.org","@graph":[{"@type":"Article","@id":"https:\/\/www.fiscalia.gov.co\/colombia\/noticias\/carcel-para-padrastro-que-habria-abusado-de-una-menor-de-12-anos-en-huila\/#article","isPartOf":{"@id":"https:\/\/www.fiscalia.gov.co\/colombia\/noticias\/carcel-para-padrastro-que-habria-abusado-de-una-menor-de-12-anos-en-huila\/"},"author":{"name":"Jordan Leandro Oviedo Anzola","@id":"https:\/\/www.fiscalia.gov.co\/colombia\/#\/schema\/person\/bf84402cf293a5393e9c70b111020b24"},"headline":"C\u00e1rcel para padrastro que habr\u00eda abusado de una menor de 12 a\u00f1os en Huila","datePublished":"2024-04-03T21:34:04+00:00","dateModified":"2024-04-03T21:34:04+00:00","mainEntityOfPage":{"@id":"https:\/\/www.fiscalia.gov.co\/colombia\/noticias\/carcel-para-padrastro-que-habria-abusado-de-una-menor-de-12-anos-en-huila\/"},"wordCount":327,"publisher":{"@id":"https:\/\/www.fiscalia.gov.co\/colombia\/#organization"},"image":{"@id":"https:\/\/www.fiscalia.gov.co\/colombia\/noticias\/carcel-para-padrastro-que-habria-abusado-de-una-menor-de-12-anos-en-huila\/#primaryimage"},"thumbnailUrl":"https:\/\/www.fiscalia.gov.co\/colombia\/wp-content\/uploads\/CARCEL-PARA-PADRASTRO-QUE-HABRIA-ABUSADO-DE-UNA-MENOR-DE-12-ANOS-EN-HUILA-1024x932.jpeg","keywords":["Aseguramiento","Fiscal Luz Adriana Camargo","Fiscal\u00eda General de la Naci\u00f3n","Garz\u00f3n (Huila)","G\u00e9nero","judicializado","Menor de edad","Neiva","Seccional Huila","Violencia sexual"],"articleSection":["Noticias","Seccional Neiva","Seccionales","Violencia sexual e intrafamiliar"],"inLanguage":"es-CO"},{"@type":"WebPage","@id":"https:\/\/www.fiscalia.gov.co\/colombia\/noticias\/carcel-para-padrastro-que-habria-abusado-de-una-menor-de-12-anos-en-huila\/","url":"https:\/\/www.fiscalia.gov.co\/colombia\/noticias\/carcel-para-padrastro-que-habria-abusado-de-una-menor-de-12-anos-en-huila\/","name":"Fiscal\u00eda General de la Naci\u00f3n","isPartOf":{"@id":"https:\/\/www.fiscalia.gov.co\/colombia\/#website"},"primaryImageOfPage":{"@id":"https:\/\/www.fiscalia.gov.co\/colombia\/noticias\/carcel-para-padrastro-que-habria-abusado-de-una-menor-de-12-anos-en-huila\/#primaryimage"},"image":{"@id":"https:\/\/www.fiscalia.gov.co\/colombia\/noticias\/carcel-para-padrastro-que-habria-abusado-de-una-menor-de-12-anos-en-huila\/#primaryimage"},"thumbnailUrl":"https:\/\/www.fiscalia.gov.co\/colombia\/wp-content\/uploads\/CARCEL-PARA-PADRASTRO-QUE-HABRIA-ABUSADO-DE-UNA-MENOR-DE-12-ANOS-EN-HUILA-1024x932.jpeg","datePublished":"2024-04-03T21:34:04+00:00","dateModified":"2024-04-03T21:34:04+00:00","description":"P\u00e1gina oficial de la Fiscal\u00eda General de la Naci\u00f3n \u2013 Colombia. Garantizamos el acceso efectivo a la justicia, la verdad y la reparaci\u00f3n de las v\u00edctimas de los delitos.","breadcrumb":{"@id":"https:\/\/www.fiscalia.gov.co\/colombia\/noticias\/carcel-para-padrastro-que-habria-abusado-de-una-menor-de-12-anos-en-huila\/#breadcrumb"},"inLanguage":"es-CO","potentialAction":[{"@type":"ReadAction","target":["https:\/\/www.fiscalia.gov.co\/colombia\/noticias\/carcel-para-padrastro-que-habria-abusado-de-una-menor-de-12-anos-en-huila\/"]}]},{"@type":"ImageObject","inLanguage":"es-CO","@id":"https:\/\/www.fiscalia.gov.co\/colombia\/noticias\/carcel-para-padrastro-que-habria-abusado-de-una-menor-de-12-anos-en-huila\/#primaryimage","url":"https:\/\/www.fiscalia.gov.co\/colombia\/wp-content\/uploads\/CARCEL-PARA-PADRASTRO-QUE-HABRIA-ABUSADO-DE-UNA-MENOR-DE-12-ANOS-EN-HUILA-1024x932.jpeg","contentUrl":"https:\/\/www.fiscalia.gov.co\/colombia\/wp-content\/uploads\/CARCEL-PARA-PADRASTRO-QUE-HABRIA-ABUSADO-DE-UNA-MENOR-DE-12-ANOS-EN-HUILA-1024x932.jpeg"},{"@type":"BreadcrumbList","@id":"https:\/\/www.fiscalia.gov.co\/colombia\/noticias\/carcel-para-padrastro-que-habria-abusado-de-una-menor-de-12-anos-en-huila\/#breadcrumb","itemListElement":[{"@type":"ListItem","position":1,"name":"Home","item":"https:\/\/www.fiscalia.gov.co\/colombia\/"},{"@type":"ListItem","position":2,"name":"C\u00e1rcel para padrastro que habr\u00eda abusado de una menor de 12 a\u00f1os en Huila"}]},{"@type":"WebSite","@id":"https:\/\/www.fiscalia.gov.co\/colombia\/#website","url":"https:\/\/www.fiscalia.gov.co\/colombia\/","name":"Fiscal\u00eda General de la Naci\u00f3n","description":"P\u00e1gina oficial de la Fiscal\u00eda General de la Naci\u00f3n \u2013 Colombia. Garantizamos el acceso efectivo a la justicia, la verdad y la reparaci\u00f3n de las v\u00edctimas de los delitos.","publisher":{"@id":"https:\/\/www.fiscalia.gov.co\/colombia\/#organization"},"potentialAction":[{"@type":"SearchAction","target":{"@type":"EntryPoint","urlTemplate":"https:\/\/www.fiscalia.gov.co\/colombia\/?s={search_term_string}"},"query-input":{"@type":"PropertyValueSpecification","valueRequired":true,"valueName":"search_term_string"}}],"inLanguage":"es-CO"},{"@type":"Organization","@id":"https:\/\/www.fiscalia.gov.co\/colombia\/#organization","name":"Fiscal\u00eda General de la Naci\u00f3n","url":"https:\/\/www.fiscalia.gov.co\/colombia\/","logo":{"@type":"ImageObject","inLanguage":"es-CO","@id":"https:\/\/www.fiscalia.gov.co\/colombia\/#\/schema\/logo\/image\/","url":"https:\/\/www.fiscalia.gov.co\/colombia\/wp-content\/uploads\/LogoHorizontal_1.jpg","contentUrl":"https:\/\/www.fiscalia.gov.co\/colombia\/wp-content\/uploads\/LogoHorizontal_1.jpg","width":300,"height":90,"caption":"Fiscal\u00eda General de la Naci\u00f3n"},"image":{"@id":"https:\/\/www.fiscalia.gov.co\/colombia\/#\/schema\/logo\/image\/"},"sameAs":["https:\/\/www.facebook.com\/FiscaliaCol","https:\/\/x.com\/FiscaliaCol","https:\/\/www.instagram.com\/fiscaliacol","https:\/\/www.linkedin.com\/company\/fiscalia-general-de-la-naci-n\/","https:\/\/youtube.com\/@fiscaliageneraldelanacion-4668?si=6nN79nyQICPU5iTh"]},{"@type":"Person","@id":"https:\/\/www.fiscalia.gov.co\/colombia\/#\/schema\/person\/bf84402cf293a5393e9c70b111020b24","name":"Jordan Leandro Oviedo Anzola","image":{"@type":"ImageObject","inLanguage":"es-CO","@id":"https:\/\/www.fiscalia.gov.co\/colombia\/#\/schema\/person\/image\/","url":"https:\/\/secure.gravatar.com\/avatar\/dabba4346fa9b9207d96adafa8f92721?s=96&d=mm&r=g","contentUrl":"https:\/\/secure.gravatar.com\/avatar\/dabba4346fa9b9207d96adafa8f92721?s=96&d=mm&r=g","caption":"Jordan Leandro Oviedo Anzola"},"url":"https:\/\/www.fiscalia.gov.co\/colombia\/author\/joviedo\/"}]}},"_links":{"self":[{"href":"https:\/\/www.fiscalia.gov.co\/colombia\/wp-json\/wp\/v2\/posts\/292169","targetHints":{"allow":["GET"]}}],"collection":[{"href":"https:\/\/www.fiscalia.gov.co\/colombia\/wp-json\/wp\/v2\/posts"}],"about":[{"href":"https:\/\/www.fiscalia.gov.co\/colombia\/wp-json\/wp\/v2\/types\/post"}],"author":[{"embeddable":true,"href":"https:\/\/www.fiscalia.gov.co\/colombia\/wp-json\/wp\/v2\/users\/177"}],"replies":[{"embeddable":true,"href":"https:\/\/www.fiscalia.gov.co\/colombia\/wp-json\/wp\/v2\/comments?post=292169"}],"version-history":[{"count":1,"href":"https:\/\/www.fiscalia.gov.co\/colombia\/wp-json\/wp\/v2\/posts\/292169\/revisions"}],"predecessor-version":[{"id":292171,"href":"https:\/\/www.fiscalia.gov.co\/colombia\/wp-json\/wp\/v2\/posts\/292169\/revisions\/292171"}],"wp:attachment":[{"href":"https:\/\/www.fiscalia.gov.co\/colombia\/wp-json\/wp\/v2\/media?parent=292169"}],"wp:term":[{"taxonomy":"category","embeddable":true,"href":"https:\/\/www.fiscalia.gov.co\/colombia\/wp-json\/wp\/v2\/categories?post=292169"},{"taxonomy":"post_tag","embeddable":true,"href":"https:\/\/www.fiscalia.gov.co\/colombia\/wp-json\/wp\/v2\/tags?post=292169"}],"curies":[{"name":"wp","href":"https:\/\/api.w.org\/{rel}","templated":true}]}}